{"id":1231,"date":"2022-09-04T18:51:56","date_gmt":"2022-09-04T16:51:56","guid":{"rendered":"https:\/\/www.public.sn\/?p=1231"},"modified":"2022-09-04T19:03:51","modified_gmt":"2022-09-04T17:03:51","slug":"suivez-lentretien-exclusif-avec-le-ministre-serigne-mbacke-ndiaye-public-tv","status":"publish","type":"post","link":"https:\/\/www.public.sn\/index.php\/2022\/09\/04\/suivez-lentretien-exclusif-avec-le-ministre-serigne-mbacke-ndiaye-public-tv\/","title":{"rendered":"Suivez l\u2019entretien exclusif avec le ministre Serigne Mback\u00e9 Ndiaye &#8211; Public TV."},"content":{"rendered":"\n<p><strong>Dans cet entretien avec Public sn, Monsieur S\u00e9rigne Mback\u00e9 Ndiaye l\u2019ancien et porte-parole du gouvernement sous Wade aborde des questions essentielles li\u00e9es \u00e0 l\u2019Actualit\u00e9.<\/strong><\/p><div class=\"publi-paragraphe1\" style=\"margin-top: 10px;margin-bottom: 10px;margin-left: auto;margin-right: auto;text-align: center;\" id=\"publi-2386508251\"><div class=\"publi-adlabel\">Publicit\u00e9<\/div><script async src=\"\/\/pagead2.googlesyndication.com\/pagead\/js\/adsbygoogle.js?client=ca-pub-4089586018074219\" crossorigin=\"anonymous\"><\/script><ins class=\"adsbygoogle\" style=\"display:block;\" data-ad-client=\"ca-pub-4089586018074219\" \ndata-ad-slot=\"2087940154\" \ndata-ad-format=\"auto\"><\/ins>\n<script> \n(adsbygoogle = window.adsbygoogle || []).push({}); \n<\/script>\n<\/div>\n\n\n\n<p>Il s\u2019est agi de revenir sur: <em>La Nomination de Mamadou Badio Camara \u00e0 la Pr\u00e9sidence du Conseil Constitutionnel, la Pr\u00e9sidence de l\u2019Assembl\u00e9e nationale, le Futur Gouvernement et le retour du poste de premier ministre, l\u2019Affaire Bamba Dieng, la question du troisi\u00e8me mandat entre autres.<\/em> <\/p>\n\n\n\n<p>Des questions phares \u00e0 d\u00e9battre avec le Ministre qui n\u2019a pas manqu\u00e9 \u00e0 tout r\u00e9pondre.<\/p>\n\n\n\n<p>Regardez !<\/p>\n\n\n\n<figure class=\"wp-block-embed is-type-video is-provider-youtube wp-block-embed-youtube wp-embed-aspect-16-9 wp-has-aspect-ratio\"><div class=\"wp-block-embed__wrapper\">\n<p class=\"responsive-video-wrap clr\"><iframe title=\"Serigne Mback\u00e9 Ndiaye sur le 3\u00e8me mandat, Pr\u00e9sident de l\u2019assembl\u00e9e nationale, PM, Aff. Bamba Dieng\" width=\"1200\" height=\"675\" src=\"https:\/\/www.youtube.com\/embed\/qgqRuBS9mnU?feature=oembed\" frameborder=\"0\" allow=\"accelerometer; autoplay; clipboard-write; encrypted-media; gyroscope; picture-in-picture\" allowfullscreen><\/iframe><\/p>\n<\/div><\/figure>\n<div class=\"publi-apres-le-contenu\" style=\"margin-top: 10px;margin-bottom: 10px;margin-left: auto;margin-right: auto;text-align: center;\" id=\"publi-820711973\"><div class=\"publi-adlabel\">Publicit\u00e9<\/div><script async src=\"\/\/pagead2.googlesyndication.com\/pagead\/js\/adsbygoogle.js?client=ca-pub-4089586018074219\" crossorigin=\"anonymous\"><\/script><ins class=\"adsbygoogle\" style=\"display:block;\" data-ad-client=\"ca-pub-4089586018074219\" \ndata-ad-slot=\"2087940154\" \ndata-ad-format=\"auto\"><\/ins>\n<script> \n(adsbygoogle = window.adsbygoogle || []).push({}); \n<\/script>\n<\/div>","protected":false},"excerpt":{"rendered":"<p>Dans cet entretien avec Public sn, Monsieur S\u00e9rigne Mback\u00e9 Ndiaye l\u2019ancien et porte-parole du gouvernement sous Wade aborde des questions essentielles li\u00e9es \u00e0 l\u2019Actualit\u00e9. Il s\u2019est agi de revenir sur: La Nomination de Mamadou Badio Camara \u00e0 la Pr\u00e9sidence du Conseil Constitutionnel, la Pr\u00e9sidence de l\u2019Assembl\u00e9e nationale, le Futur Gouvernement et le retour du poste de premier ministre, l\u2019Affaire Bamba Dieng, la question du troisi\u00e8me mandat entre autres. Des questions phares \u00e0 d\u00e9battre avec le Ministre qui n\u2019a pas manqu\u00e9 \u00e0 tout r\u00e9pondre. Regardez !<\/p>\n","protected":false},"author":1,"featured_media":1232,"comment_status":"open","ping_status":"open","sticky":false,"template":"","format":"standard","meta":{"_jetpack_memberships_contains_paid_content":false,"footnotes":""},"categories":[375,3,8,376,6],"tags":[295,12,11,16,500],"class_list":["post-1231","post","type-post","status-publish","format-standard","has-post-thumbnail","hentry","category-actualites","category-politique","category-public-tv","category-securite-justice","category-videos","tag-3eme-mandat","tag-assemblee-nationale","tag-macky-sall","tag-ousmane-sonko","tag-serigne-mbacke-ndiaye","entry","has-media","owp-thumbs-layout-horizontal","owp-btn-normal","owp-tabs-layout-horizontal","has-no-thumbnails","has-product-nav"],"yoast_head":"<!-- This site is optimized with the Yoast SEO plugin v25.5 - https:\/\/yoast.com\/wordpress\/plugins\/seo\/ -->\n<title>Suivez l\u2019entretien exclusif avec le ministre Serigne Mback\u00e9 Ndiaye - Public TV. - LE PUBLIC<\/title>\n<meta name=\"robots\" content=\"index, follow, max-snippet:-1, max-image-preview:large, max-video-preview:-1\" \/>\n<link rel=\"canonical\" href=\"https:\/\/www.public.sn\/index.php\/2022\/09\/04\/suivez-lentretien-exclusif-avec-le-ministre-serigne-mbacke-ndiaye-public-tv\/\" \/>\n<meta property=\"og:locale\" content=\"fr_FR\" \/>\n<meta property=\"og:type\" content=\"article\" \/>\n<meta property=\"og:title\" content=\"Suivez l\u2019entretien exclusif avec le ministre Serigne Mback\u00e9 Ndiaye - Public TV. - LE PUBLIC\" \/>\n<meta property=\"og:description\" content=\"Dans cet entretien avec Public sn, Monsieur S\u00e9rigne Mback\u00e9 Ndiaye l\u2019ancien et porte-parole du gouvernement sous Wade aborde des questions essentielles li\u00e9es \u00e0 l\u2019Actualit\u00e9. Il s\u2019est agi de revenir sur: La Nomination de Mamadou Badio Camara \u00e0 la Pr\u00e9sidence du Conseil Constitutionnel, la Pr\u00e9sidence de l\u2019Assembl\u00e9e nationale, le Futur Gouvernement et le retour du poste de premier ministre, l\u2019Affaire Bamba Dieng, la question du troisi\u00e8me mandat entre autres. Des questions phares \u00e0 d\u00e9battre avec le Ministre qui n\u2019a pas manqu\u00e9 \u00e0 tout r\u00e9pondre. Regardez !\" \/>\n<meta property=\"og:url\" content=\"https:\/\/www.public.sn\/index.php\/2022\/09\/04\/suivez-lentretien-exclusif-avec-le-ministre-serigne-mbacke-ndiaye-public-tv\/\" \/>\n<meta property=\"og:site_name\" content=\"LE PUBLIC\" \/>\n<meta property=\"article:published_time\" content=\"2022-09-04T16:51:56+00:00\" \/>\n<meta property=\"article:modified_time\" content=\"2022-09-04T17:03:51+00:00\" \/>\n<meta property=\"og:image\" content=\"https:\/\/www.public.sn\/wp-content\/uploads\/2022\/09\/D38421EB-41C5-4A6D-9BDA-F3237FBB0285.jpeg\" \/>\n\t<meta property=\"og:image:width\" content=\"612\" \/>\n\t<meta property=\"og:image:height\" content=\"298\" \/>\n\t<meta property=\"og:image:type\" content=\"image\/jpeg\" \/>\n<meta name=\"author\" content=\"LA REDACTION\" \/>\n<meta name=\"twitter:card\" content=\"summary_large_image\" \/>\n<meta name=\"twitter:label1\" content=\"\u00c9crit par\" \/>\n\t<meta name=\"twitter:data1\" content=\"LA REDACTION\" \/>\n\t<meta name=\"twitter:label2\" content=\"Dur\u00e9e de lecture estim\u00e9e\" \/>\n\t<meta name=\"twitter:data2\" content=\"1 minute\" \/>\n<script type=\"application\/ld+json\" class=\"yoast-schema-graph\">{\"@context\":\"https:\/\/schema.org\",\"@graph\":[{\"@type\":\"Article\",\"@id\":\"https:\/\/www.public.sn\/index.php\/2022\/09\/04\/suivez-lentretien-exclusif-avec-le-ministre-serigne-mbacke-ndiaye-public-tv\/#article\",\"isPartOf\":{\"@id\":\"https:\/\/www.public.sn\/index.php\/2022\/09\/04\/suivez-lentretien-exclusif-avec-le-ministre-serigne-mbacke-ndiaye-public-tv\/\"},\"author\":{\"name\":\"LA REDACTION\",\"@id\":\"https:\/\/www.public.sn\/#\/schema\/person\/e3f4a11b037d4203902db148f9bc8d5a\"},\"headline\":\"Suivez l\u2019entretien exclusif avec le ministre Serigne Mback\u00e9 Ndiaye &#8211; Public TV.\",\"datePublished\":\"2022-09-04T16:51:56+00:00\",\"dateModified\":\"2022-09-04T17:03:51+00:00\",\"mainEntityOfPage\":{\"@id\":\"https:\/\/www.public.sn\/index.php\/2022\/09\/04\/suivez-lentretien-exclusif-avec-le-ministre-serigne-mbacke-ndiaye-public-tv\/\"},\"wordCount\":112,\"commentCount\":0,\"publisher\":{\"@id\":\"https:\/\/www.public.sn\/#organization\"},\"image\":{\"@id\":\"https:\/\/www.public.sn\/index.php\/2022\/09\/04\/suivez-lentretien-exclusif-avec-le-ministre-serigne-mbacke-ndiaye-public-tv\/#primaryimage\"},\"thumbnailUrl\":\"https:\/\/www.public.sn\/wp-content\/uploads\/2022\/09\/D38421EB-41C5-4A6D-9BDA-F3237FBB0285.jpeg\",\"keywords\":[\"3\u00e8me mandat\",\"Assembl\u00e9e Nationale\",\"Macky Sall\",\"Ousmane Sonko\",\"S\u00e9rigne Mback\u00e9 Ndiaye\"],\"articleSection\":[\"ACTUALIT\u00c9S\",\"POLITIQUE\",\"PUBLIC TV\",\"S\u00c9CURIT\u00c9 &amp; JUSTICE\",\"VIDEOS\"],\"inLanguage\":\"fr-FR\",\"potentialAction\":[{\"@type\":\"CommentAction\",\"name\":\"Comment\",\"target\":[\"https:\/\/www.public.sn\/index.php\/2022\/09\/04\/suivez-lentretien-exclusif-avec-le-ministre-serigne-mbacke-ndiaye-public-tv\/#respond\"]}]},{\"@type\":\"WebPage\",\"@id\":\"https:\/\/www.public.sn\/index.php\/2022\/09\/04\/suivez-lentretien-exclusif-avec-le-ministre-serigne-mbacke-ndiaye-public-tv\/\",\"url\":\"https:\/\/www.public.sn\/index.php\/2022\/09\/04\/suivez-lentretien-exclusif-avec-le-ministre-serigne-mbacke-ndiaye-public-tv\/\",\"name\":\"Suivez l\u2019entretien exclusif avec le ministre Serigne Mback\u00e9 Ndiaye - Public TV. - LE PUBLIC\",\"isPartOf\":{\"@id\":\"https:\/\/www.public.sn\/#website\"},\"primaryImageOfPage\":{\"@id\":\"https:\/\/www.public.sn\/index.php\/2022\/09\/04\/suivez-lentretien-exclusif-avec-le-ministre-serigne-mbacke-ndiaye-public-tv\/#primaryimage\"},\"image\":{\"@id\":\"https:\/\/www.public.sn\/index.php\/2022\/09\/04\/suivez-lentretien-exclusif-avec-le-ministre-serigne-mbacke-ndiaye-public-tv\/#primaryimage\"},\"thumbnailUrl\":\"https:\/\/www.public.sn\/wp-content\/uploads\/2022\/09\/D38421EB-41C5-4A6D-9BDA-F3237FBB0285.jpeg\",\"datePublished\":\"2022-09-04T16:51:56+00:00\",\"dateModified\":\"2022-09-04T17:03:51+00:00\",\"breadcrumb\":{\"@id\":\"https:\/\/www.public.sn\/index.php\/2022\/09\/04\/suivez-lentretien-exclusif-avec-le-ministre-serigne-mbacke-ndiaye-public-tv\/#breadcrumb\"},\"inLanguage\":\"fr-FR\",\"potentialAction\":[{\"@type\":\"ReadAction\",\"target\":[\"https:\/\/www.public.sn\/index.php\/2022\/09\/04\/suivez-lentretien-exclusif-avec-le-ministre-serigne-mbacke-ndiaye-public-tv\/\"]}]},{\"@type\":\"ImageObject\",\"inLanguage\":\"fr-FR\",\"@id\":\"https:\/\/www.public.sn\/index.php\/2022\/09\/04\/suivez-lentretien-exclusif-avec-le-ministre-serigne-mbacke-ndiaye-public-tv\/#primaryimage\",\"url\":\"https:\/\/www.public.sn\/wp-content\/uploads\/2022\/09\/D38421EB-41C5-4A6D-9BDA-F3237FBB0285.jpeg\",\"contentUrl\":\"https:\/\/www.public.sn\/wp-content\/uploads\/2022\/09\/D38421EB-41C5-4A6D-9BDA-F3237FBB0285.jpeg\",\"width\":612,\"height\":298},{\"@type\":\"BreadcrumbList\",\"@id\":\"https:\/\/www.public.sn\/index.php\/2022\/09\/04\/suivez-lentretien-exclusif-avec-le-ministre-serigne-mbacke-ndiaye-public-tv\/#breadcrumb\",\"itemListElement\":[{\"@type\":\"ListItem\",\"position\":1,\"name\":\"Accueil\",\"item\":\"https:\/\/www.public.sn\/\"},{\"@type\":\"ListItem\",\"position\":2,\"name\":\"Suivez l\u2019entretien exclusif avec le ministre Serigne Mback\u00e9 Ndiaye &#8211; Public TV.\"}]},{\"@type\":\"WebSite\",\"@id\":\"https:\/\/www.public.sn\/#website\",\"url\":\"https:\/\/www.public.sn\/\",\"name\":\"LE PUBLIC\",\"description\":\"\",\"publisher\":{\"@id\":\"https:\/\/www.public.sn\/#organization\"},\"potentialAction\":[{\"@type\":\"SearchAction\",\"target\":{\"@type\":\"EntryPoint\",\"urlTemplate\":\"https:\/\/www.public.sn\/?s={search_term_string}\"},\"query-input\":{\"@type\":\"PropertyValueSpecification\",\"valueRequired\":true,\"valueName\":\"search_term_string\"}}],\"inLanguage\":\"fr-FR\"},{\"@type\":\"Organization\",\"@id\":\"https:\/\/www.public.sn\/#organization\",\"name\":\"LE PUBLIC\",\"url\":\"https:\/\/www.public.sn\/\",\"logo\":{\"@type\":\"ImageObject\",\"inLanguage\":\"fr-FR\",\"@id\":\"https:\/\/www.public.sn\/#\/schema\/logo\/image\/\",\"url\":\"https:\/\/www.public.sn\/wp-content\/uploads\/2024\/05\/cropped-LOGO-PUBLIC.SN_.png\",\"contentUrl\":\"https:\/\/www.public.sn\/wp-content\/uploads\/2024\/05\/cropped-LOGO-PUBLIC.SN_.png\",\"width\":682,\"height\":192,\"caption\":\"LE PUBLIC\"},\"image\":{\"@id\":\"https:\/\/www.public.sn\/#\/schema\/logo\/image\/\"}},{\"@type\":\"Person\",\"@id\":\"https:\/\/www.public.sn\/#\/schema\/person\/e3f4a11b037d4203902db148f9bc8d5a\",\"name\":\"LA REDACTION\",\"image\":{\"@type\":\"ImageObject\",\"inLanguage\":\"fr-FR\",\"@id\":\"https:\/\/www.public.sn\/#\/schema\/person\/image\/\",\"url\":\"https:\/\/secure.gravatar.com\/avatar\/d6c030db45db2883c075085c5d6c6258654a801a93766b49af0b82d4f454e2a5?s=96&d=mm&r=g\",\"contentUrl\":\"https:\/\/secure.gravatar.com\/avatar\/d6c030db45db2883c075085c5d6c6258654a801a93766b49af0b82d4f454e2a5?s=96&d=mm&r=g\",\"caption\":\"LA REDACTION\"},\"sameAs\":[\"http:\/\/www.public.sn\"],\"url\":\"https:\/\/www.public.sn\/index.php\/author\/admin7324\/\"}]}<\/script>\n<!-- \/ Yoast SEO plugin. -->","yoast_head_json":{"title":"Suivez l\u2019entretien exclusif avec le ministre Serigne Mback\u00e9 Ndiaye - Public TV. - LE PUBLIC","robots":{"index":"index","follow":"follow","max-snippet":"max-snippet:-1","max-image-preview":"max-image-preview:large","max-video-preview":"max-video-preview:-1"},"canonical":"https:\/\/www.public.sn\/index.php\/2022\/09\/04\/suivez-lentretien-exclusif-avec-le-ministre-serigne-mbacke-ndiaye-public-tv\/","og_locale":"fr_FR","og_type":"article","og_title":"Suivez l\u2019entretien exclusif avec le ministre Serigne Mback\u00e9 Ndiaye - Public TV. - LE PUBLIC","og_description":"Dans cet entretien avec Public sn, Monsieur S\u00e9rigne Mback\u00e9 Ndiaye l\u2019ancien et porte-parole du gouvernement sous Wade aborde des questions essentielles li\u00e9es \u00e0 l\u2019Actualit\u00e9. Il s\u2019est agi de revenir sur: La Nomination de Mamadou Badio Camara \u00e0 la Pr\u00e9sidence du Conseil Constitutionnel, la Pr\u00e9sidence de l\u2019Assembl\u00e9e nationale, le Futur Gouvernement et le retour du poste de premier ministre, l\u2019Affaire Bamba Dieng, la question du troisi\u00e8me mandat entre autres. Des questions phares \u00e0 d\u00e9battre avec le Ministre qui n\u2019a pas manqu\u00e9 \u00e0 tout r\u00e9pondre. Regardez !","og_url":"https:\/\/www.public.sn\/index.php\/2022\/09\/04\/suivez-lentretien-exclusif-avec-le-ministre-serigne-mbacke-ndiaye-public-tv\/","og_site_name":"LE PUBLIC","article_published_time":"2022-09-04T16:51:56+00:00","article_modified_time":"2022-09-04T17:03:51+00:00","og_image":[{"width":612,"height":298,"url":"https:\/\/www.public.sn\/wp-content\/uploads\/2022\/09\/D38421EB-41C5-4A6D-9BDA-F3237FBB0285.jpeg","type":"image\/jpeg"}],"author":"LA REDACTION","twitter_card":"summary_large_image","twitter_misc":{"\u00c9crit par":"LA REDACTION","Dur\u00e9e de lecture estim\u00e9e":"1 minute"},"schema":{"@context":"https:\/\/schema.org","@graph":[{"@type":"Article","@id":"https:\/\/www.public.sn\/index.php\/2022\/09\/04\/suivez-lentretien-exclusif-avec-le-ministre-serigne-mbacke-ndiaye-public-tv\/#article","isPartOf":{"@id":"https:\/\/www.public.sn\/index.php\/2022\/09\/04\/suivez-lentretien-exclusif-avec-le-ministre-serigne-mbacke-ndiaye-public-tv\/"},"author":{"name":"LA REDACTION","@id":"https:\/\/www.public.sn\/#\/schema\/person\/e3f4a11b037d4203902db148f9bc8d5a"},"headline":"Suivez l\u2019entretien exclusif avec le ministre Serigne Mback\u00e9 Ndiaye &#8211; Public TV.","datePublished":"2022-09-04T16:51:56+00:00","dateModified":"2022-09-04T17:03:51+00:00","mainEntityOfPage":{"@id":"https:\/\/www.public.sn\/index.php\/2022\/09\/04\/suivez-lentretien-exclusif-avec-le-ministre-serigne-mbacke-ndiaye-public-tv\/"},"wordCount":112,"commentCount":0,"publisher":{"@id":"https:\/\/www.public.sn\/#organization"},"image":{"@id":"https:\/\/www.public.sn\/index.php\/2022\/09\/04\/suivez-lentretien-exclusif-avec-le-ministre-serigne-mbacke-ndiaye-public-tv\/#primaryimage"},"thumbnailUrl":"https:\/\/www.public.sn\/wp-content\/uploads\/2022\/09\/D38421EB-41C5-4A6D-9BDA-F3237FBB0285.jpeg","keywords":["3\u00e8me mandat","Assembl\u00e9e Nationale","Macky Sall","Ousmane Sonko","S\u00e9rigne Mback\u00e9 Ndiaye"],"articleSection":["ACTUALIT\u00c9S","POLITIQUE","PUBLIC TV","S\u00c9CURIT\u00c9 &amp; JUSTICE","VIDEOS"],"inLanguage":"fr-FR","potentialAction":[{"@type":"CommentAction","name":"Comment","target":["https:\/\/www.public.sn\/index.php\/2022\/09\/04\/suivez-lentretien-exclusif-avec-le-ministre-serigne-mbacke-ndiaye-public-tv\/#respond"]}]},{"@type":"WebPage","@id":"https:\/\/www.public.sn\/index.php\/2022\/09\/04\/suivez-lentretien-exclusif-avec-le-ministre-serigne-mbacke-ndiaye-public-tv\/","url":"https:\/\/www.public.sn\/index.php\/2022\/09\/04\/suivez-lentretien-exclusif-avec-le-ministre-serigne-mbacke-ndiaye-public-tv\/","name":"Suivez l\u2019entretien exclusif avec le ministre Serigne Mback\u00e9 Ndiaye - Public TV. - LE PUBLIC","isPartOf":{"@id":"https:\/\/www.public.sn\/#website"},"primaryImageOfPage":{"@id":"https:\/\/www.public.sn\/index.php\/2022\/09\/04\/suivez-lentretien-exclusif-avec-le-ministre-serigne-mbacke-ndiaye-public-tv\/#primaryimage"},"image":{"@id":"https:\/\/www.public.sn\/index.php\/2022\/09\/04\/suivez-lentretien-exclusif-avec-le-ministre-serigne-mbacke-ndiaye-public-tv\/#primaryimage"},"thumbnailUrl":"https:\/\/www.public.sn\/wp-content\/uploads\/2022\/09\/D38421EB-41C5-4A6D-9BDA-F3237FBB0285.jpeg","datePublished":"2022-09-04T16:51:56+00:00","dateModified":"2022-09-04T17:03:51+00:00","breadcrumb":{"@id":"https:\/\/www.public.sn\/index.php\/2022\/09\/04\/suivez-lentretien-exclusif-avec-le-ministre-serigne-mbacke-ndiaye-public-tv\/#breadcrumb"},"inLanguage":"fr-FR","potentialAction":[{"@type":"ReadAction","target":["https:\/\/www.public.sn\/index.php\/2022\/09\/04\/suivez-lentretien-exclusif-avec-le-ministre-serigne-mbacke-ndiaye-public-tv\/"]}]},{"@type":"ImageObject","inLanguage":"fr-FR","@id":"https:\/\/www.public.sn\/index.php\/2022\/09\/04\/suivez-lentretien-exclusif-avec-le-ministre-serigne-mbacke-ndiaye-public-tv\/#primaryimage","url":"https:\/\/www.public.sn\/wp-content\/uploads\/2022\/09\/D38421EB-41C5-4A6D-9BDA-F3237FBB0285.jpeg","contentUrl":"https:\/\/www.public.sn\/wp-content\/uploads\/2022\/09\/D38421EB-41C5-4A6D-9BDA-F3237FBB0285.jpeg","width":612,"height":298},{"@type":"BreadcrumbList","@id":"https:\/\/www.public.sn\/index.php\/2022\/09\/04\/suivez-lentretien-exclusif-avec-le-ministre-serigne-mbacke-ndiaye-public-tv\/#breadcrumb","itemListElement":[{"@type":"ListItem","position":1,"name":"Accueil","item":"https:\/\/www.public.sn\/"},{"@type":"ListItem","position":2,"name":"Suivez l\u2019entretien exclusif avec le ministre Serigne Mback\u00e9 Ndiaye &#8211; Public TV."}]},{"@type":"WebSite","@id":"https:\/\/www.public.sn\/#website","url":"https:\/\/www.public.sn\/","name":"LE PUBLIC","description":"","publisher":{"@id":"https:\/\/www.public.sn\/#organization"},"potentialAction":[{"@type":"SearchAction","target":{"@type":"EntryPoint","urlTemplate":"https:\/\/www.public.sn\/?s={search_term_string}"},"query-input":{"@type":"PropertyValueSpecification","valueRequired":true,"valueName":"search_term_string"}}],"inLanguage":"fr-FR"},{"@type":"Organization","@id":"https:\/\/www.public.sn\/#organization","name":"LE PUBLIC","url":"https:\/\/www.public.sn\/","logo":{"@type":"ImageObject","inLanguage":"fr-FR","@id":"https:\/\/www.public.sn\/#\/schema\/logo\/image\/","url":"https:\/\/www.public.sn\/wp-content\/uploads\/2024\/05\/cropped-LOGO-PUBLIC.SN_.png","contentUrl":"https:\/\/www.public.sn\/wp-content\/uploads\/2024\/05\/cropped-LOGO-PUBLIC.SN_.png","width":682,"height":192,"caption":"LE PUBLIC"},"image":{"@id":"https:\/\/www.public.sn\/#\/schema\/logo\/image\/"}},{"@type":"Person","@id":"https:\/\/www.public.sn\/#\/schema\/person\/e3f4a11b037d4203902db148f9bc8d5a","name":"LA REDACTION","image":{"@type":"ImageObject","inLanguage":"fr-FR","@id":"https:\/\/www.public.sn\/#\/schema\/person\/image\/","url":"https:\/\/secure.gravatar.com\/avatar\/d6c030db45db2883c075085c5d6c6258654a801a93766b49af0b82d4f454e2a5?s=96&d=mm&r=g","contentUrl":"https:\/\/secure.gravatar.com\/avatar\/d6c030db45db2883c075085c5d6c6258654a801a93766b49af0b82d4f454e2a5?s=96&d=mm&r=g","caption":"LA REDACTION"},"sameAs":["http:\/\/www.public.sn"],"url":"https:\/\/www.public.sn\/index.php\/author\/admin7324\/"}]}},"jetpack_featured_media_url":"https:\/\/www.public.sn\/wp-content\/uploads\/2022\/09\/D38421EB-41C5-4A6D-9BDA-F3237FBB0285.jpeg","jetpack_sharing_enabled":true,"_links":{"self":[{"href":"https:\/\/www.public.sn\/index.php\/wp-json\/wp\/v2\/posts\/1231","targetHints":{"allow":["GET"]}}],"collection":[{"href":"https:\/\/www.public.sn\/index.php\/wp-json\/wp\/v2\/posts"}],"about":[{"href":"https:\/\/www.public.sn\/index.php\/wp-json\/wp\/v2\/types\/post"}],"author":[{"embeddable":true,"href":"https:\/\/www.public.sn\/index.php\/wp-json\/wp\/v2\/users\/1"}],"replies":[{"embeddable":true,"href":"https:\/\/www.public.sn\/index.php\/wp-json\/wp\/v2\/comments?post=1231"}],"version-history":[{"count":3,"href":"https:\/\/www.public.sn\/index.php\/wp-json\/wp\/v2\/posts\/1231\/revisions"}],"predecessor-version":[{"id":1236,"href":"https:\/\/www.public.sn\/index.php\/wp-json\/wp\/v2\/posts\/1231\/revisions\/1236"}],"wp:featuredmedia":[{"embeddable":true,"href":"https:\/\/www.public.sn\/index.php\/wp-json\/wp\/v2\/media\/1232"}],"wp:attachment":[{"href":"https:\/\/www.public.sn\/index.php\/wp-json\/wp\/v2\/media?parent=1231"}],"wp:term":[{"taxonomy":"category","embeddable":true,"href":"https:\/\/www.public.sn\/index.php\/wp-json\/wp\/v2\/categories?post=1231"},{"taxonomy":"post_tag","embeddable":true,"href":"https:\/\/www.public.sn\/index.php\/wp-json\/wp\/v2\/tags?post=1231"}],"curies":[{"name":"wp","href":"https:\/\/api.w.org\/{rel}","templated":true}]}}