{"id":12387,"date":"2022-12-24T12:23:36","date_gmt":"2022-12-24T12:23:36","guid":{"rendered":"https:\/\/www.public.sn\/?p=12387"},"modified":"2022-12-24T12:24:21","modified_gmt":"2022-12-24T12:24:21","slug":"amnesty-a-la-rescousse-du-gyneco-alfousseynou-gaye-qui-a-examine-adji-sarr","status":"publish","type":"post","link":"https:\/\/www.public.sn\/index.php\/2022\/12\/24\/amnesty-a-la-rescousse-du-gyneco-alfousseynou-gaye-qui-a-examine-adji-sarr\/","title":{"rendered":"Amnesty \u00e0 la rescousse du gyn\u00e9co&rsquo; Alfousseynou Gaye\u00a0qui a examin\u00e9 Adji Sarr"},"content":{"rendered":"\n<p>Selon les Echos qui donne l\u2019information dans sa parution du jour, Amnesty International compte bien accompagner le m\u00e9decin qui avait consult\u00e9 l\u2019ex masseuse Adji Sarr. <\/p><div class=\"publi-paragraphe1\" style=\"margin-top: 10px;margin-bottom: 10px;margin-left: auto;margin-right: auto;text-align: center;\" id=\"publi-393378484\"><div class=\"publi-adlabel\">Publicit\u00e9<\/div><script async src=\"\/\/pagead2.googlesyndication.com\/pagead\/js\/adsbygoogle.js?client=ca-pub-4089586018074219\" crossorigin=\"anonymous\"><\/script><ins class=\"adsbygoogle\" style=\"display:block;\" data-ad-client=\"ca-pub-4089586018074219\" \ndata-ad-slot=\"2087940154\" \ndata-ad-format=\"auto\"><\/ins>\n<script> \n(adsbygoogle = window.adsbygoogle || []).push({}); \n<\/script>\n<\/div>\n\n\n\n<p>L\u2019organisation de d\u00e9fense des droits de l\u2019homme a demand\u00e9, hier, par la voix de Seydi Gassama, une protection du gyn\u00e9cologue qui fait l&rsquo;objet de menace de morts . Une demande a \u00e9t\u00e9 adress\u00e9e en ce sens au ministre de l\u2019Int\u00e9rieur, Felix Antoine Diome.<\/p>\n\n\n\n<p>L\u2019Organisation n\u2019exclut pas d\u2019user de moyens pour attirer l\u2019attention de la communaut\u00e9 internationale. Le gyn\u00e9co qui dit craindre pour sa vie, a fait appel \u00a0\u00e0 Amnesty international pour leur faire part de ses peurs. \u00a0\u00a0<\/p>\n\n\n\n<p>Al Fousseyni Gaye dit craindre \u00ab son \u00e9limination physique \u00bb. Et pour cause, \u00abil ne se passe pas une semaine, sans que son v\u00e9hicule ne soit attaqu\u00e9 dans la circulation \u00bb.<\/p>\n\n\n\n<p>Et quand il \u00ab descend de sa voiture pour s\u2019enqu\u00e9rir de la situation, c\u2019est souvent son t\u00e9l\u00e9phone que des gens cherchent \u00e0 lui voler \u00bb. Inquiet, le gyn\u00e9co a d\u00e9cid\u00e9 de briser le silence \u00e0 travers une interview accord\u00e9e \u00e0 Kewoulo : \u00ab j\u2019ai peur pour ma vie\u00bb.<\/p>\n\n\n\n<p>Amina Adama Ciss\u00e9<\/p>\n<div class=\"publi-apres-le-contenu\" style=\"margin-top: 10px;margin-bottom: 10px;margin-left: auto;margin-right: auto;text-align: center;\" id=\"publi-3277916667\"><div class=\"publi-adlabel\">Publicit\u00e9<\/div><script async src=\"\/\/pagead2.googlesyndication.com\/pagead\/js\/adsbygoogle.js?client=ca-pub-4089586018074219\" crossorigin=\"anonymous\"><\/script><ins class=\"adsbygoogle\" style=\"display:block;\" data-ad-client=\"ca-pub-4089586018074219\" \ndata-ad-slot=\"2087940154\" \ndata-ad-format=\"auto\"><\/ins>\n<script> \n(adsbygoogle = window.adsbygoogle || []).push({}); \n<\/script>\n<\/div>","protected":false},"excerpt":{"rendered":"<p>Selon les Echos qui donne l\u2019information dans sa parution du jour, Amnesty International compte bien accompagner le m\u00e9decin qui avait consult\u00e9 l\u2019ex masseuse Adji Sarr. L\u2019organisation de d\u00e9fense des droits de l\u2019homme a demand\u00e9, hier, par la voix de Seydi Gassama, une protection du gyn\u00e9cologue qui fait l&rsquo;objet de menace de morts . Une demande a \u00e9t\u00e9 adress\u00e9e en ce sens au ministre de l\u2019Int\u00e9rieur, Felix Antoine Diome. L\u2019Organisation n\u2019exclut pas d\u2019user de moyens pour attirer l\u2019attention de la communaut\u00e9 internationale. Le gyn\u00e9co qui dit craindre pour sa vie, a fait appel \u00a0\u00e0 Amnesty international pour leur faire part de ses peurs. \u00a0\u00a0 Al Fousseyni Gaye dit craindre \u00ab son \u00e9limination physique \u00bb. Et pour cause, \u00abil ne se passe pas une semaine, sans que son v\u00e9hicule ne soit attaqu\u00e9 dans la circulation \u00bb. Et quand il \u00ab descend de sa voiture pour s\u2019enqu\u00e9rir de la situation, c\u2019est souvent son t\u00e9l\u00e9phone que des gens cherchent \u00e0 lui voler \u00bb. Inquiet, le gyn\u00e9co a d\u00e9cid\u00e9 de briser le silence \u00e0 travers une interview accord\u00e9e \u00e0 Kewoulo : \u00ab j\u2019ai peur pour ma vie\u00bb. Amina Adama Ciss\u00e9<\/p>\n","protected":false},"author":7,"featured_media":12393,"comment_status":"open","ping_status":"open","sticky":false,"template":"","format":"standard","meta":{"_jetpack_memberships_contains_paid_content":false,"footnotes":""},"categories":[375,1023,3724,872,3,8,1],"tags":[99,24,3904,16],"class_list":["post-12387","post","type-post","status-publish","format-standard","has-post-thumbnail","hentry","category-actualites","category-buzz","category-justice","category-photos","category-politique","category-public-tv","category-non-classe","tag-adji-sarr","tag-justice","tag-menace-de-mort","tag-ousmane-sonko","entry","has-media","owp-thumbs-layout-horizontal","owp-btn-normal","owp-tabs-layout-horizontal","has-no-thumbnails","has-product-nav"],"yoast_head":"<!-- This site is optimized with the Yoast SEO plugin v25.5 - https:\/\/yoast.com\/wordpress\/plugins\/seo\/ -->\n<title>Amnesty \u00e0 la rescousse du gyn\u00e9co&#039; Alfousseynou Gaye\u00a0qui a examin\u00e9 Adji Sarr - LE PUBLIC<\/title>\n<meta name=\"robots\" content=\"index, follow, max-snippet:-1, max-image-preview:large, max-video-preview:-1\" \/>\n<link rel=\"canonical\" href=\"https:\/\/www.public.sn\/index.php\/2022\/12\/24\/amnesty-a-la-rescousse-du-gyneco-alfousseynou-gaye-qui-a-examine-adji-sarr\/\" \/>\n<meta property=\"og:locale\" content=\"fr_FR\" \/>\n<meta property=\"og:type\" content=\"article\" \/>\n<meta property=\"og:title\" content=\"Amnesty \u00e0 la rescousse du gyn\u00e9co&#039; Alfousseynou Gaye\u00a0qui a examin\u00e9 Adji Sarr - LE PUBLIC\" \/>\n<meta property=\"og:description\" content=\"Selon les Echos qui donne l\u2019information dans sa parution du jour, Amnesty International compte bien accompagner le m\u00e9decin qui avait consult\u00e9 l\u2019ex masseuse Adji Sarr. L\u2019organisation de d\u00e9fense des droits de l\u2019homme a demand\u00e9, hier, par la voix de Seydi Gassama, une protection du gyn\u00e9cologue qui fait l&rsquo;objet de menace de morts . Une demande a \u00e9t\u00e9 adress\u00e9e en ce sens au ministre de l\u2019Int\u00e9rieur, Felix Antoine Diome. L\u2019Organisation n\u2019exclut pas d\u2019user de moyens pour attirer l\u2019attention de la communaut\u00e9 internationale. Le gyn\u00e9co qui dit craindre pour sa vie, a fait appel \u00a0\u00e0 Amnesty international pour leur faire part de ses peurs. \u00a0\u00a0 Al Fousseyni Gaye dit craindre \u00ab son \u00e9limination physique \u00bb. Et pour cause, \u00abil ne se passe pas une semaine, sans que son v\u00e9hicule ne soit attaqu\u00e9 dans la circulation \u00bb. Et quand il \u00ab descend de sa voiture pour s\u2019enqu\u00e9rir de la situation, c\u2019est souvent son t\u00e9l\u00e9phone que des gens cherchent \u00e0 lui voler \u00bb. Inquiet, le gyn\u00e9co a d\u00e9cid\u00e9 de briser le silence \u00e0 travers une interview accord\u00e9e \u00e0 Kewoulo : \u00ab j\u2019ai peur pour ma vie\u00bb. Amina Adama Ciss\u00e9\" \/>\n<meta property=\"og:url\" content=\"https:\/\/www.public.sn\/index.php\/2022\/12\/24\/amnesty-a-la-rescousse-du-gyneco-alfousseynou-gaye-qui-a-examine-adji-sarr\/\" \/>\n<meta property=\"og:site_name\" content=\"LE PUBLIC\" \/>\n<meta property=\"article:published_time\" content=\"2022-12-24T12:23:36+00:00\" \/>\n<meta property=\"article:modified_time\" content=\"2022-12-24T12:24:21+00:00\" \/>\n<meta property=\"og:image\" content=\"https:\/\/www.public.sn\/wp-content\/uploads\/2022\/12\/dr-afousseyni-gaye.webp\" \/>\n\t<meta property=\"og:image:width\" content=\"660\" \/>\n\t<meta property=\"og:image:height\" content=\"330\" \/>\n\t<meta property=\"og:image:type\" content=\"image\/webp\" \/>\n<meta name=\"author\" content=\"LA REDACTION\" \/>\n<meta name=\"twitter:card\" content=\"summary_large_image\" \/>\n<meta name=\"twitter:label1\" content=\"\u00c9crit par\" \/>\n\t<meta name=\"twitter:data1\" content=\"LA REDACTION\" \/>\n\t<meta name=\"twitter:label2\" content=\"Dur\u00e9e de lecture estim\u00e9e\" \/>\n\t<meta name=\"twitter:data2\" content=\"1 minute\" \/>\n<script type=\"application\/ld+json\" class=\"yoast-schema-graph\">{\"@context\":\"https:\/\/schema.org\",\"@graph\":[{\"@type\":\"Article\",\"@id\":\"https:\/\/www.public.sn\/index.php\/2022\/12\/24\/amnesty-a-la-rescousse-du-gyneco-alfousseynou-gaye-qui-a-examine-adji-sarr\/#article\",\"isPartOf\":{\"@id\":\"https:\/\/www.public.sn\/index.php\/2022\/12\/24\/amnesty-a-la-rescousse-du-gyneco-alfousseynou-gaye-qui-a-examine-adji-sarr\/\"},\"author\":{\"name\":\"LA REDACTION\",\"@id\":\"https:\/\/www.public.sn\/#\/schema\/person\/cb76c8e1b8becc6be61fb5e92d6d0224\"},\"headline\":\"Amnesty \u00e0 la rescousse du gyn\u00e9co&rsquo; Alfousseynou Gaye\u00a0qui a examin\u00e9 Adji Sarr\",\"datePublished\":\"2022-12-24T12:23:36+00:00\",\"dateModified\":\"2022-12-24T12:24:21+00:00\",\"mainEntityOfPage\":{\"@id\":\"https:\/\/www.public.sn\/index.php\/2022\/12\/24\/amnesty-a-la-rescousse-du-gyneco-alfousseynou-gaye-qui-a-examine-adji-sarr\/\"},\"wordCount\":210,\"commentCount\":0,\"publisher\":{\"@id\":\"https:\/\/www.public.sn\/#organization\"},\"image\":{\"@id\":\"https:\/\/www.public.sn\/index.php\/2022\/12\/24\/amnesty-a-la-rescousse-du-gyneco-alfousseynou-gaye-qui-a-examine-adji-sarr\/#primaryimage\"},\"thumbnailUrl\":\"https:\/\/www.public.sn\/wp-content\/uploads\/2022\/12\/dr-afousseyni-gaye.webp\",\"keywords\":[\"Adji Sarr\",\"Justice\",\"menace de mort\",\"Ousmane Sonko\"],\"articleSection\":[\"ACTUALIT\u00c9S\",\"BUZZ\",\"justice\",\"PHOTOS\",\"POLITIQUE\",\"PUBLIC TV\",\"S\u00c9N\u00c9GAL\"],\"inLanguage\":\"fr-FR\",\"potentialAction\":[{\"@type\":\"CommentAction\",\"name\":\"Comment\",\"target\":[\"https:\/\/www.public.sn\/index.php\/2022\/12\/24\/amnesty-a-la-rescousse-du-gyneco-alfousseynou-gaye-qui-a-examine-adji-sarr\/#respond\"]}]},{\"@type\":\"WebPage\",\"@id\":\"https:\/\/www.public.sn\/index.php\/2022\/12\/24\/amnesty-a-la-rescousse-du-gyneco-alfousseynou-gaye-qui-a-examine-adji-sarr\/\",\"url\":\"https:\/\/www.public.sn\/index.php\/2022\/12\/24\/amnesty-a-la-rescousse-du-gyneco-alfousseynou-gaye-qui-a-examine-adji-sarr\/\",\"name\":\"Amnesty \u00e0 la rescousse du gyn\u00e9co' Alfousseynou Gaye\u00a0qui a examin\u00e9 Adji Sarr - LE PUBLIC\",\"isPartOf\":{\"@id\":\"https:\/\/www.public.sn\/#website\"},\"primaryImageOfPage\":{\"@id\":\"https:\/\/www.public.sn\/index.php\/2022\/12\/24\/amnesty-a-la-rescousse-du-gyneco-alfousseynou-gaye-qui-a-examine-adji-sarr\/#primaryimage\"},\"image\":{\"@id\":\"https:\/\/www.public.sn\/index.php\/2022\/12\/24\/amnesty-a-la-rescousse-du-gyneco-alfousseynou-gaye-qui-a-examine-adji-sarr\/#primaryimage\"},\"thumbnailUrl\":\"https:\/\/www.public.sn\/wp-content\/uploads\/2022\/12\/dr-afousseyni-gaye.webp\",\"datePublished\":\"2022-12-24T12:23:36+00:00\",\"dateModified\":\"2022-12-24T12:24:21+00:00\",\"breadcrumb\":{\"@id\":\"https:\/\/www.public.sn\/index.php\/2022\/12\/24\/amnesty-a-la-rescousse-du-gyneco-alfousseynou-gaye-qui-a-examine-adji-sarr\/#breadcrumb\"},\"inLanguage\":\"fr-FR\",\"potentialAction\":[{\"@type\":\"ReadAction\",\"target\":[\"https:\/\/www.public.sn\/index.php\/2022\/12\/24\/amnesty-a-la-rescousse-du-gyneco-alfousseynou-gaye-qui-a-examine-adji-sarr\/\"]}]},{\"@type\":\"ImageObject\",\"inLanguage\":\"fr-FR\",\"@id\":\"https:\/\/www.public.sn\/index.php\/2022\/12\/24\/amnesty-a-la-rescousse-du-gyneco-alfousseynou-gaye-qui-a-examine-adji-sarr\/#primaryimage\",\"url\":\"https:\/\/www.public.sn\/wp-content\/uploads\/2022\/12\/dr-afousseyni-gaye.webp\",\"contentUrl\":\"https:\/\/www.public.sn\/wp-content\/uploads\/2022\/12\/dr-afousseyni-gaye.webp\",\"width\":660,\"height\":330},{\"@type\":\"BreadcrumbList\",\"@id\":\"https:\/\/www.public.sn\/index.php\/2022\/12\/24\/amnesty-a-la-rescousse-du-gyneco-alfousseynou-gaye-qui-a-examine-adji-sarr\/#breadcrumb\",\"itemListElement\":[{\"@type\":\"ListItem\",\"position\":1,\"name\":\"Accueil\",\"item\":\"https:\/\/www.public.sn\/\"},{\"@type\":\"ListItem\",\"position\":2,\"name\":\"Amnesty \u00e0 la rescousse du gyn\u00e9co&rsquo; Alfousseynou Gaye\u00a0qui a examin\u00e9 Adji Sarr\"}]},{\"@type\":\"WebSite\",\"@id\":\"https:\/\/www.public.sn\/#website\",\"url\":\"https:\/\/www.public.sn\/\",\"name\":\"LE PUBLIC\",\"description\":\"\",\"publisher\":{\"@id\":\"https:\/\/www.public.sn\/#organization\"},\"potentialAction\":[{\"@type\":\"SearchAction\",\"target\":{\"@type\":\"EntryPoint\",\"urlTemplate\":\"https:\/\/www.public.sn\/?s={search_term_string}\"},\"query-input\":{\"@type\":\"PropertyValueSpecification\",\"valueRequired\":true,\"valueName\":\"search_term_string\"}}],\"inLanguage\":\"fr-FR\"},{\"@type\":\"Organization\",\"@id\":\"https:\/\/www.public.sn\/#organization\",\"name\":\"LE PUBLIC\",\"url\":\"https:\/\/www.public.sn\/\",\"logo\":{\"@type\":\"ImageObject\",\"inLanguage\":\"fr-FR\",\"@id\":\"https:\/\/www.public.sn\/#\/schema\/logo\/image\/\",\"url\":\"https:\/\/www.public.sn\/wp-content\/uploads\/2024\/05\/cropped-LOGO-PUBLIC.SN_.png\",\"contentUrl\":\"https:\/\/www.public.sn\/wp-content\/uploads\/2024\/05\/cropped-LOGO-PUBLIC.SN_.png\",\"width\":682,\"height\":192,\"caption\":\"LE PUBLIC\"},\"image\":{\"@id\":\"https:\/\/www.public.sn\/#\/schema\/logo\/image\/\"}},{\"@type\":\"Person\",\"@id\":\"https:\/\/www.public.sn\/#\/schema\/person\/cb76c8e1b8becc6be61fb5e92d6d0224\",\"name\":\"LA REDACTION\",\"image\":{\"@type\":\"ImageObject\",\"inLanguage\":\"fr-FR\",\"@id\":\"https:\/\/www.public.sn\/#\/schema\/person\/image\/\",\"url\":\"https:\/\/secure.gravatar.com\/avatar\/2dce5ddd34b8fef0180efe03aa2a9bee7d953856048f9a16b298190a3178407c?s=96&d=mm&r=g\",\"contentUrl\":\"https:\/\/secure.gravatar.com\/avatar\/2dce5ddd34b8fef0180efe03aa2a9bee7d953856048f9a16b298190a3178407c?s=96&d=mm&r=g\",\"caption\":\"LA REDACTION\"},\"url\":\"https:\/\/www.public.sn\/index.php\/author\/editeurpsn\/\"}]}<\/script>\n<!-- \/ Yoast SEO plugin. -->","yoast_head_json":{"title":"Amnesty \u00e0 la rescousse du gyn\u00e9co' Alfousseynou Gaye\u00a0qui a examin\u00e9 Adji Sarr - LE PUBLIC","robots":{"index":"index","follow":"follow","max-snippet":"max-snippet:-1","max-image-preview":"max-image-preview:large","max-video-preview":"max-video-preview:-1"},"canonical":"https:\/\/www.public.sn\/index.php\/2022\/12\/24\/amnesty-a-la-rescousse-du-gyneco-alfousseynou-gaye-qui-a-examine-adji-sarr\/","og_locale":"fr_FR","og_type":"article","og_title":"Amnesty \u00e0 la rescousse du gyn\u00e9co' Alfousseynou Gaye\u00a0qui a examin\u00e9 Adji Sarr - LE PUBLIC","og_description":"Selon les Echos qui donne l\u2019information dans sa parution du jour, Amnesty International compte bien accompagner le m\u00e9decin qui avait consult\u00e9 l\u2019ex masseuse Adji Sarr. L\u2019organisation de d\u00e9fense des droits de l\u2019homme a demand\u00e9, hier, par la voix de Seydi Gassama, une protection du gyn\u00e9cologue qui fait l&rsquo;objet de menace de morts . Une demande a \u00e9t\u00e9 adress\u00e9e en ce sens au ministre de l\u2019Int\u00e9rieur, Felix Antoine Diome. L\u2019Organisation n\u2019exclut pas d\u2019user de moyens pour attirer l\u2019attention de la communaut\u00e9 internationale. Le gyn\u00e9co qui dit craindre pour sa vie, a fait appel \u00a0\u00e0 Amnesty international pour leur faire part de ses peurs. \u00a0\u00a0 Al Fousseyni Gaye dit craindre \u00ab son \u00e9limination physique \u00bb. Et pour cause, \u00abil ne se passe pas une semaine, sans que son v\u00e9hicule ne soit attaqu\u00e9 dans la circulation \u00bb. Et quand il \u00ab descend de sa voiture pour s\u2019enqu\u00e9rir de la situation, c\u2019est souvent son t\u00e9l\u00e9phone que des gens cherchent \u00e0 lui voler \u00bb. Inquiet, le gyn\u00e9co a d\u00e9cid\u00e9 de briser le silence \u00e0 travers une interview accord\u00e9e \u00e0 Kewoulo : \u00ab j\u2019ai peur pour ma vie\u00bb. Amina Adama Ciss\u00e9","og_url":"https:\/\/www.public.sn\/index.php\/2022\/12\/24\/amnesty-a-la-rescousse-du-gyneco-alfousseynou-gaye-qui-a-examine-adji-sarr\/","og_site_name":"LE PUBLIC","article_published_time":"2022-12-24T12:23:36+00:00","article_modified_time":"2022-12-24T12:24:21+00:00","og_image":[{"width":660,"height":330,"url":"https:\/\/www.public.sn\/wp-content\/uploads\/2022\/12\/dr-afousseyni-gaye.webp","type":"image\/webp"}],"author":"LA REDACTION","twitter_card":"summary_large_image","twitter_misc":{"\u00c9crit par":"LA REDACTION","Dur\u00e9e de lecture estim\u00e9e":"1 minute"},"schema":{"@context":"https:\/\/schema.org","@graph":[{"@type":"Article","@id":"https:\/\/www.public.sn\/index.php\/2022\/12\/24\/amnesty-a-la-rescousse-du-gyneco-alfousseynou-gaye-qui-a-examine-adji-sarr\/#article","isPartOf":{"@id":"https:\/\/www.public.sn\/index.php\/2022\/12\/24\/amnesty-a-la-rescousse-du-gyneco-alfousseynou-gaye-qui-a-examine-adji-sarr\/"},"author":{"name":"LA REDACTION","@id":"https:\/\/www.public.sn\/#\/schema\/person\/cb76c8e1b8becc6be61fb5e92d6d0224"},"headline":"Amnesty \u00e0 la rescousse du gyn\u00e9co&rsquo; Alfousseynou Gaye\u00a0qui a examin\u00e9 Adji Sarr","datePublished":"2022-12-24T12:23:36+00:00","dateModified":"2022-12-24T12:24:21+00:00","mainEntityOfPage":{"@id":"https:\/\/www.public.sn\/index.php\/2022\/12\/24\/amnesty-a-la-rescousse-du-gyneco-alfousseynou-gaye-qui-a-examine-adji-sarr\/"},"wordCount":210,"commentCount":0,"publisher":{"@id":"https:\/\/www.public.sn\/#organization"},"image":{"@id":"https:\/\/www.public.sn\/index.php\/2022\/12\/24\/amnesty-a-la-rescousse-du-gyneco-alfousseynou-gaye-qui-a-examine-adji-sarr\/#primaryimage"},"thumbnailUrl":"https:\/\/www.public.sn\/wp-content\/uploads\/2022\/12\/dr-afousseyni-gaye.webp","keywords":["Adji Sarr","Justice","menace de mort","Ousmane Sonko"],"articleSection":["ACTUALIT\u00c9S","BUZZ","justice","PHOTOS","POLITIQUE","PUBLIC TV","S\u00c9N\u00c9GAL"],"inLanguage":"fr-FR","potentialAction":[{"@type":"CommentAction","name":"Comment","target":["https:\/\/www.public.sn\/index.php\/2022\/12\/24\/amnesty-a-la-rescousse-du-gyneco-alfousseynou-gaye-qui-a-examine-adji-sarr\/#respond"]}]},{"@type":"WebPage","@id":"https:\/\/www.public.sn\/index.php\/2022\/12\/24\/amnesty-a-la-rescousse-du-gyneco-alfousseynou-gaye-qui-a-examine-adji-sarr\/","url":"https:\/\/www.public.sn\/index.php\/2022\/12\/24\/amnesty-a-la-rescousse-du-gyneco-alfousseynou-gaye-qui-a-examine-adji-sarr\/","name":"Amnesty \u00e0 la rescousse du gyn\u00e9co' Alfousseynou Gaye\u00a0qui a examin\u00e9 Adji Sarr - LE PUBLIC","isPartOf":{"@id":"https:\/\/www.public.sn\/#website"},"primaryImageOfPage":{"@id":"https:\/\/www.public.sn\/index.php\/2022\/12\/24\/amnesty-a-la-rescousse-du-gyneco-alfousseynou-gaye-qui-a-examine-adji-sarr\/#primaryimage"},"image":{"@id":"https:\/\/www.public.sn\/index.php\/2022\/12\/24\/amnesty-a-la-rescousse-du-gyneco-alfousseynou-gaye-qui-a-examine-adji-sarr\/#primaryimage"},"thumbnailUrl":"https:\/\/www.public.sn\/wp-content\/uploads\/2022\/12\/dr-afousseyni-gaye.webp","datePublished":"2022-12-24T12:23:36+00:00","dateModified":"2022-12-24T12:24:21+00:00","breadcrumb":{"@id":"https:\/\/www.public.sn\/index.php\/2022\/12\/24\/amnesty-a-la-rescousse-du-gyneco-alfousseynou-gaye-qui-a-examine-adji-sarr\/#breadcrumb"},"inLanguage":"fr-FR","potentialAction":[{"@type":"ReadAction","target":["https:\/\/www.public.sn\/index.php\/2022\/12\/24\/amnesty-a-la-rescousse-du-gyneco-alfousseynou-gaye-qui-a-examine-adji-sarr\/"]}]},{"@type":"ImageObject","inLanguage":"fr-FR","@id":"https:\/\/www.public.sn\/index.php\/2022\/12\/24\/amnesty-a-la-rescousse-du-gyneco-alfousseynou-gaye-qui-a-examine-adji-sarr\/#primaryimage","url":"https:\/\/www.public.sn\/wp-content\/uploads\/2022\/12\/dr-afousseyni-gaye.webp","contentUrl":"https:\/\/www.public.sn\/wp-content\/uploads\/2022\/12\/dr-afousseyni-gaye.webp","width":660,"height":330},{"@type":"BreadcrumbList","@id":"https:\/\/www.public.sn\/index.php\/2022\/12\/24\/amnesty-a-la-rescousse-du-gyneco-alfousseynou-gaye-qui-a-examine-adji-sarr\/#breadcrumb","itemListElement":[{"@type":"ListItem","position":1,"name":"Accueil","item":"https:\/\/www.public.sn\/"},{"@type":"ListItem","position":2,"name":"Amnesty \u00e0 la rescousse du gyn\u00e9co&rsquo; Alfousseynou Gaye\u00a0qui a examin\u00e9 Adji Sarr"}]},{"@type":"WebSite","@id":"https:\/\/www.public.sn\/#website","url":"https:\/\/www.public.sn\/","name":"LE PUBLIC","description":"","publisher":{"@id":"https:\/\/www.public.sn\/#organization"},"potentialAction":[{"@type":"SearchAction","target":{"@type":"EntryPoint","urlTemplate":"https:\/\/www.public.sn\/?s={search_term_string}"},"query-input":{"@type":"PropertyValueSpecification","valueRequired":true,"valueName":"search_term_string"}}],"inLanguage":"fr-FR"},{"@type":"Organization","@id":"https:\/\/www.public.sn\/#organization","name":"LE PUBLIC","url":"https:\/\/www.public.sn\/","logo":{"@type":"ImageObject","inLanguage":"fr-FR","@id":"https:\/\/www.public.sn\/#\/schema\/logo\/image\/","url":"https:\/\/www.public.sn\/wp-content\/uploads\/2024\/05\/cropped-LOGO-PUBLIC.SN_.png","contentUrl":"https:\/\/www.public.sn\/wp-content\/uploads\/2024\/05\/cropped-LOGO-PUBLIC.SN_.png","width":682,"height":192,"caption":"LE PUBLIC"},"image":{"@id":"https:\/\/www.public.sn\/#\/schema\/logo\/image\/"}},{"@type":"Person","@id":"https:\/\/www.public.sn\/#\/schema\/person\/cb76c8e1b8becc6be61fb5e92d6d0224","name":"LA REDACTION","image":{"@type":"ImageObject","inLanguage":"fr-FR","@id":"https:\/\/www.public.sn\/#\/schema\/person\/image\/","url":"https:\/\/secure.gravatar.com\/avatar\/2dce5ddd34b8fef0180efe03aa2a9bee7d953856048f9a16b298190a3178407c?s=96&d=mm&r=g","contentUrl":"https:\/\/secure.gravatar.com\/avatar\/2dce5ddd34b8fef0180efe03aa2a9bee7d953856048f9a16b298190a3178407c?s=96&d=mm&r=g","caption":"LA REDACTION"},"url":"https:\/\/www.public.sn\/index.php\/author\/editeurpsn\/"}]}},"jetpack_featured_media_url":"https:\/\/www.public.sn\/wp-content\/uploads\/2022\/12\/dr-afousseyni-gaye.webp","jetpack_sharing_enabled":true,"_links":{"self":[{"href":"https:\/\/www.public.sn\/index.php\/wp-json\/wp\/v2\/posts\/12387","targetHints":{"allow":["GET"]}}],"collection":[{"href":"https:\/\/www.public.sn\/index.php\/wp-json\/wp\/v2\/posts"}],"about":[{"href":"https:\/\/www.public.sn\/index.php\/wp-json\/wp\/v2\/types\/post"}],"author":[{"embeddable":true,"href":"https:\/\/www.public.sn\/index.php\/wp-json\/wp\/v2\/users\/7"}],"replies":[{"embeddable":true,"href":"https:\/\/www.public.sn\/index.php\/wp-json\/wp\/v2\/comments?post=12387"}],"version-history":[{"count":3,"href":"https:\/\/www.public.sn\/index.php\/wp-json\/wp\/v2\/posts\/12387\/revisions"}],"predecessor-version":[{"id":12395,"href":"https:\/\/www.public.sn\/index.php\/wp-json\/wp\/v2\/posts\/12387\/revisions\/12395"}],"wp:featuredmedia":[{"embeddable":true,"href":"https:\/\/www.public.sn\/index.php\/wp-json\/wp\/v2\/media\/12393"}],"wp:attachment":[{"href":"https:\/\/www.public.sn\/index.php\/wp-json\/wp\/v2\/media?parent=12387"}],"wp:term":[{"taxonomy":"category","embeddable":true,"href":"https:\/\/www.public.sn\/index.php\/wp-json\/wp\/v2\/categories?post=12387"},{"taxonomy":"post_tag","embeddable":true,"href":"https:\/\/www.public.sn\/index.php\/wp-json\/wp\/v2\/tags?post=12387"}],"curies":[{"name":"wp","href":"https:\/\/api.w.org\/{rel}","templated":true}]}}