{"id":1252,"date":"2022-09-05T08:38:46","date_gmt":"2022-09-05T06:38:46","guid":{"rendered":"https:\/\/www.public.sn\/?p=1252"},"modified":"2022-09-05T08:40:50","modified_gmt":"2022-09-05T06:40:50","slug":"mercato-bamba-dieng-prefere-rester-a-marseille-malgre-loffre-interessante-danvers","status":"publish","type":"post","link":"https:\/\/www.public.sn\/index.php\/2022\/09\/05\/mercato-bamba-dieng-prefere-rester-a-marseille-malgre-loffre-interessante-danvers\/","title":{"rendered":"Mercato: Bamba Dieng pr\u00e9f\u00e8re rester \u00e0 Marseille malgr\u00e9 l\u2019offre int\u00e9ressante d\u2019Anvers."},"content":{"rendered":"\n<p>C&rsquo;\u00e9tait un des feuilletons de la fin du mercato marseillais, Bamba Dieng aurait pu et aurait m\u00eame d\u00fb quitter l&rsquo;Olympique de Marseille \u00e0 la fin de la fen\u00eatre des transferts. \u201c<em>Comme nous vous r\u00e9v\u00e9lions dans notre JT,\u00a0il n&rsquo;a d&rsquo;ailleurs pas \u00e9t\u00e9 choisi pour figurer sur la liste A des joueurs qui participeront \u00e0 la Ligue des Champions du c\u00f4t\u00e9 de Marseille. D&rsquo;autant plus qu&rsquo;il avait la possibilit\u00e9 de rejoindre le club belge d&rsquo;Anvers,<\/em> comme nous l&rsquo;avons annonc\u00e9 ce dimanche, mais le joueur a balay\u00e9 cette id\u00e9e d&rsquo;un revers de la main.<\/p><div class=\"publi-paragraphe1\" style=\"margin-top: 10px;margin-bottom: 10px;margin-left: auto;margin-right: auto;text-align: center;\" id=\"publi-2122557173\"><div class=\"publi-adlabel\">Publicit\u00e9<\/div><script async src=\"\/\/pagead2.googlesyndication.com\/pagead\/js\/adsbygoogle.js?client=ca-pub-4089586018074219\" crossorigin=\"anonymous\"><\/script><ins class=\"adsbygoogle\" style=\"display:block;\" data-ad-client=\"ca-pub-4089586018074219\" \ndata-ad-slot=\"2087940154\" \ndata-ad-format=\"auto\"><\/ins>\n<script> \n(adsbygoogle = window.adsbygoogle || []).push({}); \n<\/script>\n<\/div>\n\n\n\n<p>Et selon\u00a0L\u2019\u00c9quipe, l&rsquo;attaquant de 22 ans a en effet refus\u00e9 de rejoindre la Belgique. L&rsquo;attaquant n&rsquo;a tout simplement pas donn\u00e9 suite aux avances du Royal Antwerp. Malgr\u00e9 une offre salariale int\u00e9ressante et un temps de jeu assur\u00e9, Bamba Dieng a pr\u00e9f\u00e9r\u00e9 rester \u00e0 Marseille. Apr\u00e8s le dernier couac en date avec l&rsquo;OGC Nice (il y en a eu de nombreux autres avant cela, Lorient et Leeds United \u00e9tant aussi int\u00e9ress\u00e9s par le joueur), cet \u00e9ni\u00e8me revers a sans doute donn\u00e9 des id\u00e9es aux dirigeants olympiens qui ont d\u00e9cid\u00e9 de lui fermer la porte au nez apr\u00e8s son refus de quitter l&rsquo;OM.<\/p>\n<div class=\"publi-apres-le-contenu\" style=\"margin-top: 10px;margin-bottom: 10px;margin-left: auto;margin-right: auto;text-align: center;\" id=\"publi-2447029432\"><div class=\"publi-adlabel\">Publicit\u00e9<\/div><script async src=\"\/\/pagead2.googlesyndication.com\/pagead\/js\/adsbygoogle.js?client=ca-pub-4089586018074219\" crossorigin=\"anonymous\"><\/script><ins class=\"adsbygoogle\" style=\"display:block;\" data-ad-client=\"ca-pub-4089586018074219\" \ndata-ad-slot=\"2087940154\" \ndata-ad-format=\"auto\"><\/ins>\n<script> \n(adsbygoogle = window.adsbygoogle || []).push({}); \n<\/script>\n<\/div>","protected":false},"excerpt":{"rendered":"<p>C&rsquo;\u00e9tait un des feuilletons de la fin du mercato marseillais, Bamba Dieng aurait pu et aurait m\u00eame d\u00fb quitter l&rsquo;Olympique de Marseille \u00e0 la fin de la fen\u00eatre des transferts. \u201cComme nous vous r\u00e9v\u00e9lions dans notre JT,\u00a0il n&rsquo;a d&rsquo;ailleurs pas \u00e9t\u00e9 choisi pour figurer sur la liste A des joueurs qui participeront \u00e0 la Ligue des Champions du c\u00f4t\u00e9 de Marseille. D&rsquo;autant plus qu&rsquo;il avait la possibilit\u00e9 de rejoindre le club belge d&rsquo;Anvers, comme nous l&rsquo;avons annonc\u00e9 ce dimanche, mais le joueur a balay\u00e9 cette id\u00e9e d&rsquo;un revers de la main. Et selon\u00a0L\u2019\u00c9quipe, l&rsquo;attaquant de 22 ans a en effet refus\u00e9 de rejoindre la Belgique. L&rsquo;attaquant n&rsquo;a tout simplement pas donn\u00e9 suite aux avances du Royal Antwerp. Malgr\u00e9 une offre salariale int\u00e9ressante et un temps de jeu assur\u00e9, Bamba Dieng a pr\u00e9f\u00e9r\u00e9 rester \u00e0 Marseille. Apr\u00e8s le dernier couac en date avec l&rsquo;OGC Nice (il y en a eu de nombreux autres avant cela, Lorient et Leeds United \u00e9tant aussi int\u00e9ress\u00e9s par le joueur), cet \u00e9ni\u00e8me revers a sans doute donn\u00e9 des id\u00e9es aux dirigeants olympiens qui ont d\u00e9cid\u00e9 de lui fermer la porte au nez apr\u00e8s son refus de quitter l&rsquo;OM.<\/p>\n","protected":false},"author":1,"featured_media":1255,"comment_status":"open","ping_status":"open","sticky":false,"template":"","format":"standard","meta":{"_jetpack_memberships_contains_paid_content":false,"footnotes":""},"categories":[375,7],"tags":[513,82,514,68,403],"class_list":["post-1252","post","type-post","status-publish","format-standard","has-post-thumbnail","hentry","category-actualites","category-sport","tag-anvers","tag-bamba-dieng","tag-champion-dafrique","tag-football","tag-om","entry","has-media","owp-thumbs-layout-horizontal","owp-btn-normal","owp-tabs-layout-horizontal","has-no-thumbnails","has-product-nav"],"yoast_head":"<!-- This site is optimized with the Yoast SEO plugin v25.5 - https:\/\/yoast.com\/wordpress\/plugins\/seo\/ -->\n<title>Mercato: Bamba Dieng pr\u00e9f\u00e8re rester \u00e0 Marseille malgr\u00e9 l\u2019offre int\u00e9ressante d\u2019Anvers. - LE PUBLIC<\/title>\n<meta name=\"robots\" content=\"index, follow, max-snippet:-1, max-image-preview:large, max-video-preview:-1\" \/>\n<link rel=\"canonical\" href=\"https:\/\/www.public.sn\/index.php\/2022\/09\/05\/mercato-bamba-dieng-prefere-rester-a-marseille-malgre-loffre-interessante-danvers\/\" \/>\n<meta property=\"og:locale\" content=\"fr_FR\" \/>\n<meta property=\"og:type\" content=\"article\" \/>\n<meta property=\"og:title\" content=\"Mercato: Bamba Dieng pr\u00e9f\u00e8re rester \u00e0 Marseille malgr\u00e9 l\u2019offre int\u00e9ressante d\u2019Anvers. - LE PUBLIC\" \/>\n<meta property=\"og:description\" content=\"C&rsquo;\u00e9tait un des feuilletons de la fin du mercato marseillais, Bamba Dieng aurait pu et aurait m\u00eame d\u00fb quitter l&rsquo;Olympique de Marseille \u00e0 la fin de la fen\u00eatre des transferts. \u201cComme nous vous r\u00e9v\u00e9lions dans notre JT,\u00a0il n&rsquo;a d&rsquo;ailleurs pas \u00e9t\u00e9 choisi pour figurer sur la liste A des joueurs qui participeront \u00e0 la Ligue des Champions du c\u00f4t\u00e9 de Marseille. D&rsquo;autant plus qu&rsquo;il avait la possibilit\u00e9 de rejoindre le club belge d&rsquo;Anvers, comme nous l&rsquo;avons annonc\u00e9 ce dimanche, mais le joueur a balay\u00e9 cette id\u00e9e d&rsquo;un revers de la main. Et selon\u00a0L\u2019\u00c9quipe, l&rsquo;attaquant de 22 ans a en effet refus\u00e9 de rejoindre la Belgique. L&rsquo;attaquant n&rsquo;a tout simplement pas donn\u00e9 suite aux avances du Royal Antwerp. Malgr\u00e9 une offre salariale int\u00e9ressante et un temps de jeu assur\u00e9, Bamba Dieng a pr\u00e9f\u00e9r\u00e9 rester \u00e0 Marseille. Apr\u00e8s le dernier couac en date avec l&rsquo;OGC Nice (il y en a eu de nombreux autres avant cela, Lorient et Leeds United \u00e9tant aussi int\u00e9ress\u00e9s par le joueur), cet \u00e9ni\u00e8me revers a sans doute donn\u00e9 des id\u00e9es aux dirigeants olympiens qui ont d\u00e9cid\u00e9 de lui fermer la porte au nez apr\u00e8s son refus de quitter l&rsquo;OM.\" \/>\n<meta property=\"og:url\" content=\"https:\/\/www.public.sn\/index.php\/2022\/09\/05\/mercato-bamba-dieng-prefere-rester-a-marseille-malgre-loffre-interessante-danvers\/\" \/>\n<meta property=\"og:site_name\" content=\"LE PUBLIC\" \/>\n<meta property=\"article:published_time\" content=\"2022-09-05T06:38:46+00:00\" \/>\n<meta property=\"article:modified_time\" content=\"2022-09-05T06:40:50+00:00\" \/>\n<meta property=\"og:image\" content=\"https:\/\/www.public.sn\/wp-content\/uploads\/2022\/09\/FF7C1B69-D7E1-4C8C-B125-86AF33CD7CA6.jpeg\" \/>\n\t<meta property=\"og:image:width\" content=\"850\" \/>\n\t<meta property=\"og:image:height\" content=\"567\" \/>\n\t<meta property=\"og:image:type\" content=\"image\/jpeg\" \/>\n<meta name=\"author\" content=\"LA REDACTION\" \/>\n<meta name=\"twitter:card\" content=\"summary_large_image\" \/>\n<meta name=\"twitter:label1\" content=\"\u00c9crit par\" \/>\n\t<meta name=\"twitter:data1\" content=\"LA REDACTION\" \/>\n\t<meta name=\"twitter:label2\" content=\"Dur\u00e9e de lecture estim\u00e9e\" \/>\n\t<meta name=\"twitter:data2\" content=\"1 minute\" \/>\n<script type=\"application\/ld+json\" class=\"yoast-schema-graph\">{\"@context\":\"https:\/\/schema.org\",\"@graph\":[{\"@type\":\"Article\",\"@id\":\"https:\/\/www.public.sn\/index.php\/2022\/09\/05\/mercato-bamba-dieng-prefere-rester-a-marseille-malgre-loffre-interessante-danvers\/#article\",\"isPartOf\":{\"@id\":\"https:\/\/www.public.sn\/index.php\/2022\/09\/05\/mercato-bamba-dieng-prefere-rester-a-marseille-malgre-loffre-interessante-danvers\/\"},\"author\":{\"name\":\"LA REDACTION\",\"@id\":\"https:\/\/www.public.sn\/#\/schema\/person\/e3f4a11b037d4203902db148f9bc8d5a\"},\"headline\":\"Mercato: Bamba Dieng pr\u00e9f\u00e8re rester \u00e0 Marseille malgr\u00e9 l\u2019offre int\u00e9ressante d\u2019Anvers.\",\"datePublished\":\"2022-09-05T06:38:46+00:00\",\"dateModified\":\"2022-09-05T06:40:50+00:00\",\"mainEntityOfPage\":{\"@id\":\"https:\/\/www.public.sn\/index.php\/2022\/09\/05\/mercato-bamba-dieng-prefere-rester-a-marseille-malgre-loffre-interessante-danvers\/\"},\"wordCount\":223,\"commentCount\":0,\"publisher\":{\"@id\":\"https:\/\/www.public.sn\/#organization\"},\"image\":{\"@id\":\"https:\/\/www.public.sn\/index.php\/2022\/09\/05\/mercato-bamba-dieng-prefere-rester-a-marseille-malgre-loffre-interessante-danvers\/#primaryimage\"},\"thumbnailUrl\":\"https:\/\/www.public.sn\/wp-content\/uploads\/2022\/09\/FF7C1B69-D7E1-4C8C-B125-86AF33CD7CA6.jpeg\",\"keywords\":[\"Anvers\",\"Bamba Dieng\",\"Champion d\u2019Afrique\",\"Football\",\"OM\"],\"articleSection\":[\"ACTUALIT\u00c9S\",\"SPORTS\"],\"inLanguage\":\"fr-FR\",\"potentialAction\":[{\"@type\":\"CommentAction\",\"name\":\"Comment\",\"target\":[\"https:\/\/www.public.sn\/index.php\/2022\/09\/05\/mercato-bamba-dieng-prefere-rester-a-marseille-malgre-loffre-interessante-danvers\/#respond\"]}]},{\"@type\":\"WebPage\",\"@id\":\"https:\/\/www.public.sn\/index.php\/2022\/09\/05\/mercato-bamba-dieng-prefere-rester-a-marseille-malgre-loffre-interessante-danvers\/\",\"url\":\"https:\/\/www.public.sn\/index.php\/2022\/09\/05\/mercato-bamba-dieng-prefere-rester-a-marseille-malgre-loffre-interessante-danvers\/\",\"name\":\"Mercato: Bamba Dieng pr\u00e9f\u00e8re rester \u00e0 Marseille malgr\u00e9 l\u2019offre int\u00e9ressante d\u2019Anvers. - LE PUBLIC\",\"isPartOf\":{\"@id\":\"https:\/\/www.public.sn\/#website\"},\"primaryImageOfPage\":{\"@id\":\"https:\/\/www.public.sn\/index.php\/2022\/09\/05\/mercato-bamba-dieng-prefere-rester-a-marseille-malgre-loffre-interessante-danvers\/#primaryimage\"},\"image\":{\"@id\":\"https:\/\/www.public.sn\/index.php\/2022\/09\/05\/mercato-bamba-dieng-prefere-rester-a-marseille-malgre-loffre-interessante-danvers\/#primaryimage\"},\"thumbnailUrl\":\"https:\/\/www.public.sn\/wp-content\/uploads\/2022\/09\/FF7C1B69-D7E1-4C8C-B125-86AF33CD7CA6.jpeg\",\"datePublished\":\"2022-09-05T06:38:46+00:00\",\"dateModified\":\"2022-09-05T06:40:50+00:00\",\"breadcrumb\":{\"@id\":\"https:\/\/www.public.sn\/index.php\/2022\/09\/05\/mercato-bamba-dieng-prefere-rester-a-marseille-malgre-loffre-interessante-danvers\/#breadcrumb\"},\"inLanguage\":\"fr-FR\",\"potentialAction\":[{\"@type\":\"ReadAction\",\"target\":[\"https:\/\/www.public.sn\/index.php\/2022\/09\/05\/mercato-bamba-dieng-prefere-rester-a-marseille-malgre-loffre-interessante-danvers\/\"]}]},{\"@type\":\"ImageObject\",\"inLanguage\":\"fr-FR\",\"@id\":\"https:\/\/www.public.sn\/index.php\/2022\/09\/05\/mercato-bamba-dieng-prefere-rester-a-marseille-malgre-loffre-interessante-danvers\/#primaryimage\",\"url\":\"https:\/\/www.public.sn\/wp-content\/uploads\/2022\/09\/FF7C1B69-D7E1-4C8C-B125-86AF33CD7CA6.jpeg\",\"contentUrl\":\"https:\/\/www.public.sn\/wp-content\/uploads\/2022\/09\/FF7C1B69-D7E1-4C8C-B125-86AF33CD7CA6.jpeg\",\"width\":850,\"height\":567},{\"@type\":\"BreadcrumbList\",\"@id\":\"https:\/\/www.public.sn\/index.php\/2022\/09\/05\/mercato-bamba-dieng-prefere-rester-a-marseille-malgre-loffre-interessante-danvers\/#breadcrumb\",\"itemListElement\":[{\"@type\":\"ListItem\",\"position\":1,\"name\":\"Accueil\",\"item\":\"https:\/\/www.public.sn\/\"},{\"@type\":\"ListItem\",\"position\":2,\"name\":\"Mercato: Bamba Dieng pr\u00e9f\u00e8re rester \u00e0 Marseille malgr\u00e9 l\u2019offre int\u00e9ressante d\u2019Anvers.\"}]},{\"@type\":\"WebSite\",\"@id\":\"https:\/\/www.public.sn\/#website\",\"url\":\"https:\/\/www.public.sn\/\",\"name\":\"LE PUBLIC\",\"description\":\"\",\"publisher\":{\"@id\":\"https:\/\/www.public.sn\/#organization\"},\"potentialAction\":[{\"@type\":\"SearchAction\",\"target\":{\"@type\":\"EntryPoint\",\"urlTemplate\":\"https:\/\/www.public.sn\/?s={search_term_string}\"},\"query-input\":{\"@type\":\"PropertyValueSpecification\",\"valueRequired\":true,\"valueName\":\"search_term_string\"}}],\"inLanguage\":\"fr-FR\"},{\"@type\":\"Organization\",\"@id\":\"https:\/\/www.public.sn\/#organization\",\"name\":\"LE PUBLIC\",\"url\":\"https:\/\/www.public.sn\/\",\"logo\":{\"@type\":\"ImageObject\",\"inLanguage\":\"fr-FR\",\"@id\":\"https:\/\/www.public.sn\/#\/schema\/logo\/image\/\",\"url\":\"https:\/\/www.public.sn\/wp-content\/uploads\/2024\/05\/cropped-LOGO-PUBLIC.SN_.png\",\"contentUrl\":\"https:\/\/www.public.sn\/wp-content\/uploads\/2024\/05\/cropped-LOGO-PUBLIC.SN_.png\",\"width\":682,\"height\":192,\"caption\":\"LE PUBLIC\"},\"image\":{\"@id\":\"https:\/\/www.public.sn\/#\/schema\/logo\/image\/\"}},{\"@type\":\"Person\",\"@id\":\"https:\/\/www.public.sn\/#\/schema\/person\/e3f4a11b037d4203902db148f9bc8d5a\",\"name\":\"LA REDACTION\",\"image\":{\"@type\":\"ImageObject\",\"inLanguage\":\"fr-FR\",\"@id\":\"https:\/\/www.public.sn\/#\/schema\/person\/image\/\",\"url\":\"https:\/\/secure.gravatar.com\/avatar\/d6c030db45db2883c075085c5d6c6258654a801a93766b49af0b82d4f454e2a5?s=96&d=mm&r=g\",\"contentUrl\":\"https:\/\/secure.gravatar.com\/avatar\/d6c030db45db2883c075085c5d6c6258654a801a93766b49af0b82d4f454e2a5?s=96&d=mm&r=g\",\"caption\":\"LA REDACTION\"},\"sameAs\":[\"http:\/\/www.public.sn\"],\"url\":\"https:\/\/www.public.sn\/index.php\/author\/admin7324\/\"}]}<\/script>\n<!-- \/ Yoast SEO plugin. -->","yoast_head_json":{"title":"Mercato: Bamba Dieng pr\u00e9f\u00e8re rester \u00e0 Marseille malgr\u00e9 l\u2019offre int\u00e9ressante d\u2019Anvers. - LE PUBLIC","robots":{"index":"index","follow":"follow","max-snippet":"max-snippet:-1","max-image-preview":"max-image-preview:large","max-video-preview":"max-video-preview:-1"},"canonical":"https:\/\/www.public.sn\/index.php\/2022\/09\/05\/mercato-bamba-dieng-prefere-rester-a-marseille-malgre-loffre-interessante-danvers\/","og_locale":"fr_FR","og_type":"article","og_title":"Mercato: Bamba Dieng pr\u00e9f\u00e8re rester \u00e0 Marseille malgr\u00e9 l\u2019offre int\u00e9ressante d\u2019Anvers. - LE PUBLIC","og_description":"C&rsquo;\u00e9tait un des feuilletons de la fin du mercato marseillais, Bamba Dieng aurait pu et aurait m\u00eame d\u00fb quitter l&rsquo;Olympique de Marseille \u00e0 la fin de la fen\u00eatre des transferts. \u201cComme nous vous r\u00e9v\u00e9lions dans notre JT,\u00a0il n&rsquo;a d&rsquo;ailleurs pas \u00e9t\u00e9 choisi pour figurer sur la liste A des joueurs qui participeront \u00e0 la Ligue des Champions du c\u00f4t\u00e9 de Marseille. D&rsquo;autant plus qu&rsquo;il avait la possibilit\u00e9 de rejoindre le club belge d&rsquo;Anvers, comme nous l&rsquo;avons annonc\u00e9 ce dimanche, mais le joueur a balay\u00e9 cette id\u00e9e d&rsquo;un revers de la main. Et selon\u00a0L\u2019\u00c9quipe, l&rsquo;attaquant de 22 ans a en effet refus\u00e9 de rejoindre la Belgique. L&rsquo;attaquant n&rsquo;a tout simplement pas donn\u00e9 suite aux avances du Royal Antwerp. Malgr\u00e9 une offre salariale int\u00e9ressante et un temps de jeu assur\u00e9, Bamba Dieng a pr\u00e9f\u00e9r\u00e9 rester \u00e0 Marseille. Apr\u00e8s le dernier couac en date avec l&rsquo;OGC Nice (il y en a eu de nombreux autres avant cela, Lorient et Leeds United \u00e9tant aussi int\u00e9ress\u00e9s par le joueur), cet \u00e9ni\u00e8me revers a sans doute donn\u00e9 des id\u00e9es aux dirigeants olympiens qui ont d\u00e9cid\u00e9 de lui fermer la porte au nez apr\u00e8s son refus de quitter l&rsquo;OM.","og_url":"https:\/\/www.public.sn\/index.php\/2022\/09\/05\/mercato-bamba-dieng-prefere-rester-a-marseille-malgre-loffre-interessante-danvers\/","og_site_name":"LE PUBLIC","article_published_time":"2022-09-05T06:38:46+00:00","article_modified_time":"2022-09-05T06:40:50+00:00","og_image":[{"width":850,"height":567,"url":"https:\/\/www.public.sn\/wp-content\/uploads\/2022\/09\/FF7C1B69-D7E1-4C8C-B125-86AF33CD7CA6.jpeg","type":"image\/jpeg"}],"author":"LA REDACTION","twitter_card":"summary_large_image","twitter_misc":{"\u00c9crit par":"LA REDACTION","Dur\u00e9e de lecture estim\u00e9e":"1 minute"},"schema":{"@context":"https:\/\/schema.org","@graph":[{"@type":"Article","@id":"https:\/\/www.public.sn\/index.php\/2022\/09\/05\/mercato-bamba-dieng-prefere-rester-a-marseille-malgre-loffre-interessante-danvers\/#article","isPartOf":{"@id":"https:\/\/www.public.sn\/index.php\/2022\/09\/05\/mercato-bamba-dieng-prefere-rester-a-marseille-malgre-loffre-interessante-danvers\/"},"author":{"name":"LA REDACTION","@id":"https:\/\/www.public.sn\/#\/schema\/person\/e3f4a11b037d4203902db148f9bc8d5a"},"headline":"Mercato: Bamba Dieng pr\u00e9f\u00e8re rester \u00e0 Marseille malgr\u00e9 l\u2019offre int\u00e9ressante d\u2019Anvers.","datePublished":"2022-09-05T06:38:46+00:00","dateModified":"2022-09-05T06:40:50+00:00","mainEntityOfPage":{"@id":"https:\/\/www.public.sn\/index.php\/2022\/09\/05\/mercato-bamba-dieng-prefere-rester-a-marseille-malgre-loffre-interessante-danvers\/"},"wordCount":223,"commentCount":0,"publisher":{"@id":"https:\/\/www.public.sn\/#organization"},"image":{"@id":"https:\/\/www.public.sn\/index.php\/2022\/09\/05\/mercato-bamba-dieng-prefere-rester-a-marseille-malgre-loffre-interessante-danvers\/#primaryimage"},"thumbnailUrl":"https:\/\/www.public.sn\/wp-content\/uploads\/2022\/09\/FF7C1B69-D7E1-4C8C-B125-86AF33CD7CA6.jpeg","keywords":["Anvers","Bamba Dieng","Champion d\u2019Afrique","Football","OM"],"articleSection":["ACTUALIT\u00c9S","SPORTS"],"inLanguage":"fr-FR","potentialAction":[{"@type":"CommentAction","name":"Comment","target":["https:\/\/www.public.sn\/index.php\/2022\/09\/05\/mercato-bamba-dieng-prefere-rester-a-marseille-malgre-loffre-interessante-danvers\/#respond"]}]},{"@type":"WebPage","@id":"https:\/\/www.public.sn\/index.php\/2022\/09\/05\/mercato-bamba-dieng-prefere-rester-a-marseille-malgre-loffre-interessante-danvers\/","url":"https:\/\/www.public.sn\/index.php\/2022\/09\/05\/mercato-bamba-dieng-prefere-rester-a-marseille-malgre-loffre-interessante-danvers\/","name":"Mercato: Bamba Dieng pr\u00e9f\u00e8re rester \u00e0 Marseille malgr\u00e9 l\u2019offre int\u00e9ressante d\u2019Anvers. - LE PUBLIC","isPartOf":{"@id":"https:\/\/www.public.sn\/#website"},"primaryImageOfPage":{"@id":"https:\/\/www.public.sn\/index.php\/2022\/09\/05\/mercato-bamba-dieng-prefere-rester-a-marseille-malgre-loffre-interessante-danvers\/#primaryimage"},"image":{"@id":"https:\/\/www.public.sn\/index.php\/2022\/09\/05\/mercato-bamba-dieng-prefere-rester-a-marseille-malgre-loffre-interessante-danvers\/#primaryimage"},"thumbnailUrl":"https:\/\/www.public.sn\/wp-content\/uploads\/2022\/09\/FF7C1B69-D7E1-4C8C-B125-86AF33CD7CA6.jpeg","datePublished":"2022-09-05T06:38:46+00:00","dateModified":"2022-09-05T06:40:50+00:00","breadcrumb":{"@id":"https:\/\/www.public.sn\/index.php\/2022\/09\/05\/mercato-bamba-dieng-prefere-rester-a-marseille-malgre-loffre-interessante-danvers\/#breadcrumb"},"inLanguage":"fr-FR","potentialAction":[{"@type":"ReadAction","target":["https:\/\/www.public.sn\/index.php\/2022\/09\/05\/mercato-bamba-dieng-prefere-rester-a-marseille-malgre-loffre-interessante-danvers\/"]}]},{"@type":"ImageObject","inLanguage":"fr-FR","@id":"https:\/\/www.public.sn\/index.php\/2022\/09\/05\/mercato-bamba-dieng-prefere-rester-a-marseille-malgre-loffre-interessante-danvers\/#primaryimage","url":"https:\/\/www.public.sn\/wp-content\/uploads\/2022\/09\/FF7C1B69-D7E1-4C8C-B125-86AF33CD7CA6.jpeg","contentUrl":"https:\/\/www.public.sn\/wp-content\/uploads\/2022\/09\/FF7C1B69-D7E1-4C8C-B125-86AF33CD7CA6.jpeg","width":850,"height":567},{"@type":"BreadcrumbList","@id":"https:\/\/www.public.sn\/index.php\/2022\/09\/05\/mercato-bamba-dieng-prefere-rester-a-marseille-malgre-loffre-interessante-danvers\/#breadcrumb","itemListElement":[{"@type":"ListItem","position":1,"name":"Accueil","item":"https:\/\/www.public.sn\/"},{"@type":"ListItem","position":2,"name":"Mercato: Bamba Dieng pr\u00e9f\u00e8re rester \u00e0 Marseille malgr\u00e9 l\u2019offre int\u00e9ressante d\u2019Anvers."}]},{"@type":"WebSite","@id":"https:\/\/www.public.sn\/#website","url":"https:\/\/www.public.sn\/","name":"LE PUBLIC","description":"","publisher":{"@id":"https:\/\/www.public.sn\/#organization"},"potentialAction":[{"@type":"SearchAction","target":{"@type":"EntryPoint","urlTemplate":"https:\/\/www.public.sn\/?s={search_term_string}"},"query-input":{"@type":"PropertyValueSpecification","valueRequired":true,"valueName":"search_term_string"}}],"inLanguage":"fr-FR"},{"@type":"Organization","@id":"https:\/\/www.public.sn\/#organization","name":"LE PUBLIC","url":"https:\/\/www.public.sn\/","logo":{"@type":"ImageObject","inLanguage":"fr-FR","@id":"https:\/\/www.public.sn\/#\/schema\/logo\/image\/","url":"https:\/\/www.public.sn\/wp-content\/uploads\/2024\/05\/cropped-LOGO-PUBLIC.SN_.png","contentUrl":"https:\/\/www.public.sn\/wp-content\/uploads\/2024\/05\/cropped-LOGO-PUBLIC.SN_.png","width":682,"height":192,"caption":"LE PUBLIC"},"image":{"@id":"https:\/\/www.public.sn\/#\/schema\/logo\/image\/"}},{"@type":"Person","@id":"https:\/\/www.public.sn\/#\/schema\/person\/e3f4a11b037d4203902db148f9bc8d5a","name":"LA REDACTION","image":{"@type":"ImageObject","inLanguage":"fr-FR","@id":"https:\/\/www.public.sn\/#\/schema\/person\/image\/","url":"https:\/\/secure.gravatar.com\/avatar\/d6c030db45db2883c075085c5d6c6258654a801a93766b49af0b82d4f454e2a5?s=96&d=mm&r=g","contentUrl":"https:\/\/secure.gravatar.com\/avatar\/d6c030db45db2883c075085c5d6c6258654a801a93766b49af0b82d4f454e2a5?s=96&d=mm&r=g","caption":"LA REDACTION"},"sameAs":["http:\/\/www.public.sn"],"url":"https:\/\/www.public.sn\/index.php\/author\/admin7324\/"}]}},"jetpack_featured_media_url":"https:\/\/www.public.sn\/wp-content\/uploads\/2022\/09\/FF7C1B69-D7E1-4C8C-B125-86AF33CD7CA6.jpeg","jetpack_sharing_enabled":true,"_links":{"self":[{"href":"https:\/\/www.public.sn\/index.php\/wp-json\/wp\/v2\/posts\/1252","targetHints":{"allow":["GET"]}}],"collection":[{"href":"https:\/\/www.public.sn\/index.php\/wp-json\/wp\/v2\/posts"}],"about":[{"href":"https:\/\/www.public.sn\/index.php\/wp-json\/wp\/v2\/types\/post"}],"author":[{"embeddable":true,"href":"https:\/\/www.public.sn\/index.php\/wp-json\/wp\/v2\/users\/1"}],"replies":[{"embeddable":true,"href":"https:\/\/www.public.sn\/index.php\/wp-json\/wp\/v2\/comments?post=1252"}],"version-history":[{"count":1,"href":"https:\/\/www.public.sn\/index.php\/wp-json\/wp\/v2\/posts\/1252\/revisions"}],"predecessor-version":[{"id":1253,"href":"https:\/\/www.public.sn\/index.php\/wp-json\/wp\/v2\/posts\/1252\/revisions\/1253"}],"wp:featuredmedia":[{"embeddable":true,"href":"https:\/\/www.public.sn\/index.php\/wp-json\/wp\/v2\/media\/1255"}],"wp:attachment":[{"href":"https:\/\/www.public.sn\/index.php\/wp-json\/wp\/v2\/media?parent=1252"}],"wp:term":[{"taxonomy":"category","embeddable":true,"href":"https:\/\/www.public.sn\/index.php\/wp-json\/wp\/v2\/categories?post=1252"},{"taxonomy":"post_tag","embeddable":true,"href":"https:\/\/www.public.sn\/index.php\/wp-json\/wp\/v2\/tags?post=1252"}],"curies":[{"name":"wp","href":"https:\/\/api.w.org\/{rel}","templated":true}]}}