{"id":1256,"date":"2022-09-05T08:47:17","date_gmt":"2022-09-05T06:47:17","guid":{"rendered":"https:\/\/www.public.sn\/?p=1256"},"modified":"2022-09-05T08:49:03","modified_gmt":"2022-09-05T06:49:03","slug":"guinee-lex-president-alpha-conde-hospitalise-en-urgence-a-istanbul-turquie","status":"publish","type":"post","link":"https:\/\/www.public.sn\/index.php\/2022\/09\/05\/guinee-lex-president-alpha-conde-hospitalise-en-urgence-a-istanbul-turquie\/","title":{"rendered":"Guin\u00e9e: L\u2019ex-pr\u00e9sident Alpha Cond\u00e9 hospitalis\u00e9 en urgence \u00e0 Istanbul (Turquie)."},"content":{"rendered":"\n<h2 class=\"wp-block-heading\">L\u2019ancien Pr\u00e9sident guin\u00e9en, Alpha Cond\u00e9 (84 ans) a \u00e9t\u00e9 hospitalis\u00e9 en urgence, samedi \u00e0 Istanbul, rapportent les m\u00e9dias locaux. <strong>L\u2019ex-dirigeant guin\u00e9en a \u00e9t\u00e9 admis samedi \u00e0 l\u2019h\u00f4pital, mais son hospitalisation s\u2019est faite aujourd\u2019hui, pr\u00e9cisent les m\u00eames sources, indiquant que \u00ab\u00a0son \u00e9tat de sant\u00e9 est critique\u00a0\u00bb.<\/strong><\/h2>\n\n\n\n<p>Alpha Cond\u00e9 a quitt\u00e9 la Guin\u00e9e le 21 mai dernier pour la Turquie sur autorisation expresse du CNRD (Comit\u00e9 national du rassemblement pour le d\u00e9veloppement). C\u2019est la deuxi\u00e8me sortie d\u2019Alpha Cond\u00e9 du pays pour raison de sant\u00e9 depuis son \u00e9viction du pouvoir en septembre 2021. Le 17 janvier dernier, l\u2019ancien pr\u00e9sident avait quitt\u00e9 le pays pour les Emirats Arabes Unis o\u00f9 il avait \u00e9t\u00e9 hospitalis\u00e9 avant de regagner Conakry le 8 avril . Deux semaines apr\u00e8s son retour, les autorit\u00e9s de la Transition en Guin\u00e9e avaient annonc\u00e9 lui avoir accord\u00e9 la libert\u00e9 de mouvement. Arriv\u00e9 au pouvoir en 2010, Alpha Cond\u00e9 a \u00e9t\u00e9 renvers\u00e9 le 05 septembre 2021 par le colonel Mamadi Doumbouya.<\/p><div class=\"publi-paragraphe1\" style=\"margin-top: 10px;margin-bottom: 10px;margin-left: auto;margin-right: auto;text-align: center;\" id=\"publi-4033313693\"><div class=\"publi-adlabel\">Publicit\u00e9<\/div><script async src=\"\/\/pagead2.googlesyndication.com\/pagead\/js\/adsbygoogle.js?client=ca-pub-4089586018074219\" crossorigin=\"anonymous\"><\/script><ins class=\"adsbygoogle\" style=\"display:block;\" data-ad-client=\"ca-pub-4089586018074219\" \ndata-ad-slot=\"2087940154\" \ndata-ad-format=\"auto\"><\/ins>\n<script> \n(adsbygoogle = window.adsbygoogle || []).push({}); \n<\/script>\n<\/div>\n<div class=\"publi-apres-le-contenu\" style=\"margin-top: 10px;margin-bottom: 10px;margin-left: auto;margin-right: auto;text-align: center;\" id=\"publi-1194617261\"><div class=\"publi-adlabel\">Publicit\u00e9<\/div><script async src=\"\/\/pagead2.googlesyndication.com\/pagead\/js\/adsbygoogle.js?client=ca-pub-4089586018074219\" crossorigin=\"anonymous\"><\/script><ins class=\"adsbygoogle\" style=\"display:block;\" data-ad-client=\"ca-pub-4089586018074219\" \ndata-ad-slot=\"2087940154\" \ndata-ad-format=\"auto\"><\/ins>\n<script> \n(adsbygoogle = window.adsbygoogle || []).push({}); \n<\/script>\n<\/div>","protected":false},"excerpt":{"rendered":"<p>L\u2019ancien Pr\u00e9sident guin\u00e9en, Alpha Cond\u00e9 (84 ans) a \u00e9t\u00e9 hospitalis\u00e9 en urgence, samedi \u00e0 Istanbul, rapportent les m\u00e9dias locaux. L\u2019ex-dirigeant guin\u00e9en a \u00e9t\u00e9 admis samedi \u00e0 l\u2019h\u00f4pital, mais son hospitalisation s\u2019est faite aujourd\u2019hui, pr\u00e9cisent les m\u00eames sources, indiquant que \u00ab\u00a0son \u00e9tat de sant\u00e9 est critique\u00a0\u00bb. Alpha Cond\u00e9 a quitt\u00e9 la Guin\u00e9e le 21 mai dernier pour la Turquie sur autorisation expresse du CNRD (Comit\u00e9 national du rassemblement pour le d\u00e9veloppement). C\u2019est la deuxi\u00e8me sortie d\u2019Alpha Cond\u00e9 du pays pour raison de sant\u00e9 depuis son \u00e9viction du pouvoir en septembre 2021. Le 17 janvier dernier, l\u2019ancien pr\u00e9sident avait quitt\u00e9 le pays pour les Emirats Arabes Unis o\u00f9 il avait \u00e9t\u00e9 hospitalis\u00e9 avant de regagner Conakry le 8 avril . Deux semaines apr\u00e8s son retour, les autorit\u00e9s de la Transition en Guin\u00e9e avaient annonc\u00e9 lui avoir accord\u00e9 la libert\u00e9 de mouvement. Arriv\u00e9 au pouvoir en 2010, Alpha Cond\u00e9 a \u00e9t\u00e9 renvers\u00e9 le 05 septembre 2021 par le colonel Mamadi Doumbouya.<\/p>\n","protected":false},"author":1,"featured_media":1257,"comment_status":"open","ping_status":"open","sticky":false,"template":"","format":"standard","meta":{"_jetpack_memberships_contains_paid_content":false,"footnotes":""},"categories":[375],"tags":[515,516,517,518,519],"class_list":["post-1256","post","type-post","status-publish","format-standard","has-post-thumbnail","hentry","category-actualites","tag-alpha-conde","tag-guinee","tag-istambul","tag-malade","tag-urgence","entry","has-media","owp-thumbs-layout-horizontal","owp-btn-normal","owp-tabs-layout-horizontal","has-no-thumbnails","has-product-nav"],"yoast_head":"<!-- This site is optimized with the Yoast SEO plugin v25.5 - https:\/\/yoast.com\/wordpress\/plugins\/seo\/ -->\n<title>Guin\u00e9e: L\u2019ex-pr\u00e9sident Alpha Cond\u00e9 hospitalis\u00e9 en urgence \u00e0 Istanbul (Turquie). - LE PUBLIC<\/title>\n<meta name=\"robots\" content=\"index, follow, max-snippet:-1, max-image-preview:large, max-video-preview:-1\" \/>\n<link rel=\"canonical\" href=\"https:\/\/www.public.sn\/index.php\/2022\/09\/05\/guinee-lex-president-alpha-conde-hospitalise-en-urgence-a-istanbul-turquie\/\" \/>\n<meta property=\"og:locale\" content=\"fr_FR\" \/>\n<meta property=\"og:type\" content=\"article\" \/>\n<meta property=\"og:title\" content=\"Guin\u00e9e: L\u2019ex-pr\u00e9sident Alpha Cond\u00e9 hospitalis\u00e9 en urgence \u00e0 Istanbul (Turquie). - LE PUBLIC\" \/>\n<meta property=\"og:description\" content=\"L\u2019ancien Pr\u00e9sident guin\u00e9en, Alpha Cond\u00e9 (84 ans) a \u00e9t\u00e9 hospitalis\u00e9 en urgence, samedi \u00e0 Istanbul, rapportent les m\u00e9dias locaux. L\u2019ex-dirigeant guin\u00e9en a \u00e9t\u00e9 admis samedi \u00e0 l\u2019h\u00f4pital, mais son hospitalisation s\u2019est faite aujourd\u2019hui, pr\u00e9cisent les m\u00eames sources, indiquant que \u00ab\u00a0son \u00e9tat de sant\u00e9 est critique\u00a0\u00bb. Alpha Cond\u00e9 a quitt\u00e9 la Guin\u00e9e le 21 mai dernier pour la Turquie sur autorisation expresse du CNRD (Comit\u00e9 national du rassemblement pour le d\u00e9veloppement). C\u2019est la deuxi\u00e8me sortie d\u2019Alpha Cond\u00e9 du pays pour raison de sant\u00e9 depuis son \u00e9viction du pouvoir en septembre 2021. Le 17 janvier dernier, l\u2019ancien pr\u00e9sident avait quitt\u00e9 le pays pour les Emirats Arabes Unis o\u00f9 il avait \u00e9t\u00e9 hospitalis\u00e9 avant de regagner Conakry le 8 avril . Deux semaines apr\u00e8s son retour, les autorit\u00e9s de la Transition en Guin\u00e9e avaient annonc\u00e9 lui avoir accord\u00e9 la libert\u00e9 de mouvement. Arriv\u00e9 au pouvoir en 2010, Alpha Cond\u00e9 a \u00e9t\u00e9 renvers\u00e9 le 05 septembre 2021 par le colonel Mamadi Doumbouya.\" \/>\n<meta property=\"og:url\" content=\"https:\/\/www.public.sn\/index.php\/2022\/09\/05\/guinee-lex-president-alpha-conde-hospitalise-en-urgence-a-istanbul-turquie\/\" \/>\n<meta property=\"og:site_name\" content=\"LE PUBLIC\" \/>\n<meta property=\"article:published_time\" content=\"2022-09-05T06:47:17+00:00\" \/>\n<meta property=\"article:modified_time\" content=\"2022-09-05T06:49:03+00:00\" \/>\n<meta property=\"og:image\" content=\"https:\/\/www.public.sn\/wp-content\/uploads\/2022\/09\/47B4370E-3A17-423C-A1DD-C53013403AD2.jpeg\" \/>\n\t<meta property=\"og:image:width\" content=\"700\" \/>\n\t<meta property=\"og:image:height\" content=\"394\" \/>\n\t<meta property=\"og:image:type\" content=\"image\/jpeg\" \/>\n<meta name=\"author\" content=\"LA REDACTION\" \/>\n<meta name=\"twitter:card\" content=\"summary_large_image\" \/>\n<meta name=\"twitter:label1\" content=\"\u00c9crit par\" \/>\n\t<meta name=\"twitter:data1\" content=\"LA REDACTION\" \/>\n\t<meta name=\"twitter:label2\" content=\"Dur\u00e9e de lecture estim\u00e9e\" \/>\n\t<meta name=\"twitter:data2\" content=\"1 minute\" \/>\n<script type=\"application\/ld+json\" class=\"yoast-schema-graph\">{\"@context\":\"https:\/\/schema.org\",\"@graph\":[{\"@type\":\"Article\",\"@id\":\"https:\/\/www.public.sn\/index.php\/2022\/09\/05\/guinee-lex-president-alpha-conde-hospitalise-en-urgence-a-istanbul-turquie\/#article\",\"isPartOf\":{\"@id\":\"https:\/\/www.public.sn\/index.php\/2022\/09\/05\/guinee-lex-president-alpha-conde-hospitalise-en-urgence-a-istanbul-turquie\/\"},\"author\":{\"name\":\"LA REDACTION\",\"@id\":\"https:\/\/www.public.sn\/#\/schema\/person\/e3f4a11b037d4203902db148f9bc8d5a\"},\"headline\":\"Guin\u00e9e: L\u2019ex-pr\u00e9sident Alpha Cond\u00e9 hospitalis\u00e9 en urgence \u00e0 Istanbul (Turquie).\",\"datePublished\":\"2022-09-05T06:47:17+00:00\",\"dateModified\":\"2022-09-05T06:49:03+00:00\",\"mainEntityOfPage\":{\"@id\":\"https:\/\/www.public.sn\/index.php\/2022\/09\/05\/guinee-lex-president-alpha-conde-hospitalise-en-urgence-a-istanbul-turquie\/\"},\"wordCount\":181,\"commentCount\":0,\"publisher\":{\"@id\":\"https:\/\/www.public.sn\/#organization\"},\"image\":{\"@id\":\"https:\/\/www.public.sn\/index.php\/2022\/09\/05\/guinee-lex-president-alpha-conde-hospitalise-en-urgence-a-istanbul-turquie\/#primaryimage\"},\"thumbnailUrl\":\"https:\/\/www.public.sn\/wp-content\/uploads\/2022\/09\/47B4370E-3A17-423C-A1DD-C53013403AD2.jpeg\",\"keywords\":[\"Alpha Cond\u00e9\",\"Guin\u00e9e\",\"Istambul\",\"Malade\",\"Urgence\"],\"articleSection\":[\"ACTUALIT\u00c9S\"],\"inLanguage\":\"fr-FR\",\"potentialAction\":[{\"@type\":\"CommentAction\",\"name\":\"Comment\",\"target\":[\"https:\/\/www.public.sn\/index.php\/2022\/09\/05\/guinee-lex-president-alpha-conde-hospitalise-en-urgence-a-istanbul-turquie\/#respond\"]}]},{\"@type\":\"WebPage\",\"@id\":\"https:\/\/www.public.sn\/index.php\/2022\/09\/05\/guinee-lex-president-alpha-conde-hospitalise-en-urgence-a-istanbul-turquie\/\",\"url\":\"https:\/\/www.public.sn\/index.php\/2022\/09\/05\/guinee-lex-president-alpha-conde-hospitalise-en-urgence-a-istanbul-turquie\/\",\"name\":\"Guin\u00e9e: L\u2019ex-pr\u00e9sident Alpha Cond\u00e9 hospitalis\u00e9 en urgence \u00e0 Istanbul (Turquie). - LE PUBLIC\",\"isPartOf\":{\"@id\":\"https:\/\/www.public.sn\/#website\"},\"primaryImageOfPage\":{\"@id\":\"https:\/\/www.public.sn\/index.php\/2022\/09\/05\/guinee-lex-president-alpha-conde-hospitalise-en-urgence-a-istanbul-turquie\/#primaryimage\"},\"image\":{\"@id\":\"https:\/\/www.public.sn\/index.php\/2022\/09\/05\/guinee-lex-president-alpha-conde-hospitalise-en-urgence-a-istanbul-turquie\/#primaryimage\"},\"thumbnailUrl\":\"https:\/\/www.public.sn\/wp-content\/uploads\/2022\/09\/47B4370E-3A17-423C-A1DD-C53013403AD2.jpeg\",\"datePublished\":\"2022-09-05T06:47:17+00:00\",\"dateModified\":\"2022-09-05T06:49:03+00:00\",\"breadcrumb\":{\"@id\":\"https:\/\/www.public.sn\/index.php\/2022\/09\/05\/guinee-lex-president-alpha-conde-hospitalise-en-urgence-a-istanbul-turquie\/#breadcrumb\"},\"inLanguage\":\"fr-FR\",\"potentialAction\":[{\"@type\":\"ReadAction\",\"target\":[\"https:\/\/www.public.sn\/index.php\/2022\/09\/05\/guinee-lex-president-alpha-conde-hospitalise-en-urgence-a-istanbul-turquie\/\"]}]},{\"@type\":\"ImageObject\",\"inLanguage\":\"fr-FR\",\"@id\":\"https:\/\/www.public.sn\/index.php\/2022\/09\/05\/guinee-lex-president-alpha-conde-hospitalise-en-urgence-a-istanbul-turquie\/#primaryimage\",\"url\":\"https:\/\/www.public.sn\/wp-content\/uploads\/2022\/09\/47B4370E-3A17-423C-A1DD-C53013403AD2.jpeg\",\"contentUrl\":\"https:\/\/www.public.sn\/wp-content\/uploads\/2022\/09\/47B4370E-3A17-423C-A1DD-C53013403AD2.jpeg\",\"width\":700,\"height\":394},{\"@type\":\"BreadcrumbList\",\"@id\":\"https:\/\/www.public.sn\/index.php\/2022\/09\/05\/guinee-lex-president-alpha-conde-hospitalise-en-urgence-a-istanbul-turquie\/#breadcrumb\",\"itemListElement\":[{\"@type\":\"ListItem\",\"position\":1,\"name\":\"Accueil\",\"item\":\"https:\/\/www.public.sn\/\"},{\"@type\":\"ListItem\",\"position\":2,\"name\":\"Guin\u00e9e: L\u2019ex-pr\u00e9sident Alpha Cond\u00e9 hospitalis\u00e9 en urgence \u00e0 Istanbul (Turquie).\"}]},{\"@type\":\"WebSite\",\"@id\":\"https:\/\/www.public.sn\/#website\",\"url\":\"https:\/\/www.public.sn\/\",\"name\":\"LE PUBLIC\",\"description\":\"\",\"publisher\":{\"@id\":\"https:\/\/www.public.sn\/#organization\"},\"potentialAction\":[{\"@type\":\"SearchAction\",\"target\":{\"@type\":\"EntryPoint\",\"urlTemplate\":\"https:\/\/www.public.sn\/?s={search_term_string}\"},\"query-input\":{\"@type\":\"PropertyValueSpecification\",\"valueRequired\":true,\"valueName\":\"search_term_string\"}}],\"inLanguage\":\"fr-FR\"},{\"@type\":\"Organization\",\"@id\":\"https:\/\/www.public.sn\/#organization\",\"name\":\"LE PUBLIC\",\"url\":\"https:\/\/www.public.sn\/\",\"logo\":{\"@type\":\"ImageObject\",\"inLanguage\":\"fr-FR\",\"@id\":\"https:\/\/www.public.sn\/#\/schema\/logo\/image\/\",\"url\":\"https:\/\/www.public.sn\/wp-content\/uploads\/2024\/05\/cropped-LOGO-PUBLIC.SN_.png\",\"contentUrl\":\"https:\/\/www.public.sn\/wp-content\/uploads\/2024\/05\/cropped-LOGO-PUBLIC.SN_.png\",\"width\":682,\"height\":192,\"caption\":\"LE PUBLIC\"},\"image\":{\"@id\":\"https:\/\/www.public.sn\/#\/schema\/logo\/image\/\"}},{\"@type\":\"Person\",\"@id\":\"https:\/\/www.public.sn\/#\/schema\/person\/e3f4a11b037d4203902db148f9bc8d5a\",\"name\":\"LA REDACTION\",\"image\":{\"@type\":\"ImageObject\",\"inLanguage\":\"fr-FR\",\"@id\":\"https:\/\/www.public.sn\/#\/schema\/person\/image\/\",\"url\":\"https:\/\/secure.gravatar.com\/avatar\/d6c030db45db2883c075085c5d6c6258654a801a93766b49af0b82d4f454e2a5?s=96&d=mm&r=g\",\"contentUrl\":\"https:\/\/secure.gravatar.com\/avatar\/d6c030db45db2883c075085c5d6c6258654a801a93766b49af0b82d4f454e2a5?s=96&d=mm&r=g\",\"caption\":\"LA REDACTION\"},\"sameAs\":[\"http:\/\/www.public.sn\"],\"url\":\"https:\/\/www.public.sn\/index.php\/author\/admin7324\/\"}]}<\/script>\n<!-- \/ Yoast SEO plugin. -->","yoast_head_json":{"title":"Guin\u00e9e: L\u2019ex-pr\u00e9sident Alpha Cond\u00e9 hospitalis\u00e9 en urgence \u00e0 Istanbul (Turquie). - LE PUBLIC","robots":{"index":"index","follow":"follow","max-snippet":"max-snippet:-1","max-image-preview":"max-image-preview:large","max-video-preview":"max-video-preview:-1"},"canonical":"https:\/\/www.public.sn\/index.php\/2022\/09\/05\/guinee-lex-president-alpha-conde-hospitalise-en-urgence-a-istanbul-turquie\/","og_locale":"fr_FR","og_type":"article","og_title":"Guin\u00e9e: L\u2019ex-pr\u00e9sident Alpha Cond\u00e9 hospitalis\u00e9 en urgence \u00e0 Istanbul (Turquie). - LE PUBLIC","og_description":"L\u2019ancien Pr\u00e9sident guin\u00e9en, Alpha Cond\u00e9 (84 ans) a \u00e9t\u00e9 hospitalis\u00e9 en urgence, samedi \u00e0 Istanbul, rapportent les m\u00e9dias locaux. L\u2019ex-dirigeant guin\u00e9en a \u00e9t\u00e9 admis samedi \u00e0 l\u2019h\u00f4pital, mais son hospitalisation s\u2019est faite aujourd\u2019hui, pr\u00e9cisent les m\u00eames sources, indiquant que \u00ab\u00a0son \u00e9tat de sant\u00e9 est critique\u00a0\u00bb. Alpha Cond\u00e9 a quitt\u00e9 la Guin\u00e9e le 21 mai dernier pour la Turquie sur autorisation expresse du CNRD (Comit\u00e9 national du rassemblement pour le d\u00e9veloppement). C\u2019est la deuxi\u00e8me sortie d\u2019Alpha Cond\u00e9 du pays pour raison de sant\u00e9 depuis son \u00e9viction du pouvoir en septembre 2021. Le 17 janvier dernier, l\u2019ancien pr\u00e9sident avait quitt\u00e9 le pays pour les Emirats Arabes Unis o\u00f9 il avait \u00e9t\u00e9 hospitalis\u00e9 avant de regagner Conakry le 8 avril . Deux semaines apr\u00e8s son retour, les autorit\u00e9s de la Transition en Guin\u00e9e avaient annonc\u00e9 lui avoir accord\u00e9 la libert\u00e9 de mouvement. Arriv\u00e9 au pouvoir en 2010, Alpha Cond\u00e9 a \u00e9t\u00e9 renvers\u00e9 le 05 septembre 2021 par le colonel Mamadi Doumbouya.","og_url":"https:\/\/www.public.sn\/index.php\/2022\/09\/05\/guinee-lex-president-alpha-conde-hospitalise-en-urgence-a-istanbul-turquie\/","og_site_name":"LE PUBLIC","article_published_time":"2022-09-05T06:47:17+00:00","article_modified_time":"2022-09-05T06:49:03+00:00","og_image":[{"width":700,"height":394,"url":"https:\/\/www.public.sn\/wp-content\/uploads\/2022\/09\/47B4370E-3A17-423C-A1DD-C53013403AD2.jpeg","type":"image\/jpeg"}],"author":"LA REDACTION","twitter_card":"summary_large_image","twitter_misc":{"\u00c9crit par":"LA REDACTION","Dur\u00e9e de lecture estim\u00e9e":"1 minute"},"schema":{"@context":"https:\/\/schema.org","@graph":[{"@type":"Article","@id":"https:\/\/www.public.sn\/index.php\/2022\/09\/05\/guinee-lex-president-alpha-conde-hospitalise-en-urgence-a-istanbul-turquie\/#article","isPartOf":{"@id":"https:\/\/www.public.sn\/index.php\/2022\/09\/05\/guinee-lex-president-alpha-conde-hospitalise-en-urgence-a-istanbul-turquie\/"},"author":{"name":"LA REDACTION","@id":"https:\/\/www.public.sn\/#\/schema\/person\/e3f4a11b037d4203902db148f9bc8d5a"},"headline":"Guin\u00e9e: L\u2019ex-pr\u00e9sident Alpha Cond\u00e9 hospitalis\u00e9 en urgence \u00e0 Istanbul (Turquie).","datePublished":"2022-09-05T06:47:17+00:00","dateModified":"2022-09-05T06:49:03+00:00","mainEntityOfPage":{"@id":"https:\/\/www.public.sn\/index.php\/2022\/09\/05\/guinee-lex-president-alpha-conde-hospitalise-en-urgence-a-istanbul-turquie\/"},"wordCount":181,"commentCount":0,"publisher":{"@id":"https:\/\/www.public.sn\/#organization"},"image":{"@id":"https:\/\/www.public.sn\/index.php\/2022\/09\/05\/guinee-lex-president-alpha-conde-hospitalise-en-urgence-a-istanbul-turquie\/#primaryimage"},"thumbnailUrl":"https:\/\/www.public.sn\/wp-content\/uploads\/2022\/09\/47B4370E-3A17-423C-A1DD-C53013403AD2.jpeg","keywords":["Alpha Cond\u00e9","Guin\u00e9e","Istambul","Malade","Urgence"],"articleSection":["ACTUALIT\u00c9S"],"inLanguage":"fr-FR","potentialAction":[{"@type":"CommentAction","name":"Comment","target":["https:\/\/www.public.sn\/index.php\/2022\/09\/05\/guinee-lex-president-alpha-conde-hospitalise-en-urgence-a-istanbul-turquie\/#respond"]}]},{"@type":"WebPage","@id":"https:\/\/www.public.sn\/index.php\/2022\/09\/05\/guinee-lex-president-alpha-conde-hospitalise-en-urgence-a-istanbul-turquie\/","url":"https:\/\/www.public.sn\/index.php\/2022\/09\/05\/guinee-lex-president-alpha-conde-hospitalise-en-urgence-a-istanbul-turquie\/","name":"Guin\u00e9e: L\u2019ex-pr\u00e9sident Alpha Cond\u00e9 hospitalis\u00e9 en urgence \u00e0 Istanbul (Turquie). - LE PUBLIC","isPartOf":{"@id":"https:\/\/www.public.sn\/#website"},"primaryImageOfPage":{"@id":"https:\/\/www.public.sn\/index.php\/2022\/09\/05\/guinee-lex-president-alpha-conde-hospitalise-en-urgence-a-istanbul-turquie\/#primaryimage"},"image":{"@id":"https:\/\/www.public.sn\/index.php\/2022\/09\/05\/guinee-lex-president-alpha-conde-hospitalise-en-urgence-a-istanbul-turquie\/#primaryimage"},"thumbnailUrl":"https:\/\/www.public.sn\/wp-content\/uploads\/2022\/09\/47B4370E-3A17-423C-A1DD-C53013403AD2.jpeg","datePublished":"2022-09-05T06:47:17+00:00","dateModified":"2022-09-05T06:49:03+00:00","breadcrumb":{"@id":"https:\/\/www.public.sn\/index.php\/2022\/09\/05\/guinee-lex-president-alpha-conde-hospitalise-en-urgence-a-istanbul-turquie\/#breadcrumb"},"inLanguage":"fr-FR","potentialAction":[{"@type":"ReadAction","target":["https:\/\/www.public.sn\/index.php\/2022\/09\/05\/guinee-lex-president-alpha-conde-hospitalise-en-urgence-a-istanbul-turquie\/"]}]},{"@type":"ImageObject","inLanguage":"fr-FR","@id":"https:\/\/www.public.sn\/index.php\/2022\/09\/05\/guinee-lex-president-alpha-conde-hospitalise-en-urgence-a-istanbul-turquie\/#primaryimage","url":"https:\/\/www.public.sn\/wp-content\/uploads\/2022\/09\/47B4370E-3A17-423C-A1DD-C53013403AD2.jpeg","contentUrl":"https:\/\/www.public.sn\/wp-content\/uploads\/2022\/09\/47B4370E-3A17-423C-A1DD-C53013403AD2.jpeg","width":700,"height":394},{"@type":"BreadcrumbList","@id":"https:\/\/www.public.sn\/index.php\/2022\/09\/05\/guinee-lex-president-alpha-conde-hospitalise-en-urgence-a-istanbul-turquie\/#breadcrumb","itemListElement":[{"@type":"ListItem","position":1,"name":"Accueil","item":"https:\/\/www.public.sn\/"},{"@type":"ListItem","position":2,"name":"Guin\u00e9e: L\u2019ex-pr\u00e9sident Alpha Cond\u00e9 hospitalis\u00e9 en urgence \u00e0 Istanbul (Turquie)."}]},{"@type":"WebSite","@id":"https:\/\/www.public.sn\/#website","url":"https:\/\/www.public.sn\/","name":"LE PUBLIC","description":"","publisher":{"@id":"https:\/\/www.public.sn\/#organization"},"potentialAction":[{"@type":"SearchAction","target":{"@type":"EntryPoint","urlTemplate":"https:\/\/www.public.sn\/?s={search_term_string}"},"query-input":{"@type":"PropertyValueSpecification","valueRequired":true,"valueName":"search_term_string"}}],"inLanguage":"fr-FR"},{"@type":"Organization","@id":"https:\/\/www.public.sn\/#organization","name":"LE PUBLIC","url":"https:\/\/www.public.sn\/","logo":{"@type":"ImageObject","inLanguage":"fr-FR","@id":"https:\/\/www.public.sn\/#\/schema\/logo\/image\/","url":"https:\/\/www.public.sn\/wp-content\/uploads\/2024\/05\/cropped-LOGO-PUBLIC.SN_.png","contentUrl":"https:\/\/www.public.sn\/wp-content\/uploads\/2024\/05\/cropped-LOGO-PUBLIC.SN_.png","width":682,"height":192,"caption":"LE PUBLIC"},"image":{"@id":"https:\/\/www.public.sn\/#\/schema\/logo\/image\/"}},{"@type":"Person","@id":"https:\/\/www.public.sn\/#\/schema\/person\/e3f4a11b037d4203902db148f9bc8d5a","name":"LA REDACTION","image":{"@type":"ImageObject","inLanguage":"fr-FR","@id":"https:\/\/www.public.sn\/#\/schema\/person\/image\/","url":"https:\/\/secure.gravatar.com\/avatar\/d6c030db45db2883c075085c5d6c6258654a801a93766b49af0b82d4f454e2a5?s=96&d=mm&r=g","contentUrl":"https:\/\/secure.gravatar.com\/avatar\/d6c030db45db2883c075085c5d6c6258654a801a93766b49af0b82d4f454e2a5?s=96&d=mm&r=g","caption":"LA REDACTION"},"sameAs":["http:\/\/www.public.sn"],"url":"https:\/\/www.public.sn\/index.php\/author\/admin7324\/"}]}},"jetpack_featured_media_url":"https:\/\/www.public.sn\/wp-content\/uploads\/2022\/09\/47B4370E-3A17-423C-A1DD-C53013403AD2.jpeg","jetpack_sharing_enabled":true,"_links":{"self":[{"href":"https:\/\/www.public.sn\/index.php\/wp-json\/wp\/v2\/posts\/1256","targetHints":{"allow":["GET"]}}],"collection":[{"href":"https:\/\/www.public.sn\/index.php\/wp-json\/wp\/v2\/posts"}],"about":[{"href":"https:\/\/www.public.sn\/index.php\/wp-json\/wp\/v2\/types\/post"}],"author":[{"embeddable":true,"href":"https:\/\/www.public.sn\/index.php\/wp-json\/wp\/v2\/users\/1"}],"replies":[{"embeddable":true,"href":"https:\/\/www.public.sn\/index.php\/wp-json\/wp\/v2\/comments?post=1256"}],"version-history":[{"count":3,"href":"https:\/\/www.public.sn\/index.php\/wp-json\/wp\/v2\/posts\/1256\/revisions"}],"predecessor-version":[{"id":1261,"href":"https:\/\/www.public.sn\/index.php\/wp-json\/wp\/v2\/posts\/1256\/revisions\/1261"}],"wp:featuredmedia":[{"embeddable":true,"href":"https:\/\/www.public.sn\/index.php\/wp-json\/wp\/v2\/media\/1257"}],"wp:attachment":[{"href":"https:\/\/www.public.sn\/index.php\/wp-json\/wp\/v2\/media?parent=1256"}],"wp:term":[{"taxonomy":"category","embeddable":true,"href":"https:\/\/www.public.sn\/index.php\/wp-json\/wp\/v2\/categories?post=1256"},{"taxonomy":"post_tag","embeddable":true,"href":"https:\/\/www.public.sn\/index.php\/wp-json\/wp\/v2\/tags?post=1256"}],"curies":[{"name":"wp","href":"https:\/\/api.w.org\/{rel}","templated":true}]}}