{"id":1262,"date":"2022-09-05T08:54:34","date_gmt":"2022-09-05T06:54:34","guid":{"rendered":"https:\/\/www.public.sn\/?p=1262"},"modified":"2022-09-05T08:54:35","modified_gmt":"2022-09-05T06:54:35","slug":"eliminatoires-can-u23-les-lions-du-senegal-en-stage-au-maroc","status":"publish","type":"post","link":"https:\/\/www.public.sn\/index.php\/2022\/09\/05\/eliminatoires-can-u23-les-lions-du-senegal-en-stage-au-maroc\/","title":{"rendered":"Eliminatoires CAN U23: Les lions du S\u00e9n\u00e9gal en stage au Maroc.\u00a0"},"content":{"rendered":"\n<h2 class=\"wp-block-heading\">L\u2019\u00e9quipe nationale olympique de football du S\u00e9n\u00e9gal U23 effectuera un stage de pr\u00e9paration au Maroc du 19 au 27 septembre courant et jouera pendant ce regroupement, deux matchs amicaux contre la s\u00e9lection marocaine olympique, a-t-on indiqu\u00e9, dimanche, de source de la F\u00e9d\u00e9ration s\u00e9n\u00e9galaise de football (FSF).<\/h2>\n\n\n\n<p>Les deux matchs amicaux sont pr\u00e9vus les 22 et 25 septembre pendant la fen\u00eatre internationale et serviront de premi\u00e8re rencontre entre le nouvel entra\u00eeneur des U23, Demba Mbaye et son groupe de performance, rapporte l\u2019agence de presse s\u00e9n\u00e9galaise APS, citant une source de la FSF.<\/p><div class=\"publi-paragraphe1\" style=\"margin-top: 10px;margin-bottom: 10px;margin-left: auto;margin-right: auto;text-align: center;\" id=\"publi-2238521138\"><div class=\"publi-adlabel\">Publicit\u00e9<\/div><script async src=\"\/\/pagead2.googlesyndication.com\/pagead\/js\/adsbygoogle.js?client=ca-pub-4089586018074219\" crossorigin=\"anonymous\"><\/script><ins class=\"adsbygoogle\" style=\"display:block;\" data-ad-client=\"ca-pub-4089586018074219\" \ndata-ad-slot=\"2087940154\" \ndata-ad-format=\"auto\"><\/ins>\n<script> \n(adsbygoogle = window.adsbygoogle || []).push({}); \n<\/script>\n<\/div>\n\n\n\n<p>Plusieurs expatri\u00e9s devraient prendre part \u00e0 ces deux matchs amicaux qui permettront au technicien s\u00e9n\u00e9galais qui a travaill\u00e9 les quatre derni\u00e8res ann\u00e9es au club marocain de Fath Union Sports (FUS), de lancer la pr\u00e9paration des qualifications \u00e0 la CAN U23, dont la comp\u00e9tition aura lieu en juin 2023 au Maroc.<\/p>\n\n\n\n<p>A l\u2019issue de cette Coupe d\u2019Afrique des nations les repr\u00e9sentants africains au tournoi de football masculin des Jeux olympiques de Paris (France) en 2024, seront connus.<\/p>\n\n\n\n<p>Quelque 24 joueurs seront convoqu\u00e9s pour ce premier stage de l\u2019\u00e9quipe olympique dispens\u00e9e des pr\u00e9liminaires au mois de septembre.<\/p>\n\n\n\n<p>Les U23 s\u00e9n\u00e9galais entreront en lice au deuxi\u00e8me tour des \u00e9liminatoires programm\u00e9 du 20 au 30 octobre.<\/p>\n\n\n\n<p>Le S\u00e9n\u00e9gal a pris part au tournoi de football masculin en 2012 lors des JO de Londres (Angleterre) avec comme entra\u00eeneur, Karim S\u00e9ga Diouf (d\u00e9c\u00e9d\u00e9 en janvier 2019) second\u00e9 par Aliou Ciss\u00e9, actuel s\u00e9lectionneur national.<\/p>\n<div class=\"publi-apres-le-contenu\" style=\"margin-top: 10px;margin-bottom: 10px;margin-left: auto;margin-right: auto;text-align: center;\" id=\"publi-3929311783\"><div class=\"publi-adlabel\">Publicit\u00e9<\/div><script async src=\"\/\/pagead2.googlesyndication.com\/pagead\/js\/adsbygoogle.js?client=ca-pub-4089586018074219\" crossorigin=\"anonymous\"><\/script><ins class=\"adsbygoogle\" style=\"display:block;\" data-ad-client=\"ca-pub-4089586018074219\" \ndata-ad-slot=\"2087940154\" \ndata-ad-format=\"auto\"><\/ins>\n<script> \n(adsbygoogle = window.adsbygoogle || []).push({}); \n<\/script>\n<\/div>","protected":false},"excerpt":{"rendered":"<p>L\u2019\u00e9quipe nationale olympique de football du S\u00e9n\u00e9gal U23 effectuera un stage de pr\u00e9paration au Maroc du 19 au 27 septembre courant et jouera pendant ce regroupement, deux matchs amicaux contre la s\u00e9lection marocaine olympique, a-t-on indiqu\u00e9, dimanche, de source de la F\u00e9d\u00e9ration s\u00e9n\u00e9galaise de football (FSF). Les deux matchs amicaux sont pr\u00e9vus les 22 et 25 septembre pendant la fen\u00eatre internationale et serviront de premi\u00e8re rencontre entre le nouvel entra\u00eeneur des U23, Demba Mbaye et son groupe de performance, rapporte l\u2019agence de presse s\u00e9n\u00e9galaise APS, citant une source de la FSF. Plusieurs expatri\u00e9s devraient prendre part \u00e0 ces deux matchs amicaux qui permettront au technicien s\u00e9n\u00e9galais qui a travaill\u00e9 les quatre derni\u00e8res ann\u00e9es au club marocain de Fath Union Sports (FUS), de lancer la pr\u00e9paration des qualifications \u00e0 la CAN U23, dont la comp\u00e9tition aura lieu en juin 2023 au Maroc. A l\u2019issue de cette Coupe d\u2019Afrique des nations les repr\u00e9sentants africains au tournoi de football masculin des Jeux olympiques de Paris (France) en 2024, seront connus. Quelque 24 joueurs seront convoqu\u00e9s pour ce premier stage de l\u2019\u00e9quipe olympique dispens\u00e9e des pr\u00e9liminaires au mois de septembre. Les U23 s\u00e9n\u00e9galais entreront en lice au deuxi\u00e8me tour des \u00e9liminatoires programm\u00e9 du 20 au 30 octobre. Le S\u00e9n\u00e9gal a pris part au tournoi de football masculin en 2012 lors des JO de Londres (Angleterre) avec comme entra\u00eeneur, Karim S\u00e9ga Diouf (d\u00e9c\u00e9d\u00e9 en janvier 2019) second\u00e9 par Aliou Ciss\u00e9, actuel s\u00e9lectionneur national.<\/p>\n","protected":false},"author":1,"featured_media":1263,"comment_status":"open","ping_status":"open","sticky":false,"template":"","format":"standard","meta":{"_jetpack_memberships_contains_paid_content":false,"footnotes":""},"categories":[7],"tags":[522,523,49,521,520],"class_list":["post-1262","post","type-post","status-publish","format-standard","has-post-thumbnail","hentry","category-sport","tag-can","tag-eliminatoires","tag-lions-du-senegal","tag-maroc","tag-u20","entry","has-media","owp-thumbs-layout-horizontal","owp-btn-normal","owp-tabs-layout-horizontal","has-no-thumbnails","has-product-nav"],"yoast_head":"<!-- This site is optimized with the Yoast SEO plugin v25.5 - https:\/\/yoast.com\/wordpress\/plugins\/seo\/ -->\n<title>Eliminatoires CAN U23: Les lions du S\u00e9n\u00e9gal en stage au Maroc.\u00a0 - LE PUBLIC<\/title>\n<meta name=\"robots\" content=\"index, follow, max-snippet:-1, max-image-preview:large, max-video-preview:-1\" \/>\n<link rel=\"canonical\" href=\"https:\/\/www.public.sn\/index.php\/2022\/09\/05\/eliminatoires-can-u23-les-lions-du-senegal-en-stage-au-maroc\/\" \/>\n<meta property=\"og:locale\" content=\"fr_FR\" \/>\n<meta property=\"og:type\" content=\"article\" \/>\n<meta property=\"og:title\" content=\"Eliminatoires CAN U23: Les lions du S\u00e9n\u00e9gal en stage au Maroc.\u00a0 - LE PUBLIC\" \/>\n<meta property=\"og:description\" content=\"L\u2019\u00e9quipe nationale olympique de football du S\u00e9n\u00e9gal U23 effectuera un stage de pr\u00e9paration au Maroc du 19 au 27 septembre courant et jouera pendant ce regroupement, deux matchs amicaux contre la s\u00e9lection marocaine olympique, a-t-on indiqu\u00e9, dimanche, de source de la F\u00e9d\u00e9ration s\u00e9n\u00e9galaise de football (FSF). Les deux matchs amicaux sont pr\u00e9vus les 22 et 25 septembre pendant la fen\u00eatre internationale et serviront de premi\u00e8re rencontre entre le nouvel entra\u00eeneur des U23, Demba Mbaye et son groupe de performance, rapporte l\u2019agence de presse s\u00e9n\u00e9galaise APS, citant une source de la FSF. Plusieurs expatri\u00e9s devraient prendre part \u00e0 ces deux matchs amicaux qui permettront au technicien s\u00e9n\u00e9galais qui a travaill\u00e9 les quatre derni\u00e8res ann\u00e9es au club marocain de Fath Union Sports (FUS), de lancer la pr\u00e9paration des qualifications \u00e0 la CAN U23, dont la comp\u00e9tition aura lieu en juin 2023 au Maroc. A l\u2019issue de cette Coupe d\u2019Afrique des nations les repr\u00e9sentants africains au tournoi de football masculin des Jeux olympiques de Paris (France) en 2024, seront connus. Quelque 24 joueurs seront convoqu\u00e9s pour ce premier stage de l\u2019\u00e9quipe olympique dispens\u00e9e des pr\u00e9liminaires au mois de septembre. Les U23 s\u00e9n\u00e9galais entreront en lice au deuxi\u00e8me tour des \u00e9liminatoires programm\u00e9 du 20 au 30 octobre. Le S\u00e9n\u00e9gal a pris part au tournoi de football masculin en 2012 lors des JO de Londres (Angleterre) avec comme entra\u00eeneur, Karim S\u00e9ga Diouf (d\u00e9c\u00e9d\u00e9 en janvier 2019) second\u00e9 par Aliou Ciss\u00e9, actuel s\u00e9lectionneur national.\" \/>\n<meta property=\"og:url\" content=\"https:\/\/www.public.sn\/index.php\/2022\/09\/05\/eliminatoires-can-u23-les-lions-du-senegal-en-stage-au-maroc\/\" \/>\n<meta property=\"og:site_name\" content=\"LE PUBLIC\" \/>\n<meta property=\"article:published_time\" content=\"2022-09-05T06:54:34+00:00\" \/>\n<meta property=\"article:modified_time\" content=\"2022-09-05T06:54:35+00:00\" \/>\n<meta property=\"og:image\" content=\"https:\/\/www.public.sn\/wp-content\/uploads\/2022\/09\/332659E6-17DF-42EE-8C83-508EF365CFF8.jpeg\" \/>\n\t<meta property=\"og:image:width\" content=\"1023\" \/>\n\t<meta property=\"og:image:height\" content=\"517\" \/>\n\t<meta property=\"og:image:type\" content=\"image\/jpeg\" \/>\n<meta name=\"author\" content=\"LA REDACTION\" \/>\n<meta name=\"twitter:card\" content=\"summary_large_image\" \/>\n<meta name=\"twitter:label1\" content=\"\u00c9crit par\" \/>\n\t<meta name=\"twitter:data1\" content=\"LA REDACTION\" \/>\n\t<meta name=\"twitter:label2\" content=\"Dur\u00e9e de lecture estim\u00e9e\" \/>\n\t<meta name=\"twitter:data2\" content=\"2 minutes\" \/>\n<script type=\"application\/ld+json\" class=\"yoast-schema-graph\">{\"@context\":\"https:\/\/schema.org\",\"@graph\":[{\"@type\":\"Article\",\"@id\":\"https:\/\/www.public.sn\/index.php\/2022\/09\/05\/eliminatoires-can-u23-les-lions-du-senegal-en-stage-au-maroc\/#article\",\"isPartOf\":{\"@id\":\"https:\/\/www.public.sn\/index.php\/2022\/09\/05\/eliminatoires-can-u23-les-lions-du-senegal-en-stage-au-maroc\/\"},\"author\":{\"name\":\"LA REDACTION\",\"@id\":\"https:\/\/www.public.sn\/#\/schema\/person\/e3f4a11b037d4203902db148f9bc8d5a\"},\"headline\":\"Eliminatoires CAN U23: Les lions du S\u00e9n\u00e9gal en stage au Maroc.\u00a0\",\"datePublished\":\"2022-09-05T06:54:34+00:00\",\"dateModified\":\"2022-09-05T06:54:35+00:00\",\"mainEntityOfPage\":{\"@id\":\"https:\/\/www.public.sn\/index.php\/2022\/09\/05\/eliminatoires-can-u23-les-lions-du-senegal-en-stage-au-maroc\/\"},\"wordCount\":278,\"commentCount\":0,\"publisher\":{\"@id\":\"https:\/\/www.public.sn\/#organization\"},\"image\":{\"@id\":\"https:\/\/www.public.sn\/index.php\/2022\/09\/05\/eliminatoires-can-u23-les-lions-du-senegal-en-stage-au-maroc\/#primaryimage\"},\"thumbnailUrl\":\"https:\/\/www.public.sn\/wp-content\/uploads\/2022\/09\/332659E6-17DF-42EE-8C83-508EF365CFF8.jpeg\",\"keywords\":[\"Can\",\"\u00c9liminatoires\",\"Lions du S\u00e9n\u00e9gal\",\"Maroc\",\"U20\"],\"articleSection\":[\"SPORTS\"],\"inLanguage\":\"fr-FR\",\"potentialAction\":[{\"@type\":\"CommentAction\",\"name\":\"Comment\",\"target\":[\"https:\/\/www.public.sn\/index.php\/2022\/09\/05\/eliminatoires-can-u23-les-lions-du-senegal-en-stage-au-maroc\/#respond\"]}]},{\"@type\":\"WebPage\",\"@id\":\"https:\/\/www.public.sn\/index.php\/2022\/09\/05\/eliminatoires-can-u23-les-lions-du-senegal-en-stage-au-maroc\/\",\"url\":\"https:\/\/www.public.sn\/index.php\/2022\/09\/05\/eliminatoires-can-u23-les-lions-du-senegal-en-stage-au-maroc\/\",\"name\":\"Eliminatoires CAN U23: Les lions du S\u00e9n\u00e9gal en stage au Maroc.\u00a0 - LE PUBLIC\",\"isPartOf\":{\"@id\":\"https:\/\/www.public.sn\/#website\"},\"primaryImageOfPage\":{\"@id\":\"https:\/\/www.public.sn\/index.php\/2022\/09\/05\/eliminatoires-can-u23-les-lions-du-senegal-en-stage-au-maroc\/#primaryimage\"},\"image\":{\"@id\":\"https:\/\/www.public.sn\/index.php\/2022\/09\/05\/eliminatoires-can-u23-les-lions-du-senegal-en-stage-au-maroc\/#primaryimage\"},\"thumbnailUrl\":\"https:\/\/www.public.sn\/wp-content\/uploads\/2022\/09\/332659E6-17DF-42EE-8C83-508EF365CFF8.jpeg\",\"datePublished\":\"2022-09-05T06:54:34+00:00\",\"dateModified\":\"2022-09-05T06:54:35+00:00\",\"breadcrumb\":{\"@id\":\"https:\/\/www.public.sn\/index.php\/2022\/09\/05\/eliminatoires-can-u23-les-lions-du-senegal-en-stage-au-maroc\/#breadcrumb\"},\"inLanguage\":\"fr-FR\",\"potentialAction\":[{\"@type\":\"ReadAction\",\"target\":[\"https:\/\/www.public.sn\/index.php\/2022\/09\/05\/eliminatoires-can-u23-les-lions-du-senegal-en-stage-au-maroc\/\"]}]},{\"@type\":\"ImageObject\",\"inLanguage\":\"fr-FR\",\"@id\":\"https:\/\/www.public.sn\/index.php\/2022\/09\/05\/eliminatoires-can-u23-les-lions-du-senegal-en-stage-au-maroc\/#primaryimage\",\"url\":\"https:\/\/www.public.sn\/wp-content\/uploads\/2022\/09\/332659E6-17DF-42EE-8C83-508EF365CFF8.jpeg\",\"contentUrl\":\"https:\/\/www.public.sn\/wp-content\/uploads\/2022\/09\/332659E6-17DF-42EE-8C83-508EF365CFF8.jpeg\",\"width\":1023,\"height\":517},{\"@type\":\"BreadcrumbList\",\"@id\":\"https:\/\/www.public.sn\/index.php\/2022\/09\/05\/eliminatoires-can-u23-les-lions-du-senegal-en-stage-au-maroc\/#breadcrumb\",\"itemListElement\":[{\"@type\":\"ListItem\",\"position\":1,\"name\":\"Accueil\",\"item\":\"https:\/\/www.public.sn\/\"},{\"@type\":\"ListItem\",\"position\":2,\"name\":\"Eliminatoires CAN U23: Les lions du S\u00e9n\u00e9gal en stage au Maroc.\u00a0\"}]},{\"@type\":\"WebSite\",\"@id\":\"https:\/\/www.public.sn\/#website\",\"url\":\"https:\/\/www.public.sn\/\",\"name\":\"LE PUBLIC\",\"description\":\"\",\"publisher\":{\"@id\":\"https:\/\/www.public.sn\/#organization\"},\"potentialAction\":[{\"@type\":\"SearchAction\",\"target\":{\"@type\":\"EntryPoint\",\"urlTemplate\":\"https:\/\/www.public.sn\/?s={search_term_string}\"},\"query-input\":{\"@type\":\"PropertyValueSpecification\",\"valueRequired\":true,\"valueName\":\"search_term_string\"}}],\"inLanguage\":\"fr-FR\"},{\"@type\":\"Organization\",\"@id\":\"https:\/\/www.public.sn\/#organization\",\"name\":\"LE PUBLIC\",\"url\":\"https:\/\/www.public.sn\/\",\"logo\":{\"@type\":\"ImageObject\",\"inLanguage\":\"fr-FR\",\"@id\":\"https:\/\/www.public.sn\/#\/schema\/logo\/image\/\",\"url\":\"https:\/\/www.public.sn\/wp-content\/uploads\/2024\/05\/cropped-LOGO-PUBLIC.SN_.png\",\"contentUrl\":\"https:\/\/www.public.sn\/wp-content\/uploads\/2024\/05\/cropped-LOGO-PUBLIC.SN_.png\",\"width\":682,\"height\":192,\"caption\":\"LE PUBLIC\"},\"image\":{\"@id\":\"https:\/\/www.public.sn\/#\/schema\/logo\/image\/\"}},{\"@type\":\"Person\",\"@id\":\"https:\/\/www.public.sn\/#\/schema\/person\/e3f4a11b037d4203902db148f9bc8d5a\",\"name\":\"LA REDACTION\",\"image\":{\"@type\":\"ImageObject\",\"inLanguage\":\"fr-FR\",\"@id\":\"https:\/\/www.public.sn\/#\/schema\/person\/image\/\",\"url\":\"https:\/\/secure.gravatar.com\/avatar\/d6c030db45db2883c075085c5d6c6258654a801a93766b49af0b82d4f454e2a5?s=96&d=mm&r=g\",\"contentUrl\":\"https:\/\/secure.gravatar.com\/avatar\/d6c030db45db2883c075085c5d6c6258654a801a93766b49af0b82d4f454e2a5?s=96&d=mm&r=g\",\"caption\":\"LA REDACTION\"},\"sameAs\":[\"http:\/\/www.public.sn\"],\"url\":\"https:\/\/www.public.sn\/index.php\/author\/admin7324\/\"}]}<\/script>\n<!-- \/ Yoast SEO plugin. -->","yoast_head_json":{"title":"Eliminatoires CAN U23: Les lions du S\u00e9n\u00e9gal en stage au Maroc.\u00a0 - LE PUBLIC","robots":{"index":"index","follow":"follow","max-snippet":"max-snippet:-1","max-image-preview":"max-image-preview:large","max-video-preview":"max-video-preview:-1"},"canonical":"https:\/\/www.public.sn\/index.php\/2022\/09\/05\/eliminatoires-can-u23-les-lions-du-senegal-en-stage-au-maroc\/","og_locale":"fr_FR","og_type":"article","og_title":"Eliminatoires CAN U23: Les lions du S\u00e9n\u00e9gal en stage au Maroc.\u00a0 - LE PUBLIC","og_description":"L\u2019\u00e9quipe nationale olympique de football du S\u00e9n\u00e9gal U23 effectuera un stage de pr\u00e9paration au Maroc du 19 au 27 septembre courant et jouera pendant ce regroupement, deux matchs amicaux contre la s\u00e9lection marocaine olympique, a-t-on indiqu\u00e9, dimanche, de source de la F\u00e9d\u00e9ration s\u00e9n\u00e9galaise de football (FSF). Les deux matchs amicaux sont pr\u00e9vus les 22 et 25 septembre pendant la fen\u00eatre internationale et serviront de premi\u00e8re rencontre entre le nouvel entra\u00eeneur des U23, Demba Mbaye et son groupe de performance, rapporte l\u2019agence de presse s\u00e9n\u00e9galaise APS, citant une source de la FSF. Plusieurs expatri\u00e9s devraient prendre part \u00e0 ces deux matchs amicaux qui permettront au technicien s\u00e9n\u00e9galais qui a travaill\u00e9 les quatre derni\u00e8res ann\u00e9es au club marocain de Fath Union Sports (FUS), de lancer la pr\u00e9paration des qualifications \u00e0 la CAN U23, dont la comp\u00e9tition aura lieu en juin 2023 au Maroc. A l\u2019issue de cette Coupe d\u2019Afrique des nations les repr\u00e9sentants africains au tournoi de football masculin des Jeux olympiques de Paris (France) en 2024, seront connus. Quelque 24 joueurs seront convoqu\u00e9s pour ce premier stage de l\u2019\u00e9quipe olympique dispens\u00e9e des pr\u00e9liminaires au mois de septembre. Les U23 s\u00e9n\u00e9galais entreront en lice au deuxi\u00e8me tour des \u00e9liminatoires programm\u00e9 du 20 au 30 octobre. Le S\u00e9n\u00e9gal a pris part au tournoi de football masculin en 2012 lors des JO de Londres (Angleterre) avec comme entra\u00eeneur, Karim S\u00e9ga Diouf (d\u00e9c\u00e9d\u00e9 en janvier 2019) second\u00e9 par Aliou Ciss\u00e9, actuel s\u00e9lectionneur national.","og_url":"https:\/\/www.public.sn\/index.php\/2022\/09\/05\/eliminatoires-can-u23-les-lions-du-senegal-en-stage-au-maroc\/","og_site_name":"LE PUBLIC","article_published_time":"2022-09-05T06:54:34+00:00","article_modified_time":"2022-09-05T06:54:35+00:00","og_image":[{"width":1023,"height":517,"url":"https:\/\/www.public.sn\/wp-content\/uploads\/2022\/09\/332659E6-17DF-42EE-8C83-508EF365CFF8.jpeg","type":"image\/jpeg"}],"author":"LA REDACTION","twitter_card":"summary_large_image","twitter_misc":{"\u00c9crit par":"LA REDACTION","Dur\u00e9e de lecture estim\u00e9e":"2 minutes"},"schema":{"@context":"https:\/\/schema.org","@graph":[{"@type":"Article","@id":"https:\/\/www.public.sn\/index.php\/2022\/09\/05\/eliminatoires-can-u23-les-lions-du-senegal-en-stage-au-maroc\/#article","isPartOf":{"@id":"https:\/\/www.public.sn\/index.php\/2022\/09\/05\/eliminatoires-can-u23-les-lions-du-senegal-en-stage-au-maroc\/"},"author":{"name":"LA REDACTION","@id":"https:\/\/www.public.sn\/#\/schema\/person\/e3f4a11b037d4203902db148f9bc8d5a"},"headline":"Eliminatoires CAN U23: Les lions du S\u00e9n\u00e9gal en stage au Maroc.\u00a0","datePublished":"2022-09-05T06:54:34+00:00","dateModified":"2022-09-05T06:54:35+00:00","mainEntityOfPage":{"@id":"https:\/\/www.public.sn\/index.php\/2022\/09\/05\/eliminatoires-can-u23-les-lions-du-senegal-en-stage-au-maroc\/"},"wordCount":278,"commentCount":0,"publisher":{"@id":"https:\/\/www.public.sn\/#organization"},"image":{"@id":"https:\/\/www.public.sn\/index.php\/2022\/09\/05\/eliminatoires-can-u23-les-lions-du-senegal-en-stage-au-maroc\/#primaryimage"},"thumbnailUrl":"https:\/\/www.public.sn\/wp-content\/uploads\/2022\/09\/332659E6-17DF-42EE-8C83-508EF365CFF8.jpeg","keywords":["Can","\u00c9liminatoires","Lions du S\u00e9n\u00e9gal","Maroc","U20"],"articleSection":["SPORTS"],"inLanguage":"fr-FR","potentialAction":[{"@type":"CommentAction","name":"Comment","target":["https:\/\/www.public.sn\/index.php\/2022\/09\/05\/eliminatoires-can-u23-les-lions-du-senegal-en-stage-au-maroc\/#respond"]}]},{"@type":"WebPage","@id":"https:\/\/www.public.sn\/index.php\/2022\/09\/05\/eliminatoires-can-u23-les-lions-du-senegal-en-stage-au-maroc\/","url":"https:\/\/www.public.sn\/index.php\/2022\/09\/05\/eliminatoires-can-u23-les-lions-du-senegal-en-stage-au-maroc\/","name":"Eliminatoires CAN U23: Les lions du S\u00e9n\u00e9gal en stage au Maroc.\u00a0 - LE PUBLIC","isPartOf":{"@id":"https:\/\/www.public.sn\/#website"},"primaryImageOfPage":{"@id":"https:\/\/www.public.sn\/index.php\/2022\/09\/05\/eliminatoires-can-u23-les-lions-du-senegal-en-stage-au-maroc\/#primaryimage"},"image":{"@id":"https:\/\/www.public.sn\/index.php\/2022\/09\/05\/eliminatoires-can-u23-les-lions-du-senegal-en-stage-au-maroc\/#primaryimage"},"thumbnailUrl":"https:\/\/www.public.sn\/wp-content\/uploads\/2022\/09\/332659E6-17DF-42EE-8C83-508EF365CFF8.jpeg","datePublished":"2022-09-05T06:54:34+00:00","dateModified":"2022-09-05T06:54:35+00:00","breadcrumb":{"@id":"https:\/\/www.public.sn\/index.php\/2022\/09\/05\/eliminatoires-can-u23-les-lions-du-senegal-en-stage-au-maroc\/#breadcrumb"},"inLanguage":"fr-FR","potentialAction":[{"@type":"ReadAction","target":["https:\/\/www.public.sn\/index.php\/2022\/09\/05\/eliminatoires-can-u23-les-lions-du-senegal-en-stage-au-maroc\/"]}]},{"@type":"ImageObject","inLanguage":"fr-FR","@id":"https:\/\/www.public.sn\/index.php\/2022\/09\/05\/eliminatoires-can-u23-les-lions-du-senegal-en-stage-au-maroc\/#primaryimage","url":"https:\/\/www.public.sn\/wp-content\/uploads\/2022\/09\/332659E6-17DF-42EE-8C83-508EF365CFF8.jpeg","contentUrl":"https:\/\/www.public.sn\/wp-content\/uploads\/2022\/09\/332659E6-17DF-42EE-8C83-508EF365CFF8.jpeg","width":1023,"height":517},{"@type":"BreadcrumbList","@id":"https:\/\/www.public.sn\/index.php\/2022\/09\/05\/eliminatoires-can-u23-les-lions-du-senegal-en-stage-au-maroc\/#breadcrumb","itemListElement":[{"@type":"ListItem","position":1,"name":"Accueil","item":"https:\/\/www.public.sn\/"},{"@type":"ListItem","position":2,"name":"Eliminatoires CAN U23: Les lions du S\u00e9n\u00e9gal en stage au Maroc.\u00a0"}]},{"@type":"WebSite","@id":"https:\/\/www.public.sn\/#website","url":"https:\/\/www.public.sn\/","name":"LE PUBLIC","description":"","publisher":{"@id":"https:\/\/www.public.sn\/#organization"},"potentialAction":[{"@type":"SearchAction","target":{"@type":"EntryPoint","urlTemplate":"https:\/\/www.public.sn\/?s={search_term_string}"},"query-input":{"@type":"PropertyValueSpecification","valueRequired":true,"valueName":"search_term_string"}}],"inLanguage":"fr-FR"},{"@type":"Organization","@id":"https:\/\/www.public.sn\/#organization","name":"LE PUBLIC","url":"https:\/\/www.public.sn\/","logo":{"@type":"ImageObject","inLanguage":"fr-FR","@id":"https:\/\/www.public.sn\/#\/schema\/logo\/image\/","url":"https:\/\/www.public.sn\/wp-content\/uploads\/2024\/05\/cropped-LOGO-PUBLIC.SN_.png","contentUrl":"https:\/\/www.public.sn\/wp-content\/uploads\/2024\/05\/cropped-LOGO-PUBLIC.SN_.png","width":682,"height":192,"caption":"LE PUBLIC"},"image":{"@id":"https:\/\/www.public.sn\/#\/schema\/logo\/image\/"}},{"@type":"Person","@id":"https:\/\/www.public.sn\/#\/schema\/person\/e3f4a11b037d4203902db148f9bc8d5a","name":"LA REDACTION","image":{"@type":"ImageObject","inLanguage":"fr-FR","@id":"https:\/\/www.public.sn\/#\/schema\/person\/image\/","url":"https:\/\/secure.gravatar.com\/avatar\/d6c030db45db2883c075085c5d6c6258654a801a93766b49af0b82d4f454e2a5?s=96&d=mm&r=g","contentUrl":"https:\/\/secure.gravatar.com\/avatar\/d6c030db45db2883c075085c5d6c6258654a801a93766b49af0b82d4f454e2a5?s=96&d=mm&r=g","caption":"LA REDACTION"},"sameAs":["http:\/\/www.public.sn"],"url":"https:\/\/www.public.sn\/index.php\/author\/admin7324\/"}]}},"jetpack_featured_media_url":"https:\/\/www.public.sn\/wp-content\/uploads\/2022\/09\/332659E6-17DF-42EE-8C83-508EF365CFF8.jpeg","jetpack_sharing_enabled":true,"_links":{"self":[{"href":"https:\/\/www.public.sn\/index.php\/wp-json\/wp\/v2\/posts\/1262","targetHints":{"allow":["GET"]}}],"collection":[{"href":"https:\/\/www.public.sn\/index.php\/wp-json\/wp\/v2\/posts"}],"about":[{"href":"https:\/\/www.public.sn\/index.php\/wp-json\/wp\/v2\/types\/post"}],"author":[{"embeddable":true,"href":"https:\/\/www.public.sn\/index.php\/wp-json\/wp\/v2\/users\/1"}],"replies":[{"embeddable":true,"href":"https:\/\/www.public.sn\/index.php\/wp-json\/wp\/v2\/comments?post=1262"}],"version-history":[{"count":1,"href":"https:\/\/www.public.sn\/index.php\/wp-json\/wp\/v2\/posts\/1262\/revisions"}],"predecessor-version":[{"id":1264,"href":"https:\/\/www.public.sn\/index.php\/wp-json\/wp\/v2\/posts\/1262\/revisions\/1264"}],"wp:featuredmedia":[{"embeddable":true,"href":"https:\/\/www.public.sn\/index.php\/wp-json\/wp\/v2\/media\/1263"}],"wp:attachment":[{"href":"https:\/\/www.public.sn\/index.php\/wp-json\/wp\/v2\/media?parent=1262"}],"wp:term":[{"taxonomy":"category","embeddable":true,"href":"https:\/\/www.public.sn\/index.php\/wp-json\/wp\/v2\/categories?post=1262"},{"taxonomy":"post_tag","embeddable":true,"href":"https:\/\/www.public.sn\/index.php\/wp-json\/wp\/v2\/tags?post=1262"}],"curies":[{"name":"wp","href":"https:\/\/api.w.org\/{rel}","templated":true}]}}