{"id":1269,"date":"2022-09-05T09:21:32","date_gmt":"2022-09-05T07:21:32","guid":{"rendered":"https:\/\/www.public.sn\/?p=1269"},"modified":"2022-09-05T09:21:33","modified_gmt":"2022-09-05T07:21:33","slug":"mali-un-casque-bleu-de-lonu-gravement-blesse-dans-une-attaque","status":"publish","type":"post","link":"https:\/\/www.public.sn\/index.php\/2022\/09\/05\/mali-un-casque-bleu-de-lonu-gravement-blesse-dans-une-attaque\/","title":{"rendered":"Mali: Un Casque bleu de l\u2019Onu gravement bless\u00e9 dans une attaque."},"content":{"rendered":"\n<p>Un Casque bleu a \u00e9t\u00e9 gravement bless\u00e9 dimanche lors d&rsquo;une attaque \u00ab\u00a0cibl\u00e9e\u00a0\u00bb contre un convoi de l&rsquo;ONU dans le nord du Mali en proie \u00e0 des troubles, a annonc\u00e9 sur Twitter la mission des Nations unies au Mali (Minusma).<\/p><div class=\"publi-paragraphe1\" style=\"margin-top: 10px;margin-bottom: 10px;margin-left: auto;margin-right: auto;text-align: center;\" id=\"publi-3684100812\"><div class=\"publi-adlabel\">Publicit\u00e9<\/div><script async src=\"\/\/pagead2.googlesyndication.com\/pagead\/js\/adsbygoogle.js?client=ca-pub-4089586018074219\" crossorigin=\"anonymous\"><\/script><ins class=\"adsbygoogle\" style=\"display:block;\" data-ad-client=\"ca-pub-4089586018074219\" \ndata-ad-slot=\"2087940154\" \ndata-ad-format=\"auto\"><\/ins>\n<script> \n(adsbygoogle = window.adsbygoogle || []).push({}); \n<\/script>\n<\/div>\n\n\n\n<p>Une mine a explos\u00e9 dans la r\u00e9gion de Gao au passage du convoi, qui s&rsquo;est ensuite retrouv\u00e9 sous le feu d&rsquo;armes l\u00e9g\u00e8res, selon la Minusma. \u00ab\u00a0Ferme condamnation de cette attaque et voeux de r\u00e9tablissement au bless\u00e9\u00a0\u00bb, ajoute son tweet. La Minusma avait \u00e9t\u00e9 cr\u00e9\u00e9e en 2013 pour aider l&rsquo;un des pays les plus pauvres au monde \u00e0 combattre une insurrection jihadiste. Il s&rsquo;agit de l&rsquo;une des plus grosses op\u00e9rations de maintien de la paix de l&rsquo;Onu. Elle compte environ 17.500 hommes et femmes, dont plus de 13.000 soldats et policiers. Le Mali est dirig\u00e9 par une junte militaire depuis 2020. La crise politique et s\u00e9curitaire y dure depuis 2012, lorsque des r\u00e9bellions jihadistes et s\u00e9paratistes avaient pris les armes dans le nord. Les violences se sont depuis \u00e9tendues jusqu&rsquo;au centre de cet immense pays, tuant des milliers de civils et de militaires et faisant des centaines de milliers de d\u00e9plac\u00e9s. Le Mali avait temporairement suspendu les rotations du contingent de la Minusma il y a quelques mois, invoquant des raisons de \u00ab\u00a0s\u00e9curit\u00e9 nationale\u00a0\u00bb. Les rotations ont repris mi-ao\u00fbt.<\/p>\n<div class=\"publi-apres-le-contenu\" style=\"margin-top: 10px;margin-bottom: 10px;margin-left: auto;margin-right: auto;text-align: center;\" id=\"publi-1297813935\"><div class=\"publi-adlabel\">Publicit\u00e9<\/div><script async src=\"\/\/pagead2.googlesyndication.com\/pagead\/js\/adsbygoogle.js?client=ca-pub-4089586018074219\" crossorigin=\"anonymous\"><\/script><ins class=\"adsbygoogle\" style=\"display:block;\" data-ad-client=\"ca-pub-4089586018074219\" \ndata-ad-slot=\"2087940154\" \ndata-ad-format=\"auto\"><\/ins>\n<script> \n(adsbygoogle = window.adsbygoogle || []).push({}); \n<\/script>\n<\/div>","protected":false},"excerpt":{"rendered":"<p>Un Casque bleu a \u00e9t\u00e9 gravement bless\u00e9 dimanche lors d&rsquo;une attaque \u00ab\u00a0cibl\u00e9e\u00a0\u00bb contre un convoi de l&rsquo;ONU dans le nord du Mali en proie \u00e0 des troubles, a annonc\u00e9 sur Twitter la mission des Nations unies au Mali (Minusma). Une mine a explos\u00e9 dans la r\u00e9gion de Gao au passage du convoi, qui s&rsquo;est ensuite retrouv\u00e9 sous le feu d&rsquo;armes l\u00e9g\u00e8res, selon la Minusma. \u00ab\u00a0Ferme condamnation de cette attaque et voeux de r\u00e9tablissement au bless\u00e9\u00a0\u00bb, ajoute son tweet. La Minusma avait \u00e9t\u00e9 cr\u00e9\u00e9e en 2013 pour aider l&rsquo;un des pays les plus pauvres au monde \u00e0 combattre une insurrection jihadiste. Il s&rsquo;agit de l&rsquo;une des plus grosses op\u00e9rations de maintien de la paix de l&rsquo;Onu. Elle compte environ 17.500 hommes et femmes, dont plus de 13.000 soldats et policiers. Le Mali est dirig\u00e9 par une junte militaire depuis 2020. La crise politique et s\u00e9curitaire y dure depuis 2012, lorsque des r\u00e9bellions jihadistes et s\u00e9paratistes avaient pris les armes dans le nord. Les violences se sont depuis \u00e9tendues jusqu&rsquo;au centre de cet immense pays, tuant des milliers de civils et de militaires et faisant des centaines de milliers de d\u00e9plac\u00e9s. Le Mali avait temporairement suspendu les rotations du contingent de la Minusma il y a quelques mois, invoquant des raisons de \u00ab\u00a0s\u00e9curit\u00e9 nationale\u00a0\u00bb. Les rotations ont repris mi-ao\u00fbt.<\/p>\n","protected":false},"author":1,"featured_media":1270,"comment_status":"open","ping_status":"open","sticky":false,"template":"","format":"standard","meta":{"_jetpack_memberships_contains_paid_content":false,"footnotes":""},"categories":[375,376],"tags":[526,527,45,46,525],"class_list":["post-1269","post","type-post","status-publish","format-standard","has-post-thumbnail","hentry","category-actualites","category-securite-justice","tag-attaque","tag-ennemis","tag-mali","tag-onu","tag-paix","entry","has-media","owp-thumbs-layout-horizontal","owp-btn-normal","owp-tabs-layout-horizontal","has-no-thumbnails","has-product-nav"],"yoast_head":"<!-- This site is optimized with the Yoast SEO plugin v25.5 - https:\/\/yoast.com\/wordpress\/plugins\/seo\/ -->\n<title>Mali: Un Casque bleu de l\u2019Onu gravement bless\u00e9 dans une attaque. - LE PUBLIC<\/title>\n<meta name=\"robots\" content=\"index, follow, max-snippet:-1, max-image-preview:large, max-video-preview:-1\" \/>\n<link rel=\"canonical\" href=\"https:\/\/www.public.sn\/index.php\/2022\/09\/05\/mali-un-casque-bleu-de-lonu-gravement-blesse-dans-une-attaque\/\" \/>\n<meta property=\"og:locale\" content=\"fr_FR\" \/>\n<meta property=\"og:type\" content=\"article\" \/>\n<meta property=\"og:title\" content=\"Mali: Un Casque bleu de l\u2019Onu gravement bless\u00e9 dans une attaque. - LE PUBLIC\" \/>\n<meta property=\"og:description\" content=\"Un Casque bleu a \u00e9t\u00e9 gravement bless\u00e9 dimanche lors d&rsquo;une attaque \u00ab\u00a0cibl\u00e9e\u00a0\u00bb contre un convoi de l&rsquo;ONU dans le nord du Mali en proie \u00e0 des troubles, a annonc\u00e9 sur Twitter la mission des Nations unies au Mali (Minusma). Une mine a explos\u00e9 dans la r\u00e9gion de Gao au passage du convoi, qui s&rsquo;est ensuite retrouv\u00e9 sous le feu d&rsquo;armes l\u00e9g\u00e8res, selon la Minusma. \u00ab\u00a0Ferme condamnation de cette attaque et voeux de r\u00e9tablissement au bless\u00e9\u00a0\u00bb, ajoute son tweet. La Minusma avait \u00e9t\u00e9 cr\u00e9\u00e9e en 2013 pour aider l&rsquo;un des pays les plus pauvres au monde \u00e0 combattre une insurrection jihadiste. Il s&rsquo;agit de l&rsquo;une des plus grosses op\u00e9rations de maintien de la paix de l&rsquo;Onu. Elle compte environ 17.500 hommes et femmes, dont plus de 13.000 soldats et policiers. Le Mali est dirig\u00e9 par une junte militaire depuis 2020. La crise politique et s\u00e9curitaire y dure depuis 2012, lorsque des r\u00e9bellions jihadistes et s\u00e9paratistes avaient pris les armes dans le nord. Les violences se sont depuis \u00e9tendues jusqu&rsquo;au centre de cet immense pays, tuant des milliers de civils et de militaires et faisant des centaines de milliers de d\u00e9plac\u00e9s. Le Mali avait temporairement suspendu les rotations du contingent de la Minusma il y a quelques mois, invoquant des raisons de \u00ab\u00a0s\u00e9curit\u00e9 nationale\u00a0\u00bb. Les rotations ont repris mi-ao\u00fbt.\" \/>\n<meta property=\"og:url\" content=\"https:\/\/www.public.sn\/index.php\/2022\/09\/05\/mali-un-casque-bleu-de-lonu-gravement-blesse-dans-une-attaque\/\" \/>\n<meta property=\"og:site_name\" content=\"LE PUBLIC\" \/>\n<meta property=\"article:published_time\" content=\"2022-09-05T07:21:32+00:00\" \/>\n<meta property=\"article:modified_time\" content=\"2022-09-05T07:21:33+00:00\" \/>\n<meta property=\"og:image\" content=\"https:\/\/www.public.sn\/wp-content\/uploads\/2022\/09\/203117C4-CA98-460C-AAC8-5D259CF0CB75.jpeg\" \/>\n\t<meta property=\"og:image:width\" content=\"1170\" \/>\n\t<meta property=\"og:image:height\" content=\"530\" \/>\n\t<meta property=\"og:image:type\" content=\"image\/jpeg\" \/>\n<meta name=\"author\" content=\"LA REDACTION\" \/>\n<meta name=\"twitter:card\" content=\"summary_large_image\" \/>\n<meta name=\"twitter:label1\" content=\"\u00c9crit par\" \/>\n\t<meta name=\"twitter:data1\" content=\"LA REDACTION\" \/>\n\t<meta name=\"twitter:label2\" content=\"Dur\u00e9e de lecture estim\u00e9e\" \/>\n\t<meta name=\"twitter:data2\" content=\"2 minutes\" \/>\n<script type=\"application\/ld+json\" class=\"yoast-schema-graph\">{\"@context\":\"https:\/\/schema.org\",\"@graph\":[{\"@type\":\"Article\",\"@id\":\"https:\/\/www.public.sn\/index.php\/2022\/09\/05\/mali-un-casque-bleu-de-lonu-gravement-blesse-dans-une-attaque\/#article\",\"isPartOf\":{\"@id\":\"https:\/\/www.public.sn\/index.php\/2022\/09\/05\/mali-un-casque-bleu-de-lonu-gravement-blesse-dans-une-attaque\/\"},\"author\":{\"name\":\"LA REDACTION\",\"@id\":\"https:\/\/www.public.sn\/#\/schema\/person\/e3f4a11b037d4203902db148f9bc8d5a\"},\"headline\":\"Mali: Un Casque bleu de l\u2019Onu gravement bless\u00e9 dans une attaque.\",\"datePublished\":\"2022-09-05T07:21:32+00:00\",\"dateModified\":\"2022-09-05T07:21:33+00:00\",\"mainEntityOfPage\":{\"@id\":\"https:\/\/www.public.sn\/index.php\/2022\/09\/05\/mali-un-casque-bleu-de-lonu-gravement-blesse-dans-une-attaque\/\"},\"wordCount\":236,\"commentCount\":0,\"publisher\":{\"@id\":\"https:\/\/www.public.sn\/#organization\"},\"image\":{\"@id\":\"https:\/\/www.public.sn\/index.php\/2022\/09\/05\/mali-un-casque-bleu-de-lonu-gravement-blesse-dans-une-attaque\/#primaryimage\"},\"thumbnailUrl\":\"https:\/\/www.public.sn\/wp-content\/uploads\/2022\/09\/203117C4-CA98-460C-AAC8-5D259CF0CB75.jpeg\",\"keywords\":[\"Attaque\",\"Ennemis\",\"Mali\",\"ONU\",\"Paix\"],\"articleSection\":[\"ACTUALIT\u00c9S\",\"S\u00c9CURIT\u00c9 &amp; JUSTICE\"],\"inLanguage\":\"fr-FR\",\"potentialAction\":[{\"@type\":\"CommentAction\",\"name\":\"Comment\",\"target\":[\"https:\/\/www.public.sn\/index.php\/2022\/09\/05\/mali-un-casque-bleu-de-lonu-gravement-blesse-dans-une-attaque\/#respond\"]}]},{\"@type\":\"WebPage\",\"@id\":\"https:\/\/www.public.sn\/index.php\/2022\/09\/05\/mali-un-casque-bleu-de-lonu-gravement-blesse-dans-une-attaque\/\",\"url\":\"https:\/\/www.public.sn\/index.php\/2022\/09\/05\/mali-un-casque-bleu-de-lonu-gravement-blesse-dans-une-attaque\/\",\"name\":\"Mali: Un Casque bleu de l\u2019Onu gravement bless\u00e9 dans une attaque. - LE PUBLIC\",\"isPartOf\":{\"@id\":\"https:\/\/www.public.sn\/#website\"},\"primaryImageOfPage\":{\"@id\":\"https:\/\/www.public.sn\/index.php\/2022\/09\/05\/mali-un-casque-bleu-de-lonu-gravement-blesse-dans-une-attaque\/#primaryimage\"},\"image\":{\"@id\":\"https:\/\/www.public.sn\/index.php\/2022\/09\/05\/mali-un-casque-bleu-de-lonu-gravement-blesse-dans-une-attaque\/#primaryimage\"},\"thumbnailUrl\":\"https:\/\/www.public.sn\/wp-content\/uploads\/2022\/09\/203117C4-CA98-460C-AAC8-5D259CF0CB75.jpeg\",\"datePublished\":\"2022-09-05T07:21:32+00:00\",\"dateModified\":\"2022-09-05T07:21:33+00:00\",\"breadcrumb\":{\"@id\":\"https:\/\/www.public.sn\/index.php\/2022\/09\/05\/mali-un-casque-bleu-de-lonu-gravement-blesse-dans-une-attaque\/#breadcrumb\"},\"inLanguage\":\"fr-FR\",\"potentialAction\":[{\"@type\":\"ReadAction\",\"target\":[\"https:\/\/www.public.sn\/index.php\/2022\/09\/05\/mali-un-casque-bleu-de-lonu-gravement-blesse-dans-une-attaque\/\"]}]},{\"@type\":\"ImageObject\",\"inLanguage\":\"fr-FR\",\"@id\":\"https:\/\/www.public.sn\/index.php\/2022\/09\/05\/mali-un-casque-bleu-de-lonu-gravement-blesse-dans-une-attaque\/#primaryimage\",\"url\":\"https:\/\/www.public.sn\/wp-content\/uploads\/2022\/09\/203117C4-CA98-460C-AAC8-5D259CF0CB75.jpeg\",\"contentUrl\":\"https:\/\/www.public.sn\/wp-content\/uploads\/2022\/09\/203117C4-CA98-460C-AAC8-5D259CF0CB75.jpeg\",\"width\":1170,\"height\":530},{\"@type\":\"BreadcrumbList\",\"@id\":\"https:\/\/www.public.sn\/index.php\/2022\/09\/05\/mali-un-casque-bleu-de-lonu-gravement-blesse-dans-une-attaque\/#breadcrumb\",\"itemListElement\":[{\"@type\":\"ListItem\",\"position\":1,\"name\":\"Accueil\",\"item\":\"https:\/\/www.public.sn\/\"},{\"@type\":\"ListItem\",\"position\":2,\"name\":\"Mali: Un Casque bleu de l\u2019Onu gravement bless\u00e9 dans une attaque.\"}]},{\"@type\":\"WebSite\",\"@id\":\"https:\/\/www.public.sn\/#website\",\"url\":\"https:\/\/www.public.sn\/\",\"name\":\"LE PUBLIC\",\"description\":\"\",\"publisher\":{\"@id\":\"https:\/\/www.public.sn\/#organization\"},\"potentialAction\":[{\"@type\":\"SearchAction\",\"target\":{\"@type\":\"EntryPoint\",\"urlTemplate\":\"https:\/\/www.public.sn\/?s={search_term_string}\"},\"query-input\":{\"@type\":\"PropertyValueSpecification\",\"valueRequired\":true,\"valueName\":\"search_term_string\"}}],\"inLanguage\":\"fr-FR\"},{\"@type\":\"Organization\",\"@id\":\"https:\/\/www.public.sn\/#organization\",\"name\":\"LE PUBLIC\",\"url\":\"https:\/\/www.public.sn\/\",\"logo\":{\"@type\":\"ImageObject\",\"inLanguage\":\"fr-FR\",\"@id\":\"https:\/\/www.public.sn\/#\/schema\/logo\/image\/\",\"url\":\"https:\/\/www.public.sn\/wp-content\/uploads\/2024\/05\/cropped-LOGO-PUBLIC.SN_.png\",\"contentUrl\":\"https:\/\/www.public.sn\/wp-content\/uploads\/2024\/05\/cropped-LOGO-PUBLIC.SN_.png\",\"width\":682,\"height\":192,\"caption\":\"LE PUBLIC\"},\"image\":{\"@id\":\"https:\/\/www.public.sn\/#\/schema\/logo\/image\/\"}},{\"@type\":\"Person\",\"@id\":\"https:\/\/www.public.sn\/#\/schema\/person\/e3f4a11b037d4203902db148f9bc8d5a\",\"name\":\"LA REDACTION\",\"image\":{\"@type\":\"ImageObject\",\"inLanguage\":\"fr-FR\",\"@id\":\"https:\/\/www.public.sn\/#\/schema\/person\/image\/\",\"url\":\"https:\/\/secure.gravatar.com\/avatar\/d6c030db45db2883c075085c5d6c6258654a801a93766b49af0b82d4f454e2a5?s=96&d=mm&r=g\",\"contentUrl\":\"https:\/\/secure.gravatar.com\/avatar\/d6c030db45db2883c075085c5d6c6258654a801a93766b49af0b82d4f454e2a5?s=96&d=mm&r=g\",\"caption\":\"LA REDACTION\"},\"sameAs\":[\"http:\/\/www.public.sn\"],\"url\":\"https:\/\/www.public.sn\/index.php\/author\/admin7324\/\"}]}<\/script>\n<!-- \/ Yoast SEO plugin. -->","yoast_head_json":{"title":"Mali: Un Casque bleu de l\u2019Onu gravement bless\u00e9 dans une attaque. - LE PUBLIC","robots":{"index":"index","follow":"follow","max-snippet":"max-snippet:-1","max-image-preview":"max-image-preview:large","max-video-preview":"max-video-preview:-1"},"canonical":"https:\/\/www.public.sn\/index.php\/2022\/09\/05\/mali-un-casque-bleu-de-lonu-gravement-blesse-dans-une-attaque\/","og_locale":"fr_FR","og_type":"article","og_title":"Mali: Un Casque bleu de l\u2019Onu gravement bless\u00e9 dans une attaque. - LE PUBLIC","og_description":"Un Casque bleu a \u00e9t\u00e9 gravement bless\u00e9 dimanche lors d&rsquo;une attaque \u00ab\u00a0cibl\u00e9e\u00a0\u00bb contre un convoi de l&rsquo;ONU dans le nord du Mali en proie \u00e0 des troubles, a annonc\u00e9 sur Twitter la mission des Nations unies au Mali (Minusma). Une mine a explos\u00e9 dans la r\u00e9gion de Gao au passage du convoi, qui s&rsquo;est ensuite retrouv\u00e9 sous le feu d&rsquo;armes l\u00e9g\u00e8res, selon la Minusma. \u00ab\u00a0Ferme condamnation de cette attaque et voeux de r\u00e9tablissement au bless\u00e9\u00a0\u00bb, ajoute son tweet. La Minusma avait \u00e9t\u00e9 cr\u00e9\u00e9e en 2013 pour aider l&rsquo;un des pays les plus pauvres au monde \u00e0 combattre une insurrection jihadiste. Il s&rsquo;agit de l&rsquo;une des plus grosses op\u00e9rations de maintien de la paix de l&rsquo;Onu. Elle compte environ 17.500 hommes et femmes, dont plus de 13.000 soldats et policiers. Le Mali est dirig\u00e9 par une junte militaire depuis 2020. La crise politique et s\u00e9curitaire y dure depuis 2012, lorsque des r\u00e9bellions jihadistes et s\u00e9paratistes avaient pris les armes dans le nord. Les violences se sont depuis \u00e9tendues jusqu&rsquo;au centre de cet immense pays, tuant des milliers de civils et de militaires et faisant des centaines de milliers de d\u00e9plac\u00e9s. Le Mali avait temporairement suspendu les rotations du contingent de la Minusma il y a quelques mois, invoquant des raisons de \u00ab\u00a0s\u00e9curit\u00e9 nationale\u00a0\u00bb. Les rotations ont repris mi-ao\u00fbt.","og_url":"https:\/\/www.public.sn\/index.php\/2022\/09\/05\/mali-un-casque-bleu-de-lonu-gravement-blesse-dans-une-attaque\/","og_site_name":"LE PUBLIC","article_published_time":"2022-09-05T07:21:32+00:00","article_modified_time":"2022-09-05T07:21:33+00:00","og_image":[{"width":1170,"height":530,"url":"https:\/\/www.public.sn\/wp-content\/uploads\/2022\/09\/203117C4-CA98-460C-AAC8-5D259CF0CB75.jpeg","type":"image\/jpeg"}],"author":"LA REDACTION","twitter_card":"summary_large_image","twitter_misc":{"\u00c9crit par":"LA REDACTION","Dur\u00e9e de lecture estim\u00e9e":"2 minutes"},"schema":{"@context":"https:\/\/schema.org","@graph":[{"@type":"Article","@id":"https:\/\/www.public.sn\/index.php\/2022\/09\/05\/mali-un-casque-bleu-de-lonu-gravement-blesse-dans-une-attaque\/#article","isPartOf":{"@id":"https:\/\/www.public.sn\/index.php\/2022\/09\/05\/mali-un-casque-bleu-de-lonu-gravement-blesse-dans-une-attaque\/"},"author":{"name":"LA REDACTION","@id":"https:\/\/www.public.sn\/#\/schema\/person\/e3f4a11b037d4203902db148f9bc8d5a"},"headline":"Mali: Un Casque bleu de l\u2019Onu gravement bless\u00e9 dans une attaque.","datePublished":"2022-09-05T07:21:32+00:00","dateModified":"2022-09-05T07:21:33+00:00","mainEntityOfPage":{"@id":"https:\/\/www.public.sn\/index.php\/2022\/09\/05\/mali-un-casque-bleu-de-lonu-gravement-blesse-dans-une-attaque\/"},"wordCount":236,"commentCount":0,"publisher":{"@id":"https:\/\/www.public.sn\/#organization"},"image":{"@id":"https:\/\/www.public.sn\/index.php\/2022\/09\/05\/mali-un-casque-bleu-de-lonu-gravement-blesse-dans-une-attaque\/#primaryimage"},"thumbnailUrl":"https:\/\/www.public.sn\/wp-content\/uploads\/2022\/09\/203117C4-CA98-460C-AAC8-5D259CF0CB75.jpeg","keywords":["Attaque","Ennemis","Mali","ONU","Paix"],"articleSection":["ACTUALIT\u00c9S","S\u00c9CURIT\u00c9 &amp; JUSTICE"],"inLanguage":"fr-FR","potentialAction":[{"@type":"CommentAction","name":"Comment","target":["https:\/\/www.public.sn\/index.php\/2022\/09\/05\/mali-un-casque-bleu-de-lonu-gravement-blesse-dans-une-attaque\/#respond"]}]},{"@type":"WebPage","@id":"https:\/\/www.public.sn\/index.php\/2022\/09\/05\/mali-un-casque-bleu-de-lonu-gravement-blesse-dans-une-attaque\/","url":"https:\/\/www.public.sn\/index.php\/2022\/09\/05\/mali-un-casque-bleu-de-lonu-gravement-blesse-dans-une-attaque\/","name":"Mali: Un Casque bleu de l\u2019Onu gravement bless\u00e9 dans une attaque. - LE PUBLIC","isPartOf":{"@id":"https:\/\/www.public.sn\/#website"},"primaryImageOfPage":{"@id":"https:\/\/www.public.sn\/index.php\/2022\/09\/05\/mali-un-casque-bleu-de-lonu-gravement-blesse-dans-une-attaque\/#primaryimage"},"image":{"@id":"https:\/\/www.public.sn\/index.php\/2022\/09\/05\/mali-un-casque-bleu-de-lonu-gravement-blesse-dans-une-attaque\/#primaryimage"},"thumbnailUrl":"https:\/\/www.public.sn\/wp-content\/uploads\/2022\/09\/203117C4-CA98-460C-AAC8-5D259CF0CB75.jpeg","datePublished":"2022-09-05T07:21:32+00:00","dateModified":"2022-09-05T07:21:33+00:00","breadcrumb":{"@id":"https:\/\/www.public.sn\/index.php\/2022\/09\/05\/mali-un-casque-bleu-de-lonu-gravement-blesse-dans-une-attaque\/#breadcrumb"},"inLanguage":"fr-FR","potentialAction":[{"@type":"ReadAction","target":["https:\/\/www.public.sn\/index.php\/2022\/09\/05\/mali-un-casque-bleu-de-lonu-gravement-blesse-dans-une-attaque\/"]}]},{"@type":"ImageObject","inLanguage":"fr-FR","@id":"https:\/\/www.public.sn\/index.php\/2022\/09\/05\/mali-un-casque-bleu-de-lonu-gravement-blesse-dans-une-attaque\/#primaryimage","url":"https:\/\/www.public.sn\/wp-content\/uploads\/2022\/09\/203117C4-CA98-460C-AAC8-5D259CF0CB75.jpeg","contentUrl":"https:\/\/www.public.sn\/wp-content\/uploads\/2022\/09\/203117C4-CA98-460C-AAC8-5D259CF0CB75.jpeg","width":1170,"height":530},{"@type":"BreadcrumbList","@id":"https:\/\/www.public.sn\/index.php\/2022\/09\/05\/mali-un-casque-bleu-de-lonu-gravement-blesse-dans-une-attaque\/#breadcrumb","itemListElement":[{"@type":"ListItem","position":1,"name":"Accueil","item":"https:\/\/www.public.sn\/"},{"@type":"ListItem","position":2,"name":"Mali: Un Casque bleu de l\u2019Onu gravement bless\u00e9 dans une attaque."}]},{"@type":"WebSite","@id":"https:\/\/www.public.sn\/#website","url":"https:\/\/www.public.sn\/","name":"LE PUBLIC","description":"","publisher":{"@id":"https:\/\/www.public.sn\/#organization"},"potentialAction":[{"@type":"SearchAction","target":{"@type":"EntryPoint","urlTemplate":"https:\/\/www.public.sn\/?s={search_term_string}"},"query-input":{"@type":"PropertyValueSpecification","valueRequired":true,"valueName":"search_term_string"}}],"inLanguage":"fr-FR"},{"@type":"Organization","@id":"https:\/\/www.public.sn\/#organization","name":"LE PUBLIC","url":"https:\/\/www.public.sn\/","logo":{"@type":"ImageObject","inLanguage":"fr-FR","@id":"https:\/\/www.public.sn\/#\/schema\/logo\/image\/","url":"https:\/\/www.public.sn\/wp-content\/uploads\/2024\/05\/cropped-LOGO-PUBLIC.SN_.png","contentUrl":"https:\/\/www.public.sn\/wp-content\/uploads\/2024\/05\/cropped-LOGO-PUBLIC.SN_.png","width":682,"height":192,"caption":"LE PUBLIC"},"image":{"@id":"https:\/\/www.public.sn\/#\/schema\/logo\/image\/"}},{"@type":"Person","@id":"https:\/\/www.public.sn\/#\/schema\/person\/e3f4a11b037d4203902db148f9bc8d5a","name":"LA REDACTION","image":{"@type":"ImageObject","inLanguage":"fr-FR","@id":"https:\/\/www.public.sn\/#\/schema\/person\/image\/","url":"https:\/\/secure.gravatar.com\/avatar\/d6c030db45db2883c075085c5d6c6258654a801a93766b49af0b82d4f454e2a5?s=96&d=mm&r=g","contentUrl":"https:\/\/secure.gravatar.com\/avatar\/d6c030db45db2883c075085c5d6c6258654a801a93766b49af0b82d4f454e2a5?s=96&d=mm&r=g","caption":"LA REDACTION"},"sameAs":["http:\/\/www.public.sn"],"url":"https:\/\/www.public.sn\/index.php\/author\/admin7324\/"}]}},"jetpack_featured_media_url":"https:\/\/www.public.sn\/wp-content\/uploads\/2022\/09\/203117C4-CA98-460C-AAC8-5D259CF0CB75.jpeg","jetpack_sharing_enabled":true,"_links":{"self":[{"href":"https:\/\/www.public.sn\/index.php\/wp-json\/wp\/v2\/posts\/1269","targetHints":{"allow":["GET"]}}],"collection":[{"href":"https:\/\/www.public.sn\/index.php\/wp-json\/wp\/v2\/posts"}],"about":[{"href":"https:\/\/www.public.sn\/index.php\/wp-json\/wp\/v2\/types\/post"}],"author":[{"embeddable":true,"href":"https:\/\/www.public.sn\/index.php\/wp-json\/wp\/v2\/users\/1"}],"replies":[{"embeddable":true,"href":"https:\/\/www.public.sn\/index.php\/wp-json\/wp\/v2\/comments?post=1269"}],"version-history":[{"count":1,"href":"https:\/\/www.public.sn\/index.php\/wp-json\/wp\/v2\/posts\/1269\/revisions"}],"predecessor-version":[{"id":1271,"href":"https:\/\/www.public.sn\/index.php\/wp-json\/wp\/v2\/posts\/1269\/revisions\/1271"}],"wp:featuredmedia":[{"embeddable":true,"href":"https:\/\/www.public.sn\/index.php\/wp-json\/wp\/v2\/media\/1270"}],"wp:attachment":[{"href":"https:\/\/www.public.sn\/index.php\/wp-json\/wp\/v2\/media?parent=1269"}],"wp:term":[{"taxonomy":"category","embeddable":true,"href":"https:\/\/www.public.sn\/index.php\/wp-json\/wp\/v2\/categories?post=1269"},{"taxonomy":"post_tag","embeddable":true,"href":"https:\/\/www.public.sn\/index.php\/wp-json\/wp\/v2\/tags?post=1269"}],"curies":[{"name":"wp","href":"https:\/\/api.w.org\/{rel}","templated":true}]}}