{"id":1272,"date":"2022-09-05T10:52:18","date_gmt":"2022-09-05T08:52:18","guid":{"rendered":"https:\/\/www.public.sn\/?p=1272"},"modified":"2022-09-05T10:52:18","modified_gmt":"2022-09-05T08:52:18","slug":"antoine-felix-diome-letat-sera-toujours-a-leurs-cotes-pour-apporter-le-soutien-quil-faut-nous-sommes-venus-pour-presenter","status":"publish","type":"post","link":"https:\/\/www.public.sn\/index.php\/2022\/09\/05\/antoine-felix-diome-letat-sera-toujours-a-leurs-cotes-pour-apporter-le-soutien-quil-faut-nous-sommes-venus-pour-presenter\/","title":{"rendered":"Antoine F\u00e9lix Diome: \u201cL\u2019\u00e9tat sera toujours \u00e0 leurs c\u00f4t\u00e9s pour apporter le soutien qu\u2019il faut\u2026 Nous sommes venus pour pr\u00e9senter\u2026\u201d"},"content":{"rendered":"\n<p><strong>Dakar est sous les eaux ! Des milliers de familles sont touch\u00e9es, des routes impraticables et des d\u00e9c\u00e8s sont enregistr\u00e9s<\/strong>.<br><em>\u201cL\u2019\u00e9tat sera toujours \u00e0 leurs c\u00f4t\u00e9s pour apporter le soutien qu\u2019il faut\u2026\u201d<\/em> , a assur\u00e9 Antoine Diome. Le ministre de l\u2019Int\u00e9rieur s\u2019est rendu ce dimanche 04 Septembre \u00e0 Kounoune, Sangalkam, \u00e0 la Zone de Captage pour constater les d\u00e9g\u00e2ts des fortes pluies not\u00e9es ce week-endSoulager les populations concern\u00e9es\u2026<\/p><div class=\"publi-paragraphe1\" style=\"margin-top: 10px;margin-bottom: 10px;margin-left: auto;margin-right: auto;text-align: center;\" id=\"publi-170821226\"><div class=\"publi-adlabel\">Publicit\u00e9<\/div><script async src=\"\/\/pagead2.googlesyndication.com\/pagead\/js\/adsbygoogle.js?client=ca-pub-4089586018074219\" crossorigin=\"anonymous\"><\/script><ins class=\"adsbygoogle\" style=\"display:block;\" data-ad-client=\"ca-pub-4089586018074219\" \ndata-ad-slot=\"2087940154\" \ndata-ad-format=\"auto\"><\/ins>\n<script> \n(adsbygoogle = window.adsbygoogle || []).push({}); \n<\/script>\n<\/div>\n\n\n\n<p>D\u2019apr\u00e8s le ministre de l\u2019Int\u00e9rieur, \u201c<em>si on s\u2019en tient aux pr\u00e9visions m\u00e9t\u00e9orologiques, il y aura encore des pluies fortes. Il faudra l\u00e0 aussi \u00eatre pr\u00e9sents pour faire ce qu\u2019il faut afin de soulager les populations concern\u00e9es. L\u2019\u00e9tat sera toujours \u00e0 leurs c\u00f4t\u00e9s pour apporter le soutien qu\u2019il faut\u2026 Nous sommes venus pour pr\u00e9senter les condol\u00e9ances de l\u2019Etat \u00e0 l\u2019endroit des familles suite aux fortes pluies ayant entra\u00een\u00e9 des pertes en vies humaines\u201c.<\/em><\/p>\n\n\n\n<p>\u201c<em>Nous vivons des p\u00e9riodes de pluies exceptionnelles d\u00e9j\u00e0 annonc\u00e9es. Cela a entra\u00een\u00e9 des cons\u00e9quences \u00e9galement sur leur quotidien et nous leur t\u00e9moignons ici au nom de son excellence le pr\u00e9sident Sall toute la solidarit\u00e9 du gouvernement. Vous savez que la perte d\u2019une vie est toujours douloureuse et surtout lorsqu\u2019elle intervient dans des circonstances particuli\u00e8res que sont ces ph\u00e9nom\u00e8nes de catastrophes naturelles. C\u2019est pourquoi, en son nom et au nom du gouvernement, nous nous inclinons devant les m\u00e9moires des disparus mais \u00e9galement nous r\u00e9it\u00e9rons nos condol\u00e9ances ici\u201d,<\/em> poursuit Antoine Felix Diome.<\/p>\n\n\n\n<p>Le constat est le m\u00eame, partout, selon le ministre de l\u2019Int\u00e9rieur qui pr\u00e9cise qu\u2019il y a eu <em>d\u2019importantes quantit\u00e9s d\u2019eau qui sont tomb\u00e9es ces derniers jours et dans une p\u00e9riode tr\u00e8s courte. Ce qui, d\u2019apr\u00e8s lui, fait que m\u00eame s\u2019il y a des ouvrages d\u2019assainissement qui ont \u00e9t\u00e9 r\u00e9alis\u00e9s pour l\u2019\u00e9vacuation des eaux, les pr\u00e9visions d\u00e9cennales sur la base desquelles ils ont \u00e9t\u00e9 dimensionn\u00e9s. Il faut un temps pour \u00e9vacuer ces eaux l\u00e0\u2026<\/em>\u201d<\/p>\n\n\n\n<p>Pour rappel, les fortes pluies d&rsquo;hier (dimanche) ont fait trois morts.<\/p>\n<div class=\"publi-apres-le-contenu\" style=\"margin-top: 10px;margin-bottom: 10px;margin-left: auto;margin-right: auto;text-align: center;\" id=\"publi-1245571047\"><div class=\"publi-adlabel\">Publicit\u00e9<\/div><script async src=\"\/\/pagead2.googlesyndication.com\/pagead\/js\/adsbygoogle.js?client=ca-pub-4089586018074219\" crossorigin=\"anonymous\"><\/script><ins class=\"adsbygoogle\" style=\"display:block;\" data-ad-client=\"ca-pub-4089586018074219\" \ndata-ad-slot=\"2087940154\" \ndata-ad-format=\"auto\"><\/ins>\n<script> \n(adsbygoogle = window.adsbygoogle || []).push({}); \n<\/script>\n<\/div>","protected":false},"excerpt":{"rendered":"<p>Dakar est sous les eaux ! Des milliers de familles sont touch\u00e9es, des routes impraticables et des d\u00e9c\u00e8s sont enregistr\u00e9s.\u201cL\u2019\u00e9tat sera toujours \u00e0 leurs c\u00f4t\u00e9s pour apporter le soutien qu\u2019il faut\u2026\u201d , a assur\u00e9 Antoine Diome. Le ministre de l\u2019Int\u00e9rieur s\u2019est rendu ce dimanche 04 Septembre \u00e0 Kounoune, Sangalkam, \u00e0 la Zone de Captage pour constater les d\u00e9g\u00e2ts des fortes pluies not\u00e9es ce week-endSoulager les populations concern\u00e9es\u2026 D\u2019apr\u00e8s le ministre de l\u2019Int\u00e9rieur, \u201csi on s\u2019en tient aux pr\u00e9visions m\u00e9t\u00e9orologiques, il y aura encore des pluies fortes. Il faudra l\u00e0 aussi \u00eatre pr\u00e9sents pour faire ce qu\u2019il faut afin de soulager les populations concern\u00e9es. L\u2019\u00e9tat sera toujours \u00e0 leurs c\u00f4t\u00e9s pour apporter le soutien qu\u2019il faut\u2026 Nous sommes venus pour pr\u00e9senter les condol\u00e9ances de l\u2019Etat \u00e0 l\u2019endroit des familles suite aux fortes pluies ayant entra\u00een\u00e9 des pertes en vies humaines\u201c. \u201cNous vivons des p\u00e9riodes de pluies exceptionnelles d\u00e9j\u00e0 annonc\u00e9es. Cela a entra\u00een\u00e9 des cons\u00e9quences \u00e9galement sur leur quotidien et nous leur t\u00e9moignons ici au nom de son excellence le pr\u00e9sident Sall toute la solidarit\u00e9 du gouvernement. Vous savez que la perte d\u2019une vie est toujours douloureuse et surtout lorsqu\u2019elle intervient dans des circonstances particuli\u00e8res que sont ces ph\u00e9nom\u00e8nes de catastrophes naturelles. C\u2019est pourquoi, en son nom et au nom du gouvernement, nous nous inclinons devant les m\u00e9moires des disparus mais \u00e9galement nous r\u00e9it\u00e9rons nos condol\u00e9ances ici\u201d, poursuit Antoine Felix Diome. Le constat est le m\u00eame, partout, selon le ministre de l\u2019Int\u00e9rieur qui pr\u00e9cise qu\u2019il y a eu d\u2019importantes quantit\u00e9s d\u2019eau qui sont tomb\u00e9es ces derniers jours et dans une p\u00e9riode tr\u00e8s courte. Ce qui, d\u2019apr\u00e8s lui, fait que m\u00eame s\u2019il y a des ouvrages d\u2019assainissement qui ont \u00e9t\u00e9 r\u00e9alis\u00e9s pour l\u2019\u00e9vacuation des eaux, les pr\u00e9visions d\u00e9cennales sur la base desquelles ils ont \u00e9t\u00e9 dimensionn\u00e9s. Il faut un temps pour \u00e9vacuer ces eaux l\u00e0\u2026\u201d Pour rappel, les fortes pluies d&rsquo;hier (dimanche) ont fait trois morts.<\/p>\n","protected":false},"author":1,"featured_media":1273,"comment_status":"open","ping_status":"open","sticky":false,"template":"","format":"standard","meta":{"_jetpack_memberships_contains_paid_content":false,"footnotes":""},"categories":[375,4],"tags":[256,92,11,150,328],"class_list":["post-1272","post","type-post","status-publish","format-standard","has-post-thumbnail","hentry","category-actualites","category-societe","tag-antoine-felix-diome","tag-inondations","tag-macky-sall","tag-meteo","tag-morts","entry","has-media","owp-thumbs-layout-horizontal","owp-btn-normal","owp-tabs-layout-horizontal","has-no-thumbnails","has-product-nav"],"yoast_head":"<!-- This site is optimized with the Yoast SEO plugin v25.5 - https:\/\/yoast.com\/wordpress\/plugins\/seo\/ -->\n<title>Antoine F\u00e9lix Diome: \u201cL\u2019\u00e9tat sera toujours \u00e0 leurs c\u00f4t\u00e9s pour apporter le soutien qu\u2019il faut\u2026 Nous sommes venus pour pr\u00e9senter\u2026\u201d - LE PUBLIC<\/title>\n<meta name=\"robots\" content=\"index, follow, max-snippet:-1, max-image-preview:large, max-video-preview:-1\" \/>\n<link rel=\"canonical\" href=\"https:\/\/www.public.sn\/index.php\/2022\/09\/05\/antoine-felix-diome-letat-sera-toujours-a-leurs-cotes-pour-apporter-le-soutien-quil-faut-nous-sommes-venus-pour-presenter\/\" \/>\n<meta property=\"og:locale\" content=\"fr_FR\" \/>\n<meta property=\"og:type\" content=\"article\" \/>\n<meta property=\"og:title\" content=\"Antoine F\u00e9lix Diome: \u201cL\u2019\u00e9tat sera toujours \u00e0 leurs c\u00f4t\u00e9s pour apporter le soutien qu\u2019il faut\u2026 Nous sommes venus pour pr\u00e9senter\u2026\u201d - LE PUBLIC\" \/>\n<meta property=\"og:description\" content=\"Dakar est sous les eaux ! Des milliers de familles sont touch\u00e9es, des routes impraticables et des d\u00e9c\u00e8s sont enregistr\u00e9s.\u201cL\u2019\u00e9tat sera toujours \u00e0 leurs c\u00f4t\u00e9s pour apporter le soutien qu\u2019il faut\u2026\u201d , a assur\u00e9 Antoine Diome. Le ministre de l\u2019Int\u00e9rieur s\u2019est rendu ce dimanche 04 Septembre \u00e0 Kounoune, Sangalkam, \u00e0 la Zone de Captage pour constater les d\u00e9g\u00e2ts des fortes pluies not\u00e9es ce week-endSoulager les populations concern\u00e9es\u2026 D\u2019apr\u00e8s le ministre de l\u2019Int\u00e9rieur, \u201csi on s\u2019en tient aux pr\u00e9visions m\u00e9t\u00e9orologiques, il y aura encore des pluies fortes. Il faudra l\u00e0 aussi \u00eatre pr\u00e9sents pour faire ce qu\u2019il faut afin de soulager les populations concern\u00e9es. L\u2019\u00e9tat sera toujours \u00e0 leurs c\u00f4t\u00e9s pour apporter le soutien qu\u2019il faut\u2026 Nous sommes venus pour pr\u00e9senter les condol\u00e9ances de l\u2019Etat \u00e0 l\u2019endroit des familles suite aux fortes pluies ayant entra\u00een\u00e9 des pertes en vies humaines\u201c. \u201cNous vivons des p\u00e9riodes de pluies exceptionnelles d\u00e9j\u00e0 annonc\u00e9es. Cela a entra\u00een\u00e9 des cons\u00e9quences \u00e9galement sur leur quotidien et nous leur t\u00e9moignons ici au nom de son excellence le pr\u00e9sident Sall toute la solidarit\u00e9 du gouvernement. Vous savez que la perte d\u2019une vie est toujours douloureuse et surtout lorsqu\u2019elle intervient dans des circonstances particuli\u00e8res que sont ces ph\u00e9nom\u00e8nes de catastrophes naturelles. C\u2019est pourquoi, en son nom et au nom du gouvernement, nous nous inclinons devant les m\u00e9moires des disparus mais \u00e9galement nous r\u00e9it\u00e9rons nos condol\u00e9ances ici\u201d, poursuit Antoine Felix Diome. Le constat est le m\u00eame, partout, selon le ministre de l\u2019Int\u00e9rieur qui pr\u00e9cise qu\u2019il y a eu d\u2019importantes quantit\u00e9s d\u2019eau qui sont tomb\u00e9es ces derniers jours et dans une p\u00e9riode tr\u00e8s courte. Ce qui, d\u2019apr\u00e8s lui, fait que m\u00eame s\u2019il y a des ouvrages d\u2019assainissement qui ont \u00e9t\u00e9 r\u00e9alis\u00e9s pour l\u2019\u00e9vacuation des eaux, les pr\u00e9visions d\u00e9cennales sur la base desquelles ils ont \u00e9t\u00e9 dimensionn\u00e9s. Il faut un temps pour \u00e9vacuer ces eaux l\u00e0\u2026\u201d Pour rappel, les fortes pluies d&rsquo;hier (dimanche) ont fait trois morts.\" \/>\n<meta property=\"og:url\" content=\"https:\/\/www.public.sn\/index.php\/2022\/09\/05\/antoine-felix-diome-letat-sera-toujours-a-leurs-cotes-pour-apporter-le-soutien-quil-faut-nous-sommes-venus-pour-presenter\/\" \/>\n<meta property=\"og:site_name\" content=\"LE PUBLIC\" \/>\n<meta property=\"article:published_time\" content=\"2022-09-05T08:52:18+00:00\" \/>\n<meta property=\"og:image\" content=\"https:\/\/www.public.sn\/wp-content\/uploads\/2022\/09\/3CA2250F-B7E8-488C-8BE1-E61AF167E7B3.jpeg\" \/>\n\t<meta property=\"og:image:width\" content=\"612\" \/>\n\t<meta property=\"og:image:height\" content=\"298\" \/>\n\t<meta property=\"og:image:type\" content=\"image\/jpeg\" \/>\n<meta name=\"author\" content=\"LA REDACTION\" \/>\n<meta name=\"twitter:card\" content=\"summary_large_image\" \/>\n<meta name=\"twitter:label1\" content=\"\u00c9crit par\" \/>\n\t<meta name=\"twitter:data1\" content=\"LA REDACTION\" \/>\n\t<meta name=\"twitter:label2\" content=\"Dur\u00e9e de lecture estim\u00e9e\" \/>\n\t<meta name=\"twitter:data2\" content=\"2 minutes\" \/>\n<script type=\"application\/ld+json\" class=\"yoast-schema-graph\">{\"@context\":\"https:\/\/schema.org\",\"@graph\":[{\"@type\":\"Article\",\"@id\":\"https:\/\/www.public.sn\/index.php\/2022\/09\/05\/antoine-felix-diome-letat-sera-toujours-a-leurs-cotes-pour-apporter-le-soutien-quil-faut-nous-sommes-venus-pour-presenter\/#article\",\"isPartOf\":{\"@id\":\"https:\/\/www.public.sn\/index.php\/2022\/09\/05\/antoine-felix-diome-letat-sera-toujours-a-leurs-cotes-pour-apporter-le-soutien-quil-faut-nous-sommes-venus-pour-presenter\/\"},\"author\":{\"name\":\"LA REDACTION\",\"@id\":\"https:\/\/www.public.sn\/#\/schema\/person\/e3f4a11b037d4203902db148f9bc8d5a\"},\"headline\":\"Antoine F\u00e9lix Diome: \u201cL\u2019\u00e9tat sera toujours \u00e0 leurs c\u00f4t\u00e9s pour apporter le soutien qu\u2019il faut\u2026 Nous sommes venus pour pr\u00e9senter\u2026\u201d\",\"datePublished\":\"2022-09-05T08:52:18+00:00\",\"mainEntityOfPage\":{\"@id\":\"https:\/\/www.public.sn\/index.php\/2022\/09\/05\/antoine-felix-diome-letat-sera-toujours-a-leurs-cotes-pour-apporter-le-soutien-quil-faut-nous-sommes-venus-pour-presenter\/\"},\"wordCount\":405,\"commentCount\":0,\"publisher\":{\"@id\":\"https:\/\/www.public.sn\/#organization\"},\"image\":{\"@id\":\"https:\/\/www.public.sn\/index.php\/2022\/09\/05\/antoine-felix-diome-letat-sera-toujours-a-leurs-cotes-pour-apporter-le-soutien-quil-faut-nous-sommes-venus-pour-presenter\/#primaryimage\"},\"thumbnailUrl\":\"https:\/\/www.public.sn\/wp-content\/uploads\/2022\/09\/3CA2250F-B7E8-488C-8BE1-E61AF167E7B3.jpeg\",\"keywords\":[\"Antoine F\u00e9lix Diome\",\"Inondations\",\"Macky Sall\",\"M\u00e9t\u00e9o\",\"Morts\"],\"articleSection\":[\"ACTUALIT\u00c9S\",\"SOCIETE\"],\"inLanguage\":\"fr-FR\",\"potentialAction\":[{\"@type\":\"CommentAction\",\"name\":\"Comment\",\"target\":[\"https:\/\/www.public.sn\/index.php\/2022\/09\/05\/antoine-felix-diome-letat-sera-toujours-a-leurs-cotes-pour-apporter-le-soutien-quil-faut-nous-sommes-venus-pour-presenter\/#respond\"]}]},{\"@type\":\"WebPage\",\"@id\":\"https:\/\/www.public.sn\/index.php\/2022\/09\/05\/antoine-felix-diome-letat-sera-toujours-a-leurs-cotes-pour-apporter-le-soutien-quil-faut-nous-sommes-venus-pour-presenter\/\",\"url\":\"https:\/\/www.public.sn\/index.php\/2022\/09\/05\/antoine-felix-diome-letat-sera-toujours-a-leurs-cotes-pour-apporter-le-soutien-quil-faut-nous-sommes-venus-pour-presenter\/\",\"name\":\"Antoine F\u00e9lix Diome: \u201cL\u2019\u00e9tat sera toujours \u00e0 leurs c\u00f4t\u00e9s pour apporter le soutien qu\u2019il faut\u2026 Nous sommes venus pour pr\u00e9senter\u2026\u201d - LE PUBLIC\",\"isPartOf\":{\"@id\":\"https:\/\/www.public.sn\/#website\"},\"primaryImageOfPage\":{\"@id\":\"https:\/\/www.public.sn\/index.php\/2022\/09\/05\/antoine-felix-diome-letat-sera-toujours-a-leurs-cotes-pour-apporter-le-soutien-quil-faut-nous-sommes-venus-pour-presenter\/#primaryimage\"},\"image\":{\"@id\":\"https:\/\/www.public.sn\/index.php\/2022\/09\/05\/antoine-felix-diome-letat-sera-toujours-a-leurs-cotes-pour-apporter-le-soutien-quil-faut-nous-sommes-venus-pour-presenter\/#primaryimage\"},\"thumbnailUrl\":\"https:\/\/www.public.sn\/wp-content\/uploads\/2022\/09\/3CA2250F-B7E8-488C-8BE1-E61AF167E7B3.jpeg\",\"datePublished\":\"2022-09-05T08:52:18+00:00\",\"breadcrumb\":{\"@id\":\"https:\/\/www.public.sn\/index.php\/2022\/09\/05\/antoine-felix-diome-letat-sera-toujours-a-leurs-cotes-pour-apporter-le-soutien-quil-faut-nous-sommes-venus-pour-presenter\/#breadcrumb\"},\"inLanguage\":\"fr-FR\",\"potentialAction\":[{\"@type\":\"ReadAction\",\"target\":[\"https:\/\/www.public.sn\/index.php\/2022\/09\/05\/antoine-felix-diome-letat-sera-toujours-a-leurs-cotes-pour-apporter-le-soutien-quil-faut-nous-sommes-venus-pour-presenter\/\"]}]},{\"@type\":\"ImageObject\",\"inLanguage\":\"fr-FR\",\"@id\":\"https:\/\/www.public.sn\/index.php\/2022\/09\/05\/antoine-felix-diome-letat-sera-toujours-a-leurs-cotes-pour-apporter-le-soutien-quil-faut-nous-sommes-venus-pour-presenter\/#primaryimage\",\"url\":\"https:\/\/www.public.sn\/wp-content\/uploads\/2022\/09\/3CA2250F-B7E8-488C-8BE1-E61AF167E7B3.jpeg\",\"contentUrl\":\"https:\/\/www.public.sn\/wp-content\/uploads\/2022\/09\/3CA2250F-B7E8-488C-8BE1-E61AF167E7B3.jpeg\",\"width\":612,\"height\":298},{\"@type\":\"BreadcrumbList\",\"@id\":\"https:\/\/www.public.sn\/index.php\/2022\/09\/05\/antoine-felix-diome-letat-sera-toujours-a-leurs-cotes-pour-apporter-le-soutien-quil-faut-nous-sommes-venus-pour-presenter\/#breadcrumb\",\"itemListElement\":[{\"@type\":\"ListItem\",\"position\":1,\"name\":\"Accueil\",\"item\":\"https:\/\/www.public.sn\/\"},{\"@type\":\"ListItem\",\"position\":2,\"name\":\"Antoine F\u00e9lix Diome: \u201cL\u2019\u00e9tat sera toujours \u00e0 leurs c\u00f4t\u00e9s pour apporter le soutien qu\u2019il faut\u2026 Nous sommes venus pour pr\u00e9senter\u2026\u201d\"}]},{\"@type\":\"WebSite\",\"@id\":\"https:\/\/www.public.sn\/#website\",\"url\":\"https:\/\/www.public.sn\/\",\"name\":\"LE PUBLIC\",\"description\":\"\",\"publisher\":{\"@id\":\"https:\/\/www.public.sn\/#organization\"},\"potentialAction\":[{\"@type\":\"SearchAction\",\"target\":{\"@type\":\"EntryPoint\",\"urlTemplate\":\"https:\/\/www.public.sn\/?s={search_term_string}\"},\"query-input\":{\"@type\":\"PropertyValueSpecification\",\"valueRequired\":true,\"valueName\":\"search_term_string\"}}],\"inLanguage\":\"fr-FR\"},{\"@type\":\"Organization\",\"@id\":\"https:\/\/www.public.sn\/#organization\",\"name\":\"LE PUBLIC\",\"url\":\"https:\/\/www.public.sn\/\",\"logo\":{\"@type\":\"ImageObject\",\"inLanguage\":\"fr-FR\",\"@id\":\"https:\/\/www.public.sn\/#\/schema\/logo\/image\/\",\"url\":\"https:\/\/www.public.sn\/wp-content\/uploads\/2024\/05\/cropped-LOGO-PUBLIC.SN_.png\",\"contentUrl\":\"https:\/\/www.public.sn\/wp-content\/uploads\/2024\/05\/cropped-LOGO-PUBLIC.SN_.png\",\"width\":682,\"height\":192,\"caption\":\"LE PUBLIC\"},\"image\":{\"@id\":\"https:\/\/www.public.sn\/#\/schema\/logo\/image\/\"}},{\"@type\":\"Person\",\"@id\":\"https:\/\/www.public.sn\/#\/schema\/person\/e3f4a11b037d4203902db148f9bc8d5a\",\"name\":\"LA REDACTION\",\"image\":{\"@type\":\"ImageObject\",\"inLanguage\":\"fr-FR\",\"@id\":\"https:\/\/www.public.sn\/#\/schema\/person\/image\/\",\"url\":\"https:\/\/secure.gravatar.com\/avatar\/d6c030db45db2883c075085c5d6c6258654a801a93766b49af0b82d4f454e2a5?s=96&d=mm&r=g\",\"contentUrl\":\"https:\/\/secure.gravatar.com\/avatar\/d6c030db45db2883c075085c5d6c6258654a801a93766b49af0b82d4f454e2a5?s=96&d=mm&r=g\",\"caption\":\"LA REDACTION\"},\"sameAs\":[\"http:\/\/www.public.sn\"],\"url\":\"https:\/\/www.public.sn\/index.php\/author\/admin7324\/\"}]}<\/script>\n<!-- \/ Yoast SEO plugin. -->","yoast_head_json":{"title":"Antoine F\u00e9lix Diome: \u201cL\u2019\u00e9tat sera toujours \u00e0 leurs c\u00f4t\u00e9s pour apporter le soutien qu\u2019il faut\u2026 Nous sommes venus pour pr\u00e9senter\u2026\u201d - LE PUBLIC","robots":{"index":"index","follow":"follow","max-snippet":"max-snippet:-1","max-image-preview":"max-image-preview:large","max-video-preview":"max-video-preview:-1"},"canonical":"https:\/\/www.public.sn\/index.php\/2022\/09\/05\/antoine-felix-diome-letat-sera-toujours-a-leurs-cotes-pour-apporter-le-soutien-quil-faut-nous-sommes-venus-pour-presenter\/","og_locale":"fr_FR","og_type":"article","og_title":"Antoine F\u00e9lix Diome: \u201cL\u2019\u00e9tat sera toujours \u00e0 leurs c\u00f4t\u00e9s pour apporter le soutien qu\u2019il faut\u2026 Nous sommes venus pour pr\u00e9senter\u2026\u201d - LE PUBLIC","og_description":"Dakar est sous les eaux ! Des milliers de familles sont touch\u00e9es, des routes impraticables et des d\u00e9c\u00e8s sont enregistr\u00e9s.\u201cL\u2019\u00e9tat sera toujours \u00e0 leurs c\u00f4t\u00e9s pour apporter le soutien qu\u2019il faut\u2026\u201d , a assur\u00e9 Antoine Diome. Le ministre de l\u2019Int\u00e9rieur s\u2019est rendu ce dimanche 04 Septembre \u00e0 Kounoune, Sangalkam, \u00e0 la Zone de Captage pour constater les d\u00e9g\u00e2ts des fortes pluies not\u00e9es ce week-endSoulager les populations concern\u00e9es\u2026 D\u2019apr\u00e8s le ministre de l\u2019Int\u00e9rieur, \u201csi on s\u2019en tient aux pr\u00e9visions m\u00e9t\u00e9orologiques, il y aura encore des pluies fortes. Il faudra l\u00e0 aussi \u00eatre pr\u00e9sents pour faire ce qu\u2019il faut afin de soulager les populations concern\u00e9es. L\u2019\u00e9tat sera toujours \u00e0 leurs c\u00f4t\u00e9s pour apporter le soutien qu\u2019il faut\u2026 Nous sommes venus pour pr\u00e9senter les condol\u00e9ances de l\u2019Etat \u00e0 l\u2019endroit des familles suite aux fortes pluies ayant entra\u00een\u00e9 des pertes en vies humaines\u201c. \u201cNous vivons des p\u00e9riodes de pluies exceptionnelles d\u00e9j\u00e0 annonc\u00e9es. Cela a entra\u00een\u00e9 des cons\u00e9quences \u00e9galement sur leur quotidien et nous leur t\u00e9moignons ici au nom de son excellence le pr\u00e9sident Sall toute la solidarit\u00e9 du gouvernement. Vous savez que la perte d\u2019une vie est toujours douloureuse et surtout lorsqu\u2019elle intervient dans des circonstances particuli\u00e8res que sont ces ph\u00e9nom\u00e8nes de catastrophes naturelles. C\u2019est pourquoi, en son nom et au nom du gouvernement, nous nous inclinons devant les m\u00e9moires des disparus mais \u00e9galement nous r\u00e9it\u00e9rons nos condol\u00e9ances ici\u201d, poursuit Antoine Felix Diome. Le constat est le m\u00eame, partout, selon le ministre de l\u2019Int\u00e9rieur qui pr\u00e9cise qu\u2019il y a eu d\u2019importantes quantit\u00e9s d\u2019eau qui sont tomb\u00e9es ces derniers jours et dans une p\u00e9riode tr\u00e8s courte. Ce qui, d\u2019apr\u00e8s lui, fait que m\u00eame s\u2019il y a des ouvrages d\u2019assainissement qui ont \u00e9t\u00e9 r\u00e9alis\u00e9s pour l\u2019\u00e9vacuation des eaux, les pr\u00e9visions d\u00e9cennales sur la base desquelles ils ont \u00e9t\u00e9 dimensionn\u00e9s. Il faut un temps pour \u00e9vacuer ces eaux l\u00e0\u2026\u201d Pour rappel, les fortes pluies d&rsquo;hier (dimanche) ont fait trois morts.","og_url":"https:\/\/www.public.sn\/index.php\/2022\/09\/05\/antoine-felix-diome-letat-sera-toujours-a-leurs-cotes-pour-apporter-le-soutien-quil-faut-nous-sommes-venus-pour-presenter\/","og_site_name":"LE PUBLIC","article_published_time":"2022-09-05T08:52:18+00:00","og_image":[{"width":612,"height":298,"url":"https:\/\/www.public.sn\/wp-content\/uploads\/2022\/09\/3CA2250F-B7E8-488C-8BE1-E61AF167E7B3.jpeg","type":"image\/jpeg"}],"author":"LA REDACTION","twitter_card":"summary_large_image","twitter_misc":{"\u00c9crit par":"LA REDACTION","Dur\u00e9e de lecture estim\u00e9e":"2 minutes"},"schema":{"@context":"https:\/\/schema.org","@graph":[{"@type":"Article","@id":"https:\/\/www.public.sn\/index.php\/2022\/09\/05\/antoine-felix-diome-letat-sera-toujours-a-leurs-cotes-pour-apporter-le-soutien-quil-faut-nous-sommes-venus-pour-presenter\/#article","isPartOf":{"@id":"https:\/\/www.public.sn\/index.php\/2022\/09\/05\/antoine-felix-diome-letat-sera-toujours-a-leurs-cotes-pour-apporter-le-soutien-quil-faut-nous-sommes-venus-pour-presenter\/"},"author":{"name":"LA REDACTION","@id":"https:\/\/www.public.sn\/#\/schema\/person\/e3f4a11b037d4203902db148f9bc8d5a"},"headline":"Antoine F\u00e9lix Diome: \u201cL\u2019\u00e9tat sera toujours \u00e0 leurs c\u00f4t\u00e9s pour apporter le soutien qu\u2019il faut\u2026 Nous sommes venus pour pr\u00e9senter\u2026\u201d","datePublished":"2022-09-05T08:52:18+00:00","mainEntityOfPage":{"@id":"https:\/\/www.public.sn\/index.php\/2022\/09\/05\/antoine-felix-diome-letat-sera-toujours-a-leurs-cotes-pour-apporter-le-soutien-quil-faut-nous-sommes-venus-pour-presenter\/"},"wordCount":405,"commentCount":0,"publisher":{"@id":"https:\/\/www.public.sn\/#organization"},"image":{"@id":"https:\/\/www.public.sn\/index.php\/2022\/09\/05\/antoine-felix-diome-letat-sera-toujours-a-leurs-cotes-pour-apporter-le-soutien-quil-faut-nous-sommes-venus-pour-presenter\/#primaryimage"},"thumbnailUrl":"https:\/\/www.public.sn\/wp-content\/uploads\/2022\/09\/3CA2250F-B7E8-488C-8BE1-E61AF167E7B3.jpeg","keywords":["Antoine F\u00e9lix Diome","Inondations","Macky Sall","M\u00e9t\u00e9o","Morts"],"articleSection":["ACTUALIT\u00c9S","SOCIETE"],"inLanguage":"fr-FR","potentialAction":[{"@type":"CommentAction","name":"Comment","target":["https:\/\/www.public.sn\/index.php\/2022\/09\/05\/antoine-felix-diome-letat-sera-toujours-a-leurs-cotes-pour-apporter-le-soutien-quil-faut-nous-sommes-venus-pour-presenter\/#respond"]}]},{"@type":"WebPage","@id":"https:\/\/www.public.sn\/index.php\/2022\/09\/05\/antoine-felix-diome-letat-sera-toujours-a-leurs-cotes-pour-apporter-le-soutien-quil-faut-nous-sommes-venus-pour-presenter\/","url":"https:\/\/www.public.sn\/index.php\/2022\/09\/05\/antoine-felix-diome-letat-sera-toujours-a-leurs-cotes-pour-apporter-le-soutien-quil-faut-nous-sommes-venus-pour-presenter\/","name":"Antoine F\u00e9lix Diome: \u201cL\u2019\u00e9tat sera toujours \u00e0 leurs c\u00f4t\u00e9s pour apporter le soutien qu\u2019il faut\u2026 Nous sommes venus pour pr\u00e9senter\u2026\u201d - LE PUBLIC","isPartOf":{"@id":"https:\/\/www.public.sn\/#website"},"primaryImageOfPage":{"@id":"https:\/\/www.public.sn\/index.php\/2022\/09\/05\/antoine-felix-diome-letat-sera-toujours-a-leurs-cotes-pour-apporter-le-soutien-quil-faut-nous-sommes-venus-pour-presenter\/#primaryimage"},"image":{"@id":"https:\/\/www.public.sn\/index.php\/2022\/09\/05\/antoine-felix-diome-letat-sera-toujours-a-leurs-cotes-pour-apporter-le-soutien-quil-faut-nous-sommes-venus-pour-presenter\/#primaryimage"},"thumbnailUrl":"https:\/\/www.public.sn\/wp-content\/uploads\/2022\/09\/3CA2250F-B7E8-488C-8BE1-E61AF167E7B3.jpeg","datePublished":"2022-09-05T08:52:18+00:00","breadcrumb":{"@id":"https:\/\/www.public.sn\/index.php\/2022\/09\/05\/antoine-felix-diome-letat-sera-toujours-a-leurs-cotes-pour-apporter-le-soutien-quil-faut-nous-sommes-venus-pour-presenter\/#breadcrumb"},"inLanguage":"fr-FR","potentialAction":[{"@type":"ReadAction","target":["https:\/\/www.public.sn\/index.php\/2022\/09\/05\/antoine-felix-diome-letat-sera-toujours-a-leurs-cotes-pour-apporter-le-soutien-quil-faut-nous-sommes-venus-pour-presenter\/"]}]},{"@type":"ImageObject","inLanguage":"fr-FR","@id":"https:\/\/www.public.sn\/index.php\/2022\/09\/05\/antoine-felix-diome-letat-sera-toujours-a-leurs-cotes-pour-apporter-le-soutien-quil-faut-nous-sommes-venus-pour-presenter\/#primaryimage","url":"https:\/\/www.public.sn\/wp-content\/uploads\/2022\/09\/3CA2250F-B7E8-488C-8BE1-E61AF167E7B3.jpeg","contentUrl":"https:\/\/www.public.sn\/wp-content\/uploads\/2022\/09\/3CA2250F-B7E8-488C-8BE1-E61AF167E7B3.jpeg","width":612,"height":298},{"@type":"BreadcrumbList","@id":"https:\/\/www.public.sn\/index.php\/2022\/09\/05\/antoine-felix-diome-letat-sera-toujours-a-leurs-cotes-pour-apporter-le-soutien-quil-faut-nous-sommes-venus-pour-presenter\/#breadcrumb","itemListElement":[{"@type":"ListItem","position":1,"name":"Accueil","item":"https:\/\/www.public.sn\/"},{"@type":"ListItem","position":2,"name":"Antoine F\u00e9lix Diome: \u201cL\u2019\u00e9tat sera toujours \u00e0 leurs c\u00f4t\u00e9s pour apporter le soutien qu\u2019il faut\u2026 Nous sommes venus pour pr\u00e9senter\u2026\u201d"}]},{"@type":"WebSite","@id":"https:\/\/www.public.sn\/#website","url":"https:\/\/www.public.sn\/","name":"LE PUBLIC","description":"","publisher":{"@id":"https:\/\/www.public.sn\/#organization"},"potentialAction":[{"@type":"SearchAction","target":{"@type":"EntryPoint","urlTemplate":"https:\/\/www.public.sn\/?s={search_term_string}"},"query-input":{"@type":"PropertyValueSpecification","valueRequired":true,"valueName":"search_term_string"}}],"inLanguage":"fr-FR"},{"@type":"Organization","@id":"https:\/\/www.public.sn\/#organization","name":"LE PUBLIC","url":"https:\/\/www.public.sn\/","logo":{"@type":"ImageObject","inLanguage":"fr-FR","@id":"https:\/\/www.public.sn\/#\/schema\/logo\/image\/","url":"https:\/\/www.public.sn\/wp-content\/uploads\/2024\/05\/cropped-LOGO-PUBLIC.SN_.png","contentUrl":"https:\/\/www.public.sn\/wp-content\/uploads\/2024\/05\/cropped-LOGO-PUBLIC.SN_.png","width":682,"height":192,"caption":"LE PUBLIC"},"image":{"@id":"https:\/\/www.public.sn\/#\/schema\/logo\/image\/"}},{"@type":"Person","@id":"https:\/\/www.public.sn\/#\/schema\/person\/e3f4a11b037d4203902db148f9bc8d5a","name":"LA REDACTION","image":{"@type":"ImageObject","inLanguage":"fr-FR","@id":"https:\/\/www.public.sn\/#\/schema\/person\/image\/","url":"https:\/\/secure.gravatar.com\/avatar\/d6c030db45db2883c075085c5d6c6258654a801a93766b49af0b82d4f454e2a5?s=96&d=mm&r=g","contentUrl":"https:\/\/secure.gravatar.com\/avatar\/d6c030db45db2883c075085c5d6c6258654a801a93766b49af0b82d4f454e2a5?s=96&d=mm&r=g","caption":"LA REDACTION"},"sameAs":["http:\/\/www.public.sn"],"url":"https:\/\/www.public.sn\/index.php\/author\/admin7324\/"}]}},"jetpack_featured_media_url":"https:\/\/www.public.sn\/wp-content\/uploads\/2022\/09\/3CA2250F-B7E8-488C-8BE1-E61AF167E7B3.jpeg","jetpack_sharing_enabled":true,"_links":{"self":[{"href":"https:\/\/www.public.sn\/index.php\/wp-json\/wp\/v2\/posts\/1272","targetHints":{"allow":["GET"]}}],"collection":[{"href":"https:\/\/www.public.sn\/index.php\/wp-json\/wp\/v2\/posts"}],"about":[{"href":"https:\/\/www.public.sn\/index.php\/wp-json\/wp\/v2\/types\/post"}],"author":[{"embeddable":true,"href":"https:\/\/www.public.sn\/index.php\/wp-json\/wp\/v2\/users\/1"}],"replies":[{"embeddable":true,"href":"https:\/\/www.public.sn\/index.php\/wp-json\/wp\/v2\/comments?post=1272"}],"version-history":[{"count":1,"href":"https:\/\/www.public.sn\/index.php\/wp-json\/wp\/v2\/posts\/1272\/revisions"}],"predecessor-version":[{"id":1274,"href":"https:\/\/www.public.sn\/index.php\/wp-json\/wp\/v2\/posts\/1272\/revisions\/1274"}],"wp:featuredmedia":[{"embeddable":true,"href":"https:\/\/www.public.sn\/index.php\/wp-json\/wp\/v2\/media\/1273"}],"wp:attachment":[{"href":"https:\/\/www.public.sn\/index.php\/wp-json\/wp\/v2\/media?parent=1272"}],"wp:term":[{"taxonomy":"category","embeddable":true,"href":"https:\/\/www.public.sn\/index.php\/wp-json\/wp\/v2\/categories?post=1272"},{"taxonomy":"post_tag","embeddable":true,"href":"https:\/\/www.public.sn\/index.php\/wp-json\/wp\/v2\/tags?post=1272"}],"curies":[{"name":"wp","href":"https:\/\/api.w.org\/{rel}","templated":true}]}}