{"id":1278,"date":"2022-09-05T11:10:44","date_gmt":"2022-09-05T09:10:44","guid":{"rendered":"https:\/\/www.public.sn\/?p=1278"},"modified":"2022-09-05T11:10:45","modified_gmt":"2022-09-05T09:10:45","slug":"attaques-au-couteau-au-canada-au-moins-10-morts-et-15-blesses","status":"publish","type":"post","link":"https:\/\/www.public.sn\/index.php\/2022\/09\/05\/attaques-au-couteau-au-canada-au-moins-10-morts-et-15-blesses\/","title":{"rendered":"Attaques au couteau au Canada\u00a0: au moins 10\u00a0morts et 15\u00a0bless\u00e9s."},"content":{"rendered":"\n<p><strong>Au moins 10\u00a0personnes ont \u00e9t\u00e9 tu\u00e9es et 15\u00a0autres, bless\u00e9es dans une s\u00e9rie d\u2019attaques au couteau dans la Nation crie James Smith et dans le village de Weldon, \u00e0 environ 200\u00a0kilom\u00e8tres au nord-est de Saskatoon. Les deux suspects sont toujours en fuite.<\/strong><\/p><div class=\"publi-paragraphe1\" style=\"margin-top: 10px;margin-bottom: 10px;margin-left: auto;margin-right: auto;text-align: center;\" id=\"publi-1076807405\"><div class=\"publi-adlabel\">Publicit\u00e9<\/div><script async src=\"\/\/pagead2.googlesyndication.com\/pagead\/js\/adsbygoogle.js?client=ca-pub-4089586018074219\" crossorigin=\"anonymous\"><\/script><ins class=\"adsbygoogle\" style=\"display:block;\" data-ad-client=\"ca-pub-4089586018074219\" \ndata-ad-slot=\"2087940154\" \ndata-ad-format=\"auto\"><\/ins>\n<script> \n(adsbygoogle = window.adsbygoogle || []).push({}); \n<\/script>\n<\/div>\n\n\n\n<p>La Gendarmerie royale du Canada (GRC) croit que certaines des attaques \u00e9taient d\u00e9lib\u00e9r\u00e9es, tandis que d\u2019autres auraient \u00e9t\u00e9 faites de mani\u00e8re al\u00e9atoire.<\/p>\n\n\n\n<p>Les deux suspects auraient fait leurs premi\u00e8res victimes t\u00f4t dimanche matin. Ils auraient ensuite \u00e9t\u00e9 aper\u00e7us vers 11\u00a0h\u00a045 \u00e0 Regina, \u00e0 plus de 300\u00a0kilom\u00e8tres des lieux des crimes, ont expliqu\u00e9 des repr\u00e9sentants du corps policier en point de presse.<\/p>\n\n\n\n<p>\u201c<q><em>Nous n\u2019avons pas eu d\u2019autres signalements depuis. Nous travaillons donc comme s\u2019ils \u00e9taient toujours dans la ville<\/em><\/q>\u201d, affirment les forces de l&rsquo;ordre.<\/p>\n\n\n\n<p>La quinzaine de bless\u00e9s dont a fait \u00e9tat la\u00a0GRC\u00a0n&rsquo;inclut que les personnes transport\u00e9es \u00e0 l&rsquo;h\u00f4pital. Les deux suspects auraient pu faire davantage de victimes.<\/p>\n\n\n\n<p>E\ufeffn mi-journ\u00e9e, la&nbsp;GRC&nbsp;a aussi mis en garde les habitants de l&rsquo;Alberta et du Manitoba contre les deux suspects en fuite.<\/p>\n\n\n\n<p>Le Service de Police de Regina pr\u00eate main-forte aux agents de la&nbsp;GRC&nbsp;pour localiser les deux suspects et assurer la s\u00e9curit\u00e9 de la population.<\/p>\n\n\n\n<p>La recherche des deux hommes se d\u00e9roulait dimanche alors que la ville \u00e9tait l&rsquo;h\u00f4te de la Classique de la f\u00eate du Travail, un match de football entre les&nbsp;Roughriders&nbsp;de la Saskatchewan et les&nbsp;Blue Bombers&nbsp;de Winnipeg.<\/p>\n<div class=\"publi-apres-le-contenu\" style=\"margin-top: 10px;margin-bottom: 10px;margin-left: auto;margin-right: auto;text-align: center;\" id=\"publi-2033957701\"><div class=\"publi-adlabel\">Publicit\u00e9<\/div><script async src=\"\/\/pagead2.googlesyndication.com\/pagead\/js\/adsbygoogle.js?client=ca-pub-4089586018074219\" crossorigin=\"anonymous\"><\/script><ins class=\"adsbygoogle\" style=\"display:block;\" data-ad-client=\"ca-pub-4089586018074219\" \ndata-ad-slot=\"2087940154\" \ndata-ad-format=\"auto\"><\/ins>\n<script> \n(adsbygoogle = window.adsbygoogle || []).push({}); \n<\/script>\n<\/div>","protected":false},"excerpt":{"rendered":"<p>Au moins 10\u00a0personnes ont \u00e9t\u00e9 tu\u00e9es et 15\u00a0autres, bless\u00e9es dans une s\u00e9rie d\u2019attaques au couteau dans la Nation crie James Smith et dans le village de Weldon, \u00e0 environ 200\u00a0kilom\u00e8tres au nord-est de Saskatoon. Les deux suspects sont toujours en fuite. La Gendarmerie royale du Canada (GRC) croit que certaines des attaques \u00e9taient d\u00e9lib\u00e9r\u00e9es, tandis que d\u2019autres auraient \u00e9t\u00e9 faites de mani\u00e8re al\u00e9atoire. Les deux suspects auraient fait leurs premi\u00e8res victimes t\u00f4t dimanche matin. Ils auraient ensuite \u00e9t\u00e9 aper\u00e7us vers 11\u00a0h\u00a045 \u00e0 Regina, \u00e0 plus de 300\u00a0kilom\u00e8tres des lieux des crimes, ont expliqu\u00e9 des repr\u00e9sentants du corps policier en point de presse. \u201cNous n\u2019avons pas eu d\u2019autres signalements depuis. Nous travaillons donc comme s\u2019ils \u00e9taient toujours dans la ville\u201d, affirment les forces de l&rsquo;ordre. La quinzaine de bless\u00e9s dont a fait \u00e9tat la\u00a0GRC\u00a0n&rsquo;inclut que les personnes transport\u00e9es \u00e0 l&rsquo;h\u00f4pital. Les deux suspects auraient pu faire davantage de victimes. E\ufeffn mi-journ\u00e9e, la&nbsp;GRC&nbsp;a aussi mis en garde les habitants de l&rsquo;Alberta et du Manitoba contre les deux suspects en fuite. Le Service de Police de Regina pr\u00eate main-forte aux agents de la&nbsp;GRC&nbsp;pour localiser les deux suspects et assurer la s\u00e9curit\u00e9 de la population. La recherche des deux hommes se d\u00e9roulait dimanche alors que la ville \u00e9tait l&rsquo;h\u00f4te de la Classique de la f\u00eate du Travail, un match de football entre les&nbsp;Roughriders&nbsp;de la Saskatchewan et les&nbsp;Blue Bombers&nbsp;de Winnipeg.<\/p>\n","protected":false},"author":1,"featured_media":1279,"comment_status":"open","ping_status":"open","sticky":false,"template":"","format":"standard","meta":{"_jetpack_memberships_contains_paid_content":false,"footnotes":""},"categories":[375],"tags":[531,530,198,532],"class_list":["post-1278","post","type-post","status-publish","format-standard","has-post-thumbnail","hentry","category-actualites","tag-attaques-meurtrieres","tag-canada","tag-gendarmerie","tag-suspects-arretes","entry","has-media","owp-thumbs-layout-horizontal","owp-btn-normal","owp-tabs-layout-horizontal","has-no-thumbnails","has-product-nav"],"yoast_head":"<!-- This site is optimized with the Yoast SEO plugin v25.5 - https:\/\/yoast.com\/wordpress\/plugins\/seo\/ -->\n<title>Attaques au couteau au Canada\u00a0: au moins 10\u00a0morts et 15\u00a0bless\u00e9s. - LE PUBLIC<\/title>\n<meta name=\"robots\" content=\"index, follow, max-snippet:-1, max-image-preview:large, max-video-preview:-1\" \/>\n<link rel=\"canonical\" href=\"https:\/\/www.public.sn\/index.php\/2022\/09\/05\/attaques-au-couteau-au-canada-au-moins-10-morts-et-15-blesses\/\" \/>\n<meta property=\"og:locale\" content=\"fr_FR\" \/>\n<meta property=\"og:type\" content=\"article\" \/>\n<meta property=\"og:title\" content=\"Attaques au couteau au Canada\u00a0: au moins 10\u00a0morts et 15\u00a0bless\u00e9s. - LE PUBLIC\" \/>\n<meta property=\"og:description\" content=\"Au moins 10\u00a0personnes ont \u00e9t\u00e9 tu\u00e9es et 15\u00a0autres, bless\u00e9es dans une s\u00e9rie d\u2019attaques au couteau dans la Nation crie James Smith et dans le village de Weldon, \u00e0 environ 200\u00a0kilom\u00e8tres au nord-est de Saskatoon. Les deux suspects sont toujours en fuite. La Gendarmerie royale du Canada (GRC) croit que certaines des attaques \u00e9taient d\u00e9lib\u00e9r\u00e9es, tandis que d\u2019autres auraient \u00e9t\u00e9 faites de mani\u00e8re al\u00e9atoire. Les deux suspects auraient fait leurs premi\u00e8res victimes t\u00f4t dimanche matin. Ils auraient ensuite \u00e9t\u00e9 aper\u00e7us vers 11\u00a0h\u00a045 \u00e0 Regina, \u00e0 plus de 300\u00a0kilom\u00e8tres des lieux des crimes, ont expliqu\u00e9 des repr\u00e9sentants du corps policier en point de presse. \u201cNous n\u2019avons pas eu d\u2019autres signalements depuis. Nous travaillons donc comme s\u2019ils \u00e9taient toujours dans la ville\u201d, affirment les forces de l&rsquo;ordre. La quinzaine de bless\u00e9s dont a fait \u00e9tat la\u00a0GRC\u00a0n&rsquo;inclut que les personnes transport\u00e9es \u00e0 l&rsquo;h\u00f4pital. Les deux suspects auraient pu faire davantage de victimes. E\ufeffn mi-journ\u00e9e, la&nbsp;GRC&nbsp;a aussi mis en garde les habitants de l&rsquo;Alberta et du Manitoba contre les deux suspects en fuite. Le Service de Police de Regina pr\u00eate main-forte aux agents de la&nbsp;GRC&nbsp;pour localiser les deux suspects et assurer la s\u00e9curit\u00e9 de la population. La recherche des deux hommes se d\u00e9roulait dimanche alors que la ville \u00e9tait l&rsquo;h\u00f4te de la Classique de la f\u00eate du Travail, un match de football entre les&nbsp;Roughriders&nbsp;de la Saskatchewan et les&nbsp;Blue Bombers&nbsp;de Winnipeg.\" \/>\n<meta property=\"og:url\" content=\"https:\/\/www.public.sn\/index.php\/2022\/09\/05\/attaques-au-couteau-au-canada-au-moins-10-morts-et-15-blesses\/\" \/>\n<meta property=\"og:site_name\" content=\"LE PUBLIC\" \/>\n<meta property=\"article:published_time\" content=\"2022-09-05T09:10:44+00:00\" \/>\n<meta property=\"article:modified_time\" content=\"2022-09-05T09:10:45+00:00\" \/>\n<meta property=\"og:image\" content=\"https:\/\/www.public.sn\/wp-content\/uploads\/2022\/09\/2046A47C-EA98-4937-BF48-5746B8C262C0.jpeg\" \/>\n\t<meta property=\"og:image:width\" content=\"664\" \/>\n\t<meta property=\"og:image:height\" content=\"443\" \/>\n\t<meta property=\"og:image:type\" content=\"image\/jpeg\" \/>\n<meta name=\"author\" content=\"LA REDACTION\" \/>\n<meta name=\"twitter:card\" content=\"summary_large_image\" \/>\n<meta name=\"twitter:label1\" content=\"\u00c9crit par\" \/>\n\t<meta name=\"twitter:data1\" content=\"LA REDACTION\" \/>\n\t<meta name=\"twitter:label2\" content=\"Dur\u00e9e de lecture estim\u00e9e\" \/>\n\t<meta name=\"twitter:data2\" content=\"2 minutes\" \/>\n<script type=\"application\/ld+json\" class=\"yoast-schema-graph\">{\"@context\":\"https:\/\/schema.org\",\"@graph\":[{\"@type\":\"Article\",\"@id\":\"https:\/\/www.public.sn\/index.php\/2022\/09\/05\/attaques-au-couteau-au-canada-au-moins-10-morts-et-15-blesses\/#article\",\"isPartOf\":{\"@id\":\"https:\/\/www.public.sn\/index.php\/2022\/09\/05\/attaques-au-couteau-au-canada-au-moins-10-morts-et-15-blesses\/\"},\"author\":{\"name\":\"LA REDACTION\",\"@id\":\"https:\/\/www.public.sn\/#\/schema\/person\/e3f4a11b037d4203902db148f9bc8d5a\"},\"headline\":\"Attaques au couteau au Canada\u00a0: au moins 10\u00a0morts et 15\u00a0bless\u00e9s.\",\"datePublished\":\"2022-09-05T09:10:44+00:00\",\"dateModified\":\"2022-09-05T09:10:45+00:00\",\"mainEntityOfPage\":{\"@id\":\"https:\/\/www.public.sn\/index.php\/2022\/09\/05\/attaques-au-couteau-au-canada-au-moins-10-morts-et-15-blesses\/\"},\"wordCount\":279,\"commentCount\":0,\"publisher\":{\"@id\":\"https:\/\/www.public.sn\/#organization\"},\"image\":{\"@id\":\"https:\/\/www.public.sn\/index.php\/2022\/09\/05\/attaques-au-couteau-au-canada-au-moins-10-morts-et-15-blesses\/#primaryimage\"},\"thumbnailUrl\":\"https:\/\/www.public.sn\/wp-content\/uploads\/2022\/09\/2046A47C-EA98-4937-BF48-5746B8C262C0.jpeg\",\"keywords\":[\"Attaques meurtri\u00e8res\",\"Canada\",\"Gendarmerie\",\"Suspects arr\u00eat\u00e9s\"],\"articleSection\":[\"ACTUALIT\u00c9S\"],\"inLanguage\":\"fr-FR\",\"potentialAction\":[{\"@type\":\"CommentAction\",\"name\":\"Comment\",\"target\":[\"https:\/\/www.public.sn\/index.php\/2022\/09\/05\/attaques-au-couteau-au-canada-au-moins-10-morts-et-15-blesses\/#respond\"]}]},{\"@type\":\"WebPage\",\"@id\":\"https:\/\/www.public.sn\/index.php\/2022\/09\/05\/attaques-au-couteau-au-canada-au-moins-10-morts-et-15-blesses\/\",\"url\":\"https:\/\/www.public.sn\/index.php\/2022\/09\/05\/attaques-au-couteau-au-canada-au-moins-10-morts-et-15-blesses\/\",\"name\":\"Attaques au couteau au Canada\u00a0: au moins 10\u00a0morts et 15\u00a0bless\u00e9s. - LE PUBLIC\",\"isPartOf\":{\"@id\":\"https:\/\/www.public.sn\/#website\"},\"primaryImageOfPage\":{\"@id\":\"https:\/\/www.public.sn\/index.php\/2022\/09\/05\/attaques-au-couteau-au-canada-au-moins-10-morts-et-15-blesses\/#primaryimage\"},\"image\":{\"@id\":\"https:\/\/www.public.sn\/index.php\/2022\/09\/05\/attaques-au-couteau-au-canada-au-moins-10-morts-et-15-blesses\/#primaryimage\"},\"thumbnailUrl\":\"https:\/\/www.public.sn\/wp-content\/uploads\/2022\/09\/2046A47C-EA98-4937-BF48-5746B8C262C0.jpeg\",\"datePublished\":\"2022-09-05T09:10:44+00:00\",\"dateModified\":\"2022-09-05T09:10:45+00:00\",\"breadcrumb\":{\"@id\":\"https:\/\/www.public.sn\/index.php\/2022\/09\/05\/attaques-au-couteau-au-canada-au-moins-10-morts-et-15-blesses\/#breadcrumb\"},\"inLanguage\":\"fr-FR\",\"potentialAction\":[{\"@type\":\"ReadAction\",\"target\":[\"https:\/\/www.public.sn\/index.php\/2022\/09\/05\/attaques-au-couteau-au-canada-au-moins-10-morts-et-15-blesses\/\"]}]},{\"@type\":\"ImageObject\",\"inLanguage\":\"fr-FR\",\"@id\":\"https:\/\/www.public.sn\/index.php\/2022\/09\/05\/attaques-au-couteau-au-canada-au-moins-10-morts-et-15-blesses\/#primaryimage\",\"url\":\"https:\/\/www.public.sn\/wp-content\/uploads\/2022\/09\/2046A47C-EA98-4937-BF48-5746B8C262C0.jpeg\",\"contentUrl\":\"https:\/\/www.public.sn\/wp-content\/uploads\/2022\/09\/2046A47C-EA98-4937-BF48-5746B8C262C0.jpeg\",\"width\":664,\"height\":443,\"caption\":\"Assistant Commissioner Rhonda Blackmore speaks while Regina Police Chief Evan Bray, left, looks on during a press conference at RCMP \\\"F\\\" Division Headquarters in Regina, Saskatchewan, on Sunday, Sept. 4, 2022. Damien Sanderson and Myles Sanderson allegedly stabbed and killed 10 people between James Smith Cree Nation and Weldon, Saskatchewan, on Sunday morning, and the pair are presently at large. (Michael Bell\/The Canadian Press via AP)\"},{\"@type\":\"BreadcrumbList\",\"@id\":\"https:\/\/www.public.sn\/index.php\/2022\/09\/05\/attaques-au-couteau-au-canada-au-moins-10-morts-et-15-blesses\/#breadcrumb\",\"itemListElement\":[{\"@type\":\"ListItem\",\"position\":1,\"name\":\"Accueil\",\"item\":\"https:\/\/www.public.sn\/\"},{\"@type\":\"ListItem\",\"position\":2,\"name\":\"Attaques au couteau au Canada\u00a0: au moins 10\u00a0morts et 15\u00a0bless\u00e9s.\"}]},{\"@type\":\"WebSite\",\"@id\":\"https:\/\/www.public.sn\/#website\",\"url\":\"https:\/\/www.public.sn\/\",\"name\":\"LE PUBLIC\",\"description\":\"\",\"publisher\":{\"@id\":\"https:\/\/www.public.sn\/#organization\"},\"potentialAction\":[{\"@type\":\"SearchAction\",\"target\":{\"@type\":\"EntryPoint\",\"urlTemplate\":\"https:\/\/www.public.sn\/?s={search_term_string}\"},\"query-input\":{\"@type\":\"PropertyValueSpecification\",\"valueRequired\":true,\"valueName\":\"search_term_string\"}}],\"inLanguage\":\"fr-FR\"},{\"@type\":\"Organization\",\"@id\":\"https:\/\/www.public.sn\/#organization\",\"name\":\"LE PUBLIC\",\"url\":\"https:\/\/www.public.sn\/\",\"logo\":{\"@type\":\"ImageObject\",\"inLanguage\":\"fr-FR\",\"@id\":\"https:\/\/www.public.sn\/#\/schema\/logo\/image\/\",\"url\":\"https:\/\/www.public.sn\/wp-content\/uploads\/2024\/05\/cropped-LOGO-PUBLIC.SN_.png\",\"contentUrl\":\"https:\/\/www.public.sn\/wp-content\/uploads\/2024\/05\/cropped-LOGO-PUBLIC.SN_.png\",\"width\":682,\"height\":192,\"caption\":\"LE PUBLIC\"},\"image\":{\"@id\":\"https:\/\/www.public.sn\/#\/schema\/logo\/image\/\"}},{\"@type\":\"Person\",\"@id\":\"https:\/\/www.public.sn\/#\/schema\/person\/e3f4a11b037d4203902db148f9bc8d5a\",\"name\":\"LA REDACTION\",\"image\":{\"@type\":\"ImageObject\",\"inLanguage\":\"fr-FR\",\"@id\":\"https:\/\/www.public.sn\/#\/schema\/person\/image\/\",\"url\":\"https:\/\/secure.gravatar.com\/avatar\/d6c030db45db2883c075085c5d6c6258654a801a93766b49af0b82d4f454e2a5?s=96&d=mm&r=g\",\"contentUrl\":\"https:\/\/secure.gravatar.com\/avatar\/d6c030db45db2883c075085c5d6c6258654a801a93766b49af0b82d4f454e2a5?s=96&d=mm&r=g\",\"caption\":\"LA REDACTION\"},\"sameAs\":[\"http:\/\/www.public.sn\"],\"url\":\"https:\/\/www.public.sn\/index.php\/author\/admin7324\/\"}]}<\/script>\n<!-- \/ Yoast SEO plugin. -->","yoast_head_json":{"title":"Attaques au couteau au Canada\u00a0: au moins 10\u00a0morts et 15\u00a0bless\u00e9s. - LE PUBLIC","robots":{"index":"index","follow":"follow","max-snippet":"max-snippet:-1","max-image-preview":"max-image-preview:large","max-video-preview":"max-video-preview:-1"},"canonical":"https:\/\/www.public.sn\/index.php\/2022\/09\/05\/attaques-au-couteau-au-canada-au-moins-10-morts-et-15-blesses\/","og_locale":"fr_FR","og_type":"article","og_title":"Attaques au couteau au Canada\u00a0: au moins 10\u00a0morts et 15\u00a0bless\u00e9s. - LE PUBLIC","og_description":"Au moins 10\u00a0personnes ont \u00e9t\u00e9 tu\u00e9es et 15\u00a0autres, bless\u00e9es dans une s\u00e9rie d\u2019attaques au couteau dans la Nation crie James Smith et dans le village de Weldon, \u00e0 environ 200\u00a0kilom\u00e8tres au nord-est de Saskatoon. Les deux suspects sont toujours en fuite. La Gendarmerie royale du Canada (GRC) croit que certaines des attaques \u00e9taient d\u00e9lib\u00e9r\u00e9es, tandis que d\u2019autres auraient \u00e9t\u00e9 faites de mani\u00e8re al\u00e9atoire. Les deux suspects auraient fait leurs premi\u00e8res victimes t\u00f4t dimanche matin. Ils auraient ensuite \u00e9t\u00e9 aper\u00e7us vers 11\u00a0h\u00a045 \u00e0 Regina, \u00e0 plus de 300\u00a0kilom\u00e8tres des lieux des crimes, ont expliqu\u00e9 des repr\u00e9sentants du corps policier en point de presse. \u201cNous n\u2019avons pas eu d\u2019autres signalements depuis. Nous travaillons donc comme s\u2019ils \u00e9taient toujours dans la ville\u201d, affirment les forces de l&rsquo;ordre. La quinzaine de bless\u00e9s dont a fait \u00e9tat la\u00a0GRC\u00a0n&rsquo;inclut que les personnes transport\u00e9es \u00e0 l&rsquo;h\u00f4pital. Les deux suspects auraient pu faire davantage de victimes. E\ufeffn mi-journ\u00e9e, la&nbsp;GRC&nbsp;a aussi mis en garde les habitants de l&rsquo;Alberta et du Manitoba contre les deux suspects en fuite. Le Service de Police de Regina pr\u00eate main-forte aux agents de la&nbsp;GRC&nbsp;pour localiser les deux suspects et assurer la s\u00e9curit\u00e9 de la population. La recherche des deux hommes se d\u00e9roulait dimanche alors que la ville \u00e9tait l&rsquo;h\u00f4te de la Classique de la f\u00eate du Travail, un match de football entre les&nbsp;Roughriders&nbsp;de la Saskatchewan et les&nbsp;Blue Bombers&nbsp;de Winnipeg.","og_url":"https:\/\/www.public.sn\/index.php\/2022\/09\/05\/attaques-au-couteau-au-canada-au-moins-10-morts-et-15-blesses\/","og_site_name":"LE PUBLIC","article_published_time":"2022-09-05T09:10:44+00:00","article_modified_time":"2022-09-05T09:10:45+00:00","og_image":[{"width":664,"height":443,"url":"https:\/\/www.public.sn\/wp-content\/uploads\/2022\/09\/2046A47C-EA98-4937-BF48-5746B8C262C0.jpeg","type":"image\/jpeg"}],"author":"LA REDACTION","twitter_card":"summary_large_image","twitter_misc":{"\u00c9crit par":"LA REDACTION","Dur\u00e9e de lecture estim\u00e9e":"2 minutes"},"schema":{"@context":"https:\/\/schema.org","@graph":[{"@type":"Article","@id":"https:\/\/www.public.sn\/index.php\/2022\/09\/05\/attaques-au-couteau-au-canada-au-moins-10-morts-et-15-blesses\/#article","isPartOf":{"@id":"https:\/\/www.public.sn\/index.php\/2022\/09\/05\/attaques-au-couteau-au-canada-au-moins-10-morts-et-15-blesses\/"},"author":{"name":"LA REDACTION","@id":"https:\/\/www.public.sn\/#\/schema\/person\/e3f4a11b037d4203902db148f9bc8d5a"},"headline":"Attaques au couteau au Canada\u00a0: au moins 10\u00a0morts et 15\u00a0bless\u00e9s.","datePublished":"2022-09-05T09:10:44+00:00","dateModified":"2022-09-05T09:10:45+00:00","mainEntityOfPage":{"@id":"https:\/\/www.public.sn\/index.php\/2022\/09\/05\/attaques-au-couteau-au-canada-au-moins-10-morts-et-15-blesses\/"},"wordCount":279,"commentCount":0,"publisher":{"@id":"https:\/\/www.public.sn\/#organization"},"image":{"@id":"https:\/\/www.public.sn\/index.php\/2022\/09\/05\/attaques-au-couteau-au-canada-au-moins-10-morts-et-15-blesses\/#primaryimage"},"thumbnailUrl":"https:\/\/www.public.sn\/wp-content\/uploads\/2022\/09\/2046A47C-EA98-4937-BF48-5746B8C262C0.jpeg","keywords":["Attaques meurtri\u00e8res","Canada","Gendarmerie","Suspects arr\u00eat\u00e9s"],"articleSection":["ACTUALIT\u00c9S"],"inLanguage":"fr-FR","potentialAction":[{"@type":"CommentAction","name":"Comment","target":["https:\/\/www.public.sn\/index.php\/2022\/09\/05\/attaques-au-couteau-au-canada-au-moins-10-morts-et-15-blesses\/#respond"]}]},{"@type":"WebPage","@id":"https:\/\/www.public.sn\/index.php\/2022\/09\/05\/attaques-au-couteau-au-canada-au-moins-10-morts-et-15-blesses\/","url":"https:\/\/www.public.sn\/index.php\/2022\/09\/05\/attaques-au-couteau-au-canada-au-moins-10-morts-et-15-blesses\/","name":"Attaques au couteau au Canada\u00a0: au moins 10\u00a0morts et 15\u00a0bless\u00e9s. - LE PUBLIC","isPartOf":{"@id":"https:\/\/www.public.sn\/#website"},"primaryImageOfPage":{"@id":"https:\/\/www.public.sn\/index.php\/2022\/09\/05\/attaques-au-couteau-au-canada-au-moins-10-morts-et-15-blesses\/#primaryimage"},"image":{"@id":"https:\/\/www.public.sn\/index.php\/2022\/09\/05\/attaques-au-couteau-au-canada-au-moins-10-morts-et-15-blesses\/#primaryimage"},"thumbnailUrl":"https:\/\/www.public.sn\/wp-content\/uploads\/2022\/09\/2046A47C-EA98-4937-BF48-5746B8C262C0.jpeg","datePublished":"2022-09-05T09:10:44+00:00","dateModified":"2022-09-05T09:10:45+00:00","breadcrumb":{"@id":"https:\/\/www.public.sn\/index.php\/2022\/09\/05\/attaques-au-couteau-au-canada-au-moins-10-morts-et-15-blesses\/#breadcrumb"},"inLanguage":"fr-FR","potentialAction":[{"@type":"ReadAction","target":["https:\/\/www.public.sn\/index.php\/2022\/09\/05\/attaques-au-couteau-au-canada-au-moins-10-morts-et-15-blesses\/"]}]},{"@type":"ImageObject","inLanguage":"fr-FR","@id":"https:\/\/www.public.sn\/index.php\/2022\/09\/05\/attaques-au-couteau-au-canada-au-moins-10-morts-et-15-blesses\/#primaryimage","url":"https:\/\/www.public.sn\/wp-content\/uploads\/2022\/09\/2046A47C-EA98-4937-BF48-5746B8C262C0.jpeg","contentUrl":"https:\/\/www.public.sn\/wp-content\/uploads\/2022\/09\/2046A47C-EA98-4937-BF48-5746B8C262C0.jpeg","width":664,"height":443,"caption":"Assistant Commissioner Rhonda Blackmore speaks while Regina Police Chief Evan Bray, left, looks on during a press conference at RCMP \"F\" Division Headquarters in Regina, Saskatchewan, on Sunday, Sept. 4, 2022. Damien Sanderson and Myles Sanderson allegedly stabbed and killed 10 people between James Smith Cree Nation and Weldon, Saskatchewan, on Sunday morning, and the pair are presently at large. (Michael Bell\/The Canadian Press via AP)"},{"@type":"BreadcrumbList","@id":"https:\/\/www.public.sn\/index.php\/2022\/09\/05\/attaques-au-couteau-au-canada-au-moins-10-morts-et-15-blesses\/#breadcrumb","itemListElement":[{"@type":"ListItem","position":1,"name":"Accueil","item":"https:\/\/www.public.sn\/"},{"@type":"ListItem","position":2,"name":"Attaques au couteau au Canada\u00a0: au moins 10\u00a0morts et 15\u00a0bless\u00e9s."}]},{"@type":"WebSite","@id":"https:\/\/www.public.sn\/#website","url":"https:\/\/www.public.sn\/","name":"LE PUBLIC","description":"","publisher":{"@id":"https:\/\/www.public.sn\/#organization"},"potentialAction":[{"@type":"SearchAction","target":{"@type":"EntryPoint","urlTemplate":"https:\/\/www.public.sn\/?s={search_term_string}"},"query-input":{"@type":"PropertyValueSpecification","valueRequired":true,"valueName":"search_term_string"}}],"inLanguage":"fr-FR"},{"@type":"Organization","@id":"https:\/\/www.public.sn\/#organization","name":"LE PUBLIC","url":"https:\/\/www.public.sn\/","logo":{"@type":"ImageObject","inLanguage":"fr-FR","@id":"https:\/\/www.public.sn\/#\/schema\/logo\/image\/","url":"https:\/\/www.public.sn\/wp-content\/uploads\/2024\/05\/cropped-LOGO-PUBLIC.SN_.png","contentUrl":"https:\/\/www.public.sn\/wp-content\/uploads\/2024\/05\/cropped-LOGO-PUBLIC.SN_.png","width":682,"height":192,"caption":"LE PUBLIC"},"image":{"@id":"https:\/\/www.public.sn\/#\/schema\/logo\/image\/"}},{"@type":"Person","@id":"https:\/\/www.public.sn\/#\/schema\/person\/e3f4a11b037d4203902db148f9bc8d5a","name":"LA REDACTION","image":{"@type":"ImageObject","inLanguage":"fr-FR","@id":"https:\/\/www.public.sn\/#\/schema\/person\/image\/","url":"https:\/\/secure.gravatar.com\/avatar\/d6c030db45db2883c075085c5d6c6258654a801a93766b49af0b82d4f454e2a5?s=96&d=mm&r=g","contentUrl":"https:\/\/secure.gravatar.com\/avatar\/d6c030db45db2883c075085c5d6c6258654a801a93766b49af0b82d4f454e2a5?s=96&d=mm&r=g","caption":"LA REDACTION"},"sameAs":["http:\/\/www.public.sn"],"url":"https:\/\/www.public.sn\/index.php\/author\/admin7324\/"}]}},"jetpack_featured_media_url":"https:\/\/www.public.sn\/wp-content\/uploads\/2022\/09\/2046A47C-EA98-4937-BF48-5746B8C262C0.jpeg","jetpack_sharing_enabled":true,"_links":{"self":[{"href":"https:\/\/www.public.sn\/index.php\/wp-json\/wp\/v2\/posts\/1278","targetHints":{"allow":["GET"]}}],"collection":[{"href":"https:\/\/www.public.sn\/index.php\/wp-json\/wp\/v2\/posts"}],"about":[{"href":"https:\/\/www.public.sn\/index.php\/wp-json\/wp\/v2\/types\/post"}],"author":[{"embeddable":true,"href":"https:\/\/www.public.sn\/index.php\/wp-json\/wp\/v2\/users\/1"}],"replies":[{"embeddable":true,"href":"https:\/\/www.public.sn\/index.php\/wp-json\/wp\/v2\/comments?post=1278"}],"version-history":[{"count":1,"href":"https:\/\/www.public.sn\/index.php\/wp-json\/wp\/v2\/posts\/1278\/revisions"}],"predecessor-version":[{"id":1280,"href":"https:\/\/www.public.sn\/index.php\/wp-json\/wp\/v2\/posts\/1278\/revisions\/1280"}],"wp:featuredmedia":[{"embeddable":true,"href":"https:\/\/www.public.sn\/index.php\/wp-json\/wp\/v2\/media\/1279"}],"wp:attachment":[{"href":"https:\/\/www.public.sn\/index.php\/wp-json\/wp\/v2\/media?parent=1278"}],"wp:term":[{"taxonomy":"category","embeddable":true,"href":"https:\/\/www.public.sn\/index.php\/wp-json\/wp\/v2\/categories?post=1278"},{"taxonomy":"post_tag","embeddable":true,"href":"https:\/\/www.public.sn\/index.php\/wp-json\/wp\/v2\/tags?post=1278"}],"curies":[{"name":"wp","href":"https:\/\/api.w.org\/{rel}","templated":true}]}}