{"id":12798,"date":"2022-12-27T13:34:16","date_gmt":"2022-12-27T13:34:16","guid":{"rendered":"https:\/\/www.public.sn\/?p=12798"},"modified":"2022-12-27T13:34:16","modified_gmt":"2022-12-27T13:34:16","slug":"les-froides-previsions-de-lanacim","status":"publish","type":"post","link":"https:\/\/www.public.sn\/index.php\/2022\/12\/27\/les-froides-previsions-de-lanacim\/","title":{"rendered":"Les froides pr\u00e9visions de l&rsquo;Anacim"},"content":{"rendered":"<div id=\"lead\" class=\"article-perex \">\n<p><a href=\"https:\/\/www.public.sn\/index.php\/2022\/09\/05\/meteo-des-pluies-intermittentes-sur-dakar-thies-fatick-retour-a-la-stabilite-mardi-anacim\/\">L\u2019Agence nationale de l\u2019aviation civile (ANACIM)<\/a> a sorti, ce mardi, un communiqu\u00e9 faisant \u00e9tat de pr\u00e9visions m\u00e9t\u00e9orologiques pour la p\u00e9riode du 28 au 30 d\u00e9cembre 2022.<\/p>\n<\/div>\n<p>Le document annonce une descente d\u2019air froid provenant du bassin atlantique Nord, pr\u00e8s des c\u00f4tes marocaines, qui int\u00e9ressera la quasi-totalit\u00e9 du territoire s\u00e9n\u00e9galais du 28 au 30 d\u00e9cembre 2022. Une situation qui entrainera, selon le communiqu\u00e9, des coups de fraicheur ainsi que des pluies faibles \u00e0 mod\u00e9r\u00e9es sur tout le pays.<\/p><div class=\"publi-paragraphe1\" style=\"margin-top: 10px;margin-bottom: 10px;margin-left: auto;margin-right: auto;text-align: center;\" id=\"publi-3491760233\"><div class=\"publi-adlabel\">Publicit\u00e9<\/div><script async src=\"\/\/pagead2.googlesyndication.com\/pagead\/js\/adsbygoogle.js?client=ca-pub-4089586018074219\" crossorigin=\"anonymous\"><\/script><ins class=\"adsbygoogle\" style=\"display:block;\" data-ad-client=\"ca-pub-4089586018074219\" \ndata-ad-slot=\"2087940154\" \ndata-ad-format=\"auto\"><\/ins>\n<script> \n(adsbygoogle = window.adsbygoogle || []).push({}); \n<\/script>\n<\/div>\n<p>\u00ab Les pluies accompagn\u00e9es d\u2019orages dans certaines localit\u00e9s seront particuli\u00e8rement not\u00e9es en Casamance, sur les r\u00e9gions Centre et Nord-est \u00e0 partir de la matin\u00e9e du mercredi 28 d\u00e9cembre jusqu\u2019en fin de soir\u00e9e du vendredi 30 d\u00e9cembre 2022. Sur le reste des localit\u00e9s en l\u2019occurrence \u00e0 Dakar, Saint- Louis, Louga et K\u00e9dougou les probabilit\u00e9s de pluies y seront tr\u00e8s faibles \u00bb, soutient l\u2019Anacim.<\/p>\n<p>Toutefois, ces conditions m\u00e9t\u00e9orologiques annonc\u00e9es risqueraient d&rsquo;engendrer des pertes de b\u00e9tail et sur les r\u00e9coltes expos\u00e9es \u00e0 l\u2019air libre.<\/p>\n<div class=\"publi-apres-le-contenu\" style=\"margin-top: 10px;margin-bottom: 10px;margin-left: auto;margin-right: auto;text-align: center;\" id=\"publi-1305608190\"><div class=\"publi-adlabel\">Publicit\u00e9<\/div><script async src=\"\/\/pagead2.googlesyndication.com\/pagead\/js\/adsbygoogle.js?client=ca-pub-4089586018074219\" crossorigin=\"anonymous\"><\/script><ins class=\"adsbygoogle\" style=\"display:block;\" data-ad-client=\"ca-pub-4089586018074219\" \ndata-ad-slot=\"2087940154\" \ndata-ad-format=\"auto\"><\/ins>\n<script> \n(adsbygoogle = window.adsbygoogle || []).push({}); \n<\/script>\n<\/div>","protected":false},"excerpt":{"rendered":"<p>L\u2019Agence nationale de l\u2019aviation civile (ANACIM) a sorti, ce mardi, un communiqu\u00e9 faisant \u00e9tat de pr\u00e9visions m\u00e9t\u00e9orologiques pour la p\u00e9riode du 28 au 30 d\u00e9cembre 2022. Le document annonce une descente d\u2019air froid provenant du bassin atlantique Nord, pr\u00e8s des c\u00f4tes marocaines, qui int\u00e9ressera la quasi-totalit\u00e9 du territoire s\u00e9n\u00e9galais du 28 au 30 d\u00e9cembre 2022. Une situation qui entrainera, selon le communiqu\u00e9, des coups de fraicheur ainsi que des pluies faibles \u00e0 mod\u00e9r\u00e9es sur tout le pays. \u00ab Les pluies accompagn\u00e9es d\u2019orages dans certaines localit\u00e9s seront particuli\u00e8rement not\u00e9es en Casamance, sur les r\u00e9gions Centre et Nord-est \u00e0 partir de la matin\u00e9e du mercredi 28 d\u00e9cembre jusqu\u2019en fin de soir\u00e9e du vendredi 30 d\u00e9cembre 2022. Sur le reste des localit\u00e9s en l\u2019occurrence \u00e0 Dakar, Saint- Louis, Louga et K\u00e9dougou les probabilit\u00e9s de pluies y seront tr\u00e8s faibles \u00bb, soutient l\u2019Anacim. Toutefois, ces conditions m\u00e9t\u00e9orologiques annonc\u00e9es risqueraient d&rsquo;engendrer des pertes de b\u00e9tail et sur les r\u00e9coltes expos\u00e9es \u00e0 l\u2019air libre.<\/p>\n","protected":false},"author":1,"featured_media":12933,"comment_status":"open","ping_status":"open","sticky":false,"template":"","format":"standard","meta":{"_jetpack_memberships_contains_paid_content":false,"footnotes":""},"categories":[375,1,4],"tags":[],"class_list":["post-12798","post","type-post","status-publish","format-standard","has-post-thumbnail","hentry","category-actualites","category-non-classe","category-societe","entry","has-media","owp-thumbs-layout-horizontal","owp-btn-normal","owp-tabs-layout-horizontal","has-no-thumbnails","has-product-nav"],"yoast_head":"<!-- This site is optimized with the Yoast SEO plugin v25.5 - https:\/\/yoast.com\/wordpress\/plugins\/seo\/ -->\n<title>Les froides pr\u00e9visions de l&#039;Anacim - LE PUBLIC<\/title>\n<meta name=\"robots\" content=\"index, follow, max-snippet:-1, max-image-preview:large, max-video-preview:-1\" \/>\n<link rel=\"canonical\" href=\"https:\/\/www.public.sn\/index.php\/2022\/12\/27\/les-froides-previsions-de-lanacim\/\" \/>\n<meta property=\"og:locale\" content=\"fr_FR\" \/>\n<meta property=\"og:type\" content=\"article\" \/>\n<meta property=\"og:title\" content=\"Les froides pr\u00e9visions de l&#039;Anacim - LE PUBLIC\" \/>\n<meta property=\"og:description\" content=\"L\u2019Agence nationale de l\u2019aviation civile (ANACIM) a sorti, ce mardi, un communiqu\u00e9 faisant \u00e9tat de pr\u00e9visions m\u00e9t\u00e9orologiques pour la p\u00e9riode du 28 au 30 d\u00e9cembre 2022. Le document annonce une descente d\u2019air froid provenant du bassin atlantique Nord, pr\u00e8s des c\u00f4tes marocaines, qui int\u00e9ressera la quasi-totalit\u00e9 du territoire s\u00e9n\u00e9galais du 28 au 30 d\u00e9cembre 2022. Une situation qui entrainera, selon le communiqu\u00e9, des coups de fraicheur ainsi que des pluies faibles \u00e0 mod\u00e9r\u00e9es sur tout le pays. \u00ab Les pluies accompagn\u00e9es d\u2019orages dans certaines localit\u00e9s seront particuli\u00e8rement not\u00e9es en Casamance, sur les r\u00e9gions Centre et Nord-est \u00e0 partir de la matin\u00e9e du mercredi 28 d\u00e9cembre jusqu\u2019en fin de soir\u00e9e du vendredi 30 d\u00e9cembre 2022. Sur le reste des localit\u00e9s en l\u2019occurrence \u00e0 Dakar, Saint- Louis, Louga et K\u00e9dougou les probabilit\u00e9s de pluies y seront tr\u00e8s faibles \u00bb, soutient l\u2019Anacim. Toutefois, ces conditions m\u00e9t\u00e9orologiques annonc\u00e9es risqueraient d&rsquo;engendrer des pertes de b\u00e9tail et sur les r\u00e9coltes expos\u00e9es \u00e0 l\u2019air libre.\" \/>\n<meta property=\"og:url\" content=\"https:\/\/www.public.sn\/index.php\/2022\/12\/27\/les-froides-previsions-de-lanacim\/\" \/>\n<meta property=\"og:site_name\" content=\"LE PUBLIC\" \/>\n<meta property=\"article:published_time\" content=\"2022-12-27T13:34:16+00:00\" \/>\n<meta property=\"og:image\" content=\"https:\/\/www.public.sn\/wp-content\/uploads\/2022\/12\/VACHES.jpg\" \/>\n\t<meta property=\"og:image:width\" content=\"790\" \/>\n\t<meta property=\"og:image:height\" content=\"430\" \/>\n\t<meta property=\"og:image:type\" content=\"image\/jpeg\" \/>\n<meta name=\"author\" content=\"LA REDACTION\" \/>\n<meta name=\"twitter:card\" content=\"summary_large_image\" \/>\n<meta name=\"twitter:label1\" content=\"\u00c9crit par\" \/>\n\t<meta name=\"twitter:data1\" content=\"LA REDACTION\" \/>\n\t<meta name=\"twitter:label2\" content=\"Dur\u00e9e de lecture estim\u00e9e\" \/>\n\t<meta name=\"twitter:data2\" content=\"1 minute\" \/>\n<script type=\"application\/ld+json\" class=\"yoast-schema-graph\">{\"@context\":\"https:\/\/schema.org\",\"@graph\":[{\"@type\":\"Article\",\"@id\":\"https:\/\/www.public.sn\/index.php\/2022\/12\/27\/les-froides-previsions-de-lanacim\/#article\",\"isPartOf\":{\"@id\":\"https:\/\/www.public.sn\/index.php\/2022\/12\/27\/les-froides-previsions-de-lanacim\/\"},\"author\":{\"name\":\"LA REDACTION\",\"@id\":\"https:\/\/www.public.sn\/#\/schema\/person\/e3f4a11b037d4203902db148f9bc8d5a\"},\"headline\":\"Les froides pr\u00e9visions de l&rsquo;Anacim\",\"datePublished\":\"2022-12-27T13:34:16+00:00\",\"mainEntityOfPage\":{\"@id\":\"https:\/\/www.public.sn\/index.php\/2022\/12\/27\/les-froides-previsions-de-lanacim\/\"},\"wordCount\":189,\"commentCount\":0,\"publisher\":{\"@id\":\"https:\/\/www.public.sn\/#organization\"},\"image\":{\"@id\":\"https:\/\/www.public.sn\/index.php\/2022\/12\/27\/les-froides-previsions-de-lanacim\/#primaryimage\"},\"thumbnailUrl\":\"https:\/\/www.public.sn\/wp-content\/uploads\/2022\/12\/VACHES.jpg\",\"articleSection\":[\"ACTUALIT\u00c9S\",\"S\u00c9N\u00c9GAL\",\"SOCIETE\"],\"inLanguage\":\"fr-FR\",\"potentialAction\":[{\"@type\":\"CommentAction\",\"name\":\"Comment\",\"target\":[\"https:\/\/www.public.sn\/index.php\/2022\/12\/27\/les-froides-previsions-de-lanacim\/#respond\"]}]},{\"@type\":\"WebPage\",\"@id\":\"https:\/\/www.public.sn\/index.php\/2022\/12\/27\/les-froides-previsions-de-lanacim\/\",\"url\":\"https:\/\/www.public.sn\/index.php\/2022\/12\/27\/les-froides-previsions-de-lanacim\/\",\"name\":\"Les froides pr\u00e9visions de l'Anacim - LE PUBLIC\",\"isPartOf\":{\"@id\":\"https:\/\/www.public.sn\/#website\"},\"primaryImageOfPage\":{\"@id\":\"https:\/\/www.public.sn\/index.php\/2022\/12\/27\/les-froides-previsions-de-lanacim\/#primaryimage\"},\"image\":{\"@id\":\"https:\/\/www.public.sn\/index.php\/2022\/12\/27\/les-froides-previsions-de-lanacim\/#primaryimage\"},\"thumbnailUrl\":\"https:\/\/www.public.sn\/wp-content\/uploads\/2022\/12\/VACHES.jpg\",\"datePublished\":\"2022-12-27T13:34:16+00:00\",\"breadcrumb\":{\"@id\":\"https:\/\/www.public.sn\/index.php\/2022\/12\/27\/les-froides-previsions-de-lanacim\/#breadcrumb\"},\"inLanguage\":\"fr-FR\",\"potentialAction\":[{\"@type\":\"ReadAction\",\"target\":[\"https:\/\/www.public.sn\/index.php\/2022\/12\/27\/les-froides-previsions-de-lanacim\/\"]}]},{\"@type\":\"ImageObject\",\"inLanguage\":\"fr-FR\",\"@id\":\"https:\/\/www.public.sn\/index.php\/2022\/12\/27\/les-froides-previsions-de-lanacim\/#primaryimage\",\"url\":\"https:\/\/www.public.sn\/wp-content\/uploads\/2022\/12\/VACHES.jpg\",\"contentUrl\":\"https:\/\/www.public.sn\/wp-content\/uploads\/2022\/12\/VACHES.jpg\",\"width\":790,\"height\":430},{\"@type\":\"BreadcrumbList\",\"@id\":\"https:\/\/www.public.sn\/index.php\/2022\/12\/27\/les-froides-previsions-de-lanacim\/#breadcrumb\",\"itemListElement\":[{\"@type\":\"ListItem\",\"position\":1,\"name\":\"Accueil\",\"item\":\"https:\/\/www.public.sn\/\"},{\"@type\":\"ListItem\",\"position\":2,\"name\":\"Les froides pr\u00e9visions de l&rsquo;Anacim\"}]},{\"@type\":\"WebSite\",\"@id\":\"https:\/\/www.public.sn\/#website\",\"url\":\"https:\/\/www.public.sn\/\",\"name\":\"LE PUBLIC\",\"description\":\"\",\"publisher\":{\"@id\":\"https:\/\/www.public.sn\/#organization\"},\"potentialAction\":[{\"@type\":\"SearchAction\",\"target\":{\"@type\":\"EntryPoint\",\"urlTemplate\":\"https:\/\/www.public.sn\/?s={search_term_string}\"},\"query-input\":{\"@type\":\"PropertyValueSpecification\",\"valueRequired\":true,\"valueName\":\"search_term_string\"}}],\"inLanguage\":\"fr-FR\"},{\"@type\":\"Organization\",\"@id\":\"https:\/\/www.public.sn\/#organization\",\"name\":\"LE PUBLIC\",\"url\":\"https:\/\/www.public.sn\/\",\"logo\":{\"@type\":\"ImageObject\",\"inLanguage\":\"fr-FR\",\"@id\":\"https:\/\/www.public.sn\/#\/schema\/logo\/image\/\",\"url\":\"https:\/\/www.public.sn\/wp-content\/uploads\/2024\/05\/cropped-LOGO-PUBLIC.SN_.png\",\"contentUrl\":\"https:\/\/www.public.sn\/wp-content\/uploads\/2024\/05\/cropped-LOGO-PUBLIC.SN_.png\",\"width\":682,\"height\":192,\"caption\":\"LE PUBLIC\"},\"image\":{\"@id\":\"https:\/\/www.public.sn\/#\/schema\/logo\/image\/\"}},{\"@type\":\"Person\",\"@id\":\"https:\/\/www.public.sn\/#\/schema\/person\/e3f4a11b037d4203902db148f9bc8d5a\",\"name\":\"LA REDACTION\",\"image\":{\"@type\":\"ImageObject\",\"inLanguage\":\"fr-FR\",\"@id\":\"https:\/\/www.public.sn\/#\/schema\/person\/image\/\",\"url\":\"https:\/\/secure.gravatar.com\/avatar\/d6c030db45db2883c075085c5d6c6258654a801a93766b49af0b82d4f454e2a5?s=96&d=mm&r=g\",\"contentUrl\":\"https:\/\/secure.gravatar.com\/avatar\/d6c030db45db2883c075085c5d6c6258654a801a93766b49af0b82d4f454e2a5?s=96&d=mm&r=g\",\"caption\":\"LA REDACTION\"},\"sameAs\":[\"http:\/\/www.public.sn\"],\"url\":\"https:\/\/www.public.sn\/index.php\/author\/admin7324\/\"}]}<\/script>\n<!-- \/ Yoast SEO plugin. -->","yoast_head_json":{"title":"Les froides pr\u00e9visions de l'Anacim - LE PUBLIC","robots":{"index":"index","follow":"follow","max-snippet":"max-snippet:-1","max-image-preview":"max-image-preview:large","max-video-preview":"max-video-preview:-1"},"canonical":"https:\/\/www.public.sn\/index.php\/2022\/12\/27\/les-froides-previsions-de-lanacim\/","og_locale":"fr_FR","og_type":"article","og_title":"Les froides pr\u00e9visions de l'Anacim - LE PUBLIC","og_description":"L\u2019Agence nationale de l\u2019aviation civile (ANACIM) a sorti, ce mardi, un communiqu\u00e9 faisant \u00e9tat de pr\u00e9visions m\u00e9t\u00e9orologiques pour la p\u00e9riode du 28 au 30 d\u00e9cembre 2022. Le document annonce une descente d\u2019air froid provenant du bassin atlantique Nord, pr\u00e8s des c\u00f4tes marocaines, qui int\u00e9ressera la quasi-totalit\u00e9 du territoire s\u00e9n\u00e9galais du 28 au 30 d\u00e9cembre 2022. Une situation qui entrainera, selon le communiqu\u00e9, des coups de fraicheur ainsi que des pluies faibles \u00e0 mod\u00e9r\u00e9es sur tout le pays. \u00ab Les pluies accompagn\u00e9es d\u2019orages dans certaines localit\u00e9s seront particuli\u00e8rement not\u00e9es en Casamance, sur les r\u00e9gions Centre et Nord-est \u00e0 partir de la matin\u00e9e du mercredi 28 d\u00e9cembre jusqu\u2019en fin de soir\u00e9e du vendredi 30 d\u00e9cembre 2022. Sur le reste des localit\u00e9s en l\u2019occurrence \u00e0 Dakar, Saint- Louis, Louga et K\u00e9dougou les probabilit\u00e9s de pluies y seront tr\u00e8s faibles \u00bb, soutient l\u2019Anacim. Toutefois, ces conditions m\u00e9t\u00e9orologiques annonc\u00e9es risqueraient d&rsquo;engendrer des pertes de b\u00e9tail et sur les r\u00e9coltes expos\u00e9es \u00e0 l\u2019air libre.","og_url":"https:\/\/www.public.sn\/index.php\/2022\/12\/27\/les-froides-previsions-de-lanacim\/","og_site_name":"LE PUBLIC","article_published_time":"2022-12-27T13:34:16+00:00","og_image":[{"width":790,"height":430,"url":"https:\/\/www.public.sn\/wp-content\/uploads\/2022\/12\/VACHES.jpg","type":"image\/jpeg"}],"author":"LA REDACTION","twitter_card":"summary_large_image","twitter_misc":{"\u00c9crit par":"LA REDACTION","Dur\u00e9e de lecture estim\u00e9e":"1 minute"},"schema":{"@context":"https:\/\/schema.org","@graph":[{"@type":"Article","@id":"https:\/\/www.public.sn\/index.php\/2022\/12\/27\/les-froides-previsions-de-lanacim\/#article","isPartOf":{"@id":"https:\/\/www.public.sn\/index.php\/2022\/12\/27\/les-froides-previsions-de-lanacim\/"},"author":{"name":"LA REDACTION","@id":"https:\/\/www.public.sn\/#\/schema\/person\/e3f4a11b037d4203902db148f9bc8d5a"},"headline":"Les froides pr\u00e9visions de l&rsquo;Anacim","datePublished":"2022-12-27T13:34:16+00:00","mainEntityOfPage":{"@id":"https:\/\/www.public.sn\/index.php\/2022\/12\/27\/les-froides-previsions-de-lanacim\/"},"wordCount":189,"commentCount":0,"publisher":{"@id":"https:\/\/www.public.sn\/#organization"},"image":{"@id":"https:\/\/www.public.sn\/index.php\/2022\/12\/27\/les-froides-previsions-de-lanacim\/#primaryimage"},"thumbnailUrl":"https:\/\/www.public.sn\/wp-content\/uploads\/2022\/12\/VACHES.jpg","articleSection":["ACTUALIT\u00c9S","S\u00c9N\u00c9GAL","SOCIETE"],"inLanguage":"fr-FR","potentialAction":[{"@type":"CommentAction","name":"Comment","target":["https:\/\/www.public.sn\/index.php\/2022\/12\/27\/les-froides-previsions-de-lanacim\/#respond"]}]},{"@type":"WebPage","@id":"https:\/\/www.public.sn\/index.php\/2022\/12\/27\/les-froides-previsions-de-lanacim\/","url":"https:\/\/www.public.sn\/index.php\/2022\/12\/27\/les-froides-previsions-de-lanacim\/","name":"Les froides pr\u00e9visions de l'Anacim - LE PUBLIC","isPartOf":{"@id":"https:\/\/www.public.sn\/#website"},"primaryImageOfPage":{"@id":"https:\/\/www.public.sn\/index.php\/2022\/12\/27\/les-froides-previsions-de-lanacim\/#primaryimage"},"image":{"@id":"https:\/\/www.public.sn\/index.php\/2022\/12\/27\/les-froides-previsions-de-lanacim\/#primaryimage"},"thumbnailUrl":"https:\/\/www.public.sn\/wp-content\/uploads\/2022\/12\/VACHES.jpg","datePublished":"2022-12-27T13:34:16+00:00","breadcrumb":{"@id":"https:\/\/www.public.sn\/index.php\/2022\/12\/27\/les-froides-previsions-de-lanacim\/#breadcrumb"},"inLanguage":"fr-FR","potentialAction":[{"@type":"ReadAction","target":["https:\/\/www.public.sn\/index.php\/2022\/12\/27\/les-froides-previsions-de-lanacim\/"]}]},{"@type":"ImageObject","inLanguage":"fr-FR","@id":"https:\/\/www.public.sn\/index.php\/2022\/12\/27\/les-froides-previsions-de-lanacim\/#primaryimage","url":"https:\/\/www.public.sn\/wp-content\/uploads\/2022\/12\/VACHES.jpg","contentUrl":"https:\/\/www.public.sn\/wp-content\/uploads\/2022\/12\/VACHES.jpg","width":790,"height":430},{"@type":"BreadcrumbList","@id":"https:\/\/www.public.sn\/index.php\/2022\/12\/27\/les-froides-previsions-de-lanacim\/#breadcrumb","itemListElement":[{"@type":"ListItem","position":1,"name":"Accueil","item":"https:\/\/www.public.sn\/"},{"@type":"ListItem","position":2,"name":"Les froides pr\u00e9visions de l&rsquo;Anacim"}]},{"@type":"WebSite","@id":"https:\/\/www.public.sn\/#website","url":"https:\/\/www.public.sn\/","name":"LE PUBLIC","description":"","publisher":{"@id":"https:\/\/www.public.sn\/#organization"},"potentialAction":[{"@type":"SearchAction","target":{"@type":"EntryPoint","urlTemplate":"https:\/\/www.public.sn\/?s={search_term_string}"},"query-input":{"@type":"PropertyValueSpecification","valueRequired":true,"valueName":"search_term_string"}}],"inLanguage":"fr-FR"},{"@type":"Organization","@id":"https:\/\/www.public.sn\/#organization","name":"LE PUBLIC","url":"https:\/\/www.public.sn\/","logo":{"@type":"ImageObject","inLanguage":"fr-FR","@id":"https:\/\/www.public.sn\/#\/schema\/logo\/image\/","url":"https:\/\/www.public.sn\/wp-content\/uploads\/2024\/05\/cropped-LOGO-PUBLIC.SN_.png","contentUrl":"https:\/\/www.public.sn\/wp-content\/uploads\/2024\/05\/cropped-LOGO-PUBLIC.SN_.png","width":682,"height":192,"caption":"LE PUBLIC"},"image":{"@id":"https:\/\/www.public.sn\/#\/schema\/logo\/image\/"}},{"@type":"Person","@id":"https:\/\/www.public.sn\/#\/schema\/person\/e3f4a11b037d4203902db148f9bc8d5a","name":"LA REDACTION","image":{"@type":"ImageObject","inLanguage":"fr-FR","@id":"https:\/\/www.public.sn\/#\/schema\/person\/image\/","url":"https:\/\/secure.gravatar.com\/avatar\/d6c030db45db2883c075085c5d6c6258654a801a93766b49af0b82d4f454e2a5?s=96&d=mm&r=g","contentUrl":"https:\/\/secure.gravatar.com\/avatar\/d6c030db45db2883c075085c5d6c6258654a801a93766b49af0b82d4f454e2a5?s=96&d=mm&r=g","caption":"LA REDACTION"},"sameAs":["http:\/\/www.public.sn"],"url":"https:\/\/www.public.sn\/index.php\/author\/admin7324\/"}]}},"jetpack_featured_media_url":"https:\/\/www.public.sn\/wp-content\/uploads\/2022\/12\/VACHES.jpg","jetpack_sharing_enabled":true,"_links":{"self":[{"href":"https:\/\/www.public.sn\/index.php\/wp-json\/wp\/v2\/posts\/12798","targetHints":{"allow":["GET"]}}],"collection":[{"href":"https:\/\/www.public.sn\/index.php\/wp-json\/wp\/v2\/posts"}],"about":[{"href":"https:\/\/www.public.sn\/index.php\/wp-json\/wp\/v2\/types\/post"}],"author":[{"embeddable":true,"href":"https:\/\/www.public.sn\/index.php\/wp-json\/wp\/v2\/users\/1"}],"replies":[{"embeddable":true,"href":"https:\/\/www.public.sn\/index.php\/wp-json\/wp\/v2\/comments?post=12798"}],"version-history":[{"count":1,"href":"https:\/\/www.public.sn\/index.php\/wp-json\/wp\/v2\/posts\/12798\/revisions"}],"predecessor-version":[{"id":12934,"href":"https:\/\/www.public.sn\/index.php\/wp-json\/wp\/v2\/posts\/12798\/revisions\/12934"}],"wp:featuredmedia":[{"embeddable":true,"href":"https:\/\/www.public.sn\/index.php\/wp-json\/wp\/v2\/media\/12933"}],"wp:attachment":[{"href":"https:\/\/www.public.sn\/index.php\/wp-json\/wp\/v2\/media?parent=12798"}],"wp:term":[{"taxonomy":"category","embeddable":true,"href":"https:\/\/www.public.sn\/index.php\/wp-json\/wp\/v2\/categories?post=12798"},{"taxonomy":"post_tag","embeddable":true,"href":"https:\/\/www.public.sn\/index.php\/wp-json\/wp\/v2\/tags?post=12798"}],"curies":[{"name":"wp","href":"https:\/\/api.w.org\/{rel}","templated":true}]}}