{"id":1281,"date":"2022-09-05T11:22:34","date_gmt":"2022-09-05T09:22:34","guid":{"rendered":"https:\/\/www.public.sn\/?p=1281"},"modified":"2022-09-05T11:23:03","modified_gmt":"2022-09-05T09:23:03","slug":"affaire-doura-diallo-trois-mandats-de-depots-requis-par-le-procureur","status":"publish","type":"post","link":"https:\/\/www.public.sn\/index.php\/2022\/09\/05\/affaire-doura-diallo-trois-mandats-de-depots-requis-par-le-procureur\/","title":{"rendered":"Affaire Mamy Doura Diallo\u00a0: Trois mandats de d\u00e9p\u00f4ts requis par le procureur.\u00a0"},"content":{"rendered":"\n<p><strong>Les choses se compliquent pour les agents de sant\u00e9 mis en cause dans l\u2019affaire\u00a0Mamy Doura Diallo morte avec son b\u00e9b\u00e9 lors d\u2019un accouchement rat\u00e9.<\/strong><\/p><div class=\"publi-paragraphe1\" style=\"margin-top: 10px;margin-bottom: 10px;margin-left: auto;margin-right: auto;text-align: center;\" id=\"publi-3253369168\"><div class=\"publi-adlabel\">Publicit\u00e9<\/div><script async src=\"\/\/pagead2.googlesyndication.com\/pagead\/js\/adsbygoogle.js?client=ca-pub-4089586018074219\" crossorigin=\"anonymous\"><\/script><ins class=\"adsbygoogle\" style=\"display:block;\" data-ad-client=\"ca-pub-4089586018074219\" \ndata-ad-slot=\"2087940154\" \ndata-ad-format=\"auto\"><\/ins>\n<script> \n(adsbygoogle = window.adsbygoogle || []).push({}); \n<\/script>\n<\/div>\n\n\n\n<p>Le gyn\u00e9cologue L\u00e9on Mbada Faye, l\u2019anesth\u00e9siste Abdou Aziz Dioum et l\u2019infirmier Bacary Diakhat\u00e9 seront fix\u00e9s sur leur sort ce lundi 5 septembre 2022. <\/p>\n\n\n\n<p>Et, ils risquent gros. Selon les informations du journal Lib\u00e9ration, le parquet qui a ouvert une information judiciaire, a requis le mandat de d\u00e9p\u00f4t pour les trois mis en cause.<\/p>\n\n\n\n<p>Ils feront face ce matin au juge d\u2019instruction qui d\u00e9cidera de leur sort. Le parquet a requis deux m\u00e9decins venus de Tamba pour r\u00e9aliser une autopsie compl\u00e8te sur le corps de Mamy Doura Diallo.<\/p>\n\n\n\n<p>Ils sont poursuivis pour homicide volontaire et complicit\u00e9 de ce chef, faits pr\u00e9vus et punis par les dispositions des articles 45-3, 46, 280 et 287 du Code p\u00e9nal.<\/p>\n\n\n\n<p>L\u2019autopsie devant permettre d\u2019en savoir plus sur cette affaire. Les agents de sant\u00e9 sont poursuivis pour des manquements pendant l\u2019op\u00e9ration. <\/p>\n\n\n\n<p>\u00c0 rappeler que la d\u00e9funte est l\u2019\u00e9pouse de Mor Ciss\u00e9, fr\u00e8re de Mamadou Hadj Ciss\u00e9, ancien maire et pr\u00e9sident de la Chambre de Commerce de K\u00e9dougou.<\/p>\n<div class=\"publi-apres-le-contenu\" style=\"margin-top: 10px;margin-bottom: 10px;margin-left: auto;margin-right: auto;text-align: center;\" id=\"publi-3601945202\"><div class=\"publi-adlabel\">Publicit\u00e9<\/div><script async src=\"\/\/pagead2.googlesyndication.com\/pagead\/js\/adsbygoogle.js?client=ca-pub-4089586018074219\" crossorigin=\"anonymous\"><\/script><ins class=\"adsbygoogle\" style=\"display:block;\" data-ad-client=\"ca-pub-4089586018074219\" \ndata-ad-slot=\"2087940154\" \ndata-ad-format=\"auto\"><\/ins>\n<script> \n(adsbygoogle = window.adsbygoogle || []).push({}); \n<\/script>\n<\/div>","protected":false},"excerpt":{"rendered":"<p>Les choses se compliquent pour les agents de sant\u00e9 mis en cause dans l\u2019affaire\u00a0Mamy Doura Diallo morte avec son b\u00e9b\u00e9 lors d\u2019un accouchement rat\u00e9. Le gyn\u00e9cologue L\u00e9on Mbada Faye, l\u2019anesth\u00e9siste Abdou Aziz Dioum et l\u2019infirmier Bacary Diakhat\u00e9 seront fix\u00e9s sur leur sort ce lundi 5 septembre 2022. Et, ils risquent gros. Selon les informations du journal Lib\u00e9ration, le parquet qui a ouvert une information judiciaire, a requis le mandat de d\u00e9p\u00f4t pour les trois mis en cause. Ils feront face ce matin au juge d\u2019instruction qui d\u00e9cidera de leur sort. Le parquet a requis deux m\u00e9decins venus de Tamba pour r\u00e9aliser une autopsie compl\u00e8te sur le corps de Mamy Doura Diallo. Ils sont poursuivis pour homicide volontaire et complicit\u00e9 de ce chef, faits pr\u00e9vus et punis par les dispositions des articles 45-3, 46, 280 et 287 du Code p\u00e9nal. L\u2019autopsie devant permettre d\u2019en savoir plus sur cette affaire. Les agents de sant\u00e9 sont poursuivis pour des manquements pendant l\u2019op\u00e9ration. \u00c0 rappeler que la d\u00e9funte est l\u2019\u00e9pouse de Mor Ciss\u00e9, fr\u00e8re de Mamadou Hadj Ciss\u00e9, ancien maire et pr\u00e9sident de la Chambre de Commerce de K\u00e9dougou.<\/p>\n","protected":false},"author":1,"featured_media":1282,"comment_status":"open","ping_status":"open","sticky":false,"template":"","format":"standard","meta":{"_jetpack_memberships_contains_paid_content":false,"footnotes":""},"categories":[375,4],"tags":[387,443,533,103],"class_list":["post-1281","post","type-post","status-publish","format-standard","has-post-thumbnail","hentry","category-actualites","category-societe","tag-kedougou","tag-mamy-doura-diallo","tag-mandats-de-depot","tag-procureur","entry","has-media","owp-thumbs-layout-horizontal","owp-btn-normal","owp-tabs-layout-horizontal","has-no-thumbnails","has-product-nav"],"yoast_head":"<!-- This site is optimized with the Yoast SEO plugin v25.5 - https:\/\/yoast.com\/wordpress\/plugins\/seo\/ -->\n<title>Affaire Mamy Doura Diallo\u00a0: Trois mandats de d\u00e9p\u00f4ts requis par le procureur.\u00a0 - LE PUBLIC<\/title>\n<meta name=\"robots\" content=\"index, follow, max-snippet:-1, max-image-preview:large, max-video-preview:-1\" \/>\n<link rel=\"canonical\" href=\"https:\/\/www.public.sn\/index.php\/2022\/09\/05\/affaire-doura-diallo-trois-mandats-de-depots-requis-par-le-procureur\/\" \/>\n<meta property=\"og:locale\" content=\"fr_FR\" \/>\n<meta property=\"og:type\" content=\"article\" \/>\n<meta property=\"og:title\" content=\"Affaire Mamy Doura Diallo\u00a0: Trois mandats de d\u00e9p\u00f4ts requis par le procureur.\u00a0 - LE PUBLIC\" \/>\n<meta property=\"og:description\" content=\"Les choses se compliquent pour les agents de sant\u00e9 mis en cause dans l\u2019affaire\u00a0Mamy Doura Diallo morte avec son b\u00e9b\u00e9 lors d\u2019un accouchement rat\u00e9. Le gyn\u00e9cologue L\u00e9on Mbada Faye, l\u2019anesth\u00e9siste Abdou Aziz Dioum et l\u2019infirmier Bacary Diakhat\u00e9 seront fix\u00e9s sur leur sort ce lundi 5 septembre 2022. Et, ils risquent gros. Selon les informations du journal Lib\u00e9ration, le parquet qui a ouvert une information judiciaire, a requis le mandat de d\u00e9p\u00f4t pour les trois mis en cause. Ils feront face ce matin au juge d\u2019instruction qui d\u00e9cidera de leur sort. Le parquet a requis deux m\u00e9decins venus de Tamba pour r\u00e9aliser une autopsie compl\u00e8te sur le corps de Mamy Doura Diallo. Ils sont poursuivis pour homicide volontaire et complicit\u00e9 de ce chef, faits pr\u00e9vus et punis par les dispositions des articles 45-3, 46, 280 et 287 du Code p\u00e9nal. L\u2019autopsie devant permettre d\u2019en savoir plus sur cette affaire. Les agents de sant\u00e9 sont poursuivis pour des manquements pendant l\u2019op\u00e9ration. \u00c0 rappeler que la d\u00e9funte est l\u2019\u00e9pouse de Mor Ciss\u00e9, fr\u00e8re de Mamadou Hadj Ciss\u00e9, ancien maire et pr\u00e9sident de la Chambre de Commerce de K\u00e9dougou.\" \/>\n<meta property=\"og:url\" content=\"https:\/\/www.public.sn\/index.php\/2022\/09\/05\/affaire-doura-diallo-trois-mandats-de-depots-requis-par-le-procureur\/\" \/>\n<meta property=\"og:site_name\" content=\"LE PUBLIC\" \/>\n<meta property=\"article:published_time\" content=\"2022-09-05T09:22:34+00:00\" \/>\n<meta property=\"article:modified_time\" content=\"2022-09-05T09:23:03+00:00\" \/>\n<meta property=\"og:image\" content=\"https:\/\/www.public.sn\/wp-content\/uploads\/2022\/09\/549E8429-323C-44A8-84CB-84E4CAC030A0.jpeg\" \/>\n\t<meta property=\"og:image:width\" content=\"450\" \/>\n\t<meta property=\"og:image:height\" content=\"219\" \/>\n\t<meta property=\"og:image:type\" content=\"image\/jpeg\" \/>\n<meta name=\"author\" content=\"LA REDACTION\" \/>\n<meta name=\"twitter:card\" content=\"summary_large_image\" \/>\n<meta name=\"twitter:label1\" content=\"\u00c9crit par\" \/>\n\t<meta name=\"twitter:data1\" content=\"LA REDACTION\" \/>\n\t<meta name=\"twitter:label2\" content=\"Dur\u00e9e de lecture estim\u00e9e\" \/>\n\t<meta name=\"twitter:data2\" content=\"1 minute\" \/>\n<script type=\"application\/ld+json\" class=\"yoast-schema-graph\">{\"@context\":\"https:\/\/schema.org\",\"@graph\":[{\"@type\":\"Article\",\"@id\":\"https:\/\/www.public.sn\/index.php\/2022\/09\/05\/affaire-doura-diallo-trois-mandats-de-depots-requis-par-le-procureur\/#article\",\"isPartOf\":{\"@id\":\"https:\/\/www.public.sn\/index.php\/2022\/09\/05\/affaire-doura-diallo-trois-mandats-de-depots-requis-par-le-procureur\/\"},\"author\":{\"name\":\"LA REDACTION\",\"@id\":\"https:\/\/www.public.sn\/#\/schema\/person\/e3f4a11b037d4203902db148f9bc8d5a\"},\"headline\":\"Affaire Mamy Doura Diallo\u00a0: Trois mandats de d\u00e9p\u00f4ts requis par le procureur.\u00a0\",\"datePublished\":\"2022-09-05T09:22:34+00:00\",\"dateModified\":\"2022-09-05T09:23:03+00:00\",\"mainEntityOfPage\":{\"@id\":\"https:\/\/www.public.sn\/index.php\/2022\/09\/05\/affaire-doura-diallo-trois-mandats-de-depots-requis-par-le-procureur\/\"},\"wordCount\":222,\"commentCount\":0,\"publisher\":{\"@id\":\"https:\/\/www.public.sn\/#organization\"},\"image\":{\"@id\":\"https:\/\/www.public.sn\/index.php\/2022\/09\/05\/affaire-doura-diallo-trois-mandats-de-depots-requis-par-le-procureur\/#primaryimage\"},\"thumbnailUrl\":\"https:\/\/www.public.sn\/wp-content\/uploads\/2022\/09\/549E8429-323C-44A8-84CB-84E4CAC030A0.jpeg\",\"keywords\":[\"K\u00e9dougou\",\"Mamy Doura Diallo\",\"Mandats de d\u00e9p\u00f4t\",\"Procureur\"],\"articleSection\":[\"ACTUALIT\u00c9S\",\"SOCIETE\"],\"inLanguage\":\"fr-FR\",\"potentialAction\":[{\"@type\":\"CommentAction\",\"name\":\"Comment\",\"target\":[\"https:\/\/www.public.sn\/index.php\/2022\/09\/05\/affaire-doura-diallo-trois-mandats-de-depots-requis-par-le-procureur\/#respond\"]}]},{\"@type\":\"WebPage\",\"@id\":\"https:\/\/www.public.sn\/index.php\/2022\/09\/05\/affaire-doura-diallo-trois-mandats-de-depots-requis-par-le-procureur\/\",\"url\":\"https:\/\/www.public.sn\/index.php\/2022\/09\/05\/affaire-doura-diallo-trois-mandats-de-depots-requis-par-le-procureur\/\",\"name\":\"Affaire Mamy Doura Diallo\u00a0: Trois mandats de d\u00e9p\u00f4ts requis par le procureur.\u00a0 - LE PUBLIC\",\"isPartOf\":{\"@id\":\"https:\/\/www.public.sn\/#website\"},\"primaryImageOfPage\":{\"@id\":\"https:\/\/www.public.sn\/index.php\/2022\/09\/05\/affaire-doura-diallo-trois-mandats-de-depots-requis-par-le-procureur\/#primaryimage\"},\"image\":{\"@id\":\"https:\/\/www.public.sn\/index.php\/2022\/09\/05\/affaire-doura-diallo-trois-mandats-de-depots-requis-par-le-procureur\/#primaryimage\"},\"thumbnailUrl\":\"https:\/\/www.public.sn\/wp-content\/uploads\/2022\/09\/549E8429-323C-44A8-84CB-84E4CAC030A0.jpeg\",\"datePublished\":\"2022-09-05T09:22:34+00:00\",\"dateModified\":\"2022-09-05T09:23:03+00:00\",\"breadcrumb\":{\"@id\":\"https:\/\/www.public.sn\/index.php\/2022\/09\/05\/affaire-doura-diallo-trois-mandats-de-depots-requis-par-le-procureur\/#breadcrumb\"},\"inLanguage\":\"fr-FR\",\"potentialAction\":[{\"@type\":\"ReadAction\",\"target\":[\"https:\/\/www.public.sn\/index.php\/2022\/09\/05\/affaire-doura-diallo-trois-mandats-de-depots-requis-par-le-procureur\/\"]}]},{\"@type\":\"ImageObject\",\"inLanguage\":\"fr-FR\",\"@id\":\"https:\/\/www.public.sn\/index.php\/2022\/09\/05\/affaire-doura-diallo-trois-mandats-de-depots-requis-par-le-procureur\/#primaryimage\",\"url\":\"https:\/\/www.public.sn\/wp-content\/uploads\/2022\/09\/549E8429-323C-44A8-84CB-84E4CAC030A0.jpeg\",\"contentUrl\":\"https:\/\/www.public.sn\/wp-content\/uploads\/2022\/09\/549E8429-323C-44A8-84CB-84E4CAC030A0.jpeg\",\"width\":450,\"height\":219},{\"@type\":\"BreadcrumbList\",\"@id\":\"https:\/\/www.public.sn\/index.php\/2022\/09\/05\/affaire-doura-diallo-trois-mandats-de-depots-requis-par-le-procureur\/#breadcrumb\",\"itemListElement\":[{\"@type\":\"ListItem\",\"position\":1,\"name\":\"Accueil\",\"item\":\"https:\/\/www.public.sn\/\"},{\"@type\":\"ListItem\",\"position\":2,\"name\":\"Affaire Mamy Doura Diallo\u00a0: Trois mandats de d\u00e9p\u00f4ts requis par le procureur.\u00a0\"}]},{\"@type\":\"WebSite\",\"@id\":\"https:\/\/www.public.sn\/#website\",\"url\":\"https:\/\/www.public.sn\/\",\"name\":\"LE PUBLIC\",\"description\":\"\",\"publisher\":{\"@id\":\"https:\/\/www.public.sn\/#organization\"},\"potentialAction\":[{\"@type\":\"SearchAction\",\"target\":{\"@type\":\"EntryPoint\",\"urlTemplate\":\"https:\/\/www.public.sn\/?s={search_term_string}\"},\"query-input\":{\"@type\":\"PropertyValueSpecification\",\"valueRequired\":true,\"valueName\":\"search_term_string\"}}],\"inLanguage\":\"fr-FR\"},{\"@type\":\"Organization\",\"@id\":\"https:\/\/www.public.sn\/#organization\",\"name\":\"LE PUBLIC\",\"url\":\"https:\/\/www.public.sn\/\",\"logo\":{\"@type\":\"ImageObject\",\"inLanguage\":\"fr-FR\",\"@id\":\"https:\/\/www.public.sn\/#\/schema\/logo\/image\/\",\"url\":\"https:\/\/www.public.sn\/wp-content\/uploads\/2024\/05\/cropped-LOGO-PUBLIC.SN_.png\",\"contentUrl\":\"https:\/\/www.public.sn\/wp-content\/uploads\/2024\/05\/cropped-LOGO-PUBLIC.SN_.png\",\"width\":682,\"height\":192,\"caption\":\"LE PUBLIC\"},\"image\":{\"@id\":\"https:\/\/www.public.sn\/#\/schema\/logo\/image\/\"}},{\"@type\":\"Person\",\"@id\":\"https:\/\/www.public.sn\/#\/schema\/person\/e3f4a11b037d4203902db148f9bc8d5a\",\"name\":\"LA REDACTION\",\"image\":{\"@type\":\"ImageObject\",\"inLanguage\":\"fr-FR\",\"@id\":\"https:\/\/www.public.sn\/#\/schema\/person\/image\/\",\"url\":\"https:\/\/secure.gravatar.com\/avatar\/d6c030db45db2883c075085c5d6c6258654a801a93766b49af0b82d4f454e2a5?s=96&d=mm&r=g\",\"contentUrl\":\"https:\/\/secure.gravatar.com\/avatar\/d6c030db45db2883c075085c5d6c6258654a801a93766b49af0b82d4f454e2a5?s=96&d=mm&r=g\",\"caption\":\"LA REDACTION\"},\"sameAs\":[\"http:\/\/www.public.sn\"],\"url\":\"https:\/\/www.public.sn\/index.php\/author\/admin7324\/\"}]}<\/script>\n<!-- \/ Yoast SEO plugin. -->","yoast_head_json":{"title":"Affaire Mamy Doura Diallo\u00a0: Trois mandats de d\u00e9p\u00f4ts requis par le procureur.\u00a0 - LE PUBLIC","robots":{"index":"index","follow":"follow","max-snippet":"max-snippet:-1","max-image-preview":"max-image-preview:large","max-video-preview":"max-video-preview:-1"},"canonical":"https:\/\/www.public.sn\/index.php\/2022\/09\/05\/affaire-doura-diallo-trois-mandats-de-depots-requis-par-le-procureur\/","og_locale":"fr_FR","og_type":"article","og_title":"Affaire Mamy Doura Diallo\u00a0: Trois mandats de d\u00e9p\u00f4ts requis par le procureur.\u00a0 - LE PUBLIC","og_description":"Les choses se compliquent pour les agents de sant\u00e9 mis en cause dans l\u2019affaire\u00a0Mamy Doura Diallo morte avec son b\u00e9b\u00e9 lors d\u2019un accouchement rat\u00e9. Le gyn\u00e9cologue L\u00e9on Mbada Faye, l\u2019anesth\u00e9siste Abdou Aziz Dioum et l\u2019infirmier Bacary Diakhat\u00e9 seront fix\u00e9s sur leur sort ce lundi 5 septembre 2022. Et, ils risquent gros. Selon les informations du journal Lib\u00e9ration, le parquet qui a ouvert une information judiciaire, a requis le mandat de d\u00e9p\u00f4t pour les trois mis en cause. Ils feront face ce matin au juge d\u2019instruction qui d\u00e9cidera de leur sort. Le parquet a requis deux m\u00e9decins venus de Tamba pour r\u00e9aliser une autopsie compl\u00e8te sur le corps de Mamy Doura Diallo. Ils sont poursuivis pour homicide volontaire et complicit\u00e9 de ce chef, faits pr\u00e9vus et punis par les dispositions des articles 45-3, 46, 280 et 287 du Code p\u00e9nal. L\u2019autopsie devant permettre d\u2019en savoir plus sur cette affaire. Les agents de sant\u00e9 sont poursuivis pour des manquements pendant l\u2019op\u00e9ration. \u00c0 rappeler que la d\u00e9funte est l\u2019\u00e9pouse de Mor Ciss\u00e9, fr\u00e8re de Mamadou Hadj Ciss\u00e9, ancien maire et pr\u00e9sident de la Chambre de Commerce de K\u00e9dougou.","og_url":"https:\/\/www.public.sn\/index.php\/2022\/09\/05\/affaire-doura-diallo-trois-mandats-de-depots-requis-par-le-procureur\/","og_site_name":"LE PUBLIC","article_published_time":"2022-09-05T09:22:34+00:00","article_modified_time":"2022-09-05T09:23:03+00:00","og_image":[{"width":450,"height":219,"url":"https:\/\/www.public.sn\/wp-content\/uploads\/2022\/09\/549E8429-323C-44A8-84CB-84E4CAC030A0.jpeg","type":"image\/jpeg"}],"author":"LA REDACTION","twitter_card":"summary_large_image","twitter_misc":{"\u00c9crit par":"LA REDACTION","Dur\u00e9e de lecture estim\u00e9e":"1 minute"},"schema":{"@context":"https:\/\/schema.org","@graph":[{"@type":"Article","@id":"https:\/\/www.public.sn\/index.php\/2022\/09\/05\/affaire-doura-diallo-trois-mandats-de-depots-requis-par-le-procureur\/#article","isPartOf":{"@id":"https:\/\/www.public.sn\/index.php\/2022\/09\/05\/affaire-doura-diallo-trois-mandats-de-depots-requis-par-le-procureur\/"},"author":{"name":"LA REDACTION","@id":"https:\/\/www.public.sn\/#\/schema\/person\/e3f4a11b037d4203902db148f9bc8d5a"},"headline":"Affaire Mamy Doura Diallo\u00a0: Trois mandats de d\u00e9p\u00f4ts requis par le procureur.\u00a0","datePublished":"2022-09-05T09:22:34+00:00","dateModified":"2022-09-05T09:23:03+00:00","mainEntityOfPage":{"@id":"https:\/\/www.public.sn\/index.php\/2022\/09\/05\/affaire-doura-diallo-trois-mandats-de-depots-requis-par-le-procureur\/"},"wordCount":222,"commentCount":0,"publisher":{"@id":"https:\/\/www.public.sn\/#organization"},"image":{"@id":"https:\/\/www.public.sn\/index.php\/2022\/09\/05\/affaire-doura-diallo-trois-mandats-de-depots-requis-par-le-procureur\/#primaryimage"},"thumbnailUrl":"https:\/\/www.public.sn\/wp-content\/uploads\/2022\/09\/549E8429-323C-44A8-84CB-84E4CAC030A0.jpeg","keywords":["K\u00e9dougou","Mamy Doura Diallo","Mandats de d\u00e9p\u00f4t","Procureur"],"articleSection":["ACTUALIT\u00c9S","SOCIETE"],"inLanguage":"fr-FR","potentialAction":[{"@type":"CommentAction","name":"Comment","target":["https:\/\/www.public.sn\/index.php\/2022\/09\/05\/affaire-doura-diallo-trois-mandats-de-depots-requis-par-le-procureur\/#respond"]}]},{"@type":"WebPage","@id":"https:\/\/www.public.sn\/index.php\/2022\/09\/05\/affaire-doura-diallo-trois-mandats-de-depots-requis-par-le-procureur\/","url":"https:\/\/www.public.sn\/index.php\/2022\/09\/05\/affaire-doura-diallo-trois-mandats-de-depots-requis-par-le-procureur\/","name":"Affaire Mamy Doura Diallo\u00a0: Trois mandats de d\u00e9p\u00f4ts requis par le procureur.\u00a0 - LE PUBLIC","isPartOf":{"@id":"https:\/\/www.public.sn\/#website"},"primaryImageOfPage":{"@id":"https:\/\/www.public.sn\/index.php\/2022\/09\/05\/affaire-doura-diallo-trois-mandats-de-depots-requis-par-le-procureur\/#primaryimage"},"image":{"@id":"https:\/\/www.public.sn\/index.php\/2022\/09\/05\/affaire-doura-diallo-trois-mandats-de-depots-requis-par-le-procureur\/#primaryimage"},"thumbnailUrl":"https:\/\/www.public.sn\/wp-content\/uploads\/2022\/09\/549E8429-323C-44A8-84CB-84E4CAC030A0.jpeg","datePublished":"2022-09-05T09:22:34+00:00","dateModified":"2022-09-05T09:23:03+00:00","breadcrumb":{"@id":"https:\/\/www.public.sn\/index.php\/2022\/09\/05\/affaire-doura-diallo-trois-mandats-de-depots-requis-par-le-procureur\/#breadcrumb"},"inLanguage":"fr-FR","potentialAction":[{"@type":"ReadAction","target":["https:\/\/www.public.sn\/index.php\/2022\/09\/05\/affaire-doura-diallo-trois-mandats-de-depots-requis-par-le-procureur\/"]}]},{"@type":"ImageObject","inLanguage":"fr-FR","@id":"https:\/\/www.public.sn\/index.php\/2022\/09\/05\/affaire-doura-diallo-trois-mandats-de-depots-requis-par-le-procureur\/#primaryimage","url":"https:\/\/www.public.sn\/wp-content\/uploads\/2022\/09\/549E8429-323C-44A8-84CB-84E4CAC030A0.jpeg","contentUrl":"https:\/\/www.public.sn\/wp-content\/uploads\/2022\/09\/549E8429-323C-44A8-84CB-84E4CAC030A0.jpeg","width":450,"height":219},{"@type":"BreadcrumbList","@id":"https:\/\/www.public.sn\/index.php\/2022\/09\/05\/affaire-doura-diallo-trois-mandats-de-depots-requis-par-le-procureur\/#breadcrumb","itemListElement":[{"@type":"ListItem","position":1,"name":"Accueil","item":"https:\/\/www.public.sn\/"},{"@type":"ListItem","position":2,"name":"Affaire Mamy Doura Diallo\u00a0: Trois mandats de d\u00e9p\u00f4ts requis par le procureur.\u00a0"}]},{"@type":"WebSite","@id":"https:\/\/www.public.sn\/#website","url":"https:\/\/www.public.sn\/","name":"LE PUBLIC","description":"","publisher":{"@id":"https:\/\/www.public.sn\/#organization"},"potentialAction":[{"@type":"SearchAction","target":{"@type":"EntryPoint","urlTemplate":"https:\/\/www.public.sn\/?s={search_term_string}"},"query-input":{"@type":"PropertyValueSpecification","valueRequired":true,"valueName":"search_term_string"}}],"inLanguage":"fr-FR"},{"@type":"Organization","@id":"https:\/\/www.public.sn\/#organization","name":"LE PUBLIC","url":"https:\/\/www.public.sn\/","logo":{"@type":"ImageObject","inLanguage":"fr-FR","@id":"https:\/\/www.public.sn\/#\/schema\/logo\/image\/","url":"https:\/\/www.public.sn\/wp-content\/uploads\/2024\/05\/cropped-LOGO-PUBLIC.SN_.png","contentUrl":"https:\/\/www.public.sn\/wp-content\/uploads\/2024\/05\/cropped-LOGO-PUBLIC.SN_.png","width":682,"height":192,"caption":"LE PUBLIC"},"image":{"@id":"https:\/\/www.public.sn\/#\/schema\/logo\/image\/"}},{"@type":"Person","@id":"https:\/\/www.public.sn\/#\/schema\/person\/e3f4a11b037d4203902db148f9bc8d5a","name":"LA REDACTION","image":{"@type":"ImageObject","inLanguage":"fr-FR","@id":"https:\/\/www.public.sn\/#\/schema\/person\/image\/","url":"https:\/\/secure.gravatar.com\/avatar\/d6c030db45db2883c075085c5d6c6258654a801a93766b49af0b82d4f454e2a5?s=96&d=mm&r=g","contentUrl":"https:\/\/secure.gravatar.com\/avatar\/d6c030db45db2883c075085c5d6c6258654a801a93766b49af0b82d4f454e2a5?s=96&d=mm&r=g","caption":"LA REDACTION"},"sameAs":["http:\/\/www.public.sn"],"url":"https:\/\/www.public.sn\/index.php\/author\/admin7324\/"}]}},"jetpack_featured_media_url":"https:\/\/www.public.sn\/wp-content\/uploads\/2022\/09\/549E8429-323C-44A8-84CB-84E4CAC030A0.jpeg","jetpack_sharing_enabled":true,"_links":{"self":[{"href":"https:\/\/www.public.sn\/index.php\/wp-json\/wp\/v2\/posts\/1281","targetHints":{"allow":["GET"]}}],"collection":[{"href":"https:\/\/www.public.sn\/index.php\/wp-json\/wp\/v2\/posts"}],"about":[{"href":"https:\/\/www.public.sn\/index.php\/wp-json\/wp\/v2\/types\/post"}],"author":[{"embeddable":true,"href":"https:\/\/www.public.sn\/index.php\/wp-json\/wp\/v2\/users\/1"}],"replies":[{"embeddable":true,"href":"https:\/\/www.public.sn\/index.php\/wp-json\/wp\/v2\/comments?post=1281"}],"version-history":[{"count":2,"href":"https:\/\/www.public.sn\/index.php\/wp-json\/wp\/v2\/posts\/1281\/revisions"}],"predecessor-version":[{"id":1284,"href":"https:\/\/www.public.sn\/index.php\/wp-json\/wp\/v2\/posts\/1281\/revisions\/1284"}],"wp:featuredmedia":[{"embeddable":true,"href":"https:\/\/www.public.sn\/index.php\/wp-json\/wp\/v2\/media\/1282"}],"wp:attachment":[{"href":"https:\/\/www.public.sn\/index.php\/wp-json\/wp\/v2\/media?parent=1281"}],"wp:term":[{"taxonomy":"category","embeddable":true,"href":"https:\/\/www.public.sn\/index.php\/wp-json\/wp\/v2\/categories?post=1281"},{"taxonomy":"post_tag","embeddable":true,"href":"https:\/\/www.public.sn\/index.php\/wp-json\/wp\/v2\/tags?post=1281"}],"curies":[{"name":"wp","href":"https:\/\/api.w.org\/{rel}","templated":true}]}}