{"id":1285,"date":"2022-09-05T12:51:57","date_gmt":"2022-09-05T10:51:57","guid":{"rendered":"https:\/\/www.public.sn\/?p=1285"},"modified":"2022-09-05T12:51:58","modified_gmt":"2022-09-05T10:51:58","slug":"trois-morts-annonces-le-gouvernement-intensifie-ses-secours-pour-les-victimes","status":"publish","type":"post","link":"https:\/\/www.public.sn\/index.php\/2022\/09\/05\/trois-morts-annonces-le-gouvernement-intensifie-ses-secours-pour-les-victimes\/","title":{"rendered":"Trois morts annonc\u00e9s: Le gouvernement intensifie ses secours pour les victimes."},"content":{"rendered":"\n<p><strong>Les fortes pr\u00e9cipitations de ce week-end ont caus\u00e9 trois morts. C\u2019est ce qu\u2019affirme un communiqu\u00e9 du Minist\u00e8re de l\u2019Int\u00e9rieur.<\/strong><\/p><div class=\"publi-paragraphe1\" style=\"margin-top: 10px;margin-bottom: 10px;margin-left: auto;margin-right: auto;text-align: center;\" id=\"publi-334715748\"><div class=\"publi-adlabel\">Publicit\u00e9<\/div><script async src=\"\/\/pagead2.googlesyndication.com\/pagead\/js\/adsbygoogle.js?client=ca-pub-4089586018074219\" crossorigin=\"anonymous\"><\/script><ins class=\"adsbygoogle\" style=\"display:block;\" data-ad-client=\"ca-pub-4089586018074219\" \ndata-ad-slot=\"2087940154\" \ndata-ad-format=\"auto\"><\/ins>\n<script> \n(adsbygoogle = window.adsbygoogle || []).push({}); \n<\/script>\n<\/div>\n\n\n\n<p>\u201c<em>Nous avons malheureusement not\u00e9 trois pertes en vies humaines, suite aux fortes pluies enregistr\u00e9es dans la journ\u00e9e d\u2019hier. Au nom de son excellence monsieur le Pr\u00e9sident de la R\u00e9publique, nous nous inclinons devant leurs m\u00e9moires et pr\u00e9sentons nos sinc\u00e8res condol\u00e9ances \u00e0 leurs familles \u00e9plor\u00e9es\u201d, <\/em>lit-on dans le texte.<\/p>\n\n\n\n<p>Le communiqu\u00e9 renseigne que 208 sites inond\u00e9s ont \u00e9t\u00e9 recens\u00e9s dont 79 trait\u00e9s et lib\u00e9r\u00e9s et 129 en cours de traitement. Le volume d\u2019eau \u00e9vacu\u00e9es dans la journ\u00e9e du 03 septembre \u00e9quivaut \u00e0 225.325 m3. <\/p>\n\n\n\n<p>Cependant 6.363.716 m3 ont \u00e9t\u00e9 \u00e9vacu\u00e9s depuis le d\u00e9but des op\u00e9rations.<\/p>\n\n\n\n<p>Le gouvernement multiplient les secours \u00e0 l\u2019endroit des sinistr\u00e9s.<\/p>\n<div class=\"publi-apres-le-contenu\" style=\"margin-top: 10px;margin-bottom: 10px;margin-left: auto;margin-right: auto;text-align: center;\" id=\"publi-1988707374\"><div class=\"publi-adlabel\">Publicit\u00e9<\/div><script async src=\"\/\/pagead2.googlesyndication.com\/pagead\/js\/adsbygoogle.js?client=ca-pub-4089586018074219\" crossorigin=\"anonymous\"><\/script><ins class=\"adsbygoogle\" style=\"display:block;\" data-ad-client=\"ca-pub-4089586018074219\" \ndata-ad-slot=\"2087940154\" \ndata-ad-format=\"auto\"><\/ins>\n<script> \n(adsbygoogle = window.adsbygoogle || []).push({}); \n<\/script>\n<\/div>","protected":false},"excerpt":{"rendered":"<p>Les fortes pr\u00e9cipitations de ce week-end ont caus\u00e9 trois morts. C\u2019est ce qu\u2019affirme un communiqu\u00e9 du Minist\u00e8re de l\u2019Int\u00e9rieur. \u201cNous avons malheureusement not\u00e9 trois pertes en vies humaines, suite aux fortes pluies enregistr\u00e9es dans la journ\u00e9e d\u2019hier. Au nom de son excellence monsieur le Pr\u00e9sident de la R\u00e9publique, nous nous inclinons devant leurs m\u00e9moires et pr\u00e9sentons nos sinc\u00e8res condol\u00e9ances \u00e0 leurs familles \u00e9plor\u00e9es\u201d, lit-on dans le texte. Le communiqu\u00e9 renseigne que 208 sites inond\u00e9s ont \u00e9t\u00e9 recens\u00e9s dont 79 trait\u00e9s et lib\u00e9r\u00e9s et 129 en cours de traitement. Le volume d\u2019eau \u00e9vacu\u00e9es dans la journ\u00e9e du 03 septembre \u00e9quivaut \u00e0 225.325 m3. Cependant 6.363.716 m3 ont \u00e9t\u00e9 \u00e9vacu\u00e9s depuis le d\u00e9but des op\u00e9rations. Le gouvernement multiplient les secours \u00e0 l\u2019endroit des sinistr\u00e9s.<\/p>\n","protected":false},"author":1,"featured_media":1287,"comment_status":"open","ping_status":"open","sticky":false,"template":"","format":"standard","meta":{"_jetpack_memberships_contains_paid_content":false,"footnotes":""},"categories":[375,4],"tags":[256,92,11,534,346],"class_list":["post-1285","post","type-post","status-publish","format-standard","has-post-thumbnail","hentry","category-actualites","category-societe","tag-antoine-felix-diome","tag-inondations","tag-macky-sall","tag-trois-morts","tag-victimes","entry","has-media","owp-thumbs-layout-horizontal","owp-btn-normal","owp-tabs-layout-horizontal","has-no-thumbnails","has-product-nav"],"yoast_head":"<!-- This site is optimized with the Yoast SEO plugin v25.5 - https:\/\/yoast.com\/wordpress\/plugins\/seo\/ -->\n<title>Trois morts annonc\u00e9s: Le gouvernement intensifie ses secours pour les victimes. - LE PUBLIC<\/title>\n<meta name=\"robots\" content=\"index, follow, max-snippet:-1, max-image-preview:large, max-video-preview:-1\" \/>\n<link rel=\"canonical\" href=\"https:\/\/www.public.sn\/index.php\/2022\/09\/05\/trois-morts-annonces-le-gouvernement-intensifie-ses-secours-pour-les-victimes\/\" \/>\n<meta property=\"og:locale\" content=\"fr_FR\" \/>\n<meta property=\"og:type\" content=\"article\" \/>\n<meta property=\"og:title\" content=\"Trois morts annonc\u00e9s: Le gouvernement intensifie ses secours pour les victimes. - LE PUBLIC\" \/>\n<meta property=\"og:description\" content=\"Les fortes pr\u00e9cipitations de ce week-end ont caus\u00e9 trois morts. C\u2019est ce qu\u2019affirme un communiqu\u00e9 du Minist\u00e8re de l\u2019Int\u00e9rieur. \u201cNous avons malheureusement not\u00e9 trois pertes en vies humaines, suite aux fortes pluies enregistr\u00e9es dans la journ\u00e9e d\u2019hier. Au nom de son excellence monsieur le Pr\u00e9sident de la R\u00e9publique, nous nous inclinons devant leurs m\u00e9moires et pr\u00e9sentons nos sinc\u00e8res condol\u00e9ances \u00e0 leurs familles \u00e9plor\u00e9es\u201d, lit-on dans le texte. Le communiqu\u00e9 renseigne que 208 sites inond\u00e9s ont \u00e9t\u00e9 recens\u00e9s dont 79 trait\u00e9s et lib\u00e9r\u00e9s et 129 en cours de traitement. Le volume d\u2019eau \u00e9vacu\u00e9es dans la journ\u00e9e du 03 septembre \u00e9quivaut \u00e0 225.325 m3. Cependant 6.363.716 m3 ont \u00e9t\u00e9 \u00e9vacu\u00e9s depuis le d\u00e9but des op\u00e9rations. Le gouvernement multiplient les secours \u00e0 l\u2019endroit des sinistr\u00e9s.\" \/>\n<meta property=\"og:url\" content=\"https:\/\/www.public.sn\/index.php\/2022\/09\/05\/trois-morts-annonces-le-gouvernement-intensifie-ses-secours-pour-les-victimes\/\" \/>\n<meta property=\"og:site_name\" content=\"LE PUBLIC\" \/>\n<meta property=\"article:published_time\" content=\"2022-09-05T10:51:57+00:00\" \/>\n<meta property=\"article:modified_time\" content=\"2022-09-05T10:51:58+00:00\" \/>\n<meta property=\"og:image\" content=\"https:\/\/www.public.sn\/wp-content\/uploads\/2022\/09\/857E2D68-2E98-44CC-9186-806AC7C83CBC.jpeg\" \/>\n\t<meta property=\"og:image:width\" content=\"900\" \/>\n\t<meta property=\"og:image:height\" content=\"499\" \/>\n\t<meta property=\"og:image:type\" content=\"image\/jpeg\" \/>\n<meta name=\"author\" content=\"LA REDACTION\" \/>\n<meta name=\"twitter:card\" content=\"summary_large_image\" \/>\n<meta name=\"twitter:label1\" content=\"\u00c9crit par\" \/>\n\t<meta name=\"twitter:data1\" content=\"LA REDACTION\" \/>\n\t<meta name=\"twitter:label2\" content=\"Dur\u00e9e de lecture estim\u00e9e\" \/>\n\t<meta name=\"twitter:data2\" content=\"1 minute\" \/>\n<script type=\"application\/ld+json\" class=\"yoast-schema-graph\">{\"@context\":\"https:\/\/schema.org\",\"@graph\":[{\"@type\":\"Article\",\"@id\":\"https:\/\/www.public.sn\/index.php\/2022\/09\/05\/trois-morts-annonces-le-gouvernement-intensifie-ses-secours-pour-les-victimes\/#article\",\"isPartOf\":{\"@id\":\"https:\/\/www.public.sn\/index.php\/2022\/09\/05\/trois-morts-annonces-le-gouvernement-intensifie-ses-secours-pour-les-victimes\/\"},\"author\":{\"name\":\"LA REDACTION\",\"@id\":\"https:\/\/www.public.sn\/#\/schema\/person\/e3f4a11b037d4203902db148f9bc8d5a\"},\"headline\":\"Trois morts annonc\u00e9s: Le gouvernement intensifie ses secours pour les victimes.\",\"datePublished\":\"2022-09-05T10:51:57+00:00\",\"dateModified\":\"2022-09-05T10:51:58+00:00\",\"mainEntityOfPage\":{\"@id\":\"https:\/\/www.public.sn\/index.php\/2022\/09\/05\/trois-morts-annonces-le-gouvernement-intensifie-ses-secours-pour-les-victimes\/\"},\"wordCount\":154,\"commentCount\":0,\"publisher\":{\"@id\":\"https:\/\/www.public.sn\/#organization\"},\"image\":{\"@id\":\"https:\/\/www.public.sn\/index.php\/2022\/09\/05\/trois-morts-annonces-le-gouvernement-intensifie-ses-secours-pour-les-victimes\/#primaryimage\"},\"thumbnailUrl\":\"https:\/\/www.public.sn\/wp-content\/uploads\/2022\/09\/857E2D68-2E98-44CC-9186-806AC7C83CBC.jpeg\",\"keywords\":[\"Antoine F\u00e9lix Diome\",\"Inondations\",\"Macky Sall\",\"Trois morts\",\"Victimes\"],\"articleSection\":[\"ACTUALIT\u00c9S\",\"SOCIETE\"],\"inLanguage\":\"fr-FR\",\"potentialAction\":[{\"@type\":\"CommentAction\",\"name\":\"Comment\",\"target\":[\"https:\/\/www.public.sn\/index.php\/2022\/09\/05\/trois-morts-annonces-le-gouvernement-intensifie-ses-secours-pour-les-victimes\/#respond\"]}]},{\"@type\":\"WebPage\",\"@id\":\"https:\/\/www.public.sn\/index.php\/2022\/09\/05\/trois-morts-annonces-le-gouvernement-intensifie-ses-secours-pour-les-victimes\/\",\"url\":\"https:\/\/www.public.sn\/index.php\/2022\/09\/05\/trois-morts-annonces-le-gouvernement-intensifie-ses-secours-pour-les-victimes\/\",\"name\":\"Trois morts annonc\u00e9s: Le gouvernement intensifie ses secours pour les victimes. - LE PUBLIC\",\"isPartOf\":{\"@id\":\"https:\/\/www.public.sn\/#website\"},\"primaryImageOfPage\":{\"@id\":\"https:\/\/www.public.sn\/index.php\/2022\/09\/05\/trois-morts-annonces-le-gouvernement-intensifie-ses-secours-pour-les-victimes\/#primaryimage\"},\"image\":{\"@id\":\"https:\/\/www.public.sn\/index.php\/2022\/09\/05\/trois-morts-annonces-le-gouvernement-intensifie-ses-secours-pour-les-victimes\/#primaryimage\"},\"thumbnailUrl\":\"https:\/\/www.public.sn\/wp-content\/uploads\/2022\/09\/857E2D68-2E98-44CC-9186-806AC7C83CBC.jpeg\",\"datePublished\":\"2022-09-05T10:51:57+00:00\",\"dateModified\":\"2022-09-05T10:51:58+00:00\",\"breadcrumb\":{\"@id\":\"https:\/\/www.public.sn\/index.php\/2022\/09\/05\/trois-morts-annonces-le-gouvernement-intensifie-ses-secours-pour-les-victimes\/#breadcrumb\"},\"inLanguage\":\"fr-FR\",\"potentialAction\":[{\"@type\":\"ReadAction\",\"target\":[\"https:\/\/www.public.sn\/index.php\/2022\/09\/05\/trois-morts-annonces-le-gouvernement-intensifie-ses-secours-pour-les-victimes\/\"]}]},{\"@type\":\"ImageObject\",\"inLanguage\":\"fr-FR\",\"@id\":\"https:\/\/www.public.sn\/index.php\/2022\/09\/05\/trois-morts-annonces-le-gouvernement-intensifie-ses-secours-pour-les-victimes\/#primaryimage\",\"url\":\"https:\/\/www.public.sn\/wp-content\/uploads\/2022\/09\/857E2D68-2E98-44CC-9186-806AC7C83CBC.jpeg\",\"contentUrl\":\"https:\/\/www.public.sn\/wp-content\/uploads\/2022\/09\/857E2D68-2E98-44CC-9186-806AC7C83CBC.jpeg\",\"width\":900,\"height\":499},{\"@type\":\"BreadcrumbList\",\"@id\":\"https:\/\/www.public.sn\/index.php\/2022\/09\/05\/trois-morts-annonces-le-gouvernement-intensifie-ses-secours-pour-les-victimes\/#breadcrumb\",\"itemListElement\":[{\"@type\":\"ListItem\",\"position\":1,\"name\":\"Accueil\",\"item\":\"https:\/\/www.public.sn\/\"},{\"@type\":\"ListItem\",\"position\":2,\"name\":\"Trois morts annonc\u00e9s: Le gouvernement intensifie ses secours pour les victimes.\"}]},{\"@type\":\"WebSite\",\"@id\":\"https:\/\/www.public.sn\/#website\",\"url\":\"https:\/\/www.public.sn\/\",\"name\":\"LE PUBLIC\",\"description\":\"\",\"publisher\":{\"@id\":\"https:\/\/www.public.sn\/#organization\"},\"potentialAction\":[{\"@type\":\"SearchAction\",\"target\":{\"@type\":\"EntryPoint\",\"urlTemplate\":\"https:\/\/www.public.sn\/?s={search_term_string}\"},\"query-input\":{\"@type\":\"PropertyValueSpecification\",\"valueRequired\":true,\"valueName\":\"search_term_string\"}}],\"inLanguage\":\"fr-FR\"},{\"@type\":\"Organization\",\"@id\":\"https:\/\/www.public.sn\/#organization\",\"name\":\"LE PUBLIC\",\"url\":\"https:\/\/www.public.sn\/\",\"logo\":{\"@type\":\"ImageObject\",\"inLanguage\":\"fr-FR\",\"@id\":\"https:\/\/www.public.sn\/#\/schema\/logo\/image\/\",\"url\":\"https:\/\/www.public.sn\/wp-content\/uploads\/2024\/05\/cropped-LOGO-PUBLIC.SN_.png\",\"contentUrl\":\"https:\/\/www.public.sn\/wp-content\/uploads\/2024\/05\/cropped-LOGO-PUBLIC.SN_.png\",\"width\":682,\"height\":192,\"caption\":\"LE PUBLIC\"},\"image\":{\"@id\":\"https:\/\/www.public.sn\/#\/schema\/logo\/image\/\"}},{\"@type\":\"Person\",\"@id\":\"https:\/\/www.public.sn\/#\/schema\/person\/e3f4a11b037d4203902db148f9bc8d5a\",\"name\":\"LA REDACTION\",\"image\":{\"@type\":\"ImageObject\",\"inLanguage\":\"fr-FR\",\"@id\":\"https:\/\/www.public.sn\/#\/schema\/person\/image\/\",\"url\":\"https:\/\/secure.gravatar.com\/avatar\/d6c030db45db2883c075085c5d6c6258654a801a93766b49af0b82d4f454e2a5?s=96&d=mm&r=g\",\"contentUrl\":\"https:\/\/secure.gravatar.com\/avatar\/d6c030db45db2883c075085c5d6c6258654a801a93766b49af0b82d4f454e2a5?s=96&d=mm&r=g\",\"caption\":\"LA REDACTION\"},\"sameAs\":[\"http:\/\/www.public.sn\"],\"url\":\"https:\/\/www.public.sn\/index.php\/author\/admin7324\/\"}]}<\/script>\n<!-- \/ Yoast SEO plugin. -->","yoast_head_json":{"title":"Trois morts annonc\u00e9s: Le gouvernement intensifie ses secours pour les victimes. - LE PUBLIC","robots":{"index":"index","follow":"follow","max-snippet":"max-snippet:-1","max-image-preview":"max-image-preview:large","max-video-preview":"max-video-preview:-1"},"canonical":"https:\/\/www.public.sn\/index.php\/2022\/09\/05\/trois-morts-annonces-le-gouvernement-intensifie-ses-secours-pour-les-victimes\/","og_locale":"fr_FR","og_type":"article","og_title":"Trois morts annonc\u00e9s: Le gouvernement intensifie ses secours pour les victimes. - LE PUBLIC","og_description":"Les fortes pr\u00e9cipitations de ce week-end ont caus\u00e9 trois morts. C\u2019est ce qu\u2019affirme un communiqu\u00e9 du Minist\u00e8re de l\u2019Int\u00e9rieur. \u201cNous avons malheureusement not\u00e9 trois pertes en vies humaines, suite aux fortes pluies enregistr\u00e9es dans la journ\u00e9e d\u2019hier. Au nom de son excellence monsieur le Pr\u00e9sident de la R\u00e9publique, nous nous inclinons devant leurs m\u00e9moires et pr\u00e9sentons nos sinc\u00e8res condol\u00e9ances \u00e0 leurs familles \u00e9plor\u00e9es\u201d, lit-on dans le texte. Le communiqu\u00e9 renseigne que 208 sites inond\u00e9s ont \u00e9t\u00e9 recens\u00e9s dont 79 trait\u00e9s et lib\u00e9r\u00e9s et 129 en cours de traitement. Le volume d\u2019eau \u00e9vacu\u00e9es dans la journ\u00e9e du 03 septembre \u00e9quivaut \u00e0 225.325 m3. Cependant 6.363.716 m3 ont \u00e9t\u00e9 \u00e9vacu\u00e9s depuis le d\u00e9but des op\u00e9rations. Le gouvernement multiplient les secours \u00e0 l\u2019endroit des sinistr\u00e9s.","og_url":"https:\/\/www.public.sn\/index.php\/2022\/09\/05\/trois-morts-annonces-le-gouvernement-intensifie-ses-secours-pour-les-victimes\/","og_site_name":"LE PUBLIC","article_published_time":"2022-09-05T10:51:57+00:00","article_modified_time":"2022-09-05T10:51:58+00:00","og_image":[{"width":900,"height":499,"url":"https:\/\/www.public.sn\/wp-content\/uploads\/2022\/09\/857E2D68-2E98-44CC-9186-806AC7C83CBC.jpeg","type":"image\/jpeg"}],"author":"LA REDACTION","twitter_card":"summary_large_image","twitter_misc":{"\u00c9crit par":"LA REDACTION","Dur\u00e9e de lecture estim\u00e9e":"1 minute"},"schema":{"@context":"https:\/\/schema.org","@graph":[{"@type":"Article","@id":"https:\/\/www.public.sn\/index.php\/2022\/09\/05\/trois-morts-annonces-le-gouvernement-intensifie-ses-secours-pour-les-victimes\/#article","isPartOf":{"@id":"https:\/\/www.public.sn\/index.php\/2022\/09\/05\/trois-morts-annonces-le-gouvernement-intensifie-ses-secours-pour-les-victimes\/"},"author":{"name":"LA REDACTION","@id":"https:\/\/www.public.sn\/#\/schema\/person\/e3f4a11b037d4203902db148f9bc8d5a"},"headline":"Trois morts annonc\u00e9s: Le gouvernement intensifie ses secours pour les victimes.","datePublished":"2022-09-05T10:51:57+00:00","dateModified":"2022-09-05T10:51:58+00:00","mainEntityOfPage":{"@id":"https:\/\/www.public.sn\/index.php\/2022\/09\/05\/trois-morts-annonces-le-gouvernement-intensifie-ses-secours-pour-les-victimes\/"},"wordCount":154,"commentCount":0,"publisher":{"@id":"https:\/\/www.public.sn\/#organization"},"image":{"@id":"https:\/\/www.public.sn\/index.php\/2022\/09\/05\/trois-morts-annonces-le-gouvernement-intensifie-ses-secours-pour-les-victimes\/#primaryimage"},"thumbnailUrl":"https:\/\/www.public.sn\/wp-content\/uploads\/2022\/09\/857E2D68-2E98-44CC-9186-806AC7C83CBC.jpeg","keywords":["Antoine F\u00e9lix Diome","Inondations","Macky Sall","Trois morts","Victimes"],"articleSection":["ACTUALIT\u00c9S","SOCIETE"],"inLanguage":"fr-FR","potentialAction":[{"@type":"CommentAction","name":"Comment","target":["https:\/\/www.public.sn\/index.php\/2022\/09\/05\/trois-morts-annonces-le-gouvernement-intensifie-ses-secours-pour-les-victimes\/#respond"]}]},{"@type":"WebPage","@id":"https:\/\/www.public.sn\/index.php\/2022\/09\/05\/trois-morts-annonces-le-gouvernement-intensifie-ses-secours-pour-les-victimes\/","url":"https:\/\/www.public.sn\/index.php\/2022\/09\/05\/trois-morts-annonces-le-gouvernement-intensifie-ses-secours-pour-les-victimes\/","name":"Trois morts annonc\u00e9s: Le gouvernement intensifie ses secours pour les victimes. - LE PUBLIC","isPartOf":{"@id":"https:\/\/www.public.sn\/#website"},"primaryImageOfPage":{"@id":"https:\/\/www.public.sn\/index.php\/2022\/09\/05\/trois-morts-annonces-le-gouvernement-intensifie-ses-secours-pour-les-victimes\/#primaryimage"},"image":{"@id":"https:\/\/www.public.sn\/index.php\/2022\/09\/05\/trois-morts-annonces-le-gouvernement-intensifie-ses-secours-pour-les-victimes\/#primaryimage"},"thumbnailUrl":"https:\/\/www.public.sn\/wp-content\/uploads\/2022\/09\/857E2D68-2E98-44CC-9186-806AC7C83CBC.jpeg","datePublished":"2022-09-05T10:51:57+00:00","dateModified":"2022-09-05T10:51:58+00:00","breadcrumb":{"@id":"https:\/\/www.public.sn\/index.php\/2022\/09\/05\/trois-morts-annonces-le-gouvernement-intensifie-ses-secours-pour-les-victimes\/#breadcrumb"},"inLanguage":"fr-FR","potentialAction":[{"@type":"ReadAction","target":["https:\/\/www.public.sn\/index.php\/2022\/09\/05\/trois-morts-annonces-le-gouvernement-intensifie-ses-secours-pour-les-victimes\/"]}]},{"@type":"ImageObject","inLanguage":"fr-FR","@id":"https:\/\/www.public.sn\/index.php\/2022\/09\/05\/trois-morts-annonces-le-gouvernement-intensifie-ses-secours-pour-les-victimes\/#primaryimage","url":"https:\/\/www.public.sn\/wp-content\/uploads\/2022\/09\/857E2D68-2E98-44CC-9186-806AC7C83CBC.jpeg","contentUrl":"https:\/\/www.public.sn\/wp-content\/uploads\/2022\/09\/857E2D68-2E98-44CC-9186-806AC7C83CBC.jpeg","width":900,"height":499},{"@type":"BreadcrumbList","@id":"https:\/\/www.public.sn\/index.php\/2022\/09\/05\/trois-morts-annonces-le-gouvernement-intensifie-ses-secours-pour-les-victimes\/#breadcrumb","itemListElement":[{"@type":"ListItem","position":1,"name":"Accueil","item":"https:\/\/www.public.sn\/"},{"@type":"ListItem","position":2,"name":"Trois morts annonc\u00e9s: Le gouvernement intensifie ses secours pour les victimes."}]},{"@type":"WebSite","@id":"https:\/\/www.public.sn\/#website","url":"https:\/\/www.public.sn\/","name":"LE PUBLIC","description":"","publisher":{"@id":"https:\/\/www.public.sn\/#organization"},"potentialAction":[{"@type":"SearchAction","target":{"@type":"EntryPoint","urlTemplate":"https:\/\/www.public.sn\/?s={search_term_string}"},"query-input":{"@type":"PropertyValueSpecification","valueRequired":true,"valueName":"search_term_string"}}],"inLanguage":"fr-FR"},{"@type":"Organization","@id":"https:\/\/www.public.sn\/#organization","name":"LE PUBLIC","url":"https:\/\/www.public.sn\/","logo":{"@type":"ImageObject","inLanguage":"fr-FR","@id":"https:\/\/www.public.sn\/#\/schema\/logo\/image\/","url":"https:\/\/www.public.sn\/wp-content\/uploads\/2024\/05\/cropped-LOGO-PUBLIC.SN_.png","contentUrl":"https:\/\/www.public.sn\/wp-content\/uploads\/2024\/05\/cropped-LOGO-PUBLIC.SN_.png","width":682,"height":192,"caption":"LE PUBLIC"},"image":{"@id":"https:\/\/www.public.sn\/#\/schema\/logo\/image\/"}},{"@type":"Person","@id":"https:\/\/www.public.sn\/#\/schema\/person\/e3f4a11b037d4203902db148f9bc8d5a","name":"LA REDACTION","image":{"@type":"ImageObject","inLanguage":"fr-FR","@id":"https:\/\/www.public.sn\/#\/schema\/person\/image\/","url":"https:\/\/secure.gravatar.com\/avatar\/d6c030db45db2883c075085c5d6c6258654a801a93766b49af0b82d4f454e2a5?s=96&d=mm&r=g","contentUrl":"https:\/\/secure.gravatar.com\/avatar\/d6c030db45db2883c075085c5d6c6258654a801a93766b49af0b82d4f454e2a5?s=96&d=mm&r=g","caption":"LA REDACTION"},"sameAs":["http:\/\/www.public.sn"],"url":"https:\/\/www.public.sn\/index.php\/author\/admin7324\/"}]}},"jetpack_featured_media_url":"https:\/\/www.public.sn\/wp-content\/uploads\/2022\/09\/857E2D68-2E98-44CC-9186-806AC7C83CBC.jpeg","jetpack_sharing_enabled":true,"_links":{"self":[{"href":"https:\/\/www.public.sn\/index.php\/wp-json\/wp\/v2\/posts\/1285","targetHints":{"allow":["GET"]}}],"collection":[{"href":"https:\/\/www.public.sn\/index.php\/wp-json\/wp\/v2\/posts"}],"about":[{"href":"https:\/\/www.public.sn\/index.php\/wp-json\/wp\/v2\/types\/post"}],"author":[{"embeddable":true,"href":"https:\/\/www.public.sn\/index.php\/wp-json\/wp\/v2\/users\/1"}],"replies":[{"embeddable":true,"href":"https:\/\/www.public.sn\/index.php\/wp-json\/wp\/v2\/comments?post=1285"}],"version-history":[{"count":2,"href":"https:\/\/www.public.sn\/index.php\/wp-json\/wp\/v2\/posts\/1285\/revisions"}],"predecessor-version":[{"id":1288,"href":"https:\/\/www.public.sn\/index.php\/wp-json\/wp\/v2\/posts\/1285\/revisions\/1288"}],"wp:featuredmedia":[{"embeddable":true,"href":"https:\/\/www.public.sn\/index.php\/wp-json\/wp\/v2\/media\/1287"}],"wp:attachment":[{"href":"https:\/\/www.public.sn\/index.php\/wp-json\/wp\/v2\/media?parent=1285"}],"wp:term":[{"taxonomy":"category","embeddable":true,"href":"https:\/\/www.public.sn\/index.php\/wp-json\/wp\/v2\/categories?post=1285"},{"taxonomy":"post_tag","embeddable":true,"href":"https:\/\/www.public.sn\/index.php\/wp-json\/wp\/v2\/tags?post=1285"}],"curies":[{"name":"wp","href":"https:\/\/api.w.org\/{rel}","templated":true}]}}