{"id":1289,"date":"2022-09-05T13:05:08","date_gmt":"2022-09-05T11:05:08","guid":{"rendered":"https:\/\/www.public.sn\/?p=1289"},"modified":"2022-09-05T13:05:08","modified_gmt":"2022-09-05T11:05:08","slug":"mouvement-dhumeur-a-dakar-dem-dikk-les-travailleurs-remontes-contre-la-direction-generale","status":"publish","type":"post","link":"https:\/\/www.public.sn\/index.php\/2022\/09\/05\/mouvement-dhumeur-a-dakar-dem-dikk-les-travailleurs-remontes-contre-la-direction-generale\/","title":{"rendered":"Mouvement d\u2019humeur \u00e0 Dakar Dem Dikk, les travailleurs remont\u00e9s contre la direction g\u00e9n\u00e9rale."},"content":{"rendered":"\n<p><strong>La tension s\u2019agrandit au sein de la soci\u00e9t\u00e9 nationale de transport en commun Dakar Dem Dikk. <\/strong><br>Les agents ont d\u2019ailleurs d\u00e9marr\u00e9 un mouvement d\u2019humeur \u00e0 travers le port du brassard rouge, ce lundi 05 septembre. <br>Un acte pos\u00e9 dans le cadre de leur plan d\u2019actions dessin\u00e9 il y a deux semaines, d\u2019apr\u00e8s Mamadou Goudiaby, Secr\u00e9taire G\u00e9n\u00e9ral honoraire de l\u2019Union d\u00e9mocratique des travailleurs de Dakar Dem Dikk.<\/p><div class=\"publi-paragraphe1\" style=\"margin-top: 10px;margin-bottom: 10px;margin-left: auto;margin-right: auto;text-align: center;\" id=\"publi-2112922286\"><div class=\"publi-adlabel\">Publicit\u00e9<\/div><script async src=\"\/\/pagead2.googlesyndication.com\/pagead\/js\/adsbygoogle.js?client=ca-pub-4089586018074219\" crossorigin=\"anonymous\"><\/script><ins class=\"adsbygoogle\" style=\"display:block;\" data-ad-client=\"ca-pub-4089586018074219\" \ndata-ad-slot=\"2087940154\" \ndata-ad-format=\"auto\"><\/ins>\n<script> \n(adsbygoogle = window.adsbygoogle || []).push({}); \n<\/script>\n<\/div>\n\n\n\n<p>Les frondeurs disent se battre pour la \u201cp\u00e9rennit\u00e9 de l\u2019entreprise\u201d. \u201c<em>L\u2019entreprise est dans un gouffre et l\u2019administration avait promis de faire venir mille (1000) bus en d\u00e9but d\u2019ann\u00e9e. On est au mois de septembre et jusqu\u2019\u00e0 pr\u00e9sent rien n\u2019a \u00e9t\u00e9 fait\u201d,<\/em> constate Mamadou Goudiaby. Ils demandent \u00e0 la direction de tenir sa promesse afin de soulager les passagers.<\/p>\n\n\n\n<p>Par ailleurs, le syndicaliste d\u00e9plore le recrutement d\u2019une \u201cclient\u00e8le politique\u201d. \u201c<em>Des recrutements qui se font dans un contexte o\u00f9 la direction se dit incapable de respecter les cotisations sociales\u201d,<\/em> nous fait-il savoir. Pire, monsieur Goudiaby explique que ces nouvelles recrues sont directement install\u00e9es dans des postes n\u00e9cessitant une certaine exp\u00e9rience. \u201c<em>Ces gens viennent commander les agents qui ont eu 10 \u00e0 15 ans d\u2019exp\u00e9rience ce qui fait que les anciens n\u2019obtiennent pas d\u2019avancement\u201d,<\/em> fustige-t-il.<\/p>\n\n\n\n<p>Les travailleurs de Dem Dikk r\u00e9clament aussi une augmentation de leurs salaires comme en ont b\u00e9n\u00e9fici\u00e9 les autres agents de l\u2019administration.<\/p>\n\n\n\n<p>D\u00e9termin\u00e9s \u00e0 atteindre leurs objectifs, ils n\u2019excluent pas de mettre aux arr\u00eats les bus. Mamadou Goudiaby appelle donc la direction et le conseil d\u2019administration \u00e0 pr\u00f4ner le dialogue avec les agents afin de trouver une issue heureuse.<\/p>\n<div class=\"publi-apres-le-contenu\" style=\"margin-top: 10px;margin-bottom: 10px;margin-left: auto;margin-right: auto;text-align: center;\" id=\"publi-1293601536\"><div class=\"publi-adlabel\">Publicit\u00e9<\/div><script async src=\"\/\/pagead2.googlesyndication.com\/pagead\/js\/adsbygoogle.js?client=ca-pub-4089586018074219\" crossorigin=\"anonymous\"><\/script><ins class=\"adsbygoogle\" style=\"display:block;\" data-ad-client=\"ca-pub-4089586018074219\" \ndata-ad-slot=\"2087940154\" \ndata-ad-format=\"auto\"><\/ins>\n<script> \n(adsbygoogle = window.adsbygoogle || []).push({}); \n<\/script>\n<\/div>","protected":false},"excerpt":{"rendered":"<p>La tension s\u2019agrandit au sein de la soci\u00e9t\u00e9 nationale de transport en commun Dakar Dem Dikk. Les agents ont d\u2019ailleurs d\u00e9marr\u00e9 un mouvement d\u2019humeur \u00e0 travers le port du brassard rouge, ce lundi 05 septembre. Un acte pos\u00e9 dans le cadre de leur plan d\u2019actions dessin\u00e9 il y a deux semaines, d\u2019apr\u00e8s Mamadou Goudiaby, Secr\u00e9taire G\u00e9n\u00e9ral honoraire de l\u2019Union d\u00e9mocratique des travailleurs de Dakar Dem Dikk. Les frondeurs disent se battre pour la \u201cp\u00e9rennit\u00e9 de l\u2019entreprise\u201d. \u201cL\u2019entreprise est dans un gouffre et l\u2019administration avait promis de faire venir mille (1000) bus en d\u00e9but d\u2019ann\u00e9e. On est au mois de septembre et jusqu\u2019\u00e0 pr\u00e9sent rien n\u2019a \u00e9t\u00e9 fait\u201d, constate Mamadou Goudiaby. Ils demandent \u00e0 la direction de tenir sa promesse afin de soulager les passagers. Par ailleurs, le syndicaliste d\u00e9plore le recrutement d\u2019une \u201cclient\u00e8le politique\u201d. \u201cDes recrutements qui se font dans un contexte o\u00f9 la direction se dit incapable de respecter les cotisations sociales\u201d, nous fait-il savoir. Pire, monsieur Goudiaby explique que ces nouvelles recrues sont directement install\u00e9es dans des postes n\u00e9cessitant une certaine exp\u00e9rience. \u201cCes gens viennent commander les agents qui ont eu 10 \u00e0 15 ans d\u2019exp\u00e9rience ce qui fait que les anciens n\u2019obtiennent pas d\u2019avancement\u201d, fustige-t-il. Les travailleurs de Dem Dikk r\u00e9clament aussi une augmentation de leurs salaires comme en ont b\u00e9n\u00e9fici\u00e9 les autres agents de l\u2019administration. D\u00e9termin\u00e9s \u00e0 atteindre leurs objectifs, ils n\u2019excluent pas de mettre aux arr\u00eats les bus. Mamadou Goudiaby appelle donc la direction et le conseil d\u2019administration \u00e0 pr\u00f4ner le dialogue avec les agents afin de trouver une issue heureuse.<\/p>\n","protected":false},"author":1,"featured_media":1290,"comment_status":"open","ping_status":"open","sticky":false,"template":"","format":"standard","meta":{"_jetpack_memberships_contains_paid_content":false,"footnotes":""},"categories":[375,4],"tags":[535,538,474,537,536],"class_list":["post-1289","post","type-post","status-publish","format-standard","has-post-thumbnail","hentry","category-actualites","category-societe","tag-dakar-dem-dik","tag-dialogue","tag-greve","tag-salaires","tag-travailleurs","entry","has-media","owp-thumbs-layout-horizontal","owp-btn-normal","owp-tabs-layout-horizontal","has-no-thumbnails","has-product-nav"],"yoast_head":"<!-- This site is optimized with the Yoast SEO plugin v25.5 - https:\/\/yoast.com\/wordpress\/plugins\/seo\/ -->\n<title>Mouvement d\u2019humeur \u00e0 Dakar Dem Dikk, les travailleurs remont\u00e9s contre la direction g\u00e9n\u00e9rale. - LE PUBLIC<\/title>\n<meta name=\"robots\" content=\"index, follow, max-snippet:-1, max-image-preview:large, max-video-preview:-1\" \/>\n<link rel=\"canonical\" href=\"https:\/\/www.public.sn\/index.php\/2022\/09\/05\/mouvement-dhumeur-a-dakar-dem-dikk-les-travailleurs-remontes-contre-la-direction-generale\/\" \/>\n<meta property=\"og:locale\" content=\"fr_FR\" \/>\n<meta property=\"og:type\" content=\"article\" \/>\n<meta property=\"og:title\" content=\"Mouvement d\u2019humeur \u00e0 Dakar Dem Dikk, les travailleurs remont\u00e9s contre la direction g\u00e9n\u00e9rale. - LE PUBLIC\" \/>\n<meta property=\"og:description\" content=\"La tension s\u2019agrandit au sein de la soci\u00e9t\u00e9 nationale de transport en commun Dakar Dem Dikk. Les agents ont d\u2019ailleurs d\u00e9marr\u00e9 un mouvement d\u2019humeur \u00e0 travers le port du brassard rouge, ce lundi 05 septembre. Un acte pos\u00e9 dans le cadre de leur plan d\u2019actions dessin\u00e9 il y a deux semaines, d\u2019apr\u00e8s Mamadou Goudiaby, Secr\u00e9taire G\u00e9n\u00e9ral honoraire de l\u2019Union d\u00e9mocratique des travailleurs de Dakar Dem Dikk. Les frondeurs disent se battre pour la \u201cp\u00e9rennit\u00e9 de l\u2019entreprise\u201d. \u201cL\u2019entreprise est dans un gouffre et l\u2019administration avait promis de faire venir mille (1000) bus en d\u00e9but d\u2019ann\u00e9e. On est au mois de septembre et jusqu\u2019\u00e0 pr\u00e9sent rien n\u2019a \u00e9t\u00e9 fait\u201d, constate Mamadou Goudiaby. Ils demandent \u00e0 la direction de tenir sa promesse afin de soulager les passagers. Par ailleurs, le syndicaliste d\u00e9plore le recrutement d\u2019une \u201cclient\u00e8le politique\u201d. \u201cDes recrutements qui se font dans un contexte o\u00f9 la direction se dit incapable de respecter les cotisations sociales\u201d, nous fait-il savoir. Pire, monsieur Goudiaby explique que ces nouvelles recrues sont directement install\u00e9es dans des postes n\u00e9cessitant une certaine exp\u00e9rience. \u201cCes gens viennent commander les agents qui ont eu 10 \u00e0 15 ans d\u2019exp\u00e9rience ce qui fait que les anciens n\u2019obtiennent pas d\u2019avancement\u201d, fustige-t-il. Les travailleurs de Dem Dikk r\u00e9clament aussi une augmentation de leurs salaires comme en ont b\u00e9n\u00e9fici\u00e9 les autres agents de l\u2019administration. D\u00e9termin\u00e9s \u00e0 atteindre leurs objectifs, ils n\u2019excluent pas de mettre aux arr\u00eats les bus. Mamadou Goudiaby appelle donc la direction et le conseil d\u2019administration \u00e0 pr\u00f4ner le dialogue avec les agents afin de trouver une issue heureuse.\" \/>\n<meta property=\"og:url\" content=\"https:\/\/www.public.sn\/index.php\/2022\/09\/05\/mouvement-dhumeur-a-dakar-dem-dikk-les-travailleurs-remontes-contre-la-direction-generale\/\" \/>\n<meta property=\"og:site_name\" content=\"LE PUBLIC\" \/>\n<meta property=\"article:published_time\" content=\"2022-09-05T11:05:08+00:00\" \/>\n<meta property=\"og:image\" content=\"https:\/\/www.public.sn\/wp-content\/uploads\/2022\/09\/13E410A9-F59A-437E-8C3F-0D3EADF54F7E-scaled.jpeg\" \/>\n\t<meta property=\"og:image:width\" content=\"2560\" \/>\n\t<meta property=\"og:image:height\" content=\"1439\" \/>\n\t<meta property=\"og:image:type\" content=\"image\/jpeg\" \/>\n<meta name=\"author\" content=\"LA REDACTION\" \/>\n<meta name=\"twitter:card\" content=\"summary_large_image\" \/>\n<meta name=\"twitter:label1\" content=\"\u00c9crit par\" \/>\n\t<meta name=\"twitter:data1\" content=\"LA REDACTION\" \/>\n\t<meta name=\"twitter:label2\" content=\"Dur\u00e9e de lecture estim\u00e9e\" \/>\n\t<meta name=\"twitter:data2\" content=\"2 minutes\" \/>\n<script type=\"application\/ld+json\" class=\"yoast-schema-graph\">{\"@context\":\"https:\/\/schema.org\",\"@graph\":[{\"@type\":\"Article\",\"@id\":\"https:\/\/www.public.sn\/index.php\/2022\/09\/05\/mouvement-dhumeur-a-dakar-dem-dikk-les-travailleurs-remontes-contre-la-direction-generale\/#article\",\"isPartOf\":{\"@id\":\"https:\/\/www.public.sn\/index.php\/2022\/09\/05\/mouvement-dhumeur-a-dakar-dem-dikk-les-travailleurs-remontes-contre-la-direction-generale\/\"},\"author\":{\"name\":\"LA REDACTION\",\"@id\":\"https:\/\/www.public.sn\/#\/schema\/person\/e3f4a11b037d4203902db148f9bc8d5a\"},\"headline\":\"Mouvement d\u2019humeur \u00e0 Dakar Dem Dikk, les travailleurs remont\u00e9s contre la direction g\u00e9n\u00e9rale.\",\"datePublished\":\"2022-09-05T11:05:08+00:00\",\"mainEntityOfPage\":{\"@id\":\"https:\/\/www.public.sn\/index.php\/2022\/09\/05\/mouvement-dhumeur-a-dakar-dem-dikk-les-travailleurs-remontes-contre-la-direction-generale\/\"},\"wordCount\":305,\"commentCount\":0,\"publisher\":{\"@id\":\"https:\/\/www.public.sn\/#organization\"},\"image\":{\"@id\":\"https:\/\/www.public.sn\/index.php\/2022\/09\/05\/mouvement-dhumeur-a-dakar-dem-dikk-les-travailleurs-remontes-contre-la-direction-generale\/#primaryimage\"},\"thumbnailUrl\":\"https:\/\/www.public.sn\/wp-content\/uploads\/2022\/09\/13E410A9-F59A-437E-8C3F-0D3EADF54F7E-scaled.jpeg\",\"keywords\":[\"Dakar Dem Dik\",\"Dialogue\",\"Gr\u00e8ve\",\"Salaires\",\"Travailleurs\"],\"articleSection\":[\"ACTUALIT\u00c9S\",\"SOCIETE\"],\"inLanguage\":\"fr-FR\",\"potentialAction\":[{\"@type\":\"CommentAction\",\"name\":\"Comment\",\"target\":[\"https:\/\/www.public.sn\/index.php\/2022\/09\/05\/mouvement-dhumeur-a-dakar-dem-dikk-les-travailleurs-remontes-contre-la-direction-generale\/#respond\"]}]},{\"@type\":\"WebPage\",\"@id\":\"https:\/\/www.public.sn\/index.php\/2022\/09\/05\/mouvement-dhumeur-a-dakar-dem-dikk-les-travailleurs-remontes-contre-la-direction-generale\/\",\"url\":\"https:\/\/www.public.sn\/index.php\/2022\/09\/05\/mouvement-dhumeur-a-dakar-dem-dikk-les-travailleurs-remontes-contre-la-direction-generale\/\",\"name\":\"Mouvement d\u2019humeur \u00e0 Dakar Dem Dikk, les travailleurs remont\u00e9s contre la direction g\u00e9n\u00e9rale. - LE PUBLIC\",\"isPartOf\":{\"@id\":\"https:\/\/www.public.sn\/#website\"},\"primaryImageOfPage\":{\"@id\":\"https:\/\/www.public.sn\/index.php\/2022\/09\/05\/mouvement-dhumeur-a-dakar-dem-dikk-les-travailleurs-remontes-contre-la-direction-generale\/#primaryimage\"},\"image\":{\"@id\":\"https:\/\/www.public.sn\/index.php\/2022\/09\/05\/mouvement-dhumeur-a-dakar-dem-dikk-les-travailleurs-remontes-contre-la-direction-generale\/#primaryimage\"},\"thumbnailUrl\":\"https:\/\/www.public.sn\/wp-content\/uploads\/2022\/09\/13E410A9-F59A-437E-8C3F-0D3EADF54F7E-scaled.jpeg\",\"datePublished\":\"2022-09-05T11:05:08+00:00\",\"breadcrumb\":{\"@id\":\"https:\/\/www.public.sn\/index.php\/2022\/09\/05\/mouvement-dhumeur-a-dakar-dem-dikk-les-travailleurs-remontes-contre-la-direction-generale\/#breadcrumb\"},\"inLanguage\":\"fr-FR\",\"potentialAction\":[{\"@type\":\"ReadAction\",\"target\":[\"https:\/\/www.public.sn\/index.php\/2022\/09\/05\/mouvement-dhumeur-a-dakar-dem-dikk-les-travailleurs-remontes-contre-la-direction-generale\/\"]}]},{\"@type\":\"ImageObject\",\"inLanguage\":\"fr-FR\",\"@id\":\"https:\/\/www.public.sn\/index.php\/2022\/09\/05\/mouvement-dhumeur-a-dakar-dem-dikk-les-travailleurs-remontes-contre-la-direction-generale\/#primaryimage\",\"url\":\"https:\/\/www.public.sn\/wp-content\/uploads\/2022\/09\/13E410A9-F59A-437E-8C3F-0D3EADF54F7E-scaled.jpeg\",\"contentUrl\":\"https:\/\/www.public.sn\/wp-content\/uploads\/2022\/09\/13E410A9-F59A-437E-8C3F-0D3EADF54F7E-scaled.jpeg\",\"width\":2560,\"height\":1439},{\"@type\":\"BreadcrumbList\",\"@id\":\"https:\/\/www.public.sn\/index.php\/2022\/09\/05\/mouvement-dhumeur-a-dakar-dem-dikk-les-travailleurs-remontes-contre-la-direction-generale\/#breadcrumb\",\"itemListElement\":[{\"@type\":\"ListItem\",\"position\":1,\"name\":\"Accueil\",\"item\":\"https:\/\/www.public.sn\/\"},{\"@type\":\"ListItem\",\"position\":2,\"name\":\"Mouvement d\u2019humeur \u00e0 Dakar Dem Dikk, les travailleurs remont\u00e9s contre la direction g\u00e9n\u00e9rale.\"}]},{\"@type\":\"WebSite\",\"@id\":\"https:\/\/www.public.sn\/#website\",\"url\":\"https:\/\/www.public.sn\/\",\"name\":\"LE PUBLIC\",\"description\":\"\",\"publisher\":{\"@id\":\"https:\/\/www.public.sn\/#organization\"},\"potentialAction\":[{\"@type\":\"SearchAction\",\"target\":{\"@type\":\"EntryPoint\",\"urlTemplate\":\"https:\/\/www.public.sn\/?s={search_term_string}\"},\"query-input\":{\"@type\":\"PropertyValueSpecification\",\"valueRequired\":true,\"valueName\":\"search_term_string\"}}],\"inLanguage\":\"fr-FR\"},{\"@type\":\"Organization\",\"@id\":\"https:\/\/www.public.sn\/#organization\",\"name\":\"LE PUBLIC\",\"url\":\"https:\/\/www.public.sn\/\",\"logo\":{\"@type\":\"ImageObject\",\"inLanguage\":\"fr-FR\",\"@id\":\"https:\/\/www.public.sn\/#\/schema\/logo\/image\/\",\"url\":\"https:\/\/www.public.sn\/wp-content\/uploads\/2024\/05\/cropped-LOGO-PUBLIC.SN_.png\",\"contentUrl\":\"https:\/\/www.public.sn\/wp-content\/uploads\/2024\/05\/cropped-LOGO-PUBLIC.SN_.png\",\"width\":682,\"height\":192,\"caption\":\"LE PUBLIC\"},\"image\":{\"@id\":\"https:\/\/www.public.sn\/#\/schema\/logo\/image\/\"}},{\"@type\":\"Person\",\"@id\":\"https:\/\/www.public.sn\/#\/schema\/person\/e3f4a11b037d4203902db148f9bc8d5a\",\"name\":\"LA REDACTION\",\"image\":{\"@type\":\"ImageObject\",\"inLanguage\":\"fr-FR\",\"@id\":\"https:\/\/www.public.sn\/#\/schema\/person\/image\/\",\"url\":\"https:\/\/secure.gravatar.com\/avatar\/d6c030db45db2883c075085c5d6c6258654a801a93766b49af0b82d4f454e2a5?s=96&d=mm&r=g\",\"contentUrl\":\"https:\/\/secure.gravatar.com\/avatar\/d6c030db45db2883c075085c5d6c6258654a801a93766b49af0b82d4f454e2a5?s=96&d=mm&r=g\",\"caption\":\"LA REDACTION\"},\"sameAs\":[\"http:\/\/www.public.sn\"],\"url\":\"https:\/\/www.public.sn\/index.php\/author\/admin7324\/\"}]}<\/script>\n<!-- \/ Yoast SEO plugin. -->","yoast_head_json":{"title":"Mouvement d\u2019humeur \u00e0 Dakar Dem Dikk, les travailleurs remont\u00e9s contre la direction g\u00e9n\u00e9rale. - LE PUBLIC","robots":{"index":"index","follow":"follow","max-snippet":"max-snippet:-1","max-image-preview":"max-image-preview:large","max-video-preview":"max-video-preview:-1"},"canonical":"https:\/\/www.public.sn\/index.php\/2022\/09\/05\/mouvement-dhumeur-a-dakar-dem-dikk-les-travailleurs-remontes-contre-la-direction-generale\/","og_locale":"fr_FR","og_type":"article","og_title":"Mouvement d\u2019humeur \u00e0 Dakar Dem Dikk, les travailleurs remont\u00e9s contre la direction g\u00e9n\u00e9rale. - LE PUBLIC","og_description":"La tension s\u2019agrandit au sein de la soci\u00e9t\u00e9 nationale de transport en commun Dakar Dem Dikk. Les agents ont d\u2019ailleurs d\u00e9marr\u00e9 un mouvement d\u2019humeur \u00e0 travers le port du brassard rouge, ce lundi 05 septembre. Un acte pos\u00e9 dans le cadre de leur plan d\u2019actions dessin\u00e9 il y a deux semaines, d\u2019apr\u00e8s Mamadou Goudiaby, Secr\u00e9taire G\u00e9n\u00e9ral honoraire de l\u2019Union d\u00e9mocratique des travailleurs de Dakar Dem Dikk. Les frondeurs disent se battre pour la \u201cp\u00e9rennit\u00e9 de l\u2019entreprise\u201d. \u201cL\u2019entreprise est dans un gouffre et l\u2019administration avait promis de faire venir mille (1000) bus en d\u00e9but d\u2019ann\u00e9e. On est au mois de septembre et jusqu\u2019\u00e0 pr\u00e9sent rien n\u2019a \u00e9t\u00e9 fait\u201d, constate Mamadou Goudiaby. Ils demandent \u00e0 la direction de tenir sa promesse afin de soulager les passagers. Par ailleurs, le syndicaliste d\u00e9plore le recrutement d\u2019une \u201cclient\u00e8le politique\u201d. \u201cDes recrutements qui se font dans un contexte o\u00f9 la direction se dit incapable de respecter les cotisations sociales\u201d, nous fait-il savoir. Pire, monsieur Goudiaby explique que ces nouvelles recrues sont directement install\u00e9es dans des postes n\u00e9cessitant une certaine exp\u00e9rience. \u201cCes gens viennent commander les agents qui ont eu 10 \u00e0 15 ans d\u2019exp\u00e9rience ce qui fait que les anciens n\u2019obtiennent pas d\u2019avancement\u201d, fustige-t-il. Les travailleurs de Dem Dikk r\u00e9clament aussi une augmentation de leurs salaires comme en ont b\u00e9n\u00e9fici\u00e9 les autres agents de l\u2019administration. D\u00e9termin\u00e9s \u00e0 atteindre leurs objectifs, ils n\u2019excluent pas de mettre aux arr\u00eats les bus. Mamadou Goudiaby appelle donc la direction et le conseil d\u2019administration \u00e0 pr\u00f4ner le dialogue avec les agents afin de trouver une issue heureuse.","og_url":"https:\/\/www.public.sn\/index.php\/2022\/09\/05\/mouvement-dhumeur-a-dakar-dem-dikk-les-travailleurs-remontes-contre-la-direction-generale\/","og_site_name":"LE PUBLIC","article_published_time":"2022-09-05T11:05:08+00:00","og_image":[{"width":2560,"height":1439,"url":"https:\/\/www.public.sn\/wp-content\/uploads\/2022\/09\/13E410A9-F59A-437E-8C3F-0D3EADF54F7E-scaled.jpeg","type":"image\/jpeg"}],"author":"LA REDACTION","twitter_card":"summary_large_image","twitter_misc":{"\u00c9crit par":"LA REDACTION","Dur\u00e9e de lecture estim\u00e9e":"2 minutes"},"schema":{"@context":"https:\/\/schema.org","@graph":[{"@type":"Article","@id":"https:\/\/www.public.sn\/index.php\/2022\/09\/05\/mouvement-dhumeur-a-dakar-dem-dikk-les-travailleurs-remontes-contre-la-direction-generale\/#article","isPartOf":{"@id":"https:\/\/www.public.sn\/index.php\/2022\/09\/05\/mouvement-dhumeur-a-dakar-dem-dikk-les-travailleurs-remontes-contre-la-direction-generale\/"},"author":{"name":"LA REDACTION","@id":"https:\/\/www.public.sn\/#\/schema\/person\/e3f4a11b037d4203902db148f9bc8d5a"},"headline":"Mouvement d\u2019humeur \u00e0 Dakar Dem Dikk, les travailleurs remont\u00e9s contre la direction g\u00e9n\u00e9rale.","datePublished":"2022-09-05T11:05:08+00:00","mainEntityOfPage":{"@id":"https:\/\/www.public.sn\/index.php\/2022\/09\/05\/mouvement-dhumeur-a-dakar-dem-dikk-les-travailleurs-remontes-contre-la-direction-generale\/"},"wordCount":305,"commentCount":0,"publisher":{"@id":"https:\/\/www.public.sn\/#organization"},"image":{"@id":"https:\/\/www.public.sn\/index.php\/2022\/09\/05\/mouvement-dhumeur-a-dakar-dem-dikk-les-travailleurs-remontes-contre-la-direction-generale\/#primaryimage"},"thumbnailUrl":"https:\/\/www.public.sn\/wp-content\/uploads\/2022\/09\/13E410A9-F59A-437E-8C3F-0D3EADF54F7E-scaled.jpeg","keywords":["Dakar Dem Dik","Dialogue","Gr\u00e8ve","Salaires","Travailleurs"],"articleSection":["ACTUALIT\u00c9S","SOCIETE"],"inLanguage":"fr-FR","potentialAction":[{"@type":"CommentAction","name":"Comment","target":["https:\/\/www.public.sn\/index.php\/2022\/09\/05\/mouvement-dhumeur-a-dakar-dem-dikk-les-travailleurs-remontes-contre-la-direction-generale\/#respond"]}]},{"@type":"WebPage","@id":"https:\/\/www.public.sn\/index.php\/2022\/09\/05\/mouvement-dhumeur-a-dakar-dem-dikk-les-travailleurs-remontes-contre-la-direction-generale\/","url":"https:\/\/www.public.sn\/index.php\/2022\/09\/05\/mouvement-dhumeur-a-dakar-dem-dikk-les-travailleurs-remontes-contre-la-direction-generale\/","name":"Mouvement d\u2019humeur \u00e0 Dakar Dem Dikk, les travailleurs remont\u00e9s contre la direction g\u00e9n\u00e9rale. - LE PUBLIC","isPartOf":{"@id":"https:\/\/www.public.sn\/#website"},"primaryImageOfPage":{"@id":"https:\/\/www.public.sn\/index.php\/2022\/09\/05\/mouvement-dhumeur-a-dakar-dem-dikk-les-travailleurs-remontes-contre-la-direction-generale\/#primaryimage"},"image":{"@id":"https:\/\/www.public.sn\/index.php\/2022\/09\/05\/mouvement-dhumeur-a-dakar-dem-dikk-les-travailleurs-remontes-contre-la-direction-generale\/#primaryimage"},"thumbnailUrl":"https:\/\/www.public.sn\/wp-content\/uploads\/2022\/09\/13E410A9-F59A-437E-8C3F-0D3EADF54F7E-scaled.jpeg","datePublished":"2022-09-05T11:05:08+00:00","breadcrumb":{"@id":"https:\/\/www.public.sn\/index.php\/2022\/09\/05\/mouvement-dhumeur-a-dakar-dem-dikk-les-travailleurs-remontes-contre-la-direction-generale\/#breadcrumb"},"inLanguage":"fr-FR","potentialAction":[{"@type":"ReadAction","target":["https:\/\/www.public.sn\/index.php\/2022\/09\/05\/mouvement-dhumeur-a-dakar-dem-dikk-les-travailleurs-remontes-contre-la-direction-generale\/"]}]},{"@type":"ImageObject","inLanguage":"fr-FR","@id":"https:\/\/www.public.sn\/index.php\/2022\/09\/05\/mouvement-dhumeur-a-dakar-dem-dikk-les-travailleurs-remontes-contre-la-direction-generale\/#primaryimage","url":"https:\/\/www.public.sn\/wp-content\/uploads\/2022\/09\/13E410A9-F59A-437E-8C3F-0D3EADF54F7E-scaled.jpeg","contentUrl":"https:\/\/www.public.sn\/wp-content\/uploads\/2022\/09\/13E410A9-F59A-437E-8C3F-0D3EADF54F7E-scaled.jpeg","width":2560,"height":1439},{"@type":"BreadcrumbList","@id":"https:\/\/www.public.sn\/index.php\/2022\/09\/05\/mouvement-dhumeur-a-dakar-dem-dikk-les-travailleurs-remontes-contre-la-direction-generale\/#breadcrumb","itemListElement":[{"@type":"ListItem","position":1,"name":"Accueil","item":"https:\/\/www.public.sn\/"},{"@type":"ListItem","position":2,"name":"Mouvement d\u2019humeur \u00e0 Dakar Dem Dikk, les travailleurs remont\u00e9s contre la direction g\u00e9n\u00e9rale."}]},{"@type":"WebSite","@id":"https:\/\/www.public.sn\/#website","url":"https:\/\/www.public.sn\/","name":"LE PUBLIC","description":"","publisher":{"@id":"https:\/\/www.public.sn\/#organization"},"potentialAction":[{"@type":"SearchAction","target":{"@type":"EntryPoint","urlTemplate":"https:\/\/www.public.sn\/?s={search_term_string}"},"query-input":{"@type":"PropertyValueSpecification","valueRequired":true,"valueName":"search_term_string"}}],"inLanguage":"fr-FR"},{"@type":"Organization","@id":"https:\/\/www.public.sn\/#organization","name":"LE PUBLIC","url":"https:\/\/www.public.sn\/","logo":{"@type":"ImageObject","inLanguage":"fr-FR","@id":"https:\/\/www.public.sn\/#\/schema\/logo\/image\/","url":"https:\/\/www.public.sn\/wp-content\/uploads\/2024\/05\/cropped-LOGO-PUBLIC.SN_.png","contentUrl":"https:\/\/www.public.sn\/wp-content\/uploads\/2024\/05\/cropped-LOGO-PUBLIC.SN_.png","width":682,"height":192,"caption":"LE PUBLIC"},"image":{"@id":"https:\/\/www.public.sn\/#\/schema\/logo\/image\/"}},{"@type":"Person","@id":"https:\/\/www.public.sn\/#\/schema\/person\/e3f4a11b037d4203902db148f9bc8d5a","name":"LA REDACTION","image":{"@type":"ImageObject","inLanguage":"fr-FR","@id":"https:\/\/www.public.sn\/#\/schema\/person\/image\/","url":"https:\/\/secure.gravatar.com\/avatar\/d6c030db45db2883c075085c5d6c6258654a801a93766b49af0b82d4f454e2a5?s=96&d=mm&r=g","contentUrl":"https:\/\/secure.gravatar.com\/avatar\/d6c030db45db2883c075085c5d6c6258654a801a93766b49af0b82d4f454e2a5?s=96&d=mm&r=g","caption":"LA REDACTION"},"sameAs":["http:\/\/www.public.sn"],"url":"https:\/\/www.public.sn\/index.php\/author\/admin7324\/"}]}},"jetpack_featured_media_url":"https:\/\/www.public.sn\/wp-content\/uploads\/2022\/09\/13E410A9-F59A-437E-8C3F-0D3EADF54F7E-scaled.jpeg","jetpack_sharing_enabled":true,"_links":{"self":[{"href":"https:\/\/www.public.sn\/index.php\/wp-json\/wp\/v2\/posts\/1289","targetHints":{"allow":["GET"]}}],"collection":[{"href":"https:\/\/www.public.sn\/index.php\/wp-json\/wp\/v2\/posts"}],"about":[{"href":"https:\/\/www.public.sn\/index.php\/wp-json\/wp\/v2\/types\/post"}],"author":[{"embeddable":true,"href":"https:\/\/www.public.sn\/index.php\/wp-json\/wp\/v2\/users\/1"}],"replies":[{"embeddable":true,"href":"https:\/\/www.public.sn\/index.php\/wp-json\/wp\/v2\/comments?post=1289"}],"version-history":[{"count":1,"href":"https:\/\/www.public.sn\/index.php\/wp-json\/wp\/v2\/posts\/1289\/revisions"}],"predecessor-version":[{"id":1291,"href":"https:\/\/www.public.sn\/index.php\/wp-json\/wp\/v2\/posts\/1289\/revisions\/1291"}],"wp:featuredmedia":[{"embeddable":true,"href":"https:\/\/www.public.sn\/index.php\/wp-json\/wp\/v2\/media\/1290"}],"wp:attachment":[{"href":"https:\/\/www.public.sn\/index.php\/wp-json\/wp\/v2\/media?parent=1289"}],"wp:term":[{"taxonomy":"category","embeddable":true,"href":"https:\/\/www.public.sn\/index.php\/wp-json\/wp\/v2\/categories?post=1289"},{"taxonomy":"post_tag","embeddable":true,"href":"https:\/\/www.public.sn\/index.php\/wp-json\/wp\/v2\/tags?post=1289"}],"curies":[{"name":"wp","href":"https:\/\/api.w.org\/{rel}","templated":true}]}}