{"id":1292,"date":"2022-09-05T13:12:20","date_gmt":"2022-09-05T11:12:20","guid":{"rendered":"https:\/\/www.public.sn\/?p=1292"},"modified":"2022-09-05T13:12:21","modified_gmt":"2022-09-05T11:12:21","slug":"macky-sall-a-quitte-larabie-saoudite-pour-le-pays-bas","status":"publish","type":"post","link":"https:\/\/www.public.sn\/index.php\/2022\/09\/05\/macky-sall-a-quitte-larabie-saoudite-pour-le-pays-bas\/","title":{"rendered":"Macky Sall a quitt\u00e9 l\u2019Arabie saoudite pour le Pays-Bas."},"content":{"rendered":"\n<p><strong>Apr\u00e8s son s\u00e9jour en Arabie Saoudite, le Pr\u00e9sident Macky Sall est arriv\u00e9 ce dimanche aux Pays-Bas pour prendre part au sommet sur l\u2019adaptation de l\u2019Afrique aux changements climatiques.<\/strong><\/p><div class=\"publi-paragraphe1\" style=\"margin-top: 10px;margin-bottom: 10px;margin-left: auto;margin-right: auto;text-align: center;\" id=\"publi-288247246\"><div class=\"publi-adlabel\">Publicit\u00e9<\/div><script async src=\"\/\/pagead2.googlesyndication.com\/pagead\/js\/adsbygoogle.js?client=ca-pub-4089586018074219\" crossorigin=\"anonymous\"><\/script><ins class=\"adsbygoogle\" style=\"display:block;\" data-ad-client=\"ca-pub-4089586018074219\" \ndata-ad-slot=\"2087940154\" \ndata-ad-format=\"auto\"><\/ins>\n<script> \n(adsbygoogle = window.adsbygoogle || []).push({}); \n<\/script>\n<\/div>\n\n\n\n<p>Le pr\u00e9sident de la R\u00e9publique Macky Sall prend part au sommet sur l\u2019adaptation de l\u2019Afrique aux changements climatiques qui s\u2019ouvre, ce lundi, \u00e0 Rotterdam, en pr\u00e9sence de plusieurs leaders des grandes puissances du monde.<\/p>\n\n\n\n<p>Selon une note de la pr\u00e9sidence de la R\u00e9publique, les r\u00e9centes catastrophes naturelles not\u00e9es aux quatre coins de la plan\u00e8te montrent l\u2019urgence d\u2019agir pour faire face \u00e0 ce ph\u00e9nom\u00e8ne qui n\u2019\u00e9pargne pas le S\u00e9n\u00e9gal.<\/p>\n<div class=\"publi-apres-le-contenu\" style=\"margin-top: 10px;margin-bottom: 10px;margin-left: auto;margin-right: auto;text-align: center;\" id=\"publi-49844869\"><div class=\"publi-adlabel\">Publicit\u00e9<\/div><script async src=\"\/\/pagead2.googlesyndication.com\/pagead\/js\/adsbygoogle.js?client=ca-pub-4089586018074219\" crossorigin=\"anonymous\"><\/script><ins class=\"adsbygoogle\" style=\"display:block;\" data-ad-client=\"ca-pub-4089586018074219\" \ndata-ad-slot=\"2087940154\" \ndata-ad-format=\"auto\"><\/ins>\n<script> \n(adsbygoogle = window.adsbygoogle || []).push({}); \n<\/script>\n<\/div>","protected":false},"excerpt":{"rendered":"<p>Apr\u00e8s son s\u00e9jour en Arabie Saoudite, le Pr\u00e9sident Macky Sall est arriv\u00e9 ce dimanche aux Pays-Bas pour prendre part au sommet sur l\u2019adaptation de l\u2019Afrique aux changements climatiques. Le pr\u00e9sident de la R\u00e9publique Macky Sall prend part au sommet sur l\u2019adaptation de l\u2019Afrique aux changements climatiques qui s\u2019ouvre, ce lundi, \u00e0 Rotterdam, en pr\u00e9sence de plusieurs leaders des grandes puissances du monde. Selon une note de la pr\u00e9sidence de la R\u00e9publique, les r\u00e9centes catastrophes naturelles not\u00e9es aux quatre coins de la plan\u00e8te montrent l\u2019urgence d\u2019agir pour faire face \u00e0 ce ph\u00e9nom\u00e8ne qui n\u2019\u00e9pargne pas le S\u00e9n\u00e9gal.<\/p>\n","protected":false},"author":1,"featured_media":1293,"comment_status":"open","ping_status":"open","sticky":false,"template":"","format":"standard","meta":{"_jetpack_memberships_contains_paid_content":false,"footnotes":""},"categories":[375,9,3],"tags":[542,11,540,539,541],"class_list":["post-1292","post","type-post","status-publish","format-standard","has-post-thumbnail","hentry","category-actualites","category-communique","category-politique","tag-degats","tag-macky-sall","tag-mecque","tag-pays-bas","tag-rechauffement-climatique","entry","has-media","owp-thumbs-layout-horizontal","owp-btn-normal","owp-tabs-layout-horizontal","has-no-thumbnails","has-product-nav"],"yoast_head":"<!-- This site is optimized with the Yoast SEO plugin v25.5 - https:\/\/yoast.com\/wordpress\/plugins\/seo\/ -->\n<title>Macky Sall a quitt\u00e9 l\u2019Arabie saoudite pour le Pays-Bas. - LE PUBLIC<\/title>\n<meta name=\"robots\" content=\"index, follow, max-snippet:-1, max-image-preview:large, max-video-preview:-1\" \/>\n<link rel=\"canonical\" href=\"https:\/\/www.public.sn\/index.php\/2022\/09\/05\/macky-sall-a-quitte-larabie-saoudite-pour-le-pays-bas\/\" \/>\n<meta property=\"og:locale\" content=\"fr_FR\" \/>\n<meta property=\"og:type\" content=\"article\" \/>\n<meta property=\"og:title\" content=\"Macky Sall a quitt\u00e9 l\u2019Arabie saoudite pour le Pays-Bas. - LE PUBLIC\" \/>\n<meta property=\"og:description\" content=\"Apr\u00e8s son s\u00e9jour en Arabie Saoudite, le Pr\u00e9sident Macky Sall est arriv\u00e9 ce dimanche aux Pays-Bas pour prendre part au sommet sur l\u2019adaptation de l\u2019Afrique aux changements climatiques. Le pr\u00e9sident de la R\u00e9publique Macky Sall prend part au sommet sur l\u2019adaptation de l\u2019Afrique aux changements climatiques qui s\u2019ouvre, ce lundi, \u00e0 Rotterdam, en pr\u00e9sence de plusieurs leaders des grandes puissances du monde. Selon une note de la pr\u00e9sidence de la R\u00e9publique, les r\u00e9centes catastrophes naturelles not\u00e9es aux quatre coins de la plan\u00e8te montrent l\u2019urgence d\u2019agir pour faire face \u00e0 ce ph\u00e9nom\u00e8ne qui n\u2019\u00e9pargne pas le S\u00e9n\u00e9gal.\" \/>\n<meta property=\"og:url\" content=\"https:\/\/www.public.sn\/index.php\/2022\/09\/05\/macky-sall-a-quitte-larabie-saoudite-pour-le-pays-bas\/\" \/>\n<meta property=\"og:site_name\" content=\"LE PUBLIC\" \/>\n<meta property=\"article:published_time\" content=\"2022-09-05T11:12:20+00:00\" \/>\n<meta property=\"article:modified_time\" content=\"2022-09-05T11:12:21+00:00\" \/>\n<meta property=\"og:image\" content=\"https:\/\/www.public.sn\/wp-content\/uploads\/2022\/09\/7DE81F4A-32F7-44DC-AB72-3E2E8C0FEDD7.jpeg\" \/>\n\t<meta property=\"og:image:width\" content=\"1024\" \/>\n\t<meta property=\"og:image:height\" content=\"664\" \/>\n\t<meta property=\"og:image:type\" content=\"image\/jpeg\" \/>\n<meta name=\"author\" content=\"LA REDACTION\" \/>\n<meta name=\"twitter:card\" content=\"summary_large_image\" \/>\n<meta name=\"twitter:label1\" content=\"\u00c9crit par\" \/>\n\t<meta name=\"twitter:data1\" content=\"LA REDACTION\" \/>\n\t<meta name=\"twitter:label2\" content=\"Dur\u00e9e de lecture estim\u00e9e\" \/>\n\t<meta name=\"twitter:data2\" content=\"1 minute\" \/>\n<script type=\"application\/ld+json\" class=\"yoast-schema-graph\">{\"@context\":\"https:\/\/schema.org\",\"@graph\":[{\"@type\":\"Article\",\"@id\":\"https:\/\/www.public.sn\/index.php\/2022\/09\/05\/macky-sall-a-quitte-larabie-saoudite-pour-le-pays-bas\/#article\",\"isPartOf\":{\"@id\":\"https:\/\/www.public.sn\/index.php\/2022\/09\/05\/macky-sall-a-quitte-larabie-saoudite-pour-le-pays-bas\/\"},\"author\":{\"name\":\"LA REDACTION\",\"@id\":\"https:\/\/www.public.sn\/#\/schema\/person\/e3f4a11b037d4203902db148f9bc8d5a\"},\"headline\":\"Macky Sall a quitt\u00e9 l\u2019Arabie saoudite pour le Pays-Bas.\",\"datePublished\":\"2022-09-05T11:12:20+00:00\",\"dateModified\":\"2022-09-05T11:12:21+00:00\",\"mainEntityOfPage\":{\"@id\":\"https:\/\/www.public.sn\/index.php\/2022\/09\/05\/macky-sall-a-quitte-larabie-saoudite-pour-le-pays-bas\/\"},\"wordCount\":127,\"commentCount\":0,\"publisher\":{\"@id\":\"https:\/\/www.public.sn\/#organization\"},\"image\":{\"@id\":\"https:\/\/www.public.sn\/index.php\/2022\/09\/05\/macky-sall-a-quitte-larabie-saoudite-pour-le-pays-bas\/#primaryimage\"},\"thumbnailUrl\":\"https:\/\/www.public.sn\/wp-content\/uploads\/2022\/09\/7DE81F4A-32F7-44DC-AB72-3E2E8C0FEDD7.jpeg\",\"keywords\":[\"D\u00e9gats\",\"Macky Sall\",\"Mecque\",\"Pays-Bas\",\"R\u00e9chauffement climatique\"],\"articleSection\":[\"ACTUALIT\u00c9S\",\"COMMUNIQU\u00c9\",\"POLITIQUE\"],\"inLanguage\":\"fr-FR\",\"potentialAction\":[{\"@type\":\"CommentAction\",\"name\":\"Comment\",\"target\":[\"https:\/\/www.public.sn\/index.php\/2022\/09\/05\/macky-sall-a-quitte-larabie-saoudite-pour-le-pays-bas\/#respond\"]}]},{\"@type\":\"WebPage\",\"@id\":\"https:\/\/www.public.sn\/index.php\/2022\/09\/05\/macky-sall-a-quitte-larabie-saoudite-pour-le-pays-bas\/\",\"url\":\"https:\/\/www.public.sn\/index.php\/2022\/09\/05\/macky-sall-a-quitte-larabie-saoudite-pour-le-pays-bas\/\",\"name\":\"Macky Sall a quitt\u00e9 l\u2019Arabie saoudite pour le Pays-Bas. - LE PUBLIC\",\"isPartOf\":{\"@id\":\"https:\/\/www.public.sn\/#website\"},\"primaryImageOfPage\":{\"@id\":\"https:\/\/www.public.sn\/index.php\/2022\/09\/05\/macky-sall-a-quitte-larabie-saoudite-pour-le-pays-bas\/#primaryimage\"},\"image\":{\"@id\":\"https:\/\/www.public.sn\/index.php\/2022\/09\/05\/macky-sall-a-quitte-larabie-saoudite-pour-le-pays-bas\/#primaryimage\"},\"thumbnailUrl\":\"https:\/\/www.public.sn\/wp-content\/uploads\/2022\/09\/7DE81F4A-32F7-44DC-AB72-3E2E8C0FEDD7.jpeg\",\"datePublished\":\"2022-09-05T11:12:20+00:00\",\"dateModified\":\"2022-09-05T11:12:21+00:00\",\"breadcrumb\":{\"@id\":\"https:\/\/www.public.sn\/index.php\/2022\/09\/05\/macky-sall-a-quitte-larabie-saoudite-pour-le-pays-bas\/#breadcrumb\"},\"inLanguage\":\"fr-FR\",\"potentialAction\":[{\"@type\":\"ReadAction\",\"target\":[\"https:\/\/www.public.sn\/index.php\/2022\/09\/05\/macky-sall-a-quitte-larabie-saoudite-pour-le-pays-bas\/\"]}]},{\"@type\":\"ImageObject\",\"inLanguage\":\"fr-FR\",\"@id\":\"https:\/\/www.public.sn\/index.php\/2022\/09\/05\/macky-sall-a-quitte-larabie-saoudite-pour-le-pays-bas\/#primaryimage\",\"url\":\"https:\/\/www.public.sn\/wp-content\/uploads\/2022\/09\/7DE81F4A-32F7-44DC-AB72-3E2E8C0FEDD7.jpeg\",\"contentUrl\":\"https:\/\/www.public.sn\/wp-content\/uploads\/2022\/09\/7DE81F4A-32F7-44DC-AB72-3E2E8C0FEDD7.jpeg\",\"width\":1024,\"height\":664},{\"@type\":\"BreadcrumbList\",\"@id\":\"https:\/\/www.public.sn\/index.php\/2022\/09\/05\/macky-sall-a-quitte-larabie-saoudite-pour-le-pays-bas\/#breadcrumb\",\"itemListElement\":[{\"@type\":\"ListItem\",\"position\":1,\"name\":\"Accueil\",\"item\":\"https:\/\/www.public.sn\/\"},{\"@type\":\"ListItem\",\"position\":2,\"name\":\"Macky Sall a quitt\u00e9 l\u2019Arabie saoudite pour le Pays-Bas.\"}]},{\"@type\":\"WebSite\",\"@id\":\"https:\/\/www.public.sn\/#website\",\"url\":\"https:\/\/www.public.sn\/\",\"name\":\"LE PUBLIC\",\"description\":\"\",\"publisher\":{\"@id\":\"https:\/\/www.public.sn\/#organization\"},\"potentialAction\":[{\"@type\":\"SearchAction\",\"target\":{\"@type\":\"EntryPoint\",\"urlTemplate\":\"https:\/\/www.public.sn\/?s={search_term_string}\"},\"query-input\":{\"@type\":\"PropertyValueSpecification\",\"valueRequired\":true,\"valueName\":\"search_term_string\"}}],\"inLanguage\":\"fr-FR\"},{\"@type\":\"Organization\",\"@id\":\"https:\/\/www.public.sn\/#organization\",\"name\":\"LE PUBLIC\",\"url\":\"https:\/\/www.public.sn\/\",\"logo\":{\"@type\":\"ImageObject\",\"inLanguage\":\"fr-FR\",\"@id\":\"https:\/\/www.public.sn\/#\/schema\/logo\/image\/\",\"url\":\"https:\/\/www.public.sn\/wp-content\/uploads\/2024\/05\/cropped-LOGO-PUBLIC.SN_.png\",\"contentUrl\":\"https:\/\/www.public.sn\/wp-content\/uploads\/2024\/05\/cropped-LOGO-PUBLIC.SN_.png\",\"width\":682,\"height\":192,\"caption\":\"LE PUBLIC\"},\"image\":{\"@id\":\"https:\/\/www.public.sn\/#\/schema\/logo\/image\/\"}},{\"@type\":\"Person\",\"@id\":\"https:\/\/www.public.sn\/#\/schema\/person\/e3f4a11b037d4203902db148f9bc8d5a\",\"name\":\"LA REDACTION\",\"image\":{\"@type\":\"ImageObject\",\"inLanguage\":\"fr-FR\",\"@id\":\"https:\/\/www.public.sn\/#\/schema\/person\/image\/\",\"url\":\"https:\/\/secure.gravatar.com\/avatar\/d6c030db45db2883c075085c5d6c6258654a801a93766b49af0b82d4f454e2a5?s=96&d=mm&r=g\",\"contentUrl\":\"https:\/\/secure.gravatar.com\/avatar\/d6c030db45db2883c075085c5d6c6258654a801a93766b49af0b82d4f454e2a5?s=96&d=mm&r=g\",\"caption\":\"LA REDACTION\"},\"sameAs\":[\"http:\/\/www.public.sn\"],\"url\":\"https:\/\/www.public.sn\/index.php\/author\/admin7324\/\"}]}<\/script>\n<!-- \/ Yoast SEO plugin. -->","yoast_head_json":{"title":"Macky Sall a quitt\u00e9 l\u2019Arabie saoudite pour le Pays-Bas. - LE PUBLIC","robots":{"index":"index","follow":"follow","max-snippet":"max-snippet:-1","max-image-preview":"max-image-preview:large","max-video-preview":"max-video-preview:-1"},"canonical":"https:\/\/www.public.sn\/index.php\/2022\/09\/05\/macky-sall-a-quitte-larabie-saoudite-pour-le-pays-bas\/","og_locale":"fr_FR","og_type":"article","og_title":"Macky Sall a quitt\u00e9 l\u2019Arabie saoudite pour le Pays-Bas. - LE PUBLIC","og_description":"Apr\u00e8s son s\u00e9jour en Arabie Saoudite, le Pr\u00e9sident Macky Sall est arriv\u00e9 ce dimanche aux Pays-Bas pour prendre part au sommet sur l\u2019adaptation de l\u2019Afrique aux changements climatiques. Le pr\u00e9sident de la R\u00e9publique Macky Sall prend part au sommet sur l\u2019adaptation de l\u2019Afrique aux changements climatiques qui s\u2019ouvre, ce lundi, \u00e0 Rotterdam, en pr\u00e9sence de plusieurs leaders des grandes puissances du monde. Selon une note de la pr\u00e9sidence de la R\u00e9publique, les r\u00e9centes catastrophes naturelles not\u00e9es aux quatre coins de la plan\u00e8te montrent l\u2019urgence d\u2019agir pour faire face \u00e0 ce ph\u00e9nom\u00e8ne qui n\u2019\u00e9pargne pas le S\u00e9n\u00e9gal.","og_url":"https:\/\/www.public.sn\/index.php\/2022\/09\/05\/macky-sall-a-quitte-larabie-saoudite-pour-le-pays-bas\/","og_site_name":"LE PUBLIC","article_published_time":"2022-09-05T11:12:20+00:00","article_modified_time":"2022-09-05T11:12:21+00:00","og_image":[{"width":1024,"height":664,"url":"https:\/\/www.public.sn\/wp-content\/uploads\/2022\/09\/7DE81F4A-32F7-44DC-AB72-3E2E8C0FEDD7.jpeg","type":"image\/jpeg"}],"author":"LA REDACTION","twitter_card":"summary_large_image","twitter_misc":{"\u00c9crit par":"LA REDACTION","Dur\u00e9e de lecture estim\u00e9e":"1 minute"},"schema":{"@context":"https:\/\/schema.org","@graph":[{"@type":"Article","@id":"https:\/\/www.public.sn\/index.php\/2022\/09\/05\/macky-sall-a-quitte-larabie-saoudite-pour-le-pays-bas\/#article","isPartOf":{"@id":"https:\/\/www.public.sn\/index.php\/2022\/09\/05\/macky-sall-a-quitte-larabie-saoudite-pour-le-pays-bas\/"},"author":{"name":"LA REDACTION","@id":"https:\/\/www.public.sn\/#\/schema\/person\/e3f4a11b037d4203902db148f9bc8d5a"},"headline":"Macky Sall a quitt\u00e9 l\u2019Arabie saoudite pour le Pays-Bas.","datePublished":"2022-09-05T11:12:20+00:00","dateModified":"2022-09-05T11:12:21+00:00","mainEntityOfPage":{"@id":"https:\/\/www.public.sn\/index.php\/2022\/09\/05\/macky-sall-a-quitte-larabie-saoudite-pour-le-pays-bas\/"},"wordCount":127,"commentCount":0,"publisher":{"@id":"https:\/\/www.public.sn\/#organization"},"image":{"@id":"https:\/\/www.public.sn\/index.php\/2022\/09\/05\/macky-sall-a-quitte-larabie-saoudite-pour-le-pays-bas\/#primaryimage"},"thumbnailUrl":"https:\/\/www.public.sn\/wp-content\/uploads\/2022\/09\/7DE81F4A-32F7-44DC-AB72-3E2E8C0FEDD7.jpeg","keywords":["D\u00e9gats","Macky Sall","Mecque","Pays-Bas","R\u00e9chauffement climatique"],"articleSection":["ACTUALIT\u00c9S","COMMUNIQU\u00c9","POLITIQUE"],"inLanguage":"fr-FR","potentialAction":[{"@type":"CommentAction","name":"Comment","target":["https:\/\/www.public.sn\/index.php\/2022\/09\/05\/macky-sall-a-quitte-larabie-saoudite-pour-le-pays-bas\/#respond"]}]},{"@type":"WebPage","@id":"https:\/\/www.public.sn\/index.php\/2022\/09\/05\/macky-sall-a-quitte-larabie-saoudite-pour-le-pays-bas\/","url":"https:\/\/www.public.sn\/index.php\/2022\/09\/05\/macky-sall-a-quitte-larabie-saoudite-pour-le-pays-bas\/","name":"Macky Sall a quitt\u00e9 l\u2019Arabie saoudite pour le Pays-Bas. - LE PUBLIC","isPartOf":{"@id":"https:\/\/www.public.sn\/#website"},"primaryImageOfPage":{"@id":"https:\/\/www.public.sn\/index.php\/2022\/09\/05\/macky-sall-a-quitte-larabie-saoudite-pour-le-pays-bas\/#primaryimage"},"image":{"@id":"https:\/\/www.public.sn\/index.php\/2022\/09\/05\/macky-sall-a-quitte-larabie-saoudite-pour-le-pays-bas\/#primaryimage"},"thumbnailUrl":"https:\/\/www.public.sn\/wp-content\/uploads\/2022\/09\/7DE81F4A-32F7-44DC-AB72-3E2E8C0FEDD7.jpeg","datePublished":"2022-09-05T11:12:20+00:00","dateModified":"2022-09-05T11:12:21+00:00","breadcrumb":{"@id":"https:\/\/www.public.sn\/index.php\/2022\/09\/05\/macky-sall-a-quitte-larabie-saoudite-pour-le-pays-bas\/#breadcrumb"},"inLanguage":"fr-FR","potentialAction":[{"@type":"ReadAction","target":["https:\/\/www.public.sn\/index.php\/2022\/09\/05\/macky-sall-a-quitte-larabie-saoudite-pour-le-pays-bas\/"]}]},{"@type":"ImageObject","inLanguage":"fr-FR","@id":"https:\/\/www.public.sn\/index.php\/2022\/09\/05\/macky-sall-a-quitte-larabie-saoudite-pour-le-pays-bas\/#primaryimage","url":"https:\/\/www.public.sn\/wp-content\/uploads\/2022\/09\/7DE81F4A-32F7-44DC-AB72-3E2E8C0FEDD7.jpeg","contentUrl":"https:\/\/www.public.sn\/wp-content\/uploads\/2022\/09\/7DE81F4A-32F7-44DC-AB72-3E2E8C0FEDD7.jpeg","width":1024,"height":664},{"@type":"BreadcrumbList","@id":"https:\/\/www.public.sn\/index.php\/2022\/09\/05\/macky-sall-a-quitte-larabie-saoudite-pour-le-pays-bas\/#breadcrumb","itemListElement":[{"@type":"ListItem","position":1,"name":"Accueil","item":"https:\/\/www.public.sn\/"},{"@type":"ListItem","position":2,"name":"Macky Sall a quitt\u00e9 l\u2019Arabie saoudite pour le Pays-Bas."}]},{"@type":"WebSite","@id":"https:\/\/www.public.sn\/#website","url":"https:\/\/www.public.sn\/","name":"LE PUBLIC","description":"","publisher":{"@id":"https:\/\/www.public.sn\/#organization"},"potentialAction":[{"@type":"SearchAction","target":{"@type":"EntryPoint","urlTemplate":"https:\/\/www.public.sn\/?s={search_term_string}"},"query-input":{"@type":"PropertyValueSpecification","valueRequired":true,"valueName":"search_term_string"}}],"inLanguage":"fr-FR"},{"@type":"Organization","@id":"https:\/\/www.public.sn\/#organization","name":"LE PUBLIC","url":"https:\/\/www.public.sn\/","logo":{"@type":"ImageObject","inLanguage":"fr-FR","@id":"https:\/\/www.public.sn\/#\/schema\/logo\/image\/","url":"https:\/\/www.public.sn\/wp-content\/uploads\/2024\/05\/cropped-LOGO-PUBLIC.SN_.png","contentUrl":"https:\/\/www.public.sn\/wp-content\/uploads\/2024\/05\/cropped-LOGO-PUBLIC.SN_.png","width":682,"height":192,"caption":"LE PUBLIC"},"image":{"@id":"https:\/\/www.public.sn\/#\/schema\/logo\/image\/"}},{"@type":"Person","@id":"https:\/\/www.public.sn\/#\/schema\/person\/e3f4a11b037d4203902db148f9bc8d5a","name":"LA REDACTION","image":{"@type":"ImageObject","inLanguage":"fr-FR","@id":"https:\/\/www.public.sn\/#\/schema\/person\/image\/","url":"https:\/\/secure.gravatar.com\/avatar\/d6c030db45db2883c075085c5d6c6258654a801a93766b49af0b82d4f454e2a5?s=96&d=mm&r=g","contentUrl":"https:\/\/secure.gravatar.com\/avatar\/d6c030db45db2883c075085c5d6c6258654a801a93766b49af0b82d4f454e2a5?s=96&d=mm&r=g","caption":"LA REDACTION"},"sameAs":["http:\/\/www.public.sn"],"url":"https:\/\/www.public.sn\/index.php\/author\/admin7324\/"}]}},"jetpack_featured_media_url":"https:\/\/www.public.sn\/wp-content\/uploads\/2022\/09\/7DE81F4A-32F7-44DC-AB72-3E2E8C0FEDD7.jpeg","jetpack_sharing_enabled":true,"_links":{"self":[{"href":"https:\/\/www.public.sn\/index.php\/wp-json\/wp\/v2\/posts\/1292","targetHints":{"allow":["GET"]}}],"collection":[{"href":"https:\/\/www.public.sn\/index.php\/wp-json\/wp\/v2\/posts"}],"about":[{"href":"https:\/\/www.public.sn\/index.php\/wp-json\/wp\/v2\/types\/post"}],"author":[{"embeddable":true,"href":"https:\/\/www.public.sn\/index.php\/wp-json\/wp\/v2\/users\/1"}],"replies":[{"embeddable":true,"href":"https:\/\/www.public.sn\/index.php\/wp-json\/wp\/v2\/comments?post=1292"}],"version-history":[{"count":1,"href":"https:\/\/www.public.sn\/index.php\/wp-json\/wp\/v2\/posts\/1292\/revisions"}],"predecessor-version":[{"id":1294,"href":"https:\/\/www.public.sn\/index.php\/wp-json\/wp\/v2\/posts\/1292\/revisions\/1294"}],"wp:featuredmedia":[{"embeddable":true,"href":"https:\/\/www.public.sn\/index.php\/wp-json\/wp\/v2\/media\/1293"}],"wp:attachment":[{"href":"https:\/\/www.public.sn\/index.php\/wp-json\/wp\/v2\/media?parent=1292"}],"wp:term":[{"taxonomy":"category","embeddable":true,"href":"https:\/\/www.public.sn\/index.php\/wp-json\/wp\/v2\/categories?post=1292"},{"taxonomy":"post_tag","embeddable":true,"href":"https:\/\/www.public.sn\/index.php\/wp-json\/wp\/v2\/tags?post=1292"}],"curies":[{"name":"wp","href":"https:\/\/api.w.org\/{rel}","templated":true}]}}