{"id":13019,"date":"2022-12-29T07:36:02","date_gmt":"2022-12-29T07:36:02","guid":{"rendered":"https:\/\/www.public.sn\/?p=13019"},"modified":"2022-12-29T07:36:02","modified_gmt":"2022-12-29T07:36:02","slug":"enieme-rebondissement-dans-laffaire-sweet-beauty","status":"publish","type":"post","link":"https:\/\/www.public.sn\/index.php\/2022\/12\/29\/enieme-rebondissement-dans-laffaire-sweet-beauty\/","title":{"rendered":"Eni\u00e8me rebondissement dans l&rsquo;affaire Sweet Beauty"},"content":{"rendered":"<p>Sur la base des d\u00e9clarations et audios de <a href=\"https:\/\/www.public.sn\/index.php\/2022\/12\/23\/audios-de-mc-niasse-les-moqueries-dansantes-de-adji-sarr-contre-son-marabout\/\">Mc NIASS<\/a>,\u00a0 des t\u00e9moignages, interviews et autres preuves du docteur Alphousseyni Gaye,\u00a0 des r\u00e9quisitions sur les t\u00e9l\u00e9phones de Adji Sarr et de Sidy Ahmed Mbaye sur la base du rapport interne de la gendarmerie, les avocats du Pr\u00e9sident Ousmane Sonko ont d\u00e9pos\u00e9, hier, une plainte avec constitution de partie civile aupr\u00e8s du doyen des juges Oumar Makham Diallo contre les nomm\u00e9s Mamadou Mamour DIALLO, Sidy Ahmed MBAYE, Viviane WADE, Adji SARR, le chauffeur non encore identifi\u00e9, et X.<\/p><div class=\"publi-paragraphe1\" style=\"margin-top: 10px;margin-bottom: 10px;margin-left: auto;margin-right: auto;text-align: center;\" id=\"publi-3657426091\"><div class=\"publi-adlabel\">Publicit\u00e9<\/div><script async src=\"\/\/pagead2.googlesyndication.com\/pagead\/js\/adsbygoogle.js?client=ca-pub-4089586018074219\" crossorigin=\"anonymous\"><\/script><ins class=\"adsbygoogle\" style=\"display:block;\" data-ad-client=\"ca-pub-4089586018074219\" \ndata-ad-slot=\"2087940154\" \ndata-ad-format=\"auto\"><\/ins>\n<script> \n(adsbygoogle = window.adsbygoogle || []).push({}); \n<\/script>\n<\/div>\n<p>Les \u00e9l\u00e9ments ci-dessus list\u00e9s ont r\u00e9v\u00e9l\u00e9 une connexion ayant eu pour but de perp\u00e9trer un ou plusieurs crimes ou d\u00e9lits contre la paix publique en vue d\u2019obtenir de la justice des faveurs, avantages ou obligations, qu\u2019ils savaient indus. Les chefs vis\u00e9s dans la plainte sont : le d\u00e9lit d\u2019association de malfaiteurs, tentative d\u2019escroquerie \u00e0 jugement, l\u2019atteinte \u00e0 l\u2019administration de la justice et la tentative de corruption active.<\/p>\n<p>Une autre plainte sera d\u00e9pos\u00e9e demain aupr\u00e8s du Parquet g\u00e9n\u00e9ral contre Maitre Papa Samba SO dit Gaby qui, du fait de son statut d\u2019avocat, b\u00e9n\u00e9ficie d\u2019un privil\u00e8ge de proc\u00e9dure et de juridiction. Pour rappel tout ce petit monde vis\u00e9 par les plaintes du leader de Pastef est accus\u00e9 d\u2019avoir particip\u00e9 d\u2019une mani\u00e8re directe ou indirecte dans un vaste complot contre Ousmane Sonko.<\/p>\n<div class=\"publi-apres-le-contenu\" style=\"margin-top: 10px;margin-bottom: 10px;margin-left: auto;margin-right: auto;text-align: center;\" id=\"publi-2423589039\"><div class=\"publi-adlabel\">Publicit\u00e9<\/div><script async src=\"\/\/pagead2.googlesyndication.com\/pagead\/js\/adsbygoogle.js?client=ca-pub-4089586018074219\" crossorigin=\"anonymous\"><\/script><ins class=\"adsbygoogle\" style=\"display:block;\" data-ad-client=\"ca-pub-4089586018074219\" \ndata-ad-slot=\"2087940154\" \ndata-ad-format=\"auto\"><\/ins>\n<script> \n(adsbygoogle = window.adsbygoogle || []).push({}); \n<\/script>\n<\/div>","protected":false},"excerpt":{"rendered":"<p>Sur la base des d\u00e9clarations et audios de Mc NIASS,\u00a0 des t\u00e9moignages, interviews et autres preuves du docteur Alphousseyni Gaye,\u00a0 des r\u00e9quisitions sur les t\u00e9l\u00e9phones de Adji Sarr et de Sidy Ahmed Mbaye sur la base du rapport interne de la gendarmerie, les avocats du Pr\u00e9sident Ousmane Sonko ont d\u00e9pos\u00e9, hier, une plainte avec constitution de partie civile aupr\u00e8s du doyen des juges Oumar Makham Diallo contre les nomm\u00e9s Mamadou Mamour DIALLO, Sidy Ahmed MBAYE, Viviane WADE, Adji SARR, le chauffeur non encore identifi\u00e9, et X. Les \u00e9l\u00e9ments ci-dessus list\u00e9s ont r\u00e9v\u00e9l\u00e9 une connexion ayant eu pour but de perp\u00e9trer un ou plusieurs crimes ou d\u00e9lits contre la paix publique en vue d\u2019obtenir de la justice des faveurs, avantages ou obligations, qu\u2019ils savaient indus. Les chefs vis\u00e9s dans la plainte sont : le d\u00e9lit d\u2019association de malfaiteurs, tentative d\u2019escroquerie \u00e0 jugement, l\u2019atteinte \u00e0 l\u2019administration de la justice et la tentative de corruption active. Une autre plainte sera d\u00e9pos\u00e9e demain aupr\u00e8s du Parquet g\u00e9n\u00e9ral contre Maitre Papa Samba SO dit Gaby qui, du fait de son statut d\u2019avocat, b\u00e9n\u00e9ficie d\u2019un privil\u00e8ge de proc\u00e9dure et de juridiction. Pour rappel tout ce petit monde vis\u00e9 par les plaintes du leader de Pastef est accus\u00e9 d\u2019avoir particip\u00e9 d\u2019une mani\u00e8re directe ou indirecte dans un vaste complot contre Ousmane Sonko.<\/p>\n","protected":false},"author":1,"featured_media":12766,"comment_status":"open","ping_status":"open","sticky":false,"template":"","format":"standard","meta":{"_jetpack_memberships_contains_paid_content":false,"footnotes":""},"categories":[375,3724,1,4,372],"tags":[],"class_list":["post-13019","post","type-post","status-publish","format-standard","has-post-thumbnail","hentry","category-actualites","category-justice","category-non-classe","category-societe","category-vedette","entry","has-media","owp-thumbs-layout-horizontal","owp-btn-normal","owp-tabs-layout-horizontal","has-no-thumbnails","has-product-nav"],"yoast_head":"<!-- This site is optimized with the Yoast SEO plugin v25.5 - https:\/\/yoast.com\/wordpress\/plugins\/seo\/ -->\n<title>Eni\u00e8me rebondissement dans l&#039;affaire Sweet Beauty - LE PUBLIC<\/title>\n<meta name=\"robots\" content=\"index, follow, max-snippet:-1, max-image-preview:large, max-video-preview:-1\" \/>\n<link rel=\"canonical\" href=\"https:\/\/www.public.sn\/index.php\/2022\/12\/29\/enieme-rebondissement-dans-laffaire-sweet-beauty\/\" \/>\n<meta property=\"og:locale\" content=\"fr_FR\" \/>\n<meta property=\"og:type\" content=\"article\" \/>\n<meta property=\"og:title\" content=\"Eni\u00e8me rebondissement dans l&#039;affaire Sweet Beauty - LE PUBLIC\" \/>\n<meta property=\"og:description\" content=\"Sur la base des d\u00e9clarations et audios de Mc NIASS,\u00a0 des t\u00e9moignages, interviews et autres preuves du docteur Alphousseyni Gaye,\u00a0 des r\u00e9quisitions sur les t\u00e9l\u00e9phones de Adji Sarr et de Sidy Ahmed Mbaye sur la base du rapport interne de la gendarmerie, les avocats du Pr\u00e9sident Ousmane Sonko ont d\u00e9pos\u00e9, hier, une plainte avec constitution de partie civile aupr\u00e8s du doyen des juges Oumar Makham Diallo contre les nomm\u00e9s Mamadou Mamour DIALLO, Sidy Ahmed MBAYE, Viviane WADE, Adji SARR, le chauffeur non encore identifi\u00e9, et X. Les \u00e9l\u00e9ments ci-dessus list\u00e9s ont r\u00e9v\u00e9l\u00e9 une connexion ayant eu pour but de perp\u00e9trer un ou plusieurs crimes ou d\u00e9lits contre la paix publique en vue d\u2019obtenir de la justice des faveurs, avantages ou obligations, qu\u2019ils savaient indus. Les chefs vis\u00e9s dans la plainte sont : le d\u00e9lit d\u2019association de malfaiteurs, tentative d\u2019escroquerie \u00e0 jugement, l\u2019atteinte \u00e0 l\u2019administration de la justice et la tentative de corruption active. Une autre plainte sera d\u00e9pos\u00e9e demain aupr\u00e8s du Parquet g\u00e9n\u00e9ral contre Maitre Papa Samba SO dit Gaby qui, du fait de son statut d\u2019avocat, b\u00e9n\u00e9ficie d\u2019un privil\u00e8ge de proc\u00e9dure et de juridiction. Pour rappel tout ce petit monde vis\u00e9 par les plaintes du leader de Pastef est accus\u00e9 d\u2019avoir particip\u00e9 d\u2019une mani\u00e8re directe ou indirecte dans un vaste complot contre Ousmane Sonko.\" \/>\n<meta property=\"og:url\" content=\"https:\/\/www.public.sn\/index.php\/2022\/12\/29\/enieme-rebondissement-dans-laffaire-sweet-beauty\/\" \/>\n<meta property=\"og:site_name\" content=\"LE PUBLIC\" \/>\n<meta property=\"article:published_time\" content=\"2022-12-29T07:36:02+00:00\" \/>\n<meta property=\"og:image\" content=\"https:\/\/www.public.sn\/wp-content\/uploads\/2022\/12\/sonko-2.jpg\" \/>\n\t<meta property=\"og:image:width\" content=\"1250\" \/>\n\t<meta property=\"og:image:height\" content=\"625\" \/>\n\t<meta property=\"og:image:type\" content=\"image\/jpeg\" \/>\n<meta name=\"author\" content=\"LA REDACTION\" \/>\n<meta name=\"twitter:card\" content=\"summary_large_image\" \/>\n<meta name=\"twitter:label1\" content=\"\u00c9crit par\" \/>\n\t<meta name=\"twitter:data1\" content=\"LA REDACTION\" \/>\n\t<meta name=\"twitter:label2\" content=\"Dur\u00e9e de lecture estim\u00e9e\" \/>\n\t<meta name=\"twitter:data2\" content=\"2 minutes\" \/>\n<script type=\"application\/ld+json\" class=\"yoast-schema-graph\">{\"@context\":\"https:\/\/schema.org\",\"@graph\":[{\"@type\":\"Article\",\"@id\":\"https:\/\/www.public.sn\/index.php\/2022\/12\/29\/enieme-rebondissement-dans-laffaire-sweet-beauty\/#article\",\"isPartOf\":{\"@id\":\"https:\/\/www.public.sn\/index.php\/2022\/12\/29\/enieme-rebondissement-dans-laffaire-sweet-beauty\/\"},\"author\":{\"name\":\"LA REDACTION\",\"@id\":\"https:\/\/www.public.sn\/#\/schema\/person\/e3f4a11b037d4203902db148f9bc8d5a\"},\"headline\":\"Eni\u00e8me rebondissement dans l&rsquo;affaire Sweet Beauty\",\"datePublished\":\"2022-12-29T07:36:02+00:00\",\"mainEntityOfPage\":{\"@id\":\"https:\/\/www.public.sn\/index.php\/2022\/12\/29\/enieme-rebondissement-dans-laffaire-sweet-beauty\/\"},\"wordCount\":256,\"commentCount\":0,\"publisher\":{\"@id\":\"https:\/\/www.public.sn\/#organization\"},\"image\":{\"@id\":\"https:\/\/www.public.sn\/index.php\/2022\/12\/29\/enieme-rebondissement-dans-laffaire-sweet-beauty\/#primaryimage\"},\"thumbnailUrl\":\"https:\/\/www.public.sn\/wp-content\/uploads\/2022\/12\/sonko-2.jpg\",\"articleSection\":[\"ACTUALIT\u00c9S\",\"justice\",\"S\u00c9N\u00c9GAL\",\"SOCIETE\",\"VEDETTE\"],\"inLanguage\":\"fr-FR\",\"potentialAction\":[{\"@type\":\"CommentAction\",\"name\":\"Comment\",\"target\":[\"https:\/\/www.public.sn\/index.php\/2022\/12\/29\/enieme-rebondissement-dans-laffaire-sweet-beauty\/#respond\"]}]},{\"@type\":\"WebPage\",\"@id\":\"https:\/\/www.public.sn\/index.php\/2022\/12\/29\/enieme-rebondissement-dans-laffaire-sweet-beauty\/\",\"url\":\"https:\/\/www.public.sn\/index.php\/2022\/12\/29\/enieme-rebondissement-dans-laffaire-sweet-beauty\/\",\"name\":\"Eni\u00e8me rebondissement dans l'affaire Sweet Beauty - LE PUBLIC\",\"isPartOf\":{\"@id\":\"https:\/\/www.public.sn\/#website\"},\"primaryImageOfPage\":{\"@id\":\"https:\/\/www.public.sn\/index.php\/2022\/12\/29\/enieme-rebondissement-dans-laffaire-sweet-beauty\/#primaryimage\"},\"image\":{\"@id\":\"https:\/\/www.public.sn\/index.php\/2022\/12\/29\/enieme-rebondissement-dans-laffaire-sweet-beauty\/#primaryimage\"},\"thumbnailUrl\":\"https:\/\/www.public.sn\/wp-content\/uploads\/2022\/12\/sonko-2.jpg\",\"datePublished\":\"2022-12-29T07:36:02+00:00\",\"breadcrumb\":{\"@id\":\"https:\/\/www.public.sn\/index.php\/2022\/12\/29\/enieme-rebondissement-dans-laffaire-sweet-beauty\/#breadcrumb\"},\"inLanguage\":\"fr-FR\",\"potentialAction\":[{\"@type\":\"ReadAction\",\"target\":[\"https:\/\/www.public.sn\/index.php\/2022\/12\/29\/enieme-rebondissement-dans-laffaire-sweet-beauty\/\"]}]},{\"@type\":\"ImageObject\",\"inLanguage\":\"fr-FR\",\"@id\":\"https:\/\/www.public.sn\/index.php\/2022\/12\/29\/enieme-rebondissement-dans-laffaire-sweet-beauty\/#primaryimage\",\"url\":\"https:\/\/www.public.sn\/wp-content\/uploads\/2022\/12\/sonko-2.jpg\",\"contentUrl\":\"https:\/\/www.public.sn\/wp-content\/uploads\/2022\/12\/sonko-2.jpg\",\"width\":1250,\"height\":625},{\"@type\":\"BreadcrumbList\",\"@id\":\"https:\/\/www.public.sn\/index.php\/2022\/12\/29\/enieme-rebondissement-dans-laffaire-sweet-beauty\/#breadcrumb\",\"itemListElement\":[{\"@type\":\"ListItem\",\"position\":1,\"name\":\"Accueil\",\"item\":\"https:\/\/www.public.sn\/\"},{\"@type\":\"ListItem\",\"position\":2,\"name\":\"Eni\u00e8me rebondissement dans l&rsquo;affaire Sweet Beauty\"}]},{\"@type\":\"WebSite\",\"@id\":\"https:\/\/www.public.sn\/#website\",\"url\":\"https:\/\/www.public.sn\/\",\"name\":\"LE PUBLIC\",\"description\":\"\",\"publisher\":{\"@id\":\"https:\/\/www.public.sn\/#organization\"},\"potentialAction\":[{\"@type\":\"SearchAction\",\"target\":{\"@type\":\"EntryPoint\",\"urlTemplate\":\"https:\/\/www.public.sn\/?s={search_term_string}\"},\"query-input\":{\"@type\":\"PropertyValueSpecification\",\"valueRequired\":true,\"valueName\":\"search_term_string\"}}],\"inLanguage\":\"fr-FR\"},{\"@type\":\"Organization\",\"@id\":\"https:\/\/www.public.sn\/#organization\",\"name\":\"LE PUBLIC\",\"url\":\"https:\/\/www.public.sn\/\",\"logo\":{\"@type\":\"ImageObject\",\"inLanguage\":\"fr-FR\",\"@id\":\"https:\/\/www.public.sn\/#\/schema\/logo\/image\/\",\"url\":\"https:\/\/www.public.sn\/wp-content\/uploads\/2024\/05\/cropped-LOGO-PUBLIC.SN_.png\",\"contentUrl\":\"https:\/\/www.public.sn\/wp-content\/uploads\/2024\/05\/cropped-LOGO-PUBLIC.SN_.png\",\"width\":682,\"height\":192,\"caption\":\"LE PUBLIC\"},\"image\":{\"@id\":\"https:\/\/www.public.sn\/#\/schema\/logo\/image\/\"}},{\"@type\":\"Person\",\"@id\":\"https:\/\/www.public.sn\/#\/schema\/person\/e3f4a11b037d4203902db148f9bc8d5a\",\"name\":\"LA REDACTION\",\"image\":{\"@type\":\"ImageObject\",\"inLanguage\":\"fr-FR\",\"@id\":\"https:\/\/www.public.sn\/#\/schema\/person\/image\/\",\"url\":\"https:\/\/secure.gravatar.com\/avatar\/d6c030db45db2883c075085c5d6c6258654a801a93766b49af0b82d4f454e2a5?s=96&d=mm&r=g\",\"contentUrl\":\"https:\/\/secure.gravatar.com\/avatar\/d6c030db45db2883c075085c5d6c6258654a801a93766b49af0b82d4f454e2a5?s=96&d=mm&r=g\",\"caption\":\"LA REDACTION\"},\"sameAs\":[\"http:\/\/www.public.sn\"],\"url\":\"https:\/\/www.public.sn\/index.php\/author\/admin7324\/\"}]}<\/script>\n<!-- \/ Yoast SEO plugin. -->","yoast_head_json":{"title":"Eni\u00e8me rebondissement dans l'affaire Sweet Beauty - LE PUBLIC","robots":{"index":"index","follow":"follow","max-snippet":"max-snippet:-1","max-image-preview":"max-image-preview:large","max-video-preview":"max-video-preview:-1"},"canonical":"https:\/\/www.public.sn\/index.php\/2022\/12\/29\/enieme-rebondissement-dans-laffaire-sweet-beauty\/","og_locale":"fr_FR","og_type":"article","og_title":"Eni\u00e8me rebondissement dans l'affaire Sweet Beauty - LE PUBLIC","og_description":"Sur la base des d\u00e9clarations et audios de Mc NIASS,\u00a0 des t\u00e9moignages, interviews et autres preuves du docteur Alphousseyni Gaye,\u00a0 des r\u00e9quisitions sur les t\u00e9l\u00e9phones de Adji Sarr et de Sidy Ahmed Mbaye sur la base du rapport interne de la gendarmerie, les avocats du Pr\u00e9sident Ousmane Sonko ont d\u00e9pos\u00e9, hier, une plainte avec constitution de partie civile aupr\u00e8s du doyen des juges Oumar Makham Diallo contre les nomm\u00e9s Mamadou Mamour DIALLO, Sidy Ahmed MBAYE, Viviane WADE, Adji SARR, le chauffeur non encore identifi\u00e9, et X. Les \u00e9l\u00e9ments ci-dessus list\u00e9s ont r\u00e9v\u00e9l\u00e9 une connexion ayant eu pour but de perp\u00e9trer un ou plusieurs crimes ou d\u00e9lits contre la paix publique en vue d\u2019obtenir de la justice des faveurs, avantages ou obligations, qu\u2019ils savaient indus. Les chefs vis\u00e9s dans la plainte sont : le d\u00e9lit d\u2019association de malfaiteurs, tentative d\u2019escroquerie \u00e0 jugement, l\u2019atteinte \u00e0 l\u2019administration de la justice et la tentative de corruption active. Une autre plainte sera d\u00e9pos\u00e9e demain aupr\u00e8s du Parquet g\u00e9n\u00e9ral contre Maitre Papa Samba SO dit Gaby qui, du fait de son statut d\u2019avocat, b\u00e9n\u00e9ficie d\u2019un privil\u00e8ge de proc\u00e9dure et de juridiction. Pour rappel tout ce petit monde vis\u00e9 par les plaintes du leader de Pastef est accus\u00e9 d\u2019avoir particip\u00e9 d\u2019une mani\u00e8re directe ou indirecte dans un vaste complot contre Ousmane Sonko.","og_url":"https:\/\/www.public.sn\/index.php\/2022\/12\/29\/enieme-rebondissement-dans-laffaire-sweet-beauty\/","og_site_name":"LE PUBLIC","article_published_time":"2022-12-29T07:36:02+00:00","og_image":[{"width":1250,"height":625,"url":"https:\/\/www.public.sn\/wp-content\/uploads\/2022\/12\/sonko-2.jpg","type":"image\/jpeg"}],"author":"LA REDACTION","twitter_card":"summary_large_image","twitter_misc":{"\u00c9crit par":"LA REDACTION","Dur\u00e9e de lecture estim\u00e9e":"2 minutes"},"schema":{"@context":"https:\/\/schema.org","@graph":[{"@type":"Article","@id":"https:\/\/www.public.sn\/index.php\/2022\/12\/29\/enieme-rebondissement-dans-laffaire-sweet-beauty\/#article","isPartOf":{"@id":"https:\/\/www.public.sn\/index.php\/2022\/12\/29\/enieme-rebondissement-dans-laffaire-sweet-beauty\/"},"author":{"name":"LA REDACTION","@id":"https:\/\/www.public.sn\/#\/schema\/person\/e3f4a11b037d4203902db148f9bc8d5a"},"headline":"Eni\u00e8me rebondissement dans l&rsquo;affaire Sweet Beauty","datePublished":"2022-12-29T07:36:02+00:00","mainEntityOfPage":{"@id":"https:\/\/www.public.sn\/index.php\/2022\/12\/29\/enieme-rebondissement-dans-laffaire-sweet-beauty\/"},"wordCount":256,"commentCount":0,"publisher":{"@id":"https:\/\/www.public.sn\/#organization"},"image":{"@id":"https:\/\/www.public.sn\/index.php\/2022\/12\/29\/enieme-rebondissement-dans-laffaire-sweet-beauty\/#primaryimage"},"thumbnailUrl":"https:\/\/www.public.sn\/wp-content\/uploads\/2022\/12\/sonko-2.jpg","articleSection":["ACTUALIT\u00c9S","justice","S\u00c9N\u00c9GAL","SOCIETE","VEDETTE"],"inLanguage":"fr-FR","potentialAction":[{"@type":"CommentAction","name":"Comment","target":["https:\/\/www.public.sn\/index.php\/2022\/12\/29\/enieme-rebondissement-dans-laffaire-sweet-beauty\/#respond"]}]},{"@type":"WebPage","@id":"https:\/\/www.public.sn\/index.php\/2022\/12\/29\/enieme-rebondissement-dans-laffaire-sweet-beauty\/","url":"https:\/\/www.public.sn\/index.php\/2022\/12\/29\/enieme-rebondissement-dans-laffaire-sweet-beauty\/","name":"Eni\u00e8me rebondissement dans l'affaire Sweet Beauty - LE PUBLIC","isPartOf":{"@id":"https:\/\/www.public.sn\/#website"},"primaryImageOfPage":{"@id":"https:\/\/www.public.sn\/index.php\/2022\/12\/29\/enieme-rebondissement-dans-laffaire-sweet-beauty\/#primaryimage"},"image":{"@id":"https:\/\/www.public.sn\/index.php\/2022\/12\/29\/enieme-rebondissement-dans-laffaire-sweet-beauty\/#primaryimage"},"thumbnailUrl":"https:\/\/www.public.sn\/wp-content\/uploads\/2022\/12\/sonko-2.jpg","datePublished":"2022-12-29T07:36:02+00:00","breadcrumb":{"@id":"https:\/\/www.public.sn\/index.php\/2022\/12\/29\/enieme-rebondissement-dans-laffaire-sweet-beauty\/#breadcrumb"},"inLanguage":"fr-FR","potentialAction":[{"@type":"ReadAction","target":["https:\/\/www.public.sn\/index.php\/2022\/12\/29\/enieme-rebondissement-dans-laffaire-sweet-beauty\/"]}]},{"@type":"ImageObject","inLanguage":"fr-FR","@id":"https:\/\/www.public.sn\/index.php\/2022\/12\/29\/enieme-rebondissement-dans-laffaire-sweet-beauty\/#primaryimage","url":"https:\/\/www.public.sn\/wp-content\/uploads\/2022\/12\/sonko-2.jpg","contentUrl":"https:\/\/www.public.sn\/wp-content\/uploads\/2022\/12\/sonko-2.jpg","width":1250,"height":625},{"@type":"BreadcrumbList","@id":"https:\/\/www.public.sn\/index.php\/2022\/12\/29\/enieme-rebondissement-dans-laffaire-sweet-beauty\/#breadcrumb","itemListElement":[{"@type":"ListItem","position":1,"name":"Accueil","item":"https:\/\/www.public.sn\/"},{"@type":"ListItem","position":2,"name":"Eni\u00e8me rebondissement dans l&rsquo;affaire Sweet Beauty"}]},{"@type":"WebSite","@id":"https:\/\/www.public.sn\/#website","url":"https:\/\/www.public.sn\/","name":"LE PUBLIC","description":"","publisher":{"@id":"https:\/\/www.public.sn\/#organization"},"potentialAction":[{"@type":"SearchAction","target":{"@type":"EntryPoint","urlTemplate":"https:\/\/www.public.sn\/?s={search_term_string}"},"query-input":{"@type":"PropertyValueSpecification","valueRequired":true,"valueName":"search_term_string"}}],"inLanguage":"fr-FR"},{"@type":"Organization","@id":"https:\/\/www.public.sn\/#organization","name":"LE PUBLIC","url":"https:\/\/www.public.sn\/","logo":{"@type":"ImageObject","inLanguage":"fr-FR","@id":"https:\/\/www.public.sn\/#\/schema\/logo\/image\/","url":"https:\/\/www.public.sn\/wp-content\/uploads\/2024\/05\/cropped-LOGO-PUBLIC.SN_.png","contentUrl":"https:\/\/www.public.sn\/wp-content\/uploads\/2024\/05\/cropped-LOGO-PUBLIC.SN_.png","width":682,"height":192,"caption":"LE PUBLIC"},"image":{"@id":"https:\/\/www.public.sn\/#\/schema\/logo\/image\/"}},{"@type":"Person","@id":"https:\/\/www.public.sn\/#\/schema\/person\/e3f4a11b037d4203902db148f9bc8d5a","name":"LA REDACTION","image":{"@type":"ImageObject","inLanguage":"fr-FR","@id":"https:\/\/www.public.sn\/#\/schema\/person\/image\/","url":"https:\/\/secure.gravatar.com\/avatar\/d6c030db45db2883c075085c5d6c6258654a801a93766b49af0b82d4f454e2a5?s=96&d=mm&r=g","contentUrl":"https:\/\/secure.gravatar.com\/avatar\/d6c030db45db2883c075085c5d6c6258654a801a93766b49af0b82d4f454e2a5?s=96&d=mm&r=g","caption":"LA REDACTION"},"sameAs":["http:\/\/www.public.sn"],"url":"https:\/\/www.public.sn\/index.php\/author\/admin7324\/"}]}},"jetpack_featured_media_url":"https:\/\/www.public.sn\/wp-content\/uploads\/2022\/12\/sonko-2.jpg","jetpack_sharing_enabled":true,"_links":{"self":[{"href":"https:\/\/www.public.sn\/index.php\/wp-json\/wp\/v2\/posts\/13019","targetHints":{"allow":["GET"]}}],"collection":[{"href":"https:\/\/www.public.sn\/index.php\/wp-json\/wp\/v2\/posts"}],"about":[{"href":"https:\/\/www.public.sn\/index.php\/wp-json\/wp\/v2\/types\/post"}],"author":[{"embeddable":true,"href":"https:\/\/www.public.sn\/index.php\/wp-json\/wp\/v2\/users\/1"}],"replies":[{"embeddable":true,"href":"https:\/\/www.public.sn\/index.php\/wp-json\/wp\/v2\/comments?post=13019"}],"version-history":[{"count":1,"href":"https:\/\/www.public.sn\/index.php\/wp-json\/wp\/v2\/posts\/13019\/revisions"}],"predecessor-version":[{"id":13020,"href":"https:\/\/www.public.sn\/index.php\/wp-json\/wp\/v2\/posts\/13019\/revisions\/13020"}],"wp:featuredmedia":[{"embeddable":true,"href":"https:\/\/www.public.sn\/index.php\/wp-json\/wp\/v2\/media\/12766"}],"wp:attachment":[{"href":"https:\/\/www.public.sn\/index.php\/wp-json\/wp\/v2\/media?parent=13019"}],"wp:term":[{"taxonomy":"category","embeddable":true,"href":"https:\/\/www.public.sn\/index.php\/wp-json\/wp\/v2\/categories?post=13019"},{"taxonomy":"post_tag","embeddable":true,"href":"https:\/\/www.public.sn\/index.php\/wp-json\/wp\/v2\/tags?post=13019"}],"curies":[{"name":"wp","href":"https:\/\/api.w.org\/{rel}","templated":true}]}}