{"id":13043,"date":"2022-12-29T15:24:07","date_gmt":"2022-12-29T15:24:07","guid":{"rendered":"https:\/\/www.public.sn\/?p=13043"},"modified":"2022-12-29T15:24:07","modified_gmt":"2022-12-29T15:24:07","slug":"affaire-adji-sar-sonko-la-surprenante-reaction-de-penda-mbow","status":"publish","type":"post","link":"https:\/\/www.public.sn\/index.php\/2022\/12\/29\/affaire-adji-sar-sonko-la-surprenante-reaction-de-penda-mbow\/","title":{"rendered":"Affaire Adji Sar &#8211; Sonko : La surprenante r\u00e9action de Penda Mbow"},"content":{"rendered":"<p><b>L&rsquo;affaire Sweet beauty continue de susciter beaucoup de pol\u00e9miques. Depuis la diffusion des audios de la discussion entre Baye Mbaye dit MC Niass et Adji Sarr, les commentaires vont bon train. Cette fois-ci, c&rsquo;est autour de Penda Mbow d&rsquo;en parler.<\/b><\/p><div class=\"publi-paragraphe1\" style=\"margin-top: 10px;margin-bottom: 10px;margin-left: auto;margin-right: auto;text-align: center;\" id=\"publi-45131838\"><div class=\"publi-adlabel\">Publicit\u00e9<\/div><script async src=\"\/\/pagead2.googlesyndication.com\/pagead\/js\/adsbygoogle.js?client=ca-pub-4089586018074219\" crossorigin=\"anonymous\"><\/script><ins class=\"adsbygoogle\" style=\"display:block;\" data-ad-client=\"ca-pub-4089586018074219\" \ndata-ad-slot=\"2087940154\" \ndata-ad-format=\"auto\"><\/ins>\n<script> \n(adsbygoogle = window.adsbygoogle || []).push({}); \n<\/script>\n<\/div>\n<p>Alors qu\u2019elle participait comme pan\u00e9liste au lancement du mouvement \u00ab Demain S\u00e9n\u00e9gal \u00bb, hier, la professeur d&rsquo;Histoire d&rsquo; \u00e9voquer le cas Adji Sarr. La f\u00e9ministe, selon B\u00e9s Bi Le Jour,\u00a0 d\u00e9peint celle qui accuse l\u2019homme politique Ousmane Sonko de viols et menace de mort comme une jeune fille manipul\u00e9e.<\/p>\n<p>\u201cPour la premi\u00e8re fois dans l\u2019histoire politique du S\u00e9n\u00e9gal et dans les institutions, une femme est devenue un instrument entre les mains d\u2019hommes politiques. Et cet instrument entre les mains d\u2019hommes politiques est manipul\u00e9. On l\u2019a transform\u00e9e, non plus en tant que citoyenne, mais en tant qu\u2019objet pour des objectifs purement politiques. Et c\u2019est la plus grave forme de violence qu\u2019on puisse exercer sur femme \u00bb, a fustig\u00e9 Pr Penda Mbow sans citer Adji Sarr, d&rsquo;apr\u00e8s la m\u00eame source<\/p>\n<div class=\"publi-apres-le-contenu\" style=\"margin-top: 10px;margin-bottom: 10px;margin-left: auto;margin-right: auto;text-align: center;\" id=\"publi-3489315377\"><div class=\"publi-adlabel\">Publicit\u00e9<\/div><script async src=\"\/\/pagead2.googlesyndication.com\/pagead\/js\/adsbygoogle.js?client=ca-pub-4089586018074219\" crossorigin=\"anonymous\"><\/script><ins class=\"adsbygoogle\" style=\"display:block;\" data-ad-client=\"ca-pub-4089586018074219\" \ndata-ad-slot=\"2087940154\" \ndata-ad-format=\"auto\"><\/ins>\n<script> \n(adsbygoogle = window.adsbygoogle || []).push({}); \n<\/script>\n<\/div>","protected":false},"excerpt":{"rendered":"<p>L&rsquo;affaire Sweet beauty continue de susciter beaucoup de pol\u00e9miques. Depuis la diffusion des audios de la discussion entre Baye Mbaye dit MC Niass et Adji Sarr, les commentaires vont bon train. Cette fois-ci, c&rsquo;est autour de Penda Mbow d&rsquo;en parler. Alors qu\u2019elle participait comme pan\u00e9liste au lancement du mouvement \u00ab Demain S\u00e9n\u00e9gal \u00bb, hier, la professeur d&rsquo;Histoire d&rsquo; \u00e9voquer le cas Adji Sarr. La f\u00e9ministe, selon B\u00e9s Bi Le Jour,\u00a0 d\u00e9peint celle qui accuse l\u2019homme politique Ousmane Sonko de viols et menace de mort comme une jeune fille manipul\u00e9e. \u201cPour la premi\u00e8re fois dans l\u2019histoire politique du S\u00e9n\u00e9gal et dans les institutions, une femme est devenue un instrument entre les mains d\u2019hommes politiques. Et cet instrument entre les mains d\u2019hommes politiques est manipul\u00e9. On l\u2019a transform\u00e9e, non plus en tant que citoyenne, mais en tant qu\u2019objet pour des objectifs purement politiques. Et c\u2019est la plus grave forme de violence qu\u2019on puisse exercer sur femme \u00bb, a fustig\u00e9 Pr Penda Mbow sans citer Adji Sarr, d&rsquo;apr\u00e8s la m\u00eame source<\/p>\n","protected":false},"author":1,"featured_media":13044,"comment_status":"open","ping_status":"open","sticky":false,"template":"","format":"standard","meta":{"_jetpack_memberships_contains_paid_content":false,"footnotes":""},"categories":[375,3,372],"tags":[3990,99,306],"class_list":["post-13043","post","type-post","status-publish","format-standard","has-post-thumbnail","hentry","category-actualites","category-politique","category-vedette","tag-adji-sar-sonko","tag-adji-sarr","tag-sonko","entry","has-media","owp-thumbs-layout-horizontal","owp-btn-normal","owp-tabs-layout-horizontal","has-no-thumbnails","has-product-nav"],"yoast_head":"<!-- This site is optimized with the Yoast SEO plugin v25.5 - https:\/\/yoast.com\/wordpress\/plugins\/seo\/ -->\n<title>Affaire Adji Sar - Sonko : La surprenante r\u00e9action de Penda Mbow - LE PUBLIC<\/title>\n<meta name=\"robots\" content=\"index, follow, max-snippet:-1, max-image-preview:large, max-video-preview:-1\" \/>\n<link rel=\"canonical\" href=\"https:\/\/www.public.sn\/index.php\/2022\/12\/29\/affaire-adji-sar-sonko-la-surprenante-reaction-de-penda-mbow\/\" \/>\n<meta property=\"og:locale\" content=\"fr_FR\" \/>\n<meta property=\"og:type\" content=\"article\" \/>\n<meta property=\"og:title\" content=\"Affaire Adji Sar - Sonko : La surprenante r\u00e9action de Penda Mbow - LE PUBLIC\" \/>\n<meta property=\"og:description\" content=\"L&rsquo;affaire Sweet beauty continue de susciter beaucoup de pol\u00e9miques. Depuis la diffusion des audios de la discussion entre Baye Mbaye dit MC Niass et Adji Sarr, les commentaires vont bon train. Cette fois-ci, c&rsquo;est autour de Penda Mbow d&rsquo;en parler. Alors qu\u2019elle participait comme pan\u00e9liste au lancement du mouvement \u00ab Demain S\u00e9n\u00e9gal \u00bb, hier, la professeur d&rsquo;Histoire d&rsquo; \u00e9voquer le cas Adji Sarr. La f\u00e9ministe, selon B\u00e9s Bi Le Jour,\u00a0 d\u00e9peint celle qui accuse l\u2019homme politique Ousmane Sonko de viols et menace de mort comme une jeune fille manipul\u00e9e. \u201cPour la premi\u00e8re fois dans l\u2019histoire politique du S\u00e9n\u00e9gal et dans les institutions, une femme est devenue un instrument entre les mains d\u2019hommes politiques. Et cet instrument entre les mains d\u2019hommes politiques est manipul\u00e9. On l\u2019a transform\u00e9e, non plus en tant que citoyenne, mais en tant qu\u2019objet pour des objectifs purement politiques. Et c\u2019est la plus grave forme de violence qu\u2019on puisse exercer sur femme \u00bb, a fustig\u00e9 Pr Penda Mbow sans citer Adji Sarr, d&rsquo;apr\u00e8s la m\u00eame source\" \/>\n<meta property=\"og:url\" content=\"https:\/\/www.public.sn\/index.php\/2022\/12\/29\/affaire-adji-sar-sonko-la-surprenante-reaction-de-penda-mbow\/\" \/>\n<meta property=\"og:site_name\" content=\"LE PUBLIC\" \/>\n<meta property=\"article:published_time\" content=\"2022-12-29T15:24:07+00:00\" \/>\n<meta property=\"og:image\" content=\"https:\/\/www.public.sn\/wp-content\/uploads\/2022\/12\/Penda-Mbow.jpg\" \/>\n\t<meta property=\"og:image:width\" content=\"800\" \/>\n\t<meta property=\"og:image:height\" content=\"532\" \/>\n\t<meta property=\"og:image:type\" content=\"image\/jpeg\" \/>\n<meta name=\"author\" content=\"LA REDACTION\" \/>\n<meta name=\"twitter:card\" content=\"summary_large_image\" \/>\n<meta name=\"twitter:label1\" content=\"\u00c9crit par\" \/>\n\t<meta name=\"twitter:data1\" content=\"LA REDACTION\" \/>\n\t<meta name=\"twitter:label2\" content=\"Dur\u00e9e de lecture estim\u00e9e\" \/>\n\t<meta name=\"twitter:data2\" content=\"1 minute\" \/>\n<script type=\"application\/ld+json\" class=\"yoast-schema-graph\">{\"@context\":\"https:\/\/schema.org\",\"@graph\":[{\"@type\":\"Article\",\"@id\":\"https:\/\/www.public.sn\/index.php\/2022\/12\/29\/affaire-adji-sar-sonko-la-surprenante-reaction-de-penda-mbow\/#article\",\"isPartOf\":{\"@id\":\"https:\/\/www.public.sn\/index.php\/2022\/12\/29\/affaire-adji-sar-sonko-la-surprenante-reaction-de-penda-mbow\/\"},\"author\":{\"name\":\"LA REDACTION\",\"@id\":\"https:\/\/www.public.sn\/#\/schema\/person\/e3f4a11b037d4203902db148f9bc8d5a\"},\"headline\":\"Affaire Adji Sar &#8211; Sonko : La surprenante r\u00e9action de Penda Mbow\",\"datePublished\":\"2022-12-29T15:24:07+00:00\",\"mainEntityOfPage\":{\"@id\":\"https:\/\/www.public.sn\/index.php\/2022\/12\/29\/affaire-adji-sar-sonko-la-surprenante-reaction-de-penda-mbow\/\"},\"wordCount\":200,\"commentCount\":0,\"publisher\":{\"@id\":\"https:\/\/www.public.sn\/#organization\"},\"image\":{\"@id\":\"https:\/\/www.public.sn\/index.php\/2022\/12\/29\/affaire-adji-sar-sonko-la-surprenante-reaction-de-penda-mbow\/#primaryimage\"},\"thumbnailUrl\":\"https:\/\/www.public.sn\/wp-content\/uploads\/2022\/12\/Penda-Mbow.jpg\",\"keywords\":[\"Adji Sar - Sonko\",\"Adji Sarr\",\"sonko\"],\"articleSection\":[\"ACTUALIT\u00c9S\",\"POLITIQUE\",\"VEDETTE\"],\"inLanguage\":\"fr-FR\",\"potentialAction\":[{\"@type\":\"CommentAction\",\"name\":\"Comment\",\"target\":[\"https:\/\/www.public.sn\/index.php\/2022\/12\/29\/affaire-adji-sar-sonko-la-surprenante-reaction-de-penda-mbow\/#respond\"]}]},{\"@type\":\"WebPage\",\"@id\":\"https:\/\/www.public.sn\/index.php\/2022\/12\/29\/affaire-adji-sar-sonko-la-surprenante-reaction-de-penda-mbow\/\",\"url\":\"https:\/\/www.public.sn\/index.php\/2022\/12\/29\/affaire-adji-sar-sonko-la-surprenante-reaction-de-penda-mbow\/\",\"name\":\"Affaire Adji Sar - Sonko : La surprenante r\u00e9action de Penda Mbow - LE PUBLIC\",\"isPartOf\":{\"@id\":\"https:\/\/www.public.sn\/#website\"},\"primaryImageOfPage\":{\"@id\":\"https:\/\/www.public.sn\/index.php\/2022\/12\/29\/affaire-adji-sar-sonko-la-surprenante-reaction-de-penda-mbow\/#primaryimage\"},\"image\":{\"@id\":\"https:\/\/www.public.sn\/index.php\/2022\/12\/29\/affaire-adji-sar-sonko-la-surprenante-reaction-de-penda-mbow\/#primaryimage\"},\"thumbnailUrl\":\"https:\/\/www.public.sn\/wp-content\/uploads\/2022\/12\/Penda-Mbow.jpg\",\"datePublished\":\"2022-12-29T15:24:07+00:00\",\"breadcrumb\":{\"@id\":\"https:\/\/www.public.sn\/index.php\/2022\/12\/29\/affaire-adji-sar-sonko-la-surprenante-reaction-de-penda-mbow\/#breadcrumb\"},\"inLanguage\":\"fr-FR\",\"potentialAction\":[{\"@type\":\"ReadAction\",\"target\":[\"https:\/\/www.public.sn\/index.php\/2022\/12\/29\/affaire-adji-sar-sonko-la-surprenante-reaction-de-penda-mbow\/\"]}]},{\"@type\":\"ImageObject\",\"inLanguage\":\"fr-FR\",\"@id\":\"https:\/\/www.public.sn\/index.php\/2022\/12\/29\/affaire-adji-sar-sonko-la-surprenante-reaction-de-penda-mbow\/#primaryimage\",\"url\":\"https:\/\/www.public.sn\/wp-content\/uploads\/2022\/12\/Penda-Mbow.jpg\",\"contentUrl\":\"https:\/\/www.public.sn\/wp-content\/uploads\/2022\/12\/Penda-Mbow.jpg\",\"width\":800,\"height\":532},{\"@type\":\"BreadcrumbList\",\"@id\":\"https:\/\/www.public.sn\/index.php\/2022\/12\/29\/affaire-adji-sar-sonko-la-surprenante-reaction-de-penda-mbow\/#breadcrumb\",\"itemListElement\":[{\"@type\":\"ListItem\",\"position\":1,\"name\":\"Accueil\",\"item\":\"https:\/\/www.public.sn\/\"},{\"@type\":\"ListItem\",\"position\":2,\"name\":\"Affaire Adji Sar &#8211; Sonko : La surprenante r\u00e9action de Penda Mbow\"}]},{\"@type\":\"WebSite\",\"@id\":\"https:\/\/www.public.sn\/#website\",\"url\":\"https:\/\/www.public.sn\/\",\"name\":\"LE PUBLIC\",\"description\":\"\",\"publisher\":{\"@id\":\"https:\/\/www.public.sn\/#organization\"},\"potentialAction\":[{\"@type\":\"SearchAction\",\"target\":{\"@type\":\"EntryPoint\",\"urlTemplate\":\"https:\/\/www.public.sn\/?s={search_term_string}\"},\"query-input\":{\"@type\":\"PropertyValueSpecification\",\"valueRequired\":true,\"valueName\":\"search_term_string\"}}],\"inLanguage\":\"fr-FR\"},{\"@type\":\"Organization\",\"@id\":\"https:\/\/www.public.sn\/#organization\",\"name\":\"LE PUBLIC\",\"url\":\"https:\/\/www.public.sn\/\",\"logo\":{\"@type\":\"ImageObject\",\"inLanguage\":\"fr-FR\",\"@id\":\"https:\/\/www.public.sn\/#\/schema\/logo\/image\/\",\"url\":\"https:\/\/www.public.sn\/wp-content\/uploads\/2024\/05\/cropped-LOGO-PUBLIC.SN_.png\",\"contentUrl\":\"https:\/\/www.public.sn\/wp-content\/uploads\/2024\/05\/cropped-LOGO-PUBLIC.SN_.png\",\"width\":682,\"height\":192,\"caption\":\"LE PUBLIC\"},\"image\":{\"@id\":\"https:\/\/www.public.sn\/#\/schema\/logo\/image\/\"}},{\"@type\":\"Person\",\"@id\":\"https:\/\/www.public.sn\/#\/schema\/person\/e3f4a11b037d4203902db148f9bc8d5a\",\"name\":\"LA REDACTION\",\"image\":{\"@type\":\"ImageObject\",\"inLanguage\":\"fr-FR\",\"@id\":\"https:\/\/www.public.sn\/#\/schema\/person\/image\/\",\"url\":\"https:\/\/secure.gravatar.com\/avatar\/d6c030db45db2883c075085c5d6c6258654a801a93766b49af0b82d4f454e2a5?s=96&d=mm&r=g\",\"contentUrl\":\"https:\/\/secure.gravatar.com\/avatar\/d6c030db45db2883c075085c5d6c6258654a801a93766b49af0b82d4f454e2a5?s=96&d=mm&r=g\",\"caption\":\"LA REDACTION\"},\"sameAs\":[\"http:\/\/www.public.sn\"],\"url\":\"https:\/\/www.public.sn\/index.php\/author\/admin7324\/\"}]}<\/script>\n<!-- \/ Yoast SEO plugin. -->","yoast_head_json":{"title":"Affaire Adji Sar - Sonko : La surprenante r\u00e9action de Penda Mbow - LE PUBLIC","robots":{"index":"index","follow":"follow","max-snippet":"max-snippet:-1","max-image-preview":"max-image-preview:large","max-video-preview":"max-video-preview:-1"},"canonical":"https:\/\/www.public.sn\/index.php\/2022\/12\/29\/affaire-adji-sar-sonko-la-surprenante-reaction-de-penda-mbow\/","og_locale":"fr_FR","og_type":"article","og_title":"Affaire Adji Sar - Sonko : La surprenante r\u00e9action de Penda Mbow - LE PUBLIC","og_description":"L&rsquo;affaire Sweet beauty continue de susciter beaucoup de pol\u00e9miques. Depuis la diffusion des audios de la discussion entre Baye Mbaye dit MC Niass et Adji Sarr, les commentaires vont bon train. Cette fois-ci, c&rsquo;est autour de Penda Mbow d&rsquo;en parler. Alors qu\u2019elle participait comme pan\u00e9liste au lancement du mouvement \u00ab Demain S\u00e9n\u00e9gal \u00bb, hier, la professeur d&rsquo;Histoire d&rsquo; \u00e9voquer le cas Adji Sarr. La f\u00e9ministe, selon B\u00e9s Bi Le Jour,\u00a0 d\u00e9peint celle qui accuse l\u2019homme politique Ousmane Sonko de viols et menace de mort comme une jeune fille manipul\u00e9e. \u201cPour la premi\u00e8re fois dans l\u2019histoire politique du S\u00e9n\u00e9gal et dans les institutions, une femme est devenue un instrument entre les mains d\u2019hommes politiques. Et cet instrument entre les mains d\u2019hommes politiques est manipul\u00e9. On l\u2019a transform\u00e9e, non plus en tant que citoyenne, mais en tant qu\u2019objet pour des objectifs purement politiques. Et c\u2019est la plus grave forme de violence qu\u2019on puisse exercer sur femme \u00bb, a fustig\u00e9 Pr Penda Mbow sans citer Adji Sarr, d&rsquo;apr\u00e8s la m\u00eame source","og_url":"https:\/\/www.public.sn\/index.php\/2022\/12\/29\/affaire-adji-sar-sonko-la-surprenante-reaction-de-penda-mbow\/","og_site_name":"LE PUBLIC","article_published_time":"2022-12-29T15:24:07+00:00","og_image":[{"width":800,"height":532,"url":"https:\/\/www.public.sn\/wp-content\/uploads\/2022\/12\/Penda-Mbow.jpg","type":"image\/jpeg"}],"author":"LA REDACTION","twitter_card":"summary_large_image","twitter_misc":{"\u00c9crit par":"LA REDACTION","Dur\u00e9e de lecture estim\u00e9e":"1 minute"},"schema":{"@context":"https:\/\/schema.org","@graph":[{"@type":"Article","@id":"https:\/\/www.public.sn\/index.php\/2022\/12\/29\/affaire-adji-sar-sonko-la-surprenante-reaction-de-penda-mbow\/#article","isPartOf":{"@id":"https:\/\/www.public.sn\/index.php\/2022\/12\/29\/affaire-adji-sar-sonko-la-surprenante-reaction-de-penda-mbow\/"},"author":{"name":"LA REDACTION","@id":"https:\/\/www.public.sn\/#\/schema\/person\/e3f4a11b037d4203902db148f9bc8d5a"},"headline":"Affaire Adji Sar &#8211; Sonko : La surprenante r\u00e9action de Penda Mbow","datePublished":"2022-12-29T15:24:07+00:00","mainEntityOfPage":{"@id":"https:\/\/www.public.sn\/index.php\/2022\/12\/29\/affaire-adji-sar-sonko-la-surprenante-reaction-de-penda-mbow\/"},"wordCount":200,"commentCount":0,"publisher":{"@id":"https:\/\/www.public.sn\/#organization"},"image":{"@id":"https:\/\/www.public.sn\/index.php\/2022\/12\/29\/affaire-adji-sar-sonko-la-surprenante-reaction-de-penda-mbow\/#primaryimage"},"thumbnailUrl":"https:\/\/www.public.sn\/wp-content\/uploads\/2022\/12\/Penda-Mbow.jpg","keywords":["Adji Sar - Sonko","Adji Sarr","sonko"],"articleSection":["ACTUALIT\u00c9S","POLITIQUE","VEDETTE"],"inLanguage":"fr-FR","potentialAction":[{"@type":"CommentAction","name":"Comment","target":["https:\/\/www.public.sn\/index.php\/2022\/12\/29\/affaire-adji-sar-sonko-la-surprenante-reaction-de-penda-mbow\/#respond"]}]},{"@type":"WebPage","@id":"https:\/\/www.public.sn\/index.php\/2022\/12\/29\/affaire-adji-sar-sonko-la-surprenante-reaction-de-penda-mbow\/","url":"https:\/\/www.public.sn\/index.php\/2022\/12\/29\/affaire-adji-sar-sonko-la-surprenante-reaction-de-penda-mbow\/","name":"Affaire Adji Sar - Sonko : La surprenante r\u00e9action de Penda Mbow - LE PUBLIC","isPartOf":{"@id":"https:\/\/www.public.sn\/#website"},"primaryImageOfPage":{"@id":"https:\/\/www.public.sn\/index.php\/2022\/12\/29\/affaire-adji-sar-sonko-la-surprenante-reaction-de-penda-mbow\/#primaryimage"},"image":{"@id":"https:\/\/www.public.sn\/index.php\/2022\/12\/29\/affaire-adji-sar-sonko-la-surprenante-reaction-de-penda-mbow\/#primaryimage"},"thumbnailUrl":"https:\/\/www.public.sn\/wp-content\/uploads\/2022\/12\/Penda-Mbow.jpg","datePublished":"2022-12-29T15:24:07+00:00","breadcrumb":{"@id":"https:\/\/www.public.sn\/index.php\/2022\/12\/29\/affaire-adji-sar-sonko-la-surprenante-reaction-de-penda-mbow\/#breadcrumb"},"inLanguage":"fr-FR","potentialAction":[{"@type":"ReadAction","target":["https:\/\/www.public.sn\/index.php\/2022\/12\/29\/affaire-adji-sar-sonko-la-surprenante-reaction-de-penda-mbow\/"]}]},{"@type":"ImageObject","inLanguage":"fr-FR","@id":"https:\/\/www.public.sn\/index.php\/2022\/12\/29\/affaire-adji-sar-sonko-la-surprenante-reaction-de-penda-mbow\/#primaryimage","url":"https:\/\/www.public.sn\/wp-content\/uploads\/2022\/12\/Penda-Mbow.jpg","contentUrl":"https:\/\/www.public.sn\/wp-content\/uploads\/2022\/12\/Penda-Mbow.jpg","width":800,"height":532},{"@type":"BreadcrumbList","@id":"https:\/\/www.public.sn\/index.php\/2022\/12\/29\/affaire-adji-sar-sonko-la-surprenante-reaction-de-penda-mbow\/#breadcrumb","itemListElement":[{"@type":"ListItem","position":1,"name":"Accueil","item":"https:\/\/www.public.sn\/"},{"@type":"ListItem","position":2,"name":"Affaire Adji Sar &#8211; Sonko : La surprenante r\u00e9action de Penda Mbow"}]},{"@type":"WebSite","@id":"https:\/\/www.public.sn\/#website","url":"https:\/\/www.public.sn\/","name":"LE PUBLIC","description":"","publisher":{"@id":"https:\/\/www.public.sn\/#organization"},"potentialAction":[{"@type":"SearchAction","target":{"@type":"EntryPoint","urlTemplate":"https:\/\/www.public.sn\/?s={search_term_string}"},"query-input":{"@type":"PropertyValueSpecification","valueRequired":true,"valueName":"search_term_string"}}],"inLanguage":"fr-FR"},{"@type":"Organization","@id":"https:\/\/www.public.sn\/#organization","name":"LE PUBLIC","url":"https:\/\/www.public.sn\/","logo":{"@type":"ImageObject","inLanguage":"fr-FR","@id":"https:\/\/www.public.sn\/#\/schema\/logo\/image\/","url":"https:\/\/www.public.sn\/wp-content\/uploads\/2024\/05\/cropped-LOGO-PUBLIC.SN_.png","contentUrl":"https:\/\/www.public.sn\/wp-content\/uploads\/2024\/05\/cropped-LOGO-PUBLIC.SN_.png","width":682,"height":192,"caption":"LE PUBLIC"},"image":{"@id":"https:\/\/www.public.sn\/#\/schema\/logo\/image\/"}},{"@type":"Person","@id":"https:\/\/www.public.sn\/#\/schema\/person\/e3f4a11b037d4203902db148f9bc8d5a","name":"LA REDACTION","image":{"@type":"ImageObject","inLanguage":"fr-FR","@id":"https:\/\/www.public.sn\/#\/schema\/person\/image\/","url":"https:\/\/secure.gravatar.com\/avatar\/d6c030db45db2883c075085c5d6c6258654a801a93766b49af0b82d4f454e2a5?s=96&d=mm&r=g","contentUrl":"https:\/\/secure.gravatar.com\/avatar\/d6c030db45db2883c075085c5d6c6258654a801a93766b49af0b82d4f454e2a5?s=96&d=mm&r=g","caption":"LA REDACTION"},"sameAs":["http:\/\/www.public.sn"],"url":"https:\/\/www.public.sn\/index.php\/author\/admin7324\/"}]}},"jetpack_featured_media_url":"https:\/\/www.public.sn\/wp-content\/uploads\/2022\/12\/Penda-Mbow.jpg","jetpack_sharing_enabled":true,"_links":{"self":[{"href":"https:\/\/www.public.sn\/index.php\/wp-json\/wp\/v2\/posts\/13043","targetHints":{"allow":["GET"]}}],"collection":[{"href":"https:\/\/www.public.sn\/index.php\/wp-json\/wp\/v2\/posts"}],"about":[{"href":"https:\/\/www.public.sn\/index.php\/wp-json\/wp\/v2\/types\/post"}],"author":[{"embeddable":true,"href":"https:\/\/www.public.sn\/index.php\/wp-json\/wp\/v2\/users\/1"}],"replies":[{"embeddable":true,"href":"https:\/\/www.public.sn\/index.php\/wp-json\/wp\/v2\/comments?post=13043"}],"version-history":[{"count":1,"href":"https:\/\/www.public.sn\/index.php\/wp-json\/wp\/v2\/posts\/13043\/revisions"}],"predecessor-version":[{"id":13045,"href":"https:\/\/www.public.sn\/index.php\/wp-json\/wp\/v2\/posts\/13043\/revisions\/13045"}],"wp:featuredmedia":[{"embeddable":true,"href":"https:\/\/www.public.sn\/index.php\/wp-json\/wp\/v2\/media\/13044"}],"wp:attachment":[{"href":"https:\/\/www.public.sn\/index.php\/wp-json\/wp\/v2\/media?parent=13043"}],"wp:term":[{"taxonomy":"category","embeddable":true,"href":"https:\/\/www.public.sn\/index.php\/wp-json\/wp\/v2\/categories?post=13043"},{"taxonomy":"post_tag","embeddable":true,"href":"https:\/\/www.public.sn\/index.php\/wp-json\/wp\/v2\/tags?post=13043"}],"curies":[{"name":"wp","href":"https:\/\/api.w.org\/{rel}","templated":true}]}}