{"id":13087,"date":"2022-12-30T14:33:54","date_gmt":"2022-12-30T14:33:54","guid":{"rendered":"https:\/\/www.public.sn\/?p=13087"},"modified":"2022-12-30T14:33:54","modified_gmt":"2022-12-30T14:33:54","slug":"le-prefet-de-kolda-interdit-le-rassemblement-des-forces-vives-de-kolda","status":"publish","type":"post","link":"https:\/\/www.public.sn\/index.php\/2022\/12\/30\/le-prefet-de-kolda-interdit-le-rassemblement-des-forces-vives-de-kolda\/","title":{"rendered":"LE PR\u00c9FET DE KOLDA INTERDIT LE RASSEMBLEMENT DES FORCES VIVES DE KOLDA"},"content":{"rendered":"<p>Le pr\u00e9fet de Kolda a interdit le rassemblement pacifique dont les forces vives de Kolda l&rsquo;ont inform\u00e9 par la lettre pour exiger l&rsquo;ouverture d&rsquo;une information judiciaire sur la gestion des fonds allou\u00e9s au COVID-19 suite aux recommandations contenues dans le dernier rapport de la Cour des Comptes.<\/p><div class=\"publi-paragraphe1\" style=\"margin-top: 10px;margin-bottom: 10px;margin-left: auto;margin-right: auto;text-align: center;\" id=\"publi-407408565\"><div class=\"publi-adlabel\">Publicit\u00e9<\/div><script async src=\"\/\/pagead2.googlesyndication.com\/pagead\/js\/adsbygoogle.js?client=ca-pub-4089586018074219\" crossorigin=\"anonymous\"><\/script><ins class=\"adsbygoogle\" style=\"display:block;\" data-ad-client=\"ca-pub-4089586018074219\" \ndata-ad-slot=\"2087940154\" \ndata-ad-format=\"auto\"><\/ins>\n<script> \n(adsbygoogle = window.adsbygoogle || []).push({}); \n<\/script>\n<\/div>\n<p>Ce rassemblement devait avoir lieu ce vendredi 30 d\u00e9cembre \u00e0 partir de 15h00 \u00e0 l&rsquo;esplanade de la mairie de Kolda.<\/p>\n<p>Le motif fallacieux \u00e9voqu\u00e9 par le pr\u00e9fet de Kolda est:<br \/>\n&#8211; risque de troubles \u00e0 l&rsquo;ordre public<\/p>\n<p>Nous appr\u00e9cions l&rsquo;arr\u00eat\u00e9 d&rsquo;interdiction ill\u00e9gale et ill\u00e9gitime du pr\u00e9fet de Kolda comme une honte.<\/p>\n<p>Cet arr\u00eat\u00e9 du pr\u00e9fet de Kolda est une honte car le pr\u00e9fet se transforme en SALL pr\u00e9fet qui opprime les Koldois.e.s.<\/p>\n<p>Les forces vives d\u00e9noncent cette interdiction pr\u00e9fectorale.<\/p>\n<p>Le FRAPP Kolda a \u00e9crit le 29 d\u00e9cembre 2022 le pr\u00e9fet de Kolda en l&rsquo;informant qu&rsquo;en lieu et place du rassemblement, une d\u00e9l\u00e9gation des forces vives de Kolda ira d\u00e9poser \u00e0 16h00 une lettre de protestation.<\/p>\n<p>&nbsp;<\/p>\n<div class=\"publi-apres-le-contenu\" style=\"margin-top: 10px;margin-bottom: 10px;margin-left: auto;margin-right: auto;text-align: center;\" id=\"publi-569364432\"><div class=\"publi-adlabel\">Publicit\u00e9<\/div><script async src=\"\/\/pagead2.googlesyndication.com\/pagead\/js\/adsbygoogle.js?client=ca-pub-4089586018074219\" crossorigin=\"anonymous\"><\/script><ins class=\"adsbygoogle\" style=\"display:block;\" data-ad-client=\"ca-pub-4089586018074219\" \ndata-ad-slot=\"2087940154\" \ndata-ad-format=\"auto\"><\/ins>\n<script> \n(adsbygoogle = window.adsbygoogle || []).push({}); \n<\/script>\n<\/div>","protected":false},"excerpt":{"rendered":"<p>Le pr\u00e9fet de Kolda a interdit le rassemblement pacifique dont les forces vives de Kolda l&rsquo;ont inform\u00e9 par la lettre pour exiger l&rsquo;ouverture d&rsquo;une information judiciaire sur la gestion des fonds allou\u00e9s au COVID-19 suite aux recommandations contenues dans le dernier rapport de la Cour des Comptes. Ce rassemblement devait avoir lieu ce vendredi 30 d\u00e9cembre \u00e0 partir de 15h00 \u00e0 l&rsquo;esplanade de la mairie de Kolda. Le motif fallacieux \u00e9voqu\u00e9 par le pr\u00e9fet de Kolda est: &#8211; risque de troubles \u00e0 l&rsquo;ordre public Nous appr\u00e9cions l&rsquo;arr\u00eat\u00e9 d&rsquo;interdiction ill\u00e9gale et ill\u00e9gitime du pr\u00e9fet de Kolda comme une honte. Cet arr\u00eat\u00e9 du pr\u00e9fet de Kolda est une honte car le pr\u00e9fet se transforme en SALL pr\u00e9fet qui opprime les Koldois.e.s. Les forces vives d\u00e9noncent cette interdiction pr\u00e9fectorale. Le FRAPP Kolda a \u00e9crit le 29 d\u00e9cembre 2022 le pr\u00e9fet de Kolda en l&rsquo;informant qu&rsquo;en lieu et place du rassemblement, une d\u00e9l\u00e9gation des forces vives de Kolda ira d\u00e9poser \u00e0 16h00 une lettre de protestation. &nbsp;<\/p>\n","protected":false},"author":7,"featured_media":13088,"comment_status":"open","ping_status":"open","sticky":false,"template":"","format":"standard","meta":{"_jetpack_memberships_contains_paid_content":false,"footnotes":""},"categories":[375,1,4],"tags":[11,3995,3994],"class_list":["post-13087","post","type-post","status-publish","format-standard","has-post-thumbnail","hentry","category-actualites","category-non-classe","category-societe","tag-macky-sall","tag-prefet-de-kolda","tag-vive-kolda","entry","has-media","owp-thumbs-layout-horizontal","owp-btn-normal","owp-tabs-layout-horizontal","has-no-thumbnails","has-product-nav"],"yoast_head":"<!-- This site is optimized with the Yoast SEO plugin v25.5 - https:\/\/yoast.com\/wordpress\/plugins\/seo\/ -->\n<title>LE PR\u00c9FET DE KOLDA INTERDIT LE RASSEMBLEMENT DES FORCES VIVES DE KOLDA - LE PUBLIC<\/title>\n<meta name=\"robots\" content=\"index, follow, max-snippet:-1, max-image-preview:large, max-video-preview:-1\" \/>\n<link rel=\"canonical\" href=\"https:\/\/www.public.sn\/index.php\/2022\/12\/30\/le-prefet-de-kolda-interdit-le-rassemblement-des-forces-vives-de-kolda\/\" \/>\n<meta property=\"og:locale\" content=\"fr_FR\" \/>\n<meta property=\"og:type\" content=\"article\" \/>\n<meta property=\"og:title\" content=\"LE PR\u00c9FET DE KOLDA INTERDIT LE RASSEMBLEMENT DES FORCES VIVES DE KOLDA - LE PUBLIC\" \/>\n<meta property=\"og:description\" content=\"Le pr\u00e9fet de Kolda a interdit le rassemblement pacifique dont les forces vives de Kolda l&rsquo;ont inform\u00e9 par la lettre pour exiger l&rsquo;ouverture d&rsquo;une information judiciaire sur la gestion des fonds allou\u00e9s au COVID-19 suite aux recommandations contenues dans le dernier rapport de la Cour des Comptes. Ce rassemblement devait avoir lieu ce vendredi 30 d\u00e9cembre \u00e0 partir de 15h00 \u00e0 l&rsquo;esplanade de la mairie de Kolda. Le motif fallacieux \u00e9voqu\u00e9 par le pr\u00e9fet de Kolda est: &#8211; risque de troubles \u00e0 l&rsquo;ordre public Nous appr\u00e9cions l&rsquo;arr\u00eat\u00e9 d&rsquo;interdiction ill\u00e9gale et ill\u00e9gitime du pr\u00e9fet de Kolda comme une honte. Cet arr\u00eat\u00e9 du pr\u00e9fet de Kolda est une honte car le pr\u00e9fet se transforme en SALL pr\u00e9fet qui opprime les Koldois.e.s. Les forces vives d\u00e9noncent cette interdiction pr\u00e9fectorale. Le FRAPP Kolda a \u00e9crit le 29 d\u00e9cembre 2022 le pr\u00e9fet de Kolda en l&rsquo;informant qu&rsquo;en lieu et place du rassemblement, une d\u00e9l\u00e9gation des forces vives de Kolda ira d\u00e9poser \u00e0 16h00 une lettre de protestation. &nbsp;\" \/>\n<meta property=\"og:url\" content=\"https:\/\/www.public.sn\/index.php\/2022\/12\/30\/le-prefet-de-kolda-interdit-le-rassemblement-des-forces-vives-de-kolda\/\" \/>\n<meta property=\"og:site_name\" content=\"LE PUBLIC\" \/>\n<meta property=\"article:published_time\" content=\"2022-12-30T14:33:54+00:00\" \/>\n<meta property=\"og:image\" content=\"https:\/\/www.public.sn\/wp-content\/uploads\/2022\/12\/whatsapp-image-2022-12-30-at-13.58.15.jpeg\" \/>\n\t<meta property=\"og:image:width\" content=\"1080\" \/>\n\t<meta property=\"og:image:height\" content=\"763\" \/>\n\t<meta property=\"og:image:type\" content=\"image\/jpeg\" \/>\n<meta name=\"author\" content=\"LA REDACTION\" \/>\n<meta name=\"twitter:card\" content=\"summary_large_image\" \/>\n<meta name=\"twitter:label1\" content=\"\u00c9crit par\" \/>\n\t<meta name=\"twitter:data1\" content=\"LA REDACTION\" \/>\n\t<meta name=\"twitter:label2\" content=\"Dur\u00e9e de lecture estim\u00e9e\" \/>\n\t<meta name=\"twitter:data2\" content=\"1 minute\" \/>\n<script type=\"application\/ld+json\" class=\"yoast-schema-graph\">{\"@context\":\"https:\/\/schema.org\",\"@graph\":[{\"@type\":\"Article\",\"@id\":\"https:\/\/www.public.sn\/index.php\/2022\/12\/30\/le-prefet-de-kolda-interdit-le-rassemblement-des-forces-vives-de-kolda\/#article\",\"isPartOf\":{\"@id\":\"https:\/\/www.public.sn\/index.php\/2022\/12\/30\/le-prefet-de-kolda-interdit-le-rassemblement-des-forces-vives-de-kolda\/\"},\"author\":{\"name\":\"LA REDACTION\",\"@id\":\"https:\/\/www.public.sn\/#\/schema\/person\/cb76c8e1b8becc6be61fb5e92d6d0224\"},\"headline\":\"LE PR\u00c9FET DE KOLDA INTERDIT LE RASSEMBLEMENT DES FORCES VIVES DE KOLDA\",\"datePublished\":\"2022-12-30T14:33:54+00:00\",\"mainEntityOfPage\":{\"@id\":\"https:\/\/www.public.sn\/index.php\/2022\/12\/30\/le-prefet-de-kolda-interdit-le-rassemblement-des-forces-vives-de-kolda\/\"},\"wordCount\":191,\"commentCount\":0,\"publisher\":{\"@id\":\"https:\/\/www.public.sn\/#organization\"},\"image\":{\"@id\":\"https:\/\/www.public.sn\/index.php\/2022\/12\/30\/le-prefet-de-kolda-interdit-le-rassemblement-des-forces-vives-de-kolda\/#primaryimage\"},\"thumbnailUrl\":\"https:\/\/www.public.sn\/wp-content\/uploads\/2022\/12\/whatsapp-image-2022-12-30-at-13.58.15.jpeg\",\"keywords\":[\"Macky Sall\",\"prefet de kolda\",\"vive kolda\"],\"articleSection\":[\"ACTUALIT\u00c9S\",\"S\u00c9N\u00c9GAL\",\"SOCIETE\"],\"inLanguage\":\"fr-FR\",\"potentialAction\":[{\"@type\":\"CommentAction\",\"name\":\"Comment\",\"target\":[\"https:\/\/www.public.sn\/index.php\/2022\/12\/30\/le-prefet-de-kolda-interdit-le-rassemblement-des-forces-vives-de-kolda\/#respond\"]}]},{\"@type\":\"WebPage\",\"@id\":\"https:\/\/www.public.sn\/index.php\/2022\/12\/30\/le-prefet-de-kolda-interdit-le-rassemblement-des-forces-vives-de-kolda\/\",\"url\":\"https:\/\/www.public.sn\/index.php\/2022\/12\/30\/le-prefet-de-kolda-interdit-le-rassemblement-des-forces-vives-de-kolda\/\",\"name\":\"LE PR\u00c9FET DE KOLDA INTERDIT LE RASSEMBLEMENT DES FORCES VIVES DE KOLDA - LE PUBLIC\",\"isPartOf\":{\"@id\":\"https:\/\/www.public.sn\/#website\"},\"primaryImageOfPage\":{\"@id\":\"https:\/\/www.public.sn\/index.php\/2022\/12\/30\/le-prefet-de-kolda-interdit-le-rassemblement-des-forces-vives-de-kolda\/#primaryimage\"},\"image\":{\"@id\":\"https:\/\/www.public.sn\/index.php\/2022\/12\/30\/le-prefet-de-kolda-interdit-le-rassemblement-des-forces-vives-de-kolda\/#primaryimage\"},\"thumbnailUrl\":\"https:\/\/www.public.sn\/wp-content\/uploads\/2022\/12\/whatsapp-image-2022-12-30-at-13.58.15.jpeg\",\"datePublished\":\"2022-12-30T14:33:54+00:00\",\"breadcrumb\":{\"@id\":\"https:\/\/www.public.sn\/index.php\/2022\/12\/30\/le-prefet-de-kolda-interdit-le-rassemblement-des-forces-vives-de-kolda\/#breadcrumb\"},\"inLanguage\":\"fr-FR\",\"potentialAction\":[{\"@type\":\"ReadAction\",\"target\":[\"https:\/\/www.public.sn\/index.php\/2022\/12\/30\/le-prefet-de-kolda-interdit-le-rassemblement-des-forces-vives-de-kolda\/\"]}]},{\"@type\":\"ImageObject\",\"inLanguage\":\"fr-FR\",\"@id\":\"https:\/\/www.public.sn\/index.php\/2022\/12\/30\/le-prefet-de-kolda-interdit-le-rassemblement-des-forces-vives-de-kolda\/#primaryimage\",\"url\":\"https:\/\/www.public.sn\/wp-content\/uploads\/2022\/12\/whatsapp-image-2022-12-30-at-13.58.15.jpeg\",\"contentUrl\":\"https:\/\/www.public.sn\/wp-content\/uploads\/2022\/12\/whatsapp-image-2022-12-30-at-13.58.15.jpeg\",\"width\":1080,\"height\":763},{\"@type\":\"BreadcrumbList\",\"@id\":\"https:\/\/www.public.sn\/index.php\/2022\/12\/30\/le-prefet-de-kolda-interdit-le-rassemblement-des-forces-vives-de-kolda\/#breadcrumb\",\"itemListElement\":[{\"@type\":\"ListItem\",\"position\":1,\"name\":\"Accueil\",\"item\":\"https:\/\/www.public.sn\/\"},{\"@type\":\"ListItem\",\"position\":2,\"name\":\"LE PR\u00c9FET DE KOLDA INTERDIT LE RASSEMBLEMENT DES FORCES VIVES DE KOLDA\"}]},{\"@type\":\"WebSite\",\"@id\":\"https:\/\/www.public.sn\/#website\",\"url\":\"https:\/\/www.public.sn\/\",\"name\":\"LE PUBLIC\",\"description\":\"\",\"publisher\":{\"@id\":\"https:\/\/www.public.sn\/#organization\"},\"potentialAction\":[{\"@type\":\"SearchAction\",\"target\":{\"@type\":\"EntryPoint\",\"urlTemplate\":\"https:\/\/www.public.sn\/?s={search_term_string}\"},\"query-input\":{\"@type\":\"PropertyValueSpecification\",\"valueRequired\":true,\"valueName\":\"search_term_string\"}}],\"inLanguage\":\"fr-FR\"},{\"@type\":\"Organization\",\"@id\":\"https:\/\/www.public.sn\/#organization\",\"name\":\"LE PUBLIC\",\"url\":\"https:\/\/www.public.sn\/\",\"logo\":{\"@type\":\"ImageObject\",\"inLanguage\":\"fr-FR\",\"@id\":\"https:\/\/www.public.sn\/#\/schema\/logo\/image\/\",\"url\":\"https:\/\/www.public.sn\/wp-content\/uploads\/2024\/05\/cropped-LOGO-PUBLIC.SN_.png\",\"contentUrl\":\"https:\/\/www.public.sn\/wp-content\/uploads\/2024\/05\/cropped-LOGO-PUBLIC.SN_.png\",\"width\":682,\"height\":192,\"caption\":\"LE PUBLIC\"},\"image\":{\"@id\":\"https:\/\/www.public.sn\/#\/schema\/logo\/image\/\"}},{\"@type\":\"Person\",\"@id\":\"https:\/\/www.public.sn\/#\/schema\/person\/cb76c8e1b8becc6be61fb5e92d6d0224\",\"name\":\"LA REDACTION\",\"image\":{\"@type\":\"ImageObject\",\"inLanguage\":\"fr-FR\",\"@id\":\"https:\/\/www.public.sn\/#\/schema\/person\/image\/\",\"url\":\"https:\/\/secure.gravatar.com\/avatar\/2dce5ddd34b8fef0180efe03aa2a9bee7d953856048f9a16b298190a3178407c?s=96&d=mm&r=g\",\"contentUrl\":\"https:\/\/secure.gravatar.com\/avatar\/2dce5ddd34b8fef0180efe03aa2a9bee7d953856048f9a16b298190a3178407c?s=96&d=mm&r=g\",\"caption\":\"LA REDACTION\"},\"url\":\"https:\/\/www.public.sn\/index.php\/author\/editeurpsn\/\"}]}<\/script>\n<!-- \/ Yoast SEO plugin. -->","yoast_head_json":{"title":"LE PR\u00c9FET DE KOLDA INTERDIT LE RASSEMBLEMENT DES FORCES VIVES DE KOLDA - LE PUBLIC","robots":{"index":"index","follow":"follow","max-snippet":"max-snippet:-1","max-image-preview":"max-image-preview:large","max-video-preview":"max-video-preview:-1"},"canonical":"https:\/\/www.public.sn\/index.php\/2022\/12\/30\/le-prefet-de-kolda-interdit-le-rassemblement-des-forces-vives-de-kolda\/","og_locale":"fr_FR","og_type":"article","og_title":"LE PR\u00c9FET DE KOLDA INTERDIT LE RASSEMBLEMENT DES FORCES VIVES DE KOLDA - LE PUBLIC","og_description":"Le pr\u00e9fet de Kolda a interdit le rassemblement pacifique dont les forces vives de Kolda l&rsquo;ont inform\u00e9 par la lettre pour exiger l&rsquo;ouverture d&rsquo;une information judiciaire sur la gestion des fonds allou\u00e9s au COVID-19 suite aux recommandations contenues dans le dernier rapport de la Cour des Comptes. Ce rassemblement devait avoir lieu ce vendredi 30 d\u00e9cembre \u00e0 partir de 15h00 \u00e0 l&rsquo;esplanade de la mairie de Kolda. Le motif fallacieux \u00e9voqu\u00e9 par le pr\u00e9fet de Kolda est: &#8211; risque de troubles \u00e0 l&rsquo;ordre public Nous appr\u00e9cions l&rsquo;arr\u00eat\u00e9 d&rsquo;interdiction ill\u00e9gale et ill\u00e9gitime du pr\u00e9fet de Kolda comme une honte. Cet arr\u00eat\u00e9 du pr\u00e9fet de Kolda est une honte car le pr\u00e9fet se transforme en SALL pr\u00e9fet qui opprime les Koldois.e.s. Les forces vives d\u00e9noncent cette interdiction pr\u00e9fectorale. Le FRAPP Kolda a \u00e9crit le 29 d\u00e9cembre 2022 le pr\u00e9fet de Kolda en l&rsquo;informant qu&rsquo;en lieu et place du rassemblement, une d\u00e9l\u00e9gation des forces vives de Kolda ira d\u00e9poser \u00e0 16h00 une lettre de protestation. &nbsp;","og_url":"https:\/\/www.public.sn\/index.php\/2022\/12\/30\/le-prefet-de-kolda-interdit-le-rassemblement-des-forces-vives-de-kolda\/","og_site_name":"LE PUBLIC","article_published_time":"2022-12-30T14:33:54+00:00","og_image":[{"width":1080,"height":763,"url":"https:\/\/www.public.sn\/wp-content\/uploads\/2022\/12\/whatsapp-image-2022-12-30-at-13.58.15.jpeg","type":"image\/jpeg"}],"author":"LA REDACTION","twitter_card":"summary_large_image","twitter_misc":{"\u00c9crit par":"LA REDACTION","Dur\u00e9e de lecture estim\u00e9e":"1 minute"},"schema":{"@context":"https:\/\/schema.org","@graph":[{"@type":"Article","@id":"https:\/\/www.public.sn\/index.php\/2022\/12\/30\/le-prefet-de-kolda-interdit-le-rassemblement-des-forces-vives-de-kolda\/#article","isPartOf":{"@id":"https:\/\/www.public.sn\/index.php\/2022\/12\/30\/le-prefet-de-kolda-interdit-le-rassemblement-des-forces-vives-de-kolda\/"},"author":{"name":"LA REDACTION","@id":"https:\/\/www.public.sn\/#\/schema\/person\/cb76c8e1b8becc6be61fb5e92d6d0224"},"headline":"LE PR\u00c9FET DE KOLDA INTERDIT LE RASSEMBLEMENT DES FORCES VIVES DE KOLDA","datePublished":"2022-12-30T14:33:54+00:00","mainEntityOfPage":{"@id":"https:\/\/www.public.sn\/index.php\/2022\/12\/30\/le-prefet-de-kolda-interdit-le-rassemblement-des-forces-vives-de-kolda\/"},"wordCount":191,"commentCount":0,"publisher":{"@id":"https:\/\/www.public.sn\/#organization"},"image":{"@id":"https:\/\/www.public.sn\/index.php\/2022\/12\/30\/le-prefet-de-kolda-interdit-le-rassemblement-des-forces-vives-de-kolda\/#primaryimage"},"thumbnailUrl":"https:\/\/www.public.sn\/wp-content\/uploads\/2022\/12\/whatsapp-image-2022-12-30-at-13.58.15.jpeg","keywords":["Macky Sall","prefet de kolda","vive kolda"],"articleSection":["ACTUALIT\u00c9S","S\u00c9N\u00c9GAL","SOCIETE"],"inLanguage":"fr-FR","potentialAction":[{"@type":"CommentAction","name":"Comment","target":["https:\/\/www.public.sn\/index.php\/2022\/12\/30\/le-prefet-de-kolda-interdit-le-rassemblement-des-forces-vives-de-kolda\/#respond"]}]},{"@type":"WebPage","@id":"https:\/\/www.public.sn\/index.php\/2022\/12\/30\/le-prefet-de-kolda-interdit-le-rassemblement-des-forces-vives-de-kolda\/","url":"https:\/\/www.public.sn\/index.php\/2022\/12\/30\/le-prefet-de-kolda-interdit-le-rassemblement-des-forces-vives-de-kolda\/","name":"LE PR\u00c9FET DE KOLDA INTERDIT LE RASSEMBLEMENT DES FORCES VIVES DE KOLDA - LE PUBLIC","isPartOf":{"@id":"https:\/\/www.public.sn\/#website"},"primaryImageOfPage":{"@id":"https:\/\/www.public.sn\/index.php\/2022\/12\/30\/le-prefet-de-kolda-interdit-le-rassemblement-des-forces-vives-de-kolda\/#primaryimage"},"image":{"@id":"https:\/\/www.public.sn\/index.php\/2022\/12\/30\/le-prefet-de-kolda-interdit-le-rassemblement-des-forces-vives-de-kolda\/#primaryimage"},"thumbnailUrl":"https:\/\/www.public.sn\/wp-content\/uploads\/2022\/12\/whatsapp-image-2022-12-30-at-13.58.15.jpeg","datePublished":"2022-12-30T14:33:54+00:00","breadcrumb":{"@id":"https:\/\/www.public.sn\/index.php\/2022\/12\/30\/le-prefet-de-kolda-interdit-le-rassemblement-des-forces-vives-de-kolda\/#breadcrumb"},"inLanguage":"fr-FR","potentialAction":[{"@type":"ReadAction","target":["https:\/\/www.public.sn\/index.php\/2022\/12\/30\/le-prefet-de-kolda-interdit-le-rassemblement-des-forces-vives-de-kolda\/"]}]},{"@type":"ImageObject","inLanguage":"fr-FR","@id":"https:\/\/www.public.sn\/index.php\/2022\/12\/30\/le-prefet-de-kolda-interdit-le-rassemblement-des-forces-vives-de-kolda\/#primaryimage","url":"https:\/\/www.public.sn\/wp-content\/uploads\/2022\/12\/whatsapp-image-2022-12-30-at-13.58.15.jpeg","contentUrl":"https:\/\/www.public.sn\/wp-content\/uploads\/2022\/12\/whatsapp-image-2022-12-30-at-13.58.15.jpeg","width":1080,"height":763},{"@type":"BreadcrumbList","@id":"https:\/\/www.public.sn\/index.php\/2022\/12\/30\/le-prefet-de-kolda-interdit-le-rassemblement-des-forces-vives-de-kolda\/#breadcrumb","itemListElement":[{"@type":"ListItem","position":1,"name":"Accueil","item":"https:\/\/www.public.sn\/"},{"@type":"ListItem","position":2,"name":"LE PR\u00c9FET DE KOLDA INTERDIT LE RASSEMBLEMENT DES FORCES VIVES DE KOLDA"}]},{"@type":"WebSite","@id":"https:\/\/www.public.sn\/#website","url":"https:\/\/www.public.sn\/","name":"LE PUBLIC","description":"","publisher":{"@id":"https:\/\/www.public.sn\/#organization"},"potentialAction":[{"@type":"SearchAction","target":{"@type":"EntryPoint","urlTemplate":"https:\/\/www.public.sn\/?s={search_term_string}"},"query-input":{"@type":"PropertyValueSpecification","valueRequired":true,"valueName":"search_term_string"}}],"inLanguage":"fr-FR"},{"@type":"Organization","@id":"https:\/\/www.public.sn\/#organization","name":"LE PUBLIC","url":"https:\/\/www.public.sn\/","logo":{"@type":"ImageObject","inLanguage":"fr-FR","@id":"https:\/\/www.public.sn\/#\/schema\/logo\/image\/","url":"https:\/\/www.public.sn\/wp-content\/uploads\/2024\/05\/cropped-LOGO-PUBLIC.SN_.png","contentUrl":"https:\/\/www.public.sn\/wp-content\/uploads\/2024\/05\/cropped-LOGO-PUBLIC.SN_.png","width":682,"height":192,"caption":"LE PUBLIC"},"image":{"@id":"https:\/\/www.public.sn\/#\/schema\/logo\/image\/"}},{"@type":"Person","@id":"https:\/\/www.public.sn\/#\/schema\/person\/cb76c8e1b8becc6be61fb5e92d6d0224","name":"LA REDACTION","image":{"@type":"ImageObject","inLanguage":"fr-FR","@id":"https:\/\/www.public.sn\/#\/schema\/person\/image\/","url":"https:\/\/secure.gravatar.com\/avatar\/2dce5ddd34b8fef0180efe03aa2a9bee7d953856048f9a16b298190a3178407c?s=96&d=mm&r=g","contentUrl":"https:\/\/secure.gravatar.com\/avatar\/2dce5ddd34b8fef0180efe03aa2a9bee7d953856048f9a16b298190a3178407c?s=96&d=mm&r=g","caption":"LA REDACTION"},"url":"https:\/\/www.public.sn\/index.php\/author\/editeurpsn\/"}]}},"jetpack_featured_media_url":"https:\/\/www.public.sn\/wp-content\/uploads\/2022\/12\/whatsapp-image-2022-12-30-at-13.58.15.jpeg","jetpack_sharing_enabled":true,"_links":{"self":[{"href":"https:\/\/www.public.sn\/index.php\/wp-json\/wp\/v2\/posts\/13087","targetHints":{"allow":["GET"]}}],"collection":[{"href":"https:\/\/www.public.sn\/index.php\/wp-json\/wp\/v2\/posts"}],"about":[{"href":"https:\/\/www.public.sn\/index.php\/wp-json\/wp\/v2\/types\/post"}],"author":[{"embeddable":true,"href":"https:\/\/www.public.sn\/index.php\/wp-json\/wp\/v2\/users\/7"}],"replies":[{"embeddable":true,"href":"https:\/\/www.public.sn\/index.php\/wp-json\/wp\/v2\/comments?post=13087"}],"version-history":[{"count":1,"href":"https:\/\/www.public.sn\/index.php\/wp-json\/wp\/v2\/posts\/13087\/revisions"}],"predecessor-version":[{"id":13089,"href":"https:\/\/www.public.sn\/index.php\/wp-json\/wp\/v2\/posts\/13087\/revisions\/13089"}],"wp:featuredmedia":[{"embeddable":true,"href":"https:\/\/www.public.sn\/index.php\/wp-json\/wp\/v2\/media\/13088"}],"wp:attachment":[{"href":"https:\/\/www.public.sn\/index.php\/wp-json\/wp\/v2\/media?parent=13087"}],"wp:term":[{"taxonomy":"category","embeddable":true,"href":"https:\/\/www.public.sn\/index.php\/wp-json\/wp\/v2\/categories?post=13087"},{"taxonomy":"post_tag","embeddable":true,"href":"https:\/\/www.public.sn\/index.php\/wp-json\/wp\/v2\/tags?post=13087"}],"curies":[{"name":"wp","href":"https:\/\/api.w.org\/{rel}","templated":true}]}}