{"id":13094,"date":"2022-12-30T16:00:05","date_gmt":"2022-12-30T16:00:05","guid":{"rendered":"https:\/\/www.public.sn\/?p=13094"},"modified":"2022-12-30T16:00:05","modified_gmt":"2022-12-30T16:00:05","slug":"pele-decede-trois-jours-de-deuil-au-bresil-un-tribut-mondial","status":"publish","type":"post","link":"https:\/\/www.public.sn\/index.php\/2022\/12\/30\/pele-decede-trois-jours-de-deuil-au-bresil-un-tribut-mondial\/","title":{"rendered":"Pel\u00e9 d\u00e9c\u00e9d\u00e9 : trois jours de deuil au Br\u00e9sil, un tribut mondial."},"content":{"rendered":"<p>Le Br\u00e9sil d\u00e9bute vendredi un deuil national de trois jours apr\u00e8s le d\u00e9c\u00e8s \u00e0 82 ans jeudi du \u00ab\u00a0Roi\u00a0\u00bb Pel\u00e9, consid\u00e9r\u00e9 comme le meilleur joueur de football de tous les temps et pleur\u00e9 \u00e0 travers la plan\u00e8te. Apr\u00e8s la mort d&rsquo;Elizabeth Il en septembre, c&rsquo;est une autre figure majeure du XXe si\u00e8cle qui dispara\u00eet en 2022, suscitant des r\u00e9actions du monde du football, mais aussi bien au-del\u00e0, de la politique ou encore de la culture.<br \/>\nLa sant\u00e9 de Pel\u00e9, seul joueur de l&rsquo;histoire \u00e0 avoir remport\u00e9 trois \u00e9ditions de la Coupe du monde (1958, 1962, 1970), \u00e9tait chancelante depuis plusieurs mois : il luttait contre un cancer du c\u00f4lon et avait \u00e9t\u00e9 hospitalis\u00e9 fin novembre \u00e0 S\u00e3o Paulo, en plein mondial au Qatar.<\/p><div class=\"publi-paragraphe1\" style=\"margin-top: 10px;margin-bottom: 10px;margin-left: auto;margin-right: auto;text-align: center;\" id=\"publi-2279698484\"><div class=\"publi-adlabel\">Publicit\u00e9<\/div><script async src=\"\/\/pagead2.googlesyndication.com\/pagead\/js\/adsbygoogle.js?client=ca-pub-4089586018074219\" crossorigin=\"anonymous\"><\/script><ins class=\"adsbygoogle\" style=\"display:block;\" data-ad-client=\"ca-pub-4089586018074219\" \ndata-ad-slot=\"2087940154\" \ndata-ad-format=\"auto\"><\/ins>\n<script> \n(adsbygoogle = window.adsbygoogle || []).push({}); \n<\/script>\n<\/div>\n<p>\u00ab\u00a0Nous t&rsquo;aimons \u00e0 l&rsquo;infini, repose en paix\u00a0\u00bb: c&rsquo;est par ces mots, publi\u00e9s sur Instagram que l&rsquo;une de ses filles, Kely Nascimento, a annonc\u00e9 le d\u00e9c\u00e8s du Br\u00e9silien le plus connu de l&rsquo;histoire, entour\u00e9 de plusieurs membres de sa famille depuis quelques jours \u00e0 l&rsquo;h\u00f4pital Albert-Einstein de S\u00e3o Paulo.<\/p>\n<p>Quelques heures plus tard, un d\u00e9cret annon\u00e7ait un \u00ab\u00a0deuil officiel\u00a0\u00bb de trois jours, \u00ab\u00a0une marque de respect apr\u00e8s le d\u00e9c\u00e8s d&rsquo;\u00c9dson Arantes do Nascimento, Pel\u00e9\u00a0\u00bb<\/p>\n<p>Une veill\u00e9e fun\u00e8bre, ouverte au public, aura lieu lundi et durera 24 heures, au stade du Santos FC, club o\u00f9 l&rsquo;\u00e9ternel num\u00e9ro 10 a brill\u00e9 de 1956 \u00e0 1974.<br \/>\nL&rsquo;enterrement, mardi, se d\u00e9roulera en revanche dans l&rsquo;intimit\u00e9 familiale, apr\u00e8s un cort\u00e8ge suivant le cercueil dans les rues de Santos, ville portuaire \u00e0 80 km de S\u00e3o Paulo qui a d\u00e9cr\u00e9t\u00e9 pour sa part un deuil de sept jours. Devant l&rsquo;h\u00f4pital de S\u00e3o Paulo o\u00f9 \u00ab\u00a0O. Rei\u00a0\u00bb est d\u00e9c\u00e9d\u00e9, des fans ont brandi une banderole o\u00f9 l&rsquo;on pouvait lire : \u00ab\u00a0Roi Pel\u00e9 \u00e9ternel\u00a0\u00bb. \u00c0 Rio de Janeiro, le Christ R\u00e9dempteur du Corcovado, monument embl\u00e9matique qui domine la baie, a \u00e9t\u00e9 illumin\u00e9 en hommage \u00e0 Pel\u00e9, tout comme le mythique stade Maracan\u00e3.<\/p>\n<p>\u00ab\u00a0Le plus grand\u00a0\u00bb<br \/>\n\u00ab\u00a0Deuil\u00a0\u00bb pour le \u00ab\u00a0roi immortel du football\u00a0\u00bb, a titr\u00e9 le quotidien br\u00e9silien O. Globo sur son site, avec des images du joueur sous le maillot national, notamment celle-ci, iconique, o\u00f9 tout sourire, il l\u00e8ve le bras droit, port\u00e9 par son co\u00e9quipier Jairzinho vu de dos avec son num\u00e9ro 7. Le monde du foot a fait part sur les r\u00e9seaux sociaux de son \u00e9motion et dessin\u00e9 la dimension du personnage. \u00ab\u00a0Il a fait du football un art\u00a0\u00bb, a \u00e9crit Neymar, son lointain successeur sous le N.10 de l&rsquo;\u00e9quipe br\u00e9silienne et qui a \u00e9gal\u00e9 au Qatar son record national de 77 buts pour la \u00ab\u00a0Sele\u00e7ao\u00a0\u00bb<br \/>\nHommages \u00e9galement des superstars actuelles Lionel Messi et Kylian Mbapp\u00e9: \u00ab\u00a0Repose en paix, Pel\u00e9\u00a0\u00bb, a souhait\u00e9 l&rsquo;Argentin, tandis que le Fran\u00e7ais relevait que \u00ab\u00a0son h\u00e9ritage ne sera(it) jamais oubli\u00e9\u00a0\u00bb<\/p>\n<p>Les Fran\u00e7ais Michel Platini et Zinedine Zidane, le Portugais Cristiano Ronaldo, \u00e9videmment d&rsquo;innombrables Br\u00e9siliens, comme l&rsquo;ex-attaquant<br \/>\nRonaldo, tous ont partag\u00e9 quelques mots et des photos en compagnie de l&rsquo;ic\u00f4ne, \u00ab\u00a0le plus grand\u00a0\u00bb, selon ses anciens co\u00e9quipiers M\u00e1rio Zagallo (Br\u00e9sil) et Franz Beckenbauer (Cosmos New York).<\/p>\n<p>Le monde politique a fait chorus, ou \u00e9quipe, jusqu&rsquo;au plus haut sommet de l&rsquo;Etat. Au Br\u00e9sil, bien s\u00fbr :<br \/>\n\u00ab\u00a0Jamais il n&rsquo;y a eu un num\u00e9ro 10 comme lui\u00a0\u00bb, a r\u00e9agi le pr\u00e9sident \u00e9lu Luiz Inacio Lula da Silva, qui sera investi dimanche. Le pr\u00e9sident sortant Jair Bolsonaro a salu\u00e9 la m\u00e9moire de celui qui a \u00ab\u00a0port\u00e9 le nom du Br\u00e9sil dans le monde entier\u00a0\u00bb<br \/>\nAilleurs, l&rsquo;Am\u00e9ricain Joe Biden a salu\u00e9 \u00ab\u00a0une histoire de ce qui est possible\u00a0\u00bb, le Fran\u00e7ais Emmanuel Macron tweet\u00e9 un triptyque \u00ab\u00a0Le Jeu. Le Roi.<br \/>\nL&rsquo;Eternit\u00e9.\u00a0\u00bb et le S\u00e9n\u00e9galais Macky Sall a applaudi \u00ab\u00a0sa virtuosit\u00e9, son g\u00e9nie et son humanisme\u00a0\u00bb<br \/>\nPel\u00e9, \u00e9lu athl\u00e8te du si\u00e8cle par le Comit\u00e9 international olympique en 1999, a \u00e9t\u00e9 un sportif hors du commun. Il y a son record de buts &#8211; 1.281 en 1.363 matches sous les maillots de Santos, son club au Br\u00e9sil (1956-74), de la Sele\u00e7ao et du Cosmos de New York (1975-77), record homologu\u00e9 par la F\u00e9d\u00e9ration internationale (FIFA).<br \/>\nMais, au-del\u00e0 des statistiques, Pel\u00e9 a r\u00e9volutionn\u00e9 le foot, joueur embl\u00e9matique du \u00ab\u00a0jogo bonito\u00a0\u00bb (beau jeu) et du Br\u00e9sil titr\u00e9 \u00e0 la Coupe du monde 1970 &#8211; \u00ab\u00a0il \u00e9tait le plus grand, et elle \u00e9tait la plus belle\u00a0\u00bb, \u00e9crit Vincent Duluc dans l&rsquo;\u00e9ditorial du quotidien sportif fran\u00e7ais L&rsquo;Equipe.<br \/>\n\u00ab\u00a0Le ballon pleure : Pel\u00e9 est mort\u00a0\u00bb, r\u00e9sume le quotidien sportif argentin Ol\u00e9, tandis qu&rsquo;un autre quotidien argentin AS consacre sa Une au c\u00e9l\u00e8bre clich\u00e9 des pieds de Pel\u00e9 pris par Annie Leibovitz qui disent tout de son incroyable parcours.<\/p>\n<p><img fetchpriority=\"high\" decoding=\"async\" class=\"alignnone size-medium wp-image-13096\" src=\"https:\/\/www.public.sn\/wp-content\/uploads\/2022\/12\/WhatsApp-Image-2022-12-30-at-16.41.28-300x200.jpeg\" alt=\"\" width=\"300\" height=\"200\" srcset=\"https:\/\/www.public.sn\/wp-content\/uploads\/2022\/12\/WhatsApp-Image-2022-12-30-at-16.41.28-300x200.jpeg 300w, https:\/\/www.public.sn\/wp-content\/uploads\/2022\/12\/WhatsApp-Image-2022-12-30-at-16.41.28-600x400.jpeg 600w, https:\/\/www.public.sn\/wp-content\/uploads\/2022\/12\/WhatsApp-Image-2022-12-30-at-16.41.28-750x500.jpeg 750w, https:\/\/www.public.sn\/wp-content\/uploads\/2022\/12\/WhatsApp-Image-2022-12-30-at-16.41.28.jpeg 768w\" sizes=\"(max-width: 300px) 100vw, 300px\" \/><\/p>\n<p>Promesse a son pere<br \/>\nN\u00e9 le 23 octobre 1940 dans une famille pauvre \u00e0 Tres<br \/>\nCora\u00e7oes, petite ville du Minas Gerais (sud-est) entour\u00e9e de plantations de caf\u00e9, le petit Edson doit vendre des cacahu\u00e8tes dans la rue pour aider ses parents.<br \/>\nLa l\u00e9gende dit que, enfant, il voit son p\u00e8re pleurer lors du \u00ab\u00a0Maracanazo\u00a0\u00bb de 1950, cette d\u00e9faite du Br\u00e9sil face \u00e0 l&rsquo;Uruguay privant le pays de son premier titre mondial, et il lui promet qu&rsquo;il le remportera.<br \/>\nEt il remplit sa promesse \u00e0 17 ans, en \u00e9claboussant la Coupe du monde 1958 en Su\u00e8de de ses buts et de sa classe. En larmes, il est port\u00e9 en triomphe par ses co\u00e9quipiers. Il est \u00e0 nouveau titr\u00e9 en 1962, m\u00eame si son tournoi est abr\u00e9g\u00e9 par une blessure &#8211; une autre \u00e9courte aussi sa participation \u00e0 l&rsquo;\u00e9dition 1966. Le Mondial 1970, le premier retransmis en couleur \u00e0 la t\u00e9l\u00e9vision, marque son apoth\u00e9ose.<br \/>\nC&rsquo;est depuis un monument national et mondial m\u00eame si, contrairement \u00e0 l&rsquo;\u00e9ternel rebelle Diego Maradona ou \u00e0 l&rsquo;idole du peuple Garrincha, il a souvent \u00e9t\u00e9 per\u00e7u au Br\u00e9sil comme un homme proche du pouvoir \u00e9tabli, y compris pendant la dictature militaire (1964-1985).<br \/>\nSa notori\u00e9t\u00e9 le poussera aussi vers d&rsquo;autres terrains &#8211; le cin\u00e9ma, la chanson et m\u00eame la politique, avec un poste de ministre des Sports (1995-1998) &#8211; parall\u00e8lement \u00e0 un trajectoire personnelle mouvement\u00e9e &#8211; trois mariages, sept entants (reconnus) et une vie de telenovela. Royale.<\/p>\n<div class=\"publi-apres-le-contenu\" style=\"margin-top: 10px;margin-bottom: 10px;margin-left: auto;margin-right: auto;text-align: center;\" id=\"publi-1696063368\"><div class=\"publi-adlabel\">Publicit\u00e9<\/div><script async src=\"\/\/pagead2.googlesyndication.com\/pagead\/js\/adsbygoogle.js?client=ca-pub-4089586018074219\" crossorigin=\"anonymous\"><\/script><ins class=\"adsbygoogle\" style=\"display:block;\" data-ad-client=\"ca-pub-4089586018074219\" \ndata-ad-slot=\"2087940154\" \ndata-ad-format=\"auto\"><\/ins>\n<script> \n(adsbygoogle = window.adsbygoogle || []).push({}); \n<\/script>\n<\/div>","protected":false},"excerpt":{"rendered":"<p>Le Br\u00e9sil d\u00e9bute vendredi un deuil national de trois jours apr\u00e8s le d\u00e9c\u00e8s \u00e0 82 ans jeudi du \u00ab\u00a0Roi\u00a0\u00bb Pel\u00e9, consid\u00e9r\u00e9 comme le meilleur joueur de football de tous les temps et pleur\u00e9 \u00e0 travers la plan\u00e8te. Apr\u00e8s la mort d&rsquo;Elizabeth Il en septembre, c&rsquo;est une autre figure majeure du XXe si\u00e8cle qui dispara\u00eet en 2022, suscitant des r\u00e9actions du monde du football, mais aussi bien au-del\u00e0, de la politique ou encore de la culture. La sant\u00e9 de Pel\u00e9, seul joueur de l&rsquo;histoire \u00e0 avoir remport\u00e9 trois \u00e9ditions de la Coupe du monde (1958, 1962, 1970), \u00e9tait chancelante depuis plusieurs mois : il luttait contre un cancer du c\u00f4lon et avait \u00e9t\u00e9 hospitalis\u00e9 fin novembre \u00e0 S\u00e3o Paulo, en plein mondial au Qatar. \u00ab\u00a0Nous t&rsquo;aimons \u00e0 l&rsquo;infini, repose en paix\u00a0\u00bb: c&rsquo;est par ces mots, publi\u00e9s sur Instagram que l&rsquo;une de ses filles, Kely Nascimento, a annonc\u00e9 le d\u00e9c\u00e8s du Br\u00e9silien le plus connu de l&rsquo;histoire, entour\u00e9 de plusieurs membres de sa famille depuis quelques jours \u00e0 l&rsquo;h\u00f4pital Albert-Einstein de S\u00e3o Paulo. Quelques heures plus tard, un d\u00e9cret annon\u00e7ait un \u00ab\u00a0deuil officiel\u00a0\u00bb de trois jours, \u00ab\u00a0une marque de respect apr\u00e8s le d\u00e9c\u00e8s d&rsquo;\u00c9dson Arantes do Nascimento, Pel\u00e9\u00a0\u00bb Une veill\u00e9e fun\u00e8bre, ouverte au public, aura lieu lundi et durera 24 heures, au stade du Santos FC, club o\u00f9 l&rsquo;\u00e9ternel num\u00e9ro 10 a brill\u00e9 de 1956 \u00e0 1974. L&rsquo;enterrement, mardi, se d\u00e9roulera en revanche dans l&rsquo;intimit\u00e9 familiale, apr\u00e8s un cort\u00e8ge suivant le cercueil dans les rues de Santos, ville portuaire \u00e0 80 km de S\u00e3o Paulo qui a d\u00e9cr\u00e9t\u00e9 pour sa part un deuil de sept jours. Devant l&rsquo;h\u00f4pital de S\u00e3o Paulo o\u00f9 \u00ab\u00a0O. Rei\u00a0\u00bb est d\u00e9c\u00e9d\u00e9, des fans ont brandi une banderole o\u00f9 l&rsquo;on pouvait lire : \u00ab\u00a0Roi Pel\u00e9 \u00e9ternel\u00a0\u00bb. \u00c0 Rio de Janeiro, le Christ R\u00e9dempteur du Corcovado, monument embl\u00e9matique qui domine la baie, a \u00e9t\u00e9 illumin\u00e9 en hommage \u00e0 Pel\u00e9, tout comme le mythique stade Maracan\u00e3. \u00ab\u00a0Le plus grand\u00a0\u00bb \u00ab\u00a0Deuil\u00a0\u00bb pour le \u00ab\u00a0roi immortel du football\u00a0\u00bb, a titr\u00e9 le quotidien br\u00e9silien O. Globo sur son site, avec des images du joueur sous le maillot national, notamment celle-ci, iconique, o\u00f9 tout sourire, il l\u00e8ve le bras droit, port\u00e9 par son co\u00e9quipier Jairzinho vu de dos avec son num\u00e9ro 7. Le monde du foot a fait part sur les r\u00e9seaux sociaux de son \u00e9motion et dessin\u00e9 la dimension du personnage. \u00ab\u00a0Il a fait du football un art\u00a0\u00bb, a \u00e9crit Neymar, son lointain successeur sous le N.10 de l&rsquo;\u00e9quipe br\u00e9silienne et qui a \u00e9gal\u00e9 au Qatar son record national de 77 buts pour la \u00ab\u00a0Sele\u00e7ao\u00a0\u00bb Hommages \u00e9galement des superstars actuelles Lionel Messi et Kylian Mbapp\u00e9: \u00ab\u00a0Repose en paix, Pel\u00e9\u00a0\u00bb, a souhait\u00e9 l&rsquo;Argentin, tandis que le Fran\u00e7ais relevait que \u00ab\u00a0son h\u00e9ritage ne sera(it) jamais oubli\u00e9\u00a0\u00bb Les Fran\u00e7ais Michel Platini et Zinedine Zidane, le Portugais Cristiano Ronaldo, \u00e9videmment d&rsquo;innombrables Br\u00e9siliens, comme l&rsquo;ex-attaquant Ronaldo, tous ont partag\u00e9 quelques mots et des photos en compagnie de l&rsquo;ic\u00f4ne, \u00ab\u00a0le plus grand\u00a0\u00bb, selon ses anciens co\u00e9quipiers M\u00e1rio Zagallo (Br\u00e9sil) et Franz Beckenbauer (Cosmos New York). Le monde politique a fait chorus, ou \u00e9quipe, jusqu&rsquo;au plus haut sommet de l&rsquo;Etat. Au Br\u00e9sil, bien s\u00fbr : \u00ab\u00a0Jamais il n&rsquo;y a eu un num\u00e9ro 10 comme lui\u00a0\u00bb, a r\u00e9agi le pr\u00e9sident \u00e9lu Luiz Inacio Lula da Silva, qui sera investi dimanche. Le pr\u00e9sident sortant Jair Bolsonaro a salu\u00e9 la m\u00e9moire de celui qui a \u00ab\u00a0port\u00e9 le nom du Br\u00e9sil dans le monde entier\u00a0\u00bb Ailleurs, l&rsquo;Am\u00e9ricain Joe Biden a salu\u00e9 \u00ab\u00a0une histoire de ce qui est possible\u00a0\u00bb, le Fran\u00e7ais Emmanuel Macron tweet\u00e9 un triptyque \u00ab\u00a0Le Jeu. Le Roi. L&rsquo;Eternit\u00e9.\u00a0\u00bb et le S\u00e9n\u00e9galais Macky Sall a applaudi \u00ab\u00a0sa virtuosit\u00e9, son g\u00e9nie et son humanisme\u00a0\u00bb Pel\u00e9, \u00e9lu athl\u00e8te du si\u00e8cle par le Comit\u00e9 international olympique en 1999, a \u00e9t\u00e9 un sportif hors du commun. Il y a son record de buts &#8211; 1.281 en 1.363 matches sous les maillots de Santos, son club au Br\u00e9sil (1956-74), de la Sele\u00e7ao et du Cosmos de New York (1975-77), record homologu\u00e9 par la F\u00e9d\u00e9ration internationale (FIFA). Mais, au-del\u00e0 des statistiques, Pel\u00e9 a r\u00e9volutionn\u00e9 le foot, joueur embl\u00e9matique du \u00ab\u00a0jogo bonito\u00a0\u00bb (beau jeu) et du Br\u00e9sil titr\u00e9 \u00e0 la Coupe du monde 1970 &#8211; \u00ab\u00a0il \u00e9tait le plus grand, et elle \u00e9tait la plus belle\u00a0\u00bb, \u00e9crit Vincent Duluc dans l&rsquo;\u00e9ditorial du quotidien sportif fran\u00e7ais L&rsquo;Equipe. \u00ab\u00a0Le ballon pleure : Pel\u00e9 est mort\u00a0\u00bb, r\u00e9sume le quotidien sportif argentin Ol\u00e9, tandis qu&rsquo;un autre quotidien argentin AS consacre sa Une au c\u00e9l\u00e8bre clich\u00e9 des pieds de Pel\u00e9 pris par Annie Leibovitz qui disent tout de son incroyable parcours. Promesse a son pere N\u00e9 le 23 octobre 1940 dans une famille pauvre \u00e0 Tres Cora\u00e7oes, petite ville du Minas Gerais (sud-est) entour\u00e9e de plantations de caf\u00e9, le petit Edson doit vendre des cacahu\u00e8tes dans la rue pour aider ses parents. La l\u00e9gende dit que, enfant, il voit son p\u00e8re pleurer lors du \u00ab\u00a0Maracanazo\u00a0\u00bb de 1950, cette d\u00e9faite du Br\u00e9sil face \u00e0 l&rsquo;Uruguay privant le pays de son premier titre mondial, et il lui promet qu&rsquo;il le remportera. Et il remplit sa promesse \u00e0 17 ans, en \u00e9claboussant la Coupe du monde 1958 en Su\u00e8de de ses buts et de sa classe. En larmes, il est port\u00e9 en triomphe par ses co\u00e9quipiers. Il est \u00e0 nouveau titr\u00e9 en 1962, m\u00eame si son tournoi est abr\u00e9g\u00e9 par une blessure &#8211; une autre \u00e9courte aussi sa participation \u00e0 l&rsquo;\u00e9dition 1966. Le Mondial 1970, le premier retransmis en couleur \u00e0 la t\u00e9l\u00e9vision, marque son apoth\u00e9ose. C&rsquo;est depuis un monument national et mondial m\u00eame si, contrairement \u00e0 l&rsquo;\u00e9ternel rebelle Diego Maradona ou \u00e0 l&rsquo;idole du peuple Garrincha, il a souvent \u00e9t\u00e9 per\u00e7u au Br\u00e9sil comme un homme proche du pouvoir \u00e9tabli, y compris pendant la dictature militaire (1964-1985). Sa notori\u00e9t\u00e9 le poussera aussi vers d&rsquo;autres terrains &#8211; le cin\u00e9ma, la chanson et m\u00eame la politique, avec un poste de ministre des Sports (1995-1998) &#8211; parall\u00e8lement \u00e0 un trajectoire personnelle mouvement\u00e9e &#8211; trois mariages, sept entants (reconnus) et une vie de telenovela. Royale.<\/p>\n","protected":false},"author":7,"featured_media":13095,"comment_status":"open","ping_status":"open","sticky":false,"template":"","format":"standard","meta":{"_jetpack_memberships_contains_paid_content":false,"footnotes":""},"categories":[375,550,3728,371,8],"tags":[65,374,3574],"class_list":["post-13094","post","type-post","status-publish","format-standard","has-post-thumbnail","hentry","category-actualites","category-afrique-monde","category-internationale","category-necrologie","category-public-tv","tag-bresil","tag-deces","tag-pele","entry","has-media","owp-thumbs-layout-horizontal","owp-btn-normal","owp-tabs-layout-horizontal","has-no-thumbnails","has-product-nav"],"yoast_head":"<!-- This site is optimized with the Yoast SEO plugin v25.5 - https:\/\/yoast.com\/wordpress\/plugins\/seo\/ -->\n<title>Pel\u00e9 d\u00e9c\u00e9d\u00e9 : trois jours de deuil au Br\u00e9sil, un tribut mondial. - LE PUBLIC<\/title>\n<meta name=\"robots\" content=\"index, follow, max-snippet:-1, max-image-preview:large, max-video-preview:-1\" \/>\n<link rel=\"canonical\" href=\"https:\/\/www.public.sn\/index.php\/2022\/12\/30\/pele-decede-trois-jours-de-deuil-au-bresil-un-tribut-mondial\/\" \/>\n<meta property=\"og:locale\" content=\"fr_FR\" \/>\n<meta property=\"og:type\" content=\"article\" \/>\n<meta property=\"og:title\" content=\"Pel\u00e9 d\u00e9c\u00e9d\u00e9 : trois jours de deuil au Br\u00e9sil, un tribut mondial. - LE PUBLIC\" \/>\n<meta property=\"og:description\" content=\"Le Br\u00e9sil d\u00e9bute vendredi un deuil national de trois jours apr\u00e8s le d\u00e9c\u00e8s \u00e0 82 ans jeudi du \u00ab\u00a0Roi\u00a0\u00bb Pel\u00e9, consid\u00e9r\u00e9 comme le meilleur joueur de football de tous les temps et pleur\u00e9 \u00e0 travers la plan\u00e8te. Apr\u00e8s la mort d&rsquo;Elizabeth Il en septembre, c&rsquo;est une autre figure majeure du XXe si\u00e8cle qui dispara\u00eet en 2022, suscitant des r\u00e9actions du monde du football, mais aussi bien au-del\u00e0, de la politique ou encore de la culture. La sant\u00e9 de Pel\u00e9, seul joueur de l&rsquo;histoire \u00e0 avoir remport\u00e9 trois \u00e9ditions de la Coupe du monde (1958, 1962, 1970), \u00e9tait chancelante depuis plusieurs mois : il luttait contre un cancer du c\u00f4lon et avait \u00e9t\u00e9 hospitalis\u00e9 fin novembre \u00e0 S\u00e3o Paulo, en plein mondial au Qatar. \u00ab\u00a0Nous t&rsquo;aimons \u00e0 l&rsquo;infini, repose en paix\u00a0\u00bb: c&rsquo;est par ces mots, publi\u00e9s sur Instagram que l&rsquo;une de ses filles, Kely Nascimento, a annonc\u00e9 le d\u00e9c\u00e8s du Br\u00e9silien le plus connu de l&rsquo;histoire, entour\u00e9 de plusieurs membres de sa famille depuis quelques jours \u00e0 l&rsquo;h\u00f4pital Albert-Einstein de S\u00e3o Paulo. Quelques heures plus tard, un d\u00e9cret annon\u00e7ait un \u00ab\u00a0deuil officiel\u00a0\u00bb de trois jours, \u00ab\u00a0une marque de respect apr\u00e8s le d\u00e9c\u00e8s d&rsquo;\u00c9dson Arantes do Nascimento, Pel\u00e9\u00a0\u00bb Une veill\u00e9e fun\u00e8bre, ouverte au public, aura lieu lundi et durera 24 heures, au stade du Santos FC, club o\u00f9 l&rsquo;\u00e9ternel num\u00e9ro 10 a brill\u00e9 de 1956 \u00e0 1974. L&rsquo;enterrement, mardi, se d\u00e9roulera en revanche dans l&rsquo;intimit\u00e9 familiale, apr\u00e8s un cort\u00e8ge suivant le cercueil dans les rues de Santos, ville portuaire \u00e0 80 km de S\u00e3o Paulo qui a d\u00e9cr\u00e9t\u00e9 pour sa part un deuil de sept jours. Devant l&rsquo;h\u00f4pital de S\u00e3o Paulo o\u00f9 \u00ab\u00a0O. Rei\u00a0\u00bb est d\u00e9c\u00e9d\u00e9, des fans ont brandi une banderole o\u00f9 l&rsquo;on pouvait lire : \u00ab\u00a0Roi Pel\u00e9 \u00e9ternel\u00a0\u00bb. \u00c0 Rio de Janeiro, le Christ R\u00e9dempteur du Corcovado, monument embl\u00e9matique qui domine la baie, a \u00e9t\u00e9 illumin\u00e9 en hommage \u00e0 Pel\u00e9, tout comme le mythique stade Maracan\u00e3. \u00ab\u00a0Le plus grand\u00a0\u00bb \u00ab\u00a0Deuil\u00a0\u00bb pour le \u00ab\u00a0roi immortel du football\u00a0\u00bb, a titr\u00e9 le quotidien br\u00e9silien O. Globo sur son site, avec des images du joueur sous le maillot national, notamment celle-ci, iconique, o\u00f9 tout sourire, il l\u00e8ve le bras droit, port\u00e9 par son co\u00e9quipier Jairzinho vu de dos avec son num\u00e9ro 7. Le monde du foot a fait part sur les r\u00e9seaux sociaux de son \u00e9motion et dessin\u00e9 la dimension du personnage. \u00ab\u00a0Il a fait du football un art\u00a0\u00bb, a \u00e9crit Neymar, son lointain successeur sous le N.10 de l&rsquo;\u00e9quipe br\u00e9silienne et qui a \u00e9gal\u00e9 au Qatar son record national de 77 buts pour la \u00ab\u00a0Sele\u00e7ao\u00a0\u00bb Hommages \u00e9galement des superstars actuelles Lionel Messi et Kylian Mbapp\u00e9: \u00ab\u00a0Repose en paix, Pel\u00e9\u00a0\u00bb, a souhait\u00e9 l&rsquo;Argentin, tandis que le Fran\u00e7ais relevait que \u00ab\u00a0son h\u00e9ritage ne sera(it) jamais oubli\u00e9\u00a0\u00bb Les Fran\u00e7ais Michel Platini et Zinedine Zidane, le Portugais Cristiano Ronaldo, \u00e9videmment d&rsquo;innombrables Br\u00e9siliens, comme l&rsquo;ex-attaquant Ronaldo, tous ont partag\u00e9 quelques mots et des photos en compagnie de l&rsquo;ic\u00f4ne, \u00ab\u00a0le plus grand\u00a0\u00bb, selon ses anciens co\u00e9quipiers M\u00e1rio Zagallo (Br\u00e9sil) et Franz Beckenbauer (Cosmos New York). Le monde politique a fait chorus, ou \u00e9quipe, jusqu&rsquo;au plus haut sommet de l&rsquo;Etat. Au Br\u00e9sil, bien s\u00fbr : \u00ab\u00a0Jamais il n&rsquo;y a eu un num\u00e9ro 10 comme lui\u00a0\u00bb, a r\u00e9agi le pr\u00e9sident \u00e9lu Luiz Inacio Lula da Silva, qui sera investi dimanche. Le pr\u00e9sident sortant Jair Bolsonaro a salu\u00e9 la m\u00e9moire de celui qui a \u00ab\u00a0port\u00e9 le nom du Br\u00e9sil dans le monde entier\u00a0\u00bb Ailleurs, l&rsquo;Am\u00e9ricain Joe Biden a salu\u00e9 \u00ab\u00a0une histoire de ce qui est possible\u00a0\u00bb, le Fran\u00e7ais Emmanuel Macron tweet\u00e9 un triptyque \u00ab\u00a0Le Jeu. Le Roi. L&rsquo;Eternit\u00e9.\u00a0\u00bb et le S\u00e9n\u00e9galais Macky Sall a applaudi \u00ab\u00a0sa virtuosit\u00e9, son g\u00e9nie et son humanisme\u00a0\u00bb Pel\u00e9, \u00e9lu athl\u00e8te du si\u00e8cle par le Comit\u00e9 international olympique en 1999, a \u00e9t\u00e9 un sportif hors du commun. Il y a son record de buts &#8211; 1.281 en 1.363 matches sous les maillots de Santos, son club au Br\u00e9sil (1956-74), de la Sele\u00e7ao et du Cosmos de New York (1975-77), record homologu\u00e9 par la F\u00e9d\u00e9ration internationale (FIFA). Mais, au-del\u00e0 des statistiques, Pel\u00e9 a r\u00e9volutionn\u00e9 le foot, joueur embl\u00e9matique du \u00ab\u00a0jogo bonito\u00a0\u00bb (beau jeu) et du Br\u00e9sil titr\u00e9 \u00e0 la Coupe du monde 1970 &#8211; \u00ab\u00a0il \u00e9tait le plus grand, et elle \u00e9tait la plus belle\u00a0\u00bb, \u00e9crit Vincent Duluc dans l&rsquo;\u00e9ditorial du quotidien sportif fran\u00e7ais L&rsquo;Equipe. \u00ab\u00a0Le ballon pleure : Pel\u00e9 est mort\u00a0\u00bb, r\u00e9sume le quotidien sportif argentin Ol\u00e9, tandis qu&rsquo;un autre quotidien argentin AS consacre sa Une au c\u00e9l\u00e8bre clich\u00e9 des pieds de Pel\u00e9 pris par Annie Leibovitz qui disent tout de son incroyable parcours. Promesse a son pere N\u00e9 le 23 octobre 1940 dans une famille pauvre \u00e0 Tres Cora\u00e7oes, petite ville du Minas Gerais (sud-est) entour\u00e9e de plantations de caf\u00e9, le petit Edson doit vendre des cacahu\u00e8tes dans la rue pour aider ses parents. La l\u00e9gende dit que, enfant, il voit son p\u00e8re pleurer lors du \u00ab\u00a0Maracanazo\u00a0\u00bb de 1950, cette d\u00e9faite du Br\u00e9sil face \u00e0 l&rsquo;Uruguay privant le pays de son premier titre mondial, et il lui promet qu&rsquo;il le remportera. Et il remplit sa promesse \u00e0 17 ans, en \u00e9claboussant la Coupe du monde 1958 en Su\u00e8de de ses buts et de sa classe. En larmes, il est port\u00e9 en triomphe par ses co\u00e9quipiers. Il est \u00e0 nouveau titr\u00e9 en 1962, m\u00eame si son tournoi est abr\u00e9g\u00e9 par une blessure &#8211; une autre \u00e9courte aussi sa participation \u00e0 l&rsquo;\u00e9dition 1966. Le Mondial 1970, le premier retransmis en couleur \u00e0 la t\u00e9l\u00e9vision, marque son apoth\u00e9ose. C&rsquo;est depuis un monument national et mondial m\u00eame si, contrairement \u00e0 l&rsquo;\u00e9ternel rebelle Diego Maradona ou \u00e0 l&rsquo;idole du peuple Garrincha, il a souvent \u00e9t\u00e9 per\u00e7u au Br\u00e9sil comme un homme proche du pouvoir \u00e9tabli, y compris pendant la dictature militaire (1964-1985). Sa notori\u00e9t\u00e9 le poussera aussi vers d&rsquo;autres terrains &#8211; le cin\u00e9ma, la chanson et m\u00eame la politique, avec un poste de ministre des Sports (1995-1998) &#8211; parall\u00e8lement \u00e0 un trajectoire personnelle mouvement\u00e9e &#8211; trois mariages, sept entants (reconnus) et une vie de telenovela. Royale.\" \/>\n<meta property=\"og:url\" content=\"https:\/\/www.public.sn\/index.php\/2022\/12\/30\/pele-decede-trois-jours-de-deuil-au-bresil-un-tribut-mondial\/\" \/>\n<meta property=\"og:site_name\" content=\"LE PUBLIC\" \/>\n<meta property=\"article:published_time\" content=\"2022-12-30T16:00:05+00:00\" \/>\n<meta property=\"og:image\" content=\"https:\/\/www.public.sn\/wp-content\/uploads\/2022\/12\/WhatsApp-Image-2022-12-30-at-16.42.10.jpeg\" \/>\n\t<meta property=\"og:image:width\" content=\"768\" \/>\n\t<meta property=\"og:image:height\" content=\"489\" \/>\n\t<meta property=\"og:image:type\" content=\"image\/jpeg\" \/>\n<meta name=\"author\" content=\"LA REDACTION\" \/>\n<meta name=\"twitter:card\" content=\"summary_large_image\" \/>\n<meta name=\"twitter:label1\" content=\"\u00c9crit par\" \/>\n\t<meta name=\"twitter:data1\" content=\"LA REDACTION\" \/>\n\t<meta name=\"twitter:label2\" content=\"Dur\u00e9e de lecture estim\u00e9e\" \/>\n\t<meta name=\"twitter:data2\" content=\"6 minutes\" \/>\n<script type=\"application\/ld+json\" class=\"yoast-schema-graph\">{\"@context\":\"https:\/\/schema.org\",\"@graph\":[{\"@type\":\"Article\",\"@id\":\"https:\/\/www.public.sn\/index.php\/2022\/12\/30\/pele-decede-trois-jours-de-deuil-au-bresil-un-tribut-mondial\/#article\",\"isPartOf\":{\"@id\":\"https:\/\/www.public.sn\/index.php\/2022\/12\/30\/pele-decede-trois-jours-de-deuil-au-bresil-un-tribut-mondial\/\"},\"author\":{\"name\":\"LA REDACTION\",\"@id\":\"https:\/\/www.public.sn\/#\/schema\/person\/cb76c8e1b8becc6be61fb5e92d6d0224\"},\"headline\":\"Pel\u00e9 d\u00e9c\u00e9d\u00e9 : trois jours de deuil au Br\u00e9sil, un tribut mondial.\",\"datePublished\":\"2022-12-30T16:00:05+00:00\",\"mainEntityOfPage\":{\"@id\":\"https:\/\/www.public.sn\/index.php\/2022\/12\/30\/pele-decede-trois-jours-de-deuil-au-bresil-un-tribut-mondial\/\"},\"wordCount\":1058,\"commentCount\":0,\"publisher\":{\"@id\":\"https:\/\/www.public.sn\/#organization\"},\"image\":{\"@id\":\"https:\/\/www.public.sn\/index.php\/2022\/12\/30\/pele-decede-trois-jours-de-deuil-au-bresil-un-tribut-mondial\/#primaryimage\"},\"thumbnailUrl\":\"https:\/\/www.public.sn\/wp-content\/uploads\/2022\/12\/WhatsApp-Image-2022-12-30-at-16.42.10.jpeg\",\"keywords\":[\"Br\u00e9sil\",\"d\u00e9c\u00e8s\",\"pel\u00e9\"],\"articleSection\":[\"ACTUALIT\u00c9S\",\"AFRIQUE &amp; MONDE\",\"internationale\",\"N\u00c9CROLOGIE\",\"PUBLIC TV\"],\"inLanguage\":\"fr-FR\",\"potentialAction\":[{\"@type\":\"CommentAction\",\"name\":\"Comment\",\"target\":[\"https:\/\/www.public.sn\/index.php\/2022\/12\/30\/pele-decede-trois-jours-de-deuil-au-bresil-un-tribut-mondial\/#respond\"]}]},{\"@type\":\"WebPage\",\"@id\":\"https:\/\/www.public.sn\/index.php\/2022\/12\/30\/pele-decede-trois-jours-de-deuil-au-bresil-un-tribut-mondial\/\",\"url\":\"https:\/\/www.public.sn\/index.php\/2022\/12\/30\/pele-decede-trois-jours-de-deuil-au-bresil-un-tribut-mondial\/\",\"name\":\"Pel\u00e9 d\u00e9c\u00e9d\u00e9 : trois jours de deuil au Br\u00e9sil, un tribut mondial. - LE PUBLIC\",\"isPartOf\":{\"@id\":\"https:\/\/www.public.sn\/#website\"},\"primaryImageOfPage\":{\"@id\":\"https:\/\/www.public.sn\/index.php\/2022\/12\/30\/pele-decede-trois-jours-de-deuil-au-bresil-un-tribut-mondial\/#primaryimage\"},\"image\":{\"@id\":\"https:\/\/www.public.sn\/index.php\/2022\/12\/30\/pele-decede-trois-jours-de-deuil-au-bresil-un-tribut-mondial\/#primaryimage\"},\"thumbnailUrl\":\"https:\/\/www.public.sn\/wp-content\/uploads\/2022\/12\/WhatsApp-Image-2022-12-30-at-16.42.10.jpeg\",\"datePublished\":\"2022-12-30T16:00:05+00:00\",\"breadcrumb\":{\"@id\":\"https:\/\/www.public.sn\/index.php\/2022\/12\/30\/pele-decede-trois-jours-de-deuil-au-bresil-un-tribut-mondial\/#breadcrumb\"},\"inLanguage\":\"fr-FR\",\"potentialAction\":[{\"@type\":\"ReadAction\",\"target\":[\"https:\/\/www.public.sn\/index.php\/2022\/12\/30\/pele-decede-trois-jours-de-deuil-au-bresil-un-tribut-mondial\/\"]}]},{\"@type\":\"ImageObject\",\"inLanguage\":\"fr-FR\",\"@id\":\"https:\/\/www.public.sn\/index.php\/2022\/12\/30\/pele-decede-trois-jours-de-deuil-au-bresil-un-tribut-mondial\/#primaryimage\",\"url\":\"https:\/\/www.public.sn\/wp-content\/uploads\/2022\/12\/WhatsApp-Image-2022-12-30-at-16.42.10.jpeg\",\"contentUrl\":\"https:\/\/www.public.sn\/wp-content\/uploads\/2022\/12\/WhatsApp-Image-2022-12-30-at-16.42.10.jpeg\",\"width\":768,\"height\":489},{\"@type\":\"BreadcrumbList\",\"@id\":\"https:\/\/www.public.sn\/index.php\/2022\/12\/30\/pele-decede-trois-jours-de-deuil-au-bresil-un-tribut-mondial\/#breadcrumb\",\"itemListElement\":[{\"@type\":\"ListItem\",\"position\":1,\"name\":\"Accueil\",\"item\":\"https:\/\/www.public.sn\/\"},{\"@type\":\"ListItem\",\"position\":2,\"name\":\"Pel\u00e9 d\u00e9c\u00e9d\u00e9 : trois jours de deuil au Br\u00e9sil, un tribut mondial.\"}]},{\"@type\":\"WebSite\",\"@id\":\"https:\/\/www.public.sn\/#website\",\"url\":\"https:\/\/www.public.sn\/\",\"name\":\"LE PUBLIC\",\"description\":\"\",\"publisher\":{\"@id\":\"https:\/\/www.public.sn\/#organization\"},\"potentialAction\":[{\"@type\":\"SearchAction\",\"target\":{\"@type\":\"EntryPoint\",\"urlTemplate\":\"https:\/\/www.public.sn\/?s={search_term_string}\"},\"query-input\":{\"@type\":\"PropertyValueSpecification\",\"valueRequired\":true,\"valueName\":\"search_term_string\"}}],\"inLanguage\":\"fr-FR\"},{\"@type\":\"Organization\",\"@id\":\"https:\/\/www.public.sn\/#organization\",\"name\":\"LE PUBLIC\",\"url\":\"https:\/\/www.public.sn\/\",\"logo\":{\"@type\":\"ImageObject\",\"inLanguage\":\"fr-FR\",\"@id\":\"https:\/\/www.public.sn\/#\/schema\/logo\/image\/\",\"url\":\"https:\/\/www.public.sn\/wp-content\/uploads\/2024\/05\/cropped-LOGO-PUBLIC.SN_.png\",\"contentUrl\":\"https:\/\/www.public.sn\/wp-content\/uploads\/2024\/05\/cropped-LOGO-PUBLIC.SN_.png\",\"width\":682,\"height\":192,\"caption\":\"LE PUBLIC\"},\"image\":{\"@id\":\"https:\/\/www.public.sn\/#\/schema\/logo\/image\/\"}},{\"@type\":\"Person\",\"@id\":\"https:\/\/www.public.sn\/#\/schema\/person\/cb76c8e1b8becc6be61fb5e92d6d0224\",\"name\":\"LA REDACTION\",\"image\":{\"@type\":\"ImageObject\",\"inLanguage\":\"fr-FR\",\"@id\":\"https:\/\/www.public.sn\/#\/schema\/person\/image\/\",\"url\":\"https:\/\/secure.gravatar.com\/avatar\/2dce5ddd34b8fef0180efe03aa2a9bee7d953856048f9a16b298190a3178407c?s=96&d=mm&r=g\",\"contentUrl\":\"https:\/\/secure.gravatar.com\/avatar\/2dce5ddd34b8fef0180efe03aa2a9bee7d953856048f9a16b298190a3178407c?s=96&d=mm&r=g\",\"caption\":\"LA REDACTION\"},\"url\":\"https:\/\/www.public.sn\/index.php\/author\/editeurpsn\/\"}]}<\/script>\n<!-- \/ Yoast SEO plugin. -->","yoast_head_json":{"title":"Pel\u00e9 d\u00e9c\u00e9d\u00e9 : trois jours de deuil au Br\u00e9sil, un tribut mondial. - LE PUBLIC","robots":{"index":"index","follow":"follow","max-snippet":"max-snippet:-1","max-image-preview":"max-image-preview:large","max-video-preview":"max-video-preview:-1"},"canonical":"https:\/\/www.public.sn\/index.php\/2022\/12\/30\/pele-decede-trois-jours-de-deuil-au-bresil-un-tribut-mondial\/","og_locale":"fr_FR","og_type":"article","og_title":"Pel\u00e9 d\u00e9c\u00e9d\u00e9 : trois jours de deuil au Br\u00e9sil, un tribut mondial. - LE PUBLIC","og_description":"Le Br\u00e9sil d\u00e9bute vendredi un deuil national de trois jours apr\u00e8s le d\u00e9c\u00e8s \u00e0 82 ans jeudi du \u00ab\u00a0Roi\u00a0\u00bb Pel\u00e9, consid\u00e9r\u00e9 comme le meilleur joueur de football de tous les temps et pleur\u00e9 \u00e0 travers la plan\u00e8te. Apr\u00e8s la mort d&rsquo;Elizabeth Il en septembre, c&rsquo;est une autre figure majeure du XXe si\u00e8cle qui dispara\u00eet en 2022, suscitant des r\u00e9actions du monde du football, mais aussi bien au-del\u00e0, de la politique ou encore de la culture. La sant\u00e9 de Pel\u00e9, seul joueur de l&rsquo;histoire \u00e0 avoir remport\u00e9 trois \u00e9ditions de la Coupe du monde (1958, 1962, 1970), \u00e9tait chancelante depuis plusieurs mois : il luttait contre un cancer du c\u00f4lon et avait \u00e9t\u00e9 hospitalis\u00e9 fin novembre \u00e0 S\u00e3o Paulo, en plein mondial au Qatar. \u00ab\u00a0Nous t&rsquo;aimons \u00e0 l&rsquo;infini, repose en paix\u00a0\u00bb: c&rsquo;est par ces mots, publi\u00e9s sur Instagram que l&rsquo;une de ses filles, Kely Nascimento, a annonc\u00e9 le d\u00e9c\u00e8s du Br\u00e9silien le plus connu de l&rsquo;histoire, entour\u00e9 de plusieurs membres de sa famille depuis quelques jours \u00e0 l&rsquo;h\u00f4pital Albert-Einstein de S\u00e3o Paulo. Quelques heures plus tard, un d\u00e9cret annon\u00e7ait un \u00ab\u00a0deuil officiel\u00a0\u00bb de trois jours, \u00ab\u00a0une marque de respect apr\u00e8s le d\u00e9c\u00e8s d&rsquo;\u00c9dson Arantes do Nascimento, Pel\u00e9\u00a0\u00bb Une veill\u00e9e fun\u00e8bre, ouverte au public, aura lieu lundi et durera 24 heures, au stade du Santos FC, club o\u00f9 l&rsquo;\u00e9ternel num\u00e9ro 10 a brill\u00e9 de 1956 \u00e0 1974. L&rsquo;enterrement, mardi, se d\u00e9roulera en revanche dans l&rsquo;intimit\u00e9 familiale, apr\u00e8s un cort\u00e8ge suivant le cercueil dans les rues de Santos, ville portuaire \u00e0 80 km de S\u00e3o Paulo qui a d\u00e9cr\u00e9t\u00e9 pour sa part un deuil de sept jours. Devant l&rsquo;h\u00f4pital de S\u00e3o Paulo o\u00f9 \u00ab\u00a0O. Rei\u00a0\u00bb est d\u00e9c\u00e9d\u00e9, des fans ont brandi une banderole o\u00f9 l&rsquo;on pouvait lire : \u00ab\u00a0Roi Pel\u00e9 \u00e9ternel\u00a0\u00bb. \u00c0 Rio de Janeiro, le Christ R\u00e9dempteur du Corcovado, monument embl\u00e9matique qui domine la baie, a \u00e9t\u00e9 illumin\u00e9 en hommage \u00e0 Pel\u00e9, tout comme le mythique stade Maracan\u00e3. \u00ab\u00a0Le plus grand\u00a0\u00bb \u00ab\u00a0Deuil\u00a0\u00bb pour le \u00ab\u00a0roi immortel du football\u00a0\u00bb, a titr\u00e9 le quotidien br\u00e9silien O. Globo sur son site, avec des images du joueur sous le maillot national, notamment celle-ci, iconique, o\u00f9 tout sourire, il l\u00e8ve le bras droit, port\u00e9 par son co\u00e9quipier Jairzinho vu de dos avec son num\u00e9ro 7. Le monde du foot a fait part sur les r\u00e9seaux sociaux de son \u00e9motion et dessin\u00e9 la dimension du personnage. \u00ab\u00a0Il a fait du football un art\u00a0\u00bb, a \u00e9crit Neymar, son lointain successeur sous le N.10 de l&rsquo;\u00e9quipe br\u00e9silienne et qui a \u00e9gal\u00e9 au Qatar son record national de 77 buts pour la \u00ab\u00a0Sele\u00e7ao\u00a0\u00bb Hommages \u00e9galement des superstars actuelles Lionel Messi et Kylian Mbapp\u00e9: \u00ab\u00a0Repose en paix, Pel\u00e9\u00a0\u00bb, a souhait\u00e9 l&rsquo;Argentin, tandis que le Fran\u00e7ais relevait que \u00ab\u00a0son h\u00e9ritage ne sera(it) jamais oubli\u00e9\u00a0\u00bb Les Fran\u00e7ais Michel Platini et Zinedine Zidane, le Portugais Cristiano Ronaldo, \u00e9videmment d&rsquo;innombrables Br\u00e9siliens, comme l&rsquo;ex-attaquant Ronaldo, tous ont partag\u00e9 quelques mots et des photos en compagnie de l&rsquo;ic\u00f4ne, \u00ab\u00a0le plus grand\u00a0\u00bb, selon ses anciens co\u00e9quipiers M\u00e1rio Zagallo (Br\u00e9sil) et Franz Beckenbauer (Cosmos New York). Le monde politique a fait chorus, ou \u00e9quipe, jusqu&rsquo;au plus haut sommet de l&rsquo;Etat. Au Br\u00e9sil, bien s\u00fbr : \u00ab\u00a0Jamais il n&rsquo;y a eu un num\u00e9ro 10 comme lui\u00a0\u00bb, a r\u00e9agi le pr\u00e9sident \u00e9lu Luiz Inacio Lula da Silva, qui sera investi dimanche. Le pr\u00e9sident sortant Jair Bolsonaro a salu\u00e9 la m\u00e9moire de celui qui a \u00ab\u00a0port\u00e9 le nom du Br\u00e9sil dans le monde entier\u00a0\u00bb Ailleurs, l&rsquo;Am\u00e9ricain Joe Biden a salu\u00e9 \u00ab\u00a0une histoire de ce qui est possible\u00a0\u00bb, le Fran\u00e7ais Emmanuel Macron tweet\u00e9 un triptyque \u00ab\u00a0Le Jeu. Le Roi. L&rsquo;Eternit\u00e9.\u00a0\u00bb et le S\u00e9n\u00e9galais Macky Sall a applaudi \u00ab\u00a0sa virtuosit\u00e9, son g\u00e9nie et son humanisme\u00a0\u00bb Pel\u00e9, \u00e9lu athl\u00e8te du si\u00e8cle par le Comit\u00e9 international olympique en 1999, a \u00e9t\u00e9 un sportif hors du commun. Il y a son record de buts &#8211; 1.281 en 1.363 matches sous les maillots de Santos, son club au Br\u00e9sil (1956-74), de la Sele\u00e7ao et du Cosmos de New York (1975-77), record homologu\u00e9 par la F\u00e9d\u00e9ration internationale (FIFA). Mais, au-del\u00e0 des statistiques, Pel\u00e9 a r\u00e9volutionn\u00e9 le foot, joueur embl\u00e9matique du \u00ab\u00a0jogo bonito\u00a0\u00bb (beau jeu) et du Br\u00e9sil titr\u00e9 \u00e0 la Coupe du monde 1970 &#8211; \u00ab\u00a0il \u00e9tait le plus grand, et elle \u00e9tait la plus belle\u00a0\u00bb, \u00e9crit Vincent Duluc dans l&rsquo;\u00e9ditorial du quotidien sportif fran\u00e7ais L&rsquo;Equipe. \u00ab\u00a0Le ballon pleure : Pel\u00e9 est mort\u00a0\u00bb, r\u00e9sume le quotidien sportif argentin Ol\u00e9, tandis qu&rsquo;un autre quotidien argentin AS consacre sa Une au c\u00e9l\u00e8bre clich\u00e9 des pieds de Pel\u00e9 pris par Annie Leibovitz qui disent tout de son incroyable parcours. Promesse a son pere N\u00e9 le 23 octobre 1940 dans une famille pauvre \u00e0 Tres Cora\u00e7oes, petite ville du Minas Gerais (sud-est) entour\u00e9e de plantations de caf\u00e9, le petit Edson doit vendre des cacahu\u00e8tes dans la rue pour aider ses parents. La l\u00e9gende dit que, enfant, il voit son p\u00e8re pleurer lors du \u00ab\u00a0Maracanazo\u00a0\u00bb de 1950, cette d\u00e9faite du Br\u00e9sil face \u00e0 l&rsquo;Uruguay privant le pays de son premier titre mondial, et il lui promet qu&rsquo;il le remportera. Et il remplit sa promesse \u00e0 17 ans, en \u00e9claboussant la Coupe du monde 1958 en Su\u00e8de de ses buts et de sa classe. En larmes, il est port\u00e9 en triomphe par ses co\u00e9quipiers. Il est \u00e0 nouveau titr\u00e9 en 1962, m\u00eame si son tournoi est abr\u00e9g\u00e9 par une blessure &#8211; une autre \u00e9courte aussi sa participation \u00e0 l&rsquo;\u00e9dition 1966. Le Mondial 1970, le premier retransmis en couleur \u00e0 la t\u00e9l\u00e9vision, marque son apoth\u00e9ose. C&rsquo;est depuis un monument national et mondial m\u00eame si, contrairement \u00e0 l&rsquo;\u00e9ternel rebelle Diego Maradona ou \u00e0 l&rsquo;idole du peuple Garrincha, il a souvent \u00e9t\u00e9 per\u00e7u au Br\u00e9sil comme un homme proche du pouvoir \u00e9tabli, y compris pendant la dictature militaire (1964-1985). Sa notori\u00e9t\u00e9 le poussera aussi vers d&rsquo;autres terrains &#8211; le cin\u00e9ma, la chanson et m\u00eame la politique, avec un poste de ministre des Sports (1995-1998) &#8211; parall\u00e8lement \u00e0 un trajectoire personnelle mouvement\u00e9e &#8211; trois mariages, sept entants (reconnus) et une vie de telenovela. Royale.","og_url":"https:\/\/www.public.sn\/index.php\/2022\/12\/30\/pele-decede-trois-jours-de-deuil-au-bresil-un-tribut-mondial\/","og_site_name":"LE PUBLIC","article_published_time":"2022-12-30T16:00:05+00:00","og_image":[{"width":768,"height":489,"url":"https:\/\/www.public.sn\/wp-content\/uploads\/2022\/12\/WhatsApp-Image-2022-12-30-at-16.42.10.jpeg","type":"image\/jpeg"}],"author":"LA REDACTION","twitter_card":"summary_large_image","twitter_misc":{"\u00c9crit par":"LA REDACTION","Dur\u00e9e de lecture estim\u00e9e":"6 minutes"},"schema":{"@context":"https:\/\/schema.org","@graph":[{"@type":"Article","@id":"https:\/\/www.public.sn\/index.php\/2022\/12\/30\/pele-decede-trois-jours-de-deuil-au-bresil-un-tribut-mondial\/#article","isPartOf":{"@id":"https:\/\/www.public.sn\/index.php\/2022\/12\/30\/pele-decede-trois-jours-de-deuil-au-bresil-un-tribut-mondial\/"},"author":{"name":"LA REDACTION","@id":"https:\/\/www.public.sn\/#\/schema\/person\/cb76c8e1b8becc6be61fb5e92d6d0224"},"headline":"Pel\u00e9 d\u00e9c\u00e9d\u00e9 : trois jours de deuil au Br\u00e9sil, un tribut mondial.","datePublished":"2022-12-30T16:00:05+00:00","mainEntityOfPage":{"@id":"https:\/\/www.public.sn\/index.php\/2022\/12\/30\/pele-decede-trois-jours-de-deuil-au-bresil-un-tribut-mondial\/"},"wordCount":1058,"commentCount":0,"publisher":{"@id":"https:\/\/www.public.sn\/#organization"},"image":{"@id":"https:\/\/www.public.sn\/index.php\/2022\/12\/30\/pele-decede-trois-jours-de-deuil-au-bresil-un-tribut-mondial\/#primaryimage"},"thumbnailUrl":"https:\/\/www.public.sn\/wp-content\/uploads\/2022\/12\/WhatsApp-Image-2022-12-30-at-16.42.10.jpeg","keywords":["Br\u00e9sil","d\u00e9c\u00e8s","pel\u00e9"],"articleSection":["ACTUALIT\u00c9S","AFRIQUE &amp; MONDE","internationale","N\u00c9CROLOGIE","PUBLIC TV"],"inLanguage":"fr-FR","potentialAction":[{"@type":"CommentAction","name":"Comment","target":["https:\/\/www.public.sn\/index.php\/2022\/12\/30\/pele-decede-trois-jours-de-deuil-au-bresil-un-tribut-mondial\/#respond"]}]},{"@type":"WebPage","@id":"https:\/\/www.public.sn\/index.php\/2022\/12\/30\/pele-decede-trois-jours-de-deuil-au-bresil-un-tribut-mondial\/","url":"https:\/\/www.public.sn\/index.php\/2022\/12\/30\/pele-decede-trois-jours-de-deuil-au-bresil-un-tribut-mondial\/","name":"Pel\u00e9 d\u00e9c\u00e9d\u00e9 : trois jours de deuil au Br\u00e9sil, un tribut mondial. - LE PUBLIC","isPartOf":{"@id":"https:\/\/www.public.sn\/#website"},"primaryImageOfPage":{"@id":"https:\/\/www.public.sn\/index.php\/2022\/12\/30\/pele-decede-trois-jours-de-deuil-au-bresil-un-tribut-mondial\/#primaryimage"},"image":{"@id":"https:\/\/www.public.sn\/index.php\/2022\/12\/30\/pele-decede-trois-jours-de-deuil-au-bresil-un-tribut-mondial\/#primaryimage"},"thumbnailUrl":"https:\/\/www.public.sn\/wp-content\/uploads\/2022\/12\/WhatsApp-Image-2022-12-30-at-16.42.10.jpeg","datePublished":"2022-12-30T16:00:05+00:00","breadcrumb":{"@id":"https:\/\/www.public.sn\/index.php\/2022\/12\/30\/pele-decede-trois-jours-de-deuil-au-bresil-un-tribut-mondial\/#breadcrumb"},"inLanguage":"fr-FR","potentialAction":[{"@type":"ReadAction","target":["https:\/\/www.public.sn\/index.php\/2022\/12\/30\/pele-decede-trois-jours-de-deuil-au-bresil-un-tribut-mondial\/"]}]},{"@type":"ImageObject","inLanguage":"fr-FR","@id":"https:\/\/www.public.sn\/index.php\/2022\/12\/30\/pele-decede-trois-jours-de-deuil-au-bresil-un-tribut-mondial\/#primaryimage","url":"https:\/\/www.public.sn\/wp-content\/uploads\/2022\/12\/WhatsApp-Image-2022-12-30-at-16.42.10.jpeg","contentUrl":"https:\/\/www.public.sn\/wp-content\/uploads\/2022\/12\/WhatsApp-Image-2022-12-30-at-16.42.10.jpeg","width":768,"height":489},{"@type":"BreadcrumbList","@id":"https:\/\/www.public.sn\/index.php\/2022\/12\/30\/pele-decede-trois-jours-de-deuil-au-bresil-un-tribut-mondial\/#breadcrumb","itemListElement":[{"@type":"ListItem","position":1,"name":"Accueil","item":"https:\/\/www.public.sn\/"},{"@type":"ListItem","position":2,"name":"Pel\u00e9 d\u00e9c\u00e9d\u00e9 : trois jours de deuil au Br\u00e9sil, un tribut mondial."}]},{"@type":"WebSite","@id":"https:\/\/www.public.sn\/#website","url":"https:\/\/www.public.sn\/","name":"LE PUBLIC","description":"","publisher":{"@id":"https:\/\/www.public.sn\/#organization"},"potentialAction":[{"@type":"SearchAction","target":{"@type":"EntryPoint","urlTemplate":"https:\/\/www.public.sn\/?s={search_term_string}"},"query-input":{"@type":"PropertyValueSpecification","valueRequired":true,"valueName":"search_term_string"}}],"inLanguage":"fr-FR"},{"@type":"Organization","@id":"https:\/\/www.public.sn\/#organization","name":"LE PUBLIC","url":"https:\/\/www.public.sn\/","logo":{"@type":"ImageObject","inLanguage":"fr-FR","@id":"https:\/\/www.public.sn\/#\/schema\/logo\/image\/","url":"https:\/\/www.public.sn\/wp-content\/uploads\/2024\/05\/cropped-LOGO-PUBLIC.SN_.png","contentUrl":"https:\/\/www.public.sn\/wp-content\/uploads\/2024\/05\/cropped-LOGO-PUBLIC.SN_.png","width":682,"height":192,"caption":"LE PUBLIC"},"image":{"@id":"https:\/\/www.public.sn\/#\/schema\/logo\/image\/"}},{"@type":"Person","@id":"https:\/\/www.public.sn\/#\/schema\/person\/cb76c8e1b8becc6be61fb5e92d6d0224","name":"LA REDACTION","image":{"@type":"ImageObject","inLanguage":"fr-FR","@id":"https:\/\/www.public.sn\/#\/schema\/person\/image\/","url":"https:\/\/secure.gravatar.com\/avatar\/2dce5ddd34b8fef0180efe03aa2a9bee7d953856048f9a16b298190a3178407c?s=96&d=mm&r=g","contentUrl":"https:\/\/secure.gravatar.com\/avatar\/2dce5ddd34b8fef0180efe03aa2a9bee7d953856048f9a16b298190a3178407c?s=96&d=mm&r=g","caption":"LA REDACTION"},"url":"https:\/\/www.public.sn\/index.php\/author\/editeurpsn\/"}]}},"jetpack_featured_media_url":"https:\/\/www.public.sn\/wp-content\/uploads\/2022\/12\/WhatsApp-Image-2022-12-30-at-16.42.10.jpeg","jetpack_sharing_enabled":true,"_links":{"self":[{"href":"https:\/\/www.public.sn\/index.php\/wp-json\/wp\/v2\/posts\/13094","targetHints":{"allow":["GET"]}}],"collection":[{"href":"https:\/\/www.public.sn\/index.php\/wp-json\/wp\/v2\/posts"}],"about":[{"href":"https:\/\/www.public.sn\/index.php\/wp-json\/wp\/v2\/types\/post"}],"author":[{"embeddable":true,"href":"https:\/\/www.public.sn\/index.php\/wp-json\/wp\/v2\/users\/7"}],"replies":[{"embeddable":true,"href":"https:\/\/www.public.sn\/index.php\/wp-json\/wp\/v2\/comments?post=13094"}],"version-history":[{"count":1,"href":"https:\/\/www.public.sn\/index.php\/wp-json\/wp\/v2\/posts\/13094\/revisions"}],"predecessor-version":[{"id":13097,"href":"https:\/\/www.public.sn\/index.php\/wp-json\/wp\/v2\/posts\/13094\/revisions\/13097"}],"wp:featuredmedia":[{"embeddable":true,"href":"https:\/\/www.public.sn\/index.php\/wp-json\/wp\/v2\/media\/13095"}],"wp:attachment":[{"href":"https:\/\/www.public.sn\/index.php\/wp-json\/wp\/v2\/media?parent=13094"}],"wp:term":[{"taxonomy":"category","embeddable":true,"href":"https:\/\/www.public.sn\/index.php\/wp-json\/wp\/v2\/categories?post=13094"},{"taxonomy":"post_tag","embeddable":true,"href":"https:\/\/www.public.sn\/index.php\/wp-json\/wp\/v2\/tags?post=13094"}],"curies":[{"name":"wp","href":"https:\/\/api.w.org\/{rel}","templated":true}]}}