{"id":13105,"date":"2022-12-30T16:44:04","date_gmt":"2022-12-30T16:44:04","guid":{"rendered":"https:\/\/www.public.sn\/?p=13105"},"modified":"2022-12-30T16:44:04","modified_gmt":"2022-12-30T16:44:04","slug":"khalifa-sall-je-serai-president-de-la-republique","status":"publish","type":"post","link":"https:\/\/www.public.sn\/index.php\/2022\/12\/30\/khalifa-sall-je-serai-president-de-la-republique\/","title":{"rendered":"Khalifa Sall : \u00ab Je serai pr\u00e9sident de la R\u00e9publique \u00bb"},"content":{"rendered":"<p>Khalifa Ababacar Sall sort de sa r\u00e9serve. Le pr\u00e9sident de la coalition Taxawu S\u00e9n\u00e9gal engage la conqu\u00eate du pouvoir pour la pr\u00e9sidentielle de f\u00e9vrier 2024 o\u00f9 il se voit vainqueur devant n\u2019importe quel adversaire.\u00a0<em>\u00ab\u00a0Inch Allah, je serai candidat et je battrais n\u2019importe lequel des candidats. Donc, je serai pr\u00e9sident de la R\u00e9publique\u00a0\u00bb<\/em>, a-t-il d\u00e9clar\u00e9 dans l\u2019\u00e9mission Grand Format publi\u00e9e dans les colonnes de Sud Quotidien. L\u2019ancien maire de Dakar de rajouter :\u00a0<em>\u00ab\u00a0Mais parce que c\u2019est de la politique. Nous sommes en train de nous donner les moyens de le r\u00e9gler. Je ne le dis pas ici. Vous oubliez que quand on me mettait en prison, j\u2019\u00e9tais responsable socialiste, j\u2019\u00e9tais membre de Benno Bokk Yaakaar, j\u2019\u00e9tais dans le pouvoir, je n\u2019ai pas n\u00e9goci\u00e9. Aujourd\u2019hui, je suis hors du pouvoir, le Ps m\u2019a renvoy\u00e9. Je suis dans l\u2019opposition. J\u2019ai \u00e9t\u00e9 \u00e9cart\u00e9 politiquement, je me battrais politiquement et vous savez que le contexte actuel est favorable \u00e0 ce que je dis mais je ne vais rien d\u00e9florer. \u00c7a vaut dire que de la m\u00eame mani\u00e8re que j\u2019ai \u00e9t\u00e9 mis dans cette situation, nous nous battrons pour qu\u2019une autre situation soit cr\u00e9\u00e9e. Mais ce que je peux vous garantir, c\u2019est que je serai candidat.\u00a0\u00bb<\/em><\/p><div class=\"publi-paragraphe1\" style=\"margin-top: 10px;margin-bottom: 10px;margin-left: auto;margin-right: auto;text-align: center;\" id=\"publi-2256694463\"><div class=\"publi-adlabel\">Publicit\u00e9<\/div><script async src=\"\/\/pagead2.googlesyndication.com\/pagead\/js\/adsbygoogle.js?client=ca-pub-4089586018074219\" crossorigin=\"anonymous\"><\/script><ins class=\"adsbygoogle\" style=\"display:block;\" data-ad-client=\"ca-pub-4089586018074219\" \ndata-ad-slot=\"2087940154\" \ndata-ad-format=\"auto\"><\/ins>\n<script> \n(adsbygoogle = window.adsbygoogle || []).push({}); \n<\/script>\n<\/div>\n<div class=\"publi-apres-le-contenu\" style=\"margin-top: 10px;margin-bottom: 10px;margin-left: auto;margin-right: auto;text-align: center;\" id=\"publi-2690358387\"><div class=\"publi-adlabel\">Publicit\u00e9<\/div><script async src=\"\/\/pagead2.googlesyndication.com\/pagead\/js\/adsbygoogle.js?client=ca-pub-4089586018074219\" crossorigin=\"anonymous\"><\/script><ins class=\"adsbygoogle\" style=\"display:block;\" data-ad-client=\"ca-pub-4089586018074219\" \ndata-ad-slot=\"2087940154\" \ndata-ad-format=\"auto\"><\/ins>\n<script> \n(adsbygoogle = window.adsbygoogle || []).push({}); \n<\/script>\n<\/div>","protected":false},"excerpt":{"rendered":"<p>Khalifa Ababacar Sall sort de sa r\u00e9serve. Le pr\u00e9sident de la coalition Taxawu S\u00e9n\u00e9gal engage la conqu\u00eate du pouvoir pour la pr\u00e9sidentielle de f\u00e9vrier 2024 o\u00f9 il se voit vainqueur devant n\u2019importe quel adversaire.\u00a0\u00ab\u00a0Inch Allah, je serai candidat et je battrais n\u2019importe lequel des candidats. Donc, je serai pr\u00e9sident de la R\u00e9publique\u00a0\u00bb, a-t-il d\u00e9clar\u00e9 dans l\u2019\u00e9mission Grand Format publi\u00e9e dans les colonnes de Sud Quotidien. L\u2019ancien maire de Dakar de rajouter :\u00a0\u00ab\u00a0Mais parce que c\u2019est de la politique. Nous sommes en train de nous donner les moyens de le r\u00e9gler. Je ne le dis pas ici. Vous oubliez que quand on me mettait en prison, j\u2019\u00e9tais responsable socialiste, j\u2019\u00e9tais membre de Benno Bokk Yaakaar, j\u2019\u00e9tais dans le pouvoir, je n\u2019ai pas n\u00e9goci\u00e9. Aujourd\u2019hui, je suis hors du pouvoir, le Ps m\u2019a renvoy\u00e9. Je suis dans l\u2019opposition. J\u2019ai \u00e9t\u00e9 \u00e9cart\u00e9 politiquement, je me battrais politiquement et vous savez que le contexte actuel est favorable \u00e0 ce que je dis mais je ne vais rien d\u00e9florer. \u00c7a vaut dire que de la m\u00eame mani\u00e8re que j\u2019ai \u00e9t\u00e9 mis dans cette situation, nous nous battrons pour qu\u2019une autre situation soit cr\u00e9\u00e9e. Mais ce que je peux vous garantir, c\u2019est que je serai candidat.\u00a0\u00bb<\/p>\n","protected":false},"author":7,"featured_media":13106,"comment_status":"open","ping_status":"open","sticky":false,"template":"","format":"standard","meta":{"_jetpack_memberships_contains_paid_content":false,"footnotes":""},"categories":[375,3,8],"tags":[1714,30,17,352],"class_list":["post-13105","post","type-post","status-publish","format-standard","has-post-thumbnail","hentry","category-actualites","category-politique","category-public-tv","tag-1714","tag-khalifa-sall","tag-opposition","tag-presidence","entry","has-media","owp-thumbs-layout-horizontal","owp-btn-normal","owp-tabs-layout-horizontal","has-no-thumbnails","has-product-nav"],"yoast_head":"<!-- This site is optimized with the Yoast SEO plugin v25.5 - https:\/\/yoast.com\/wordpress\/plugins\/seo\/ -->\n<title>Khalifa Sall : \u00ab Je serai pr\u00e9sident de la R\u00e9publique \u00bb - LE PUBLIC<\/title>\n<meta name=\"robots\" content=\"index, follow, max-snippet:-1, max-image-preview:large, max-video-preview:-1\" \/>\n<link rel=\"canonical\" href=\"https:\/\/www.public.sn\/index.php\/2022\/12\/30\/khalifa-sall-je-serai-president-de-la-republique\/\" \/>\n<meta property=\"og:locale\" content=\"fr_FR\" \/>\n<meta property=\"og:type\" content=\"article\" \/>\n<meta property=\"og:title\" content=\"Khalifa Sall : \u00ab Je serai pr\u00e9sident de la R\u00e9publique \u00bb - LE PUBLIC\" \/>\n<meta property=\"og:description\" content=\"Khalifa Ababacar Sall sort de sa r\u00e9serve. Le pr\u00e9sident de la coalition Taxawu S\u00e9n\u00e9gal engage la conqu\u00eate du pouvoir pour la pr\u00e9sidentielle de f\u00e9vrier 2024 o\u00f9 il se voit vainqueur devant n\u2019importe quel adversaire.\u00a0\u00ab\u00a0Inch Allah, je serai candidat et je battrais n\u2019importe lequel des candidats. Donc, je serai pr\u00e9sident de la R\u00e9publique\u00a0\u00bb, a-t-il d\u00e9clar\u00e9 dans l\u2019\u00e9mission Grand Format publi\u00e9e dans les colonnes de Sud Quotidien. L\u2019ancien maire de Dakar de rajouter :\u00a0\u00ab\u00a0Mais parce que c\u2019est de la politique. Nous sommes en train de nous donner les moyens de le r\u00e9gler. Je ne le dis pas ici. Vous oubliez que quand on me mettait en prison, j\u2019\u00e9tais responsable socialiste, j\u2019\u00e9tais membre de Benno Bokk Yaakaar, j\u2019\u00e9tais dans le pouvoir, je n\u2019ai pas n\u00e9goci\u00e9. Aujourd\u2019hui, je suis hors du pouvoir, le Ps m\u2019a renvoy\u00e9. Je suis dans l\u2019opposition. J\u2019ai \u00e9t\u00e9 \u00e9cart\u00e9 politiquement, je me battrais politiquement et vous savez que le contexte actuel est favorable \u00e0 ce que je dis mais je ne vais rien d\u00e9florer. \u00c7a vaut dire que de la m\u00eame mani\u00e8re que j\u2019ai \u00e9t\u00e9 mis dans cette situation, nous nous battrons pour qu\u2019une autre situation soit cr\u00e9\u00e9e. Mais ce que je peux vous garantir, c\u2019est que je serai candidat.\u00a0\u00bb\" \/>\n<meta property=\"og:url\" content=\"https:\/\/www.public.sn\/index.php\/2022\/12\/30\/khalifa-sall-je-serai-president-de-la-republique\/\" \/>\n<meta property=\"og:site_name\" content=\"LE PUBLIC\" \/>\n<meta property=\"article:published_time\" content=\"2022-12-30T16:44:04+00:00\" \/>\n<meta property=\"og:image\" content=\"https:\/\/www.public.sn\/wp-content\/uploads\/2022\/12\/xalifasall_10.jpg\" \/>\n\t<meta property=\"og:image:width\" content=\"688\" \/>\n\t<meta property=\"og:image:height\" content=\"459\" \/>\n\t<meta property=\"og:image:type\" content=\"image\/jpeg\" \/>\n<meta name=\"author\" content=\"LA REDACTION\" \/>\n<meta name=\"twitter:card\" content=\"summary_large_image\" \/>\n<meta name=\"twitter:label1\" content=\"\u00c9crit par\" \/>\n\t<meta name=\"twitter:data1\" content=\"LA REDACTION\" \/>\n\t<meta name=\"twitter:label2\" content=\"Dur\u00e9e de lecture estim\u00e9e\" \/>\n\t<meta name=\"twitter:data2\" content=\"2 minutes\" \/>\n<script type=\"application\/ld+json\" class=\"yoast-schema-graph\">{\"@context\":\"https:\/\/schema.org\",\"@graph\":[{\"@type\":\"Article\",\"@id\":\"https:\/\/www.public.sn\/index.php\/2022\/12\/30\/khalifa-sall-je-serai-president-de-la-republique\/#article\",\"isPartOf\":{\"@id\":\"https:\/\/www.public.sn\/index.php\/2022\/12\/30\/khalifa-sall-je-serai-president-de-la-republique\/\"},\"author\":{\"name\":\"LA REDACTION\",\"@id\":\"https:\/\/www.public.sn\/#\/schema\/person\/cb76c8e1b8becc6be61fb5e92d6d0224\"},\"headline\":\"Khalifa Sall : \u00ab Je serai pr\u00e9sident de la R\u00e9publique \u00bb\",\"datePublished\":\"2022-12-30T16:44:04+00:00\",\"mainEntityOfPage\":{\"@id\":\"https:\/\/www.public.sn\/index.php\/2022\/12\/30\/khalifa-sall-je-serai-president-de-la-republique\/\"},\"wordCount\":242,\"commentCount\":0,\"publisher\":{\"@id\":\"https:\/\/www.public.sn\/#organization\"},\"image\":{\"@id\":\"https:\/\/www.public.sn\/index.php\/2022\/12\/30\/khalifa-sall-je-serai-president-de-la-republique\/#primaryimage\"},\"thumbnailUrl\":\"https:\/\/www.public.sn\/wp-content\/uploads\/2022\/12\/xalifasall_10.jpg\",\"keywords\":[\"2024\",\"Khalifa Sall\",\"Opposition\",\"Pr\u00e9sidence\"],\"articleSection\":[\"ACTUALIT\u00c9S\",\"POLITIQUE\",\"PUBLIC TV\"],\"inLanguage\":\"fr-FR\",\"potentialAction\":[{\"@type\":\"CommentAction\",\"name\":\"Comment\",\"target\":[\"https:\/\/www.public.sn\/index.php\/2022\/12\/30\/khalifa-sall-je-serai-president-de-la-republique\/#respond\"]}]},{\"@type\":\"WebPage\",\"@id\":\"https:\/\/www.public.sn\/index.php\/2022\/12\/30\/khalifa-sall-je-serai-president-de-la-republique\/\",\"url\":\"https:\/\/www.public.sn\/index.php\/2022\/12\/30\/khalifa-sall-je-serai-president-de-la-republique\/\",\"name\":\"Khalifa Sall : \u00ab Je serai pr\u00e9sident de la R\u00e9publique \u00bb - LE PUBLIC\",\"isPartOf\":{\"@id\":\"https:\/\/www.public.sn\/#website\"},\"primaryImageOfPage\":{\"@id\":\"https:\/\/www.public.sn\/index.php\/2022\/12\/30\/khalifa-sall-je-serai-president-de-la-republique\/#primaryimage\"},\"image\":{\"@id\":\"https:\/\/www.public.sn\/index.php\/2022\/12\/30\/khalifa-sall-je-serai-president-de-la-republique\/#primaryimage\"},\"thumbnailUrl\":\"https:\/\/www.public.sn\/wp-content\/uploads\/2022\/12\/xalifasall_10.jpg\",\"datePublished\":\"2022-12-30T16:44:04+00:00\",\"breadcrumb\":{\"@id\":\"https:\/\/www.public.sn\/index.php\/2022\/12\/30\/khalifa-sall-je-serai-president-de-la-republique\/#breadcrumb\"},\"inLanguage\":\"fr-FR\",\"potentialAction\":[{\"@type\":\"ReadAction\",\"target\":[\"https:\/\/www.public.sn\/index.php\/2022\/12\/30\/khalifa-sall-je-serai-president-de-la-republique\/\"]}]},{\"@type\":\"ImageObject\",\"inLanguage\":\"fr-FR\",\"@id\":\"https:\/\/www.public.sn\/index.php\/2022\/12\/30\/khalifa-sall-je-serai-president-de-la-republique\/#primaryimage\",\"url\":\"https:\/\/www.public.sn\/wp-content\/uploads\/2022\/12\/xalifasall_10.jpg\",\"contentUrl\":\"https:\/\/www.public.sn\/wp-content\/uploads\/2022\/12\/xalifasall_10.jpg\",\"width\":688,\"height\":459},{\"@type\":\"BreadcrumbList\",\"@id\":\"https:\/\/www.public.sn\/index.php\/2022\/12\/30\/khalifa-sall-je-serai-president-de-la-republique\/#breadcrumb\",\"itemListElement\":[{\"@type\":\"ListItem\",\"position\":1,\"name\":\"Accueil\",\"item\":\"https:\/\/www.public.sn\/\"},{\"@type\":\"ListItem\",\"position\":2,\"name\":\"Khalifa Sall : \u00ab Je serai pr\u00e9sident de la R\u00e9publique \u00bb\"}]},{\"@type\":\"WebSite\",\"@id\":\"https:\/\/www.public.sn\/#website\",\"url\":\"https:\/\/www.public.sn\/\",\"name\":\"LE PUBLIC\",\"description\":\"\",\"publisher\":{\"@id\":\"https:\/\/www.public.sn\/#organization\"},\"potentialAction\":[{\"@type\":\"SearchAction\",\"target\":{\"@type\":\"EntryPoint\",\"urlTemplate\":\"https:\/\/www.public.sn\/?s={search_term_string}\"},\"query-input\":{\"@type\":\"PropertyValueSpecification\",\"valueRequired\":true,\"valueName\":\"search_term_string\"}}],\"inLanguage\":\"fr-FR\"},{\"@type\":\"Organization\",\"@id\":\"https:\/\/www.public.sn\/#organization\",\"name\":\"LE PUBLIC\",\"url\":\"https:\/\/www.public.sn\/\",\"logo\":{\"@type\":\"ImageObject\",\"inLanguage\":\"fr-FR\",\"@id\":\"https:\/\/www.public.sn\/#\/schema\/logo\/image\/\",\"url\":\"https:\/\/www.public.sn\/wp-content\/uploads\/2024\/05\/cropped-LOGO-PUBLIC.SN_.png\",\"contentUrl\":\"https:\/\/www.public.sn\/wp-content\/uploads\/2024\/05\/cropped-LOGO-PUBLIC.SN_.png\",\"width\":682,\"height\":192,\"caption\":\"LE PUBLIC\"},\"image\":{\"@id\":\"https:\/\/www.public.sn\/#\/schema\/logo\/image\/\"}},{\"@type\":\"Person\",\"@id\":\"https:\/\/www.public.sn\/#\/schema\/person\/cb76c8e1b8becc6be61fb5e92d6d0224\",\"name\":\"LA REDACTION\",\"image\":{\"@type\":\"ImageObject\",\"inLanguage\":\"fr-FR\",\"@id\":\"https:\/\/www.public.sn\/#\/schema\/person\/image\/\",\"url\":\"https:\/\/secure.gravatar.com\/avatar\/2dce5ddd34b8fef0180efe03aa2a9bee7d953856048f9a16b298190a3178407c?s=96&d=mm&r=g\",\"contentUrl\":\"https:\/\/secure.gravatar.com\/avatar\/2dce5ddd34b8fef0180efe03aa2a9bee7d953856048f9a16b298190a3178407c?s=96&d=mm&r=g\",\"caption\":\"LA REDACTION\"},\"url\":\"https:\/\/www.public.sn\/index.php\/author\/editeurpsn\/\"}]}<\/script>\n<!-- \/ Yoast SEO plugin. -->","yoast_head_json":{"title":"Khalifa Sall : \u00ab Je serai pr\u00e9sident de la R\u00e9publique \u00bb - LE PUBLIC","robots":{"index":"index","follow":"follow","max-snippet":"max-snippet:-1","max-image-preview":"max-image-preview:large","max-video-preview":"max-video-preview:-1"},"canonical":"https:\/\/www.public.sn\/index.php\/2022\/12\/30\/khalifa-sall-je-serai-president-de-la-republique\/","og_locale":"fr_FR","og_type":"article","og_title":"Khalifa Sall : \u00ab Je serai pr\u00e9sident de la R\u00e9publique \u00bb - LE PUBLIC","og_description":"Khalifa Ababacar Sall sort de sa r\u00e9serve. Le pr\u00e9sident de la coalition Taxawu S\u00e9n\u00e9gal engage la conqu\u00eate du pouvoir pour la pr\u00e9sidentielle de f\u00e9vrier 2024 o\u00f9 il se voit vainqueur devant n\u2019importe quel adversaire.\u00a0\u00ab\u00a0Inch Allah, je serai candidat et je battrais n\u2019importe lequel des candidats. Donc, je serai pr\u00e9sident de la R\u00e9publique\u00a0\u00bb, a-t-il d\u00e9clar\u00e9 dans l\u2019\u00e9mission Grand Format publi\u00e9e dans les colonnes de Sud Quotidien. L\u2019ancien maire de Dakar de rajouter :\u00a0\u00ab\u00a0Mais parce que c\u2019est de la politique. Nous sommes en train de nous donner les moyens de le r\u00e9gler. Je ne le dis pas ici. Vous oubliez que quand on me mettait en prison, j\u2019\u00e9tais responsable socialiste, j\u2019\u00e9tais membre de Benno Bokk Yaakaar, j\u2019\u00e9tais dans le pouvoir, je n\u2019ai pas n\u00e9goci\u00e9. Aujourd\u2019hui, je suis hors du pouvoir, le Ps m\u2019a renvoy\u00e9. Je suis dans l\u2019opposition. J\u2019ai \u00e9t\u00e9 \u00e9cart\u00e9 politiquement, je me battrais politiquement et vous savez que le contexte actuel est favorable \u00e0 ce que je dis mais je ne vais rien d\u00e9florer. \u00c7a vaut dire que de la m\u00eame mani\u00e8re que j\u2019ai \u00e9t\u00e9 mis dans cette situation, nous nous battrons pour qu\u2019une autre situation soit cr\u00e9\u00e9e. Mais ce que je peux vous garantir, c\u2019est que je serai candidat.\u00a0\u00bb","og_url":"https:\/\/www.public.sn\/index.php\/2022\/12\/30\/khalifa-sall-je-serai-president-de-la-republique\/","og_site_name":"LE PUBLIC","article_published_time":"2022-12-30T16:44:04+00:00","og_image":[{"width":688,"height":459,"url":"https:\/\/www.public.sn\/wp-content\/uploads\/2022\/12\/xalifasall_10.jpg","type":"image\/jpeg"}],"author":"LA REDACTION","twitter_card":"summary_large_image","twitter_misc":{"\u00c9crit par":"LA REDACTION","Dur\u00e9e de lecture estim\u00e9e":"2 minutes"},"schema":{"@context":"https:\/\/schema.org","@graph":[{"@type":"Article","@id":"https:\/\/www.public.sn\/index.php\/2022\/12\/30\/khalifa-sall-je-serai-president-de-la-republique\/#article","isPartOf":{"@id":"https:\/\/www.public.sn\/index.php\/2022\/12\/30\/khalifa-sall-je-serai-president-de-la-republique\/"},"author":{"name":"LA REDACTION","@id":"https:\/\/www.public.sn\/#\/schema\/person\/cb76c8e1b8becc6be61fb5e92d6d0224"},"headline":"Khalifa Sall : \u00ab Je serai pr\u00e9sident de la R\u00e9publique \u00bb","datePublished":"2022-12-30T16:44:04+00:00","mainEntityOfPage":{"@id":"https:\/\/www.public.sn\/index.php\/2022\/12\/30\/khalifa-sall-je-serai-president-de-la-republique\/"},"wordCount":242,"commentCount":0,"publisher":{"@id":"https:\/\/www.public.sn\/#organization"},"image":{"@id":"https:\/\/www.public.sn\/index.php\/2022\/12\/30\/khalifa-sall-je-serai-president-de-la-republique\/#primaryimage"},"thumbnailUrl":"https:\/\/www.public.sn\/wp-content\/uploads\/2022\/12\/xalifasall_10.jpg","keywords":["2024","Khalifa Sall","Opposition","Pr\u00e9sidence"],"articleSection":["ACTUALIT\u00c9S","POLITIQUE","PUBLIC TV"],"inLanguage":"fr-FR","potentialAction":[{"@type":"CommentAction","name":"Comment","target":["https:\/\/www.public.sn\/index.php\/2022\/12\/30\/khalifa-sall-je-serai-president-de-la-republique\/#respond"]}]},{"@type":"WebPage","@id":"https:\/\/www.public.sn\/index.php\/2022\/12\/30\/khalifa-sall-je-serai-president-de-la-republique\/","url":"https:\/\/www.public.sn\/index.php\/2022\/12\/30\/khalifa-sall-je-serai-president-de-la-republique\/","name":"Khalifa Sall : \u00ab Je serai pr\u00e9sident de la R\u00e9publique \u00bb - LE PUBLIC","isPartOf":{"@id":"https:\/\/www.public.sn\/#website"},"primaryImageOfPage":{"@id":"https:\/\/www.public.sn\/index.php\/2022\/12\/30\/khalifa-sall-je-serai-president-de-la-republique\/#primaryimage"},"image":{"@id":"https:\/\/www.public.sn\/index.php\/2022\/12\/30\/khalifa-sall-je-serai-president-de-la-republique\/#primaryimage"},"thumbnailUrl":"https:\/\/www.public.sn\/wp-content\/uploads\/2022\/12\/xalifasall_10.jpg","datePublished":"2022-12-30T16:44:04+00:00","breadcrumb":{"@id":"https:\/\/www.public.sn\/index.php\/2022\/12\/30\/khalifa-sall-je-serai-president-de-la-republique\/#breadcrumb"},"inLanguage":"fr-FR","potentialAction":[{"@type":"ReadAction","target":["https:\/\/www.public.sn\/index.php\/2022\/12\/30\/khalifa-sall-je-serai-president-de-la-republique\/"]}]},{"@type":"ImageObject","inLanguage":"fr-FR","@id":"https:\/\/www.public.sn\/index.php\/2022\/12\/30\/khalifa-sall-je-serai-president-de-la-republique\/#primaryimage","url":"https:\/\/www.public.sn\/wp-content\/uploads\/2022\/12\/xalifasall_10.jpg","contentUrl":"https:\/\/www.public.sn\/wp-content\/uploads\/2022\/12\/xalifasall_10.jpg","width":688,"height":459},{"@type":"BreadcrumbList","@id":"https:\/\/www.public.sn\/index.php\/2022\/12\/30\/khalifa-sall-je-serai-president-de-la-republique\/#breadcrumb","itemListElement":[{"@type":"ListItem","position":1,"name":"Accueil","item":"https:\/\/www.public.sn\/"},{"@type":"ListItem","position":2,"name":"Khalifa Sall : \u00ab Je serai pr\u00e9sident de la R\u00e9publique \u00bb"}]},{"@type":"WebSite","@id":"https:\/\/www.public.sn\/#website","url":"https:\/\/www.public.sn\/","name":"LE PUBLIC","description":"","publisher":{"@id":"https:\/\/www.public.sn\/#organization"},"potentialAction":[{"@type":"SearchAction","target":{"@type":"EntryPoint","urlTemplate":"https:\/\/www.public.sn\/?s={search_term_string}"},"query-input":{"@type":"PropertyValueSpecification","valueRequired":true,"valueName":"search_term_string"}}],"inLanguage":"fr-FR"},{"@type":"Organization","@id":"https:\/\/www.public.sn\/#organization","name":"LE PUBLIC","url":"https:\/\/www.public.sn\/","logo":{"@type":"ImageObject","inLanguage":"fr-FR","@id":"https:\/\/www.public.sn\/#\/schema\/logo\/image\/","url":"https:\/\/www.public.sn\/wp-content\/uploads\/2024\/05\/cropped-LOGO-PUBLIC.SN_.png","contentUrl":"https:\/\/www.public.sn\/wp-content\/uploads\/2024\/05\/cropped-LOGO-PUBLIC.SN_.png","width":682,"height":192,"caption":"LE PUBLIC"},"image":{"@id":"https:\/\/www.public.sn\/#\/schema\/logo\/image\/"}},{"@type":"Person","@id":"https:\/\/www.public.sn\/#\/schema\/person\/cb76c8e1b8becc6be61fb5e92d6d0224","name":"LA REDACTION","image":{"@type":"ImageObject","inLanguage":"fr-FR","@id":"https:\/\/www.public.sn\/#\/schema\/person\/image\/","url":"https:\/\/secure.gravatar.com\/avatar\/2dce5ddd34b8fef0180efe03aa2a9bee7d953856048f9a16b298190a3178407c?s=96&d=mm&r=g","contentUrl":"https:\/\/secure.gravatar.com\/avatar\/2dce5ddd34b8fef0180efe03aa2a9bee7d953856048f9a16b298190a3178407c?s=96&d=mm&r=g","caption":"LA REDACTION"},"url":"https:\/\/www.public.sn\/index.php\/author\/editeurpsn\/"}]}},"jetpack_featured_media_url":"https:\/\/www.public.sn\/wp-content\/uploads\/2022\/12\/xalifasall_10.jpg","jetpack_sharing_enabled":true,"_links":{"self":[{"href":"https:\/\/www.public.sn\/index.php\/wp-json\/wp\/v2\/posts\/13105","targetHints":{"allow":["GET"]}}],"collection":[{"href":"https:\/\/www.public.sn\/index.php\/wp-json\/wp\/v2\/posts"}],"about":[{"href":"https:\/\/www.public.sn\/index.php\/wp-json\/wp\/v2\/types\/post"}],"author":[{"embeddable":true,"href":"https:\/\/www.public.sn\/index.php\/wp-json\/wp\/v2\/users\/7"}],"replies":[{"embeddable":true,"href":"https:\/\/www.public.sn\/index.php\/wp-json\/wp\/v2\/comments?post=13105"}],"version-history":[{"count":1,"href":"https:\/\/www.public.sn\/index.php\/wp-json\/wp\/v2\/posts\/13105\/revisions"}],"predecessor-version":[{"id":13107,"href":"https:\/\/www.public.sn\/index.php\/wp-json\/wp\/v2\/posts\/13105\/revisions\/13107"}],"wp:featuredmedia":[{"embeddable":true,"href":"https:\/\/www.public.sn\/index.php\/wp-json\/wp\/v2\/media\/13106"}],"wp:attachment":[{"href":"https:\/\/www.public.sn\/index.php\/wp-json\/wp\/v2\/media?parent=13105"}],"wp:term":[{"taxonomy":"category","embeddable":true,"href":"https:\/\/www.public.sn\/index.php\/wp-json\/wp\/v2\/categories?post=13105"},{"taxonomy":"post_tag","embeddable":true,"href":"https:\/\/www.public.sn\/index.php\/wp-json\/wp\/v2\/tags?post=13105"}],"curies":[{"name":"wp","href":"https:\/\/api.w.org\/{rel}","templated":true}]}}