{"id":13111,"date":"2022-12-30T17:07:40","date_gmt":"2022-12-30T17:07:40","guid":{"rendered":"https:\/\/www.public.sn\/?p=13111"},"modified":"2022-12-30T17:07:40","modified_gmt":"2022-12-30T17:07:40","slug":"khalifa-sall-je-ne-serais-rien-dautre-que-socialiste","status":"publish","type":"post","link":"https:\/\/www.public.sn\/index.php\/2022\/12\/30\/khalifa-sall-je-ne-serais-rien-dautre-que-socialiste\/","title":{"rendered":"Khalifa Sall : \u00ab Je ne serais rien d\u2019autre que socialiste \u00bb"},"content":{"rendered":"<p>L\u2019histoire est loin d\u2019\u00eatre termin\u00e9e entre Khalifa Sall et le Parti Socialiste. Le leader Taxawu S\u00e9n\u00e9gal se consid\u00e8re toujours comme un socialiste.\u00a0<em>\u00ab\u00a0Non je suis socialiste. Pourquoi, vous trouvez \u00e7a fini. Taxawu n\u2019est pas une partie mais une plateforme. Ce que j\u2019ai dit est clair. Je suis militant socialiste. On m\u2019a exclu du parti de mani\u00e8re irr\u00e9guli\u00e8re. Quand nous a exclus, Aissata Tall Sall, Barth\u00e9l\u00e9my Dias, moi-m\u00eame avons fait un recours aupr\u00e8s du tribunal. Le juge a consid\u00e9r\u00e9 recevable notre requ\u00eate. On y a mis le coude dessus. Jusqu\u2019\u00e0 pr\u00e9sent, ce n\u2019est pas vid\u00e9\u00a0\u00bb<\/em>, a-t-il d\u00e9clar\u00e9.<\/p><div class=\"publi-paragraphe1\" style=\"margin-top: 10px;margin-bottom: 10px;margin-left: auto;margin-right: auto;text-align: center;\" id=\"publi-2037011252\"><div class=\"publi-adlabel\">Publicit\u00e9<\/div><script async src=\"\/\/pagead2.googlesyndication.com\/pagead\/js\/adsbygoogle.js?client=ca-pub-4089586018074219\" crossorigin=\"anonymous\"><\/script><ins class=\"adsbygoogle\" style=\"display:block;\" data-ad-client=\"ca-pub-4089586018074219\" \ndata-ad-slot=\"2087940154\" \ndata-ad-format=\"auto\"><\/ins>\n<script> \n(adsbygoogle = window.adsbygoogle || []).push({}); \n<\/script>\n<\/div>\n<p>Khalifa Sall de rembobiner :\u00a0<em>\u00ab\u00a0C\u2019est \u00e7a la v\u00e9rit\u00e9. C\u2019est Macky qui a aid\u00e9 le Ps et la justice \u00e0 mettre le coude. Nous, on a fait notre recours avec Aissata et Barth\u00e9l\u00e9my. Le juge a dit que c\u2019\u00e9tait recevable. Depuis lors, on a qu\u2019\u00e0 lever le coude, qu\u2019on le revoit. Est-ce que la proc\u00e9dure de d\u00e9cision concernant notre exclusion est valide ou non ? Ce PS, je le connais. Ces textes, je les connais\u00a0\u00bb<\/em>, conclut le leader de Yewwi.<\/p>\n<div class=\"publi-apres-le-contenu\" style=\"margin-top: 10px;margin-bottom: 10px;margin-left: auto;margin-right: auto;text-align: center;\" id=\"publi-4093007569\"><div class=\"publi-adlabel\">Publicit\u00e9<\/div><script async src=\"\/\/pagead2.googlesyndication.com\/pagead\/js\/adsbygoogle.js?client=ca-pub-4089586018074219\" crossorigin=\"anonymous\"><\/script><ins class=\"adsbygoogle\" style=\"display:block;\" data-ad-client=\"ca-pub-4089586018074219\" \ndata-ad-slot=\"2087940154\" \ndata-ad-format=\"auto\"><\/ins>\n<script> \n(adsbygoogle = window.adsbygoogle || []).push({}); \n<\/script>\n<\/div>","protected":false},"excerpt":{"rendered":"<p>L\u2019histoire est loin d\u2019\u00eatre termin\u00e9e entre Khalifa Sall et le Parti Socialiste. Le leader Taxawu S\u00e9n\u00e9gal se consid\u00e8re toujours comme un socialiste.\u00a0\u00ab\u00a0Non je suis socialiste. Pourquoi, vous trouvez \u00e7a fini. Taxawu n\u2019est pas une partie mais une plateforme. Ce que j\u2019ai dit est clair. Je suis militant socialiste. On m\u2019a exclu du parti de mani\u00e8re irr\u00e9guli\u00e8re. Quand nous a exclus, Aissata Tall Sall, Barth\u00e9l\u00e9my Dias, moi-m\u00eame avons fait un recours aupr\u00e8s du tribunal. Le juge a consid\u00e9r\u00e9 recevable notre requ\u00eate. On y a mis le coude dessus. Jusqu\u2019\u00e0 pr\u00e9sent, ce n\u2019est pas vid\u00e9\u00a0\u00bb, a-t-il d\u00e9clar\u00e9. Khalifa Sall de rembobiner :\u00a0\u00ab\u00a0C\u2019est \u00e7a la v\u00e9rit\u00e9. C\u2019est Macky qui a aid\u00e9 le Ps et la justice \u00e0 mettre le coude. Nous, on a fait notre recours avec Aissata et Barth\u00e9l\u00e9my. Le juge a dit que c\u2019\u00e9tait recevable. Depuis lors, on a qu\u2019\u00e0 lever le coude, qu\u2019on le revoit. Est-ce que la proc\u00e9dure de d\u00e9cision concernant notre exclusion est valide ou non ? Ce PS, je le connais. Ces textes, je les connais\u00a0\u00bb, conclut le leader de Yewwi.<\/p>\n","protected":false},"author":7,"featured_media":13112,"comment_status":"open","ping_status":"open","sticky":false,"template":"","format":"standard","meta":{"_jetpack_memberships_contains_paid_content":false,"footnotes":""},"categories":[375,3,8,1],"tags":[30,809],"class_list":["post-13111","post","type-post","status-publish","format-standard","has-post-thumbnail","hentry","category-actualites","category-politique","category-public-tv","category-non-classe","tag-khalifa-sall","tag-ps","entry","has-media","owp-thumbs-layout-horizontal","owp-btn-normal","owp-tabs-layout-horizontal","has-no-thumbnails","has-product-nav"],"yoast_head":"<!-- This site is optimized with the Yoast SEO plugin v25.5 - https:\/\/yoast.com\/wordpress\/plugins\/seo\/ -->\n<title>Khalifa Sall : \u00ab Je ne serais rien d\u2019autre que socialiste \u00bb - LE PUBLIC<\/title>\n<meta name=\"robots\" content=\"index, follow, max-snippet:-1, max-image-preview:large, max-video-preview:-1\" \/>\n<link rel=\"canonical\" href=\"https:\/\/www.public.sn\/index.php\/2022\/12\/30\/khalifa-sall-je-ne-serais-rien-dautre-que-socialiste\/\" \/>\n<meta property=\"og:locale\" content=\"fr_FR\" \/>\n<meta property=\"og:type\" content=\"article\" \/>\n<meta property=\"og:title\" content=\"Khalifa Sall : \u00ab Je ne serais rien d\u2019autre que socialiste \u00bb - LE PUBLIC\" \/>\n<meta property=\"og:description\" content=\"L\u2019histoire est loin d\u2019\u00eatre termin\u00e9e entre Khalifa Sall et le Parti Socialiste. Le leader Taxawu S\u00e9n\u00e9gal se consid\u00e8re toujours comme un socialiste.\u00a0\u00ab\u00a0Non je suis socialiste. Pourquoi, vous trouvez \u00e7a fini. Taxawu n\u2019est pas une partie mais une plateforme. Ce que j\u2019ai dit est clair. Je suis militant socialiste. On m\u2019a exclu du parti de mani\u00e8re irr\u00e9guli\u00e8re. Quand nous a exclus, Aissata Tall Sall, Barth\u00e9l\u00e9my Dias, moi-m\u00eame avons fait un recours aupr\u00e8s du tribunal. Le juge a consid\u00e9r\u00e9 recevable notre requ\u00eate. On y a mis le coude dessus. Jusqu\u2019\u00e0 pr\u00e9sent, ce n\u2019est pas vid\u00e9\u00a0\u00bb, a-t-il d\u00e9clar\u00e9. Khalifa Sall de rembobiner :\u00a0\u00ab\u00a0C\u2019est \u00e7a la v\u00e9rit\u00e9. C\u2019est Macky qui a aid\u00e9 le Ps et la justice \u00e0 mettre le coude. Nous, on a fait notre recours avec Aissata et Barth\u00e9l\u00e9my. Le juge a dit que c\u2019\u00e9tait recevable. Depuis lors, on a qu\u2019\u00e0 lever le coude, qu\u2019on le revoit. Est-ce que la proc\u00e9dure de d\u00e9cision concernant notre exclusion est valide ou non ? Ce PS, je le connais. Ces textes, je les connais\u00a0\u00bb, conclut le leader de Yewwi.\" \/>\n<meta property=\"og:url\" content=\"https:\/\/www.public.sn\/index.php\/2022\/12\/30\/khalifa-sall-je-ne-serais-rien-dautre-que-socialiste\/\" \/>\n<meta property=\"og:site_name\" content=\"LE PUBLIC\" \/>\n<meta property=\"article:published_time\" content=\"2022-12-30T17:07:40+00:00\" \/>\n<meta property=\"og:image\" content=\"https:\/\/www.public.sn\/wp-content\/uploads\/2022\/12\/38498923-33573698.jpg\" \/>\n\t<meta property=\"og:image:width\" content=\"600\" \/>\n\t<meta property=\"og:image:height\" content=\"705\" \/>\n\t<meta property=\"og:image:type\" content=\"image\/jpeg\" \/>\n<meta name=\"author\" content=\"LA REDACTION\" \/>\n<meta name=\"twitter:card\" content=\"summary_large_image\" \/>\n<meta name=\"twitter:label1\" content=\"\u00c9crit par\" \/>\n\t<meta name=\"twitter:data1\" content=\"LA REDACTION\" \/>\n\t<meta name=\"twitter:label2\" content=\"Dur\u00e9e de lecture estim\u00e9e\" \/>\n\t<meta name=\"twitter:data2\" content=\"1 minute\" \/>\n<script type=\"application\/ld+json\" class=\"yoast-schema-graph\">{\"@context\":\"https:\/\/schema.org\",\"@graph\":[{\"@type\":\"Article\",\"@id\":\"https:\/\/www.public.sn\/index.php\/2022\/12\/30\/khalifa-sall-je-ne-serais-rien-dautre-que-socialiste\/#article\",\"isPartOf\":{\"@id\":\"https:\/\/www.public.sn\/index.php\/2022\/12\/30\/khalifa-sall-je-ne-serais-rien-dautre-que-socialiste\/\"},\"author\":{\"name\":\"LA REDACTION\",\"@id\":\"https:\/\/www.public.sn\/#\/schema\/person\/cb76c8e1b8becc6be61fb5e92d6d0224\"},\"headline\":\"Khalifa Sall : \u00ab Je ne serais rien d\u2019autre que socialiste \u00bb\",\"datePublished\":\"2022-12-30T17:07:40+00:00\",\"mainEntityOfPage\":{\"@id\":\"https:\/\/www.public.sn\/index.php\/2022\/12\/30\/khalifa-sall-je-ne-serais-rien-dautre-que-socialiste\/\"},\"wordCount\":213,\"commentCount\":0,\"publisher\":{\"@id\":\"https:\/\/www.public.sn\/#organization\"},\"image\":{\"@id\":\"https:\/\/www.public.sn\/index.php\/2022\/12\/30\/khalifa-sall-je-ne-serais-rien-dautre-que-socialiste\/#primaryimage\"},\"thumbnailUrl\":\"https:\/\/www.public.sn\/wp-content\/uploads\/2022\/12\/38498923-33573698.jpg\",\"keywords\":[\"Khalifa Sall\",\"Ps\"],\"articleSection\":[\"ACTUALIT\u00c9S\",\"POLITIQUE\",\"PUBLIC TV\",\"S\u00c9N\u00c9GAL\"],\"inLanguage\":\"fr-FR\",\"potentialAction\":[{\"@type\":\"CommentAction\",\"name\":\"Comment\",\"target\":[\"https:\/\/www.public.sn\/index.php\/2022\/12\/30\/khalifa-sall-je-ne-serais-rien-dautre-que-socialiste\/#respond\"]}]},{\"@type\":\"WebPage\",\"@id\":\"https:\/\/www.public.sn\/index.php\/2022\/12\/30\/khalifa-sall-je-ne-serais-rien-dautre-que-socialiste\/\",\"url\":\"https:\/\/www.public.sn\/index.php\/2022\/12\/30\/khalifa-sall-je-ne-serais-rien-dautre-que-socialiste\/\",\"name\":\"Khalifa Sall : \u00ab Je ne serais rien d\u2019autre que socialiste \u00bb - LE PUBLIC\",\"isPartOf\":{\"@id\":\"https:\/\/www.public.sn\/#website\"},\"primaryImageOfPage\":{\"@id\":\"https:\/\/www.public.sn\/index.php\/2022\/12\/30\/khalifa-sall-je-ne-serais-rien-dautre-que-socialiste\/#primaryimage\"},\"image\":{\"@id\":\"https:\/\/www.public.sn\/index.php\/2022\/12\/30\/khalifa-sall-je-ne-serais-rien-dautre-que-socialiste\/#primaryimage\"},\"thumbnailUrl\":\"https:\/\/www.public.sn\/wp-content\/uploads\/2022\/12\/38498923-33573698.jpg\",\"datePublished\":\"2022-12-30T17:07:40+00:00\",\"breadcrumb\":{\"@id\":\"https:\/\/www.public.sn\/index.php\/2022\/12\/30\/khalifa-sall-je-ne-serais-rien-dautre-que-socialiste\/#breadcrumb\"},\"inLanguage\":\"fr-FR\",\"potentialAction\":[{\"@type\":\"ReadAction\",\"target\":[\"https:\/\/www.public.sn\/index.php\/2022\/12\/30\/khalifa-sall-je-ne-serais-rien-dautre-que-socialiste\/\"]}]},{\"@type\":\"ImageObject\",\"inLanguage\":\"fr-FR\",\"@id\":\"https:\/\/www.public.sn\/index.php\/2022\/12\/30\/khalifa-sall-je-ne-serais-rien-dautre-que-socialiste\/#primaryimage\",\"url\":\"https:\/\/www.public.sn\/wp-content\/uploads\/2022\/12\/38498923-33573698.jpg\",\"contentUrl\":\"https:\/\/www.public.sn\/wp-content\/uploads\/2022\/12\/38498923-33573698.jpg\",\"width\":600,\"height\":705},{\"@type\":\"BreadcrumbList\",\"@id\":\"https:\/\/www.public.sn\/index.php\/2022\/12\/30\/khalifa-sall-je-ne-serais-rien-dautre-que-socialiste\/#breadcrumb\",\"itemListElement\":[{\"@type\":\"ListItem\",\"position\":1,\"name\":\"Accueil\",\"item\":\"https:\/\/www.public.sn\/\"},{\"@type\":\"ListItem\",\"position\":2,\"name\":\"Khalifa Sall : \u00ab Je ne serais rien d\u2019autre que socialiste \u00bb\"}]},{\"@type\":\"WebSite\",\"@id\":\"https:\/\/www.public.sn\/#website\",\"url\":\"https:\/\/www.public.sn\/\",\"name\":\"LE PUBLIC\",\"description\":\"\",\"publisher\":{\"@id\":\"https:\/\/www.public.sn\/#organization\"},\"potentialAction\":[{\"@type\":\"SearchAction\",\"target\":{\"@type\":\"EntryPoint\",\"urlTemplate\":\"https:\/\/www.public.sn\/?s={search_term_string}\"},\"query-input\":{\"@type\":\"PropertyValueSpecification\",\"valueRequired\":true,\"valueName\":\"search_term_string\"}}],\"inLanguage\":\"fr-FR\"},{\"@type\":\"Organization\",\"@id\":\"https:\/\/www.public.sn\/#organization\",\"name\":\"LE PUBLIC\",\"url\":\"https:\/\/www.public.sn\/\",\"logo\":{\"@type\":\"ImageObject\",\"inLanguage\":\"fr-FR\",\"@id\":\"https:\/\/www.public.sn\/#\/schema\/logo\/image\/\",\"url\":\"https:\/\/www.public.sn\/wp-content\/uploads\/2024\/05\/cropped-LOGO-PUBLIC.SN_.png\",\"contentUrl\":\"https:\/\/www.public.sn\/wp-content\/uploads\/2024\/05\/cropped-LOGO-PUBLIC.SN_.png\",\"width\":682,\"height\":192,\"caption\":\"LE PUBLIC\"},\"image\":{\"@id\":\"https:\/\/www.public.sn\/#\/schema\/logo\/image\/\"}},{\"@type\":\"Person\",\"@id\":\"https:\/\/www.public.sn\/#\/schema\/person\/cb76c8e1b8becc6be61fb5e92d6d0224\",\"name\":\"LA REDACTION\",\"image\":{\"@type\":\"ImageObject\",\"inLanguage\":\"fr-FR\",\"@id\":\"https:\/\/www.public.sn\/#\/schema\/person\/image\/\",\"url\":\"https:\/\/secure.gravatar.com\/avatar\/2dce5ddd34b8fef0180efe03aa2a9bee7d953856048f9a16b298190a3178407c?s=96&d=mm&r=g\",\"contentUrl\":\"https:\/\/secure.gravatar.com\/avatar\/2dce5ddd34b8fef0180efe03aa2a9bee7d953856048f9a16b298190a3178407c?s=96&d=mm&r=g\",\"caption\":\"LA REDACTION\"},\"url\":\"https:\/\/www.public.sn\/index.php\/author\/editeurpsn\/\"}]}<\/script>\n<!-- \/ Yoast SEO plugin. -->","yoast_head_json":{"title":"Khalifa Sall : \u00ab Je ne serais rien d\u2019autre que socialiste \u00bb - LE PUBLIC","robots":{"index":"index","follow":"follow","max-snippet":"max-snippet:-1","max-image-preview":"max-image-preview:large","max-video-preview":"max-video-preview:-1"},"canonical":"https:\/\/www.public.sn\/index.php\/2022\/12\/30\/khalifa-sall-je-ne-serais-rien-dautre-que-socialiste\/","og_locale":"fr_FR","og_type":"article","og_title":"Khalifa Sall : \u00ab Je ne serais rien d\u2019autre que socialiste \u00bb - LE PUBLIC","og_description":"L\u2019histoire est loin d\u2019\u00eatre termin\u00e9e entre Khalifa Sall et le Parti Socialiste. Le leader Taxawu S\u00e9n\u00e9gal se consid\u00e8re toujours comme un socialiste.\u00a0\u00ab\u00a0Non je suis socialiste. Pourquoi, vous trouvez \u00e7a fini. Taxawu n\u2019est pas une partie mais une plateforme. Ce que j\u2019ai dit est clair. Je suis militant socialiste. On m\u2019a exclu du parti de mani\u00e8re irr\u00e9guli\u00e8re. Quand nous a exclus, Aissata Tall Sall, Barth\u00e9l\u00e9my Dias, moi-m\u00eame avons fait un recours aupr\u00e8s du tribunal. Le juge a consid\u00e9r\u00e9 recevable notre requ\u00eate. On y a mis le coude dessus. Jusqu\u2019\u00e0 pr\u00e9sent, ce n\u2019est pas vid\u00e9\u00a0\u00bb, a-t-il d\u00e9clar\u00e9. Khalifa Sall de rembobiner :\u00a0\u00ab\u00a0C\u2019est \u00e7a la v\u00e9rit\u00e9. C\u2019est Macky qui a aid\u00e9 le Ps et la justice \u00e0 mettre le coude. Nous, on a fait notre recours avec Aissata et Barth\u00e9l\u00e9my. Le juge a dit que c\u2019\u00e9tait recevable. Depuis lors, on a qu\u2019\u00e0 lever le coude, qu\u2019on le revoit. Est-ce que la proc\u00e9dure de d\u00e9cision concernant notre exclusion est valide ou non ? Ce PS, je le connais. Ces textes, je les connais\u00a0\u00bb, conclut le leader de Yewwi.","og_url":"https:\/\/www.public.sn\/index.php\/2022\/12\/30\/khalifa-sall-je-ne-serais-rien-dautre-que-socialiste\/","og_site_name":"LE PUBLIC","article_published_time":"2022-12-30T17:07:40+00:00","og_image":[{"width":600,"height":705,"url":"https:\/\/www.public.sn\/wp-content\/uploads\/2022\/12\/38498923-33573698.jpg","type":"image\/jpeg"}],"author":"LA REDACTION","twitter_card":"summary_large_image","twitter_misc":{"\u00c9crit par":"LA REDACTION","Dur\u00e9e de lecture estim\u00e9e":"1 minute"},"schema":{"@context":"https:\/\/schema.org","@graph":[{"@type":"Article","@id":"https:\/\/www.public.sn\/index.php\/2022\/12\/30\/khalifa-sall-je-ne-serais-rien-dautre-que-socialiste\/#article","isPartOf":{"@id":"https:\/\/www.public.sn\/index.php\/2022\/12\/30\/khalifa-sall-je-ne-serais-rien-dautre-que-socialiste\/"},"author":{"name":"LA REDACTION","@id":"https:\/\/www.public.sn\/#\/schema\/person\/cb76c8e1b8becc6be61fb5e92d6d0224"},"headline":"Khalifa Sall : \u00ab Je ne serais rien d\u2019autre que socialiste \u00bb","datePublished":"2022-12-30T17:07:40+00:00","mainEntityOfPage":{"@id":"https:\/\/www.public.sn\/index.php\/2022\/12\/30\/khalifa-sall-je-ne-serais-rien-dautre-que-socialiste\/"},"wordCount":213,"commentCount":0,"publisher":{"@id":"https:\/\/www.public.sn\/#organization"},"image":{"@id":"https:\/\/www.public.sn\/index.php\/2022\/12\/30\/khalifa-sall-je-ne-serais-rien-dautre-que-socialiste\/#primaryimage"},"thumbnailUrl":"https:\/\/www.public.sn\/wp-content\/uploads\/2022\/12\/38498923-33573698.jpg","keywords":["Khalifa Sall","Ps"],"articleSection":["ACTUALIT\u00c9S","POLITIQUE","PUBLIC TV","S\u00c9N\u00c9GAL"],"inLanguage":"fr-FR","potentialAction":[{"@type":"CommentAction","name":"Comment","target":["https:\/\/www.public.sn\/index.php\/2022\/12\/30\/khalifa-sall-je-ne-serais-rien-dautre-que-socialiste\/#respond"]}]},{"@type":"WebPage","@id":"https:\/\/www.public.sn\/index.php\/2022\/12\/30\/khalifa-sall-je-ne-serais-rien-dautre-que-socialiste\/","url":"https:\/\/www.public.sn\/index.php\/2022\/12\/30\/khalifa-sall-je-ne-serais-rien-dautre-que-socialiste\/","name":"Khalifa Sall : \u00ab Je ne serais rien d\u2019autre que socialiste \u00bb - LE PUBLIC","isPartOf":{"@id":"https:\/\/www.public.sn\/#website"},"primaryImageOfPage":{"@id":"https:\/\/www.public.sn\/index.php\/2022\/12\/30\/khalifa-sall-je-ne-serais-rien-dautre-que-socialiste\/#primaryimage"},"image":{"@id":"https:\/\/www.public.sn\/index.php\/2022\/12\/30\/khalifa-sall-je-ne-serais-rien-dautre-que-socialiste\/#primaryimage"},"thumbnailUrl":"https:\/\/www.public.sn\/wp-content\/uploads\/2022\/12\/38498923-33573698.jpg","datePublished":"2022-12-30T17:07:40+00:00","breadcrumb":{"@id":"https:\/\/www.public.sn\/index.php\/2022\/12\/30\/khalifa-sall-je-ne-serais-rien-dautre-que-socialiste\/#breadcrumb"},"inLanguage":"fr-FR","potentialAction":[{"@type":"ReadAction","target":["https:\/\/www.public.sn\/index.php\/2022\/12\/30\/khalifa-sall-je-ne-serais-rien-dautre-que-socialiste\/"]}]},{"@type":"ImageObject","inLanguage":"fr-FR","@id":"https:\/\/www.public.sn\/index.php\/2022\/12\/30\/khalifa-sall-je-ne-serais-rien-dautre-que-socialiste\/#primaryimage","url":"https:\/\/www.public.sn\/wp-content\/uploads\/2022\/12\/38498923-33573698.jpg","contentUrl":"https:\/\/www.public.sn\/wp-content\/uploads\/2022\/12\/38498923-33573698.jpg","width":600,"height":705},{"@type":"BreadcrumbList","@id":"https:\/\/www.public.sn\/index.php\/2022\/12\/30\/khalifa-sall-je-ne-serais-rien-dautre-que-socialiste\/#breadcrumb","itemListElement":[{"@type":"ListItem","position":1,"name":"Accueil","item":"https:\/\/www.public.sn\/"},{"@type":"ListItem","position":2,"name":"Khalifa Sall : \u00ab Je ne serais rien d\u2019autre que socialiste \u00bb"}]},{"@type":"WebSite","@id":"https:\/\/www.public.sn\/#website","url":"https:\/\/www.public.sn\/","name":"LE PUBLIC","description":"","publisher":{"@id":"https:\/\/www.public.sn\/#organization"},"potentialAction":[{"@type":"SearchAction","target":{"@type":"EntryPoint","urlTemplate":"https:\/\/www.public.sn\/?s={search_term_string}"},"query-input":{"@type":"PropertyValueSpecification","valueRequired":true,"valueName":"search_term_string"}}],"inLanguage":"fr-FR"},{"@type":"Organization","@id":"https:\/\/www.public.sn\/#organization","name":"LE PUBLIC","url":"https:\/\/www.public.sn\/","logo":{"@type":"ImageObject","inLanguage":"fr-FR","@id":"https:\/\/www.public.sn\/#\/schema\/logo\/image\/","url":"https:\/\/www.public.sn\/wp-content\/uploads\/2024\/05\/cropped-LOGO-PUBLIC.SN_.png","contentUrl":"https:\/\/www.public.sn\/wp-content\/uploads\/2024\/05\/cropped-LOGO-PUBLIC.SN_.png","width":682,"height":192,"caption":"LE PUBLIC"},"image":{"@id":"https:\/\/www.public.sn\/#\/schema\/logo\/image\/"}},{"@type":"Person","@id":"https:\/\/www.public.sn\/#\/schema\/person\/cb76c8e1b8becc6be61fb5e92d6d0224","name":"LA REDACTION","image":{"@type":"ImageObject","inLanguage":"fr-FR","@id":"https:\/\/www.public.sn\/#\/schema\/person\/image\/","url":"https:\/\/secure.gravatar.com\/avatar\/2dce5ddd34b8fef0180efe03aa2a9bee7d953856048f9a16b298190a3178407c?s=96&d=mm&r=g","contentUrl":"https:\/\/secure.gravatar.com\/avatar\/2dce5ddd34b8fef0180efe03aa2a9bee7d953856048f9a16b298190a3178407c?s=96&d=mm&r=g","caption":"LA REDACTION"},"url":"https:\/\/www.public.sn\/index.php\/author\/editeurpsn\/"}]}},"jetpack_featured_media_url":"https:\/\/www.public.sn\/wp-content\/uploads\/2022\/12\/38498923-33573698.jpg","jetpack_sharing_enabled":true,"_links":{"self":[{"href":"https:\/\/www.public.sn\/index.php\/wp-json\/wp\/v2\/posts\/13111","targetHints":{"allow":["GET"]}}],"collection":[{"href":"https:\/\/www.public.sn\/index.php\/wp-json\/wp\/v2\/posts"}],"about":[{"href":"https:\/\/www.public.sn\/index.php\/wp-json\/wp\/v2\/types\/post"}],"author":[{"embeddable":true,"href":"https:\/\/www.public.sn\/index.php\/wp-json\/wp\/v2\/users\/7"}],"replies":[{"embeddable":true,"href":"https:\/\/www.public.sn\/index.php\/wp-json\/wp\/v2\/comments?post=13111"}],"version-history":[{"count":1,"href":"https:\/\/www.public.sn\/index.php\/wp-json\/wp\/v2\/posts\/13111\/revisions"}],"predecessor-version":[{"id":13113,"href":"https:\/\/www.public.sn\/index.php\/wp-json\/wp\/v2\/posts\/13111\/revisions\/13113"}],"wp:featuredmedia":[{"embeddable":true,"href":"https:\/\/www.public.sn\/index.php\/wp-json\/wp\/v2\/media\/13112"}],"wp:attachment":[{"href":"https:\/\/www.public.sn\/index.php\/wp-json\/wp\/v2\/media?parent=13111"}],"wp:term":[{"taxonomy":"category","embeddable":true,"href":"https:\/\/www.public.sn\/index.php\/wp-json\/wp\/v2\/categories?post=13111"},{"taxonomy":"post_tag","embeddable":true,"href":"https:\/\/www.public.sn\/index.php\/wp-json\/wp\/v2\/tags?post=13111"}],"curies":[{"name":"wp","href":"https:\/\/api.w.org\/{rel}","templated":true}]}}