{"id":13114,"date":"2022-12-30T17:27:14","date_gmt":"2022-12-30T17:27:14","guid":{"rendered":"https:\/\/www.public.sn\/?p=13114"},"modified":"2022-12-30T17:27:14","modified_gmt":"2022-12-30T17:27:14","slug":"rassemblement-de-la-societe-civile-la-foule-saccroit-en-quelques-minutes","status":"publish","type":"post","link":"https:\/\/www.public.sn\/index.php\/2022\/12\/30\/rassemblement-de-la-societe-civile-la-foule-saccroit-en-quelques-minutes\/","title":{"rendered":"Rassemblement de la soci\u00e9t\u00e9 civile : la foule s&rsquo;accro\u00eet en quelques minutes."},"content":{"rendered":"<p>Des organisations de la soci\u00e9t\u00e9 civile sont dans la rue ce vendredi 30 d\u00e9cembre 2022. Face \u00e0 la presse la semaine derni\u00e8re, Aliou San\u00e9 et Cie avaient sonn\u00e9 la mobilisation pour leur rassemblement pr\u00e9vu sur la Place de la Nation (ex-Ob\u00e9lisque). Ce, pour r\u00e9clamer une suite judiciaire apr\u00e8s la publication du rapport de la Cour des comptes sur la gestion des fonds Force Covid-19.<\/p><div class=\"publi-paragraphe1\" style=\"margin-top: 10px;margin-bottom: 10px;margin-left: auto;margin-right: auto;text-align: center;\" id=\"publi-3055400160\"><div class=\"publi-adlabel\">Publicit\u00e9<\/div><script async src=\"\/\/pagead2.googlesyndication.com\/pagead\/js\/adsbygoogle.js?client=ca-pub-4089586018074219\" crossorigin=\"anonymous\"><\/script><ins class=\"adsbygoogle\" style=\"display:block;\" data-ad-client=\"ca-pub-4089586018074219\" \ndata-ad-slot=\"2087940154\" \ndata-ad-format=\"auto\"><\/ins>\n<script> \n(adsbygoogle = window.adsbygoogle || []).push({}); \n<\/script>\n<\/div>\n<p>Vers 15h30, on s\u2019inqui\u00e9tait de la faible mobilisation dans les rangs des manifestations. Certains qui \u00e9taient sur place apr\u00e8s la pri\u00e8re, avaient choisi l\u2019ombre des palmiers pour patienter.<\/p>\n<p>La foule grossit au fil des minutes. Sur les pancartes que brandissent les jeunes, le beau-fr\u00e8re du pr\u00e9sident de la R\u00e9publique, Mansour Faye, est accus\u00e9 de voleur.<\/p>\n<p>Les honorables Guy Marius Sagna et Abass Fall, d\u00e9put\u00e9s de Yewwi Askan Wi ont \u00e9t\u00e9 chaudement accueillis par l\u2019assistance. Certains dont un manifestant venu de Bakel n\u2019a pas manqu\u00e9 d\u2019inviter l\u2019activiste \u00e0 y venir pour constater \u00ab\u00a0de visu\u00a0\u00bb que la localit\u00e9 manque de tout.<\/p>\n<p>Une d\u00e9l\u00e9gation de femmes munies de pancartes vient d\u2019arriver, \u00e0 16 heures pass\u00e9es. \u00ab\u00a0La vie est ch\u00e8re\u00a0\u00bb, lit-on sur une des pancartes<\/p>\n<p>En face, apr\u00e8s la pause, des employ\u00e9s du Brt sont \u00e0 l\u2019ouvrage. Certains, avec qui on s\u2019est entretenu, nous ont fait savoir qu\u2019ils supportent la manifestation. \u00ab\u00a0On est des S\u00e9n\u00e9galais aussi. La mani\u00e8re dont les fonds Covid ont \u00e9t\u00e9 g\u00e9r\u00e9s nous interpelle. Au moment o\u00f9 on subissait les restrictions, d\u2019autres se servaient. Ce n\u2019est pas normal\u00a0\u00bb, revendique l\u2019un d\u2019eux.<\/p>\n<p>Rappeler que le rassemblement est autoris\u00e9 par le Pr\u00e9fet de Dakar, Mor Talla Tine.<\/p>\n<p>D&rsquo;apr\u00e8s nos confr\u00e8re de Emedia,\u00a0 \u2019Sunu milliards dou rees\u00a0\u00bb, scande l\u2019assistance, qui revendique aussi la lib\u00e9ration du journaliste Pape Al\u00e9 Niang.<\/p>\n<div class=\"publi-apres-le-contenu\" style=\"margin-top: 10px;margin-bottom: 10px;margin-left: auto;margin-right: auto;text-align: center;\" id=\"publi-2484604016\"><div class=\"publi-adlabel\">Publicit\u00e9<\/div><script async src=\"\/\/pagead2.googlesyndication.com\/pagead\/js\/adsbygoogle.js?client=ca-pub-4089586018074219\" crossorigin=\"anonymous\"><\/script><ins class=\"adsbygoogle\" style=\"display:block;\" data-ad-client=\"ca-pub-4089586018074219\" \ndata-ad-slot=\"2087940154\" \ndata-ad-format=\"auto\"><\/ins>\n<script> \n(adsbygoogle = window.adsbygoogle || []).push({}); \n<\/script>\n<\/div>","protected":false},"excerpt":{"rendered":"<p>Des organisations de la soci\u00e9t\u00e9 civile sont dans la rue ce vendredi 30 d\u00e9cembre 2022. Face \u00e0 la presse la semaine derni\u00e8re, Aliou San\u00e9 et Cie avaient sonn\u00e9 la mobilisation pour leur rassemblement pr\u00e9vu sur la Place de la Nation (ex-Ob\u00e9lisque). Ce, pour r\u00e9clamer une suite judiciaire apr\u00e8s la publication du rapport de la Cour des comptes sur la gestion des fonds Force Covid-19. Vers 15h30, on s\u2019inqui\u00e9tait de la faible mobilisation dans les rangs des manifestations. Certains qui \u00e9taient sur place apr\u00e8s la pri\u00e8re, avaient choisi l\u2019ombre des palmiers pour patienter. La foule grossit au fil des minutes. Sur les pancartes que brandissent les jeunes, le beau-fr\u00e8re du pr\u00e9sident de la R\u00e9publique, Mansour Faye, est accus\u00e9 de voleur. Les honorables Guy Marius Sagna et Abass Fall, d\u00e9put\u00e9s de Yewwi Askan Wi ont \u00e9t\u00e9 chaudement accueillis par l\u2019assistance. Certains dont un manifestant venu de Bakel n\u2019a pas manqu\u00e9 d\u2019inviter l\u2019activiste \u00e0 y venir pour constater \u00ab\u00a0de visu\u00a0\u00bb que la localit\u00e9 manque de tout. Une d\u00e9l\u00e9gation de femmes munies de pancartes vient d\u2019arriver, \u00e0 16 heures pass\u00e9es. \u00ab\u00a0La vie est ch\u00e8re\u00a0\u00bb, lit-on sur une des pancartes En face, apr\u00e8s la pause, des employ\u00e9s du Brt sont \u00e0 l\u2019ouvrage. Certains, avec qui on s\u2019est entretenu, nous ont fait savoir qu\u2019ils supportent la manifestation. \u00ab\u00a0On est des S\u00e9n\u00e9galais aussi. La mani\u00e8re dont les fonds Covid ont \u00e9t\u00e9 g\u00e9r\u00e9s nous interpelle. Au moment o\u00f9 on subissait les restrictions, d\u2019autres se servaient. Ce n\u2019est pas normal\u00a0\u00bb, revendique l\u2019un d\u2019eux. Rappeler que le rassemblement est autoris\u00e9 par le Pr\u00e9fet de Dakar, Mor Talla Tine. D&rsquo;apr\u00e8s nos confr\u00e8re de Emedia,\u00a0 \u2019Sunu milliards dou rees\u00a0\u00bb, scande l\u2019assistance, qui revendique aussi la lib\u00e9ration du journaliste Pape Al\u00e9 Niang.<\/p>\n","protected":false},"author":7,"featured_media":13115,"comment_status":"open","ping_status":"open","sticky":false,"template":"","format":"standard","meta":{"_jetpack_memberships_contains_paid_content":false,"footnotes":""},"categories":[375,3,8,1,4],"tags":[4007,3867,2127,4008],"class_list":["post-13114","post","type-post","status-publish","format-standard","has-post-thumbnail","hentry","category-actualites","category-politique","category-public-tv","category-non-classe","category-societe","tag-rassemblement-general","tag-societe","tag-societe-civile","tag-sunu-milliard-dou-rees","entry","has-media","owp-thumbs-layout-horizontal","owp-btn-normal","owp-tabs-layout-horizontal","has-no-thumbnails","has-product-nav"],"yoast_head":"<!-- This site is optimized with the Yoast SEO plugin v25.5 - https:\/\/yoast.com\/wordpress\/plugins\/seo\/ -->\n<title>Rassemblement de la soci\u00e9t\u00e9 civile : la foule s&#039;accro\u00eet en quelques minutes. - LE PUBLIC<\/title>\n<meta name=\"robots\" content=\"index, follow, max-snippet:-1, max-image-preview:large, max-video-preview:-1\" \/>\n<link rel=\"canonical\" href=\"https:\/\/www.public.sn\/index.php\/2022\/12\/30\/rassemblement-de-la-societe-civile-la-foule-saccroit-en-quelques-minutes\/\" \/>\n<meta property=\"og:locale\" content=\"fr_FR\" \/>\n<meta property=\"og:type\" content=\"article\" \/>\n<meta property=\"og:title\" content=\"Rassemblement de la soci\u00e9t\u00e9 civile : la foule s&#039;accro\u00eet en quelques minutes. - LE PUBLIC\" \/>\n<meta property=\"og:description\" content=\"Des organisations de la soci\u00e9t\u00e9 civile sont dans la rue ce vendredi 30 d\u00e9cembre 2022. Face \u00e0 la presse la semaine derni\u00e8re, Aliou San\u00e9 et Cie avaient sonn\u00e9 la mobilisation pour leur rassemblement pr\u00e9vu sur la Place de la Nation (ex-Ob\u00e9lisque). Ce, pour r\u00e9clamer une suite judiciaire apr\u00e8s la publication du rapport de la Cour des comptes sur la gestion des fonds Force Covid-19. Vers 15h30, on s\u2019inqui\u00e9tait de la faible mobilisation dans les rangs des manifestations. Certains qui \u00e9taient sur place apr\u00e8s la pri\u00e8re, avaient choisi l\u2019ombre des palmiers pour patienter. La foule grossit au fil des minutes. Sur les pancartes que brandissent les jeunes, le beau-fr\u00e8re du pr\u00e9sident de la R\u00e9publique, Mansour Faye, est accus\u00e9 de voleur. Les honorables Guy Marius Sagna et Abass Fall, d\u00e9put\u00e9s de Yewwi Askan Wi ont \u00e9t\u00e9 chaudement accueillis par l\u2019assistance. Certains dont un manifestant venu de Bakel n\u2019a pas manqu\u00e9 d\u2019inviter l\u2019activiste \u00e0 y venir pour constater \u00ab\u00a0de visu\u00a0\u00bb que la localit\u00e9 manque de tout. Une d\u00e9l\u00e9gation de femmes munies de pancartes vient d\u2019arriver, \u00e0 16 heures pass\u00e9es. \u00ab\u00a0La vie est ch\u00e8re\u00a0\u00bb, lit-on sur une des pancartes En face, apr\u00e8s la pause, des employ\u00e9s du Brt sont \u00e0 l\u2019ouvrage. Certains, avec qui on s\u2019est entretenu, nous ont fait savoir qu\u2019ils supportent la manifestation. \u00ab\u00a0On est des S\u00e9n\u00e9galais aussi. La mani\u00e8re dont les fonds Covid ont \u00e9t\u00e9 g\u00e9r\u00e9s nous interpelle. Au moment o\u00f9 on subissait les restrictions, d\u2019autres se servaient. Ce n\u2019est pas normal\u00a0\u00bb, revendique l\u2019un d\u2019eux. Rappeler que le rassemblement est autoris\u00e9 par le Pr\u00e9fet de Dakar, Mor Talla Tine. D&rsquo;apr\u00e8s nos confr\u00e8re de Emedia,\u00a0 \u2019Sunu milliards dou rees\u00a0\u00bb, scande l\u2019assistance, qui revendique aussi la lib\u00e9ration du journaliste Pape Al\u00e9 Niang.\" \/>\n<meta property=\"og:url\" content=\"https:\/\/www.public.sn\/index.php\/2022\/12\/30\/rassemblement-de-la-societe-civile-la-foule-saccroit-en-quelques-minutes\/\" \/>\n<meta property=\"og:site_name\" content=\"LE PUBLIC\" \/>\n<meta property=\"article:published_time\" content=\"2022-12-30T17:27:14+00:00\" \/>\n<meta property=\"og:image\" content=\"https:\/\/www.public.sn\/wp-content\/uploads\/2022\/12\/marche-cour-des-comptes-766x445-1.png\" \/>\n\t<meta property=\"og:image:width\" content=\"766\" \/>\n\t<meta property=\"og:image:height\" content=\"445\" \/>\n\t<meta property=\"og:image:type\" content=\"image\/png\" \/>\n<meta name=\"author\" content=\"LA REDACTION\" \/>\n<meta name=\"twitter:card\" content=\"summary_large_image\" \/>\n<meta name=\"twitter:label1\" content=\"\u00c9crit par\" \/>\n\t<meta name=\"twitter:data1\" content=\"LA REDACTION\" \/>\n\t<meta name=\"twitter:label2\" content=\"Dur\u00e9e de lecture estim\u00e9e\" \/>\n\t<meta name=\"twitter:data2\" content=\"2 minutes\" \/>\n<script type=\"application\/ld+json\" class=\"yoast-schema-graph\">{\"@context\":\"https:\/\/schema.org\",\"@graph\":[{\"@type\":\"Article\",\"@id\":\"https:\/\/www.public.sn\/index.php\/2022\/12\/30\/rassemblement-de-la-societe-civile-la-foule-saccroit-en-quelques-minutes\/#article\",\"isPartOf\":{\"@id\":\"https:\/\/www.public.sn\/index.php\/2022\/12\/30\/rassemblement-de-la-societe-civile-la-foule-saccroit-en-quelques-minutes\/\"},\"author\":{\"name\":\"LA REDACTION\",\"@id\":\"https:\/\/www.public.sn\/#\/schema\/person\/cb76c8e1b8becc6be61fb5e92d6d0224\"},\"headline\":\"Rassemblement de la soci\u00e9t\u00e9 civile : la foule s&rsquo;accro\u00eet en quelques minutes.\",\"datePublished\":\"2022-12-30T17:27:14+00:00\",\"mainEntityOfPage\":{\"@id\":\"https:\/\/www.public.sn\/index.php\/2022\/12\/30\/rassemblement-de-la-societe-civile-la-foule-saccroit-en-quelques-minutes\/\"},\"wordCount\":330,\"commentCount\":0,\"publisher\":{\"@id\":\"https:\/\/www.public.sn\/#organization\"},\"image\":{\"@id\":\"https:\/\/www.public.sn\/index.php\/2022\/12\/30\/rassemblement-de-la-societe-civile-la-foule-saccroit-en-quelques-minutes\/#primaryimage\"},\"thumbnailUrl\":\"https:\/\/www.public.sn\/wp-content\/uploads\/2022\/12\/marche-cour-des-comptes-766x445-1.png\",\"keywords\":[\"rassemblement g\u00e9n\u00e9ral\",\"soci\u00e9t\u00e9\",\"soci\u00e9t\u00e9 civile\",\"Sunu milliard dou rees\"],\"articleSection\":[\"ACTUALIT\u00c9S\",\"POLITIQUE\",\"PUBLIC TV\",\"S\u00c9N\u00c9GAL\",\"SOCIETE\"],\"inLanguage\":\"fr-FR\",\"potentialAction\":[{\"@type\":\"CommentAction\",\"name\":\"Comment\",\"target\":[\"https:\/\/www.public.sn\/index.php\/2022\/12\/30\/rassemblement-de-la-societe-civile-la-foule-saccroit-en-quelques-minutes\/#respond\"]}]},{\"@type\":\"WebPage\",\"@id\":\"https:\/\/www.public.sn\/index.php\/2022\/12\/30\/rassemblement-de-la-societe-civile-la-foule-saccroit-en-quelques-minutes\/\",\"url\":\"https:\/\/www.public.sn\/index.php\/2022\/12\/30\/rassemblement-de-la-societe-civile-la-foule-saccroit-en-quelques-minutes\/\",\"name\":\"Rassemblement de la soci\u00e9t\u00e9 civile : la foule s'accro\u00eet en quelques minutes. - LE PUBLIC\",\"isPartOf\":{\"@id\":\"https:\/\/www.public.sn\/#website\"},\"primaryImageOfPage\":{\"@id\":\"https:\/\/www.public.sn\/index.php\/2022\/12\/30\/rassemblement-de-la-societe-civile-la-foule-saccroit-en-quelques-minutes\/#primaryimage\"},\"image\":{\"@id\":\"https:\/\/www.public.sn\/index.php\/2022\/12\/30\/rassemblement-de-la-societe-civile-la-foule-saccroit-en-quelques-minutes\/#primaryimage\"},\"thumbnailUrl\":\"https:\/\/www.public.sn\/wp-content\/uploads\/2022\/12\/marche-cour-des-comptes-766x445-1.png\",\"datePublished\":\"2022-12-30T17:27:14+00:00\",\"breadcrumb\":{\"@id\":\"https:\/\/www.public.sn\/index.php\/2022\/12\/30\/rassemblement-de-la-societe-civile-la-foule-saccroit-en-quelques-minutes\/#breadcrumb\"},\"inLanguage\":\"fr-FR\",\"potentialAction\":[{\"@type\":\"ReadAction\",\"target\":[\"https:\/\/www.public.sn\/index.php\/2022\/12\/30\/rassemblement-de-la-societe-civile-la-foule-saccroit-en-quelques-minutes\/\"]}]},{\"@type\":\"ImageObject\",\"inLanguage\":\"fr-FR\",\"@id\":\"https:\/\/www.public.sn\/index.php\/2022\/12\/30\/rassemblement-de-la-societe-civile-la-foule-saccroit-en-quelques-minutes\/#primaryimage\",\"url\":\"https:\/\/www.public.sn\/wp-content\/uploads\/2022\/12\/marche-cour-des-comptes-766x445-1.png\",\"contentUrl\":\"https:\/\/www.public.sn\/wp-content\/uploads\/2022\/12\/marche-cour-des-comptes-766x445-1.png\",\"width\":766,\"height\":445},{\"@type\":\"BreadcrumbList\",\"@id\":\"https:\/\/www.public.sn\/index.php\/2022\/12\/30\/rassemblement-de-la-societe-civile-la-foule-saccroit-en-quelques-minutes\/#breadcrumb\",\"itemListElement\":[{\"@type\":\"ListItem\",\"position\":1,\"name\":\"Accueil\",\"item\":\"https:\/\/www.public.sn\/\"},{\"@type\":\"ListItem\",\"position\":2,\"name\":\"Rassemblement de la soci\u00e9t\u00e9 civile : la foule s&rsquo;accro\u00eet en quelques minutes.\"}]},{\"@type\":\"WebSite\",\"@id\":\"https:\/\/www.public.sn\/#website\",\"url\":\"https:\/\/www.public.sn\/\",\"name\":\"LE PUBLIC\",\"description\":\"\",\"publisher\":{\"@id\":\"https:\/\/www.public.sn\/#organization\"},\"potentialAction\":[{\"@type\":\"SearchAction\",\"target\":{\"@type\":\"EntryPoint\",\"urlTemplate\":\"https:\/\/www.public.sn\/?s={search_term_string}\"},\"query-input\":{\"@type\":\"PropertyValueSpecification\",\"valueRequired\":true,\"valueName\":\"search_term_string\"}}],\"inLanguage\":\"fr-FR\"},{\"@type\":\"Organization\",\"@id\":\"https:\/\/www.public.sn\/#organization\",\"name\":\"LE PUBLIC\",\"url\":\"https:\/\/www.public.sn\/\",\"logo\":{\"@type\":\"ImageObject\",\"inLanguage\":\"fr-FR\",\"@id\":\"https:\/\/www.public.sn\/#\/schema\/logo\/image\/\",\"url\":\"https:\/\/www.public.sn\/wp-content\/uploads\/2024\/05\/cropped-LOGO-PUBLIC.SN_.png\",\"contentUrl\":\"https:\/\/www.public.sn\/wp-content\/uploads\/2024\/05\/cropped-LOGO-PUBLIC.SN_.png\",\"width\":682,\"height\":192,\"caption\":\"LE PUBLIC\"},\"image\":{\"@id\":\"https:\/\/www.public.sn\/#\/schema\/logo\/image\/\"}},{\"@type\":\"Person\",\"@id\":\"https:\/\/www.public.sn\/#\/schema\/person\/cb76c8e1b8becc6be61fb5e92d6d0224\",\"name\":\"LA REDACTION\",\"image\":{\"@type\":\"ImageObject\",\"inLanguage\":\"fr-FR\",\"@id\":\"https:\/\/www.public.sn\/#\/schema\/person\/image\/\",\"url\":\"https:\/\/secure.gravatar.com\/avatar\/2dce5ddd34b8fef0180efe03aa2a9bee7d953856048f9a16b298190a3178407c?s=96&d=mm&r=g\",\"contentUrl\":\"https:\/\/secure.gravatar.com\/avatar\/2dce5ddd34b8fef0180efe03aa2a9bee7d953856048f9a16b298190a3178407c?s=96&d=mm&r=g\",\"caption\":\"LA REDACTION\"},\"url\":\"https:\/\/www.public.sn\/index.php\/author\/editeurpsn\/\"}]}<\/script>\n<!-- \/ Yoast SEO plugin. -->","yoast_head_json":{"title":"Rassemblement de la soci\u00e9t\u00e9 civile : la foule s'accro\u00eet en quelques minutes. - LE PUBLIC","robots":{"index":"index","follow":"follow","max-snippet":"max-snippet:-1","max-image-preview":"max-image-preview:large","max-video-preview":"max-video-preview:-1"},"canonical":"https:\/\/www.public.sn\/index.php\/2022\/12\/30\/rassemblement-de-la-societe-civile-la-foule-saccroit-en-quelques-minutes\/","og_locale":"fr_FR","og_type":"article","og_title":"Rassemblement de la soci\u00e9t\u00e9 civile : la foule s'accro\u00eet en quelques minutes. - LE PUBLIC","og_description":"Des organisations de la soci\u00e9t\u00e9 civile sont dans la rue ce vendredi 30 d\u00e9cembre 2022. Face \u00e0 la presse la semaine derni\u00e8re, Aliou San\u00e9 et Cie avaient sonn\u00e9 la mobilisation pour leur rassemblement pr\u00e9vu sur la Place de la Nation (ex-Ob\u00e9lisque). Ce, pour r\u00e9clamer une suite judiciaire apr\u00e8s la publication du rapport de la Cour des comptes sur la gestion des fonds Force Covid-19. Vers 15h30, on s\u2019inqui\u00e9tait de la faible mobilisation dans les rangs des manifestations. Certains qui \u00e9taient sur place apr\u00e8s la pri\u00e8re, avaient choisi l\u2019ombre des palmiers pour patienter. La foule grossit au fil des minutes. Sur les pancartes que brandissent les jeunes, le beau-fr\u00e8re du pr\u00e9sident de la R\u00e9publique, Mansour Faye, est accus\u00e9 de voleur. Les honorables Guy Marius Sagna et Abass Fall, d\u00e9put\u00e9s de Yewwi Askan Wi ont \u00e9t\u00e9 chaudement accueillis par l\u2019assistance. Certains dont un manifestant venu de Bakel n\u2019a pas manqu\u00e9 d\u2019inviter l\u2019activiste \u00e0 y venir pour constater \u00ab\u00a0de visu\u00a0\u00bb que la localit\u00e9 manque de tout. Une d\u00e9l\u00e9gation de femmes munies de pancartes vient d\u2019arriver, \u00e0 16 heures pass\u00e9es. \u00ab\u00a0La vie est ch\u00e8re\u00a0\u00bb, lit-on sur une des pancartes En face, apr\u00e8s la pause, des employ\u00e9s du Brt sont \u00e0 l\u2019ouvrage. Certains, avec qui on s\u2019est entretenu, nous ont fait savoir qu\u2019ils supportent la manifestation. \u00ab\u00a0On est des S\u00e9n\u00e9galais aussi. La mani\u00e8re dont les fonds Covid ont \u00e9t\u00e9 g\u00e9r\u00e9s nous interpelle. Au moment o\u00f9 on subissait les restrictions, d\u2019autres se servaient. Ce n\u2019est pas normal\u00a0\u00bb, revendique l\u2019un d\u2019eux. Rappeler que le rassemblement est autoris\u00e9 par le Pr\u00e9fet de Dakar, Mor Talla Tine. D&rsquo;apr\u00e8s nos confr\u00e8re de Emedia,\u00a0 \u2019Sunu milliards dou rees\u00a0\u00bb, scande l\u2019assistance, qui revendique aussi la lib\u00e9ration du journaliste Pape Al\u00e9 Niang.","og_url":"https:\/\/www.public.sn\/index.php\/2022\/12\/30\/rassemblement-de-la-societe-civile-la-foule-saccroit-en-quelques-minutes\/","og_site_name":"LE PUBLIC","article_published_time":"2022-12-30T17:27:14+00:00","og_image":[{"width":766,"height":445,"url":"https:\/\/www.public.sn\/wp-content\/uploads\/2022\/12\/marche-cour-des-comptes-766x445-1.png","type":"image\/png"}],"author":"LA REDACTION","twitter_card":"summary_large_image","twitter_misc":{"\u00c9crit par":"LA REDACTION","Dur\u00e9e de lecture estim\u00e9e":"2 minutes"},"schema":{"@context":"https:\/\/schema.org","@graph":[{"@type":"Article","@id":"https:\/\/www.public.sn\/index.php\/2022\/12\/30\/rassemblement-de-la-societe-civile-la-foule-saccroit-en-quelques-minutes\/#article","isPartOf":{"@id":"https:\/\/www.public.sn\/index.php\/2022\/12\/30\/rassemblement-de-la-societe-civile-la-foule-saccroit-en-quelques-minutes\/"},"author":{"name":"LA REDACTION","@id":"https:\/\/www.public.sn\/#\/schema\/person\/cb76c8e1b8becc6be61fb5e92d6d0224"},"headline":"Rassemblement de la soci\u00e9t\u00e9 civile : la foule s&rsquo;accro\u00eet en quelques minutes.","datePublished":"2022-12-30T17:27:14+00:00","mainEntityOfPage":{"@id":"https:\/\/www.public.sn\/index.php\/2022\/12\/30\/rassemblement-de-la-societe-civile-la-foule-saccroit-en-quelques-minutes\/"},"wordCount":330,"commentCount":0,"publisher":{"@id":"https:\/\/www.public.sn\/#organization"},"image":{"@id":"https:\/\/www.public.sn\/index.php\/2022\/12\/30\/rassemblement-de-la-societe-civile-la-foule-saccroit-en-quelques-minutes\/#primaryimage"},"thumbnailUrl":"https:\/\/www.public.sn\/wp-content\/uploads\/2022\/12\/marche-cour-des-comptes-766x445-1.png","keywords":["rassemblement g\u00e9n\u00e9ral","soci\u00e9t\u00e9","soci\u00e9t\u00e9 civile","Sunu milliard dou rees"],"articleSection":["ACTUALIT\u00c9S","POLITIQUE","PUBLIC TV","S\u00c9N\u00c9GAL","SOCIETE"],"inLanguage":"fr-FR","potentialAction":[{"@type":"CommentAction","name":"Comment","target":["https:\/\/www.public.sn\/index.php\/2022\/12\/30\/rassemblement-de-la-societe-civile-la-foule-saccroit-en-quelques-minutes\/#respond"]}]},{"@type":"WebPage","@id":"https:\/\/www.public.sn\/index.php\/2022\/12\/30\/rassemblement-de-la-societe-civile-la-foule-saccroit-en-quelques-minutes\/","url":"https:\/\/www.public.sn\/index.php\/2022\/12\/30\/rassemblement-de-la-societe-civile-la-foule-saccroit-en-quelques-minutes\/","name":"Rassemblement de la soci\u00e9t\u00e9 civile : la foule s'accro\u00eet en quelques minutes. - LE PUBLIC","isPartOf":{"@id":"https:\/\/www.public.sn\/#website"},"primaryImageOfPage":{"@id":"https:\/\/www.public.sn\/index.php\/2022\/12\/30\/rassemblement-de-la-societe-civile-la-foule-saccroit-en-quelques-minutes\/#primaryimage"},"image":{"@id":"https:\/\/www.public.sn\/index.php\/2022\/12\/30\/rassemblement-de-la-societe-civile-la-foule-saccroit-en-quelques-minutes\/#primaryimage"},"thumbnailUrl":"https:\/\/www.public.sn\/wp-content\/uploads\/2022\/12\/marche-cour-des-comptes-766x445-1.png","datePublished":"2022-12-30T17:27:14+00:00","breadcrumb":{"@id":"https:\/\/www.public.sn\/index.php\/2022\/12\/30\/rassemblement-de-la-societe-civile-la-foule-saccroit-en-quelques-minutes\/#breadcrumb"},"inLanguage":"fr-FR","potentialAction":[{"@type":"ReadAction","target":["https:\/\/www.public.sn\/index.php\/2022\/12\/30\/rassemblement-de-la-societe-civile-la-foule-saccroit-en-quelques-minutes\/"]}]},{"@type":"ImageObject","inLanguage":"fr-FR","@id":"https:\/\/www.public.sn\/index.php\/2022\/12\/30\/rassemblement-de-la-societe-civile-la-foule-saccroit-en-quelques-minutes\/#primaryimage","url":"https:\/\/www.public.sn\/wp-content\/uploads\/2022\/12\/marche-cour-des-comptes-766x445-1.png","contentUrl":"https:\/\/www.public.sn\/wp-content\/uploads\/2022\/12\/marche-cour-des-comptes-766x445-1.png","width":766,"height":445},{"@type":"BreadcrumbList","@id":"https:\/\/www.public.sn\/index.php\/2022\/12\/30\/rassemblement-de-la-societe-civile-la-foule-saccroit-en-quelques-minutes\/#breadcrumb","itemListElement":[{"@type":"ListItem","position":1,"name":"Accueil","item":"https:\/\/www.public.sn\/"},{"@type":"ListItem","position":2,"name":"Rassemblement de la soci\u00e9t\u00e9 civile : la foule s&rsquo;accro\u00eet en quelques minutes."}]},{"@type":"WebSite","@id":"https:\/\/www.public.sn\/#website","url":"https:\/\/www.public.sn\/","name":"LE PUBLIC","description":"","publisher":{"@id":"https:\/\/www.public.sn\/#organization"},"potentialAction":[{"@type":"SearchAction","target":{"@type":"EntryPoint","urlTemplate":"https:\/\/www.public.sn\/?s={search_term_string}"},"query-input":{"@type":"PropertyValueSpecification","valueRequired":true,"valueName":"search_term_string"}}],"inLanguage":"fr-FR"},{"@type":"Organization","@id":"https:\/\/www.public.sn\/#organization","name":"LE PUBLIC","url":"https:\/\/www.public.sn\/","logo":{"@type":"ImageObject","inLanguage":"fr-FR","@id":"https:\/\/www.public.sn\/#\/schema\/logo\/image\/","url":"https:\/\/www.public.sn\/wp-content\/uploads\/2024\/05\/cropped-LOGO-PUBLIC.SN_.png","contentUrl":"https:\/\/www.public.sn\/wp-content\/uploads\/2024\/05\/cropped-LOGO-PUBLIC.SN_.png","width":682,"height":192,"caption":"LE PUBLIC"},"image":{"@id":"https:\/\/www.public.sn\/#\/schema\/logo\/image\/"}},{"@type":"Person","@id":"https:\/\/www.public.sn\/#\/schema\/person\/cb76c8e1b8becc6be61fb5e92d6d0224","name":"LA REDACTION","image":{"@type":"ImageObject","inLanguage":"fr-FR","@id":"https:\/\/www.public.sn\/#\/schema\/person\/image\/","url":"https:\/\/secure.gravatar.com\/avatar\/2dce5ddd34b8fef0180efe03aa2a9bee7d953856048f9a16b298190a3178407c?s=96&d=mm&r=g","contentUrl":"https:\/\/secure.gravatar.com\/avatar\/2dce5ddd34b8fef0180efe03aa2a9bee7d953856048f9a16b298190a3178407c?s=96&d=mm&r=g","caption":"LA REDACTION"},"url":"https:\/\/www.public.sn\/index.php\/author\/editeurpsn\/"}]}},"jetpack_featured_media_url":"https:\/\/www.public.sn\/wp-content\/uploads\/2022\/12\/marche-cour-des-comptes-766x445-1.png","jetpack_sharing_enabled":true,"_links":{"self":[{"href":"https:\/\/www.public.sn\/index.php\/wp-json\/wp\/v2\/posts\/13114","targetHints":{"allow":["GET"]}}],"collection":[{"href":"https:\/\/www.public.sn\/index.php\/wp-json\/wp\/v2\/posts"}],"about":[{"href":"https:\/\/www.public.sn\/index.php\/wp-json\/wp\/v2\/types\/post"}],"author":[{"embeddable":true,"href":"https:\/\/www.public.sn\/index.php\/wp-json\/wp\/v2\/users\/7"}],"replies":[{"embeddable":true,"href":"https:\/\/www.public.sn\/index.php\/wp-json\/wp\/v2\/comments?post=13114"}],"version-history":[{"count":1,"href":"https:\/\/www.public.sn\/index.php\/wp-json\/wp\/v2\/posts\/13114\/revisions"}],"predecessor-version":[{"id":13116,"href":"https:\/\/www.public.sn\/index.php\/wp-json\/wp\/v2\/posts\/13114\/revisions\/13116"}],"wp:featuredmedia":[{"embeddable":true,"href":"https:\/\/www.public.sn\/index.php\/wp-json\/wp\/v2\/media\/13115"}],"wp:attachment":[{"href":"https:\/\/www.public.sn\/index.php\/wp-json\/wp\/v2\/media?parent=13114"}],"wp:term":[{"taxonomy":"category","embeddable":true,"href":"https:\/\/www.public.sn\/index.php\/wp-json\/wp\/v2\/categories?post=13114"},{"taxonomy":"post_tag","embeddable":true,"href":"https:\/\/www.public.sn\/index.php\/wp-json\/wp\/v2\/tags?post=13114"}],"curies":[{"name":"wp","href":"https:\/\/api.w.org\/{rel}","templated":true}]}}