{"id":13130,"date":"2022-12-30T19:01:09","date_gmt":"2022-12-30T19:01:09","guid":{"rendered":"https:\/\/www.public.sn\/?p=13130"},"modified":"2022-12-30T19:01:09","modified_gmt":"2022-12-30T19:01:09","slug":"le-depute-pape-djibril-a-echappe-de-peu-au-lynchage","status":"publish","type":"post","link":"https:\/\/www.public.sn\/index.php\/2022\/12\/30\/le-depute-pape-djibril-a-echappe-de-peu-au-lynchage\/","title":{"rendered":"LE D\u00c9PUT\u00c9 PAPE DJIBRIL A \u00c9CHAPP\u00c9 DE PEU AU LYNCHAGE."},"content":{"rendered":"<p>Le d\u00e9put\u00e9 non inscrit Pape Djibril Fall n\u2019a d\u00fb son salut qu\u2019\u00e0 l\u2019intervention de sa s\u00e9curit\u00e9. Il a failli \u00eatre lynch\u00e9 par les soutiens de l\u2019opposant Ousmane Sonko.<\/p><div class=\"publi-paragraphe1\" style=\"margin-top: 10px;margin-bottom: 10px;margin-left: auto;margin-right: auto;text-align: center;\" id=\"publi-1373360448\"><div class=\"publi-adlabel\">Publicit\u00e9<\/div><script async src=\"\/\/pagead2.googlesyndication.com\/pagead\/js\/adsbygoogle.js?client=ca-pub-4089586018074219\" crossorigin=\"anonymous\"><\/script><ins class=\"adsbygoogle\" style=\"display:block;\" data-ad-client=\"ca-pub-4089586018074219\" \ndata-ad-slot=\"2087940154\" \ndata-ad-format=\"auto\"><\/ins>\n<script> \n(adsbygoogle = window.adsbygoogle || []).push({}); \n<\/script>\n<\/div>\n<p>Des organisations de la soci\u00e9t\u00e9 civile ont tenu leur rassemblement ce vendredi pour r\u00e9clamer une suite judiciaire apr\u00e8s la publication du rapport de la Cour des comptes sur la gestion des fonds Force Covid-19. Les intervenants, qui se sont succ\u00e9d\u00e9s sur le podium, ont tous interpell\u00e9s le Pr\u00e9sident Macky Sall. Tout se d\u00e9roulait normalement jusqu\u2019\u00e0 17 heures pass\u00e9es avec l\u2019entr\u00e9e en lice des politiques.<\/p>\n<p>Ma\u00efmouna Bousso se pr\u00e9sente au nom de Yewwi Askan Wi, on lui arrache le micro. Le d\u00e9put\u00e9 non inscrit Pape Djibril Fall se pr\u00e9sente tout de blanc v\u00eatu et une \u00e9charpe aux couleurs nationales autour du cou. Il sera hu\u00e9 par des manifestants dont l\u2019un porte une pancarte sur laquelle on lit \u2018\u2019d\u00e9fenseurs de Sonko\u2019\u2019.<\/p>\n<p>\u2018\u2019Pape Djibril d\u00e9faillant\u2019\u2019, scandent-ils, tout en exigeant qu\u2019il descende du podium car \u00ab\u00a0il n\u2019a pas droit \u00e0 la parole\u00a0\u00bb. \u00ab\u00a0Il faut qu\u2019on apprenne \u00e0 respecter la d\u00e9mocratie dans ce pays\u00a0\u00bb, riposte-t-on du c\u00f4t\u00e9 du d\u00e9put\u00e9.<\/p>\n<p>Les organisateurs tranchent. \u00ab\u00a0Nous respectons les partis politiques mais aujourd\u2019hui on parle pour le peuple\u00a0\u00bb, s\u2019excuse le coordonnateur du mouvement \u2018\u2019Y\u2019en a marre\u2019\u2019, Aliou San\u00e9.<br class=\"autobr\" \/>Poursuivi par des jeunes, arm\u00e9s de pierres, Pape Djibril Fall sera finalement exfiltr\u00e9 par ses gardes.<\/p>\n<div class=\"publi-apres-le-contenu\" style=\"margin-top: 10px;margin-bottom: 10px;margin-left: auto;margin-right: auto;text-align: center;\" id=\"publi-1418060885\"><div class=\"publi-adlabel\">Publicit\u00e9<\/div><script async src=\"\/\/pagead2.googlesyndication.com\/pagead\/js\/adsbygoogle.js?client=ca-pub-4089586018074219\" crossorigin=\"anonymous\"><\/script><ins class=\"adsbygoogle\" style=\"display:block;\" data-ad-client=\"ca-pub-4089586018074219\" \ndata-ad-slot=\"2087940154\" \ndata-ad-format=\"auto\"><\/ins>\n<script> \n(adsbygoogle = window.adsbygoogle || []).push({}); \n<\/script>\n<\/div>","protected":false},"excerpt":{"rendered":"<p>Le d\u00e9put\u00e9 non inscrit Pape Djibril Fall n\u2019a d\u00fb son salut qu\u2019\u00e0 l\u2019intervention de sa s\u00e9curit\u00e9. Il a failli \u00eatre lynch\u00e9 par les soutiens de l\u2019opposant Ousmane Sonko. Des organisations de la soci\u00e9t\u00e9 civile ont tenu leur rassemblement ce vendredi pour r\u00e9clamer une suite judiciaire apr\u00e8s la publication du rapport de la Cour des comptes sur la gestion des fonds Force Covid-19. Les intervenants, qui se sont succ\u00e9d\u00e9s sur le podium, ont tous interpell\u00e9s le Pr\u00e9sident Macky Sall. Tout se d\u00e9roulait normalement jusqu\u2019\u00e0 17 heures pass\u00e9es avec l\u2019entr\u00e9e en lice des politiques. Ma\u00efmouna Bousso se pr\u00e9sente au nom de Yewwi Askan Wi, on lui arrache le micro. Le d\u00e9put\u00e9 non inscrit Pape Djibril Fall se pr\u00e9sente tout de blanc v\u00eatu et une \u00e9charpe aux couleurs nationales autour du cou. Il sera hu\u00e9 par des manifestants dont l\u2019un porte une pancarte sur laquelle on lit \u2018\u2019d\u00e9fenseurs de Sonko\u2019\u2019. \u2018\u2019Pape Djibril d\u00e9faillant\u2019\u2019, scandent-ils, tout en exigeant qu\u2019il descende du podium car \u00ab\u00a0il n\u2019a pas droit \u00e0 la parole\u00a0\u00bb. \u00ab\u00a0Il faut qu\u2019on apprenne \u00e0 respecter la d\u00e9mocratie dans ce pays\u00a0\u00bb, riposte-t-on du c\u00f4t\u00e9 du d\u00e9put\u00e9. Les organisateurs tranchent. \u00ab\u00a0Nous respectons les partis politiques mais aujourd\u2019hui on parle pour le peuple\u00a0\u00bb, s\u2019excuse le coordonnateur du mouvement \u2018\u2019Y\u2019en a marre\u2019\u2019, Aliou San\u00e9.Poursuivi par des jeunes, arm\u00e9s de pierres, Pape Djibril Fall sera finalement exfiltr\u00e9 par ses gardes.<\/p>\n","protected":false},"author":7,"featured_media":13131,"comment_status":"open","ping_status":"open","sticky":false,"template":"","format":"standard","meta":{"_jetpack_memberships_contains_paid_content":false,"footnotes":""},"categories":[375,3,8,1],"tags":[419,287,2167,2127],"class_list":["post-13130","post","type-post","status-publish","format-standard","has-post-thumbnail","hentry","category-actualites","category-politique","category-public-tv","category-non-classe","tag-emedia","tag-pape-djibril-fall","tag-rassemblement","tag-societe-civile","entry","has-media","owp-thumbs-layout-horizontal","owp-btn-normal","owp-tabs-layout-horizontal","has-no-thumbnails","has-product-nav"],"yoast_head":"<!-- This site is optimized with the Yoast SEO plugin v25.5 - https:\/\/yoast.com\/wordpress\/plugins\/seo\/ -->\n<title>LE D\u00c9PUT\u00c9 PAPE DJIBRIL A \u00c9CHAPP\u00c9 DE PEU AU LYNCHAGE. - LE PUBLIC<\/title>\n<meta name=\"robots\" content=\"index, follow, max-snippet:-1, max-image-preview:large, max-video-preview:-1\" \/>\n<link rel=\"canonical\" href=\"https:\/\/www.public.sn\/index.php\/2022\/12\/30\/le-depute-pape-djibril-a-echappe-de-peu-au-lynchage\/\" \/>\n<meta property=\"og:locale\" content=\"fr_FR\" \/>\n<meta property=\"og:type\" content=\"article\" \/>\n<meta property=\"og:title\" content=\"LE D\u00c9PUT\u00c9 PAPE DJIBRIL A \u00c9CHAPP\u00c9 DE PEU AU LYNCHAGE. - LE PUBLIC\" \/>\n<meta property=\"og:description\" content=\"Le d\u00e9put\u00e9 non inscrit Pape Djibril Fall n\u2019a d\u00fb son salut qu\u2019\u00e0 l\u2019intervention de sa s\u00e9curit\u00e9. Il a failli \u00eatre lynch\u00e9 par les soutiens de l\u2019opposant Ousmane Sonko. Des organisations de la soci\u00e9t\u00e9 civile ont tenu leur rassemblement ce vendredi pour r\u00e9clamer une suite judiciaire apr\u00e8s la publication du rapport de la Cour des comptes sur la gestion des fonds Force Covid-19. Les intervenants, qui se sont succ\u00e9d\u00e9s sur le podium, ont tous interpell\u00e9s le Pr\u00e9sident Macky Sall. Tout se d\u00e9roulait normalement jusqu\u2019\u00e0 17 heures pass\u00e9es avec l\u2019entr\u00e9e en lice des politiques. Ma\u00efmouna Bousso se pr\u00e9sente au nom de Yewwi Askan Wi, on lui arrache le micro. Le d\u00e9put\u00e9 non inscrit Pape Djibril Fall se pr\u00e9sente tout de blanc v\u00eatu et une \u00e9charpe aux couleurs nationales autour du cou. Il sera hu\u00e9 par des manifestants dont l\u2019un porte une pancarte sur laquelle on lit \u2018\u2019d\u00e9fenseurs de Sonko\u2019\u2019. \u2018\u2019Pape Djibril d\u00e9faillant\u2019\u2019, scandent-ils, tout en exigeant qu\u2019il descende du podium car \u00ab\u00a0il n\u2019a pas droit \u00e0 la parole\u00a0\u00bb. \u00ab\u00a0Il faut qu\u2019on apprenne \u00e0 respecter la d\u00e9mocratie dans ce pays\u00a0\u00bb, riposte-t-on du c\u00f4t\u00e9 du d\u00e9put\u00e9. Les organisateurs tranchent. \u00ab\u00a0Nous respectons les partis politiques mais aujourd\u2019hui on parle pour le peuple\u00a0\u00bb, s\u2019excuse le coordonnateur du mouvement \u2018\u2019Y\u2019en a marre\u2019\u2019, Aliou San\u00e9.Poursuivi par des jeunes, arm\u00e9s de pierres, Pape Djibril Fall sera finalement exfiltr\u00e9 par ses gardes.\" \/>\n<meta property=\"og:url\" content=\"https:\/\/www.public.sn\/index.php\/2022\/12\/30\/le-depute-pape-djibril-a-echappe-de-peu-au-lynchage\/\" \/>\n<meta property=\"og:site_name\" content=\"LE PUBLIC\" \/>\n<meta property=\"article:published_time\" content=\"2022-12-30T19:01:09+00:00\" \/>\n<meta property=\"og:image\" content=\"https:\/\/www.public.sn\/wp-content\/uploads\/2022\/12\/papedjibril.jpg\" \/>\n\t<meta property=\"og:image:width\" content=\"686\" \/>\n\t<meta property=\"og:image:height\" content=\"338\" \/>\n\t<meta property=\"og:image:type\" content=\"image\/jpeg\" \/>\n<meta name=\"author\" content=\"LA REDACTION\" \/>\n<meta name=\"twitter:card\" content=\"summary_large_image\" \/>\n<meta name=\"twitter:label1\" content=\"\u00c9crit par\" \/>\n\t<meta name=\"twitter:data1\" content=\"LA REDACTION\" \/>\n\t<meta name=\"twitter:label2\" content=\"Dur\u00e9e de lecture estim\u00e9e\" \/>\n\t<meta name=\"twitter:data2\" content=\"2 minutes\" \/>\n<script type=\"application\/ld+json\" class=\"yoast-schema-graph\">{\"@context\":\"https:\/\/schema.org\",\"@graph\":[{\"@type\":\"Article\",\"@id\":\"https:\/\/www.public.sn\/index.php\/2022\/12\/30\/le-depute-pape-djibril-a-echappe-de-peu-au-lynchage\/#article\",\"isPartOf\":{\"@id\":\"https:\/\/www.public.sn\/index.php\/2022\/12\/30\/le-depute-pape-djibril-a-echappe-de-peu-au-lynchage\/\"},\"author\":{\"name\":\"LA REDACTION\",\"@id\":\"https:\/\/www.public.sn\/#\/schema\/person\/cb76c8e1b8becc6be61fb5e92d6d0224\"},\"headline\":\"LE D\u00c9PUT\u00c9 PAPE DJIBRIL A \u00c9CHAPP\u00c9 DE PEU AU LYNCHAGE.\",\"datePublished\":\"2022-12-30T19:01:09+00:00\",\"mainEntityOfPage\":{\"@id\":\"https:\/\/www.public.sn\/index.php\/2022\/12\/30\/le-depute-pape-djibril-a-echappe-de-peu-au-lynchage\/\"},\"wordCount\":265,\"commentCount\":0,\"publisher\":{\"@id\":\"https:\/\/www.public.sn\/#organization\"},\"image\":{\"@id\":\"https:\/\/www.public.sn\/index.php\/2022\/12\/30\/le-depute-pape-djibril-a-echappe-de-peu-au-lynchage\/#primaryimage\"},\"thumbnailUrl\":\"https:\/\/www.public.sn\/wp-content\/uploads\/2022\/12\/papedjibril.jpg\",\"keywords\":[\"Emedia\",\"Pape Djibril Fall\",\"rassemblement\",\"soci\u00e9t\u00e9 civile\"],\"articleSection\":[\"ACTUALIT\u00c9S\",\"POLITIQUE\",\"PUBLIC TV\",\"S\u00c9N\u00c9GAL\"],\"inLanguage\":\"fr-FR\",\"potentialAction\":[{\"@type\":\"CommentAction\",\"name\":\"Comment\",\"target\":[\"https:\/\/www.public.sn\/index.php\/2022\/12\/30\/le-depute-pape-djibril-a-echappe-de-peu-au-lynchage\/#respond\"]}]},{\"@type\":\"WebPage\",\"@id\":\"https:\/\/www.public.sn\/index.php\/2022\/12\/30\/le-depute-pape-djibril-a-echappe-de-peu-au-lynchage\/\",\"url\":\"https:\/\/www.public.sn\/index.php\/2022\/12\/30\/le-depute-pape-djibril-a-echappe-de-peu-au-lynchage\/\",\"name\":\"LE D\u00c9PUT\u00c9 PAPE DJIBRIL A \u00c9CHAPP\u00c9 DE PEU AU LYNCHAGE. - LE PUBLIC\",\"isPartOf\":{\"@id\":\"https:\/\/www.public.sn\/#website\"},\"primaryImageOfPage\":{\"@id\":\"https:\/\/www.public.sn\/index.php\/2022\/12\/30\/le-depute-pape-djibril-a-echappe-de-peu-au-lynchage\/#primaryimage\"},\"image\":{\"@id\":\"https:\/\/www.public.sn\/index.php\/2022\/12\/30\/le-depute-pape-djibril-a-echappe-de-peu-au-lynchage\/#primaryimage\"},\"thumbnailUrl\":\"https:\/\/www.public.sn\/wp-content\/uploads\/2022\/12\/papedjibril.jpg\",\"datePublished\":\"2022-12-30T19:01:09+00:00\",\"breadcrumb\":{\"@id\":\"https:\/\/www.public.sn\/index.php\/2022\/12\/30\/le-depute-pape-djibril-a-echappe-de-peu-au-lynchage\/#breadcrumb\"},\"inLanguage\":\"fr-FR\",\"potentialAction\":[{\"@type\":\"ReadAction\",\"target\":[\"https:\/\/www.public.sn\/index.php\/2022\/12\/30\/le-depute-pape-djibril-a-echappe-de-peu-au-lynchage\/\"]}]},{\"@type\":\"ImageObject\",\"inLanguage\":\"fr-FR\",\"@id\":\"https:\/\/www.public.sn\/index.php\/2022\/12\/30\/le-depute-pape-djibril-a-echappe-de-peu-au-lynchage\/#primaryimage\",\"url\":\"https:\/\/www.public.sn\/wp-content\/uploads\/2022\/12\/papedjibril.jpg\",\"contentUrl\":\"https:\/\/www.public.sn\/wp-content\/uploads\/2022\/12\/papedjibril.jpg\",\"width\":686,\"height\":338},{\"@type\":\"BreadcrumbList\",\"@id\":\"https:\/\/www.public.sn\/index.php\/2022\/12\/30\/le-depute-pape-djibril-a-echappe-de-peu-au-lynchage\/#breadcrumb\",\"itemListElement\":[{\"@type\":\"ListItem\",\"position\":1,\"name\":\"Accueil\",\"item\":\"https:\/\/www.public.sn\/\"},{\"@type\":\"ListItem\",\"position\":2,\"name\":\"LE D\u00c9PUT\u00c9 PAPE DJIBRIL A \u00c9CHAPP\u00c9 DE PEU AU LYNCHAGE.\"}]},{\"@type\":\"WebSite\",\"@id\":\"https:\/\/www.public.sn\/#website\",\"url\":\"https:\/\/www.public.sn\/\",\"name\":\"LE PUBLIC\",\"description\":\"\",\"publisher\":{\"@id\":\"https:\/\/www.public.sn\/#organization\"},\"potentialAction\":[{\"@type\":\"SearchAction\",\"target\":{\"@type\":\"EntryPoint\",\"urlTemplate\":\"https:\/\/www.public.sn\/?s={search_term_string}\"},\"query-input\":{\"@type\":\"PropertyValueSpecification\",\"valueRequired\":true,\"valueName\":\"search_term_string\"}}],\"inLanguage\":\"fr-FR\"},{\"@type\":\"Organization\",\"@id\":\"https:\/\/www.public.sn\/#organization\",\"name\":\"LE PUBLIC\",\"url\":\"https:\/\/www.public.sn\/\",\"logo\":{\"@type\":\"ImageObject\",\"inLanguage\":\"fr-FR\",\"@id\":\"https:\/\/www.public.sn\/#\/schema\/logo\/image\/\",\"url\":\"https:\/\/www.public.sn\/wp-content\/uploads\/2024\/05\/cropped-LOGO-PUBLIC.SN_.png\",\"contentUrl\":\"https:\/\/www.public.sn\/wp-content\/uploads\/2024\/05\/cropped-LOGO-PUBLIC.SN_.png\",\"width\":682,\"height\":192,\"caption\":\"LE PUBLIC\"},\"image\":{\"@id\":\"https:\/\/www.public.sn\/#\/schema\/logo\/image\/\"}},{\"@type\":\"Person\",\"@id\":\"https:\/\/www.public.sn\/#\/schema\/person\/cb76c8e1b8becc6be61fb5e92d6d0224\",\"name\":\"LA REDACTION\",\"image\":{\"@type\":\"ImageObject\",\"inLanguage\":\"fr-FR\",\"@id\":\"https:\/\/www.public.sn\/#\/schema\/person\/image\/\",\"url\":\"https:\/\/secure.gravatar.com\/avatar\/2dce5ddd34b8fef0180efe03aa2a9bee7d953856048f9a16b298190a3178407c?s=96&d=mm&r=g\",\"contentUrl\":\"https:\/\/secure.gravatar.com\/avatar\/2dce5ddd34b8fef0180efe03aa2a9bee7d953856048f9a16b298190a3178407c?s=96&d=mm&r=g\",\"caption\":\"LA REDACTION\"},\"url\":\"https:\/\/www.public.sn\/index.php\/author\/editeurpsn\/\"}]}<\/script>\n<!-- \/ Yoast SEO plugin. -->","yoast_head_json":{"title":"LE D\u00c9PUT\u00c9 PAPE DJIBRIL A \u00c9CHAPP\u00c9 DE PEU AU LYNCHAGE. - LE PUBLIC","robots":{"index":"index","follow":"follow","max-snippet":"max-snippet:-1","max-image-preview":"max-image-preview:large","max-video-preview":"max-video-preview:-1"},"canonical":"https:\/\/www.public.sn\/index.php\/2022\/12\/30\/le-depute-pape-djibril-a-echappe-de-peu-au-lynchage\/","og_locale":"fr_FR","og_type":"article","og_title":"LE D\u00c9PUT\u00c9 PAPE DJIBRIL A \u00c9CHAPP\u00c9 DE PEU AU LYNCHAGE. - LE PUBLIC","og_description":"Le d\u00e9put\u00e9 non inscrit Pape Djibril Fall n\u2019a d\u00fb son salut qu\u2019\u00e0 l\u2019intervention de sa s\u00e9curit\u00e9. Il a failli \u00eatre lynch\u00e9 par les soutiens de l\u2019opposant Ousmane Sonko. Des organisations de la soci\u00e9t\u00e9 civile ont tenu leur rassemblement ce vendredi pour r\u00e9clamer une suite judiciaire apr\u00e8s la publication du rapport de la Cour des comptes sur la gestion des fonds Force Covid-19. Les intervenants, qui se sont succ\u00e9d\u00e9s sur le podium, ont tous interpell\u00e9s le Pr\u00e9sident Macky Sall. Tout se d\u00e9roulait normalement jusqu\u2019\u00e0 17 heures pass\u00e9es avec l\u2019entr\u00e9e en lice des politiques. Ma\u00efmouna Bousso se pr\u00e9sente au nom de Yewwi Askan Wi, on lui arrache le micro. Le d\u00e9put\u00e9 non inscrit Pape Djibril Fall se pr\u00e9sente tout de blanc v\u00eatu et une \u00e9charpe aux couleurs nationales autour du cou. Il sera hu\u00e9 par des manifestants dont l\u2019un porte une pancarte sur laquelle on lit \u2018\u2019d\u00e9fenseurs de Sonko\u2019\u2019. \u2018\u2019Pape Djibril d\u00e9faillant\u2019\u2019, scandent-ils, tout en exigeant qu\u2019il descende du podium car \u00ab\u00a0il n\u2019a pas droit \u00e0 la parole\u00a0\u00bb. \u00ab\u00a0Il faut qu\u2019on apprenne \u00e0 respecter la d\u00e9mocratie dans ce pays\u00a0\u00bb, riposte-t-on du c\u00f4t\u00e9 du d\u00e9put\u00e9. Les organisateurs tranchent. \u00ab\u00a0Nous respectons les partis politiques mais aujourd\u2019hui on parle pour le peuple\u00a0\u00bb, s\u2019excuse le coordonnateur du mouvement \u2018\u2019Y\u2019en a marre\u2019\u2019, Aliou San\u00e9.Poursuivi par des jeunes, arm\u00e9s de pierres, Pape Djibril Fall sera finalement exfiltr\u00e9 par ses gardes.","og_url":"https:\/\/www.public.sn\/index.php\/2022\/12\/30\/le-depute-pape-djibril-a-echappe-de-peu-au-lynchage\/","og_site_name":"LE PUBLIC","article_published_time":"2022-12-30T19:01:09+00:00","og_image":[{"width":686,"height":338,"url":"https:\/\/www.public.sn\/wp-content\/uploads\/2022\/12\/papedjibril.jpg","type":"image\/jpeg"}],"author":"LA REDACTION","twitter_card":"summary_large_image","twitter_misc":{"\u00c9crit par":"LA REDACTION","Dur\u00e9e de lecture estim\u00e9e":"2 minutes"},"schema":{"@context":"https:\/\/schema.org","@graph":[{"@type":"Article","@id":"https:\/\/www.public.sn\/index.php\/2022\/12\/30\/le-depute-pape-djibril-a-echappe-de-peu-au-lynchage\/#article","isPartOf":{"@id":"https:\/\/www.public.sn\/index.php\/2022\/12\/30\/le-depute-pape-djibril-a-echappe-de-peu-au-lynchage\/"},"author":{"name":"LA REDACTION","@id":"https:\/\/www.public.sn\/#\/schema\/person\/cb76c8e1b8becc6be61fb5e92d6d0224"},"headline":"LE D\u00c9PUT\u00c9 PAPE DJIBRIL A \u00c9CHAPP\u00c9 DE PEU AU LYNCHAGE.","datePublished":"2022-12-30T19:01:09+00:00","mainEntityOfPage":{"@id":"https:\/\/www.public.sn\/index.php\/2022\/12\/30\/le-depute-pape-djibril-a-echappe-de-peu-au-lynchage\/"},"wordCount":265,"commentCount":0,"publisher":{"@id":"https:\/\/www.public.sn\/#organization"},"image":{"@id":"https:\/\/www.public.sn\/index.php\/2022\/12\/30\/le-depute-pape-djibril-a-echappe-de-peu-au-lynchage\/#primaryimage"},"thumbnailUrl":"https:\/\/www.public.sn\/wp-content\/uploads\/2022\/12\/papedjibril.jpg","keywords":["Emedia","Pape Djibril Fall","rassemblement","soci\u00e9t\u00e9 civile"],"articleSection":["ACTUALIT\u00c9S","POLITIQUE","PUBLIC TV","S\u00c9N\u00c9GAL"],"inLanguage":"fr-FR","potentialAction":[{"@type":"CommentAction","name":"Comment","target":["https:\/\/www.public.sn\/index.php\/2022\/12\/30\/le-depute-pape-djibril-a-echappe-de-peu-au-lynchage\/#respond"]}]},{"@type":"WebPage","@id":"https:\/\/www.public.sn\/index.php\/2022\/12\/30\/le-depute-pape-djibril-a-echappe-de-peu-au-lynchage\/","url":"https:\/\/www.public.sn\/index.php\/2022\/12\/30\/le-depute-pape-djibril-a-echappe-de-peu-au-lynchage\/","name":"LE D\u00c9PUT\u00c9 PAPE DJIBRIL A \u00c9CHAPP\u00c9 DE PEU AU LYNCHAGE. - LE PUBLIC","isPartOf":{"@id":"https:\/\/www.public.sn\/#website"},"primaryImageOfPage":{"@id":"https:\/\/www.public.sn\/index.php\/2022\/12\/30\/le-depute-pape-djibril-a-echappe-de-peu-au-lynchage\/#primaryimage"},"image":{"@id":"https:\/\/www.public.sn\/index.php\/2022\/12\/30\/le-depute-pape-djibril-a-echappe-de-peu-au-lynchage\/#primaryimage"},"thumbnailUrl":"https:\/\/www.public.sn\/wp-content\/uploads\/2022\/12\/papedjibril.jpg","datePublished":"2022-12-30T19:01:09+00:00","breadcrumb":{"@id":"https:\/\/www.public.sn\/index.php\/2022\/12\/30\/le-depute-pape-djibril-a-echappe-de-peu-au-lynchage\/#breadcrumb"},"inLanguage":"fr-FR","potentialAction":[{"@type":"ReadAction","target":["https:\/\/www.public.sn\/index.php\/2022\/12\/30\/le-depute-pape-djibril-a-echappe-de-peu-au-lynchage\/"]}]},{"@type":"ImageObject","inLanguage":"fr-FR","@id":"https:\/\/www.public.sn\/index.php\/2022\/12\/30\/le-depute-pape-djibril-a-echappe-de-peu-au-lynchage\/#primaryimage","url":"https:\/\/www.public.sn\/wp-content\/uploads\/2022\/12\/papedjibril.jpg","contentUrl":"https:\/\/www.public.sn\/wp-content\/uploads\/2022\/12\/papedjibril.jpg","width":686,"height":338},{"@type":"BreadcrumbList","@id":"https:\/\/www.public.sn\/index.php\/2022\/12\/30\/le-depute-pape-djibril-a-echappe-de-peu-au-lynchage\/#breadcrumb","itemListElement":[{"@type":"ListItem","position":1,"name":"Accueil","item":"https:\/\/www.public.sn\/"},{"@type":"ListItem","position":2,"name":"LE D\u00c9PUT\u00c9 PAPE DJIBRIL A \u00c9CHAPP\u00c9 DE PEU AU LYNCHAGE."}]},{"@type":"WebSite","@id":"https:\/\/www.public.sn\/#website","url":"https:\/\/www.public.sn\/","name":"LE PUBLIC","description":"","publisher":{"@id":"https:\/\/www.public.sn\/#organization"},"potentialAction":[{"@type":"SearchAction","target":{"@type":"EntryPoint","urlTemplate":"https:\/\/www.public.sn\/?s={search_term_string}"},"query-input":{"@type":"PropertyValueSpecification","valueRequired":true,"valueName":"search_term_string"}}],"inLanguage":"fr-FR"},{"@type":"Organization","@id":"https:\/\/www.public.sn\/#organization","name":"LE PUBLIC","url":"https:\/\/www.public.sn\/","logo":{"@type":"ImageObject","inLanguage":"fr-FR","@id":"https:\/\/www.public.sn\/#\/schema\/logo\/image\/","url":"https:\/\/www.public.sn\/wp-content\/uploads\/2024\/05\/cropped-LOGO-PUBLIC.SN_.png","contentUrl":"https:\/\/www.public.sn\/wp-content\/uploads\/2024\/05\/cropped-LOGO-PUBLIC.SN_.png","width":682,"height":192,"caption":"LE PUBLIC"},"image":{"@id":"https:\/\/www.public.sn\/#\/schema\/logo\/image\/"}},{"@type":"Person","@id":"https:\/\/www.public.sn\/#\/schema\/person\/cb76c8e1b8becc6be61fb5e92d6d0224","name":"LA REDACTION","image":{"@type":"ImageObject","inLanguage":"fr-FR","@id":"https:\/\/www.public.sn\/#\/schema\/person\/image\/","url":"https:\/\/secure.gravatar.com\/avatar\/2dce5ddd34b8fef0180efe03aa2a9bee7d953856048f9a16b298190a3178407c?s=96&d=mm&r=g","contentUrl":"https:\/\/secure.gravatar.com\/avatar\/2dce5ddd34b8fef0180efe03aa2a9bee7d953856048f9a16b298190a3178407c?s=96&d=mm&r=g","caption":"LA REDACTION"},"url":"https:\/\/www.public.sn\/index.php\/author\/editeurpsn\/"}]}},"jetpack_featured_media_url":"https:\/\/www.public.sn\/wp-content\/uploads\/2022\/12\/papedjibril.jpg","jetpack_sharing_enabled":true,"_links":{"self":[{"href":"https:\/\/www.public.sn\/index.php\/wp-json\/wp\/v2\/posts\/13130","targetHints":{"allow":["GET"]}}],"collection":[{"href":"https:\/\/www.public.sn\/index.php\/wp-json\/wp\/v2\/posts"}],"about":[{"href":"https:\/\/www.public.sn\/index.php\/wp-json\/wp\/v2\/types\/post"}],"author":[{"embeddable":true,"href":"https:\/\/www.public.sn\/index.php\/wp-json\/wp\/v2\/users\/7"}],"replies":[{"embeddable":true,"href":"https:\/\/www.public.sn\/index.php\/wp-json\/wp\/v2\/comments?post=13130"}],"version-history":[{"count":1,"href":"https:\/\/www.public.sn\/index.php\/wp-json\/wp\/v2\/posts\/13130\/revisions"}],"predecessor-version":[{"id":13132,"href":"https:\/\/www.public.sn\/index.php\/wp-json\/wp\/v2\/posts\/13130\/revisions\/13132"}],"wp:featuredmedia":[{"embeddable":true,"href":"https:\/\/www.public.sn\/index.php\/wp-json\/wp\/v2\/media\/13131"}],"wp:attachment":[{"href":"https:\/\/www.public.sn\/index.php\/wp-json\/wp\/v2\/media?parent=13130"}],"wp:term":[{"taxonomy":"category","embeddable":true,"href":"https:\/\/www.public.sn\/index.php\/wp-json\/wp\/v2\/categories?post=13130"},{"taxonomy":"post_tag","embeddable":true,"href":"https:\/\/www.public.sn\/index.php\/wp-json\/wp\/v2\/tags?post=13130"}],"curies":[{"name":"wp","href":"https:\/\/api.w.org\/{rel}","templated":true}]}}