{"id":1319,"date":"2022-09-05T15:31:19","date_gmt":"2022-09-05T13:31:19","guid":{"rendered":"https:\/\/www.public.sn\/?p=1319"},"modified":"2022-09-05T15:31:20","modified_gmt":"2022-09-05T13:31:20","slug":"changement-climatique-macky-sall-evoque-lurgence-de-sauver-lafrique","status":"publish","type":"post","link":"https:\/\/www.public.sn\/index.php\/2022\/09\/05\/changement-climatique-macky-sall-evoque-lurgence-de-sauver-lafrique\/","title":{"rendered":"Changement climatique: Macky Sall \u00e9voque l\u2019urgence de sauver l\u2019Afrique."},"content":{"rendered":"\n<p>Le sommet sur l\u2019adaptation de l\u2019Afrique au changement climatique a d\u00e9but\u00e9 ce matin \u00e0 Rotterdam (Pays-Bas). <br>Le Pr\u00e9sident de la R\u00e9publique participe \u00e0 cette rencontre organis\u00e9e gr\u00e2ce au partenariat entre l\u2019Union africaine, le centre mondial sur l\u2019adaptation, la BAD, le FMI et l\u2019initiative sur l\u2019adaptation en Afrique. Le Chef de l\u2019Etat et pr\u00e9sident en exercice de l\u2019Union africaine a insist\u00e9 sur l\u2019urgence de sauver le continent \u00e0 travers notamment la mobilisation des ressources pour financer son adaptation face aux effets d\u00e9vastateurs du d\u00e9r\u00e8glement climatique.<\/p><div class=\"publi-paragraphe1\" style=\"margin-top: 10px;margin-bottom: 10px;margin-left: auto;margin-right: auto;text-align: center;\" id=\"publi-619216660\"><div class=\"publi-adlabel\">Publicit\u00e9<\/div><script async src=\"\/\/pagead2.googlesyndication.com\/pagead\/js\/adsbygoogle.js?client=ca-pub-4089586018074219\" crossorigin=\"anonymous\"><\/script><ins class=\"adsbygoogle\" style=\"display:block;\" data-ad-client=\"ca-pub-4089586018074219\" \ndata-ad-slot=\"2087940154\" \ndata-ad-format=\"auto\"><\/ins>\n<script> \n(adsbygoogle = window.adsbygoogle || []).push({}); \n<\/script>\n<\/div>\n<div class=\"publi-apres-le-contenu\" style=\"margin-top: 10px;margin-bottom: 10px;margin-left: auto;margin-right: auto;text-align: center;\" id=\"publi-1544818217\"><div class=\"publi-adlabel\">Publicit\u00e9<\/div><script async src=\"\/\/pagead2.googlesyndication.com\/pagead\/js\/adsbygoogle.js?client=ca-pub-4089586018074219\" crossorigin=\"anonymous\"><\/script><ins class=\"adsbygoogle\" style=\"display:block;\" data-ad-client=\"ca-pub-4089586018074219\" \ndata-ad-slot=\"2087940154\" \ndata-ad-format=\"auto\"><\/ins>\n<script> \n(adsbygoogle = window.adsbygoogle || []).push({}); \n<\/script>\n<\/div>","protected":false},"excerpt":{"rendered":"<p>Le sommet sur l\u2019adaptation de l\u2019Afrique au changement climatique a d\u00e9but\u00e9 ce matin \u00e0 Rotterdam (Pays-Bas). Le Pr\u00e9sident de la R\u00e9publique participe \u00e0 cette rencontre organis\u00e9e gr\u00e2ce au partenariat entre l\u2019Union africaine, le centre mondial sur l\u2019adaptation, la BAD, le FMI et l\u2019initiative sur l\u2019adaptation en Afrique. Le Chef de l\u2019Etat et pr\u00e9sident en exercice de l\u2019Union africaine a insist\u00e9 sur l\u2019urgence de sauver le continent \u00e0 travers notamment la mobilisation des ressources pour financer son adaptation face aux effets d\u00e9vastateurs du d\u00e9r\u00e8glement climatique.<\/p>\n","protected":false},"author":1,"featured_media":1320,"comment_status":"open","ping_status":"open","sticky":false,"template":"","format":"standard","meta":{"_jetpack_memberships_contains_paid_content":false,"footnotes":""},"categories":[550,4],"tags":[134,552,11,539,551],"class_list":["post-1319","post","type-post","status-publish","format-standard","has-post-thumbnail","hentry","category-afrique-monde","category-societe","tag-afrique","tag-changement-climatique","tag-macky-sall","tag-pays-bas","tag-ua","entry","has-media","owp-thumbs-layout-horizontal","owp-btn-normal","owp-tabs-layout-horizontal","has-no-thumbnails","has-product-nav"],"yoast_head":"<!-- This site is optimized with the Yoast SEO plugin v25.5 - https:\/\/yoast.com\/wordpress\/plugins\/seo\/ -->\n<title>Changement climatique: Macky Sall \u00e9voque l\u2019urgence de sauver l\u2019Afrique. - LE PUBLIC<\/title>\n<meta name=\"robots\" content=\"index, follow, max-snippet:-1, max-image-preview:large, max-video-preview:-1\" \/>\n<link rel=\"canonical\" href=\"https:\/\/www.public.sn\/index.php\/2022\/09\/05\/changement-climatique-macky-sall-evoque-lurgence-de-sauver-lafrique\/\" \/>\n<meta property=\"og:locale\" content=\"fr_FR\" \/>\n<meta property=\"og:type\" content=\"article\" \/>\n<meta property=\"og:title\" content=\"Changement climatique: Macky Sall \u00e9voque l\u2019urgence de sauver l\u2019Afrique. - LE PUBLIC\" \/>\n<meta property=\"og:description\" content=\"Le sommet sur l\u2019adaptation de l\u2019Afrique au changement climatique a d\u00e9but\u00e9 ce matin \u00e0 Rotterdam (Pays-Bas). Le Pr\u00e9sident de la R\u00e9publique participe \u00e0 cette rencontre organis\u00e9e gr\u00e2ce au partenariat entre l\u2019Union africaine, le centre mondial sur l\u2019adaptation, la BAD, le FMI et l\u2019initiative sur l\u2019adaptation en Afrique. Le Chef de l\u2019Etat et pr\u00e9sident en exercice de l\u2019Union africaine a insist\u00e9 sur l\u2019urgence de sauver le continent \u00e0 travers notamment la mobilisation des ressources pour financer son adaptation face aux effets d\u00e9vastateurs du d\u00e9r\u00e8glement climatique.\" \/>\n<meta property=\"og:url\" content=\"https:\/\/www.public.sn\/index.php\/2022\/09\/05\/changement-climatique-macky-sall-evoque-lurgence-de-sauver-lafrique\/\" \/>\n<meta property=\"og:site_name\" content=\"LE PUBLIC\" \/>\n<meta property=\"article:published_time\" content=\"2022-09-05T13:31:19+00:00\" \/>\n<meta property=\"article:modified_time\" content=\"2022-09-05T13:31:20+00:00\" \/>\n<meta property=\"og:image\" content=\"https:\/\/www.public.sn\/wp-content\/uploads\/2022\/09\/DD29F393-F8AE-4ACF-8C18-809578C1274C.jpeg\" \/>\n\t<meta property=\"og:image:width\" content=\"780\" \/>\n\t<meta property=\"og:image:height\" content=\"470\" \/>\n\t<meta property=\"og:image:type\" content=\"image\/jpeg\" \/>\n<meta name=\"author\" content=\"LA REDACTION\" \/>\n<meta name=\"twitter:card\" content=\"summary_large_image\" \/>\n<meta name=\"twitter:label1\" content=\"\u00c9crit par\" \/>\n\t<meta name=\"twitter:data1\" content=\"LA REDACTION\" \/>\n\t<meta name=\"twitter:label2\" content=\"Dur\u00e9e de lecture estim\u00e9e\" \/>\n\t<meta name=\"twitter:data2\" content=\"1 minute\" \/>\n<script type=\"application\/ld+json\" class=\"yoast-schema-graph\">{\"@context\":\"https:\/\/schema.org\",\"@graph\":[{\"@type\":\"Article\",\"@id\":\"https:\/\/www.public.sn\/index.php\/2022\/09\/05\/changement-climatique-macky-sall-evoque-lurgence-de-sauver-lafrique\/#article\",\"isPartOf\":{\"@id\":\"https:\/\/www.public.sn\/index.php\/2022\/09\/05\/changement-climatique-macky-sall-evoque-lurgence-de-sauver-lafrique\/\"},\"author\":{\"name\":\"LA REDACTION\",\"@id\":\"https:\/\/www.public.sn\/#\/schema\/person\/e3f4a11b037d4203902db148f9bc8d5a\"},\"headline\":\"Changement climatique: Macky Sall \u00e9voque l\u2019urgence de sauver l\u2019Afrique.\",\"datePublished\":\"2022-09-05T13:31:19+00:00\",\"dateModified\":\"2022-09-05T13:31:20+00:00\",\"mainEntityOfPage\":{\"@id\":\"https:\/\/www.public.sn\/index.php\/2022\/09\/05\/changement-climatique-macky-sall-evoque-lurgence-de-sauver-lafrique\/\"},\"wordCount\":110,\"commentCount\":0,\"publisher\":{\"@id\":\"https:\/\/www.public.sn\/#organization\"},\"image\":{\"@id\":\"https:\/\/www.public.sn\/index.php\/2022\/09\/05\/changement-climatique-macky-sall-evoque-lurgence-de-sauver-lafrique\/#primaryimage\"},\"thumbnailUrl\":\"https:\/\/www.public.sn\/wp-content\/uploads\/2022\/09\/DD29F393-F8AE-4ACF-8C18-809578C1274C.jpeg\",\"keywords\":[\"Afrique\",\"Changement Climatique\",\"Macky Sall\",\"Pays-Bas\",\"UA\"],\"articleSection\":[\"AFRIQUE &amp; MONDE\",\"SOCIETE\"],\"inLanguage\":\"fr-FR\",\"potentialAction\":[{\"@type\":\"CommentAction\",\"name\":\"Comment\",\"target\":[\"https:\/\/www.public.sn\/index.php\/2022\/09\/05\/changement-climatique-macky-sall-evoque-lurgence-de-sauver-lafrique\/#respond\"]}]},{\"@type\":\"WebPage\",\"@id\":\"https:\/\/www.public.sn\/index.php\/2022\/09\/05\/changement-climatique-macky-sall-evoque-lurgence-de-sauver-lafrique\/\",\"url\":\"https:\/\/www.public.sn\/index.php\/2022\/09\/05\/changement-climatique-macky-sall-evoque-lurgence-de-sauver-lafrique\/\",\"name\":\"Changement climatique: Macky Sall \u00e9voque l\u2019urgence de sauver l\u2019Afrique. - LE PUBLIC\",\"isPartOf\":{\"@id\":\"https:\/\/www.public.sn\/#website\"},\"primaryImageOfPage\":{\"@id\":\"https:\/\/www.public.sn\/index.php\/2022\/09\/05\/changement-climatique-macky-sall-evoque-lurgence-de-sauver-lafrique\/#primaryimage\"},\"image\":{\"@id\":\"https:\/\/www.public.sn\/index.php\/2022\/09\/05\/changement-climatique-macky-sall-evoque-lurgence-de-sauver-lafrique\/#primaryimage\"},\"thumbnailUrl\":\"https:\/\/www.public.sn\/wp-content\/uploads\/2022\/09\/DD29F393-F8AE-4ACF-8C18-809578C1274C.jpeg\",\"datePublished\":\"2022-09-05T13:31:19+00:00\",\"dateModified\":\"2022-09-05T13:31:20+00:00\",\"breadcrumb\":{\"@id\":\"https:\/\/www.public.sn\/index.php\/2022\/09\/05\/changement-climatique-macky-sall-evoque-lurgence-de-sauver-lafrique\/#breadcrumb\"},\"inLanguage\":\"fr-FR\",\"potentialAction\":[{\"@type\":\"ReadAction\",\"target\":[\"https:\/\/www.public.sn\/index.php\/2022\/09\/05\/changement-climatique-macky-sall-evoque-lurgence-de-sauver-lafrique\/\"]}]},{\"@type\":\"ImageObject\",\"inLanguage\":\"fr-FR\",\"@id\":\"https:\/\/www.public.sn\/index.php\/2022\/09\/05\/changement-climatique-macky-sall-evoque-lurgence-de-sauver-lafrique\/#primaryimage\",\"url\":\"https:\/\/www.public.sn\/wp-content\/uploads\/2022\/09\/DD29F393-F8AE-4ACF-8C18-809578C1274C.jpeg\",\"contentUrl\":\"https:\/\/www.public.sn\/wp-content\/uploads\/2022\/09\/DD29F393-F8AE-4ACF-8C18-809578C1274C.jpeg\",\"width\":780,\"height\":470},{\"@type\":\"BreadcrumbList\",\"@id\":\"https:\/\/www.public.sn\/index.php\/2022\/09\/05\/changement-climatique-macky-sall-evoque-lurgence-de-sauver-lafrique\/#breadcrumb\",\"itemListElement\":[{\"@type\":\"ListItem\",\"position\":1,\"name\":\"Accueil\",\"item\":\"https:\/\/www.public.sn\/\"},{\"@type\":\"ListItem\",\"position\":2,\"name\":\"Changement climatique: Macky Sall \u00e9voque l\u2019urgence de sauver l\u2019Afrique.\"}]},{\"@type\":\"WebSite\",\"@id\":\"https:\/\/www.public.sn\/#website\",\"url\":\"https:\/\/www.public.sn\/\",\"name\":\"LE PUBLIC\",\"description\":\"\",\"publisher\":{\"@id\":\"https:\/\/www.public.sn\/#organization\"},\"potentialAction\":[{\"@type\":\"SearchAction\",\"target\":{\"@type\":\"EntryPoint\",\"urlTemplate\":\"https:\/\/www.public.sn\/?s={search_term_string}\"},\"query-input\":{\"@type\":\"PropertyValueSpecification\",\"valueRequired\":true,\"valueName\":\"search_term_string\"}}],\"inLanguage\":\"fr-FR\"},{\"@type\":\"Organization\",\"@id\":\"https:\/\/www.public.sn\/#organization\",\"name\":\"LE PUBLIC\",\"url\":\"https:\/\/www.public.sn\/\",\"logo\":{\"@type\":\"ImageObject\",\"inLanguage\":\"fr-FR\",\"@id\":\"https:\/\/www.public.sn\/#\/schema\/logo\/image\/\",\"url\":\"https:\/\/www.public.sn\/wp-content\/uploads\/2024\/05\/cropped-LOGO-PUBLIC.SN_.png\",\"contentUrl\":\"https:\/\/www.public.sn\/wp-content\/uploads\/2024\/05\/cropped-LOGO-PUBLIC.SN_.png\",\"width\":682,\"height\":192,\"caption\":\"LE PUBLIC\"},\"image\":{\"@id\":\"https:\/\/www.public.sn\/#\/schema\/logo\/image\/\"}},{\"@type\":\"Person\",\"@id\":\"https:\/\/www.public.sn\/#\/schema\/person\/e3f4a11b037d4203902db148f9bc8d5a\",\"name\":\"LA REDACTION\",\"image\":{\"@type\":\"ImageObject\",\"inLanguage\":\"fr-FR\",\"@id\":\"https:\/\/www.public.sn\/#\/schema\/person\/image\/\",\"url\":\"https:\/\/secure.gravatar.com\/avatar\/d6c030db45db2883c075085c5d6c6258654a801a93766b49af0b82d4f454e2a5?s=96&d=mm&r=g\",\"contentUrl\":\"https:\/\/secure.gravatar.com\/avatar\/d6c030db45db2883c075085c5d6c6258654a801a93766b49af0b82d4f454e2a5?s=96&d=mm&r=g\",\"caption\":\"LA REDACTION\"},\"sameAs\":[\"http:\/\/www.public.sn\"],\"url\":\"https:\/\/www.public.sn\/index.php\/author\/admin7324\/\"}]}<\/script>\n<!-- \/ Yoast SEO plugin. -->","yoast_head_json":{"title":"Changement climatique: Macky Sall \u00e9voque l\u2019urgence de sauver l\u2019Afrique. - LE PUBLIC","robots":{"index":"index","follow":"follow","max-snippet":"max-snippet:-1","max-image-preview":"max-image-preview:large","max-video-preview":"max-video-preview:-1"},"canonical":"https:\/\/www.public.sn\/index.php\/2022\/09\/05\/changement-climatique-macky-sall-evoque-lurgence-de-sauver-lafrique\/","og_locale":"fr_FR","og_type":"article","og_title":"Changement climatique: Macky Sall \u00e9voque l\u2019urgence de sauver l\u2019Afrique. - LE PUBLIC","og_description":"Le sommet sur l\u2019adaptation de l\u2019Afrique au changement climatique a d\u00e9but\u00e9 ce matin \u00e0 Rotterdam (Pays-Bas). Le Pr\u00e9sident de la R\u00e9publique participe \u00e0 cette rencontre organis\u00e9e gr\u00e2ce au partenariat entre l\u2019Union africaine, le centre mondial sur l\u2019adaptation, la BAD, le FMI et l\u2019initiative sur l\u2019adaptation en Afrique. Le Chef de l\u2019Etat et pr\u00e9sident en exercice de l\u2019Union africaine a insist\u00e9 sur l\u2019urgence de sauver le continent \u00e0 travers notamment la mobilisation des ressources pour financer son adaptation face aux effets d\u00e9vastateurs du d\u00e9r\u00e8glement climatique.","og_url":"https:\/\/www.public.sn\/index.php\/2022\/09\/05\/changement-climatique-macky-sall-evoque-lurgence-de-sauver-lafrique\/","og_site_name":"LE PUBLIC","article_published_time":"2022-09-05T13:31:19+00:00","article_modified_time":"2022-09-05T13:31:20+00:00","og_image":[{"width":780,"height":470,"url":"https:\/\/www.public.sn\/wp-content\/uploads\/2022\/09\/DD29F393-F8AE-4ACF-8C18-809578C1274C.jpeg","type":"image\/jpeg"}],"author":"LA REDACTION","twitter_card":"summary_large_image","twitter_misc":{"\u00c9crit par":"LA REDACTION","Dur\u00e9e de lecture estim\u00e9e":"1 minute"},"schema":{"@context":"https:\/\/schema.org","@graph":[{"@type":"Article","@id":"https:\/\/www.public.sn\/index.php\/2022\/09\/05\/changement-climatique-macky-sall-evoque-lurgence-de-sauver-lafrique\/#article","isPartOf":{"@id":"https:\/\/www.public.sn\/index.php\/2022\/09\/05\/changement-climatique-macky-sall-evoque-lurgence-de-sauver-lafrique\/"},"author":{"name":"LA REDACTION","@id":"https:\/\/www.public.sn\/#\/schema\/person\/e3f4a11b037d4203902db148f9bc8d5a"},"headline":"Changement climatique: Macky Sall \u00e9voque l\u2019urgence de sauver l\u2019Afrique.","datePublished":"2022-09-05T13:31:19+00:00","dateModified":"2022-09-05T13:31:20+00:00","mainEntityOfPage":{"@id":"https:\/\/www.public.sn\/index.php\/2022\/09\/05\/changement-climatique-macky-sall-evoque-lurgence-de-sauver-lafrique\/"},"wordCount":110,"commentCount":0,"publisher":{"@id":"https:\/\/www.public.sn\/#organization"},"image":{"@id":"https:\/\/www.public.sn\/index.php\/2022\/09\/05\/changement-climatique-macky-sall-evoque-lurgence-de-sauver-lafrique\/#primaryimage"},"thumbnailUrl":"https:\/\/www.public.sn\/wp-content\/uploads\/2022\/09\/DD29F393-F8AE-4ACF-8C18-809578C1274C.jpeg","keywords":["Afrique","Changement Climatique","Macky Sall","Pays-Bas","UA"],"articleSection":["AFRIQUE &amp; MONDE","SOCIETE"],"inLanguage":"fr-FR","potentialAction":[{"@type":"CommentAction","name":"Comment","target":["https:\/\/www.public.sn\/index.php\/2022\/09\/05\/changement-climatique-macky-sall-evoque-lurgence-de-sauver-lafrique\/#respond"]}]},{"@type":"WebPage","@id":"https:\/\/www.public.sn\/index.php\/2022\/09\/05\/changement-climatique-macky-sall-evoque-lurgence-de-sauver-lafrique\/","url":"https:\/\/www.public.sn\/index.php\/2022\/09\/05\/changement-climatique-macky-sall-evoque-lurgence-de-sauver-lafrique\/","name":"Changement climatique: Macky Sall \u00e9voque l\u2019urgence de sauver l\u2019Afrique. - LE PUBLIC","isPartOf":{"@id":"https:\/\/www.public.sn\/#website"},"primaryImageOfPage":{"@id":"https:\/\/www.public.sn\/index.php\/2022\/09\/05\/changement-climatique-macky-sall-evoque-lurgence-de-sauver-lafrique\/#primaryimage"},"image":{"@id":"https:\/\/www.public.sn\/index.php\/2022\/09\/05\/changement-climatique-macky-sall-evoque-lurgence-de-sauver-lafrique\/#primaryimage"},"thumbnailUrl":"https:\/\/www.public.sn\/wp-content\/uploads\/2022\/09\/DD29F393-F8AE-4ACF-8C18-809578C1274C.jpeg","datePublished":"2022-09-05T13:31:19+00:00","dateModified":"2022-09-05T13:31:20+00:00","breadcrumb":{"@id":"https:\/\/www.public.sn\/index.php\/2022\/09\/05\/changement-climatique-macky-sall-evoque-lurgence-de-sauver-lafrique\/#breadcrumb"},"inLanguage":"fr-FR","potentialAction":[{"@type":"ReadAction","target":["https:\/\/www.public.sn\/index.php\/2022\/09\/05\/changement-climatique-macky-sall-evoque-lurgence-de-sauver-lafrique\/"]}]},{"@type":"ImageObject","inLanguage":"fr-FR","@id":"https:\/\/www.public.sn\/index.php\/2022\/09\/05\/changement-climatique-macky-sall-evoque-lurgence-de-sauver-lafrique\/#primaryimage","url":"https:\/\/www.public.sn\/wp-content\/uploads\/2022\/09\/DD29F393-F8AE-4ACF-8C18-809578C1274C.jpeg","contentUrl":"https:\/\/www.public.sn\/wp-content\/uploads\/2022\/09\/DD29F393-F8AE-4ACF-8C18-809578C1274C.jpeg","width":780,"height":470},{"@type":"BreadcrumbList","@id":"https:\/\/www.public.sn\/index.php\/2022\/09\/05\/changement-climatique-macky-sall-evoque-lurgence-de-sauver-lafrique\/#breadcrumb","itemListElement":[{"@type":"ListItem","position":1,"name":"Accueil","item":"https:\/\/www.public.sn\/"},{"@type":"ListItem","position":2,"name":"Changement climatique: Macky Sall \u00e9voque l\u2019urgence de sauver l\u2019Afrique."}]},{"@type":"WebSite","@id":"https:\/\/www.public.sn\/#website","url":"https:\/\/www.public.sn\/","name":"LE PUBLIC","description":"","publisher":{"@id":"https:\/\/www.public.sn\/#organization"},"potentialAction":[{"@type":"SearchAction","target":{"@type":"EntryPoint","urlTemplate":"https:\/\/www.public.sn\/?s={search_term_string}"},"query-input":{"@type":"PropertyValueSpecification","valueRequired":true,"valueName":"search_term_string"}}],"inLanguage":"fr-FR"},{"@type":"Organization","@id":"https:\/\/www.public.sn\/#organization","name":"LE PUBLIC","url":"https:\/\/www.public.sn\/","logo":{"@type":"ImageObject","inLanguage":"fr-FR","@id":"https:\/\/www.public.sn\/#\/schema\/logo\/image\/","url":"https:\/\/www.public.sn\/wp-content\/uploads\/2024\/05\/cropped-LOGO-PUBLIC.SN_.png","contentUrl":"https:\/\/www.public.sn\/wp-content\/uploads\/2024\/05\/cropped-LOGO-PUBLIC.SN_.png","width":682,"height":192,"caption":"LE PUBLIC"},"image":{"@id":"https:\/\/www.public.sn\/#\/schema\/logo\/image\/"}},{"@type":"Person","@id":"https:\/\/www.public.sn\/#\/schema\/person\/e3f4a11b037d4203902db148f9bc8d5a","name":"LA REDACTION","image":{"@type":"ImageObject","inLanguage":"fr-FR","@id":"https:\/\/www.public.sn\/#\/schema\/person\/image\/","url":"https:\/\/secure.gravatar.com\/avatar\/d6c030db45db2883c075085c5d6c6258654a801a93766b49af0b82d4f454e2a5?s=96&d=mm&r=g","contentUrl":"https:\/\/secure.gravatar.com\/avatar\/d6c030db45db2883c075085c5d6c6258654a801a93766b49af0b82d4f454e2a5?s=96&d=mm&r=g","caption":"LA REDACTION"},"sameAs":["http:\/\/www.public.sn"],"url":"https:\/\/www.public.sn\/index.php\/author\/admin7324\/"}]}},"jetpack_featured_media_url":"https:\/\/www.public.sn\/wp-content\/uploads\/2022\/09\/DD29F393-F8AE-4ACF-8C18-809578C1274C.jpeg","jetpack_sharing_enabled":true,"_links":{"self":[{"href":"https:\/\/www.public.sn\/index.php\/wp-json\/wp\/v2\/posts\/1319","targetHints":{"allow":["GET"]}}],"collection":[{"href":"https:\/\/www.public.sn\/index.php\/wp-json\/wp\/v2\/posts"}],"about":[{"href":"https:\/\/www.public.sn\/index.php\/wp-json\/wp\/v2\/types\/post"}],"author":[{"embeddable":true,"href":"https:\/\/www.public.sn\/index.php\/wp-json\/wp\/v2\/users\/1"}],"replies":[{"embeddable":true,"href":"https:\/\/www.public.sn\/index.php\/wp-json\/wp\/v2\/comments?post=1319"}],"version-history":[{"count":1,"href":"https:\/\/www.public.sn\/index.php\/wp-json\/wp\/v2\/posts\/1319\/revisions"}],"predecessor-version":[{"id":1321,"href":"https:\/\/www.public.sn\/index.php\/wp-json\/wp\/v2\/posts\/1319\/revisions\/1321"}],"wp:featuredmedia":[{"embeddable":true,"href":"https:\/\/www.public.sn\/index.php\/wp-json\/wp\/v2\/media\/1320"}],"wp:attachment":[{"href":"https:\/\/www.public.sn\/index.php\/wp-json\/wp\/v2\/media?parent=1319"}],"wp:term":[{"taxonomy":"category","embeddable":true,"href":"https:\/\/www.public.sn\/index.php\/wp-json\/wp\/v2\/categories?post=1319"},{"taxonomy":"post_tag","embeddable":true,"href":"https:\/\/www.public.sn\/index.php\/wp-json\/wp\/v2\/tags?post=1319"}],"curies":[{"name":"wp","href":"https:\/\/api.w.org\/{rel}","templated":true}]}}