{"id":13218,"date":"2023-01-03T16:32:20","date_gmt":"2023-01-03T16:32:20","guid":{"rendered":"https:\/\/www.public.sn\/?p=13218"},"modified":"2023-01-03T16:32:20","modified_gmt":"2023-01-03T16:32:20","slug":"liberation-de-pape-ale-niang-guy-marius-sagna-annonce-une-manifestation-ce-samedi","status":"publish","type":"post","link":"https:\/\/www.public.sn\/index.php\/2023\/01\/03\/liberation-de-pape-ale-niang-guy-marius-sagna-annonce-une-manifestation-ce-samedi\/","title":{"rendered":"Lib\u00e9ration de Pape Al\u00e9 Niang : Guy Marius Sagna annonce une manifestation ce samedi"},"content":{"rendered":"<p><strong>En gr\u00e8ve de fin depuis 15 jours, Pape Al\u00e9 Niang est intern\u00e9 \u00e0 l\u2019h\u00f4pital Principal. Aux derni\u00e8res nouvelles son \u00e9tat de sant\u00e9 est critique. Pour exiger sa lib\u00e9ration, une manifestation devant l\u2019h\u00f4pital principal est pr\u00e9vue ce samedi 07 janvier de 09h \u00e0 14h.<\/strong><\/p><div class=\"publi-paragraphe1\" style=\"margin-top: 10px;margin-bottom: 10px;margin-left: auto;margin-right: auto;text-align: center;\" id=\"publi-1851665272\"><div class=\"publi-adlabel\">Publicit\u00e9<\/div><script async src=\"\/\/pagead2.googlesyndication.com\/pagead\/js\/adsbygoogle.js?client=ca-pub-4089586018074219\" crossorigin=\"anonymous\"><\/script><ins class=\"adsbygoogle\" style=\"display:block;\" data-ad-client=\"ca-pub-4089586018074219\" \ndata-ad-slot=\"2087940154\" \ndata-ad-format=\"auto\"><\/ins>\n<script> \n(adsbygoogle = window.adsbygoogle || []).push({}); \n<\/script>\n<\/div>\n<p>L\u2019annonce a \u00e9t\u00e9 faite par le d\u00e9put\u00e9, Guy Marius Sagna. D\u2019apr\u00e8s lui, la lettre d\u2019information a \u00e9t\u00e9 d\u00e9pos\u00e9e aujourd\u2019hui mardi sur la table du pr\u00e9fet de Dakar.<\/p>\n<p>Pour rappel, Pape Al\u00e9 Niang est poursuivi pour divulgation d\u2019informations non rendues publiques par l\u2019autorit\u00e9 comp\u00e9tente de nature \u00e0 nuire \u00e0 la D\u00e9fense nationale, de recel de documents administratifs et militaires et de diffusion de fausses nouvelles de nature \u00e0 jeter le discr\u00e9dit sur les institutions publiques.<\/p>\n<div class=\"publi-apres-le-contenu\" style=\"margin-top: 10px;margin-bottom: 10px;margin-left: auto;margin-right: auto;text-align: center;\" id=\"publi-4159812653\"><div class=\"publi-adlabel\">Publicit\u00e9<\/div><script async src=\"\/\/pagead2.googlesyndication.com\/pagead\/js\/adsbygoogle.js?client=ca-pub-4089586018074219\" crossorigin=\"anonymous\"><\/script><ins class=\"adsbygoogle\" style=\"display:block;\" data-ad-client=\"ca-pub-4089586018074219\" \ndata-ad-slot=\"2087940154\" \ndata-ad-format=\"auto\"><\/ins>\n<script> \n(adsbygoogle = window.adsbygoogle || []).push({}); \n<\/script>\n<\/div>","protected":false},"excerpt":{"rendered":"<p>En gr\u00e8ve de fin depuis 15 jours, Pape Al\u00e9 Niang est intern\u00e9 \u00e0 l\u2019h\u00f4pital Principal. Aux derni\u00e8res nouvelles son \u00e9tat de sant\u00e9 est critique. Pour exiger sa lib\u00e9ration, une manifestation devant l\u2019h\u00f4pital principal est pr\u00e9vue ce samedi 07 janvier de 09h \u00e0 14h. L\u2019annonce a \u00e9t\u00e9 faite par le d\u00e9put\u00e9, Guy Marius Sagna. D\u2019apr\u00e8s lui, la lettre d\u2019information a \u00e9t\u00e9 d\u00e9pos\u00e9e aujourd\u2019hui mardi sur la table du pr\u00e9fet de Dakar. Pour rappel, Pape Al\u00e9 Niang est poursuivi pour divulgation d\u2019informations non rendues publiques par l\u2019autorit\u00e9 comp\u00e9tente de nature \u00e0 nuire \u00e0 la D\u00e9fense nationale, de recel de documents administratifs et militaires et de diffusion de fausses nouvelles de nature \u00e0 jeter le discr\u00e9dit sur les institutions publiques.<\/p>\n","protected":false},"author":1,"featured_media":9123,"comment_status":"open","ping_status":"open","sticky":false,"template":"","format":"standard","meta":{"_jetpack_memberships_contains_paid_content":false,"footnotes":""},"categories":[375,961,376,1,372],"tags":[112,2489],"class_list":["post-13218","post","type-post","status-publish","format-standard","has-post-thumbnail","hentry","category-actualites","category-medias","category-securite-justice","category-non-classe","category-vedette","tag-guy-marius-sagna","tag-pape-ale-niang","entry","has-media","owp-thumbs-layout-horizontal","owp-btn-normal","owp-tabs-layout-horizontal","has-no-thumbnails","has-product-nav"],"yoast_head":"<!-- This site is optimized with the Yoast SEO plugin v25.5 - https:\/\/yoast.com\/wordpress\/plugins\/seo\/ -->\n<title>Lib\u00e9ration de Pape Al\u00e9 Niang : Guy Marius Sagna annonce une manifestation ce samedi - LE PUBLIC<\/title>\n<meta name=\"description\" content=\"En gr\u00e8ve de fin depuis 15 jours, Pape Al\u00e9 Niang est intern\u00e9 \u00e0 l\u2019h\u00f4pital Principal. Aux derni\u00e8res nouvelles son \u00e9tat de sant\u00e9 est critique. Pour exiger sa lib\u00e9ration, une manifestation devant l\u2019h\u00f4pital principal est pr\u00e9vue ce samedi 07 janvier de 09h \u00e0 14h.\" \/>\n<meta name=\"robots\" content=\"index, follow, max-snippet:-1, max-image-preview:large, max-video-preview:-1\" \/>\n<link rel=\"canonical\" href=\"https:\/\/www.public.sn\/index.php\/2023\/01\/03\/liberation-de-pape-ale-niang-guy-marius-sagna-annonce-une-manifestation-ce-samedi\/\" \/>\n<meta property=\"og:locale\" content=\"fr_FR\" \/>\n<meta property=\"og:type\" content=\"article\" \/>\n<meta property=\"og:title\" content=\"Lib\u00e9ration de Pape Al\u00e9 Niang : Guy Marius Sagna annonce une manifestation ce samedi - LE PUBLIC\" \/>\n<meta property=\"og:description\" content=\"En gr\u00e8ve de fin depuis 15 jours, Pape Al\u00e9 Niang est intern\u00e9 \u00e0 l\u2019h\u00f4pital Principal. Aux derni\u00e8res nouvelles son \u00e9tat de sant\u00e9 est critique. Pour exiger sa lib\u00e9ration, une manifestation devant l\u2019h\u00f4pital principal est pr\u00e9vue ce samedi 07 janvier de 09h \u00e0 14h.\" \/>\n<meta property=\"og:url\" content=\"https:\/\/www.public.sn\/index.php\/2023\/01\/03\/liberation-de-pape-ale-niang-guy-marius-sagna-annonce-une-manifestation-ce-samedi\/\" \/>\n<meta property=\"og:site_name\" content=\"LE PUBLIC\" \/>\n<meta property=\"article:published_time\" content=\"2023-01-03T16:32:20+00:00\" \/>\n<meta property=\"og:image\" content=\"https:\/\/www.public.sn\/wp-content\/uploads\/2022\/11\/Guy-Marius-Sagna.jpg\" \/>\n\t<meta property=\"og:image:width\" content=\"600\" \/>\n\t<meta property=\"og:image:height\" content=\"463\" \/>\n\t<meta property=\"og:image:type\" content=\"image\/jpeg\" \/>\n<meta name=\"author\" content=\"LA REDACTION\" \/>\n<meta name=\"twitter:card\" content=\"summary_large_image\" \/>\n<meta name=\"twitter:label1\" content=\"\u00c9crit par\" \/>\n\t<meta name=\"twitter:data1\" content=\"LA REDACTION\" \/>\n\t<meta name=\"twitter:label2\" content=\"Dur\u00e9e de lecture estim\u00e9e\" \/>\n\t<meta name=\"twitter:data2\" content=\"1 minute\" \/>\n<script type=\"application\/ld+json\" class=\"yoast-schema-graph\">{\"@context\":\"https:\/\/schema.org\",\"@graph\":[{\"@type\":\"Article\",\"@id\":\"https:\/\/www.public.sn\/index.php\/2023\/01\/03\/liberation-de-pape-ale-niang-guy-marius-sagna-annonce-une-manifestation-ce-samedi\/#article\",\"isPartOf\":{\"@id\":\"https:\/\/www.public.sn\/index.php\/2023\/01\/03\/liberation-de-pape-ale-niang-guy-marius-sagna-annonce-une-manifestation-ce-samedi\/\"},\"author\":{\"name\":\"LA REDACTION\",\"@id\":\"https:\/\/www.public.sn\/#\/schema\/person\/e3f4a11b037d4203902db148f9bc8d5a\"},\"headline\":\"Lib\u00e9ration de Pape Al\u00e9 Niang : Guy Marius Sagna annonce une manifestation ce samedi\",\"datePublished\":\"2023-01-03T16:32:20+00:00\",\"mainEntityOfPage\":{\"@id\":\"https:\/\/www.public.sn\/index.php\/2023\/01\/03\/liberation-de-pape-ale-niang-guy-marius-sagna-annonce-une-manifestation-ce-samedi\/\"},\"wordCount\":146,\"commentCount\":0,\"publisher\":{\"@id\":\"https:\/\/www.public.sn\/#organization\"},\"image\":{\"@id\":\"https:\/\/www.public.sn\/index.php\/2023\/01\/03\/liberation-de-pape-ale-niang-guy-marius-sagna-annonce-une-manifestation-ce-samedi\/#primaryimage\"},\"thumbnailUrl\":\"https:\/\/www.public.sn\/wp-content\/uploads\/2022\/11\/Guy-Marius-Sagna.jpg\",\"keywords\":[\"Guy Marius Sagna\",\"Pape Al\u00e9 Niang\"],\"articleSection\":[\"ACTUALIT\u00c9S\",\"M\u00c9DIAS\",\"S\u00c9CURIT\u00c9 &amp; JUSTICE\",\"S\u00c9N\u00c9GAL\",\"VEDETTE\"],\"inLanguage\":\"fr-FR\",\"potentialAction\":[{\"@type\":\"CommentAction\",\"name\":\"Comment\",\"target\":[\"https:\/\/www.public.sn\/index.php\/2023\/01\/03\/liberation-de-pape-ale-niang-guy-marius-sagna-annonce-une-manifestation-ce-samedi\/#respond\"]}]},{\"@type\":\"WebPage\",\"@id\":\"https:\/\/www.public.sn\/index.php\/2023\/01\/03\/liberation-de-pape-ale-niang-guy-marius-sagna-annonce-une-manifestation-ce-samedi\/\",\"url\":\"https:\/\/www.public.sn\/index.php\/2023\/01\/03\/liberation-de-pape-ale-niang-guy-marius-sagna-annonce-une-manifestation-ce-samedi\/\",\"name\":\"Lib\u00e9ration de Pape Al\u00e9 Niang : Guy Marius Sagna annonce une manifestation ce samedi - LE PUBLIC\",\"isPartOf\":{\"@id\":\"https:\/\/www.public.sn\/#website\"},\"primaryImageOfPage\":{\"@id\":\"https:\/\/www.public.sn\/index.php\/2023\/01\/03\/liberation-de-pape-ale-niang-guy-marius-sagna-annonce-une-manifestation-ce-samedi\/#primaryimage\"},\"image\":{\"@id\":\"https:\/\/www.public.sn\/index.php\/2023\/01\/03\/liberation-de-pape-ale-niang-guy-marius-sagna-annonce-une-manifestation-ce-samedi\/#primaryimage\"},\"thumbnailUrl\":\"https:\/\/www.public.sn\/wp-content\/uploads\/2022\/11\/Guy-Marius-Sagna.jpg\",\"datePublished\":\"2023-01-03T16:32:20+00:00\",\"description\":\"En gr\u00e8ve de fin depuis 15 jours, Pape Al\u00e9 Niang est intern\u00e9 \u00e0 l\u2019h\u00f4pital Principal. Aux derni\u00e8res nouvelles son \u00e9tat de sant\u00e9 est critique. Pour exiger sa lib\u00e9ration, une manifestation devant l\u2019h\u00f4pital principal est pr\u00e9vue ce samedi 07 janvier de 09h \u00e0 14h.\",\"breadcrumb\":{\"@id\":\"https:\/\/www.public.sn\/index.php\/2023\/01\/03\/liberation-de-pape-ale-niang-guy-marius-sagna-annonce-une-manifestation-ce-samedi\/#breadcrumb\"},\"inLanguage\":\"fr-FR\",\"potentialAction\":[{\"@type\":\"ReadAction\",\"target\":[\"https:\/\/www.public.sn\/index.php\/2023\/01\/03\/liberation-de-pape-ale-niang-guy-marius-sagna-annonce-une-manifestation-ce-samedi\/\"]}]},{\"@type\":\"ImageObject\",\"inLanguage\":\"fr-FR\",\"@id\":\"https:\/\/www.public.sn\/index.php\/2023\/01\/03\/liberation-de-pape-ale-niang-guy-marius-sagna-annonce-une-manifestation-ce-samedi\/#primaryimage\",\"url\":\"https:\/\/www.public.sn\/wp-content\/uploads\/2022\/11\/Guy-Marius-Sagna.jpg\",\"contentUrl\":\"https:\/\/www.public.sn\/wp-content\/uploads\/2022\/11\/Guy-Marius-Sagna.jpg\",\"width\":600,\"height\":463,\"caption\":\"publicsn\"},{\"@type\":\"BreadcrumbList\",\"@id\":\"https:\/\/www.public.sn\/index.php\/2023\/01\/03\/liberation-de-pape-ale-niang-guy-marius-sagna-annonce-une-manifestation-ce-samedi\/#breadcrumb\",\"itemListElement\":[{\"@type\":\"ListItem\",\"position\":1,\"name\":\"Accueil\",\"item\":\"https:\/\/www.public.sn\/\"},{\"@type\":\"ListItem\",\"position\":2,\"name\":\"Lib\u00e9ration de Pape Al\u00e9 Niang : Guy Marius Sagna annonce une manifestation ce samedi\"}]},{\"@type\":\"WebSite\",\"@id\":\"https:\/\/www.public.sn\/#website\",\"url\":\"https:\/\/www.public.sn\/\",\"name\":\"LE PUBLIC\",\"description\":\"\",\"publisher\":{\"@id\":\"https:\/\/www.public.sn\/#organization\"},\"potentialAction\":[{\"@type\":\"SearchAction\",\"target\":{\"@type\":\"EntryPoint\",\"urlTemplate\":\"https:\/\/www.public.sn\/?s={search_term_string}\"},\"query-input\":{\"@type\":\"PropertyValueSpecification\",\"valueRequired\":true,\"valueName\":\"search_term_string\"}}],\"inLanguage\":\"fr-FR\"},{\"@type\":\"Organization\",\"@id\":\"https:\/\/www.public.sn\/#organization\",\"name\":\"LE PUBLIC\",\"url\":\"https:\/\/www.public.sn\/\",\"logo\":{\"@type\":\"ImageObject\",\"inLanguage\":\"fr-FR\",\"@id\":\"https:\/\/www.public.sn\/#\/schema\/logo\/image\/\",\"url\":\"https:\/\/www.public.sn\/wp-content\/uploads\/2024\/05\/cropped-LOGO-PUBLIC.SN_.png\",\"contentUrl\":\"https:\/\/www.public.sn\/wp-content\/uploads\/2024\/05\/cropped-LOGO-PUBLIC.SN_.png\",\"width\":682,\"height\":192,\"caption\":\"LE PUBLIC\"},\"image\":{\"@id\":\"https:\/\/www.public.sn\/#\/schema\/logo\/image\/\"}},{\"@type\":\"Person\",\"@id\":\"https:\/\/www.public.sn\/#\/schema\/person\/e3f4a11b037d4203902db148f9bc8d5a\",\"name\":\"LA REDACTION\",\"image\":{\"@type\":\"ImageObject\",\"inLanguage\":\"fr-FR\",\"@id\":\"https:\/\/www.public.sn\/#\/schema\/person\/image\/\",\"url\":\"https:\/\/secure.gravatar.com\/avatar\/d6c030db45db2883c075085c5d6c6258654a801a93766b49af0b82d4f454e2a5?s=96&d=mm&r=g\",\"contentUrl\":\"https:\/\/secure.gravatar.com\/avatar\/d6c030db45db2883c075085c5d6c6258654a801a93766b49af0b82d4f454e2a5?s=96&d=mm&r=g\",\"caption\":\"LA REDACTION\"},\"sameAs\":[\"http:\/\/www.public.sn\"],\"url\":\"https:\/\/www.public.sn\/index.php\/author\/admin7324\/\"}]}<\/script>\n<!-- \/ Yoast SEO plugin. -->","yoast_head_json":{"title":"Lib\u00e9ration de Pape Al\u00e9 Niang : Guy Marius Sagna annonce une manifestation ce samedi - LE PUBLIC","description":"En gr\u00e8ve de fin depuis 15 jours, Pape Al\u00e9 Niang est intern\u00e9 \u00e0 l\u2019h\u00f4pital Principal. Aux derni\u00e8res nouvelles son \u00e9tat de sant\u00e9 est critique. Pour exiger sa lib\u00e9ration, une manifestation devant l\u2019h\u00f4pital principal est pr\u00e9vue ce samedi 07 janvier de 09h \u00e0 14h.","robots":{"index":"index","follow":"follow","max-snippet":"max-snippet:-1","max-image-preview":"max-image-preview:large","max-video-preview":"max-video-preview:-1"},"canonical":"https:\/\/www.public.sn\/index.php\/2023\/01\/03\/liberation-de-pape-ale-niang-guy-marius-sagna-annonce-une-manifestation-ce-samedi\/","og_locale":"fr_FR","og_type":"article","og_title":"Lib\u00e9ration de Pape Al\u00e9 Niang : Guy Marius Sagna annonce une manifestation ce samedi - LE PUBLIC","og_description":"En gr\u00e8ve de fin depuis 15 jours, Pape Al\u00e9 Niang est intern\u00e9 \u00e0 l\u2019h\u00f4pital Principal. Aux derni\u00e8res nouvelles son \u00e9tat de sant\u00e9 est critique. Pour exiger sa lib\u00e9ration, une manifestation devant l\u2019h\u00f4pital principal est pr\u00e9vue ce samedi 07 janvier de 09h \u00e0 14h.","og_url":"https:\/\/www.public.sn\/index.php\/2023\/01\/03\/liberation-de-pape-ale-niang-guy-marius-sagna-annonce-une-manifestation-ce-samedi\/","og_site_name":"LE PUBLIC","article_published_time":"2023-01-03T16:32:20+00:00","og_image":[{"width":600,"height":463,"url":"https:\/\/www.public.sn\/wp-content\/uploads\/2022\/11\/Guy-Marius-Sagna.jpg","type":"image\/jpeg"}],"author":"LA REDACTION","twitter_card":"summary_large_image","twitter_misc":{"\u00c9crit par":"LA REDACTION","Dur\u00e9e de lecture estim\u00e9e":"1 minute"},"schema":{"@context":"https:\/\/schema.org","@graph":[{"@type":"Article","@id":"https:\/\/www.public.sn\/index.php\/2023\/01\/03\/liberation-de-pape-ale-niang-guy-marius-sagna-annonce-une-manifestation-ce-samedi\/#article","isPartOf":{"@id":"https:\/\/www.public.sn\/index.php\/2023\/01\/03\/liberation-de-pape-ale-niang-guy-marius-sagna-annonce-une-manifestation-ce-samedi\/"},"author":{"name":"LA REDACTION","@id":"https:\/\/www.public.sn\/#\/schema\/person\/e3f4a11b037d4203902db148f9bc8d5a"},"headline":"Lib\u00e9ration de Pape Al\u00e9 Niang : Guy Marius Sagna annonce une manifestation ce samedi","datePublished":"2023-01-03T16:32:20+00:00","mainEntityOfPage":{"@id":"https:\/\/www.public.sn\/index.php\/2023\/01\/03\/liberation-de-pape-ale-niang-guy-marius-sagna-annonce-une-manifestation-ce-samedi\/"},"wordCount":146,"commentCount":0,"publisher":{"@id":"https:\/\/www.public.sn\/#organization"},"image":{"@id":"https:\/\/www.public.sn\/index.php\/2023\/01\/03\/liberation-de-pape-ale-niang-guy-marius-sagna-annonce-une-manifestation-ce-samedi\/#primaryimage"},"thumbnailUrl":"https:\/\/www.public.sn\/wp-content\/uploads\/2022\/11\/Guy-Marius-Sagna.jpg","keywords":["Guy Marius Sagna","Pape Al\u00e9 Niang"],"articleSection":["ACTUALIT\u00c9S","M\u00c9DIAS","S\u00c9CURIT\u00c9 &amp; JUSTICE","S\u00c9N\u00c9GAL","VEDETTE"],"inLanguage":"fr-FR","potentialAction":[{"@type":"CommentAction","name":"Comment","target":["https:\/\/www.public.sn\/index.php\/2023\/01\/03\/liberation-de-pape-ale-niang-guy-marius-sagna-annonce-une-manifestation-ce-samedi\/#respond"]}]},{"@type":"WebPage","@id":"https:\/\/www.public.sn\/index.php\/2023\/01\/03\/liberation-de-pape-ale-niang-guy-marius-sagna-annonce-une-manifestation-ce-samedi\/","url":"https:\/\/www.public.sn\/index.php\/2023\/01\/03\/liberation-de-pape-ale-niang-guy-marius-sagna-annonce-une-manifestation-ce-samedi\/","name":"Lib\u00e9ration de Pape Al\u00e9 Niang : Guy Marius Sagna annonce une manifestation ce samedi - LE PUBLIC","isPartOf":{"@id":"https:\/\/www.public.sn\/#website"},"primaryImageOfPage":{"@id":"https:\/\/www.public.sn\/index.php\/2023\/01\/03\/liberation-de-pape-ale-niang-guy-marius-sagna-annonce-une-manifestation-ce-samedi\/#primaryimage"},"image":{"@id":"https:\/\/www.public.sn\/index.php\/2023\/01\/03\/liberation-de-pape-ale-niang-guy-marius-sagna-annonce-une-manifestation-ce-samedi\/#primaryimage"},"thumbnailUrl":"https:\/\/www.public.sn\/wp-content\/uploads\/2022\/11\/Guy-Marius-Sagna.jpg","datePublished":"2023-01-03T16:32:20+00:00","description":"En gr\u00e8ve de fin depuis 15 jours, Pape Al\u00e9 Niang est intern\u00e9 \u00e0 l\u2019h\u00f4pital Principal. Aux derni\u00e8res nouvelles son \u00e9tat de sant\u00e9 est critique. Pour exiger sa lib\u00e9ration, une manifestation devant l\u2019h\u00f4pital principal est pr\u00e9vue ce samedi 07 janvier de 09h \u00e0 14h.","breadcrumb":{"@id":"https:\/\/www.public.sn\/index.php\/2023\/01\/03\/liberation-de-pape-ale-niang-guy-marius-sagna-annonce-une-manifestation-ce-samedi\/#breadcrumb"},"inLanguage":"fr-FR","potentialAction":[{"@type":"ReadAction","target":["https:\/\/www.public.sn\/index.php\/2023\/01\/03\/liberation-de-pape-ale-niang-guy-marius-sagna-annonce-une-manifestation-ce-samedi\/"]}]},{"@type":"ImageObject","inLanguage":"fr-FR","@id":"https:\/\/www.public.sn\/index.php\/2023\/01\/03\/liberation-de-pape-ale-niang-guy-marius-sagna-annonce-une-manifestation-ce-samedi\/#primaryimage","url":"https:\/\/www.public.sn\/wp-content\/uploads\/2022\/11\/Guy-Marius-Sagna.jpg","contentUrl":"https:\/\/www.public.sn\/wp-content\/uploads\/2022\/11\/Guy-Marius-Sagna.jpg","width":600,"height":463,"caption":"publicsn"},{"@type":"BreadcrumbList","@id":"https:\/\/www.public.sn\/index.php\/2023\/01\/03\/liberation-de-pape-ale-niang-guy-marius-sagna-annonce-une-manifestation-ce-samedi\/#breadcrumb","itemListElement":[{"@type":"ListItem","position":1,"name":"Accueil","item":"https:\/\/www.public.sn\/"},{"@type":"ListItem","position":2,"name":"Lib\u00e9ration de Pape Al\u00e9 Niang : Guy Marius Sagna annonce une manifestation ce samedi"}]},{"@type":"WebSite","@id":"https:\/\/www.public.sn\/#website","url":"https:\/\/www.public.sn\/","name":"LE PUBLIC","description":"","publisher":{"@id":"https:\/\/www.public.sn\/#organization"},"potentialAction":[{"@type":"SearchAction","target":{"@type":"EntryPoint","urlTemplate":"https:\/\/www.public.sn\/?s={search_term_string}"},"query-input":{"@type":"PropertyValueSpecification","valueRequired":true,"valueName":"search_term_string"}}],"inLanguage":"fr-FR"},{"@type":"Organization","@id":"https:\/\/www.public.sn\/#organization","name":"LE PUBLIC","url":"https:\/\/www.public.sn\/","logo":{"@type":"ImageObject","inLanguage":"fr-FR","@id":"https:\/\/www.public.sn\/#\/schema\/logo\/image\/","url":"https:\/\/www.public.sn\/wp-content\/uploads\/2024\/05\/cropped-LOGO-PUBLIC.SN_.png","contentUrl":"https:\/\/www.public.sn\/wp-content\/uploads\/2024\/05\/cropped-LOGO-PUBLIC.SN_.png","width":682,"height":192,"caption":"LE PUBLIC"},"image":{"@id":"https:\/\/www.public.sn\/#\/schema\/logo\/image\/"}},{"@type":"Person","@id":"https:\/\/www.public.sn\/#\/schema\/person\/e3f4a11b037d4203902db148f9bc8d5a","name":"LA REDACTION","image":{"@type":"ImageObject","inLanguage":"fr-FR","@id":"https:\/\/www.public.sn\/#\/schema\/person\/image\/","url":"https:\/\/secure.gravatar.com\/avatar\/d6c030db45db2883c075085c5d6c6258654a801a93766b49af0b82d4f454e2a5?s=96&d=mm&r=g","contentUrl":"https:\/\/secure.gravatar.com\/avatar\/d6c030db45db2883c075085c5d6c6258654a801a93766b49af0b82d4f454e2a5?s=96&d=mm&r=g","caption":"LA REDACTION"},"sameAs":["http:\/\/www.public.sn"],"url":"https:\/\/www.public.sn\/index.php\/author\/admin7324\/"}]}},"jetpack_featured_media_url":"https:\/\/www.public.sn\/wp-content\/uploads\/2022\/11\/Guy-Marius-Sagna.jpg","jetpack_sharing_enabled":true,"_links":{"self":[{"href":"https:\/\/www.public.sn\/index.php\/wp-json\/wp\/v2\/posts\/13218","targetHints":{"allow":["GET"]}}],"collection":[{"href":"https:\/\/www.public.sn\/index.php\/wp-json\/wp\/v2\/posts"}],"about":[{"href":"https:\/\/www.public.sn\/index.php\/wp-json\/wp\/v2\/types\/post"}],"author":[{"embeddable":true,"href":"https:\/\/www.public.sn\/index.php\/wp-json\/wp\/v2\/users\/1"}],"replies":[{"embeddable":true,"href":"https:\/\/www.public.sn\/index.php\/wp-json\/wp\/v2\/comments?post=13218"}],"version-history":[{"count":2,"href":"https:\/\/www.public.sn\/index.php\/wp-json\/wp\/v2\/posts\/13218\/revisions"}],"predecessor-version":[{"id":13220,"href":"https:\/\/www.public.sn\/index.php\/wp-json\/wp\/v2\/posts\/13218\/revisions\/13220"}],"wp:featuredmedia":[{"embeddable":true,"href":"https:\/\/www.public.sn\/index.php\/wp-json\/wp\/v2\/media\/9123"}],"wp:attachment":[{"href":"https:\/\/www.public.sn\/index.php\/wp-json\/wp\/v2\/media?parent=13218"}],"wp:term":[{"taxonomy":"category","embeddable":true,"href":"https:\/\/www.public.sn\/index.php\/wp-json\/wp\/v2\/categories?post=13218"},{"taxonomy":"post_tag","embeddable":true,"href":"https:\/\/www.public.sn\/index.php\/wp-json\/wp\/v2\/tags?post=13218"}],"curies":[{"name":"wp","href":"https:\/\/api.w.org\/{rel}","templated":true}]}}