{"id":13221,"date":"2023-01-03T17:32:15","date_gmt":"2023-01-03T17:32:15","guid":{"rendered":"https:\/\/www.public.sn\/?p=13221"},"modified":"2023-01-03T17:32:15","modified_gmt":"2023-01-03T17:32:15","slug":"affaire-sweet-beauty-les-nouvelles-demandes-des-avocats-de-sonko","status":"publish","type":"post","link":"https:\/\/www.public.sn\/index.php\/2023\/01\/03\/affaire-sweet-beauty-les-nouvelles-demandes-des-avocats-de-sonko\/","title":{"rendered":"Affaire Sweet Beauty : Les nouvelles demandes des avocats de Sonko"},"content":{"rendered":"<p>Le Doyen des juges a transmis aux parties le dossier pour observations dans l\u2019affaire Sweet Beauty. Celles-ci avaient jusqu\u2019\u00e0 ce mardi pour se prononcer sur l\u2019information judiciaire. D\u2019apr\u00e8s Lib\u00e9ration, les avocats de Ousmane Sonko vont envoyer, ce mardi, cinq requ\u00eates au magistrat dont deux observations.<\/p><div class=\"publi-paragraphe1\" style=\"margin-top: 10px;margin-bottom: 10px;margin-left: auto;margin-right: auto;text-align: center;\" id=\"publi-4083389750\"><div class=\"publi-adlabel\">Publicit\u00e9<\/div><script async src=\"\/\/pagead2.googlesyndication.com\/pagead\/js\/adsbygoogle.js?client=ca-pub-4089586018074219\" crossorigin=\"anonymous\"><\/script><ins class=\"adsbygoogle\" style=\"display:block;\" data-ad-client=\"ca-pub-4089586018074219\" \ndata-ad-slot=\"2087940154\" \ndata-ad-format=\"auto\"><\/ins>\n<script> \n(adsbygoogle = window.adsbygoogle || []).push({}); \n<\/script>\n<\/div>\n<p>Le journal rapporte que sur ce dernier chapitre, ils d\u00e9plorent que certains d\u2019entre eux n\u2019aient pas re\u00e7u le dossier et que certaines de leurs demandes, comme l\u2019audition de Mes Pape So et Dior Diagne, n\u2019aient pas \u00e9t\u00e9 prises en compte. La m\u00eame source informe que les conseils du pr\u00e9sident de Pastef vont joindre \u00e0 ces observations un demande de non-lieu.<\/p>\n<p>Lib\u00e9ration renseigne que les avocats du maire de Ziguinchor, accus\u00e9 de viols et menaces de mort par Adji Sarr, esp\u00e8rent que le Doyen des juges va statuer sur leurs requ\u00eates avant de communiquer le dossier au parquet et que le magistrat leur communiquera le r\u00e9quisitoire du procureur avant de prendre son ordonnance d\u00e9finitive.<\/p>\n<div class=\"publi-apres-le-contenu\" style=\"margin-top: 10px;margin-bottom: 10px;margin-left: auto;margin-right: auto;text-align: center;\" id=\"publi-421873523\"><div class=\"publi-adlabel\">Publicit\u00e9<\/div><script async src=\"\/\/pagead2.googlesyndication.com\/pagead\/js\/adsbygoogle.js?client=ca-pub-4089586018074219\" crossorigin=\"anonymous\"><\/script><ins class=\"adsbygoogle\" style=\"display:block;\" data-ad-client=\"ca-pub-4089586018074219\" \ndata-ad-slot=\"2087940154\" \ndata-ad-format=\"auto\"><\/ins>\n<script> \n(adsbygoogle = window.adsbygoogle || []).push({}); \n<\/script>\n<\/div>","protected":false},"excerpt":{"rendered":"<p>Le Doyen des juges a transmis aux parties le dossier pour observations dans l\u2019affaire Sweet Beauty. Celles-ci avaient jusqu\u2019\u00e0 ce mardi pour se prononcer sur l\u2019information judiciaire. D\u2019apr\u00e8s Lib\u00e9ration, les avocats de Ousmane Sonko vont envoyer, ce mardi, cinq requ\u00eates au magistrat dont deux observations. Le journal rapporte que sur ce dernier chapitre, ils d\u00e9plorent que certains d\u2019entre eux n\u2019aient pas re\u00e7u le dossier et que certaines de leurs demandes, comme l\u2019audition de Mes Pape So et Dior Diagne, n\u2019aient pas \u00e9t\u00e9 prises en compte. La m\u00eame source informe que les conseils du pr\u00e9sident de Pastef vont joindre \u00e0 ces observations un demande de non-lieu. Lib\u00e9ration renseigne que les avocats du maire de Ziguinchor, accus\u00e9 de viols et menaces de mort par Adji Sarr, esp\u00e8rent que le Doyen des juges va statuer sur leurs requ\u00eates avant de communiquer le dossier au parquet et que le magistrat leur communiquera le r\u00e9quisitoire du procureur avant de prendre son ordonnance d\u00e9finitive.<\/p>\n","protected":false},"author":7,"featured_media":13222,"comment_status":"open","ping_status":"open","sticky":false,"template":"","format":"standard","meta":{"_jetpack_memberships_contains_paid_content":false,"footnotes":""},"categories":[375,3724,3,8],"tags":[99,16,3632],"class_list":["post-13221","post","type-post","status-publish","format-standard","has-post-thumbnail","hentry","category-actualites","category-justice","category-politique","category-public-tv","tag-adji-sarr","tag-ousmane-sonko","tag-sweet-beauty","entry","has-media","owp-thumbs-layout-horizontal","owp-btn-normal","owp-tabs-layout-horizontal","has-no-thumbnails","has-product-nav"],"yoast_head":"<!-- This site is optimized with the Yoast SEO plugin v25.5 - https:\/\/yoast.com\/wordpress\/plugins\/seo\/ -->\n<title>Affaire Sweet Beauty : Les nouvelles demandes des avocats de Sonko - LE PUBLIC<\/title>\n<meta name=\"robots\" content=\"index, follow, max-snippet:-1, max-image-preview:large, max-video-preview:-1\" \/>\n<link rel=\"canonical\" href=\"https:\/\/www.public.sn\/index.php\/2023\/01\/03\/affaire-sweet-beauty-les-nouvelles-demandes-des-avocats-de-sonko\/\" \/>\n<meta property=\"og:locale\" content=\"fr_FR\" \/>\n<meta property=\"og:type\" content=\"article\" \/>\n<meta property=\"og:title\" content=\"Affaire Sweet Beauty : Les nouvelles demandes des avocats de Sonko - LE PUBLIC\" \/>\n<meta property=\"og:description\" content=\"Le Doyen des juges a transmis aux parties le dossier pour observations dans l\u2019affaire Sweet Beauty. Celles-ci avaient jusqu\u2019\u00e0 ce mardi pour se prononcer sur l\u2019information judiciaire. D\u2019apr\u00e8s Lib\u00e9ration, les avocats de Ousmane Sonko vont envoyer, ce mardi, cinq requ\u00eates au magistrat dont deux observations. Le journal rapporte que sur ce dernier chapitre, ils d\u00e9plorent que certains d\u2019entre eux n\u2019aient pas re\u00e7u le dossier et que certaines de leurs demandes, comme l\u2019audition de Mes Pape So et Dior Diagne, n\u2019aient pas \u00e9t\u00e9 prises en compte. La m\u00eame source informe que les conseils du pr\u00e9sident de Pastef vont joindre \u00e0 ces observations un demande de non-lieu. Lib\u00e9ration renseigne que les avocats du maire de Ziguinchor, accus\u00e9 de viols et menaces de mort par Adji Sarr, esp\u00e8rent que le Doyen des juges va statuer sur leurs requ\u00eates avant de communiquer le dossier au parquet et que le magistrat leur communiquera le r\u00e9quisitoire du procureur avant de prendre son ordonnance d\u00e9finitive.\" \/>\n<meta property=\"og:url\" content=\"https:\/\/www.public.sn\/index.php\/2023\/01\/03\/affaire-sweet-beauty-les-nouvelles-demandes-des-avocats-de-sonko\/\" \/>\n<meta property=\"og:site_name\" content=\"LE PUBLIC\" \/>\n<meta property=\"article:published_time\" content=\"2023-01-03T17:32:15+00:00\" \/>\n<meta property=\"og:image\" content=\"https:\/\/www.public.sn\/wp-content\/uploads\/2023\/01\/sonko-adji-sarr-palais-de-justice.jpg\" \/>\n\t<meta property=\"og:image:width\" content=\"1200\" \/>\n\t<meta property=\"og:image:height\" content=\"675\" \/>\n\t<meta property=\"og:image:type\" content=\"image\/jpeg\" \/>\n<meta name=\"author\" content=\"LA REDACTION\" \/>\n<meta name=\"twitter:card\" content=\"summary_large_image\" \/>\n<meta name=\"twitter:label1\" content=\"\u00c9crit par\" \/>\n\t<meta name=\"twitter:data1\" content=\"LA REDACTION\" \/>\n\t<meta name=\"twitter:label2\" content=\"Dur\u00e9e de lecture estim\u00e9e\" \/>\n\t<meta name=\"twitter:data2\" content=\"1 minute\" \/>\n<script type=\"application\/ld+json\" class=\"yoast-schema-graph\">{\"@context\":\"https:\/\/schema.org\",\"@graph\":[{\"@type\":\"Article\",\"@id\":\"https:\/\/www.public.sn\/index.php\/2023\/01\/03\/affaire-sweet-beauty-les-nouvelles-demandes-des-avocats-de-sonko\/#article\",\"isPartOf\":{\"@id\":\"https:\/\/www.public.sn\/index.php\/2023\/01\/03\/affaire-sweet-beauty-les-nouvelles-demandes-des-avocats-de-sonko\/\"},\"author\":{\"name\":\"LA REDACTION\",\"@id\":\"https:\/\/www.public.sn\/#\/schema\/person\/cb76c8e1b8becc6be61fb5e92d6d0224\"},\"headline\":\"Affaire Sweet Beauty : Les nouvelles demandes des avocats de Sonko\",\"datePublished\":\"2023-01-03T17:32:15+00:00\",\"mainEntityOfPage\":{\"@id\":\"https:\/\/www.public.sn\/index.php\/2023\/01\/03\/affaire-sweet-beauty-les-nouvelles-demandes-des-avocats-de-sonko\/\"},\"wordCount\":186,\"commentCount\":0,\"publisher\":{\"@id\":\"https:\/\/www.public.sn\/#organization\"},\"image\":{\"@id\":\"https:\/\/www.public.sn\/index.php\/2023\/01\/03\/affaire-sweet-beauty-les-nouvelles-demandes-des-avocats-de-sonko\/#primaryimage\"},\"thumbnailUrl\":\"https:\/\/www.public.sn\/wp-content\/uploads\/2023\/01\/sonko-adji-sarr-palais-de-justice.jpg\",\"keywords\":[\"Adji Sarr\",\"Ousmane Sonko\",\"Sweet beauty\"],\"articleSection\":[\"ACTUALIT\u00c9S\",\"justice\",\"POLITIQUE\",\"PUBLIC TV\"],\"inLanguage\":\"fr-FR\",\"potentialAction\":[{\"@type\":\"CommentAction\",\"name\":\"Comment\",\"target\":[\"https:\/\/www.public.sn\/index.php\/2023\/01\/03\/affaire-sweet-beauty-les-nouvelles-demandes-des-avocats-de-sonko\/#respond\"]}]},{\"@type\":\"WebPage\",\"@id\":\"https:\/\/www.public.sn\/index.php\/2023\/01\/03\/affaire-sweet-beauty-les-nouvelles-demandes-des-avocats-de-sonko\/\",\"url\":\"https:\/\/www.public.sn\/index.php\/2023\/01\/03\/affaire-sweet-beauty-les-nouvelles-demandes-des-avocats-de-sonko\/\",\"name\":\"Affaire Sweet Beauty : Les nouvelles demandes des avocats de Sonko - LE PUBLIC\",\"isPartOf\":{\"@id\":\"https:\/\/www.public.sn\/#website\"},\"primaryImageOfPage\":{\"@id\":\"https:\/\/www.public.sn\/index.php\/2023\/01\/03\/affaire-sweet-beauty-les-nouvelles-demandes-des-avocats-de-sonko\/#primaryimage\"},\"image\":{\"@id\":\"https:\/\/www.public.sn\/index.php\/2023\/01\/03\/affaire-sweet-beauty-les-nouvelles-demandes-des-avocats-de-sonko\/#primaryimage\"},\"thumbnailUrl\":\"https:\/\/www.public.sn\/wp-content\/uploads\/2023\/01\/sonko-adji-sarr-palais-de-justice.jpg\",\"datePublished\":\"2023-01-03T17:32:15+00:00\",\"breadcrumb\":{\"@id\":\"https:\/\/www.public.sn\/index.php\/2023\/01\/03\/affaire-sweet-beauty-les-nouvelles-demandes-des-avocats-de-sonko\/#breadcrumb\"},\"inLanguage\":\"fr-FR\",\"potentialAction\":[{\"@type\":\"ReadAction\",\"target\":[\"https:\/\/www.public.sn\/index.php\/2023\/01\/03\/affaire-sweet-beauty-les-nouvelles-demandes-des-avocats-de-sonko\/\"]}]},{\"@type\":\"ImageObject\",\"inLanguage\":\"fr-FR\",\"@id\":\"https:\/\/www.public.sn\/index.php\/2023\/01\/03\/affaire-sweet-beauty-les-nouvelles-demandes-des-avocats-de-sonko\/#primaryimage\",\"url\":\"https:\/\/www.public.sn\/wp-content\/uploads\/2023\/01\/sonko-adji-sarr-palais-de-justice.jpg\",\"contentUrl\":\"https:\/\/www.public.sn\/wp-content\/uploads\/2023\/01\/sonko-adji-sarr-palais-de-justice.jpg\",\"width\":1200,\"height\":675},{\"@type\":\"BreadcrumbList\",\"@id\":\"https:\/\/www.public.sn\/index.php\/2023\/01\/03\/affaire-sweet-beauty-les-nouvelles-demandes-des-avocats-de-sonko\/#breadcrumb\",\"itemListElement\":[{\"@type\":\"ListItem\",\"position\":1,\"name\":\"Accueil\",\"item\":\"https:\/\/www.public.sn\/\"},{\"@type\":\"ListItem\",\"position\":2,\"name\":\"Affaire Sweet Beauty : Les nouvelles demandes des avocats de Sonko\"}]},{\"@type\":\"WebSite\",\"@id\":\"https:\/\/www.public.sn\/#website\",\"url\":\"https:\/\/www.public.sn\/\",\"name\":\"LE PUBLIC\",\"description\":\"\",\"publisher\":{\"@id\":\"https:\/\/www.public.sn\/#organization\"},\"potentialAction\":[{\"@type\":\"SearchAction\",\"target\":{\"@type\":\"EntryPoint\",\"urlTemplate\":\"https:\/\/www.public.sn\/?s={search_term_string}\"},\"query-input\":{\"@type\":\"PropertyValueSpecification\",\"valueRequired\":true,\"valueName\":\"search_term_string\"}}],\"inLanguage\":\"fr-FR\"},{\"@type\":\"Organization\",\"@id\":\"https:\/\/www.public.sn\/#organization\",\"name\":\"LE PUBLIC\",\"url\":\"https:\/\/www.public.sn\/\",\"logo\":{\"@type\":\"ImageObject\",\"inLanguage\":\"fr-FR\",\"@id\":\"https:\/\/www.public.sn\/#\/schema\/logo\/image\/\",\"url\":\"https:\/\/www.public.sn\/wp-content\/uploads\/2024\/05\/cropped-LOGO-PUBLIC.SN_.png\",\"contentUrl\":\"https:\/\/www.public.sn\/wp-content\/uploads\/2024\/05\/cropped-LOGO-PUBLIC.SN_.png\",\"width\":682,\"height\":192,\"caption\":\"LE PUBLIC\"},\"image\":{\"@id\":\"https:\/\/www.public.sn\/#\/schema\/logo\/image\/\"}},{\"@type\":\"Person\",\"@id\":\"https:\/\/www.public.sn\/#\/schema\/person\/cb76c8e1b8becc6be61fb5e92d6d0224\",\"name\":\"LA REDACTION\",\"image\":{\"@type\":\"ImageObject\",\"inLanguage\":\"fr-FR\",\"@id\":\"https:\/\/www.public.sn\/#\/schema\/person\/image\/\",\"url\":\"https:\/\/secure.gravatar.com\/avatar\/2dce5ddd34b8fef0180efe03aa2a9bee7d953856048f9a16b298190a3178407c?s=96&d=mm&r=g\",\"contentUrl\":\"https:\/\/secure.gravatar.com\/avatar\/2dce5ddd34b8fef0180efe03aa2a9bee7d953856048f9a16b298190a3178407c?s=96&d=mm&r=g\",\"caption\":\"LA REDACTION\"},\"url\":\"https:\/\/www.public.sn\/index.php\/author\/editeurpsn\/\"}]}<\/script>\n<!-- \/ Yoast SEO plugin. -->","yoast_head_json":{"title":"Affaire Sweet Beauty : Les nouvelles demandes des avocats de Sonko - LE PUBLIC","robots":{"index":"index","follow":"follow","max-snippet":"max-snippet:-1","max-image-preview":"max-image-preview:large","max-video-preview":"max-video-preview:-1"},"canonical":"https:\/\/www.public.sn\/index.php\/2023\/01\/03\/affaire-sweet-beauty-les-nouvelles-demandes-des-avocats-de-sonko\/","og_locale":"fr_FR","og_type":"article","og_title":"Affaire Sweet Beauty : Les nouvelles demandes des avocats de Sonko - LE PUBLIC","og_description":"Le Doyen des juges a transmis aux parties le dossier pour observations dans l\u2019affaire Sweet Beauty. Celles-ci avaient jusqu\u2019\u00e0 ce mardi pour se prononcer sur l\u2019information judiciaire. D\u2019apr\u00e8s Lib\u00e9ration, les avocats de Ousmane Sonko vont envoyer, ce mardi, cinq requ\u00eates au magistrat dont deux observations. Le journal rapporte que sur ce dernier chapitre, ils d\u00e9plorent que certains d\u2019entre eux n\u2019aient pas re\u00e7u le dossier et que certaines de leurs demandes, comme l\u2019audition de Mes Pape So et Dior Diagne, n\u2019aient pas \u00e9t\u00e9 prises en compte. La m\u00eame source informe que les conseils du pr\u00e9sident de Pastef vont joindre \u00e0 ces observations un demande de non-lieu. Lib\u00e9ration renseigne que les avocats du maire de Ziguinchor, accus\u00e9 de viols et menaces de mort par Adji Sarr, esp\u00e8rent que le Doyen des juges va statuer sur leurs requ\u00eates avant de communiquer le dossier au parquet et que le magistrat leur communiquera le r\u00e9quisitoire du procureur avant de prendre son ordonnance d\u00e9finitive.","og_url":"https:\/\/www.public.sn\/index.php\/2023\/01\/03\/affaire-sweet-beauty-les-nouvelles-demandes-des-avocats-de-sonko\/","og_site_name":"LE PUBLIC","article_published_time":"2023-01-03T17:32:15+00:00","og_image":[{"width":1200,"height":675,"url":"https:\/\/www.public.sn\/wp-content\/uploads\/2023\/01\/sonko-adji-sarr-palais-de-justice.jpg","type":"image\/jpeg"}],"author":"LA REDACTION","twitter_card":"summary_large_image","twitter_misc":{"\u00c9crit par":"LA REDACTION","Dur\u00e9e de lecture estim\u00e9e":"1 minute"},"schema":{"@context":"https:\/\/schema.org","@graph":[{"@type":"Article","@id":"https:\/\/www.public.sn\/index.php\/2023\/01\/03\/affaire-sweet-beauty-les-nouvelles-demandes-des-avocats-de-sonko\/#article","isPartOf":{"@id":"https:\/\/www.public.sn\/index.php\/2023\/01\/03\/affaire-sweet-beauty-les-nouvelles-demandes-des-avocats-de-sonko\/"},"author":{"name":"LA REDACTION","@id":"https:\/\/www.public.sn\/#\/schema\/person\/cb76c8e1b8becc6be61fb5e92d6d0224"},"headline":"Affaire Sweet Beauty : Les nouvelles demandes des avocats de Sonko","datePublished":"2023-01-03T17:32:15+00:00","mainEntityOfPage":{"@id":"https:\/\/www.public.sn\/index.php\/2023\/01\/03\/affaire-sweet-beauty-les-nouvelles-demandes-des-avocats-de-sonko\/"},"wordCount":186,"commentCount":0,"publisher":{"@id":"https:\/\/www.public.sn\/#organization"},"image":{"@id":"https:\/\/www.public.sn\/index.php\/2023\/01\/03\/affaire-sweet-beauty-les-nouvelles-demandes-des-avocats-de-sonko\/#primaryimage"},"thumbnailUrl":"https:\/\/www.public.sn\/wp-content\/uploads\/2023\/01\/sonko-adji-sarr-palais-de-justice.jpg","keywords":["Adji Sarr","Ousmane Sonko","Sweet beauty"],"articleSection":["ACTUALIT\u00c9S","justice","POLITIQUE","PUBLIC TV"],"inLanguage":"fr-FR","potentialAction":[{"@type":"CommentAction","name":"Comment","target":["https:\/\/www.public.sn\/index.php\/2023\/01\/03\/affaire-sweet-beauty-les-nouvelles-demandes-des-avocats-de-sonko\/#respond"]}]},{"@type":"WebPage","@id":"https:\/\/www.public.sn\/index.php\/2023\/01\/03\/affaire-sweet-beauty-les-nouvelles-demandes-des-avocats-de-sonko\/","url":"https:\/\/www.public.sn\/index.php\/2023\/01\/03\/affaire-sweet-beauty-les-nouvelles-demandes-des-avocats-de-sonko\/","name":"Affaire Sweet Beauty : Les nouvelles demandes des avocats de Sonko - LE PUBLIC","isPartOf":{"@id":"https:\/\/www.public.sn\/#website"},"primaryImageOfPage":{"@id":"https:\/\/www.public.sn\/index.php\/2023\/01\/03\/affaire-sweet-beauty-les-nouvelles-demandes-des-avocats-de-sonko\/#primaryimage"},"image":{"@id":"https:\/\/www.public.sn\/index.php\/2023\/01\/03\/affaire-sweet-beauty-les-nouvelles-demandes-des-avocats-de-sonko\/#primaryimage"},"thumbnailUrl":"https:\/\/www.public.sn\/wp-content\/uploads\/2023\/01\/sonko-adji-sarr-palais-de-justice.jpg","datePublished":"2023-01-03T17:32:15+00:00","breadcrumb":{"@id":"https:\/\/www.public.sn\/index.php\/2023\/01\/03\/affaire-sweet-beauty-les-nouvelles-demandes-des-avocats-de-sonko\/#breadcrumb"},"inLanguage":"fr-FR","potentialAction":[{"@type":"ReadAction","target":["https:\/\/www.public.sn\/index.php\/2023\/01\/03\/affaire-sweet-beauty-les-nouvelles-demandes-des-avocats-de-sonko\/"]}]},{"@type":"ImageObject","inLanguage":"fr-FR","@id":"https:\/\/www.public.sn\/index.php\/2023\/01\/03\/affaire-sweet-beauty-les-nouvelles-demandes-des-avocats-de-sonko\/#primaryimage","url":"https:\/\/www.public.sn\/wp-content\/uploads\/2023\/01\/sonko-adji-sarr-palais-de-justice.jpg","contentUrl":"https:\/\/www.public.sn\/wp-content\/uploads\/2023\/01\/sonko-adji-sarr-palais-de-justice.jpg","width":1200,"height":675},{"@type":"BreadcrumbList","@id":"https:\/\/www.public.sn\/index.php\/2023\/01\/03\/affaire-sweet-beauty-les-nouvelles-demandes-des-avocats-de-sonko\/#breadcrumb","itemListElement":[{"@type":"ListItem","position":1,"name":"Accueil","item":"https:\/\/www.public.sn\/"},{"@type":"ListItem","position":2,"name":"Affaire Sweet Beauty : Les nouvelles demandes des avocats de Sonko"}]},{"@type":"WebSite","@id":"https:\/\/www.public.sn\/#website","url":"https:\/\/www.public.sn\/","name":"LE PUBLIC","description":"","publisher":{"@id":"https:\/\/www.public.sn\/#organization"},"potentialAction":[{"@type":"SearchAction","target":{"@type":"EntryPoint","urlTemplate":"https:\/\/www.public.sn\/?s={search_term_string}"},"query-input":{"@type":"PropertyValueSpecification","valueRequired":true,"valueName":"search_term_string"}}],"inLanguage":"fr-FR"},{"@type":"Organization","@id":"https:\/\/www.public.sn\/#organization","name":"LE PUBLIC","url":"https:\/\/www.public.sn\/","logo":{"@type":"ImageObject","inLanguage":"fr-FR","@id":"https:\/\/www.public.sn\/#\/schema\/logo\/image\/","url":"https:\/\/www.public.sn\/wp-content\/uploads\/2024\/05\/cropped-LOGO-PUBLIC.SN_.png","contentUrl":"https:\/\/www.public.sn\/wp-content\/uploads\/2024\/05\/cropped-LOGO-PUBLIC.SN_.png","width":682,"height":192,"caption":"LE PUBLIC"},"image":{"@id":"https:\/\/www.public.sn\/#\/schema\/logo\/image\/"}},{"@type":"Person","@id":"https:\/\/www.public.sn\/#\/schema\/person\/cb76c8e1b8becc6be61fb5e92d6d0224","name":"LA REDACTION","image":{"@type":"ImageObject","inLanguage":"fr-FR","@id":"https:\/\/www.public.sn\/#\/schema\/person\/image\/","url":"https:\/\/secure.gravatar.com\/avatar\/2dce5ddd34b8fef0180efe03aa2a9bee7d953856048f9a16b298190a3178407c?s=96&d=mm&r=g","contentUrl":"https:\/\/secure.gravatar.com\/avatar\/2dce5ddd34b8fef0180efe03aa2a9bee7d953856048f9a16b298190a3178407c?s=96&d=mm&r=g","caption":"LA REDACTION"},"url":"https:\/\/www.public.sn\/index.php\/author\/editeurpsn\/"}]}},"jetpack_featured_media_url":"https:\/\/www.public.sn\/wp-content\/uploads\/2023\/01\/sonko-adji-sarr-palais-de-justice.jpg","jetpack_sharing_enabled":true,"_links":{"self":[{"href":"https:\/\/www.public.sn\/index.php\/wp-json\/wp\/v2\/posts\/13221","targetHints":{"allow":["GET"]}}],"collection":[{"href":"https:\/\/www.public.sn\/index.php\/wp-json\/wp\/v2\/posts"}],"about":[{"href":"https:\/\/www.public.sn\/index.php\/wp-json\/wp\/v2\/types\/post"}],"author":[{"embeddable":true,"href":"https:\/\/www.public.sn\/index.php\/wp-json\/wp\/v2\/users\/7"}],"replies":[{"embeddable":true,"href":"https:\/\/www.public.sn\/index.php\/wp-json\/wp\/v2\/comments?post=13221"}],"version-history":[{"count":1,"href":"https:\/\/www.public.sn\/index.php\/wp-json\/wp\/v2\/posts\/13221\/revisions"}],"predecessor-version":[{"id":13223,"href":"https:\/\/www.public.sn\/index.php\/wp-json\/wp\/v2\/posts\/13221\/revisions\/13223"}],"wp:featuredmedia":[{"embeddable":true,"href":"https:\/\/www.public.sn\/index.php\/wp-json\/wp\/v2\/media\/13222"}],"wp:attachment":[{"href":"https:\/\/www.public.sn\/index.php\/wp-json\/wp\/v2\/media?parent=13221"}],"wp:term":[{"taxonomy":"category","embeddable":true,"href":"https:\/\/www.public.sn\/index.php\/wp-json\/wp\/v2\/categories?post=13221"},{"taxonomy":"post_tag","embeddable":true,"href":"https:\/\/www.public.sn\/index.php\/wp-json\/wp\/v2\/tags?post=13221"}],"curies":[{"name":"wp","href":"https:\/\/api.w.org\/{rel}","templated":true}]}}