{"id":13256,"date":"2023-01-04T15:27:51","date_gmt":"2023-01-04T15:27:51","guid":{"rendered":"https:\/\/www.public.sn\/?p=13256"},"modified":"2023-01-04T15:27:51","modified_gmt":"2023-01-04T15:27:51","slug":"affaire-pape-ale-niang-la-cap-devoile-ce-quambitionne-letat","status":"publish","type":"post","link":"https:\/\/www.public.sn\/index.php\/2023\/01\/04\/affaire-pape-ale-niang-la-cap-devoile-ce-quambitionne-letat\/","title":{"rendered":"Affaire Pape Al\u00e9 Niang : la CAP d\u00e9voile ce qu\u2019ambitionne l&rsquo;Etat"},"content":{"rendered":"<p><b>Pape Al\u00e9 Niang est actuellement dans un \u00e9tat de sant\u00e9 tr\u00e8s crique d\u00fb \u00e0 sa gr\u00e8ve de faim et \u00e0 son refus d&rsquo;\u00eatre soign\u00e9 par les m\u00e9decins traitants qui le suivent \u00e0 hospitalis\u00e9 Principal. Un tel fait a fait r\u00e9agir encore la Cap qui; appuy\u00e9e par la Soci\u00e9t\u00e9 Civile a organis\u00e9 un troisi\u00e8me \u00ab\u00a0conseil des m\u00e9dias\u00a0\u00bb. Lequel a pour but d&rsquo;exiger la lib\u00e9ration de Pape Al\u00e9 Niang mais aussi de montrer \u00e0 la communaut\u00e9 internationale que la Presse s\u00e9n\u00e9galaise n&rsquo;a jamais abandonn\u00e9 le patron de Dakar Matin.<\/b><\/p><div class=\"publi-paragraphe1\" style=\"margin-top: 10px;margin-bottom: 10px;margin-left: auto;margin-right: auto;text-align: center;\" id=\"publi-3588817885\"><div class=\"publi-adlabel\">Publicit\u00e9<\/div><script async src=\"\/\/pagead2.googlesyndication.com\/pagead\/js\/adsbygoogle.js?client=ca-pub-4089586018074219\" crossorigin=\"anonymous\"><\/script><ins class=\"adsbygoogle\" style=\"display:block;\" data-ad-client=\"ca-pub-4089586018074219\" \ndata-ad-slot=\"2087940154\" \ndata-ad-format=\"auto\"><\/ins>\n<script> \n(adsbygoogle = window.adsbygoogle || []).push({}); \n<\/script>\n<\/div>\n<p>Les journalistes et membres de la de la Soci\u00e9t\u00e9 civile ont \u00e0 l&rsquo;unanimit\u00e9 d\u00e9plor\u00e9 le traitement dont est victimes Pape Al\u00e9 Niang. Selon les professionnels de l&rsquo;Information et de la Communication, l&rsquo;Etat a pour but de d\u00e9grader gravement l&rsquo;\u00e9tat de sant\u00e9 de leur confr\u00e8res \u00e0 telle enseigne que s&rsquo;il sorte de cette \u00e9preuve, il n&rsquo;aura plus le temps de parler des sujets de l&rsquo;heure mais plut\u00f4t de s&rsquo;occuper de sa sant\u00e9.<\/p>\n<p><iframe title=\"PAN EN DANGER : Un troisi\u00e8me conseil des m\u00e9dias organis\u00e9 pour exiger sa lib\u00e9ration\" src=\"https:\/\/www.youtube.com\/embed\/oPPqapiGas8\" width=\"640\" height=\"360\" frameborder=\"0\" allowfullscreen=\"allowfullscreen\"><\/iframe><\/p>\n<p><strong>Par Amina Adama CISSE<\/strong><\/p>\n<div class=\"publi-apres-le-contenu\" style=\"margin-top: 10px;margin-bottom: 10px;margin-left: auto;margin-right: auto;text-align: center;\" id=\"publi-570331207\"><div class=\"publi-adlabel\">Publicit\u00e9<\/div><script async src=\"\/\/pagead2.googlesyndication.com\/pagead\/js\/adsbygoogle.js?client=ca-pub-4089586018074219\" crossorigin=\"anonymous\"><\/script><ins class=\"adsbygoogle\" style=\"display:block;\" data-ad-client=\"ca-pub-4089586018074219\" \ndata-ad-slot=\"2087940154\" \ndata-ad-format=\"auto\"><\/ins>\n<script> \n(adsbygoogle = window.adsbygoogle || []).push({}); \n<\/script>\n<\/div>","protected":false},"excerpt":{"rendered":"<p>Pape Al\u00e9 Niang est actuellement dans un \u00e9tat de sant\u00e9 tr\u00e8s crique d\u00fb \u00e0 sa gr\u00e8ve de faim et \u00e0 son refus d&rsquo;\u00eatre soign\u00e9 par les m\u00e9decins traitants qui le suivent \u00e0 hospitalis\u00e9 Principal. Un tel fait a fait r\u00e9agir encore la Cap qui; appuy\u00e9e par la Soci\u00e9t\u00e9 Civile a organis\u00e9 un troisi\u00e8me \u00ab\u00a0conseil des m\u00e9dias\u00a0\u00bb. Lequel a pour but d&rsquo;exiger la lib\u00e9ration de Pape Al\u00e9 Niang mais aussi de montrer \u00e0 la communaut\u00e9 internationale que la Presse s\u00e9n\u00e9galaise n&rsquo;a jamais abandonn\u00e9 le patron de Dakar Matin. Les journalistes et membres de la de la Soci\u00e9t\u00e9 civile ont \u00e0 l&rsquo;unanimit\u00e9 d\u00e9plor\u00e9 le traitement dont est victimes Pape Al\u00e9 Niang. Selon les professionnels de l&rsquo;Information et de la Communication, l&rsquo;Etat a pour but de d\u00e9grader gravement l&rsquo;\u00e9tat de sant\u00e9 de leur confr\u00e8res \u00e0 telle enseigne que s&rsquo;il sorte de cette \u00e9preuve, il n&rsquo;aura plus le temps de parler des sujets de l&rsquo;heure mais plut\u00f4t de s&rsquo;occuper de sa sant\u00e9. Par Amina Adama CISSE<\/p>\n","protected":false},"author":7,"featured_media":13268,"comment_status":"open","ping_status":"open","sticky":false,"template":"","format":"standard","meta":{"_jetpack_memberships_contains_paid_content":false,"footnotes":""},"categories":[375,550,3724,961,5,8,1,4,372,6],"tags":[1281,2887,2489],"class_list":["post-13256","post","type-post","status-publish","format-standard","has-post-thumbnail","hentry","category-actualites","category-afrique-monde","category-justice","category-medias","category-people","category-public-tv","category-non-classe","category-societe","category-vedette","category-videos","tag-cap","tag-greve-de-la-faim","tag-pape-ale-niang","entry","has-media","owp-thumbs-layout-horizontal","owp-btn-normal","owp-tabs-layout-horizontal","has-no-thumbnails","has-product-nav"],"yoast_head":"<!-- This site is optimized with the Yoast SEO plugin v25.5 - https:\/\/yoast.com\/wordpress\/plugins\/seo\/ -->\n<title>Affaire Pape Al\u00e9 Niang : la CAP d\u00e9voile ce qu\u2019ambitionne l&#039;Etat - LE PUBLIC<\/title>\n<meta name=\"robots\" content=\"index, follow, max-snippet:-1, max-image-preview:large, max-video-preview:-1\" \/>\n<link rel=\"canonical\" href=\"https:\/\/www.public.sn\/index.php\/2023\/01\/04\/affaire-pape-ale-niang-la-cap-devoile-ce-quambitionne-letat\/\" \/>\n<meta property=\"og:locale\" content=\"fr_FR\" \/>\n<meta property=\"og:type\" content=\"article\" \/>\n<meta property=\"og:title\" content=\"Affaire Pape Al\u00e9 Niang : la CAP d\u00e9voile ce qu\u2019ambitionne l&#039;Etat - LE PUBLIC\" \/>\n<meta property=\"og:description\" content=\"Pape Al\u00e9 Niang est actuellement dans un \u00e9tat de sant\u00e9 tr\u00e8s crique d\u00fb \u00e0 sa gr\u00e8ve de faim et \u00e0 son refus d&rsquo;\u00eatre soign\u00e9 par les m\u00e9decins traitants qui le suivent \u00e0 hospitalis\u00e9 Principal. Un tel fait a fait r\u00e9agir encore la Cap qui; appuy\u00e9e par la Soci\u00e9t\u00e9 Civile a organis\u00e9 un troisi\u00e8me \u00ab\u00a0conseil des m\u00e9dias\u00a0\u00bb. Lequel a pour but d&rsquo;exiger la lib\u00e9ration de Pape Al\u00e9 Niang mais aussi de montrer \u00e0 la communaut\u00e9 internationale que la Presse s\u00e9n\u00e9galaise n&rsquo;a jamais abandonn\u00e9 le patron de Dakar Matin. Les journalistes et membres de la de la Soci\u00e9t\u00e9 civile ont \u00e0 l&rsquo;unanimit\u00e9 d\u00e9plor\u00e9 le traitement dont est victimes Pape Al\u00e9 Niang. Selon les professionnels de l&rsquo;Information et de la Communication, l&rsquo;Etat a pour but de d\u00e9grader gravement l&rsquo;\u00e9tat de sant\u00e9 de leur confr\u00e8res \u00e0 telle enseigne que s&rsquo;il sorte de cette \u00e9preuve, il n&rsquo;aura plus le temps de parler des sujets de l&rsquo;heure mais plut\u00f4t de s&rsquo;occuper de sa sant\u00e9. Par Amina Adama CISSE\" \/>\n<meta property=\"og:url\" content=\"https:\/\/www.public.sn\/index.php\/2023\/01\/04\/affaire-pape-ale-niang-la-cap-devoile-ce-quambitionne-letat\/\" \/>\n<meta property=\"og:site_name\" content=\"LE PUBLIC\" \/>\n<meta property=\"article:published_time\" content=\"2023-01-04T15:27:51+00:00\" \/>\n<meta property=\"og:image\" content=\"https:\/\/www.public.sn\/wp-content\/uploads\/2023\/01\/min.jpg\" \/>\n\t<meta property=\"og:image:width\" content=\"1366\" \/>\n\t<meta property=\"og:image:height\" content=\"768\" \/>\n\t<meta property=\"og:image:type\" content=\"image\/jpeg\" \/>\n<meta name=\"author\" content=\"LA REDACTION\" \/>\n<meta name=\"twitter:card\" content=\"summary_large_image\" \/>\n<meta name=\"twitter:label1\" content=\"\u00c9crit par\" \/>\n\t<meta name=\"twitter:data1\" content=\"LA REDACTION\" \/>\n\t<meta name=\"twitter:label2\" content=\"Dur\u00e9e de lecture estim\u00e9e\" \/>\n\t<meta name=\"twitter:data2\" content=\"1 minute\" \/>\n<script type=\"application\/ld+json\" class=\"yoast-schema-graph\">{\"@context\":\"https:\/\/schema.org\",\"@graph\":[{\"@type\":\"Article\",\"@id\":\"https:\/\/www.public.sn\/index.php\/2023\/01\/04\/affaire-pape-ale-niang-la-cap-devoile-ce-quambitionne-letat\/#article\",\"isPartOf\":{\"@id\":\"https:\/\/www.public.sn\/index.php\/2023\/01\/04\/affaire-pape-ale-niang-la-cap-devoile-ce-quambitionne-letat\/\"},\"author\":{\"name\":\"LA REDACTION\",\"@id\":\"https:\/\/www.public.sn\/#\/schema\/person\/cb76c8e1b8becc6be61fb5e92d6d0224\"},\"headline\":\"Affaire Pape Al\u00e9 Niang : la CAP d\u00e9voile ce qu\u2019ambitionne l&rsquo;Etat\",\"datePublished\":\"2023-01-04T15:27:51+00:00\",\"mainEntityOfPage\":{\"@id\":\"https:\/\/www.public.sn\/index.php\/2023\/01\/04\/affaire-pape-ale-niang-la-cap-devoile-ce-quambitionne-letat\/\"},\"wordCount\":186,\"commentCount\":0,\"publisher\":{\"@id\":\"https:\/\/www.public.sn\/#organization\"},\"image\":{\"@id\":\"https:\/\/www.public.sn\/index.php\/2023\/01\/04\/affaire-pape-ale-niang-la-cap-devoile-ce-quambitionne-letat\/#primaryimage\"},\"thumbnailUrl\":\"https:\/\/www.public.sn\/wp-content\/uploads\/2023\/01\/min.jpg\",\"keywords\":[\"cap\",\"greve de la faim\",\"Pape Al\u00e9 Niang\"],\"articleSection\":[\"ACTUALIT\u00c9S\",\"AFRIQUE &amp; MONDE\",\"justice\",\"M\u00c9DIAS\",\"PEOPLE\",\"PUBLIC TV\",\"S\u00c9N\u00c9GAL\",\"SOCIETE\",\"VEDETTE\",\"VIDEOS\"],\"inLanguage\":\"fr-FR\",\"potentialAction\":[{\"@type\":\"CommentAction\",\"name\":\"Comment\",\"target\":[\"https:\/\/www.public.sn\/index.php\/2023\/01\/04\/affaire-pape-ale-niang-la-cap-devoile-ce-quambitionne-letat\/#respond\"]}]},{\"@type\":\"WebPage\",\"@id\":\"https:\/\/www.public.sn\/index.php\/2023\/01\/04\/affaire-pape-ale-niang-la-cap-devoile-ce-quambitionne-letat\/\",\"url\":\"https:\/\/www.public.sn\/index.php\/2023\/01\/04\/affaire-pape-ale-niang-la-cap-devoile-ce-quambitionne-letat\/\",\"name\":\"Affaire Pape Al\u00e9 Niang : la CAP d\u00e9voile ce qu\u2019ambitionne l'Etat - LE PUBLIC\",\"isPartOf\":{\"@id\":\"https:\/\/www.public.sn\/#website\"},\"primaryImageOfPage\":{\"@id\":\"https:\/\/www.public.sn\/index.php\/2023\/01\/04\/affaire-pape-ale-niang-la-cap-devoile-ce-quambitionne-letat\/#primaryimage\"},\"image\":{\"@id\":\"https:\/\/www.public.sn\/index.php\/2023\/01\/04\/affaire-pape-ale-niang-la-cap-devoile-ce-quambitionne-letat\/#primaryimage\"},\"thumbnailUrl\":\"https:\/\/www.public.sn\/wp-content\/uploads\/2023\/01\/min.jpg\",\"datePublished\":\"2023-01-04T15:27:51+00:00\",\"breadcrumb\":{\"@id\":\"https:\/\/www.public.sn\/index.php\/2023\/01\/04\/affaire-pape-ale-niang-la-cap-devoile-ce-quambitionne-letat\/#breadcrumb\"},\"inLanguage\":\"fr-FR\",\"potentialAction\":[{\"@type\":\"ReadAction\",\"target\":[\"https:\/\/www.public.sn\/index.php\/2023\/01\/04\/affaire-pape-ale-niang-la-cap-devoile-ce-quambitionne-letat\/\"]}]},{\"@type\":\"ImageObject\",\"inLanguage\":\"fr-FR\",\"@id\":\"https:\/\/www.public.sn\/index.php\/2023\/01\/04\/affaire-pape-ale-niang-la-cap-devoile-ce-quambitionne-letat\/#primaryimage\",\"url\":\"https:\/\/www.public.sn\/wp-content\/uploads\/2023\/01\/min.jpg\",\"contentUrl\":\"https:\/\/www.public.sn\/wp-content\/uploads\/2023\/01\/min.jpg\",\"width\":1366,\"height\":768},{\"@type\":\"BreadcrumbList\",\"@id\":\"https:\/\/www.public.sn\/index.php\/2023\/01\/04\/affaire-pape-ale-niang-la-cap-devoile-ce-quambitionne-letat\/#breadcrumb\",\"itemListElement\":[{\"@type\":\"ListItem\",\"position\":1,\"name\":\"Accueil\",\"item\":\"https:\/\/www.public.sn\/\"},{\"@type\":\"ListItem\",\"position\":2,\"name\":\"Affaire Pape Al\u00e9 Niang : la CAP d\u00e9voile ce qu\u2019ambitionne l&rsquo;Etat\"}]},{\"@type\":\"WebSite\",\"@id\":\"https:\/\/www.public.sn\/#website\",\"url\":\"https:\/\/www.public.sn\/\",\"name\":\"LE PUBLIC\",\"description\":\"\",\"publisher\":{\"@id\":\"https:\/\/www.public.sn\/#organization\"},\"potentialAction\":[{\"@type\":\"SearchAction\",\"target\":{\"@type\":\"EntryPoint\",\"urlTemplate\":\"https:\/\/www.public.sn\/?s={search_term_string}\"},\"query-input\":{\"@type\":\"PropertyValueSpecification\",\"valueRequired\":true,\"valueName\":\"search_term_string\"}}],\"inLanguage\":\"fr-FR\"},{\"@type\":\"Organization\",\"@id\":\"https:\/\/www.public.sn\/#organization\",\"name\":\"LE PUBLIC\",\"url\":\"https:\/\/www.public.sn\/\",\"logo\":{\"@type\":\"ImageObject\",\"inLanguage\":\"fr-FR\",\"@id\":\"https:\/\/www.public.sn\/#\/schema\/logo\/image\/\",\"url\":\"https:\/\/www.public.sn\/wp-content\/uploads\/2024\/05\/cropped-LOGO-PUBLIC.SN_.png\",\"contentUrl\":\"https:\/\/www.public.sn\/wp-content\/uploads\/2024\/05\/cropped-LOGO-PUBLIC.SN_.png\",\"width\":682,\"height\":192,\"caption\":\"LE PUBLIC\"},\"image\":{\"@id\":\"https:\/\/www.public.sn\/#\/schema\/logo\/image\/\"}},{\"@type\":\"Person\",\"@id\":\"https:\/\/www.public.sn\/#\/schema\/person\/cb76c8e1b8becc6be61fb5e92d6d0224\",\"name\":\"LA REDACTION\",\"image\":{\"@type\":\"ImageObject\",\"inLanguage\":\"fr-FR\",\"@id\":\"https:\/\/www.public.sn\/#\/schema\/person\/image\/\",\"url\":\"https:\/\/secure.gravatar.com\/avatar\/2dce5ddd34b8fef0180efe03aa2a9bee7d953856048f9a16b298190a3178407c?s=96&d=mm&r=g\",\"contentUrl\":\"https:\/\/secure.gravatar.com\/avatar\/2dce5ddd34b8fef0180efe03aa2a9bee7d953856048f9a16b298190a3178407c?s=96&d=mm&r=g\",\"caption\":\"LA REDACTION\"},\"url\":\"https:\/\/www.public.sn\/index.php\/author\/editeurpsn\/\"}]}<\/script>\n<!-- \/ Yoast SEO plugin. -->","yoast_head_json":{"title":"Affaire Pape Al\u00e9 Niang : la CAP d\u00e9voile ce qu\u2019ambitionne l'Etat - LE PUBLIC","robots":{"index":"index","follow":"follow","max-snippet":"max-snippet:-1","max-image-preview":"max-image-preview:large","max-video-preview":"max-video-preview:-1"},"canonical":"https:\/\/www.public.sn\/index.php\/2023\/01\/04\/affaire-pape-ale-niang-la-cap-devoile-ce-quambitionne-letat\/","og_locale":"fr_FR","og_type":"article","og_title":"Affaire Pape Al\u00e9 Niang : la CAP d\u00e9voile ce qu\u2019ambitionne l'Etat - LE PUBLIC","og_description":"Pape Al\u00e9 Niang est actuellement dans un \u00e9tat de sant\u00e9 tr\u00e8s crique d\u00fb \u00e0 sa gr\u00e8ve de faim et \u00e0 son refus d&rsquo;\u00eatre soign\u00e9 par les m\u00e9decins traitants qui le suivent \u00e0 hospitalis\u00e9 Principal. Un tel fait a fait r\u00e9agir encore la Cap qui; appuy\u00e9e par la Soci\u00e9t\u00e9 Civile a organis\u00e9 un troisi\u00e8me \u00ab\u00a0conseil des m\u00e9dias\u00a0\u00bb. Lequel a pour but d&rsquo;exiger la lib\u00e9ration de Pape Al\u00e9 Niang mais aussi de montrer \u00e0 la communaut\u00e9 internationale que la Presse s\u00e9n\u00e9galaise n&rsquo;a jamais abandonn\u00e9 le patron de Dakar Matin. Les journalistes et membres de la de la Soci\u00e9t\u00e9 civile ont \u00e0 l&rsquo;unanimit\u00e9 d\u00e9plor\u00e9 le traitement dont est victimes Pape Al\u00e9 Niang. Selon les professionnels de l&rsquo;Information et de la Communication, l&rsquo;Etat a pour but de d\u00e9grader gravement l&rsquo;\u00e9tat de sant\u00e9 de leur confr\u00e8res \u00e0 telle enseigne que s&rsquo;il sorte de cette \u00e9preuve, il n&rsquo;aura plus le temps de parler des sujets de l&rsquo;heure mais plut\u00f4t de s&rsquo;occuper de sa sant\u00e9. Par Amina Adama CISSE","og_url":"https:\/\/www.public.sn\/index.php\/2023\/01\/04\/affaire-pape-ale-niang-la-cap-devoile-ce-quambitionne-letat\/","og_site_name":"LE PUBLIC","article_published_time":"2023-01-04T15:27:51+00:00","og_image":[{"width":1366,"height":768,"url":"https:\/\/www.public.sn\/wp-content\/uploads\/2023\/01\/min.jpg","type":"image\/jpeg"}],"author":"LA REDACTION","twitter_card":"summary_large_image","twitter_misc":{"\u00c9crit par":"LA REDACTION","Dur\u00e9e de lecture estim\u00e9e":"1 minute"},"schema":{"@context":"https:\/\/schema.org","@graph":[{"@type":"Article","@id":"https:\/\/www.public.sn\/index.php\/2023\/01\/04\/affaire-pape-ale-niang-la-cap-devoile-ce-quambitionne-letat\/#article","isPartOf":{"@id":"https:\/\/www.public.sn\/index.php\/2023\/01\/04\/affaire-pape-ale-niang-la-cap-devoile-ce-quambitionne-letat\/"},"author":{"name":"LA REDACTION","@id":"https:\/\/www.public.sn\/#\/schema\/person\/cb76c8e1b8becc6be61fb5e92d6d0224"},"headline":"Affaire Pape Al\u00e9 Niang : la CAP d\u00e9voile ce qu\u2019ambitionne l&rsquo;Etat","datePublished":"2023-01-04T15:27:51+00:00","mainEntityOfPage":{"@id":"https:\/\/www.public.sn\/index.php\/2023\/01\/04\/affaire-pape-ale-niang-la-cap-devoile-ce-quambitionne-letat\/"},"wordCount":186,"commentCount":0,"publisher":{"@id":"https:\/\/www.public.sn\/#organization"},"image":{"@id":"https:\/\/www.public.sn\/index.php\/2023\/01\/04\/affaire-pape-ale-niang-la-cap-devoile-ce-quambitionne-letat\/#primaryimage"},"thumbnailUrl":"https:\/\/www.public.sn\/wp-content\/uploads\/2023\/01\/min.jpg","keywords":["cap","greve de la faim","Pape Al\u00e9 Niang"],"articleSection":["ACTUALIT\u00c9S","AFRIQUE &amp; MONDE","justice","M\u00c9DIAS","PEOPLE","PUBLIC TV","S\u00c9N\u00c9GAL","SOCIETE","VEDETTE","VIDEOS"],"inLanguage":"fr-FR","potentialAction":[{"@type":"CommentAction","name":"Comment","target":["https:\/\/www.public.sn\/index.php\/2023\/01\/04\/affaire-pape-ale-niang-la-cap-devoile-ce-quambitionne-letat\/#respond"]}]},{"@type":"WebPage","@id":"https:\/\/www.public.sn\/index.php\/2023\/01\/04\/affaire-pape-ale-niang-la-cap-devoile-ce-quambitionne-letat\/","url":"https:\/\/www.public.sn\/index.php\/2023\/01\/04\/affaire-pape-ale-niang-la-cap-devoile-ce-quambitionne-letat\/","name":"Affaire Pape Al\u00e9 Niang : la CAP d\u00e9voile ce qu\u2019ambitionne l'Etat - LE PUBLIC","isPartOf":{"@id":"https:\/\/www.public.sn\/#website"},"primaryImageOfPage":{"@id":"https:\/\/www.public.sn\/index.php\/2023\/01\/04\/affaire-pape-ale-niang-la-cap-devoile-ce-quambitionne-letat\/#primaryimage"},"image":{"@id":"https:\/\/www.public.sn\/index.php\/2023\/01\/04\/affaire-pape-ale-niang-la-cap-devoile-ce-quambitionne-letat\/#primaryimage"},"thumbnailUrl":"https:\/\/www.public.sn\/wp-content\/uploads\/2023\/01\/min.jpg","datePublished":"2023-01-04T15:27:51+00:00","breadcrumb":{"@id":"https:\/\/www.public.sn\/index.php\/2023\/01\/04\/affaire-pape-ale-niang-la-cap-devoile-ce-quambitionne-letat\/#breadcrumb"},"inLanguage":"fr-FR","potentialAction":[{"@type":"ReadAction","target":["https:\/\/www.public.sn\/index.php\/2023\/01\/04\/affaire-pape-ale-niang-la-cap-devoile-ce-quambitionne-letat\/"]}]},{"@type":"ImageObject","inLanguage":"fr-FR","@id":"https:\/\/www.public.sn\/index.php\/2023\/01\/04\/affaire-pape-ale-niang-la-cap-devoile-ce-quambitionne-letat\/#primaryimage","url":"https:\/\/www.public.sn\/wp-content\/uploads\/2023\/01\/min.jpg","contentUrl":"https:\/\/www.public.sn\/wp-content\/uploads\/2023\/01\/min.jpg","width":1366,"height":768},{"@type":"BreadcrumbList","@id":"https:\/\/www.public.sn\/index.php\/2023\/01\/04\/affaire-pape-ale-niang-la-cap-devoile-ce-quambitionne-letat\/#breadcrumb","itemListElement":[{"@type":"ListItem","position":1,"name":"Accueil","item":"https:\/\/www.public.sn\/"},{"@type":"ListItem","position":2,"name":"Affaire Pape Al\u00e9 Niang : la CAP d\u00e9voile ce qu\u2019ambitionne l&rsquo;Etat"}]},{"@type":"WebSite","@id":"https:\/\/www.public.sn\/#website","url":"https:\/\/www.public.sn\/","name":"LE PUBLIC","description":"","publisher":{"@id":"https:\/\/www.public.sn\/#organization"},"potentialAction":[{"@type":"SearchAction","target":{"@type":"EntryPoint","urlTemplate":"https:\/\/www.public.sn\/?s={search_term_string}"},"query-input":{"@type":"PropertyValueSpecification","valueRequired":true,"valueName":"search_term_string"}}],"inLanguage":"fr-FR"},{"@type":"Organization","@id":"https:\/\/www.public.sn\/#organization","name":"LE PUBLIC","url":"https:\/\/www.public.sn\/","logo":{"@type":"ImageObject","inLanguage":"fr-FR","@id":"https:\/\/www.public.sn\/#\/schema\/logo\/image\/","url":"https:\/\/www.public.sn\/wp-content\/uploads\/2024\/05\/cropped-LOGO-PUBLIC.SN_.png","contentUrl":"https:\/\/www.public.sn\/wp-content\/uploads\/2024\/05\/cropped-LOGO-PUBLIC.SN_.png","width":682,"height":192,"caption":"LE PUBLIC"},"image":{"@id":"https:\/\/www.public.sn\/#\/schema\/logo\/image\/"}},{"@type":"Person","@id":"https:\/\/www.public.sn\/#\/schema\/person\/cb76c8e1b8becc6be61fb5e92d6d0224","name":"LA REDACTION","image":{"@type":"ImageObject","inLanguage":"fr-FR","@id":"https:\/\/www.public.sn\/#\/schema\/person\/image\/","url":"https:\/\/secure.gravatar.com\/avatar\/2dce5ddd34b8fef0180efe03aa2a9bee7d953856048f9a16b298190a3178407c?s=96&d=mm&r=g","contentUrl":"https:\/\/secure.gravatar.com\/avatar\/2dce5ddd34b8fef0180efe03aa2a9bee7d953856048f9a16b298190a3178407c?s=96&d=mm&r=g","caption":"LA REDACTION"},"url":"https:\/\/www.public.sn\/index.php\/author\/editeurpsn\/"}]}},"jetpack_featured_media_url":"https:\/\/www.public.sn\/wp-content\/uploads\/2023\/01\/min.jpg","jetpack_sharing_enabled":true,"_links":{"self":[{"href":"https:\/\/www.public.sn\/index.php\/wp-json\/wp\/v2\/posts\/13256","targetHints":{"allow":["GET"]}}],"collection":[{"href":"https:\/\/www.public.sn\/index.php\/wp-json\/wp\/v2\/posts"}],"about":[{"href":"https:\/\/www.public.sn\/index.php\/wp-json\/wp\/v2\/types\/post"}],"author":[{"embeddable":true,"href":"https:\/\/www.public.sn\/index.php\/wp-json\/wp\/v2\/users\/7"}],"replies":[{"embeddable":true,"href":"https:\/\/www.public.sn\/index.php\/wp-json\/wp\/v2\/comments?post=13256"}],"version-history":[{"count":7,"href":"https:\/\/www.public.sn\/index.php\/wp-json\/wp\/v2\/posts\/13256\/revisions"}],"predecessor-version":[{"id":13270,"href":"https:\/\/www.public.sn\/index.php\/wp-json\/wp\/v2\/posts\/13256\/revisions\/13270"}],"wp:featuredmedia":[{"embeddable":true,"href":"https:\/\/www.public.sn\/index.php\/wp-json\/wp\/v2\/media\/13268"}],"wp:attachment":[{"href":"https:\/\/www.public.sn\/index.php\/wp-json\/wp\/v2\/media?parent=13256"}],"wp:term":[{"taxonomy":"category","embeddable":true,"href":"https:\/\/www.public.sn\/index.php\/wp-json\/wp\/v2\/categories?post=13256"},{"taxonomy":"post_tag","embeddable":true,"href":"https:\/\/www.public.sn\/index.php\/wp-json\/wp\/v2\/tags?post=13256"}],"curies":[{"name":"wp","href":"https:\/\/api.w.org\/{rel}","templated":true}]}}