{"id":13271,"date":"2023-01-04T16:02:24","date_gmt":"2023-01-04T16:02:24","guid":{"rendered":"https:\/\/www.public.sn\/?p=13271"},"modified":"2023-01-04T16:02:24","modified_gmt":"2023-01-04T16:02:24","slug":"derniere-minute-pape-ale-niang-a-pris-une-decision-de-taille","status":"publish","type":"post","link":"https:\/\/www.public.sn\/index.php\/2023\/01\/04\/derniere-minute-pape-ale-niang-a-pris-une-decision-de-taille\/","title":{"rendered":"Derni\u00e8re minute : Pape Al\u00e9 Niang a pris une d\u00e9cision de taille"},"content":{"rendered":"<p><strong>La libert\u00e9 provisoire demand\u00e9e par les avocats de Pape Al\u00e9 Niang peut-\u00eatre obtenue sous peu. En tout c&rsquo;est ce qu&rsquo;on esp\u00e8re puisque le journaliste compte faire un acte de taille. Dans une note rendue publique, il promet de ne plus \u00e9voquer son dossier judiciaire ni \u00e0 formuler des messages contre les forces de d\u00e9fense et de s\u00e9curit\u00e9 s\u2019il obtient une libert\u00e9 provisoire.<\/strong><\/p><div class=\"publi-paragraphe1\" style=\"margin-top: 10px;margin-bottom: 10px;margin-left: auto;margin-right: auto;text-align: center;\" id=\"publi-3544598225\"><div class=\"publi-adlabel\">Publicit\u00e9<\/div><script async src=\"\/\/pagead2.googlesyndication.com\/pagead\/js\/adsbygoogle.js?client=ca-pub-4089586018074219\" crossorigin=\"anonymous\"><\/script><ins class=\"adsbygoogle\" style=\"display:block;\" data-ad-client=\"ca-pub-4089586018074219\" \ndata-ad-slot=\"2087940154\" \ndata-ad-format=\"auto\"><\/ins>\n<script> \n(adsbygoogle = window.adsbygoogle || []).push({}); \n<\/script>\n<\/div>\n<p>Le journaliste dit c\u00e9der \u00e0 une injonction de sa famille : \u00ab Suite \u00e0 la demande de ma famille, de mes parents, de mes avocats, je m\u2019engage \u00e0 ne plus parler du dossier judiciaire me concernant et son environnement. Mais \u00e9galement des forces de d\u00e9fense et de s\u00e9curit\u00e9 et des autorit\u00e9s qui les incarnent jusqu\u2019au r\u00e8glement d\u00e9finitif du dossier \u00bb.<\/p>\n<p>In extenso, l\u2019int\u00e9gralit\u00e9 de don message.<\/p>\n<p>&nbsp;<\/p>\n<blockquote><p>\u201cFace \u00e0 la tournure de mon dossier judiciaire avec ma nouvelle arrestation, j\u2019avais sollicit\u00e9 mes avocats sur la meilleure mani\u00e8re de clore ce dossier.<\/p>\n<p>Ils m\u2019ont sugg\u00e9r\u00e9 de faire un engagement \u00e9crit pour ne plus parler du dossier conform\u00e9ment aux exigences du contr\u00f4le judiciaire.<\/p>\n<p>J\u2019estime par ailleurs que je n\u2019ai jamais viol\u00e9 ce contr\u00f4le judiciaire.<\/p>\n<p>Ma famille, des parents et des amis m\u2019ont mis \u00e9galement la pression pour sauver ma sant\u00e9 tr\u00e8s fragile.<\/p>\n<p>C\u2019est sur mon lit d\u2019h\u00f4pital que j\u2019ai r\u00e9dig\u00e9 de bonne foi cet engagement en ces termes : \u00ab Suite \u00e0 la demande de ma famille, de mes parents, de mes avocats, je m\u2019engage \u00e0 ne plus parler du dossier judiciaire me concernant et son environnement. Mais \u00e9galement des forces de d\u00e9fense et de s\u00e9curit\u00e9 et des autorit\u00e9s qui les incarnent jusqu\u2019au r\u00e8glement d\u00e9finitif du dossier \u00bb.<\/p>\n<p>Cet engagement, le ministre de la Justice est au courant de m\u00eame que le Procureur de la R\u00e9publique. Car c\u2019est sur cette base qu\u2019une nouvelle demande de libert\u00e9 provisoire a \u00e9t\u00e9 introduite.<\/p>\n<p>Je prends acte de la d\u00e9cision du Procureur et invite l\u2019opinion \u00e0 trancher qui a \u00e9t\u00e9 v\u00e9ritablement un \u00ab homme d\u2019honneur \u00bb.<\/p>\n<p>Ils sont d\u00e9termin\u00e9s \u00e0 me liquider. Je suis autant d\u00e9termin\u00e9 \u00e0 mourir dignement.<\/p>\n<p>Merci aux nombreux s\u00e9n\u00e9galais \u00e9pris de justice qui me manifestent leur soutien dans cette douloureuse \u00e9preuve.<\/p>\n<p>Que Dieu veille sur ma famille.\u201d<\/p><\/blockquote>\n<p>Pape Al\u00e9 Niang depuis son lit d\u2019h\u00f4pital.<\/p>\n<div class=\"publi-apres-le-contenu\" style=\"margin-top: 10px;margin-bottom: 10px;margin-left: auto;margin-right: auto;text-align: center;\" id=\"publi-1828789768\"><div class=\"publi-adlabel\">Publicit\u00e9<\/div><script async src=\"\/\/pagead2.googlesyndication.com\/pagead\/js\/adsbygoogle.js?client=ca-pub-4089586018074219\" crossorigin=\"anonymous\"><\/script><ins class=\"adsbygoogle\" style=\"display:block;\" data-ad-client=\"ca-pub-4089586018074219\" \ndata-ad-slot=\"2087940154\" \ndata-ad-format=\"auto\"><\/ins>\n<script> \n(adsbygoogle = window.adsbygoogle || []).push({}); \n<\/script>\n<\/div>","protected":false},"excerpt":{"rendered":"<p>La libert\u00e9 provisoire demand\u00e9e par les avocats de Pape Al\u00e9 Niang peut-\u00eatre obtenue sous peu. En tout c&rsquo;est ce qu&rsquo;on esp\u00e8re puisque le journaliste compte faire un acte de taille. Dans une note rendue publique, il promet de ne plus \u00e9voquer son dossier judiciaire ni \u00e0 formuler des messages contre les forces de d\u00e9fense et de s\u00e9curit\u00e9 s\u2019il obtient une libert\u00e9 provisoire. Le journaliste dit c\u00e9der \u00e0 une injonction de sa famille : \u00ab Suite \u00e0 la demande de ma famille, de mes parents, de mes avocats, je m\u2019engage \u00e0 ne plus parler du dossier judiciaire me concernant et son environnement. Mais \u00e9galement des forces de d\u00e9fense et de s\u00e9curit\u00e9 et des autorit\u00e9s qui les incarnent jusqu\u2019au r\u00e8glement d\u00e9finitif du dossier \u00bb. In extenso, l\u2019int\u00e9gralit\u00e9 de don message. &nbsp; \u201cFace \u00e0 la tournure de mon dossier judiciaire avec ma nouvelle arrestation, j\u2019avais sollicit\u00e9 mes avocats sur la meilleure mani\u00e8re de clore ce dossier. Ils m\u2019ont sugg\u00e9r\u00e9 de faire un engagement \u00e9crit pour ne plus parler du dossier conform\u00e9ment aux exigences du contr\u00f4le judiciaire. J\u2019estime par ailleurs que je n\u2019ai jamais viol\u00e9 ce contr\u00f4le judiciaire. Ma famille, des parents et des amis m\u2019ont mis \u00e9galement la pression pour sauver ma sant\u00e9 tr\u00e8s fragile. C\u2019est sur mon lit d\u2019h\u00f4pital que j\u2019ai r\u00e9dig\u00e9 de bonne foi cet engagement en ces termes : \u00ab Suite \u00e0 la demande de ma famille, de mes parents, de mes avocats, je m\u2019engage \u00e0 ne plus parler du dossier judiciaire me concernant et son environnement. Mais \u00e9galement des forces de d\u00e9fense et de s\u00e9curit\u00e9 et des autorit\u00e9s qui les incarnent jusqu\u2019au r\u00e8glement d\u00e9finitif du dossier \u00bb. Cet engagement, le ministre de la Justice est au courant de m\u00eame que le Procureur de la R\u00e9publique. Car c\u2019est sur cette base qu\u2019une nouvelle demande de libert\u00e9 provisoire a \u00e9t\u00e9 introduite. Je prends acte de la d\u00e9cision du Procureur et invite l\u2019opinion \u00e0 trancher qui a \u00e9t\u00e9 v\u00e9ritablement un \u00ab homme d\u2019honneur \u00bb. Ils sont d\u00e9termin\u00e9s \u00e0 me liquider. Je suis autant d\u00e9termin\u00e9 \u00e0 mourir dignement. Merci aux nombreux s\u00e9n\u00e9galais \u00e9pris de justice qui me manifestent leur soutien dans cette douloureuse \u00e9preuve. Que Dieu veille sur ma famille.\u201d Pape Al\u00e9 Niang depuis son lit d\u2019h\u00f4pital.<\/p>\n","protected":false},"author":1,"featured_media":8957,"comment_status":"open","ping_status":"open","sticky":false,"template":"","format":"standard","meta":{"_jetpack_memberships_contains_paid_content":false,"footnotes":""},"categories":[375,961,376,1,372],"tags":[1281,422,2489],"class_list":["post-13271","post","type-post","status-publish","format-standard","has-post-thumbnail","hentry","category-actualites","category-medias","category-securite-justice","category-non-classe","category-vedette","tag-cap","tag-liberte","tag-pape-ale-niang","entry","has-media","owp-thumbs-layout-horizontal","owp-btn-normal","owp-tabs-layout-horizontal","has-no-thumbnails","has-product-nav"],"yoast_head":"<!-- This site is optimized with the Yoast SEO plugin v25.5 - https:\/\/yoast.com\/wordpress\/plugins\/seo\/ -->\n<title>Derni\u00e8re minute : Pape Al\u00e9 Niang a pris une d\u00e9cision de taille - LE PUBLIC<\/title>\n<meta name=\"robots\" content=\"index, follow, max-snippet:-1, max-image-preview:large, max-video-preview:-1\" \/>\n<link rel=\"canonical\" href=\"https:\/\/www.public.sn\/index.php\/2023\/01\/04\/derniere-minute-pape-ale-niang-a-pris-une-decision-de-taille\/\" \/>\n<meta property=\"og:locale\" content=\"fr_FR\" \/>\n<meta property=\"og:type\" content=\"article\" \/>\n<meta property=\"og:title\" content=\"Derni\u00e8re minute : Pape Al\u00e9 Niang a pris une d\u00e9cision de taille - LE PUBLIC\" \/>\n<meta property=\"og:description\" content=\"La libert\u00e9 provisoire demand\u00e9e par les avocats de Pape Al\u00e9 Niang peut-\u00eatre obtenue sous peu. En tout c&rsquo;est ce qu&rsquo;on esp\u00e8re puisque le journaliste compte faire un acte de taille. Dans une note rendue publique, il promet de ne plus \u00e9voquer son dossier judiciaire ni \u00e0 formuler des messages contre les forces de d\u00e9fense et de s\u00e9curit\u00e9 s\u2019il obtient une libert\u00e9 provisoire. Le journaliste dit c\u00e9der \u00e0 une injonction de sa famille : \u00ab Suite \u00e0 la demande de ma famille, de mes parents, de mes avocats, je m\u2019engage \u00e0 ne plus parler du dossier judiciaire me concernant et son environnement. Mais \u00e9galement des forces de d\u00e9fense et de s\u00e9curit\u00e9 et des autorit\u00e9s qui les incarnent jusqu\u2019au r\u00e8glement d\u00e9finitif du dossier \u00bb. In extenso, l\u2019int\u00e9gralit\u00e9 de don message. &nbsp; \u201cFace \u00e0 la tournure de mon dossier judiciaire avec ma nouvelle arrestation, j\u2019avais sollicit\u00e9 mes avocats sur la meilleure mani\u00e8re de clore ce dossier. Ils m\u2019ont sugg\u00e9r\u00e9 de faire un engagement \u00e9crit pour ne plus parler du dossier conform\u00e9ment aux exigences du contr\u00f4le judiciaire. J\u2019estime par ailleurs que je n\u2019ai jamais viol\u00e9 ce contr\u00f4le judiciaire. Ma famille, des parents et des amis m\u2019ont mis \u00e9galement la pression pour sauver ma sant\u00e9 tr\u00e8s fragile. C\u2019est sur mon lit d\u2019h\u00f4pital que j\u2019ai r\u00e9dig\u00e9 de bonne foi cet engagement en ces termes : \u00ab Suite \u00e0 la demande de ma famille, de mes parents, de mes avocats, je m\u2019engage \u00e0 ne plus parler du dossier judiciaire me concernant et son environnement. Mais \u00e9galement des forces de d\u00e9fense et de s\u00e9curit\u00e9 et des autorit\u00e9s qui les incarnent jusqu\u2019au r\u00e8glement d\u00e9finitif du dossier \u00bb. Cet engagement, le ministre de la Justice est au courant de m\u00eame que le Procureur de la R\u00e9publique. Car c\u2019est sur cette base qu\u2019une nouvelle demande de libert\u00e9 provisoire a \u00e9t\u00e9 introduite. Je prends acte de la d\u00e9cision du Procureur et invite l\u2019opinion \u00e0 trancher qui a \u00e9t\u00e9 v\u00e9ritablement un \u00ab homme d\u2019honneur \u00bb. Ils sont d\u00e9termin\u00e9s \u00e0 me liquider. Je suis autant d\u00e9termin\u00e9 \u00e0 mourir dignement. Merci aux nombreux s\u00e9n\u00e9galais \u00e9pris de justice qui me manifestent leur soutien dans cette douloureuse \u00e9preuve. Que Dieu veille sur ma famille.\u201d Pape Al\u00e9 Niang depuis son lit d\u2019h\u00f4pital.\" \/>\n<meta property=\"og:url\" content=\"https:\/\/www.public.sn\/index.php\/2023\/01\/04\/derniere-minute-pape-ale-niang-a-pris-une-decision-de-taille\/\" \/>\n<meta property=\"og:site_name\" content=\"LE PUBLIC\" \/>\n<meta property=\"article:published_time\" content=\"2023-01-04T16:02:24+00:00\" \/>\n<meta property=\"og:image\" content=\"https:\/\/www.public.sn\/wp-content\/uploads\/2022\/11\/Pape-ale.png\" \/>\n\t<meta property=\"og:image:width\" content=\"1080\" \/>\n\t<meta property=\"og:image:height\" content=\"900\" \/>\n\t<meta property=\"og:image:type\" content=\"image\/png\" \/>\n<meta name=\"author\" content=\"LA REDACTION\" \/>\n<meta name=\"twitter:card\" content=\"summary_large_image\" \/>\n<meta name=\"twitter:label1\" content=\"\u00c9crit par\" \/>\n\t<meta name=\"twitter:data1\" content=\"LA REDACTION\" \/>\n\t<meta name=\"twitter:label2\" content=\"Dur\u00e9e de lecture estim\u00e9e\" \/>\n\t<meta name=\"twitter:data2\" content=\"2 minutes\" \/>\n<script type=\"application\/ld+json\" class=\"yoast-schema-graph\">{\"@context\":\"https:\/\/schema.org\",\"@graph\":[{\"@type\":\"Article\",\"@id\":\"https:\/\/www.public.sn\/index.php\/2023\/01\/04\/derniere-minute-pape-ale-niang-a-pris-une-decision-de-taille\/#article\",\"isPartOf\":{\"@id\":\"https:\/\/www.public.sn\/index.php\/2023\/01\/04\/derniere-minute-pape-ale-niang-a-pris-une-decision-de-taille\/\"},\"author\":{\"name\":\"LA REDACTION\",\"@id\":\"https:\/\/www.public.sn\/#\/schema\/person\/e3f4a11b037d4203902db148f9bc8d5a\"},\"headline\":\"Derni\u00e8re minute : Pape Al\u00e9 Niang a pris une d\u00e9cision de taille\",\"datePublished\":\"2023-01-04T16:02:24+00:00\",\"mainEntityOfPage\":{\"@id\":\"https:\/\/www.public.sn\/index.php\/2023\/01\/04\/derniere-minute-pape-ale-niang-a-pris-une-decision-de-taille\/\"},\"wordCount\":413,\"commentCount\":0,\"publisher\":{\"@id\":\"https:\/\/www.public.sn\/#organization\"},\"image\":{\"@id\":\"https:\/\/www.public.sn\/index.php\/2023\/01\/04\/derniere-minute-pape-ale-niang-a-pris-une-decision-de-taille\/#primaryimage\"},\"thumbnailUrl\":\"https:\/\/www.public.sn\/wp-content\/uploads\/2022\/11\/Pape-ale.png\",\"keywords\":[\"cap\",\"Libert\u00e9\",\"Pape Al\u00e9 Niang\"],\"articleSection\":[\"ACTUALIT\u00c9S\",\"M\u00c9DIAS\",\"S\u00c9CURIT\u00c9 &amp; JUSTICE\",\"S\u00c9N\u00c9GAL\",\"VEDETTE\"],\"inLanguage\":\"fr-FR\",\"potentialAction\":[{\"@type\":\"CommentAction\",\"name\":\"Comment\",\"target\":[\"https:\/\/www.public.sn\/index.php\/2023\/01\/04\/derniere-minute-pape-ale-niang-a-pris-une-decision-de-taille\/#respond\"]}]},{\"@type\":\"WebPage\",\"@id\":\"https:\/\/www.public.sn\/index.php\/2023\/01\/04\/derniere-minute-pape-ale-niang-a-pris-une-decision-de-taille\/\",\"url\":\"https:\/\/www.public.sn\/index.php\/2023\/01\/04\/derniere-minute-pape-ale-niang-a-pris-une-decision-de-taille\/\",\"name\":\"Derni\u00e8re minute : Pape Al\u00e9 Niang a pris une d\u00e9cision de taille - LE PUBLIC\",\"isPartOf\":{\"@id\":\"https:\/\/www.public.sn\/#website\"},\"primaryImageOfPage\":{\"@id\":\"https:\/\/www.public.sn\/index.php\/2023\/01\/04\/derniere-minute-pape-ale-niang-a-pris-une-decision-de-taille\/#primaryimage\"},\"image\":{\"@id\":\"https:\/\/www.public.sn\/index.php\/2023\/01\/04\/derniere-minute-pape-ale-niang-a-pris-une-decision-de-taille\/#primaryimage\"},\"thumbnailUrl\":\"https:\/\/www.public.sn\/wp-content\/uploads\/2022\/11\/Pape-ale.png\",\"datePublished\":\"2023-01-04T16:02:24+00:00\",\"breadcrumb\":{\"@id\":\"https:\/\/www.public.sn\/index.php\/2023\/01\/04\/derniere-minute-pape-ale-niang-a-pris-une-decision-de-taille\/#breadcrumb\"},\"inLanguage\":\"fr-FR\",\"potentialAction\":[{\"@type\":\"ReadAction\",\"target\":[\"https:\/\/www.public.sn\/index.php\/2023\/01\/04\/derniere-minute-pape-ale-niang-a-pris-une-decision-de-taille\/\"]}]},{\"@type\":\"ImageObject\",\"inLanguage\":\"fr-FR\",\"@id\":\"https:\/\/www.public.sn\/index.php\/2023\/01\/04\/derniere-minute-pape-ale-niang-a-pris-une-decision-de-taille\/#primaryimage\",\"url\":\"https:\/\/www.public.sn\/wp-content\/uploads\/2022\/11\/Pape-ale.png\",\"contentUrl\":\"https:\/\/www.public.sn\/wp-content\/uploads\/2022\/11\/Pape-ale.png\",\"width\":1080,\"height\":900,\"caption\":\"Publicsn\"},{\"@type\":\"BreadcrumbList\",\"@id\":\"https:\/\/www.public.sn\/index.php\/2023\/01\/04\/derniere-minute-pape-ale-niang-a-pris-une-decision-de-taille\/#breadcrumb\",\"itemListElement\":[{\"@type\":\"ListItem\",\"position\":1,\"name\":\"Accueil\",\"item\":\"https:\/\/www.public.sn\/\"},{\"@type\":\"ListItem\",\"position\":2,\"name\":\"Derni\u00e8re minute : Pape Al\u00e9 Niang a pris une d\u00e9cision de taille\"}]},{\"@type\":\"WebSite\",\"@id\":\"https:\/\/www.public.sn\/#website\",\"url\":\"https:\/\/www.public.sn\/\",\"name\":\"LE PUBLIC\",\"description\":\"\",\"publisher\":{\"@id\":\"https:\/\/www.public.sn\/#organization\"},\"potentialAction\":[{\"@type\":\"SearchAction\",\"target\":{\"@type\":\"EntryPoint\",\"urlTemplate\":\"https:\/\/www.public.sn\/?s={search_term_string}\"},\"query-input\":{\"@type\":\"PropertyValueSpecification\",\"valueRequired\":true,\"valueName\":\"search_term_string\"}}],\"inLanguage\":\"fr-FR\"},{\"@type\":\"Organization\",\"@id\":\"https:\/\/www.public.sn\/#organization\",\"name\":\"LE PUBLIC\",\"url\":\"https:\/\/www.public.sn\/\",\"logo\":{\"@type\":\"ImageObject\",\"inLanguage\":\"fr-FR\",\"@id\":\"https:\/\/www.public.sn\/#\/schema\/logo\/image\/\",\"url\":\"https:\/\/www.public.sn\/wp-content\/uploads\/2024\/05\/cropped-LOGO-PUBLIC.SN_.png\",\"contentUrl\":\"https:\/\/www.public.sn\/wp-content\/uploads\/2024\/05\/cropped-LOGO-PUBLIC.SN_.png\",\"width\":682,\"height\":192,\"caption\":\"LE PUBLIC\"},\"image\":{\"@id\":\"https:\/\/www.public.sn\/#\/schema\/logo\/image\/\"}},{\"@type\":\"Person\",\"@id\":\"https:\/\/www.public.sn\/#\/schema\/person\/e3f4a11b037d4203902db148f9bc8d5a\",\"name\":\"LA REDACTION\",\"image\":{\"@type\":\"ImageObject\",\"inLanguage\":\"fr-FR\",\"@id\":\"https:\/\/www.public.sn\/#\/schema\/person\/image\/\",\"url\":\"https:\/\/secure.gravatar.com\/avatar\/d6c030db45db2883c075085c5d6c6258654a801a93766b49af0b82d4f454e2a5?s=96&d=mm&r=g\",\"contentUrl\":\"https:\/\/secure.gravatar.com\/avatar\/d6c030db45db2883c075085c5d6c6258654a801a93766b49af0b82d4f454e2a5?s=96&d=mm&r=g\",\"caption\":\"LA REDACTION\"},\"sameAs\":[\"http:\/\/www.public.sn\"],\"url\":\"https:\/\/www.public.sn\/index.php\/author\/admin7324\/\"}]}<\/script>\n<!-- \/ Yoast SEO plugin. -->","yoast_head_json":{"title":"Derni\u00e8re minute : Pape Al\u00e9 Niang a pris une d\u00e9cision de taille - LE PUBLIC","robots":{"index":"index","follow":"follow","max-snippet":"max-snippet:-1","max-image-preview":"max-image-preview:large","max-video-preview":"max-video-preview:-1"},"canonical":"https:\/\/www.public.sn\/index.php\/2023\/01\/04\/derniere-minute-pape-ale-niang-a-pris-une-decision-de-taille\/","og_locale":"fr_FR","og_type":"article","og_title":"Derni\u00e8re minute : Pape Al\u00e9 Niang a pris une d\u00e9cision de taille - LE PUBLIC","og_description":"La libert\u00e9 provisoire demand\u00e9e par les avocats de Pape Al\u00e9 Niang peut-\u00eatre obtenue sous peu. En tout c&rsquo;est ce qu&rsquo;on esp\u00e8re puisque le journaliste compte faire un acte de taille. Dans une note rendue publique, il promet de ne plus \u00e9voquer son dossier judiciaire ni \u00e0 formuler des messages contre les forces de d\u00e9fense et de s\u00e9curit\u00e9 s\u2019il obtient une libert\u00e9 provisoire. Le journaliste dit c\u00e9der \u00e0 une injonction de sa famille : \u00ab Suite \u00e0 la demande de ma famille, de mes parents, de mes avocats, je m\u2019engage \u00e0 ne plus parler du dossier judiciaire me concernant et son environnement. Mais \u00e9galement des forces de d\u00e9fense et de s\u00e9curit\u00e9 et des autorit\u00e9s qui les incarnent jusqu\u2019au r\u00e8glement d\u00e9finitif du dossier \u00bb. In extenso, l\u2019int\u00e9gralit\u00e9 de don message. &nbsp; \u201cFace \u00e0 la tournure de mon dossier judiciaire avec ma nouvelle arrestation, j\u2019avais sollicit\u00e9 mes avocats sur la meilleure mani\u00e8re de clore ce dossier. Ils m\u2019ont sugg\u00e9r\u00e9 de faire un engagement \u00e9crit pour ne plus parler du dossier conform\u00e9ment aux exigences du contr\u00f4le judiciaire. J\u2019estime par ailleurs que je n\u2019ai jamais viol\u00e9 ce contr\u00f4le judiciaire. Ma famille, des parents et des amis m\u2019ont mis \u00e9galement la pression pour sauver ma sant\u00e9 tr\u00e8s fragile. C\u2019est sur mon lit d\u2019h\u00f4pital que j\u2019ai r\u00e9dig\u00e9 de bonne foi cet engagement en ces termes : \u00ab Suite \u00e0 la demande de ma famille, de mes parents, de mes avocats, je m\u2019engage \u00e0 ne plus parler du dossier judiciaire me concernant et son environnement. Mais \u00e9galement des forces de d\u00e9fense et de s\u00e9curit\u00e9 et des autorit\u00e9s qui les incarnent jusqu\u2019au r\u00e8glement d\u00e9finitif du dossier \u00bb. Cet engagement, le ministre de la Justice est au courant de m\u00eame que le Procureur de la R\u00e9publique. Car c\u2019est sur cette base qu\u2019une nouvelle demande de libert\u00e9 provisoire a \u00e9t\u00e9 introduite. Je prends acte de la d\u00e9cision du Procureur et invite l\u2019opinion \u00e0 trancher qui a \u00e9t\u00e9 v\u00e9ritablement un \u00ab homme d\u2019honneur \u00bb. Ils sont d\u00e9termin\u00e9s \u00e0 me liquider. Je suis autant d\u00e9termin\u00e9 \u00e0 mourir dignement. Merci aux nombreux s\u00e9n\u00e9galais \u00e9pris de justice qui me manifestent leur soutien dans cette douloureuse \u00e9preuve. Que Dieu veille sur ma famille.\u201d Pape Al\u00e9 Niang depuis son lit d\u2019h\u00f4pital.","og_url":"https:\/\/www.public.sn\/index.php\/2023\/01\/04\/derniere-minute-pape-ale-niang-a-pris-une-decision-de-taille\/","og_site_name":"LE PUBLIC","article_published_time":"2023-01-04T16:02:24+00:00","og_image":[{"width":1080,"height":900,"url":"https:\/\/www.public.sn\/wp-content\/uploads\/2022\/11\/Pape-ale.png","type":"image\/png"}],"author":"LA REDACTION","twitter_card":"summary_large_image","twitter_misc":{"\u00c9crit par":"LA REDACTION","Dur\u00e9e de lecture estim\u00e9e":"2 minutes"},"schema":{"@context":"https:\/\/schema.org","@graph":[{"@type":"Article","@id":"https:\/\/www.public.sn\/index.php\/2023\/01\/04\/derniere-minute-pape-ale-niang-a-pris-une-decision-de-taille\/#article","isPartOf":{"@id":"https:\/\/www.public.sn\/index.php\/2023\/01\/04\/derniere-minute-pape-ale-niang-a-pris-une-decision-de-taille\/"},"author":{"name":"LA REDACTION","@id":"https:\/\/www.public.sn\/#\/schema\/person\/e3f4a11b037d4203902db148f9bc8d5a"},"headline":"Derni\u00e8re minute : Pape Al\u00e9 Niang a pris une d\u00e9cision de taille","datePublished":"2023-01-04T16:02:24+00:00","mainEntityOfPage":{"@id":"https:\/\/www.public.sn\/index.php\/2023\/01\/04\/derniere-minute-pape-ale-niang-a-pris-une-decision-de-taille\/"},"wordCount":413,"commentCount":0,"publisher":{"@id":"https:\/\/www.public.sn\/#organization"},"image":{"@id":"https:\/\/www.public.sn\/index.php\/2023\/01\/04\/derniere-minute-pape-ale-niang-a-pris-une-decision-de-taille\/#primaryimage"},"thumbnailUrl":"https:\/\/www.public.sn\/wp-content\/uploads\/2022\/11\/Pape-ale.png","keywords":["cap","Libert\u00e9","Pape Al\u00e9 Niang"],"articleSection":["ACTUALIT\u00c9S","M\u00c9DIAS","S\u00c9CURIT\u00c9 &amp; JUSTICE","S\u00c9N\u00c9GAL","VEDETTE"],"inLanguage":"fr-FR","potentialAction":[{"@type":"CommentAction","name":"Comment","target":["https:\/\/www.public.sn\/index.php\/2023\/01\/04\/derniere-minute-pape-ale-niang-a-pris-une-decision-de-taille\/#respond"]}]},{"@type":"WebPage","@id":"https:\/\/www.public.sn\/index.php\/2023\/01\/04\/derniere-minute-pape-ale-niang-a-pris-une-decision-de-taille\/","url":"https:\/\/www.public.sn\/index.php\/2023\/01\/04\/derniere-minute-pape-ale-niang-a-pris-une-decision-de-taille\/","name":"Derni\u00e8re minute : Pape Al\u00e9 Niang a pris une d\u00e9cision de taille - LE PUBLIC","isPartOf":{"@id":"https:\/\/www.public.sn\/#website"},"primaryImageOfPage":{"@id":"https:\/\/www.public.sn\/index.php\/2023\/01\/04\/derniere-minute-pape-ale-niang-a-pris-une-decision-de-taille\/#primaryimage"},"image":{"@id":"https:\/\/www.public.sn\/index.php\/2023\/01\/04\/derniere-minute-pape-ale-niang-a-pris-une-decision-de-taille\/#primaryimage"},"thumbnailUrl":"https:\/\/www.public.sn\/wp-content\/uploads\/2022\/11\/Pape-ale.png","datePublished":"2023-01-04T16:02:24+00:00","breadcrumb":{"@id":"https:\/\/www.public.sn\/index.php\/2023\/01\/04\/derniere-minute-pape-ale-niang-a-pris-une-decision-de-taille\/#breadcrumb"},"inLanguage":"fr-FR","potentialAction":[{"@type":"ReadAction","target":["https:\/\/www.public.sn\/index.php\/2023\/01\/04\/derniere-minute-pape-ale-niang-a-pris-une-decision-de-taille\/"]}]},{"@type":"ImageObject","inLanguage":"fr-FR","@id":"https:\/\/www.public.sn\/index.php\/2023\/01\/04\/derniere-minute-pape-ale-niang-a-pris-une-decision-de-taille\/#primaryimage","url":"https:\/\/www.public.sn\/wp-content\/uploads\/2022\/11\/Pape-ale.png","contentUrl":"https:\/\/www.public.sn\/wp-content\/uploads\/2022\/11\/Pape-ale.png","width":1080,"height":900,"caption":"Publicsn"},{"@type":"BreadcrumbList","@id":"https:\/\/www.public.sn\/index.php\/2023\/01\/04\/derniere-minute-pape-ale-niang-a-pris-une-decision-de-taille\/#breadcrumb","itemListElement":[{"@type":"ListItem","position":1,"name":"Accueil","item":"https:\/\/www.public.sn\/"},{"@type":"ListItem","position":2,"name":"Derni\u00e8re minute : Pape Al\u00e9 Niang a pris une d\u00e9cision de taille"}]},{"@type":"WebSite","@id":"https:\/\/www.public.sn\/#website","url":"https:\/\/www.public.sn\/","name":"LE PUBLIC","description":"","publisher":{"@id":"https:\/\/www.public.sn\/#organization"},"potentialAction":[{"@type":"SearchAction","target":{"@type":"EntryPoint","urlTemplate":"https:\/\/www.public.sn\/?s={search_term_string}"},"query-input":{"@type":"PropertyValueSpecification","valueRequired":true,"valueName":"search_term_string"}}],"inLanguage":"fr-FR"},{"@type":"Organization","@id":"https:\/\/www.public.sn\/#organization","name":"LE PUBLIC","url":"https:\/\/www.public.sn\/","logo":{"@type":"ImageObject","inLanguage":"fr-FR","@id":"https:\/\/www.public.sn\/#\/schema\/logo\/image\/","url":"https:\/\/www.public.sn\/wp-content\/uploads\/2024\/05\/cropped-LOGO-PUBLIC.SN_.png","contentUrl":"https:\/\/www.public.sn\/wp-content\/uploads\/2024\/05\/cropped-LOGO-PUBLIC.SN_.png","width":682,"height":192,"caption":"LE PUBLIC"},"image":{"@id":"https:\/\/www.public.sn\/#\/schema\/logo\/image\/"}},{"@type":"Person","@id":"https:\/\/www.public.sn\/#\/schema\/person\/e3f4a11b037d4203902db148f9bc8d5a","name":"LA REDACTION","image":{"@type":"ImageObject","inLanguage":"fr-FR","@id":"https:\/\/www.public.sn\/#\/schema\/person\/image\/","url":"https:\/\/secure.gravatar.com\/avatar\/d6c030db45db2883c075085c5d6c6258654a801a93766b49af0b82d4f454e2a5?s=96&d=mm&r=g","contentUrl":"https:\/\/secure.gravatar.com\/avatar\/d6c030db45db2883c075085c5d6c6258654a801a93766b49af0b82d4f454e2a5?s=96&d=mm&r=g","caption":"LA REDACTION"},"sameAs":["http:\/\/www.public.sn"],"url":"https:\/\/www.public.sn\/index.php\/author\/admin7324\/"}]}},"jetpack_featured_media_url":"https:\/\/www.public.sn\/wp-content\/uploads\/2022\/11\/Pape-ale.png","jetpack_sharing_enabled":true,"_links":{"self":[{"href":"https:\/\/www.public.sn\/index.php\/wp-json\/wp\/v2\/posts\/13271","targetHints":{"allow":["GET"]}}],"collection":[{"href":"https:\/\/www.public.sn\/index.php\/wp-json\/wp\/v2\/posts"}],"about":[{"href":"https:\/\/www.public.sn\/index.php\/wp-json\/wp\/v2\/types\/post"}],"author":[{"embeddable":true,"href":"https:\/\/www.public.sn\/index.php\/wp-json\/wp\/v2\/users\/1"}],"replies":[{"embeddable":true,"href":"https:\/\/www.public.sn\/index.php\/wp-json\/wp\/v2\/comments?post=13271"}],"version-history":[{"count":1,"href":"https:\/\/www.public.sn\/index.php\/wp-json\/wp\/v2\/posts\/13271\/revisions"}],"predecessor-version":[{"id":13272,"href":"https:\/\/www.public.sn\/index.php\/wp-json\/wp\/v2\/posts\/13271\/revisions\/13272"}],"wp:featuredmedia":[{"embeddable":true,"href":"https:\/\/www.public.sn\/index.php\/wp-json\/wp\/v2\/media\/8957"}],"wp:attachment":[{"href":"https:\/\/www.public.sn\/index.php\/wp-json\/wp\/v2\/media?parent=13271"}],"wp:term":[{"taxonomy":"category","embeddable":true,"href":"https:\/\/www.public.sn\/index.php\/wp-json\/wp\/v2\/categories?post=13271"},{"taxonomy":"post_tag","embeddable":true,"href":"https:\/\/www.public.sn\/index.php\/wp-json\/wp\/v2\/tags?post=13271"}],"curies":[{"name":"wp","href":"https:\/\/api.w.org\/{rel}","templated":true}]}}