{"id":13273,"date":"2023-01-04T21:15:43","date_gmt":"2023-01-04T21:15:43","guid":{"rendered":"https:\/\/www.public.sn\/?p=13273"},"modified":"2023-01-04T21:17:45","modified_gmt":"2023-01-04T21:17:45","slug":"accule-par-adf-bougane-vide-son-sac-et-donne-sa-strategie-pour-sortir-le-senegal-de-lorniere-public-tv","status":"publish","type":"post","link":"https:\/\/www.public.sn\/index.php\/2023\/01\/04\/accule-par-adf-bougane-vide-son-sac-et-donne-sa-strategie-pour-sortir-le-senegal-de-lorniere-public-tv\/","title":{"rendered":"Accul\u00e9 par ADF, Bougane vide son sac et donne sa strat\u00e9gie pour sortir le S\u00e9n\u00e9gal de l&rsquo;orni\u00e8re (Public TV)"},"content":{"rendered":"<p><b>Comme annonc\u00e9 hier, le leader de Gueum Sa Bopp a tenu sa conf\u00e9rence publique sur la SEN TV. Des journalistes de renom \u00e9taient dans les locaux de Dm\u00e9dia pour interroger Bougane Gu\u00e8ye Dani sur les questions de l&rsquo;heure. Aissatou Diop Fall qui \u00e9tait de la partie a profit\u00e9 de l&rsquo;occasion pour interpeller le candidat d\u00e9clar\u00e9 sur ses motivations \u00e0 vouloir briguer la magistrature supr\u00eame \u00e0 la Pr\u00e9sidentielle de 2024. Tr\u00e8s en verve, le patron de Dm\u00e9dia s&rsquo;est r\u00e9joui des questions de la journaliste puisqu&rsquo;il en a profit\u00e9 pour critiquer vertement la gestion n\u00e9buleuse de l&rsquo;Etat des d\u00e9nies publics non sans \u00e9taler son programme de 2024 intitul\u00e9 Tekki Jotna.\u00a0<\/b><\/p><div class=\"publi-paragraphe1\" style=\"margin-top: 10px;margin-bottom: 10px;margin-left: auto;margin-right: auto;text-align: center;\" id=\"publi-3432705835\"><div class=\"publi-adlabel\">Publicit\u00e9<\/div><script async src=\"\/\/pagead2.googlesyndication.com\/pagead\/js\/adsbygoogle.js?client=ca-pub-4089586018074219\" crossorigin=\"anonymous\"><\/script><ins class=\"adsbygoogle\" style=\"display:block;\" data-ad-client=\"ca-pub-4089586018074219\" \ndata-ad-slot=\"2087940154\" \ndata-ad-format=\"auto\"><\/ins>\n<script> \n(adsbygoogle = window.adsbygoogle || []).push({}); \n<\/script>\n<\/div>\n<p>Albert Einstein disait que la le succ\u00e8s arrive toujours lorsqu&rsquo;une opportunit\u00e9 rencontre la pr\u00e9paration. Une autre maxime de dire \u00abLe d\u00e9couragement est une route qui ne m\u00e8ne nul part. Ne le laissez pas vous diriger\u00bb. Bougane Gu\u00e8ye Dani a peut \u00eatre compris l&rsquo;essence de ces deux assertions. Recal\u00e9 en 2O19\u00a0 et en 2022 respectivement lors de la Pr\u00e9sidentielle et des \u00e9lections L\u00e9gislatives pour motif parrainage incomplet, le jeune leader politique ne se d\u00e9courage jamais. Apparemment, il est plus que jamais d\u00e9vou\u00e9 \u00e0\u00a0 briguer la magistrature supr\u00eame afin de changer positivement le S\u00e9n\u00e9gal. Du moins c&rsquo;est ce qu&rsquo;on peut tirer de son entretien avec les journalistes comme Pierre Edouard Faye, Serigne Saliou Gu\u00e8ye, Oustaz Maodo Faye, N\u00e9n\u00e9 Aicha, Mansour Sow et Aissatou Diop Fall.<\/p>\n<blockquote><p>Parmi ceux qui veulent diriger le S\u00e9n\u00e9gal, je suis le seul qui n&rsquo;a jamais approch\u00e9 le syst\u00e8me. Je suis un pur produit du priv\u00e9. En mon for int\u00e9rieur, je crois que l\u2019\u00e9mergence du S\u00e9n\u00e9gal ne se fera pas avec la politique ou les politiciens. Chacun de nous doit se battre pour ses fils et petits fils pour un lendemain meilleur. Je pense aussi qu&rsquo;il en de m\u00eame pour tout le monde.<\/p><\/blockquote>\n<p>a t-il r\u00e9pondu \u00e0 Aissatou Diop Fall pour montrer son degr\u00e9 de motivation pour diriger le S\u00e9n\u00e9gal.<\/p>\n<p>Toujours selon le leader de Gueum Sa Bopp le S\u00e9n\u00e9gal souffre de plusieurs maux dont un seul petit effort de la part des dirigeants contribuerai \u00e0 son \u00e9radication.<\/p>\n<blockquote><p>Une tr\u00e8s importante majorit\u00e9 de la population S\u00e9n\u00e9galaise est laiss\u00e9e en rade alors qu&rsquo;elle est la force motrice du d\u00e9veloppement. Il s&rsquo;agit de ceux qui ont \u00e9tudi\u00e9 la langue arabe (Daara, \u00e9cole coranique, franco-arabe) ou les illettr\u00e9s. Un exemple pr\u00e9cis est le cas de l\u2019universit\u00e9 avec ceux qui ont appris la langue arabe. Ils sont plus de 5 000 mais ils n&rsquo;ont pas de facult\u00e9, les autorit\u00e9s n&rsquo;ont aucune consid\u00e9ration envers eux. Les artisans sont laiss\u00e9s en rades et le S\u00e9n\u00e9gal ne peut pas se d\u00e9velopper si les ouvriers pensent qu&rsquo;ils ne font pas partie de ceux qui doivent tenir l&rsquo;\u00e9conomie du pays. En Italie par Exemple 92% de l&rsquo;Economie italienne est constitu\u00e9e de moyennes et petites entreprises. Ici au S\u00e9n\u00e9gal, on ne les respecte pas.<\/p><\/blockquote>\n<p>argue Bougane Gu\u00e8ye Dani qui donne d&rsquo;autre part sa vision sur l&rsquo;agriculture et l&rsquo;\u00e9levage qui doivent \u00eatre soutenus par l&rsquo;Etat avec de moyens cons\u00e9quents.<\/p>\n<blockquote><p>Je ne crois pas que la houe et la daba peuvent faire d\u00e9velopper l&rsquo;agriculture. Non, il s&rsquo;impose au gouvernement de la m\u00e9caniser. Notre vision est de cr\u00e9er ce qu&rsquo;on appelle des Business familiaux. Cela doit d&rsquo;abord se faire en changeant les statuts de l\u2019agriculteur et de l&rsquo;\u00e9leveur en quoi les attribuant des terres qu&rsquo;ils utilisent pour une p\u00e9riode de 25 ans. Durant ce d\u00e9lai, il n&rsquo;auront pas la possibilit\u00e9 de c\u00e9der ces terres.<\/p>\n<p>L&rsquo;eau nous entoure au S\u00e9n\u00e9gal et on ne cultive la terre que durant l&rsquo;hivernage. Beaucoup de jeunes font l&rsquo;exode rural. Une fois \u00e0 Dakar il d\u00e9ambulent dans le rues pour vendre leurs maigres marchandises. Ce qui nous arrive est la faute aux dirigeants qui ne veulent gu\u00e8re qu&rsquo;appauvrir le bas peuple pour s\u2019emparer des richesses du pays.<\/p>\n<p>Les campagnes agricoles telles que pratiqu\u00e9es par l&rsquo;Etat sont \u00e0 revoir. Notre vision \u00e0 nous d\u00e9passe de loin ces pratiques mesquines. Une fois au pouvoir, nous apporterons notre soutien aux paysans avec des m\u00e9thodes g\u00e9n\u00e9reuses.<\/p>\n<p>Il est temps d&rsquo;organiser et d&rsquo;encadrer le secteur primaire qui est un maillon de l&rsquo;\u00e9conomie en allant vers la transformation de produits agricoles.<\/p><\/blockquote>\n<p>est convaincu Bougane Gu\u00e8ye Dani.<\/p>\n<p>Le leader de Gueum sa Bopp est convaincu que le programme Tekki Jotni du mouvement Gueum Sa Bopp est une alternative pour voir l&rsquo;essor du S\u00e9n\u00e9gal se r\u00e9aliser.<\/p>\n<p>Bougae Gu\u00e8ye Dani croit aussi \u00e0 l\u2019entraide, la solidarit\u00e9, \u00e0 la bonne gouvernance sont sources de d\u00e9veloppement.<\/p>\n<p>Les logements sociaux sont aussi une priorit\u00e9 de Bougane Gu\u00e8ye Dani pour venir en rescousse les familles obnubil\u00e9es par le loyer.<\/p>\n<p>Loin de l\u00e0, perfectionner le plateau m\u00e9dical est pour le patron de Dmedia un atout pour am\u00e9liorer le secteur sant\u00e9 mais aussi renforcer la formation du personnel soignant.<\/p>\n<p>L&rsquo;Education et tant d&rsquo;autres secteurs pour Bougane est dans le programme de Gueum Sa Bopp.<\/p>\n<blockquote>\n<p style=\"text-align: center;\">\u00ab\u00a0Le pays peut se d\u00e9velopper, j&rsquo;y crois\u00a0\u00bb<\/p>\n<\/blockquote>\n<p><iframe title=\"Les trois 3 Questions Pertinentes de A\u00efssatou Diop Fall \u00e0 Bougane Gueye Dani\" src=\"https:\/\/www.youtube.com\/embed\/cz4LatXYiDY\" width=\"640\" height=\"360\" frameborder=\"0\" allowfullscreen=\"allowfullscreen\"><\/iframe><\/p>\n<p>V2<\/p>\n<p><iframe title=\"A\u00efssatou Diop Fall \u00e0 Bougane Gueye Dani : Sonko est leader de l'opposition \u201cKOU BEUGU AK KOU BAGNE \u201c\" src=\"https:\/\/www.youtube.com\/embed\/GgoKESkMJa0\" width=\"640\" height=\"360\" frameborder=\"0\" allowfullscreen=\"allowfullscreen\"><\/iframe><\/p>\n<div class=\"publi-apres-le-contenu\" style=\"margin-top: 10px;margin-bottom: 10px;margin-left: auto;margin-right: auto;text-align: center;\" id=\"publi-1908266976\"><div class=\"publi-adlabel\">Publicit\u00e9<\/div><script async src=\"\/\/pagead2.googlesyndication.com\/pagead\/js\/adsbygoogle.js?client=ca-pub-4089586018074219\" crossorigin=\"anonymous\"><\/script><ins class=\"adsbygoogle\" style=\"display:block;\" data-ad-client=\"ca-pub-4089586018074219\" \ndata-ad-slot=\"2087940154\" \ndata-ad-format=\"auto\"><\/ins>\n<script> \n(adsbygoogle = window.adsbygoogle || []).push({}); \n<\/script>\n<\/div>","protected":false},"excerpt":{"rendered":"<p>Comme annonc\u00e9 hier, le leader de Gueum Sa Bopp a tenu sa conf\u00e9rence publique sur la SEN TV. Des journalistes de renom \u00e9taient dans les locaux de Dm\u00e9dia pour interroger Bougane Gu\u00e8ye Dani sur les questions de l&rsquo;heure. Aissatou Diop Fall qui \u00e9tait de la partie a profit\u00e9 de l&rsquo;occasion pour interpeller le candidat d\u00e9clar\u00e9 sur ses motivations \u00e0 vouloir briguer la magistrature supr\u00eame \u00e0 la Pr\u00e9sidentielle de 2024. Tr\u00e8s en verve, le patron de Dm\u00e9dia s&rsquo;est r\u00e9joui des questions de la journaliste puisqu&rsquo;il en a profit\u00e9 pour critiquer vertement la gestion n\u00e9buleuse de l&rsquo;Etat des d\u00e9nies publics non sans \u00e9taler son programme de 2024 intitul\u00e9 Tekki Jotna.\u00a0 Albert Einstein disait que la le succ\u00e8s arrive toujours lorsqu&rsquo;une opportunit\u00e9 rencontre la pr\u00e9paration. Une autre maxime de dire \u00abLe d\u00e9couragement est une route qui ne m\u00e8ne nul part. Ne le laissez pas vous diriger\u00bb. Bougane Gu\u00e8ye Dani a peut \u00eatre compris l&rsquo;essence de ces deux assertions. Recal\u00e9 en 2O19\u00a0 et en 2022 respectivement lors de la Pr\u00e9sidentielle et des \u00e9lections L\u00e9gislatives pour motif parrainage incomplet, le jeune leader politique ne se d\u00e9courage jamais. Apparemment, il est plus que jamais d\u00e9vou\u00e9 \u00e0\u00a0 briguer la magistrature supr\u00eame afin de changer positivement le S\u00e9n\u00e9gal. Du moins c&rsquo;est ce qu&rsquo;on peut tirer de son entretien avec les journalistes comme Pierre Edouard Faye, Serigne Saliou Gu\u00e8ye, Oustaz Maodo Faye, N\u00e9n\u00e9 Aicha, Mansour Sow et Aissatou Diop Fall. Parmi ceux qui veulent diriger le S\u00e9n\u00e9gal, je suis le seul qui n&rsquo;a jamais approch\u00e9 le syst\u00e8me. Je suis un pur produit du priv\u00e9. En mon for int\u00e9rieur, je crois que l\u2019\u00e9mergence du S\u00e9n\u00e9gal ne se fera pas avec la politique ou les politiciens. Chacun de nous doit se battre pour ses fils et petits fils pour un lendemain meilleur. Je pense aussi qu&rsquo;il en de m\u00eame pour tout le monde. a t-il r\u00e9pondu \u00e0 Aissatou Diop Fall pour montrer son degr\u00e9 de motivation pour diriger le S\u00e9n\u00e9gal. Toujours selon le leader de Gueum Sa Bopp le S\u00e9n\u00e9gal souffre de plusieurs maux dont un seul petit effort de la part des dirigeants contribuerai \u00e0 son \u00e9radication. Une tr\u00e8s importante majorit\u00e9 de la population S\u00e9n\u00e9galaise est laiss\u00e9e en rade alors qu&rsquo;elle est la force motrice du d\u00e9veloppement. Il s&rsquo;agit de ceux qui ont \u00e9tudi\u00e9 la langue arabe (Daara, \u00e9cole coranique, franco-arabe) ou les illettr\u00e9s. Un exemple pr\u00e9cis est le cas de l\u2019universit\u00e9 avec ceux qui ont appris la langue arabe. Ils sont plus de 5 000 mais ils n&rsquo;ont pas de facult\u00e9, les autorit\u00e9s n&rsquo;ont aucune consid\u00e9ration envers eux. Les artisans sont laiss\u00e9s en rades et le S\u00e9n\u00e9gal ne peut pas se d\u00e9velopper si les ouvriers pensent qu&rsquo;ils ne font pas partie de ceux qui doivent tenir l&rsquo;\u00e9conomie du pays. En Italie par Exemple 92% de l&rsquo;Economie italienne est constitu\u00e9e de moyennes et petites entreprises. Ici au S\u00e9n\u00e9gal, on ne les respecte pas. argue Bougane Gu\u00e8ye Dani qui donne d&rsquo;autre part sa vision sur l&rsquo;agriculture et l&rsquo;\u00e9levage qui doivent \u00eatre soutenus par l&rsquo;Etat avec de moyens cons\u00e9quents. Je ne crois pas que la houe et la daba peuvent faire d\u00e9velopper l&rsquo;agriculture. Non, il s&rsquo;impose au gouvernement de la m\u00e9caniser. Notre vision est de cr\u00e9er ce qu&rsquo;on appelle des Business familiaux. Cela doit d&rsquo;abord se faire en changeant les statuts de l\u2019agriculteur et de l&rsquo;\u00e9leveur en quoi les attribuant des terres qu&rsquo;ils utilisent pour une p\u00e9riode de 25 ans. Durant ce d\u00e9lai, il n&rsquo;auront pas la possibilit\u00e9 de c\u00e9der ces terres. L&rsquo;eau nous entoure au S\u00e9n\u00e9gal et on ne cultive la terre que durant l&rsquo;hivernage. Beaucoup de jeunes font l&rsquo;exode rural. Une fois \u00e0 Dakar il d\u00e9ambulent dans le rues pour vendre leurs maigres marchandises. Ce qui nous arrive est la faute aux dirigeants qui ne veulent gu\u00e8re qu&rsquo;appauvrir le bas peuple pour s\u2019emparer des richesses du pays. Les campagnes agricoles telles que pratiqu\u00e9es par l&rsquo;Etat sont \u00e0 revoir. Notre vision \u00e0 nous d\u00e9passe de loin ces pratiques mesquines. Une fois au pouvoir, nous apporterons notre soutien aux paysans avec des m\u00e9thodes g\u00e9n\u00e9reuses. Il est temps d&rsquo;organiser et d&rsquo;encadrer le secteur primaire qui est un maillon de l&rsquo;\u00e9conomie en allant vers la transformation de produits agricoles. est convaincu Bougane Gu\u00e8ye Dani. Le leader de Gueum sa Bopp est convaincu que le programme Tekki Jotni du mouvement Gueum Sa Bopp est une alternative pour voir l&rsquo;essor du S\u00e9n\u00e9gal se r\u00e9aliser. Bougae Gu\u00e8ye Dani croit aussi \u00e0 l\u2019entraide, la solidarit\u00e9, \u00e0 la bonne gouvernance sont sources de d\u00e9veloppement. Les logements sociaux sont aussi une priorit\u00e9 de Bougane Gu\u00e8ye Dani pour venir en rescousse les familles obnubil\u00e9es par le loyer. Loin de l\u00e0, perfectionner le plateau m\u00e9dical est pour le patron de Dmedia un atout pour am\u00e9liorer le secteur sant\u00e9 mais aussi renforcer la formation du personnel soignant. L&rsquo;Education et tant d&rsquo;autres secteurs pour Bougane est dans le programme de Gueum Sa Bopp. \u00ab\u00a0Le pays peut se d\u00e9velopper, j&rsquo;y crois\u00a0\u00bb V2<\/p>\n","protected":false},"author":1,"featured_media":13274,"comment_status":"open","ping_status":"open","sticky":false,"template":"","format":"standard","meta":{"_jetpack_memberships_contains_paid_content":false,"footnotes":""},"categories":[375,3,8,372,6],"tags":[3141,29,20],"class_list":["post-13273","post","type-post","status-publish","format-standard","has-post-thumbnail","hentry","category-actualites","category-politique","category-public-tv","category-vedette","category-videos","tag-aissatou-diop-fall","tag-bougane-gueye-dani","tag-presidentielle-2024","entry","has-media","owp-thumbs-layout-horizontal","owp-btn-normal","owp-tabs-layout-horizontal","has-no-thumbnails","has-product-nav"],"yoast_head":"<!-- This site is optimized with the Yoast SEO plugin v25.5 - https:\/\/yoast.com\/wordpress\/plugins\/seo\/ -->\n<title>Accul\u00e9 par ADF, Bougane vide son sac et donne sa strat\u00e9gie pour sortir le S\u00e9n\u00e9gal de l&#039;orni\u00e8re (Public TV) - LE PUBLIC<\/title>\n<meta name=\"robots\" content=\"index, follow, max-snippet:-1, max-image-preview:large, max-video-preview:-1\" \/>\n<link rel=\"canonical\" href=\"https:\/\/www.public.sn\/index.php\/2023\/01\/04\/accule-par-adf-bougane-vide-son-sac-et-donne-sa-strategie-pour-sortir-le-senegal-de-lorniere-public-tv\/\" \/>\n<meta property=\"og:locale\" content=\"fr_FR\" \/>\n<meta property=\"og:type\" content=\"article\" \/>\n<meta property=\"og:title\" content=\"Accul\u00e9 par ADF, Bougane vide son sac et donne sa strat\u00e9gie pour sortir le S\u00e9n\u00e9gal de l&#039;orni\u00e8re (Public TV) - LE PUBLIC\" \/>\n<meta property=\"og:description\" content=\"Comme annonc\u00e9 hier, le leader de Gueum Sa Bopp a tenu sa conf\u00e9rence publique sur la SEN TV. Des journalistes de renom \u00e9taient dans les locaux de Dm\u00e9dia pour interroger Bougane Gu\u00e8ye Dani sur les questions de l&rsquo;heure. Aissatou Diop Fall qui \u00e9tait de la partie a profit\u00e9 de l&rsquo;occasion pour interpeller le candidat d\u00e9clar\u00e9 sur ses motivations \u00e0 vouloir briguer la magistrature supr\u00eame \u00e0 la Pr\u00e9sidentielle de 2024. Tr\u00e8s en verve, le patron de Dm\u00e9dia s&rsquo;est r\u00e9joui des questions de la journaliste puisqu&rsquo;il en a profit\u00e9 pour critiquer vertement la gestion n\u00e9buleuse de l&rsquo;Etat des d\u00e9nies publics non sans \u00e9taler son programme de 2024 intitul\u00e9 Tekki Jotna.\u00a0 Albert Einstein disait que la le succ\u00e8s arrive toujours lorsqu&rsquo;une opportunit\u00e9 rencontre la pr\u00e9paration. Une autre maxime de dire \u00abLe d\u00e9couragement est une route qui ne m\u00e8ne nul part. Ne le laissez pas vous diriger\u00bb. Bougane Gu\u00e8ye Dani a peut \u00eatre compris l&rsquo;essence de ces deux assertions. Recal\u00e9 en 2O19\u00a0 et en 2022 respectivement lors de la Pr\u00e9sidentielle et des \u00e9lections L\u00e9gislatives pour motif parrainage incomplet, le jeune leader politique ne se d\u00e9courage jamais. Apparemment, il est plus que jamais d\u00e9vou\u00e9 \u00e0\u00a0 briguer la magistrature supr\u00eame afin de changer positivement le S\u00e9n\u00e9gal. Du moins c&rsquo;est ce qu&rsquo;on peut tirer de son entretien avec les journalistes comme Pierre Edouard Faye, Serigne Saliou Gu\u00e8ye, Oustaz Maodo Faye, N\u00e9n\u00e9 Aicha, Mansour Sow et Aissatou Diop Fall. Parmi ceux qui veulent diriger le S\u00e9n\u00e9gal, je suis le seul qui n&rsquo;a jamais approch\u00e9 le syst\u00e8me. Je suis un pur produit du priv\u00e9. En mon for int\u00e9rieur, je crois que l\u2019\u00e9mergence du S\u00e9n\u00e9gal ne se fera pas avec la politique ou les politiciens. Chacun de nous doit se battre pour ses fils et petits fils pour un lendemain meilleur. Je pense aussi qu&rsquo;il en de m\u00eame pour tout le monde. a t-il r\u00e9pondu \u00e0 Aissatou Diop Fall pour montrer son degr\u00e9 de motivation pour diriger le S\u00e9n\u00e9gal. Toujours selon le leader de Gueum Sa Bopp le S\u00e9n\u00e9gal souffre de plusieurs maux dont un seul petit effort de la part des dirigeants contribuerai \u00e0 son \u00e9radication. Une tr\u00e8s importante majorit\u00e9 de la population S\u00e9n\u00e9galaise est laiss\u00e9e en rade alors qu&rsquo;elle est la force motrice du d\u00e9veloppement. Il s&rsquo;agit de ceux qui ont \u00e9tudi\u00e9 la langue arabe (Daara, \u00e9cole coranique, franco-arabe) ou les illettr\u00e9s. Un exemple pr\u00e9cis est le cas de l\u2019universit\u00e9 avec ceux qui ont appris la langue arabe. Ils sont plus de 5 000 mais ils n&rsquo;ont pas de facult\u00e9, les autorit\u00e9s n&rsquo;ont aucune consid\u00e9ration envers eux. Les artisans sont laiss\u00e9s en rades et le S\u00e9n\u00e9gal ne peut pas se d\u00e9velopper si les ouvriers pensent qu&rsquo;ils ne font pas partie de ceux qui doivent tenir l&rsquo;\u00e9conomie du pays. En Italie par Exemple 92% de l&rsquo;Economie italienne est constitu\u00e9e de moyennes et petites entreprises. Ici au S\u00e9n\u00e9gal, on ne les respecte pas. argue Bougane Gu\u00e8ye Dani qui donne d&rsquo;autre part sa vision sur l&rsquo;agriculture et l&rsquo;\u00e9levage qui doivent \u00eatre soutenus par l&rsquo;Etat avec de moyens cons\u00e9quents. Je ne crois pas que la houe et la daba peuvent faire d\u00e9velopper l&rsquo;agriculture. Non, il s&rsquo;impose au gouvernement de la m\u00e9caniser. Notre vision est de cr\u00e9er ce qu&rsquo;on appelle des Business familiaux. Cela doit d&rsquo;abord se faire en changeant les statuts de l\u2019agriculteur et de l&rsquo;\u00e9leveur en quoi les attribuant des terres qu&rsquo;ils utilisent pour une p\u00e9riode de 25 ans. Durant ce d\u00e9lai, il n&rsquo;auront pas la possibilit\u00e9 de c\u00e9der ces terres. L&rsquo;eau nous entoure au S\u00e9n\u00e9gal et on ne cultive la terre que durant l&rsquo;hivernage. Beaucoup de jeunes font l&rsquo;exode rural. Une fois \u00e0 Dakar il d\u00e9ambulent dans le rues pour vendre leurs maigres marchandises. Ce qui nous arrive est la faute aux dirigeants qui ne veulent gu\u00e8re qu&rsquo;appauvrir le bas peuple pour s\u2019emparer des richesses du pays. Les campagnes agricoles telles que pratiqu\u00e9es par l&rsquo;Etat sont \u00e0 revoir. Notre vision \u00e0 nous d\u00e9passe de loin ces pratiques mesquines. Une fois au pouvoir, nous apporterons notre soutien aux paysans avec des m\u00e9thodes g\u00e9n\u00e9reuses. Il est temps d&rsquo;organiser et d&rsquo;encadrer le secteur primaire qui est un maillon de l&rsquo;\u00e9conomie en allant vers la transformation de produits agricoles. est convaincu Bougane Gu\u00e8ye Dani. Le leader de Gueum sa Bopp est convaincu que le programme Tekki Jotni du mouvement Gueum Sa Bopp est une alternative pour voir l&rsquo;essor du S\u00e9n\u00e9gal se r\u00e9aliser. Bougae Gu\u00e8ye Dani croit aussi \u00e0 l\u2019entraide, la solidarit\u00e9, \u00e0 la bonne gouvernance sont sources de d\u00e9veloppement. Les logements sociaux sont aussi une priorit\u00e9 de Bougane Gu\u00e8ye Dani pour venir en rescousse les familles obnubil\u00e9es par le loyer. Loin de l\u00e0, perfectionner le plateau m\u00e9dical est pour le patron de Dmedia un atout pour am\u00e9liorer le secteur sant\u00e9 mais aussi renforcer la formation du personnel soignant. L&rsquo;Education et tant d&rsquo;autres secteurs pour Bougane est dans le programme de Gueum Sa Bopp. \u00ab\u00a0Le pays peut se d\u00e9velopper, j&rsquo;y crois\u00a0\u00bb V2\" \/>\n<meta property=\"og:url\" content=\"https:\/\/www.public.sn\/index.php\/2023\/01\/04\/accule-par-adf-bougane-vide-son-sac-et-donne-sa-strategie-pour-sortir-le-senegal-de-lorniere-public-tv\/\" \/>\n<meta property=\"og:site_name\" content=\"LE PUBLIC\" \/>\n<meta property=\"article:published_time\" content=\"2023-01-04T21:15:43+00:00\" \/>\n<meta property=\"article:modified_time\" content=\"2023-01-04T21:17:45+00:00\" \/>\n<meta property=\"og:image\" content=\"https:\/\/www.public.sn\/wp-content\/uploads\/2023\/01\/WhatsApp-Image-2023-01-04-at-16.25.15.jpeg\" \/>\n\t<meta property=\"og:image:width\" content=\"1024\" \/>\n\t<meta property=\"og:image:height\" content=\"682\" \/>\n\t<meta property=\"og:image:type\" content=\"image\/jpeg\" \/>\n<meta name=\"author\" content=\"LA REDACTION\" \/>\n<meta name=\"twitter:card\" content=\"summary_large_image\" \/>\n<meta name=\"twitter:label1\" content=\"\u00c9crit par\" \/>\n\t<meta name=\"twitter:data1\" content=\"LA REDACTION\" \/>\n\t<meta name=\"twitter:label2\" content=\"Dur\u00e9e de lecture estim\u00e9e\" \/>\n\t<meta name=\"twitter:data2\" content=\"5 minutes\" \/>\n<script type=\"application\/ld+json\" class=\"yoast-schema-graph\">{\"@context\":\"https:\/\/schema.org\",\"@graph\":[{\"@type\":\"Article\",\"@id\":\"https:\/\/www.public.sn\/index.php\/2023\/01\/04\/accule-par-adf-bougane-vide-son-sac-et-donne-sa-strategie-pour-sortir-le-senegal-de-lorniere-public-tv\/#article\",\"isPartOf\":{\"@id\":\"https:\/\/www.public.sn\/index.php\/2023\/01\/04\/accule-par-adf-bougane-vide-son-sac-et-donne-sa-strategie-pour-sortir-le-senegal-de-lorniere-public-tv\/\"},\"author\":{\"name\":\"LA REDACTION\",\"@id\":\"https:\/\/www.public.sn\/#\/schema\/person\/e3f4a11b037d4203902db148f9bc8d5a\"},\"headline\":\"Accul\u00e9 par ADF, Bougane vide son sac et donne sa strat\u00e9gie pour sortir le S\u00e9n\u00e9gal de l&rsquo;orni\u00e8re (Public TV)\",\"datePublished\":\"2023-01-04T21:15:43+00:00\",\"dateModified\":\"2023-01-04T21:17:45+00:00\",\"mainEntityOfPage\":{\"@id\":\"https:\/\/www.public.sn\/index.php\/2023\/01\/04\/accule-par-adf-bougane-vide-son-sac-et-donne-sa-strategie-pour-sortir-le-senegal-de-lorniere-public-tv\/\"},\"wordCount\":903,\"commentCount\":0,\"publisher\":{\"@id\":\"https:\/\/www.public.sn\/#organization\"},\"image\":{\"@id\":\"https:\/\/www.public.sn\/index.php\/2023\/01\/04\/accule-par-adf-bougane-vide-son-sac-et-donne-sa-strategie-pour-sortir-le-senegal-de-lorniere-public-tv\/#primaryimage\"},\"thumbnailUrl\":\"https:\/\/www.public.sn\/wp-content\/uploads\/2023\/01\/WhatsApp-Image-2023-01-04-at-16.25.15.jpeg\",\"keywords\":[\"Aissatou Diop Fall\",\"Bougane Gu\u00e9ye Dani\",\"Pr\u00e9sidentielle 2024\"],\"articleSection\":[\"ACTUALIT\u00c9S\",\"POLITIQUE\",\"PUBLIC TV\",\"VEDETTE\",\"VIDEOS\"],\"inLanguage\":\"fr-FR\",\"potentialAction\":[{\"@type\":\"CommentAction\",\"name\":\"Comment\",\"target\":[\"https:\/\/www.public.sn\/index.php\/2023\/01\/04\/accule-par-adf-bougane-vide-son-sac-et-donne-sa-strategie-pour-sortir-le-senegal-de-lorniere-public-tv\/#respond\"]}]},{\"@type\":\"WebPage\",\"@id\":\"https:\/\/www.public.sn\/index.php\/2023\/01\/04\/accule-par-adf-bougane-vide-son-sac-et-donne-sa-strategie-pour-sortir-le-senegal-de-lorniere-public-tv\/\",\"url\":\"https:\/\/www.public.sn\/index.php\/2023\/01\/04\/accule-par-adf-bougane-vide-son-sac-et-donne-sa-strategie-pour-sortir-le-senegal-de-lorniere-public-tv\/\",\"name\":\"Accul\u00e9 par ADF, Bougane vide son sac et donne sa strat\u00e9gie pour sortir le S\u00e9n\u00e9gal de l'orni\u00e8re (Public TV) - LE PUBLIC\",\"isPartOf\":{\"@id\":\"https:\/\/www.public.sn\/#website\"},\"primaryImageOfPage\":{\"@id\":\"https:\/\/www.public.sn\/index.php\/2023\/01\/04\/accule-par-adf-bougane-vide-son-sac-et-donne-sa-strategie-pour-sortir-le-senegal-de-lorniere-public-tv\/#primaryimage\"},\"image\":{\"@id\":\"https:\/\/www.public.sn\/index.php\/2023\/01\/04\/accule-par-adf-bougane-vide-son-sac-et-donne-sa-strategie-pour-sortir-le-senegal-de-lorniere-public-tv\/#primaryimage\"},\"thumbnailUrl\":\"https:\/\/www.public.sn\/wp-content\/uploads\/2023\/01\/WhatsApp-Image-2023-01-04-at-16.25.15.jpeg\",\"datePublished\":\"2023-01-04T21:15:43+00:00\",\"dateModified\":\"2023-01-04T21:17:45+00:00\",\"breadcrumb\":{\"@id\":\"https:\/\/www.public.sn\/index.php\/2023\/01\/04\/accule-par-adf-bougane-vide-son-sac-et-donne-sa-strategie-pour-sortir-le-senegal-de-lorniere-public-tv\/#breadcrumb\"},\"inLanguage\":\"fr-FR\",\"potentialAction\":[{\"@type\":\"ReadAction\",\"target\":[\"https:\/\/www.public.sn\/index.php\/2023\/01\/04\/accule-par-adf-bougane-vide-son-sac-et-donne-sa-strategie-pour-sortir-le-senegal-de-lorniere-public-tv\/\"]}]},{\"@type\":\"ImageObject\",\"inLanguage\":\"fr-FR\",\"@id\":\"https:\/\/www.public.sn\/index.php\/2023\/01\/04\/accule-par-adf-bougane-vide-son-sac-et-donne-sa-strategie-pour-sortir-le-senegal-de-lorniere-public-tv\/#primaryimage\",\"url\":\"https:\/\/www.public.sn\/wp-content\/uploads\/2023\/01\/WhatsApp-Image-2023-01-04-at-16.25.15.jpeg\",\"contentUrl\":\"https:\/\/www.public.sn\/wp-content\/uploads\/2023\/01\/WhatsApp-Image-2023-01-04-at-16.25.15.jpeg\",\"width\":1024,\"height\":682},{\"@type\":\"BreadcrumbList\",\"@id\":\"https:\/\/www.public.sn\/index.php\/2023\/01\/04\/accule-par-adf-bougane-vide-son-sac-et-donne-sa-strategie-pour-sortir-le-senegal-de-lorniere-public-tv\/#breadcrumb\",\"itemListElement\":[{\"@type\":\"ListItem\",\"position\":1,\"name\":\"Accueil\",\"item\":\"https:\/\/www.public.sn\/\"},{\"@type\":\"ListItem\",\"position\":2,\"name\":\"Accul\u00e9 par ADF, Bougane vide son sac et donne sa strat\u00e9gie pour sortir le S\u00e9n\u00e9gal de l&rsquo;orni\u00e8re (Public TV)\"}]},{\"@type\":\"WebSite\",\"@id\":\"https:\/\/www.public.sn\/#website\",\"url\":\"https:\/\/www.public.sn\/\",\"name\":\"LE PUBLIC\",\"description\":\"\",\"publisher\":{\"@id\":\"https:\/\/www.public.sn\/#organization\"},\"potentialAction\":[{\"@type\":\"SearchAction\",\"target\":{\"@type\":\"EntryPoint\",\"urlTemplate\":\"https:\/\/www.public.sn\/?s={search_term_string}\"},\"query-input\":{\"@type\":\"PropertyValueSpecification\",\"valueRequired\":true,\"valueName\":\"search_term_string\"}}],\"inLanguage\":\"fr-FR\"},{\"@type\":\"Organization\",\"@id\":\"https:\/\/www.public.sn\/#organization\",\"name\":\"LE PUBLIC\",\"url\":\"https:\/\/www.public.sn\/\",\"logo\":{\"@type\":\"ImageObject\",\"inLanguage\":\"fr-FR\",\"@id\":\"https:\/\/www.public.sn\/#\/schema\/logo\/image\/\",\"url\":\"https:\/\/www.public.sn\/wp-content\/uploads\/2024\/05\/cropped-LOGO-PUBLIC.SN_.png\",\"contentUrl\":\"https:\/\/www.public.sn\/wp-content\/uploads\/2024\/05\/cropped-LOGO-PUBLIC.SN_.png\",\"width\":682,\"height\":192,\"caption\":\"LE PUBLIC\"},\"image\":{\"@id\":\"https:\/\/www.public.sn\/#\/schema\/logo\/image\/\"}},{\"@type\":\"Person\",\"@id\":\"https:\/\/www.public.sn\/#\/schema\/person\/e3f4a11b037d4203902db148f9bc8d5a\",\"name\":\"LA REDACTION\",\"image\":{\"@type\":\"ImageObject\",\"inLanguage\":\"fr-FR\",\"@id\":\"https:\/\/www.public.sn\/#\/schema\/person\/image\/\",\"url\":\"https:\/\/secure.gravatar.com\/avatar\/d6c030db45db2883c075085c5d6c6258654a801a93766b49af0b82d4f454e2a5?s=96&d=mm&r=g\",\"contentUrl\":\"https:\/\/secure.gravatar.com\/avatar\/d6c030db45db2883c075085c5d6c6258654a801a93766b49af0b82d4f454e2a5?s=96&d=mm&r=g\",\"caption\":\"LA REDACTION\"},\"sameAs\":[\"http:\/\/www.public.sn\"],\"url\":\"https:\/\/www.public.sn\/index.php\/author\/admin7324\/\"}]}<\/script>\n<!-- \/ Yoast SEO plugin. -->","yoast_head_json":{"title":"Accul\u00e9 par ADF, Bougane vide son sac et donne sa strat\u00e9gie pour sortir le S\u00e9n\u00e9gal de l'orni\u00e8re (Public TV) - LE PUBLIC","robots":{"index":"index","follow":"follow","max-snippet":"max-snippet:-1","max-image-preview":"max-image-preview:large","max-video-preview":"max-video-preview:-1"},"canonical":"https:\/\/www.public.sn\/index.php\/2023\/01\/04\/accule-par-adf-bougane-vide-son-sac-et-donne-sa-strategie-pour-sortir-le-senegal-de-lorniere-public-tv\/","og_locale":"fr_FR","og_type":"article","og_title":"Accul\u00e9 par ADF, Bougane vide son sac et donne sa strat\u00e9gie pour sortir le S\u00e9n\u00e9gal de l'orni\u00e8re (Public TV) - LE PUBLIC","og_description":"Comme annonc\u00e9 hier, le leader de Gueum Sa Bopp a tenu sa conf\u00e9rence publique sur la SEN TV. Des journalistes de renom \u00e9taient dans les locaux de Dm\u00e9dia pour interroger Bougane Gu\u00e8ye Dani sur les questions de l&rsquo;heure. Aissatou Diop Fall qui \u00e9tait de la partie a profit\u00e9 de l&rsquo;occasion pour interpeller le candidat d\u00e9clar\u00e9 sur ses motivations \u00e0 vouloir briguer la magistrature supr\u00eame \u00e0 la Pr\u00e9sidentielle de 2024. Tr\u00e8s en verve, le patron de Dm\u00e9dia s&rsquo;est r\u00e9joui des questions de la journaliste puisqu&rsquo;il en a profit\u00e9 pour critiquer vertement la gestion n\u00e9buleuse de l&rsquo;Etat des d\u00e9nies publics non sans \u00e9taler son programme de 2024 intitul\u00e9 Tekki Jotna.\u00a0 Albert Einstein disait que la le succ\u00e8s arrive toujours lorsqu&rsquo;une opportunit\u00e9 rencontre la pr\u00e9paration. Une autre maxime de dire \u00abLe d\u00e9couragement est une route qui ne m\u00e8ne nul part. Ne le laissez pas vous diriger\u00bb. Bougane Gu\u00e8ye Dani a peut \u00eatre compris l&rsquo;essence de ces deux assertions. Recal\u00e9 en 2O19\u00a0 et en 2022 respectivement lors de la Pr\u00e9sidentielle et des \u00e9lections L\u00e9gislatives pour motif parrainage incomplet, le jeune leader politique ne se d\u00e9courage jamais. Apparemment, il est plus que jamais d\u00e9vou\u00e9 \u00e0\u00a0 briguer la magistrature supr\u00eame afin de changer positivement le S\u00e9n\u00e9gal. Du moins c&rsquo;est ce qu&rsquo;on peut tirer de son entretien avec les journalistes comme Pierre Edouard Faye, Serigne Saliou Gu\u00e8ye, Oustaz Maodo Faye, N\u00e9n\u00e9 Aicha, Mansour Sow et Aissatou Diop Fall. Parmi ceux qui veulent diriger le S\u00e9n\u00e9gal, je suis le seul qui n&rsquo;a jamais approch\u00e9 le syst\u00e8me. Je suis un pur produit du priv\u00e9. En mon for int\u00e9rieur, je crois que l\u2019\u00e9mergence du S\u00e9n\u00e9gal ne se fera pas avec la politique ou les politiciens. Chacun de nous doit se battre pour ses fils et petits fils pour un lendemain meilleur. Je pense aussi qu&rsquo;il en de m\u00eame pour tout le monde. a t-il r\u00e9pondu \u00e0 Aissatou Diop Fall pour montrer son degr\u00e9 de motivation pour diriger le S\u00e9n\u00e9gal. Toujours selon le leader de Gueum Sa Bopp le S\u00e9n\u00e9gal souffre de plusieurs maux dont un seul petit effort de la part des dirigeants contribuerai \u00e0 son \u00e9radication. Une tr\u00e8s importante majorit\u00e9 de la population S\u00e9n\u00e9galaise est laiss\u00e9e en rade alors qu&rsquo;elle est la force motrice du d\u00e9veloppement. Il s&rsquo;agit de ceux qui ont \u00e9tudi\u00e9 la langue arabe (Daara, \u00e9cole coranique, franco-arabe) ou les illettr\u00e9s. Un exemple pr\u00e9cis est le cas de l\u2019universit\u00e9 avec ceux qui ont appris la langue arabe. Ils sont plus de 5 000 mais ils n&rsquo;ont pas de facult\u00e9, les autorit\u00e9s n&rsquo;ont aucune consid\u00e9ration envers eux. Les artisans sont laiss\u00e9s en rades et le S\u00e9n\u00e9gal ne peut pas se d\u00e9velopper si les ouvriers pensent qu&rsquo;ils ne font pas partie de ceux qui doivent tenir l&rsquo;\u00e9conomie du pays. En Italie par Exemple 92% de l&rsquo;Economie italienne est constitu\u00e9e de moyennes et petites entreprises. Ici au S\u00e9n\u00e9gal, on ne les respecte pas. argue Bougane Gu\u00e8ye Dani qui donne d&rsquo;autre part sa vision sur l&rsquo;agriculture et l&rsquo;\u00e9levage qui doivent \u00eatre soutenus par l&rsquo;Etat avec de moyens cons\u00e9quents. Je ne crois pas que la houe et la daba peuvent faire d\u00e9velopper l&rsquo;agriculture. Non, il s&rsquo;impose au gouvernement de la m\u00e9caniser. Notre vision est de cr\u00e9er ce qu&rsquo;on appelle des Business familiaux. Cela doit d&rsquo;abord se faire en changeant les statuts de l\u2019agriculteur et de l&rsquo;\u00e9leveur en quoi les attribuant des terres qu&rsquo;ils utilisent pour une p\u00e9riode de 25 ans. Durant ce d\u00e9lai, il n&rsquo;auront pas la possibilit\u00e9 de c\u00e9der ces terres. L&rsquo;eau nous entoure au S\u00e9n\u00e9gal et on ne cultive la terre que durant l&rsquo;hivernage. Beaucoup de jeunes font l&rsquo;exode rural. Une fois \u00e0 Dakar il d\u00e9ambulent dans le rues pour vendre leurs maigres marchandises. Ce qui nous arrive est la faute aux dirigeants qui ne veulent gu\u00e8re qu&rsquo;appauvrir le bas peuple pour s\u2019emparer des richesses du pays. Les campagnes agricoles telles que pratiqu\u00e9es par l&rsquo;Etat sont \u00e0 revoir. Notre vision \u00e0 nous d\u00e9passe de loin ces pratiques mesquines. Une fois au pouvoir, nous apporterons notre soutien aux paysans avec des m\u00e9thodes g\u00e9n\u00e9reuses. Il est temps d&rsquo;organiser et d&rsquo;encadrer le secteur primaire qui est un maillon de l&rsquo;\u00e9conomie en allant vers la transformation de produits agricoles. est convaincu Bougane Gu\u00e8ye Dani. Le leader de Gueum sa Bopp est convaincu que le programme Tekki Jotni du mouvement Gueum Sa Bopp est une alternative pour voir l&rsquo;essor du S\u00e9n\u00e9gal se r\u00e9aliser. Bougae Gu\u00e8ye Dani croit aussi \u00e0 l\u2019entraide, la solidarit\u00e9, \u00e0 la bonne gouvernance sont sources de d\u00e9veloppement. Les logements sociaux sont aussi une priorit\u00e9 de Bougane Gu\u00e8ye Dani pour venir en rescousse les familles obnubil\u00e9es par le loyer. Loin de l\u00e0, perfectionner le plateau m\u00e9dical est pour le patron de Dmedia un atout pour am\u00e9liorer le secteur sant\u00e9 mais aussi renforcer la formation du personnel soignant. L&rsquo;Education et tant d&rsquo;autres secteurs pour Bougane est dans le programme de Gueum Sa Bopp. \u00ab\u00a0Le pays peut se d\u00e9velopper, j&rsquo;y crois\u00a0\u00bb V2","og_url":"https:\/\/www.public.sn\/index.php\/2023\/01\/04\/accule-par-adf-bougane-vide-son-sac-et-donne-sa-strategie-pour-sortir-le-senegal-de-lorniere-public-tv\/","og_site_name":"LE PUBLIC","article_published_time":"2023-01-04T21:15:43+00:00","article_modified_time":"2023-01-04T21:17:45+00:00","og_image":[{"width":1024,"height":682,"url":"https:\/\/www.public.sn\/wp-content\/uploads\/2023\/01\/WhatsApp-Image-2023-01-04-at-16.25.15.jpeg","type":"image\/jpeg"}],"author":"LA REDACTION","twitter_card":"summary_large_image","twitter_misc":{"\u00c9crit par":"LA REDACTION","Dur\u00e9e de lecture estim\u00e9e":"5 minutes"},"schema":{"@context":"https:\/\/schema.org","@graph":[{"@type":"Article","@id":"https:\/\/www.public.sn\/index.php\/2023\/01\/04\/accule-par-adf-bougane-vide-son-sac-et-donne-sa-strategie-pour-sortir-le-senegal-de-lorniere-public-tv\/#article","isPartOf":{"@id":"https:\/\/www.public.sn\/index.php\/2023\/01\/04\/accule-par-adf-bougane-vide-son-sac-et-donne-sa-strategie-pour-sortir-le-senegal-de-lorniere-public-tv\/"},"author":{"name":"LA REDACTION","@id":"https:\/\/www.public.sn\/#\/schema\/person\/e3f4a11b037d4203902db148f9bc8d5a"},"headline":"Accul\u00e9 par ADF, Bougane vide son sac et donne sa strat\u00e9gie pour sortir le S\u00e9n\u00e9gal de l&rsquo;orni\u00e8re (Public TV)","datePublished":"2023-01-04T21:15:43+00:00","dateModified":"2023-01-04T21:17:45+00:00","mainEntityOfPage":{"@id":"https:\/\/www.public.sn\/index.php\/2023\/01\/04\/accule-par-adf-bougane-vide-son-sac-et-donne-sa-strategie-pour-sortir-le-senegal-de-lorniere-public-tv\/"},"wordCount":903,"commentCount":0,"publisher":{"@id":"https:\/\/www.public.sn\/#organization"},"image":{"@id":"https:\/\/www.public.sn\/index.php\/2023\/01\/04\/accule-par-adf-bougane-vide-son-sac-et-donne-sa-strategie-pour-sortir-le-senegal-de-lorniere-public-tv\/#primaryimage"},"thumbnailUrl":"https:\/\/www.public.sn\/wp-content\/uploads\/2023\/01\/WhatsApp-Image-2023-01-04-at-16.25.15.jpeg","keywords":["Aissatou Diop Fall","Bougane Gu\u00e9ye Dani","Pr\u00e9sidentielle 2024"],"articleSection":["ACTUALIT\u00c9S","POLITIQUE","PUBLIC TV","VEDETTE","VIDEOS"],"inLanguage":"fr-FR","potentialAction":[{"@type":"CommentAction","name":"Comment","target":["https:\/\/www.public.sn\/index.php\/2023\/01\/04\/accule-par-adf-bougane-vide-son-sac-et-donne-sa-strategie-pour-sortir-le-senegal-de-lorniere-public-tv\/#respond"]}]},{"@type":"WebPage","@id":"https:\/\/www.public.sn\/index.php\/2023\/01\/04\/accule-par-adf-bougane-vide-son-sac-et-donne-sa-strategie-pour-sortir-le-senegal-de-lorniere-public-tv\/","url":"https:\/\/www.public.sn\/index.php\/2023\/01\/04\/accule-par-adf-bougane-vide-son-sac-et-donne-sa-strategie-pour-sortir-le-senegal-de-lorniere-public-tv\/","name":"Accul\u00e9 par ADF, Bougane vide son sac et donne sa strat\u00e9gie pour sortir le S\u00e9n\u00e9gal de l'orni\u00e8re (Public TV) - LE PUBLIC","isPartOf":{"@id":"https:\/\/www.public.sn\/#website"},"primaryImageOfPage":{"@id":"https:\/\/www.public.sn\/index.php\/2023\/01\/04\/accule-par-adf-bougane-vide-son-sac-et-donne-sa-strategie-pour-sortir-le-senegal-de-lorniere-public-tv\/#primaryimage"},"image":{"@id":"https:\/\/www.public.sn\/index.php\/2023\/01\/04\/accule-par-adf-bougane-vide-son-sac-et-donne-sa-strategie-pour-sortir-le-senegal-de-lorniere-public-tv\/#primaryimage"},"thumbnailUrl":"https:\/\/www.public.sn\/wp-content\/uploads\/2023\/01\/WhatsApp-Image-2023-01-04-at-16.25.15.jpeg","datePublished":"2023-01-04T21:15:43+00:00","dateModified":"2023-01-04T21:17:45+00:00","breadcrumb":{"@id":"https:\/\/www.public.sn\/index.php\/2023\/01\/04\/accule-par-adf-bougane-vide-son-sac-et-donne-sa-strategie-pour-sortir-le-senegal-de-lorniere-public-tv\/#breadcrumb"},"inLanguage":"fr-FR","potentialAction":[{"@type":"ReadAction","target":["https:\/\/www.public.sn\/index.php\/2023\/01\/04\/accule-par-adf-bougane-vide-son-sac-et-donne-sa-strategie-pour-sortir-le-senegal-de-lorniere-public-tv\/"]}]},{"@type":"ImageObject","inLanguage":"fr-FR","@id":"https:\/\/www.public.sn\/index.php\/2023\/01\/04\/accule-par-adf-bougane-vide-son-sac-et-donne-sa-strategie-pour-sortir-le-senegal-de-lorniere-public-tv\/#primaryimage","url":"https:\/\/www.public.sn\/wp-content\/uploads\/2023\/01\/WhatsApp-Image-2023-01-04-at-16.25.15.jpeg","contentUrl":"https:\/\/www.public.sn\/wp-content\/uploads\/2023\/01\/WhatsApp-Image-2023-01-04-at-16.25.15.jpeg","width":1024,"height":682},{"@type":"BreadcrumbList","@id":"https:\/\/www.public.sn\/index.php\/2023\/01\/04\/accule-par-adf-bougane-vide-son-sac-et-donne-sa-strategie-pour-sortir-le-senegal-de-lorniere-public-tv\/#breadcrumb","itemListElement":[{"@type":"ListItem","position":1,"name":"Accueil","item":"https:\/\/www.public.sn\/"},{"@type":"ListItem","position":2,"name":"Accul\u00e9 par ADF, Bougane vide son sac et donne sa strat\u00e9gie pour sortir le S\u00e9n\u00e9gal de l&rsquo;orni\u00e8re (Public TV)"}]},{"@type":"WebSite","@id":"https:\/\/www.public.sn\/#website","url":"https:\/\/www.public.sn\/","name":"LE PUBLIC","description":"","publisher":{"@id":"https:\/\/www.public.sn\/#organization"},"potentialAction":[{"@type":"SearchAction","target":{"@type":"EntryPoint","urlTemplate":"https:\/\/www.public.sn\/?s={search_term_string}"},"query-input":{"@type":"PropertyValueSpecification","valueRequired":true,"valueName":"search_term_string"}}],"inLanguage":"fr-FR"},{"@type":"Organization","@id":"https:\/\/www.public.sn\/#organization","name":"LE PUBLIC","url":"https:\/\/www.public.sn\/","logo":{"@type":"ImageObject","inLanguage":"fr-FR","@id":"https:\/\/www.public.sn\/#\/schema\/logo\/image\/","url":"https:\/\/www.public.sn\/wp-content\/uploads\/2024\/05\/cropped-LOGO-PUBLIC.SN_.png","contentUrl":"https:\/\/www.public.sn\/wp-content\/uploads\/2024\/05\/cropped-LOGO-PUBLIC.SN_.png","width":682,"height":192,"caption":"LE PUBLIC"},"image":{"@id":"https:\/\/www.public.sn\/#\/schema\/logo\/image\/"}},{"@type":"Person","@id":"https:\/\/www.public.sn\/#\/schema\/person\/e3f4a11b037d4203902db148f9bc8d5a","name":"LA REDACTION","image":{"@type":"ImageObject","inLanguage":"fr-FR","@id":"https:\/\/www.public.sn\/#\/schema\/person\/image\/","url":"https:\/\/secure.gravatar.com\/avatar\/d6c030db45db2883c075085c5d6c6258654a801a93766b49af0b82d4f454e2a5?s=96&d=mm&r=g","contentUrl":"https:\/\/secure.gravatar.com\/avatar\/d6c030db45db2883c075085c5d6c6258654a801a93766b49af0b82d4f454e2a5?s=96&d=mm&r=g","caption":"LA REDACTION"},"sameAs":["http:\/\/www.public.sn"],"url":"https:\/\/www.public.sn\/index.php\/author\/admin7324\/"}]}},"jetpack_featured_media_url":"https:\/\/www.public.sn\/wp-content\/uploads\/2023\/01\/WhatsApp-Image-2023-01-04-at-16.25.15.jpeg","jetpack_sharing_enabled":true,"_links":{"self":[{"href":"https:\/\/www.public.sn\/index.php\/wp-json\/wp\/v2\/posts\/13273","targetHints":{"allow":["GET"]}}],"collection":[{"href":"https:\/\/www.public.sn\/index.php\/wp-json\/wp\/v2\/posts"}],"about":[{"href":"https:\/\/www.public.sn\/index.php\/wp-json\/wp\/v2\/types\/post"}],"author":[{"embeddable":true,"href":"https:\/\/www.public.sn\/index.php\/wp-json\/wp\/v2\/users\/1"}],"replies":[{"embeddable":true,"href":"https:\/\/www.public.sn\/index.php\/wp-json\/wp\/v2\/comments?post=13273"}],"version-history":[{"count":5,"href":"https:\/\/www.public.sn\/index.php\/wp-json\/wp\/v2\/posts\/13273\/revisions"}],"predecessor-version":[{"id":13284,"href":"https:\/\/www.public.sn\/index.php\/wp-json\/wp\/v2\/posts\/13273\/revisions\/13284"}],"wp:featuredmedia":[{"embeddable":true,"href":"https:\/\/www.public.sn\/index.php\/wp-json\/wp\/v2\/media\/13274"}],"wp:attachment":[{"href":"https:\/\/www.public.sn\/index.php\/wp-json\/wp\/v2\/media?parent=13273"}],"wp:term":[{"taxonomy":"category","embeddable":true,"href":"https:\/\/www.public.sn\/index.php\/wp-json\/wp\/v2\/categories?post=13273"},{"taxonomy":"post_tag","embeddable":true,"href":"https:\/\/www.public.sn\/index.php\/wp-json\/wp\/v2\/tags?post=13273"}],"curies":[{"name":"wp","href":"https:\/\/api.w.org\/{rel}","templated":true}]}}