{"id":1328,"date":"2022-09-05T17:45:59","date_gmt":"2022-09-05T15:45:59","guid":{"rendered":"https:\/\/www.public.sn\/?p=1328"},"modified":"2022-09-05T17:46:00","modified_gmt":"2022-09-05T15:46:00","slug":"ofnac-le-mandat-renouvele-de-la-presidente-mme-seynabou-ndiaye-diakhate-epuise","status":"publish","type":"post","link":"https:\/\/www.public.sn\/index.php\/2022\/09\/05\/ofnac-le-mandat-renouvele-de-la-presidente-mme-seynabou-ndiaye-diakhate-epuise\/","title":{"rendered":"OFNAC: Le mandat renouvel\u00e9 de la pr\u00e9sidente Mme Seynabou Ndiaye Diakhat\u00e9 \u00e9puis\u00e9."},"content":{"rendered":"\n<p><strong>Reconduite le 27 juillet 2019 par d\u00e9cret n\u00b02019-1306 \u00e0 la pr\u00e9sidence de l\u2019Office national de lutte contre la fraude et la corruption (Ofnac) Mme Seynabou Ndiaye Diakhat\u00e9 a boucl\u00e9 son dernier mandat de trois ans \u00e0 la t\u00eate de cette autorit\u00e9 administrative ind\u00e9pendante. <\/strong><\/p><div class=\"publi-paragraphe1\" style=\"margin-top: 10px;margin-bottom: 10px;margin-left: auto;margin-right: auto;text-align: center;\" id=\"publi-3877524172\"><div class=\"publi-adlabel\">Publicit\u00e9<\/div><script async src=\"\/\/pagead2.googlesyndication.com\/pagead\/js\/adsbygoogle.js?client=ca-pub-4089586018074219\" crossorigin=\"anonymous\"><\/script><ins class=\"adsbygoogle\" style=\"display:block;\" data-ad-client=\"ca-pub-4089586018074219\" \ndata-ad-slot=\"2087940154\" \ndata-ad-format=\"auto\"><\/ins>\n<script> \n(adsbygoogle = window.adsbygoogle || []).push({}); \n<\/script>\n<\/div>\n\n\n\n<p>Au regard des dispositions de l\u2019article 5 de la loi N\u00b0 2012-30 du 28 d\u00e9cembre 2012 portant cr\u00e9ation de l\u2019OFNAC qui fixent la dur\u00e9e du mandat du Pr\u00e9sident, du Vice-pr\u00e9sident et les autres membres de l\u2019OFNAC \u00e0 une p\u00e9riode de trois (3) ans renouvelables une fois\u00bb, Mme Seynabou Ndiaye Diakhat\u00e9 ayant \u00e9puis\u00e9 ses 2 mandats (2016-2019 ; et 2019-2022) n\u2019a plus droit \u00e0 r\u00e9pondre, si\u00e9ger ou participer au d\u00e9lib\u00e9ration de l\u2019Ofnac.<\/p>\n\n\n\n<p>Avec pour mission la pr\u00e9vention et la lutte contre la fraude, la corruption, les pratiques assimil\u00e9es et les infractions connexes, en vue de promouvoir l\u2019int\u00e9grit\u00e9\u0301 et la probit\u00e9\u0301 dans la gestion des affaires publiques, l\u2019Ofnac est \u00e9galement charg\u00e9 de recevoir les d\u00e9clarations de patrimoine de toutes les personnalit\u00e9s publiques g\u00e9rant un budget \u00e9galement ou sup\u00e9rieur \u00e0 un milliard. <\/p>\n\n\n\n<p>Outre, c\u2019est cet organe qui est charg\u00e9 de recueillir les d\u00e9clarations de patrimoines du nouveau pr\u00e9sident du Conseil constitutionnel et de l\u2019Assembl\u00e9e nationale ainsi que des futurs ministres. <br>Seulement, avec sa composition actuelle irr\u00e9guli\u00e8re depuis le 27 juillet dernier, suscite des interrogations. <br>Le pr\u00e9sident de la R\u00e9publique qui doit proc\u00e9der \u00e0 la nomination du pr\u00e9sident ou du successeur de Mme Ndiaye Diakhat\u00e9 tarde encore \u00e0 le faire. <\/p>\n<div class=\"publi-apres-le-contenu\" style=\"margin-top: 10px;margin-bottom: 10px;margin-left: auto;margin-right: auto;text-align: center;\" id=\"publi-37258299\"><div class=\"publi-adlabel\">Publicit\u00e9<\/div><script async src=\"\/\/pagead2.googlesyndication.com\/pagead\/js\/adsbygoogle.js?client=ca-pub-4089586018074219\" crossorigin=\"anonymous\"><\/script><ins class=\"adsbygoogle\" style=\"display:block;\" data-ad-client=\"ca-pub-4089586018074219\" \ndata-ad-slot=\"2087940154\" \ndata-ad-format=\"auto\"><\/ins>\n<script> \n(adsbygoogle = window.adsbygoogle || []).push({}); \n<\/script>\n<\/div>","protected":false},"excerpt":{"rendered":"<p>Reconduite le 27 juillet 2019 par d\u00e9cret n\u00b02019-1306 \u00e0 la pr\u00e9sidence de l\u2019Office national de lutte contre la fraude et la corruption (Ofnac) Mme Seynabou Ndiaye Diakhat\u00e9 a boucl\u00e9 son dernier mandat de trois ans \u00e0 la t\u00eate de cette autorit\u00e9 administrative ind\u00e9pendante. Au regard des dispositions de l\u2019article 5 de la loi N\u00b0 2012-30 du 28 d\u00e9cembre 2012 portant cr\u00e9ation de l\u2019OFNAC qui fixent la dur\u00e9e du mandat du Pr\u00e9sident, du Vice-pr\u00e9sident et les autres membres de l\u2019OFNAC \u00e0 une p\u00e9riode de trois (3) ans renouvelables une fois\u00bb, Mme Seynabou Ndiaye Diakhat\u00e9 ayant \u00e9puis\u00e9 ses 2 mandats (2016-2019 ; et 2019-2022) n\u2019a plus droit \u00e0 r\u00e9pondre, si\u00e9ger ou participer au d\u00e9lib\u00e9ration de l\u2019Ofnac. Avec pour mission la pr\u00e9vention et la lutte contre la fraude, la corruption, les pratiques assimil\u00e9es et les infractions connexes, en vue de promouvoir l\u2019int\u00e9grit\u00e9\u0301 et la probit\u00e9\u0301 dans la gestion des affaires publiques, l\u2019Ofnac est \u00e9galement charg\u00e9 de recevoir les d\u00e9clarations de patrimoine de toutes les personnalit\u00e9s publiques g\u00e9rant un budget \u00e9galement ou sup\u00e9rieur \u00e0 un milliard. Outre, c\u2019est cet organe qui est charg\u00e9 de recueillir les d\u00e9clarations de patrimoines du nouveau pr\u00e9sident du Conseil constitutionnel et de l\u2019Assembl\u00e9e nationale ainsi que des futurs ministres. Seulement, avec sa composition actuelle irr\u00e9guli\u00e8re depuis le 27 juillet dernier, suscite des interrogations. Le pr\u00e9sident de la R\u00e9publique qui doit proc\u00e9der \u00e0 la nomination du pr\u00e9sident ou du successeur de Mme Ndiaye Diakhat\u00e9 tarde encore \u00e0 le faire.<\/p>\n","protected":false},"author":1,"featured_media":1329,"comment_status":"open","ping_status":"open","sticky":false,"template":"","format":"standard","meta":{"_jetpack_memberships_contains_paid_content":false,"footnotes":""},"categories":[3],"tags":[562,563,565,11,564,560,561],"class_list":["post-1328","post","type-post","status-publish","format-standard","has-post-thumbnail","hentry","category-politique","tag-corruption","tag-fraude","tag-legalite","tag-macky-sall","tag-mandat","tag-mme-seynabou-ndiaye-diakhate","tag-ofnac","entry","has-media","owp-thumbs-layout-horizontal","owp-btn-normal","owp-tabs-layout-horizontal","has-no-thumbnails","has-product-nav"],"yoast_head":"<!-- This site is optimized with the Yoast SEO plugin v25.5 - https:\/\/yoast.com\/wordpress\/plugins\/seo\/ -->\n<title>OFNAC: Le mandat renouvel\u00e9 de la pr\u00e9sidente Mme Seynabou Ndiaye Diakhat\u00e9 \u00e9puis\u00e9. - LE PUBLIC<\/title>\n<meta name=\"robots\" content=\"index, follow, max-snippet:-1, max-image-preview:large, max-video-preview:-1\" \/>\n<link rel=\"canonical\" href=\"https:\/\/www.public.sn\/index.php\/2022\/09\/05\/ofnac-le-mandat-renouvele-de-la-presidente-mme-seynabou-ndiaye-diakhate-epuise\/\" \/>\n<meta property=\"og:locale\" content=\"fr_FR\" \/>\n<meta property=\"og:type\" content=\"article\" \/>\n<meta property=\"og:title\" content=\"OFNAC: Le mandat renouvel\u00e9 de la pr\u00e9sidente Mme Seynabou Ndiaye Diakhat\u00e9 \u00e9puis\u00e9. - LE PUBLIC\" \/>\n<meta property=\"og:description\" content=\"Reconduite le 27 juillet 2019 par d\u00e9cret n\u00b02019-1306 \u00e0 la pr\u00e9sidence de l\u2019Office national de lutte contre la fraude et la corruption (Ofnac) Mme Seynabou Ndiaye Diakhat\u00e9 a boucl\u00e9 son dernier mandat de trois ans \u00e0 la t\u00eate de cette autorit\u00e9 administrative ind\u00e9pendante. Au regard des dispositions de l\u2019article 5 de la loi N\u00b0 2012-30 du 28 d\u00e9cembre 2012 portant cr\u00e9ation de l\u2019OFNAC qui fixent la dur\u00e9e du mandat du Pr\u00e9sident, du Vice-pr\u00e9sident et les autres membres de l\u2019OFNAC \u00e0 une p\u00e9riode de trois (3) ans renouvelables une fois\u00bb, Mme Seynabou Ndiaye Diakhat\u00e9 ayant \u00e9puis\u00e9 ses 2 mandats (2016-2019 ; et 2019-2022) n\u2019a plus droit \u00e0 r\u00e9pondre, si\u00e9ger ou participer au d\u00e9lib\u00e9ration de l\u2019Ofnac. Avec pour mission la pr\u00e9vention et la lutte contre la fraude, la corruption, les pratiques assimil\u00e9es et les infractions connexes, en vue de promouvoir l\u2019int\u00e9grit\u00e9\u0301 et la probit\u00e9\u0301 dans la gestion des affaires publiques, l\u2019Ofnac est \u00e9galement charg\u00e9 de recevoir les d\u00e9clarations de patrimoine de toutes les personnalit\u00e9s publiques g\u00e9rant un budget \u00e9galement ou sup\u00e9rieur \u00e0 un milliard. Outre, c\u2019est cet organe qui est charg\u00e9 de recueillir les d\u00e9clarations de patrimoines du nouveau pr\u00e9sident du Conseil constitutionnel et de l\u2019Assembl\u00e9e nationale ainsi que des futurs ministres. Seulement, avec sa composition actuelle irr\u00e9guli\u00e8re depuis le 27 juillet dernier, suscite des interrogations. Le pr\u00e9sident de la R\u00e9publique qui doit proc\u00e9der \u00e0 la nomination du pr\u00e9sident ou du successeur de Mme Ndiaye Diakhat\u00e9 tarde encore \u00e0 le faire.\" \/>\n<meta property=\"og:url\" content=\"https:\/\/www.public.sn\/index.php\/2022\/09\/05\/ofnac-le-mandat-renouvele-de-la-presidente-mme-seynabou-ndiaye-diakhate-epuise\/\" \/>\n<meta property=\"og:site_name\" content=\"LE PUBLIC\" \/>\n<meta property=\"article:published_time\" content=\"2022-09-05T15:45:59+00:00\" \/>\n<meta property=\"article:modified_time\" content=\"2022-09-05T15:46:00+00:00\" \/>\n<meta property=\"og:image\" content=\"https:\/\/www.public.sn\/wp-content\/uploads\/2022\/09\/23F72C96-56A7-453D-938A-DFDC8F48CE90.jpeg\" \/>\n\t<meta property=\"og:image:width\" content=\"755\" \/>\n\t<meta property=\"og:image:height\" content=\"449\" \/>\n\t<meta property=\"og:image:type\" content=\"image\/jpeg\" \/>\n<meta name=\"author\" content=\"LA REDACTION\" \/>\n<meta name=\"twitter:card\" content=\"summary_large_image\" \/>\n<meta name=\"twitter:label1\" content=\"\u00c9crit par\" \/>\n\t<meta name=\"twitter:data1\" content=\"LA REDACTION\" \/>\n\t<meta name=\"twitter:label2\" content=\"Dur\u00e9e de lecture estim\u00e9e\" \/>\n\t<meta name=\"twitter:data2\" content=\"2 minutes\" \/>\n<script type=\"application\/ld+json\" class=\"yoast-schema-graph\">{\"@context\":\"https:\/\/schema.org\",\"@graph\":[{\"@type\":\"Article\",\"@id\":\"https:\/\/www.public.sn\/index.php\/2022\/09\/05\/ofnac-le-mandat-renouvele-de-la-presidente-mme-seynabou-ndiaye-diakhate-epuise\/#article\",\"isPartOf\":{\"@id\":\"https:\/\/www.public.sn\/index.php\/2022\/09\/05\/ofnac-le-mandat-renouvele-de-la-presidente-mme-seynabou-ndiaye-diakhate-epuise\/\"},\"author\":{\"name\":\"LA REDACTION\",\"@id\":\"https:\/\/www.public.sn\/#\/schema\/person\/e3f4a11b037d4203902db148f9bc8d5a\"},\"headline\":\"OFNAC: Le mandat renouvel\u00e9 de la pr\u00e9sidente Mme Seynabou Ndiaye Diakhat\u00e9 \u00e9puis\u00e9.\",\"datePublished\":\"2022-09-05T15:45:59+00:00\",\"dateModified\":\"2022-09-05T15:46:00+00:00\",\"mainEntityOfPage\":{\"@id\":\"https:\/\/www.public.sn\/index.php\/2022\/09\/05\/ofnac-le-mandat-renouvele-de-la-presidente-mme-seynabou-ndiaye-diakhate-epuise\/\"},\"wordCount\":277,\"commentCount\":0,\"publisher\":{\"@id\":\"https:\/\/www.public.sn\/#organization\"},\"image\":{\"@id\":\"https:\/\/www.public.sn\/index.php\/2022\/09\/05\/ofnac-le-mandat-renouvele-de-la-presidente-mme-seynabou-ndiaye-diakhate-epuise\/#primaryimage\"},\"thumbnailUrl\":\"https:\/\/www.public.sn\/wp-content\/uploads\/2022\/09\/23F72C96-56A7-453D-938A-DFDC8F48CE90.jpeg\",\"keywords\":[\"Corruption\",\"Fraude\",\"L\u00e9galit\u00e9\",\"Macky Sall\",\"Mandat\",\"Mme Seynabou Ndiaye Diakhat\u00e9\",\"Ofnac\"],\"articleSection\":[\"POLITIQUE\"],\"inLanguage\":\"fr-FR\",\"potentialAction\":[{\"@type\":\"CommentAction\",\"name\":\"Comment\",\"target\":[\"https:\/\/www.public.sn\/index.php\/2022\/09\/05\/ofnac-le-mandat-renouvele-de-la-presidente-mme-seynabou-ndiaye-diakhate-epuise\/#respond\"]}]},{\"@type\":\"WebPage\",\"@id\":\"https:\/\/www.public.sn\/index.php\/2022\/09\/05\/ofnac-le-mandat-renouvele-de-la-presidente-mme-seynabou-ndiaye-diakhate-epuise\/\",\"url\":\"https:\/\/www.public.sn\/index.php\/2022\/09\/05\/ofnac-le-mandat-renouvele-de-la-presidente-mme-seynabou-ndiaye-diakhate-epuise\/\",\"name\":\"OFNAC: Le mandat renouvel\u00e9 de la pr\u00e9sidente Mme Seynabou Ndiaye Diakhat\u00e9 \u00e9puis\u00e9. - LE PUBLIC\",\"isPartOf\":{\"@id\":\"https:\/\/www.public.sn\/#website\"},\"primaryImageOfPage\":{\"@id\":\"https:\/\/www.public.sn\/index.php\/2022\/09\/05\/ofnac-le-mandat-renouvele-de-la-presidente-mme-seynabou-ndiaye-diakhate-epuise\/#primaryimage\"},\"image\":{\"@id\":\"https:\/\/www.public.sn\/index.php\/2022\/09\/05\/ofnac-le-mandat-renouvele-de-la-presidente-mme-seynabou-ndiaye-diakhate-epuise\/#primaryimage\"},\"thumbnailUrl\":\"https:\/\/www.public.sn\/wp-content\/uploads\/2022\/09\/23F72C96-56A7-453D-938A-DFDC8F48CE90.jpeg\",\"datePublished\":\"2022-09-05T15:45:59+00:00\",\"dateModified\":\"2022-09-05T15:46:00+00:00\",\"breadcrumb\":{\"@id\":\"https:\/\/www.public.sn\/index.php\/2022\/09\/05\/ofnac-le-mandat-renouvele-de-la-presidente-mme-seynabou-ndiaye-diakhate-epuise\/#breadcrumb\"},\"inLanguage\":\"fr-FR\",\"potentialAction\":[{\"@type\":\"ReadAction\",\"target\":[\"https:\/\/www.public.sn\/index.php\/2022\/09\/05\/ofnac-le-mandat-renouvele-de-la-presidente-mme-seynabou-ndiaye-diakhate-epuise\/\"]}]},{\"@type\":\"ImageObject\",\"inLanguage\":\"fr-FR\",\"@id\":\"https:\/\/www.public.sn\/index.php\/2022\/09\/05\/ofnac-le-mandat-renouvele-de-la-presidente-mme-seynabou-ndiaye-diakhate-epuise\/#primaryimage\",\"url\":\"https:\/\/www.public.sn\/wp-content\/uploads\/2022\/09\/23F72C96-56A7-453D-938A-DFDC8F48CE90.jpeg\",\"contentUrl\":\"https:\/\/www.public.sn\/wp-content\/uploads\/2022\/09\/23F72C96-56A7-453D-938A-DFDC8F48CE90.jpeg\",\"width\":755,\"height\":449},{\"@type\":\"BreadcrumbList\",\"@id\":\"https:\/\/www.public.sn\/index.php\/2022\/09\/05\/ofnac-le-mandat-renouvele-de-la-presidente-mme-seynabou-ndiaye-diakhate-epuise\/#breadcrumb\",\"itemListElement\":[{\"@type\":\"ListItem\",\"position\":1,\"name\":\"Accueil\",\"item\":\"https:\/\/www.public.sn\/\"},{\"@type\":\"ListItem\",\"position\":2,\"name\":\"OFNAC: Le mandat renouvel\u00e9 de la pr\u00e9sidente Mme Seynabou Ndiaye Diakhat\u00e9 \u00e9puis\u00e9.\"}]},{\"@type\":\"WebSite\",\"@id\":\"https:\/\/www.public.sn\/#website\",\"url\":\"https:\/\/www.public.sn\/\",\"name\":\"LE PUBLIC\",\"description\":\"\",\"publisher\":{\"@id\":\"https:\/\/www.public.sn\/#organization\"},\"potentialAction\":[{\"@type\":\"SearchAction\",\"target\":{\"@type\":\"EntryPoint\",\"urlTemplate\":\"https:\/\/www.public.sn\/?s={search_term_string}\"},\"query-input\":{\"@type\":\"PropertyValueSpecification\",\"valueRequired\":true,\"valueName\":\"search_term_string\"}}],\"inLanguage\":\"fr-FR\"},{\"@type\":\"Organization\",\"@id\":\"https:\/\/www.public.sn\/#organization\",\"name\":\"LE PUBLIC\",\"url\":\"https:\/\/www.public.sn\/\",\"logo\":{\"@type\":\"ImageObject\",\"inLanguage\":\"fr-FR\",\"@id\":\"https:\/\/www.public.sn\/#\/schema\/logo\/image\/\",\"url\":\"https:\/\/www.public.sn\/wp-content\/uploads\/2024\/05\/cropped-LOGO-PUBLIC.SN_.png\",\"contentUrl\":\"https:\/\/www.public.sn\/wp-content\/uploads\/2024\/05\/cropped-LOGO-PUBLIC.SN_.png\",\"width\":682,\"height\":192,\"caption\":\"LE PUBLIC\"},\"image\":{\"@id\":\"https:\/\/www.public.sn\/#\/schema\/logo\/image\/\"}},{\"@type\":\"Person\",\"@id\":\"https:\/\/www.public.sn\/#\/schema\/person\/e3f4a11b037d4203902db148f9bc8d5a\",\"name\":\"LA REDACTION\",\"image\":{\"@type\":\"ImageObject\",\"inLanguage\":\"fr-FR\",\"@id\":\"https:\/\/www.public.sn\/#\/schema\/person\/image\/\",\"url\":\"https:\/\/secure.gravatar.com\/avatar\/d6c030db45db2883c075085c5d6c6258654a801a93766b49af0b82d4f454e2a5?s=96&d=mm&r=g\",\"contentUrl\":\"https:\/\/secure.gravatar.com\/avatar\/d6c030db45db2883c075085c5d6c6258654a801a93766b49af0b82d4f454e2a5?s=96&d=mm&r=g\",\"caption\":\"LA REDACTION\"},\"sameAs\":[\"http:\/\/www.public.sn\"],\"url\":\"https:\/\/www.public.sn\/index.php\/author\/admin7324\/\"}]}<\/script>\n<!-- \/ Yoast SEO plugin. -->","yoast_head_json":{"title":"OFNAC: Le mandat renouvel\u00e9 de la pr\u00e9sidente Mme Seynabou Ndiaye Diakhat\u00e9 \u00e9puis\u00e9. - LE PUBLIC","robots":{"index":"index","follow":"follow","max-snippet":"max-snippet:-1","max-image-preview":"max-image-preview:large","max-video-preview":"max-video-preview:-1"},"canonical":"https:\/\/www.public.sn\/index.php\/2022\/09\/05\/ofnac-le-mandat-renouvele-de-la-presidente-mme-seynabou-ndiaye-diakhate-epuise\/","og_locale":"fr_FR","og_type":"article","og_title":"OFNAC: Le mandat renouvel\u00e9 de la pr\u00e9sidente Mme Seynabou Ndiaye Diakhat\u00e9 \u00e9puis\u00e9. - LE PUBLIC","og_description":"Reconduite le 27 juillet 2019 par d\u00e9cret n\u00b02019-1306 \u00e0 la pr\u00e9sidence de l\u2019Office national de lutte contre la fraude et la corruption (Ofnac) Mme Seynabou Ndiaye Diakhat\u00e9 a boucl\u00e9 son dernier mandat de trois ans \u00e0 la t\u00eate de cette autorit\u00e9 administrative ind\u00e9pendante. Au regard des dispositions de l\u2019article 5 de la loi N\u00b0 2012-30 du 28 d\u00e9cembre 2012 portant cr\u00e9ation de l\u2019OFNAC qui fixent la dur\u00e9e du mandat du Pr\u00e9sident, du Vice-pr\u00e9sident et les autres membres de l\u2019OFNAC \u00e0 une p\u00e9riode de trois (3) ans renouvelables une fois\u00bb, Mme Seynabou Ndiaye Diakhat\u00e9 ayant \u00e9puis\u00e9 ses 2 mandats (2016-2019 ; et 2019-2022) n\u2019a plus droit \u00e0 r\u00e9pondre, si\u00e9ger ou participer au d\u00e9lib\u00e9ration de l\u2019Ofnac. Avec pour mission la pr\u00e9vention et la lutte contre la fraude, la corruption, les pratiques assimil\u00e9es et les infractions connexes, en vue de promouvoir l\u2019int\u00e9grit\u00e9\u0301 et la probit\u00e9\u0301 dans la gestion des affaires publiques, l\u2019Ofnac est \u00e9galement charg\u00e9 de recevoir les d\u00e9clarations de patrimoine de toutes les personnalit\u00e9s publiques g\u00e9rant un budget \u00e9galement ou sup\u00e9rieur \u00e0 un milliard. Outre, c\u2019est cet organe qui est charg\u00e9 de recueillir les d\u00e9clarations de patrimoines du nouveau pr\u00e9sident du Conseil constitutionnel et de l\u2019Assembl\u00e9e nationale ainsi que des futurs ministres. Seulement, avec sa composition actuelle irr\u00e9guli\u00e8re depuis le 27 juillet dernier, suscite des interrogations. Le pr\u00e9sident de la R\u00e9publique qui doit proc\u00e9der \u00e0 la nomination du pr\u00e9sident ou du successeur de Mme Ndiaye Diakhat\u00e9 tarde encore \u00e0 le faire.","og_url":"https:\/\/www.public.sn\/index.php\/2022\/09\/05\/ofnac-le-mandat-renouvele-de-la-presidente-mme-seynabou-ndiaye-diakhate-epuise\/","og_site_name":"LE PUBLIC","article_published_time":"2022-09-05T15:45:59+00:00","article_modified_time":"2022-09-05T15:46:00+00:00","og_image":[{"width":755,"height":449,"url":"https:\/\/www.public.sn\/wp-content\/uploads\/2022\/09\/23F72C96-56A7-453D-938A-DFDC8F48CE90.jpeg","type":"image\/jpeg"}],"author":"LA REDACTION","twitter_card":"summary_large_image","twitter_misc":{"\u00c9crit par":"LA REDACTION","Dur\u00e9e de lecture estim\u00e9e":"2 minutes"},"schema":{"@context":"https:\/\/schema.org","@graph":[{"@type":"Article","@id":"https:\/\/www.public.sn\/index.php\/2022\/09\/05\/ofnac-le-mandat-renouvele-de-la-presidente-mme-seynabou-ndiaye-diakhate-epuise\/#article","isPartOf":{"@id":"https:\/\/www.public.sn\/index.php\/2022\/09\/05\/ofnac-le-mandat-renouvele-de-la-presidente-mme-seynabou-ndiaye-diakhate-epuise\/"},"author":{"name":"LA REDACTION","@id":"https:\/\/www.public.sn\/#\/schema\/person\/e3f4a11b037d4203902db148f9bc8d5a"},"headline":"OFNAC: Le mandat renouvel\u00e9 de la pr\u00e9sidente Mme Seynabou Ndiaye Diakhat\u00e9 \u00e9puis\u00e9.","datePublished":"2022-09-05T15:45:59+00:00","dateModified":"2022-09-05T15:46:00+00:00","mainEntityOfPage":{"@id":"https:\/\/www.public.sn\/index.php\/2022\/09\/05\/ofnac-le-mandat-renouvele-de-la-presidente-mme-seynabou-ndiaye-diakhate-epuise\/"},"wordCount":277,"commentCount":0,"publisher":{"@id":"https:\/\/www.public.sn\/#organization"},"image":{"@id":"https:\/\/www.public.sn\/index.php\/2022\/09\/05\/ofnac-le-mandat-renouvele-de-la-presidente-mme-seynabou-ndiaye-diakhate-epuise\/#primaryimage"},"thumbnailUrl":"https:\/\/www.public.sn\/wp-content\/uploads\/2022\/09\/23F72C96-56A7-453D-938A-DFDC8F48CE90.jpeg","keywords":["Corruption","Fraude","L\u00e9galit\u00e9","Macky Sall","Mandat","Mme Seynabou Ndiaye Diakhat\u00e9","Ofnac"],"articleSection":["POLITIQUE"],"inLanguage":"fr-FR","potentialAction":[{"@type":"CommentAction","name":"Comment","target":["https:\/\/www.public.sn\/index.php\/2022\/09\/05\/ofnac-le-mandat-renouvele-de-la-presidente-mme-seynabou-ndiaye-diakhate-epuise\/#respond"]}]},{"@type":"WebPage","@id":"https:\/\/www.public.sn\/index.php\/2022\/09\/05\/ofnac-le-mandat-renouvele-de-la-presidente-mme-seynabou-ndiaye-diakhate-epuise\/","url":"https:\/\/www.public.sn\/index.php\/2022\/09\/05\/ofnac-le-mandat-renouvele-de-la-presidente-mme-seynabou-ndiaye-diakhate-epuise\/","name":"OFNAC: Le mandat renouvel\u00e9 de la pr\u00e9sidente Mme Seynabou Ndiaye Diakhat\u00e9 \u00e9puis\u00e9. - LE PUBLIC","isPartOf":{"@id":"https:\/\/www.public.sn\/#website"},"primaryImageOfPage":{"@id":"https:\/\/www.public.sn\/index.php\/2022\/09\/05\/ofnac-le-mandat-renouvele-de-la-presidente-mme-seynabou-ndiaye-diakhate-epuise\/#primaryimage"},"image":{"@id":"https:\/\/www.public.sn\/index.php\/2022\/09\/05\/ofnac-le-mandat-renouvele-de-la-presidente-mme-seynabou-ndiaye-diakhate-epuise\/#primaryimage"},"thumbnailUrl":"https:\/\/www.public.sn\/wp-content\/uploads\/2022\/09\/23F72C96-56A7-453D-938A-DFDC8F48CE90.jpeg","datePublished":"2022-09-05T15:45:59+00:00","dateModified":"2022-09-05T15:46:00+00:00","breadcrumb":{"@id":"https:\/\/www.public.sn\/index.php\/2022\/09\/05\/ofnac-le-mandat-renouvele-de-la-presidente-mme-seynabou-ndiaye-diakhate-epuise\/#breadcrumb"},"inLanguage":"fr-FR","potentialAction":[{"@type":"ReadAction","target":["https:\/\/www.public.sn\/index.php\/2022\/09\/05\/ofnac-le-mandat-renouvele-de-la-presidente-mme-seynabou-ndiaye-diakhate-epuise\/"]}]},{"@type":"ImageObject","inLanguage":"fr-FR","@id":"https:\/\/www.public.sn\/index.php\/2022\/09\/05\/ofnac-le-mandat-renouvele-de-la-presidente-mme-seynabou-ndiaye-diakhate-epuise\/#primaryimage","url":"https:\/\/www.public.sn\/wp-content\/uploads\/2022\/09\/23F72C96-56A7-453D-938A-DFDC8F48CE90.jpeg","contentUrl":"https:\/\/www.public.sn\/wp-content\/uploads\/2022\/09\/23F72C96-56A7-453D-938A-DFDC8F48CE90.jpeg","width":755,"height":449},{"@type":"BreadcrumbList","@id":"https:\/\/www.public.sn\/index.php\/2022\/09\/05\/ofnac-le-mandat-renouvele-de-la-presidente-mme-seynabou-ndiaye-diakhate-epuise\/#breadcrumb","itemListElement":[{"@type":"ListItem","position":1,"name":"Accueil","item":"https:\/\/www.public.sn\/"},{"@type":"ListItem","position":2,"name":"OFNAC: Le mandat renouvel\u00e9 de la pr\u00e9sidente Mme Seynabou Ndiaye Diakhat\u00e9 \u00e9puis\u00e9."}]},{"@type":"WebSite","@id":"https:\/\/www.public.sn\/#website","url":"https:\/\/www.public.sn\/","name":"LE PUBLIC","description":"","publisher":{"@id":"https:\/\/www.public.sn\/#organization"},"potentialAction":[{"@type":"SearchAction","target":{"@type":"EntryPoint","urlTemplate":"https:\/\/www.public.sn\/?s={search_term_string}"},"query-input":{"@type":"PropertyValueSpecification","valueRequired":true,"valueName":"search_term_string"}}],"inLanguage":"fr-FR"},{"@type":"Organization","@id":"https:\/\/www.public.sn\/#organization","name":"LE PUBLIC","url":"https:\/\/www.public.sn\/","logo":{"@type":"ImageObject","inLanguage":"fr-FR","@id":"https:\/\/www.public.sn\/#\/schema\/logo\/image\/","url":"https:\/\/www.public.sn\/wp-content\/uploads\/2024\/05\/cropped-LOGO-PUBLIC.SN_.png","contentUrl":"https:\/\/www.public.sn\/wp-content\/uploads\/2024\/05\/cropped-LOGO-PUBLIC.SN_.png","width":682,"height":192,"caption":"LE PUBLIC"},"image":{"@id":"https:\/\/www.public.sn\/#\/schema\/logo\/image\/"}},{"@type":"Person","@id":"https:\/\/www.public.sn\/#\/schema\/person\/e3f4a11b037d4203902db148f9bc8d5a","name":"LA REDACTION","image":{"@type":"ImageObject","inLanguage":"fr-FR","@id":"https:\/\/www.public.sn\/#\/schema\/person\/image\/","url":"https:\/\/secure.gravatar.com\/avatar\/d6c030db45db2883c075085c5d6c6258654a801a93766b49af0b82d4f454e2a5?s=96&d=mm&r=g","contentUrl":"https:\/\/secure.gravatar.com\/avatar\/d6c030db45db2883c075085c5d6c6258654a801a93766b49af0b82d4f454e2a5?s=96&d=mm&r=g","caption":"LA REDACTION"},"sameAs":["http:\/\/www.public.sn"],"url":"https:\/\/www.public.sn\/index.php\/author\/admin7324\/"}]}},"jetpack_featured_media_url":"https:\/\/www.public.sn\/wp-content\/uploads\/2022\/09\/23F72C96-56A7-453D-938A-DFDC8F48CE90.jpeg","jetpack_sharing_enabled":true,"_links":{"self":[{"href":"https:\/\/www.public.sn\/index.php\/wp-json\/wp\/v2\/posts\/1328","targetHints":{"allow":["GET"]}}],"collection":[{"href":"https:\/\/www.public.sn\/index.php\/wp-json\/wp\/v2\/posts"}],"about":[{"href":"https:\/\/www.public.sn\/index.php\/wp-json\/wp\/v2\/types\/post"}],"author":[{"embeddable":true,"href":"https:\/\/www.public.sn\/index.php\/wp-json\/wp\/v2\/users\/1"}],"replies":[{"embeddable":true,"href":"https:\/\/www.public.sn\/index.php\/wp-json\/wp\/v2\/comments?post=1328"}],"version-history":[{"count":1,"href":"https:\/\/www.public.sn\/index.php\/wp-json\/wp\/v2\/posts\/1328\/revisions"}],"predecessor-version":[{"id":1330,"href":"https:\/\/www.public.sn\/index.php\/wp-json\/wp\/v2\/posts\/1328\/revisions\/1330"}],"wp:featuredmedia":[{"embeddable":true,"href":"https:\/\/www.public.sn\/index.php\/wp-json\/wp\/v2\/media\/1329"}],"wp:attachment":[{"href":"https:\/\/www.public.sn\/index.php\/wp-json\/wp\/v2\/media?parent=1328"}],"wp:term":[{"taxonomy":"category","embeddable":true,"href":"https:\/\/www.public.sn\/index.php\/wp-json\/wp\/v2\/categories?post=1328"},{"taxonomy":"post_tag","embeddable":true,"href":"https:\/\/www.public.sn\/index.php\/wp-json\/wp\/v2\/tags?post=1328"}],"curies":[{"name":"wp","href":"https:\/\/api.w.org\/{rel}","templated":true}]}}