{"id":13285,"date":"2023-01-04T21:24:12","date_gmt":"2023-01-04T21:24:12","guid":{"rendered":"https:\/\/www.public.sn\/?p=13285"},"modified":"2023-01-04T21:24:12","modified_gmt":"2023-01-04T21:24:12","slug":"communique-du-conseil-des-ministres-du-4-janvier-2022","status":"publish","type":"post","link":"https:\/\/www.public.sn\/index.php\/2023\/01\/04\/communique-du-conseil-des-ministres-du-4-janvier-2022\/","title":{"rendered":"Communiqu\u00e9 du Conseil des ministres du 4 janvier 2022"},"content":{"rendered":"<p><strong>Le Pr\u00e9sident de la R\u00e9publique, Son Excellence Macky SALL, a pr\u00e9sid\u00e9 le Conseil des Ministres, ce mercredi 04 janvier 2023, au Palais de la R\u00e9publique.<\/strong><\/p><div class=\"publi-paragraphe1\" style=\"margin-top: 10px;margin-bottom: 10px;margin-left: auto;margin-right: auto;text-align: center;\" id=\"publi-571594178\"><div class=\"publi-adlabel\">Publicit\u00e9<\/div><script async src=\"\/\/pagead2.googlesyndication.com\/pagead\/js\/adsbygoogle.js?client=ca-pub-4089586018074219\" crossorigin=\"anonymous\"><\/script><ins class=\"adsbygoogle\" style=\"display:block;\" data-ad-client=\"ca-pub-4089586018074219\" \ndata-ad-slot=\"2087940154\" \ndata-ad-format=\"auto\"><\/ins>\n<script> \n(adsbygoogle = window.adsbygoogle || []).push({}); \n<\/script>\n<\/div>\n<p>A l\u2019entame de sa communication, le Chef de l\u2019Etat a pr\u00e9sent\u00e9, \u00e0 nouveau, ses meilleurs v\u0153ux au<br \/>\nGouvernement, \u00e0 nos compatriotes et aux h\u00f4tes \u00e9trangers qui vivent au S\u00e9n\u00e9gal.<\/p>\n<p>Le Pr\u00e9sident de la R\u00e9publique a invit\u00e9 le Gouvernement \u00e0 faire de 2023 une ann\u00e9e de paix, de<br \/>\nstabilit\u00e9, de solidarit\u00e9 et de consolidation des performances \u00e9conomiques et sociales du S\u00e9n\u00e9gal<br \/>\ndans l\u2019esprit du \u00ab fast track \u00bb.<\/p>\n<p>Revenant sur son message \u00e0 la nation du 31 d\u00e9cembre 2022, le Chef de l\u2019Etat a rappel\u00e9 la n\u00e9cessit\u00e9<br \/>\nd\u2019intensifier les r\u00e9alisations sectorielles dans la dynamique du Plan S\u00e9n\u00e9gal \u00e9mergent (PSE).<\/p>\n<p>Le Pr\u00e9sident de la R\u00e9publique est revenu sur le bilan de certaines r\u00e9alisations majeures de l\u2019Etat,<br \/>\ntout en indiquant des priorit\u00e9s de l\u2019action gouvernementale en ce qui concerne plusieurs secteurs<br \/>\net minist\u00e8res.<\/p>\n<p>A cet effet, le Pr\u00e9sident de la R\u00e9publique a demand\u00e9 au Premier Ministre, sur la base des<br \/>\norientations et des \u00e9valuations des programmes et projets ex\u00e9cut\u00e9s ou en cours, de proposer, un<br \/>\nplan d\u2019action du Gouvernement sur l\u2019ann\u00e9e 2023 qui sera examin\u00e9 et valid\u00e9 en Conseil des<br \/>\nministres.<\/p>\n<p>En cons\u00e9quence, le Chef de l\u2019Etat a rappel\u00e9 la n\u00e9cessit\u00e9 de veiller \u00e0 l\u2019ex\u00e9cution optimale de la loi<br \/>\nde finances pour l\u2019ann\u00e9e 2023, en particulier des programmes minist\u00e9riels et d\u2019anticiper sur toutes<br \/>\nles proc\u00e9dures de passation de march\u00e9s conform\u00e9ment au nouveau Code entr\u00e9 en vigueur.<\/p>\n<p>En outre, le Pr\u00e9sident de la R\u00e9publique a indiqu\u00e9 au Gouvernement, l\u2019urgence de finaliser l\u2019agenda<br \/>\nl\u00e9gislatif et r\u00e9glementaire de l\u2019ann\u00e9e ; de programmer et de pr\u00e9parer les conseils interminist\u00e9riels<br \/>\nhabituels ; et de planifier l\u2019ex\u00e9cution, \u00e0 date, des investissements prioritaires r\u00e9gionaux issus des<br \/>\nConseils pr\u00e9sidentiels et Conseils des ministres territorialis\u00e9s.<\/p>\n<p>Le Chef de l\u2019Etat a rappel\u00e9 le marqueur de l\u2019action du Gouvernement avec une orientation sociale<br \/>\nforte par une focalisation sur la lutte contre la vie ch\u00e8re, la baisse des loyers, le renforcement de la<br \/>\nsolidarit\u00e9 nationale et l\u2019acc\u00e9l\u00e9ration de la mise en \u0153uvre des programmes d\u2019\u00e9quit\u00e9 sociale et<br \/>\nterritoriale (Bourses de s\u00e9curit\u00e9 familiale, couverture sanitaire universelle, acc\u00e8s universel eau et<br \/>\n\u00e9lectricit\u00e9, d\u00e9senclavement, autonomisation \u00e9conomique des femmes, PUDC, PUMA,<br \/>\nPROMOVILLES, PACASEN urbain et rural \u2026).<\/p>\n<p>A cet effet, le Pr\u00e9sident de la R\u00e9publique a rappel\u00e9 au Gouvernement, l\u2019imp\u00e9ratif de veiller au<br \/>\npaiement, \u00e0 compter de janvier 2023, des bourses de s\u00e9curit\u00e9 familiale (revaloris\u00e9es de 10.000<br \/>\nFCFA et port\u00e9es 35.000 FCFA par trimestre) aux familles concern\u00e9es.<\/p>\n<p>Dans cet esprit, le Chef de l\u2019Etat a demand\u00e9 au Gouvernement, en cette nouvelle ann\u00e9e de<br \/>\nmaintenir la jeunesse, l\u2019emploi, l\u2019entreprenariat et l\u2019insertion comme des urgences sociales<br \/>\nprimordiales. Ainsi, le Pr\u00e9sident de la R\u00e9publique a exhort\u00e9 le Premier Ministre \u00e0 veiller \u00e0 la<br \/>\ncoordination optimale de la mise en \u0153uvre du programme \u00ab XEYU NDAW NI \u00bb, notamment dans<br \/>\nses volets formations, recrutements sp\u00e9ciaux, les financements de la DER\/FJ et fonctionnalit\u00e9 des<br \/>\nP\u00f4les Emploi et Entreprenariat des Jeunes et des Femmes dans les d\u00e9partements.<\/p>\n<p>Abordant l\u2019acc\u00e9l\u00e9ration de la r\u00e9alisation des projets pr\u00e9sidentiels prioritaires, le Pr\u00e9sident de la<br \/>\nR\u00e9publique a demand\u00e9 au Gouvernement d\u2019avoir une attention sp\u00e9ciale sur le suivi de :<br \/>\n\u2022 la finalisation des travaux du BRT ;<br \/>\n\u2022 la Phase II du TER (Diamniadio-AIBD) ;<br \/>\n\u2022 la polyclinique de l\u2019H\u00f4pital principal ;<br \/>\n\u2022 le lancement effectif des travaux du Port multifonction de Ndayane ;<br \/>\n\u2022 les h\u00f4pitaux Le Dantec, de Tivaouane et de Saint louis ;<br \/>\n\u2022 l\u2019ach\u00e8vement de l\u2019Autoroute Mbour Fatick- Kaolack ;<br \/>\n\u2022 le lancement de l\u2019Autoroute Thi\u00e8s-Tivaouane Saint- Louis ;<br \/>\n\u2022 les travaux d\u2019a\u00e9roports dans des localit\u00e9s valid\u00e9es.<\/p>\n<p>En cette ann\u00e9e phare pour le secteur du p\u00e9trole et du Gaz, avec le d\u00e9but de l\u2019exploitation des<br \/>\nressources nationales d\u2019hydrocarbures, le Chef de l\u2019Etat a inform\u00e9 le Conseil de la convocation<br \/>\nprochaine d\u2019un COS-PETROGAZ (Conseil d\u2019orientation strat\u00e9gique sur le p\u00e9trole et le gaz) afin de<br \/>\nfaire la situation sur les projets p\u00e9troliers et gaziers et leurs impacts \u00e0 court, moyen et long termes<br \/>\nsur la vie \u00e9conomique et sociale du S\u00e9n\u00e9gal.<\/p>\n<p>Revenant sur le renforcement de l\u2019Etat de proximit\u00e9 avec les r\u00e9sultats notables des tourn\u00e9es<br \/>\n\u00e9conomiques et des conseils des ministres territorialis\u00e9s, le Chef de l\u2019Etat a r\u00e9it\u00e9r\u00e9 ses<br \/>\nremerciements et f\u00e9licitations aux populations de la r\u00e9gion de Tambacounda pour leur accueil<br \/>\nchaleureux et leur mobilisation exceptionnelle.<\/p>\n<p>Le Pr\u00e9sident de la R\u00e9publique a aussi f\u00e9licit\u00e9 le Ministre de l\u2019Elevage et les acteurs du secteur pour<br \/>\nle succ\u00e8s de la Journ\u00e9e nationale de l\u2019Elevage organis\u00e9e \u00e0 Tambacounda.<\/p>\n<p>Le Chef de l\u2019Etat a r\u00e9it\u00e9r\u00e9 ses f\u00e9licitations et encouragements \u00e0 l\u2019Administration territoriale pour la<br \/>\nbonne organisation de sa tourn\u00e9e \u00e9conomique effectu\u00e9e avec le Gouvernement, du 26 au 30<br \/>\nd\u00e9cembre 2022, qui a fini de confirmer l\u2019imp\u00e9ratif d\u2019une gestion de proximit\u00e9 des urgences<br \/>\n\u00e9conomiques et sociales des zones visit\u00e9es.<\/p>\n<p>Dans le m\u00eame temps, le Pr\u00e9sident de la R\u00e9publique a demand\u00e9 au Premier Ministre et aux ministres<br \/>\nsectoriels d\u2019acc\u00e9l\u00e9rer \u2013 par des visites r\u00e9guli\u00e8res et un suivi au quotidien sur le terrain \u2013 l\u2019ex\u00e9cution<br \/>\ndes projets publics dans les r\u00e9gions, en relation avec les repr\u00e9sentants de l\u2019Etat, les collectivit\u00e9s<br \/>\nterritoriales et les \u00e9lus nationaux.<\/p>\n<p>Le Chef de l\u2019Etat a rappel\u00e9 la n\u00e9cessit\u00e9 de consolider un Etat territorial dynamique et performant<br \/>\navec les acteurs territoriaux par la maitrise exhaustive des projets d\u00e9ploy\u00e9s dans les territoires sur<br \/>\nl\u2019initiative de l\u2019Etat ou des structures non \u00e9tatiques.<\/p>\n<p>A cet effet, le Pr\u00e9sident de la R\u00e9publique a demand\u00e9 au Gouvernement de pr\u00e9parer le lancement<br \/>\ndans les meilleurs d\u00e9lais d\u2019un vaste programme national de construction et de r\u00e9habilitation des<br \/>\nb\u00e2timents et \u00e9difices publics abritant les services d\u00e9concentr\u00e9s dans les circonscriptions<br \/>\nadministratives.<\/p>\n<p>Cl\u00f4turant ce sujet, le Chef de l\u2019Etat a inform\u00e9 le Conseil de la tenue des Conseils pr\u00e9sidentiels et<br \/>\ndes Conseils des ministres territorialis\u00e9s, en f\u00e9vrier 2023, respectivement dans les r\u00e9gions de Thi\u00e8s<br \/>\net de S\u00e9dhiou.<\/p>\n<p>Abordant le climat social et du suivi des affaires int\u00e9rieures, le Pr\u00e9sident de la R\u00e9publique a insist\u00e9<br \/>\nsur les points suivants :<\/p>\n<p>\u2022 la campagne de commercialisation arachidi\u00e8re, l\u2019extension des p\u00e9rim\u00e8tres irrigu\u00e9s et<br \/>\nla protection des casiers rizicoles contre les oiseaux granivores : en demandant au<br \/>\nMinistre de l\u2019Agriculture, de l\u2019Equipement rural et de la Souverainet\u00e9 alimentaire d\u2019engager<br \/>\nles moyens requis en vue d\u2019intensifier la lutte contre les oiseaux granivores qui menacent les<br \/>\np\u00e9rim\u00e8tres rizicoles dans la vall\u00e9e du fleuve S\u00e9n\u00e9gal.<\/p>\n<p>Le Chef de l\u2019Etat a invit\u00e9, par ailleurs, le Ministre de l\u2019Agriculture \u00e0 acc\u00e9l\u00e9rer l\u2019am\u00e9nagement<br \/>\n(par la SAED et la SODAGRI) de nouveaux p\u00e9rim\u00e8tres irrigu\u00e9s dans le delta du fleuve<br \/>\nS\u00e9n\u00e9gal et au niveau de l\u2019Anamb\u00e9 \u00e0 faire une premi\u00e8re \u00e9valuation globale de la campagne<br \/>\nde commercialisation de l\u2019arachide ;<\/p>\n<p>\u2022 l\u2019encadrement des activit\u00e9s li\u00e9es au fer \u00e0 b\u00e9ton et \u00e0 la ferraille :<br \/>\nen demandant au Premier Ministre et au Ministre en charge du Commerce, de r\u00e9unir les<br \/>\nacteurs nationaux et les soci\u00e9t\u00e9s priv\u00e9es d\u2019exploitation de la ferraille afin d\u2019assurer un<br \/>\nencadrement ad\u00e9quat des exportations et une r\u00e9gulation stricte des activit\u00e9s de collecte et<br \/>\nde commercialisation de ce secteur \u00e9conomique \u00e9mergent au S\u00e9n\u00e9gal.<br \/>\nLe Pr\u00e9sident de la R\u00e9publique a aussi demand\u00e9 d\u2019accorder une vigilance particuli\u00e8re \u00e0 la<br \/>\nqualit\u00e9 du fer \u00e0 b\u00e9ton avec des activit\u00e9s de contr\u00f4le syst\u00e9matique des industries sur le<br \/>\nrespect des normes, notamment le diam\u00e8tre, la longueur et le marquage ;<\/p>\n<p>\u2022 l\u2019acc\u00e9l\u00e9ration de la gestion des dossiers des personnes admises \u00e0 faire valoir leurs<br \/>\ndroits \u00e0 une pension de retraite : en invitant le Gouvernement \u00e0 prendre toutes les mesures appropri\u00e9es pour l\u2019instruction \u00e0 temps des dossiers des personnes \u00e0 la retraite en vue de la liquidation imm\u00e9diate des<br \/>\npensions au niveau de l\u2019IPRES et du Fonds national de Retraite (FNR).<\/p>\n<p>Le Chef de l\u2019Etat a rappel\u00e9 au Premier Ministre, la n\u00e9cessit\u00e9 d\u2019engager une r\u00e9flexion sur la<br \/>\nmutualisation des syst\u00e8mes de retraite pour une \u00e9volution vers une Caisse nationale de<br \/>\nRetraite.<\/p>\n<p>Sur son agenda diplomatique et le suivi de la coop\u00e9ration et des partenariats, le Pr\u00e9sident de la<br \/>\nR\u00e9publique a rappel\u00e9 la n\u00e9cessit\u00e9 de veiller \u00e0 la bonne conduite du processus pr\u00e9paratoire du<br \/>\nSommet sur l\u2019agriculture (Dakar Il) que Ie S\u00e9n\u00e9gal co-organise avec la BAD du 25 au 27 janvier<br \/>\n2023 et sur l\u2019ex\u00e9cution du projet \u00ab Smart S\u00e9n\u00e9gal \u00bb.<\/p>\n<p>Dans sa communication, le Premier Ministre est revenu sur le suivi de l\u2019activit\u00e9 gouvernementale<br \/>\nen \u00e9voquant :<br \/>\n\u2022 le Conseil pr\u00e9sidentiel territorialis\u00e9 de Tambacounda ;<br \/>\n\u2022 l\u2019ex\u00e9cution de la Loi de Finances 2023 ;<br \/>\n\u2022 la r\u00e9union minist\u00e9rielle sur le secteur de l\u2019\u00e9nergie ;<br \/>\n\u2022 la rencontre avec les repr\u00e9sentants de la soci\u00e9t\u00e9 civile.<\/p>\n<p><strong>AU TITRE DES COMMUNICATIONS DES MINISTRES<\/strong><\/p>\n<p>\u2022 le Ministre des Affaires \u00e9trang\u00e8res et des S\u00e9n\u00e9galais de l\u2019Ext\u00e9rieur a fait une communication<br \/>\nsur la situation internationale ;<br \/>\n\u2022 le Ministre de l\u2019Agriculture, de l\u2019Equipement rural et de la Souverainet\u00e9 alimentaire a fait une<br \/>\ncommunication sur le suivi de la campagne de commercialisation de l\u2019arachide 2022\/2023 ;<br \/>\n\u2022 le Ministre de l\u2019Enseignement sup\u00e9rieur, de la Recherche et de l\u2019Innovation a fait une<br \/>\ncommunication sur la situation acad\u00e9mique et sociale des universit\u00e9s et des autres<br \/>\n\u00e9tablissements publics d\u2019enseignement sup\u00e9rieur au 31 d\u00e9cembre 2022 ;<br \/>\n\u2022 le Ministre de la Sant\u00e9 et de l\u2019Action sociale a fait une communication sur la recrudescence<br \/>\ndes cas de COVID 19 dans le monde et la revue des strat\u00e9gies nationales de r\u00e9ponse \u00e0 la<br \/>\npand\u00e9mie au S\u00e9n\u00e9gal.<\/p>\n<p><strong>AU TITRE DES TEXTES LEGISLATIFS ET REGLEMENTAIRES<\/strong><\/p>\n<p>Le Conseil a examin\u00e9 et adopt\u00e9 :<br \/>\n\u2022 le projet de d\u00e9cret portant organisation du Minist\u00e8re de la Microfinance et de<br \/>\nl\u2019Economie sociale et solidaire.<\/p>\n<p><strong>AU TITRE DES MESURES INDIVIDUELLES<\/strong><\/p>\n<p>Le Pr\u00e9sident de la R\u00e9publique a pris les d\u00e9cisions suivantes :<br \/>\n\u2022 Monsieur Makhtar LAKH, Commissaire aux enqu\u00eates \u00e9conomiques principal,<br \/>\npr\u00e9c\u00e9demment Secr\u00e9taire g\u00e9n\u00e9ral du Minist\u00e8re des Transports a\u00e9riens et du D\u00e9veloppement<br \/>\ndes Infrastructures a\u00e9roportuaires, est nomm\u00e9 Secr\u00e9taire g\u00e9n\u00e9ral du Minist\u00e8re du<br \/>\nCommerce, de la Consommation et des Petites et Moyennes Entreprises, en remplacement<br \/>\nde Monsieur Samba Ndao, appel\u00e9 \u00e0 d\u2019autres fonctions ;<br \/>\n\u2022 Madame Fatou Binetou NDIAYE, Magistrat, est nomm\u00e9e Secr\u00e9taire g\u00e9n\u00e9ral du Minist\u00e8re<br \/>\nde la Communication, des T\u00e9l\u00e9communications et de l\u2019Economie num\u00e9rique en<br \/>\nremplacement de Monsieur Issa Sissokho, appel\u00e9 \u00e0 d\u2019autres fonctions ;<br \/>\n\u2022 Monsieur Mor Khoudia GUEYE, Inspecteur principal de l\u2019Education de la Jeunesse et des<br \/>\nSports, est nomm\u00e9 Secr\u00e9taire g\u00e9n\u00e9ral du Minist\u00e8re de la Jeunesse, de l\u2019Entreprenariat et de<br \/>\nl\u2019Emploi ;<br \/>\n\u2022 Monsieur Moctar K\u00e9ttani DOUCOURE, Inspecteur Principal des Douanes de classe<br \/>\nexceptionnelle, est nomm\u00e9 Coordonnateur g\u00e9n\u00e9ral de l\u2019Inspection g\u00e9n\u00e9rale des finances en<br \/>\nremplacement de Monsieur Amadou Niang, admis \u00e0 faire valoir ses droits \u00e0 une pension de<br \/>\nretraite ;<br \/>\n\u2022 Madame Fatoumata Niang BA, titulaire d\u2019un Master 2 en Gestion des Ressources<br \/>\nhumaines, est nomm\u00e9e Pr\u00e9sident du Conseil de Surveillance de l\u2019Agence S\u00e9n\u00e9galaise pour<br \/>\nla promotion des Exportations au Minist\u00e8re du Commerce, de la Consommation et des<br \/>\nPetites et Moyennes et Entreprises, poste vacant ;<br \/>\n\u2022 Monsieur Tamsir NDIAYE, Ing\u00e9nieur G\u00e9ologue-environnementaliste, est nomm\u00e9 Directeur<br \/>\ng\u00e9n\u00e9ral de l\u2019Agence nationale pour les Energies renouvelables (ANER), en remplacement<br \/>\nde Monsieur Djiby Ndiaye, appel\u00e9 \u00e0 d\u2019autres fonctions ;<br \/>\n\u2022 Monsieur Mbaye NDIAYE, Inspecteur principal des Douanes de classe exceptionnelle,<br \/>\npr\u00e9c\u00e9demment Directeur des Op\u00e9rations douani\u00e8res, est nomm\u00e9 Coordonnateur de la<br \/>\nDirection g\u00e9n\u00e9rale des Douanes, en remplacement de Monsieur Moctar K\u00e9ttani<br \/>\nDOUCOURE, appel\u00e9 \u00e0 d\u2019autres fonctions;<br \/>\n\u2022 Monsieur Papa Thialaw FALL, Inspecteur principal des Douanes de classe exceptionnelle,<br \/>\npr\u00e9c\u00e9demment Directeur de la Facilitation et du Partenariat avec l\u2019Entreprise \u00e0 la Direction<br \/>\ng\u00e9n\u00e9rale des Douanes, est nomm\u00e9 Directeur du Contr\u00f4le interne, en remplacement de<br \/>\nMonsieur Abdoul Khadre Dieylani NIANG, appel\u00e9 \u00e0 d\u2019autres fonctions;<br \/>\n\u2022 Monsieur Babacar MBAYE, Inspecteur principal des Douanes de classe exceptionnelle,<br \/>\npr\u00e9c\u00e9demment Directeur r\u00e9gional des Douanes de Dakar-Port, est nomm\u00e9 Directeur des<br \/>\nOp\u00e9rations douani\u00e8res, en remplacement de Monsieur Mbaye NDIAYE appel\u00e9 \u00e0 d\u2019autres<br \/>\nfonctions ;<br \/>\n5<br \/>\n\u2022 Monsieur Mouhamadine Oumar BA, Inspecteur principal des Douanes de classe<br \/>\nexceptionnelle, pr\u00e9c\u00e9demment membre de la Cellule nationale de Traitement des<br \/>\nInformations financi\u00e8res (CENTIF), est nomm\u00e9 Directeur de la Facilitation et du Partenariat<br \/>\navec l\u2019Entreprise, en remplacement de Monsieur Papa Thialaw FALL, appel\u00e9 \u00e0 d\u2019autres<br \/>\nfonctions ;<br \/>\n\u2022 Monsieur Malick MBAYE, Inspecteur principal des Douanes de classe exceptionnelle,<br \/>\npr\u00e9c\u00e9demment Directeur du Renseignement et des Enqu\u00eates douani\u00e8res, est nomm\u00e9<br \/>\nDirecteur des Enqu\u00eates douani\u00e8res ;<br \/>\n\u2022 Monsieur Amidou NDIAYE, Inspecteur principal des Douanes, pr\u00e9c\u00e9demment Directeur<br \/>\nr\u00e9gional des Douanes du Nord, est nomm\u00e9 Directeur du Renseignement, de l\u2019Analyse du<br \/>\nRisque et de la Valeur \u00e0 la Direction g\u00e9n\u00e9rale des Douanes ;<br \/>\n\u2022 Monsieur Papa Djigdjam DIOP, Inspecteur principal des Douanes, pr\u00e9c\u00e9demment en<br \/>\nservice \u00e0 la Direction de la Facilitation et du Partenariat avec l\u2019Entreprise, est nomm\u00e9<br \/>\nDirecteur des Ressources humaines \u00e0 la Direction g\u00e9n\u00e9rale des Douanes ;<br \/>\n\u2022 Monsieur Abdoul Khadre Djeylani NIANG, Inspecteur principal des Douanes de classe<br \/>\nexceptionnelle, pr\u00e9c\u00e9demment Directeur du Contr\u00f4le interne \u00e0 la Direction g\u00e9n\u00e9rale des<br \/>\nDouanes, est nomm\u00e9 Directeur de la Logistique et des Finances ;<br \/>\n\u2022 Monsieur Abdourahmane WADE, Inspecteur principal des Douanes de classe<br \/>\nexceptionnelle, pr\u00e9c\u00e9demment Directeur des Syst\u00e8mes informatiques douaniers, est nomm\u00e9<br \/>\nDirecteur des Syst\u00e8mes d\u2019Information des Douanes ;<br \/>\n\u2022 Monsieur Ibrahima FAYE, Inspecteur principal des Douanes, pr\u00e9c\u00e9demment Directeur<br \/>\nr\u00e9gional des Douanes de l\u2019Ouest, est nomm\u00e9 Directeur r\u00e9gional des Douanes de Dakar-Port,<br \/>\nen remplacement de Monsieur Babacar MBAYE, appel\u00e9 \u00e0 d\u2019autres fonctions ;<br \/>\n\u2022 Monsieur Ahmadou THIOYE, Inspecteur principal des Douanes, pr\u00e9c\u00e9demment Chef du<br \/>\nBureau des Douanes de Dakar-Port Nord, est nomm\u00e9 Directeur r\u00e9gional des Douanes de<br \/>\nl\u2019Ouest, en remplacement de Monsieur Ibrahima FAYE, appel\u00e9 \u00e0 d\u2019autres fonctions ;<br \/>\n\u2022 Monsieur Abdourahmane BA, Inspecteur principal des Douanes, pr\u00e9c\u00e9demment Chef de<br \/>\nVisite au Bureau des Douanes de Dakar-Port Sud, est nomm\u00e9 Directeur r\u00e9gional des<br \/>\nHydrocarbures ;<br \/>\n\u2022 Monsieur Ousmane FAYE, Inspecteur principal des Douanes, pr\u00e9c\u00e9demment Chef du<br \/>\nBureau des Douanes de Dakar-Port Centre, est nomm\u00e9 Directeur r\u00e9gional des Unit\u00e9s<br \/>\nmaritimes ;<br \/>\n\u2022 Monsieur Ousmane KANE, Inspecteur principal des Douanes, pr\u00e9c\u00e9demment Chef du<br \/>\nBureau des Douanes de Dakar-Port Sud, est nomm\u00e9 Directeur r\u00e9gional des Douanes du<br \/>\nNord, en remplacement de Monsieur Amidou NDIAYE, appel\u00e9 \u00e0 d\u2019autres fonctions ;<br \/>\n\u2022 Monsieur Bourama DIEME, Inspecteur principal des Douanes, pr\u00e9c\u00e9demment Directeur<br \/>\nr\u00e9gional des Douanes du Centre, est nomm\u00e9 Directeur r\u00e9gional des Douanes du Sud-est, en<br \/>\nremplacement de Monsieur Saliou DIOUF, appel\u00e9 \u00e0 d\u2019autres fonctions ;<br \/>\n\u2022 Monsieur Saliou DIOUF, Inspecteur principal des Douanes, pr\u00e9c\u00e9demment Directeur<br \/>\nr\u00e9gional des Douanes du Sud-est, est nomm\u00e9 Directeur r\u00e9gional des Douanes du Centre, en<br \/>\nremplacement de Monsieur Bourama DIEME, appel\u00e9 \u00e0 d\u2019autres fonctions ;<br \/>\n\u2022 Madame Ndeye Arame FALL, Inspecteur principal du Tr\u00e9sor, pr\u00e9c\u00e9demment Receveur<br \/>\ng\u00e9n\u00e9ral du Tr\u00e9sor, est nomm\u00e9e Directeur de l\u2019Informatique \u00e0 la Direction g\u00e9n\u00e9rale de la<br \/>\nComptabilit\u00e9 publique et du Tr\u00e9sor, en remplacement de Monsieur Saloum Diop, appel\u00e9 \u00e0<br \/>\nd\u2019autres fonctions ;<br \/>\n\u2022 Madame Fatimata Baba WONE, Inspecteur principal du Tr\u00e9sor, pr\u00e9c\u00e9demment Fond\u00e9 de<br \/>\npouvoirs du Tr\u00e9sorier G\u00e9n\u00e9ral, est nomm\u00e9e Receveur g\u00e9n\u00e9ral du Tr\u00e9sor \u00e0 la Direction<br \/>\ng\u00e9n\u00e9rale de la Comptabilit\u00e9 publique et du Tr\u00e9sor, en remplacement de madame Nd\u00e8ye<br \/>\nArame FALL, appel\u00e9e \u00e0 d\u2019autres fonctions ;<br \/>\n\u2022 Monsieur Mamadou Moustapha DIALLO, titulaire d\u2019un Master en Finances Publiques, est<br \/>\nnomm\u00e9 Directeur de l\u2019Administration g\u00e9n\u00e9rale et de l\u2019Equipement au Minist\u00e8re de la<br \/>\nJeunesse, de l\u2019Entreprenariat et de l\u2019Emploi, poste vacant ;<br \/>\n6<br \/>\n\u2022 Monsieur Baba NDOYE, titulaire d\u2019un Master en Gestion touristique, est nomm\u00e9 Inspecteur<br \/>\ndes Affaires Administratives et Financi\u00e8res au Minist\u00e8re du Tourisme et des Loisirs ;<br \/>\n\u2022 Madame A\u00efssatou Jeanne NDIAYE, Ing\u00e9nieur en informatique, est nomm\u00e9e Directeur des<br \/>\nTechnologies de l\u2019Information et de la Communication au Minist\u00e8re de la Communication,<br \/>\ndes T\u00e9l\u00e9communications et de l\u2019Economie num\u00e9rique, en remplacement de Monsieur Achim<br \/>\nMalick NDIAYE, admis \u00e0 faire valoir ses droits \u00e0 une pension de retraite ;<br \/>\n\u2022 Monsieur Alhousseynou KOULIBABY, Ing\u00e9nieur en T\u00e9l\u00e9communication et R\u00e9seaux, est<br \/>\nnomm\u00e9 Directeur des T\u00e9l\u00e9communications au Minist\u00e8re de la Communication, des<br \/>\nT\u00e9l\u00e9communications et de l\u2019Economie num\u00e9rique, en remplacement de Monsieur Modou<br \/>\nMamoune NGOM, appel\u00e9 \u00e0 d\u2019autres fonctions.<\/p>\n<p><strong>Fait \u00e0 Dakar, le 4 janvier 2023 Par le Ministre du Commerce, de la Consommation et des Petites et Moyennes Entreprises, Porte-parole du Gouvernement<\/strong><\/p>\n<p><strong>Abdou Karim FOFANA<\/strong><\/p>\n<div class=\"publi-apres-le-contenu\" style=\"margin-top: 10px;margin-bottom: 10px;margin-left: auto;margin-right: auto;text-align: center;\" id=\"publi-2164503657\"><div class=\"publi-adlabel\">Publicit\u00e9<\/div><script async src=\"\/\/pagead2.googlesyndication.com\/pagead\/js\/adsbygoogle.js?client=ca-pub-4089586018074219\" crossorigin=\"anonymous\"><\/script><ins class=\"adsbygoogle\" style=\"display:block;\" data-ad-client=\"ca-pub-4089586018074219\" \ndata-ad-slot=\"2087940154\" \ndata-ad-format=\"auto\"><\/ins>\n<script> \n(adsbygoogle = window.adsbygoogle || []).push({}); \n<\/script>\n<\/div>","protected":false},"excerpt":{"rendered":"<p>Le Pr\u00e9sident de la R\u00e9publique, Son Excellence Macky SALL, a pr\u00e9sid\u00e9 le Conseil des Ministres, ce mercredi 04 janvier 2023, au Palais de la R\u00e9publique. A l\u2019entame de sa communication, le Chef de l\u2019Etat a pr\u00e9sent\u00e9, \u00e0 nouveau, ses meilleurs v\u0153ux au Gouvernement, \u00e0 nos compatriotes et aux h\u00f4tes \u00e9trangers qui vivent au S\u00e9n\u00e9gal. Le Pr\u00e9sident de la R\u00e9publique a invit\u00e9 le Gouvernement \u00e0 faire de 2023 une ann\u00e9e de paix, de stabilit\u00e9, de solidarit\u00e9 et de consolidation des performances \u00e9conomiques et sociales du S\u00e9n\u00e9gal dans l\u2019esprit du \u00ab fast track \u00bb. Revenant sur son message \u00e0 la nation du 31 d\u00e9cembre 2022, le Chef de l\u2019Etat a rappel\u00e9 la n\u00e9cessit\u00e9 d\u2019intensifier les r\u00e9alisations sectorielles dans la dynamique du Plan S\u00e9n\u00e9gal \u00e9mergent (PSE). Le Pr\u00e9sident de la R\u00e9publique est revenu sur le bilan de certaines r\u00e9alisations majeures de l\u2019Etat, tout en indiquant des priorit\u00e9s de l\u2019action gouvernementale en ce qui concerne plusieurs secteurs et minist\u00e8res. A cet effet, le Pr\u00e9sident de la R\u00e9publique a demand\u00e9 au Premier Ministre, sur la base des orientations et des \u00e9valuations des programmes et projets ex\u00e9cut\u00e9s ou en cours, de proposer, un plan d\u2019action du Gouvernement sur l\u2019ann\u00e9e 2023 qui sera examin\u00e9 et valid\u00e9 en Conseil des ministres. En cons\u00e9quence, le Chef de l\u2019Etat a rappel\u00e9 la n\u00e9cessit\u00e9 de veiller \u00e0 l\u2019ex\u00e9cution optimale de la loi de finances pour l\u2019ann\u00e9e 2023, en particulier des programmes minist\u00e9riels et d\u2019anticiper sur toutes les proc\u00e9dures de passation de march\u00e9s conform\u00e9ment au nouveau Code entr\u00e9 en vigueur. En outre, le Pr\u00e9sident de la R\u00e9publique a indiqu\u00e9 au Gouvernement, l\u2019urgence de finaliser l\u2019agenda l\u00e9gislatif et r\u00e9glementaire de l\u2019ann\u00e9e ; de programmer et de pr\u00e9parer les conseils interminist\u00e9riels habituels ; et de planifier l\u2019ex\u00e9cution, \u00e0 date, des investissements prioritaires r\u00e9gionaux issus des Conseils pr\u00e9sidentiels et Conseils des ministres territorialis\u00e9s. Le Chef de l\u2019Etat a rappel\u00e9 le marqueur de l\u2019action du Gouvernement avec une orientation sociale forte par une focalisation sur la lutte contre la vie ch\u00e8re, la baisse des loyers, le renforcement de la solidarit\u00e9 nationale et l\u2019acc\u00e9l\u00e9ration de la mise en \u0153uvre des programmes d\u2019\u00e9quit\u00e9 sociale et territoriale (Bourses de s\u00e9curit\u00e9 familiale, couverture sanitaire universelle, acc\u00e8s universel eau et \u00e9lectricit\u00e9, d\u00e9senclavement, autonomisation \u00e9conomique des femmes, PUDC, PUMA, PROMOVILLES, PACASEN urbain et rural \u2026). A cet effet, le Pr\u00e9sident de la R\u00e9publique a rappel\u00e9 au Gouvernement, l\u2019imp\u00e9ratif de veiller au paiement, \u00e0 compter de janvier 2023, des bourses de s\u00e9curit\u00e9 familiale (revaloris\u00e9es de 10.000 FCFA et port\u00e9es 35.000 FCFA par trimestre) aux familles concern\u00e9es. Dans cet esprit, le Chef de l\u2019Etat a demand\u00e9 au Gouvernement, en cette nouvelle ann\u00e9e de maintenir la jeunesse, l\u2019emploi, l\u2019entreprenariat et l\u2019insertion comme des urgences sociales primordiales. Ainsi, le Pr\u00e9sident de la R\u00e9publique a exhort\u00e9 le Premier Ministre \u00e0 veiller \u00e0 la coordination optimale de la mise en \u0153uvre du programme \u00ab XEYU NDAW NI \u00bb, notamment dans ses volets formations, recrutements sp\u00e9ciaux, les financements de la DER\/FJ et fonctionnalit\u00e9 des P\u00f4les Emploi et Entreprenariat des Jeunes et des Femmes dans les d\u00e9partements. Abordant l\u2019acc\u00e9l\u00e9ration de la r\u00e9alisation des projets pr\u00e9sidentiels prioritaires, le Pr\u00e9sident de la R\u00e9publique a demand\u00e9 au Gouvernement d\u2019avoir une attention sp\u00e9ciale sur le suivi de : \u2022 la finalisation des travaux du BRT ; \u2022 la Phase II du TER (Diamniadio-AIBD) ; \u2022 la polyclinique de l\u2019H\u00f4pital principal ; \u2022 le lancement effectif des travaux du Port multifonction de Ndayane ; \u2022 les h\u00f4pitaux Le Dantec, de Tivaouane et de Saint louis ; \u2022 l\u2019ach\u00e8vement de l\u2019Autoroute Mbour Fatick- Kaolack ; \u2022 le lancement de l\u2019Autoroute Thi\u00e8s-Tivaouane Saint- Louis ; \u2022 les travaux d\u2019a\u00e9roports dans des localit\u00e9s valid\u00e9es. En cette ann\u00e9e phare pour le secteur du p\u00e9trole et du Gaz, avec le d\u00e9but de l\u2019exploitation des ressources nationales d\u2019hydrocarbures, le Chef de l\u2019Etat a inform\u00e9 le Conseil de la convocation prochaine d\u2019un COS-PETROGAZ (Conseil d\u2019orientation strat\u00e9gique sur le p\u00e9trole et le gaz) afin de faire la situation sur les projets p\u00e9troliers et gaziers et leurs impacts \u00e0 court, moyen et long termes sur la vie \u00e9conomique et sociale du S\u00e9n\u00e9gal. Revenant sur le renforcement de l\u2019Etat de proximit\u00e9 avec les r\u00e9sultats notables des tourn\u00e9es \u00e9conomiques et des conseils des ministres territorialis\u00e9s, le Chef de l\u2019Etat a r\u00e9it\u00e9r\u00e9 ses remerciements et f\u00e9licitations aux populations de la r\u00e9gion de Tambacounda pour leur accueil chaleureux et leur mobilisation exceptionnelle. Le Pr\u00e9sident de la R\u00e9publique a aussi f\u00e9licit\u00e9 le Ministre de l\u2019Elevage et les acteurs du secteur pour le succ\u00e8s de la Journ\u00e9e nationale de l\u2019Elevage organis\u00e9e \u00e0 Tambacounda. Le Chef de l\u2019Etat a r\u00e9it\u00e9r\u00e9 ses f\u00e9licitations et encouragements \u00e0 l\u2019Administration territoriale pour la bonne organisation de sa tourn\u00e9e \u00e9conomique effectu\u00e9e avec le Gouvernement, du 26 au 30 d\u00e9cembre 2022, qui a fini de confirmer l\u2019imp\u00e9ratif d\u2019une gestion de proximit\u00e9 des urgences \u00e9conomiques et sociales des zones visit\u00e9es. Dans le m\u00eame temps, le Pr\u00e9sident de la R\u00e9publique a demand\u00e9 au Premier Ministre et aux ministres sectoriels d\u2019acc\u00e9l\u00e9rer \u2013 par des visites r\u00e9guli\u00e8res et un suivi au quotidien sur le terrain \u2013 l\u2019ex\u00e9cution des projets publics dans les r\u00e9gions, en relation avec les repr\u00e9sentants de l\u2019Etat, les collectivit\u00e9s territoriales et les \u00e9lus nationaux. Le Chef de l\u2019Etat a rappel\u00e9 la n\u00e9cessit\u00e9 de consolider un Etat territorial dynamique et performant avec les acteurs territoriaux par la maitrise exhaustive des projets d\u00e9ploy\u00e9s dans les territoires sur l\u2019initiative de l\u2019Etat ou des structures non \u00e9tatiques. A cet effet, le Pr\u00e9sident de la R\u00e9publique a demand\u00e9 au Gouvernement de pr\u00e9parer le lancement dans les meilleurs d\u00e9lais d\u2019un vaste programme national de construction et de r\u00e9habilitation des b\u00e2timents et \u00e9difices publics abritant les services d\u00e9concentr\u00e9s dans les circonscriptions administratives. Cl\u00f4turant ce sujet, le Chef de l\u2019Etat a inform\u00e9 le Conseil de la tenue des Conseils pr\u00e9sidentiels et des Conseils des ministres territorialis\u00e9s, en f\u00e9vrier 2023, respectivement dans les r\u00e9gions de Thi\u00e8s et de S\u00e9dhiou. Abordant le climat social et du suivi des affaires int\u00e9rieures, le Pr\u00e9sident de la R\u00e9publique a insist\u00e9 sur les points suivants : \u2022 la campagne de commercialisation arachidi\u00e8re, l\u2019extension des p\u00e9rim\u00e8tres irrigu\u00e9s et la protection des casiers<\/p>\n","protected":false},"author":1,"featured_media":7239,"comment_status":"open","ping_status":"open","sticky":false,"template":"","format":"standard","meta":{"_jetpack_memberships_contains_paid_content":false,"footnotes":""},"categories":[375,9,3,1],"tags":[1062,1063,11],"class_list":["post-13285","post","type-post","status-publish","format-standard","has-post-thumbnail","hentry","category-actualites","category-communique","category-politique","category-non-classe","tag-communique","tag-conseil-des-ministres","tag-macky-sall","entry","has-media","owp-thumbs-layout-horizontal","owp-btn-normal","owp-tabs-layout-horizontal","has-no-thumbnails","has-product-nav"],"yoast_head":"<!-- This site is optimized with the Yoast SEO plugin v25.5 - https:\/\/yoast.com\/wordpress\/plugins\/seo\/ -->\n<title>Communiqu\u00e9 du Conseil des ministres du 4 janvier 2022 - LE PUBLIC<\/title>\n<meta name=\"robots\" content=\"index, follow, max-snippet:-1, max-image-preview:large, max-video-preview:-1\" \/>\n<link rel=\"canonical\" href=\"https:\/\/www.public.sn\/index.php\/2023\/01\/04\/communique-du-conseil-des-ministres-du-4-janvier-2022\/\" \/>\n<meta property=\"og:locale\" content=\"fr_FR\" \/>\n<meta property=\"og:type\" content=\"article\" \/>\n<meta property=\"og:title\" content=\"Communiqu\u00e9 du Conseil des ministres du 4 janvier 2022 - LE PUBLIC\" \/>\n<meta property=\"og:description\" content=\"Le Pr\u00e9sident de la R\u00e9publique, Son Excellence Macky SALL, a pr\u00e9sid\u00e9 le Conseil des Ministres, ce mercredi 04 janvier 2023, au Palais de la R\u00e9publique. A l\u2019entame de sa communication, le Chef de l\u2019Etat a pr\u00e9sent\u00e9, \u00e0 nouveau, ses meilleurs v\u0153ux au Gouvernement, \u00e0 nos compatriotes et aux h\u00f4tes \u00e9trangers qui vivent au S\u00e9n\u00e9gal. Le Pr\u00e9sident de la R\u00e9publique a invit\u00e9 le Gouvernement \u00e0 faire de 2023 une ann\u00e9e de paix, de stabilit\u00e9, de solidarit\u00e9 et de consolidation des performances \u00e9conomiques et sociales du S\u00e9n\u00e9gal dans l\u2019esprit du \u00ab fast track \u00bb. Revenant sur son message \u00e0 la nation du 31 d\u00e9cembre 2022, le Chef de l\u2019Etat a rappel\u00e9 la n\u00e9cessit\u00e9 d\u2019intensifier les r\u00e9alisations sectorielles dans la dynamique du Plan S\u00e9n\u00e9gal \u00e9mergent (PSE). Le Pr\u00e9sident de la R\u00e9publique est revenu sur le bilan de certaines r\u00e9alisations majeures de l\u2019Etat, tout en indiquant des priorit\u00e9s de l\u2019action gouvernementale en ce qui concerne plusieurs secteurs et minist\u00e8res. A cet effet, le Pr\u00e9sident de la R\u00e9publique a demand\u00e9 au Premier Ministre, sur la base des orientations et des \u00e9valuations des programmes et projets ex\u00e9cut\u00e9s ou en cours, de proposer, un plan d\u2019action du Gouvernement sur l\u2019ann\u00e9e 2023 qui sera examin\u00e9 et valid\u00e9 en Conseil des ministres. En cons\u00e9quence, le Chef de l\u2019Etat a rappel\u00e9 la n\u00e9cessit\u00e9 de veiller \u00e0 l\u2019ex\u00e9cution optimale de la loi de finances pour l\u2019ann\u00e9e 2023, en particulier des programmes minist\u00e9riels et d\u2019anticiper sur toutes les proc\u00e9dures de passation de march\u00e9s conform\u00e9ment au nouveau Code entr\u00e9 en vigueur. En outre, le Pr\u00e9sident de la R\u00e9publique a indiqu\u00e9 au Gouvernement, l\u2019urgence de finaliser l\u2019agenda l\u00e9gislatif et r\u00e9glementaire de l\u2019ann\u00e9e ; de programmer et de pr\u00e9parer les conseils interminist\u00e9riels habituels ; et de planifier l\u2019ex\u00e9cution, \u00e0 date, des investissements prioritaires r\u00e9gionaux issus des Conseils pr\u00e9sidentiels et Conseils des ministres territorialis\u00e9s. Le Chef de l\u2019Etat a rappel\u00e9 le marqueur de l\u2019action du Gouvernement avec une orientation sociale forte par une focalisation sur la lutte contre la vie ch\u00e8re, la baisse des loyers, le renforcement de la solidarit\u00e9 nationale et l\u2019acc\u00e9l\u00e9ration de la mise en \u0153uvre des programmes d\u2019\u00e9quit\u00e9 sociale et territoriale (Bourses de s\u00e9curit\u00e9 familiale, couverture sanitaire universelle, acc\u00e8s universel eau et \u00e9lectricit\u00e9, d\u00e9senclavement, autonomisation \u00e9conomique des femmes, PUDC, PUMA, PROMOVILLES, PACASEN urbain et rural \u2026). A cet effet, le Pr\u00e9sident de la R\u00e9publique a rappel\u00e9 au Gouvernement, l\u2019imp\u00e9ratif de veiller au paiement, \u00e0 compter de janvier 2023, des bourses de s\u00e9curit\u00e9 familiale (revaloris\u00e9es de 10.000 FCFA et port\u00e9es 35.000 FCFA par trimestre) aux familles concern\u00e9es. Dans cet esprit, le Chef de l\u2019Etat a demand\u00e9 au Gouvernement, en cette nouvelle ann\u00e9e de maintenir la jeunesse, l\u2019emploi, l\u2019entreprenariat et l\u2019insertion comme des urgences sociales primordiales. Ainsi, le Pr\u00e9sident de la R\u00e9publique a exhort\u00e9 le Premier Ministre \u00e0 veiller \u00e0 la coordination optimale de la mise en \u0153uvre du programme \u00ab XEYU NDAW NI \u00bb, notamment dans ses volets formations, recrutements sp\u00e9ciaux, les financements de la DER\/FJ et fonctionnalit\u00e9 des P\u00f4les Emploi et Entreprenariat des Jeunes et des Femmes dans les d\u00e9partements. Abordant l\u2019acc\u00e9l\u00e9ration de la r\u00e9alisation des projets pr\u00e9sidentiels prioritaires, le Pr\u00e9sident de la R\u00e9publique a demand\u00e9 au Gouvernement d\u2019avoir une attention sp\u00e9ciale sur le suivi de : \u2022 la finalisation des travaux du BRT ; \u2022 la Phase II du TER (Diamniadio-AIBD) ; \u2022 la polyclinique de l\u2019H\u00f4pital principal ; \u2022 le lancement effectif des travaux du Port multifonction de Ndayane ; \u2022 les h\u00f4pitaux Le Dantec, de Tivaouane et de Saint louis ; \u2022 l\u2019ach\u00e8vement de l\u2019Autoroute Mbour Fatick- Kaolack ; \u2022 le lancement de l\u2019Autoroute Thi\u00e8s-Tivaouane Saint- Louis ; \u2022 les travaux d\u2019a\u00e9roports dans des localit\u00e9s valid\u00e9es. En cette ann\u00e9e phare pour le secteur du p\u00e9trole et du Gaz, avec le d\u00e9but de l\u2019exploitation des ressources nationales d\u2019hydrocarbures, le Chef de l\u2019Etat a inform\u00e9 le Conseil de la convocation prochaine d\u2019un COS-PETROGAZ (Conseil d\u2019orientation strat\u00e9gique sur le p\u00e9trole et le gaz) afin de faire la situation sur les projets p\u00e9troliers et gaziers et leurs impacts \u00e0 court, moyen et long termes sur la vie \u00e9conomique et sociale du S\u00e9n\u00e9gal. Revenant sur le renforcement de l\u2019Etat de proximit\u00e9 avec les r\u00e9sultats notables des tourn\u00e9es \u00e9conomiques et des conseils des ministres territorialis\u00e9s, le Chef de l\u2019Etat a r\u00e9it\u00e9r\u00e9 ses remerciements et f\u00e9licitations aux populations de la r\u00e9gion de Tambacounda pour leur accueil chaleureux et leur mobilisation exceptionnelle. Le Pr\u00e9sident de la R\u00e9publique a aussi f\u00e9licit\u00e9 le Ministre de l\u2019Elevage et les acteurs du secteur pour le succ\u00e8s de la Journ\u00e9e nationale de l\u2019Elevage organis\u00e9e \u00e0 Tambacounda. Le Chef de l\u2019Etat a r\u00e9it\u00e9r\u00e9 ses f\u00e9licitations et encouragements \u00e0 l\u2019Administration territoriale pour la bonne organisation de sa tourn\u00e9e \u00e9conomique effectu\u00e9e avec le Gouvernement, du 26 au 30 d\u00e9cembre 2022, qui a fini de confirmer l\u2019imp\u00e9ratif d\u2019une gestion de proximit\u00e9 des urgences \u00e9conomiques et sociales des zones visit\u00e9es. Dans le m\u00eame temps, le Pr\u00e9sident de la R\u00e9publique a demand\u00e9 au Premier Ministre et aux ministres sectoriels d\u2019acc\u00e9l\u00e9rer \u2013 par des visites r\u00e9guli\u00e8res et un suivi au quotidien sur le terrain \u2013 l\u2019ex\u00e9cution des projets publics dans les r\u00e9gions, en relation avec les repr\u00e9sentants de l\u2019Etat, les collectivit\u00e9s territoriales et les \u00e9lus nationaux. Le Chef de l\u2019Etat a rappel\u00e9 la n\u00e9cessit\u00e9 de consolider un Etat territorial dynamique et performant avec les acteurs territoriaux par la maitrise exhaustive des projets d\u00e9ploy\u00e9s dans les territoires sur l\u2019initiative de l\u2019Etat ou des structures non \u00e9tatiques. A cet effet, le Pr\u00e9sident de la R\u00e9publique a demand\u00e9 au Gouvernement de pr\u00e9parer le lancement dans les meilleurs d\u00e9lais d\u2019un vaste programme national de construction et de r\u00e9habilitation des b\u00e2timents et \u00e9difices publics abritant les services d\u00e9concentr\u00e9s dans les circonscriptions administratives. Cl\u00f4turant ce sujet, le Chef de l\u2019Etat a inform\u00e9 le Conseil de la tenue des Conseils pr\u00e9sidentiels et des Conseils des ministres territorialis\u00e9s, en f\u00e9vrier 2023, respectivement dans les r\u00e9gions de Thi\u00e8s et de S\u00e9dhiou. Abordant le climat social et du suivi des affaires int\u00e9rieures, le Pr\u00e9sident de la R\u00e9publique a insist\u00e9 sur les points suivants : \u2022 la campagne de commercialisation arachidi\u00e8re, l\u2019extension des p\u00e9rim\u00e8tres irrigu\u00e9s et la protection des casiers\" \/>\n<meta property=\"og:url\" content=\"https:\/\/www.public.sn\/index.php\/2023\/01\/04\/communique-du-conseil-des-ministres-du-4-janvier-2022\/\" \/>\n<meta property=\"og:site_name\" content=\"LE PUBLIC\" \/>\n<meta property=\"article:published_time\" content=\"2023-01-04T21:24:12+00:00\" \/>\n<meta property=\"og:image\" content=\"https:\/\/www.public.sn\/wp-content\/uploads\/2022\/11\/macky-sall.webp\" \/>\n\t<meta property=\"og:image:width\" content=\"852\" \/>\n\t<meta property=\"og:image:height\" content=\"398\" \/>\n\t<meta property=\"og:image:type\" content=\"image\/webp\" \/>\n<meta name=\"author\" content=\"LA REDACTION\" \/>\n<meta name=\"twitter:card\" content=\"summary_large_image\" \/>\n<meta name=\"twitter:label1\" content=\"\u00c9crit par\" \/>\n\t<meta name=\"twitter:data1\" content=\"LA REDACTION\" \/>\n\t<meta name=\"twitter:label2\" content=\"Dur\u00e9e de lecture estim\u00e9e\" \/>\n\t<meta name=\"twitter:data2\" content=\"14 minutes\" \/>\n<script type=\"application\/ld+json\" class=\"yoast-schema-graph\">{\"@context\":\"https:\/\/schema.org\",\"@graph\":[{\"@type\":\"Article\",\"@id\":\"https:\/\/www.public.sn\/index.php\/2023\/01\/04\/communique-du-conseil-des-ministres-du-4-janvier-2022\/#article\",\"isPartOf\":{\"@id\":\"https:\/\/www.public.sn\/index.php\/2023\/01\/04\/communique-du-conseil-des-ministres-du-4-janvier-2022\/\"},\"author\":{\"name\":\"LA REDACTION\",\"@id\":\"https:\/\/www.public.sn\/#\/schema\/person\/e3f4a11b037d4203902db148f9bc8d5a\"},\"headline\":\"Communiqu\u00e9 du Conseil des ministres du 4 janvier 2022\",\"datePublished\":\"2023-01-04T21:24:12+00:00\",\"mainEntityOfPage\":{\"@id\":\"https:\/\/www.public.sn\/index.php\/2023\/01\/04\/communique-du-conseil-des-ministres-du-4-janvier-2022\/\"},\"wordCount\":2938,\"commentCount\":0,\"publisher\":{\"@id\":\"https:\/\/www.public.sn\/#organization\"},\"image\":{\"@id\":\"https:\/\/www.public.sn\/index.php\/2023\/01\/04\/communique-du-conseil-des-ministres-du-4-janvier-2022\/#primaryimage\"},\"thumbnailUrl\":\"https:\/\/www.public.sn\/wp-content\/uploads\/2022\/11\/macky-sall.webp\",\"keywords\":[\"communiqu\u00e9\",\"conseil des ministres\",\"Macky Sall\"],\"articleSection\":[\"ACTUALIT\u00c9S\",\"COMMUNIQU\u00c9\",\"POLITIQUE\",\"S\u00c9N\u00c9GAL\"],\"inLanguage\":\"fr-FR\",\"potentialAction\":[{\"@type\":\"CommentAction\",\"name\":\"Comment\",\"target\":[\"https:\/\/www.public.sn\/index.php\/2023\/01\/04\/communique-du-conseil-des-ministres-du-4-janvier-2022\/#respond\"]}]},{\"@type\":\"WebPage\",\"@id\":\"https:\/\/www.public.sn\/index.php\/2023\/01\/04\/communique-du-conseil-des-ministres-du-4-janvier-2022\/\",\"url\":\"https:\/\/www.public.sn\/index.php\/2023\/01\/04\/communique-du-conseil-des-ministres-du-4-janvier-2022\/\",\"name\":\"Communiqu\u00e9 du Conseil des ministres du 4 janvier 2022 - LE PUBLIC\",\"isPartOf\":{\"@id\":\"https:\/\/www.public.sn\/#website\"},\"primaryImageOfPage\":{\"@id\":\"https:\/\/www.public.sn\/index.php\/2023\/01\/04\/communique-du-conseil-des-ministres-du-4-janvier-2022\/#primaryimage\"},\"image\":{\"@id\":\"https:\/\/www.public.sn\/index.php\/2023\/01\/04\/communique-du-conseil-des-ministres-du-4-janvier-2022\/#primaryimage\"},\"thumbnailUrl\":\"https:\/\/www.public.sn\/wp-content\/uploads\/2022\/11\/macky-sall.webp\",\"datePublished\":\"2023-01-04T21:24:12+00:00\",\"breadcrumb\":{\"@id\":\"https:\/\/www.public.sn\/index.php\/2023\/01\/04\/communique-du-conseil-des-ministres-du-4-janvier-2022\/#breadcrumb\"},\"inLanguage\":\"fr-FR\",\"potentialAction\":[{\"@type\":\"ReadAction\",\"target\":[\"https:\/\/www.public.sn\/index.php\/2023\/01\/04\/communique-du-conseil-des-ministres-du-4-janvier-2022\/\"]}]},{\"@type\":\"ImageObject\",\"inLanguage\":\"fr-FR\",\"@id\":\"https:\/\/www.public.sn\/index.php\/2023\/01\/04\/communique-du-conseil-des-ministres-du-4-janvier-2022\/#primaryimage\",\"url\":\"https:\/\/www.public.sn\/wp-content\/uploads\/2022\/11\/macky-sall.webp\",\"contentUrl\":\"https:\/\/www.public.sn\/wp-content\/uploads\/2022\/11\/macky-sall.webp\",\"width\":852,\"height\":398,\"caption\":\"publicsn\"},{\"@type\":\"BreadcrumbList\",\"@id\":\"https:\/\/www.public.sn\/index.php\/2023\/01\/04\/communique-du-conseil-des-ministres-du-4-janvier-2022\/#breadcrumb\",\"itemListElement\":[{\"@type\":\"ListItem\",\"position\":1,\"name\":\"Accueil\",\"item\":\"https:\/\/www.public.sn\/\"},{\"@type\":\"ListItem\",\"position\":2,\"name\":\"Communiqu\u00e9 du Conseil des ministres du 4 janvier 2022\"}]},{\"@type\":\"WebSite\",\"@id\":\"https:\/\/www.public.sn\/#website\",\"url\":\"https:\/\/www.public.sn\/\",\"name\":\"LE PUBLIC\",\"description\":\"\",\"publisher\":{\"@id\":\"https:\/\/www.public.sn\/#organization\"},\"potentialAction\":[{\"@type\":\"SearchAction\",\"target\":{\"@type\":\"EntryPoint\",\"urlTemplate\":\"https:\/\/www.public.sn\/?s={search_term_string}\"},\"query-input\":{\"@type\":\"PropertyValueSpecification\",\"valueRequired\":true,\"valueName\":\"search_term_string\"}}],\"inLanguage\":\"fr-FR\"},{\"@type\":\"Organization\",\"@id\":\"https:\/\/www.public.sn\/#organization\",\"name\":\"LE PUBLIC\",\"url\":\"https:\/\/www.public.sn\/\",\"logo\":{\"@type\":\"ImageObject\",\"inLanguage\":\"fr-FR\",\"@id\":\"https:\/\/www.public.sn\/#\/schema\/logo\/image\/\",\"url\":\"https:\/\/www.public.sn\/wp-content\/uploads\/2024\/05\/cropped-LOGO-PUBLIC.SN_.png\",\"contentUrl\":\"https:\/\/www.public.sn\/wp-content\/uploads\/2024\/05\/cropped-LOGO-PUBLIC.SN_.png\",\"width\":682,\"height\":192,\"caption\":\"LE PUBLIC\"},\"image\":{\"@id\":\"https:\/\/www.public.sn\/#\/schema\/logo\/image\/\"}},{\"@type\":\"Person\",\"@id\":\"https:\/\/www.public.sn\/#\/schema\/person\/e3f4a11b037d4203902db148f9bc8d5a\",\"name\":\"LA REDACTION\",\"image\":{\"@type\":\"ImageObject\",\"inLanguage\":\"fr-FR\",\"@id\":\"https:\/\/www.public.sn\/#\/schema\/person\/image\/\",\"url\":\"https:\/\/secure.gravatar.com\/avatar\/d6c030db45db2883c075085c5d6c6258654a801a93766b49af0b82d4f454e2a5?s=96&d=mm&r=g\",\"contentUrl\":\"https:\/\/secure.gravatar.com\/avatar\/d6c030db45db2883c075085c5d6c6258654a801a93766b49af0b82d4f454e2a5?s=96&d=mm&r=g\",\"caption\":\"LA REDACTION\"},\"sameAs\":[\"http:\/\/www.public.sn\"],\"url\":\"https:\/\/www.public.sn\/index.php\/author\/admin7324\/\"}]}<\/script>\n<!-- \/ Yoast SEO plugin. -->","yoast_head_json":{"title":"Communiqu\u00e9 du Conseil des ministres du 4 janvier 2022 - LE PUBLIC","robots":{"index":"index","follow":"follow","max-snippet":"max-snippet:-1","max-image-preview":"max-image-preview:large","max-video-preview":"max-video-preview:-1"},"canonical":"https:\/\/www.public.sn\/index.php\/2023\/01\/04\/communique-du-conseil-des-ministres-du-4-janvier-2022\/","og_locale":"fr_FR","og_type":"article","og_title":"Communiqu\u00e9 du Conseil des ministres du 4 janvier 2022 - LE PUBLIC","og_description":"Le Pr\u00e9sident de la R\u00e9publique, Son Excellence Macky SALL, a pr\u00e9sid\u00e9 le Conseil des Ministres, ce mercredi 04 janvier 2023, au Palais de la R\u00e9publique. A l\u2019entame de sa communication, le Chef de l\u2019Etat a pr\u00e9sent\u00e9, \u00e0 nouveau, ses meilleurs v\u0153ux au Gouvernement, \u00e0 nos compatriotes et aux h\u00f4tes \u00e9trangers qui vivent au S\u00e9n\u00e9gal. Le Pr\u00e9sident de la R\u00e9publique a invit\u00e9 le Gouvernement \u00e0 faire de 2023 une ann\u00e9e de paix, de stabilit\u00e9, de solidarit\u00e9 et de consolidation des performances \u00e9conomiques et sociales du S\u00e9n\u00e9gal dans l\u2019esprit du \u00ab fast track \u00bb. Revenant sur son message \u00e0 la nation du 31 d\u00e9cembre 2022, le Chef de l\u2019Etat a rappel\u00e9 la n\u00e9cessit\u00e9 d\u2019intensifier les r\u00e9alisations sectorielles dans la dynamique du Plan S\u00e9n\u00e9gal \u00e9mergent (PSE). Le Pr\u00e9sident de la R\u00e9publique est revenu sur le bilan de certaines r\u00e9alisations majeures de l\u2019Etat, tout en indiquant des priorit\u00e9s de l\u2019action gouvernementale en ce qui concerne plusieurs secteurs et minist\u00e8res. A cet effet, le Pr\u00e9sident de la R\u00e9publique a demand\u00e9 au Premier Ministre, sur la base des orientations et des \u00e9valuations des programmes et projets ex\u00e9cut\u00e9s ou en cours, de proposer, un plan d\u2019action du Gouvernement sur l\u2019ann\u00e9e 2023 qui sera examin\u00e9 et valid\u00e9 en Conseil des ministres. En cons\u00e9quence, le Chef de l\u2019Etat a rappel\u00e9 la n\u00e9cessit\u00e9 de veiller \u00e0 l\u2019ex\u00e9cution optimale de la loi de finances pour l\u2019ann\u00e9e 2023, en particulier des programmes minist\u00e9riels et d\u2019anticiper sur toutes les proc\u00e9dures de passation de march\u00e9s conform\u00e9ment au nouveau Code entr\u00e9 en vigueur. En outre, le Pr\u00e9sident de la R\u00e9publique a indiqu\u00e9 au Gouvernement, l\u2019urgence de finaliser l\u2019agenda l\u00e9gislatif et r\u00e9glementaire de l\u2019ann\u00e9e ; de programmer et de pr\u00e9parer les conseils interminist\u00e9riels habituels ; et de planifier l\u2019ex\u00e9cution, \u00e0 date, des investissements prioritaires r\u00e9gionaux issus des Conseils pr\u00e9sidentiels et Conseils des ministres territorialis\u00e9s. Le Chef de l\u2019Etat a rappel\u00e9 le marqueur de l\u2019action du Gouvernement avec une orientation sociale forte par une focalisation sur la lutte contre la vie ch\u00e8re, la baisse des loyers, le renforcement de la solidarit\u00e9 nationale et l\u2019acc\u00e9l\u00e9ration de la mise en \u0153uvre des programmes d\u2019\u00e9quit\u00e9 sociale et territoriale (Bourses de s\u00e9curit\u00e9 familiale, couverture sanitaire universelle, acc\u00e8s universel eau et \u00e9lectricit\u00e9, d\u00e9senclavement, autonomisation \u00e9conomique des femmes, PUDC, PUMA, PROMOVILLES, PACASEN urbain et rural \u2026). A cet effet, le Pr\u00e9sident de la R\u00e9publique a rappel\u00e9 au Gouvernement, l\u2019imp\u00e9ratif de veiller au paiement, \u00e0 compter de janvier 2023, des bourses de s\u00e9curit\u00e9 familiale (revaloris\u00e9es de 10.000 FCFA et port\u00e9es 35.000 FCFA par trimestre) aux familles concern\u00e9es. Dans cet esprit, le Chef de l\u2019Etat a demand\u00e9 au Gouvernement, en cette nouvelle ann\u00e9e de maintenir la jeunesse, l\u2019emploi, l\u2019entreprenariat et l\u2019insertion comme des urgences sociales primordiales. Ainsi, le Pr\u00e9sident de la R\u00e9publique a exhort\u00e9 le Premier Ministre \u00e0 veiller \u00e0 la coordination optimale de la mise en \u0153uvre du programme \u00ab XEYU NDAW NI \u00bb, notamment dans ses volets formations, recrutements sp\u00e9ciaux, les financements de la DER\/FJ et fonctionnalit\u00e9 des P\u00f4les Emploi et Entreprenariat des Jeunes et des Femmes dans les d\u00e9partements. Abordant l\u2019acc\u00e9l\u00e9ration de la r\u00e9alisation des projets pr\u00e9sidentiels prioritaires, le Pr\u00e9sident de la R\u00e9publique a demand\u00e9 au Gouvernement d\u2019avoir une attention sp\u00e9ciale sur le suivi de : \u2022 la finalisation des travaux du BRT ; \u2022 la Phase II du TER (Diamniadio-AIBD) ; \u2022 la polyclinique de l\u2019H\u00f4pital principal ; \u2022 le lancement effectif des travaux du Port multifonction de Ndayane ; \u2022 les h\u00f4pitaux Le Dantec, de Tivaouane et de Saint louis ; \u2022 l\u2019ach\u00e8vement de l\u2019Autoroute Mbour Fatick- Kaolack ; \u2022 le lancement de l\u2019Autoroute Thi\u00e8s-Tivaouane Saint- Louis ; \u2022 les travaux d\u2019a\u00e9roports dans des localit\u00e9s valid\u00e9es. En cette ann\u00e9e phare pour le secteur du p\u00e9trole et du Gaz, avec le d\u00e9but de l\u2019exploitation des ressources nationales d\u2019hydrocarbures, le Chef de l\u2019Etat a inform\u00e9 le Conseil de la convocation prochaine d\u2019un COS-PETROGAZ (Conseil d\u2019orientation strat\u00e9gique sur le p\u00e9trole et le gaz) afin de faire la situation sur les projets p\u00e9troliers et gaziers et leurs impacts \u00e0 court, moyen et long termes sur la vie \u00e9conomique et sociale du S\u00e9n\u00e9gal. Revenant sur le renforcement de l\u2019Etat de proximit\u00e9 avec les r\u00e9sultats notables des tourn\u00e9es \u00e9conomiques et des conseils des ministres territorialis\u00e9s, le Chef de l\u2019Etat a r\u00e9it\u00e9r\u00e9 ses remerciements et f\u00e9licitations aux populations de la r\u00e9gion de Tambacounda pour leur accueil chaleureux et leur mobilisation exceptionnelle. Le Pr\u00e9sident de la R\u00e9publique a aussi f\u00e9licit\u00e9 le Ministre de l\u2019Elevage et les acteurs du secteur pour le succ\u00e8s de la Journ\u00e9e nationale de l\u2019Elevage organis\u00e9e \u00e0 Tambacounda. Le Chef de l\u2019Etat a r\u00e9it\u00e9r\u00e9 ses f\u00e9licitations et encouragements \u00e0 l\u2019Administration territoriale pour la bonne organisation de sa tourn\u00e9e \u00e9conomique effectu\u00e9e avec le Gouvernement, du 26 au 30 d\u00e9cembre 2022, qui a fini de confirmer l\u2019imp\u00e9ratif d\u2019une gestion de proximit\u00e9 des urgences \u00e9conomiques et sociales des zones visit\u00e9es. Dans le m\u00eame temps, le Pr\u00e9sident de la R\u00e9publique a demand\u00e9 au Premier Ministre et aux ministres sectoriels d\u2019acc\u00e9l\u00e9rer \u2013 par des visites r\u00e9guli\u00e8res et un suivi au quotidien sur le terrain \u2013 l\u2019ex\u00e9cution des projets publics dans les r\u00e9gions, en relation avec les repr\u00e9sentants de l\u2019Etat, les collectivit\u00e9s territoriales et les \u00e9lus nationaux. Le Chef de l\u2019Etat a rappel\u00e9 la n\u00e9cessit\u00e9 de consolider un Etat territorial dynamique et performant avec les acteurs territoriaux par la maitrise exhaustive des projets d\u00e9ploy\u00e9s dans les territoires sur l\u2019initiative de l\u2019Etat ou des structures non \u00e9tatiques. A cet effet, le Pr\u00e9sident de la R\u00e9publique a demand\u00e9 au Gouvernement de pr\u00e9parer le lancement dans les meilleurs d\u00e9lais d\u2019un vaste programme national de construction et de r\u00e9habilitation des b\u00e2timents et \u00e9difices publics abritant les services d\u00e9concentr\u00e9s dans les circonscriptions administratives. Cl\u00f4turant ce sujet, le Chef de l\u2019Etat a inform\u00e9 le Conseil de la tenue des Conseils pr\u00e9sidentiels et des Conseils des ministres territorialis\u00e9s, en f\u00e9vrier 2023, respectivement dans les r\u00e9gions de Thi\u00e8s et de S\u00e9dhiou. Abordant le climat social et du suivi des affaires int\u00e9rieures, le Pr\u00e9sident de la R\u00e9publique a insist\u00e9 sur les points suivants : \u2022 la campagne de commercialisation arachidi\u00e8re, l\u2019extension des p\u00e9rim\u00e8tres irrigu\u00e9s et la protection des casiers","og_url":"https:\/\/www.public.sn\/index.php\/2023\/01\/04\/communique-du-conseil-des-ministres-du-4-janvier-2022\/","og_site_name":"LE PUBLIC","article_published_time":"2023-01-04T21:24:12+00:00","og_image":[{"width":852,"height":398,"url":"https:\/\/www.public.sn\/wp-content\/uploads\/2022\/11\/macky-sall.webp","type":"image\/webp"}],"author":"LA REDACTION","twitter_card":"summary_large_image","twitter_misc":{"\u00c9crit par":"LA REDACTION","Dur\u00e9e de lecture estim\u00e9e":"14 minutes"},"schema":{"@context":"https:\/\/schema.org","@graph":[{"@type":"Article","@id":"https:\/\/www.public.sn\/index.php\/2023\/01\/04\/communique-du-conseil-des-ministres-du-4-janvier-2022\/#article","isPartOf":{"@id":"https:\/\/www.public.sn\/index.php\/2023\/01\/04\/communique-du-conseil-des-ministres-du-4-janvier-2022\/"},"author":{"name":"LA REDACTION","@id":"https:\/\/www.public.sn\/#\/schema\/person\/e3f4a11b037d4203902db148f9bc8d5a"},"headline":"Communiqu\u00e9 du Conseil des ministres du 4 janvier 2022","datePublished":"2023-01-04T21:24:12+00:00","mainEntityOfPage":{"@id":"https:\/\/www.public.sn\/index.php\/2023\/01\/04\/communique-du-conseil-des-ministres-du-4-janvier-2022\/"},"wordCount":2938,"commentCount":0,"publisher":{"@id":"https:\/\/www.public.sn\/#organization"},"image":{"@id":"https:\/\/www.public.sn\/index.php\/2023\/01\/04\/communique-du-conseil-des-ministres-du-4-janvier-2022\/#primaryimage"},"thumbnailUrl":"https:\/\/www.public.sn\/wp-content\/uploads\/2022\/11\/macky-sall.webp","keywords":["communiqu\u00e9","conseil des ministres","Macky Sall"],"articleSection":["ACTUALIT\u00c9S","COMMUNIQU\u00c9","POLITIQUE","S\u00c9N\u00c9GAL"],"inLanguage":"fr-FR","potentialAction":[{"@type":"CommentAction","name":"Comment","target":["https:\/\/www.public.sn\/index.php\/2023\/01\/04\/communique-du-conseil-des-ministres-du-4-janvier-2022\/#respond"]}]},{"@type":"WebPage","@id":"https:\/\/www.public.sn\/index.php\/2023\/01\/04\/communique-du-conseil-des-ministres-du-4-janvier-2022\/","url":"https:\/\/www.public.sn\/index.php\/2023\/01\/04\/communique-du-conseil-des-ministres-du-4-janvier-2022\/","name":"Communiqu\u00e9 du Conseil des ministres du 4 janvier 2022 - LE PUBLIC","isPartOf":{"@id":"https:\/\/www.public.sn\/#website"},"primaryImageOfPage":{"@id":"https:\/\/www.public.sn\/index.php\/2023\/01\/04\/communique-du-conseil-des-ministres-du-4-janvier-2022\/#primaryimage"},"image":{"@id":"https:\/\/www.public.sn\/index.php\/2023\/01\/04\/communique-du-conseil-des-ministres-du-4-janvier-2022\/#primaryimage"},"thumbnailUrl":"https:\/\/www.public.sn\/wp-content\/uploads\/2022\/11\/macky-sall.webp","datePublished":"2023-01-04T21:24:12+00:00","breadcrumb":{"@id":"https:\/\/www.public.sn\/index.php\/2023\/01\/04\/communique-du-conseil-des-ministres-du-4-janvier-2022\/#breadcrumb"},"inLanguage":"fr-FR","potentialAction":[{"@type":"ReadAction","target":["https:\/\/www.public.sn\/index.php\/2023\/01\/04\/communique-du-conseil-des-ministres-du-4-janvier-2022\/"]}]},{"@type":"ImageObject","inLanguage":"fr-FR","@id":"https:\/\/www.public.sn\/index.php\/2023\/01\/04\/communique-du-conseil-des-ministres-du-4-janvier-2022\/#primaryimage","url":"https:\/\/www.public.sn\/wp-content\/uploads\/2022\/11\/macky-sall.webp","contentUrl":"https:\/\/www.public.sn\/wp-content\/uploads\/2022\/11\/macky-sall.webp","width":852,"height":398,"caption":"publicsn"},{"@type":"BreadcrumbList","@id":"https:\/\/www.public.sn\/index.php\/2023\/01\/04\/communique-du-conseil-des-ministres-du-4-janvier-2022\/#breadcrumb","itemListElement":[{"@type":"ListItem","position":1,"name":"Accueil","item":"https:\/\/www.public.sn\/"},{"@type":"ListItem","position":2,"name":"Communiqu\u00e9 du Conseil des ministres du 4 janvier 2022"}]},{"@type":"WebSite","@id":"https:\/\/www.public.sn\/#website","url":"https:\/\/www.public.sn\/","name":"LE PUBLIC","description":"","publisher":{"@id":"https:\/\/www.public.sn\/#organization"},"potentialAction":[{"@type":"SearchAction","target":{"@type":"EntryPoint","urlTemplate":"https:\/\/www.public.sn\/?s={search_term_string}"},"query-input":{"@type":"PropertyValueSpecification","valueRequired":true,"valueName":"search_term_string"}}],"inLanguage":"fr-FR"},{"@type":"Organization","@id":"https:\/\/www.public.sn\/#organization","name":"LE PUBLIC","url":"https:\/\/www.public.sn\/","logo":{"@type":"ImageObject","inLanguage":"fr-FR","@id":"https:\/\/www.public.sn\/#\/schema\/logo\/image\/","url":"https:\/\/www.public.sn\/wp-content\/uploads\/2024\/05\/cropped-LOGO-PUBLIC.SN_.png","contentUrl":"https:\/\/www.public.sn\/wp-content\/uploads\/2024\/05\/cropped-LOGO-PUBLIC.SN_.png","width":682,"height":192,"caption":"LE PUBLIC"},"image":{"@id":"https:\/\/www.public.sn\/#\/schema\/logo\/image\/"}},{"@type":"Person","@id":"https:\/\/www.public.sn\/#\/schema\/person\/e3f4a11b037d4203902db148f9bc8d5a","name":"LA REDACTION","image":{"@type":"ImageObject","inLanguage":"fr-FR","@id":"https:\/\/www.public.sn\/#\/schema\/person\/image\/","url":"https:\/\/secure.gravatar.com\/avatar\/d6c030db45db2883c075085c5d6c6258654a801a93766b49af0b82d4f454e2a5?s=96&d=mm&r=g","contentUrl":"https:\/\/secure.gravatar.com\/avatar\/d6c030db45db2883c075085c5d6c6258654a801a93766b49af0b82d4f454e2a5?s=96&d=mm&r=g","caption":"LA REDACTION"},"sameAs":["http:\/\/www.public.sn"],"url":"https:\/\/www.public.sn\/index.php\/author\/admin7324\/"}]}},"jetpack_featured_media_url":"https:\/\/www.public.sn\/wp-content\/uploads\/2022\/11\/macky-sall.webp","jetpack_sharing_enabled":true,"_links":{"self":[{"href":"https:\/\/www.public.sn\/index.php\/wp-json\/wp\/v2\/posts\/13285","targetHints":{"allow":["GET"]}}],"collection":[{"href":"https:\/\/www.public.sn\/index.php\/wp-json\/wp\/v2\/posts"}],"about":[{"href":"https:\/\/www.public.sn\/index.php\/wp-json\/wp\/v2\/types\/post"}],"author":[{"embeddable":true,"href":"https:\/\/www.public.sn\/index.php\/wp-json\/wp\/v2\/users\/1"}],"replies":[{"embeddable":true,"href":"https:\/\/www.public.sn\/index.php\/wp-json\/wp\/v2\/comments?post=13285"}],"version-history":[{"count":1,"href":"https:\/\/www.public.sn\/index.php\/wp-json\/wp\/v2\/posts\/13285\/revisions"}],"predecessor-version":[{"id":13286,"href":"https:\/\/www.public.sn\/index.php\/wp-json\/wp\/v2\/posts\/13285\/revisions\/13286"}],"wp:featuredmedia":[{"embeddable":true,"href":"https:\/\/www.public.sn\/index.php\/wp-json\/wp\/v2\/media\/7239"}],"wp:attachment":[{"href":"https:\/\/www.public.sn\/index.php\/wp-json\/wp\/v2\/media?parent=13285"}],"wp:term":[{"taxonomy":"category","embeddable":true,"href":"https:\/\/www.public.sn\/index.php\/wp-json\/wp\/v2\/categories?post=13285"},{"taxonomy":"post_tag","embeddable":true,"href":"https:\/\/www.public.sn\/index.php\/wp-json\/wp\/v2\/tags?post=13285"}],"curies":[{"name":"wp","href":"https:\/\/api.w.org\/{rel}","templated":true}]}}