{"id":1331,"date":"2022-09-05T17:55:35","date_gmt":"2022-09-05T15:55:35","guid":{"rendered":"https:\/\/www.public.sn\/?p=1331"},"modified":"2022-09-05T17:55:35","modified_gmt":"2022-09-05T15:55:35","slug":"rapport-lartp-recoit-270-plaintes-contre-orange-62-contre-free-08-contre-expresso-04-contre-wave-et-01-contre-la-poste","status":"publish","type":"post","link":"https:\/\/www.public.sn\/index.php\/2022\/09\/05\/rapport-lartp-recoit-270-plaintes-contre-orange-62-contre-free-08-contre-expresso-04-contre-wave-et-01-contre-la-poste\/","title":{"rendered":"Rapport: L\u2019ARTP re\u00e7oit 270 plaintes contre Orange, 62 contre Free, 08 contre Expresso, 04 contre Wave et 01 contre la Poste."},"content":{"rendered":"\n<p><strong>L\u2019Autorit\u00e9 de R\u00e9gulation des T\u00e9l\u00e9communications et des Postes (ARTP) \u00e9labore chaque ann\u00e9e un rapport sur le march\u00e9 des communications \u00e9lectroniques dont l\u2019objectif est de pr\u00e9senter les \u00e9volutions not\u00e9es sur ledit march\u00e9 au cours de l\u2019ann\u00e9e \u00e9coul\u00e9e. <\/strong><br>Pour l\u2019ann\u00e9e 2022, le service dirig\u00e9 par Abdou Ly, a publi\u00e9 un document de 73 pages. La partie consacr\u00e9e aux plaintes et r\u00e9clamations commerciales de l\u2019ARTP affirme avoir re\u00e7u globalement \u00ab 345 cas de plaintes en 2021 \u00bb. Ces plaintes re\u00e7ues des consommateurs sont reparties de la mani\u00e8re suivante : FREE : 62 plaintes, ORANGE : 270 plaintes, EXPRESSO : 08 plaintes, WAVE : 4 plaintes et SN LA POSTE : 01 plainte.<\/p><div class=\"publi-paragraphe1\" style=\"margin-top: 10px;margin-bottom: 10px;margin-left: auto;margin-right: auto;text-align: center;\" id=\"publi-3612483411\"><div class=\"publi-adlabel\">Publicit\u00e9<\/div><script async src=\"\/\/pagead2.googlesyndication.com\/pagead\/js\/adsbygoogle.js?client=ca-pub-4089586018074219\" crossorigin=\"anonymous\"><\/script><ins class=\"adsbygoogle\" style=\"display:block;\" data-ad-client=\"ca-pub-4089586018074219\" \ndata-ad-slot=\"2087940154\" \ndata-ad-format=\"auto\"><\/ins>\n<script> \n(adsbygoogle = window.adsbygoogle || []).push({}); \n<\/script>\n<\/div>\n\n\n\n<p>Pour FREE, l\u2019Artp souligne que sur les 62 plaintes re\u00e7ues, \u00ab 90% des plaintes sont commerciales et 10% des plaintes sont techniques \u00bb. Pour l\u2019op\u00e9rateur ORANGE sur les 270 plaintes, \u00ab 109 sont techniques et 161 commerciales). \u00bb<\/p>\n<div class=\"publi-apres-le-contenu\" style=\"margin-top: 10px;margin-bottom: 10px;margin-left: auto;margin-right: auto;text-align: center;\" id=\"publi-1006930860\"><div class=\"publi-adlabel\">Publicit\u00e9<\/div><script async src=\"\/\/pagead2.googlesyndication.com\/pagead\/js\/adsbygoogle.js?client=ca-pub-4089586018074219\" crossorigin=\"anonymous\"><\/script><ins class=\"adsbygoogle\" style=\"display:block;\" data-ad-client=\"ca-pub-4089586018074219\" \ndata-ad-slot=\"2087940154\" \ndata-ad-format=\"auto\"><\/ins>\n<script> \n(adsbygoogle = window.adsbygoogle || []).push({}); \n<\/script>\n<\/div>","protected":false},"excerpt":{"rendered":"<p>L\u2019Autorit\u00e9 de R\u00e9gulation des T\u00e9l\u00e9communications et des Postes (ARTP) \u00e9labore chaque ann\u00e9e un rapport sur le march\u00e9 des communications \u00e9lectroniques dont l\u2019objectif est de pr\u00e9senter les \u00e9volutions not\u00e9es sur ledit march\u00e9 au cours de l\u2019ann\u00e9e \u00e9coul\u00e9e. Pour l\u2019ann\u00e9e 2022, le service dirig\u00e9 par Abdou Ly, a publi\u00e9 un document de 73 pages. La partie consacr\u00e9e aux plaintes et r\u00e9clamations commerciales de l\u2019ARTP affirme avoir re\u00e7u globalement \u00ab 345 cas de plaintes en 2021 \u00bb. Ces plaintes re\u00e7ues des consommateurs sont reparties de la mani\u00e8re suivante : FREE : 62 plaintes, ORANGE : 270 plaintes, EXPRESSO : 08 plaintes, WAVE : 4 plaintes et SN LA POSTE : 01 plainte. Pour FREE, l\u2019Artp souligne que sur les 62 plaintes re\u00e7ues, \u00ab 90% des plaintes sont commerciales et 10% des plaintes sont techniques \u00bb. Pour l\u2019op\u00e9rateur ORANGE sur les 270 plaintes, \u00ab 109 sont techniques et 161 commerciales). \u00bb<\/p>\n","protected":false},"author":1,"featured_media":1332,"comment_status":"open","ping_status":"open","sticky":false,"template":"","format":"standard","meta":{"_jetpack_memberships_contains_paid_content":false,"footnotes":""},"categories":[376,4],"tags":[567,566,570,174,568,381,569,426],"class_list":["post-1331","post","type-post","status-publish","format-standard","has-post-thumbnail","hentry","category-securite-justice","category-societe","tag-abou-ly","tag-artp","tag-commerciale-et-technique","tag-expresso","tag-free","tag-orange","tag-plaintes","tag-wave","entry","has-media","owp-thumbs-layout-horizontal","owp-btn-normal","owp-tabs-layout-horizontal","has-no-thumbnails","has-product-nav"],"yoast_head":"<!-- This site is optimized with the Yoast SEO plugin v25.5 - https:\/\/yoast.com\/wordpress\/plugins\/seo\/ -->\n<title>Rapport: L\u2019ARTP re\u00e7oit 270 plaintes contre Orange, 62 contre Free, 08 contre Expresso, 04 contre Wave et 01 contre la Poste. - LE PUBLIC<\/title>\n<meta name=\"robots\" content=\"index, follow, max-snippet:-1, max-image-preview:large, max-video-preview:-1\" \/>\n<link rel=\"canonical\" href=\"https:\/\/www.public.sn\/index.php\/2022\/09\/05\/rapport-lartp-recoit-270-plaintes-contre-orange-62-contre-free-08-contre-expresso-04-contre-wave-et-01-contre-la-poste\/\" \/>\n<meta property=\"og:locale\" content=\"fr_FR\" \/>\n<meta property=\"og:type\" content=\"article\" \/>\n<meta property=\"og:title\" content=\"Rapport: L\u2019ARTP re\u00e7oit 270 plaintes contre Orange, 62 contre Free, 08 contre Expresso, 04 contre Wave et 01 contre la Poste. - LE PUBLIC\" \/>\n<meta property=\"og:description\" content=\"L\u2019Autorit\u00e9 de R\u00e9gulation des T\u00e9l\u00e9communications et des Postes (ARTP) \u00e9labore chaque ann\u00e9e un rapport sur le march\u00e9 des communications \u00e9lectroniques dont l\u2019objectif est de pr\u00e9senter les \u00e9volutions not\u00e9es sur ledit march\u00e9 au cours de l\u2019ann\u00e9e \u00e9coul\u00e9e. Pour l\u2019ann\u00e9e 2022, le service dirig\u00e9 par Abdou Ly, a publi\u00e9 un document de 73 pages. La partie consacr\u00e9e aux plaintes et r\u00e9clamations commerciales de l\u2019ARTP affirme avoir re\u00e7u globalement \u00ab 345 cas de plaintes en 2021 \u00bb. Ces plaintes re\u00e7ues des consommateurs sont reparties de la mani\u00e8re suivante : FREE : 62 plaintes, ORANGE : 270 plaintes, EXPRESSO : 08 plaintes, WAVE : 4 plaintes et SN LA POSTE : 01 plainte. Pour FREE, l\u2019Artp souligne que sur les 62 plaintes re\u00e7ues, \u00ab 90% des plaintes sont commerciales et 10% des plaintes sont techniques \u00bb. Pour l\u2019op\u00e9rateur ORANGE sur les 270 plaintes, \u00ab 109 sont techniques et 161 commerciales). \u00bb\" \/>\n<meta property=\"og:url\" content=\"https:\/\/www.public.sn\/index.php\/2022\/09\/05\/rapport-lartp-recoit-270-plaintes-contre-orange-62-contre-free-08-contre-expresso-04-contre-wave-et-01-contre-la-poste\/\" \/>\n<meta property=\"og:site_name\" content=\"LE PUBLIC\" \/>\n<meta property=\"article:published_time\" content=\"2022-09-05T15:55:35+00:00\" \/>\n<meta property=\"og:image\" content=\"https:\/\/www.public.sn\/wp-content\/uploads\/2022\/09\/428E0467-F8C7-4EEF-B67E-B8F2BD9AFA8D.jpeg\" \/>\n\t<meta property=\"og:image:width\" content=\"2048\" \/>\n\t<meta property=\"og:image:height\" content=\"1536\" \/>\n\t<meta property=\"og:image:type\" content=\"image\/jpeg\" \/>\n<meta name=\"author\" content=\"LA REDACTION\" \/>\n<meta name=\"twitter:card\" content=\"summary_large_image\" \/>\n<meta name=\"twitter:label1\" content=\"\u00c9crit par\" \/>\n\t<meta name=\"twitter:data1\" content=\"LA REDACTION\" \/>\n\t<meta name=\"twitter:label2\" content=\"Dur\u00e9e de lecture estim\u00e9e\" \/>\n\t<meta name=\"twitter:data2\" content=\"1 minute\" \/>\n<script type=\"application\/ld+json\" class=\"yoast-schema-graph\">{\"@context\":\"https:\/\/schema.org\",\"@graph\":[{\"@type\":\"Article\",\"@id\":\"https:\/\/www.public.sn\/index.php\/2022\/09\/05\/rapport-lartp-recoit-270-plaintes-contre-orange-62-contre-free-08-contre-expresso-04-contre-wave-et-01-contre-la-poste\/#article\",\"isPartOf\":{\"@id\":\"https:\/\/www.public.sn\/index.php\/2022\/09\/05\/rapport-lartp-recoit-270-plaintes-contre-orange-62-contre-free-08-contre-expresso-04-contre-wave-et-01-contre-la-poste\/\"},\"author\":{\"name\":\"LA REDACTION\",\"@id\":\"https:\/\/www.public.sn\/#\/schema\/person\/e3f4a11b037d4203902db148f9bc8d5a\"},\"headline\":\"Rapport: L\u2019ARTP re\u00e7oit 270 plaintes contre Orange, 62 contre Free, 08 contre Expresso, 04 contre Wave et 01 contre la Poste.\",\"datePublished\":\"2022-09-05T15:55:35+00:00\",\"mainEntityOfPage\":{\"@id\":\"https:\/\/www.public.sn\/index.php\/2022\/09\/05\/rapport-lartp-recoit-270-plaintes-contre-orange-62-contre-free-08-contre-expresso-04-contre-wave-et-01-contre-la-poste\/\"},\"wordCount\":161,\"commentCount\":0,\"publisher\":{\"@id\":\"https:\/\/www.public.sn\/#organization\"},\"image\":{\"@id\":\"https:\/\/www.public.sn\/index.php\/2022\/09\/05\/rapport-lartp-recoit-270-plaintes-contre-orange-62-contre-free-08-contre-expresso-04-contre-wave-et-01-contre-la-poste\/#primaryimage\"},\"thumbnailUrl\":\"https:\/\/www.public.sn\/wp-content\/uploads\/2022\/09\/428E0467-F8C7-4EEF-B67E-B8F2BD9AFA8D.jpeg\",\"keywords\":[\"Abou Ly\",\"Artp\",\"Commerciale et Technique\",\"Expresso\",\"Free\",\"orange\",\"Plaintes\",\"Wave\"],\"articleSection\":[\"S\u00c9CURIT\u00c9 &amp; JUSTICE\",\"SOCIETE\"],\"inLanguage\":\"fr-FR\",\"potentialAction\":[{\"@type\":\"CommentAction\",\"name\":\"Comment\",\"target\":[\"https:\/\/www.public.sn\/index.php\/2022\/09\/05\/rapport-lartp-recoit-270-plaintes-contre-orange-62-contre-free-08-contre-expresso-04-contre-wave-et-01-contre-la-poste\/#respond\"]}]},{\"@type\":\"WebPage\",\"@id\":\"https:\/\/www.public.sn\/index.php\/2022\/09\/05\/rapport-lartp-recoit-270-plaintes-contre-orange-62-contre-free-08-contre-expresso-04-contre-wave-et-01-contre-la-poste\/\",\"url\":\"https:\/\/www.public.sn\/index.php\/2022\/09\/05\/rapport-lartp-recoit-270-plaintes-contre-orange-62-contre-free-08-contre-expresso-04-contre-wave-et-01-contre-la-poste\/\",\"name\":\"Rapport: L\u2019ARTP re\u00e7oit 270 plaintes contre Orange, 62 contre Free, 08 contre Expresso, 04 contre Wave et 01 contre la Poste. - LE PUBLIC\",\"isPartOf\":{\"@id\":\"https:\/\/www.public.sn\/#website\"},\"primaryImageOfPage\":{\"@id\":\"https:\/\/www.public.sn\/index.php\/2022\/09\/05\/rapport-lartp-recoit-270-plaintes-contre-orange-62-contre-free-08-contre-expresso-04-contre-wave-et-01-contre-la-poste\/#primaryimage\"},\"image\":{\"@id\":\"https:\/\/www.public.sn\/index.php\/2022\/09\/05\/rapport-lartp-recoit-270-plaintes-contre-orange-62-contre-free-08-contre-expresso-04-contre-wave-et-01-contre-la-poste\/#primaryimage\"},\"thumbnailUrl\":\"https:\/\/www.public.sn\/wp-content\/uploads\/2022\/09\/428E0467-F8C7-4EEF-B67E-B8F2BD9AFA8D.jpeg\",\"datePublished\":\"2022-09-05T15:55:35+00:00\",\"breadcrumb\":{\"@id\":\"https:\/\/www.public.sn\/index.php\/2022\/09\/05\/rapport-lartp-recoit-270-plaintes-contre-orange-62-contre-free-08-contre-expresso-04-contre-wave-et-01-contre-la-poste\/#breadcrumb\"},\"inLanguage\":\"fr-FR\",\"potentialAction\":[{\"@type\":\"ReadAction\",\"target\":[\"https:\/\/www.public.sn\/index.php\/2022\/09\/05\/rapport-lartp-recoit-270-plaintes-contre-orange-62-contre-free-08-contre-expresso-04-contre-wave-et-01-contre-la-poste\/\"]}]},{\"@type\":\"ImageObject\",\"inLanguage\":\"fr-FR\",\"@id\":\"https:\/\/www.public.sn\/index.php\/2022\/09\/05\/rapport-lartp-recoit-270-plaintes-contre-orange-62-contre-free-08-contre-expresso-04-contre-wave-et-01-contre-la-poste\/#primaryimage\",\"url\":\"https:\/\/www.public.sn\/wp-content\/uploads\/2022\/09\/428E0467-F8C7-4EEF-B67E-B8F2BD9AFA8D.jpeg\",\"contentUrl\":\"https:\/\/www.public.sn\/wp-content\/uploads\/2022\/09\/428E0467-F8C7-4EEF-B67E-B8F2BD9AFA8D.jpeg\",\"width\":2048,\"height\":1536},{\"@type\":\"BreadcrumbList\",\"@id\":\"https:\/\/www.public.sn\/index.php\/2022\/09\/05\/rapport-lartp-recoit-270-plaintes-contre-orange-62-contre-free-08-contre-expresso-04-contre-wave-et-01-contre-la-poste\/#breadcrumb\",\"itemListElement\":[{\"@type\":\"ListItem\",\"position\":1,\"name\":\"Accueil\",\"item\":\"https:\/\/www.public.sn\/\"},{\"@type\":\"ListItem\",\"position\":2,\"name\":\"Rapport: L\u2019ARTP re\u00e7oit 270 plaintes contre Orange, 62 contre Free, 08 contre Expresso, 04 contre Wave et 01 contre la Poste.\"}]},{\"@type\":\"WebSite\",\"@id\":\"https:\/\/www.public.sn\/#website\",\"url\":\"https:\/\/www.public.sn\/\",\"name\":\"LE PUBLIC\",\"description\":\"\",\"publisher\":{\"@id\":\"https:\/\/www.public.sn\/#organization\"},\"potentialAction\":[{\"@type\":\"SearchAction\",\"target\":{\"@type\":\"EntryPoint\",\"urlTemplate\":\"https:\/\/www.public.sn\/?s={search_term_string}\"},\"query-input\":{\"@type\":\"PropertyValueSpecification\",\"valueRequired\":true,\"valueName\":\"search_term_string\"}}],\"inLanguage\":\"fr-FR\"},{\"@type\":\"Organization\",\"@id\":\"https:\/\/www.public.sn\/#organization\",\"name\":\"LE PUBLIC\",\"url\":\"https:\/\/www.public.sn\/\",\"logo\":{\"@type\":\"ImageObject\",\"inLanguage\":\"fr-FR\",\"@id\":\"https:\/\/www.public.sn\/#\/schema\/logo\/image\/\",\"url\":\"https:\/\/www.public.sn\/wp-content\/uploads\/2024\/05\/cropped-LOGO-PUBLIC.SN_.png\",\"contentUrl\":\"https:\/\/www.public.sn\/wp-content\/uploads\/2024\/05\/cropped-LOGO-PUBLIC.SN_.png\",\"width\":682,\"height\":192,\"caption\":\"LE PUBLIC\"},\"image\":{\"@id\":\"https:\/\/www.public.sn\/#\/schema\/logo\/image\/\"}},{\"@type\":\"Person\",\"@id\":\"https:\/\/www.public.sn\/#\/schema\/person\/e3f4a11b037d4203902db148f9bc8d5a\",\"name\":\"LA REDACTION\",\"image\":{\"@type\":\"ImageObject\",\"inLanguage\":\"fr-FR\",\"@id\":\"https:\/\/www.public.sn\/#\/schema\/person\/image\/\",\"url\":\"https:\/\/secure.gravatar.com\/avatar\/d6c030db45db2883c075085c5d6c6258654a801a93766b49af0b82d4f454e2a5?s=96&d=mm&r=g\",\"contentUrl\":\"https:\/\/secure.gravatar.com\/avatar\/d6c030db45db2883c075085c5d6c6258654a801a93766b49af0b82d4f454e2a5?s=96&d=mm&r=g\",\"caption\":\"LA REDACTION\"},\"sameAs\":[\"http:\/\/www.public.sn\"],\"url\":\"https:\/\/www.public.sn\/index.php\/author\/admin7324\/\"}]}<\/script>\n<!-- \/ Yoast SEO plugin. -->","yoast_head_json":{"title":"Rapport: L\u2019ARTP re\u00e7oit 270 plaintes contre Orange, 62 contre Free, 08 contre Expresso, 04 contre Wave et 01 contre la Poste. - LE PUBLIC","robots":{"index":"index","follow":"follow","max-snippet":"max-snippet:-1","max-image-preview":"max-image-preview:large","max-video-preview":"max-video-preview:-1"},"canonical":"https:\/\/www.public.sn\/index.php\/2022\/09\/05\/rapport-lartp-recoit-270-plaintes-contre-orange-62-contre-free-08-contre-expresso-04-contre-wave-et-01-contre-la-poste\/","og_locale":"fr_FR","og_type":"article","og_title":"Rapport: L\u2019ARTP re\u00e7oit 270 plaintes contre Orange, 62 contre Free, 08 contre Expresso, 04 contre Wave et 01 contre la Poste. - LE PUBLIC","og_description":"L\u2019Autorit\u00e9 de R\u00e9gulation des T\u00e9l\u00e9communications et des Postes (ARTP) \u00e9labore chaque ann\u00e9e un rapport sur le march\u00e9 des communications \u00e9lectroniques dont l\u2019objectif est de pr\u00e9senter les \u00e9volutions not\u00e9es sur ledit march\u00e9 au cours de l\u2019ann\u00e9e \u00e9coul\u00e9e. Pour l\u2019ann\u00e9e 2022, le service dirig\u00e9 par Abdou Ly, a publi\u00e9 un document de 73 pages. La partie consacr\u00e9e aux plaintes et r\u00e9clamations commerciales de l\u2019ARTP affirme avoir re\u00e7u globalement \u00ab 345 cas de plaintes en 2021 \u00bb. Ces plaintes re\u00e7ues des consommateurs sont reparties de la mani\u00e8re suivante : FREE : 62 plaintes, ORANGE : 270 plaintes, EXPRESSO : 08 plaintes, WAVE : 4 plaintes et SN LA POSTE : 01 plainte. Pour FREE, l\u2019Artp souligne que sur les 62 plaintes re\u00e7ues, \u00ab 90% des plaintes sont commerciales et 10% des plaintes sont techniques \u00bb. Pour l\u2019op\u00e9rateur ORANGE sur les 270 plaintes, \u00ab 109 sont techniques et 161 commerciales). \u00bb","og_url":"https:\/\/www.public.sn\/index.php\/2022\/09\/05\/rapport-lartp-recoit-270-plaintes-contre-orange-62-contre-free-08-contre-expresso-04-contre-wave-et-01-contre-la-poste\/","og_site_name":"LE PUBLIC","article_published_time":"2022-09-05T15:55:35+00:00","og_image":[{"width":2048,"height":1536,"url":"https:\/\/www.public.sn\/wp-content\/uploads\/2022\/09\/428E0467-F8C7-4EEF-B67E-B8F2BD9AFA8D.jpeg","type":"image\/jpeg"}],"author":"LA REDACTION","twitter_card":"summary_large_image","twitter_misc":{"\u00c9crit par":"LA REDACTION","Dur\u00e9e de lecture estim\u00e9e":"1 minute"},"schema":{"@context":"https:\/\/schema.org","@graph":[{"@type":"Article","@id":"https:\/\/www.public.sn\/index.php\/2022\/09\/05\/rapport-lartp-recoit-270-plaintes-contre-orange-62-contre-free-08-contre-expresso-04-contre-wave-et-01-contre-la-poste\/#article","isPartOf":{"@id":"https:\/\/www.public.sn\/index.php\/2022\/09\/05\/rapport-lartp-recoit-270-plaintes-contre-orange-62-contre-free-08-contre-expresso-04-contre-wave-et-01-contre-la-poste\/"},"author":{"name":"LA REDACTION","@id":"https:\/\/www.public.sn\/#\/schema\/person\/e3f4a11b037d4203902db148f9bc8d5a"},"headline":"Rapport: L\u2019ARTP re\u00e7oit 270 plaintes contre Orange, 62 contre Free, 08 contre Expresso, 04 contre Wave et 01 contre la Poste.","datePublished":"2022-09-05T15:55:35+00:00","mainEntityOfPage":{"@id":"https:\/\/www.public.sn\/index.php\/2022\/09\/05\/rapport-lartp-recoit-270-plaintes-contre-orange-62-contre-free-08-contre-expresso-04-contre-wave-et-01-contre-la-poste\/"},"wordCount":161,"commentCount":0,"publisher":{"@id":"https:\/\/www.public.sn\/#organization"},"image":{"@id":"https:\/\/www.public.sn\/index.php\/2022\/09\/05\/rapport-lartp-recoit-270-plaintes-contre-orange-62-contre-free-08-contre-expresso-04-contre-wave-et-01-contre-la-poste\/#primaryimage"},"thumbnailUrl":"https:\/\/www.public.sn\/wp-content\/uploads\/2022\/09\/428E0467-F8C7-4EEF-B67E-B8F2BD9AFA8D.jpeg","keywords":["Abou Ly","Artp","Commerciale et Technique","Expresso","Free","orange","Plaintes","Wave"],"articleSection":["S\u00c9CURIT\u00c9 &amp; JUSTICE","SOCIETE"],"inLanguage":"fr-FR","potentialAction":[{"@type":"CommentAction","name":"Comment","target":["https:\/\/www.public.sn\/index.php\/2022\/09\/05\/rapport-lartp-recoit-270-plaintes-contre-orange-62-contre-free-08-contre-expresso-04-contre-wave-et-01-contre-la-poste\/#respond"]}]},{"@type":"WebPage","@id":"https:\/\/www.public.sn\/index.php\/2022\/09\/05\/rapport-lartp-recoit-270-plaintes-contre-orange-62-contre-free-08-contre-expresso-04-contre-wave-et-01-contre-la-poste\/","url":"https:\/\/www.public.sn\/index.php\/2022\/09\/05\/rapport-lartp-recoit-270-plaintes-contre-orange-62-contre-free-08-contre-expresso-04-contre-wave-et-01-contre-la-poste\/","name":"Rapport: L\u2019ARTP re\u00e7oit 270 plaintes contre Orange, 62 contre Free, 08 contre Expresso, 04 contre Wave et 01 contre la Poste. - LE PUBLIC","isPartOf":{"@id":"https:\/\/www.public.sn\/#website"},"primaryImageOfPage":{"@id":"https:\/\/www.public.sn\/index.php\/2022\/09\/05\/rapport-lartp-recoit-270-plaintes-contre-orange-62-contre-free-08-contre-expresso-04-contre-wave-et-01-contre-la-poste\/#primaryimage"},"image":{"@id":"https:\/\/www.public.sn\/index.php\/2022\/09\/05\/rapport-lartp-recoit-270-plaintes-contre-orange-62-contre-free-08-contre-expresso-04-contre-wave-et-01-contre-la-poste\/#primaryimage"},"thumbnailUrl":"https:\/\/www.public.sn\/wp-content\/uploads\/2022\/09\/428E0467-F8C7-4EEF-B67E-B8F2BD9AFA8D.jpeg","datePublished":"2022-09-05T15:55:35+00:00","breadcrumb":{"@id":"https:\/\/www.public.sn\/index.php\/2022\/09\/05\/rapport-lartp-recoit-270-plaintes-contre-orange-62-contre-free-08-contre-expresso-04-contre-wave-et-01-contre-la-poste\/#breadcrumb"},"inLanguage":"fr-FR","potentialAction":[{"@type":"ReadAction","target":["https:\/\/www.public.sn\/index.php\/2022\/09\/05\/rapport-lartp-recoit-270-plaintes-contre-orange-62-contre-free-08-contre-expresso-04-contre-wave-et-01-contre-la-poste\/"]}]},{"@type":"ImageObject","inLanguage":"fr-FR","@id":"https:\/\/www.public.sn\/index.php\/2022\/09\/05\/rapport-lartp-recoit-270-plaintes-contre-orange-62-contre-free-08-contre-expresso-04-contre-wave-et-01-contre-la-poste\/#primaryimage","url":"https:\/\/www.public.sn\/wp-content\/uploads\/2022\/09\/428E0467-F8C7-4EEF-B67E-B8F2BD9AFA8D.jpeg","contentUrl":"https:\/\/www.public.sn\/wp-content\/uploads\/2022\/09\/428E0467-F8C7-4EEF-B67E-B8F2BD9AFA8D.jpeg","width":2048,"height":1536},{"@type":"BreadcrumbList","@id":"https:\/\/www.public.sn\/index.php\/2022\/09\/05\/rapport-lartp-recoit-270-plaintes-contre-orange-62-contre-free-08-contre-expresso-04-contre-wave-et-01-contre-la-poste\/#breadcrumb","itemListElement":[{"@type":"ListItem","position":1,"name":"Accueil","item":"https:\/\/www.public.sn\/"},{"@type":"ListItem","position":2,"name":"Rapport: L\u2019ARTP re\u00e7oit 270 plaintes contre Orange, 62 contre Free, 08 contre Expresso, 04 contre Wave et 01 contre la Poste."}]},{"@type":"WebSite","@id":"https:\/\/www.public.sn\/#website","url":"https:\/\/www.public.sn\/","name":"LE PUBLIC","description":"","publisher":{"@id":"https:\/\/www.public.sn\/#organization"},"potentialAction":[{"@type":"SearchAction","target":{"@type":"EntryPoint","urlTemplate":"https:\/\/www.public.sn\/?s={search_term_string}"},"query-input":{"@type":"PropertyValueSpecification","valueRequired":true,"valueName":"search_term_string"}}],"inLanguage":"fr-FR"},{"@type":"Organization","@id":"https:\/\/www.public.sn\/#organization","name":"LE PUBLIC","url":"https:\/\/www.public.sn\/","logo":{"@type":"ImageObject","inLanguage":"fr-FR","@id":"https:\/\/www.public.sn\/#\/schema\/logo\/image\/","url":"https:\/\/www.public.sn\/wp-content\/uploads\/2024\/05\/cropped-LOGO-PUBLIC.SN_.png","contentUrl":"https:\/\/www.public.sn\/wp-content\/uploads\/2024\/05\/cropped-LOGO-PUBLIC.SN_.png","width":682,"height":192,"caption":"LE PUBLIC"},"image":{"@id":"https:\/\/www.public.sn\/#\/schema\/logo\/image\/"}},{"@type":"Person","@id":"https:\/\/www.public.sn\/#\/schema\/person\/e3f4a11b037d4203902db148f9bc8d5a","name":"LA REDACTION","image":{"@type":"ImageObject","inLanguage":"fr-FR","@id":"https:\/\/www.public.sn\/#\/schema\/person\/image\/","url":"https:\/\/secure.gravatar.com\/avatar\/d6c030db45db2883c075085c5d6c6258654a801a93766b49af0b82d4f454e2a5?s=96&d=mm&r=g","contentUrl":"https:\/\/secure.gravatar.com\/avatar\/d6c030db45db2883c075085c5d6c6258654a801a93766b49af0b82d4f454e2a5?s=96&d=mm&r=g","caption":"LA REDACTION"},"sameAs":["http:\/\/www.public.sn"],"url":"https:\/\/www.public.sn\/index.php\/author\/admin7324\/"}]}},"jetpack_featured_media_url":"https:\/\/www.public.sn\/wp-content\/uploads\/2022\/09\/428E0467-F8C7-4EEF-B67E-B8F2BD9AFA8D.jpeg","jetpack_sharing_enabled":true,"_links":{"self":[{"href":"https:\/\/www.public.sn\/index.php\/wp-json\/wp\/v2\/posts\/1331","targetHints":{"allow":["GET"]}}],"collection":[{"href":"https:\/\/www.public.sn\/index.php\/wp-json\/wp\/v2\/posts"}],"about":[{"href":"https:\/\/www.public.sn\/index.php\/wp-json\/wp\/v2\/types\/post"}],"author":[{"embeddable":true,"href":"https:\/\/www.public.sn\/index.php\/wp-json\/wp\/v2\/users\/1"}],"replies":[{"embeddable":true,"href":"https:\/\/www.public.sn\/index.php\/wp-json\/wp\/v2\/comments?post=1331"}],"version-history":[{"count":1,"href":"https:\/\/www.public.sn\/index.php\/wp-json\/wp\/v2\/posts\/1331\/revisions"}],"predecessor-version":[{"id":1333,"href":"https:\/\/www.public.sn\/index.php\/wp-json\/wp\/v2\/posts\/1331\/revisions\/1333"}],"wp:featuredmedia":[{"embeddable":true,"href":"https:\/\/www.public.sn\/index.php\/wp-json\/wp\/v2\/media\/1332"}],"wp:attachment":[{"href":"https:\/\/www.public.sn\/index.php\/wp-json\/wp\/v2\/media?parent=1331"}],"wp:term":[{"taxonomy":"category","embeddable":true,"href":"https:\/\/www.public.sn\/index.php\/wp-json\/wp\/v2\/categories?post=1331"},{"taxonomy":"post_tag","embeddable":true,"href":"https:\/\/www.public.sn\/index.php\/wp-json\/wp\/v2\/tags?post=1331"}],"curies":[{"name":"wp","href":"https:\/\/api.w.org\/{rel}","templated":true}]}}