{"id":13316,"date":"2023-01-05T17:16:18","date_gmt":"2023-01-05T17:16:18","guid":{"rendered":"https:\/\/www.public.sn\/?p=13316"},"modified":"2023-01-05T17:16:18","modified_gmt":"2023-01-05T17:16:18","slug":"cote-divoire-quatorze-morts-dans-une-collision-entre-deux-cars-a-yamoussoukro","status":"publish","type":"post","link":"https:\/\/www.public.sn\/index.php\/2023\/01\/05\/cote-divoire-quatorze-morts-dans-une-collision-entre-deux-cars-a-yamoussoukro\/","title":{"rendered":"C\u00f4te d&rsquo;ivoire : Quatorze morts dans une collision entre deux cars \u00e0 Yamoussoukro"},"content":{"rendered":"<p><strong>C&rsquo;est une tr\u00e8s mauvaise nouvelle qui vient secouer la C\u00f4te d&rsquo;ivoire. En effet, selon l&rsquo;Agence Ivoirienne de Presse (AIP), une collision entre un car de la compagnie UTB \u00e0 destination d\u2019Abidjan et un v\u00e9hicule d\u2019un convoi fun\u00e8bre en partance pour S\u00e9gu\u00e9la a fait 90 victimes dont 14 morts et plusieurs bless\u00e9s graves, jeudi 5 janvier 2023, \u00e0 l\u2019entr\u00e9e de la ville de Yamoussoukro, \u00e0 hauteur de la station Districom.<\/strong><\/p><div class=\"publi-paragraphe1\" style=\"margin-top: 10px;margin-bottom: 10px;margin-left: auto;margin-right: auto;text-align: center;\" id=\"publi-559604335\"><div class=\"publi-adlabel\">Publicit\u00e9<\/div><script async src=\"\/\/pagead2.googlesyndication.com\/pagead\/js\/adsbygoogle.js?client=ca-pub-4089586018074219\" crossorigin=\"anonymous\"><\/script><ins class=\"adsbygoogle\" style=\"display:block;\" data-ad-client=\"ca-pub-4089586018074219\" \ndata-ad-slot=\"2087940154\" \ndata-ad-format=\"auto\"><\/ins>\n<script> \n(adsbygoogle = window.adsbygoogle || []).push({}); \n<\/script>\n<\/div>\n<p>La m\u00eame source de r\u00e9v\u00e9ler que neuf personnes ont perdu la vie sur les lieux de l\u2019accident et cinq autres apr\u00e8s leur transfert dans les centres de soins. Parmi les personnes d\u00e9c\u00e9d\u00e9es, figurent neuf hommes, selon le bilan du Groupement des sapeurs pompiers militaires (GSPM), \u00e0 16 h.<\/p>\n<p>Les chauffeurs des deux cars sont morts sur le coup tandis que plusieurs passagers sont rest\u00e9s coinc\u00e9s pendant de longues heures dans les ferrailles.<\/p>\n<p>\u00ab Nous avons constat\u00e9 plusieurs cas graves et la priorit\u00e9 a \u00e9t\u00e9 les \u00e9vacuations \u00bb, a expliqu\u00e9 le commandant de la cinqui\u00e8me compagnie d\u2019incendie et de secours, chef de bataillon Koui Yannick.<\/p>\n<p>Sapeurs-pompiers, policiers et gendarmes aid\u00e9s des \u00e9l\u00e9ments du centre de secours urbain de Toumodi ont uni leurs forces pour porter assistance \u00e0 toutes les victimes dont les cris et pleurs ont attir\u00e9 de nombreux badauds sur les lieux.<\/p>\n<p>Au total, 73 victimes ont \u00e9t\u00e9 \u00e9vacu\u00e9es au Centre hospitalier r\u00e9gional (CHR) de Yamoussoukro et \u00e0 l\u2019h\u00f4pital Saint Joseph Moscatti.<\/p>\n<p>\u00ab On a pris un corps \u00e0 Abidjan en destination de S\u00e9gu\u00e9la. Le chauffeur nous a devanc\u00e9s et devait nous attendre \u00e0 Yamoussoukro malheureusement l\u2019irr\u00e9parable s\u2019est produit ici\u00bb, a t\u00e9moign\u00e9 le chauffeur de corbillard Lacina Ouattara.<\/p>\n<p>Le convoi conduisait \u00e0 sa derni\u00e8re demeure une dame d\u00e9c\u00e9d\u00e9e en Europe. Plusieurs expatri\u00e9s figurent au nombre des victimes de l\u2019accident.<\/p>\n<div class=\"publi-apres-le-contenu\" style=\"margin-top: 10px;margin-bottom: 10px;margin-left: auto;margin-right: auto;text-align: center;\" id=\"publi-431727116\"><div class=\"publi-adlabel\">Publicit\u00e9<\/div><script async src=\"\/\/pagead2.googlesyndication.com\/pagead\/js\/adsbygoogle.js?client=ca-pub-4089586018074219\" crossorigin=\"anonymous\"><\/script><ins class=\"adsbygoogle\" style=\"display:block;\" data-ad-client=\"ca-pub-4089586018074219\" \ndata-ad-slot=\"2087940154\" \ndata-ad-format=\"auto\"><\/ins>\n<script> \n(adsbygoogle = window.adsbygoogle || []).push({}); \n<\/script>\n<\/div>","protected":false},"excerpt":{"rendered":"<p>C&rsquo;est une tr\u00e8s mauvaise nouvelle qui vient secouer la C\u00f4te d&rsquo;ivoire. En effet, selon l&rsquo;Agence Ivoirienne de Presse (AIP), une collision entre un car de la compagnie UTB \u00e0 destination d\u2019Abidjan et un v\u00e9hicule d\u2019un convoi fun\u00e8bre en partance pour S\u00e9gu\u00e9la a fait 90 victimes dont 14 morts et plusieurs bless\u00e9s graves, jeudi 5 janvier 2023, \u00e0 l\u2019entr\u00e9e de la ville de Yamoussoukro, \u00e0 hauteur de la station Districom. La m\u00eame source de r\u00e9v\u00e9ler que neuf personnes ont perdu la vie sur les lieux de l\u2019accident et cinq autres apr\u00e8s leur transfert dans les centres de soins. Parmi les personnes d\u00e9c\u00e9d\u00e9es, figurent neuf hommes, selon le bilan du Groupement des sapeurs pompiers militaires (GSPM), \u00e0 16 h. Les chauffeurs des deux cars sont morts sur le coup tandis que plusieurs passagers sont rest\u00e9s coinc\u00e9s pendant de longues heures dans les ferrailles. \u00ab Nous avons constat\u00e9 plusieurs cas graves et la priorit\u00e9 a \u00e9t\u00e9 les \u00e9vacuations \u00bb, a expliqu\u00e9 le commandant de la cinqui\u00e8me compagnie d\u2019incendie et de secours, chef de bataillon Koui Yannick. Sapeurs-pompiers, policiers et gendarmes aid\u00e9s des \u00e9l\u00e9ments du centre de secours urbain de Toumodi ont uni leurs forces pour porter assistance \u00e0 toutes les victimes dont les cris et pleurs ont attir\u00e9 de nombreux badauds sur les lieux. Au total, 73 victimes ont \u00e9t\u00e9 \u00e9vacu\u00e9es au Centre hospitalier r\u00e9gional (CHR) de Yamoussoukro et \u00e0 l\u2019h\u00f4pital Saint Joseph Moscatti. \u00ab On a pris un corps \u00e0 Abidjan en destination de S\u00e9gu\u00e9la. Le chauffeur nous a devanc\u00e9s et devait nous attendre \u00e0 Yamoussoukro malheureusement l\u2019irr\u00e9parable s\u2019est produit ici\u00bb, a t\u00e9moign\u00e9 le chauffeur de corbillard Lacina Ouattara. Le convoi conduisait \u00e0 sa derni\u00e8re demeure une dame d\u00e9c\u00e9d\u00e9e en Europe. Plusieurs expatri\u00e9s figurent au nombre des victimes de l\u2019accident.<\/p>\n","protected":false},"author":1,"featured_media":13317,"comment_status":"open","ping_status":"open","sticky":false,"template":"","format":"standard","meta":{"_jetpack_memberships_contains_paid_content":false,"footnotes":""},"categories":[1051,371,4,1052,372],"tags":[102,136,4025],"class_list":["post-13316","post","type-post","status-publish","format-standard","has-post-thumbnail","hentry","category-drame","category-necrologie","category-societe","category-transport","category-vedette","tag-accident","tag-cote-divoire","tag-yamoussoukro","entry","has-media","owp-thumbs-layout-horizontal","owp-btn-normal","owp-tabs-layout-horizontal","has-no-thumbnails","has-product-nav"],"yoast_head":"<!-- This site is optimized with the Yoast SEO plugin v25.5 - https:\/\/yoast.com\/wordpress\/plugins\/seo\/ -->\n<title>C\u00f4te d&#039;ivoire : Quatorze morts dans une collision entre deux cars \u00e0 Yamoussoukro - LE PUBLIC<\/title>\n<meta name=\"description\" content=\"C&#039;est une tr\u00e8s mauvaise nouvelle qui vient secouer la C\u00f4te d&#039;ivoire. En effet, selon l&#039;Agence Ivoirienne de Presse (AIP), une collision entre un car de la compagnie UTB \u00e0 destination d\u2019Abidjan et un v\u00e9hicule d\u2019un convoi fun\u00e8bre en partance pour S\u00e9gu\u00e9la a fait 90 victimes dont 14 morts et plusieurs bless\u00e9s graves, jeudi 5 janvier 2023, \u00e0 l\u2019entr\u00e9e de la ville de Yamoussoukro, \u00e0 hauteur de la station Districom.\" \/>\n<meta name=\"robots\" content=\"index, follow, max-snippet:-1, max-image-preview:large, max-video-preview:-1\" \/>\n<link rel=\"canonical\" href=\"https:\/\/www.public.sn\/index.php\/2023\/01\/05\/cote-divoire-quatorze-morts-dans-une-collision-entre-deux-cars-a-yamoussoukro\/\" \/>\n<meta property=\"og:locale\" content=\"fr_FR\" \/>\n<meta property=\"og:type\" content=\"article\" \/>\n<meta property=\"og:title\" content=\"C\u00f4te d&#039;ivoire : Quatorze morts dans une collision entre deux cars \u00e0 Yamoussoukro - LE PUBLIC\" \/>\n<meta property=\"og:description\" content=\"C&#039;est une tr\u00e8s mauvaise nouvelle qui vient secouer la C\u00f4te d&#039;ivoire. En effet, selon l&#039;Agence Ivoirienne de Presse (AIP), une collision entre un car de la compagnie UTB \u00e0 destination d\u2019Abidjan et un v\u00e9hicule d\u2019un convoi fun\u00e8bre en partance pour S\u00e9gu\u00e9la a fait 90 victimes dont 14 morts et plusieurs bless\u00e9s graves, jeudi 5 janvier 2023, \u00e0 l\u2019entr\u00e9e de la ville de Yamoussoukro, \u00e0 hauteur de la station Districom.\" \/>\n<meta property=\"og:url\" content=\"https:\/\/www.public.sn\/index.php\/2023\/01\/05\/cote-divoire-quatorze-morts-dans-une-collision-entre-deux-cars-a-yamoussoukro\/\" \/>\n<meta property=\"og:site_name\" content=\"LE PUBLIC\" \/>\n<meta property=\"article:published_time\" content=\"2023-01-05T17:16:18+00:00\" \/>\n<meta property=\"og:image\" content=\"https:\/\/www.public.sn\/wp-content\/uploads\/2023\/01\/Yamoussoukro-accident.png\" \/>\n\t<meta property=\"og:image:width\" content=\"776\" \/>\n\t<meta property=\"og:image:height\" content=\"425\" \/>\n\t<meta property=\"og:image:type\" content=\"image\/png\" \/>\n<meta name=\"author\" content=\"LA REDACTION\" \/>\n<meta name=\"twitter:card\" content=\"summary_large_image\" \/>\n<meta name=\"twitter:label1\" content=\"\u00c9crit par\" \/>\n\t<meta name=\"twitter:data1\" content=\"LA REDACTION\" \/>\n\t<meta name=\"twitter:label2\" content=\"Dur\u00e9e de lecture estim\u00e9e\" \/>\n\t<meta name=\"twitter:data2\" content=\"2 minutes\" \/>\n<script type=\"application\/ld+json\" class=\"yoast-schema-graph\">{\"@context\":\"https:\/\/schema.org\",\"@graph\":[{\"@type\":\"Article\",\"@id\":\"https:\/\/www.public.sn\/index.php\/2023\/01\/05\/cote-divoire-quatorze-morts-dans-une-collision-entre-deux-cars-a-yamoussoukro\/#article\",\"isPartOf\":{\"@id\":\"https:\/\/www.public.sn\/index.php\/2023\/01\/05\/cote-divoire-quatorze-morts-dans-une-collision-entre-deux-cars-a-yamoussoukro\/\"},\"author\":{\"name\":\"LA REDACTION\",\"@id\":\"https:\/\/www.public.sn\/#\/schema\/person\/e3f4a11b037d4203902db148f9bc8d5a\"},\"headline\":\"C\u00f4te d&rsquo;ivoire : Quatorze morts dans une collision entre deux cars \u00e0 Yamoussoukro\",\"datePublished\":\"2023-01-05T17:16:18+00:00\",\"mainEntityOfPage\":{\"@id\":\"https:\/\/www.public.sn\/index.php\/2023\/01\/05\/cote-divoire-quatorze-morts-dans-une-collision-entre-deux-cars-a-yamoussoukro\/\"},\"wordCount\":324,\"commentCount\":0,\"publisher\":{\"@id\":\"https:\/\/www.public.sn\/#organization\"},\"image\":{\"@id\":\"https:\/\/www.public.sn\/index.php\/2023\/01\/05\/cote-divoire-quatorze-morts-dans-une-collision-entre-deux-cars-a-yamoussoukro\/#primaryimage\"},\"thumbnailUrl\":\"https:\/\/www.public.sn\/wp-content\/uploads\/2023\/01\/Yamoussoukro-accident.png\",\"keywords\":[\"Accident\",\"Cote d&#039;Ivoire\",\"Yamoussoukro\"],\"articleSection\":[\"DRAME\",\"N\u00c9CROLOGIE\",\"SOCIETE\",\"TRANSPORT\",\"VEDETTE\"],\"inLanguage\":\"fr-FR\",\"potentialAction\":[{\"@type\":\"CommentAction\",\"name\":\"Comment\",\"target\":[\"https:\/\/www.public.sn\/index.php\/2023\/01\/05\/cote-divoire-quatorze-morts-dans-une-collision-entre-deux-cars-a-yamoussoukro\/#respond\"]}]},{\"@type\":\"WebPage\",\"@id\":\"https:\/\/www.public.sn\/index.php\/2023\/01\/05\/cote-divoire-quatorze-morts-dans-une-collision-entre-deux-cars-a-yamoussoukro\/\",\"url\":\"https:\/\/www.public.sn\/index.php\/2023\/01\/05\/cote-divoire-quatorze-morts-dans-une-collision-entre-deux-cars-a-yamoussoukro\/\",\"name\":\"C\u00f4te d'ivoire : Quatorze morts dans une collision entre deux cars \u00e0 Yamoussoukro - LE PUBLIC\",\"isPartOf\":{\"@id\":\"https:\/\/www.public.sn\/#website\"},\"primaryImageOfPage\":{\"@id\":\"https:\/\/www.public.sn\/index.php\/2023\/01\/05\/cote-divoire-quatorze-morts-dans-une-collision-entre-deux-cars-a-yamoussoukro\/#primaryimage\"},\"image\":{\"@id\":\"https:\/\/www.public.sn\/index.php\/2023\/01\/05\/cote-divoire-quatorze-morts-dans-une-collision-entre-deux-cars-a-yamoussoukro\/#primaryimage\"},\"thumbnailUrl\":\"https:\/\/www.public.sn\/wp-content\/uploads\/2023\/01\/Yamoussoukro-accident.png\",\"datePublished\":\"2023-01-05T17:16:18+00:00\",\"description\":\"C'est une tr\u00e8s mauvaise nouvelle qui vient secouer la C\u00f4te d'ivoire. En effet, selon l'Agence Ivoirienne de Presse (AIP), une collision entre un car de la compagnie UTB \u00e0 destination d\u2019Abidjan et un v\u00e9hicule d\u2019un convoi fun\u00e8bre en partance pour S\u00e9gu\u00e9la a fait 90 victimes dont 14 morts et plusieurs bless\u00e9s graves, jeudi 5 janvier 2023, \u00e0 l\u2019entr\u00e9e de la ville de Yamoussoukro, \u00e0 hauteur de la station Districom.\",\"breadcrumb\":{\"@id\":\"https:\/\/www.public.sn\/index.php\/2023\/01\/05\/cote-divoire-quatorze-morts-dans-une-collision-entre-deux-cars-a-yamoussoukro\/#breadcrumb\"},\"inLanguage\":\"fr-FR\",\"potentialAction\":[{\"@type\":\"ReadAction\",\"target\":[\"https:\/\/www.public.sn\/index.php\/2023\/01\/05\/cote-divoire-quatorze-morts-dans-une-collision-entre-deux-cars-a-yamoussoukro\/\"]}]},{\"@type\":\"ImageObject\",\"inLanguage\":\"fr-FR\",\"@id\":\"https:\/\/www.public.sn\/index.php\/2023\/01\/05\/cote-divoire-quatorze-morts-dans-une-collision-entre-deux-cars-a-yamoussoukro\/#primaryimage\",\"url\":\"https:\/\/www.public.sn\/wp-content\/uploads\/2023\/01\/Yamoussoukro-accident.png\",\"contentUrl\":\"https:\/\/www.public.sn\/wp-content\/uploads\/2023\/01\/Yamoussoukro-accident.png\",\"width\":776,\"height\":425},{\"@type\":\"BreadcrumbList\",\"@id\":\"https:\/\/www.public.sn\/index.php\/2023\/01\/05\/cote-divoire-quatorze-morts-dans-une-collision-entre-deux-cars-a-yamoussoukro\/#breadcrumb\",\"itemListElement\":[{\"@type\":\"ListItem\",\"position\":1,\"name\":\"Accueil\",\"item\":\"https:\/\/www.public.sn\/\"},{\"@type\":\"ListItem\",\"position\":2,\"name\":\"C\u00f4te d&rsquo;ivoire : Quatorze morts dans une collision entre deux cars \u00e0 Yamoussoukro\"}]},{\"@type\":\"WebSite\",\"@id\":\"https:\/\/www.public.sn\/#website\",\"url\":\"https:\/\/www.public.sn\/\",\"name\":\"LE PUBLIC\",\"description\":\"\",\"publisher\":{\"@id\":\"https:\/\/www.public.sn\/#organization\"},\"potentialAction\":[{\"@type\":\"SearchAction\",\"target\":{\"@type\":\"EntryPoint\",\"urlTemplate\":\"https:\/\/www.public.sn\/?s={search_term_string}\"},\"query-input\":{\"@type\":\"PropertyValueSpecification\",\"valueRequired\":true,\"valueName\":\"search_term_string\"}}],\"inLanguage\":\"fr-FR\"},{\"@type\":\"Organization\",\"@id\":\"https:\/\/www.public.sn\/#organization\",\"name\":\"LE PUBLIC\",\"url\":\"https:\/\/www.public.sn\/\",\"logo\":{\"@type\":\"ImageObject\",\"inLanguage\":\"fr-FR\",\"@id\":\"https:\/\/www.public.sn\/#\/schema\/logo\/image\/\",\"url\":\"https:\/\/www.public.sn\/wp-content\/uploads\/2024\/05\/cropped-LOGO-PUBLIC.SN_.png\",\"contentUrl\":\"https:\/\/www.public.sn\/wp-content\/uploads\/2024\/05\/cropped-LOGO-PUBLIC.SN_.png\",\"width\":682,\"height\":192,\"caption\":\"LE PUBLIC\"},\"image\":{\"@id\":\"https:\/\/www.public.sn\/#\/schema\/logo\/image\/\"}},{\"@type\":\"Person\",\"@id\":\"https:\/\/www.public.sn\/#\/schema\/person\/e3f4a11b037d4203902db148f9bc8d5a\",\"name\":\"LA REDACTION\",\"image\":{\"@type\":\"ImageObject\",\"inLanguage\":\"fr-FR\",\"@id\":\"https:\/\/www.public.sn\/#\/schema\/person\/image\/\",\"url\":\"https:\/\/secure.gravatar.com\/avatar\/d6c030db45db2883c075085c5d6c6258654a801a93766b49af0b82d4f454e2a5?s=96&d=mm&r=g\",\"contentUrl\":\"https:\/\/secure.gravatar.com\/avatar\/d6c030db45db2883c075085c5d6c6258654a801a93766b49af0b82d4f454e2a5?s=96&d=mm&r=g\",\"caption\":\"LA REDACTION\"},\"sameAs\":[\"http:\/\/www.public.sn\"],\"url\":\"https:\/\/www.public.sn\/index.php\/author\/admin7324\/\"}]}<\/script>\n<!-- \/ Yoast SEO plugin. -->","yoast_head_json":{"title":"C\u00f4te d'ivoire : Quatorze morts dans une collision entre deux cars \u00e0 Yamoussoukro - LE PUBLIC","description":"C'est une tr\u00e8s mauvaise nouvelle qui vient secouer la C\u00f4te d'ivoire. En effet, selon l'Agence Ivoirienne de Presse (AIP), une collision entre un car de la compagnie UTB \u00e0 destination d\u2019Abidjan et un v\u00e9hicule d\u2019un convoi fun\u00e8bre en partance pour S\u00e9gu\u00e9la a fait 90 victimes dont 14 morts et plusieurs bless\u00e9s graves, jeudi 5 janvier 2023, \u00e0 l\u2019entr\u00e9e de la ville de Yamoussoukro, \u00e0 hauteur de la station Districom.","robots":{"index":"index","follow":"follow","max-snippet":"max-snippet:-1","max-image-preview":"max-image-preview:large","max-video-preview":"max-video-preview:-1"},"canonical":"https:\/\/www.public.sn\/index.php\/2023\/01\/05\/cote-divoire-quatorze-morts-dans-une-collision-entre-deux-cars-a-yamoussoukro\/","og_locale":"fr_FR","og_type":"article","og_title":"C\u00f4te d'ivoire : Quatorze morts dans une collision entre deux cars \u00e0 Yamoussoukro - LE PUBLIC","og_description":"C'est une tr\u00e8s mauvaise nouvelle qui vient secouer la C\u00f4te d'ivoire. En effet, selon l'Agence Ivoirienne de Presse (AIP), une collision entre un car de la compagnie UTB \u00e0 destination d\u2019Abidjan et un v\u00e9hicule d\u2019un convoi fun\u00e8bre en partance pour S\u00e9gu\u00e9la a fait 90 victimes dont 14 morts et plusieurs bless\u00e9s graves, jeudi 5 janvier 2023, \u00e0 l\u2019entr\u00e9e de la ville de Yamoussoukro, \u00e0 hauteur de la station Districom.","og_url":"https:\/\/www.public.sn\/index.php\/2023\/01\/05\/cote-divoire-quatorze-morts-dans-une-collision-entre-deux-cars-a-yamoussoukro\/","og_site_name":"LE PUBLIC","article_published_time":"2023-01-05T17:16:18+00:00","og_image":[{"width":776,"height":425,"url":"https:\/\/www.public.sn\/wp-content\/uploads\/2023\/01\/Yamoussoukro-accident.png","type":"image\/png"}],"author":"LA REDACTION","twitter_card":"summary_large_image","twitter_misc":{"\u00c9crit par":"LA REDACTION","Dur\u00e9e de lecture estim\u00e9e":"2 minutes"},"schema":{"@context":"https:\/\/schema.org","@graph":[{"@type":"Article","@id":"https:\/\/www.public.sn\/index.php\/2023\/01\/05\/cote-divoire-quatorze-morts-dans-une-collision-entre-deux-cars-a-yamoussoukro\/#article","isPartOf":{"@id":"https:\/\/www.public.sn\/index.php\/2023\/01\/05\/cote-divoire-quatorze-morts-dans-une-collision-entre-deux-cars-a-yamoussoukro\/"},"author":{"name":"LA REDACTION","@id":"https:\/\/www.public.sn\/#\/schema\/person\/e3f4a11b037d4203902db148f9bc8d5a"},"headline":"C\u00f4te d&rsquo;ivoire : Quatorze morts dans une collision entre deux cars \u00e0 Yamoussoukro","datePublished":"2023-01-05T17:16:18+00:00","mainEntityOfPage":{"@id":"https:\/\/www.public.sn\/index.php\/2023\/01\/05\/cote-divoire-quatorze-morts-dans-une-collision-entre-deux-cars-a-yamoussoukro\/"},"wordCount":324,"commentCount":0,"publisher":{"@id":"https:\/\/www.public.sn\/#organization"},"image":{"@id":"https:\/\/www.public.sn\/index.php\/2023\/01\/05\/cote-divoire-quatorze-morts-dans-une-collision-entre-deux-cars-a-yamoussoukro\/#primaryimage"},"thumbnailUrl":"https:\/\/www.public.sn\/wp-content\/uploads\/2023\/01\/Yamoussoukro-accident.png","keywords":["Accident","Cote d&#039;Ivoire","Yamoussoukro"],"articleSection":["DRAME","N\u00c9CROLOGIE","SOCIETE","TRANSPORT","VEDETTE"],"inLanguage":"fr-FR","potentialAction":[{"@type":"CommentAction","name":"Comment","target":["https:\/\/www.public.sn\/index.php\/2023\/01\/05\/cote-divoire-quatorze-morts-dans-une-collision-entre-deux-cars-a-yamoussoukro\/#respond"]}]},{"@type":"WebPage","@id":"https:\/\/www.public.sn\/index.php\/2023\/01\/05\/cote-divoire-quatorze-morts-dans-une-collision-entre-deux-cars-a-yamoussoukro\/","url":"https:\/\/www.public.sn\/index.php\/2023\/01\/05\/cote-divoire-quatorze-morts-dans-une-collision-entre-deux-cars-a-yamoussoukro\/","name":"C\u00f4te d'ivoire : Quatorze morts dans une collision entre deux cars \u00e0 Yamoussoukro - LE PUBLIC","isPartOf":{"@id":"https:\/\/www.public.sn\/#website"},"primaryImageOfPage":{"@id":"https:\/\/www.public.sn\/index.php\/2023\/01\/05\/cote-divoire-quatorze-morts-dans-une-collision-entre-deux-cars-a-yamoussoukro\/#primaryimage"},"image":{"@id":"https:\/\/www.public.sn\/index.php\/2023\/01\/05\/cote-divoire-quatorze-morts-dans-une-collision-entre-deux-cars-a-yamoussoukro\/#primaryimage"},"thumbnailUrl":"https:\/\/www.public.sn\/wp-content\/uploads\/2023\/01\/Yamoussoukro-accident.png","datePublished":"2023-01-05T17:16:18+00:00","description":"C'est une tr\u00e8s mauvaise nouvelle qui vient secouer la C\u00f4te d'ivoire. En effet, selon l'Agence Ivoirienne de Presse (AIP), une collision entre un car de la compagnie UTB \u00e0 destination d\u2019Abidjan et un v\u00e9hicule d\u2019un convoi fun\u00e8bre en partance pour S\u00e9gu\u00e9la a fait 90 victimes dont 14 morts et plusieurs bless\u00e9s graves, jeudi 5 janvier 2023, \u00e0 l\u2019entr\u00e9e de la ville de Yamoussoukro, \u00e0 hauteur de la station Districom.","breadcrumb":{"@id":"https:\/\/www.public.sn\/index.php\/2023\/01\/05\/cote-divoire-quatorze-morts-dans-une-collision-entre-deux-cars-a-yamoussoukro\/#breadcrumb"},"inLanguage":"fr-FR","potentialAction":[{"@type":"ReadAction","target":["https:\/\/www.public.sn\/index.php\/2023\/01\/05\/cote-divoire-quatorze-morts-dans-une-collision-entre-deux-cars-a-yamoussoukro\/"]}]},{"@type":"ImageObject","inLanguage":"fr-FR","@id":"https:\/\/www.public.sn\/index.php\/2023\/01\/05\/cote-divoire-quatorze-morts-dans-une-collision-entre-deux-cars-a-yamoussoukro\/#primaryimage","url":"https:\/\/www.public.sn\/wp-content\/uploads\/2023\/01\/Yamoussoukro-accident.png","contentUrl":"https:\/\/www.public.sn\/wp-content\/uploads\/2023\/01\/Yamoussoukro-accident.png","width":776,"height":425},{"@type":"BreadcrumbList","@id":"https:\/\/www.public.sn\/index.php\/2023\/01\/05\/cote-divoire-quatorze-morts-dans-une-collision-entre-deux-cars-a-yamoussoukro\/#breadcrumb","itemListElement":[{"@type":"ListItem","position":1,"name":"Accueil","item":"https:\/\/www.public.sn\/"},{"@type":"ListItem","position":2,"name":"C\u00f4te d&rsquo;ivoire : Quatorze morts dans une collision entre deux cars \u00e0 Yamoussoukro"}]},{"@type":"WebSite","@id":"https:\/\/www.public.sn\/#website","url":"https:\/\/www.public.sn\/","name":"LE PUBLIC","description":"","publisher":{"@id":"https:\/\/www.public.sn\/#organization"},"potentialAction":[{"@type":"SearchAction","target":{"@type":"EntryPoint","urlTemplate":"https:\/\/www.public.sn\/?s={search_term_string}"},"query-input":{"@type":"PropertyValueSpecification","valueRequired":true,"valueName":"search_term_string"}}],"inLanguage":"fr-FR"},{"@type":"Organization","@id":"https:\/\/www.public.sn\/#organization","name":"LE PUBLIC","url":"https:\/\/www.public.sn\/","logo":{"@type":"ImageObject","inLanguage":"fr-FR","@id":"https:\/\/www.public.sn\/#\/schema\/logo\/image\/","url":"https:\/\/www.public.sn\/wp-content\/uploads\/2024\/05\/cropped-LOGO-PUBLIC.SN_.png","contentUrl":"https:\/\/www.public.sn\/wp-content\/uploads\/2024\/05\/cropped-LOGO-PUBLIC.SN_.png","width":682,"height":192,"caption":"LE PUBLIC"},"image":{"@id":"https:\/\/www.public.sn\/#\/schema\/logo\/image\/"}},{"@type":"Person","@id":"https:\/\/www.public.sn\/#\/schema\/person\/e3f4a11b037d4203902db148f9bc8d5a","name":"LA REDACTION","image":{"@type":"ImageObject","inLanguage":"fr-FR","@id":"https:\/\/www.public.sn\/#\/schema\/person\/image\/","url":"https:\/\/secure.gravatar.com\/avatar\/d6c030db45db2883c075085c5d6c6258654a801a93766b49af0b82d4f454e2a5?s=96&d=mm&r=g","contentUrl":"https:\/\/secure.gravatar.com\/avatar\/d6c030db45db2883c075085c5d6c6258654a801a93766b49af0b82d4f454e2a5?s=96&d=mm&r=g","caption":"LA REDACTION"},"sameAs":["http:\/\/www.public.sn"],"url":"https:\/\/www.public.sn\/index.php\/author\/admin7324\/"}]}},"jetpack_featured_media_url":"https:\/\/www.public.sn\/wp-content\/uploads\/2023\/01\/Yamoussoukro-accident.png","jetpack_sharing_enabled":true,"_links":{"self":[{"href":"https:\/\/www.public.sn\/index.php\/wp-json\/wp\/v2\/posts\/13316","targetHints":{"allow":["GET"]}}],"collection":[{"href":"https:\/\/www.public.sn\/index.php\/wp-json\/wp\/v2\/posts"}],"about":[{"href":"https:\/\/www.public.sn\/index.php\/wp-json\/wp\/v2\/types\/post"}],"author":[{"embeddable":true,"href":"https:\/\/www.public.sn\/index.php\/wp-json\/wp\/v2\/users\/1"}],"replies":[{"embeddable":true,"href":"https:\/\/www.public.sn\/index.php\/wp-json\/wp\/v2\/comments?post=13316"}],"version-history":[{"count":1,"href":"https:\/\/www.public.sn\/index.php\/wp-json\/wp\/v2\/posts\/13316\/revisions"}],"predecessor-version":[{"id":13318,"href":"https:\/\/www.public.sn\/index.php\/wp-json\/wp\/v2\/posts\/13316\/revisions\/13318"}],"wp:featuredmedia":[{"embeddable":true,"href":"https:\/\/www.public.sn\/index.php\/wp-json\/wp\/v2\/media\/13317"}],"wp:attachment":[{"href":"https:\/\/www.public.sn\/index.php\/wp-json\/wp\/v2\/media?parent=13316"}],"wp:term":[{"taxonomy":"category","embeddable":true,"href":"https:\/\/www.public.sn\/index.php\/wp-json\/wp\/v2\/categories?post=13316"},{"taxonomy":"post_tag","embeddable":true,"href":"https:\/\/www.public.sn\/index.php\/wp-json\/wp\/v2\/tags?post=13316"}],"curies":[{"name":"wp","href":"https:\/\/api.w.org\/{rel}","templated":true}]}}