{"id":1334,"date":"2022-09-05T18:01:50","date_gmt":"2022-09-05T16:01:50","guid":{"rendered":"https:\/\/www.public.sn\/?p=1334"},"modified":"2022-09-05T18:01:51","modified_gmt":"2022-09-05T16:01:51","slug":"inondations-un-bebe-de-09-mois-meurt-noye-a-thiaroye","status":"publish","type":"post","link":"https:\/\/www.public.sn\/index.php\/2022\/09\/05\/inondations-un-bebe-de-09-mois-meurt-noye-a-thiaroye\/","title":{"rendered":"Inondations: Un b\u00e9b\u00e9 de 09 mois meurt noy\u00e9 \u00e0 Thiaroye."},"content":{"rendered":"\n<p>Le bilan macabre des inondations s\u2019alourdit. Apr\u00e8s Camber\u00e8ne, l\u2019on signale qu\u2019\u00e0 Thiaroye-Gare, un b\u00e9b\u00e9 de neuf mois est mort noy\u00e9 dans les eaux pluviales.<\/p><div class=\"publi-paragraphe1\" style=\"margin-top: 10px;margin-bottom: 10px;margin-left: auto;margin-right: auto;text-align: center;\" id=\"publi-4063375767\"><div class=\"publi-adlabel\">Publicit\u00e9<\/div><script async src=\"\/\/pagead2.googlesyndication.com\/pagead\/js\/adsbygoogle.js?client=ca-pub-4089586018074219\" crossorigin=\"anonymous\"><\/script><ins class=\"adsbygoogle\" style=\"display:block;\" data-ad-client=\"ca-pub-4089586018074219\" \ndata-ad-slot=\"2087940154\" \ndata-ad-format=\"auto\"><\/ins>\n<script> \n(adsbygoogle = window.adsbygoogle || []).push({}); \n<\/script>\n<\/div>\n\n\n\n<p>Le drame s\u2019est produit hier au moment o\u00f9 la maman de la victime \u00e9tait \u00e0 l\u2019\u00e9preuve pour \u00e9vacuer les eaux pluviales. Et c\u2019est elle-m\u00eame qui a rep\u00each\u00e9 le corps sans vie de son enfant.<\/p>\n<div class=\"publi-apres-le-contenu\" style=\"margin-top: 10px;margin-bottom: 10px;margin-left: auto;margin-right: auto;text-align: center;\" id=\"publi-1938109753\"><div class=\"publi-adlabel\">Publicit\u00e9<\/div><script async src=\"\/\/pagead2.googlesyndication.com\/pagead\/js\/adsbygoogle.js?client=ca-pub-4089586018074219\" crossorigin=\"anonymous\"><\/script><ins class=\"adsbygoogle\" style=\"display:block;\" data-ad-client=\"ca-pub-4089586018074219\" \ndata-ad-slot=\"2087940154\" \ndata-ad-format=\"auto\"><\/ins>\n<script> \n(adsbygoogle = window.adsbygoogle || []).push({}); \n<\/script>\n<\/div>","protected":false},"excerpt":{"rendered":"<p>Le bilan macabre des inondations s\u2019alourdit. Apr\u00e8s Camber\u00e8ne, l\u2019on signale qu\u2019\u00e0 Thiaroye-Gare, un b\u00e9b\u00e9 de neuf mois est mort noy\u00e9 dans les eaux pluviales. Le drame s\u2019est produit hier au moment o\u00f9 la maman de la victime \u00e9tait \u00e0 l\u2019\u00e9preuve pour \u00e9vacuer les eaux pluviales. Et c\u2019est elle-m\u00eame qui a rep\u00each\u00e9 le corps sans vie de son enfant.<\/p>\n","protected":false},"author":1,"featured_media":1335,"comment_status":"open","ping_status":"open","sticky":false,"template":"","format":"standard","meta":{"_jetpack_memberships_contains_paid_content":false,"footnotes":""},"categories":[4],"tags":[572,444,92,328,571],"class_list":["post-1334","post","type-post","status-publish","format-standard","has-post-thumbnail","hentry","category-societe","tag-09-mois","tag-drame","tag-inondations","tag-morts","tag-thiaroye","entry","has-media","owp-thumbs-layout-horizontal","owp-btn-normal","owp-tabs-layout-horizontal","has-no-thumbnails","has-product-nav"],"yoast_head":"<!-- This site is optimized with the Yoast SEO plugin v25.5 - https:\/\/yoast.com\/wordpress\/plugins\/seo\/ -->\n<title>Inondations: Un b\u00e9b\u00e9 de 09 mois meurt noy\u00e9 \u00e0 Thiaroye. - LE PUBLIC<\/title>\n<meta name=\"robots\" content=\"index, follow, max-snippet:-1, max-image-preview:large, max-video-preview:-1\" \/>\n<link rel=\"canonical\" href=\"https:\/\/www.public.sn\/index.php\/2022\/09\/05\/inondations-un-bebe-de-09-mois-meurt-noye-a-thiaroye\/\" \/>\n<meta property=\"og:locale\" content=\"fr_FR\" \/>\n<meta property=\"og:type\" content=\"article\" \/>\n<meta property=\"og:title\" content=\"Inondations: Un b\u00e9b\u00e9 de 09 mois meurt noy\u00e9 \u00e0 Thiaroye. - LE PUBLIC\" \/>\n<meta property=\"og:description\" content=\"Le bilan macabre des inondations s\u2019alourdit. Apr\u00e8s Camber\u00e8ne, l\u2019on signale qu\u2019\u00e0 Thiaroye-Gare, un b\u00e9b\u00e9 de neuf mois est mort noy\u00e9 dans les eaux pluviales. Le drame s\u2019est produit hier au moment o\u00f9 la maman de la victime \u00e9tait \u00e0 l\u2019\u00e9preuve pour \u00e9vacuer les eaux pluviales. Et c\u2019est elle-m\u00eame qui a rep\u00each\u00e9 le corps sans vie de son enfant.\" \/>\n<meta property=\"og:url\" content=\"https:\/\/www.public.sn\/index.php\/2022\/09\/05\/inondations-un-bebe-de-09-mois-meurt-noye-a-thiaroye\/\" \/>\n<meta property=\"og:site_name\" content=\"LE PUBLIC\" \/>\n<meta property=\"article:published_time\" content=\"2022-09-05T16:01:50+00:00\" \/>\n<meta property=\"article:modified_time\" content=\"2022-09-05T16:01:51+00:00\" \/>\n<meta property=\"og:image\" content=\"https:\/\/www.public.sn\/wp-content\/uploads\/2022\/09\/43CD9505-BB31-4EF7-BB2F-317B1E0BC519.jpeg\" \/>\n\t<meta property=\"og:image:width\" content=\"818\" \/>\n\t<meta property=\"og:image:height\" content=\"502\" \/>\n\t<meta property=\"og:image:type\" content=\"image\/jpeg\" \/>\n<meta name=\"author\" content=\"LA REDACTION\" \/>\n<meta name=\"twitter:card\" content=\"summary_large_image\" \/>\n<meta name=\"twitter:label1\" content=\"\u00c9crit par\" \/>\n\t<meta name=\"twitter:data1\" content=\"LA REDACTION\" \/>\n\t<meta name=\"twitter:label2\" content=\"Dur\u00e9e de lecture estim\u00e9e\" \/>\n\t<meta name=\"twitter:data2\" content=\"1 minute\" \/>\n<script type=\"application\/ld+json\" class=\"yoast-schema-graph\">{\"@context\":\"https:\/\/schema.org\",\"@graph\":[{\"@type\":\"Article\",\"@id\":\"https:\/\/www.public.sn\/index.php\/2022\/09\/05\/inondations-un-bebe-de-09-mois-meurt-noye-a-thiaroye\/#article\",\"isPartOf\":{\"@id\":\"https:\/\/www.public.sn\/index.php\/2022\/09\/05\/inondations-un-bebe-de-09-mois-meurt-noye-a-thiaroye\/\"},\"author\":{\"name\":\"LA REDACTION\",\"@id\":\"https:\/\/www.public.sn\/#\/schema\/person\/e3f4a11b037d4203902db148f9bc8d5a\"},\"headline\":\"Inondations: Un b\u00e9b\u00e9 de 09 mois meurt noy\u00e9 \u00e0 Thiaroye.\",\"datePublished\":\"2022-09-05T16:01:50+00:00\",\"dateModified\":\"2022-09-05T16:01:51+00:00\",\"mainEntityOfPage\":{\"@id\":\"https:\/\/www.public.sn\/index.php\/2022\/09\/05\/inondations-un-bebe-de-09-mois-meurt-noye-a-thiaroye\/\"},\"wordCount\":76,\"commentCount\":0,\"publisher\":{\"@id\":\"https:\/\/www.public.sn\/#organization\"},\"image\":{\"@id\":\"https:\/\/www.public.sn\/index.php\/2022\/09\/05\/inondations-un-bebe-de-09-mois-meurt-noye-a-thiaroye\/#primaryimage\"},\"thumbnailUrl\":\"https:\/\/www.public.sn\/wp-content\/uploads\/2022\/09\/43CD9505-BB31-4EF7-BB2F-317B1E0BC519.jpeg\",\"keywords\":[\"09 mois\",\"Drame\",\"Inondations\",\"Morts\",\"Thiaroye\"],\"articleSection\":[\"SOCIETE\"],\"inLanguage\":\"fr-FR\",\"potentialAction\":[{\"@type\":\"CommentAction\",\"name\":\"Comment\",\"target\":[\"https:\/\/www.public.sn\/index.php\/2022\/09\/05\/inondations-un-bebe-de-09-mois-meurt-noye-a-thiaroye\/#respond\"]}]},{\"@type\":\"WebPage\",\"@id\":\"https:\/\/www.public.sn\/index.php\/2022\/09\/05\/inondations-un-bebe-de-09-mois-meurt-noye-a-thiaroye\/\",\"url\":\"https:\/\/www.public.sn\/index.php\/2022\/09\/05\/inondations-un-bebe-de-09-mois-meurt-noye-a-thiaroye\/\",\"name\":\"Inondations: Un b\u00e9b\u00e9 de 09 mois meurt noy\u00e9 \u00e0 Thiaroye. - LE PUBLIC\",\"isPartOf\":{\"@id\":\"https:\/\/www.public.sn\/#website\"},\"primaryImageOfPage\":{\"@id\":\"https:\/\/www.public.sn\/index.php\/2022\/09\/05\/inondations-un-bebe-de-09-mois-meurt-noye-a-thiaroye\/#primaryimage\"},\"image\":{\"@id\":\"https:\/\/www.public.sn\/index.php\/2022\/09\/05\/inondations-un-bebe-de-09-mois-meurt-noye-a-thiaroye\/#primaryimage\"},\"thumbnailUrl\":\"https:\/\/www.public.sn\/wp-content\/uploads\/2022\/09\/43CD9505-BB31-4EF7-BB2F-317B1E0BC519.jpeg\",\"datePublished\":\"2022-09-05T16:01:50+00:00\",\"dateModified\":\"2022-09-05T16:01:51+00:00\",\"breadcrumb\":{\"@id\":\"https:\/\/www.public.sn\/index.php\/2022\/09\/05\/inondations-un-bebe-de-09-mois-meurt-noye-a-thiaroye\/#breadcrumb\"},\"inLanguage\":\"fr-FR\",\"potentialAction\":[{\"@type\":\"ReadAction\",\"target\":[\"https:\/\/www.public.sn\/index.php\/2022\/09\/05\/inondations-un-bebe-de-09-mois-meurt-noye-a-thiaroye\/\"]}]},{\"@type\":\"ImageObject\",\"inLanguage\":\"fr-FR\",\"@id\":\"https:\/\/www.public.sn\/index.php\/2022\/09\/05\/inondations-un-bebe-de-09-mois-meurt-noye-a-thiaroye\/#primaryimage\",\"url\":\"https:\/\/www.public.sn\/wp-content\/uploads\/2022\/09\/43CD9505-BB31-4EF7-BB2F-317B1E0BC519.jpeg\",\"contentUrl\":\"https:\/\/www.public.sn\/wp-content\/uploads\/2022\/09\/43CD9505-BB31-4EF7-BB2F-317B1E0BC519.jpeg\",\"width\":818,\"height\":502},{\"@type\":\"BreadcrumbList\",\"@id\":\"https:\/\/www.public.sn\/index.php\/2022\/09\/05\/inondations-un-bebe-de-09-mois-meurt-noye-a-thiaroye\/#breadcrumb\",\"itemListElement\":[{\"@type\":\"ListItem\",\"position\":1,\"name\":\"Accueil\",\"item\":\"https:\/\/www.public.sn\/\"},{\"@type\":\"ListItem\",\"position\":2,\"name\":\"Inondations: Un b\u00e9b\u00e9 de 09 mois meurt noy\u00e9 \u00e0 Thiaroye.\"}]},{\"@type\":\"WebSite\",\"@id\":\"https:\/\/www.public.sn\/#website\",\"url\":\"https:\/\/www.public.sn\/\",\"name\":\"LE PUBLIC\",\"description\":\"\",\"publisher\":{\"@id\":\"https:\/\/www.public.sn\/#organization\"},\"potentialAction\":[{\"@type\":\"SearchAction\",\"target\":{\"@type\":\"EntryPoint\",\"urlTemplate\":\"https:\/\/www.public.sn\/?s={search_term_string}\"},\"query-input\":{\"@type\":\"PropertyValueSpecification\",\"valueRequired\":true,\"valueName\":\"search_term_string\"}}],\"inLanguage\":\"fr-FR\"},{\"@type\":\"Organization\",\"@id\":\"https:\/\/www.public.sn\/#organization\",\"name\":\"LE PUBLIC\",\"url\":\"https:\/\/www.public.sn\/\",\"logo\":{\"@type\":\"ImageObject\",\"inLanguage\":\"fr-FR\",\"@id\":\"https:\/\/www.public.sn\/#\/schema\/logo\/image\/\",\"url\":\"https:\/\/www.public.sn\/wp-content\/uploads\/2024\/05\/cropped-LOGO-PUBLIC.SN_.png\",\"contentUrl\":\"https:\/\/www.public.sn\/wp-content\/uploads\/2024\/05\/cropped-LOGO-PUBLIC.SN_.png\",\"width\":682,\"height\":192,\"caption\":\"LE PUBLIC\"},\"image\":{\"@id\":\"https:\/\/www.public.sn\/#\/schema\/logo\/image\/\"}},{\"@type\":\"Person\",\"@id\":\"https:\/\/www.public.sn\/#\/schema\/person\/e3f4a11b037d4203902db148f9bc8d5a\",\"name\":\"LA REDACTION\",\"image\":{\"@type\":\"ImageObject\",\"inLanguage\":\"fr-FR\",\"@id\":\"https:\/\/www.public.sn\/#\/schema\/person\/image\/\",\"url\":\"https:\/\/secure.gravatar.com\/avatar\/d6c030db45db2883c075085c5d6c6258654a801a93766b49af0b82d4f454e2a5?s=96&d=mm&r=g\",\"contentUrl\":\"https:\/\/secure.gravatar.com\/avatar\/d6c030db45db2883c075085c5d6c6258654a801a93766b49af0b82d4f454e2a5?s=96&d=mm&r=g\",\"caption\":\"LA REDACTION\"},\"sameAs\":[\"http:\/\/www.public.sn\"],\"url\":\"https:\/\/www.public.sn\/index.php\/author\/admin7324\/\"}]}<\/script>\n<!-- \/ Yoast SEO plugin. -->","yoast_head_json":{"title":"Inondations: Un b\u00e9b\u00e9 de 09 mois meurt noy\u00e9 \u00e0 Thiaroye. - LE PUBLIC","robots":{"index":"index","follow":"follow","max-snippet":"max-snippet:-1","max-image-preview":"max-image-preview:large","max-video-preview":"max-video-preview:-1"},"canonical":"https:\/\/www.public.sn\/index.php\/2022\/09\/05\/inondations-un-bebe-de-09-mois-meurt-noye-a-thiaroye\/","og_locale":"fr_FR","og_type":"article","og_title":"Inondations: Un b\u00e9b\u00e9 de 09 mois meurt noy\u00e9 \u00e0 Thiaroye. - LE PUBLIC","og_description":"Le bilan macabre des inondations s\u2019alourdit. Apr\u00e8s Camber\u00e8ne, l\u2019on signale qu\u2019\u00e0 Thiaroye-Gare, un b\u00e9b\u00e9 de neuf mois est mort noy\u00e9 dans les eaux pluviales. Le drame s\u2019est produit hier au moment o\u00f9 la maman de la victime \u00e9tait \u00e0 l\u2019\u00e9preuve pour \u00e9vacuer les eaux pluviales. Et c\u2019est elle-m\u00eame qui a rep\u00each\u00e9 le corps sans vie de son enfant.","og_url":"https:\/\/www.public.sn\/index.php\/2022\/09\/05\/inondations-un-bebe-de-09-mois-meurt-noye-a-thiaroye\/","og_site_name":"LE PUBLIC","article_published_time":"2022-09-05T16:01:50+00:00","article_modified_time":"2022-09-05T16:01:51+00:00","og_image":[{"width":818,"height":502,"url":"https:\/\/www.public.sn\/wp-content\/uploads\/2022\/09\/43CD9505-BB31-4EF7-BB2F-317B1E0BC519.jpeg","type":"image\/jpeg"}],"author":"LA REDACTION","twitter_card":"summary_large_image","twitter_misc":{"\u00c9crit par":"LA REDACTION","Dur\u00e9e de lecture estim\u00e9e":"1 minute"},"schema":{"@context":"https:\/\/schema.org","@graph":[{"@type":"Article","@id":"https:\/\/www.public.sn\/index.php\/2022\/09\/05\/inondations-un-bebe-de-09-mois-meurt-noye-a-thiaroye\/#article","isPartOf":{"@id":"https:\/\/www.public.sn\/index.php\/2022\/09\/05\/inondations-un-bebe-de-09-mois-meurt-noye-a-thiaroye\/"},"author":{"name":"LA REDACTION","@id":"https:\/\/www.public.sn\/#\/schema\/person\/e3f4a11b037d4203902db148f9bc8d5a"},"headline":"Inondations: Un b\u00e9b\u00e9 de 09 mois meurt noy\u00e9 \u00e0 Thiaroye.","datePublished":"2022-09-05T16:01:50+00:00","dateModified":"2022-09-05T16:01:51+00:00","mainEntityOfPage":{"@id":"https:\/\/www.public.sn\/index.php\/2022\/09\/05\/inondations-un-bebe-de-09-mois-meurt-noye-a-thiaroye\/"},"wordCount":76,"commentCount":0,"publisher":{"@id":"https:\/\/www.public.sn\/#organization"},"image":{"@id":"https:\/\/www.public.sn\/index.php\/2022\/09\/05\/inondations-un-bebe-de-09-mois-meurt-noye-a-thiaroye\/#primaryimage"},"thumbnailUrl":"https:\/\/www.public.sn\/wp-content\/uploads\/2022\/09\/43CD9505-BB31-4EF7-BB2F-317B1E0BC519.jpeg","keywords":["09 mois","Drame","Inondations","Morts","Thiaroye"],"articleSection":["SOCIETE"],"inLanguage":"fr-FR","potentialAction":[{"@type":"CommentAction","name":"Comment","target":["https:\/\/www.public.sn\/index.php\/2022\/09\/05\/inondations-un-bebe-de-09-mois-meurt-noye-a-thiaroye\/#respond"]}]},{"@type":"WebPage","@id":"https:\/\/www.public.sn\/index.php\/2022\/09\/05\/inondations-un-bebe-de-09-mois-meurt-noye-a-thiaroye\/","url":"https:\/\/www.public.sn\/index.php\/2022\/09\/05\/inondations-un-bebe-de-09-mois-meurt-noye-a-thiaroye\/","name":"Inondations: Un b\u00e9b\u00e9 de 09 mois meurt noy\u00e9 \u00e0 Thiaroye. - LE PUBLIC","isPartOf":{"@id":"https:\/\/www.public.sn\/#website"},"primaryImageOfPage":{"@id":"https:\/\/www.public.sn\/index.php\/2022\/09\/05\/inondations-un-bebe-de-09-mois-meurt-noye-a-thiaroye\/#primaryimage"},"image":{"@id":"https:\/\/www.public.sn\/index.php\/2022\/09\/05\/inondations-un-bebe-de-09-mois-meurt-noye-a-thiaroye\/#primaryimage"},"thumbnailUrl":"https:\/\/www.public.sn\/wp-content\/uploads\/2022\/09\/43CD9505-BB31-4EF7-BB2F-317B1E0BC519.jpeg","datePublished":"2022-09-05T16:01:50+00:00","dateModified":"2022-09-05T16:01:51+00:00","breadcrumb":{"@id":"https:\/\/www.public.sn\/index.php\/2022\/09\/05\/inondations-un-bebe-de-09-mois-meurt-noye-a-thiaroye\/#breadcrumb"},"inLanguage":"fr-FR","potentialAction":[{"@type":"ReadAction","target":["https:\/\/www.public.sn\/index.php\/2022\/09\/05\/inondations-un-bebe-de-09-mois-meurt-noye-a-thiaroye\/"]}]},{"@type":"ImageObject","inLanguage":"fr-FR","@id":"https:\/\/www.public.sn\/index.php\/2022\/09\/05\/inondations-un-bebe-de-09-mois-meurt-noye-a-thiaroye\/#primaryimage","url":"https:\/\/www.public.sn\/wp-content\/uploads\/2022\/09\/43CD9505-BB31-4EF7-BB2F-317B1E0BC519.jpeg","contentUrl":"https:\/\/www.public.sn\/wp-content\/uploads\/2022\/09\/43CD9505-BB31-4EF7-BB2F-317B1E0BC519.jpeg","width":818,"height":502},{"@type":"BreadcrumbList","@id":"https:\/\/www.public.sn\/index.php\/2022\/09\/05\/inondations-un-bebe-de-09-mois-meurt-noye-a-thiaroye\/#breadcrumb","itemListElement":[{"@type":"ListItem","position":1,"name":"Accueil","item":"https:\/\/www.public.sn\/"},{"@type":"ListItem","position":2,"name":"Inondations: Un b\u00e9b\u00e9 de 09 mois meurt noy\u00e9 \u00e0 Thiaroye."}]},{"@type":"WebSite","@id":"https:\/\/www.public.sn\/#website","url":"https:\/\/www.public.sn\/","name":"LE PUBLIC","description":"","publisher":{"@id":"https:\/\/www.public.sn\/#organization"},"potentialAction":[{"@type":"SearchAction","target":{"@type":"EntryPoint","urlTemplate":"https:\/\/www.public.sn\/?s={search_term_string}"},"query-input":{"@type":"PropertyValueSpecification","valueRequired":true,"valueName":"search_term_string"}}],"inLanguage":"fr-FR"},{"@type":"Organization","@id":"https:\/\/www.public.sn\/#organization","name":"LE PUBLIC","url":"https:\/\/www.public.sn\/","logo":{"@type":"ImageObject","inLanguage":"fr-FR","@id":"https:\/\/www.public.sn\/#\/schema\/logo\/image\/","url":"https:\/\/www.public.sn\/wp-content\/uploads\/2024\/05\/cropped-LOGO-PUBLIC.SN_.png","contentUrl":"https:\/\/www.public.sn\/wp-content\/uploads\/2024\/05\/cropped-LOGO-PUBLIC.SN_.png","width":682,"height":192,"caption":"LE PUBLIC"},"image":{"@id":"https:\/\/www.public.sn\/#\/schema\/logo\/image\/"}},{"@type":"Person","@id":"https:\/\/www.public.sn\/#\/schema\/person\/e3f4a11b037d4203902db148f9bc8d5a","name":"LA REDACTION","image":{"@type":"ImageObject","inLanguage":"fr-FR","@id":"https:\/\/www.public.sn\/#\/schema\/person\/image\/","url":"https:\/\/secure.gravatar.com\/avatar\/d6c030db45db2883c075085c5d6c6258654a801a93766b49af0b82d4f454e2a5?s=96&d=mm&r=g","contentUrl":"https:\/\/secure.gravatar.com\/avatar\/d6c030db45db2883c075085c5d6c6258654a801a93766b49af0b82d4f454e2a5?s=96&d=mm&r=g","caption":"LA REDACTION"},"sameAs":["http:\/\/www.public.sn"],"url":"https:\/\/www.public.sn\/index.php\/author\/admin7324\/"}]}},"jetpack_featured_media_url":"https:\/\/www.public.sn\/wp-content\/uploads\/2022\/09\/43CD9505-BB31-4EF7-BB2F-317B1E0BC519.jpeg","jetpack_sharing_enabled":true,"_links":{"self":[{"href":"https:\/\/www.public.sn\/index.php\/wp-json\/wp\/v2\/posts\/1334","targetHints":{"allow":["GET"]}}],"collection":[{"href":"https:\/\/www.public.sn\/index.php\/wp-json\/wp\/v2\/posts"}],"about":[{"href":"https:\/\/www.public.sn\/index.php\/wp-json\/wp\/v2\/types\/post"}],"author":[{"embeddable":true,"href":"https:\/\/www.public.sn\/index.php\/wp-json\/wp\/v2\/users\/1"}],"replies":[{"embeddable":true,"href":"https:\/\/www.public.sn\/index.php\/wp-json\/wp\/v2\/comments?post=1334"}],"version-history":[{"count":1,"href":"https:\/\/www.public.sn\/index.php\/wp-json\/wp\/v2\/posts\/1334\/revisions"}],"predecessor-version":[{"id":1336,"href":"https:\/\/www.public.sn\/index.php\/wp-json\/wp\/v2\/posts\/1334\/revisions\/1336"}],"wp:featuredmedia":[{"embeddable":true,"href":"https:\/\/www.public.sn\/index.php\/wp-json\/wp\/v2\/media\/1335"}],"wp:attachment":[{"href":"https:\/\/www.public.sn\/index.php\/wp-json\/wp\/v2\/media?parent=1334"}],"wp:term":[{"taxonomy":"category","embeddable":true,"href":"https:\/\/www.public.sn\/index.php\/wp-json\/wp\/v2\/categories?post=1334"},{"taxonomy":"post_tag","embeddable":true,"href":"https:\/\/www.public.sn\/index.php\/wp-json\/wp\/v2\/tags?post=1334"}],"curies":[{"name":"wp","href":"https:\/\/api.w.org\/{rel}","templated":true}]}}