{"id":13363,"date":"2023-01-06T18:34:55","date_gmt":"2023-01-06T18:34:55","guid":{"rendered":"https:\/\/www.public.sn\/?p=13363"},"modified":"2023-01-06T18:34:55","modified_gmt":"2023-01-06T18:34:55","slug":"brt-le-premier-bus-annonce-avril","status":"publish","type":"post","link":"https:\/\/www.public.sn\/index.php\/2023\/01\/06\/brt-le-premier-bus-annonce-avril\/","title":{"rendered":"BRT, le premier bus annonc\u00e9 avril"},"content":{"rendered":"<p><b>Tr\u00e8s attendu par les S\u00e9n\u00e9galais, les habitants de Gu\u00e9diawaye et environs en particulier\u00a0, le d\u00e9marrage du Bus rapid transit sera bien effectif. A en croire Mansour Faye, le premier bus du BRT sera pr\u00e9sent\u00e9 au public au mois avril.<\/b><\/p><div class=\"publi-paragraphe1\" style=\"margin-top: 10px;margin-bottom: 10px;margin-left: auto;margin-right: auto;text-align: center;\" id=\"publi-1269567494\"><div class=\"publi-adlabel\">Publicit\u00e9<\/div><script async src=\"\/\/pagead2.googlesyndication.com\/pagead\/js\/adsbygoogle.js?client=ca-pub-4089586018074219\" crossorigin=\"anonymous\"><\/script><ins class=\"adsbygoogle\" style=\"display:block;\" data-ad-client=\"ca-pub-4089586018074219\" \ndata-ad-slot=\"2087940154\" \ndata-ad-format=\"auto\"><\/ins>\n<script> \n(adsbygoogle = window.adsbygoogle || []).push({}); \n<\/script>\n<\/div>\n<p>\u2018\u2019Les travaux du BRT suivent leur cours, des sections sont lib\u00e9r\u00e9es (\u2026) au mois de mars, l\u2019ensemble des syst\u00e8mes et des circuits seront lib\u00e9r\u00e9s (\u2026.). Le premier bus sera pr\u00e9sent\u00e9, si Dieu le veut bien, au mois d\u2019avril. Les essais suivront. L\u2019exploitation d\u00e9marrera dans le dernier trimestre de 2023\u2019\u2019, a d\u00e9clar\u00e9 jeudi le ministre des Infrastructures, des Transports terrestres et du D\u00e9senclavement<\/p>\n<p>Il s\u2019exprimait, \u00e0 Diamniadio, en marge, du lancement de la troisi\u00e8me phase du renouvellement du Parc automobile urbain et interurbains.<\/p>\n<p>Ainsi, selon l&rsquo;Aps, il a proc\u00e9d\u00e9 \u00e0 la remise des cl\u00e9s de 300 taxis de proximit\u00e9.<\/p>\n<p>Parlant du BRT, le ministre a soulign\u00e9 que \u2018\u2019c&rsquo;est un moyen de transport qui va contribuer \u00e0 am\u00e9lioration de la mobilit\u00e9 \u00e0 Dakar\u00a0\u00bb.<\/p>\n<p>\u2018\u2019Pour l\u2019environnement, vous pouvez le constatez que le BRT est un projet majeur qui va transporter plus de 300 mille voyageurs en un temps record soit 45 minutes de Gu\u00e9diawaye \u00e0 Petersen\u00a0\u00bb, a-t-il-ajout\u00e9.<\/p>\n<p>Les travaux du projet de Bus Rapid Transit (BRT) de Dakar ont \u00e9t\u00e9 lanc\u00e9s en octobre 2021 par le pr\u00e9sident Macky Sall.<\/p>\n<p>D\u2019un co\u00fbt global d\u2019environ 300 milliards de FCFA, le BRT poss\u00e9dera un parc riche de 144 bus articul\u00e9s, qui transporteront jusqu\u2019\u00e0 300.000 voyageurs par jour, avec un temps de parcours r\u00e9duit de moiti\u00e9 entre la banlieue et le centre-ville de Dakar<\/p>\n<p>Financ\u00e9 par la Banque mondiale, la Banque europ\u00e9enne d&rsquo;investissement et le Fonds vert pour le climat, ce projet r\u00e9alis\u00e9 sur un lin\u00e9aire de 18,3 kms.<\/p>\n<p>Il traversera 14 communes et transportera quotidiennement 300 000 voyageurs entre Gu\u00e9diawaye (banlieue de Dakar) et le centre-ville de la capitale, selon les projections des autorit\u00e9s.<\/p>\n<p>Le projet du BRT, port\u00e9 par le Conseil ex\u00e9cutif des transports urbains de Dakar (CETUD), am\u00e9liorera consid\u00e9rablement la mobilit\u00e9 urbaine.<\/p>\n<div class=\"publi-apres-le-contenu\" style=\"margin-top: 10px;margin-bottom: 10px;margin-left: auto;margin-right: auto;text-align: center;\" id=\"publi-3241787480\"><div class=\"publi-adlabel\">Publicit\u00e9<\/div><script async src=\"\/\/pagead2.googlesyndication.com\/pagead\/js\/adsbygoogle.js?client=ca-pub-4089586018074219\" crossorigin=\"anonymous\"><\/script><ins class=\"adsbygoogle\" style=\"display:block;\" data-ad-client=\"ca-pub-4089586018074219\" \ndata-ad-slot=\"2087940154\" \ndata-ad-format=\"auto\"><\/ins>\n<script> \n(adsbygoogle = window.adsbygoogle || []).push({}); \n<\/script>\n<\/div>","protected":false},"excerpt":{"rendered":"<p>Tr\u00e8s attendu par les S\u00e9n\u00e9galais, les habitants de Gu\u00e9diawaye et environs en particulier\u00a0, le d\u00e9marrage du Bus rapid transit sera bien effectif. A en croire Mansour Faye, le premier bus du BRT sera pr\u00e9sent\u00e9 au public au mois avril. \u2018\u2019Les travaux du BRT suivent leur cours, des sections sont lib\u00e9r\u00e9es (\u2026) au mois de mars, l\u2019ensemble des syst\u00e8mes et des circuits seront lib\u00e9r\u00e9s (\u2026.). Le premier bus sera pr\u00e9sent\u00e9, si Dieu le veut bien, au mois d\u2019avril. Les essais suivront. L\u2019exploitation d\u00e9marrera dans le dernier trimestre de 2023\u2019\u2019, a d\u00e9clar\u00e9 jeudi le ministre des Infrastructures, des Transports terrestres et du D\u00e9senclavement Il s\u2019exprimait, \u00e0 Diamniadio, en marge, du lancement de la troisi\u00e8me phase du renouvellement du Parc automobile urbain et interurbains. Ainsi, selon l&rsquo;Aps, il a proc\u00e9d\u00e9 \u00e0 la remise des cl\u00e9s de 300 taxis de proximit\u00e9. Parlant du BRT, le ministre a soulign\u00e9 que \u2018\u2019c&rsquo;est un moyen de transport qui va contribuer \u00e0 am\u00e9lioration de la mobilit\u00e9 \u00e0 Dakar\u00a0\u00bb. \u2018\u2019Pour l\u2019environnement, vous pouvez le constatez que le BRT est un projet majeur qui va transporter plus de 300 mille voyageurs en un temps record soit 45 minutes de Gu\u00e9diawaye \u00e0 Petersen\u00a0\u00bb, a-t-il-ajout\u00e9. Les travaux du projet de Bus Rapid Transit (BRT) de Dakar ont \u00e9t\u00e9 lanc\u00e9s en octobre 2021 par le pr\u00e9sident Macky Sall. D\u2019un co\u00fbt global d\u2019environ 300 milliards de FCFA, le BRT poss\u00e9dera un parc riche de 144 bus articul\u00e9s, qui transporteront jusqu\u2019\u00e0 300.000 voyageurs par jour, avec un temps de parcours r\u00e9duit de moiti\u00e9 entre la banlieue et le centre-ville de Dakar Financ\u00e9 par la Banque mondiale, la Banque europ\u00e9enne d&rsquo;investissement et le Fonds vert pour le climat, ce projet r\u00e9alis\u00e9 sur un lin\u00e9aire de 18,3 kms. Il traversera 14 communes et transportera quotidiennement 300 000 voyageurs entre Gu\u00e9diawaye (banlieue de Dakar) et le centre-ville de la capitale, selon les projections des autorit\u00e9s. Le projet du BRT, port\u00e9 par le Conseil ex\u00e9cutif des transports urbains de Dakar (CETUD), am\u00e9liorera consid\u00e9rablement la mobilit\u00e9 urbaine.<\/p>\n","protected":false},"author":1,"featured_media":13364,"comment_status":"open","ping_status":"open","sticky":false,"template":"","format":"standard","meta":{"_jetpack_memberships_contains_paid_content":false,"footnotes":""},"categories":[1,4,1052],"tags":[1171,1174],"class_list":["post-13363","post","type-post","status-publish","format-standard","has-post-thumbnail","hentry","category-non-classe","category-societe","category-transport","tag-brt","tag-mansour-faye","entry","has-media","owp-thumbs-layout-horizontal","owp-btn-normal","owp-tabs-layout-horizontal","has-no-thumbnails","has-product-nav"],"yoast_head":"<!-- This site is optimized with the Yoast SEO plugin v25.5 - https:\/\/yoast.com\/wordpress\/plugins\/seo\/ -->\n<title>BRT, le premier bus annonc\u00e9 avril - LE PUBLIC<\/title>\n<meta name=\"robots\" content=\"index, follow, max-snippet:-1, max-image-preview:large, max-video-preview:-1\" \/>\n<link rel=\"canonical\" href=\"https:\/\/www.public.sn\/index.php\/2023\/01\/06\/brt-le-premier-bus-annonce-avril\/\" \/>\n<meta property=\"og:locale\" content=\"fr_FR\" \/>\n<meta property=\"og:type\" content=\"article\" \/>\n<meta property=\"og:title\" content=\"BRT, le premier bus annonc\u00e9 avril - LE PUBLIC\" \/>\n<meta property=\"og:description\" content=\"Tr\u00e8s attendu par les S\u00e9n\u00e9galais, les habitants de Gu\u00e9diawaye et environs en particulier\u00a0, le d\u00e9marrage du Bus rapid transit sera bien effectif. A en croire Mansour Faye, le premier bus du BRT sera pr\u00e9sent\u00e9 au public au mois avril. \u2018\u2019Les travaux du BRT suivent leur cours, des sections sont lib\u00e9r\u00e9es (\u2026) au mois de mars, l\u2019ensemble des syst\u00e8mes et des circuits seront lib\u00e9r\u00e9s (\u2026.). Le premier bus sera pr\u00e9sent\u00e9, si Dieu le veut bien, au mois d\u2019avril. Les essais suivront. L\u2019exploitation d\u00e9marrera dans le dernier trimestre de 2023\u2019\u2019, a d\u00e9clar\u00e9 jeudi le ministre des Infrastructures, des Transports terrestres et du D\u00e9senclavement Il s\u2019exprimait, \u00e0 Diamniadio, en marge, du lancement de la troisi\u00e8me phase du renouvellement du Parc automobile urbain et interurbains. Ainsi, selon l&rsquo;Aps, il a proc\u00e9d\u00e9 \u00e0 la remise des cl\u00e9s de 300 taxis de proximit\u00e9. Parlant du BRT, le ministre a soulign\u00e9 que \u2018\u2019c&rsquo;est un moyen de transport qui va contribuer \u00e0 am\u00e9lioration de la mobilit\u00e9 \u00e0 Dakar\u00a0\u00bb. \u2018\u2019Pour l\u2019environnement, vous pouvez le constatez que le BRT est un projet majeur qui va transporter plus de 300 mille voyageurs en un temps record soit 45 minutes de Gu\u00e9diawaye \u00e0 Petersen\u00a0\u00bb, a-t-il-ajout\u00e9. Les travaux du projet de Bus Rapid Transit (BRT) de Dakar ont \u00e9t\u00e9 lanc\u00e9s en octobre 2021 par le pr\u00e9sident Macky Sall. D\u2019un co\u00fbt global d\u2019environ 300 milliards de FCFA, le BRT poss\u00e9dera un parc riche de 144 bus articul\u00e9s, qui transporteront jusqu\u2019\u00e0 300.000 voyageurs par jour, avec un temps de parcours r\u00e9duit de moiti\u00e9 entre la banlieue et le centre-ville de Dakar Financ\u00e9 par la Banque mondiale, la Banque europ\u00e9enne d&rsquo;investissement et le Fonds vert pour le climat, ce projet r\u00e9alis\u00e9 sur un lin\u00e9aire de 18,3 kms. Il traversera 14 communes et transportera quotidiennement 300 000 voyageurs entre Gu\u00e9diawaye (banlieue de Dakar) et le centre-ville de la capitale, selon les projections des autorit\u00e9s. Le projet du BRT, port\u00e9 par le Conseil ex\u00e9cutif des transports urbains de Dakar (CETUD), am\u00e9liorera consid\u00e9rablement la mobilit\u00e9 urbaine.\" \/>\n<meta property=\"og:url\" content=\"https:\/\/www.public.sn\/index.php\/2023\/01\/06\/brt-le-premier-bus-annonce-avril\/\" \/>\n<meta property=\"og:site_name\" content=\"LE PUBLIC\" \/>\n<meta property=\"article:published_time\" content=\"2023-01-06T18:34:55+00:00\" \/>\n<meta property=\"og:image\" content=\"https:\/\/www.public.sn\/wp-content\/uploads\/2023\/01\/Mansour-FAYE.jpg\" \/>\n\t<meta property=\"og:image:width\" content=\"1280\" \/>\n\t<meta property=\"og:image:height\" content=\"960\" \/>\n\t<meta property=\"og:image:type\" content=\"image\/jpeg\" \/>\n<meta name=\"author\" content=\"LA REDACTION\" \/>\n<meta name=\"twitter:card\" content=\"summary_large_image\" \/>\n<meta name=\"twitter:label1\" content=\"\u00c9crit par\" \/>\n\t<meta name=\"twitter:data1\" content=\"LA REDACTION\" \/>\n\t<meta name=\"twitter:label2\" content=\"Dur\u00e9e de lecture estim\u00e9e\" \/>\n\t<meta name=\"twitter:data2\" content=\"2 minutes\" \/>\n<script type=\"application\/ld+json\" class=\"yoast-schema-graph\">{\"@context\":\"https:\/\/schema.org\",\"@graph\":[{\"@type\":\"Article\",\"@id\":\"https:\/\/www.public.sn\/index.php\/2023\/01\/06\/brt-le-premier-bus-annonce-avril\/#article\",\"isPartOf\":{\"@id\":\"https:\/\/www.public.sn\/index.php\/2023\/01\/06\/brt-le-premier-bus-annonce-avril\/\"},\"author\":{\"name\":\"LA REDACTION\",\"@id\":\"https:\/\/www.public.sn\/#\/schema\/person\/e3f4a11b037d4203902db148f9bc8d5a\"},\"headline\":\"BRT, le premier bus annonc\u00e9 avril\",\"datePublished\":\"2023-01-06T18:34:55+00:00\",\"mainEntityOfPage\":{\"@id\":\"https:\/\/www.public.sn\/index.php\/2023\/01\/06\/brt-le-premier-bus-annonce-avril\/\"},\"wordCount\":355,\"commentCount\":0,\"publisher\":{\"@id\":\"https:\/\/www.public.sn\/#organization\"},\"image\":{\"@id\":\"https:\/\/www.public.sn\/index.php\/2023\/01\/06\/brt-le-premier-bus-annonce-avril\/#primaryimage\"},\"thumbnailUrl\":\"https:\/\/www.public.sn\/wp-content\/uploads\/2023\/01\/Mansour-FAYE.jpg\",\"keywords\":[\"BRT\",\"mansour faye\"],\"articleSection\":[\"S\u00c9N\u00c9GAL\",\"SOCIETE\",\"TRANSPORT\"],\"inLanguage\":\"fr-FR\",\"potentialAction\":[{\"@type\":\"CommentAction\",\"name\":\"Comment\",\"target\":[\"https:\/\/www.public.sn\/index.php\/2023\/01\/06\/brt-le-premier-bus-annonce-avril\/#respond\"]}]},{\"@type\":\"WebPage\",\"@id\":\"https:\/\/www.public.sn\/index.php\/2023\/01\/06\/brt-le-premier-bus-annonce-avril\/\",\"url\":\"https:\/\/www.public.sn\/index.php\/2023\/01\/06\/brt-le-premier-bus-annonce-avril\/\",\"name\":\"BRT, le premier bus annonc\u00e9 avril - LE PUBLIC\",\"isPartOf\":{\"@id\":\"https:\/\/www.public.sn\/#website\"},\"primaryImageOfPage\":{\"@id\":\"https:\/\/www.public.sn\/index.php\/2023\/01\/06\/brt-le-premier-bus-annonce-avril\/#primaryimage\"},\"image\":{\"@id\":\"https:\/\/www.public.sn\/index.php\/2023\/01\/06\/brt-le-premier-bus-annonce-avril\/#primaryimage\"},\"thumbnailUrl\":\"https:\/\/www.public.sn\/wp-content\/uploads\/2023\/01\/Mansour-FAYE.jpg\",\"datePublished\":\"2023-01-06T18:34:55+00:00\",\"breadcrumb\":{\"@id\":\"https:\/\/www.public.sn\/index.php\/2023\/01\/06\/brt-le-premier-bus-annonce-avril\/#breadcrumb\"},\"inLanguage\":\"fr-FR\",\"potentialAction\":[{\"@type\":\"ReadAction\",\"target\":[\"https:\/\/www.public.sn\/index.php\/2023\/01\/06\/brt-le-premier-bus-annonce-avril\/\"]}]},{\"@type\":\"ImageObject\",\"inLanguage\":\"fr-FR\",\"@id\":\"https:\/\/www.public.sn\/index.php\/2023\/01\/06\/brt-le-premier-bus-annonce-avril\/#primaryimage\",\"url\":\"https:\/\/www.public.sn\/wp-content\/uploads\/2023\/01\/Mansour-FAYE.jpg\",\"contentUrl\":\"https:\/\/www.public.sn\/wp-content\/uploads\/2023\/01\/Mansour-FAYE.jpg\",\"width\":1280,\"height\":960},{\"@type\":\"BreadcrumbList\",\"@id\":\"https:\/\/www.public.sn\/index.php\/2023\/01\/06\/brt-le-premier-bus-annonce-avril\/#breadcrumb\",\"itemListElement\":[{\"@type\":\"ListItem\",\"position\":1,\"name\":\"Accueil\",\"item\":\"https:\/\/www.public.sn\/\"},{\"@type\":\"ListItem\",\"position\":2,\"name\":\"BRT, le premier bus annonc\u00e9 avril\"}]},{\"@type\":\"WebSite\",\"@id\":\"https:\/\/www.public.sn\/#website\",\"url\":\"https:\/\/www.public.sn\/\",\"name\":\"LE PUBLIC\",\"description\":\"\",\"publisher\":{\"@id\":\"https:\/\/www.public.sn\/#organization\"},\"potentialAction\":[{\"@type\":\"SearchAction\",\"target\":{\"@type\":\"EntryPoint\",\"urlTemplate\":\"https:\/\/www.public.sn\/?s={search_term_string}\"},\"query-input\":{\"@type\":\"PropertyValueSpecification\",\"valueRequired\":true,\"valueName\":\"search_term_string\"}}],\"inLanguage\":\"fr-FR\"},{\"@type\":\"Organization\",\"@id\":\"https:\/\/www.public.sn\/#organization\",\"name\":\"LE PUBLIC\",\"url\":\"https:\/\/www.public.sn\/\",\"logo\":{\"@type\":\"ImageObject\",\"inLanguage\":\"fr-FR\",\"@id\":\"https:\/\/www.public.sn\/#\/schema\/logo\/image\/\",\"url\":\"https:\/\/www.public.sn\/wp-content\/uploads\/2024\/05\/cropped-LOGO-PUBLIC.SN_.png\",\"contentUrl\":\"https:\/\/www.public.sn\/wp-content\/uploads\/2024\/05\/cropped-LOGO-PUBLIC.SN_.png\",\"width\":682,\"height\":192,\"caption\":\"LE PUBLIC\"},\"image\":{\"@id\":\"https:\/\/www.public.sn\/#\/schema\/logo\/image\/\"}},{\"@type\":\"Person\",\"@id\":\"https:\/\/www.public.sn\/#\/schema\/person\/e3f4a11b037d4203902db148f9bc8d5a\",\"name\":\"LA REDACTION\",\"image\":{\"@type\":\"ImageObject\",\"inLanguage\":\"fr-FR\",\"@id\":\"https:\/\/www.public.sn\/#\/schema\/person\/image\/\",\"url\":\"https:\/\/secure.gravatar.com\/avatar\/d6c030db45db2883c075085c5d6c6258654a801a93766b49af0b82d4f454e2a5?s=96&d=mm&r=g\",\"contentUrl\":\"https:\/\/secure.gravatar.com\/avatar\/d6c030db45db2883c075085c5d6c6258654a801a93766b49af0b82d4f454e2a5?s=96&d=mm&r=g\",\"caption\":\"LA REDACTION\"},\"sameAs\":[\"http:\/\/www.public.sn\"],\"url\":\"https:\/\/www.public.sn\/index.php\/author\/admin7324\/\"}]}<\/script>\n<!-- \/ Yoast SEO plugin. -->","yoast_head_json":{"title":"BRT, le premier bus annonc\u00e9 avril - LE PUBLIC","robots":{"index":"index","follow":"follow","max-snippet":"max-snippet:-1","max-image-preview":"max-image-preview:large","max-video-preview":"max-video-preview:-1"},"canonical":"https:\/\/www.public.sn\/index.php\/2023\/01\/06\/brt-le-premier-bus-annonce-avril\/","og_locale":"fr_FR","og_type":"article","og_title":"BRT, le premier bus annonc\u00e9 avril - LE PUBLIC","og_description":"Tr\u00e8s attendu par les S\u00e9n\u00e9galais, les habitants de Gu\u00e9diawaye et environs en particulier\u00a0, le d\u00e9marrage du Bus rapid transit sera bien effectif. A en croire Mansour Faye, le premier bus du BRT sera pr\u00e9sent\u00e9 au public au mois avril. \u2018\u2019Les travaux du BRT suivent leur cours, des sections sont lib\u00e9r\u00e9es (\u2026) au mois de mars, l\u2019ensemble des syst\u00e8mes et des circuits seront lib\u00e9r\u00e9s (\u2026.). Le premier bus sera pr\u00e9sent\u00e9, si Dieu le veut bien, au mois d\u2019avril. Les essais suivront. L\u2019exploitation d\u00e9marrera dans le dernier trimestre de 2023\u2019\u2019, a d\u00e9clar\u00e9 jeudi le ministre des Infrastructures, des Transports terrestres et du D\u00e9senclavement Il s\u2019exprimait, \u00e0 Diamniadio, en marge, du lancement de la troisi\u00e8me phase du renouvellement du Parc automobile urbain et interurbains. Ainsi, selon l&rsquo;Aps, il a proc\u00e9d\u00e9 \u00e0 la remise des cl\u00e9s de 300 taxis de proximit\u00e9. Parlant du BRT, le ministre a soulign\u00e9 que \u2018\u2019c&rsquo;est un moyen de transport qui va contribuer \u00e0 am\u00e9lioration de la mobilit\u00e9 \u00e0 Dakar\u00a0\u00bb. \u2018\u2019Pour l\u2019environnement, vous pouvez le constatez que le BRT est un projet majeur qui va transporter plus de 300 mille voyageurs en un temps record soit 45 minutes de Gu\u00e9diawaye \u00e0 Petersen\u00a0\u00bb, a-t-il-ajout\u00e9. Les travaux du projet de Bus Rapid Transit (BRT) de Dakar ont \u00e9t\u00e9 lanc\u00e9s en octobre 2021 par le pr\u00e9sident Macky Sall. D\u2019un co\u00fbt global d\u2019environ 300 milliards de FCFA, le BRT poss\u00e9dera un parc riche de 144 bus articul\u00e9s, qui transporteront jusqu\u2019\u00e0 300.000 voyageurs par jour, avec un temps de parcours r\u00e9duit de moiti\u00e9 entre la banlieue et le centre-ville de Dakar Financ\u00e9 par la Banque mondiale, la Banque europ\u00e9enne d&rsquo;investissement et le Fonds vert pour le climat, ce projet r\u00e9alis\u00e9 sur un lin\u00e9aire de 18,3 kms. Il traversera 14 communes et transportera quotidiennement 300 000 voyageurs entre Gu\u00e9diawaye (banlieue de Dakar) et le centre-ville de la capitale, selon les projections des autorit\u00e9s. Le projet du BRT, port\u00e9 par le Conseil ex\u00e9cutif des transports urbains de Dakar (CETUD), am\u00e9liorera consid\u00e9rablement la mobilit\u00e9 urbaine.","og_url":"https:\/\/www.public.sn\/index.php\/2023\/01\/06\/brt-le-premier-bus-annonce-avril\/","og_site_name":"LE PUBLIC","article_published_time":"2023-01-06T18:34:55+00:00","og_image":[{"width":1280,"height":960,"url":"https:\/\/www.public.sn\/wp-content\/uploads\/2023\/01\/Mansour-FAYE.jpg","type":"image\/jpeg"}],"author":"LA REDACTION","twitter_card":"summary_large_image","twitter_misc":{"\u00c9crit par":"LA REDACTION","Dur\u00e9e de lecture estim\u00e9e":"2 minutes"},"schema":{"@context":"https:\/\/schema.org","@graph":[{"@type":"Article","@id":"https:\/\/www.public.sn\/index.php\/2023\/01\/06\/brt-le-premier-bus-annonce-avril\/#article","isPartOf":{"@id":"https:\/\/www.public.sn\/index.php\/2023\/01\/06\/brt-le-premier-bus-annonce-avril\/"},"author":{"name":"LA REDACTION","@id":"https:\/\/www.public.sn\/#\/schema\/person\/e3f4a11b037d4203902db148f9bc8d5a"},"headline":"BRT, le premier bus annonc\u00e9 avril","datePublished":"2023-01-06T18:34:55+00:00","mainEntityOfPage":{"@id":"https:\/\/www.public.sn\/index.php\/2023\/01\/06\/brt-le-premier-bus-annonce-avril\/"},"wordCount":355,"commentCount":0,"publisher":{"@id":"https:\/\/www.public.sn\/#organization"},"image":{"@id":"https:\/\/www.public.sn\/index.php\/2023\/01\/06\/brt-le-premier-bus-annonce-avril\/#primaryimage"},"thumbnailUrl":"https:\/\/www.public.sn\/wp-content\/uploads\/2023\/01\/Mansour-FAYE.jpg","keywords":["BRT","mansour faye"],"articleSection":["S\u00c9N\u00c9GAL","SOCIETE","TRANSPORT"],"inLanguage":"fr-FR","potentialAction":[{"@type":"CommentAction","name":"Comment","target":["https:\/\/www.public.sn\/index.php\/2023\/01\/06\/brt-le-premier-bus-annonce-avril\/#respond"]}]},{"@type":"WebPage","@id":"https:\/\/www.public.sn\/index.php\/2023\/01\/06\/brt-le-premier-bus-annonce-avril\/","url":"https:\/\/www.public.sn\/index.php\/2023\/01\/06\/brt-le-premier-bus-annonce-avril\/","name":"BRT, le premier bus annonc\u00e9 avril - LE PUBLIC","isPartOf":{"@id":"https:\/\/www.public.sn\/#website"},"primaryImageOfPage":{"@id":"https:\/\/www.public.sn\/index.php\/2023\/01\/06\/brt-le-premier-bus-annonce-avril\/#primaryimage"},"image":{"@id":"https:\/\/www.public.sn\/index.php\/2023\/01\/06\/brt-le-premier-bus-annonce-avril\/#primaryimage"},"thumbnailUrl":"https:\/\/www.public.sn\/wp-content\/uploads\/2023\/01\/Mansour-FAYE.jpg","datePublished":"2023-01-06T18:34:55+00:00","breadcrumb":{"@id":"https:\/\/www.public.sn\/index.php\/2023\/01\/06\/brt-le-premier-bus-annonce-avril\/#breadcrumb"},"inLanguage":"fr-FR","potentialAction":[{"@type":"ReadAction","target":["https:\/\/www.public.sn\/index.php\/2023\/01\/06\/brt-le-premier-bus-annonce-avril\/"]}]},{"@type":"ImageObject","inLanguage":"fr-FR","@id":"https:\/\/www.public.sn\/index.php\/2023\/01\/06\/brt-le-premier-bus-annonce-avril\/#primaryimage","url":"https:\/\/www.public.sn\/wp-content\/uploads\/2023\/01\/Mansour-FAYE.jpg","contentUrl":"https:\/\/www.public.sn\/wp-content\/uploads\/2023\/01\/Mansour-FAYE.jpg","width":1280,"height":960},{"@type":"BreadcrumbList","@id":"https:\/\/www.public.sn\/index.php\/2023\/01\/06\/brt-le-premier-bus-annonce-avril\/#breadcrumb","itemListElement":[{"@type":"ListItem","position":1,"name":"Accueil","item":"https:\/\/www.public.sn\/"},{"@type":"ListItem","position":2,"name":"BRT, le premier bus annonc\u00e9 avril"}]},{"@type":"WebSite","@id":"https:\/\/www.public.sn\/#website","url":"https:\/\/www.public.sn\/","name":"LE PUBLIC","description":"","publisher":{"@id":"https:\/\/www.public.sn\/#organization"},"potentialAction":[{"@type":"SearchAction","target":{"@type":"EntryPoint","urlTemplate":"https:\/\/www.public.sn\/?s={search_term_string}"},"query-input":{"@type":"PropertyValueSpecification","valueRequired":true,"valueName":"search_term_string"}}],"inLanguage":"fr-FR"},{"@type":"Organization","@id":"https:\/\/www.public.sn\/#organization","name":"LE PUBLIC","url":"https:\/\/www.public.sn\/","logo":{"@type":"ImageObject","inLanguage":"fr-FR","@id":"https:\/\/www.public.sn\/#\/schema\/logo\/image\/","url":"https:\/\/www.public.sn\/wp-content\/uploads\/2024\/05\/cropped-LOGO-PUBLIC.SN_.png","contentUrl":"https:\/\/www.public.sn\/wp-content\/uploads\/2024\/05\/cropped-LOGO-PUBLIC.SN_.png","width":682,"height":192,"caption":"LE PUBLIC"},"image":{"@id":"https:\/\/www.public.sn\/#\/schema\/logo\/image\/"}},{"@type":"Person","@id":"https:\/\/www.public.sn\/#\/schema\/person\/e3f4a11b037d4203902db148f9bc8d5a","name":"LA REDACTION","image":{"@type":"ImageObject","inLanguage":"fr-FR","@id":"https:\/\/www.public.sn\/#\/schema\/person\/image\/","url":"https:\/\/secure.gravatar.com\/avatar\/d6c030db45db2883c075085c5d6c6258654a801a93766b49af0b82d4f454e2a5?s=96&d=mm&r=g","contentUrl":"https:\/\/secure.gravatar.com\/avatar\/d6c030db45db2883c075085c5d6c6258654a801a93766b49af0b82d4f454e2a5?s=96&d=mm&r=g","caption":"LA REDACTION"},"sameAs":["http:\/\/www.public.sn"],"url":"https:\/\/www.public.sn\/index.php\/author\/admin7324\/"}]}},"jetpack_featured_media_url":"https:\/\/www.public.sn\/wp-content\/uploads\/2023\/01\/Mansour-FAYE.jpg","jetpack_sharing_enabled":true,"_links":{"self":[{"href":"https:\/\/www.public.sn\/index.php\/wp-json\/wp\/v2\/posts\/13363","targetHints":{"allow":["GET"]}}],"collection":[{"href":"https:\/\/www.public.sn\/index.php\/wp-json\/wp\/v2\/posts"}],"about":[{"href":"https:\/\/www.public.sn\/index.php\/wp-json\/wp\/v2\/types\/post"}],"author":[{"embeddable":true,"href":"https:\/\/www.public.sn\/index.php\/wp-json\/wp\/v2\/users\/1"}],"replies":[{"embeddable":true,"href":"https:\/\/www.public.sn\/index.php\/wp-json\/wp\/v2\/comments?post=13363"}],"version-history":[{"count":1,"href":"https:\/\/www.public.sn\/index.php\/wp-json\/wp\/v2\/posts\/13363\/revisions"}],"predecessor-version":[{"id":13365,"href":"https:\/\/www.public.sn\/index.php\/wp-json\/wp\/v2\/posts\/13363\/revisions\/13365"}],"wp:featuredmedia":[{"embeddable":true,"href":"https:\/\/www.public.sn\/index.php\/wp-json\/wp\/v2\/media\/13364"}],"wp:attachment":[{"href":"https:\/\/www.public.sn\/index.php\/wp-json\/wp\/v2\/media?parent=13363"}],"wp:term":[{"taxonomy":"category","embeddable":true,"href":"https:\/\/www.public.sn\/index.php\/wp-json\/wp\/v2\/categories?post=13363"},{"taxonomy":"post_tag","embeddable":true,"href":"https:\/\/www.public.sn\/index.php\/wp-json\/wp\/v2\/tags?post=13363"}],"curies":[{"name":"wp","href":"https:\/\/api.w.org\/{rel}","templated":true}]}}