{"id":13392,"date":"2023-01-07T07:58:28","date_gmt":"2023-01-07T07:58:28","guid":{"rendered":"https:\/\/www.public.sn\/?p=13392"},"modified":"2023-01-07T08:31:10","modified_gmt":"2023-01-07T08:31:10","slug":"franco-senegalaise-tuee-a-somone-le-meurtrier-est-le-fils-de-mansour-diop","status":"publish","type":"post","link":"https:\/\/www.public.sn\/index.php\/2023\/01\/07\/franco-senegalaise-tuee-a-somone-le-meurtrier-est-le-fils-de-mansour-diop\/","title":{"rendered":"Franco s\u00e9n\u00e9galaise tu\u00e9e \u00e0 Somone : le pr\u00e9sum\u00e9 meurtrier est le fils de Mansour Diop"},"content":{"rendered":"<p>Les pr\u00e9sum\u00e9s meurtriers de la franco-s\u00e9n\u00e9galaise, B\u00e9atrice, \u00e2g\u00e9e de 75 ans et tu\u00e9e dans le quartier \u00ab Les Aigrettes \u00bb \u00e0 Somone (d\u00e9partement de Mbour) ont \u00e9t\u00e9 mis aux arr\u00eats par les hommes en bleu.<\/p><div class=\"publi-paragraphe1\" style=\"margin-top: 10px;margin-bottom: 10px;margin-left: auto;margin-right: auto;text-align: center;\" id=\"publi-1707300783\"><div class=\"publi-adlabel\">Publicit\u00e9<\/div><script async src=\"\/\/pagead2.googlesyndication.com\/pagead\/js\/adsbygoogle.js?client=ca-pub-4089586018074219\" crossorigin=\"anonymous\"><\/script><ins class=\"adsbygoogle\" style=\"display:block;\" data-ad-client=\"ca-pub-4089586018074219\" \ndata-ad-slot=\"2087940154\" \ndata-ad-format=\"auto\"><\/ins>\n<script> \n(adsbygoogle = window.adsbygoogle || []).push({}); \n<\/script>\n<\/div>\n<p>C\u2019est en substance ce qu\u2019a r\u00e9v\u00e9l\u00e9 dans un communiqu\u00e9 la Division communication et relations publiques de la Gendarmerie nationale : \u00ab La Gendarmerie nationale a proc\u00e9d\u00e9 \u00e0 l\u2019arrestation, le 05 janvier 2023, des deux pr\u00e9sum\u00e9s meurtriers de la dame franco-s\u00e9n\u00e9galaise retrouv\u00e9e sans vie dans son domicile au quartier \u00ab les Aigrettes \u00bb \u00e0 Somone dans le d\u00e9partement de Mbour \u00bb, renseigne le communiqu\u00e9.<\/p>\n<p>Il s&rsquo;agit de Moussa Diop et Mamadou Moustapha Diop.\u00a0Ce dernier, trouv\u00e9 en possession d&rsquo;objets attestant de son implication dans cette affaire, est le fils de Mansour Diop c\u00e9l\u00e8bre journaliste chroniqueur, qui officie \u00e0 la SEN TV.<\/p>\n<div class=\"publi-apres-le-contenu\" style=\"margin-top: 10px;margin-bottom: 10px;margin-left: auto;margin-right: auto;text-align: center;\" id=\"publi-67390496\"><div class=\"publi-adlabel\">Publicit\u00e9<\/div><script async src=\"\/\/pagead2.googlesyndication.com\/pagead\/js\/adsbygoogle.js?client=ca-pub-4089586018074219\" crossorigin=\"anonymous\"><\/script><ins class=\"adsbygoogle\" style=\"display:block;\" data-ad-client=\"ca-pub-4089586018074219\" \ndata-ad-slot=\"2087940154\" \ndata-ad-format=\"auto\"><\/ins>\n<script> \n(adsbygoogle = window.adsbygoogle || []).push({}); \n<\/script>\n<\/div>","protected":false},"excerpt":{"rendered":"<p>Les pr\u00e9sum\u00e9s meurtriers de la franco-s\u00e9n\u00e9galaise, B\u00e9atrice, \u00e2g\u00e9e de 75 ans et tu\u00e9e dans le quartier \u00ab Les Aigrettes \u00bb \u00e0 Somone (d\u00e9partement de Mbour) ont \u00e9t\u00e9 mis aux arr\u00eats par les hommes en bleu. C\u2019est en substance ce qu\u2019a r\u00e9v\u00e9l\u00e9 dans un communiqu\u00e9 la Division communication et relations publiques de la Gendarmerie nationale : \u00ab La Gendarmerie nationale a proc\u00e9d\u00e9 \u00e0 l\u2019arrestation, le 05 janvier 2023, des deux pr\u00e9sum\u00e9s meurtriers de la dame franco-s\u00e9n\u00e9galaise retrouv\u00e9e sans vie dans son domicile au quartier \u00ab les Aigrettes \u00bb \u00e0 Somone dans le d\u00e9partement de Mbour \u00bb, renseigne le communiqu\u00e9. Il s&rsquo;agit de Moussa Diop et Mamadou Moustapha Diop.\u00a0Ce dernier, trouv\u00e9 en possession d&rsquo;objets attestant de son implication dans cette affaire, est le fils de Mansour Diop c\u00e9l\u00e8bre journaliste chroniqueur, qui officie \u00e0 la SEN TV.<\/p>\n","protected":false},"author":1,"featured_media":13394,"comment_status":"open","ping_status":"open","sticky":false,"template":"","format":"standard","meta":{"_jetpack_memberships_contains_paid_content":false,"footnotes":""},"categories":[375,379,1,4,372],"tags":[],"class_list":["post-13392","post","type-post","status-publish","format-standard","has-post-thumbnail","hentry","category-actualites","category-faits-divers","category-non-classe","category-societe","category-vedette","entry","has-media","owp-thumbs-layout-horizontal","owp-btn-normal","owp-tabs-layout-horizontal","has-no-thumbnails","has-product-nav"],"yoast_head":"<!-- This site is optimized with the Yoast SEO plugin v25.5 - https:\/\/yoast.com\/wordpress\/plugins\/seo\/ -->\n<title>Franco s\u00e9n\u00e9galaise tu\u00e9e \u00e0 Somone : le pr\u00e9sum\u00e9 meurtrier est le fils de Mansour Diop - LE PUBLIC<\/title>\n<meta name=\"robots\" content=\"index, follow, max-snippet:-1, max-image-preview:large, max-video-preview:-1\" \/>\n<link rel=\"canonical\" href=\"https:\/\/www.public.sn\/index.php\/2023\/01\/07\/franco-senegalaise-tuee-a-somone-le-meurtrier-est-le-fils-de-mansour-diop\/\" \/>\n<meta property=\"og:locale\" content=\"fr_FR\" \/>\n<meta property=\"og:type\" content=\"article\" \/>\n<meta property=\"og:title\" content=\"Franco s\u00e9n\u00e9galaise tu\u00e9e \u00e0 Somone : le pr\u00e9sum\u00e9 meurtrier est le fils de Mansour Diop - LE PUBLIC\" \/>\n<meta property=\"og:description\" content=\"Les pr\u00e9sum\u00e9s meurtriers de la franco-s\u00e9n\u00e9galaise, B\u00e9atrice, \u00e2g\u00e9e de 75 ans et tu\u00e9e dans le quartier \u00ab Les Aigrettes \u00bb \u00e0 Somone (d\u00e9partement de Mbour) ont \u00e9t\u00e9 mis aux arr\u00eats par les hommes en bleu. C\u2019est en substance ce qu\u2019a r\u00e9v\u00e9l\u00e9 dans un communiqu\u00e9 la Division communication et relations publiques de la Gendarmerie nationale : \u00ab La Gendarmerie nationale a proc\u00e9d\u00e9 \u00e0 l\u2019arrestation, le 05 janvier 2023, des deux pr\u00e9sum\u00e9s meurtriers de la dame franco-s\u00e9n\u00e9galaise retrouv\u00e9e sans vie dans son domicile au quartier \u00ab les Aigrettes \u00bb \u00e0 Somone dans le d\u00e9partement de Mbour \u00bb, renseigne le communiqu\u00e9. Il s&rsquo;agit de Moussa Diop et Mamadou Moustapha Diop.\u00a0Ce dernier, trouv\u00e9 en possession d&rsquo;objets attestant de son implication dans cette affaire, est le fils de Mansour Diop c\u00e9l\u00e8bre journaliste chroniqueur, qui officie \u00e0 la SEN TV.\" \/>\n<meta property=\"og:url\" content=\"https:\/\/www.public.sn\/index.php\/2023\/01\/07\/franco-senegalaise-tuee-a-somone-le-meurtrier-est-le-fils-de-mansour-diop\/\" \/>\n<meta property=\"og:site_name\" content=\"LE PUBLIC\" \/>\n<meta property=\"article:published_time\" content=\"2023-01-07T07:58:28+00:00\" \/>\n<meta property=\"article:modified_time\" content=\"2023-01-07T08:31:10+00:00\" \/>\n<meta property=\"og:image\" content=\"https:\/\/www.public.sn\/wp-content\/uploads\/2023\/01\/mansour-diopp.jpg\" \/>\n\t<meta property=\"og:image:width\" content=\"480\" \/>\n\t<meta property=\"og:image:height\" content=\"360\" \/>\n\t<meta property=\"og:image:type\" content=\"image\/jpeg\" \/>\n<meta name=\"author\" content=\"LA REDACTION\" \/>\n<meta name=\"twitter:card\" content=\"summary_large_image\" \/>\n<meta name=\"twitter:label1\" content=\"\u00c9crit par\" \/>\n\t<meta name=\"twitter:data1\" content=\"LA REDACTION\" \/>\n\t<meta name=\"twitter:label2\" content=\"Dur\u00e9e de lecture estim\u00e9e\" \/>\n\t<meta name=\"twitter:data2\" content=\"1 minute\" \/>\n<script type=\"application\/ld+json\" class=\"yoast-schema-graph\">{\"@context\":\"https:\/\/schema.org\",\"@graph\":[{\"@type\":\"Article\",\"@id\":\"https:\/\/www.public.sn\/index.php\/2023\/01\/07\/franco-senegalaise-tuee-a-somone-le-meurtrier-est-le-fils-de-mansour-diop\/#article\",\"isPartOf\":{\"@id\":\"https:\/\/www.public.sn\/index.php\/2023\/01\/07\/franco-senegalaise-tuee-a-somone-le-meurtrier-est-le-fils-de-mansour-diop\/\"},\"author\":{\"name\":\"LA REDACTION\",\"@id\":\"https:\/\/www.public.sn\/#\/schema\/person\/e3f4a11b037d4203902db148f9bc8d5a\"},\"headline\":\"Franco s\u00e9n\u00e9galaise tu\u00e9e \u00e0 Somone : le pr\u00e9sum\u00e9 meurtrier est le fils de Mansour Diop\",\"datePublished\":\"2023-01-07T07:58:28+00:00\",\"dateModified\":\"2023-01-07T08:31:10+00:00\",\"mainEntityOfPage\":{\"@id\":\"https:\/\/www.public.sn\/index.php\/2023\/01\/07\/franco-senegalaise-tuee-a-somone-le-meurtrier-est-le-fils-de-mansour-diop\/\"},\"wordCount\":161,\"commentCount\":1,\"publisher\":{\"@id\":\"https:\/\/www.public.sn\/#organization\"},\"image\":{\"@id\":\"https:\/\/www.public.sn\/index.php\/2023\/01\/07\/franco-senegalaise-tuee-a-somone-le-meurtrier-est-le-fils-de-mansour-diop\/#primaryimage\"},\"thumbnailUrl\":\"https:\/\/www.public.sn\/wp-content\/uploads\/2023\/01\/mansour-diopp.jpg\",\"articleSection\":[\"ACTUALIT\u00c9S\",\"FAITS DIVERS\",\"S\u00c9N\u00c9GAL\",\"SOCIETE\",\"VEDETTE\"],\"inLanguage\":\"fr-FR\",\"potentialAction\":[{\"@type\":\"CommentAction\",\"name\":\"Comment\",\"target\":[\"https:\/\/www.public.sn\/index.php\/2023\/01\/07\/franco-senegalaise-tuee-a-somone-le-meurtrier-est-le-fils-de-mansour-diop\/#respond\"]}]},{\"@type\":\"WebPage\",\"@id\":\"https:\/\/www.public.sn\/index.php\/2023\/01\/07\/franco-senegalaise-tuee-a-somone-le-meurtrier-est-le-fils-de-mansour-diop\/\",\"url\":\"https:\/\/www.public.sn\/index.php\/2023\/01\/07\/franco-senegalaise-tuee-a-somone-le-meurtrier-est-le-fils-de-mansour-diop\/\",\"name\":\"Franco s\u00e9n\u00e9galaise tu\u00e9e \u00e0 Somone : le pr\u00e9sum\u00e9 meurtrier est le fils de Mansour Diop - LE PUBLIC\",\"isPartOf\":{\"@id\":\"https:\/\/www.public.sn\/#website\"},\"primaryImageOfPage\":{\"@id\":\"https:\/\/www.public.sn\/index.php\/2023\/01\/07\/franco-senegalaise-tuee-a-somone-le-meurtrier-est-le-fils-de-mansour-diop\/#primaryimage\"},\"image\":{\"@id\":\"https:\/\/www.public.sn\/index.php\/2023\/01\/07\/franco-senegalaise-tuee-a-somone-le-meurtrier-est-le-fils-de-mansour-diop\/#primaryimage\"},\"thumbnailUrl\":\"https:\/\/www.public.sn\/wp-content\/uploads\/2023\/01\/mansour-diopp.jpg\",\"datePublished\":\"2023-01-07T07:58:28+00:00\",\"dateModified\":\"2023-01-07T08:31:10+00:00\",\"breadcrumb\":{\"@id\":\"https:\/\/www.public.sn\/index.php\/2023\/01\/07\/franco-senegalaise-tuee-a-somone-le-meurtrier-est-le-fils-de-mansour-diop\/#breadcrumb\"},\"inLanguage\":\"fr-FR\",\"potentialAction\":[{\"@type\":\"ReadAction\",\"target\":[\"https:\/\/www.public.sn\/index.php\/2023\/01\/07\/franco-senegalaise-tuee-a-somone-le-meurtrier-est-le-fils-de-mansour-diop\/\"]}]},{\"@type\":\"ImageObject\",\"inLanguage\":\"fr-FR\",\"@id\":\"https:\/\/www.public.sn\/index.php\/2023\/01\/07\/franco-senegalaise-tuee-a-somone-le-meurtrier-est-le-fils-de-mansour-diop\/#primaryimage\",\"url\":\"https:\/\/www.public.sn\/wp-content\/uploads\/2023\/01\/mansour-diopp.jpg\",\"contentUrl\":\"https:\/\/www.public.sn\/wp-content\/uploads\/2023\/01\/mansour-diopp.jpg\",\"width\":480,\"height\":360},{\"@type\":\"BreadcrumbList\",\"@id\":\"https:\/\/www.public.sn\/index.php\/2023\/01\/07\/franco-senegalaise-tuee-a-somone-le-meurtrier-est-le-fils-de-mansour-diop\/#breadcrumb\",\"itemListElement\":[{\"@type\":\"ListItem\",\"position\":1,\"name\":\"Accueil\",\"item\":\"https:\/\/www.public.sn\/\"},{\"@type\":\"ListItem\",\"position\":2,\"name\":\"Franco s\u00e9n\u00e9galaise tu\u00e9e \u00e0 Somone : le pr\u00e9sum\u00e9 meurtrier est le fils de Mansour Diop\"}]},{\"@type\":\"WebSite\",\"@id\":\"https:\/\/www.public.sn\/#website\",\"url\":\"https:\/\/www.public.sn\/\",\"name\":\"LE PUBLIC\",\"description\":\"\",\"publisher\":{\"@id\":\"https:\/\/www.public.sn\/#organization\"},\"potentialAction\":[{\"@type\":\"SearchAction\",\"target\":{\"@type\":\"EntryPoint\",\"urlTemplate\":\"https:\/\/www.public.sn\/?s={search_term_string}\"},\"query-input\":{\"@type\":\"PropertyValueSpecification\",\"valueRequired\":true,\"valueName\":\"search_term_string\"}}],\"inLanguage\":\"fr-FR\"},{\"@type\":\"Organization\",\"@id\":\"https:\/\/www.public.sn\/#organization\",\"name\":\"LE PUBLIC\",\"url\":\"https:\/\/www.public.sn\/\",\"logo\":{\"@type\":\"ImageObject\",\"inLanguage\":\"fr-FR\",\"@id\":\"https:\/\/www.public.sn\/#\/schema\/logo\/image\/\",\"url\":\"https:\/\/www.public.sn\/wp-content\/uploads\/2024\/05\/cropped-LOGO-PUBLIC.SN_.png\",\"contentUrl\":\"https:\/\/www.public.sn\/wp-content\/uploads\/2024\/05\/cropped-LOGO-PUBLIC.SN_.png\",\"width\":682,\"height\":192,\"caption\":\"LE PUBLIC\"},\"image\":{\"@id\":\"https:\/\/www.public.sn\/#\/schema\/logo\/image\/\"}},{\"@type\":\"Person\",\"@id\":\"https:\/\/www.public.sn\/#\/schema\/person\/e3f4a11b037d4203902db148f9bc8d5a\",\"name\":\"LA REDACTION\",\"image\":{\"@type\":\"ImageObject\",\"inLanguage\":\"fr-FR\",\"@id\":\"https:\/\/www.public.sn\/#\/schema\/person\/image\/\",\"url\":\"https:\/\/secure.gravatar.com\/avatar\/d6c030db45db2883c075085c5d6c6258654a801a93766b49af0b82d4f454e2a5?s=96&d=mm&r=g\",\"contentUrl\":\"https:\/\/secure.gravatar.com\/avatar\/d6c030db45db2883c075085c5d6c6258654a801a93766b49af0b82d4f454e2a5?s=96&d=mm&r=g\",\"caption\":\"LA REDACTION\"},\"sameAs\":[\"http:\/\/www.public.sn\"],\"url\":\"https:\/\/www.public.sn\/index.php\/author\/admin7324\/\"}]}<\/script>\n<!-- \/ Yoast SEO plugin. -->","yoast_head_json":{"title":"Franco s\u00e9n\u00e9galaise tu\u00e9e \u00e0 Somone : le pr\u00e9sum\u00e9 meurtrier est le fils de Mansour Diop - LE PUBLIC","robots":{"index":"index","follow":"follow","max-snippet":"max-snippet:-1","max-image-preview":"max-image-preview:large","max-video-preview":"max-video-preview:-1"},"canonical":"https:\/\/www.public.sn\/index.php\/2023\/01\/07\/franco-senegalaise-tuee-a-somone-le-meurtrier-est-le-fils-de-mansour-diop\/","og_locale":"fr_FR","og_type":"article","og_title":"Franco s\u00e9n\u00e9galaise tu\u00e9e \u00e0 Somone : le pr\u00e9sum\u00e9 meurtrier est le fils de Mansour Diop - LE PUBLIC","og_description":"Les pr\u00e9sum\u00e9s meurtriers de la franco-s\u00e9n\u00e9galaise, B\u00e9atrice, \u00e2g\u00e9e de 75 ans et tu\u00e9e dans le quartier \u00ab Les Aigrettes \u00bb \u00e0 Somone (d\u00e9partement de Mbour) ont \u00e9t\u00e9 mis aux arr\u00eats par les hommes en bleu. C\u2019est en substance ce qu\u2019a r\u00e9v\u00e9l\u00e9 dans un communiqu\u00e9 la Division communication et relations publiques de la Gendarmerie nationale : \u00ab La Gendarmerie nationale a proc\u00e9d\u00e9 \u00e0 l\u2019arrestation, le 05 janvier 2023, des deux pr\u00e9sum\u00e9s meurtriers de la dame franco-s\u00e9n\u00e9galaise retrouv\u00e9e sans vie dans son domicile au quartier \u00ab les Aigrettes \u00bb \u00e0 Somone dans le d\u00e9partement de Mbour \u00bb, renseigne le communiqu\u00e9. Il s&rsquo;agit de Moussa Diop et Mamadou Moustapha Diop.\u00a0Ce dernier, trouv\u00e9 en possession d&rsquo;objets attestant de son implication dans cette affaire, est le fils de Mansour Diop c\u00e9l\u00e8bre journaliste chroniqueur, qui officie \u00e0 la SEN TV.","og_url":"https:\/\/www.public.sn\/index.php\/2023\/01\/07\/franco-senegalaise-tuee-a-somone-le-meurtrier-est-le-fils-de-mansour-diop\/","og_site_name":"LE PUBLIC","article_published_time":"2023-01-07T07:58:28+00:00","article_modified_time":"2023-01-07T08:31:10+00:00","og_image":[{"width":480,"height":360,"url":"https:\/\/www.public.sn\/wp-content\/uploads\/2023\/01\/mansour-diopp.jpg","type":"image\/jpeg"}],"author":"LA REDACTION","twitter_card":"summary_large_image","twitter_misc":{"\u00c9crit par":"LA REDACTION","Dur\u00e9e de lecture estim\u00e9e":"1 minute"},"schema":{"@context":"https:\/\/schema.org","@graph":[{"@type":"Article","@id":"https:\/\/www.public.sn\/index.php\/2023\/01\/07\/franco-senegalaise-tuee-a-somone-le-meurtrier-est-le-fils-de-mansour-diop\/#article","isPartOf":{"@id":"https:\/\/www.public.sn\/index.php\/2023\/01\/07\/franco-senegalaise-tuee-a-somone-le-meurtrier-est-le-fils-de-mansour-diop\/"},"author":{"name":"LA REDACTION","@id":"https:\/\/www.public.sn\/#\/schema\/person\/e3f4a11b037d4203902db148f9bc8d5a"},"headline":"Franco s\u00e9n\u00e9galaise tu\u00e9e \u00e0 Somone : le pr\u00e9sum\u00e9 meurtrier est le fils de Mansour Diop","datePublished":"2023-01-07T07:58:28+00:00","dateModified":"2023-01-07T08:31:10+00:00","mainEntityOfPage":{"@id":"https:\/\/www.public.sn\/index.php\/2023\/01\/07\/franco-senegalaise-tuee-a-somone-le-meurtrier-est-le-fils-de-mansour-diop\/"},"wordCount":161,"commentCount":1,"publisher":{"@id":"https:\/\/www.public.sn\/#organization"},"image":{"@id":"https:\/\/www.public.sn\/index.php\/2023\/01\/07\/franco-senegalaise-tuee-a-somone-le-meurtrier-est-le-fils-de-mansour-diop\/#primaryimage"},"thumbnailUrl":"https:\/\/www.public.sn\/wp-content\/uploads\/2023\/01\/mansour-diopp.jpg","articleSection":["ACTUALIT\u00c9S","FAITS DIVERS","S\u00c9N\u00c9GAL","SOCIETE","VEDETTE"],"inLanguage":"fr-FR","potentialAction":[{"@type":"CommentAction","name":"Comment","target":["https:\/\/www.public.sn\/index.php\/2023\/01\/07\/franco-senegalaise-tuee-a-somone-le-meurtrier-est-le-fils-de-mansour-diop\/#respond"]}]},{"@type":"WebPage","@id":"https:\/\/www.public.sn\/index.php\/2023\/01\/07\/franco-senegalaise-tuee-a-somone-le-meurtrier-est-le-fils-de-mansour-diop\/","url":"https:\/\/www.public.sn\/index.php\/2023\/01\/07\/franco-senegalaise-tuee-a-somone-le-meurtrier-est-le-fils-de-mansour-diop\/","name":"Franco s\u00e9n\u00e9galaise tu\u00e9e \u00e0 Somone : le pr\u00e9sum\u00e9 meurtrier est le fils de Mansour Diop - LE PUBLIC","isPartOf":{"@id":"https:\/\/www.public.sn\/#website"},"primaryImageOfPage":{"@id":"https:\/\/www.public.sn\/index.php\/2023\/01\/07\/franco-senegalaise-tuee-a-somone-le-meurtrier-est-le-fils-de-mansour-diop\/#primaryimage"},"image":{"@id":"https:\/\/www.public.sn\/index.php\/2023\/01\/07\/franco-senegalaise-tuee-a-somone-le-meurtrier-est-le-fils-de-mansour-diop\/#primaryimage"},"thumbnailUrl":"https:\/\/www.public.sn\/wp-content\/uploads\/2023\/01\/mansour-diopp.jpg","datePublished":"2023-01-07T07:58:28+00:00","dateModified":"2023-01-07T08:31:10+00:00","breadcrumb":{"@id":"https:\/\/www.public.sn\/index.php\/2023\/01\/07\/franco-senegalaise-tuee-a-somone-le-meurtrier-est-le-fils-de-mansour-diop\/#breadcrumb"},"inLanguage":"fr-FR","potentialAction":[{"@type":"ReadAction","target":["https:\/\/www.public.sn\/index.php\/2023\/01\/07\/franco-senegalaise-tuee-a-somone-le-meurtrier-est-le-fils-de-mansour-diop\/"]}]},{"@type":"ImageObject","inLanguage":"fr-FR","@id":"https:\/\/www.public.sn\/index.php\/2023\/01\/07\/franco-senegalaise-tuee-a-somone-le-meurtrier-est-le-fils-de-mansour-diop\/#primaryimage","url":"https:\/\/www.public.sn\/wp-content\/uploads\/2023\/01\/mansour-diopp.jpg","contentUrl":"https:\/\/www.public.sn\/wp-content\/uploads\/2023\/01\/mansour-diopp.jpg","width":480,"height":360},{"@type":"BreadcrumbList","@id":"https:\/\/www.public.sn\/index.php\/2023\/01\/07\/franco-senegalaise-tuee-a-somone-le-meurtrier-est-le-fils-de-mansour-diop\/#breadcrumb","itemListElement":[{"@type":"ListItem","position":1,"name":"Accueil","item":"https:\/\/www.public.sn\/"},{"@type":"ListItem","position":2,"name":"Franco s\u00e9n\u00e9galaise tu\u00e9e \u00e0 Somone : le pr\u00e9sum\u00e9 meurtrier est le fils de Mansour Diop"}]},{"@type":"WebSite","@id":"https:\/\/www.public.sn\/#website","url":"https:\/\/www.public.sn\/","name":"LE PUBLIC","description":"","publisher":{"@id":"https:\/\/www.public.sn\/#organization"},"potentialAction":[{"@type":"SearchAction","target":{"@type":"EntryPoint","urlTemplate":"https:\/\/www.public.sn\/?s={search_term_string}"},"query-input":{"@type":"PropertyValueSpecification","valueRequired":true,"valueName":"search_term_string"}}],"inLanguage":"fr-FR"},{"@type":"Organization","@id":"https:\/\/www.public.sn\/#organization","name":"LE PUBLIC","url":"https:\/\/www.public.sn\/","logo":{"@type":"ImageObject","inLanguage":"fr-FR","@id":"https:\/\/www.public.sn\/#\/schema\/logo\/image\/","url":"https:\/\/www.public.sn\/wp-content\/uploads\/2024\/05\/cropped-LOGO-PUBLIC.SN_.png","contentUrl":"https:\/\/www.public.sn\/wp-content\/uploads\/2024\/05\/cropped-LOGO-PUBLIC.SN_.png","width":682,"height":192,"caption":"LE PUBLIC"},"image":{"@id":"https:\/\/www.public.sn\/#\/schema\/logo\/image\/"}},{"@type":"Person","@id":"https:\/\/www.public.sn\/#\/schema\/person\/e3f4a11b037d4203902db148f9bc8d5a","name":"LA REDACTION","image":{"@type":"ImageObject","inLanguage":"fr-FR","@id":"https:\/\/www.public.sn\/#\/schema\/person\/image\/","url":"https:\/\/secure.gravatar.com\/avatar\/d6c030db45db2883c075085c5d6c6258654a801a93766b49af0b82d4f454e2a5?s=96&d=mm&r=g","contentUrl":"https:\/\/secure.gravatar.com\/avatar\/d6c030db45db2883c075085c5d6c6258654a801a93766b49af0b82d4f454e2a5?s=96&d=mm&r=g","caption":"LA REDACTION"},"sameAs":["http:\/\/www.public.sn"],"url":"https:\/\/www.public.sn\/index.php\/author\/admin7324\/"}]}},"jetpack_featured_media_url":"https:\/\/www.public.sn\/wp-content\/uploads\/2023\/01\/mansour-diopp.jpg","jetpack_sharing_enabled":true,"_links":{"self":[{"href":"https:\/\/www.public.sn\/index.php\/wp-json\/wp\/v2\/posts\/13392","targetHints":{"allow":["GET"]}}],"collection":[{"href":"https:\/\/www.public.sn\/index.php\/wp-json\/wp\/v2\/posts"}],"about":[{"href":"https:\/\/www.public.sn\/index.php\/wp-json\/wp\/v2\/types\/post"}],"author":[{"embeddable":true,"href":"https:\/\/www.public.sn\/index.php\/wp-json\/wp\/v2\/users\/1"}],"replies":[{"embeddable":true,"href":"https:\/\/www.public.sn\/index.php\/wp-json\/wp\/v2\/comments?post=13392"}],"version-history":[{"count":2,"href":"https:\/\/www.public.sn\/index.php\/wp-json\/wp\/v2\/posts\/13392\/revisions"}],"predecessor-version":[{"id":13396,"href":"https:\/\/www.public.sn\/index.php\/wp-json\/wp\/v2\/posts\/13392\/revisions\/13396"}],"wp:featuredmedia":[{"embeddable":true,"href":"https:\/\/www.public.sn\/index.php\/wp-json\/wp\/v2\/media\/13394"}],"wp:attachment":[{"href":"https:\/\/www.public.sn\/index.php\/wp-json\/wp\/v2\/media?parent=13392"}],"wp:term":[{"taxonomy":"category","embeddable":true,"href":"https:\/\/www.public.sn\/index.php\/wp-json\/wp\/v2\/categories?post=13392"},{"taxonomy":"post_tag","embeddable":true,"href":"https:\/\/www.public.sn\/index.php\/wp-json\/wp\/v2\/tags?post=13392"}],"curies":[{"name":"wp","href":"https:\/\/api.w.org\/{rel}","templated":true}]}}