{"id":13435,"date":"2023-01-09T15:15:27","date_gmt":"2023-01-09T15:15:27","guid":{"rendered":"https:\/\/www.public.sn\/?p=13435"},"modified":"2023-01-09T15:15:27","modified_gmt":"2023-01-09T15:15:27","slug":"son-adversaire-blesse-gris-bordeaux-lance-un-message-au-cng","status":"publish","type":"post","link":"https:\/\/www.public.sn\/index.php\/2023\/01\/09\/son-adversaire-blesse-gris-bordeaux-lance-un-message-au-cng\/","title":{"rendered":"Son adversaire bless\u00e9, Gris Bordeaux lance un message au CNG"},"content":{"rendered":"<p>Le duel tant attendu n&rsquo;aura pas finalement lieu. Ama Bald\u00e9 qui devrait affronter Gris Bordeaux, est bless\u00e9. Cependant, les amateurs de la peuvent peuvent esp\u00e9rer un autre duel de choc. En effet,\u00a0 le tigre de Fass, ne veut pas tous les efforts physique, financier ou autre consentis dans la pr\u00e9paration de son combat contre Ama Bald\u00e8 soient vains apr\u00e8s la blessure de ce dernier.<\/p><div class=\"publi-paragraphe1\" style=\"margin-top: 10px;margin-bottom: 10px;margin-left: auto;margin-right: auto;text-align: center;\" id=\"publi-874285009\"><div class=\"publi-adlabel\">Publicit\u00e9<\/div><script async src=\"\/\/pagead2.googlesyndication.com\/pagead\/js\/adsbygoogle.js?client=ca-pub-4089586018074219\" crossorigin=\"anonymous\"><\/script><ins class=\"adsbygoogle\" style=\"display:block;\" data-ad-client=\"ca-pub-4089586018074219\" \ndata-ad-slot=\"2087940154\" \ndata-ad-format=\"auto\"><\/ins>\n<script> \n(adsbygoogle = window.adsbygoogle || []).push({}); \n<\/script>\n<\/div>\n<p>Dans un communiqu\u00e9 publi\u00e9 sur sa page facebook, Gris Bordeaux dit mesurer pleinement la gravite de la blessure d\u2019Ama Bald\u00e8 et souhaiterait affronter un autre adversaire.<\/p>\n<p>\u201cje compatis \u00e0 la douleur de mon adversaire \u00e0 la suite de sa blessure musculaire en lui souhaitant un prompt r\u00e9tablissement\u2026 Ama Bald\u00e9 a une s\u00e9rieuse blessure, j\u2019en sais quelque chose puisque j\u2019ai \u00e9t\u00e9 victime de ce genre de blessure lors de la pr\u00e9paration de mon combat contre Tyson\u201d, a d\u2019abord constat\u00e9 Gris Bordeaux.<\/p>\n<p>Par ailleurs, il invite le Cng \u00e0 prendre toutes les dispositions n\u00e9cessaires face \u00e0 cette situation inattendue. Mais compte tenu de tous les efforts consentis pour la pr\u00e9paration de ce combat, de la pression de son encadrement technique ainsi que de la gravit\u00e9 de la blessure de son adversaire qui risque de l\u2019\u00e9loigner de l\u2019ar\u00e8ne pendant au moins six mois, Gris Bordeaux dit \u201couvrir la porte aux adversaires et aux promoteurs\u201d.<\/p>\n<p>Il promet que \u201cles propositions seront accueillies en toute responsabilit\u00e9 et avec professionnalisme\u00a0\u00bb.<\/p>\n<div class=\"publi-apres-le-contenu\" style=\"margin-top: 10px;margin-bottom: 10px;margin-left: auto;margin-right: auto;text-align: center;\" id=\"publi-4179703172\"><div class=\"publi-adlabel\">Publicit\u00e9<\/div><script async src=\"\/\/pagead2.googlesyndication.com\/pagead\/js\/adsbygoogle.js?client=ca-pub-4089586018074219\" crossorigin=\"anonymous\"><\/script><ins class=\"adsbygoogle\" style=\"display:block;\" data-ad-client=\"ca-pub-4089586018074219\" \ndata-ad-slot=\"2087940154\" \ndata-ad-format=\"auto\"><\/ins>\n<script> \n(adsbygoogle = window.adsbygoogle || []).push({}); \n<\/script>\n<\/div>","protected":false},"excerpt":{"rendered":"<p>Le duel tant attendu n&rsquo;aura pas finalement lieu. Ama Bald\u00e9 qui devrait affronter Gris Bordeaux, est bless\u00e9. Cependant, les amateurs de la peuvent peuvent esp\u00e9rer un autre duel de choc. En effet,\u00a0 le tigre de Fass, ne veut pas tous les efforts physique, financier ou autre consentis dans la pr\u00e9paration de son combat contre Ama Bald\u00e8 soient vains apr\u00e8s la blessure de ce dernier. Dans un communiqu\u00e9 publi\u00e9 sur sa page facebook, Gris Bordeaux dit mesurer pleinement la gravite de la blessure d\u2019Ama Bald\u00e8 et souhaiterait affronter un autre adversaire. \u201cje compatis \u00e0 la douleur de mon adversaire \u00e0 la suite de sa blessure musculaire en lui souhaitant un prompt r\u00e9tablissement\u2026 Ama Bald\u00e9 a une s\u00e9rieuse blessure, j\u2019en sais quelque chose puisque j\u2019ai \u00e9t\u00e9 victime de ce genre de blessure lors de la pr\u00e9paration de mon combat contre Tyson\u201d, a d\u2019abord constat\u00e9 Gris Bordeaux. Par ailleurs, il invite le Cng \u00e0 prendre toutes les dispositions n\u00e9cessaires face \u00e0 cette situation inattendue. Mais compte tenu de tous les efforts consentis pour la pr\u00e9paration de ce combat, de la pression de son encadrement technique ainsi que de la gravit\u00e9 de la blessure de son adversaire qui risque de l\u2019\u00e9loigner de l\u2019ar\u00e8ne pendant au moins six mois, Gris Bordeaux dit \u201couvrir la porte aux adversaires et aux promoteurs\u201d. Il promet que \u201cles propositions seront accueillies en toute responsabilit\u00e9 et avec professionnalisme\u00a0\u00bb.<\/p>\n","protected":false},"author":1,"featured_media":2494,"comment_status":"open","ping_status":"open","sticky":false,"template":"","format":"standard","meta":{"_jetpack_memberships_contains_paid_content":false,"footnotes":""},"categories":[375,902],"tags":[202,981,203],"class_list":["post-13435","post","type-post","status-publish","format-standard","has-post-thumbnail","hentry","category-actualites","category-lutte-senegalaise","tag-ama-balde","tag-cng","tag-gris-bordeaux","entry","has-media","owp-thumbs-layout-horizontal","owp-btn-normal","owp-tabs-layout-horizontal","has-no-thumbnails","has-product-nav"],"yoast_head":"<!-- This site is optimized with the Yoast SEO plugin v25.5 - https:\/\/yoast.com\/wordpress\/plugins\/seo\/ -->\n<title>Son adversaire bless\u00e9, Gris Bordeaux lance un message au CNG - LE PUBLIC<\/title>\n<meta name=\"robots\" content=\"index, follow, max-snippet:-1, max-image-preview:large, max-video-preview:-1\" \/>\n<link rel=\"canonical\" href=\"https:\/\/www.public.sn\/index.php\/2023\/01\/09\/son-adversaire-blesse-gris-bordeaux-lance-un-message-au-cng\/\" \/>\n<meta property=\"og:locale\" content=\"fr_FR\" \/>\n<meta property=\"og:type\" content=\"article\" \/>\n<meta property=\"og:title\" content=\"Son adversaire bless\u00e9, Gris Bordeaux lance un message au CNG - LE PUBLIC\" \/>\n<meta property=\"og:description\" content=\"Le duel tant attendu n&rsquo;aura pas finalement lieu. Ama Bald\u00e9 qui devrait affronter Gris Bordeaux, est bless\u00e9. Cependant, les amateurs de la peuvent peuvent esp\u00e9rer un autre duel de choc. En effet,\u00a0 le tigre de Fass, ne veut pas tous les efforts physique, financier ou autre consentis dans la pr\u00e9paration de son combat contre Ama Bald\u00e8 soient vains apr\u00e8s la blessure de ce dernier. Dans un communiqu\u00e9 publi\u00e9 sur sa page facebook, Gris Bordeaux dit mesurer pleinement la gravite de la blessure d\u2019Ama Bald\u00e8 et souhaiterait affronter un autre adversaire. \u201cje compatis \u00e0 la douleur de mon adversaire \u00e0 la suite de sa blessure musculaire en lui souhaitant un prompt r\u00e9tablissement\u2026 Ama Bald\u00e9 a une s\u00e9rieuse blessure, j\u2019en sais quelque chose puisque j\u2019ai \u00e9t\u00e9 victime de ce genre de blessure lors de la pr\u00e9paration de mon combat contre Tyson\u201d, a d\u2019abord constat\u00e9 Gris Bordeaux. Par ailleurs, il invite le Cng \u00e0 prendre toutes les dispositions n\u00e9cessaires face \u00e0 cette situation inattendue. Mais compte tenu de tous les efforts consentis pour la pr\u00e9paration de ce combat, de la pression de son encadrement technique ainsi que de la gravit\u00e9 de la blessure de son adversaire qui risque de l\u2019\u00e9loigner de l\u2019ar\u00e8ne pendant au moins six mois, Gris Bordeaux dit \u201couvrir la porte aux adversaires et aux promoteurs\u201d. Il promet que \u201cles propositions seront accueillies en toute responsabilit\u00e9 et avec professionnalisme\u00a0\u00bb.\" \/>\n<meta property=\"og:url\" content=\"https:\/\/www.public.sn\/index.php\/2023\/01\/09\/son-adversaire-blesse-gris-bordeaux-lance-un-message-au-cng\/\" \/>\n<meta property=\"og:site_name\" content=\"LE PUBLIC\" \/>\n<meta property=\"article:published_time\" content=\"2023-01-09T15:15:27+00:00\" \/>\n<meta property=\"og:image\" content=\"https:\/\/www.public.sn\/wp-content\/uploads\/2022\/09\/Gris-Bordeaux.png\" \/>\n\t<meta property=\"og:image:width\" content=\"1126\" \/>\n\t<meta property=\"og:image:height\" content=\"635\" \/>\n\t<meta property=\"og:image:type\" content=\"image\/png\" \/>\n<meta name=\"author\" content=\"LA REDACTION\" \/>\n<meta name=\"twitter:card\" content=\"summary_large_image\" \/>\n<meta name=\"twitter:label1\" content=\"\u00c9crit par\" \/>\n\t<meta name=\"twitter:data1\" content=\"LA REDACTION\" \/>\n\t<meta name=\"twitter:label2\" content=\"Dur\u00e9e de lecture estim\u00e9e\" \/>\n\t<meta name=\"twitter:data2\" content=\"2 minutes\" \/>\n<script type=\"application\/ld+json\" class=\"yoast-schema-graph\">{\"@context\":\"https:\/\/schema.org\",\"@graph\":[{\"@type\":\"Article\",\"@id\":\"https:\/\/www.public.sn\/index.php\/2023\/01\/09\/son-adversaire-blesse-gris-bordeaux-lance-un-message-au-cng\/#article\",\"isPartOf\":{\"@id\":\"https:\/\/www.public.sn\/index.php\/2023\/01\/09\/son-adversaire-blesse-gris-bordeaux-lance-un-message-au-cng\/\"},\"author\":{\"name\":\"LA REDACTION\",\"@id\":\"https:\/\/www.public.sn\/#\/schema\/person\/e3f4a11b037d4203902db148f9bc8d5a\"},\"headline\":\"Son adversaire bless\u00e9, Gris Bordeaux lance un message au CNG\",\"datePublished\":\"2023-01-09T15:15:27+00:00\",\"mainEntityOfPage\":{\"@id\":\"https:\/\/www.public.sn\/index.php\/2023\/01\/09\/son-adversaire-blesse-gris-bordeaux-lance-un-message-au-cng\/\"},\"wordCount\":249,\"commentCount\":0,\"publisher\":{\"@id\":\"https:\/\/www.public.sn\/#organization\"},\"image\":{\"@id\":\"https:\/\/www.public.sn\/index.php\/2023\/01\/09\/son-adversaire-blesse-gris-bordeaux-lance-un-message-au-cng\/#primaryimage\"},\"thumbnailUrl\":\"https:\/\/www.public.sn\/wp-content\/uploads\/2022\/09\/Gris-Bordeaux.png\",\"keywords\":[\"Ama Bald\u00e9\",\"Cng\",\"Gris Bordeaux\"],\"articleSection\":[\"ACTUALIT\u00c9S\",\"LUTTE S\u00c9N\u00c9GALAISE\"],\"inLanguage\":\"fr-FR\",\"potentialAction\":[{\"@type\":\"CommentAction\",\"name\":\"Comment\",\"target\":[\"https:\/\/www.public.sn\/index.php\/2023\/01\/09\/son-adversaire-blesse-gris-bordeaux-lance-un-message-au-cng\/#respond\"]}]},{\"@type\":\"WebPage\",\"@id\":\"https:\/\/www.public.sn\/index.php\/2023\/01\/09\/son-adversaire-blesse-gris-bordeaux-lance-un-message-au-cng\/\",\"url\":\"https:\/\/www.public.sn\/index.php\/2023\/01\/09\/son-adversaire-blesse-gris-bordeaux-lance-un-message-au-cng\/\",\"name\":\"Son adversaire bless\u00e9, Gris Bordeaux lance un message au CNG - LE PUBLIC\",\"isPartOf\":{\"@id\":\"https:\/\/www.public.sn\/#website\"},\"primaryImageOfPage\":{\"@id\":\"https:\/\/www.public.sn\/index.php\/2023\/01\/09\/son-adversaire-blesse-gris-bordeaux-lance-un-message-au-cng\/#primaryimage\"},\"image\":{\"@id\":\"https:\/\/www.public.sn\/index.php\/2023\/01\/09\/son-adversaire-blesse-gris-bordeaux-lance-un-message-au-cng\/#primaryimage\"},\"thumbnailUrl\":\"https:\/\/www.public.sn\/wp-content\/uploads\/2022\/09\/Gris-Bordeaux.png\",\"datePublished\":\"2023-01-09T15:15:27+00:00\",\"breadcrumb\":{\"@id\":\"https:\/\/www.public.sn\/index.php\/2023\/01\/09\/son-adversaire-blesse-gris-bordeaux-lance-un-message-au-cng\/#breadcrumb\"},\"inLanguage\":\"fr-FR\",\"potentialAction\":[{\"@type\":\"ReadAction\",\"target\":[\"https:\/\/www.public.sn\/index.php\/2023\/01\/09\/son-adversaire-blesse-gris-bordeaux-lance-un-message-au-cng\/\"]}]},{\"@type\":\"ImageObject\",\"inLanguage\":\"fr-FR\",\"@id\":\"https:\/\/www.public.sn\/index.php\/2023\/01\/09\/son-adversaire-blesse-gris-bordeaux-lance-un-message-au-cng\/#primaryimage\",\"url\":\"https:\/\/www.public.sn\/wp-content\/uploads\/2022\/09\/Gris-Bordeaux.png\",\"contentUrl\":\"https:\/\/www.public.sn\/wp-content\/uploads\/2022\/09\/Gris-Bordeaux.png\",\"width\":1126,\"height\":635},{\"@type\":\"BreadcrumbList\",\"@id\":\"https:\/\/www.public.sn\/index.php\/2023\/01\/09\/son-adversaire-blesse-gris-bordeaux-lance-un-message-au-cng\/#breadcrumb\",\"itemListElement\":[{\"@type\":\"ListItem\",\"position\":1,\"name\":\"Accueil\",\"item\":\"https:\/\/www.public.sn\/\"},{\"@type\":\"ListItem\",\"position\":2,\"name\":\"Son adversaire bless\u00e9, Gris Bordeaux lance un message au CNG\"}]},{\"@type\":\"WebSite\",\"@id\":\"https:\/\/www.public.sn\/#website\",\"url\":\"https:\/\/www.public.sn\/\",\"name\":\"LE PUBLIC\",\"description\":\"\",\"publisher\":{\"@id\":\"https:\/\/www.public.sn\/#organization\"},\"potentialAction\":[{\"@type\":\"SearchAction\",\"target\":{\"@type\":\"EntryPoint\",\"urlTemplate\":\"https:\/\/www.public.sn\/?s={search_term_string}\"},\"query-input\":{\"@type\":\"PropertyValueSpecification\",\"valueRequired\":true,\"valueName\":\"search_term_string\"}}],\"inLanguage\":\"fr-FR\"},{\"@type\":\"Organization\",\"@id\":\"https:\/\/www.public.sn\/#organization\",\"name\":\"LE PUBLIC\",\"url\":\"https:\/\/www.public.sn\/\",\"logo\":{\"@type\":\"ImageObject\",\"inLanguage\":\"fr-FR\",\"@id\":\"https:\/\/www.public.sn\/#\/schema\/logo\/image\/\",\"url\":\"https:\/\/www.public.sn\/wp-content\/uploads\/2024\/05\/cropped-LOGO-PUBLIC.SN_.png\",\"contentUrl\":\"https:\/\/www.public.sn\/wp-content\/uploads\/2024\/05\/cropped-LOGO-PUBLIC.SN_.png\",\"width\":682,\"height\":192,\"caption\":\"LE PUBLIC\"},\"image\":{\"@id\":\"https:\/\/www.public.sn\/#\/schema\/logo\/image\/\"}},{\"@type\":\"Person\",\"@id\":\"https:\/\/www.public.sn\/#\/schema\/person\/e3f4a11b037d4203902db148f9bc8d5a\",\"name\":\"LA REDACTION\",\"image\":{\"@type\":\"ImageObject\",\"inLanguage\":\"fr-FR\",\"@id\":\"https:\/\/www.public.sn\/#\/schema\/person\/image\/\",\"url\":\"https:\/\/secure.gravatar.com\/avatar\/d6c030db45db2883c075085c5d6c6258654a801a93766b49af0b82d4f454e2a5?s=96&d=mm&r=g\",\"contentUrl\":\"https:\/\/secure.gravatar.com\/avatar\/d6c030db45db2883c075085c5d6c6258654a801a93766b49af0b82d4f454e2a5?s=96&d=mm&r=g\",\"caption\":\"LA REDACTION\"},\"sameAs\":[\"http:\/\/www.public.sn\"],\"url\":\"https:\/\/www.public.sn\/index.php\/author\/admin7324\/\"}]}<\/script>\n<!-- \/ Yoast SEO plugin. -->","yoast_head_json":{"title":"Son adversaire bless\u00e9, Gris Bordeaux lance un message au CNG - LE PUBLIC","robots":{"index":"index","follow":"follow","max-snippet":"max-snippet:-1","max-image-preview":"max-image-preview:large","max-video-preview":"max-video-preview:-1"},"canonical":"https:\/\/www.public.sn\/index.php\/2023\/01\/09\/son-adversaire-blesse-gris-bordeaux-lance-un-message-au-cng\/","og_locale":"fr_FR","og_type":"article","og_title":"Son adversaire bless\u00e9, Gris Bordeaux lance un message au CNG - LE PUBLIC","og_description":"Le duel tant attendu n&rsquo;aura pas finalement lieu. Ama Bald\u00e9 qui devrait affronter Gris Bordeaux, est bless\u00e9. Cependant, les amateurs de la peuvent peuvent esp\u00e9rer un autre duel de choc. En effet,\u00a0 le tigre de Fass, ne veut pas tous les efforts physique, financier ou autre consentis dans la pr\u00e9paration de son combat contre Ama Bald\u00e8 soient vains apr\u00e8s la blessure de ce dernier. Dans un communiqu\u00e9 publi\u00e9 sur sa page facebook, Gris Bordeaux dit mesurer pleinement la gravite de la blessure d\u2019Ama Bald\u00e8 et souhaiterait affronter un autre adversaire. \u201cje compatis \u00e0 la douleur de mon adversaire \u00e0 la suite de sa blessure musculaire en lui souhaitant un prompt r\u00e9tablissement\u2026 Ama Bald\u00e9 a une s\u00e9rieuse blessure, j\u2019en sais quelque chose puisque j\u2019ai \u00e9t\u00e9 victime de ce genre de blessure lors de la pr\u00e9paration de mon combat contre Tyson\u201d, a d\u2019abord constat\u00e9 Gris Bordeaux. Par ailleurs, il invite le Cng \u00e0 prendre toutes les dispositions n\u00e9cessaires face \u00e0 cette situation inattendue. Mais compte tenu de tous les efforts consentis pour la pr\u00e9paration de ce combat, de la pression de son encadrement technique ainsi que de la gravit\u00e9 de la blessure de son adversaire qui risque de l\u2019\u00e9loigner de l\u2019ar\u00e8ne pendant au moins six mois, Gris Bordeaux dit \u201couvrir la porte aux adversaires et aux promoteurs\u201d. Il promet que \u201cles propositions seront accueillies en toute responsabilit\u00e9 et avec professionnalisme\u00a0\u00bb.","og_url":"https:\/\/www.public.sn\/index.php\/2023\/01\/09\/son-adversaire-blesse-gris-bordeaux-lance-un-message-au-cng\/","og_site_name":"LE PUBLIC","article_published_time":"2023-01-09T15:15:27+00:00","og_image":[{"width":1126,"height":635,"url":"https:\/\/www.public.sn\/wp-content\/uploads\/2022\/09\/Gris-Bordeaux.png","type":"image\/png"}],"author":"LA REDACTION","twitter_card":"summary_large_image","twitter_misc":{"\u00c9crit par":"LA REDACTION","Dur\u00e9e de lecture estim\u00e9e":"2 minutes"},"schema":{"@context":"https:\/\/schema.org","@graph":[{"@type":"Article","@id":"https:\/\/www.public.sn\/index.php\/2023\/01\/09\/son-adversaire-blesse-gris-bordeaux-lance-un-message-au-cng\/#article","isPartOf":{"@id":"https:\/\/www.public.sn\/index.php\/2023\/01\/09\/son-adversaire-blesse-gris-bordeaux-lance-un-message-au-cng\/"},"author":{"name":"LA REDACTION","@id":"https:\/\/www.public.sn\/#\/schema\/person\/e3f4a11b037d4203902db148f9bc8d5a"},"headline":"Son adversaire bless\u00e9, Gris Bordeaux lance un message au CNG","datePublished":"2023-01-09T15:15:27+00:00","mainEntityOfPage":{"@id":"https:\/\/www.public.sn\/index.php\/2023\/01\/09\/son-adversaire-blesse-gris-bordeaux-lance-un-message-au-cng\/"},"wordCount":249,"commentCount":0,"publisher":{"@id":"https:\/\/www.public.sn\/#organization"},"image":{"@id":"https:\/\/www.public.sn\/index.php\/2023\/01\/09\/son-adversaire-blesse-gris-bordeaux-lance-un-message-au-cng\/#primaryimage"},"thumbnailUrl":"https:\/\/www.public.sn\/wp-content\/uploads\/2022\/09\/Gris-Bordeaux.png","keywords":["Ama Bald\u00e9","Cng","Gris Bordeaux"],"articleSection":["ACTUALIT\u00c9S","LUTTE S\u00c9N\u00c9GALAISE"],"inLanguage":"fr-FR","potentialAction":[{"@type":"CommentAction","name":"Comment","target":["https:\/\/www.public.sn\/index.php\/2023\/01\/09\/son-adversaire-blesse-gris-bordeaux-lance-un-message-au-cng\/#respond"]}]},{"@type":"WebPage","@id":"https:\/\/www.public.sn\/index.php\/2023\/01\/09\/son-adversaire-blesse-gris-bordeaux-lance-un-message-au-cng\/","url":"https:\/\/www.public.sn\/index.php\/2023\/01\/09\/son-adversaire-blesse-gris-bordeaux-lance-un-message-au-cng\/","name":"Son adversaire bless\u00e9, Gris Bordeaux lance un message au CNG - LE PUBLIC","isPartOf":{"@id":"https:\/\/www.public.sn\/#website"},"primaryImageOfPage":{"@id":"https:\/\/www.public.sn\/index.php\/2023\/01\/09\/son-adversaire-blesse-gris-bordeaux-lance-un-message-au-cng\/#primaryimage"},"image":{"@id":"https:\/\/www.public.sn\/index.php\/2023\/01\/09\/son-adversaire-blesse-gris-bordeaux-lance-un-message-au-cng\/#primaryimage"},"thumbnailUrl":"https:\/\/www.public.sn\/wp-content\/uploads\/2022\/09\/Gris-Bordeaux.png","datePublished":"2023-01-09T15:15:27+00:00","breadcrumb":{"@id":"https:\/\/www.public.sn\/index.php\/2023\/01\/09\/son-adversaire-blesse-gris-bordeaux-lance-un-message-au-cng\/#breadcrumb"},"inLanguage":"fr-FR","potentialAction":[{"@type":"ReadAction","target":["https:\/\/www.public.sn\/index.php\/2023\/01\/09\/son-adversaire-blesse-gris-bordeaux-lance-un-message-au-cng\/"]}]},{"@type":"ImageObject","inLanguage":"fr-FR","@id":"https:\/\/www.public.sn\/index.php\/2023\/01\/09\/son-adversaire-blesse-gris-bordeaux-lance-un-message-au-cng\/#primaryimage","url":"https:\/\/www.public.sn\/wp-content\/uploads\/2022\/09\/Gris-Bordeaux.png","contentUrl":"https:\/\/www.public.sn\/wp-content\/uploads\/2022\/09\/Gris-Bordeaux.png","width":1126,"height":635},{"@type":"BreadcrumbList","@id":"https:\/\/www.public.sn\/index.php\/2023\/01\/09\/son-adversaire-blesse-gris-bordeaux-lance-un-message-au-cng\/#breadcrumb","itemListElement":[{"@type":"ListItem","position":1,"name":"Accueil","item":"https:\/\/www.public.sn\/"},{"@type":"ListItem","position":2,"name":"Son adversaire bless\u00e9, Gris Bordeaux lance un message au CNG"}]},{"@type":"WebSite","@id":"https:\/\/www.public.sn\/#website","url":"https:\/\/www.public.sn\/","name":"LE PUBLIC","description":"","publisher":{"@id":"https:\/\/www.public.sn\/#organization"},"potentialAction":[{"@type":"SearchAction","target":{"@type":"EntryPoint","urlTemplate":"https:\/\/www.public.sn\/?s={search_term_string}"},"query-input":{"@type":"PropertyValueSpecification","valueRequired":true,"valueName":"search_term_string"}}],"inLanguage":"fr-FR"},{"@type":"Organization","@id":"https:\/\/www.public.sn\/#organization","name":"LE PUBLIC","url":"https:\/\/www.public.sn\/","logo":{"@type":"ImageObject","inLanguage":"fr-FR","@id":"https:\/\/www.public.sn\/#\/schema\/logo\/image\/","url":"https:\/\/www.public.sn\/wp-content\/uploads\/2024\/05\/cropped-LOGO-PUBLIC.SN_.png","contentUrl":"https:\/\/www.public.sn\/wp-content\/uploads\/2024\/05\/cropped-LOGO-PUBLIC.SN_.png","width":682,"height":192,"caption":"LE PUBLIC"},"image":{"@id":"https:\/\/www.public.sn\/#\/schema\/logo\/image\/"}},{"@type":"Person","@id":"https:\/\/www.public.sn\/#\/schema\/person\/e3f4a11b037d4203902db148f9bc8d5a","name":"LA REDACTION","image":{"@type":"ImageObject","inLanguage":"fr-FR","@id":"https:\/\/www.public.sn\/#\/schema\/person\/image\/","url":"https:\/\/secure.gravatar.com\/avatar\/d6c030db45db2883c075085c5d6c6258654a801a93766b49af0b82d4f454e2a5?s=96&d=mm&r=g","contentUrl":"https:\/\/secure.gravatar.com\/avatar\/d6c030db45db2883c075085c5d6c6258654a801a93766b49af0b82d4f454e2a5?s=96&d=mm&r=g","caption":"LA REDACTION"},"sameAs":["http:\/\/www.public.sn"],"url":"https:\/\/www.public.sn\/index.php\/author\/admin7324\/"}]}},"jetpack_featured_media_url":"https:\/\/www.public.sn\/wp-content\/uploads\/2022\/09\/Gris-Bordeaux.png","jetpack_sharing_enabled":true,"_links":{"self":[{"href":"https:\/\/www.public.sn\/index.php\/wp-json\/wp\/v2\/posts\/13435","targetHints":{"allow":["GET"]}}],"collection":[{"href":"https:\/\/www.public.sn\/index.php\/wp-json\/wp\/v2\/posts"}],"about":[{"href":"https:\/\/www.public.sn\/index.php\/wp-json\/wp\/v2\/types\/post"}],"author":[{"embeddable":true,"href":"https:\/\/www.public.sn\/index.php\/wp-json\/wp\/v2\/users\/1"}],"replies":[{"embeddable":true,"href":"https:\/\/www.public.sn\/index.php\/wp-json\/wp\/v2\/comments?post=13435"}],"version-history":[{"count":1,"href":"https:\/\/www.public.sn\/index.php\/wp-json\/wp\/v2\/posts\/13435\/revisions"}],"predecessor-version":[{"id":13436,"href":"https:\/\/www.public.sn\/index.php\/wp-json\/wp\/v2\/posts\/13435\/revisions\/13436"}],"wp:featuredmedia":[{"embeddable":true,"href":"https:\/\/www.public.sn\/index.php\/wp-json\/wp\/v2\/media\/2494"}],"wp:attachment":[{"href":"https:\/\/www.public.sn\/index.php\/wp-json\/wp\/v2\/media?parent=13435"}],"wp:term":[{"taxonomy":"category","embeddable":true,"href":"https:\/\/www.public.sn\/index.php\/wp-json\/wp\/v2\/categories?post=13435"},{"taxonomy":"post_tag","embeddable":true,"href":"https:\/\/www.public.sn\/index.php\/wp-json\/wp\/v2\/tags?post=13435"}],"curies":[{"name":"wp","href":"https:\/\/api.w.org\/{rel}","templated":true}]}}