{"id":1344,"date":"2022-09-05T21:58:43","date_gmt":"2022-09-05T19:58:43","guid":{"rendered":"https:\/\/www.public.sn\/?p=1344"},"modified":"2022-09-05T21:58:44","modified_gmt":"2022-09-05T19:58:44","slug":"farba-ngom-le-titre-foncier-du-president-de-la-republique-macky-sall-est-bien-gere-ici-matam","status":"publish","type":"post","link":"https:\/\/www.public.sn\/index.php\/2022\/09\/05\/farba-ngom-le-titre-foncier-du-president-de-la-republique-macky-sall-est-bien-gere-ici-matam\/","title":{"rendered":"Farba Ngom: \u201cLe titre foncier du pr\u00e9sident de la R\u00e9publique  Macky Sall est bien g\u00e9r\u00e9 ici (Matam)\u201d."},"content":{"rendered":"\n<p><strong>L\u2019\u00e9lection pour le Haut Conseil des Collectivit\u00e9s Territoriales dans le d\u00e9partement de Matam a \u00e9t\u00e9 remport\u00e9e par la coalition Benno Bokk Yaakar.<\/strong><\/p><div class=\"publi-paragraphe1\" style=\"margin-top: 10px;margin-bottom: 10px;margin-left: auto;margin-right: auto;text-align: center;\" id=\"publi-1758070268\"><div class=\"publi-adlabel\">Publicit\u00e9<\/div><script async src=\"\/\/pagead2.googlesyndication.com\/pagead\/js\/adsbygoogle.js?client=ca-pub-4089586018074219\" crossorigin=\"anonymous\"><\/script><ins class=\"adsbygoogle\" style=\"display:block;\" data-ad-client=\"ca-pub-4089586018074219\" \ndata-ad-slot=\"2087940154\" \ndata-ad-format=\"auto\"><\/ins>\n<script> \n(adsbygoogle = window.adsbygoogle || []).push({}); \n<\/script>\n<\/div>\n\n\n\n<p>Sur les 604 \u00e9lus locaux du d\u00e9partement, 543 conseillers municipaux et d\u00e9partementaux ont vot\u00e9 pour la coalition de la mouvance pr\u00e9sidentielle contre 61 qui ont port\u00e9 leur choix \u00e0 l\u2019Entit\u00e9 Ind\u00e9pendante Bamtaare S\u00e9n\u00e9gal.<\/p>\n\n\n\n<p>Le d\u00e9put\u00e9 maire des Agnams, Farba Ngom qui s\u2019est r\u00e9joui des r\u00e9sultats obtenus au niveau de la coordination qu\u2019il dirige s\u2019est en outre f\u00e9licit\u00e9 de l\u2019organisation et du bon d\u00e9roulement des op\u00e9rations de vote.<\/p>\n\n\n\n<p>\u201c<em>Nous avons vu que le message est bien pass\u00e9, car les conseillers municipaux et d\u00e9partementaux ont bien compris les enjeux du Haut Conseil des Collectivit\u00e9s Territoriales en votant massivement. Partant du fait, nous f\u00e9licitons aussi tous les responsables politiques qui se sont battus corps et \u00e2me pour donner la victoire \u00e0 la coalition<\/em>\u201d, d\u00e9clare t-il. <br>Avant d\u2019ajouter : \u201c<em>Nous disons seulement \u00e0 l\u2019opposition que ce titre foncier du pr\u00e9sident de la r\u00e9publique est bien g\u00e9r\u00e9 et que la politique cristallise la comp\u00e9tition pour construire la cit\u00e9 et qu\u2019\u00e0 cet \u00e9gard, le fait de boycotter des \u00e9lections affaiblit la d\u00e9mocratie<\/em>\u201d.<\/p>\n\n\n\n<p>A l\u2019\u00e9chelle de la r\u00e9gion, les cinq (5) si\u00e8ges \u00e0 pourvoir pour l\u2019\u00e9lection des membres du Haut conseil des collectivit\u00e9s territoriales (HCCT).ont \u00e9t\u00e9 remport\u00e9s par la coalition Benno Bokk Yakaar avec 483 voix contre 61 pour l\u2019Entit\u00e9 Ind\u00e9pendante Bamtaare S\u00e9n\u00e9gal dans le d\u00e9partement de Matam et 153 voix contre 14 pour la coalition Nataangu\u00e9 Askanwi dans le d\u00e9partement de Ran\u00e9rou. Dans le d\u00e9partement de Kanel, o\u00f9 Benno Bokk Yakaar avait la seule liste en comp\u00e9tition, la coalition a recueilli 457 voix des 473 suffrages valablement exprim\u00e9s.<\/p>\n<div class=\"publi-apres-le-contenu\" style=\"margin-top: 10px;margin-bottom: 10px;margin-left: auto;margin-right: auto;text-align: center;\" id=\"publi-1937291719\"><div class=\"publi-adlabel\">Publicit\u00e9<\/div><script async src=\"\/\/pagead2.googlesyndication.com\/pagead\/js\/adsbygoogle.js?client=ca-pub-4089586018074219\" crossorigin=\"anonymous\"><\/script><ins class=\"adsbygoogle\" style=\"display:block;\" data-ad-client=\"ca-pub-4089586018074219\" \ndata-ad-slot=\"2087940154\" \ndata-ad-format=\"auto\"><\/ins>\n<script> \n(adsbygoogle = window.adsbygoogle || []).push({}); \n<\/script>\n<\/div>","protected":false},"excerpt":{"rendered":"<p>L\u2019\u00e9lection pour le Haut Conseil des Collectivit\u00e9s Territoriales dans le d\u00e9partement de Matam a \u00e9t\u00e9 remport\u00e9e par la coalition Benno Bokk Yaakar. Sur les 604 \u00e9lus locaux du d\u00e9partement, 543 conseillers municipaux et d\u00e9partementaux ont vot\u00e9 pour la coalition de la mouvance pr\u00e9sidentielle contre 61 qui ont port\u00e9 leur choix \u00e0 l\u2019Entit\u00e9 Ind\u00e9pendante Bamtaare S\u00e9n\u00e9gal. Le d\u00e9put\u00e9 maire des Agnams, Farba Ngom qui s\u2019est r\u00e9joui des r\u00e9sultats obtenus au niveau de la coordination qu\u2019il dirige s\u2019est en outre f\u00e9licit\u00e9 de l\u2019organisation et du bon d\u00e9roulement des op\u00e9rations de vote. \u201cNous avons vu que le message est bien pass\u00e9, car les conseillers municipaux et d\u00e9partementaux ont bien compris les enjeux du Haut Conseil des Collectivit\u00e9s Territoriales en votant massivement. Partant du fait, nous f\u00e9licitons aussi tous les responsables politiques qui se sont battus corps et \u00e2me pour donner la victoire \u00e0 la coalition\u201d, d\u00e9clare t-il. Avant d\u2019ajouter : \u201cNous disons seulement \u00e0 l\u2019opposition que ce titre foncier du pr\u00e9sident de la r\u00e9publique est bien g\u00e9r\u00e9 et que la politique cristallise la comp\u00e9tition pour construire la cit\u00e9 et qu\u2019\u00e0 cet \u00e9gard, le fait de boycotter des \u00e9lections affaiblit la d\u00e9mocratie\u201d. A l\u2019\u00e9chelle de la r\u00e9gion, les cinq (5) si\u00e8ges \u00e0 pourvoir pour l\u2019\u00e9lection des membres du Haut conseil des collectivit\u00e9s territoriales (HCCT).ont \u00e9t\u00e9 remport\u00e9s par la coalition Benno Bokk Yakaar avec 483 voix contre 61 pour l\u2019Entit\u00e9 Ind\u00e9pendante Bamtaare S\u00e9n\u00e9gal dans le d\u00e9partement de Matam et 153 voix contre 14 pour la coalition Nataangu\u00e9 Askanwi dans le d\u00e9partement de Ran\u00e9rou. Dans le d\u00e9partement de Kanel, o\u00f9 Benno Bokk Yakaar avait la seule liste en comp\u00e9tition, la coalition a recueilli 457 voix des 473 suffrages valablement exprim\u00e9s.<\/p>\n","protected":false},"author":1,"featured_media":1345,"comment_status":"open","ping_status":"open","sticky":false,"template":"","format":"standard","meta":{"_jetpack_memberships_contains_paid_content":false,"footnotes":""},"categories":[3],"tags":[578,109,461,11,577],"class_list":["post-1344","post","type-post","status-publish","format-standard","has-post-thumbnail","hentry","category-politique","tag-boycott","tag-farba-ngom","tag-hcct","tag-macky-sall","tag-matam","entry","has-media","owp-thumbs-layout-horizontal","owp-btn-normal","owp-tabs-layout-horizontal","has-no-thumbnails","has-product-nav"],"yoast_head":"<!-- This site is optimized with the Yoast SEO plugin v25.5 - https:\/\/yoast.com\/wordpress\/plugins\/seo\/ -->\n<title>Farba Ngom: \u201cLe titre foncier du pr\u00e9sident de la R\u00e9publique Macky Sall est bien g\u00e9r\u00e9 ici (Matam)\u201d. - LE PUBLIC<\/title>\n<meta name=\"robots\" content=\"index, follow, max-snippet:-1, max-image-preview:large, max-video-preview:-1\" \/>\n<link rel=\"canonical\" href=\"https:\/\/www.public.sn\/index.php\/2022\/09\/05\/farba-ngom-le-titre-foncier-du-president-de-la-republique-macky-sall-est-bien-gere-ici-matam\/\" \/>\n<meta property=\"og:locale\" content=\"fr_FR\" \/>\n<meta property=\"og:type\" content=\"article\" \/>\n<meta property=\"og:title\" content=\"Farba Ngom: \u201cLe titre foncier du pr\u00e9sident de la R\u00e9publique Macky Sall est bien g\u00e9r\u00e9 ici (Matam)\u201d. - LE PUBLIC\" \/>\n<meta property=\"og:description\" content=\"L\u2019\u00e9lection pour le Haut Conseil des Collectivit\u00e9s Territoriales dans le d\u00e9partement de Matam a \u00e9t\u00e9 remport\u00e9e par la coalition Benno Bokk Yaakar. Sur les 604 \u00e9lus locaux du d\u00e9partement, 543 conseillers municipaux et d\u00e9partementaux ont vot\u00e9 pour la coalition de la mouvance pr\u00e9sidentielle contre 61 qui ont port\u00e9 leur choix \u00e0 l\u2019Entit\u00e9 Ind\u00e9pendante Bamtaare S\u00e9n\u00e9gal. Le d\u00e9put\u00e9 maire des Agnams, Farba Ngom qui s\u2019est r\u00e9joui des r\u00e9sultats obtenus au niveau de la coordination qu\u2019il dirige s\u2019est en outre f\u00e9licit\u00e9 de l\u2019organisation et du bon d\u00e9roulement des op\u00e9rations de vote. \u201cNous avons vu que le message est bien pass\u00e9, car les conseillers municipaux et d\u00e9partementaux ont bien compris les enjeux du Haut Conseil des Collectivit\u00e9s Territoriales en votant massivement. Partant du fait, nous f\u00e9licitons aussi tous les responsables politiques qui se sont battus corps et \u00e2me pour donner la victoire \u00e0 la coalition\u201d, d\u00e9clare t-il. Avant d\u2019ajouter : \u201cNous disons seulement \u00e0 l\u2019opposition que ce titre foncier du pr\u00e9sident de la r\u00e9publique est bien g\u00e9r\u00e9 et que la politique cristallise la comp\u00e9tition pour construire la cit\u00e9 et qu\u2019\u00e0 cet \u00e9gard, le fait de boycotter des \u00e9lections affaiblit la d\u00e9mocratie\u201d. A l\u2019\u00e9chelle de la r\u00e9gion, les cinq (5) si\u00e8ges \u00e0 pourvoir pour l\u2019\u00e9lection des membres du Haut conseil des collectivit\u00e9s territoriales (HCCT).ont \u00e9t\u00e9 remport\u00e9s par la coalition Benno Bokk Yakaar avec 483 voix contre 61 pour l\u2019Entit\u00e9 Ind\u00e9pendante Bamtaare S\u00e9n\u00e9gal dans le d\u00e9partement de Matam et 153 voix contre 14 pour la coalition Nataangu\u00e9 Askanwi dans le d\u00e9partement de Ran\u00e9rou. Dans le d\u00e9partement de Kanel, o\u00f9 Benno Bokk Yakaar avait la seule liste en comp\u00e9tition, la coalition a recueilli 457 voix des 473 suffrages valablement exprim\u00e9s.\" \/>\n<meta property=\"og:url\" content=\"https:\/\/www.public.sn\/index.php\/2022\/09\/05\/farba-ngom-le-titre-foncier-du-president-de-la-republique-macky-sall-est-bien-gere-ici-matam\/\" \/>\n<meta property=\"og:site_name\" content=\"LE PUBLIC\" \/>\n<meta property=\"article:published_time\" content=\"2022-09-05T19:58:43+00:00\" \/>\n<meta property=\"article:modified_time\" content=\"2022-09-05T19:58:44+00:00\" \/>\n<meta property=\"og:image\" content=\"https:\/\/www.public.sn\/wp-content\/uploads\/2022\/09\/54F39F77-B42B-4069-9C0B-EC3F16710AE8.jpeg\" \/>\n\t<meta property=\"og:image:width\" content=\"1280\" \/>\n\t<meta property=\"og:image:height\" content=\"960\" \/>\n\t<meta property=\"og:image:type\" content=\"image\/jpeg\" \/>\n<meta name=\"author\" content=\"LA REDACTION\" \/>\n<meta name=\"twitter:card\" content=\"summary_large_image\" \/>\n<meta name=\"twitter:label1\" content=\"\u00c9crit par\" \/>\n\t<meta name=\"twitter:data1\" content=\"LA REDACTION\" \/>\n\t<meta name=\"twitter:label2\" content=\"Dur\u00e9e de lecture estim\u00e9e\" \/>\n\t<meta name=\"twitter:data2\" content=\"2 minutes\" \/>\n<script type=\"application\/ld+json\" class=\"yoast-schema-graph\">{\"@context\":\"https:\/\/schema.org\",\"@graph\":[{\"@type\":\"Article\",\"@id\":\"https:\/\/www.public.sn\/index.php\/2022\/09\/05\/farba-ngom-le-titre-foncier-du-president-de-la-republique-macky-sall-est-bien-gere-ici-matam\/#article\",\"isPartOf\":{\"@id\":\"https:\/\/www.public.sn\/index.php\/2022\/09\/05\/farba-ngom-le-titre-foncier-du-president-de-la-republique-macky-sall-est-bien-gere-ici-matam\/\"},\"author\":{\"name\":\"LA REDACTION\",\"@id\":\"https:\/\/www.public.sn\/#\/schema\/person\/e3f4a11b037d4203902db148f9bc8d5a\"},\"headline\":\"Farba Ngom: \u201cLe titre foncier du pr\u00e9sident de la R\u00e9publique Macky Sall est bien g\u00e9r\u00e9 ici (Matam)\u201d.\",\"datePublished\":\"2022-09-05T19:58:43+00:00\",\"dateModified\":\"2022-09-05T19:58:44+00:00\",\"mainEntityOfPage\":{\"@id\":\"https:\/\/www.public.sn\/index.php\/2022\/09\/05\/farba-ngom-le-titre-foncier-du-president-de-la-republique-macky-sall-est-bien-gere-ici-matam\/\"},\"wordCount\":328,\"commentCount\":0,\"publisher\":{\"@id\":\"https:\/\/www.public.sn\/#organization\"},\"image\":{\"@id\":\"https:\/\/www.public.sn\/index.php\/2022\/09\/05\/farba-ngom-le-titre-foncier-du-president-de-la-republique-macky-sall-est-bien-gere-ici-matam\/#primaryimage\"},\"thumbnailUrl\":\"https:\/\/www.public.sn\/wp-content\/uploads\/2022\/09\/54F39F77-B42B-4069-9C0B-EC3F16710AE8.jpeg\",\"keywords\":[\"Boycott\",\"Farba Ngom\",\"HCCT\",\"Macky Sall\",\"Matam\"],\"articleSection\":[\"POLITIQUE\"],\"inLanguage\":\"fr-FR\",\"potentialAction\":[{\"@type\":\"CommentAction\",\"name\":\"Comment\",\"target\":[\"https:\/\/www.public.sn\/index.php\/2022\/09\/05\/farba-ngom-le-titre-foncier-du-president-de-la-republique-macky-sall-est-bien-gere-ici-matam\/#respond\"]}]},{\"@type\":\"WebPage\",\"@id\":\"https:\/\/www.public.sn\/index.php\/2022\/09\/05\/farba-ngom-le-titre-foncier-du-president-de-la-republique-macky-sall-est-bien-gere-ici-matam\/\",\"url\":\"https:\/\/www.public.sn\/index.php\/2022\/09\/05\/farba-ngom-le-titre-foncier-du-president-de-la-republique-macky-sall-est-bien-gere-ici-matam\/\",\"name\":\"Farba Ngom: \u201cLe titre foncier du pr\u00e9sident de la R\u00e9publique Macky Sall est bien g\u00e9r\u00e9 ici (Matam)\u201d. - LE PUBLIC\",\"isPartOf\":{\"@id\":\"https:\/\/www.public.sn\/#website\"},\"primaryImageOfPage\":{\"@id\":\"https:\/\/www.public.sn\/index.php\/2022\/09\/05\/farba-ngom-le-titre-foncier-du-president-de-la-republique-macky-sall-est-bien-gere-ici-matam\/#primaryimage\"},\"image\":{\"@id\":\"https:\/\/www.public.sn\/index.php\/2022\/09\/05\/farba-ngom-le-titre-foncier-du-president-de-la-republique-macky-sall-est-bien-gere-ici-matam\/#primaryimage\"},\"thumbnailUrl\":\"https:\/\/www.public.sn\/wp-content\/uploads\/2022\/09\/54F39F77-B42B-4069-9C0B-EC3F16710AE8.jpeg\",\"datePublished\":\"2022-09-05T19:58:43+00:00\",\"dateModified\":\"2022-09-05T19:58:44+00:00\",\"breadcrumb\":{\"@id\":\"https:\/\/www.public.sn\/index.php\/2022\/09\/05\/farba-ngom-le-titre-foncier-du-president-de-la-republique-macky-sall-est-bien-gere-ici-matam\/#breadcrumb\"},\"inLanguage\":\"fr-FR\",\"potentialAction\":[{\"@type\":\"ReadAction\",\"target\":[\"https:\/\/www.public.sn\/index.php\/2022\/09\/05\/farba-ngom-le-titre-foncier-du-president-de-la-republique-macky-sall-est-bien-gere-ici-matam\/\"]}]},{\"@type\":\"ImageObject\",\"inLanguage\":\"fr-FR\",\"@id\":\"https:\/\/www.public.sn\/index.php\/2022\/09\/05\/farba-ngom-le-titre-foncier-du-president-de-la-republique-macky-sall-est-bien-gere-ici-matam\/#primaryimage\",\"url\":\"https:\/\/www.public.sn\/wp-content\/uploads\/2022\/09\/54F39F77-B42B-4069-9C0B-EC3F16710AE8.jpeg\",\"contentUrl\":\"https:\/\/www.public.sn\/wp-content\/uploads\/2022\/09\/54F39F77-B42B-4069-9C0B-EC3F16710AE8.jpeg\",\"width\":1280,\"height\":960},{\"@type\":\"BreadcrumbList\",\"@id\":\"https:\/\/www.public.sn\/index.php\/2022\/09\/05\/farba-ngom-le-titre-foncier-du-president-de-la-republique-macky-sall-est-bien-gere-ici-matam\/#breadcrumb\",\"itemListElement\":[{\"@type\":\"ListItem\",\"position\":1,\"name\":\"Accueil\",\"item\":\"https:\/\/www.public.sn\/\"},{\"@type\":\"ListItem\",\"position\":2,\"name\":\"Farba Ngom: \u201cLe titre foncier du pr\u00e9sident de la R\u00e9publique Macky Sall est bien g\u00e9r\u00e9 ici (Matam)\u201d.\"}]},{\"@type\":\"WebSite\",\"@id\":\"https:\/\/www.public.sn\/#website\",\"url\":\"https:\/\/www.public.sn\/\",\"name\":\"LE PUBLIC\",\"description\":\"\",\"publisher\":{\"@id\":\"https:\/\/www.public.sn\/#organization\"},\"potentialAction\":[{\"@type\":\"SearchAction\",\"target\":{\"@type\":\"EntryPoint\",\"urlTemplate\":\"https:\/\/www.public.sn\/?s={search_term_string}\"},\"query-input\":{\"@type\":\"PropertyValueSpecification\",\"valueRequired\":true,\"valueName\":\"search_term_string\"}}],\"inLanguage\":\"fr-FR\"},{\"@type\":\"Organization\",\"@id\":\"https:\/\/www.public.sn\/#organization\",\"name\":\"LE PUBLIC\",\"url\":\"https:\/\/www.public.sn\/\",\"logo\":{\"@type\":\"ImageObject\",\"inLanguage\":\"fr-FR\",\"@id\":\"https:\/\/www.public.sn\/#\/schema\/logo\/image\/\",\"url\":\"https:\/\/www.public.sn\/wp-content\/uploads\/2024\/05\/cropped-LOGO-PUBLIC.SN_.png\",\"contentUrl\":\"https:\/\/www.public.sn\/wp-content\/uploads\/2024\/05\/cropped-LOGO-PUBLIC.SN_.png\",\"width\":682,\"height\":192,\"caption\":\"LE PUBLIC\"},\"image\":{\"@id\":\"https:\/\/www.public.sn\/#\/schema\/logo\/image\/\"}},{\"@type\":\"Person\",\"@id\":\"https:\/\/www.public.sn\/#\/schema\/person\/e3f4a11b037d4203902db148f9bc8d5a\",\"name\":\"LA REDACTION\",\"image\":{\"@type\":\"ImageObject\",\"inLanguage\":\"fr-FR\",\"@id\":\"https:\/\/www.public.sn\/#\/schema\/person\/image\/\",\"url\":\"https:\/\/secure.gravatar.com\/avatar\/d6c030db45db2883c075085c5d6c6258654a801a93766b49af0b82d4f454e2a5?s=96&d=mm&r=g\",\"contentUrl\":\"https:\/\/secure.gravatar.com\/avatar\/d6c030db45db2883c075085c5d6c6258654a801a93766b49af0b82d4f454e2a5?s=96&d=mm&r=g\",\"caption\":\"LA REDACTION\"},\"sameAs\":[\"http:\/\/www.public.sn\"],\"url\":\"https:\/\/www.public.sn\/index.php\/author\/admin7324\/\"}]}<\/script>\n<!-- \/ Yoast SEO plugin. -->","yoast_head_json":{"title":"Farba Ngom: \u201cLe titre foncier du pr\u00e9sident de la R\u00e9publique Macky Sall est bien g\u00e9r\u00e9 ici (Matam)\u201d. - LE PUBLIC","robots":{"index":"index","follow":"follow","max-snippet":"max-snippet:-1","max-image-preview":"max-image-preview:large","max-video-preview":"max-video-preview:-1"},"canonical":"https:\/\/www.public.sn\/index.php\/2022\/09\/05\/farba-ngom-le-titre-foncier-du-president-de-la-republique-macky-sall-est-bien-gere-ici-matam\/","og_locale":"fr_FR","og_type":"article","og_title":"Farba Ngom: \u201cLe titre foncier du pr\u00e9sident de la R\u00e9publique Macky Sall est bien g\u00e9r\u00e9 ici (Matam)\u201d. - LE PUBLIC","og_description":"L\u2019\u00e9lection pour le Haut Conseil des Collectivit\u00e9s Territoriales dans le d\u00e9partement de Matam a \u00e9t\u00e9 remport\u00e9e par la coalition Benno Bokk Yaakar. Sur les 604 \u00e9lus locaux du d\u00e9partement, 543 conseillers municipaux et d\u00e9partementaux ont vot\u00e9 pour la coalition de la mouvance pr\u00e9sidentielle contre 61 qui ont port\u00e9 leur choix \u00e0 l\u2019Entit\u00e9 Ind\u00e9pendante Bamtaare S\u00e9n\u00e9gal. Le d\u00e9put\u00e9 maire des Agnams, Farba Ngom qui s\u2019est r\u00e9joui des r\u00e9sultats obtenus au niveau de la coordination qu\u2019il dirige s\u2019est en outre f\u00e9licit\u00e9 de l\u2019organisation et du bon d\u00e9roulement des op\u00e9rations de vote. \u201cNous avons vu que le message est bien pass\u00e9, car les conseillers municipaux et d\u00e9partementaux ont bien compris les enjeux du Haut Conseil des Collectivit\u00e9s Territoriales en votant massivement. Partant du fait, nous f\u00e9licitons aussi tous les responsables politiques qui se sont battus corps et \u00e2me pour donner la victoire \u00e0 la coalition\u201d, d\u00e9clare t-il. Avant d\u2019ajouter : \u201cNous disons seulement \u00e0 l\u2019opposition que ce titre foncier du pr\u00e9sident de la r\u00e9publique est bien g\u00e9r\u00e9 et que la politique cristallise la comp\u00e9tition pour construire la cit\u00e9 et qu\u2019\u00e0 cet \u00e9gard, le fait de boycotter des \u00e9lections affaiblit la d\u00e9mocratie\u201d. A l\u2019\u00e9chelle de la r\u00e9gion, les cinq (5) si\u00e8ges \u00e0 pourvoir pour l\u2019\u00e9lection des membres du Haut conseil des collectivit\u00e9s territoriales (HCCT).ont \u00e9t\u00e9 remport\u00e9s par la coalition Benno Bokk Yakaar avec 483 voix contre 61 pour l\u2019Entit\u00e9 Ind\u00e9pendante Bamtaare S\u00e9n\u00e9gal dans le d\u00e9partement de Matam et 153 voix contre 14 pour la coalition Nataangu\u00e9 Askanwi dans le d\u00e9partement de Ran\u00e9rou. Dans le d\u00e9partement de Kanel, o\u00f9 Benno Bokk Yakaar avait la seule liste en comp\u00e9tition, la coalition a recueilli 457 voix des 473 suffrages valablement exprim\u00e9s.","og_url":"https:\/\/www.public.sn\/index.php\/2022\/09\/05\/farba-ngom-le-titre-foncier-du-president-de-la-republique-macky-sall-est-bien-gere-ici-matam\/","og_site_name":"LE PUBLIC","article_published_time":"2022-09-05T19:58:43+00:00","article_modified_time":"2022-09-05T19:58:44+00:00","og_image":[{"width":1280,"height":960,"url":"https:\/\/www.public.sn\/wp-content\/uploads\/2022\/09\/54F39F77-B42B-4069-9C0B-EC3F16710AE8.jpeg","type":"image\/jpeg"}],"author":"LA REDACTION","twitter_card":"summary_large_image","twitter_misc":{"\u00c9crit par":"LA REDACTION","Dur\u00e9e de lecture estim\u00e9e":"2 minutes"},"schema":{"@context":"https:\/\/schema.org","@graph":[{"@type":"Article","@id":"https:\/\/www.public.sn\/index.php\/2022\/09\/05\/farba-ngom-le-titre-foncier-du-president-de-la-republique-macky-sall-est-bien-gere-ici-matam\/#article","isPartOf":{"@id":"https:\/\/www.public.sn\/index.php\/2022\/09\/05\/farba-ngom-le-titre-foncier-du-president-de-la-republique-macky-sall-est-bien-gere-ici-matam\/"},"author":{"name":"LA REDACTION","@id":"https:\/\/www.public.sn\/#\/schema\/person\/e3f4a11b037d4203902db148f9bc8d5a"},"headline":"Farba Ngom: \u201cLe titre foncier du pr\u00e9sident de la R\u00e9publique Macky Sall est bien g\u00e9r\u00e9 ici (Matam)\u201d.","datePublished":"2022-09-05T19:58:43+00:00","dateModified":"2022-09-05T19:58:44+00:00","mainEntityOfPage":{"@id":"https:\/\/www.public.sn\/index.php\/2022\/09\/05\/farba-ngom-le-titre-foncier-du-president-de-la-republique-macky-sall-est-bien-gere-ici-matam\/"},"wordCount":328,"commentCount":0,"publisher":{"@id":"https:\/\/www.public.sn\/#organization"},"image":{"@id":"https:\/\/www.public.sn\/index.php\/2022\/09\/05\/farba-ngom-le-titre-foncier-du-president-de-la-republique-macky-sall-est-bien-gere-ici-matam\/#primaryimage"},"thumbnailUrl":"https:\/\/www.public.sn\/wp-content\/uploads\/2022\/09\/54F39F77-B42B-4069-9C0B-EC3F16710AE8.jpeg","keywords":["Boycott","Farba Ngom","HCCT","Macky Sall","Matam"],"articleSection":["POLITIQUE"],"inLanguage":"fr-FR","potentialAction":[{"@type":"CommentAction","name":"Comment","target":["https:\/\/www.public.sn\/index.php\/2022\/09\/05\/farba-ngom-le-titre-foncier-du-president-de-la-republique-macky-sall-est-bien-gere-ici-matam\/#respond"]}]},{"@type":"WebPage","@id":"https:\/\/www.public.sn\/index.php\/2022\/09\/05\/farba-ngom-le-titre-foncier-du-president-de-la-republique-macky-sall-est-bien-gere-ici-matam\/","url":"https:\/\/www.public.sn\/index.php\/2022\/09\/05\/farba-ngom-le-titre-foncier-du-president-de-la-republique-macky-sall-est-bien-gere-ici-matam\/","name":"Farba Ngom: \u201cLe titre foncier du pr\u00e9sident de la R\u00e9publique Macky Sall est bien g\u00e9r\u00e9 ici (Matam)\u201d. - LE PUBLIC","isPartOf":{"@id":"https:\/\/www.public.sn\/#website"},"primaryImageOfPage":{"@id":"https:\/\/www.public.sn\/index.php\/2022\/09\/05\/farba-ngom-le-titre-foncier-du-president-de-la-republique-macky-sall-est-bien-gere-ici-matam\/#primaryimage"},"image":{"@id":"https:\/\/www.public.sn\/index.php\/2022\/09\/05\/farba-ngom-le-titre-foncier-du-president-de-la-republique-macky-sall-est-bien-gere-ici-matam\/#primaryimage"},"thumbnailUrl":"https:\/\/www.public.sn\/wp-content\/uploads\/2022\/09\/54F39F77-B42B-4069-9C0B-EC3F16710AE8.jpeg","datePublished":"2022-09-05T19:58:43+00:00","dateModified":"2022-09-05T19:58:44+00:00","breadcrumb":{"@id":"https:\/\/www.public.sn\/index.php\/2022\/09\/05\/farba-ngom-le-titre-foncier-du-president-de-la-republique-macky-sall-est-bien-gere-ici-matam\/#breadcrumb"},"inLanguage":"fr-FR","potentialAction":[{"@type":"ReadAction","target":["https:\/\/www.public.sn\/index.php\/2022\/09\/05\/farba-ngom-le-titre-foncier-du-president-de-la-republique-macky-sall-est-bien-gere-ici-matam\/"]}]},{"@type":"ImageObject","inLanguage":"fr-FR","@id":"https:\/\/www.public.sn\/index.php\/2022\/09\/05\/farba-ngom-le-titre-foncier-du-president-de-la-republique-macky-sall-est-bien-gere-ici-matam\/#primaryimage","url":"https:\/\/www.public.sn\/wp-content\/uploads\/2022\/09\/54F39F77-B42B-4069-9C0B-EC3F16710AE8.jpeg","contentUrl":"https:\/\/www.public.sn\/wp-content\/uploads\/2022\/09\/54F39F77-B42B-4069-9C0B-EC3F16710AE8.jpeg","width":1280,"height":960},{"@type":"BreadcrumbList","@id":"https:\/\/www.public.sn\/index.php\/2022\/09\/05\/farba-ngom-le-titre-foncier-du-president-de-la-republique-macky-sall-est-bien-gere-ici-matam\/#breadcrumb","itemListElement":[{"@type":"ListItem","position":1,"name":"Accueil","item":"https:\/\/www.public.sn\/"},{"@type":"ListItem","position":2,"name":"Farba Ngom: \u201cLe titre foncier du pr\u00e9sident de la R\u00e9publique Macky Sall est bien g\u00e9r\u00e9 ici (Matam)\u201d."}]},{"@type":"WebSite","@id":"https:\/\/www.public.sn\/#website","url":"https:\/\/www.public.sn\/","name":"LE PUBLIC","description":"","publisher":{"@id":"https:\/\/www.public.sn\/#organization"},"potentialAction":[{"@type":"SearchAction","target":{"@type":"EntryPoint","urlTemplate":"https:\/\/www.public.sn\/?s={search_term_string}"},"query-input":{"@type":"PropertyValueSpecification","valueRequired":true,"valueName":"search_term_string"}}],"inLanguage":"fr-FR"},{"@type":"Organization","@id":"https:\/\/www.public.sn\/#organization","name":"LE PUBLIC","url":"https:\/\/www.public.sn\/","logo":{"@type":"ImageObject","inLanguage":"fr-FR","@id":"https:\/\/www.public.sn\/#\/schema\/logo\/image\/","url":"https:\/\/www.public.sn\/wp-content\/uploads\/2024\/05\/cropped-LOGO-PUBLIC.SN_.png","contentUrl":"https:\/\/www.public.sn\/wp-content\/uploads\/2024\/05\/cropped-LOGO-PUBLIC.SN_.png","width":682,"height":192,"caption":"LE PUBLIC"},"image":{"@id":"https:\/\/www.public.sn\/#\/schema\/logo\/image\/"}},{"@type":"Person","@id":"https:\/\/www.public.sn\/#\/schema\/person\/e3f4a11b037d4203902db148f9bc8d5a","name":"LA REDACTION","image":{"@type":"ImageObject","inLanguage":"fr-FR","@id":"https:\/\/www.public.sn\/#\/schema\/person\/image\/","url":"https:\/\/secure.gravatar.com\/avatar\/d6c030db45db2883c075085c5d6c6258654a801a93766b49af0b82d4f454e2a5?s=96&d=mm&r=g","contentUrl":"https:\/\/secure.gravatar.com\/avatar\/d6c030db45db2883c075085c5d6c6258654a801a93766b49af0b82d4f454e2a5?s=96&d=mm&r=g","caption":"LA REDACTION"},"sameAs":["http:\/\/www.public.sn"],"url":"https:\/\/www.public.sn\/index.php\/author\/admin7324\/"}]}},"jetpack_featured_media_url":"https:\/\/www.public.sn\/wp-content\/uploads\/2022\/09\/54F39F77-B42B-4069-9C0B-EC3F16710AE8.jpeg","jetpack_sharing_enabled":true,"_links":{"self":[{"href":"https:\/\/www.public.sn\/index.php\/wp-json\/wp\/v2\/posts\/1344","targetHints":{"allow":["GET"]}}],"collection":[{"href":"https:\/\/www.public.sn\/index.php\/wp-json\/wp\/v2\/posts"}],"about":[{"href":"https:\/\/www.public.sn\/index.php\/wp-json\/wp\/v2\/types\/post"}],"author":[{"embeddable":true,"href":"https:\/\/www.public.sn\/index.php\/wp-json\/wp\/v2\/users\/1"}],"replies":[{"embeddable":true,"href":"https:\/\/www.public.sn\/index.php\/wp-json\/wp\/v2\/comments?post=1344"}],"version-history":[{"count":1,"href":"https:\/\/www.public.sn\/index.php\/wp-json\/wp\/v2\/posts\/1344\/revisions"}],"predecessor-version":[{"id":1346,"href":"https:\/\/www.public.sn\/index.php\/wp-json\/wp\/v2\/posts\/1344\/revisions\/1346"}],"wp:featuredmedia":[{"embeddable":true,"href":"https:\/\/www.public.sn\/index.php\/wp-json\/wp\/v2\/media\/1345"}],"wp:attachment":[{"href":"https:\/\/www.public.sn\/index.php\/wp-json\/wp\/v2\/media?parent=1344"}],"wp:term":[{"taxonomy":"category","embeddable":true,"href":"https:\/\/www.public.sn\/index.php\/wp-json\/wp\/v2\/categories?post=1344"},{"taxonomy":"post_tag","embeddable":true,"href":"https:\/\/www.public.sn\/index.php\/wp-json\/wp\/v2\/tags?post=1344"}],"curies":[{"name":"wp","href":"https:\/\/api.w.org\/{rel}","templated":true}]}}