{"id":13453,"date":"2023-01-10T10:06:54","date_gmt":"2023-01-10T10:06:54","guid":{"rendered":"https:\/\/www.public.sn\/?p=13453"},"modified":"2023-01-10T10:06:54","modified_gmt":"2023-01-10T10:06:54","slug":"conseil-interministeriel-sur-la-securite-routiere","status":"publish","type":"post","link":"https:\/\/www.public.sn\/index.php\/2023\/01\/10\/conseil-interministeriel-sur-la-securite-routiere\/","title":{"rendered":"CONSEIL INTERMINIST\u00c9RIEL SUR LA SECURIT\u00c9 ROUTI\u00c8RE"},"content":{"rendered":"<p>Diamniadio, le 9 janvier 2023<br \/>\nAgissant conform\u00e9ment aux instructions du Pr\u00e9sident de la R\u00e9publique Macky Sall, nous venons de tenir un conseil interminist\u00e9riel sur l\u2019imp\u00e9rieuse question de la lutte contre l\u2019ins\u00e9curit\u00e9 routi\u00e8re.<\/p><div class=\"publi-paragraphe1\" style=\"margin-top: 10px;margin-bottom: 10px;margin-left: auto;margin-right: auto;text-align: center;\" id=\"publi-43466468\"><div class=\"publi-adlabel\">Publicit\u00e9<\/div><script async src=\"\/\/pagead2.googlesyndication.com\/pagead\/js\/adsbygoogle.js?client=ca-pub-4089586018074219\" crossorigin=\"anonymous\"><\/script><ins class=\"adsbygoogle\" style=\"display:block;\" data-ad-client=\"ca-pub-4089586018074219\" \ndata-ad-slot=\"2087940154\" \ndata-ad-format=\"auto\"><\/ins>\n<script> \n(adsbygoogle = window.adsbygoogle || []).push({}); \n<\/script>\n<\/div>\n<p>Je voudrais d\u2019abord r\u00e9affirmer les condol\u00e9ances du Chef de l\u2019Etat au peuple s\u00e9n\u00e9galais et dire aux familles \u00e9plor\u00e9es que nous partageons avec elles la douleur qui les afflige.<\/p>\n<p>Personne ne peut ressentir la souffrance qui est la v\u00f4tre. Je l&rsquo;ai mesur\u00e9e hier, quand j\u2019ai accompagn\u00e9 le Pr\u00e9sident de la R\u00e9publique \u00e0 Kaffrine, en rencontrant les bless\u00e9s et certains parents des victimes.<\/p>\n<p>Nous vous devons la solidarit\u00e9 et je vous r\u00e9affirme aujourd\u2019hui le soutien de l\u2019Etat. Nous vous devons la solidarit\u00e9 et c&rsquo;est le pays tout entier qui s&rsquo;est trouv\u00e9 boulevers\u00e9 par cette catastrophe, tout simplement parce qu&rsquo;elle pouvait nous concerner tous, chacun d&rsquo;entre nous.<\/p>\n<p>L\u2019\u00e9motion ne va jamais se dissiper et restera encore vive \u00e0 l\u2019\u00e9vocation de cet accident, le plus terrible accident de la route de notre histoire contemporaine.<\/p>\n<p>A travers une d\u00e9marche inclusive, nous avons proc\u00e9d\u00e9 \u00e0 un diagnostic sans complaisance de la situation. Maintenant, il nous faut passer \u00e0 l\u2019action et de fa\u00e7on r\u00e9solue, c\u2019est cela et rien que cela qu\u2019attendent nos concitoyens.<\/p>\n<p>C\u2019est une attente forte et l\u00e9gitime qu\u2019il convient de satisfaire ; alors, le message doit \u00eatre clair : plus jamais \u00e7\u00e0 sur nos routes.<\/p>\n<p>Je le dis avec une d\u00e9termination absolue, des actes suivront et ils ne doivent faire l\u2019objet ni de report ni de compromis.<\/p>\n<p>Nous serons sans concession avec ceux qui contreviennent aux r\u00e8gles \u00e9dict\u00e9es pour garantir l\u2019int\u00e9grit\u00e9 physique de nos concitoyens.<\/p>\n<p>Un des probables facteurs d\u2019alt\u00e9ration de l\u2019efficacit\u00e9 des mesures que je vais \u00e9noncer, sous peu, reste le manque de suivi. Il convient d\u2019y rem\u00e9dier.<\/p>\n<p>Ce terrible accident qui a frapp\u00e9 notre pays hier doit d\u00e9clencher une prise de conscience pour renforcer les mesures de pr\u00e9vention et de s\u00e9curit\u00e9. Il ne faut pas rel\u00e2cher nos efforts pour faire progresser la s\u00e9curit\u00e9 sur les routes.<\/p>\n<p>La s\u00e9curit\u00e9 routi\u00e8re \u00e9tait et restera une des priorit\u00e9s d\u2019action du Gouvernement, et les services de l\u2019Etat sont particuli\u00e8rement mobilis\u00e9s pour surveiller les routes, contr\u00f4ler et si n\u00e9cessaire, r\u00e9primer les infractions commises.<br \/>\nNotre mobilisation collective doit \u00eatre sans faille pour lutter contre l\u2019ins\u00e9curit\u00e9 routi\u00e8re.<\/p>\n<p>Les mesures que l\u2019Etat va appliquer se veulent une rupture que l\u2019on pourrait qualifier de structur\u00e9e, car toutes les parties prenantes ont \u00e9t\u00e9 associ\u00e9es \u00e0 la r\u00e9flexion.<\/p>\n<p>Dans cette perspective, j\u2019engage :<\/p>\n<p>1- le Minist\u00e8re des Forces arm\u00e9es en relation avec le Minist\u00e8re de l\u2019Int\u00e9rieur et le Minist\u00e8re en charge des Transports, de soumettre au Gouvernement dans un d\u00e9lai de 15 jours, un projet de d\u00e9cret, portant mise en place d\u2019une structure autonome multisectorielle, dirig\u00e9e par un officier sup\u00e9rieur, sous l\u2019autorit\u00e9 du Ministre des Transports et charg\u00e9e de l\u2019application rigoureuse des dispositions du code de la route ;<\/p>\n<p>2- le Minist\u00e8re de l\u2019Int\u00e9rieur et le Minist\u00e8re des Transports, de prendre dans les 72 heures un arr\u00eat\u00e9 interminist\u00e9riel portant interdiction de circuler pour les v\u00e9hicules de transport public de voyageurs sur les routes interurbaines entre 23 heures et 5 heures et rappelant les horaires de circulations des v\u00e9hicules de transport de marchandises dans Dakar ;<\/p>\n<p>3- le Minist\u00e8re en charge des Transports terrestres de prendre, dans les 72 heures, un arr\u00eat\u00e9 portant limitation de la dur\u00e9e d\u2019exploitation \u00e0 10 ans pour les v\u00e9hicules de transport de personnes \u00e0 15 ans pour les v\u00e9hicules de transport de marchandises ;<\/p>\n<p>4- le Minist\u00e8re en charge des Finances, le Minist\u00e8re en charge de l\u2019Economie, le Minist\u00e8re en charge de Transports et le Minist\u00e8re en charge du Commerce de soumettre au Gouvernement, dans 15 jours, un plan d\u2019acc\u00e9l\u00e9ration de la mise \u0153uvre du programme de modernisation et de renouvellement du parc.<\/p>\n<p>Ce programme sera une priorit\u00e9 du Gouvernement inscrite dans le PAP-3 du PSE et dont le financement sera totalement mobilis\u00e9. D\u2019ores et d\u00e9j\u00e0, une partie de la subvention initialement destin\u00e9e au secteur du transport sera affect\u00e9e au renouvellement du parc des v\u00e9hicules de transport ;<\/p>\n<p>5- le Minist\u00e8re en charge des Finances, le Minist\u00e8re en charge des Transports et le Minist\u00e8re en charge du Commerce de soumettre au Gouvernement, dans 15 jours, un projet de texte interdisant l\u2019importation des pneus usag\u00e9s (pneus d\u2019occasion) ;<\/p>\n<p>6- le Minist\u00e8re en charge des Transports terrestres de prendre une mesure rendant obligatoire le passage gratuit du contr\u00f4le technique \u00e0 Dakar pour tous les v\u00e9hicules de transport de personnes et de marchandises et suspendant pour une p\u00e9riode de 3 mois les visites techniques des v\u00e9hicules particuliers ;<\/p>\n<p>7- le Minist\u00e8re en charge des Finances et le Ministre en charge des Transports terrestres devront ouvrir, dans les meilleurs d\u00e9lais, des centres de contr\u00f4le technique dans les r\u00e9gions ;<\/p>\n<p>8- le Minist\u00e8re en charge des Transports terrestres, de prendre les dispositions n\u00e9cessaires pour rendre obligatoire le plombage des compteurs de vitesse des v\u00e9hicules de transport de personnes et de marchandises \u00e0 90 km\/heure ;<\/p>\n<p>9- le Minist\u00e8re en charge des Transports terrestres, de prendre un arr\u00eat\u00e9, dans les 72 heures, interdisant toute transformation de v\u00e9hicules destin\u00e9s au transport de marchandises en v\u00e9hicules de transport de passagers ;<\/p>\n<p>10- le Minist\u00e8re en charge des Transports terrestres, de prendre, dans les 72 heures, un arr\u00eat\u00e9 portant interdiction de toute transformation des v\u00e9hicules visant \u00e0 augmenter les places assises pour les passagers ou \u00e0 cr\u00e9er des porte-bagages suppl\u00e9mentaires ;<\/p>\n<p>11- le Minist\u00e8re en charge des Transports terrestres de prendre, dans les 72 heures, un arr\u00eat\u00e9 interdisant la pose et l\u2019usage des porte-bagages, et prescrivant le d\u00e9mant\u00e8lement de ceux d\u00e9j\u00e0 fix\u00e9s sur les v\u00e9hicules de transports de personnes ;<\/p>\n<p>12- le Minist\u00e8re en charge des Transports terrestres en relation avec le Minist\u00e8re en charge du Commerce, de prendre un acte, dans les 72 heures, portant r\u00e9vision des conditions d\u2019octroi de l\u2019agr\u00e9ment de transport de m\u00eame que des sp\u00e9cifications techniques des v\u00e9hicules destin\u00e9s au transport des personnes et des marchandises ;<\/p>\n<p>13- le Minist\u00e8re en charge des Transports terrestres, de soumettre au Gouvernement, dans les 72 heures, portant r\u00e9vision de l\u2019\u00e2ge minimum pour obtenir le permis et conduire les v\u00e9hicules de transport urbain et interurbain de personnes \u00e0 25 ans et \u00e0 23 ans pour les v\u00e9hicules de transport interurbain de marchandises ;<\/p>\n<p>14- le Minist\u00e8re en charge des Transports terrestres, le Minist\u00e8re de la Sant\u00e9, de proposer dans les meilleurs d\u00e9lais, les modalit\u00e9s d\u2019une plus grande implication des services de la sant\u00e9 dans l\u2019appr\u00e9ciation des aptitudes physiques \u00e0 conduire pour la d\u00e9livrance et le renouvellement des permis de conduire ;<\/p>\n<p>15- le Minist\u00e8re des Forces arm\u00e9es, le Minist\u00e8re de l\u2019Int\u00e9rieur et le Minist\u00e8re des Finances de soumettre, dans les plus brefs d\u00e9lais, au Gouvernement un projet de d\u00e9mat\u00e9rialisation du paiement des amendes et p\u00e9nalit\u00e9s li\u00e9es aux infractions routi\u00e8res ;<\/p>\n<p>16- le Minist\u00e8re en charge des Transports terrestres de soumettre au Gouvernement un acte r\u00e9glementaire rendant obligatoire le port du casque pour tout conducteur et passager des v\u00e9hicules \u00e0 2 roues ;<\/p>\n<p>17- le Minist\u00e8re en charge des Transports terrestres et le Minist\u00e8re en charge du Travail de renforcer le contr\u00f4le du respect des dispositions du Code du travail (contrat en bonne et due forme et paiement des cotisations sociales) par les transporteurs ;<\/p>\n<p>18- le Minist\u00e8re des Finances et du Budget, le Minist\u00e8re en charge des Transports de prendre les mesures n\u00e9cessaires pour renforcer les capacit\u00e9s de l\u2019Agence de la s\u00e9curit\u00e9 routi\u00e8re en vue d\u2019acc\u00e9l\u00e9rer son d\u00e9ploiement, notamment la cr\u00e9ation d\u2019une \u00e9cole de formation et de perfectionnement aux m\u00e9tiers de conducteurs des v\u00e9hicules de transport public ;<\/p>\n<p>19- le Minist\u00e8re des Finances et du Budget, le Minist\u00e8re en charge de l\u2019Economie, le Minist\u00e8re en charge des Transports de soumettre au gouvernement, dans un d\u00e9lai de 15 jours, un plan de renforcement des soci\u00e9t\u00e9s nationales de transport public, pour augmenter, notamment, leurs capacit\u00e9s ;<\/p>\n<p>20- le Minist\u00e8re des Finances, le Minist\u00e8re en charge des Transports, le Minist\u00e8re en charge de l\u2019Urbanisme, de mettre en place une fourri\u00e8re dans le ressort de chaque d\u00e9partement et d\u2019am\u00e9nager des aires de repos \u00e0 l\u2019entr\u00e9e des grandes agglom\u00e9rations ;<\/p>\n<p>21- le Minist\u00e8re de l\u2019Int\u00e9rieur, le Minist\u00e8re des Finances, le Minist\u00e8re des Transports, le Minist\u00e8re de la Sant\u00e9, de renforcer le dispositif de secours et d\u2019assistance m\u00e9dicale pour la prise en charge des victimes d\u2019accidents de la route ;<\/p>\n<p>22- le Conseil sup\u00e9rieur de la S\u00e9curit\u00e9 et de l\u2019Education routi\u00e8res sera op\u00e9rationnalis\u00e9 et assurera le suivi des recommandations.<\/p>\n<div class=\"publi-apres-le-contenu\" style=\"margin-top: 10px;margin-bottom: 10px;margin-left: auto;margin-right: auto;text-align: center;\" id=\"publi-735173782\"><div class=\"publi-adlabel\">Publicit\u00e9<\/div><script async src=\"\/\/pagead2.googlesyndication.com\/pagead\/js\/adsbygoogle.js?client=ca-pub-4089586018074219\" crossorigin=\"anonymous\"><\/script><ins class=\"adsbygoogle\" style=\"display:block;\" data-ad-client=\"ca-pub-4089586018074219\" \ndata-ad-slot=\"2087940154\" \ndata-ad-format=\"auto\"><\/ins>\n<script> \n(adsbygoogle = window.adsbygoogle || []).push({}); \n<\/script>\n<\/div>","protected":false},"excerpt":{"rendered":"<p>Diamniadio, le 9 janvier 2023 Agissant conform\u00e9ment aux instructions du Pr\u00e9sident de la R\u00e9publique Macky Sall, nous venons de tenir un conseil interminist\u00e9riel sur l\u2019imp\u00e9rieuse question de la lutte contre l\u2019ins\u00e9curit\u00e9 routi\u00e8re. Je voudrais d\u2019abord r\u00e9affirmer les condol\u00e9ances du Chef de l\u2019Etat au peuple s\u00e9n\u00e9galais et dire aux familles \u00e9plor\u00e9es que nous partageons avec elles la douleur qui les afflige. Personne ne peut ressentir la souffrance qui est la v\u00f4tre. Je l&rsquo;ai mesur\u00e9e hier, quand j\u2019ai accompagn\u00e9 le Pr\u00e9sident de la R\u00e9publique \u00e0 Kaffrine, en rencontrant les bless\u00e9s et certains parents des victimes. Nous vous devons la solidarit\u00e9 et je vous r\u00e9affirme aujourd\u2019hui le soutien de l\u2019Etat. Nous vous devons la solidarit\u00e9 et c&rsquo;est le pays tout entier qui s&rsquo;est trouv\u00e9 boulevers\u00e9 par cette catastrophe, tout simplement parce qu&rsquo;elle pouvait nous concerner tous, chacun d&rsquo;entre nous. L\u2019\u00e9motion ne va jamais se dissiper et restera encore vive \u00e0 l\u2019\u00e9vocation de cet accident, le plus terrible accident de la route de notre histoire contemporaine. A travers une d\u00e9marche inclusive, nous avons proc\u00e9d\u00e9 \u00e0 un diagnostic sans complaisance de la situation. Maintenant, il nous faut passer \u00e0 l\u2019action et de fa\u00e7on r\u00e9solue, c\u2019est cela et rien que cela qu\u2019attendent nos concitoyens. C\u2019est une attente forte et l\u00e9gitime qu\u2019il convient de satisfaire ; alors, le message doit \u00eatre clair : plus jamais \u00e7\u00e0 sur nos routes. Je le dis avec une d\u00e9termination absolue, des actes suivront et ils ne doivent faire l\u2019objet ni de report ni de compromis. Nous serons sans concession avec ceux qui contreviennent aux r\u00e8gles \u00e9dict\u00e9es pour garantir l\u2019int\u00e9grit\u00e9 physique de nos concitoyens. Un des probables facteurs d\u2019alt\u00e9ration de l\u2019efficacit\u00e9 des mesures que je vais \u00e9noncer, sous peu, reste le manque de suivi. Il convient d\u2019y rem\u00e9dier. Ce terrible accident qui a frapp\u00e9 notre pays hier doit d\u00e9clencher une prise de conscience pour renforcer les mesures de pr\u00e9vention et de s\u00e9curit\u00e9. Il ne faut pas rel\u00e2cher nos efforts pour faire progresser la s\u00e9curit\u00e9 sur les routes. La s\u00e9curit\u00e9 routi\u00e8re \u00e9tait et restera une des priorit\u00e9s d\u2019action du Gouvernement, et les services de l\u2019Etat sont particuli\u00e8rement mobilis\u00e9s pour surveiller les routes, contr\u00f4ler et si n\u00e9cessaire, r\u00e9primer les infractions commises. Notre mobilisation collective doit \u00eatre sans faille pour lutter contre l\u2019ins\u00e9curit\u00e9 routi\u00e8re. Les mesures que l\u2019Etat va appliquer se veulent une rupture que l\u2019on pourrait qualifier de structur\u00e9e, car toutes les parties prenantes ont \u00e9t\u00e9 associ\u00e9es \u00e0 la r\u00e9flexion. Dans cette perspective, j\u2019engage : 1- le Minist\u00e8re des Forces arm\u00e9es en relation avec le Minist\u00e8re de l\u2019Int\u00e9rieur et le Minist\u00e8re en charge des Transports, de soumettre au Gouvernement dans un d\u00e9lai de 15 jours, un projet de d\u00e9cret, portant mise en place d\u2019une structure autonome multisectorielle, dirig\u00e9e par un officier sup\u00e9rieur, sous l\u2019autorit\u00e9 du Ministre des Transports et charg\u00e9e de l\u2019application rigoureuse des dispositions du code de la route ; 2- le Minist\u00e8re de l\u2019Int\u00e9rieur et le Minist\u00e8re des Transports, de prendre dans les 72 heures un arr\u00eat\u00e9 interminist\u00e9riel portant interdiction de circuler pour les v\u00e9hicules de transport public de voyageurs sur les routes interurbaines entre 23 heures et 5 heures et rappelant les horaires de circulations des v\u00e9hicules de transport de marchandises dans Dakar ; 3- le Minist\u00e8re en charge des Transports terrestres de prendre, dans les 72 heures, un arr\u00eat\u00e9 portant limitation de la dur\u00e9e d\u2019exploitation \u00e0 10 ans pour les v\u00e9hicules de transport de personnes \u00e0 15 ans pour les v\u00e9hicules de transport de marchandises ; 4- le Minist\u00e8re en charge des Finances, le Minist\u00e8re en charge de l\u2019Economie, le Minist\u00e8re en charge de Transports et le Minist\u00e8re en charge du Commerce de soumettre au Gouvernement, dans 15 jours, un plan d\u2019acc\u00e9l\u00e9ration de la mise \u0153uvre du programme de modernisation et de renouvellement du parc. Ce programme sera une priorit\u00e9 du Gouvernement inscrite dans le PAP-3 du PSE et dont le financement sera totalement mobilis\u00e9. D\u2019ores et d\u00e9j\u00e0, une partie de la subvention initialement destin\u00e9e au secteur du transport sera affect\u00e9e au renouvellement du parc des v\u00e9hicules de transport ; 5- le Minist\u00e8re en charge des Finances, le Minist\u00e8re en charge des Transports et le Minist\u00e8re en charge du Commerce de soumettre au Gouvernement, dans 15 jours, un projet de texte interdisant l\u2019importation des pneus usag\u00e9s (pneus d\u2019occasion) ; 6- le Minist\u00e8re en charge des Transports terrestres de prendre une mesure rendant obligatoire le passage gratuit du contr\u00f4le technique \u00e0 Dakar pour tous les v\u00e9hicules de transport de personnes et de marchandises et suspendant pour une p\u00e9riode de 3 mois les visites techniques des v\u00e9hicules particuliers ; 7- le Minist\u00e8re en charge des Finances et le Ministre en charge des Transports terrestres devront ouvrir, dans les meilleurs d\u00e9lais, des centres de contr\u00f4le technique dans les r\u00e9gions ; 8- le Minist\u00e8re en charge des Transports terrestres, de prendre les dispositions n\u00e9cessaires pour rendre obligatoire le plombage des compteurs de vitesse des v\u00e9hicules de transport de personnes et de marchandises \u00e0 90 km\/heure ; 9- le Minist\u00e8re en charge des Transports terrestres, de prendre un arr\u00eat\u00e9, dans les 72 heures, interdisant toute transformation de v\u00e9hicules destin\u00e9s au transport de marchandises en v\u00e9hicules de transport de passagers ; 10- le Minist\u00e8re en charge des Transports terrestres, de prendre, dans les 72 heures, un arr\u00eat\u00e9 portant interdiction de toute transformation des v\u00e9hicules visant \u00e0 augmenter les places assises pour les passagers ou \u00e0 cr\u00e9er des porte-bagages suppl\u00e9mentaires ; 11- le Minist\u00e8re en charge des Transports terrestres de prendre, dans les 72 heures, un arr\u00eat\u00e9 interdisant la pose et l\u2019usage des porte-bagages, et prescrivant le d\u00e9mant\u00e8lement de ceux d\u00e9j\u00e0 fix\u00e9s sur les v\u00e9hicules de transports de personnes ; 12- le Minist\u00e8re en charge des Transports terrestres en relation avec le Minist\u00e8re en charge du Commerce, de prendre un acte, dans les 72 heures, portant r\u00e9vision des conditions d\u2019octroi de l\u2019agr\u00e9ment de transport de m\u00eame que des sp\u00e9cifications techniques des v\u00e9hicules destin\u00e9s au transport des personnes et des marchandises ; 13- le Minist\u00e8re en charge des Transports terrestres, de soumettre au Gouvernement, dans les 72 heures, portant r\u00e9vision de l\u2019\u00e2ge minimum pour obtenir le permis<\/p>\n","protected":false},"author":7,"featured_media":13454,"comment_status":"open","ping_status":"open","sticky":false,"template":"","format":"standard","meta":{"_jetpack_memberships_contains_paid_content":false,"footnotes":""},"categories":[375,5,3,1,4],"tags":[4039,11,44],"class_list":["post-13453","post","type-post","status-publish","format-standard","has-post-thumbnail","hentry","category-actualites","category-people","category-politique","category-non-classe","category-societe","tag-conseil-interministeriel","tag-macky-sall","tag-premier-ministre","entry","has-media","owp-thumbs-layout-horizontal","owp-btn-normal","owp-tabs-layout-horizontal","has-no-thumbnails","has-product-nav"],"yoast_head":"<!-- This site is optimized with the Yoast SEO plugin v25.5 - https:\/\/yoast.com\/wordpress\/plugins\/seo\/ -->\n<title>CONSEIL INTERMINIST\u00c9RIEL SUR LA SECURIT\u00c9 ROUTI\u00c8RE - LE PUBLIC<\/title>\n<meta name=\"robots\" content=\"index, follow, max-snippet:-1, max-image-preview:large, max-video-preview:-1\" \/>\n<link rel=\"canonical\" href=\"https:\/\/www.public.sn\/index.php\/2023\/01\/10\/conseil-interministeriel-sur-la-securite-routiere\/\" \/>\n<meta property=\"og:locale\" content=\"fr_FR\" \/>\n<meta property=\"og:type\" content=\"article\" \/>\n<meta property=\"og:title\" content=\"CONSEIL INTERMINIST\u00c9RIEL SUR LA SECURIT\u00c9 ROUTI\u00c8RE - LE PUBLIC\" \/>\n<meta property=\"og:description\" content=\"Diamniadio, le 9 janvier 2023 Agissant conform\u00e9ment aux instructions du Pr\u00e9sident de la R\u00e9publique Macky Sall, nous venons de tenir un conseil interminist\u00e9riel sur l\u2019imp\u00e9rieuse question de la lutte contre l\u2019ins\u00e9curit\u00e9 routi\u00e8re. Je voudrais d\u2019abord r\u00e9affirmer les condol\u00e9ances du Chef de l\u2019Etat au peuple s\u00e9n\u00e9galais et dire aux familles \u00e9plor\u00e9es que nous partageons avec elles la douleur qui les afflige. Personne ne peut ressentir la souffrance qui est la v\u00f4tre. Je l&rsquo;ai mesur\u00e9e hier, quand j\u2019ai accompagn\u00e9 le Pr\u00e9sident de la R\u00e9publique \u00e0 Kaffrine, en rencontrant les bless\u00e9s et certains parents des victimes. Nous vous devons la solidarit\u00e9 et je vous r\u00e9affirme aujourd\u2019hui le soutien de l\u2019Etat. Nous vous devons la solidarit\u00e9 et c&rsquo;est le pays tout entier qui s&rsquo;est trouv\u00e9 boulevers\u00e9 par cette catastrophe, tout simplement parce qu&rsquo;elle pouvait nous concerner tous, chacun d&rsquo;entre nous. L\u2019\u00e9motion ne va jamais se dissiper et restera encore vive \u00e0 l\u2019\u00e9vocation de cet accident, le plus terrible accident de la route de notre histoire contemporaine. A travers une d\u00e9marche inclusive, nous avons proc\u00e9d\u00e9 \u00e0 un diagnostic sans complaisance de la situation. Maintenant, il nous faut passer \u00e0 l\u2019action et de fa\u00e7on r\u00e9solue, c\u2019est cela et rien que cela qu\u2019attendent nos concitoyens. C\u2019est une attente forte et l\u00e9gitime qu\u2019il convient de satisfaire ; alors, le message doit \u00eatre clair : plus jamais \u00e7\u00e0 sur nos routes. Je le dis avec une d\u00e9termination absolue, des actes suivront et ils ne doivent faire l\u2019objet ni de report ni de compromis. Nous serons sans concession avec ceux qui contreviennent aux r\u00e8gles \u00e9dict\u00e9es pour garantir l\u2019int\u00e9grit\u00e9 physique de nos concitoyens. Un des probables facteurs d\u2019alt\u00e9ration de l\u2019efficacit\u00e9 des mesures que je vais \u00e9noncer, sous peu, reste le manque de suivi. Il convient d\u2019y rem\u00e9dier. Ce terrible accident qui a frapp\u00e9 notre pays hier doit d\u00e9clencher une prise de conscience pour renforcer les mesures de pr\u00e9vention et de s\u00e9curit\u00e9. Il ne faut pas rel\u00e2cher nos efforts pour faire progresser la s\u00e9curit\u00e9 sur les routes. La s\u00e9curit\u00e9 routi\u00e8re \u00e9tait et restera une des priorit\u00e9s d\u2019action du Gouvernement, et les services de l\u2019Etat sont particuli\u00e8rement mobilis\u00e9s pour surveiller les routes, contr\u00f4ler et si n\u00e9cessaire, r\u00e9primer les infractions commises. Notre mobilisation collective doit \u00eatre sans faille pour lutter contre l\u2019ins\u00e9curit\u00e9 routi\u00e8re. Les mesures que l\u2019Etat va appliquer se veulent une rupture que l\u2019on pourrait qualifier de structur\u00e9e, car toutes les parties prenantes ont \u00e9t\u00e9 associ\u00e9es \u00e0 la r\u00e9flexion. Dans cette perspective, j\u2019engage : 1- le Minist\u00e8re des Forces arm\u00e9es en relation avec le Minist\u00e8re de l\u2019Int\u00e9rieur et le Minist\u00e8re en charge des Transports, de soumettre au Gouvernement dans un d\u00e9lai de 15 jours, un projet de d\u00e9cret, portant mise en place d\u2019une structure autonome multisectorielle, dirig\u00e9e par un officier sup\u00e9rieur, sous l\u2019autorit\u00e9 du Ministre des Transports et charg\u00e9e de l\u2019application rigoureuse des dispositions du code de la route ; 2- le Minist\u00e8re de l\u2019Int\u00e9rieur et le Minist\u00e8re des Transports, de prendre dans les 72 heures un arr\u00eat\u00e9 interminist\u00e9riel portant interdiction de circuler pour les v\u00e9hicules de transport public de voyageurs sur les routes interurbaines entre 23 heures et 5 heures et rappelant les horaires de circulations des v\u00e9hicules de transport de marchandises dans Dakar ; 3- le Minist\u00e8re en charge des Transports terrestres de prendre, dans les 72 heures, un arr\u00eat\u00e9 portant limitation de la dur\u00e9e d\u2019exploitation \u00e0 10 ans pour les v\u00e9hicules de transport de personnes \u00e0 15 ans pour les v\u00e9hicules de transport de marchandises ; 4- le Minist\u00e8re en charge des Finances, le Minist\u00e8re en charge de l\u2019Economie, le Minist\u00e8re en charge de Transports et le Minist\u00e8re en charge du Commerce de soumettre au Gouvernement, dans 15 jours, un plan d\u2019acc\u00e9l\u00e9ration de la mise \u0153uvre du programme de modernisation et de renouvellement du parc. Ce programme sera une priorit\u00e9 du Gouvernement inscrite dans le PAP-3 du PSE et dont le financement sera totalement mobilis\u00e9. D\u2019ores et d\u00e9j\u00e0, une partie de la subvention initialement destin\u00e9e au secteur du transport sera affect\u00e9e au renouvellement du parc des v\u00e9hicules de transport ; 5- le Minist\u00e8re en charge des Finances, le Minist\u00e8re en charge des Transports et le Minist\u00e8re en charge du Commerce de soumettre au Gouvernement, dans 15 jours, un projet de texte interdisant l\u2019importation des pneus usag\u00e9s (pneus d\u2019occasion) ; 6- le Minist\u00e8re en charge des Transports terrestres de prendre une mesure rendant obligatoire le passage gratuit du contr\u00f4le technique \u00e0 Dakar pour tous les v\u00e9hicules de transport de personnes et de marchandises et suspendant pour une p\u00e9riode de 3 mois les visites techniques des v\u00e9hicules particuliers ; 7- le Minist\u00e8re en charge des Finances et le Ministre en charge des Transports terrestres devront ouvrir, dans les meilleurs d\u00e9lais, des centres de contr\u00f4le technique dans les r\u00e9gions ; 8- le Minist\u00e8re en charge des Transports terrestres, de prendre les dispositions n\u00e9cessaires pour rendre obligatoire le plombage des compteurs de vitesse des v\u00e9hicules de transport de personnes et de marchandises \u00e0 90 km\/heure ; 9- le Minist\u00e8re en charge des Transports terrestres, de prendre un arr\u00eat\u00e9, dans les 72 heures, interdisant toute transformation de v\u00e9hicules destin\u00e9s au transport de marchandises en v\u00e9hicules de transport de passagers ; 10- le Minist\u00e8re en charge des Transports terrestres, de prendre, dans les 72 heures, un arr\u00eat\u00e9 portant interdiction de toute transformation des v\u00e9hicules visant \u00e0 augmenter les places assises pour les passagers ou \u00e0 cr\u00e9er des porte-bagages suppl\u00e9mentaires ; 11- le Minist\u00e8re en charge des Transports terrestres de prendre, dans les 72 heures, un arr\u00eat\u00e9 interdisant la pose et l\u2019usage des porte-bagages, et prescrivant le d\u00e9mant\u00e8lement de ceux d\u00e9j\u00e0 fix\u00e9s sur les v\u00e9hicules de transports de personnes ; 12- le Minist\u00e8re en charge des Transports terrestres en relation avec le Minist\u00e8re en charge du Commerce, de prendre un acte, dans les 72 heures, portant r\u00e9vision des conditions d\u2019octroi de l\u2019agr\u00e9ment de transport de m\u00eame que des sp\u00e9cifications techniques des v\u00e9hicules destin\u00e9s au transport des personnes et des marchandises ; 13- le Minist\u00e8re en charge des Transports terrestres, de soumettre au Gouvernement, dans les 72 heures, portant r\u00e9vision de l\u2019\u00e2ge minimum pour obtenir le permis\" \/>\n<meta property=\"og:url\" content=\"https:\/\/www.public.sn\/index.php\/2023\/01\/10\/conseil-interministeriel-sur-la-securite-routiere\/\" \/>\n<meta property=\"og:site_name\" content=\"LE PUBLIC\" \/>\n<meta property=\"article:published_time\" content=\"2023-01-10T10:06:54+00:00\" \/>\n<meta property=\"og:image\" content=\"https:\/\/www.public.sn\/wp-content\/uploads\/2023\/01\/70024335-48882723.png\" \/>\n\t<meta property=\"og:image:width\" content=\"729\" \/>\n\t<meta property=\"og:image:height\" content=\"438\" \/>\n\t<meta property=\"og:image:type\" content=\"image\/png\" \/>\n<meta name=\"author\" content=\"LA REDACTION\" \/>\n<meta name=\"twitter:card\" content=\"summary_large_image\" \/>\n<meta name=\"twitter:label1\" content=\"\u00c9crit par\" \/>\n\t<meta name=\"twitter:data1\" content=\"LA REDACTION\" \/>\n\t<meta name=\"twitter:label2\" content=\"Dur\u00e9e de lecture estim\u00e9e\" \/>\n\t<meta name=\"twitter:data2\" content=\"7 minutes\" \/>\n<script type=\"application\/ld+json\" class=\"yoast-schema-graph\">{\"@context\":\"https:\/\/schema.org\",\"@graph\":[{\"@type\":\"Article\",\"@id\":\"https:\/\/www.public.sn\/index.php\/2023\/01\/10\/conseil-interministeriel-sur-la-securite-routiere\/#article\",\"isPartOf\":{\"@id\":\"https:\/\/www.public.sn\/index.php\/2023\/01\/10\/conseil-interministeriel-sur-la-securite-routiere\/\"},\"author\":{\"name\":\"LA REDACTION\",\"@id\":\"https:\/\/www.public.sn\/#\/schema\/person\/cb76c8e1b8becc6be61fb5e92d6d0224\"},\"headline\":\"CONSEIL INTERMINIST\u00c9RIEL SUR LA SECURIT\u00c9 ROUTI\u00c8RE\",\"datePublished\":\"2023-01-10T10:06:54+00:00\",\"mainEntityOfPage\":{\"@id\":\"https:\/\/www.public.sn\/index.php\/2023\/01\/10\/conseil-interministeriel-sur-la-securite-routiere\/\"},\"wordCount\":1571,\"commentCount\":0,\"publisher\":{\"@id\":\"https:\/\/www.public.sn\/#organization\"},\"image\":{\"@id\":\"https:\/\/www.public.sn\/index.php\/2023\/01\/10\/conseil-interministeriel-sur-la-securite-routiere\/#primaryimage\"},\"thumbnailUrl\":\"https:\/\/www.public.sn\/wp-content\/uploads\/2023\/01\/70024335-48882723.png\",\"keywords\":[\"conseil interminist\u00e9riel\",\"Macky Sall\",\"Premier Ministre\"],\"articleSection\":[\"ACTUALIT\u00c9S\",\"PEOPLE\",\"POLITIQUE\",\"S\u00c9N\u00c9GAL\",\"SOCIETE\"],\"inLanguage\":\"fr-FR\",\"potentialAction\":[{\"@type\":\"CommentAction\",\"name\":\"Comment\",\"target\":[\"https:\/\/www.public.sn\/index.php\/2023\/01\/10\/conseil-interministeriel-sur-la-securite-routiere\/#respond\"]}]},{\"@type\":\"WebPage\",\"@id\":\"https:\/\/www.public.sn\/index.php\/2023\/01\/10\/conseil-interministeriel-sur-la-securite-routiere\/\",\"url\":\"https:\/\/www.public.sn\/index.php\/2023\/01\/10\/conseil-interministeriel-sur-la-securite-routiere\/\",\"name\":\"CONSEIL INTERMINIST\u00c9RIEL SUR LA SECURIT\u00c9 ROUTI\u00c8RE - LE PUBLIC\",\"isPartOf\":{\"@id\":\"https:\/\/www.public.sn\/#website\"},\"primaryImageOfPage\":{\"@id\":\"https:\/\/www.public.sn\/index.php\/2023\/01\/10\/conseil-interministeriel-sur-la-securite-routiere\/#primaryimage\"},\"image\":{\"@id\":\"https:\/\/www.public.sn\/index.php\/2023\/01\/10\/conseil-interministeriel-sur-la-securite-routiere\/#primaryimage\"},\"thumbnailUrl\":\"https:\/\/www.public.sn\/wp-content\/uploads\/2023\/01\/70024335-48882723.png\",\"datePublished\":\"2023-01-10T10:06:54+00:00\",\"breadcrumb\":{\"@id\":\"https:\/\/www.public.sn\/index.php\/2023\/01\/10\/conseil-interministeriel-sur-la-securite-routiere\/#breadcrumb\"},\"inLanguage\":\"fr-FR\",\"potentialAction\":[{\"@type\":\"ReadAction\",\"target\":[\"https:\/\/www.public.sn\/index.php\/2023\/01\/10\/conseil-interministeriel-sur-la-securite-routiere\/\"]}]},{\"@type\":\"ImageObject\",\"inLanguage\":\"fr-FR\",\"@id\":\"https:\/\/www.public.sn\/index.php\/2023\/01\/10\/conseil-interministeriel-sur-la-securite-routiere\/#primaryimage\",\"url\":\"https:\/\/www.public.sn\/wp-content\/uploads\/2023\/01\/70024335-48882723.png\",\"contentUrl\":\"https:\/\/www.public.sn\/wp-content\/uploads\/2023\/01\/70024335-48882723.png\",\"width\":729,\"height\":438},{\"@type\":\"BreadcrumbList\",\"@id\":\"https:\/\/www.public.sn\/index.php\/2023\/01\/10\/conseil-interministeriel-sur-la-securite-routiere\/#breadcrumb\",\"itemListElement\":[{\"@type\":\"ListItem\",\"position\":1,\"name\":\"Accueil\",\"item\":\"https:\/\/www.public.sn\/\"},{\"@type\":\"ListItem\",\"position\":2,\"name\":\"CONSEIL INTERMINIST\u00c9RIEL SUR LA SECURIT\u00c9 ROUTI\u00c8RE\"}]},{\"@type\":\"WebSite\",\"@id\":\"https:\/\/www.public.sn\/#website\",\"url\":\"https:\/\/www.public.sn\/\",\"name\":\"LE PUBLIC\",\"description\":\"\",\"publisher\":{\"@id\":\"https:\/\/www.public.sn\/#organization\"},\"potentialAction\":[{\"@type\":\"SearchAction\",\"target\":{\"@type\":\"EntryPoint\",\"urlTemplate\":\"https:\/\/www.public.sn\/?s={search_term_string}\"},\"query-input\":{\"@type\":\"PropertyValueSpecification\",\"valueRequired\":true,\"valueName\":\"search_term_string\"}}],\"inLanguage\":\"fr-FR\"},{\"@type\":\"Organization\",\"@id\":\"https:\/\/www.public.sn\/#organization\",\"name\":\"LE PUBLIC\",\"url\":\"https:\/\/www.public.sn\/\",\"logo\":{\"@type\":\"ImageObject\",\"inLanguage\":\"fr-FR\",\"@id\":\"https:\/\/www.public.sn\/#\/schema\/logo\/image\/\",\"url\":\"https:\/\/www.public.sn\/wp-content\/uploads\/2024\/05\/cropped-LOGO-PUBLIC.SN_.png\",\"contentUrl\":\"https:\/\/www.public.sn\/wp-content\/uploads\/2024\/05\/cropped-LOGO-PUBLIC.SN_.png\",\"width\":682,\"height\":192,\"caption\":\"LE PUBLIC\"},\"image\":{\"@id\":\"https:\/\/www.public.sn\/#\/schema\/logo\/image\/\"}},{\"@type\":\"Person\",\"@id\":\"https:\/\/www.public.sn\/#\/schema\/person\/cb76c8e1b8becc6be61fb5e92d6d0224\",\"name\":\"LA REDACTION\",\"image\":{\"@type\":\"ImageObject\",\"inLanguage\":\"fr-FR\",\"@id\":\"https:\/\/www.public.sn\/#\/schema\/person\/image\/\",\"url\":\"https:\/\/secure.gravatar.com\/avatar\/2dce5ddd34b8fef0180efe03aa2a9bee7d953856048f9a16b298190a3178407c?s=96&d=mm&r=g\",\"contentUrl\":\"https:\/\/secure.gravatar.com\/avatar\/2dce5ddd34b8fef0180efe03aa2a9bee7d953856048f9a16b298190a3178407c?s=96&d=mm&r=g\",\"caption\":\"LA REDACTION\"},\"url\":\"https:\/\/www.public.sn\/index.php\/author\/editeurpsn\/\"}]}<\/script>\n<!-- \/ Yoast SEO plugin. -->","yoast_head_json":{"title":"CONSEIL INTERMINIST\u00c9RIEL SUR LA SECURIT\u00c9 ROUTI\u00c8RE - LE PUBLIC","robots":{"index":"index","follow":"follow","max-snippet":"max-snippet:-1","max-image-preview":"max-image-preview:large","max-video-preview":"max-video-preview:-1"},"canonical":"https:\/\/www.public.sn\/index.php\/2023\/01\/10\/conseil-interministeriel-sur-la-securite-routiere\/","og_locale":"fr_FR","og_type":"article","og_title":"CONSEIL INTERMINIST\u00c9RIEL SUR LA SECURIT\u00c9 ROUTI\u00c8RE - LE PUBLIC","og_description":"Diamniadio, le 9 janvier 2023 Agissant conform\u00e9ment aux instructions du Pr\u00e9sident de la R\u00e9publique Macky Sall, nous venons de tenir un conseil interminist\u00e9riel sur l\u2019imp\u00e9rieuse question de la lutte contre l\u2019ins\u00e9curit\u00e9 routi\u00e8re. Je voudrais d\u2019abord r\u00e9affirmer les condol\u00e9ances du Chef de l\u2019Etat au peuple s\u00e9n\u00e9galais et dire aux familles \u00e9plor\u00e9es que nous partageons avec elles la douleur qui les afflige. Personne ne peut ressentir la souffrance qui est la v\u00f4tre. Je l&rsquo;ai mesur\u00e9e hier, quand j\u2019ai accompagn\u00e9 le Pr\u00e9sident de la R\u00e9publique \u00e0 Kaffrine, en rencontrant les bless\u00e9s et certains parents des victimes. Nous vous devons la solidarit\u00e9 et je vous r\u00e9affirme aujourd\u2019hui le soutien de l\u2019Etat. Nous vous devons la solidarit\u00e9 et c&rsquo;est le pays tout entier qui s&rsquo;est trouv\u00e9 boulevers\u00e9 par cette catastrophe, tout simplement parce qu&rsquo;elle pouvait nous concerner tous, chacun d&rsquo;entre nous. L\u2019\u00e9motion ne va jamais se dissiper et restera encore vive \u00e0 l\u2019\u00e9vocation de cet accident, le plus terrible accident de la route de notre histoire contemporaine. A travers une d\u00e9marche inclusive, nous avons proc\u00e9d\u00e9 \u00e0 un diagnostic sans complaisance de la situation. Maintenant, il nous faut passer \u00e0 l\u2019action et de fa\u00e7on r\u00e9solue, c\u2019est cela et rien que cela qu\u2019attendent nos concitoyens. C\u2019est une attente forte et l\u00e9gitime qu\u2019il convient de satisfaire ; alors, le message doit \u00eatre clair : plus jamais \u00e7\u00e0 sur nos routes. Je le dis avec une d\u00e9termination absolue, des actes suivront et ils ne doivent faire l\u2019objet ni de report ni de compromis. Nous serons sans concession avec ceux qui contreviennent aux r\u00e8gles \u00e9dict\u00e9es pour garantir l\u2019int\u00e9grit\u00e9 physique de nos concitoyens. Un des probables facteurs d\u2019alt\u00e9ration de l\u2019efficacit\u00e9 des mesures que je vais \u00e9noncer, sous peu, reste le manque de suivi. Il convient d\u2019y rem\u00e9dier. Ce terrible accident qui a frapp\u00e9 notre pays hier doit d\u00e9clencher une prise de conscience pour renforcer les mesures de pr\u00e9vention et de s\u00e9curit\u00e9. Il ne faut pas rel\u00e2cher nos efforts pour faire progresser la s\u00e9curit\u00e9 sur les routes. La s\u00e9curit\u00e9 routi\u00e8re \u00e9tait et restera une des priorit\u00e9s d\u2019action du Gouvernement, et les services de l\u2019Etat sont particuli\u00e8rement mobilis\u00e9s pour surveiller les routes, contr\u00f4ler et si n\u00e9cessaire, r\u00e9primer les infractions commises. Notre mobilisation collective doit \u00eatre sans faille pour lutter contre l\u2019ins\u00e9curit\u00e9 routi\u00e8re. Les mesures que l\u2019Etat va appliquer se veulent une rupture que l\u2019on pourrait qualifier de structur\u00e9e, car toutes les parties prenantes ont \u00e9t\u00e9 associ\u00e9es \u00e0 la r\u00e9flexion. Dans cette perspective, j\u2019engage : 1- le Minist\u00e8re des Forces arm\u00e9es en relation avec le Minist\u00e8re de l\u2019Int\u00e9rieur et le Minist\u00e8re en charge des Transports, de soumettre au Gouvernement dans un d\u00e9lai de 15 jours, un projet de d\u00e9cret, portant mise en place d\u2019une structure autonome multisectorielle, dirig\u00e9e par un officier sup\u00e9rieur, sous l\u2019autorit\u00e9 du Ministre des Transports et charg\u00e9e de l\u2019application rigoureuse des dispositions du code de la route ; 2- le Minist\u00e8re de l\u2019Int\u00e9rieur et le Minist\u00e8re des Transports, de prendre dans les 72 heures un arr\u00eat\u00e9 interminist\u00e9riel portant interdiction de circuler pour les v\u00e9hicules de transport public de voyageurs sur les routes interurbaines entre 23 heures et 5 heures et rappelant les horaires de circulations des v\u00e9hicules de transport de marchandises dans Dakar ; 3- le Minist\u00e8re en charge des Transports terrestres de prendre, dans les 72 heures, un arr\u00eat\u00e9 portant limitation de la dur\u00e9e d\u2019exploitation \u00e0 10 ans pour les v\u00e9hicules de transport de personnes \u00e0 15 ans pour les v\u00e9hicules de transport de marchandises ; 4- le Minist\u00e8re en charge des Finances, le Minist\u00e8re en charge de l\u2019Economie, le Minist\u00e8re en charge de Transports et le Minist\u00e8re en charge du Commerce de soumettre au Gouvernement, dans 15 jours, un plan d\u2019acc\u00e9l\u00e9ration de la mise \u0153uvre du programme de modernisation et de renouvellement du parc. Ce programme sera une priorit\u00e9 du Gouvernement inscrite dans le PAP-3 du PSE et dont le financement sera totalement mobilis\u00e9. D\u2019ores et d\u00e9j\u00e0, une partie de la subvention initialement destin\u00e9e au secteur du transport sera affect\u00e9e au renouvellement du parc des v\u00e9hicules de transport ; 5- le Minist\u00e8re en charge des Finances, le Minist\u00e8re en charge des Transports et le Minist\u00e8re en charge du Commerce de soumettre au Gouvernement, dans 15 jours, un projet de texte interdisant l\u2019importation des pneus usag\u00e9s (pneus d\u2019occasion) ; 6- le Minist\u00e8re en charge des Transports terrestres de prendre une mesure rendant obligatoire le passage gratuit du contr\u00f4le technique \u00e0 Dakar pour tous les v\u00e9hicules de transport de personnes et de marchandises et suspendant pour une p\u00e9riode de 3 mois les visites techniques des v\u00e9hicules particuliers ; 7- le Minist\u00e8re en charge des Finances et le Ministre en charge des Transports terrestres devront ouvrir, dans les meilleurs d\u00e9lais, des centres de contr\u00f4le technique dans les r\u00e9gions ; 8- le Minist\u00e8re en charge des Transports terrestres, de prendre les dispositions n\u00e9cessaires pour rendre obligatoire le plombage des compteurs de vitesse des v\u00e9hicules de transport de personnes et de marchandises \u00e0 90 km\/heure ; 9- le Minist\u00e8re en charge des Transports terrestres, de prendre un arr\u00eat\u00e9, dans les 72 heures, interdisant toute transformation de v\u00e9hicules destin\u00e9s au transport de marchandises en v\u00e9hicules de transport de passagers ; 10- le Minist\u00e8re en charge des Transports terrestres, de prendre, dans les 72 heures, un arr\u00eat\u00e9 portant interdiction de toute transformation des v\u00e9hicules visant \u00e0 augmenter les places assises pour les passagers ou \u00e0 cr\u00e9er des porte-bagages suppl\u00e9mentaires ; 11- le Minist\u00e8re en charge des Transports terrestres de prendre, dans les 72 heures, un arr\u00eat\u00e9 interdisant la pose et l\u2019usage des porte-bagages, et prescrivant le d\u00e9mant\u00e8lement de ceux d\u00e9j\u00e0 fix\u00e9s sur les v\u00e9hicules de transports de personnes ; 12- le Minist\u00e8re en charge des Transports terrestres en relation avec le Minist\u00e8re en charge du Commerce, de prendre un acte, dans les 72 heures, portant r\u00e9vision des conditions d\u2019octroi de l\u2019agr\u00e9ment de transport de m\u00eame que des sp\u00e9cifications techniques des v\u00e9hicules destin\u00e9s au transport des personnes et des marchandises ; 13- le Minist\u00e8re en charge des Transports terrestres, de soumettre au Gouvernement, dans les 72 heures, portant r\u00e9vision de l\u2019\u00e2ge minimum pour obtenir le permis","og_url":"https:\/\/www.public.sn\/index.php\/2023\/01\/10\/conseil-interministeriel-sur-la-securite-routiere\/","og_site_name":"LE PUBLIC","article_published_time":"2023-01-10T10:06:54+00:00","og_image":[{"width":729,"height":438,"url":"https:\/\/www.public.sn\/wp-content\/uploads\/2023\/01\/70024335-48882723.png","type":"image\/png"}],"author":"LA REDACTION","twitter_card":"summary_large_image","twitter_misc":{"\u00c9crit par":"LA REDACTION","Dur\u00e9e de lecture estim\u00e9e":"7 minutes"},"schema":{"@context":"https:\/\/schema.org","@graph":[{"@type":"Article","@id":"https:\/\/www.public.sn\/index.php\/2023\/01\/10\/conseil-interministeriel-sur-la-securite-routiere\/#article","isPartOf":{"@id":"https:\/\/www.public.sn\/index.php\/2023\/01\/10\/conseil-interministeriel-sur-la-securite-routiere\/"},"author":{"name":"LA REDACTION","@id":"https:\/\/www.public.sn\/#\/schema\/person\/cb76c8e1b8becc6be61fb5e92d6d0224"},"headline":"CONSEIL INTERMINIST\u00c9RIEL SUR LA SECURIT\u00c9 ROUTI\u00c8RE","datePublished":"2023-01-10T10:06:54+00:00","mainEntityOfPage":{"@id":"https:\/\/www.public.sn\/index.php\/2023\/01\/10\/conseil-interministeriel-sur-la-securite-routiere\/"},"wordCount":1571,"commentCount":0,"publisher":{"@id":"https:\/\/www.public.sn\/#organization"},"image":{"@id":"https:\/\/www.public.sn\/index.php\/2023\/01\/10\/conseil-interministeriel-sur-la-securite-routiere\/#primaryimage"},"thumbnailUrl":"https:\/\/www.public.sn\/wp-content\/uploads\/2023\/01\/70024335-48882723.png","keywords":["conseil interminist\u00e9riel","Macky Sall","Premier Ministre"],"articleSection":["ACTUALIT\u00c9S","PEOPLE","POLITIQUE","S\u00c9N\u00c9GAL","SOCIETE"],"inLanguage":"fr-FR","potentialAction":[{"@type":"CommentAction","name":"Comment","target":["https:\/\/www.public.sn\/index.php\/2023\/01\/10\/conseil-interministeriel-sur-la-securite-routiere\/#respond"]}]},{"@type":"WebPage","@id":"https:\/\/www.public.sn\/index.php\/2023\/01\/10\/conseil-interministeriel-sur-la-securite-routiere\/","url":"https:\/\/www.public.sn\/index.php\/2023\/01\/10\/conseil-interministeriel-sur-la-securite-routiere\/","name":"CONSEIL INTERMINIST\u00c9RIEL SUR LA SECURIT\u00c9 ROUTI\u00c8RE - LE PUBLIC","isPartOf":{"@id":"https:\/\/www.public.sn\/#website"},"primaryImageOfPage":{"@id":"https:\/\/www.public.sn\/index.php\/2023\/01\/10\/conseil-interministeriel-sur-la-securite-routiere\/#primaryimage"},"image":{"@id":"https:\/\/www.public.sn\/index.php\/2023\/01\/10\/conseil-interministeriel-sur-la-securite-routiere\/#primaryimage"},"thumbnailUrl":"https:\/\/www.public.sn\/wp-content\/uploads\/2023\/01\/70024335-48882723.png","datePublished":"2023-01-10T10:06:54+00:00","breadcrumb":{"@id":"https:\/\/www.public.sn\/index.php\/2023\/01\/10\/conseil-interministeriel-sur-la-securite-routiere\/#breadcrumb"},"inLanguage":"fr-FR","potentialAction":[{"@type":"ReadAction","target":["https:\/\/www.public.sn\/index.php\/2023\/01\/10\/conseil-interministeriel-sur-la-securite-routiere\/"]}]},{"@type":"ImageObject","inLanguage":"fr-FR","@id":"https:\/\/www.public.sn\/index.php\/2023\/01\/10\/conseil-interministeriel-sur-la-securite-routiere\/#primaryimage","url":"https:\/\/www.public.sn\/wp-content\/uploads\/2023\/01\/70024335-48882723.png","contentUrl":"https:\/\/www.public.sn\/wp-content\/uploads\/2023\/01\/70024335-48882723.png","width":729,"height":438},{"@type":"BreadcrumbList","@id":"https:\/\/www.public.sn\/index.php\/2023\/01\/10\/conseil-interministeriel-sur-la-securite-routiere\/#breadcrumb","itemListElement":[{"@type":"ListItem","position":1,"name":"Accueil","item":"https:\/\/www.public.sn\/"},{"@type":"ListItem","position":2,"name":"CONSEIL INTERMINIST\u00c9RIEL SUR LA SECURIT\u00c9 ROUTI\u00c8RE"}]},{"@type":"WebSite","@id":"https:\/\/www.public.sn\/#website","url":"https:\/\/www.public.sn\/","name":"LE PUBLIC","description":"","publisher":{"@id":"https:\/\/www.public.sn\/#organization"},"potentialAction":[{"@type":"SearchAction","target":{"@type":"EntryPoint","urlTemplate":"https:\/\/www.public.sn\/?s={search_term_string}"},"query-input":{"@type":"PropertyValueSpecification","valueRequired":true,"valueName":"search_term_string"}}],"inLanguage":"fr-FR"},{"@type":"Organization","@id":"https:\/\/www.public.sn\/#organization","name":"LE PUBLIC","url":"https:\/\/www.public.sn\/","logo":{"@type":"ImageObject","inLanguage":"fr-FR","@id":"https:\/\/www.public.sn\/#\/schema\/logo\/image\/","url":"https:\/\/www.public.sn\/wp-content\/uploads\/2024\/05\/cropped-LOGO-PUBLIC.SN_.png","contentUrl":"https:\/\/www.public.sn\/wp-content\/uploads\/2024\/05\/cropped-LOGO-PUBLIC.SN_.png","width":682,"height":192,"caption":"LE PUBLIC"},"image":{"@id":"https:\/\/www.public.sn\/#\/schema\/logo\/image\/"}},{"@type":"Person","@id":"https:\/\/www.public.sn\/#\/schema\/person\/cb76c8e1b8becc6be61fb5e92d6d0224","name":"LA REDACTION","image":{"@type":"ImageObject","inLanguage":"fr-FR","@id":"https:\/\/www.public.sn\/#\/schema\/person\/image\/","url":"https:\/\/secure.gravatar.com\/avatar\/2dce5ddd34b8fef0180efe03aa2a9bee7d953856048f9a16b298190a3178407c?s=96&d=mm&r=g","contentUrl":"https:\/\/secure.gravatar.com\/avatar\/2dce5ddd34b8fef0180efe03aa2a9bee7d953856048f9a16b298190a3178407c?s=96&d=mm&r=g","caption":"LA REDACTION"},"url":"https:\/\/www.public.sn\/index.php\/author\/editeurpsn\/"}]}},"jetpack_featured_media_url":"https:\/\/www.public.sn\/wp-content\/uploads\/2023\/01\/70024335-48882723.png","jetpack_sharing_enabled":true,"_links":{"self":[{"href":"https:\/\/www.public.sn\/index.php\/wp-json\/wp\/v2\/posts\/13453","targetHints":{"allow":["GET"]}}],"collection":[{"href":"https:\/\/www.public.sn\/index.php\/wp-json\/wp\/v2\/posts"}],"about":[{"href":"https:\/\/www.public.sn\/index.php\/wp-json\/wp\/v2\/types\/post"}],"author":[{"embeddable":true,"href":"https:\/\/www.public.sn\/index.php\/wp-json\/wp\/v2\/users\/7"}],"replies":[{"embeddable":true,"href":"https:\/\/www.public.sn\/index.php\/wp-json\/wp\/v2\/comments?post=13453"}],"version-history":[{"count":1,"href":"https:\/\/www.public.sn\/index.php\/wp-json\/wp\/v2\/posts\/13453\/revisions"}],"predecessor-version":[{"id":13455,"href":"https:\/\/www.public.sn\/index.php\/wp-json\/wp\/v2\/posts\/13453\/revisions\/13455"}],"wp:featuredmedia":[{"embeddable":true,"href":"https:\/\/www.public.sn\/index.php\/wp-json\/wp\/v2\/media\/13454"}],"wp:attachment":[{"href":"https:\/\/www.public.sn\/index.php\/wp-json\/wp\/v2\/media?parent=13453"}],"wp:term":[{"taxonomy":"category","embeddable":true,"href":"https:\/\/www.public.sn\/index.php\/wp-json\/wp\/v2\/categories?post=13453"},{"taxonomy":"post_tag","embeddable":true,"href":"https:\/\/www.public.sn\/index.php\/wp-json\/wp\/v2\/tags?post=13453"}],"curies":[{"name":"wp","href":"https:\/\/api.w.org\/{rel}","templated":true}]}}