{"id":13488,"date":"2023-01-10T18:56:06","date_gmt":"2023-01-10T18:56:06","guid":{"rendered":"https:\/\/www.public.sn\/?p=13488"},"modified":"2023-01-10T18:56:06","modified_gmt":"2023-01-10T18:56:06","slug":"liberation-de-pape-ale-niang-la-cap-remercie-les-partenaires-et-toute-les-forces-vivent-de-la-nation","status":"publish","type":"post","link":"https:\/\/www.public.sn\/index.php\/2023\/01\/10\/liberation-de-pape-ale-niang-la-cap-remercie-les-partenaires-et-toute-les-forces-vivent-de-la-nation\/","title":{"rendered":"Lib\u00e9ration de Pape Al\u00e9 Niang : La CAP remercie les partenaires et toute les forces vivent de la nation"},"content":{"rendered":"<p>Le journaliste Pape Al\u00e9 Niang a \u00e9t\u00e9 lib\u00e9r\u00e9 ce 10 janvier 2023 apr\u00e8s une incarc\u00e9ration en deux \u00e9tapes qui a d\u00e9but\u00e9 le 6 novembre 2022. Il vient ainsi de b\u00e9n\u00e9ficier d\u2019une libert\u00e9 provisoire assortie d\u2019un contr\u00f4le judiciaire accord\u00e9e par les autorit\u00e9s judiciaires s\u00e9n\u00e9galaises.<\/p><div class=\"publi-paragraphe1\" style=\"margin-top: 10px;margin-bottom: 10px;margin-left: auto;margin-right: auto;text-align: center;\" id=\"publi-1669284802\"><div class=\"publi-adlabel\">Publicit\u00e9<\/div><script async src=\"\/\/pagead2.googlesyndication.com\/pagead\/js\/adsbygoogle.js?client=ca-pub-4089586018074219\" crossorigin=\"anonymous\"><\/script><ins class=\"adsbygoogle\" style=\"display:block;\" data-ad-client=\"ca-pub-4089586018074219\" \ndata-ad-slot=\"2087940154\" \ndata-ad-format=\"auto\"><\/ins>\n<script> \n(adsbygoogle = window.adsbygoogle || []).push({}); \n<\/script>\n<\/div>\n<p>La Coordination des Associations de Presse (CAP) salue le travail et le professionnalisme du pool des avocats de Pape Al\u00e9 Niang, son coordonnateur Me Moussa Sarr, ses confr\u00e8res Me Cir\u00e9 Cl\u00e9dor Ly, Me Demba Cir\u00e9 Bathily et Me Cheikh Khoureychi Ba, pour le sens du sacrifice, la d\u00e9termination, la disponibilit\u00e9 totale dont ils ont fait preuve depuis le d\u00e9but de cette affaire.<\/p>\n<p>La CAP adresse ses vifs remerciements \u00e0 tous les journalistes, techniciens et acteurs des m\u00e9dias s\u00e9n\u00e9galais, jeunes et anciens, qui n\u2019ont m\u00e9nag\u00e9 aucun effort. Malgr\u00e9 un contexte tr\u00e8s difficile, ils se sont mobilis\u00e9s, se sont fortement engag\u00e9s dans l\u2019affaire Pape Al\u00e9 Niang pour la d\u00e9fense et le respect des nobles principes de la libert\u00e9 de la presse et d\u2019expression, socles de notre m\u00e9tier.<\/p>\n<p>Mention sp\u00e9ciale \u00e0 Reporters Sans Fronti\u00e8res (RSF), \u00e0 la Fondation des M\u00e9dias pour l\u2019Afrique de l\u2019Ouest (MFWA), pour leur engagement \u2013 au plan national et international \u2013 et leur soutien financier pour que notre confr\u00e8re recouvre sa libert\u00e9 de mouvement. Tout comme Amnesty S\u00e9n\u00e9gal qui a abattu un travail de titan aussi \u00e0 l\u2019instar des autres organisations.<\/p>\n<p>Nos remerciements vont aussi au CPJ (Comit\u00e9 pour la Protection des Journalistes), \u00e0 la CENOZO (Cellule Norbert Zongo pour le journalisme d\u2019investigation en Afrique de l\u2019Ouest), la Coalition S\u00e9n\u00e9galaise des D\u00e9fenseurs des Droits Humains (COSEDDH) dont Amnesty International S\u00e9n\u00e9gal, la RADDHO, la Ligue S\u00e9n\u00e9galaise de d\u00e9fense des Droits Humains, Afrikajom Center, pour leur contribution efficace \u00e0 l\u2019\u00e9largissement de notre confr\u00e8re. Sans oublier les cons\u0153urs et confr\u00e8res de la presse internationale.<\/p>\n<p>Nos remerciements s\u2019adressent aussi \u00e0 toutes les \u00e9minentes personnalit\u00e9s s\u00e9n\u00e9galaises comme \u00e9trang\u00e8res, politiques, religieuses et autres membres de la soci\u00e9t\u00e9 civile, ainsi qu\u2019aux simples citoyens.<\/p>\n<p>Cependant, cette \u00ab victoire \u00bb arrach\u00e9e de haute lutte par la Coordination des Associations de Presse, avec le soutien de ses partenaires, ne saurait \u00eatre la fin de l\u2019histoire concernant le dossier Pape Al\u00e9 Niang. D\u00e9sormais, l\u2019heure est \u00e0 la seconde phase du combat : l\u2019annulation des charges fantaisistes et politiques qui lui ont valu plus de 60 jours de captivit\u00e9.<\/p>\n<p>La Coordination des Associations de Presse du S\u00e9n\u00e9gal (CAP)<\/p>\n<div class=\"publi-apres-le-contenu\" style=\"margin-top: 10px;margin-bottom: 10px;margin-left: auto;margin-right: auto;text-align: center;\" id=\"publi-2625899053\"><div class=\"publi-adlabel\">Publicit\u00e9<\/div><script async src=\"\/\/pagead2.googlesyndication.com\/pagead\/js\/adsbygoogle.js?client=ca-pub-4089586018074219\" crossorigin=\"anonymous\"><\/script><ins class=\"adsbygoogle\" style=\"display:block;\" data-ad-client=\"ca-pub-4089586018074219\" \ndata-ad-slot=\"2087940154\" \ndata-ad-format=\"auto\"><\/ins>\n<script> \n(adsbygoogle = window.adsbygoogle || []).push({}); \n<\/script>\n<\/div>","protected":false},"excerpt":{"rendered":"<p>Le journaliste Pape Al\u00e9 Niang a \u00e9t\u00e9 lib\u00e9r\u00e9 ce 10 janvier 2023 apr\u00e8s une incarc\u00e9ration en deux \u00e9tapes qui a d\u00e9but\u00e9 le 6 novembre 2022. Il vient ainsi de b\u00e9n\u00e9ficier d\u2019une libert\u00e9 provisoire assortie d\u2019un contr\u00f4le judiciaire accord\u00e9e par les autorit\u00e9s judiciaires s\u00e9n\u00e9galaises. La Coordination des Associations de Presse (CAP) salue le travail et le professionnalisme du pool des avocats de Pape Al\u00e9 Niang, son coordonnateur Me Moussa Sarr, ses confr\u00e8res Me Cir\u00e9 Cl\u00e9dor Ly, Me Demba Cir\u00e9 Bathily et Me Cheikh Khoureychi Ba, pour le sens du sacrifice, la d\u00e9termination, la disponibilit\u00e9 totale dont ils ont fait preuve depuis le d\u00e9but de cette affaire. La CAP adresse ses vifs remerciements \u00e0 tous les journalistes, techniciens et acteurs des m\u00e9dias s\u00e9n\u00e9galais, jeunes et anciens, qui n\u2019ont m\u00e9nag\u00e9 aucun effort. Malgr\u00e9 un contexte tr\u00e8s difficile, ils se sont mobilis\u00e9s, se sont fortement engag\u00e9s dans l\u2019affaire Pape Al\u00e9 Niang pour la d\u00e9fense et le respect des nobles principes de la libert\u00e9 de la presse et d\u2019expression, socles de notre m\u00e9tier. Mention sp\u00e9ciale \u00e0 Reporters Sans Fronti\u00e8res (RSF), \u00e0 la Fondation des M\u00e9dias pour l\u2019Afrique de l\u2019Ouest (MFWA), pour leur engagement \u2013 au plan national et international \u2013 et leur soutien financier pour que notre confr\u00e8re recouvre sa libert\u00e9 de mouvement. Tout comme Amnesty S\u00e9n\u00e9gal qui a abattu un travail de titan aussi \u00e0 l\u2019instar des autres organisations. Nos remerciements vont aussi au CPJ (Comit\u00e9 pour la Protection des Journalistes), \u00e0 la CENOZO (Cellule Norbert Zongo pour le journalisme d\u2019investigation en Afrique de l\u2019Ouest), la Coalition S\u00e9n\u00e9galaise des D\u00e9fenseurs des Droits Humains (COSEDDH) dont Amnesty International S\u00e9n\u00e9gal, la RADDHO, la Ligue S\u00e9n\u00e9galaise de d\u00e9fense des Droits Humains, Afrikajom Center, pour leur contribution efficace \u00e0 l\u2019\u00e9largissement de notre confr\u00e8re. Sans oublier les cons\u0153urs et confr\u00e8res de la presse internationale. Nos remerciements s\u2019adressent aussi \u00e0 toutes les \u00e9minentes personnalit\u00e9s s\u00e9n\u00e9galaises comme \u00e9trang\u00e8res, politiques, religieuses et autres membres de la soci\u00e9t\u00e9 civile, ainsi qu\u2019aux simples citoyens. Cependant, cette \u00ab victoire \u00bb arrach\u00e9e de haute lutte par la Coordination des Associations de Presse, avec le soutien de ses partenaires, ne saurait \u00eatre la fin de l\u2019histoire concernant le dossier Pape Al\u00e9 Niang. D\u00e9sormais, l\u2019heure est \u00e0 la seconde phase du combat : l\u2019annulation des charges fantaisistes et politiques qui lui ont valu plus de 60 jours de captivit\u00e9. La Coordination des Associations de Presse du S\u00e9n\u00e9gal (CAP)<\/p>\n","protected":false},"author":7,"featured_media":13489,"comment_status":"open","ping_status":"open","sticky":false,"template":"","format":"standard","meta":{"_jetpack_memberships_contains_paid_content":false,"footnotes":""},"categories":[375,1],"tags":[1281,2492],"class_list":["post-13488","post","type-post","status-publish","format-standard","has-post-thumbnail","hentry","category-actualites","category-non-classe","tag-cap","tag-pape-ale","entry","has-media","owp-thumbs-layout-horizontal","owp-btn-normal","owp-tabs-layout-horizontal","has-no-thumbnails","has-product-nav"],"yoast_head":"<!-- This site is optimized with the Yoast SEO plugin v25.5 - https:\/\/yoast.com\/wordpress\/plugins\/seo\/ -->\n<title>Lib\u00e9ration de Pape Al\u00e9 Niang : La CAP remercie les partenaires et toute les forces vivent de la nation - LE PUBLIC<\/title>\n<meta name=\"robots\" content=\"index, follow, max-snippet:-1, max-image-preview:large, max-video-preview:-1\" \/>\n<link rel=\"canonical\" href=\"https:\/\/www.public.sn\/index.php\/2023\/01\/10\/liberation-de-pape-ale-niang-la-cap-remercie-les-partenaires-et-toute-les-forces-vivent-de-la-nation\/\" \/>\n<meta property=\"og:locale\" content=\"fr_FR\" \/>\n<meta property=\"og:type\" content=\"article\" \/>\n<meta property=\"og:title\" content=\"Lib\u00e9ration de Pape Al\u00e9 Niang : La CAP remercie les partenaires et toute les forces vivent de la nation - LE PUBLIC\" \/>\n<meta property=\"og:description\" content=\"Le journaliste Pape Al\u00e9 Niang a \u00e9t\u00e9 lib\u00e9r\u00e9 ce 10 janvier 2023 apr\u00e8s une incarc\u00e9ration en deux \u00e9tapes qui a d\u00e9but\u00e9 le 6 novembre 2022. Il vient ainsi de b\u00e9n\u00e9ficier d\u2019une libert\u00e9 provisoire assortie d\u2019un contr\u00f4le judiciaire accord\u00e9e par les autorit\u00e9s judiciaires s\u00e9n\u00e9galaises. La Coordination des Associations de Presse (CAP) salue le travail et le professionnalisme du pool des avocats de Pape Al\u00e9 Niang, son coordonnateur Me Moussa Sarr, ses confr\u00e8res Me Cir\u00e9 Cl\u00e9dor Ly, Me Demba Cir\u00e9 Bathily et Me Cheikh Khoureychi Ba, pour le sens du sacrifice, la d\u00e9termination, la disponibilit\u00e9 totale dont ils ont fait preuve depuis le d\u00e9but de cette affaire. La CAP adresse ses vifs remerciements \u00e0 tous les journalistes, techniciens et acteurs des m\u00e9dias s\u00e9n\u00e9galais, jeunes et anciens, qui n\u2019ont m\u00e9nag\u00e9 aucun effort. Malgr\u00e9 un contexte tr\u00e8s difficile, ils se sont mobilis\u00e9s, se sont fortement engag\u00e9s dans l\u2019affaire Pape Al\u00e9 Niang pour la d\u00e9fense et le respect des nobles principes de la libert\u00e9 de la presse et d\u2019expression, socles de notre m\u00e9tier. Mention sp\u00e9ciale \u00e0 Reporters Sans Fronti\u00e8res (RSF), \u00e0 la Fondation des M\u00e9dias pour l\u2019Afrique de l\u2019Ouest (MFWA), pour leur engagement \u2013 au plan national et international \u2013 et leur soutien financier pour que notre confr\u00e8re recouvre sa libert\u00e9 de mouvement. Tout comme Amnesty S\u00e9n\u00e9gal qui a abattu un travail de titan aussi \u00e0 l\u2019instar des autres organisations. Nos remerciements vont aussi au CPJ (Comit\u00e9 pour la Protection des Journalistes), \u00e0 la CENOZO (Cellule Norbert Zongo pour le journalisme d\u2019investigation en Afrique de l\u2019Ouest), la Coalition S\u00e9n\u00e9galaise des D\u00e9fenseurs des Droits Humains (COSEDDH) dont Amnesty International S\u00e9n\u00e9gal, la RADDHO, la Ligue S\u00e9n\u00e9galaise de d\u00e9fense des Droits Humains, Afrikajom Center, pour leur contribution efficace \u00e0 l\u2019\u00e9largissement de notre confr\u00e8re. Sans oublier les cons\u0153urs et confr\u00e8res de la presse internationale. Nos remerciements s\u2019adressent aussi \u00e0 toutes les \u00e9minentes personnalit\u00e9s s\u00e9n\u00e9galaises comme \u00e9trang\u00e8res, politiques, religieuses et autres membres de la soci\u00e9t\u00e9 civile, ainsi qu\u2019aux simples citoyens. Cependant, cette \u00ab victoire \u00bb arrach\u00e9e de haute lutte par la Coordination des Associations de Presse, avec le soutien de ses partenaires, ne saurait \u00eatre la fin de l\u2019histoire concernant le dossier Pape Al\u00e9 Niang. D\u00e9sormais, l\u2019heure est \u00e0 la seconde phase du combat : l\u2019annulation des charges fantaisistes et politiques qui lui ont valu plus de 60 jours de captivit\u00e9. La Coordination des Associations de Presse du S\u00e9n\u00e9gal (CAP)\" \/>\n<meta property=\"og:url\" content=\"https:\/\/www.public.sn\/index.php\/2023\/01\/10\/liberation-de-pape-ale-niang-la-cap-remercie-les-partenaires-et-toute-les-forces-vivent-de-la-nation\/\" \/>\n<meta property=\"og:site_name\" content=\"LE PUBLIC\" \/>\n<meta property=\"article:published_time\" content=\"2023-01-10T18:56:06+00:00\" \/>\n<meta property=\"og:image\" content=\"https:\/\/www.public.sn\/wp-content\/uploads\/2023\/01\/70045810-48900073.jpg\" \/>\n\t<meta property=\"og:image:width\" content=\"671\" \/>\n\t<meta property=\"og:image:height\" content=\"475\" \/>\n\t<meta property=\"og:image:type\" content=\"image\/jpeg\" \/>\n<meta name=\"author\" content=\"LA REDACTION\" \/>\n<meta name=\"twitter:card\" content=\"summary_large_image\" \/>\n<meta name=\"twitter:label1\" content=\"\u00c9crit par\" \/>\n\t<meta name=\"twitter:data1\" content=\"LA REDACTION\" \/>\n\t<meta name=\"twitter:label2\" content=\"Dur\u00e9e de lecture estim\u00e9e\" \/>\n\t<meta name=\"twitter:data2\" content=\"2 minutes\" \/>\n<script type=\"application\/ld+json\" class=\"yoast-schema-graph\">{\"@context\":\"https:\/\/schema.org\",\"@graph\":[{\"@type\":\"Article\",\"@id\":\"https:\/\/www.public.sn\/index.php\/2023\/01\/10\/liberation-de-pape-ale-niang-la-cap-remercie-les-partenaires-et-toute-les-forces-vivent-de-la-nation\/#article\",\"isPartOf\":{\"@id\":\"https:\/\/www.public.sn\/index.php\/2023\/01\/10\/liberation-de-pape-ale-niang-la-cap-remercie-les-partenaires-et-toute-les-forces-vivent-de-la-nation\/\"},\"author\":{\"name\":\"LA REDACTION\",\"@id\":\"https:\/\/www.public.sn\/#\/schema\/person\/cb76c8e1b8becc6be61fb5e92d6d0224\"},\"headline\":\"Lib\u00e9ration de Pape Al\u00e9 Niang : La CAP remercie les partenaires et toute les forces vivent de la nation\",\"datePublished\":\"2023-01-10T18:56:06+00:00\",\"mainEntityOfPage\":{\"@id\":\"https:\/\/www.public.sn\/index.php\/2023\/01\/10\/liberation-de-pape-ale-niang-la-cap-remercie-les-partenaires-et-toute-les-forces-vivent-de-la-nation\/\"},\"wordCount\":457,\"commentCount\":0,\"publisher\":{\"@id\":\"https:\/\/www.public.sn\/#organization\"},\"image\":{\"@id\":\"https:\/\/www.public.sn\/index.php\/2023\/01\/10\/liberation-de-pape-ale-niang-la-cap-remercie-les-partenaires-et-toute-les-forces-vivent-de-la-nation\/#primaryimage\"},\"thumbnailUrl\":\"https:\/\/www.public.sn\/wp-content\/uploads\/2023\/01\/70045810-48900073.jpg\",\"keywords\":[\"cap\",\"pape al\u00e9\"],\"articleSection\":[\"ACTUALIT\u00c9S\",\"S\u00c9N\u00c9GAL\"],\"inLanguage\":\"fr-FR\",\"potentialAction\":[{\"@type\":\"CommentAction\",\"name\":\"Comment\",\"target\":[\"https:\/\/www.public.sn\/index.php\/2023\/01\/10\/liberation-de-pape-ale-niang-la-cap-remercie-les-partenaires-et-toute-les-forces-vivent-de-la-nation\/#respond\"]}]},{\"@type\":\"WebPage\",\"@id\":\"https:\/\/www.public.sn\/index.php\/2023\/01\/10\/liberation-de-pape-ale-niang-la-cap-remercie-les-partenaires-et-toute-les-forces-vivent-de-la-nation\/\",\"url\":\"https:\/\/www.public.sn\/index.php\/2023\/01\/10\/liberation-de-pape-ale-niang-la-cap-remercie-les-partenaires-et-toute-les-forces-vivent-de-la-nation\/\",\"name\":\"Lib\u00e9ration de Pape Al\u00e9 Niang : La CAP remercie les partenaires et toute les forces vivent de la nation - LE PUBLIC\",\"isPartOf\":{\"@id\":\"https:\/\/www.public.sn\/#website\"},\"primaryImageOfPage\":{\"@id\":\"https:\/\/www.public.sn\/index.php\/2023\/01\/10\/liberation-de-pape-ale-niang-la-cap-remercie-les-partenaires-et-toute-les-forces-vivent-de-la-nation\/#primaryimage\"},\"image\":{\"@id\":\"https:\/\/www.public.sn\/index.php\/2023\/01\/10\/liberation-de-pape-ale-niang-la-cap-remercie-les-partenaires-et-toute-les-forces-vivent-de-la-nation\/#primaryimage\"},\"thumbnailUrl\":\"https:\/\/www.public.sn\/wp-content\/uploads\/2023\/01\/70045810-48900073.jpg\",\"datePublished\":\"2023-01-10T18:56:06+00:00\",\"breadcrumb\":{\"@id\":\"https:\/\/www.public.sn\/index.php\/2023\/01\/10\/liberation-de-pape-ale-niang-la-cap-remercie-les-partenaires-et-toute-les-forces-vivent-de-la-nation\/#breadcrumb\"},\"inLanguage\":\"fr-FR\",\"potentialAction\":[{\"@type\":\"ReadAction\",\"target\":[\"https:\/\/www.public.sn\/index.php\/2023\/01\/10\/liberation-de-pape-ale-niang-la-cap-remercie-les-partenaires-et-toute-les-forces-vivent-de-la-nation\/\"]}]},{\"@type\":\"ImageObject\",\"inLanguage\":\"fr-FR\",\"@id\":\"https:\/\/www.public.sn\/index.php\/2023\/01\/10\/liberation-de-pape-ale-niang-la-cap-remercie-les-partenaires-et-toute-les-forces-vivent-de-la-nation\/#primaryimage\",\"url\":\"https:\/\/www.public.sn\/wp-content\/uploads\/2023\/01\/70045810-48900073.jpg\",\"contentUrl\":\"https:\/\/www.public.sn\/wp-content\/uploads\/2023\/01\/70045810-48900073.jpg\",\"width\":671,\"height\":475},{\"@type\":\"BreadcrumbList\",\"@id\":\"https:\/\/www.public.sn\/index.php\/2023\/01\/10\/liberation-de-pape-ale-niang-la-cap-remercie-les-partenaires-et-toute-les-forces-vivent-de-la-nation\/#breadcrumb\",\"itemListElement\":[{\"@type\":\"ListItem\",\"position\":1,\"name\":\"Accueil\",\"item\":\"https:\/\/www.public.sn\/\"},{\"@type\":\"ListItem\",\"position\":2,\"name\":\"Lib\u00e9ration de Pape Al\u00e9 Niang : La CAP remercie les partenaires et toute les forces vivent de la nation\"}]},{\"@type\":\"WebSite\",\"@id\":\"https:\/\/www.public.sn\/#website\",\"url\":\"https:\/\/www.public.sn\/\",\"name\":\"LE PUBLIC\",\"description\":\"\",\"publisher\":{\"@id\":\"https:\/\/www.public.sn\/#organization\"},\"potentialAction\":[{\"@type\":\"SearchAction\",\"target\":{\"@type\":\"EntryPoint\",\"urlTemplate\":\"https:\/\/www.public.sn\/?s={search_term_string}\"},\"query-input\":{\"@type\":\"PropertyValueSpecification\",\"valueRequired\":true,\"valueName\":\"search_term_string\"}}],\"inLanguage\":\"fr-FR\"},{\"@type\":\"Organization\",\"@id\":\"https:\/\/www.public.sn\/#organization\",\"name\":\"LE PUBLIC\",\"url\":\"https:\/\/www.public.sn\/\",\"logo\":{\"@type\":\"ImageObject\",\"inLanguage\":\"fr-FR\",\"@id\":\"https:\/\/www.public.sn\/#\/schema\/logo\/image\/\",\"url\":\"https:\/\/www.public.sn\/wp-content\/uploads\/2024\/05\/cropped-LOGO-PUBLIC.SN_.png\",\"contentUrl\":\"https:\/\/www.public.sn\/wp-content\/uploads\/2024\/05\/cropped-LOGO-PUBLIC.SN_.png\",\"width\":682,\"height\":192,\"caption\":\"LE PUBLIC\"},\"image\":{\"@id\":\"https:\/\/www.public.sn\/#\/schema\/logo\/image\/\"}},{\"@type\":\"Person\",\"@id\":\"https:\/\/www.public.sn\/#\/schema\/person\/cb76c8e1b8becc6be61fb5e92d6d0224\",\"name\":\"LA REDACTION\",\"image\":{\"@type\":\"ImageObject\",\"inLanguage\":\"fr-FR\",\"@id\":\"https:\/\/www.public.sn\/#\/schema\/person\/image\/\",\"url\":\"https:\/\/secure.gravatar.com\/avatar\/2dce5ddd34b8fef0180efe03aa2a9bee7d953856048f9a16b298190a3178407c?s=96&d=mm&r=g\",\"contentUrl\":\"https:\/\/secure.gravatar.com\/avatar\/2dce5ddd34b8fef0180efe03aa2a9bee7d953856048f9a16b298190a3178407c?s=96&d=mm&r=g\",\"caption\":\"LA REDACTION\"},\"url\":\"https:\/\/www.public.sn\/index.php\/author\/editeurpsn\/\"}]}<\/script>\n<!-- \/ Yoast SEO plugin. -->","yoast_head_json":{"title":"Lib\u00e9ration de Pape Al\u00e9 Niang : La CAP remercie les partenaires et toute les forces vivent de la nation - LE PUBLIC","robots":{"index":"index","follow":"follow","max-snippet":"max-snippet:-1","max-image-preview":"max-image-preview:large","max-video-preview":"max-video-preview:-1"},"canonical":"https:\/\/www.public.sn\/index.php\/2023\/01\/10\/liberation-de-pape-ale-niang-la-cap-remercie-les-partenaires-et-toute-les-forces-vivent-de-la-nation\/","og_locale":"fr_FR","og_type":"article","og_title":"Lib\u00e9ration de Pape Al\u00e9 Niang : La CAP remercie les partenaires et toute les forces vivent de la nation - LE PUBLIC","og_description":"Le journaliste Pape Al\u00e9 Niang a \u00e9t\u00e9 lib\u00e9r\u00e9 ce 10 janvier 2023 apr\u00e8s une incarc\u00e9ration en deux \u00e9tapes qui a d\u00e9but\u00e9 le 6 novembre 2022. Il vient ainsi de b\u00e9n\u00e9ficier d\u2019une libert\u00e9 provisoire assortie d\u2019un contr\u00f4le judiciaire accord\u00e9e par les autorit\u00e9s judiciaires s\u00e9n\u00e9galaises. La Coordination des Associations de Presse (CAP) salue le travail et le professionnalisme du pool des avocats de Pape Al\u00e9 Niang, son coordonnateur Me Moussa Sarr, ses confr\u00e8res Me Cir\u00e9 Cl\u00e9dor Ly, Me Demba Cir\u00e9 Bathily et Me Cheikh Khoureychi Ba, pour le sens du sacrifice, la d\u00e9termination, la disponibilit\u00e9 totale dont ils ont fait preuve depuis le d\u00e9but de cette affaire. La CAP adresse ses vifs remerciements \u00e0 tous les journalistes, techniciens et acteurs des m\u00e9dias s\u00e9n\u00e9galais, jeunes et anciens, qui n\u2019ont m\u00e9nag\u00e9 aucun effort. Malgr\u00e9 un contexte tr\u00e8s difficile, ils se sont mobilis\u00e9s, se sont fortement engag\u00e9s dans l\u2019affaire Pape Al\u00e9 Niang pour la d\u00e9fense et le respect des nobles principes de la libert\u00e9 de la presse et d\u2019expression, socles de notre m\u00e9tier. Mention sp\u00e9ciale \u00e0 Reporters Sans Fronti\u00e8res (RSF), \u00e0 la Fondation des M\u00e9dias pour l\u2019Afrique de l\u2019Ouest (MFWA), pour leur engagement \u2013 au plan national et international \u2013 et leur soutien financier pour que notre confr\u00e8re recouvre sa libert\u00e9 de mouvement. Tout comme Amnesty S\u00e9n\u00e9gal qui a abattu un travail de titan aussi \u00e0 l\u2019instar des autres organisations. Nos remerciements vont aussi au CPJ (Comit\u00e9 pour la Protection des Journalistes), \u00e0 la CENOZO (Cellule Norbert Zongo pour le journalisme d\u2019investigation en Afrique de l\u2019Ouest), la Coalition S\u00e9n\u00e9galaise des D\u00e9fenseurs des Droits Humains (COSEDDH) dont Amnesty International S\u00e9n\u00e9gal, la RADDHO, la Ligue S\u00e9n\u00e9galaise de d\u00e9fense des Droits Humains, Afrikajom Center, pour leur contribution efficace \u00e0 l\u2019\u00e9largissement de notre confr\u00e8re. Sans oublier les cons\u0153urs et confr\u00e8res de la presse internationale. Nos remerciements s\u2019adressent aussi \u00e0 toutes les \u00e9minentes personnalit\u00e9s s\u00e9n\u00e9galaises comme \u00e9trang\u00e8res, politiques, religieuses et autres membres de la soci\u00e9t\u00e9 civile, ainsi qu\u2019aux simples citoyens. Cependant, cette \u00ab victoire \u00bb arrach\u00e9e de haute lutte par la Coordination des Associations de Presse, avec le soutien de ses partenaires, ne saurait \u00eatre la fin de l\u2019histoire concernant le dossier Pape Al\u00e9 Niang. D\u00e9sormais, l\u2019heure est \u00e0 la seconde phase du combat : l\u2019annulation des charges fantaisistes et politiques qui lui ont valu plus de 60 jours de captivit\u00e9. La Coordination des Associations de Presse du S\u00e9n\u00e9gal (CAP)","og_url":"https:\/\/www.public.sn\/index.php\/2023\/01\/10\/liberation-de-pape-ale-niang-la-cap-remercie-les-partenaires-et-toute-les-forces-vivent-de-la-nation\/","og_site_name":"LE PUBLIC","article_published_time":"2023-01-10T18:56:06+00:00","og_image":[{"width":671,"height":475,"url":"https:\/\/www.public.sn\/wp-content\/uploads\/2023\/01\/70045810-48900073.jpg","type":"image\/jpeg"}],"author":"LA REDACTION","twitter_card":"summary_large_image","twitter_misc":{"\u00c9crit par":"LA REDACTION","Dur\u00e9e de lecture estim\u00e9e":"2 minutes"},"schema":{"@context":"https:\/\/schema.org","@graph":[{"@type":"Article","@id":"https:\/\/www.public.sn\/index.php\/2023\/01\/10\/liberation-de-pape-ale-niang-la-cap-remercie-les-partenaires-et-toute-les-forces-vivent-de-la-nation\/#article","isPartOf":{"@id":"https:\/\/www.public.sn\/index.php\/2023\/01\/10\/liberation-de-pape-ale-niang-la-cap-remercie-les-partenaires-et-toute-les-forces-vivent-de-la-nation\/"},"author":{"name":"LA REDACTION","@id":"https:\/\/www.public.sn\/#\/schema\/person\/cb76c8e1b8becc6be61fb5e92d6d0224"},"headline":"Lib\u00e9ration de Pape Al\u00e9 Niang : La CAP remercie les partenaires et toute les forces vivent de la nation","datePublished":"2023-01-10T18:56:06+00:00","mainEntityOfPage":{"@id":"https:\/\/www.public.sn\/index.php\/2023\/01\/10\/liberation-de-pape-ale-niang-la-cap-remercie-les-partenaires-et-toute-les-forces-vivent-de-la-nation\/"},"wordCount":457,"commentCount":0,"publisher":{"@id":"https:\/\/www.public.sn\/#organization"},"image":{"@id":"https:\/\/www.public.sn\/index.php\/2023\/01\/10\/liberation-de-pape-ale-niang-la-cap-remercie-les-partenaires-et-toute-les-forces-vivent-de-la-nation\/#primaryimage"},"thumbnailUrl":"https:\/\/www.public.sn\/wp-content\/uploads\/2023\/01\/70045810-48900073.jpg","keywords":["cap","pape al\u00e9"],"articleSection":["ACTUALIT\u00c9S","S\u00c9N\u00c9GAL"],"inLanguage":"fr-FR","potentialAction":[{"@type":"CommentAction","name":"Comment","target":["https:\/\/www.public.sn\/index.php\/2023\/01\/10\/liberation-de-pape-ale-niang-la-cap-remercie-les-partenaires-et-toute-les-forces-vivent-de-la-nation\/#respond"]}]},{"@type":"WebPage","@id":"https:\/\/www.public.sn\/index.php\/2023\/01\/10\/liberation-de-pape-ale-niang-la-cap-remercie-les-partenaires-et-toute-les-forces-vivent-de-la-nation\/","url":"https:\/\/www.public.sn\/index.php\/2023\/01\/10\/liberation-de-pape-ale-niang-la-cap-remercie-les-partenaires-et-toute-les-forces-vivent-de-la-nation\/","name":"Lib\u00e9ration de Pape Al\u00e9 Niang : La CAP remercie les partenaires et toute les forces vivent de la nation - LE PUBLIC","isPartOf":{"@id":"https:\/\/www.public.sn\/#website"},"primaryImageOfPage":{"@id":"https:\/\/www.public.sn\/index.php\/2023\/01\/10\/liberation-de-pape-ale-niang-la-cap-remercie-les-partenaires-et-toute-les-forces-vivent-de-la-nation\/#primaryimage"},"image":{"@id":"https:\/\/www.public.sn\/index.php\/2023\/01\/10\/liberation-de-pape-ale-niang-la-cap-remercie-les-partenaires-et-toute-les-forces-vivent-de-la-nation\/#primaryimage"},"thumbnailUrl":"https:\/\/www.public.sn\/wp-content\/uploads\/2023\/01\/70045810-48900073.jpg","datePublished":"2023-01-10T18:56:06+00:00","breadcrumb":{"@id":"https:\/\/www.public.sn\/index.php\/2023\/01\/10\/liberation-de-pape-ale-niang-la-cap-remercie-les-partenaires-et-toute-les-forces-vivent-de-la-nation\/#breadcrumb"},"inLanguage":"fr-FR","potentialAction":[{"@type":"ReadAction","target":["https:\/\/www.public.sn\/index.php\/2023\/01\/10\/liberation-de-pape-ale-niang-la-cap-remercie-les-partenaires-et-toute-les-forces-vivent-de-la-nation\/"]}]},{"@type":"ImageObject","inLanguage":"fr-FR","@id":"https:\/\/www.public.sn\/index.php\/2023\/01\/10\/liberation-de-pape-ale-niang-la-cap-remercie-les-partenaires-et-toute-les-forces-vivent-de-la-nation\/#primaryimage","url":"https:\/\/www.public.sn\/wp-content\/uploads\/2023\/01\/70045810-48900073.jpg","contentUrl":"https:\/\/www.public.sn\/wp-content\/uploads\/2023\/01\/70045810-48900073.jpg","width":671,"height":475},{"@type":"BreadcrumbList","@id":"https:\/\/www.public.sn\/index.php\/2023\/01\/10\/liberation-de-pape-ale-niang-la-cap-remercie-les-partenaires-et-toute-les-forces-vivent-de-la-nation\/#breadcrumb","itemListElement":[{"@type":"ListItem","position":1,"name":"Accueil","item":"https:\/\/www.public.sn\/"},{"@type":"ListItem","position":2,"name":"Lib\u00e9ration de Pape Al\u00e9 Niang : La CAP remercie les partenaires et toute les forces vivent de la nation"}]},{"@type":"WebSite","@id":"https:\/\/www.public.sn\/#website","url":"https:\/\/www.public.sn\/","name":"LE PUBLIC","description":"","publisher":{"@id":"https:\/\/www.public.sn\/#organization"},"potentialAction":[{"@type":"SearchAction","target":{"@type":"EntryPoint","urlTemplate":"https:\/\/www.public.sn\/?s={search_term_string}"},"query-input":{"@type":"PropertyValueSpecification","valueRequired":true,"valueName":"search_term_string"}}],"inLanguage":"fr-FR"},{"@type":"Organization","@id":"https:\/\/www.public.sn\/#organization","name":"LE PUBLIC","url":"https:\/\/www.public.sn\/","logo":{"@type":"ImageObject","inLanguage":"fr-FR","@id":"https:\/\/www.public.sn\/#\/schema\/logo\/image\/","url":"https:\/\/www.public.sn\/wp-content\/uploads\/2024\/05\/cropped-LOGO-PUBLIC.SN_.png","contentUrl":"https:\/\/www.public.sn\/wp-content\/uploads\/2024\/05\/cropped-LOGO-PUBLIC.SN_.png","width":682,"height":192,"caption":"LE PUBLIC"},"image":{"@id":"https:\/\/www.public.sn\/#\/schema\/logo\/image\/"}},{"@type":"Person","@id":"https:\/\/www.public.sn\/#\/schema\/person\/cb76c8e1b8becc6be61fb5e92d6d0224","name":"LA REDACTION","image":{"@type":"ImageObject","inLanguage":"fr-FR","@id":"https:\/\/www.public.sn\/#\/schema\/person\/image\/","url":"https:\/\/secure.gravatar.com\/avatar\/2dce5ddd34b8fef0180efe03aa2a9bee7d953856048f9a16b298190a3178407c?s=96&d=mm&r=g","contentUrl":"https:\/\/secure.gravatar.com\/avatar\/2dce5ddd34b8fef0180efe03aa2a9bee7d953856048f9a16b298190a3178407c?s=96&d=mm&r=g","caption":"LA REDACTION"},"url":"https:\/\/www.public.sn\/index.php\/author\/editeurpsn\/"}]}},"jetpack_featured_media_url":"https:\/\/www.public.sn\/wp-content\/uploads\/2023\/01\/70045810-48900073.jpg","jetpack_sharing_enabled":true,"_links":{"self":[{"href":"https:\/\/www.public.sn\/index.php\/wp-json\/wp\/v2\/posts\/13488","targetHints":{"allow":["GET"]}}],"collection":[{"href":"https:\/\/www.public.sn\/index.php\/wp-json\/wp\/v2\/posts"}],"about":[{"href":"https:\/\/www.public.sn\/index.php\/wp-json\/wp\/v2\/types\/post"}],"author":[{"embeddable":true,"href":"https:\/\/www.public.sn\/index.php\/wp-json\/wp\/v2\/users\/7"}],"replies":[{"embeddable":true,"href":"https:\/\/www.public.sn\/index.php\/wp-json\/wp\/v2\/comments?post=13488"}],"version-history":[{"count":1,"href":"https:\/\/www.public.sn\/index.php\/wp-json\/wp\/v2\/posts\/13488\/revisions"}],"predecessor-version":[{"id":13490,"href":"https:\/\/www.public.sn\/index.php\/wp-json\/wp\/v2\/posts\/13488\/revisions\/13490"}],"wp:featuredmedia":[{"embeddable":true,"href":"https:\/\/www.public.sn\/index.php\/wp-json\/wp\/v2\/media\/13489"}],"wp:attachment":[{"href":"https:\/\/www.public.sn\/index.php\/wp-json\/wp\/v2\/media?parent=13488"}],"wp:term":[{"taxonomy":"category","embeddable":true,"href":"https:\/\/www.public.sn\/index.php\/wp-json\/wp\/v2\/categories?post=13488"},{"taxonomy":"post_tag","embeddable":true,"href":"https:\/\/www.public.sn\/index.php\/wp-json\/wp\/v2\/tags?post=13488"}],"curies":[{"name":"wp","href":"https:\/\/api.w.org\/{rel}","templated":true}]}}