{"id":13494,"date":"2023-01-11T10:18:33","date_gmt":"2023-01-11T10:18:33","guid":{"rendered":"https:\/\/www.public.sn\/?p=13494"},"modified":"2023-01-11T10:18:33","modified_gmt":"2023-01-11T10:18:33","slug":"fonds-covid-19-yen-a-marre-rencontre-lunion-europeenne","status":"publish","type":"post","link":"https:\/\/www.public.sn\/index.php\/2023\/01\/11\/fonds-covid-19-yen-a-marre-rencontre-lunion-europeenne\/","title":{"rendered":"Fonds Covid-19 : Y\u2019en a marre rencontre l\u2019Union Europ\u00e9enne"},"content":{"rendered":"<div class=\"x11i5rnm xat24cr x1mh8g0r x1vvkbs xdj266r x126k92a\">\n<div dir=\"auto\">Le pr\u00e9sident Macky Sall tient \u00e0 son para\u00eetre aux yeux des chefs d\u2019Etats occidentaux. Autant sur le dossier des milliards du COVID-19 que sur le combat contre sa troisi\u00e8me candidature, il faut investir ce terrain autant que lui.<\/div>\n<\/div>\n<div class=\"x11i5rnm xat24cr x1mh8g0r x1vvkbs xtlvy1s x126k92a\">\n<div dir=\"auto\"><\/div>\n<div dir=\"auto\">C\u2019est pourquoi avec d\u2019autres membres de la soci\u00e9t\u00e9 civile, j\u2019ai particip\u00e9 ce jour \u00e0 une rencontre d\u2019\u00e9change avec l\u2019Union Europ\u00e9enne, partenaire financier principal de l\u2019Etat du S\u00e9n\u00e9gal (ayant contribu\u00e9 pour 450 millions d\u2019euros, soit 85% des contributions de partenaires techniques et financiers) sur la lutte contre la Covid-19.<\/div>\n<\/div>\n<div class=\"x11i5rnm xat24cr x1mh8g0r x1vvkbs xtlvy1s x126k92a\">\n<div dir=\"auto\"><\/div>\n<div dir=\"auto\">Cette r\u00e9union a vu la participation de l\u2019Ambassadeur de l\u2019UE au S\u00e9n\u00e9gal et plusieurs autres repr\u00e9sentants d\u2019Etats membres.<\/div>\n<div dir=\"auto\">\n<div class=\"x11i5rnm xat24cr x1mh8g0r x1vvkbs xtlvy1s x126k92a\">\n<div dir=\"auto\">Dans les \u00e9changes, nous avons tenu \u00e0 affirmer l\u2019exigence forte des citoyens S\u00e9n\u00e9galais pour la mise en \u0153uvre des recommandations du rapport de la Cour des comptes, par le gouvernement du S\u00e9n\u00e9gal.<\/div>\n<\/div>\n<div class=\"x11i5rnm xat24cr x1mh8g0r x1vvkbs xtlvy1s x126k92a\">\n<div dir=\"auto\"><\/div>\n<div dir=\"auto\">Les membres de notre gouvernement, dans leurs diff\u00e9rentes sorties pr\u00eatent \u00e0 outrance la diffusion du rapport sur la gestion de la Covid-19, \u00e0 une volont\u00e9 de transparence du Pr\u00e9sident Macky Sall. Dans les \u00e9changes de cet apr\u00e8s-midi, il est apparu clairement que la diffusion publique de ce document rel\u00e8ve plut\u00f4t d\u2019une conditionnalit\u00e9 pos\u00e9e par le partenaire financier, l\u2019UE.<\/div>\n<\/div>\n<div class=\"x11i5rnm xat24cr x1mh8g0r x1vvkbs xtlvy1s x126k92a\">\n<div dir=\"auto\"><\/div>\n<div dir=\"auto\">Sur la troisi\u00e8me candidature du pr\u00e9sident Macky Sall, nous avons exprim\u00e9 la capacit\u00e9 du peuple S\u00e9n\u00e9galais \u00e0 se prendre en charge et \u00e0 apporter la r\u00e9sistance ad\u00e9quate le moment venu. Mais il nous a sembl\u00e9 n\u00e9cessaire de dire aux repr\u00e9sentants de l\u2019UE que le S\u00e9n\u00e9galais saura distinguer les institutions et les organisations internationales qui soutiennent le peuple souverain, de celles qui renforcement les chefs d\u2019Etats fossoyeurs de la d\u00e9mocratie, tripatouilleurs de la Constitution.<\/div>\n<\/div>\n<div class=\"x11i5rnm xat24cr x1mh8g0r x1vvkbs xtlvy1s x126k92a\">\n<div dir=\"auto\"><\/div>\n<div dir=\"auto\"><strong>Aliou San\u00e9<\/strong><\/div>\n<div dir=\"auto\"><strong>Coordonnateur du mouvement Y&rsquo;en \u00e0 marre<\/strong><\/div>\n<\/div>\n<\/div>\n<\/div>\n<div class=\"publi-apres-le-contenu\" style=\"margin-top: 10px;margin-bottom: 10px;margin-left: auto;margin-right: auto;text-align: center;\" id=\"publi-4260297366\"><div class=\"publi-adlabel\">Publicit\u00e9<\/div><script async src=\"\/\/pagead2.googlesyndication.com\/pagead\/js\/adsbygoogle.js?client=ca-pub-4089586018074219\" crossorigin=\"anonymous\"><\/script><ins class=\"adsbygoogle\" style=\"display:block;\" data-ad-client=\"ca-pub-4089586018074219\" \ndata-ad-slot=\"2087940154\" \ndata-ad-format=\"auto\"><\/ins>\n<script> \n(adsbygoogle = window.adsbygoogle || []).push({}); \n<\/script>\n<\/div>","protected":false},"excerpt":{"rendered":"<p>Le pr\u00e9sident Macky Sall tient \u00e0 son para\u00eetre aux yeux des chefs d\u2019Etats occidentaux. Autant sur le dossier des milliards du COVID-19 que sur le combat contre sa troisi\u00e8me candidature, il faut investir ce terrain autant que lui. C\u2019est pourquoi avec d\u2019autres membres de la soci\u00e9t\u00e9 civile, j\u2019ai particip\u00e9 ce jour \u00e0 une rencontre d\u2019\u00e9change avec l\u2019Union Europ\u00e9enne, partenaire financier principal de l\u2019Etat du S\u00e9n\u00e9gal (ayant contribu\u00e9 pour 450 millions d\u2019euros, soit 85% des contributions de partenaires techniques et financiers) sur la lutte contre la Covid-19. Cette r\u00e9union a vu la participation de l\u2019Ambassadeur de l\u2019UE au S\u00e9n\u00e9gal et plusieurs autres repr\u00e9sentants d\u2019Etats membres. Dans les \u00e9changes, nous avons tenu \u00e0 affirmer l\u2019exigence forte des citoyens S\u00e9n\u00e9galais pour la mise en \u0153uvre des recommandations du rapport de la Cour des comptes, par le gouvernement du S\u00e9n\u00e9gal. Les membres de notre gouvernement, dans leurs diff\u00e9rentes sorties pr\u00eatent \u00e0 outrance la diffusion du rapport sur la gestion de la Covid-19, \u00e0 une volont\u00e9 de transparence du Pr\u00e9sident Macky Sall. Dans les \u00e9changes de cet apr\u00e8s-midi, il est apparu clairement que la diffusion publique de ce document rel\u00e8ve plut\u00f4t d\u2019une conditionnalit\u00e9 pos\u00e9e par le partenaire financier, l\u2019UE. Sur la troisi\u00e8me candidature du pr\u00e9sident Macky Sall, nous avons exprim\u00e9 la capacit\u00e9 du peuple S\u00e9n\u00e9galais \u00e0 se prendre en charge et \u00e0 apporter la r\u00e9sistance ad\u00e9quate le moment venu. Mais il nous a sembl\u00e9 n\u00e9cessaire de dire aux repr\u00e9sentants de l\u2019UE que le S\u00e9n\u00e9galais saura distinguer les institutions et les organisations internationales qui soutiennent le peuple souverain, de celles qui renforcement les chefs d\u2019Etats fossoyeurs de la d\u00e9mocratie, tripatouilleurs de la Constitution. Aliou San\u00e9 Coordonnateur du mouvement Y&rsquo;en \u00e0 marre<\/p>\n","protected":false},"author":7,"featured_media":13495,"comment_status":"open","ping_status":"open","sticky":false,"template":"","format":"standard","meta":{"_jetpack_memberships_contains_paid_content":false,"footnotes":""},"categories":[375,3],"tags":[4052,11,1435],"class_list":["post-13494","post","type-post","status-publish","format-standard","has-post-thumbnail","hentry","category-actualites","category-politique","tag-fond-force-covid","tag-macky-sall","tag-yen-a-marre","entry","has-media","owp-thumbs-layout-horizontal","owp-btn-normal","owp-tabs-layout-horizontal","has-no-thumbnails","has-product-nav"],"yoast_head":"<!-- This site is optimized with the Yoast SEO plugin v25.5 - https:\/\/yoast.com\/wordpress\/plugins\/seo\/ -->\n<title>Fonds Covid-19 : Y\u2019en a marre rencontre l\u2019Union Europ\u00e9enne - LE PUBLIC<\/title>\n<meta name=\"robots\" content=\"index, follow, max-snippet:-1, max-image-preview:large, max-video-preview:-1\" \/>\n<link rel=\"canonical\" href=\"https:\/\/www.public.sn\/index.php\/2023\/01\/11\/fonds-covid-19-yen-a-marre-rencontre-lunion-europeenne\/\" \/>\n<meta property=\"og:locale\" content=\"fr_FR\" \/>\n<meta property=\"og:type\" content=\"article\" \/>\n<meta property=\"og:title\" content=\"Fonds Covid-19 : Y\u2019en a marre rencontre l\u2019Union Europ\u00e9enne - LE PUBLIC\" \/>\n<meta property=\"og:description\" content=\"Le pr\u00e9sident Macky Sall tient \u00e0 son para\u00eetre aux yeux des chefs d\u2019Etats occidentaux. Autant sur le dossier des milliards du COVID-19 que sur le combat contre sa troisi\u00e8me candidature, il faut investir ce terrain autant que lui. C\u2019est pourquoi avec d\u2019autres membres de la soci\u00e9t\u00e9 civile, j\u2019ai particip\u00e9 ce jour \u00e0 une rencontre d\u2019\u00e9change avec l\u2019Union Europ\u00e9enne, partenaire financier principal de l\u2019Etat du S\u00e9n\u00e9gal (ayant contribu\u00e9 pour 450 millions d\u2019euros, soit 85% des contributions de partenaires techniques et financiers) sur la lutte contre la Covid-19. Cette r\u00e9union a vu la participation de l\u2019Ambassadeur de l\u2019UE au S\u00e9n\u00e9gal et plusieurs autres repr\u00e9sentants d\u2019Etats membres. Dans les \u00e9changes, nous avons tenu \u00e0 affirmer l\u2019exigence forte des citoyens S\u00e9n\u00e9galais pour la mise en \u0153uvre des recommandations du rapport de la Cour des comptes, par le gouvernement du S\u00e9n\u00e9gal. Les membres de notre gouvernement, dans leurs diff\u00e9rentes sorties pr\u00eatent \u00e0 outrance la diffusion du rapport sur la gestion de la Covid-19, \u00e0 une volont\u00e9 de transparence du Pr\u00e9sident Macky Sall. Dans les \u00e9changes de cet apr\u00e8s-midi, il est apparu clairement que la diffusion publique de ce document rel\u00e8ve plut\u00f4t d\u2019une conditionnalit\u00e9 pos\u00e9e par le partenaire financier, l\u2019UE. Sur la troisi\u00e8me candidature du pr\u00e9sident Macky Sall, nous avons exprim\u00e9 la capacit\u00e9 du peuple S\u00e9n\u00e9galais \u00e0 se prendre en charge et \u00e0 apporter la r\u00e9sistance ad\u00e9quate le moment venu. Mais il nous a sembl\u00e9 n\u00e9cessaire de dire aux repr\u00e9sentants de l\u2019UE que le S\u00e9n\u00e9galais saura distinguer les institutions et les organisations internationales qui soutiennent le peuple souverain, de celles qui renforcement les chefs d\u2019Etats fossoyeurs de la d\u00e9mocratie, tripatouilleurs de la Constitution. Aliou San\u00e9 Coordonnateur du mouvement Y&rsquo;en \u00e0 marre\" \/>\n<meta property=\"og:url\" content=\"https:\/\/www.public.sn\/index.php\/2023\/01\/11\/fonds-covid-19-yen-a-marre-rencontre-lunion-europeenne\/\" \/>\n<meta property=\"og:site_name\" content=\"LE PUBLIC\" \/>\n<meta property=\"article:published_time\" content=\"2023-01-11T10:18:33+00:00\" \/>\n<meta property=\"og:image\" content=\"https:\/\/www.public.sn\/wp-content\/uploads\/2023\/01\/photo_1310545397099-1-0-512x296-1.jpg\" \/>\n\t<meta property=\"og:image:width\" content=\"512\" \/>\n\t<meta property=\"og:image:height\" content=\"296\" \/>\n\t<meta property=\"og:image:type\" content=\"image\/jpeg\" \/>\n<meta name=\"author\" content=\"LA REDACTION\" \/>\n<meta name=\"twitter:card\" content=\"summary_large_image\" \/>\n<meta name=\"twitter:label1\" content=\"\u00c9crit par\" \/>\n\t<meta name=\"twitter:data1\" content=\"LA REDACTION\" \/>\n\t<meta name=\"twitter:label2\" content=\"Dur\u00e9e de lecture estim\u00e9e\" \/>\n\t<meta name=\"twitter:data2\" content=\"2 minutes\" \/>\n<script type=\"application\/ld+json\" class=\"yoast-schema-graph\">{\"@context\":\"https:\/\/schema.org\",\"@graph\":[{\"@type\":\"Article\",\"@id\":\"https:\/\/www.public.sn\/index.php\/2023\/01\/11\/fonds-covid-19-yen-a-marre-rencontre-lunion-europeenne\/#article\",\"isPartOf\":{\"@id\":\"https:\/\/www.public.sn\/index.php\/2023\/01\/11\/fonds-covid-19-yen-a-marre-rencontre-lunion-europeenne\/\"},\"author\":{\"name\":\"LA REDACTION\",\"@id\":\"https:\/\/www.public.sn\/#\/schema\/person\/cb76c8e1b8becc6be61fb5e92d6d0224\"},\"headline\":\"Fonds Covid-19 : Y\u2019en a marre rencontre l\u2019Union Europ\u00e9enne\",\"datePublished\":\"2023-01-11T10:18:33+00:00\",\"mainEntityOfPage\":{\"@id\":\"https:\/\/www.public.sn\/index.php\/2023\/01\/11\/fonds-covid-19-yen-a-marre-rencontre-lunion-europeenne\/\"},\"wordCount\":325,\"commentCount\":0,\"publisher\":{\"@id\":\"https:\/\/www.public.sn\/#organization\"},\"image\":{\"@id\":\"https:\/\/www.public.sn\/index.php\/2023\/01\/11\/fonds-covid-19-yen-a-marre-rencontre-lunion-europeenne\/#primaryimage\"},\"thumbnailUrl\":\"https:\/\/www.public.sn\/wp-content\/uploads\/2023\/01\/photo_1310545397099-1-0-512x296-1.jpg\",\"keywords\":[\"fond force covid\",\"Macky Sall\",\"y&#039;en a marre\"],\"articleSection\":[\"ACTUALIT\u00c9S\",\"POLITIQUE\"],\"inLanguage\":\"fr-FR\",\"potentialAction\":[{\"@type\":\"CommentAction\",\"name\":\"Comment\",\"target\":[\"https:\/\/www.public.sn\/index.php\/2023\/01\/11\/fonds-covid-19-yen-a-marre-rencontre-lunion-europeenne\/#respond\"]}]},{\"@type\":\"WebPage\",\"@id\":\"https:\/\/www.public.sn\/index.php\/2023\/01\/11\/fonds-covid-19-yen-a-marre-rencontre-lunion-europeenne\/\",\"url\":\"https:\/\/www.public.sn\/index.php\/2023\/01\/11\/fonds-covid-19-yen-a-marre-rencontre-lunion-europeenne\/\",\"name\":\"Fonds Covid-19 : Y\u2019en a marre rencontre l\u2019Union Europ\u00e9enne - LE PUBLIC\",\"isPartOf\":{\"@id\":\"https:\/\/www.public.sn\/#website\"},\"primaryImageOfPage\":{\"@id\":\"https:\/\/www.public.sn\/index.php\/2023\/01\/11\/fonds-covid-19-yen-a-marre-rencontre-lunion-europeenne\/#primaryimage\"},\"image\":{\"@id\":\"https:\/\/www.public.sn\/index.php\/2023\/01\/11\/fonds-covid-19-yen-a-marre-rencontre-lunion-europeenne\/#primaryimage\"},\"thumbnailUrl\":\"https:\/\/www.public.sn\/wp-content\/uploads\/2023\/01\/photo_1310545397099-1-0-512x296-1.jpg\",\"datePublished\":\"2023-01-11T10:18:33+00:00\",\"breadcrumb\":{\"@id\":\"https:\/\/www.public.sn\/index.php\/2023\/01\/11\/fonds-covid-19-yen-a-marre-rencontre-lunion-europeenne\/#breadcrumb\"},\"inLanguage\":\"fr-FR\",\"potentialAction\":[{\"@type\":\"ReadAction\",\"target\":[\"https:\/\/www.public.sn\/index.php\/2023\/01\/11\/fonds-covid-19-yen-a-marre-rencontre-lunion-europeenne\/\"]}]},{\"@type\":\"ImageObject\",\"inLanguage\":\"fr-FR\",\"@id\":\"https:\/\/www.public.sn\/index.php\/2023\/01\/11\/fonds-covid-19-yen-a-marre-rencontre-lunion-europeenne\/#primaryimage\",\"url\":\"https:\/\/www.public.sn\/wp-content\/uploads\/2023\/01\/photo_1310545397099-1-0-512x296-1.jpg\",\"contentUrl\":\"https:\/\/www.public.sn\/wp-content\/uploads\/2023\/01\/photo_1310545397099-1-0-512x296-1.jpg\",\"width\":512,\"height\":296},{\"@type\":\"BreadcrumbList\",\"@id\":\"https:\/\/www.public.sn\/index.php\/2023\/01\/11\/fonds-covid-19-yen-a-marre-rencontre-lunion-europeenne\/#breadcrumb\",\"itemListElement\":[{\"@type\":\"ListItem\",\"position\":1,\"name\":\"Accueil\",\"item\":\"https:\/\/www.public.sn\/\"},{\"@type\":\"ListItem\",\"position\":2,\"name\":\"Fonds Covid-19 : Y\u2019en a marre rencontre l\u2019Union Europ\u00e9enne\"}]},{\"@type\":\"WebSite\",\"@id\":\"https:\/\/www.public.sn\/#website\",\"url\":\"https:\/\/www.public.sn\/\",\"name\":\"LE PUBLIC\",\"description\":\"\",\"publisher\":{\"@id\":\"https:\/\/www.public.sn\/#organization\"},\"potentialAction\":[{\"@type\":\"SearchAction\",\"target\":{\"@type\":\"EntryPoint\",\"urlTemplate\":\"https:\/\/www.public.sn\/?s={search_term_string}\"},\"query-input\":{\"@type\":\"PropertyValueSpecification\",\"valueRequired\":true,\"valueName\":\"search_term_string\"}}],\"inLanguage\":\"fr-FR\"},{\"@type\":\"Organization\",\"@id\":\"https:\/\/www.public.sn\/#organization\",\"name\":\"LE PUBLIC\",\"url\":\"https:\/\/www.public.sn\/\",\"logo\":{\"@type\":\"ImageObject\",\"inLanguage\":\"fr-FR\",\"@id\":\"https:\/\/www.public.sn\/#\/schema\/logo\/image\/\",\"url\":\"https:\/\/www.public.sn\/wp-content\/uploads\/2024\/05\/cropped-LOGO-PUBLIC.SN_.png\",\"contentUrl\":\"https:\/\/www.public.sn\/wp-content\/uploads\/2024\/05\/cropped-LOGO-PUBLIC.SN_.png\",\"width\":682,\"height\":192,\"caption\":\"LE PUBLIC\"},\"image\":{\"@id\":\"https:\/\/www.public.sn\/#\/schema\/logo\/image\/\"}},{\"@type\":\"Person\",\"@id\":\"https:\/\/www.public.sn\/#\/schema\/person\/cb76c8e1b8becc6be61fb5e92d6d0224\",\"name\":\"LA REDACTION\",\"image\":{\"@type\":\"ImageObject\",\"inLanguage\":\"fr-FR\",\"@id\":\"https:\/\/www.public.sn\/#\/schema\/person\/image\/\",\"url\":\"https:\/\/secure.gravatar.com\/avatar\/2dce5ddd34b8fef0180efe03aa2a9bee7d953856048f9a16b298190a3178407c?s=96&d=mm&r=g\",\"contentUrl\":\"https:\/\/secure.gravatar.com\/avatar\/2dce5ddd34b8fef0180efe03aa2a9bee7d953856048f9a16b298190a3178407c?s=96&d=mm&r=g\",\"caption\":\"LA REDACTION\"},\"url\":\"https:\/\/www.public.sn\/index.php\/author\/editeurpsn\/\"}]}<\/script>\n<!-- \/ Yoast SEO plugin. -->","yoast_head_json":{"title":"Fonds Covid-19 : Y\u2019en a marre rencontre l\u2019Union Europ\u00e9enne - LE PUBLIC","robots":{"index":"index","follow":"follow","max-snippet":"max-snippet:-1","max-image-preview":"max-image-preview:large","max-video-preview":"max-video-preview:-1"},"canonical":"https:\/\/www.public.sn\/index.php\/2023\/01\/11\/fonds-covid-19-yen-a-marre-rencontre-lunion-europeenne\/","og_locale":"fr_FR","og_type":"article","og_title":"Fonds Covid-19 : Y\u2019en a marre rencontre l\u2019Union Europ\u00e9enne - LE PUBLIC","og_description":"Le pr\u00e9sident Macky Sall tient \u00e0 son para\u00eetre aux yeux des chefs d\u2019Etats occidentaux. Autant sur le dossier des milliards du COVID-19 que sur le combat contre sa troisi\u00e8me candidature, il faut investir ce terrain autant que lui. C\u2019est pourquoi avec d\u2019autres membres de la soci\u00e9t\u00e9 civile, j\u2019ai particip\u00e9 ce jour \u00e0 une rencontre d\u2019\u00e9change avec l\u2019Union Europ\u00e9enne, partenaire financier principal de l\u2019Etat du S\u00e9n\u00e9gal (ayant contribu\u00e9 pour 450 millions d\u2019euros, soit 85% des contributions de partenaires techniques et financiers) sur la lutte contre la Covid-19. Cette r\u00e9union a vu la participation de l\u2019Ambassadeur de l\u2019UE au S\u00e9n\u00e9gal et plusieurs autres repr\u00e9sentants d\u2019Etats membres. Dans les \u00e9changes, nous avons tenu \u00e0 affirmer l\u2019exigence forte des citoyens S\u00e9n\u00e9galais pour la mise en \u0153uvre des recommandations du rapport de la Cour des comptes, par le gouvernement du S\u00e9n\u00e9gal. Les membres de notre gouvernement, dans leurs diff\u00e9rentes sorties pr\u00eatent \u00e0 outrance la diffusion du rapport sur la gestion de la Covid-19, \u00e0 une volont\u00e9 de transparence du Pr\u00e9sident Macky Sall. Dans les \u00e9changes de cet apr\u00e8s-midi, il est apparu clairement que la diffusion publique de ce document rel\u00e8ve plut\u00f4t d\u2019une conditionnalit\u00e9 pos\u00e9e par le partenaire financier, l\u2019UE. Sur la troisi\u00e8me candidature du pr\u00e9sident Macky Sall, nous avons exprim\u00e9 la capacit\u00e9 du peuple S\u00e9n\u00e9galais \u00e0 se prendre en charge et \u00e0 apporter la r\u00e9sistance ad\u00e9quate le moment venu. Mais il nous a sembl\u00e9 n\u00e9cessaire de dire aux repr\u00e9sentants de l\u2019UE que le S\u00e9n\u00e9galais saura distinguer les institutions et les organisations internationales qui soutiennent le peuple souverain, de celles qui renforcement les chefs d\u2019Etats fossoyeurs de la d\u00e9mocratie, tripatouilleurs de la Constitution. Aliou San\u00e9 Coordonnateur du mouvement Y&rsquo;en \u00e0 marre","og_url":"https:\/\/www.public.sn\/index.php\/2023\/01\/11\/fonds-covid-19-yen-a-marre-rencontre-lunion-europeenne\/","og_site_name":"LE PUBLIC","article_published_time":"2023-01-11T10:18:33+00:00","og_image":[{"width":512,"height":296,"url":"https:\/\/www.public.sn\/wp-content\/uploads\/2023\/01\/photo_1310545397099-1-0-512x296-1.jpg","type":"image\/jpeg"}],"author":"LA REDACTION","twitter_card":"summary_large_image","twitter_misc":{"\u00c9crit par":"LA REDACTION","Dur\u00e9e de lecture estim\u00e9e":"2 minutes"},"schema":{"@context":"https:\/\/schema.org","@graph":[{"@type":"Article","@id":"https:\/\/www.public.sn\/index.php\/2023\/01\/11\/fonds-covid-19-yen-a-marre-rencontre-lunion-europeenne\/#article","isPartOf":{"@id":"https:\/\/www.public.sn\/index.php\/2023\/01\/11\/fonds-covid-19-yen-a-marre-rencontre-lunion-europeenne\/"},"author":{"name":"LA REDACTION","@id":"https:\/\/www.public.sn\/#\/schema\/person\/cb76c8e1b8becc6be61fb5e92d6d0224"},"headline":"Fonds Covid-19 : Y\u2019en a marre rencontre l\u2019Union Europ\u00e9enne","datePublished":"2023-01-11T10:18:33+00:00","mainEntityOfPage":{"@id":"https:\/\/www.public.sn\/index.php\/2023\/01\/11\/fonds-covid-19-yen-a-marre-rencontre-lunion-europeenne\/"},"wordCount":325,"commentCount":0,"publisher":{"@id":"https:\/\/www.public.sn\/#organization"},"image":{"@id":"https:\/\/www.public.sn\/index.php\/2023\/01\/11\/fonds-covid-19-yen-a-marre-rencontre-lunion-europeenne\/#primaryimage"},"thumbnailUrl":"https:\/\/www.public.sn\/wp-content\/uploads\/2023\/01\/photo_1310545397099-1-0-512x296-1.jpg","keywords":["fond force covid","Macky Sall","y&#039;en a marre"],"articleSection":["ACTUALIT\u00c9S","POLITIQUE"],"inLanguage":"fr-FR","potentialAction":[{"@type":"CommentAction","name":"Comment","target":["https:\/\/www.public.sn\/index.php\/2023\/01\/11\/fonds-covid-19-yen-a-marre-rencontre-lunion-europeenne\/#respond"]}]},{"@type":"WebPage","@id":"https:\/\/www.public.sn\/index.php\/2023\/01\/11\/fonds-covid-19-yen-a-marre-rencontre-lunion-europeenne\/","url":"https:\/\/www.public.sn\/index.php\/2023\/01\/11\/fonds-covid-19-yen-a-marre-rencontre-lunion-europeenne\/","name":"Fonds Covid-19 : Y\u2019en a marre rencontre l\u2019Union Europ\u00e9enne - LE PUBLIC","isPartOf":{"@id":"https:\/\/www.public.sn\/#website"},"primaryImageOfPage":{"@id":"https:\/\/www.public.sn\/index.php\/2023\/01\/11\/fonds-covid-19-yen-a-marre-rencontre-lunion-europeenne\/#primaryimage"},"image":{"@id":"https:\/\/www.public.sn\/index.php\/2023\/01\/11\/fonds-covid-19-yen-a-marre-rencontre-lunion-europeenne\/#primaryimage"},"thumbnailUrl":"https:\/\/www.public.sn\/wp-content\/uploads\/2023\/01\/photo_1310545397099-1-0-512x296-1.jpg","datePublished":"2023-01-11T10:18:33+00:00","breadcrumb":{"@id":"https:\/\/www.public.sn\/index.php\/2023\/01\/11\/fonds-covid-19-yen-a-marre-rencontre-lunion-europeenne\/#breadcrumb"},"inLanguage":"fr-FR","potentialAction":[{"@type":"ReadAction","target":["https:\/\/www.public.sn\/index.php\/2023\/01\/11\/fonds-covid-19-yen-a-marre-rencontre-lunion-europeenne\/"]}]},{"@type":"ImageObject","inLanguage":"fr-FR","@id":"https:\/\/www.public.sn\/index.php\/2023\/01\/11\/fonds-covid-19-yen-a-marre-rencontre-lunion-europeenne\/#primaryimage","url":"https:\/\/www.public.sn\/wp-content\/uploads\/2023\/01\/photo_1310545397099-1-0-512x296-1.jpg","contentUrl":"https:\/\/www.public.sn\/wp-content\/uploads\/2023\/01\/photo_1310545397099-1-0-512x296-1.jpg","width":512,"height":296},{"@type":"BreadcrumbList","@id":"https:\/\/www.public.sn\/index.php\/2023\/01\/11\/fonds-covid-19-yen-a-marre-rencontre-lunion-europeenne\/#breadcrumb","itemListElement":[{"@type":"ListItem","position":1,"name":"Accueil","item":"https:\/\/www.public.sn\/"},{"@type":"ListItem","position":2,"name":"Fonds Covid-19 : Y\u2019en a marre rencontre l\u2019Union Europ\u00e9enne"}]},{"@type":"WebSite","@id":"https:\/\/www.public.sn\/#website","url":"https:\/\/www.public.sn\/","name":"LE PUBLIC","description":"","publisher":{"@id":"https:\/\/www.public.sn\/#organization"},"potentialAction":[{"@type":"SearchAction","target":{"@type":"EntryPoint","urlTemplate":"https:\/\/www.public.sn\/?s={search_term_string}"},"query-input":{"@type":"PropertyValueSpecification","valueRequired":true,"valueName":"search_term_string"}}],"inLanguage":"fr-FR"},{"@type":"Organization","@id":"https:\/\/www.public.sn\/#organization","name":"LE PUBLIC","url":"https:\/\/www.public.sn\/","logo":{"@type":"ImageObject","inLanguage":"fr-FR","@id":"https:\/\/www.public.sn\/#\/schema\/logo\/image\/","url":"https:\/\/www.public.sn\/wp-content\/uploads\/2024\/05\/cropped-LOGO-PUBLIC.SN_.png","contentUrl":"https:\/\/www.public.sn\/wp-content\/uploads\/2024\/05\/cropped-LOGO-PUBLIC.SN_.png","width":682,"height":192,"caption":"LE PUBLIC"},"image":{"@id":"https:\/\/www.public.sn\/#\/schema\/logo\/image\/"}},{"@type":"Person","@id":"https:\/\/www.public.sn\/#\/schema\/person\/cb76c8e1b8becc6be61fb5e92d6d0224","name":"LA REDACTION","image":{"@type":"ImageObject","inLanguage":"fr-FR","@id":"https:\/\/www.public.sn\/#\/schema\/person\/image\/","url":"https:\/\/secure.gravatar.com\/avatar\/2dce5ddd34b8fef0180efe03aa2a9bee7d953856048f9a16b298190a3178407c?s=96&d=mm&r=g","contentUrl":"https:\/\/secure.gravatar.com\/avatar\/2dce5ddd34b8fef0180efe03aa2a9bee7d953856048f9a16b298190a3178407c?s=96&d=mm&r=g","caption":"LA REDACTION"},"url":"https:\/\/www.public.sn\/index.php\/author\/editeurpsn\/"}]}},"jetpack_featured_media_url":"https:\/\/www.public.sn\/wp-content\/uploads\/2023\/01\/photo_1310545397099-1-0-512x296-1.jpg","jetpack_sharing_enabled":true,"_links":{"self":[{"href":"https:\/\/www.public.sn\/index.php\/wp-json\/wp\/v2\/posts\/13494","targetHints":{"allow":["GET"]}}],"collection":[{"href":"https:\/\/www.public.sn\/index.php\/wp-json\/wp\/v2\/posts"}],"about":[{"href":"https:\/\/www.public.sn\/index.php\/wp-json\/wp\/v2\/types\/post"}],"author":[{"embeddable":true,"href":"https:\/\/www.public.sn\/index.php\/wp-json\/wp\/v2\/users\/7"}],"replies":[{"embeddable":true,"href":"https:\/\/www.public.sn\/index.php\/wp-json\/wp\/v2\/comments?post=13494"}],"version-history":[{"count":1,"href":"https:\/\/www.public.sn\/index.php\/wp-json\/wp\/v2\/posts\/13494\/revisions"}],"predecessor-version":[{"id":13496,"href":"https:\/\/www.public.sn\/index.php\/wp-json\/wp\/v2\/posts\/13494\/revisions\/13496"}],"wp:featuredmedia":[{"embeddable":true,"href":"https:\/\/www.public.sn\/index.php\/wp-json\/wp\/v2\/media\/13495"}],"wp:attachment":[{"href":"https:\/\/www.public.sn\/index.php\/wp-json\/wp\/v2\/media?parent=13494"}],"wp:term":[{"taxonomy":"category","embeddable":true,"href":"https:\/\/www.public.sn\/index.php\/wp-json\/wp\/v2\/categories?post=13494"},{"taxonomy":"post_tag","embeddable":true,"href":"https:\/\/www.public.sn\/index.php\/wp-json\/wp\/v2\/tags?post=13494"}],"curies":[{"name":"wp","href":"https:\/\/api.w.org\/{rel}","templated":true}]}}