{"id":13506,"date":"2023-01-11T11:09:46","date_gmt":"2023-01-11T11:09:46","guid":{"rendered":"https:\/\/www.public.sn\/?p=13506"},"modified":"2023-01-11T11:09:46","modified_gmt":"2023-01-11T11:09:46","slug":"ca-chauffe-au-palaisle-cas-mansour-faye-seme-la-zizanie","status":"publish","type":"post","link":"https:\/\/www.public.sn\/index.php\/2023\/01\/11\/ca-chauffe-au-palaisle-cas-mansour-faye-seme-la-zizanie\/","title":{"rendered":"\u00c7a chauffe au Palais\u2026Le cas Mansour Faye s\u00e8me la zizanie"},"content":{"rendered":"<p>Apr\u00e8s la mort de 40 personnes sur la route de Kaffrine et les clameurs populaires qui r\u00e9clament la d\u00e9mission du Ministre des Infrastructures, des Transports terrestres et du D\u00e9senclavement, Mansour Faye qui est par ailleurs le beau-fr\u00e8re du pr\u00e9sident de la R\u00e9publique. Ce dernier voulait appliquer cette r\u00e8gle r\u00e9publicaine qui est de limoger un ministre incomp\u00e9tent. Comme pour Abdoulaye Diouf Sarr, Macky voulait montrer le bon exemple en limogeant son beau-fr\u00e8re. Mais c\u2019\u00e9tait sans compter avec le v\u00e9to de la dynastie Faye Sall qui se verrait affaiblie\u2026<\/p><div class=\"publi-paragraphe1\" style=\"margin-top: 10px;margin-bottom: 10px;margin-left: auto;margin-right: auto;text-align: center;\" id=\"publi-1886571617\"><div class=\"publi-adlabel\">Publicit\u00e9<\/div><script async src=\"\/\/pagead2.googlesyndication.com\/pagead\/js\/adsbygoogle.js?client=ca-pub-4089586018074219\" crossorigin=\"anonymous\"><\/script><ins class=\"adsbygoogle\" style=\"display:block;\" data-ad-client=\"ca-pub-4089586018074219\" \ndata-ad-slot=\"2087940154\" \ndata-ad-format=\"auto\"><\/ins>\n<script> \n(adsbygoogle = window.adsbygoogle || []).push({}); \n<\/script>\n<\/div>\n<p>Pourtant, auparavant le Pr\u00e9sident de la R\u00e9publique avait pris le soin de recueillir les avis de ses conseillers. Et, tous \u00e9taient unanimes sur le limogeage de Mansour Faye pour apaiser les populations. Jamais le S\u00e9n\u00e9gal n\u2019avait connu un accident de la route d\u2019une telle ampleur, poussant m\u00eame les guides religieux \u00e0 s\u2019\u00e9mouvoir de la situation. Plusieurs pans de la nation r\u00e9clament des sanctions\u2026<\/p>\n<p>C\u2019est pourquoi, d\u00e8s qu\u2019il a recueilli les avis favorables de ses conseillers qui ont t\u00e2t\u00e9 le pouls des populations, Macky Sall aurait aussit\u00f4t inform\u00e9 ses proches. Seulement la Premi\u00e8re Dame et sa belle-famille auraient impos\u00e9 un niet cat\u00e9gorique. D\u2019autant que Mari\u00e8me Faye Sall qui g\u00e8re les dossiers \u00ab\u00a0lourds\u00a0\u00bb, verrait une sanction sur son fr\u00e8re comme une \u00e9pine dans le camp du pouvoir \u00e0 quelques mois de l\u2019\u00e9lection pr\u00e9sidentielle.<\/p>\n<p>Un argument battu en br\u00e8che par de nombreux observateurs, d\u2019autant que Mansour Faye est devenu un fardeau pour le camp pr\u00e9sidentiel. Il est \u00e9pingl\u00e9 dans le rapport de la Cour des comptes sur la gestion des fonds de secours sur le Covid-19. Depuis, l\u2019opinion ne cesse de r\u00e9clamer son d\u00e9part du gouvernement et que des poursuites judiciaires soient engag\u00e9es contre lui.<\/p>\n<p>Cette affaire n\u2019est m\u00eame pas encore enterr\u00e9e, que cet accident de la circulation est survenu. Un drame qui a fait r\u00e9agir tous les S\u00e9n\u00e9galais\u00a0; surtout que face \u00e0 la recrudescence des accidents de la route, des mesures avaient \u00e9t\u00e9 arr\u00eat\u00e9es par les autorit\u00e9s. Des mesures qui n\u2019ont jamais \u00e9t\u00e9 appliqu\u00e9es, et tout \u00e7a par la faute de Mansour Faye. C\u2019est pourquoi, sa responsabilit\u00e9 est en engag\u00e9e.<\/p>\n<p>Face aux drames qui se multipliaient dans les h\u00f4pitaux, le Pr\u00e9sident de la R\u00e9publique, r\u00e9agissant apr\u00e8s la r\u00e9clamation de sanctions contre les fautifs, avait limog\u00e9 Abdoulaye Diouf Sarr de son poste de ministre de la Sant\u00e9. On attend de lui qu\u2019il ne fasse pas du deux poids, deux mesures. Comme il l\u2019avait fait contre Abdoulaye Diouf Sarr, on attend qu\u2019il en fasse de m\u00eame \u00e0 l\u2019endroit de Mansour Faye.<\/p>\n<p>Contrairement donc aux craintes exprim\u00e9es par la Premi\u00e8re Dame, un d\u00e9part de Mansour Faye du gouvernement n\u2019affaiblirait nullement le camp du pouvoir \u00e0 quelques mois de l\u2019\u00e9lection pr\u00e9sidentielle. Au contraire, son limogeage du gouvernement va m\u00eame redorer le blason terni de la mouvance pr\u00e9sidentielle aux yeux de l\u2019opinion. Car, les S\u00e9n\u00e9galais vont applaudir des deux mains.<\/p>\n<p>Mansour Faye s\u2019est tristement mis au-devant de la sc\u00e8ne ces derni\u00e8res semaines. Les S\u00e9n\u00e9galais attendent tous son limogeage du gouvernement. Macky Sall est interpell\u00e9. Il ne doit nullement c\u00e9der aux pressions de sa belle-famille et se s\u00e9parer de Mansour Faye. C\u2019est un signal fort qu\u2019il lancerait alors \u00e0 l\u2019endroit de l\u2019opinion, \u00e0 quelques mois de l\u2019\u00e9lection pr\u00e9sidentielle.<\/p>\n<p>Il est certain que l\u2019opposition est aux aguets pour le moment dans cette affaire de l\u2019accident tr\u00e8s mortel sur la route de Kaffrine. Elle attend de conna\u00eetre la gestion de cette affaire par le Chef de l\u2019Etat, avant de pouvoir r\u00e9agir. Et, elle-m\u00eame r\u00e9clamerait des sanctions contre toutes les personnes fautives de cette situation. Et Macky Sall ne devrait pas servir \u00e0 l\u2019opposition toutes les armes pour le vaincre en f\u00e9vrier 2024.<\/p>\n<p>&nbsp;<\/p>\n<p>&nbsp;<\/p>\n<div class=\"publi-apres-le-contenu\" style=\"margin-top: 10px;margin-bottom: 10px;margin-left: auto;margin-right: auto;text-align: center;\" id=\"publi-1325174979\"><div class=\"publi-adlabel\">Publicit\u00e9<\/div><script async src=\"\/\/pagead2.googlesyndication.com\/pagead\/js\/adsbygoogle.js?client=ca-pub-4089586018074219\" crossorigin=\"anonymous\"><\/script><ins class=\"adsbygoogle\" style=\"display:block;\" data-ad-client=\"ca-pub-4089586018074219\" \ndata-ad-slot=\"2087940154\" \ndata-ad-format=\"auto\"><\/ins>\n<script> \n(adsbygoogle = window.adsbygoogle || []).push({}); \n<\/script>\n<\/div>","protected":false},"excerpt":{"rendered":"<p>Apr\u00e8s la mort de 40 personnes sur la route de Kaffrine et les clameurs populaires qui r\u00e9clament la d\u00e9mission du Ministre des Infrastructures, des Transports terrestres et du D\u00e9senclavement, Mansour Faye qui est par ailleurs le beau-fr\u00e8re du pr\u00e9sident de la R\u00e9publique. Ce dernier voulait appliquer cette r\u00e8gle r\u00e9publicaine qui est de limoger un ministre incomp\u00e9tent. Comme pour Abdoulaye Diouf Sarr, Macky voulait montrer le bon exemple en limogeant son beau-fr\u00e8re. Mais c\u2019\u00e9tait sans compter avec le v\u00e9to de la dynastie Faye Sall qui se verrait affaiblie\u2026 Pourtant, auparavant le Pr\u00e9sident de la R\u00e9publique avait pris le soin de recueillir les avis de ses conseillers. Et, tous \u00e9taient unanimes sur le limogeage de Mansour Faye pour apaiser les populations. Jamais le S\u00e9n\u00e9gal n\u2019avait connu un accident de la route d\u2019une telle ampleur, poussant m\u00eame les guides religieux \u00e0 s\u2019\u00e9mouvoir de la situation. Plusieurs pans de la nation r\u00e9clament des sanctions\u2026 C\u2019est pourquoi, d\u00e8s qu\u2019il a recueilli les avis favorables de ses conseillers qui ont t\u00e2t\u00e9 le pouls des populations, Macky Sall aurait aussit\u00f4t inform\u00e9 ses proches. Seulement la Premi\u00e8re Dame et sa belle-famille auraient impos\u00e9 un niet cat\u00e9gorique. D\u2019autant que Mari\u00e8me Faye Sall qui g\u00e8re les dossiers \u00ab\u00a0lourds\u00a0\u00bb, verrait une sanction sur son fr\u00e8re comme une \u00e9pine dans le camp du pouvoir \u00e0 quelques mois de l\u2019\u00e9lection pr\u00e9sidentielle. Un argument battu en br\u00e8che par de nombreux observateurs, d\u2019autant que Mansour Faye est devenu un fardeau pour le camp pr\u00e9sidentiel. Il est \u00e9pingl\u00e9 dans le rapport de la Cour des comptes sur la gestion des fonds de secours sur le Covid-19. Depuis, l\u2019opinion ne cesse de r\u00e9clamer son d\u00e9part du gouvernement et que des poursuites judiciaires soient engag\u00e9es contre lui. Cette affaire n\u2019est m\u00eame pas encore enterr\u00e9e, que cet accident de la circulation est survenu. Un drame qui a fait r\u00e9agir tous les S\u00e9n\u00e9galais\u00a0; surtout que face \u00e0 la recrudescence des accidents de la route, des mesures avaient \u00e9t\u00e9 arr\u00eat\u00e9es par les autorit\u00e9s. Des mesures qui n\u2019ont jamais \u00e9t\u00e9 appliqu\u00e9es, et tout \u00e7a par la faute de Mansour Faye. C\u2019est pourquoi, sa responsabilit\u00e9 est en engag\u00e9e. Face aux drames qui se multipliaient dans les h\u00f4pitaux, le Pr\u00e9sident de la R\u00e9publique, r\u00e9agissant apr\u00e8s la r\u00e9clamation de sanctions contre les fautifs, avait limog\u00e9 Abdoulaye Diouf Sarr de son poste de ministre de la Sant\u00e9. On attend de lui qu\u2019il ne fasse pas du deux poids, deux mesures. Comme il l\u2019avait fait contre Abdoulaye Diouf Sarr, on attend qu\u2019il en fasse de m\u00eame \u00e0 l\u2019endroit de Mansour Faye. Contrairement donc aux craintes exprim\u00e9es par la Premi\u00e8re Dame, un d\u00e9part de Mansour Faye du gouvernement n\u2019affaiblirait nullement le camp du pouvoir \u00e0 quelques mois de l\u2019\u00e9lection pr\u00e9sidentielle. Au contraire, son limogeage du gouvernement va m\u00eame redorer le blason terni de la mouvance pr\u00e9sidentielle aux yeux de l\u2019opinion. Car, les S\u00e9n\u00e9galais vont applaudir des deux mains. Mansour Faye s\u2019est tristement mis au-devant de la sc\u00e8ne ces derni\u00e8res semaines. Les S\u00e9n\u00e9galais attendent tous son limogeage du gouvernement. Macky Sall est interpell\u00e9. Il ne doit nullement c\u00e9der aux pressions de sa belle-famille et se s\u00e9parer de Mansour Faye. C\u2019est un signal fort qu\u2019il lancerait alors \u00e0 l\u2019endroit de l\u2019opinion, \u00e0 quelques mois de l\u2019\u00e9lection pr\u00e9sidentielle. Il est certain que l\u2019opposition est aux aguets pour le moment dans cette affaire de l\u2019accident tr\u00e8s mortel sur la route de Kaffrine. Elle attend de conna\u00eetre la gestion de cette affaire par le Chef de l\u2019Etat, avant de pouvoir r\u00e9agir. Et, elle-m\u00eame r\u00e9clamerait des sanctions contre toutes les personnes fautives de cette situation. Et Macky Sall ne devrait pas servir \u00e0 l\u2019opposition toutes les armes pour le vaincre en f\u00e9vrier 2024. &nbsp; &nbsp;<\/p>\n","protected":false},"author":7,"featured_media":13507,"comment_status":"open","ping_status":"open","sticky":false,"template":"","format":"standard","meta":{"_jetpack_memberships_contains_paid_content":false,"footnotes":""},"categories":[375,3],"tags":[4054,11,1174],"class_list":["post-13506","post","type-post","status-publish","format-standard","has-post-thumbnail","hentry","category-actualites","category-politique","tag-drame-a-sikilo","tag-macky-sall","tag-mansour-faye","entry","has-media","owp-thumbs-layout-horizontal","owp-btn-normal","owp-tabs-layout-horizontal","has-no-thumbnails","has-product-nav"],"yoast_head":"<!-- This site is optimized with the Yoast SEO plugin v25.5 - https:\/\/yoast.com\/wordpress\/plugins\/seo\/ -->\n<title>\u00c7a chauffe au Palais\u2026Le cas Mansour Faye s\u00e8me la zizanie - LE PUBLIC<\/title>\n<meta name=\"robots\" content=\"index, follow, max-snippet:-1, max-image-preview:large, max-video-preview:-1\" \/>\n<link rel=\"canonical\" href=\"https:\/\/www.public.sn\/index.php\/2023\/01\/11\/ca-chauffe-au-palaisle-cas-mansour-faye-seme-la-zizanie\/\" \/>\n<meta property=\"og:locale\" content=\"fr_FR\" \/>\n<meta property=\"og:type\" content=\"article\" \/>\n<meta property=\"og:title\" content=\"\u00c7a chauffe au Palais\u2026Le cas Mansour Faye s\u00e8me la zizanie - LE PUBLIC\" \/>\n<meta property=\"og:description\" content=\"Apr\u00e8s la mort de 40 personnes sur la route de Kaffrine et les clameurs populaires qui r\u00e9clament la d\u00e9mission du Ministre des Infrastructures, des Transports terrestres et du D\u00e9senclavement, Mansour Faye qui est par ailleurs le beau-fr\u00e8re du pr\u00e9sident de la R\u00e9publique. Ce dernier voulait appliquer cette r\u00e8gle r\u00e9publicaine qui est de limoger un ministre incomp\u00e9tent. Comme pour Abdoulaye Diouf Sarr, Macky voulait montrer le bon exemple en limogeant son beau-fr\u00e8re. Mais c\u2019\u00e9tait sans compter avec le v\u00e9to de la dynastie Faye Sall qui se verrait affaiblie\u2026 Pourtant, auparavant le Pr\u00e9sident de la R\u00e9publique avait pris le soin de recueillir les avis de ses conseillers. Et, tous \u00e9taient unanimes sur le limogeage de Mansour Faye pour apaiser les populations. Jamais le S\u00e9n\u00e9gal n\u2019avait connu un accident de la route d\u2019une telle ampleur, poussant m\u00eame les guides religieux \u00e0 s\u2019\u00e9mouvoir de la situation. Plusieurs pans de la nation r\u00e9clament des sanctions\u2026 C\u2019est pourquoi, d\u00e8s qu\u2019il a recueilli les avis favorables de ses conseillers qui ont t\u00e2t\u00e9 le pouls des populations, Macky Sall aurait aussit\u00f4t inform\u00e9 ses proches. Seulement la Premi\u00e8re Dame et sa belle-famille auraient impos\u00e9 un niet cat\u00e9gorique. D\u2019autant que Mari\u00e8me Faye Sall qui g\u00e8re les dossiers \u00ab\u00a0lourds\u00a0\u00bb, verrait une sanction sur son fr\u00e8re comme une \u00e9pine dans le camp du pouvoir \u00e0 quelques mois de l\u2019\u00e9lection pr\u00e9sidentielle. Un argument battu en br\u00e8che par de nombreux observateurs, d\u2019autant que Mansour Faye est devenu un fardeau pour le camp pr\u00e9sidentiel. Il est \u00e9pingl\u00e9 dans le rapport de la Cour des comptes sur la gestion des fonds de secours sur le Covid-19. Depuis, l\u2019opinion ne cesse de r\u00e9clamer son d\u00e9part du gouvernement et que des poursuites judiciaires soient engag\u00e9es contre lui. Cette affaire n\u2019est m\u00eame pas encore enterr\u00e9e, que cet accident de la circulation est survenu. Un drame qui a fait r\u00e9agir tous les S\u00e9n\u00e9galais\u00a0; surtout que face \u00e0 la recrudescence des accidents de la route, des mesures avaient \u00e9t\u00e9 arr\u00eat\u00e9es par les autorit\u00e9s. Des mesures qui n\u2019ont jamais \u00e9t\u00e9 appliqu\u00e9es, et tout \u00e7a par la faute de Mansour Faye. C\u2019est pourquoi, sa responsabilit\u00e9 est en engag\u00e9e. Face aux drames qui se multipliaient dans les h\u00f4pitaux, le Pr\u00e9sident de la R\u00e9publique, r\u00e9agissant apr\u00e8s la r\u00e9clamation de sanctions contre les fautifs, avait limog\u00e9 Abdoulaye Diouf Sarr de son poste de ministre de la Sant\u00e9. On attend de lui qu\u2019il ne fasse pas du deux poids, deux mesures. Comme il l\u2019avait fait contre Abdoulaye Diouf Sarr, on attend qu\u2019il en fasse de m\u00eame \u00e0 l\u2019endroit de Mansour Faye. Contrairement donc aux craintes exprim\u00e9es par la Premi\u00e8re Dame, un d\u00e9part de Mansour Faye du gouvernement n\u2019affaiblirait nullement le camp du pouvoir \u00e0 quelques mois de l\u2019\u00e9lection pr\u00e9sidentielle. Au contraire, son limogeage du gouvernement va m\u00eame redorer le blason terni de la mouvance pr\u00e9sidentielle aux yeux de l\u2019opinion. Car, les S\u00e9n\u00e9galais vont applaudir des deux mains. Mansour Faye s\u2019est tristement mis au-devant de la sc\u00e8ne ces derni\u00e8res semaines. Les S\u00e9n\u00e9galais attendent tous son limogeage du gouvernement. Macky Sall est interpell\u00e9. Il ne doit nullement c\u00e9der aux pressions de sa belle-famille et se s\u00e9parer de Mansour Faye. C\u2019est un signal fort qu\u2019il lancerait alors \u00e0 l\u2019endroit de l\u2019opinion, \u00e0 quelques mois de l\u2019\u00e9lection pr\u00e9sidentielle. Il est certain que l\u2019opposition est aux aguets pour le moment dans cette affaire de l\u2019accident tr\u00e8s mortel sur la route de Kaffrine. Elle attend de conna\u00eetre la gestion de cette affaire par le Chef de l\u2019Etat, avant de pouvoir r\u00e9agir. Et, elle-m\u00eame r\u00e9clamerait des sanctions contre toutes les personnes fautives de cette situation. Et Macky Sall ne devrait pas servir \u00e0 l\u2019opposition toutes les armes pour le vaincre en f\u00e9vrier 2024. &nbsp; &nbsp;\" \/>\n<meta property=\"og:url\" content=\"https:\/\/www.public.sn\/index.php\/2023\/01\/11\/ca-chauffe-au-palaisle-cas-mansour-faye-seme-la-zizanie\/\" \/>\n<meta property=\"og:site_name\" content=\"LE PUBLIC\" \/>\n<meta property=\"article:published_time\" content=\"2023-01-11T11:09:46+00:00\" \/>\n<meta property=\"og:image\" content=\"https:\/\/www.public.sn\/wp-content\/uploads\/2023\/01\/macky-sall-mansour-faye.jpeg\" \/>\n\t<meta property=\"og:image:width\" content=\"1024\" \/>\n\t<meta property=\"og:image:height\" content=\"682\" \/>\n\t<meta property=\"og:image:type\" content=\"image\/jpeg\" \/>\n<meta name=\"author\" content=\"LA REDACTION\" \/>\n<meta name=\"twitter:card\" content=\"summary_large_image\" \/>\n<meta name=\"twitter:label1\" content=\"\u00c9crit par\" \/>\n\t<meta name=\"twitter:data1\" content=\"LA REDACTION\" \/>\n\t<meta name=\"twitter:label2\" content=\"Dur\u00e9e de lecture estim\u00e9e\" \/>\n\t<meta name=\"twitter:data2\" content=\"4 minutes\" \/>\n<script type=\"application\/ld+json\" class=\"yoast-schema-graph\">{\"@context\":\"https:\/\/schema.org\",\"@graph\":[{\"@type\":\"Article\",\"@id\":\"https:\/\/www.public.sn\/index.php\/2023\/01\/11\/ca-chauffe-au-palaisle-cas-mansour-faye-seme-la-zizanie\/#article\",\"isPartOf\":{\"@id\":\"https:\/\/www.public.sn\/index.php\/2023\/01\/11\/ca-chauffe-au-palaisle-cas-mansour-faye-seme-la-zizanie\/\"},\"author\":{\"name\":\"LA REDACTION\",\"@id\":\"https:\/\/www.public.sn\/#\/schema\/person\/cb76c8e1b8becc6be61fb5e92d6d0224\"},\"headline\":\"\u00c7a chauffe au Palais\u2026Le cas Mansour Faye s\u00e8me la zizanie\",\"datePublished\":\"2023-01-11T11:09:46+00:00\",\"mainEntityOfPage\":{\"@id\":\"https:\/\/www.public.sn\/index.php\/2023\/01\/11\/ca-chauffe-au-palaisle-cas-mansour-faye-seme-la-zizanie\/\"},\"wordCount\":703,\"commentCount\":0,\"publisher\":{\"@id\":\"https:\/\/www.public.sn\/#organization\"},\"image\":{\"@id\":\"https:\/\/www.public.sn\/index.php\/2023\/01\/11\/ca-chauffe-au-palaisle-cas-mansour-faye-seme-la-zizanie\/#primaryimage\"},\"thumbnailUrl\":\"https:\/\/www.public.sn\/wp-content\/uploads\/2023\/01\/macky-sall-mansour-faye.jpeg\",\"keywords\":[\"drame a sikilo\",\"Macky Sall\",\"mansour faye\"],\"articleSection\":[\"ACTUALIT\u00c9S\",\"POLITIQUE\"],\"inLanguage\":\"fr-FR\",\"potentialAction\":[{\"@type\":\"CommentAction\",\"name\":\"Comment\",\"target\":[\"https:\/\/www.public.sn\/index.php\/2023\/01\/11\/ca-chauffe-au-palaisle-cas-mansour-faye-seme-la-zizanie\/#respond\"]}]},{\"@type\":\"WebPage\",\"@id\":\"https:\/\/www.public.sn\/index.php\/2023\/01\/11\/ca-chauffe-au-palaisle-cas-mansour-faye-seme-la-zizanie\/\",\"url\":\"https:\/\/www.public.sn\/index.php\/2023\/01\/11\/ca-chauffe-au-palaisle-cas-mansour-faye-seme-la-zizanie\/\",\"name\":\"\u00c7a chauffe au Palais\u2026Le cas Mansour Faye s\u00e8me la zizanie - LE PUBLIC\",\"isPartOf\":{\"@id\":\"https:\/\/www.public.sn\/#website\"},\"primaryImageOfPage\":{\"@id\":\"https:\/\/www.public.sn\/index.php\/2023\/01\/11\/ca-chauffe-au-palaisle-cas-mansour-faye-seme-la-zizanie\/#primaryimage\"},\"image\":{\"@id\":\"https:\/\/www.public.sn\/index.php\/2023\/01\/11\/ca-chauffe-au-palaisle-cas-mansour-faye-seme-la-zizanie\/#primaryimage\"},\"thumbnailUrl\":\"https:\/\/www.public.sn\/wp-content\/uploads\/2023\/01\/macky-sall-mansour-faye.jpeg\",\"datePublished\":\"2023-01-11T11:09:46+00:00\",\"breadcrumb\":{\"@id\":\"https:\/\/www.public.sn\/index.php\/2023\/01\/11\/ca-chauffe-au-palaisle-cas-mansour-faye-seme-la-zizanie\/#breadcrumb\"},\"inLanguage\":\"fr-FR\",\"potentialAction\":[{\"@type\":\"ReadAction\",\"target\":[\"https:\/\/www.public.sn\/index.php\/2023\/01\/11\/ca-chauffe-au-palaisle-cas-mansour-faye-seme-la-zizanie\/\"]}]},{\"@type\":\"ImageObject\",\"inLanguage\":\"fr-FR\",\"@id\":\"https:\/\/www.public.sn\/index.php\/2023\/01\/11\/ca-chauffe-au-palaisle-cas-mansour-faye-seme-la-zizanie\/#primaryimage\",\"url\":\"https:\/\/www.public.sn\/wp-content\/uploads\/2023\/01\/macky-sall-mansour-faye.jpeg\",\"contentUrl\":\"https:\/\/www.public.sn\/wp-content\/uploads\/2023\/01\/macky-sall-mansour-faye.jpeg\",\"width\":1024,\"height\":682},{\"@type\":\"BreadcrumbList\",\"@id\":\"https:\/\/www.public.sn\/index.php\/2023\/01\/11\/ca-chauffe-au-palaisle-cas-mansour-faye-seme-la-zizanie\/#breadcrumb\",\"itemListElement\":[{\"@type\":\"ListItem\",\"position\":1,\"name\":\"Accueil\",\"item\":\"https:\/\/www.public.sn\/\"},{\"@type\":\"ListItem\",\"position\":2,\"name\":\"\u00c7a chauffe au Palais\u2026Le cas Mansour Faye s\u00e8me la zizanie\"}]},{\"@type\":\"WebSite\",\"@id\":\"https:\/\/www.public.sn\/#website\",\"url\":\"https:\/\/www.public.sn\/\",\"name\":\"LE PUBLIC\",\"description\":\"\",\"publisher\":{\"@id\":\"https:\/\/www.public.sn\/#organization\"},\"potentialAction\":[{\"@type\":\"SearchAction\",\"target\":{\"@type\":\"EntryPoint\",\"urlTemplate\":\"https:\/\/www.public.sn\/?s={search_term_string}\"},\"query-input\":{\"@type\":\"PropertyValueSpecification\",\"valueRequired\":true,\"valueName\":\"search_term_string\"}}],\"inLanguage\":\"fr-FR\"},{\"@type\":\"Organization\",\"@id\":\"https:\/\/www.public.sn\/#organization\",\"name\":\"LE PUBLIC\",\"url\":\"https:\/\/www.public.sn\/\",\"logo\":{\"@type\":\"ImageObject\",\"inLanguage\":\"fr-FR\",\"@id\":\"https:\/\/www.public.sn\/#\/schema\/logo\/image\/\",\"url\":\"https:\/\/www.public.sn\/wp-content\/uploads\/2024\/05\/cropped-LOGO-PUBLIC.SN_.png\",\"contentUrl\":\"https:\/\/www.public.sn\/wp-content\/uploads\/2024\/05\/cropped-LOGO-PUBLIC.SN_.png\",\"width\":682,\"height\":192,\"caption\":\"LE PUBLIC\"},\"image\":{\"@id\":\"https:\/\/www.public.sn\/#\/schema\/logo\/image\/\"}},{\"@type\":\"Person\",\"@id\":\"https:\/\/www.public.sn\/#\/schema\/person\/cb76c8e1b8becc6be61fb5e92d6d0224\",\"name\":\"LA REDACTION\",\"image\":{\"@type\":\"ImageObject\",\"inLanguage\":\"fr-FR\",\"@id\":\"https:\/\/www.public.sn\/#\/schema\/person\/image\/\",\"url\":\"https:\/\/secure.gravatar.com\/avatar\/2dce5ddd34b8fef0180efe03aa2a9bee7d953856048f9a16b298190a3178407c?s=96&d=mm&r=g\",\"contentUrl\":\"https:\/\/secure.gravatar.com\/avatar\/2dce5ddd34b8fef0180efe03aa2a9bee7d953856048f9a16b298190a3178407c?s=96&d=mm&r=g\",\"caption\":\"LA REDACTION\"},\"url\":\"https:\/\/www.public.sn\/index.php\/author\/editeurpsn\/\"}]}<\/script>\n<!-- \/ Yoast SEO plugin. -->","yoast_head_json":{"title":"\u00c7a chauffe au Palais\u2026Le cas Mansour Faye s\u00e8me la zizanie - LE PUBLIC","robots":{"index":"index","follow":"follow","max-snippet":"max-snippet:-1","max-image-preview":"max-image-preview:large","max-video-preview":"max-video-preview:-1"},"canonical":"https:\/\/www.public.sn\/index.php\/2023\/01\/11\/ca-chauffe-au-palaisle-cas-mansour-faye-seme-la-zizanie\/","og_locale":"fr_FR","og_type":"article","og_title":"\u00c7a chauffe au Palais\u2026Le cas Mansour Faye s\u00e8me la zizanie - LE PUBLIC","og_description":"Apr\u00e8s la mort de 40 personnes sur la route de Kaffrine et les clameurs populaires qui r\u00e9clament la d\u00e9mission du Ministre des Infrastructures, des Transports terrestres et du D\u00e9senclavement, Mansour Faye qui est par ailleurs le beau-fr\u00e8re du pr\u00e9sident de la R\u00e9publique. Ce dernier voulait appliquer cette r\u00e8gle r\u00e9publicaine qui est de limoger un ministre incomp\u00e9tent. Comme pour Abdoulaye Diouf Sarr, Macky voulait montrer le bon exemple en limogeant son beau-fr\u00e8re. Mais c\u2019\u00e9tait sans compter avec le v\u00e9to de la dynastie Faye Sall qui se verrait affaiblie\u2026 Pourtant, auparavant le Pr\u00e9sident de la R\u00e9publique avait pris le soin de recueillir les avis de ses conseillers. Et, tous \u00e9taient unanimes sur le limogeage de Mansour Faye pour apaiser les populations. Jamais le S\u00e9n\u00e9gal n\u2019avait connu un accident de la route d\u2019une telle ampleur, poussant m\u00eame les guides religieux \u00e0 s\u2019\u00e9mouvoir de la situation. Plusieurs pans de la nation r\u00e9clament des sanctions\u2026 C\u2019est pourquoi, d\u00e8s qu\u2019il a recueilli les avis favorables de ses conseillers qui ont t\u00e2t\u00e9 le pouls des populations, Macky Sall aurait aussit\u00f4t inform\u00e9 ses proches. Seulement la Premi\u00e8re Dame et sa belle-famille auraient impos\u00e9 un niet cat\u00e9gorique. D\u2019autant que Mari\u00e8me Faye Sall qui g\u00e8re les dossiers \u00ab\u00a0lourds\u00a0\u00bb, verrait une sanction sur son fr\u00e8re comme une \u00e9pine dans le camp du pouvoir \u00e0 quelques mois de l\u2019\u00e9lection pr\u00e9sidentielle. Un argument battu en br\u00e8che par de nombreux observateurs, d\u2019autant que Mansour Faye est devenu un fardeau pour le camp pr\u00e9sidentiel. Il est \u00e9pingl\u00e9 dans le rapport de la Cour des comptes sur la gestion des fonds de secours sur le Covid-19. Depuis, l\u2019opinion ne cesse de r\u00e9clamer son d\u00e9part du gouvernement et que des poursuites judiciaires soient engag\u00e9es contre lui. Cette affaire n\u2019est m\u00eame pas encore enterr\u00e9e, que cet accident de la circulation est survenu. Un drame qui a fait r\u00e9agir tous les S\u00e9n\u00e9galais\u00a0; surtout que face \u00e0 la recrudescence des accidents de la route, des mesures avaient \u00e9t\u00e9 arr\u00eat\u00e9es par les autorit\u00e9s. Des mesures qui n\u2019ont jamais \u00e9t\u00e9 appliqu\u00e9es, et tout \u00e7a par la faute de Mansour Faye. C\u2019est pourquoi, sa responsabilit\u00e9 est en engag\u00e9e. Face aux drames qui se multipliaient dans les h\u00f4pitaux, le Pr\u00e9sident de la R\u00e9publique, r\u00e9agissant apr\u00e8s la r\u00e9clamation de sanctions contre les fautifs, avait limog\u00e9 Abdoulaye Diouf Sarr de son poste de ministre de la Sant\u00e9. On attend de lui qu\u2019il ne fasse pas du deux poids, deux mesures. Comme il l\u2019avait fait contre Abdoulaye Diouf Sarr, on attend qu\u2019il en fasse de m\u00eame \u00e0 l\u2019endroit de Mansour Faye. Contrairement donc aux craintes exprim\u00e9es par la Premi\u00e8re Dame, un d\u00e9part de Mansour Faye du gouvernement n\u2019affaiblirait nullement le camp du pouvoir \u00e0 quelques mois de l\u2019\u00e9lection pr\u00e9sidentielle. Au contraire, son limogeage du gouvernement va m\u00eame redorer le blason terni de la mouvance pr\u00e9sidentielle aux yeux de l\u2019opinion. Car, les S\u00e9n\u00e9galais vont applaudir des deux mains. Mansour Faye s\u2019est tristement mis au-devant de la sc\u00e8ne ces derni\u00e8res semaines. Les S\u00e9n\u00e9galais attendent tous son limogeage du gouvernement. Macky Sall est interpell\u00e9. Il ne doit nullement c\u00e9der aux pressions de sa belle-famille et se s\u00e9parer de Mansour Faye. C\u2019est un signal fort qu\u2019il lancerait alors \u00e0 l\u2019endroit de l\u2019opinion, \u00e0 quelques mois de l\u2019\u00e9lection pr\u00e9sidentielle. Il est certain que l\u2019opposition est aux aguets pour le moment dans cette affaire de l\u2019accident tr\u00e8s mortel sur la route de Kaffrine. Elle attend de conna\u00eetre la gestion de cette affaire par le Chef de l\u2019Etat, avant de pouvoir r\u00e9agir. Et, elle-m\u00eame r\u00e9clamerait des sanctions contre toutes les personnes fautives de cette situation. Et Macky Sall ne devrait pas servir \u00e0 l\u2019opposition toutes les armes pour le vaincre en f\u00e9vrier 2024. &nbsp; &nbsp;","og_url":"https:\/\/www.public.sn\/index.php\/2023\/01\/11\/ca-chauffe-au-palaisle-cas-mansour-faye-seme-la-zizanie\/","og_site_name":"LE PUBLIC","article_published_time":"2023-01-11T11:09:46+00:00","og_image":[{"width":1024,"height":682,"url":"https:\/\/www.public.sn\/wp-content\/uploads\/2023\/01\/macky-sall-mansour-faye.jpeg","type":"image\/jpeg"}],"author":"LA REDACTION","twitter_card":"summary_large_image","twitter_misc":{"\u00c9crit par":"LA REDACTION","Dur\u00e9e de lecture estim\u00e9e":"4 minutes"},"schema":{"@context":"https:\/\/schema.org","@graph":[{"@type":"Article","@id":"https:\/\/www.public.sn\/index.php\/2023\/01\/11\/ca-chauffe-au-palaisle-cas-mansour-faye-seme-la-zizanie\/#article","isPartOf":{"@id":"https:\/\/www.public.sn\/index.php\/2023\/01\/11\/ca-chauffe-au-palaisle-cas-mansour-faye-seme-la-zizanie\/"},"author":{"name":"LA REDACTION","@id":"https:\/\/www.public.sn\/#\/schema\/person\/cb76c8e1b8becc6be61fb5e92d6d0224"},"headline":"\u00c7a chauffe au Palais\u2026Le cas Mansour Faye s\u00e8me la zizanie","datePublished":"2023-01-11T11:09:46+00:00","mainEntityOfPage":{"@id":"https:\/\/www.public.sn\/index.php\/2023\/01\/11\/ca-chauffe-au-palaisle-cas-mansour-faye-seme-la-zizanie\/"},"wordCount":703,"commentCount":0,"publisher":{"@id":"https:\/\/www.public.sn\/#organization"},"image":{"@id":"https:\/\/www.public.sn\/index.php\/2023\/01\/11\/ca-chauffe-au-palaisle-cas-mansour-faye-seme-la-zizanie\/#primaryimage"},"thumbnailUrl":"https:\/\/www.public.sn\/wp-content\/uploads\/2023\/01\/macky-sall-mansour-faye.jpeg","keywords":["drame a sikilo","Macky Sall","mansour faye"],"articleSection":["ACTUALIT\u00c9S","POLITIQUE"],"inLanguage":"fr-FR","potentialAction":[{"@type":"CommentAction","name":"Comment","target":["https:\/\/www.public.sn\/index.php\/2023\/01\/11\/ca-chauffe-au-palaisle-cas-mansour-faye-seme-la-zizanie\/#respond"]}]},{"@type":"WebPage","@id":"https:\/\/www.public.sn\/index.php\/2023\/01\/11\/ca-chauffe-au-palaisle-cas-mansour-faye-seme-la-zizanie\/","url":"https:\/\/www.public.sn\/index.php\/2023\/01\/11\/ca-chauffe-au-palaisle-cas-mansour-faye-seme-la-zizanie\/","name":"\u00c7a chauffe au Palais\u2026Le cas Mansour Faye s\u00e8me la zizanie - LE PUBLIC","isPartOf":{"@id":"https:\/\/www.public.sn\/#website"},"primaryImageOfPage":{"@id":"https:\/\/www.public.sn\/index.php\/2023\/01\/11\/ca-chauffe-au-palaisle-cas-mansour-faye-seme-la-zizanie\/#primaryimage"},"image":{"@id":"https:\/\/www.public.sn\/index.php\/2023\/01\/11\/ca-chauffe-au-palaisle-cas-mansour-faye-seme-la-zizanie\/#primaryimage"},"thumbnailUrl":"https:\/\/www.public.sn\/wp-content\/uploads\/2023\/01\/macky-sall-mansour-faye.jpeg","datePublished":"2023-01-11T11:09:46+00:00","breadcrumb":{"@id":"https:\/\/www.public.sn\/index.php\/2023\/01\/11\/ca-chauffe-au-palaisle-cas-mansour-faye-seme-la-zizanie\/#breadcrumb"},"inLanguage":"fr-FR","potentialAction":[{"@type":"ReadAction","target":["https:\/\/www.public.sn\/index.php\/2023\/01\/11\/ca-chauffe-au-palaisle-cas-mansour-faye-seme-la-zizanie\/"]}]},{"@type":"ImageObject","inLanguage":"fr-FR","@id":"https:\/\/www.public.sn\/index.php\/2023\/01\/11\/ca-chauffe-au-palaisle-cas-mansour-faye-seme-la-zizanie\/#primaryimage","url":"https:\/\/www.public.sn\/wp-content\/uploads\/2023\/01\/macky-sall-mansour-faye.jpeg","contentUrl":"https:\/\/www.public.sn\/wp-content\/uploads\/2023\/01\/macky-sall-mansour-faye.jpeg","width":1024,"height":682},{"@type":"BreadcrumbList","@id":"https:\/\/www.public.sn\/index.php\/2023\/01\/11\/ca-chauffe-au-palaisle-cas-mansour-faye-seme-la-zizanie\/#breadcrumb","itemListElement":[{"@type":"ListItem","position":1,"name":"Accueil","item":"https:\/\/www.public.sn\/"},{"@type":"ListItem","position":2,"name":"\u00c7a chauffe au Palais\u2026Le cas Mansour Faye s\u00e8me la zizanie"}]},{"@type":"WebSite","@id":"https:\/\/www.public.sn\/#website","url":"https:\/\/www.public.sn\/","name":"LE PUBLIC","description":"","publisher":{"@id":"https:\/\/www.public.sn\/#organization"},"potentialAction":[{"@type":"SearchAction","target":{"@type":"EntryPoint","urlTemplate":"https:\/\/www.public.sn\/?s={search_term_string}"},"query-input":{"@type":"PropertyValueSpecification","valueRequired":true,"valueName":"search_term_string"}}],"inLanguage":"fr-FR"},{"@type":"Organization","@id":"https:\/\/www.public.sn\/#organization","name":"LE PUBLIC","url":"https:\/\/www.public.sn\/","logo":{"@type":"ImageObject","inLanguage":"fr-FR","@id":"https:\/\/www.public.sn\/#\/schema\/logo\/image\/","url":"https:\/\/www.public.sn\/wp-content\/uploads\/2024\/05\/cropped-LOGO-PUBLIC.SN_.png","contentUrl":"https:\/\/www.public.sn\/wp-content\/uploads\/2024\/05\/cropped-LOGO-PUBLIC.SN_.png","width":682,"height":192,"caption":"LE PUBLIC"},"image":{"@id":"https:\/\/www.public.sn\/#\/schema\/logo\/image\/"}},{"@type":"Person","@id":"https:\/\/www.public.sn\/#\/schema\/person\/cb76c8e1b8becc6be61fb5e92d6d0224","name":"LA REDACTION","image":{"@type":"ImageObject","inLanguage":"fr-FR","@id":"https:\/\/www.public.sn\/#\/schema\/person\/image\/","url":"https:\/\/secure.gravatar.com\/avatar\/2dce5ddd34b8fef0180efe03aa2a9bee7d953856048f9a16b298190a3178407c?s=96&d=mm&r=g","contentUrl":"https:\/\/secure.gravatar.com\/avatar\/2dce5ddd34b8fef0180efe03aa2a9bee7d953856048f9a16b298190a3178407c?s=96&d=mm&r=g","caption":"LA REDACTION"},"url":"https:\/\/www.public.sn\/index.php\/author\/editeurpsn\/"}]}},"jetpack_featured_media_url":"https:\/\/www.public.sn\/wp-content\/uploads\/2023\/01\/macky-sall-mansour-faye.jpeg","jetpack_sharing_enabled":true,"_links":{"self":[{"href":"https:\/\/www.public.sn\/index.php\/wp-json\/wp\/v2\/posts\/13506","targetHints":{"allow":["GET"]}}],"collection":[{"href":"https:\/\/www.public.sn\/index.php\/wp-json\/wp\/v2\/posts"}],"about":[{"href":"https:\/\/www.public.sn\/index.php\/wp-json\/wp\/v2\/types\/post"}],"author":[{"embeddable":true,"href":"https:\/\/www.public.sn\/index.php\/wp-json\/wp\/v2\/users\/7"}],"replies":[{"embeddable":true,"href":"https:\/\/www.public.sn\/index.php\/wp-json\/wp\/v2\/comments?post=13506"}],"version-history":[{"count":1,"href":"https:\/\/www.public.sn\/index.php\/wp-json\/wp\/v2\/posts\/13506\/revisions"}],"predecessor-version":[{"id":13508,"href":"https:\/\/www.public.sn\/index.php\/wp-json\/wp\/v2\/posts\/13506\/revisions\/13508"}],"wp:featuredmedia":[{"embeddable":true,"href":"https:\/\/www.public.sn\/index.php\/wp-json\/wp\/v2\/media\/13507"}],"wp:attachment":[{"href":"https:\/\/www.public.sn\/index.php\/wp-json\/wp\/v2\/media?parent=13506"}],"wp:term":[{"taxonomy":"category","embeddable":true,"href":"https:\/\/www.public.sn\/index.php\/wp-json\/wp\/v2\/categories?post=13506"},{"taxonomy":"post_tag","embeddable":true,"href":"https:\/\/www.public.sn\/index.php\/wp-json\/wp\/v2\/tags?post=13506"}],"curies":[{"name":"wp","href":"https:\/\/api.w.org\/{rel}","templated":true}]}}