{"id":13515,"date":"2023-01-11T12:51:14","date_gmt":"2023-01-11T12:51:14","guid":{"rendered":"https:\/\/www.public.sn\/?p=13515"},"modified":"2023-01-11T12:51:14","modified_gmt":"2023-01-11T12:51:14","slug":"les-assurances-de-larabie-saoudite-sur-le-pelerinage-2023","status":"publish","type":"post","link":"https:\/\/www.public.sn\/index.php\/2023\/01\/11\/les-assurances-de-larabie-saoudite-sur-le-pelerinage-2023\/","title":{"rendered":"Les assurances de l\u2019Arabie Saoudite sur le p\u00e8lerinage 2023"},"content":{"rendered":"<p>L\u2019Arabie saoudite poursuit sa politique de retour progressif \u00e0 la normale en supprimant les restrictions impos\u00e9es par le covid dans cadre du p\u00e8lerinage \u00e0 la Mecque. Apr\u00e8s la lev\u00e9e des premi\u00e8res contraintes, le ministre du Hajj et de la Omrah, Tawfiq Al Rabiah, qui s\u2019exprimait \u00e0 l\u2019occasion de l\u2019ouverture de l\u2019Expo Hajj 2023, a assur\u00e9 que le nombre d\u2019avant la pand\u00e9mie va \u00eatre tol\u00e9r\u00e9 pour cette ann\u00e9e de m\u00eame que la lev\u00e9e de la limite d\u2019\u00e2ge. Aussi, les frais d\u2019assurance pour les p\u00e8lerins du Hajj conna\u00eetront une baisse de 73% et de 63% pour les p\u00e8lerins de la Omrah et ce, \u00e0 compter d&rsquo;hier (Mardi).<\/p><div class=\"publi-paragraphe1\" style=\"margin-top: 10px;margin-bottom: 10px;margin-left: auto;margin-right: auto;text-align: center;\" id=\"publi-1216603910\"><div class=\"publi-adlabel\">Publicit\u00e9<\/div><script async src=\"\/\/pagead2.googlesyndication.com\/pagead\/js\/adsbygoogle.js?client=ca-pub-4089586018074219\" crossorigin=\"anonymous\"><\/script><ins class=\"adsbygoogle\" style=\"display:block;\" data-ad-client=\"ca-pub-4089586018074219\" \ndata-ad-slot=\"2087940154\" \ndata-ad-format=\"auto\"><\/ins>\n<script> \n(adsbygoogle = window.adsbygoogle || []).push({}); \n<\/script>\n<\/div>\n<p>Le ministre charg\u00e9 du Hajj annonce \u00e9galement que les p\u00e8lerins pourront d\u00e9sormais avoir leur visa pour la Omrah dans un d\u00e9lai de 24 heures pour leur permettre de visiter toutes les villes du Royaume, renseigne Emedia.<\/p>\n<div class=\"publi-apres-le-contenu\" style=\"margin-top: 10px;margin-bottom: 10px;margin-left: auto;margin-right: auto;text-align: center;\" id=\"publi-3460907731\"><div class=\"publi-adlabel\">Publicit\u00e9<\/div><script async src=\"\/\/pagead2.googlesyndication.com\/pagead\/js\/adsbygoogle.js?client=ca-pub-4089586018074219\" crossorigin=\"anonymous\"><\/script><ins class=\"adsbygoogle\" style=\"display:block;\" data-ad-client=\"ca-pub-4089586018074219\" \ndata-ad-slot=\"2087940154\" \ndata-ad-format=\"auto\"><\/ins>\n<script> \n(adsbygoogle = window.adsbygoogle || []).push({}); \n<\/script>\n<\/div>","protected":false},"excerpt":{"rendered":"<p>L\u2019Arabie saoudite poursuit sa politique de retour progressif \u00e0 la normale en supprimant les restrictions impos\u00e9es par le covid dans cadre du p\u00e8lerinage \u00e0 la Mecque. Apr\u00e8s la lev\u00e9e des premi\u00e8res contraintes, le ministre du Hajj et de la Omrah, Tawfiq Al Rabiah, qui s\u2019exprimait \u00e0 l\u2019occasion de l\u2019ouverture de l\u2019Expo Hajj 2023, a assur\u00e9 que le nombre d\u2019avant la pand\u00e9mie va \u00eatre tol\u00e9r\u00e9 pour cette ann\u00e9e de m\u00eame que la lev\u00e9e de la limite d\u2019\u00e2ge. Aussi, les frais d\u2019assurance pour les p\u00e8lerins du Hajj conna\u00eetront une baisse de 73% et de 63% pour les p\u00e8lerins de la Omrah et ce, \u00e0 compter d&rsquo;hier (Mardi). Le ministre charg\u00e9 du Hajj annonce \u00e9galement que les p\u00e8lerins pourront d\u00e9sormais avoir leur visa pour la Omrah dans un d\u00e9lai de 24 heures pour leur permettre de visiter toutes les villes du Royaume, renseigne Emedia.<\/p>\n","protected":false},"author":7,"featured_media":13516,"comment_status":"open","ping_status":"open","sticky":false,"template":"","format":"standard","meta":{"_jetpack_memberships_contains_paid_content":false,"footnotes":""},"categories":[375,4],"tags":[540,4059],"class_list":["post-13515","post","type-post","status-publish","format-standard","has-post-thumbnail","hentry","category-actualites","category-societe","tag-mecque","tag-pelerinage","entry","has-media","owp-thumbs-layout-horizontal","owp-btn-normal","owp-tabs-layout-horizontal","has-no-thumbnails","has-product-nav"],"yoast_head":"<!-- This site is optimized with the Yoast SEO plugin v25.5 - https:\/\/yoast.com\/wordpress\/plugins\/seo\/ -->\n<title>Les assurances de l\u2019Arabie Saoudite sur le p\u00e8lerinage 2023 - LE PUBLIC<\/title>\n<meta name=\"robots\" content=\"index, follow, max-snippet:-1, max-image-preview:large, max-video-preview:-1\" \/>\n<link rel=\"canonical\" href=\"https:\/\/www.public.sn\/index.php\/2023\/01\/11\/les-assurances-de-larabie-saoudite-sur-le-pelerinage-2023\/\" \/>\n<meta property=\"og:locale\" content=\"fr_FR\" \/>\n<meta property=\"og:type\" content=\"article\" \/>\n<meta property=\"og:title\" content=\"Les assurances de l\u2019Arabie Saoudite sur le p\u00e8lerinage 2023 - LE PUBLIC\" \/>\n<meta property=\"og:description\" content=\"L\u2019Arabie saoudite poursuit sa politique de retour progressif \u00e0 la normale en supprimant les restrictions impos\u00e9es par le covid dans cadre du p\u00e8lerinage \u00e0 la Mecque. Apr\u00e8s la lev\u00e9e des premi\u00e8res contraintes, le ministre du Hajj et de la Omrah, Tawfiq Al Rabiah, qui s\u2019exprimait \u00e0 l\u2019occasion de l\u2019ouverture de l\u2019Expo Hajj 2023, a assur\u00e9 que le nombre d\u2019avant la pand\u00e9mie va \u00eatre tol\u00e9r\u00e9 pour cette ann\u00e9e de m\u00eame que la lev\u00e9e de la limite d\u2019\u00e2ge. Aussi, les frais d\u2019assurance pour les p\u00e8lerins du Hajj conna\u00eetront une baisse de 73% et de 63% pour les p\u00e8lerins de la Omrah et ce, \u00e0 compter d&rsquo;hier (Mardi). Le ministre charg\u00e9 du Hajj annonce \u00e9galement que les p\u00e8lerins pourront d\u00e9sormais avoir leur visa pour la Omrah dans un d\u00e9lai de 24 heures pour leur permettre de visiter toutes les villes du Royaume, renseigne Emedia.\" \/>\n<meta property=\"og:url\" content=\"https:\/\/www.public.sn\/index.php\/2023\/01\/11\/les-assurances-de-larabie-saoudite-sur-le-pelerinage-2023\/\" \/>\n<meta property=\"og:site_name\" content=\"LE PUBLIC\" \/>\n<meta property=\"article:published_time\" content=\"2023-01-11T12:51:14+00:00\" \/>\n<meta property=\"og:image\" content=\"https:\/\/www.public.sn\/wp-content\/uploads\/2023\/01\/768x492_des-pelerins-musulmans-marchent-autour-de-la-kaaba-le-batiment-cubique-de-la-grande-mosquee-pendant-le-pelerinage-annuel-du-hajj-a-la-mecque-en-arabie-saoudite-le-10-juillet-2022.webp\" \/>\n\t<meta property=\"og:image:width\" content=\"768\" \/>\n\t<meta property=\"og:image:height\" content=\"492\" \/>\n\t<meta property=\"og:image:type\" content=\"image\/webp\" \/>\n<meta name=\"author\" content=\"LA REDACTION\" \/>\n<meta name=\"twitter:card\" content=\"summary_large_image\" \/>\n<meta name=\"twitter:label1\" content=\"\u00c9crit par\" \/>\n\t<meta name=\"twitter:data1\" content=\"LA REDACTION\" \/>\n\t<meta name=\"twitter:label2\" content=\"Dur\u00e9e de lecture estim\u00e9e\" \/>\n\t<meta name=\"twitter:data2\" content=\"1 minute\" \/>\n<script type=\"application\/ld+json\" class=\"yoast-schema-graph\">{\"@context\":\"https:\/\/schema.org\",\"@graph\":[{\"@type\":\"Article\",\"@id\":\"https:\/\/www.public.sn\/index.php\/2023\/01\/11\/les-assurances-de-larabie-saoudite-sur-le-pelerinage-2023\/#article\",\"isPartOf\":{\"@id\":\"https:\/\/www.public.sn\/index.php\/2023\/01\/11\/les-assurances-de-larabie-saoudite-sur-le-pelerinage-2023\/\"},\"author\":{\"name\":\"LA REDACTION\",\"@id\":\"https:\/\/www.public.sn\/#\/schema\/person\/cb76c8e1b8becc6be61fb5e92d6d0224\"},\"headline\":\"Les assurances de l\u2019Arabie Saoudite sur le p\u00e8lerinage 2023\",\"datePublished\":\"2023-01-11T12:51:14+00:00\",\"mainEntityOfPage\":{\"@id\":\"https:\/\/www.public.sn\/index.php\/2023\/01\/11\/les-assurances-de-larabie-saoudite-sur-le-pelerinage-2023\/\"},\"wordCount\":167,\"commentCount\":0,\"publisher\":{\"@id\":\"https:\/\/www.public.sn\/#organization\"},\"image\":{\"@id\":\"https:\/\/www.public.sn\/index.php\/2023\/01\/11\/les-assurances-de-larabie-saoudite-sur-le-pelerinage-2023\/#primaryimage\"},\"thumbnailUrl\":\"https:\/\/www.public.sn\/wp-content\/uploads\/2023\/01\/768x492_des-pelerins-musulmans-marchent-autour-de-la-kaaba-le-batiment-cubique-de-la-grande-mosquee-pendant-le-pelerinage-annuel-du-hajj-a-la-mecque-en-arabie-saoudite-le-10-juillet-2022.webp\",\"keywords\":[\"Mecque\",\"p\u00e9lerinage\"],\"articleSection\":[\"ACTUALIT\u00c9S\",\"SOCIETE\"],\"inLanguage\":\"fr-FR\",\"potentialAction\":[{\"@type\":\"CommentAction\",\"name\":\"Comment\",\"target\":[\"https:\/\/www.public.sn\/index.php\/2023\/01\/11\/les-assurances-de-larabie-saoudite-sur-le-pelerinage-2023\/#respond\"]}]},{\"@type\":\"WebPage\",\"@id\":\"https:\/\/www.public.sn\/index.php\/2023\/01\/11\/les-assurances-de-larabie-saoudite-sur-le-pelerinage-2023\/\",\"url\":\"https:\/\/www.public.sn\/index.php\/2023\/01\/11\/les-assurances-de-larabie-saoudite-sur-le-pelerinage-2023\/\",\"name\":\"Les assurances de l\u2019Arabie Saoudite sur le p\u00e8lerinage 2023 - LE PUBLIC\",\"isPartOf\":{\"@id\":\"https:\/\/www.public.sn\/#website\"},\"primaryImageOfPage\":{\"@id\":\"https:\/\/www.public.sn\/index.php\/2023\/01\/11\/les-assurances-de-larabie-saoudite-sur-le-pelerinage-2023\/#primaryimage\"},\"image\":{\"@id\":\"https:\/\/www.public.sn\/index.php\/2023\/01\/11\/les-assurances-de-larabie-saoudite-sur-le-pelerinage-2023\/#primaryimage\"},\"thumbnailUrl\":\"https:\/\/www.public.sn\/wp-content\/uploads\/2023\/01\/768x492_des-pelerins-musulmans-marchent-autour-de-la-kaaba-le-batiment-cubique-de-la-grande-mosquee-pendant-le-pelerinage-annuel-du-hajj-a-la-mecque-en-arabie-saoudite-le-10-juillet-2022.webp\",\"datePublished\":\"2023-01-11T12:51:14+00:00\",\"breadcrumb\":{\"@id\":\"https:\/\/www.public.sn\/index.php\/2023\/01\/11\/les-assurances-de-larabie-saoudite-sur-le-pelerinage-2023\/#breadcrumb\"},\"inLanguage\":\"fr-FR\",\"potentialAction\":[{\"@type\":\"ReadAction\",\"target\":[\"https:\/\/www.public.sn\/index.php\/2023\/01\/11\/les-assurances-de-larabie-saoudite-sur-le-pelerinage-2023\/\"]}]},{\"@type\":\"ImageObject\",\"inLanguage\":\"fr-FR\",\"@id\":\"https:\/\/www.public.sn\/index.php\/2023\/01\/11\/les-assurances-de-larabie-saoudite-sur-le-pelerinage-2023\/#primaryimage\",\"url\":\"https:\/\/www.public.sn\/wp-content\/uploads\/2023\/01\/768x492_des-pelerins-musulmans-marchent-autour-de-la-kaaba-le-batiment-cubique-de-la-grande-mosquee-pendant-le-pelerinage-annuel-du-hajj-a-la-mecque-en-arabie-saoudite-le-10-juillet-2022.webp\",\"contentUrl\":\"https:\/\/www.public.sn\/wp-content\/uploads\/2023\/01\/768x492_des-pelerins-musulmans-marchent-autour-de-la-kaaba-le-batiment-cubique-de-la-grande-mosquee-pendant-le-pelerinage-annuel-du-hajj-a-la-mecque-en-arabie-saoudite-le-10-juillet-2022.webp\",\"width\":768,\"height\":492},{\"@type\":\"BreadcrumbList\",\"@id\":\"https:\/\/www.public.sn\/index.php\/2023\/01\/11\/les-assurances-de-larabie-saoudite-sur-le-pelerinage-2023\/#breadcrumb\",\"itemListElement\":[{\"@type\":\"ListItem\",\"position\":1,\"name\":\"Accueil\",\"item\":\"https:\/\/www.public.sn\/\"},{\"@type\":\"ListItem\",\"position\":2,\"name\":\"Les assurances de l\u2019Arabie Saoudite sur le p\u00e8lerinage 2023\"}]},{\"@type\":\"WebSite\",\"@id\":\"https:\/\/www.public.sn\/#website\",\"url\":\"https:\/\/www.public.sn\/\",\"name\":\"LE PUBLIC\",\"description\":\"\",\"publisher\":{\"@id\":\"https:\/\/www.public.sn\/#organization\"},\"potentialAction\":[{\"@type\":\"SearchAction\",\"target\":{\"@type\":\"EntryPoint\",\"urlTemplate\":\"https:\/\/www.public.sn\/?s={search_term_string}\"},\"query-input\":{\"@type\":\"PropertyValueSpecification\",\"valueRequired\":true,\"valueName\":\"search_term_string\"}}],\"inLanguage\":\"fr-FR\"},{\"@type\":\"Organization\",\"@id\":\"https:\/\/www.public.sn\/#organization\",\"name\":\"LE PUBLIC\",\"url\":\"https:\/\/www.public.sn\/\",\"logo\":{\"@type\":\"ImageObject\",\"inLanguage\":\"fr-FR\",\"@id\":\"https:\/\/www.public.sn\/#\/schema\/logo\/image\/\",\"url\":\"https:\/\/www.public.sn\/wp-content\/uploads\/2024\/05\/cropped-LOGO-PUBLIC.SN_.png\",\"contentUrl\":\"https:\/\/www.public.sn\/wp-content\/uploads\/2024\/05\/cropped-LOGO-PUBLIC.SN_.png\",\"width\":682,\"height\":192,\"caption\":\"LE PUBLIC\"},\"image\":{\"@id\":\"https:\/\/www.public.sn\/#\/schema\/logo\/image\/\"}},{\"@type\":\"Person\",\"@id\":\"https:\/\/www.public.sn\/#\/schema\/person\/cb76c8e1b8becc6be61fb5e92d6d0224\",\"name\":\"LA REDACTION\",\"image\":{\"@type\":\"ImageObject\",\"inLanguage\":\"fr-FR\",\"@id\":\"https:\/\/www.public.sn\/#\/schema\/person\/image\/\",\"url\":\"https:\/\/secure.gravatar.com\/avatar\/2dce5ddd34b8fef0180efe03aa2a9bee7d953856048f9a16b298190a3178407c?s=96&d=mm&r=g\",\"contentUrl\":\"https:\/\/secure.gravatar.com\/avatar\/2dce5ddd34b8fef0180efe03aa2a9bee7d953856048f9a16b298190a3178407c?s=96&d=mm&r=g\",\"caption\":\"LA REDACTION\"},\"url\":\"https:\/\/www.public.sn\/index.php\/author\/editeurpsn\/\"}]}<\/script>\n<!-- \/ Yoast SEO plugin. -->","yoast_head_json":{"title":"Les assurances de l\u2019Arabie Saoudite sur le p\u00e8lerinage 2023 - LE PUBLIC","robots":{"index":"index","follow":"follow","max-snippet":"max-snippet:-1","max-image-preview":"max-image-preview:large","max-video-preview":"max-video-preview:-1"},"canonical":"https:\/\/www.public.sn\/index.php\/2023\/01\/11\/les-assurances-de-larabie-saoudite-sur-le-pelerinage-2023\/","og_locale":"fr_FR","og_type":"article","og_title":"Les assurances de l\u2019Arabie Saoudite sur le p\u00e8lerinage 2023 - LE PUBLIC","og_description":"L\u2019Arabie saoudite poursuit sa politique de retour progressif \u00e0 la normale en supprimant les restrictions impos\u00e9es par le covid dans cadre du p\u00e8lerinage \u00e0 la Mecque. Apr\u00e8s la lev\u00e9e des premi\u00e8res contraintes, le ministre du Hajj et de la Omrah, Tawfiq Al Rabiah, qui s\u2019exprimait \u00e0 l\u2019occasion de l\u2019ouverture de l\u2019Expo Hajj 2023, a assur\u00e9 que le nombre d\u2019avant la pand\u00e9mie va \u00eatre tol\u00e9r\u00e9 pour cette ann\u00e9e de m\u00eame que la lev\u00e9e de la limite d\u2019\u00e2ge. Aussi, les frais d\u2019assurance pour les p\u00e8lerins du Hajj conna\u00eetront une baisse de 73% et de 63% pour les p\u00e8lerins de la Omrah et ce, \u00e0 compter d&rsquo;hier (Mardi). Le ministre charg\u00e9 du Hajj annonce \u00e9galement que les p\u00e8lerins pourront d\u00e9sormais avoir leur visa pour la Omrah dans un d\u00e9lai de 24 heures pour leur permettre de visiter toutes les villes du Royaume, renseigne Emedia.","og_url":"https:\/\/www.public.sn\/index.php\/2023\/01\/11\/les-assurances-de-larabie-saoudite-sur-le-pelerinage-2023\/","og_site_name":"LE PUBLIC","article_published_time":"2023-01-11T12:51:14+00:00","og_image":[{"width":768,"height":492,"url":"https:\/\/www.public.sn\/wp-content\/uploads\/2023\/01\/768x492_des-pelerins-musulmans-marchent-autour-de-la-kaaba-le-batiment-cubique-de-la-grande-mosquee-pendant-le-pelerinage-annuel-du-hajj-a-la-mecque-en-arabie-saoudite-le-10-juillet-2022.webp","type":"image\/webp"}],"author":"LA REDACTION","twitter_card":"summary_large_image","twitter_misc":{"\u00c9crit par":"LA REDACTION","Dur\u00e9e de lecture estim\u00e9e":"1 minute"},"schema":{"@context":"https:\/\/schema.org","@graph":[{"@type":"Article","@id":"https:\/\/www.public.sn\/index.php\/2023\/01\/11\/les-assurances-de-larabie-saoudite-sur-le-pelerinage-2023\/#article","isPartOf":{"@id":"https:\/\/www.public.sn\/index.php\/2023\/01\/11\/les-assurances-de-larabie-saoudite-sur-le-pelerinage-2023\/"},"author":{"name":"LA REDACTION","@id":"https:\/\/www.public.sn\/#\/schema\/person\/cb76c8e1b8becc6be61fb5e92d6d0224"},"headline":"Les assurances de l\u2019Arabie Saoudite sur le p\u00e8lerinage 2023","datePublished":"2023-01-11T12:51:14+00:00","mainEntityOfPage":{"@id":"https:\/\/www.public.sn\/index.php\/2023\/01\/11\/les-assurances-de-larabie-saoudite-sur-le-pelerinage-2023\/"},"wordCount":167,"commentCount":0,"publisher":{"@id":"https:\/\/www.public.sn\/#organization"},"image":{"@id":"https:\/\/www.public.sn\/index.php\/2023\/01\/11\/les-assurances-de-larabie-saoudite-sur-le-pelerinage-2023\/#primaryimage"},"thumbnailUrl":"https:\/\/www.public.sn\/wp-content\/uploads\/2023\/01\/768x492_des-pelerins-musulmans-marchent-autour-de-la-kaaba-le-batiment-cubique-de-la-grande-mosquee-pendant-le-pelerinage-annuel-du-hajj-a-la-mecque-en-arabie-saoudite-le-10-juillet-2022.webp","keywords":["Mecque","p\u00e9lerinage"],"articleSection":["ACTUALIT\u00c9S","SOCIETE"],"inLanguage":"fr-FR","potentialAction":[{"@type":"CommentAction","name":"Comment","target":["https:\/\/www.public.sn\/index.php\/2023\/01\/11\/les-assurances-de-larabie-saoudite-sur-le-pelerinage-2023\/#respond"]}]},{"@type":"WebPage","@id":"https:\/\/www.public.sn\/index.php\/2023\/01\/11\/les-assurances-de-larabie-saoudite-sur-le-pelerinage-2023\/","url":"https:\/\/www.public.sn\/index.php\/2023\/01\/11\/les-assurances-de-larabie-saoudite-sur-le-pelerinage-2023\/","name":"Les assurances de l\u2019Arabie Saoudite sur le p\u00e8lerinage 2023 - LE PUBLIC","isPartOf":{"@id":"https:\/\/www.public.sn\/#website"},"primaryImageOfPage":{"@id":"https:\/\/www.public.sn\/index.php\/2023\/01\/11\/les-assurances-de-larabie-saoudite-sur-le-pelerinage-2023\/#primaryimage"},"image":{"@id":"https:\/\/www.public.sn\/index.php\/2023\/01\/11\/les-assurances-de-larabie-saoudite-sur-le-pelerinage-2023\/#primaryimage"},"thumbnailUrl":"https:\/\/www.public.sn\/wp-content\/uploads\/2023\/01\/768x492_des-pelerins-musulmans-marchent-autour-de-la-kaaba-le-batiment-cubique-de-la-grande-mosquee-pendant-le-pelerinage-annuel-du-hajj-a-la-mecque-en-arabie-saoudite-le-10-juillet-2022.webp","datePublished":"2023-01-11T12:51:14+00:00","breadcrumb":{"@id":"https:\/\/www.public.sn\/index.php\/2023\/01\/11\/les-assurances-de-larabie-saoudite-sur-le-pelerinage-2023\/#breadcrumb"},"inLanguage":"fr-FR","potentialAction":[{"@type":"ReadAction","target":["https:\/\/www.public.sn\/index.php\/2023\/01\/11\/les-assurances-de-larabie-saoudite-sur-le-pelerinage-2023\/"]}]},{"@type":"ImageObject","inLanguage":"fr-FR","@id":"https:\/\/www.public.sn\/index.php\/2023\/01\/11\/les-assurances-de-larabie-saoudite-sur-le-pelerinage-2023\/#primaryimage","url":"https:\/\/www.public.sn\/wp-content\/uploads\/2023\/01\/768x492_des-pelerins-musulmans-marchent-autour-de-la-kaaba-le-batiment-cubique-de-la-grande-mosquee-pendant-le-pelerinage-annuel-du-hajj-a-la-mecque-en-arabie-saoudite-le-10-juillet-2022.webp","contentUrl":"https:\/\/www.public.sn\/wp-content\/uploads\/2023\/01\/768x492_des-pelerins-musulmans-marchent-autour-de-la-kaaba-le-batiment-cubique-de-la-grande-mosquee-pendant-le-pelerinage-annuel-du-hajj-a-la-mecque-en-arabie-saoudite-le-10-juillet-2022.webp","width":768,"height":492},{"@type":"BreadcrumbList","@id":"https:\/\/www.public.sn\/index.php\/2023\/01\/11\/les-assurances-de-larabie-saoudite-sur-le-pelerinage-2023\/#breadcrumb","itemListElement":[{"@type":"ListItem","position":1,"name":"Accueil","item":"https:\/\/www.public.sn\/"},{"@type":"ListItem","position":2,"name":"Les assurances de l\u2019Arabie Saoudite sur le p\u00e8lerinage 2023"}]},{"@type":"WebSite","@id":"https:\/\/www.public.sn\/#website","url":"https:\/\/www.public.sn\/","name":"LE PUBLIC","description":"","publisher":{"@id":"https:\/\/www.public.sn\/#organization"},"potentialAction":[{"@type":"SearchAction","target":{"@type":"EntryPoint","urlTemplate":"https:\/\/www.public.sn\/?s={search_term_string}"},"query-input":{"@type":"PropertyValueSpecification","valueRequired":true,"valueName":"search_term_string"}}],"inLanguage":"fr-FR"},{"@type":"Organization","@id":"https:\/\/www.public.sn\/#organization","name":"LE PUBLIC","url":"https:\/\/www.public.sn\/","logo":{"@type":"ImageObject","inLanguage":"fr-FR","@id":"https:\/\/www.public.sn\/#\/schema\/logo\/image\/","url":"https:\/\/www.public.sn\/wp-content\/uploads\/2024\/05\/cropped-LOGO-PUBLIC.SN_.png","contentUrl":"https:\/\/www.public.sn\/wp-content\/uploads\/2024\/05\/cropped-LOGO-PUBLIC.SN_.png","width":682,"height":192,"caption":"LE PUBLIC"},"image":{"@id":"https:\/\/www.public.sn\/#\/schema\/logo\/image\/"}},{"@type":"Person","@id":"https:\/\/www.public.sn\/#\/schema\/person\/cb76c8e1b8becc6be61fb5e92d6d0224","name":"LA REDACTION","image":{"@type":"ImageObject","inLanguage":"fr-FR","@id":"https:\/\/www.public.sn\/#\/schema\/person\/image\/","url":"https:\/\/secure.gravatar.com\/avatar\/2dce5ddd34b8fef0180efe03aa2a9bee7d953856048f9a16b298190a3178407c?s=96&d=mm&r=g","contentUrl":"https:\/\/secure.gravatar.com\/avatar\/2dce5ddd34b8fef0180efe03aa2a9bee7d953856048f9a16b298190a3178407c?s=96&d=mm&r=g","caption":"LA REDACTION"},"url":"https:\/\/www.public.sn\/index.php\/author\/editeurpsn\/"}]}},"jetpack_featured_media_url":"https:\/\/www.public.sn\/wp-content\/uploads\/2023\/01\/768x492_des-pelerins-musulmans-marchent-autour-de-la-kaaba-le-batiment-cubique-de-la-grande-mosquee-pendant-le-pelerinage-annuel-du-hajj-a-la-mecque-en-arabie-saoudite-le-10-juillet-2022.webp","jetpack_sharing_enabled":true,"_links":{"self":[{"href":"https:\/\/www.public.sn\/index.php\/wp-json\/wp\/v2\/posts\/13515","targetHints":{"allow":["GET"]}}],"collection":[{"href":"https:\/\/www.public.sn\/index.php\/wp-json\/wp\/v2\/posts"}],"about":[{"href":"https:\/\/www.public.sn\/index.php\/wp-json\/wp\/v2\/types\/post"}],"author":[{"embeddable":true,"href":"https:\/\/www.public.sn\/index.php\/wp-json\/wp\/v2\/users\/7"}],"replies":[{"embeddable":true,"href":"https:\/\/www.public.sn\/index.php\/wp-json\/wp\/v2\/comments?post=13515"}],"version-history":[{"count":1,"href":"https:\/\/www.public.sn\/index.php\/wp-json\/wp\/v2\/posts\/13515\/revisions"}],"predecessor-version":[{"id":13517,"href":"https:\/\/www.public.sn\/index.php\/wp-json\/wp\/v2\/posts\/13515\/revisions\/13517"}],"wp:featuredmedia":[{"embeddable":true,"href":"https:\/\/www.public.sn\/index.php\/wp-json\/wp\/v2\/media\/13516"}],"wp:attachment":[{"href":"https:\/\/www.public.sn\/index.php\/wp-json\/wp\/v2\/media?parent=13515"}],"wp:term":[{"taxonomy":"category","embeddable":true,"href":"https:\/\/www.public.sn\/index.php\/wp-json\/wp\/v2\/categories?post=13515"},{"taxonomy":"post_tag","embeddable":true,"href":"https:\/\/www.public.sn\/index.php\/wp-json\/wp\/v2\/tags?post=13515"}],"curies":[{"name":"wp","href":"https:\/\/api.w.org\/{rel}","templated":true}]}}