{"id":13542,"date":"2023-01-11T20:07:17","date_gmt":"2023-01-11T20:07:17","guid":{"rendered":"https:\/\/www.public.sn\/?p=13542"},"modified":"2023-01-11T20:07:17","modified_gmt":"2023-01-11T20:07:17","slug":"la-premiere-reaction-de-abdou-karim-gueye-apres-sa-liberation-video","status":"publish","type":"post","link":"https:\/\/www.public.sn\/index.php\/2023\/01\/11\/la-premiere-reaction-de-abdou-karim-gueye-apres-sa-liberation-video\/","title":{"rendered":"La premi\u00e8re r\u00e9action de Abdou Karim Gu\u00e8ye apr\u00e8s sa lib\u00e9ration (Vid\u00e9o)"},"content":{"rendered":"<p><strong>Lib\u00e9r\u00e9 ce mardi, Abdou Karim Gu\u00e8ye ne compte apparemment point c\u00e9der face \u00e0 la pression sociale et aux moult arrestations dont il est victime. Dans une coure vid\u00e9o mise en ligne sur sa cha\u00eene YouTube, il revient sur les raisons de son refus de signer la libert\u00e9 provisoire qui lui a \u00e9t\u00e9 accord\u00e9.<\/strong><\/p><div class=\"publi-paragraphe1\" style=\"margin-top: 10px;margin-bottom: 10px;margin-left: auto;margin-right: auto;text-align: center;\" id=\"publi-3034359305\"><div class=\"publi-adlabel\">Publicit\u00e9<\/div><script async src=\"\/\/pagead2.googlesyndication.com\/pagead\/js\/adsbygoogle.js?client=ca-pub-4089586018074219\" crossorigin=\"anonymous\"><\/script><ins class=\"adsbygoogle\" style=\"display:block;\" data-ad-client=\"ca-pub-4089586018074219\" \ndata-ad-slot=\"2087940154\" \ndata-ad-format=\"auto\"><\/ins>\n<script> \n(adsbygoogle = window.adsbygoogle || []).push({}); \n<\/script>\n<\/div>\n<p><iframe title=\"Abdou Karim Gueye : Je ne signerai pas \" src=\"https:\/\/www.youtube.com\/embed\/17Wg6vSOJtA\" width=\"640\" height=\"360\" frameborder=\"0\" allowfullscreen=\"allowfullscreen\"><\/iframe><\/p>\n<div class=\"publi-apres-le-contenu\" style=\"margin-top: 10px;margin-bottom: 10px;margin-left: auto;margin-right: auto;text-align: center;\" id=\"publi-1268965125\"><div class=\"publi-adlabel\">Publicit\u00e9<\/div><script async src=\"\/\/pagead2.googlesyndication.com\/pagead\/js\/adsbygoogle.js?client=ca-pub-4089586018074219\" crossorigin=\"anonymous\"><\/script><ins class=\"adsbygoogle\" style=\"display:block;\" data-ad-client=\"ca-pub-4089586018074219\" \ndata-ad-slot=\"2087940154\" \ndata-ad-format=\"auto\"><\/ins>\n<script> \n(adsbygoogle = window.adsbygoogle || []).push({}); \n<\/script>\n<\/div>","protected":false},"excerpt":{"rendered":"<p>Lib\u00e9r\u00e9 ce mardi, Abdou Karim Gu\u00e8ye ne compte apparemment point c\u00e9der face \u00e0 la pression sociale et aux moult arrestations dont il est victime. Dans une coure vid\u00e9o mise en ligne sur sa cha\u00eene YouTube, il revient sur les raisons de son refus de signer la libert\u00e9 provisoire qui lui a \u00e9t\u00e9 accord\u00e9.<\/p>\n","protected":false},"author":1,"featured_media":13543,"comment_status":"open","ping_status":"open","sticky":false,"template":"","format":"standard","meta":{"_jetpack_memberships_contains_paid_content":false,"footnotes":""},"categories":[375,5,3,376,1,4,372,6],"tags":[727],"class_list":["post-13542","post","type-post","status-publish","format-standard","has-post-thumbnail","hentry","category-actualites","category-people","category-politique","category-securite-justice","category-non-classe","category-societe","category-vedette","category-videos","tag-abdou-karim-gueye","entry","has-media","owp-thumbs-layout-horizontal","owp-btn-normal","owp-tabs-layout-horizontal","has-no-thumbnails","has-product-nav"],"yoast_head":"<!-- This site is optimized with the Yoast SEO plugin v25.5 - https:\/\/yoast.com\/wordpress\/plugins\/seo\/ -->\n<title>La premi\u00e8re r\u00e9action de Abdou Karim Gu\u00e8ye apr\u00e8s sa lib\u00e9ration (Vid\u00e9o) - LE PUBLIC<\/title>\n<meta name=\"robots\" content=\"index, follow, max-snippet:-1, max-image-preview:large, max-video-preview:-1\" \/>\n<link rel=\"canonical\" href=\"https:\/\/www.public.sn\/index.php\/2023\/01\/11\/la-premiere-reaction-de-abdou-karim-gueye-apres-sa-liberation-video\/\" \/>\n<meta property=\"og:locale\" content=\"fr_FR\" \/>\n<meta property=\"og:type\" content=\"article\" \/>\n<meta property=\"og:title\" content=\"La premi\u00e8re r\u00e9action de Abdou Karim Gu\u00e8ye apr\u00e8s sa lib\u00e9ration (Vid\u00e9o) - LE PUBLIC\" \/>\n<meta property=\"og:description\" content=\"Lib\u00e9r\u00e9 ce mardi, Abdou Karim Gu\u00e8ye ne compte apparemment point c\u00e9der face \u00e0 la pression sociale et aux moult arrestations dont il est victime. Dans une coure vid\u00e9o mise en ligne sur sa cha\u00eene YouTube, il revient sur les raisons de son refus de signer la libert\u00e9 provisoire qui lui a \u00e9t\u00e9 accord\u00e9.\" \/>\n<meta property=\"og:url\" content=\"https:\/\/www.public.sn\/index.php\/2023\/01\/11\/la-premiere-reaction-de-abdou-karim-gueye-apres-sa-liberation-video\/\" \/>\n<meta property=\"og:site_name\" content=\"LE PUBLIC\" \/>\n<meta property=\"article:published_time\" content=\"2023-01-11T20:07:17+00:00\" \/>\n<meta property=\"og:image\" content=\"https:\/\/www.public.sn\/wp-content\/uploads\/2023\/01\/abdou-karim-gueye-sen.png\" \/>\n\t<meta property=\"og:image:width\" content=\"1048\" \/>\n\t<meta property=\"og:image:height\" content=\"594\" \/>\n\t<meta property=\"og:image:type\" content=\"image\/png\" \/>\n<meta name=\"author\" content=\"LA REDACTION\" \/>\n<meta name=\"twitter:card\" content=\"summary_large_image\" \/>\n<meta name=\"twitter:label1\" content=\"\u00c9crit par\" \/>\n\t<meta name=\"twitter:data1\" content=\"LA REDACTION\" \/>\n\t<meta name=\"twitter:label2\" content=\"Dur\u00e9e de lecture estim\u00e9e\" \/>\n\t<meta name=\"twitter:data2\" content=\"1 minute\" \/>\n<script type=\"application\/ld+json\" class=\"yoast-schema-graph\">{\"@context\":\"https:\/\/schema.org\",\"@graph\":[{\"@type\":\"Article\",\"@id\":\"https:\/\/www.public.sn\/index.php\/2023\/01\/11\/la-premiere-reaction-de-abdou-karim-gueye-apres-sa-liberation-video\/#article\",\"isPartOf\":{\"@id\":\"https:\/\/www.public.sn\/index.php\/2023\/01\/11\/la-premiere-reaction-de-abdou-karim-gueye-apres-sa-liberation-video\/\"},\"author\":{\"name\":\"LA REDACTION\",\"@id\":\"https:\/\/www.public.sn\/#\/schema\/person\/e3f4a11b037d4203902db148f9bc8d5a\"},\"headline\":\"La premi\u00e8re r\u00e9action de Abdou Karim Gu\u00e8ye apr\u00e8s sa lib\u00e9ration (Vid\u00e9o)\",\"datePublished\":\"2023-01-11T20:07:17+00:00\",\"mainEntityOfPage\":{\"@id\":\"https:\/\/www.public.sn\/index.php\/2023\/01\/11\/la-premiere-reaction-de-abdou-karim-gueye-apres-sa-liberation-video\/\"},\"wordCount\":74,\"commentCount\":0,\"publisher\":{\"@id\":\"https:\/\/www.public.sn\/#organization\"},\"image\":{\"@id\":\"https:\/\/www.public.sn\/index.php\/2023\/01\/11\/la-premiere-reaction-de-abdou-karim-gueye-apres-sa-liberation-video\/#primaryimage\"},\"thumbnailUrl\":\"https:\/\/www.public.sn\/wp-content\/uploads\/2023\/01\/abdou-karim-gueye-sen.png\",\"keywords\":[\"Abdou Karim Gu\u00e9ye\"],\"articleSection\":[\"ACTUALIT\u00c9S\",\"PEOPLE\",\"POLITIQUE\",\"S\u00c9CURIT\u00c9 &amp; JUSTICE\",\"S\u00c9N\u00c9GAL\",\"SOCIETE\",\"VEDETTE\",\"VIDEOS\"],\"inLanguage\":\"fr-FR\",\"potentialAction\":[{\"@type\":\"CommentAction\",\"name\":\"Comment\",\"target\":[\"https:\/\/www.public.sn\/index.php\/2023\/01\/11\/la-premiere-reaction-de-abdou-karim-gueye-apres-sa-liberation-video\/#respond\"]}]},{\"@type\":\"WebPage\",\"@id\":\"https:\/\/www.public.sn\/index.php\/2023\/01\/11\/la-premiere-reaction-de-abdou-karim-gueye-apres-sa-liberation-video\/\",\"url\":\"https:\/\/www.public.sn\/index.php\/2023\/01\/11\/la-premiere-reaction-de-abdou-karim-gueye-apres-sa-liberation-video\/\",\"name\":\"La premi\u00e8re r\u00e9action de Abdou Karim Gu\u00e8ye apr\u00e8s sa lib\u00e9ration (Vid\u00e9o) - LE PUBLIC\",\"isPartOf\":{\"@id\":\"https:\/\/www.public.sn\/#website\"},\"primaryImageOfPage\":{\"@id\":\"https:\/\/www.public.sn\/index.php\/2023\/01\/11\/la-premiere-reaction-de-abdou-karim-gueye-apres-sa-liberation-video\/#primaryimage\"},\"image\":{\"@id\":\"https:\/\/www.public.sn\/index.php\/2023\/01\/11\/la-premiere-reaction-de-abdou-karim-gueye-apres-sa-liberation-video\/#primaryimage\"},\"thumbnailUrl\":\"https:\/\/www.public.sn\/wp-content\/uploads\/2023\/01\/abdou-karim-gueye-sen.png\",\"datePublished\":\"2023-01-11T20:07:17+00:00\",\"breadcrumb\":{\"@id\":\"https:\/\/www.public.sn\/index.php\/2023\/01\/11\/la-premiere-reaction-de-abdou-karim-gueye-apres-sa-liberation-video\/#breadcrumb\"},\"inLanguage\":\"fr-FR\",\"potentialAction\":[{\"@type\":\"ReadAction\",\"target\":[\"https:\/\/www.public.sn\/index.php\/2023\/01\/11\/la-premiere-reaction-de-abdou-karim-gueye-apres-sa-liberation-video\/\"]}]},{\"@type\":\"ImageObject\",\"inLanguage\":\"fr-FR\",\"@id\":\"https:\/\/www.public.sn\/index.php\/2023\/01\/11\/la-premiere-reaction-de-abdou-karim-gueye-apres-sa-liberation-video\/#primaryimage\",\"url\":\"https:\/\/www.public.sn\/wp-content\/uploads\/2023\/01\/abdou-karim-gueye-sen.png\",\"contentUrl\":\"https:\/\/www.public.sn\/wp-content\/uploads\/2023\/01\/abdou-karim-gueye-sen.png\",\"width\":1048,\"height\":594},{\"@type\":\"BreadcrumbList\",\"@id\":\"https:\/\/www.public.sn\/index.php\/2023\/01\/11\/la-premiere-reaction-de-abdou-karim-gueye-apres-sa-liberation-video\/#breadcrumb\",\"itemListElement\":[{\"@type\":\"ListItem\",\"position\":1,\"name\":\"Accueil\",\"item\":\"https:\/\/www.public.sn\/\"},{\"@type\":\"ListItem\",\"position\":2,\"name\":\"La premi\u00e8re r\u00e9action de Abdou Karim Gu\u00e8ye apr\u00e8s sa lib\u00e9ration (Vid\u00e9o)\"}]},{\"@type\":\"WebSite\",\"@id\":\"https:\/\/www.public.sn\/#website\",\"url\":\"https:\/\/www.public.sn\/\",\"name\":\"LE PUBLIC\",\"description\":\"\",\"publisher\":{\"@id\":\"https:\/\/www.public.sn\/#organization\"},\"potentialAction\":[{\"@type\":\"SearchAction\",\"target\":{\"@type\":\"EntryPoint\",\"urlTemplate\":\"https:\/\/www.public.sn\/?s={search_term_string}\"},\"query-input\":{\"@type\":\"PropertyValueSpecification\",\"valueRequired\":true,\"valueName\":\"search_term_string\"}}],\"inLanguage\":\"fr-FR\"},{\"@type\":\"Organization\",\"@id\":\"https:\/\/www.public.sn\/#organization\",\"name\":\"LE PUBLIC\",\"url\":\"https:\/\/www.public.sn\/\",\"logo\":{\"@type\":\"ImageObject\",\"inLanguage\":\"fr-FR\",\"@id\":\"https:\/\/www.public.sn\/#\/schema\/logo\/image\/\",\"url\":\"https:\/\/www.public.sn\/wp-content\/uploads\/2024\/05\/cropped-LOGO-PUBLIC.SN_.png\",\"contentUrl\":\"https:\/\/www.public.sn\/wp-content\/uploads\/2024\/05\/cropped-LOGO-PUBLIC.SN_.png\",\"width\":682,\"height\":192,\"caption\":\"LE PUBLIC\"},\"image\":{\"@id\":\"https:\/\/www.public.sn\/#\/schema\/logo\/image\/\"}},{\"@type\":\"Person\",\"@id\":\"https:\/\/www.public.sn\/#\/schema\/person\/e3f4a11b037d4203902db148f9bc8d5a\",\"name\":\"LA REDACTION\",\"image\":{\"@type\":\"ImageObject\",\"inLanguage\":\"fr-FR\",\"@id\":\"https:\/\/www.public.sn\/#\/schema\/person\/image\/\",\"url\":\"https:\/\/secure.gravatar.com\/avatar\/d6c030db45db2883c075085c5d6c6258654a801a93766b49af0b82d4f454e2a5?s=96&d=mm&r=g\",\"contentUrl\":\"https:\/\/secure.gravatar.com\/avatar\/d6c030db45db2883c075085c5d6c6258654a801a93766b49af0b82d4f454e2a5?s=96&d=mm&r=g\",\"caption\":\"LA REDACTION\"},\"sameAs\":[\"http:\/\/www.public.sn\"],\"url\":\"https:\/\/www.public.sn\/index.php\/author\/admin7324\/\"}]}<\/script>\n<!-- \/ Yoast SEO plugin. -->","yoast_head_json":{"title":"La premi\u00e8re r\u00e9action de Abdou Karim Gu\u00e8ye apr\u00e8s sa lib\u00e9ration (Vid\u00e9o) - LE PUBLIC","robots":{"index":"index","follow":"follow","max-snippet":"max-snippet:-1","max-image-preview":"max-image-preview:large","max-video-preview":"max-video-preview:-1"},"canonical":"https:\/\/www.public.sn\/index.php\/2023\/01\/11\/la-premiere-reaction-de-abdou-karim-gueye-apres-sa-liberation-video\/","og_locale":"fr_FR","og_type":"article","og_title":"La premi\u00e8re r\u00e9action de Abdou Karim Gu\u00e8ye apr\u00e8s sa lib\u00e9ration (Vid\u00e9o) - LE PUBLIC","og_description":"Lib\u00e9r\u00e9 ce mardi, Abdou Karim Gu\u00e8ye ne compte apparemment point c\u00e9der face \u00e0 la pression sociale et aux moult arrestations dont il est victime. Dans une coure vid\u00e9o mise en ligne sur sa cha\u00eene YouTube, il revient sur les raisons de son refus de signer la libert\u00e9 provisoire qui lui a \u00e9t\u00e9 accord\u00e9.","og_url":"https:\/\/www.public.sn\/index.php\/2023\/01\/11\/la-premiere-reaction-de-abdou-karim-gueye-apres-sa-liberation-video\/","og_site_name":"LE PUBLIC","article_published_time":"2023-01-11T20:07:17+00:00","og_image":[{"width":1048,"height":594,"url":"https:\/\/www.public.sn\/wp-content\/uploads\/2023\/01\/abdou-karim-gueye-sen.png","type":"image\/png"}],"author":"LA REDACTION","twitter_card":"summary_large_image","twitter_misc":{"\u00c9crit par":"LA REDACTION","Dur\u00e9e de lecture estim\u00e9e":"1 minute"},"schema":{"@context":"https:\/\/schema.org","@graph":[{"@type":"Article","@id":"https:\/\/www.public.sn\/index.php\/2023\/01\/11\/la-premiere-reaction-de-abdou-karim-gueye-apres-sa-liberation-video\/#article","isPartOf":{"@id":"https:\/\/www.public.sn\/index.php\/2023\/01\/11\/la-premiere-reaction-de-abdou-karim-gueye-apres-sa-liberation-video\/"},"author":{"name":"LA REDACTION","@id":"https:\/\/www.public.sn\/#\/schema\/person\/e3f4a11b037d4203902db148f9bc8d5a"},"headline":"La premi\u00e8re r\u00e9action de Abdou Karim Gu\u00e8ye apr\u00e8s sa lib\u00e9ration (Vid\u00e9o)","datePublished":"2023-01-11T20:07:17+00:00","mainEntityOfPage":{"@id":"https:\/\/www.public.sn\/index.php\/2023\/01\/11\/la-premiere-reaction-de-abdou-karim-gueye-apres-sa-liberation-video\/"},"wordCount":74,"commentCount":0,"publisher":{"@id":"https:\/\/www.public.sn\/#organization"},"image":{"@id":"https:\/\/www.public.sn\/index.php\/2023\/01\/11\/la-premiere-reaction-de-abdou-karim-gueye-apres-sa-liberation-video\/#primaryimage"},"thumbnailUrl":"https:\/\/www.public.sn\/wp-content\/uploads\/2023\/01\/abdou-karim-gueye-sen.png","keywords":["Abdou Karim Gu\u00e9ye"],"articleSection":["ACTUALIT\u00c9S","PEOPLE","POLITIQUE","S\u00c9CURIT\u00c9 &amp; JUSTICE","S\u00c9N\u00c9GAL","SOCIETE","VEDETTE","VIDEOS"],"inLanguage":"fr-FR","potentialAction":[{"@type":"CommentAction","name":"Comment","target":["https:\/\/www.public.sn\/index.php\/2023\/01\/11\/la-premiere-reaction-de-abdou-karim-gueye-apres-sa-liberation-video\/#respond"]}]},{"@type":"WebPage","@id":"https:\/\/www.public.sn\/index.php\/2023\/01\/11\/la-premiere-reaction-de-abdou-karim-gueye-apres-sa-liberation-video\/","url":"https:\/\/www.public.sn\/index.php\/2023\/01\/11\/la-premiere-reaction-de-abdou-karim-gueye-apres-sa-liberation-video\/","name":"La premi\u00e8re r\u00e9action de Abdou Karim Gu\u00e8ye apr\u00e8s sa lib\u00e9ration (Vid\u00e9o) - LE PUBLIC","isPartOf":{"@id":"https:\/\/www.public.sn\/#website"},"primaryImageOfPage":{"@id":"https:\/\/www.public.sn\/index.php\/2023\/01\/11\/la-premiere-reaction-de-abdou-karim-gueye-apres-sa-liberation-video\/#primaryimage"},"image":{"@id":"https:\/\/www.public.sn\/index.php\/2023\/01\/11\/la-premiere-reaction-de-abdou-karim-gueye-apres-sa-liberation-video\/#primaryimage"},"thumbnailUrl":"https:\/\/www.public.sn\/wp-content\/uploads\/2023\/01\/abdou-karim-gueye-sen.png","datePublished":"2023-01-11T20:07:17+00:00","breadcrumb":{"@id":"https:\/\/www.public.sn\/index.php\/2023\/01\/11\/la-premiere-reaction-de-abdou-karim-gueye-apres-sa-liberation-video\/#breadcrumb"},"inLanguage":"fr-FR","potentialAction":[{"@type":"ReadAction","target":["https:\/\/www.public.sn\/index.php\/2023\/01\/11\/la-premiere-reaction-de-abdou-karim-gueye-apres-sa-liberation-video\/"]}]},{"@type":"ImageObject","inLanguage":"fr-FR","@id":"https:\/\/www.public.sn\/index.php\/2023\/01\/11\/la-premiere-reaction-de-abdou-karim-gueye-apres-sa-liberation-video\/#primaryimage","url":"https:\/\/www.public.sn\/wp-content\/uploads\/2023\/01\/abdou-karim-gueye-sen.png","contentUrl":"https:\/\/www.public.sn\/wp-content\/uploads\/2023\/01\/abdou-karim-gueye-sen.png","width":1048,"height":594},{"@type":"BreadcrumbList","@id":"https:\/\/www.public.sn\/index.php\/2023\/01\/11\/la-premiere-reaction-de-abdou-karim-gueye-apres-sa-liberation-video\/#breadcrumb","itemListElement":[{"@type":"ListItem","position":1,"name":"Accueil","item":"https:\/\/www.public.sn\/"},{"@type":"ListItem","position":2,"name":"La premi\u00e8re r\u00e9action de Abdou Karim Gu\u00e8ye apr\u00e8s sa lib\u00e9ration (Vid\u00e9o)"}]},{"@type":"WebSite","@id":"https:\/\/www.public.sn\/#website","url":"https:\/\/www.public.sn\/","name":"LE PUBLIC","description":"","publisher":{"@id":"https:\/\/www.public.sn\/#organization"},"potentialAction":[{"@type":"SearchAction","target":{"@type":"EntryPoint","urlTemplate":"https:\/\/www.public.sn\/?s={search_term_string}"},"query-input":{"@type":"PropertyValueSpecification","valueRequired":true,"valueName":"search_term_string"}}],"inLanguage":"fr-FR"},{"@type":"Organization","@id":"https:\/\/www.public.sn\/#organization","name":"LE PUBLIC","url":"https:\/\/www.public.sn\/","logo":{"@type":"ImageObject","inLanguage":"fr-FR","@id":"https:\/\/www.public.sn\/#\/schema\/logo\/image\/","url":"https:\/\/www.public.sn\/wp-content\/uploads\/2024\/05\/cropped-LOGO-PUBLIC.SN_.png","contentUrl":"https:\/\/www.public.sn\/wp-content\/uploads\/2024\/05\/cropped-LOGO-PUBLIC.SN_.png","width":682,"height":192,"caption":"LE PUBLIC"},"image":{"@id":"https:\/\/www.public.sn\/#\/schema\/logo\/image\/"}},{"@type":"Person","@id":"https:\/\/www.public.sn\/#\/schema\/person\/e3f4a11b037d4203902db148f9bc8d5a","name":"LA REDACTION","image":{"@type":"ImageObject","inLanguage":"fr-FR","@id":"https:\/\/www.public.sn\/#\/schema\/person\/image\/","url":"https:\/\/secure.gravatar.com\/avatar\/d6c030db45db2883c075085c5d6c6258654a801a93766b49af0b82d4f454e2a5?s=96&d=mm&r=g","contentUrl":"https:\/\/secure.gravatar.com\/avatar\/d6c030db45db2883c075085c5d6c6258654a801a93766b49af0b82d4f454e2a5?s=96&d=mm&r=g","caption":"LA REDACTION"},"sameAs":["http:\/\/www.public.sn"],"url":"https:\/\/www.public.sn\/index.php\/author\/admin7324\/"}]}},"jetpack_featured_media_url":"https:\/\/www.public.sn\/wp-content\/uploads\/2023\/01\/abdou-karim-gueye-sen.png","jetpack_sharing_enabled":true,"_links":{"self":[{"href":"https:\/\/www.public.sn\/index.php\/wp-json\/wp\/v2\/posts\/13542","targetHints":{"allow":["GET"]}}],"collection":[{"href":"https:\/\/www.public.sn\/index.php\/wp-json\/wp\/v2\/posts"}],"about":[{"href":"https:\/\/www.public.sn\/index.php\/wp-json\/wp\/v2\/types\/post"}],"author":[{"embeddable":true,"href":"https:\/\/www.public.sn\/index.php\/wp-json\/wp\/v2\/users\/1"}],"replies":[{"embeddable":true,"href":"https:\/\/www.public.sn\/index.php\/wp-json\/wp\/v2\/comments?post=13542"}],"version-history":[{"count":1,"href":"https:\/\/www.public.sn\/index.php\/wp-json\/wp\/v2\/posts\/13542\/revisions"}],"predecessor-version":[{"id":13544,"href":"https:\/\/www.public.sn\/index.php\/wp-json\/wp\/v2\/posts\/13542\/revisions\/13544"}],"wp:featuredmedia":[{"embeddable":true,"href":"https:\/\/www.public.sn\/index.php\/wp-json\/wp\/v2\/media\/13543"}],"wp:attachment":[{"href":"https:\/\/www.public.sn\/index.php\/wp-json\/wp\/v2\/media?parent=13542"}],"wp:term":[{"taxonomy":"category","embeddable":true,"href":"https:\/\/www.public.sn\/index.php\/wp-json\/wp\/v2\/categories?post=13542"},{"taxonomy":"post_tag","embeddable":true,"href":"https:\/\/www.public.sn\/index.php\/wp-json\/wp\/v2\/tags?post=13542"}],"curies":[{"name":"wp","href":"https:\/\/api.w.org\/{rel}","templated":true}]}}