{"id":13549,"date":"2023-01-12T10:24:07","date_gmt":"2023-01-12T10:24:07","guid":{"rendered":"https:\/\/www.public.sn\/?p=13549"},"modified":"2023-01-12T10:24:07","modified_gmt":"2023-01-12T10:24:07","slug":"des-milliard-voles-40-morts-en-une-journee-le-remaniement-simpose-au-president","status":"publish","type":"post","link":"https:\/\/www.public.sn\/index.php\/2023\/01\/12\/des-milliard-voles-40-morts-en-une-journee-le-remaniement-simpose-au-president\/","title":{"rendered":"Des milliard vol\u00e9s, 40 morts en une journ\u00e9e, le remaniement s&rsquo;impose au pr\u00e9sident"},"content":{"rendered":"<p>Moins de six (6) mois apr\u00e8s son installation, le nouveau gouvernement dirig\u00e9 par Amadou Ba est emp\u00eatr\u00e9 dans des scandales. Si ce n\u2019est pas le rapport de la Cour des comptes d\u00e9criant une mal gouvernance sur la gestion de 1000 milliards \u00e0\u00a0allou\u00e9s pour alimenter les fonds destin\u00e9s aux secours dans le cadre de la Covid-19, c\u2019est le dernier accident de la route survenu sur la route de Kaffrine. L\u2019accident routier le plus meurtrier dans l\u2019histoire du S\u00e9n\u00e9gal avec son lot de 40 morts. Un accident dont la responsabilit\u00e9 d\u2019autorit\u00e9s, est largement engag\u00e9, car n\u2019ayant su faire prendre les mesures n\u00e9cessaires pourtant maintes fois \u00e9dict\u00e9es pour \u00e9viter ces genres de catastrophes sur la route.<\/p><div class=\"publi-paragraphe1\" style=\"margin-top: 10px;margin-bottom: 10px;margin-left: auto;margin-right: auto;text-align: center;\" id=\"publi-2490410410\"><div class=\"publi-adlabel\">Publicit\u00e9<\/div><script async src=\"\/\/pagead2.googlesyndication.com\/pagead\/js\/adsbygoogle.js?client=ca-pub-4089586018074219\" crossorigin=\"anonymous\"><\/script><ins class=\"adsbygoogle\" style=\"display:block;\" data-ad-client=\"ca-pub-4089586018074219\" \ndata-ad-slot=\"2087940154\" \ndata-ad-format=\"auto\"><\/ins>\n<script> \n(adsbygoogle = window.adsbygoogle || []).push({}); \n<\/script>\n<\/div>\n<p>L\u2019impunit\u00e9 qui frappe toutes les autorit\u00e9s cit\u00e9es autour de ces diff\u00e9rents scandales, indigne. L\u2019opinion publique s\u2019organise et manifeste contre l\u2019impunit\u00e9. Les bailleurs de fonds s\u2019inqui\u00e8tent \u00e9galement. Le Pr\u00e9sident de la R\u00e9publique Macky Sall se trouve interpell\u00e9 au premier plan. Il ne saurait y avoir de favoritisme dans ces diff\u00e9rents dossiers. Non seulement, toutes les autorit\u00e9s \u00e9tatiques impliqu\u00e9es dans ces diff\u00e9rents scandales doivent \u00eatre limog\u00e9es mais doivent \u00eatre poursuivies sur le plan judiciaire.<\/p>\n<p>Jamais le gouvernement du S\u00e9n\u00e9gal n\u2019a \u00e9t\u00e9 accul\u00e9 \u00e0 ce point suite au scandale ayant frapp\u00e9 la gestion des 1000 milliards FCFA sur la Covid-19. Non seulement, toute l\u2019opposition mais aussi la soci\u00e9t\u00e9 civile, les activistes, les bailleurs de fonds internationaux qui s\u2019en indignent, sont mont\u00e9s au cr\u00e9neau pour r\u00e9clamer que toute la lumi\u00e8re soit faite sur ce scandale. Les PTF comme nous le disons, ont rencontr\u00e9 le Premier ministre Amadou Ba qui les a rassur\u00e9s sur les recommandations \u00e0 suivre par le rapport de la Cour des comptes. La Cour des comptes a demand\u00e9 l\u2019ouverture d\u2019informations judiciaires \u00e0 l\u2019encontre des ministres et DAGE incrimin\u00e9s\u2026<\/p>\n<p>Si le Premier ministre suit donc sa logique, alors le Pr\u00e9sident de la R\u00e9publique n\u2019aura d\u2019autre choix que de limoger tous les ministres suspect\u00e9s. D\u2019ailleurs, l\u2019on vient d\u2019annoncer que le Garde des Sceaux, ministre de la Justice vient de transmettre le rapport au Procureur de la R\u00e9publique. Le gouvernement est tr\u00e8s attendu. Il ne faudrait pas que les lampistes soient les seuls \u00e0 payer \u00e0 propos de ce carnage financier.<\/p>\n<p>L\u2019autre carnage, meurtrier cette fois, c\u2019est le tragique accident routier survenu sur la route de Kaffrine qui doit valoir \u00e0 toutes les personnes fautives, d\u2019\u00eatre poursuivies au niveau de la justice. Un nouveau gouvernement Amadou Ba-2\u00a0s\u2019impose donc \u00e0 Macky Sall. On ne peut pas incriminer des personnes encore ministres. Il faut que ces personnes quittent le gouvernement pour aller r\u00e9pondre \u00e0 la justice.<\/p>\n<p>Il y va de la transparence \u00e0 travers le traitement de ces diff\u00e9rentes affaires. Macky Sall est dos au mur. Il ne peut plus reculer. Toute l\u2019opinion nationale et internationale l\u2019attend sur la suite \u00e0 donner dans ces affaires. Des sanctions sont attendues de lui. D\u2019o\u00f9 donc, la question du remaniement minist\u00e9riel qui s\u2019impose. Tous les ministres fautifs sans aucune exception, doivent quitter le gouvernement. Ce qui ne fera que rassurer toute l\u2019opinion nationale et internationale.<\/p>\n<div class=\"nty nty-post-middle nty-float-center nty-align-center nty-column-1 nty-clearfix no-bg-box-model\">\n<div id=\"nty-3576-1085189896\" class=\"nty-container nty-type-code \" data-adid=\"3576\" data-type=\"code\">\n<div id=\"nty-3576-1085189896-place\"><\/div>\n<\/div>\n<\/div>\n<div class=\"publi-apres-le-contenu\" style=\"margin-top: 10px;margin-bottom: 10px;margin-left: auto;margin-right: auto;text-align: center;\" id=\"publi-2052990697\"><div class=\"publi-adlabel\">Publicit\u00e9<\/div><script async src=\"\/\/pagead2.googlesyndication.com\/pagead\/js\/adsbygoogle.js?client=ca-pub-4089586018074219\" crossorigin=\"anonymous\"><\/script><ins class=\"adsbygoogle\" style=\"display:block;\" data-ad-client=\"ca-pub-4089586018074219\" \ndata-ad-slot=\"2087940154\" \ndata-ad-format=\"auto\"><\/ins>\n<script> \n(adsbygoogle = window.adsbygoogle || []).push({}); \n<\/script>\n<\/div>","protected":false},"excerpt":{"rendered":"<p>Moins de six (6) mois apr\u00e8s son installation, le nouveau gouvernement dirig\u00e9 par Amadou Ba est emp\u00eatr\u00e9 dans des scandales. Si ce n\u2019est pas le rapport de la Cour des comptes d\u00e9criant une mal gouvernance sur la gestion de 1000 milliards \u00e0\u00a0allou\u00e9s pour alimenter les fonds destin\u00e9s aux secours dans le cadre de la Covid-19, c\u2019est le dernier accident de la route survenu sur la route de Kaffrine. L\u2019accident routier le plus meurtrier dans l\u2019histoire du S\u00e9n\u00e9gal avec son lot de 40 morts. Un accident dont la responsabilit\u00e9 d\u2019autorit\u00e9s, est largement engag\u00e9, car n\u2019ayant su faire prendre les mesures n\u00e9cessaires pourtant maintes fois \u00e9dict\u00e9es pour \u00e9viter ces genres de catastrophes sur la route. L\u2019impunit\u00e9 qui frappe toutes les autorit\u00e9s cit\u00e9es autour de ces diff\u00e9rents scandales, indigne. L\u2019opinion publique s\u2019organise et manifeste contre l\u2019impunit\u00e9. Les bailleurs de fonds s\u2019inqui\u00e8tent \u00e9galement. Le Pr\u00e9sident de la R\u00e9publique Macky Sall se trouve interpell\u00e9 au premier plan. Il ne saurait y avoir de favoritisme dans ces diff\u00e9rents dossiers. Non seulement, toutes les autorit\u00e9s \u00e9tatiques impliqu\u00e9es dans ces diff\u00e9rents scandales doivent \u00eatre limog\u00e9es mais doivent \u00eatre poursuivies sur le plan judiciaire. Jamais le gouvernement du S\u00e9n\u00e9gal n\u2019a \u00e9t\u00e9 accul\u00e9 \u00e0 ce point suite au scandale ayant frapp\u00e9 la gestion des 1000 milliards FCFA sur la Covid-19. Non seulement, toute l\u2019opposition mais aussi la soci\u00e9t\u00e9 civile, les activistes, les bailleurs de fonds internationaux qui s\u2019en indignent, sont mont\u00e9s au cr\u00e9neau pour r\u00e9clamer que toute la lumi\u00e8re soit faite sur ce scandale. Les PTF comme nous le disons, ont rencontr\u00e9 le Premier ministre Amadou Ba qui les a rassur\u00e9s sur les recommandations \u00e0 suivre par le rapport de la Cour des comptes. La Cour des comptes a demand\u00e9 l\u2019ouverture d\u2019informations judiciaires \u00e0 l\u2019encontre des ministres et DAGE incrimin\u00e9s\u2026 Si le Premier ministre suit donc sa logique, alors le Pr\u00e9sident de la R\u00e9publique n\u2019aura d\u2019autre choix que de limoger tous les ministres suspect\u00e9s. D\u2019ailleurs, l\u2019on vient d\u2019annoncer que le Garde des Sceaux, ministre de la Justice vient de transmettre le rapport au Procureur de la R\u00e9publique. Le gouvernement est tr\u00e8s attendu. Il ne faudrait pas que les lampistes soient les seuls \u00e0 payer \u00e0 propos de ce carnage financier. L\u2019autre carnage, meurtrier cette fois, c\u2019est le tragique accident routier survenu sur la route de Kaffrine qui doit valoir \u00e0 toutes les personnes fautives, d\u2019\u00eatre poursuivies au niveau de la justice. Un nouveau gouvernement Amadou Ba-2\u00a0s\u2019impose donc \u00e0 Macky Sall. On ne peut pas incriminer des personnes encore ministres. Il faut que ces personnes quittent le gouvernement pour aller r\u00e9pondre \u00e0 la justice. Il y va de la transparence \u00e0 travers le traitement de ces diff\u00e9rentes affaires. Macky Sall est dos au mur. Il ne peut plus reculer. Toute l\u2019opinion nationale et internationale l\u2019attend sur la suite \u00e0 donner dans ces affaires. Des sanctions sont attendues de lui. D\u2019o\u00f9 donc, la question du remaniement minist\u00e9riel qui s\u2019impose. Tous les ministres fautifs sans aucune exception, doivent quitter le gouvernement. Ce qui ne fera que rassurer toute l\u2019opinion nationale et internationale.<\/p>\n","protected":false},"author":7,"featured_media":13550,"comment_status":"open","ping_status":"open","sticky":false,"template":"","format":"standard","meta":{"_jetpack_memberships_contains_paid_content":false,"footnotes":""},"categories":[375,3],"tags":[754,11,799],"class_list":["post-13549","post","type-post","status-publish","format-standard","has-post-thumbnail","hentry","category-actualites","category-politique","tag-gouvernement","tag-macky-sall","tag-remaniement","entry","has-media","owp-thumbs-layout-horizontal","owp-btn-normal","owp-tabs-layout-horizontal","has-no-thumbnails","has-product-nav"],"yoast_head":"<!-- This site is optimized with the Yoast SEO plugin v25.5 - https:\/\/yoast.com\/wordpress\/plugins\/seo\/ -->\n<title>Des milliard vol\u00e9s, 40 morts en une journ\u00e9e, le remaniement s&#039;impose au pr\u00e9sident - LE PUBLIC<\/title>\n<meta name=\"robots\" content=\"index, follow, max-snippet:-1, max-image-preview:large, max-video-preview:-1\" \/>\n<link rel=\"canonical\" href=\"https:\/\/www.public.sn\/index.php\/2023\/01\/12\/des-milliard-voles-40-morts-en-une-journee-le-remaniement-simpose-au-president\/\" \/>\n<meta property=\"og:locale\" content=\"fr_FR\" \/>\n<meta property=\"og:type\" content=\"article\" \/>\n<meta property=\"og:title\" content=\"Des milliard vol\u00e9s, 40 morts en une journ\u00e9e, le remaniement s&#039;impose au pr\u00e9sident - LE PUBLIC\" \/>\n<meta property=\"og:description\" content=\"Moins de six (6) mois apr\u00e8s son installation, le nouveau gouvernement dirig\u00e9 par Amadou Ba est emp\u00eatr\u00e9 dans des scandales. Si ce n\u2019est pas le rapport de la Cour des comptes d\u00e9criant une mal gouvernance sur la gestion de 1000 milliards \u00e0\u00a0allou\u00e9s pour alimenter les fonds destin\u00e9s aux secours dans le cadre de la Covid-19, c\u2019est le dernier accident de la route survenu sur la route de Kaffrine. L\u2019accident routier le plus meurtrier dans l\u2019histoire du S\u00e9n\u00e9gal avec son lot de 40 morts. Un accident dont la responsabilit\u00e9 d\u2019autorit\u00e9s, est largement engag\u00e9, car n\u2019ayant su faire prendre les mesures n\u00e9cessaires pourtant maintes fois \u00e9dict\u00e9es pour \u00e9viter ces genres de catastrophes sur la route. L\u2019impunit\u00e9 qui frappe toutes les autorit\u00e9s cit\u00e9es autour de ces diff\u00e9rents scandales, indigne. L\u2019opinion publique s\u2019organise et manifeste contre l\u2019impunit\u00e9. Les bailleurs de fonds s\u2019inqui\u00e8tent \u00e9galement. Le Pr\u00e9sident de la R\u00e9publique Macky Sall se trouve interpell\u00e9 au premier plan. Il ne saurait y avoir de favoritisme dans ces diff\u00e9rents dossiers. Non seulement, toutes les autorit\u00e9s \u00e9tatiques impliqu\u00e9es dans ces diff\u00e9rents scandales doivent \u00eatre limog\u00e9es mais doivent \u00eatre poursuivies sur le plan judiciaire. Jamais le gouvernement du S\u00e9n\u00e9gal n\u2019a \u00e9t\u00e9 accul\u00e9 \u00e0 ce point suite au scandale ayant frapp\u00e9 la gestion des 1000 milliards FCFA sur la Covid-19. Non seulement, toute l\u2019opposition mais aussi la soci\u00e9t\u00e9 civile, les activistes, les bailleurs de fonds internationaux qui s\u2019en indignent, sont mont\u00e9s au cr\u00e9neau pour r\u00e9clamer que toute la lumi\u00e8re soit faite sur ce scandale. Les PTF comme nous le disons, ont rencontr\u00e9 le Premier ministre Amadou Ba qui les a rassur\u00e9s sur les recommandations \u00e0 suivre par le rapport de la Cour des comptes. La Cour des comptes a demand\u00e9 l\u2019ouverture d\u2019informations judiciaires \u00e0 l\u2019encontre des ministres et DAGE incrimin\u00e9s\u2026 Si le Premier ministre suit donc sa logique, alors le Pr\u00e9sident de la R\u00e9publique n\u2019aura d\u2019autre choix que de limoger tous les ministres suspect\u00e9s. D\u2019ailleurs, l\u2019on vient d\u2019annoncer que le Garde des Sceaux, ministre de la Justice vient de transmettre le rapport au Procureur de la R\u00e9publique. Le gouvernement est tr\u00e8s attendu. Il ne faudrait pas que les lampistes soient les seuls \u00e0 payer \u00e0 propos de ce carnage financier. L\u2019autre carnage, meurtrier cette fois, c\u2019est le tragique accident routier survenu sur la route de Kaffrine qui doit valoir \u00e0 toutes les personnes fautives, d\u2019\u00eatre poursuivies au niveau de la justice. Un nouveau gouvernement Amadou Ba-2\u00a0s\u2019impose donc \u00e0 Macky Sall. On ne peut pas incriminer des personnes encore ministres. Il faut que ces personnes quittent le gouvernement pour aller r\u00e9pondre \u00e0 la justice. Il y va de la transparence \u00e0 travers le traitement de ces diff\u00e9rentes affaires. Macky Sall est dos au mur. Il ne peut plus reculer. Toute l\u2019opinion nationale et internationale l\u2019attend sur la suite \u00e0 donner dans ces affaires. Des sanctions sont attendues de lui. D\u2019o\u00f9 donc, la question du remaniement minist\u00e9riel qui s\u2019impose. Tous les ministres fautifs sans aucune exception, doivent quitter le gouvernement. Ce qui ne fera que rassurer toute l\u2019opinion nationale et internationale.\" \/>\n<meta property=\"og:url\" content=\"https:\/\/www.public.sn\/index.php\/2023\/01\/12\/des-milliard-voles-40-morts-en-une-journee-le-remaniement-simpose-au-president\/\" \/>\n<meta property=\"og:site_name\" content=\"LE PUBLIC\" \/>\n<meta property=\"article:published_time\" content=\"2023-01-12T10:24:07+00:00\" \/>\n<meta property=\"og:image\" content=\"https:\/\/www.public.sn\/wp-content\/uploads\/2023\/01\/Gouv-sn.jpeg\" \/>\n\t<meta property=\"og:image:width\" content=\"2048\" \/>\n\t<meta property=\"og:image:height\" content=\"1315\" \/>\n\t<meta property=\"og:image:type\" content=\"image\/jpeg\" \/>\n<meta name=\"author\" content=\"LA REDACTION\" \/>\n<meta name=\"twitter:card\" content=\"summary_large_image\" \/>\n<meta name=\"twitter:label1\" content=\"\u00c9crit par\" \/>\n\t<meta name=\"twitter:data1\" content=\"LA REDACTION\" \/>\n\t<meta name=\"twitter:label2\" content=\"Dur\u00e9e de lecture estim\u00e9e\" \/>\n\t<meta name=\"twitter:data2\" content=\"3 minutes\" \/>\n<script type=\"application\/ld+json\" class=\"yoast-schema-graph\">{\"@context\":\"https:\/\/schema.org\",\"@graph\":[{\"@type\":\"Article\",\"@id\":\"https:\/\/www.public.sn\/index.php\/2023\/01\/12\/des-milliard-voles-40-morts-en-une-journee-le-remaniement-simpose-au-president\/#article\",\"isPartOf\":{\"@id\":\"https:\/\/www.public.sn\/index.php\/2023\/01\/12\/des-milliard-voles-40-morts-en-une-journee-le-remaniement-simpose-au-president\/\"},\"author\":{\"name\":\"LA REDACTION\",\"@id\":\"https:\/\/www.public.sn\/#\/schema\/person\/cb76c8e1b8becc6be61fb5e92d6d0224\"},\"headline\":\"Des milliard vol\u00e9s, 40 morts en une journ\u00e9e, le remaniement s&rsquo;impose au pr\u00e9sident\",\"datePublished\":\"2023-01-12T10:24:07+00:00\",\"mainEntityOfPage\":{\"@id\":\"https:\/\/www.public.sn\/index.php\/2023\/01\/12\/des-milliard-voles-40-morts-en-une-journee-le-remaniement-simpose-au-president\/\"},\"wordCount\":570,\"commentCount\":0,\"publisher\":{\"@id\":\"https:\/\/www.public.sn\/#organization\"},\"image\":{\"@id\":\"https:\/\/www.public.sn\/index.php\/2023\/01\/12\/des-milliard-voles-40-morts-en-une-journee-le-remaniement-simpose-au-president\/#primaryimage\"},\"thumbnailUrl\":\"https:\/\/www.public.sn\/wp-content\/uploads\/2023\/01\/Gouv-sn.jpeg\",\"keywords\":[\"Gouvernement\",\"Macky Sall\",\"Remaniement\"],\"articleSection\":[\"ACTUALIT\u00c9S\",\"POLITIQUE\"],\"inLanguage\":\"fr-FR\",\"potentialAction\":[{\"@type\":\"CommentAction\",\"name\":\"Comment\",\"target\":[\"https:\/\/www.public.sn\/index.php\/2023\/01\/12\/des-milliard-voles-40-morts-en-une-journee-le-remaniement-simpose-au-president\/#respond\"]}]},{\"@type\":\"WebPage\",\"@id\":\"https:\/\/www.public.sn\/index.php\/2023\/01\/12\/des-milliard-voles-40-morts-en-une-journee-le-remaniement-simpose-au-president\/\",\"url\":\"https:\/\/www.public.sn\/index.php\/2023\/01\/12\/des-milliard-voles-40-morts-en-une-journee-le-remaniement-simpose-au-president\/\",\"name\":\"Des milliard vol\u00e9s, 40 morts en une journ\u00e9e, le remaniement s'impose au pr\u00e9sident - LE PUBLIC\",\"isPartOf\":{\"@id\":\"https:\/\/www.public.sn\/#website\"},\"primaryImageOfPage\":{\"@id\":\"https:\/\/www.public.sn\/index.php\/2023\/01\/12\/des-milliard-voles-40-morts-en-une-journee-le-remaniement-simpose-au-president\/#primaryimage\"},\"image\":{\"@id\":\"https:\/\/www.public.sn\/index.php\/2023\/01\/12\/des-milliard-voles-40-morts-en-une-journee-le-remaniement-simpose-au-president\/#primaryimage\"},\"thumbnailUrl\":\"https:\/\/www.public.sn\/wp-content\/uploads\/2023\/01\/Gouv-sn.jpeg\",\"datePublished\":\"2023-01-12T10:24:07+00:00\",\"breadcrumb\":{\"@id\":\"https:\/\/www.public.sn\/index.php\/2023\/01\/12\/des-milliard-voles-40-morts-en-une-journee-le-remaniement-simpose-au-president\/#breadcrumb\"},\"inLanguage\":\"fr-FR\",\"potentialAction\":[{\"@type\":\"ReadAction\",\"target\":[\"https:\/\/www.public.sn\/index.php\/2023\/01\/12\/des-milliard-voles-40-morts-en-une-journee-le-remaniement-simpose-au-president\/\"]}]},{\"@type\":\"ImageObject\",\"inLanguage\":\"fr-FR\",\"@id\":\"https:\/\/www.public.sn\/index.php\/2023\/01\/12\/des-milliard-voles-40-morts-en-une-journee-le-remaniement-simpose-au-president\/#primaryimage\",\"url\":\"https:\/\/www.public.sn\/wp-content\/uploads\/2023\/01\/Gouv-sn.jpeg\",\"contentUrl\":\"https:\/\/www.public.sn\/wp-content\/uploads\/2023\/01\/Gouv-sn.jpeg\",\"width\":2048,\"height\":1315},{\"@type\":\"BreadcrumbList\",\"@id\":\"https:\/\/www.public.sn\/index.php\/2023\/01\/12\/des-milliard-voles-40-morts-en-une-journee-le-remaniement-simpose-au-president\/#breadcrumb\",\"itemListElement\":[{\"@type\":\"ListItem\",\"position\":1,\"name\":\"Accueil\",\"item\":\"https:\/\/www.public.sn\/\"},{\"@type\":\"ListItem\",\"position\":2,\"name\":\"Des milliard vol\u00e9s, 40 morts en une journ\u00e9e, le remaniement s&rsquo;impose au pr\u00e9sident\"}]},{\"@type\":\"WebSite\",\"@id\":\"https:\/\/www.public.sn\/#website\",\"url\":\"https:\/\/www.public.sn\/\",\"name\":\"LE PUBLIC\",\"description\":\"\",\"publisher\":{\"@id\":\"https:\/\/www.public.sn\/#organization\"},\"potentialAction\":[{\"@type\":\"SearchAction\",\"target\":{\"@type\":\"EntryPoint\",\"urlTemplate\":\"https:\/\/www.public.sn\/?s={search_term_string}\"},\"query-input\":{\"@type\":\"PropertyValueSpecification\",\"valueRequired\":true,\"valueName\":\"search_term_string\"}}],\"inLanguage\":\"fr-FR\"},{\"@type\":\"Organization\",\"@id\":\"https:\/\/www.public.sn\/#organization\",\"name\":\"LE PUBLIC\",\"url\":\"https:\/\/www.public.sn\/\",\"logo\":{\"@type\":\"ImageObject\",\"inLanguage\":\"fr-FR\",\"@id\":\"https:\/\/www.public.sn\/#\/schema\/logo\/image\/\",\"url\":\"https:\/\/www.public.sn\/wp-content\/uploads\/2024\/05\/cropped-LOGO-PUBLIC.SN_.png\",\"contentUrl\":\"https:\/\/www.public.sn\/wp-content\/uploads\/2024\/05\/cropped-LOGO-PUBLIC.SN_.png\",\"width\":682,\"height\":192,\"caption\":\"LE PUBLIC\"},\"image\":{\"@id\":\"https:\/\/www.public.sn\/#\/schema\/logo\/image\/\"}},{\"@type\":\"Person\",\"@id\":\"https:\/\/www.public.sn\/#\/schema\/person\/cb76c8e1b8becc6be61fb5e92d6d0224\",\"name\":\"LA REDACTION\",\"image\":{\"@type\":\"ImageObject\",\"inLanguage\":\"fr-FR\",\"@id\":\"https:\/\/www.public.sn\/#\/schema\/person\/image\/\",\"url\":\"https:\/\/secure.gravatar.com\/avatar\/2dce5ddd34b8fef0180efe03aa2a9bee7d953856048f9a16b298190a3178407c?s=96&d=mm&r=g\",\"contentUrl\":\"https:\/\/secure.gravatar.com\/avatar\/2dce5ddd34b8fef0180efe03aa2a9bee7d953856048f9a16b298190a3178407c?s=96&d=mm&r=g\",\"caption\":\"LA REDACTION\"},\"url\":\"https:\/\/www.public.sn\/index.php\/author\/editeurpsn\/\"}]}<\/script>\n<!-- \/ Yoast SEO plugin. -->","yoast_head_json":{"title":"Des milliard vol\u00e9s, 40 morts en une journ\u00e9e, le remaniement s'impose au pr\u00e9sident - LE PUBLIC","robots":{"index":"index","follow":"follow","max-snippet":"max-snippet:-1","max-image-preview":"max-image-preview:large","max-video-preview":"max-video-preview:-1"},"canonical":"https:\/\/www.public.sn\/index.php\/2023\/01\/12\/des-milliard-voles-40-morts-en-une-journee-le-remaniement-simpose-au-president\/","og_locale":"fr_FR","og_type":"article","og_title":"Des milliard vol\u00e9s, 40 morts en une journ\u00e9e, le remaniement s'impose au pr\u00e9sident - LE PUBLIC","og_description":"Moins de six (6) mois apr\u00e8s son installation, le nouveau gouvernement dirig\u00e9 par Amadou Ba est emp\u00eatr\u00e9 dans des scandales. Si ce n\u2019est pas le rapport de la Cour des comptes d\u00e9criant une mal gouvernance sur la gestion de 1000 milliards \u00e0\u00a0allou\u00e9s pour alimenter les fonds destin\u00e9s aux secours dans le cadre de la Covid-19, c\u2019est le dernier accident de la route survenu sur la route de Kaffrine. L\u2019accident routier le plus meurtrier dans l\u2019histoire du S\u00e9n\u00e9gal avec son lot de 40 morts. Un accident dont la responsabilit\u00e9 d\u2019autorit\u00e9s, est largement engag\u00e9, car n\u2019ayant su faire prendre les mesures n\u00e9cessaires pourtant maintes fois \u00e9dict\u00e9es pour \u00e9viter ces genres de catastrophes sur la route. L\u2019impunit\u00e9 qui frappe toutes les autorit\u00e9s cit\u00e9es autour de ces diff\u00e9rents scandales, indigne. L\u2019opinion publique s\u2019organise et manifeste contre l\u2019impunit\u00e9. Les bailleurs de fonds s\u2019inqui\u00e8tent \u00e9galement. Le Pr\u00e9sident de la R\u00e9publique Macky Sall se trouve interpell\u00e9 au premier plan. Il ne saurait y avoir de favoritisme dans ces diff\u00e9rents dossiers. Non seulement, toutes les autorit\u00e9s \u00e9tatiques impliqu\u00e9es dans ces diff\u00e9rents scandales doivent \u00eatre limog\u00e9es mais doivent \u00eatre poursuivies sur le plan judiciaire. Jamais le gouvernement du S\u00e9n\u00e9gal n\u2019a \u00e9t\u00e9 accul\u00e9 \u00e0 ce point suite au scandale ayant frapp\u00e9 la gestion des 1000 milliards FCFA sur la Covid-19. Non seulement, toute l\u2019opposition mais aussi la soci\u00e9t\u00e9 civile, les activistes, les bailleurs de fonds internationaux qui s\u2019en indignent, sont mont\u00e9s au cr\u00e9neau pour r\u00e9clamer que toute la lumi\u00e8re soit faite sur ce scandale. Les PTF comme nous le disons, ont rencontr\u00e9 le Premier ministre Amadou Ba qui les a rassur\u00e9s sur les recommandations \u00e0 suivre par le rapport de la Cour des comptes. La Cour des comptes a demand\u00e9 l\u2019ouverture d\u2019informations judiciaires \u00e0 l\u2019encontre des ministres et DAGE incrimin\u00e9s\u2026 Si le Premier ministre suit donc sa logique, alors le Pr\u00e9sident de la R\u00e9publique n\u2019aura d\u2019autre choix que de limoger tous les ministres suspect\u00e9s. D\u2019ailleurs, l\u2019on vient d\u2019annoncer que le Garde des Sceaux, ministre de la Justice vient de transmettre le rapport au Procureur de la R\u00e9publique. Le gouvernement est tr\u00e8s attendu. Il ne faudrait pas que les lampistes soient les seuls \u00e0 payer \u00e0 propos de ce carnage financier. L\u2019autre carnage, meurtrier cette fois, c\u2019est le tragique accident routier survenu sur la route de Kaffrine qui doit valoir \u00e0 toutes les personnes fautives, d\u2019\u00eatre poursuivies au niveau de la justice. Un nouveau gouvernement Amadou Ba-2\u00a0s\u2019impose donc \u00e0 Macky Sall. On ne peut pas incriminer des personnes encore ministres. Il faut que ces personnes quittent le gouvernement pour aller r\u00e9pondre \u00e0 la justice. Il y va de la transparence \u00e0 travers le traitement de ces diff\u00e9rentes affaires. Macky Sall est dos au mur. Il ne peut plus reculer. Toute l\u2019opinion nationale et internationale l\u2019attend sur la suite \u00e0 donner dans ces affaires. Des sanctions sont attendues de lui. D\u2019o\u00f9 donc, la question du remaniement minist\u00e9riel qui s\u2019impose. Tous les ministres fautifs sans aucune exception, doivent quitter le gouvernement. Ce qui ne fera que rassurer toute l\u2019opinion nationale et internationale.","og_url":"https:\/\/www.public.sn\/index.php\/2023\/01\/12\/des-milliard-voles-40-morts-en-une-journee-le-remaniement-simpose-au-president\/","og_site_name":"LE PUBLIC","article_published_time":"2023-01-12T10:24:07+00:00","og_image":[{"width":2048,"height":1315,"url":"https:\/\/www.public.sn\/wp-content\/uploads\/2023\/01\/Gouv-sn.jpeg","type":"image\/jpeg"}],"author":"LA REDACTION","twitter_card":"summary_large_image","twitter_misc":{"\u00c9crit par":"LA REDACTION","Dur\u00e9e de lecture estim\u00e9e":"3 minutes"},"schema":{"@context":"https:\/\/schema.org","@graph":[{"@type":"Article","@id":"https:\/\/www.public.sn\/index.php\/2023\/01\/12\/des-milliard-voles-40-morts-en-une-journee-le-remaniement-simpose-au-president\/#article","isPartOf":{"@id":"https:\/\/www.public.sn\/index.php\/2023\/01\/12\/des-milliard-voles-40-morts-en-une-journee-le-remaniement-simpose-au-president\/"},"author":{"name":"LA REDACTION","@id":"https:\/\/www.public.sn\/#\/schema\/person\/cb76c8e1b8becc6be61fb5e92d6d0224"},"headline":"Des milliard vol\u00e9s, 40 morts en une journ\u00e9e, le remaniement s&rsquo;impose au pr\u00e9sident","datePublished":"2023-01-12T10:24:07+00:00","mainEntityOfPage":{"@id":"https:\/\/www.public.sn\/index.php\/2023\/01\/12\/des-milliard-voles-40-morts-en-une-journee-le-remaniement-simpose-au-president\/"},"wordCount":570,"commentCount":0,"publisher":{"@id":"https:\/\/www.public.sn\/#organization"},"image":{"@id":"https:\/\/www.public.sn\/index.php\/2023\/01\/12\/des-milliard-voles-40-morts-en-une-journee-le-remaniement-simpose-au-president\/#primaryimage"},"thumbnailUrl":"https:\/\/www.public.sn\/wp-content\/uploads\/2023\/01\/Gouv-sn.jpeg","keywords":["Gouvernement","Macky Sall","Remaniement"],"articleSection":["ACTUALIT\u00c9S","POLITIQUE"],"inLanguage":"fr-FR","potentialAction":[{"@type":"CommentAction","name":"Comment","target":["https:\/\/www.public.sn\/index.php\/2023\/01\/12\/des-milliard-voles-40-morts-en-une-journee-le-remaniement-simpose-au-president\/#respond"]}]},{"@type":"WebPage","@id":"https:\/\/www.public.sn\/index.php\/2023\/01\/12\/des-milliard-voles-40-morts-en-une-journee-le-remaniement-simpose-au-president\/","url":"https:\/\/www.public.sn\/index.php\/2023\/01\/12\/des-milliard-voles-40-morts-en-une-journee-le-remaniement-simpose-au-president\/","name":"Des milliard vol\u00e9s, 40 morts en une journ\u00e9e, le remaniement s'impose au pr\u00e9sident - LE PUBLIC","isPartOf":{"@id":"https:\/\/www.public.sn\/#website"},"primaryImageOfPage":{"@id":"https:\/\/www.public.sn\/index.php\/2023\/01\/12\/des-milliard-voles-40-morts-en-une-journee-le-remaniement-simpose-au-president\/#primaryimage"},"image":{"@id":"https:\/\/www.public.sn\/index.php\/2023\/01\/12\/des-milliard-voles-40-morts-en-une-journee-le-remaniement-simpose-au-president\/#primaryimage"},"thumbnailUrl":"https:\/\/www.public.sn\/wp-content\/uploads\/2023\/01\/Gouv-sn.jpeg","datePublished":"2023-01-12T10:24:07+00:00","breadcrumb":{"@id":"https:\/\/www.public.sn\/index.php\/2023\/01\/12\/des-milliard-voles-40-morts-en-une-journee-le-remaniement-simpose-au-president\/#breadcrumb"},"inLanguage":"fr-FR","potentialAction":[{"@type":"ReadAction","target":["https:\/\/www.public.sn\/index.php\/2023\/01\/12\/des-milliard-voles-40-morts-en-une-journee-le-remaniement-simpose-au-president\/"]}]},{"@type":"ImageObject","inLanguage":"fr-FR","@id":"https:\/\/www.public.sn\/index.php\/2023\/01\/12\/des-milliard-voles-40-morts-en-une-journee-le-remaniement-simpose-au-president\/#primaryimage","url":"https:\/\/www.public.sn\/wp-content\/uploads\/2023\/01\/Gouv-sn.jpeg","contentUrl":"https:\/\/www.public.sn\/wp-content\/uploads\/2023\/01\/Gouv-sn.jpeg","width":2048,"height":1315},{"@type":"BreadcrumbList","@id":"https:\/\/www.public.sn\/index.php\/2023\/01\/12\/des-milliard-voles-40-morts-en-une-journee-le-remaniement-simpose-au-president\/#breadcrumb","itemListElement":[{"@type":"ListItem","position":1,"name":"Accueil","item":"https:\/\/www.public.sn\/"},{"@type":"ListItem","position":2,"name":"Des milliard vol\u00e9s, 40 morts en une journ\u00e9e, le remaniement s&rsquo;impose au pr\u00e9sident"}]},{"@type":"WebSite","@id":"https:\/\/www.public.sn\/#website","url":"https:\/\/www.public.sn\/","name":"LE PUBLIC","description":"","publisher":{"@id":"https:\/\/www.public.sn\/#organization"},"potentialAction":[{"@type":"SearchAction","target":{"@type":"EntryPoint","urlTemplate":"https:\/\/www.public.sn\/?s={search_term_string}"},"query-input":{"@type":"PropertyValueSpecification","valueRequired":true,"valueName":"search_term_string"}}],"inLanguage":"fr-FR"},{"@type":"Organization","@id":"https:\/\/www.public.sn\/#organization","name":"LE PUBLIC","url":"https:\/\/www.public.sn\/","logo":{"@type":"ImageObject","inLanguage":"fr-FR","@id":"https:\/\/www.public.sn\/#\/schema\/logo\/image\/","url":"https:\/\/www.public.sn\/wp-content\/uploads\/2024\/05\/cropped-LOGO-PUBLIC.SN_.png","contentUrl":"https:\/\/www.public.sn\/wp-content\/uploads\/2024\/05\/cropped-LOGO-PUBLIC.SN_.png","width":682,"height":192,"caption":"LE PUBLIC"},"image":{"@id":"https:\/\/www.public.sn\/#\/schema\/logo\/image\/"}},{"@type":"Person","@id":"https:\/\/www.public.sn\/#\/schema\/person\/cb76c8e1b8becc6be61fb5e92d6d0224","name":"LA REDACTION","image":{"@type":"ImageObject","inLanguage":"fr-FR","@id":"https:\/\/www.public.sn\/#\/schema\/person\/image\/","url":"https:\/\/secure.gravatar.com\/avatar\/2dce5ddd34b8fef0180efe03aa2a9bee7d953856048f9a16b298190a3178407c?s=96&d=mm&r=g","contentUrl":"https:\/\/secure.gravatar.com\/avatar\/2dce5ddd34b8fef0180efe03aa2a9bee7d953856048f9a16b298190a3178407c?s=96&d=mm&r=g","caption":"LA REDACTION"},"url":"https:\/\/www.public.sn\/index.php\/author\/editeurpsn\/"}]}},"jetpack_featured_media_url":"https:\/\/www.public.sn\/wp-content\/uploads\/2023\/01\/Gouv-sn.jpeg","jetpack_sharing_enabled":true,"_links":{"self":[{"href":"https:\/\/www.public.sn\/index.php\/wp-json\/wp\/v2\/posts\/13549","targetHints":{"allow":["GET"]}}],"collection":[{"href":"https:\/\/www.public.sn\/index.php\/wp-json\/wp\/v2\/posts"}],"about":[{"href":"https:\/\/www.public.sn\/index.php\/wp-json\/wp\/v2\/types\/post"}],"author":[{"embeddable":true,"href":"https:\/\/www.public.sn\/index.php\/wp-json\/wp\/v2\/users\/7"}],"replies":[{"embeddable":true,"href":"https:\/\/www.public.sn\/index.php\/wp-json\/wp\/v2\/comments?post=13549"}],"version-history":[{"count":1,"href":"https:\/\/www.public.sn\/index.php\/wp-json\/wp\/v2\/posts\/13549\/revisions"}],"predecessor-version":[{"id":13551,"href":"https:\/\/www.public.sn\/index.php\/wp-json\/wp\/v2\/posts\/13549\/revisions\/13551"}],"wp:featuredmedia":[{"embeddable":true,"href":"https:\/\/www.public.sn\/index.php\/wp-json\/wp\/v2\/media\/13550"}],"wp:attachment":[{"href":"https:\/\/www.public.sn\/index.php\/wp-json\/wp\/v2\/media?parent=13549"}],"wp:term":[{"taxonomy":"category","embeddable":true,"href":"https:\/\/www.public.sn\/index.php\/wp-json\/wp\/v2\/categories?post=13549"},{"taxonomy":"post_tag","embeddable":true,"href":"https:\/\/www.public.sn\/index.php\/wp-json\/wp\/v2\/tags?post=13549"}],"curies":[{"name":"wp","href":"https:\/\/api.w.org\/{rel}","templated":true}]}}