{"id":13552,"date":"2023-01-12T13:21:09","date_gmt":"2023-01-12T13:21:09","guid":{"rendered":"https:\/\/www.public.sn\/?p=13552"},"modified":"2023-01-12T13:21:09","modified_gmt":"2023-01-12T13:21:09","slug":"triste-nouvelle-pour-la-coalition-yewwi-askan-wii","status":"publish","type":"post","link":"https:\/\/www.public.sn\/index.php\/2023\/01\/12\/triste-nouvelle-pour-la-coalition-yewwi-askan-wii\/","title":{"rendered":"Triste nouvelle pour la coalition Yewwi Askan Wii"},"content":{"rendered":"<p>Triste nouvelle pour la coalition Yewwi Askan Wi et pour la 14e L\u00e9gislature. Gora Ndoye, d\u00e9put\u00e9 de la Diaspora, Asie-Moyen Orient est d\u00e9c\u00e9d\u00e9 ce jeudi, des suites d&rsquo;une maladie.<\/p><div class=\"publi-paragraphe1\" style=\"margin-top: 10px;margin-bottom: 10px;margin-left: auto;margin-right: auto;text-align: center;\" id=\"publi-2714994246\"><div class=\"publi-adlabel\">Publicit\u00e9<\/div><script async src=\"\/\/pagead2.googlesyndication.com\/pagead\/js\/adsbygoogle.js?client=ca-pub-4089586018074219\" crossorigin=\"anonymous\"><\/script><ins class=\"adsbygoogle\" style=\"display:block;\" data-ad-client=\"ca-pub-4089586018074219\" \ndata-ad-slot=\"2087940154\" \ndata-ad-format=\"auto\"><\/ins>\n<script> \n(adsbygoogle = window.adsbygoogle || []).push({}); \n<\/script>\n<\/div>\n<p>Originaire de Mboro dans d\u00e9partement de Tivaouane, il a fait plus de 40 ans entre l&rsquo;Australie, l&rsquo;Europe, l&rsquo;Afrique du Sud et le Japon o\u00f9 il s&rsquo;\u00e9tait \u00e9tabli depuis 21 ans. Il s&rsquo;est engag\u00e9 r\u00e9cemment en politique apr\u00e8s la cr\u00e9ation du parti Pastef Les Patriotes. C&rsquo;est ainsi qu&rsquo;il a \u00e9t\u00e9 investi comme candidat de la Diaspora sur la liste Yewwi Askan Wi dans la r\u00e9gion Asie et Moyen-Orient. Qu&rsquo;Allah le tout puissance l&rsquo;accueil dans son paradis \u00e9ternel<\/p>\n<p>Toute la famille de Publi.sn pr\u00e9sente ses condol\u00e9ance \u00e0 sa famille.<\/p>\n<div class=\"publi-apres-le-contenu\" style=\"margin-top: 10px;margin-bottom: 10px;margin-left: auto;margin-right: auto;text-align: center;\" id=\"publi-2066301086\"><div class=\"publi-adlabel\">Publicit\u00e9<\/div><script async src=\"\/\/pagead2.googlesyndication.com\/pagead\/js\/adsbygoogle.js?client=ca-pub-4089586018074219\" crossorigin=\"anonymous\"><\/script><ins class=\"adsbygoogle\" style=\"display:block;\" data-ad-client=\"ca-pub-4089586018074219\" \ndata-ad-slot=\"2087940154\" \ndata-ad-format=\"auto\"><\/ins>\n<script> \n(adsbygoogle = window.adsbygoogle || []).push({}); \n<\/script>\n<\/div>","protected":false},"excerpt":{"rendered":"<p>Triste nouvelle pour la coalition Yewwi Askan Wi et pour la 14e L\u00e9gislature. Gora Ndoye, d\u00e9put\u00e9 de la Diaspora, Asie-Moyen Orient est d\u00e9c\u00e9d\u00e9 ce jeudi, des suites d&rsquo;une maladie. Originaire de Mboro dans d\u00e9partement de Tivaouane, il a fait plus de 40 ans entre l&rsquo;Australie, l&rsquo;Europe, l&rsquo;Afrique du Sud et le Japon o\u00f9 il s&rsquo;\u00e9tait \u00e9tabli depuis 21 ans. Il s&rsquo;est engag\u00e9 r\u00e9cemment en politique apr\u00e8s la cr\u00e9ation du parti Pastef Les Patriotes. C&rsquo;est ainsi qu&rsquo;il a \u00e9t\u00e9 investi comme candidat de la Diaspora sur la liste Yewwi Askan Wi dans la r\u00e9gion Asie et Moyen-Orient. Qu&rsquo;Allah le tout puissance l&rsquo;accueil dans son paradis \u00e9ternel Toute la famille de Publi.sn pr\u00e9sente ses condol\u00e9ance \u00e0 sa famille.<\/p>\n","protected":false},"author":7,"featured_media":13556,"comment_status":"open","ping_status":"open","sticky":false,"template":"","format":"standard","meta":{"_jetpack_memberships_contains_paid_content":false,"footnotes":""},"categories":[375,3],"tags":[374,4070],"class_list":["post-13552","post","type-post","status-publish","format-standard","has-post-thumbnail","hentry","category-actualites","category-politique","tag-deces","tag-gora-ndoye","entry","has-media","owp-thumbs-layout-horizontal","owp-btn-normal","owp-tabs-layout-horizontal","has-no-thumbnails","has-product-nav"],"yoast_head":"<!-- This site is optimized with the Yoast SEO plugin v25.5 - https:\/\/yoast.com\/wordpress\/plugins\/seo\/ -->\n<title>Triste nouvelle pour la coalition Yewwi Askan Wii - LE PUBLIC<\/title>\n<meta name=\"robots\" content=\"index, follow, max-snippet:-1, max-image-preview:large, max-video-preview:-1\" \/>\n<link rel=\"canonical\" href=\"https:\/\/www.public.sn\/index.php\/2023\/01\/12\/triste-nouvelle-pour-la-coalition-yewwi-askan-wii\/\" \/>\n<meta property=\"og:locale\" content=\"fr_FR\" \/>\n<meta property=\"og:type\" content=\"article\" \/>\n<meta property=\"og:title\" content=\"Triste nouvelle pour la coalition Yewwi Askan Wii - LE PUBLIC\" \/>\n<meta property=\"og:description\" content=\"Triste nouvelle pour la coalition Yewwi Askan Wi et pour la 14e L\u00e9gislature. Gora Ndoye, d\u00e9put\u00e9 de la Diaspora, Asie-Moyen Orient est d\u00e9c\u00e9d\u00e9 ce jeudi, des suites d&rsquo;une maladie. Originaire de Mboro dans d\u00e9partement de Tivaouane, il a fait plus de 40 ans entre l&rsquo;Australie, l&rsquo;Europe, l&rsquo;Afrique du Sud et le Japon o\u00f9 il s&rsquo;\u00e9tait \u00e9tabli depuis 21 ans. Il s&rsquo;est engag\u00e9 r\u00e9cemment en politique apr\u00e8s la cr\u00e9ation du parti Pastef Les Patriotes. C&rsquo;est ainsi qu&rsquo;il a \u00e9t\u00e9 investi comme candidat de la Diaspora sur la liste Yewwi Askan Wi dans la r\u00e9gion Asie et Moyen-Orient. Qu&rsquo;Allah le tout puissance l&rsquo;accueil dans son paradis \u00e9ternel Toute la famille de Publi.sn pr\u00e9sente ses condol\u00e9ance \u00e0 sa famille.\" \/>\n<meta property=\"og:url\" content=\"https:\/\/www.public.sn\/index.php\/2023\/01\/12\/triste-nouvelle-pour-la-coalition-yewwi-askan-wii\/\" \/>\n<meta property=\"og:site_name\" content=\"LE PUBLIC\" \/>\n<meta property=\"article:published_time\" content=\"2023-01-12T13:21:09+00:00\" \/>\n<meta property=\"og:image\" content=\"https:\/\/www.public.sn\/wp-content\/uploads\/2023\/01\/70084318-48922110.jpg\" \/>\n\t<meta property=\"og:image:width\" content=\"1536\" \/>\n\t<meta property=\"og:image:height\" content=\"2048\" \/>\n\t<meta property=\"og:image:type\" content=\"image\/jpeg\" \/>\n<meta name=\"author\" content=\"LA REDACTION\" \/>\n<meta name=\"twitter:card\" content=\"summary_large_image\" \/>\n<meta name=\"twitter:label1\" content=\"\u00c9crit par\" \/>\n\t<meta name=\"twitter:data1\" content=\"LA REDACTION\" \/>\n\t<meta name=\"twitter:label2\" content=\"Dur\u00e9e de lecture estim\u00e9e\" \/>\n\t<meta name=\"twitter:data2\" content=\"1 minute\" \/>\n<script type=\"application\/ld+json\" class=\"yoast-schema-graph\">{\"@context\":\"https:\/\/schema.org\",\"@graph\":[{\"@type\":\"Article\",\"@id\":\"https:\/\/www.public.sn\/index.php\/2023\/01\/12\/triste-nouvelle-pour-la-coalition-yewwi-askan-wii\/#article\",\"isPartOf\":{\"@id\":\"https:\/\/www.public.sn\/index.php\/2023\/01\/12\/triste-nouvelle-pour-la-coalition-yewwi-askan-wii\/\"},\"author\":{\"name\":\"LA REDACTION\",\"@id\":\"https:\/\/www.public.sn\/#\/schema\/person\/cb76c8e1b8becc6be61fb5e92d6d0224\"},\"headline\":\"Triste nouvelle pour la coalition Yewwi Askan Wii\",\"datePublished\":\"2023-01-12T13:21:09+00:00\",\"mainEntityOfPage\":{\"@id\":\"https:\/\/www.public.sn\/index.php\/2023\/01\/12\/triste-nouvelle-pour-la-coalition-yewwi-askan-wii\/\"},\"wordCount\":134,\"commentCount\":0,\"publisher\":{\"@id\":\"https:\/\/www.public.sn\/#organization\"},\"image\":{\"@id\":\"https:\/\/www.public.sn\/index.php\/2023\/01\/12\/triste-nouvelle-pour-la-coalition-yewwi-askan-wii\/#primaryimage\"},\"thumbnailUrl\":\"https:\/\/www.public.sn\/wp-content\/uploads\/2023\/01\/70084318-48922110.jpg\",\"keywords\":[\"d\u00e9c\u00e8s\",\"gora ndoye\"],\"articleSection\":[\"ACTUALIT\u00c9S\",\"POLITIQUE\"],\"inLanguage\":\"fr-FR\",\"potentialAction\":[{\"@type\":\"CommentAction\",\"name\":\"Comment\",\"target\":[\"https:\/\/www.public.sn\/index.php\/2023\/01\/12\/triste-nouvelle-pour-la-coalition-yewwi-askan-wii\/#respond\"]}]},{\"@type\":\"WebPage\",\"@id\":\"https:\/\/www.public.sn\/index.php\/2023\/01\/12\/triste-nouvelle-pour-la-coalition-yewwi-askan-wii\/\",\"url\":\"https:\/\/www.public.sn\/index.php\/2023\/01\/12\/triste-nouvelle-pour-la-coalition-yewwi-askan-wii\/\",\"name\":\"Triste nouvelle pour la coalition Yewwi Askan Wii - LE PUBLIC\",\"isPartOf\":{\"@id\":\"https:\/\/www.public.sn\/#website\"},\"primaryImageOfPage\":{\"@id\":\"https:\/\/www.public.sn\/index.php\/2023\/01\/12\/triste-nouvelle-pour-la-coalition-yewwi-askan-wii\/#primaryimage\"},\"image\":{\"@id\":\"https:\/\/www.public.sn\/index.php\/2023\/01\/12\/triste-nouvelle-pour-la-coalition-yewwi-askan-wii\/#primaryimage\"},\"thumbnailUrl\":\"https:\/\/www.public.sn\/wp-content\/uploads\/2023\/01\/70084318-48922110.jpg\",\"datePublished\":\"2023-01-12T13:21:09+00:00\",\"breadcrumb\":{\"@id\":\"https:\/\/www.public.sn\/index.php\/2023\/01\/12\/triste-nouvelle-pour-la-coalition-yewwi-askan-wii\/#breadcrumb\"},\"inLanguage\":\"fr-FR\",\"potentialAction\":[{\"@type\":\"ReadAction\",\"target\":[\"https:\/\/www.public.sn\/index.php\/2023\/01\/12\/triste-nouvelle-pour-la-coalition-yewwi-askan-wii\/\"]}]},{\"@type\":\"ImageObject\",\"inLanguage\":\"fr-FR\",\"@id\":\"https:\/\/www.public.sn\/index.php\/2023\/01\/12\/triste-nouvelle-pour-la-coalition-yewwi-askan-wii\/#primaryimage\",\"url\":\"https:\/\/www.public.sn\/wp-content\/uploads\/2023\/01\/70084318-48922110.jpg\",\"contentUrl\":\"https:\/\/www.public.sn\/wp-content\/uploads\/2023\/01\/70084318-48922110.jpg\",\"width\":1536,\"height\":2048},{\"@type\":\"BreadcrumbList\",\"@id\":\"https:\/\/www.public.sn\/index.php\/2023\/01\/12\/triste-nouvelle-pour-la-coalition-yewwi-askan-wii\/#breadcrumb\",\"itemListElement\":[{\"@type\":\"ListItem\",\"position\":1,\"name\":\"Accueil\",\"item\":\"https:\/\/www.public.sn\/\"},{\"@type\":\"ListItem\",\"position\":2,\"name\":\"Triste nouvelle pour la coalition Yewwi Askan Wii\"}]},{\"@type\":\"WebSite\",\"@id\":\"https:\/\/www.public.sn\/#website\",\"url\":\"https:\/\/www.public.sn\/\",\"name\":\"LE PUBLIC\",\"description\":\"\",\"publisher\":{\"@id\":\"https:\/\/www.public.sn\/#organization\"},\"potentialAction\":[{\"@type\":\"SearchAction\",\"target\":{\"@type\":\"EntryPoint\",\"urlTemplate\":\"https:\/\/www.public.sn\/?s={search_term_string}\"},\"query-input\":{\"@type\":\"PropertyValueSpecification\",\"valueRequired\":true,\"valueName\":\"search_term_string\"}}],\"inLanguage\":\"fr-FR\"},{\"@type\":\"Organization\",\"@id\":\"https:\/\/www.public.sn\/#organization\",\"name\":\"LE PUBLIC\",\"url\":\"https:\/\/www.public.sn\/\",\"logo\":{\"@type\":\"ImageObject\",\"inLanguage\":\"fr-FR\",\"@id\":\"https:\/\/www.public.sn\/#\/schema\/logo\/image\/\",\"url\":\"https:\/\/www.public.sn\/wp-content\/uploads\/2024\/05\/cropped-LOGO-PUBLIC.SN_.png\",\"contentUrl\":\"https:\/\/www.public.sn\/wp-content\/uploads\/2024\/05\/cropped-LOGO-PUBLIC.SN_.png\",\"width\":682,\"height\":192,\"caption\":\"LE PUBLIC\"},\"image\":{\"@id\":\"https:\/\/www.public.sn\/#\/schema\/logo\/image\/\"}},{\"@type\":\"Person\",\"@id\":\"https:\/\/www.public.sn\/#\/schema\/person\/cb76c8e1b8becc6be61fb5e92d6d0224\",\"name\":\"LA REDACTION\",\"image\":{\"@type\":\"ImageObject\",\"inLanguage\":\"fr-FR\",\"@id\":\"https:\/\/www.public.sn\/#\/schema\/person\/image\/\",\"url\":\"https:\/\/secure.gravatar.com\/avatar\/2dce5ddd34b8fef0180efe03aa2a9bee7d953856048f9a16b298190a3178407c?s=96&d=mm&r=g\",\"contentUrl\":\"https:\/\/secure.gravatar.com\/avatar\/2dce5ddd34b8fef0180efe03aa2a9bee7d953856048f9a16b298190a3178407c?s=96&d=mm&r=g\",\"caption\":\"LA REDACTION\"},\"url\":\"https:\/\/www.public.sn\/index.php\/author\/editeurpsn\/\"}]}<\/script>\n<!-- \/ Yoast SEO plugin. -->","yoast_head_json":{"title":"Triste nouvelle pour la coalition Yewwi Askan Wii - LE PUBLIC","robots":{"index":"index","follow":"follow","max-snippet":"max-snippet:-1","max-image-preview":"max-image-preview:large","max-video-preview":"max-video-preview:-1"},"canonical":"https:\/\/www.public.sn\/index.php\/2023\/01\/12\/triste-nouvelle-pour-la-coalition-yewwi-askan-wii\/","og_locale":"fr_FR","og_type":"article","og_title":"Triste nouvelle pour la coalition Yewwi Askan Wii - LE PUBLIC","og_description":"Triste nouvelle pour la coalition Yewwi Askan Wi et pour la 14e L\u00e9gislature. Gora Ndoye, d\u00e9put\u00e9 de la Diaspora, Asie-Moyen Orient est d\u00e9c\u00e9d\u00e9 ce jeudi, des suites d&rsquo;une maladie. Originaire de Mboro dans d\u00e9partement de Tivaouane, il a fait plus de 40 ans entre l&rsquo;Australie, l&rsquo;Europe, l&rsquo;Afrique du Sud et le Japon o\u00f9 il s&rsquo;\u00e9tait \u00e9tabli depuis 21 ans. Il s&rsquo;est engag\u00e9 r\u00e9cemment en politique apr\u00e8s la cr\u00e9ation du parti Pastef Les Patriotes. C&rsquo;est ainsi qu&rsquo;il a \u00e9t\u00e9 investi comme candidat de la Diaspora sur la liste Yewwi Askan Wi dans la r\u00e9gion Asie et Moyen-Orient. Qu&rsquo;Allah le tout puissance l&rsquo;accueil dans son paradis \u00e9ternel Toute la famille de Publi.sn pr\u00e9sente ses condol\u00e9ance \u00e0 sa famille.","og_url":"https:\/\/www.public.sn\/index.php\/2023\/01\/12\/triste-nouvelle-pour-la-coalition-yewwi-askan-wii\/","og_site_name":"LE PUBLIC","article_published_time":"2023-01-12T13:21:09+00:00","og_image":[{"width":1536,"height":2048,"url":"https:\/\/www.public.sn\/wp-content\/uploads\/2023\/01\/70084318-48922110.jpg","type":"image\/jpeg"}],"author":"LA REDACTION","twitter_card":"summary_large_image","twitter_misc":{"\u00c9crit par":"LA REDACTION","Dur\u00e9e de lecture estim\u00e9e":"1 minute"},"schema":{"@context":"https:\/\/schema.org","@graph":[{"@type":"Article","@id":"https:\/\/www.public.sn\/index.php\/2023\/01\/12\/triste-nouvelle-pour-la-coalition-yewwi-askan-wii\/#article","isPartOf":{"@id":"https:\/\/www.public.sn\/index.php\/2023\/01\/12\/triste-nouvelle-pour-la-coalition-yewwi-askan-wii\/"},"author":{"name":"LA REDACTION","@id":"https:\/\/www.public.sn\/#\/schema\/person\/cb76c8e1b8becc6be61fb5e92d6d0224"},"headline":"Triste nouvelle pour la coalition Yewwi Askan Wii","datePublished":"2023-01-12T13:21:09+00:00","mainEntityOfPage":{"@id":"https:\/\/www.public.sn\/index.php\/2023\/01\/12\/triste-nouvelle-pour-la-coalition-yewwi-askan-wii\/"},"wordCount":134,"commentCount":0,"publisher":{"@id":"https:\/\/www.public.sn\/#organization"},"image":{"@id":"https:\/\/www.public.sn\/index.php\/2023\/01\/12\/triste-nouvelle-pour-la-coalition-yewwi-askan-wii\/#primaryimage"},"thumbnailUrl":"https:\/\/www.public.sn\/wp-content\/uploads\/2023\/01\/70084318-48922110.jpg","keywords":["d\u00e9c\u00e8s","gora ndoye"],"articleSection":["ACTUALIT\u00c9S","POLITIQUE"],"inLanguage":"fr-FR","potentialAction":[{"@type":"CommentAction","name":"Comment","target":["https:\/\/www.public.sn\/index.php\/2023\/01\/12\/triste-nouvelle-pour-la-coalition-yewwi-askan-wii\/#respond"]}]},{"@type":"WebPage","@id":"https:\/\/www.public.sn\/index.php\/2023\/01\/12\/triste-nouvelle-pour-la-coalition-yewwi-askan-wii\/","url":"https:\/\/www.public.sn\/index.php\/2023\/01\/12\/triste-nouvelle-pour-la-coalition-yewwi-askan-wii\/","name":"Triste nouvelle pour la coalition Yewwi Askan Wii - LE PUBLIC","isPartOf":{"@id":"https:\/\/www.public.sn\/#website"},"primaryImageOfPage":{"@id":"https:\/\/www.public.sn\/index.php\/2023\/01\/12\/triste-nouvelle-pour-la-coalition-yewwi-askan-wii\/#primaryimage"},"image":{"@id":"https:\/\/www.public.sn\/index.php\/2023\/01\/12\/triste-nouvelle-pour-la-coalition-yewwi-askan-wii\/#primaryimage"},"thumbnailUrl":"https:\/\/www.public.sn\/wp-content\/uploads\/2023\/01\/70084318-48922110.jpg","datePublished":"2023-01-12T13:21:09+00:00","breadcrumb":{"@id":"https:\/\/www.public.sn\/index.php\/2023\/01\/12\/triste-nouvelle-pour-la-coalition-yewwi-askan-wii\/#breadcrumb"},"inLanguage":"fr-FR","potentialAction":[{"@type":"ReadAction","target":["https:\/\/www.public.sn\/index.php\/2023\/01\/12\/triste-nouvelle-pour-la-coalition-yewwi-askan-wii\/"]}]},{"@type":"ImageObject","inLanguage":"fr-FR","@id":"https:\/\/www.public.sn\/index.php\/2023\/01\/12\/triste-nouvelle-pour-la-coalition-yewwi-askan-wii\/#primaryimage","url":"https:\/\/www.public.sn\/wp-content\/uploads\/2023\/01\/70084318-48922110.jpg","contentUrl":"https:\/\/www.public.sn\/wp-content\/uploads\/2023\/01\/70084318-48922110.jpg","width":1536,"height":2048},{"@type":"BreadcrumbList","@id":"https:\/\/www.public.sn\/index.php\/2023\/01\/12\/triste-nouvelle-pour-la-coalition-yewwi-askan-wii\/#breadcrumb","itemListElement":[{"@type":"ListItem","position":1,"name":"Accueil","item":"https:\/\/www.public.sn\/"},{"@type":"ListItem","position":2,"name":"Triste nouvelle pour la coalition Yewwi Askan Wii"}]},{"@type":"WebSite","@id":"https:\/\/www.public.sn\/#website","url":"https:\/\/www.public.sn\/","name":"LE PUBLIC","description":"","publisher":{"@id":"https:\/\/www.public.sn\/#organization"},"potentialAction":[{"@type":"SearchAction","target":{"@type":"EntryPoint","urlTemplate":"https:\/\/www.public.sn\/?s={search_term_string}"},"query-input":{"@type":"PropertyValueSpecification","valueRequired":true,"valueName":"search_term_string"}}],"inLanguage":"fr-FR"},{"@type":"Organization","@id":"https:\/\/www.public.sn\/#organization","name":"LE PUBLIC","url":"https:\/\/www.public.sn\/","logo":{"@type":"ImageObject","inLanguage":"fr-FR","@id":"https:\/\/www.public.sn\/#\/schema\/logo\/image\/","url":"https:\/\/www.public.sn\/wp-content\/uploads\/2024\/05\/cropped-LOGO-PUBLIC.SN_.png","contentUrl":"https:\/\/www.public.sn\/wp-content\/uploads\/2024\/05\/cropped-LOGO-PUBLIC.SN_.png","width":682,"height":192,"caption":"LE PUBLIC"},"image":{"@id":"https:\/\/www.public.sn\/#\/schema\/logo\/image\/"}},{"@type":"Person","@id":"https:\/\/www.public.sn\/#\/schema\/person\/cb76c8e1b8becc6be61fb5e92d6d0224","name":"LA REDACTION","image":{"@type":"ImageObject","inLanguage":"fr-FR","@id":"https:\/\/www.public.sn\/#\/schema\/person\/image\/","url":"https:\/\/secure.gravatar.com\/avatar\/2dce5ddd34b8fef0180efe03aa2a9bee7d953856048f9a16b298190a3178407c?s=96&d=mm&r=g","contentUrl":"https:\/\/secure.gravatar.com\/avatar\/2dce5ddd34b8fef0180efe03aa2a9bee7d953856048f9a16b298190a3178407c?s=96&d=mm&r=g","caption":"LA REDACTION"},"url":"https:\/\/www.public.sn\/index.php\/author\/editeurpsn\/"}]}},"jetpack_featured_media_url":"https:\/\/www.public.sn\/wp-content\/uploads\/2023\/01\/70084318-48922110.jpg","jetpack_sharing_enabled":true,"_links":{"self":[{"href":"https:\/\/www.public.sn\/index.php\/wp-json\/wp\/v2\/posts\/13552","targetHints":{"allow":["GET"]}}],"collection":[{"href":"https:\/\/www.public.sn\/index.php\/wp-json\/wp\/v2\/posts"}],"about":[{"href":"https:\/\/www.public.sn\/index.php\/wp-json\/wp\/v2\/types\/post"}],"author":[{"embeddable":true,"href":"https:\/\/www.public.sn\/index.php\/wp-json\/wp\/v2\/users\/7"}],"replies":[{"embeddable":true,"href":"https:\/\/www.public.sn\/index.php\/wp-json\/wp\/v2\/comments?post=13552"}],"version-history":[{"count":1,"href":"https:\/\/www.public.sn\/index.php\/wp-json\/wp\/v2\/posts\/13552\/revisions"}],"predecessor-version":[{"id":13557,"href":"https:\/\/www.public.sn\/index.php\/wp-json\/wp\/v2\/posts\/13552\/revisions\/13557"}],"wp:featuredmedia":[{"embeddable":true,"href":"https:\/\/www.public.sn\/index.php\/wp-json\/wp\/v2\/media\/13556"}],"wp:attachment":[{"href":"https:\/\/www.public.sn\/index.php\/wp-json\/wp\/v2\/media?parent=13552"}],"wp:term":[{"taxonomy":"category","embeddable":true,"href":"https:\/\/www.public.sn\/index.php\/wp-json\/wp\/v2\/categories?post=13552"},{"taxonomy":"post_tag","embeddable":true,"href":"https:\/\/www.public.sn\/index.php\/wp-json\/wp\/v2\/tags?post=13552"}],"curies":[{"name":"wp","href":"https:\/\/api.w.org\/{rel}","templated":true}]}}