{"id":13576,"date":"2023-01-12T18:01:44","date_gmt":"2023-01-12T18:01:44","guid":{"rendered":"https:\/\/www.public.sn\/?p=13576"},"modified":"2023-01-12T18:01:44","modified_gmt":"2023-01-12T18:01:44","slug":"deux-ans-de-prison-pour-vol-de-legume","status":"publish","type":"post","link":"https:\/\/www.public.sn\/index.php\/2023\/01\/12\/deux-ans-de-prison-pour-vol-de-legume\/","title":{"rendered":"Deux ans de prison pour vol de l\u00e9g\u00fbme"},"content":{"rendered":"<p>Deux ans, dont un mois ferme. C&rsquo;est la peine inflig\u00e9e \u00e0 M. K. Ndiaye par le tribunal d\u2019instance de Mback\u00e9. Le pr\u00e9venu, \u00e2g\u00e9 de 51 ans, a \u00e9t\u00e9 reconnu coupable de vol de l\u00e9gumes commis la nuit au march\u00e9 Ocass de Touba.<\/p><div class=\"publi-paragraphe1\" style=\"margin-top: 10px;margin-bottom: 10px;margin-left: auto;margin-right: auto;text-align: center;\" id=\"publi-3621144145\"><div class=\"publi-adlabel\">Publicit\u00e9<\/div><script async src=\"\/\/pagead2.googlesyndication.com\/pagead\/js\/adsbygoogle.js?client=ca-pub-4089586018074219\" crossorigin=\"anonymous\"><\/script><ins class=\"adsbygoogle\" style=\"display:block;\" data-ad-client=\"ca-pub-4089586018074219\" \ndata-ad-slot=\"2087940154\" \ndata-ad-format=\"auto\"><\/ins>\n<script> \n(adsbygoogle = window.adsbygoogle || []).push({}); \n<\/script>\n<\/div>\n<p>Interrog\u00e9 sur les faits par le juge, le quinquag\u00e9naire a d\u00e9clar\u00e9 avoir ramass\u00e9 ces l\u00e9gumes au march\u00e9 Ocass, avant d&rsquo;\u00eatre interpell\u00e9 vers l&rsquo;aube par un vigile.<\/p>\n<p>Pour rappel, dans son r\u00e9quisitoire, le procureur de Mback\u00e9 avait demand\u00e9 l&rsquo;application de loi. nous rapporte S\u00e9n\u00e9web<\/p>\n<p>Le journal nous rapporte aussi qu&rsquo;un autre avait \u00e9t\u00e9 attrait \u00e0 la barre du tribunal d&rsquo;instance de Mback\u00e9. S. Sy a \u00e9t\u00e9 reconnu coupable de vol commis la nuit. Le pr\u00e9venu, \u00e2g\u00e9 de 19 ans, a \u00e9cop\u00e9 d&rsquo;une peine de 2 ans prison dont 6 mois ferme.<\/p>\n<p>S. Sy a \u00e9t\u00e9 surpris la nuit vers 1 h, avec huit sacs de foin. Il transportait le butin \u00e0 bord de sa charrette. Mais le pr\u00e9venu a ni\u00e9 en bloc les faits devant la barre du tribunal. Le charretier \u00e9tait charg\u00e9, dit-il, de transporter les sacs de foin pour le compte d&rsquo;une tierce personne.<\/p>\n<div class=\"publi-apres-le-contenu\" style=\"margin-top: 10px;margin-bottom: 10px;margin-left: auto;margin-right: auto;text-align: center;\" id=\"publi-2080008453\"><div class=\"publi-adlabel\">Publicit\u00e9<\/div><script async src=\"\/\/pagead2.googlesyndication.com\/pagead\/js\/adsbygoogle.js?client=ca-pub-4089586018074219\" crossorigin=\"anonymous\"><\/script><ins class=\"adsbygoogle\" style=\"display:block;\" data-ad-client=\"ca-pub-4089586018074219\" \ndata-ad-slot=\"2087940154\" \ndata-ad-format=\"auto\"><\/ins>\n<script> \n(adsbygoogle = window.adsbygoogle || []).push({}); \n<\/script>\n<\/div>","protected":false},"excerpt":{"rendered":"<p>Deux ans, dont un mois ferme. C&rsquo;est la peine inflig\u00e9e \u00e0 M. K. Ndiaye par le tribunal d\u2019instance de Mback\u00e9. Le pr\u00e9venu, \u00e2g\u00e9 de 51 ans, a \u00e9t\u00e9 reconnu coupable de vol de l\u00e9gumes commis la nuit au march\u00e9 Ocass de Touba. Interrog\u00e9 sur les faits par le juge, le quinquag\u00e9naire a d\u00e9clar\u00e9 avoir ramass\u00e9 ces l\u00e9gumes au march\u00e9 Ocass, avant d&rsquo;\u00eatre interpell\u00e9 vers l&rsquo;aube par un vigile. Pour rappel, dans son r\u00e9quisitoire, le procureur de Mback\u00e9 avait demand\u00e9 l&rsquo;application de loi. nous rapporte S\u00e9n\u00e9web Le journal nous rapporte aussi qu&rsquo;un autre avait \u00e9t\u00e9 attrait \u00e0 la barre du tribunal d&rsquo;instance de Mback\u00e9. S. Sy a \u00e9t\u00e9 reconnu coupable de vol commis la nuit. Le pr\u00e9venu, \u00e2g\u00e9 de 19 ans, a \u00e9cop\u00e9 d&rsquo;une peine de 2 ans prison dont 6 mois ferme. S. Sy a \u00e9t\u00e9 surpris la nuit vers 1 h, avec huit sacs de foin. Il transportait le butin \u00e0 bord de sa charrette. Mais le pr\u00e9venu a ni\u00e9 en bloc les faits devant la barre du tribunal. Le charretier \u00e9tait charg\u00e9, dit-il, de transporter les sacs de foin pour le compte d&rsquo;une tierce personne.<\/p>\n","protected":false},"author":7,"featured_media":13577,"comment_status":"open","ping_status":"open","sticky":false,"template":"","format":"standard","meta":{"_jetpack_memberships_contains_paid_content":false,"footnotes":""},"categories":[375,4],"tags":[1473,4077,130,237],"class_list":["post-13576","post","type-post","status-publish","format-standard","has-post-thumbnail","hentry","category-actualites","category-societe","tag-arrestation","tag-coupable","tag-prison","tag-vol","entry","has-media","owp-thumbs-layout-horizontal","owp-btn-normal","owp-tabs-layout-horizontal","has-no-thumbnails","has-product-nav"],"yoast_head":"<!-- This site is optimized with the Yoast SEO plugin v25.5 - https:\/\/yoast.com\/wordpress\/plugins\/seo\/ -->\n<title>Deux ans de prison pour vol de l\u00e9g\u00fbme - LE PUBLIC<\/title>\n<meta name=\"robots\" content=\"index, follow, max-snippet:-1, max-image-preview:large, max-video-preview:-1\" \/>\n<link rel=\"canonical\" href=\"https:\/\/www.public.sn\/index.php\/2023\/01\/12\/deux-ans-de-prison-pour-vol-de-legume\/\" \/>\n<meta property=\"og:locale\" content=\"fr_FR\" \/>\n<meta property=\"og:type\" content=\"article\" \/>\n<meta property=\"og:title\" content=\"Deux ans de prison pour vol de l\u00e9g\u00fbme - LE PUBLIC\" \/>\n<meta property=\"og:description\" content=\"Deux ans, dont un mois ferme. C&rsquo;est la peine inflig\u00e9e \u00e0 M. K. Ndiaye par le tribunal d\u2019instance de Mback\u00e9. Le pr\u00e9venu, \u00e2g\u00e9 de 51 ans, a \u00e9t\u00e9 reconnu coupable de vol de l\u00e9gumes commis la nuit au march\u00e9 Ocass de Touba. Interrog\u00e9 sur les faits par le juge, le quinquag\u00e9naire a d\u00e9clar\u00e9 avoir ramass\u00e9 ces l\u00e9gumes au march\u00e9 Ocass, avant d&rsquo;\u00eatre interpell\u00e9 vers l&rsquo;aube par un vigile. Pour rappel, dans son r\u00e9quisitoire, le procureur de Mback\u00e9 avait demand\u00e9 l&rsquo;application de loi. nous rapporte S\u00e9n\u00e9web Le journal nous rapporte aussi qu&rsquo;un autre avait \u00e9t\u00e9 attrait \u00e0 la barre du tribunal d&rsquo;instance de Mback\u00e9. S. Sy a \u00e9t\u00e9 reconnu coupable de vol commis la nuit. Le pr\u00e9venu, \u00e2g\u00e9 de 19 ans, a \u00e9cop\u00e9 d&rsquo;une peine de 2 ans prison dont 6 mois ferme. S. Sy a \u00e9t\u00e9 surpris la nuit vers 1 h, avec huit sacs de foin. Il transportait le butin \u00e0 bord de sa charrette. Mais le pr\u00e9venu a ni\u00e9 en bloc les faits devant la barre du tribunal. Le charretier \u00e9tait charg\u00e9, dit-il, de transporter les sacs de foin pour le compte d&rsquo;une tierce personne.\" \/>\n<meta property=\"og:url\" content=\"https:\/\/www.public.sn\/index.php\/2023\/01\/12\/deux-ans-de-prison-pour-vol-de-legume\/\" \/>\n<meta property=\"og:site_name\" content=\"LE PUBLIC\" \/>\n<meta property=\"article:published_time\" content=\"2023-01-12T18:01:44+00:00\" \/>\n<meta property=\"og:image\" content=\"https:\/\/www.public.sn\/wp-content\/uploads\/2023\/01\/346718.jpg\" \/>\n\t<meta property=\"og:image:width\" content=\"275\" \/>\n\t<meta property=\"og:image:height\" content=\"183\" \/>\n\t<meta property=\"og:image:type\" content=\"image\/jpeg\" \/>\n<meta name=\"author\" content=\"LA REDACTION\" \/>\n<meta name=\"twitter:card\" content=\"summary_large_image\" \/>\n<meta name=\"twitter:label1\" content=\"\u00c9crit par\" \/>\n\t<meta name=\"twitter:data1\" content=\"LA REDACTION\" \/>\n\t<meta name=\"twitter:label2\" content=\"Dur\u00e9e de lecture estim\u00e9e\" \/>\n\t<meta name=\"twitter:data2\" content=\"1 minute\" \/>\n<script type=\"application\/ld+json\" class=\"yoast-schema-graph\">{\"@context\":\"https:\/\/schema.org\",\"@graph\":[{\"@type\":\"Article\",\"@id\":\"https:\/\/www.public.sn\/index.php\/2023\/01\/12\/deux-ans-de-prison-pour-vol-de-legume\/#article\",\"isPartOf\":{\"@id\":\"https:\/\/www.public.sn\/index.php\/2023\/01\/12\/deux-ans-de-prison-pour-vol-de-legume\/\"},\"author\":{\"name\":\"LA REDACTION\",\"@id\":\"https:\/\/www.public.sn\/#\/schema\/person\/cb76c8e1b8becc6be61fb5e92d6d0224\"},\"headline\":\"Deux ans de prison pour vol de l\u00e9g\u00fbme\",\"datePublished\":\"2023-01-12T18:01:44+00:00\",\"mainEntityOfPage\":{\"@id\":\"https:\/\/www.public.sn\/index.php\/2023\/01\/12\/deux-ans-de-prison-pour-vol-de-legume\/\"},\"wordCount\":202,\"commentCount\":0,\"publisher\":{\"@id\":\"https:\/\/www.public.sn\/#organization\"},\"image\":{\"@id\":\"https:\/\/www.public.sn\/index.php\/2023\/01\/12\/deux-ans-de-prison-pour-vol-de-legume\/#primaryimage\"},\"thumbnailUrl\":\"https:\/\/www.public.sn\/wp-content\/uploads\/2023\/01\/346718.jpg\",\"keywords\":[\"arrestation\",\"coupable\",\"Prison\",\"Vol\"],\"articleSection\":[\"ACTUALIT\u00c9S\",\"SOCIETE\"],\"inLanguage\":\"fr-FR\",\"potentialAction\":[{\"@type\":\"CommentAction\",\"name\":\"Comment\",\"target\":[\"https:\/\/www.public.sn\/index.php\/2023\/01\/12\/deux-ans-de-prison-pour-vol-de-legume\/#respond\"]}]},{\"@type\":\"WebPage\",\"@id\":\"https:\/\/www.public.sn\/index.php\/2023\/01\/12\/deux-ans-de-prison-pour-vol-de-legume\/\",\"url\":\"https:\/\/www.public.sn\/index.php\/2023\/01\/12\/deux-ans-de-prison-pour-vol-de-legume\/\",\"name\":\"Deux ans de prison pour vol de l\u00e9g\u00fbme - LE PUBLIC\",\"isPartOf\":{\"@id\":\"https:\/\/www.public.sn\/#website\"},\"primaryImageOfPage\":{\"@id\":\"https:\/\/www.public.sn\/index.php\/2023\/01\/12\/deux-ans-de-prison-pour-vol-de-legume\/#primaryimage\"},\"image\":{\"@id\":\"https:\/\/www.public.sn\/index.php\/2023\/01\/12\/deux-ans-de-prison-pour-vol-de-legume\/#primaryimage\"},\"thumbnailUrl\":\"https:\/\/www.public.sn\/wp-content\/uploads\/2023\/01\/346718.jpg\",\"datePublished\":\"2023-01-12T18:01:44+00:00\",\"breadcrumb\":{\"@id\":\"https:\/\/www.public.sn\/index.php\/2023\/01\/12\/deux-ans-de-prison-pour-vol-de-legume\/#breadcrumb\"},\"inLanguage\":\"fr-FR\",\"potentialAction\":[{\"@type\":\"ReadAction\",\"target\":[\"https:\/\/www.public.sn\/index.php\/2023\/01\/12\/deux-ans-de-prison-pour-vol-de-legume\/\"]}]},{\"@type\":\"ImageObject\",\"inLanguage\":\"fr-FR\",\"@id\":\"https:\/\/www.public.sn\/index.php\/2023\/01\/12\/deux-ans-de-prison-pour-vol-de-legume\/#primaryimage\",\"url\":\"https:\/\/www.public.sn\/wp-content\/uploads\/2023\/01\/346718.jpg\",\"contentUrl\":\"https:\/\/www.public.sn\/wp-content\/uploads\/2023\/01\/346718.jpg\",\"width\":275,\"height\":183},{\"@type\":\"BreadcrumbList\",\"@id\":\"https:\/\/www.public.sn\/index.php\/2023\/01\/12\/deux-ans-de-prison-pour-vol-de-legume\/#breadcrumb\",\"itemListElement\":[{\"@type\":\"ListItem\",\"position\":1,\"name\":\"Accueil\",\"item\":\"https:\/\/www.public.sn\/\"},{\"@type\":\"ListItem\",\"position\":2,\"name\":\"Deux ans de prison pour vol de l\u00e9g\u00fbme\"}]},{\"@type\":\"WebSite\",\"@id\":\"https:\/\/www.public.sn\/#website\",\"url\":\"https:\/\/www.public.sn\/\",\"name\":\"LE PUBLIC\",\"description\":\"\",\"publisher\":{\"@id\":\"https:\/\/www.public.sn\/#organization\"},\"potentialAction\":[{\"@type\":\"SearchAction\",\"target\":{\"@type\":\"EntryPoint\",\"urlTemplate\":\"https:\/\/www.public.sn\/?s={search_term_string}\"},\"query-input\":{\"@type\":\"PropertyValueSpecification\",\"valueRequired\":true,\"valueName\":\"search_term_string\"}}],\"inLanguage\":\"fr-FR\"},{\"@type\":\"Organization\",\"@id\":\"https:\/\/www.public.sn\/#organization\",\"name\":\"LE PUBLIC\",\"url\":\"https:\/\/www.public.sn\/\",\"logo\":{\"@type\":\"ImageObject\",\"inLanguage\":\"fr-FR\",\"@id\":\"https:\/\/www.public.sn\/#\/schema\/logo\/image\/\",\"url\":\"https:\/\/www.public.sn\/wp-content\/uploads\/2024\/05\/cropped-LOGO-PUBLIC.SN_.png\",\"contentUrl\":\"https:\/\/www.public.sn\/wp-content\/uploads\/2024\/05\/cropped-LOGO-PUBLIC.SN_.png\",\"width\":682,\"height\":192,\"caption\":\"LE PUBLIC\"},\"image\":{\"@id\":\"https:\/\/www.public.sn\/#\/schema\/logo\/image\/\"}},{\"@type\":\"Person\",\"@id\":\"https:\/\/www.public.sn\/#\/schema\/person\/cb76c8e1b8becc6be61fb5e92d6d0224\",\"name\":\"LA REDACTION\",\"image\":{\"@type\":\"ImageObject\",\"inLanguage\":\"fr-FR\",\"@id\":\"https:\/\/www.public.sn\/#\/schema\/person\/image\/\",\"url\":\"https:\/\/secure.gravatar.com\/avatar\/2dce5ddd34b8fef0180efe03aa2a9bee7d953856048f9a16b298190a3178407c?s=96&d=mm&r=g\",\"contentUrl\":\"https:\/\/secure.gravatar.com\/avatar\/2dce5ddd34b8fef0180efe03aa2a9bee7d953856048f9a16b298190a3178407c?s=96&d=mm&r=g\",\"caption\":\"LA REDACTION\"},\"url\":\"https:\/\/www.public.sn\/index.php\/author\/editeurpsn\/\"}]}<\/script>\n<!-- \/ Yoast SEO plugin. -->","yoast_head_json":{"title":"Deux ans de prison pour vol de l\u00e9g\u00fbme - LE PUBLIC","robots":{"index":"index","follow":"follow","max-snippet":"max-snippet:-1","max-image-preview":"max-image-preview:large","max-video-preview":"max-video-preview:-1"},"canonical":"https:\/\/www.public.sn\/index.php\/2023\/01\/12\/deux-ans-de-prison-pour-vol-de-legume\/","og_locale":"fr_FR","og_type":"article","og_title":"Deux ans de prison pour vol de l\u00e9g\u00fbme - LE PUBLIC","og_description":"Deux ans, dont un mois ferme. C&rsquo;est la peine inflig\u00e9e \u00e0 M. K. Ndiaye par le tribunal d\u2019instance de Mback\u00e9. Le pr\u00e9venu, \u00e2g\u00e9 de 51 ans, a \u00e9t\u00e9 reconnu coupable de vol de l\u00e9gumes commis la nuit au march\u00e9 Ocass de Touba. Interrog\u00e9 sur les faits par le juge, le quinquag\u00e9naire a d\u00e9clar\u00e9 avoir ramass\u00e9 ces l\u00e9gumes au march\u00e9 Ocass, avant d&rsquo;\u00eatre interpell\u00e9 vers l&rsquo;aube par un vigile. Pour rappel, dans son r\u00e9quisitoire, le procureur de Mback\u00e9 avait demand\u00e9 l&rsquo;application de loi. nous rapporte S\u00e9n\u00e9web Le journal nous rapporte aussi qu&rsquo;un autre avait \u00e9t\u00e9 attrait \u00e0 la barre du tribunal d&rsquo;instance de Mback\u00e9. S. Sy a \u00e9t\u00e9 reconnu coupable de vol commis la nuit. Le pr\u00e9venu, \u00e2g\u00e9 de 19 ans, a \u00e9cop\u00e9 d&rsquo;une peine de 2 ans prison dont 6 mois ferme. S. Sy a \u00e9t\u00e9 surpris la nuit vers 1 h, avec huit sacs de foin. Il transportait le butin \u00e0 bord de sa charrette. Mais le pr\u00e9venu a ni\u00e9 en bloc les faits devant la barre du tribunal. Le charretier \u00e9tait charg\u00e9, dit-il, de transporter les sacs de foin pour le compte d&rsquo;une tierce personne.","og_url":"https:\/\/www.public.sn\/index.php\/2023\/01\/12\/deux-ans-de-prison-pour-vol-de-legume\/","og_site_name":"LE PUBLIC","article_published_time":"2023-01-12T18:01:44+00:00","og_image":[{"width":275,"height":183,"url":"https:\/\/www.public.sn\/wp-content\/uploads\/2023\/01\/346718.jpg","type":"image\/jpeg"}],"author":"LA REDACTION","twitter_card":"summary_large_image","twitter_misc":{"\u00c9crit par":"LA REDACTION","Dur\u00e9e de lecture estim\u00e9e":"1 minute"},"schema":{"@context":"https:\/\/schema.org","@graph":[{"@type":"Article","@id":"https:\/\/www.public.sn\/index.php\/2023\/01\/12\/deux-ans-de-prison-pour-vol-de-legume\/#article","isPartOf":{"@id":"https:\/\/www.public.sn\/index.php\/2023\/01\/12\/deux-ans-de-prison-pour-vol-de-legume\/"},"author":{"name":"LA REDACTION","@id":"https:\/\/www.public.sn\/#\/schema\/person\/cb76c8e1b8becc6be61fb5e92d6d0224"},"headline":"Deux ans de prison pour vol de l\u00e9g\u00fbme","datePublished":"2023-01-12T18:01:44+00:00","mainEntityOfPage":{"@id":"https:\/\/www.public.sn\/index.php\/2023\/01\/12\/deux-ans-de-prison-pour-vol-de-legume\/"},"wordCount":202,"commentCount":0,"publisher":{"@id":"https:\/\/www.public.sn\/#organization"},"image":{"@id":"https:\/\/www.public.sn\/index.php\/2023\/01\/12\/deux-ans-de-prison-pour-vol-de-legume\/#primaryimage"},"thumbnailUrl":"https:\/\/www.public.sn\/wp-content\/uploads\/2023\/01\/346718.jpg","keywords":["arrestation","coupable","Prison","Vol"],"articleSection":["ACTUALIT\u00c9S","SOCIETE"],"inLanguage":"fr-FR","potentialAction":[{"@type":"CommentAction","name":"Comment","target":["https:\/\/www.public.sn\/index.php\/2023\/01\/12\/deux-ans-de-prison-pour-vol-de-legume\/#respond"]}]},{"@type":"WebPage","@id":"https:\/\/www.public.sn\/index.php\/2023\/01\/12\/deux-ans-de-prison-pour-vol-de-legume\/","url":"https:\/\/www.public.sn\/index.php\/2023\/01\/12\/deux-ans-de-prison-pour-vol-de-legume\/","name":"Deux ans de prison pour vol de l\u00e9g\u00fbme - LE PUBLIC","isPartOf":{"@id":"https:\/\/www.public.sn\/#website"},"primaryImageOfPage":{"@id":"https:\/\/www.public.sn\/index.php\/2023\/01\/12\/deux-ans-de-prison-pour-vol-de-legume\/#primaryimage"},"image":{"@id":"https:\/\/www.public.sn\/index.php\/2023\/01\/12\/deux-ans-de-prison-pour-vol-de-legume\/#primaryimage"},"thumbnailUrl":"https:\/\/www.public.sn\/wp-content\/uploads\/2023\/01\/346718.jpg","datePublished":"2023-01-12T18:01:44+00:00","breadcrumb":{"@id":"https:\/\/www.public.sn\/index.php\/2023\/01\/12\/deux-ans-de-prison-pour-vol-de-legume\/#breadcrumb"},"inLanguage":"fr-FR","potentialAction":[{"@type":"ReadAction","target":["https:\/\/www.public.sn\/index.php\/2023\/01\/12\/deux-ans-de-prison-pour-vol-de-legume\/"]}]},{"@type":"ImageObject","inLanguage":"fr-FR","@id":"https:\/\/www.public.sn\/index.php\/2023\/01\/12\/deux-ans-de-prison-pour-vol-de-legume\/#primaryimage","url":"https:\/\/www.public.sn\/wp-content\/uploads\/2023\/01\/346718.jpg","contentUrl":"https:\/\/www.public.sn\/wp-content\/uploads\/2023\/01\/346718.jpg","width":275,"height":183},{"@type":"BreadcrumbList","@id":"https:\/\/www.public.sn\/index.php\/2023\/01\/12\/deux-ans-de-prison-pour-vol-de-legume\/#breadcrumb","itemListElement":[{"@type":"ListItem","position":1,"name":"Accueil","item":"https:\/\/www.public.sn\/"},{"@type":"ListItem","position":2,"name":"Deux ans de prison pour vol de l\u00e9g\u00fbme"}]},{"@type":"WebSite","@id":"https:\/\/www.public.sn\/#website","url":"https:\/\/www.public.sn\/","name":"LE PUBLIC","description":"","publisher":{"@id":"https:\/\/www.public.sn\/#organization"},"potentialAction":[{"@type":"SearchAction","target":{"@type":"EntryPoint","urlTemplate":"https:\/\/www.public.sn\/?s={search_term_string}"},"query-input":{"@type":"PropertyValueSpecification","valueRequired":true,"valueName":"search_term_string"}}],"inLanguage":"fr-FR"},{"@type":"Organization","@id":"https:\/\/www.public.sn\/#organization","name":"LE PUBLIC","url":"https:\/\/www.public.sn\/","logo":{"@type":"ImageObject","inLanguage":"fr-FR","@id":"https:\/\/www.public.sn\/#\/schema\/logo\/image\/","url":"https:\/\/www.public.sn\/wp-content\/uploads\/2024\/05\/cropped-LOGO-PUBLIC.SN_.png","contentUrl":"https:\/\/www.public.sn\/wp-content\/uploads\/2024\/05\/cropped-LOGO-PUBLIC.SN_.png","width":682,"height":192,"caption":"LE PUBLIC"},"image":{"@id":"https:\/\/www.public.sn\/#\/schema\/logo\/image\/"}},{"@type":"Person","@id":"https:\/\/www.public.sn\/#\/schema\/person\/cb76c8e1b8becc6be61fb5e92d6d0224","name":"LA REDACTION","image":{"@type":"ImageObject","inLanguage":"fr-FR","@id":"https:\/\/www.public.sn\/#\/schema\/person\/image\/","url":"https:\/\/secure.gravatar.com\/avatar\/2dce5ddd34b8fef0180efe03aa2a9bee7d953856048f9a16b298190a3178407c?s=96&d=mm&r=g","contentUrl":"https:\/\/secure.gravatar.com\/avatar\/2dce5ddd34b8fef0180efe03aa2a9bee7d953856048f9a16b298190a3178407c?s=96&d=mm&r=g","caption":"LA REDACTION"},"url":"https:\/\/www.public.sn\/index.php\/author\/editeurpsn\/"}]}},"jetpack_featured_media_url":"https:\/\/www.public.sn\/wp-content\/uploads\/2023\/01\/346718.jpg","jetpack_sharing_enabled":true,"_links":{"self":[{"href":"https:\/\/www.public.sn\/index.php\/wp-json\/wp\/v2\/posts\/13576","targetHints":{"allow":["GET"]}}],"collection":[{"href":"https:\/\/www.public.sn\/index.php\/wp-json\/wp\/v2\/posts"}],"about":[{"href":"https:\/\/www.public.sn\/index.php\/wp-json\/wp\/v2\/types\/post"}],"author":[{"embeddable":true,"href":"https:\/\/www.public.sn\/index.php\/wp-json\/wp\/v2\/users\/7"}],"replies":[{"embeddable":true,"href":"https:\/\/www.public.sn\/index.php\/wp-json\/wp\/v2\/comments?post=13576"}],"version-history":[{"count":1,"href":"https:\/\/www.public.sn\/index.php\/wp-json\/wp\/v2\/posts\/13576\/revisions"}],"predecessor-version":[{"id":13578,"href":"https:\/\/www.public.sn\/index.php\/wp-json\/wp\/v2\/posts\/13576\/revisions\/13578"}],"wp:featuredmedia":[{"embeddable":true,"href":"https:\/\/www.public.sn\/index.php\/wp-json\/wp\/v2\/media\/13577"}],"wp:attachment":[{"href":"https:\/\/www.public.sn\/index.php\/wp-json\/wp\/v2\/media?parent=13576"}],"wp:term":[{"taxonomy":"category","embeddable":true,"href":"https:\/\/www.public.sn\/index.php\/wp-json\/wp\/v2\/categories?post=13576"},{"taxonomy":"post_tag","embeddable":true,"href":"https:\/\/www.public.sn\/index.php\/wp-json\/wp\/v2\/tags?post=13576"}],"curies":[{"name":"wp","href":"https:\/\/api.w.org\/{rel}","templated":true}]}}