{"id":13605,"date":"2023-01-13T14:19:02","date_gmt":"2023-01-13T14:19:02","guid":{"rendered":"https:\/\/www.public.sn\/?p=13605"},"modified":"2023-01-13T14:19:02","modified_gmt":"2023-01-13T14:19:02","slug":"accident-au-port-la-victime-est-un-etudiant","status":"publish","type":"post","link":"https:\/\/www.public.sn\/index.php\/2023\/01\/13\/accident-au-port-la-victime-est-un-etudiant\/","title":{"rendered":"Accident au port : La victime est un \u00e9tudiant"},"content":{"rendered":"<p>Adama Ba, \u00e9tudiant \u00e0 l\u2019universit\u00e9 Cheikh Anta Diop de Dakar (Fac Lettres), avait profit\u00e9 des vacances pour travailler au port de Dakar en tant qu\u2019ouvrier. Plein d\u2019enthousiasme, il ne se doutait pas des dangers qu\u2019il encourait.<\/p><div class=\"publi-paragraphe1\" style=\"margin-top: 10px;margin-bottom: 10px;margin-left: auto;margin-right: auto;text-align: center;\" id=\"publi-1480807724\"><div class=\"publi-adlabel\">Publicit\u00e9<\/div><script async src=\"\/\/pagead2.googlesyndication.com\/pagead\/js\/adsbygoogle.js?client=ca-pub-4089586018074219\" crossorigin=\"anonymous\"><\/script><ins class=\"adsbygoogle\" style=\"display:block;\" data-ad-client=\"ca-pub-4089586018074219\" \ndata-ad-slot=\"2087940154\" \ndata-ad-format=\"auto\"><\/ins>\n<script> \n(adsbygoogle = window.adsbygoogle || []).push({}); \n<\/script>\n<\/div>\n<p>La cellule de communication du port explique que l\u2019accident d\u2019Amadou Ba a eu lieu ce mercredi 11 janvier \u00e0 13 heures 30 minutes. En effet, l\u2019\u00e9tudiant en L2 \u00e9tait \u00e0 la plateforme de distribution du port pour participer a un d\u00e9potage de th\u00e9. Selon Senenews, c\u2019est lorsqu\u2019il a voulu ramasser des oignons qu\u2019un camion\u00a0\u00a0guin\u00e9en l\u2019a heurt\u00e9.<\/p>\n<div class=\"publi-apres-le-contenu\" style=\"margin-top: 10px;margin-bottom: 10px;margin-left: auto;margin-right: auto;text-align: center;\" id=\"publi-1501080855\"><div class=\"publi-adlabel\">Publicit\u00e9<\/div><script async src=\"\/\/pagead2.googlesyndication.com\/pagead\/js\/adsbygoogle.js?client=ca-pub-4089586018074219\" crossorigin=\"anonymous\"><\/script><ins class=\"adsbygoogle\" style=\"display:block;\" data-ad-client=\"ca-pub-4089586018074219\" \ndata-ad-slot=\"2087940154\" \ndata-ad-format=\"auto\"><\/ins>\n<script> \n(adsbygoogle = window.adsbygoogle || []).push({}); \n<\/script>\n<\/div>","protected":false},"excerpt":{"rendered":"<p>Adama Ba, \u00e9tudiant \u00e0 l\u2019universit\u00e9 Cheikh Anta Diop de Dakar (Fac Lettres), avait profit\u00e9 des vacances pour travailler au port de Dakar en tant qu\u2019ouvrier. Plein d\u2019enthousiasme, il ne se doutait pas des dangers qu\u2019il encourait. La cellule de communication du port explique que l\u2019accident d\u2019Amadou Ba a eu lieu ce mercredi 11 janvier \u00e0 13 heures 30 minutes. En effet, l\u2019\u00e9tudiant en L2 \u00e9tait \u00e0 la plateforme de distribution du port pour participer a un d\u00e9potage de th\u00e9. Selon Senenews, c\u2019est lorsqu\u2019il a voulu ramasser des oignons qu\u2019un camion\u00a0\u00a0guin\u00e9en l\u2019a heurt\u00e9.<\/p>\n","protected":false},"author":7,"featured_media":13559,"comment_status":"open","ping_status":"open","sticky":false,"template":"","format":"standard","meta":{"_jetpack_memberships_contains_paid_content":false,"footnotes":""},"categories":[375,1051,4],"tags":[444,4087],"class_list":["post-13605","post","type-post","status-publish","format-standard","has-post-thumbnail","hentry","category-actualites","category-drame","category-societe","tag-drame","tag-pad","entry","has-media","owp-thumbs-layout-horizontal","owp-btn-normal","owp-tabs-layout-horizontal","has-no-thumbnails","has-product-nav"],"yoast_head":"<!-- This site is optimized with the Yoast SEO plugin v25.5 - https:\/\/yoast.com\/wordpress\/plugins\/seo\/ -->\n<title>Accident au port : La victime est un \u00e9tudiant - LE PUBLIC<\/title>\n<meta name=\"robots\" content=\"index, follow, max-snippet:-1, max-image-preview:large, max-video-preview:-1\" \/>\n<link rel=\"canonical\" href=\"https:\/\/www.public.sn\/index.php\/2023\/01\/13\/accident-au-port-la-victime-est-un-etudiant\/\" \/>\n<meta property=\"og:locale\" content=\"fr_FR\" \/>\n<meta property=\"og:type\" content=\"article\" \/>\n<meta property=\"og:title\" content=\"Accident au port : La victime est un \u00e9tudiant - LE PUBLIC\" \/>\n<meta property=\"og:description\" content=\"Adama Ba, \u00e9tudiant \u00e0 l\u2019universit\u00e9 Cheikh Anta Diop de Dakar (Fac Lettres), avait profit\u00e9 des vacances pour travailler au port de Dakar en tant qu\u2019ouvrier. Plein d\u2019enthousiasme, il ne se doutait pas des dangers qu\u2019il encourait. La cellule de communication du port explique que l\u2019accident d\u2019Amadou Ba a eu lieu ce mercredi 11 janvier \u00e0 13 heures 30 minutes. En effet, l\u2019\u00e9tudiant en L2 \u00e9tait \u00e0 la plateforme de distribution du port pour participer a un d\u00e9potage de th\u00e9. Selon Senenews, c\u2019est lorsqu\u2019il a voulu ramasser des oignons qu\u2019un camion\u00a0\u00a0guin\u00e9en l\u2019a heurt\u00e9.\" \/>\n<meta property=\"og:url\" content=\"https:\/\/www.public.sn\/index.php\/2023\/01\/13\/accident-au-port-la-victime-est-un-etudiant\/\" \/>\n<meta property=\"og:site_name\" content=\"LE PUBLIC\" \/>\n<meta property=\"article:published_time\" content=\"2023-01-13T14:19:02+00:00\" \/>\n<meta property=\"og:image\" content=\"https:\/\/www.public.sn\/wp-content\/uploads\/2023\/01\/70084005-48921812.jpg\" \/>\n\t<meta property=\"og:image:width\" content=\"300\" \/>\n\t<meta property=\"og:image:height\" content=\"186\" \/>\n\t<meta property=\"og:image:type\" content=\"image\/jpeg\" \/>\n<meta name=\"author\" content=\"LA REDACTION\" \/>\n<meta name=\"twitter:card\" content=\"summary_large_image\" \/>\n<meta name=\"twitter:label1\" content=\"\u00c9crit par\" \/>\n\t<meta name=\"twitter:data1\" content=\"LA REDACTION\" \/>\n\t<meta name=\"twitter:label2\" content=\"Dur\u00e9e de lecture estim\u00e9e\" \/>\n\t<meta name=\"twitter:data2\" content=\"1 minute\" \/>\n<script type=\"application\/ld+json\" class=\"yoast-schema-graph\">{\"@context\":\"https:\/\/schema.org\",\"@graph\":[{\"@type\":\"Article\",\"@id\":\"https:\/\/www.public.sn\/index.php\/2023\/01\/13\/accident-au-port-la-victime-est-un-etudiant\/#article\",\"isPartOf\":{\"@id\":\"https:\/\/www.public.sn\/index.php\/2023\/01\/13\/accident-au-port-la-victime-est-un-etudiant\/\"},\"author\":{\"name\":\"LA REDACTION\",\"@id\":\"https:\/\/www.public.sn\/#\/schema\/person\/cb76c8e1b8becc6be61fb5e92d6d0224\"},\"headline\":\"Accident au port : La victime est un \u00e9tudiant\",\"datePublished\":\"2023-01-13T14:19:02+00:00\",\"mainEntityOfPage\":{\"@id\":\"https:\/\/www.public.sn\/index.php\/2023\/01\/13\/accident-au-port-la-victime-est-un-etudiant\/\"},\"wordCount\":108,\"commentCount\":0,\"publisher\":{\"@id\":\"https:\/\/www.public.sn\/#organization\"},\"image\":{\"@id\":\"https:\/\/www.public.sn\/index.php\/2023\/01\/13\/accident-au-port-la-victime-est-un-etudiant\/#primaryimage\"},\"thumbnailUrl\":\"https:\/\/www.public.sn\/wp-content\/uploads\/2023\/01\/70084005-48921812.jpg\",\"keywords\":[\"Drame\",\"PAD\"],\"articleSection\":[\"ACTUALIT\u00c9S\",\"DRAME\",\"SOCIETE\"],\"inLanguage\":\"fr-FR\",\"potentialAction\":[{\"@type\":\"CommentAction\",\"name\":\"Comment\",\"target\":[\"https:\/\/www.public.sn\/index.php\/2023\/01\/13\/accident-au-port-la-victime-est-un-etudiant\/#respond\"]}]},{\"@type\":\"WebPage\",\"@id\":\"https:\/\/www.public.sn\/index.php\/2023\/01\/13\/accident-au-port-la-victime-est-un-etudiant\/\",\"url\":\"https:\/\/www.public.sn\/index.php\/2023\/01\/13\/accident-au-port-la-victime-est-un-etudiant\/\",\"name\":\"Accident au port : La victime est un \u00e9tudiant - LE PUBLIC\",\"isPartOf\":{\"@id\":\"https:\/\/www.public.sn\/#website\"},\"primaryImageOfPage\":{\"@id\":\"https:\/\/www.public.sn\/index.php\/2023\/01\/13\/accident-au-port-la-victime-est-un-etudiant\/#primaryimage\"},\"image\":{\"@id\":\"https:\/\/www.public.sn\/index.php\/2023\/01\/13\/accident-au-port-la-victime-est-un-etudiant\/#primaryimage\"},\"thumbnailUrl\":\"https:\/\/www.public.sn\/wp-content\/uploads\/2023\/01\/70084005-48921812.jpg\",\"datePublished\":\"2023-01-13T14:19:02+00:00\",\"breadcrumb\":{\"@id\":\"https:\/\/www.public.sn\/index.php\/2023\/01\/13\/accident-au-port-la-victime-est-un-etudiant\/#breadcrumb\"},\"inLanguage\":\"fr-FR\",\"potentialAction\":[{\"@type\":\"ReadAction\",\"target\":[\"https:\/\/www.public.sn\/index.php\/2023\/01\/13\/accident-au-port-la-victime-est-un-etudiant\/\"]}]},{\"@type\":\"ImageObject\",\"inLanguage\":\"fr-FR\",\"@id\":\"https:\/\/www.public.sn\/index.php\/2023\/01\/13\/accident-au-port-la-victime-est-un-etudiant\/#primaryimage\",\"url\":\"https:\/\/www.public.sn\/wp-content\/uploads\/2023\/01\/70084005-48921812.jpg\",\"contentUrl\":\"https:\/\/www.public.sn\/wp-content\/uploads\/2023\/01\/70084005-48921812.jpg\",\"width\":300,\"height\":186},{\"@type\":\"BreadcrumbList\",\"@id\":\"https:\/\/www.public.sn\/index.php\/2023\/01\/13\/accident-au-port-la-victime-est-un-etudiant\/#breadcrumb\",\"itemListElement\":[{\"@type\":\"ListItem\",\"position\":1,\"name\":\"Accueil\",\"item\":\"https:\/\/www.public.sn\/\"},{\"@type\":\"ListItem\",\"position\":2,\"name\":\"Accident au port : La victime est un \u00e9tudiant\"}]},{\"@type\":\"WebSite\",\"@id\":\"https:\/\/www.public.sn\/#website\",\"url\":\"https:\/\/www.public.sn\/\",\"name\":\"LE PUBLIC\",\"description\":\"\",\"publisher\":{\"@id\":\"https:\/\/www.public.sn\/#organization\"},\"potentialAction\":[{\"@type\":\"SearchAction\",\"target\":{\"@type\":\"EntryPoint\",\"urlTemplate\":\"https:\/\/www.public.sn\/?s={search_term_string}\"},\"query-input\":{\"@type\":\"PropertyValueSpecification\",\"valueRequired\":true,\"valueName\":\"search_term_string\"}}],\"inLanguage\":\"fr-FR\"},{\"@type\":\"Organization\",\"@id\":\"https:\/\/www.public.sn\/#organization\",\"name\":\"LE PUBLIC\",\"url\":\"https:\/\/www.public.sn\/\",\"logo\":{\"@type\":\"ImageObject\",\"inLanguage\":\"fr-FR\",\"@id\":\"https:\/\/www.public.sn\/#\/schema\/logo\/image\/\",\"url\":\"https:\/\/www.public.sn\/wp-content\/uploads\/2024\/05\/cropped-LOGO-PUBLIC.SN_.png\",\"contentUrl\":\"https:\/\/www.public.sn\/wp-content\/uploads\/2024\/05\/cropped-LOGO-PUBLIC.SN_.png\",\"width\":682,\"height\":192,\"caption\":\"LE PUBLIC\"},\"image\":{\"@id\":\"https:\/\/www.public.sn\/#\/schema\/logo\/image\/\"}},{\"@type\":\"Person\",\"@id\":\"https:\/\/www.public.sn\/#\/schema\/person\/cb76c8e1b8becc6be61fb5e92d6d0224\",\"name\":\"LA REDACTION\",\"image\":{\"@type\":\"ImageObject\",\"inLanguage\":\"fr-FR\",\"@id\":\"https:\/\/www.public.sn\/#\/schema\/person\/image\/\",\"url\":\"https:\/\/secure.gravatar.com\/avatar\/2dce5ddd34b8fef0180efe03aa2a9bee7d953856048f9a16b298190a3178407c?s=96&d=mm&r=g\",\"contentUrl\":\"https:\/\/secure.gravatar.com\/avatar\/2dce5ddd34b8fef0180efe03aa2a9bee7d953856048f9a16b298190a3178407c?s=96&d=mm&r=g\",\"caption\":\"LA REDACTION\"},\"url\":\"https:\/\/www.public.sn\/index.php\/author\/editeurpsn\/\"}]}<\/script>\n<!-- \/ Yoast SEO plugin. -->","yoast_head_json":{"title":"Accident au port : La victime est un \u00e9tudiant - LE PUBLIC","robots":{"index":"index","follow":"follow","max-snippet":"max-snippet:-1","max-image-preview":"max-image-preview:large","max-video-preview":"max-video-preview:-1"},"canonical":"https:\/\/www.public.sn\/index.php\/2023\/01\/13\/accident-au-port-la-victime-est-un-etudiant\/","og_locale":"fr_FR","og_type":"article","og_title":"Accident au port : La victime est un \u00e9tudiant - LE PUBLIC","og_description":"Adama Ba, \u00e9tudiant \u00e0 l\u2019universit\u00e9 Cheikh Anta Diop de Dakar (Fac Lettres), avait profit\u00e9 des vacances pour travailler au port de Dakar en tant qu\u2019ouvrier. Plein d\u2019enthousiasme, il ne se doutait pas des dangers qu\u2019il encourait. La cellule de communication du port explique que l\u2019accident d\u2019Amadou Ba a eu lieu ce mercredi 11 janvier \u00e0 13 heures 30 minutes. En effet, l\u2019\u00e9tudiant en L2 \u00e9tait \u00e0 la plateforme de distribution du port pour participer a un d\u00e9potage de th\u00e9. Selon Senenews, c\u2019est lorsqu\u2019il a voulu ramasser des oignons qu\u2019un camion\u00a0\u00a0guin\u00e9en l\u2019a heurt\u00e9.","og_url":"https:\/\/www.public.sn\/index.php\/2023\/01\/13\/accident-au-port-la-victime-est-un-etudiant\/","og_site_name":"LE PUBLIC","article_published_time":"2023-01-13T14:19:02+00:00","og_image":[{"width":300,"height":186,"url":"https:\/\/www.public.sn\/wp-content\/uploads\/2023\/01\/70084005-48921812.jpg","type":"image\/jpeg"}],"author":"LA REDACTION","twitter_card":"summary_large_image","twitter_misc":{"\u00c9crit par":"LA REDACTION","Dur\u00e9e de lecture estim\u00e9e":"1 minute"},"schema":{"@context":"https:\/\/schema.org","@graph":[{"@type":"Article","@id":"https:\/\/www.public.sn\/index.php\/2023\/01\/13\/accident-au-port-la-victime-est-un-etudiant\/#article","isPartOf":{"@id":"https:\/\/www.public.sn\/index.php\/2023\/01\/13\/accident-au-port-la-victime-est-un-etudiant\/"},"author":{"name":"LA REDACTION","@id":"https:\/\/www.public.sn\/#\/schema\/person\/cb76c8e1b8becc6be61fb5e92d6d0224"},"headline":"Accident au port : La victime est un \u00e9tudiant","datePublished":"2023-01-13T14:19:02+00:00","mainEntityOfPage":{"@id":"https:\/\/www.public.sn\/index.php\/2023\/01\/13\/accident-au-port-la-victime-est-un-etudiant\/"},"wordCount":108,"commentCount":0,"publisher":{"@id":"https:\/\/www.public.sn\/#organization"},"image":{"@id":"https:\/\/www.public.sn\/index.php\/2023\/01\/13\/accident-au-port-la-victime-est-un-etudiant\/#primaryimage"},"thumbnailUrl":"https:\/\/www.public.sn\/wp-content\/uploads\/2023\/01\/70084005-48921812.jpg","keywords":["Drame","PAD"],"articleSection":["ACTUALIT\u00c9S","DRAME","SOCIETE"],"inLanguage":"fr-FR","potentialAction":[{"@type":"CommentAction","name":"Comment","target":["https:\/\/www.public.sn\/index.php\/2023\/01\/13\/accident-au-port-la-victime-est-un-etudiant\/#respond"]}]},{"@type":"WebPage","@id":"https:\/\/www.public.sn\/index.php\/2023\/01\/13\/accident-au-port-la-victime-est-un-etudiant\/","url":"https:\/\/www.public.sn\/index.php\/2023\/01\/13\/accident-au-port-la-victime-est-un-etudiant\/","name":"Accident au port : La victime est un \u00e9tudiant - LE PUBLIC","isPartOf":{"@id":"https:\/\/www.public.sn\/#website"},"primaryImageOfPage":{"@id":"https:\/\/www.public.sn\/index.php\/2023\/01\/13\/accident-au-port-la-victime-est-un-etudiant\/#primaryimage"},"image":{"@id":"https:\/\/www.public.sn\/index.php\/2023\/01\/13\/accident-au-port-la-victime-est-un-etudiant\/#primaryimage"},"thumbnailUrl":"https:\/\/www.public.sn\/wp-content\/uploads\/2023\/01\/70084005-48921812.jpg","datePublished":"2023-01-13T14:19:02+00:00","breadcrumb":{"@id":"https:\/\/www.public.sn\/index.php\/2023\/01\/13\/accident-au-port-la-victime-est-un-etudiant\/#breadcrumb"},"inLanguage":"fr-FR","potentialAction":[{"@type":"ReadAction","target":["https:\/\/www.public.sn\/index.php\/2023\/01\/13\/accident-au-port-la-victime-est-un-etudiant\/"]}]},{"@type":"ImageObject","inLanguage":"fr-FR","@id":"https:\/\/www.public.sn\/index.php\/2023\/01\/13\/accident-au-port-la-victime-est-un-etudiant\/#primaryimage","url":"https:\/\/www.public.sn\/wp-content\/uploads\/2023\/01\/70084005-48921812.jpg","contentUrl":"https:\/\/www.public.sn\/wp-content\/uploads\/2023\/01\/70084005-48921812.jpg","width":300,"height":186},{"@type":"BreadcrumbList","@id":"https:\/\/www.public.sn\/index.php\/2023\/01\/13\/accident-au-port-la-victime-est-un-etudiant\/#breadcrumb","itemListElement":[{"@type":"ListItem","position":1,"name":"Accueil","item":"https:\/\/www.public.sn\/"},{"@type":"ListItem","position":2,"name":"Accident au port : La victime est un \u00e9tudiant"}]},{"@type":"WebSite","@id":"https:\/\/www.public.sn\/#website","url":"https:\/\/www.public.sn\/","name":"LE PUBLIC","description":"","publisher":{"@id":"https:\/\/www.public.sn\/#organization"},"potentialAction":[{"@type":"SearchAction","target":{"@type":"EntryPoint","urlTemplate":"https:\/\/www.public.sn\/?s={search_term_string}"},"query-input":{"@type":"PropertyValueSpecification","valueRequired":true,"valueName":"search_term_string"}}],"inLanguage":"fr-FR"},{"@type":"Organization","@id":"https:\/\/www.public.sn\/#organization","name":"LE PUBLIC","url":"https:\/\/www.public.sn\/","logo":{"@type":"ImageObject","inLanguage":"fr-FR","@id":"https:\/\/www.public.sn\/#\/schema\/logo\/image\/","url":"https:\/\/www.public.sn\/wp-content\/uploads\/2024\/05\/cropped-LOGO-PUBLIC.SN_.png","contentUrl":"https:\/\/www.public.sn\/wp-content\/uploads\/2024\/05\/cropped-LOGO-PUBLIC.SN_.png","width":682,"height":192,"caption":"LE PUBLIC"},"image":{"@id":"https:\/\/www.public.sn\/#\/schema\/logo\/image\/"}},{"@type":"Person","@id":"https:\/\/www.public.sn\/#\/schema\/person\/cb76c8e1b8becc6be61fb5e92d6d0224","name":"LA REDACTION","image":{"@type":"ImageObject","inLanguage":"fr-FR","@id":"https:\/\/www.public.sn\/#\/schema\/person\/image\/","url":"https:\/\/secure.gravatar.com\/avatar\/2dce5ddd34b8fef0180efe03aa2a9bee7d953856048f9a16b298190a3178407c?s=96&d=mm&r=g","contentUrl":"https:\/\/secure.gravatar.com\/avatar\/2dce5ddd34b8fef0180efe03aa2a9bee7d953856048f9a16b298190a3178407c?s=96&d=mm&r=g","caption":"LA REDACTION"},"url":"https:\/\/www.public.sn\/index.php\/author\/editeurpsn\/"}]}},"jetpack_featured_media_url":"https:\/\/www.public.sn\/wp-content\/uploads\/2023\/01\/70084005-48921812.jpg","jetpack_sharing_enabled":true,"_links":{"self":[{"href":"https:\/\/www.public.sn\/index.php\/wp-json\/wp\/v2\/posts\/13605","targetHints":{"allow":["GET"]}}],"collection":[{"href":"https:\/\/www.public.sn\/index.php\/wp-json\/wp\/v2\/posts"}],"about":[{"href":"https:\/\/www.public.sn\/index.php\/wp-json\/wp\/v2\/types\/post"}],"author":[{"embeddable":true,"href":"https:\/\/www.public.sn\/index.php\/wp-json\/wp\/v2\/users\/7"}],"replies":[{"embeddable":true,"href":"https:\/\/www.public.sn\/index.php\/wp-json\/wp\/v2\/comments?post=13605"}],"version-history":[{"count":1,"href":"https:\/\/www.public.sn\/index.php\/wp-json\/wp\/v2\/posts\/13605\/revisions"}],"predecessor-version":[{"id":13606,"href":"https:\/\/www.public.sn\/index.php\/wp-json\/wp\/v2\/posts\/13605\/revisions\/13606"}],"wp:featuredmedia":[{"embeddable":true,"href":"https:\/\/www.public.sn\/index.php\/wp-json\/wp\/v2\/media\/13559"}],"wp:attachment":[{"href":"https:\/\/www.public.sn\/index.php\/wp-json\/wp\/v2\/media?parent=13605"}],"wp:term":[{"taxonomy":"category","embeddable":true,"href":"https:\/\/www.public.sn\/index.php\/wp-json\/wp\/v2\/categories?post=13605"},{"taxonomy":"post_tag","embeddable":true,"href":"https:\/\/www.public.sn\/index.php\/wp-json\/wp\/v2\/tags?post=13605"}],"curies":[{"name":"wp","href":"https:\/\/api.w.org\/{rel}","templated":true}]}}