{"id":13630,"date":"2023-01-14T11:41:33","date_gmt":"2023-01-14T11:41:33","guid":{"rendered":"https:\/\/www.public.sn\/?p=13630"},"modified":"2023-01-14T11:41:33","modified_gmt":"2023-01-14T11:41:33","slug":"3eme-mandat-mansour-faye-fache-encore-les-senegalais","status":"publish","type":"post","link":"https:\/\/www.public.sn\/index.php\/2023\/01\/14\/3eme-mandat-mansour-faye-fache-encore-les-senegalais\/","title":{"rendered":"3\u00e9me Mandat : Mansour Faye f\u00e2che encore les S\u00e9n\u00e9galais"},"content":{"rendered":"<p><strong>Apr\u00e8s le rapport de la Cour des comptes, le ministre du transport Mansour Faye se fait encore remarquer.<\/strong><\/p><div class=\"publi-paragraphe1\" style=\"margin-top: 10px;margin-bottom: 10px;margin-left: auto;margin-right: auto;text-align: center;\" id=\"publi-2477684595\"><div class=\"publi-adlabel\">Publicit\u00e9<\/div><script async src=\"\/\/pagead2.googlesyndication.com\/pagead\/js\/adsbygoogle.js?client=ca-pub-4089586018074219\" crossorigin=\"anonymous\"><\/script><ins class=\"adsbygoogle\" style=\"display:block;\" data-ad-client=\"ca-pub-4089586018074219\" \ndata-ad-slot=\"2087940154\" \ndata-ad-format=\"auto\"><\/ins>\n<script> \n(adsbygoogle = window.adsbygoogle || []).push({}); \n<\/script>\n<\/div>\n<p>Au moment o\u00f9 certains S\u00e9n\u00e9galais r\u00e9clament sa d\u00e9mission suite \u00e0 l\u2019accident de Sikilo \u00e0 Kaffrine, le beau-fr\u00e8re du chef de l\u2019Etat Macky Sall pr\u00e9f\u00e8re narguer sur le troisi\u00e8me mandat sujet pol\u00e9mique au S\u00e9n\u00e9gal.<\/p>\n<p>Dans les colonnes de Vox Populi, Mansour Faye insiste sur la candidature de Macky Sall.<\/p>\n<p>\u00ab Ce n\u2019est plus ni oui ni non, mais un oui oui et oui. Macky Sall sera candidat sans que rien ne se passe quand il d\u00e9posera sa candidature. Contrairement \u00e0 ce que pense une certaine opposition radicale. Des r\u00e9ponses politiques seront apport\u00e9es par rapport \u00e0 ces apprentis pyromanes \u00bb, a d\u00e9clar\u00e9 Mansour Faye.<\/p>\n<div class=\"publi-apres-le-contenu\" style=\"margin-top: 10px;margin-bottom: 10px;margin-left: auto;margin-right: auto;text-align: center;\" id=\"publi-325825721\"><div class=\"publi-adlabel\">Publicit\u00e9<\/div><script async src=\"\/\/pagead2.googlesyndication.com\/pagead\/js\/adsbygoogle.js?client=ca-pub-4089586018074219\" crossorigin=\"anonymous\"><\/script><ins class=\"adsbygoogle\" style=\"display:block;\" data-ad-client=\"ca-pub-4089586018074219\" \ndata-ad-slot=\"2087940154\" \ndata-ad-format=\"auto\"><\/ins>\n<script> \n(adsbygoogle = window.adsbygoogle || []).push({}); \n<\/script>\n<\/div>","protected":false},"excerpt":{"rendered":"<p>Apr\u00e8s le rapport de la Cour des comptes, le ministre du transport Mansour Faye se fait encore remarquer. Au moment o\u00f9 certains S\u00e9n\u00e9galais r\u00e9clament sa d\u00e9mission suite \u00e0 l\u2019accident de Sikilo \u00e0 Kaffrine, le beau-fr\u00e8re du chef de l\u2019Etat Macky Sall pr\u00e9f\u00e8re narguer sur le troisi\u00e8me mandat sujet pol\u00e9mique au S\u00e9n\u00e9gal. Dans les colonnes de Vox Populi, Mansour Faye insiste sur la candidature de Macky Sall. \u00ab Ce n\u2019est plus ni oui ni non, mais un oui oui et oui. Macky Sall sera candidat sans que rien ne se passe quand il d\u00e9posera sa candidature. Contrairement \u00e0 ce que pense une certaine opposition radicale. Des r\u00e9ponses politiques seront apport\u00e9es par rapport \u00e0 ces apprentis pyromanes \u00bb, a d\u00e9clar\u00e9 Mansour Faye.<\/p>\n","protected":false},"author":1,"featured_media":13364,"comment_status":"open","ping_status":"open","sticky":false,"template":"","format":"standard","meta":{"_jetpack_memberships_contains_paid_content":false,"footnotes":""},"categories":[375,3,372],"tags":[1010,1174],"class_list":["post-13630","post","type-post","status-publish","format-standard","has-post-thumbnail","hentry","category-actualites","category-politique","category-vedette","tag-3e-mandat","tag-mansour-faye","entry","has-media","owp-thumbs-layout-horizontal","owp-btn-normal","owp-tabs-layout-horizontal","has-no-thumbnails","has-product-nav"],"yoast_head":"<!-- This site is optimized with the Yoast SEO plugin v25.5 - https:\/\/yoast.com\/wordpress\/plugins\/seo\/ -->\n<title>3\u00e9me Mandat : Mansour Faye f\u00e2che encore les S\u00e9n\u00e9galais - LE PUBLIC<\/title>\n<meta name=\"description\" content=\"Apr\u00e8s le rapport de la Cour des comptes, le ministre du transport Mansour Faye se fait encore remarquer.\" \/>\n<meta name=\"robots\" content=\"index, follow, max-snippet:-1, max-image-preview:large, max-video-preview:-1\" \/>\n<link rel=\"canonical\" href=\"https:\/\/www.public.sn\/index.php\/2023\/01\/14\/3eme-mandat-mansour-faye-fache-encore-les-senegalais\/\" \/>\n<meta property=\"og:locale\" content=\"fr_FR\" \/>\n<meta property=\"og:type\" content=\"article\" \/>\n<meta property=\"og:title\" content=\"3\u00e9me Mandat : Mansour Faye f\u00e2che encore les S\u00e9n\u00e9galais - LE PUBLIC\" \/>\n<meta property=\"og:description\" content=\"Apr\u00e8s le rapport de la Cour des comptes, le ministre du transport Mansour Faye se fait encore remarquer.\" \/>\n<meta property=\"og:url\" content=\"https:\/\/www.public.sn\/index.php\/2023\/01\/14\/3eme-mandat-mansour-faye-fache-encore-les-senegalais\/\" \/>\n<meta property=\"og:site_name\" content=\"LE PUBLIC\" \/>\n<meta property=\"article:published_time\" content=\"2023-01-14T11:41:33+00:00\" \/>\n<meta property=\"og:image\" content=\"https:\/\/www.public.sn\/wp-content\/uploads\/2023\/01\/Mansour-FAYE.jpg\" \/>\n\t<meta property=\"og:image:width\" content=\"1280\" \/>\n\t<meta property=\"og:image:height\" content=\"960\" \/>\n\t<meta property=\"og:image:type\" content=\"image\/jpeg\" \/>\n<meta name=\"author\" content=\"LA REDACTION\" \/>\n<meta name=\"twitter:card\" content=\"summary_large_image\" \/>\n<meta name=\"twitter:label1\" content=\"\u00c9crit par\" \/>\n\t<meta name=\"twitter:data1\" content=\"LA REDACTION\" \/>\n\t<meta name=\"twitter:label2\" content=\"Dur\u00e9e de lecture estim\u00e9e\" \/>\n\t<meta name=\"twitter:data2\" content=\"1 minute\" \/>\n<script type=\"application\/ld+json\" class=\"yoast-schema-graph\">{\"@context\":\"https:\/\/schema.org\",\"@graph\":[{\"@type\":\"Article\",\"@id\":\"https:\/\/www.public.sn\/index.php\/2023\/01\/14\/3eme-mandat-mansour-faye-fache-encore-les-senegalais\/#article\",\"isPartOf\":{\"@id\":\"https:\/\/www.public.sn\/index.php\/2023\/01\/14\/3eme-mandat-mansour-faye-fache-encore-les-senegalais\/\"},\"author\":{\"name\":\"LA REDACTION\",\"@id\":\"https:\/\/www.public.sn\/#\/schema\/person\/e3f4a11b037d4203902db148f9bc8d5a\"},\"headline\":\"3\u00e9me Mandat : Mansour Faye f\u00e2che encore les S\u00e9n\u00e9galais\",\"datePublished\":\"2023-01-14T11:41:33+00:00\",\"mainEntityOfPage\":{\"@id\":\"https:\/\/www.public.sn\/index.php\/2023\/01\/14\/3eme-mandat-mansour-faye-fache-encore-les-senegalais\/\"},\"wordCount\":144,\"commentCount\":0,\"publisher\":{\"@id\":\"https:\/\/www.public.sn\/#organization\"},\"image\":{\"@id\":\"https:\/\/www.public.sn\/index.php\/2023\/01\/14\/3eme-mandat-mansour-faye-fache-encore-les-senegalais\/#primaryimage\"},\"thumbnailUrl\":\"https:\/\/www.public.sn\/wp-content\/uploads\/2023\/01\/Mansour-FAYE.jpg\",\"keywords\":[\"3e mandat\",\"mansour faye\"],\"articleSection\":[\"ACTUALIT\u00c9S\",\"POLITIQUE\",\"VEDETTE\"],\"inLanguage\":\"fr-FR\",\"potentialAction\":[{\"@type\":\"CommentAction\",\"name\":\"Comment\",\"target\":[\"https:\/\/www.public.sn\/index.php\/2023\/01\/14\/3eme-mandat-mansour-faye-fache-encore-les-senegalais\/#respond\"]}]},{\"@type\":\"WebPage\",\"@id\":\"https:\/\/www.public.sn\/index.php\/2023\/01\/14\/3eme-mandat-mansour-faye-fache-encore-les-senegalais\/\",\"url\":\"https:\/\/www.public.sn\/index.php\/2023\/01\/14\/3eme-mandat-mansour-faye-fache-encore-les-senegalais\/\",\"name\":\"3\u00e9me Mandat : Mansour Faye f\u00e2che encore les S\u00e9n\u00e9galais - LE PUBLIC\",\"isPartOf\":{\"@id\":\"https:\/\/www.public.sn\/#website\"},\"primaryImageOfPage\":{\"@id\":\"https:\/\/www.public.sn\/index.php\/2023\/01\/14\/3eme-mandat-mansour-faye-fache-encore-les-senegalais\/#primaryimage\"},\"image\":{\"@id\":\"https:\/\/www.public.sn\/index.php\/2023\/01\/14\/3eme-mandat-mansour-faye-fache-encore-les-senegalais\/#primaryimage\"},\"thumbnailUrl\":\"https:\/\/www.public.sn\/wp-content\/uploads\/2023\/01\/Mansour-FAYE.jpg\",\"datePublished\":\"2023-01-14T11:41:33+00:00\",\"description\":\"Apr\u00e8s le rapport de la Cour des comptes, le ministre du transport Mansour Faye se fait encore remarquer.\",\"breadcrumb\":{\"@id\":\"https:\/\/www.public.sn\/index.php\/2023\/01\/14\/3eme-mandat-mansour-faye-fache-encore-les-senegalais\/#breadcrumb\"},\"inLanguage\":\"fr-FR\",\"potentialAction\":[{\"@type\":\"ReadAction\",\"target\":[\"https:\/\/www.public.sn\/index.php\/2023\/01\/14\/3eme-mandat-mansour-faye-fache-encore-les-senegalais\/\"]}]},{\"@type\":\"ImageObject\",\"inLanguage\":\"fr-FR\",\"@id\":\"https:\/\/www.public.sn\/index.php\/2023\/01\/14\/3eme-mandat-mansour-faye-fache-encore-les-senegalais\/#primaryimage\",\"url\":\"https:\/\/www.public.sn\/wp-content\/uploads\/2023\/01\/Mansour-FAYE.jpg\",\"contentUrl\":\"https:\/\/www.public.sn\/wp-content\/uploads\/2023\/01\/Mansour-FAYE.jpg\",\"width\":1280,\"height\":960},{\"@type\":\"BreadcrumbList\",\"@id\":\"https:\/\/www.public.sn\/index.php\/2023\/01\/14\/3eme-mandat-mansour-faye-fache-encore-les-senegalais\/#breadcrumb\",\"itemListElement\":[{\"@type\":\"ListItem\",\"position\":1,\"name\":\"Accueil\",\"item\":\"https:\/\/www.public.sn\/\"},{\"@type\":\"ListItem\",\"position\":2,\"name\":\"3\u00e9me Mandat : Mansour Faye f\u00e2che encore les S\u00e9n\u00e9galais\"}]},{\"@type\":\"WebSite\",\"@id\":\"https:\/\/www.public.sn\/#website\",\"url\":\"https:\/\/www.public.sn\/\",\"name\":\"LE PUBLIC\",\"description\":\"\",\"publisher\":{\"@id\":\"https:\/\/www.public.sn\/#organization\"},\"potentialAction\":[{\"@type\":\"SearchAction\",\"target\":{\"@type\":\"EntryPoint\",\"urlTemplate\":\"https:\/\/www.public.sn\/?s={search_term_string}\"},\"query-input\":{\"@type\":\"PropertyValueSpecification\",\"valueRequired\":true,\"valueName\":\"search_term_string\"}}],\"inLanguage\":\"fr-FR\"},{\"@type\":\"Organization\",\"@id\":\"https:\/\/www.public.sn\/#organization\",\"name\":\"LE PUBLIC\",\"url\":\"https:\/\/www.public.sn\/\",\"logo\":{\"@type\":\"ImageObject\",\"inLanguage\":\"fr-FR\",\"@id\":\"https:\/\/www.public.sn\/#\/schema\/logo\/image\/\",\"url\":\"https:\/\/www.public.sn\/wp-content\/uploads\/2024\/05\/cropped-LOGO-PUBLIC.SN_.png\",\"contentUrl\":\"https:\/\/www.public.sn\/wp-content\/uploads\/2024\/05\/cropped-LOGO-PUBLIC.SN_.png\",\"width\":682,\"height\":192,\"caption\":\"LE PUBLIC\"},\"image\":{\"@id\":\"https:\/\/www.public.sn\/#\/schema\/logo\/image\/\"}},{\"@type\":\"Person\",\"@id\":\"https:\/\/www.public.sn\/#\/schema\/person\/e3f4a11b037d4203902db148f9bc8d5a\",\"name\":\"LA REDACTION\",\"image\":{\"@type\":\"ImageObject\",\"inLanguage\":\"fr-FR\",\"@id\":\"https:\/\/www.public.sn\/#\/schema\/person\/image\/\",\"url\":\"https:\/\/secure.gravatar.com\/avatar\/d6c030db45db2883c075085c5d6c6258654a801a93766b49af0b82d4f454e2a5?s=96&d=mm&r=g\",\"contentUrl\":\"https:\/\/secure.gravatar.com\/avatar\/d6c030db45db2883c075085c5d6c6258654a801a93766b49af0b82d4f454e2a5?s=96&d=mm&r=g\",\"caption\":\"LA REDACTION\"},\"sameAs\":[\"http:\/\/www.public.sn\"],\"url\":\"https:\/\/www.public.sn\/index.php\/author\/admin7324\/\"}]}<\/script>\n<!-- \/ Yoast SEO plugin. -->","yoast_head_json":{"title":"3\u00e9me Mandat : Mansour Faye f\u00e2che encore les S\u00e9n\u00e9galais - LE PUBLIC","description":"Apr\u00e8s le rapport de la Cour des comptes, le ministre du transport Mansour Faye se fait encore remarquer.","robots":{"index":"index","follow":"follow","max-snippet":"max-snippet:-1","max-image-preview":"max-image-preview:large","max-video-preview":"max-video-preview:-1"},"canonical":"https:\/\/www.public.sn\/index.php\/2023\/01\/14\/3eme-mandat-mansour-faye-fache-encore-les-senegalais\/","og_locale":"fr_FR","og_type":"article","og_title":"3\u00e9me Mandat : Mansour Faye f\u00e2che encore les S\u00e9n\u00e9galais - LE PUBLIC","og_description":"Apr\u00e8s le rapport de la Cour des comptes, le ministre du transport Mansour Faye se fait encore remarquer.","og_url":"https:\/\/www.public.sn\/index.php\/2023\/01\/14\/3eme-mandat-mansour-faye-fache-encore-les-senegalais\/","og_site_name":"LE PUBLIC","article_published_time":"2023-01-14T11:41:33+00:00","og_image":[{"width":1280,"height":960,"url":"https:\/\/www.public.sn\/wp-content\/uploads\/2023\/01\/Mansour-FAYE.jpg","type":"image\/jpeg"}],"author":"LA REDACTION","twitter_card":"summary_large_image","twitter_misc":{"\u00c9crit par":"LA REDACTION","Dur\u00e9e de lecture estim\u00e9e":"1 minute"},"schema":{"@context":"https:\/\/schema.org","@graph":[{"@type":"Article","@id":"https:\/\/www.public.sn\/index.php\/2023\/01\/14\/3eme-mandat-mansour-faye-fache-encore-les-senegalais\/#article","isPartOf":{"@id":"https:\/\/www.public.sn\/index.php\/2023\/01\/14\/3eme-mandat-mansour-faye-fache-encore-les-senegalais\/"},"author":{"name":"LA REDACTION","@id":"https:\/\/www.public.sn\/#\/schema\/person\/e3f4a11b037d4203902db148f9bc8d5a"},"headline":"3\u00e9me Mandat : Mansour Faye f\u00e2che encore les S\u00e9n\u00e9galais","datePublished":"2023-01-14T11:41:33+00:00","mainEntityOfPage":{"@id":"https:\/\/www.public.sn\/index.php\/2023\/01\/14\/3eme-mandat-mansour-faye-fache-encore-les-senegalais\/"},"wordCount":144,"commentCount":0,"publisher":{"@id":"https:\/\/www.public.sn\/#organization"},"image":{"@id":"https:\/\/www.public.sn\/index.php\/2023\/01\/14\/3eme-mandat-mansour-faye-fache-encore-les-senegalais\/#primaryimage"},"thumbnailUrl":"https:\/\/www.public.sn\/wp-content\/uploads\/2023\/01\/Mansour-FAYE.jpg","keywords":["3e mandat","mansour faye"],"articleSection":["ACTUALIT\u00c9S","POLITIQUE","VEDETTE"],"inLanguage":"fr-FR","potentialAction":[{"@type":"CommentAction","name":"Comment","target":["https:\/\/www.public.sn\/index.php\/2023\/01\/14\/3eme-mandat-mansour-faye-fache-encore-les-senegalais\/#respond"]}]},{"@type":"WebPage","@id":"https:\/\/www.public.sn\/index.php\/2023\/01\/14\/3eme-mandat-mansour-faye-fache-encore-les-senegalais\/","url":"https:\/\/www.public.sn\/index.php\/2023\/01\/14\/3eme-mandat-mansour-faye-fache-encore-les-senegalais\/","name":"3\u00e9me Mandat : Mansour Faye f\u00e2che encore les S\u00e9n\u00e9galais - LE PUBLIC","isPartOf":{"@id":"https:\/\/www.public.sn\/#website"},"primaryImageOfPage":{"@id":"https:\/\/www.public.sn\/index.php\/2023\/01\/14\/3eme-mandat-mansour-faye-fache-encore-les-senegalais\/#primaryimage"},"image":{"@id":"https:\/\/www.public.sn\/index.php\/2023\/01\/14\/3eme-mandat-mansour-faye-fache-encore-les-senegalais\/#primaryimage"},"thumbnailUrl":"https:\/\/www.public.sn\/wp-content\/uploads\/2023\/01\/Mansour-FAYE.jpg","datePublished":"2023-01-14T11:41:33+00:00","description":"Apr\u00e8s le rapport de la Cour des comptes, le ministre du transport Mansour Faye se fait encore remarquer.","breadcrumb":{"@id":"https:\/\/www.public.sn\/index.php\/2023\/01\/14\/3eme-mandat-mansour-faye-fache-encore-les-senegalais\/#breadcrumb"},"inLanguage":"fr-FR","potentialAction":[{"@type":"ReadAction","target":["https:\/\/www.public.sn\/index.php\/2023\/01\/14\/3eme-mandat-mansour-faye-fache-encore-les-senegalais\/"]}]},{"@type":"ImageObject","inLanguage":"fr-FR","@id":"https:\/\/www.public.sn\/index.php\/2023\/01\/14\/3eme-mandat-mansour-faye-fache-encore-les-senegalais\/#primaryimage","url":"https:\/\/www.public.sn\/wp-content\/uploads\/2023\/01\/Mansour-FAYE.jpg","contentUrl":"https:\/\/www.public.sn\/wp-content\/uploads\/2023\/01\/Mansour-FAYE.jpg","width":1280,"height":960},{"@type":"BreadcrumbList","@id":"https:\/\/www.public.sn\/index.php\/2023\/01\/14\/3eme-mandat-mansour-faye-fache-encore-les-senegalais\/#breadcrumb","itemListElement":[{"@type":"ListItem","position":1,"name":"Accueil","item":"https:\/\/www.public.sn\/"},{"@type":"ListItem","position":2,"name":"3\u00e9me Mandat : Mansour Faye f\u00e2che encore les S\u00e9n\u00e9galais"}]},{"@type":"WebSite","@id":"https:\/\/www.public.sn\/#website","url":"https:\/\/www.public.sn\/","name":"LE PUBLIC","description":"","publisher":{"@id":"https:\/\/www.public.sn\/#organization"},"potentialAction":[{"@type":"SearchAction","target":{"@type":"EntryPoint","urlTemplate":"https:\/\/www.public.sn\/?s={search_term_string}"},"query-input":{"@type":"PropertyValueSpecification","valueRequired":true,"valueName":"search_term_string"}}],"inLanguage":"fr-FR"},{"@type":"Organization","@id":"https:\/\/www.public.sn\/#organization","name":"LE PUBLIC","url":"https:\/\/www.public.sn\/","logo":{"@type":"ImageObject","inLanguage":"fr-FR","@id":"https:\/\/www.public.sn\/#\/schema\/logo\/image\/","url":"https:\/\/www.public.sn\/wp-content\/uploads\/2024\/05\/cropped-LOGO-PUBLIC.SN_.png","contentUrl":"https:\/\/www.public.sn\/wp-content\/uploads\/2024\/05\/cropped-LOGO-PUBLIC.SN_.png","width":682,"height":192,"caption":"LE PUBLIC"},"image":{"@id":"https:\/\/www.public.sn\/#\/schema\/logo\/image\/"}},{"@type":"Person","@id":"https:\/\/www.public.sn\/#\/schema\/person\/e3f4a11b037d4203902db148f9bc8d5a","name":"LA REDACTION","image":{"@type":"ImageObject","inLanguage":"fr-FR","@id":"https:\/\/www.public.sn\/#\/schema\/person\/image\/","url":"https:\/\/secure.gravatar.com\/avatar\/d6c030db45db2883c075085c5d6c6258654a801a93766b49af0b82d4f454e2a5?s=96&d=mm&r=g","contentUrl":"https:\/\/secure.gravatar.com\/avatar\/d6c030db45db2883c075085c5d6c6258654a801a93766b49af0b82d4f454e2a5?s=96&d=mm&r=g","caption":"LA REDACTION"},"sameAs":["http:\/\/www.public.sn"],"url":"https:\/\/www.public.sn\/index.php\/author\/admin7324\/"}]}},"jetpack_featured_media_url":"https:\/\/www.public.sn\/wp-content\/uploads\/2023\/01\/Mansour-FAYE.jpg","jetpack_sharing_enabled":true,"_links":{"self":[{"href":"https:\/\/www.public.sn\/index.php\/wp-json\/wp\/v2\/posts\/13630","targetHints":{"allow":["GET"]}}],"collection":[{"href":"https:\/\/www.public.sn\/index.php\/wp-json\/wp\/v2\/posts"}],"about":[{"href":"https:\/\/www.public.sn\/index.php\/wp-json\/wp\/v2\/types\/post"}],"author":[{"embeddable":true,"href":"https:\/\/www.public.sn\/index.php\/wp-json\/wp\/v2\/users\/1"}],"replies":[{"embeddable":true,"href":"https:\/\/www.public.sn\/index.php\/wp-json\/wp\/v2\/comments?post=13630"}],"version-history":[{"count":1,"href":"https:\/\/www.public.sn\/index.php\/wp-json\/wp\/v2\/posts\/13630\/revisions"}],"predecessor-version":[{"id":13631,"href":"https:\/\/www.public.sn\/index.php\/wp-json\/wp\/v2\/posts\/13630\/revisions\/13631"}],"wp:featuredmedia":[{"embeddable":true,"href":"https:\/\/www.public.sn\/index.php\/wp-json\/wp\/v2\/media\/13364"}],"wp:attachment":[{"href":"https:\/\/www.public.sn\/index.php\/wp-json\/wp\/v2\/media?parent=13630"}],"wp:term":[{"taxonomy":"category","embeddable":true,"href":"https:\/\/www.public.sn\/index.php\/wp-json\/wp\/v2\/categories?post=13630"},{"taxonomy":"post_tag","embeddable":true,"href":"https:\/\/www.public.sn\/index.php\/wp-json\/wp\/v2\/tags?post=13630"}],"curies":[{"name":"wp","href":"https:\/\/api.w.org\/{rel}","templated":true}]}}