{"id":13649,"date":"2023-01-14T19:45:03","date_gmt":"2023-01-14T19:45:03","guid":{"rendered":"https:\/\/www.public.sn\/?p=13649"},"modified":"2023-01-14T19:45:03","modified_gmt":"2023-01-14T19:45:03","slug":"accident-de-sikilo-le-bilan-salourdit-encore","status":"publish","type":"post","link":"https:\/\/www.public.sn\/index.php\/2023\/01\/14\/accident-de-sikilo-le-bilan-salourdit-encore\/","title":{"rendered":"Accident de Sikilo : le bilan s&rsquo;alourdit encore"},"content":{"rendered":"<p><strong>Le bilan de la trag\u00e9die sur la route de Kaffrine continue de s\u2019alourdir. Une autre victime vient de succomber \u00e0 ses blessures. Il s\u2019agit de Abdou Lahat L\u00f4, \u00e2g\u00e9 de 43 ans, demeurant \u00e0 V\u00e9lingara. Il est d\u00e9c\u00e9d\u00e9 ainsi ce samedi 14 janvier vers 16h30 mn \u00e0 l\u2019h\u00f4pital Dalal Jamm de Gu\u00e9diawaye o\u00f9 il avait \u00e9t\u00e9 \u00e9vacu\u00e9.<\/strong><\/p><div class=\"publi-paragraphe1\" style=\"margin-top: 10px;margin-bottom: 10px;margin-left: auto;margin-right: auto;text-align: center;\" id=\"publi-3277242697\"><div class=\"publi-adlabel\">Publicit\u00e9<\/div><script async src=\"\/\/pagead2.googlesyndication.com\/pagead\/js\/adsbygoogle.js?client=ca-pub-4089586018074219\" crossorigin=\"anonymous\"><\/script><ins class=\"adsbygoogle\" style=\"display:block;\" data-ad-client=\"ca-pub-4089586018074219\" \ndata-ad-slot=\"2087940154\" \ndata-ad-format=\"auto\"><\/ins>\n<script> \n(adsbygoogle = window.adsbygoogle || []).push({}); \n<\/script>\n<\/div>\n<p>A ce jour, nous comptons 42 morts depuis la fameuse trag\u00e9die sur la route de Sikilo, le Dimanche 8 Janvier.<\/p>\n<div class=\"publi-apres-le-contenu\" style=\"margin-top: 10px;margin-bottom: 10px;margin-left: auto;margin-right: auto;text-align: center;\" id=\"publi-1261282542\"><div class=\"publi-adlabel\">Publicit\u00e9<\/div><script async src=\"\/\/pagead2.googlesyndication.com\/pagead\/js\/adsbygoogle.js?client=ca-pub-4089586018074219\" crossorigin=\"anonymous\"><\/script><ins class=\"adsbygoogle\" style=\"display:block;\" data-ad-client=\"ca-pub-4089586018074219\" \ndata-ad-slot=\"2087940154\" \ndata-ad-format=\"auto\"><\/ins>\n<script> \n(adsbygoogle = window.adsbygoogle || []).push({}); \n<\/script>\n<\/div>","protected":false},"excerpt":{"rendered":"<p>Le bilan de la trag\u00e9die sur la route de Kaffrine continue de s\u2019alourdir. Une autre victime vient de succomber \u00e0 ses blessures. Il s\u2019agit de Abdou Lahat L\u00f4, \u00e2g\u00e9 de 43 ans, demeurant \u00e0 V\u00e9lingara. Il est d\u00e9c\u00e9d\u00e9 ainsi ce samedi 14 janvier vers 16h30 mn \u00e0 l\u2019h\u00f4pital Dalal Jamm de Gu\u00e9diawaye o\u00f9 il avait \u00e9t\u00e9 \u00e9vacu\u00e9. A ce jour, nous comptons 42 morts depuis la fameuse trag\u00e9die sur la route de Sikilo, le Dimanche 8 Janvier.<\/p>\n","protected":false},"author":7,"featured_media":13501,"comment_status":"open","ping_status":"open","sticky":false,"template":"","format":"standard","meta":{"_jetpack_memberships_contains_paid_content":false,"footnotes":""},"categories":[375,1,1052,372],"tags":[102,492,4045,4098],"class_list":["post-13649","post","type-post","status-publish","format-standard","has-post-thumbnail","hentry","category-actualites","category-non-classe","category-transport","category-vedette","tag-accident","tag-mort","tag-sikilo","tag-tragedi","entry","has-media","owp-thumbs-layout-horizontal","owp-btn-normal","owp-tabs-layout-horizontal","has-no-thumbnails","has-product-nav"],"yoast_head":"<!-- This site is optimized with the Yoast SEO plugin v25.5 - https:\/\/yoast.com\/wordpress\/plugins\/seo\/ -->\n<title>Accident de Sikilo : le bilan s&#039;alourdit encore - LE PUBLIC<\/title>\n<meta name=\"robots\" content=\"index, follow, max-snippet:-1, max-image-preview:large, max-video-preview:-1\" \/>\n<link rel=\"canonical\" href=\"https:\/\/www.public.sn\/index.php\/2023\/01\/14\/accident-de-sikilo-le-bilan-salourdit-encore\/\" \/>\n<meta property=\"og:locale\" content=\"fr_FR\" \/>\n<meta property=\"og:type\" content=\"article\" \/>\n<meta property=\"og:title\" content=\"Accident de Sikilo : le bilan s&#039;alourdit encore - LE PUBLIC\" \/>\n<meta property=\"og:description\" content=\"Le bilan de la trag\u00e9die sur la route de Kaffrine continue de s\u2019alourdir. Une autre victime vient de succomber \u00e0 ses blessures. Il s\u2019agit de Abdou Lahat L\u00f4, \u00e2g\u00e9 de 43 ans, demeurant \u00e0 V\u00e9lingara. Il est d\u00e9c\u00e9d\u00e9 ainsi ce samedi 14 janvier vers 16h30 mn \u00e0 l\u2019h\u00f4pital Dalal Jamm de Gu\u00e9diawaye o\u00f9 il avait \u00e9t\u00e9 \u00e9vacu\u00e9. A ce jour, nous comptons 42 morts depuis la fameuse trag\u00e9die sur la route de Sikilo, le Dimanche 8 Janvier.\" \/>\n<meta property=\"og:url\" content=\"https:\/\/www.public.sn\/index.php\/2023\/01\/14\/accident-de-sikilo-le-bilan-salourdit-encore\/\" \/>\n<meta property=\"og:site_name\" content=\"LE PUBLIC\" \/>\n<meta property=\"article:published_time\" content=\"2023-01-14T19:45:03+00:00\" \/>\n<meta property=\"og:image\" content=\"https:\/\/www.public.sn\/wp-content\/uploads\/2023\/01\/Drame-de-Sikilo-Les-proprietaires-des-bus-places-en-garde-a-vue.jpg\" \/>\n\t<meta property=\"og:image:width\" content=\"664\" \/>\n\t<meta property=\"og:image:height\" content=\"372\" \/>\n\t<meta property=\"og:image:type\" content=\"image\/jpeg\" \/>\n<meta name=\"author\" content=\"LA REDACTION\" \/>\n<meta name=\"twitter:card\" content=\"summary_large_image\" \/>\n<meta name=\"twitter:label1\" content=\"\u00c9crit par\" \/>\n\t<meta name=\"twitter:data1\" content=\"LA REDACTION\" \/>\n\t<meta name=\"twitter:label2\" content=\"Dur\u00e9e de lecture estim\u00e9e\" \/>\n\t<meta name=\"twitter:data2\" content=\"1 minute\" \/>\n<script type=\"application\/ld+json\" class=\"yoast-schema-graph\">{\"@context\":\"https:\/\/schema.org\",\"@graph\":[{\"@type\":\"Article\",\"@id\":\"https:\/\/www.public.sn\/index.php\/2023\/01\/14\/accident-de-sikilo-le-bilan-salourdit-encore\/#article\",\"isPartOf\":{\"@id\":\"https:\/\/www.public.sn\/index.php\/2023\/01\/14\/accident-de-sikilo-le-bilan-salourdit-encore\/\"},\"author\":{\"name\":\"LA REDACTION\",\"@id\":\"https:\/\/www.public.sn\/#\/schema\/person\/cb76c8e1b8becc6be61fb5e92d6d0224\"},\"headline\":\"Accident de Sikilo : le bilan s&rsquo;alourdit encore\",\"datePublished\":\"2023-01-14T19:45:03+00:00\",\"mainEntityOfPage\":{\"@id\":\"https:\/\/www.public.sn\/index.php\/2023\/01\/14\/accident-de-sikilo-le-bilan-salourdit-encore\/\"},\"wordCount\":87,\"commentCount\":0,\"publisher\":{\"@id\":\"https:\/\/www.public.sn\/#organization\"},\"image\":{\"@id\":\"https:\/\/www.public.sn\/index.php\/2023\/01\/14\/accident-de-sikilo-le-bilan-salourdit-encore\/#primaryimage\"},\"thumbnailUrl\":\"https:\/\/www.public.sn\/wp-content\/uploads\/2023\/01\/Drame-de-Sikilo-Les-proprietaires-des-bus-places-en-garde-a-vue.jpg\",\"keywords\":[\"Accident\",\"Mort\",\"Sikilo\",\"trag\u00e9di\"],\"articleSection\":[\"ACTUALIT\u00c9S\",\"S\u00c9N\u00c9GAL\",\"TRANSPORT\",\"VEDETTE\"],\"inLanguage\":\"fr-FR\",\"potentialAction\":[{\"@type\":\"CommentAction\",\"name\":\"Comment\",\"target\":[\"https:\/\/www.public.sn\/index.php\/2023\/01\/14\/accident-de-sikilo-le-bilan-salourdit-encore\/#respond\"]}]},{\"@type\":\"WebPage\",\"@id\":\"https:\/\/www.public.sn\/index.php\/2023\/01\/14\/accident-de-sikilo-le-bilan-salourdit-encore\/\",\"url\":\"https:\/\/www.public.sn\/index.php\/2023\/01\/14\/accident-de-sikilo-le-bilan-salourdit-encore\/\",\"name\":\"Accident de Sikilo : le bilan s'alourdit encore - LE PUBLIC\",\"isPartOf\":{\"@id\":\"https:\/\/www.public.sn\/#website\"},\"primaryImageOfPage\":{\"@id\":\"https:\/\/www.public.sn\/index.php\/2023\/01\/14\/accident-de-sikilo-le-bilan-salourdit-encore\/#primaryimage\"},\"image\":{\"@id\":\"https:\/\/www.public.sn\/index.php\/2023\/01\/14\/accident-de-sikilo-le-bilan-salourdit-encore\/#primaryimage\"},\"thumbnailUrl\":\"https:\/\/www.public.sn\/wp-content\/uploads\/2023\/01\/Drame-de-Sikilo-Les-proprietaires-des-bus-places-en-garde-a-vue.jpg\",\"datePublished\":\"2023-01-14T19:45:03+00:00\",\"breadcrumb\":{\"@id\":\"https:\/\/www.public.sn\/index.php\/2023\/01\/14\/accident-de-sikilo-le-bilan-salourdit-encore\/#breadcrumb\"},\"inLanguage\":\"fr-FR\",\"potentialAction\":[{\"@type\":\"ReadAction\",\"target\":[\"https:\/\/www.public.sn\/index.php\/2023\/01\/14\/accident-de-sikilo-le-bilan-salourdit-encore\/\"]}]},{\"@type\":\"ImageObject\",\"inLanguage\":\"fr-FR\",\"@id\":\"https:\/\/www.public.sn\/index.php\/2023\/01\/14\/accident-de-sikilo-le-bilan-salourdit-encore\/#primaryimage\",\"url\":\"https:\/\/www.public.sn\/wp-content\/uploads\/2023\/01\/Drame-de-Sikilo-Les-proprietaires-des-bus-places-en-garde-a-vue.jpg\",\"contentUrl\":\"https:\/\/www.public.sn\/wp-content\/uploads\/2023\/01\/Drame-de-Sikilo-Les-proprietaires-des-bus-places-en-garde-a-vue.jpg\",\"width\":664,\"height\":372},{\"@type\":\"BreadcrumbList\",\"@id\":\"https:\/\/www.public.sn\/index.php\/2023\/01\/14\/accident-de-sikilo-le-bilan-salourdit-encore\/#breadcrumb\",\"itemListElement\":[{\"@type\":\"ListItem\",\"position\":1,\"name\":\"Accueil\",\"item\":\"https:\/\/www.public.sn\/\"},{\"@type\":\"ListItem\",\"position\":2,\"name\":\"Accident de Sikilo : le bilan s&rsquo;alourdit encore\"}]},{\"@type\":\"WebSite\",\"@id\":\"https:\/\/www.public.sn\/#website\",\"url\":\"https:\/\/www.public.sn\/\",\"name\":\"LE PUBLIC\",\"description\":\"\",\"publisher\":{\"@id\":\"https:\/\/www.public.sn\/#organization\"},\"potentialAction\":[{\"@type\":\"SearchAction\",\"target\":{\"@type\":\"EntryPoint\",\"urlTemplate\":\"https:\/\/www.public.sn\/?s={search_term_string}\"},\"query-input\":{\"@type\":\"PropertyValueSpecification\",\"valueRequired\":true,\"valueName\":\"search_term_string\"}}],\"inLanguage\":\"fr-FR\"},{\"@type\":\"Organization\",\"@id\":\"https:\/\/www.public.sn\/#organization\",\"name\":\"LE PUBLIC\",\"url\":\"https:\/\/www.public.sn\/\",\"logo\":{\"@type\":\"ImageObject\",\"inLanguage\":\"fr-FR\",\"@id\":\"https:\/\/www.public.sn\/#\/schema\/logo\/image\/\",\"url\":\"https:\/\/www.public.sn\/wp-content\/uploads\/2024\/05\/cropped-LOGO-PUBLIC.SN_.png\",\"contentUrl\":\"https:\/\/www.public.sn\/wp-content\/uploads\/2024\/05\/cropped-LOGO-PUBLIC.SN_.png\",\"width\":682,\"height\":192,\"caption\":\"LE PUBLIC\"},\"image\":{\"@id\":\"https:\/\/www.public.sn\/#\/schema\/logo\/image\/\"}},{\"@type\":\"Person\",\"@id\":\"https:\/\/www.public.sn\/#\/schema\/person\/cb76c8e1b8becc6be61fb5e92d6d0224\",\"name\":\"LA REDACTION\",\"image\":{\"@type\":\"ImageObject\",\"inLanguage\":\"fr-FR\",\"@id\":\"https:\/\/www.public.sn\/#\/schema\/person\/image\/\",\"url\":\"https:\/\/secure.gravatar.com\/avatar\/2dce5ddd34b8fef0180efe03aa2a9bee7d953856048f9a16b298190a3178407c?s=96&d=mm&r=g\",\"contentUrl\":\"https:\/\/secure.gravatar.com\/avatar\/2dce5ddd34b8fef0180efe03aa2a9bee7d953856048f9a16b298190a3178407c?s=96&d=mm&r=g\",\"caption\":\"LA REDACTION\"},\"url\":\"https:\/\/www.public.sn\/index.php\/author\/editeurpsn\/\"}]}<\/script>\n<!-- \/ Yoast SEO plugin. -->","yoast_head_json":{"title":"Accident de Sikilo : le bilan s'alourdit encore - LE PUBLIC","robots":{"index":"index","follow":"follow","max-snippet":"max-snippet:-1","max-image-preview":"max-image-preview:large","max-video-preview":"max-video-preview:-1"},"canonical":"https:\/\/www.public.sn\/index.php\/2023\/01\/14\/accident-de-sikilo-le-bilan-salourdit-encore\/","og_locale":"fr_FR","og_type":"article","og_title":"Accident de Sikilo : le bilan s'alourdit encore - LE PUBLIC","og_description":"Le bilan de la trag\u00e9die sur la route de Kaffrine continue de s\u2019alourdir. Une autre victime vient de succomber \u00e0 ses blessures. Il s\u2019agit de Abdou Lahat L\u00f4, \u00e2g\u00e9 de 43 ans, demeurant \u00e0 V\u00e9lingara. Il est d\u00e9c\u00e9d\u00e9 ainsi ce samedi 14 janvier vers 16h30 mn \u00e0 l\u2019h\u00f4pital Dalal Jamm de Gu\u00e9diawaye o\u00f9 il avait \u00e9t\u00e9 \u00e9vacu\u00e9. A ce jour, nous comptons 42 morts depuis la fameuse trag\u00e9die sur la route de Sikilo, le Dimanche 8 Janvier.","og_url":"https:\/\/www.public.sn\/index.php\/2023\/01\/14\/accident-de-sikilo-le-bilan-salourdit-encore\/","og_site_name":"LE PUBLIC","article_published_time":"2023-01-14T19:45:03+00:00","og_image":[{"width":664,"height":372,"url":"https:\/\/www.public.sn\/wp-content\/uploads\/2023\/01\/Drame-de-Sikilo-Les-proprietaires-des-bus-places-en-garde-a-vue.jpg","type":"image\/jpeg"}],"author":"LA REDACTION","twitter_card":"summary_large_image","twitter_misc":{"\u00c9crit par":"LA REDACTION","Dur\u00e9e de lecture estim\u00e9e":"1 minute"},"schema":{"@context":"https:\/\/schema.org","@graph":[{"@type":"Article","@id":"https:\/\/www.public.sn\/index.php\/2023\/01\/14\/accident-de-sikilo-le-bilan-salourdit-encore\/#article","isPartOf":{"@id":"https:\/\/www.public.sn\/index.php\/2023\/01\/14\/accident-de-sikilo-le-bilan-salourdit-encore\/"},"author":{"name":"LA REDACTION","@id":"https:\/\/www.public.sn\/#\/schema\/person\/cb76c8e1b8becc6be61fb5e92d6d0224"},"headline":"Accident de Sikilo : le bilan s&rsquo;alourdit encore","datePublished":"2023-01-14T19:45:03+00:00","mainEntityOfPage":{"@id":"https:\/\/www.public.sn\/index.php\/2023\/01\/14\/accident-de-sikilo-le-bilan-salourdit-encore\/"},"wordCount":87,"commentCount":0,"publisher":{"@id":"https:\/\/www.public.sn\/#organization"},"image":{"@id":"https:\/\/www.public.sn\/index.php\/2023\/01\/14\/accident-de-sikilo-le-bilan-salourdit-encore\/#primaryimage"},"thumbnailUrl":"https:\/\/www.public.sn\/wp-content\/uploads\/2023\/01\/Drame-de-Sikilo-Les-proprietaires-des-bus-places-en-garde-a-vue.jpg","keywords":["Accident","Mort","Sikilo","trag\u00e9di"],"articleSection":["ACTUALIT\u00c9S","S\u00c9N\u00c9GAL","TRANSPORT","VEDETTE"],"inLanguage":"fr-FR","potentialAction":[{"@type":"CommentAction","name":"Comment","target":["https:\/\/www.public.sn\/index.php\/2023\/01\/14\/accident-de-sikilo-le-bilan-salourdit-encore\/#respond"]}]},{"@type":"WebPage","@id":"https:\/\/www.public.sn\/index.php\/2023\/01\/14\/accident-de-sikilo-le-bilan-salourdit-encore\/","url":"https:\/\/www.public.sn\/index.php\/2023\/01\/14\/accident-de-sikilo-le-bilan-salourdit-encore\/","name":"Accident de Sikilo : le bilan s'alourdit encore - LE PUBLIC","isPartOf":{"@id":"https:\/\/www.public.sn\/#website"},"primaryImageOfPage":{"@id":"https:\/\/www.public.sn\/index.php\/2023\/01\/14\/accident-de-sikilo-le-bilan-salourdit-encore\/#primaryimage"},"image":{"@id":"https:\/\/www.public.sn\/index.php\/2023\/01\/14\/accident-de-sikilo-le-bilan-salourdit-encore\/#primaryimage"},"thumbnailUrl":"https:\/\/www.public.sn\/wp-content\/uploads\/2023\/01\/Drame-de-Sikilo-Les-proprietaires-des-bus-places-en-garde-a-vue.jpg","datePublished":"2023-01-14T19:45:03+00:00","breadcrumb":{"@id":"https:\/\/www.public.sn\/index.php\/2023\/01\/14\/accident-de-sikilo-le-bilan-salourdit-encore\/#breadcrumb"},"inLanguage":"fr-FR","potentialAction":[{"@type":"ReadAction","target":["https:\/\/www.public.sn\/index.php\/2023\/01\/14\/accident-de-sikilo-le-bilan-salourdit-encore\/"]}]},{"@type":"ImageObject","inLanguage":"fr-FR","@id":"https:\/\/www.public.sn\/index.php\/2023\/01\/14\/accident-de-sikilo-le-bilan-salourdit-encore\/#primaryimage","url":"https:\/\/www.public.sn\/wp-content\/uploads\/2023\/01\/Drame-de-Sikilo-Les-proprietaires-des-bus-places-en-garde-a-vue.jpg","contentUrl":"https:\/\/www.public.sn\/wp-content\/uploads\/2023\/01\/Drame-de-Sikilo-Les-proprietaires-des-bus-places-en-garde-a-vue.jpg","width":664,"height":372},{"@type":"BreadcrumbList","@id":"https:\/\/www.public.sn\/index.php\/2023\/01\/14\/accident-de-sikilo-le-bilan-salourdit-encore\/#breadcrumb","itemListElement":[{"@type":"ListItem","position":1,"name":"Accueil","item":"https:\/\/www.public.sn\/"},{"@type":"ListItem","position":2,"name":"Accident de Sikilo : le bilan s&rsquo;alourdit encore"}]},{"@type":"WebSite","@id":"https:\/\/www.public.sn\/#website","url":"https:\/\/www.public.sn\/","name":"LE PUBLIC","description":"","publisher":{"@id":"https:\/\/www.public.sn\/#organization"},"potentialAction":[{"@type":"SearchAction","target":{"@type":"EntryPoint","urlTemplate":"https:\/\/www.public.sn\/?s={search_term_string}"},"query-input":{"@type":"PropertyValueSpecification","valueRequired":true,"valueName":"search_term_string"}}],"inLanguage":"fr-FR"},{"@type":"Organization","@id":"https:\/\/www.public.sn\/#organization","name":"LE PUBLIC","url":"https:\/\/www.public.sn\/","logo":{"@type":"ImageObject","inLanguage":"fr-FR","@id":"https:\/\/www.public.sn\/#\/schema\/logo\/image\/","url":"https:\/\/www.public.sn\/wp-content\/uploads\/2024\/05\/cropped-LOGO-PUBLIC.SN_.png","contentUrl":"https:\/\/www.public.sn\/wp-content\/uploads\/2024\/05\/cropped-LOGO-PUBLIC.SN_.png","width":682,"height":192,"caption":"LE PUBLIC"},"image":{"@id":"https:\/\/www.public.sn\/#\/schema\/logo\/image\/"}},{"@type":"Person","@id":"https:\/\/www.public.sn\/#\/schema\/person\/cb76c8e1b8becc6be61fb5e92d6d0224","name":"LA REDACTION","image":{"@type":"ImageObject","inLanguage":"fr-FR","@id":"https:\/\/www.public.sn\/#\/schema\/person\/image\/","url":"https:\/\/secure.gravatar.com\/avatar\/2dce5ddd34b8fef0180efe03aa2a9bee7d953856048f9a16b298190a3178407c?s=96&d=mm&r=g","contentUrl":"https:\/\/secure.gravatar.com\/avatar\/2dce5ddd34b8fef0180efe03aa2a9bee7d953856048f9a16b298190a3178407c?s=96&d=mm&r=g","caption":"LA REDACTION"},"url":"https:\/\/www.public.sn\/index.php\/author\/editeurpsn\/"}]}},"jetpack_featured_media_url":"https:\/\/www.public.sn\/wp-content\/uploads\/2023\/01\/Drame-de-Sikilo-Les-proprietaires-des-bus-places-en-garde-a-vue.jpg","jetpack_sharing_enabled":true,"_links":{"self":[{"href":"https:\/\/www.public.sn\/index.php\/wp-json\/wp\/v2\/posts\/13649","targetHints":{"allow":["GET"]}}],"collection":[{"href":"https:\/\/www.public.sn\/index.php\/wp-json\/wp\/v2\/posts"}],"about":[{"href":"https:\/\/www.public.sn\/index.php\/wp-json\/wp\/v2\/types\/post"}],"author":[{"embeddable":true,"href":"https:\/\/www.public.sn\/index.php\/wp-json\/wp\/v2\/users\/7"}],"replies":[{"embeddable":true,"href":"https:\/\/www.public.sn\/index.php\/wp-json\/wp\/v2\/comments?post=13649"}],"version-history":[{"count":5,"href":"https:\/\/www.public.sn\/index.php\/wp-json\/wp\/v2\/posts\/13649\/revisions"}],"predecessor-version":[{"id":13655,"href":"https:\/\/www.public.sn\/index.php\/wp-json\/wp\/v2\/posts\/13649\/revisions\/13655"}],"wp:featuredmedia":[{"embeddable":true,"href":"https:\/\/www.public.sn\/index.php\/wp-json\/wp\/v2\/media\/13501"}],"wp:attachment":[{"href":"https:\/\/www.public.sn\/index.php\/wp-json\/wp\/v2\/media?parent=13649"}],"wp:term":[{"taxonomy":"category","embeddable":true,"href":"https:\/\/www.public.sn\/index.php\/wp-json\/wp\/v2\/categories?post=13649"},{"taxonomy":"post_tag","embeddable":true,"href":"https:\/\/www.public.sn\/index.php\/wp-json\/wp\/v2\/tags?post=13649"}],"curies":[{"name":"wp","href":"https:\/\/api.w.org\/{rel}","templated":true}]}}