{"id":13721,"date":"2023-01-16T09:36:46","date_gmt":"2023-01-16T09:36:46","guid":{"rendered":"https:\/\/www.public.sn\/?p=13721"},"modified":"2023-01-16T11:07:58","modified_gmt":"2023-01-16T11:07:58","slug":"19-morts-dans-un-accident-a-sakal-les-condoleances-du-president-macky-sall","status":"publish","type":"post","link":"https:\/\/www.public.sn\/index.php\/2023\/01\/16\/19-morts-dans-un-accident-a-sakal-les-condoleances-du-president-macky-sall\/","title":{"rendered":"19 morts dans un accident \u00e0 Sakal : les condol\u00e9ances du pr\u00e9sident Macky Sall"},"content":{"rendered":"<p><strong>Le pr\u00e9sident de la R\u00e9publique Macky Sall a pr\u00e9sent\u00e9 ses condol\u00e9ances au peuple s\u00e9n\u00e9galais, suite au tragique accident de la route survenu tr\u00e8s t\u00f4t ce matin \u00e0 Sakal, entre Louga et Saint-Louis, qui a fait 19 morts et plusieurs bless\u00e9s graves,\u00a0<\/strong><\/p><div class=\"publi-paragraphe1\" style=\"margin-top: 10px;margin-bottom: 10px;margin-left: auto;margin-right: auto;text-align: center;\" id=\"publi-3862900244\"><div class=\"publi-adlabel\">Publicit\u00e9<\/div><script async src=\"\/\/pagead2.googlesyndication.com\/pagead\/js\/adsbygoogle.js?client=ca-pub-4089586018074219\" crossorigin=\"anonymous\"><\/script><ins class=\"adsbygoogle\" style=\"display:block;\" data-ad-client=\"ca-pub-4089586018074219\" \ndata-ad-slot=\"2087940154\" \ndata-ad-format=\"auto\"><\/ins>\n<script> \n(adsbygoogle = window.adsbygoogle || []).push({}); \n<\/script>\n<\/div>\n<div class=\"oceanwp-oembed-wrap clr\">\n<blockquote class=\"twitter-tweet\" data-width=\"550\" data-dnt=\"true\">\n<p lang=\"fr\" dir=\"ltr\">Encore un autre accident mortel sur nos routes \u00e0 l\u2019entr\u00e9e de Ngeun Sarr. 19 vies humaines perdues et 24 bless\u00e9s. Cela met en \u00e9vidence la n\u00e9cessit\u00e9 de renforcer les mesures de s\u00e9curit\u00e9 routi\u00e8re. Mes condol\u00e9ances \u00e9mues aux familles \u00e9plor\u00e9es. Prompt r\u00e9tablissement aux bless\u00e9s.<\/p>\n<p>&mdash; Macky Sall (@Macky_Sall) <a href=\"https:\/\/twitter.com\/Macky_Sall\/status\/1614913024028213249?ref_src=twsrc%5Etfw\">January 16, 2023<\/a><\/p><\/blockquote>\n<p><script async src=\"https:\/\/platform.twitter.com\/widgets.js\" charset=\"utf-8\"><\/script><\/div>\n<div class=\"publi-apres-le-contenu\" style=\"margin-top: 10px;margin-bottom: 10px;margin-left: auto;margin-right: auto;text-align: center;\" id=\"publi-2702822503\"><div class=\"publi-adlabel\">Publicit\u00e9<\/div><script async src=\"\/\/pagead2.googlesyndication.com\/pagead\/js\/adsbygoogle.js?client=ca-pub-4089586018074219\" crossorigin=\"anonymous\"><\/script><ins class=\"adsbygoogle\" style=\"display:block;\" data-ad-client=\"ca-pub-4089586018074219\" \ndata-ad-slot=\"2087940154\" \ndata-ad-format=\"auto\"><\/ins>\n<script> \n(adsbygoogle = window.adsbygoogle || []).push({}); \n<\/script>\n<\/div>","protected":false},"excerpt":{"rendered":"<p>Le pr\u00e9sident de la R\u00e9publique Macky Sall a pr\u00e9sent\u00e9 ses condol\u00e9ances au peuple s\u00e9n\u00e9galais, suite au tragique accident de la route survenu tr\u00e8s t\u00f4t ce matin \u00e0 Sakal, entre Louga et Saint-Louis, qui a fait 19 morts et plusieurs bless\u00e9s graves,\u00a0 Encore un autre accident mortel sur nos routes \u00e0 l\u2019entr\u00e9e de Ngeun Sarr. 19 vies humaines perdues et 24 bless\u00e9s. Cela met en \u00e9vidence la n\u00e9cessit\u00e9 de renforcer les mesures de s\u00e9curit\u00e9 routi\u00e8re. Mes condol\u00e9ances \u00e9mues aux familles \u00e9plor\u00e9es. Prompt r\u00e9tablissement aux bless\u00e9s. &mdash; Macky Sall (@Macky_Sall) January 16, 2023<\/p>\n","protected":false},"author":1,"featured_media":5146,"comment_status":"open","ping_status":"open","sticky":false,"template":"","format":"standard","meta":{"_jetpack_memberships_contains_paid_content":false,"footnotes":""},"categories":[375,371,3,4,1052],"tags":[102,11,4110],"class_list":["post-13721","post","type-post","status-publish","format-standard","has-post-thumbnail","hentry","category-actualites","category-necrologie","category-politique","category-societe","category-transport","tag-accident","tag-macky-sall","tag-sakal","entry","has-media","owp-thumbs-layout-horizontal","owp-btn-normal","owp-tabs-layout-horizontal","has-no-thumbnails","has-product-nav"],"yoast_head":"<!-- This site is optimized with the Yoast SEO plugin v25.5 - https:\/\/yoast.com\/wordpress\/plugins\/seo\/ -->\n<title>19 morts dans un accident \u00e0 Sakal : les condol\u00e9ances du pr\u00e9sident Macky Sall - LE PUBLIC<\/title>\n<meta name=\"robots\" content=\"index, follow, max-snippet:-1, max-image-preview:large, max-video-preview:-1\" \/>\n<link rel=\"canonical\" href=\"https:\/\/www.public.sn\/index.php\/2023\/01\/16\/19-morts-dans-un-accident-a-sakal-les-condoleances-du-president-macky-sall\/\" \/>\n<meta property=\"og:locale\" content=\"fr_FR\" \/>\n<meta property=\"og:type\" content=\"article\" \/>\n<meta property=\"og:title\" content=\"19 morts dans un accident \u00e0 Sakal : les condol\u00e9ances du pr\u00e9sident Macky Sall - LE PUBLIC\" \/>\n<meta property=\"og:description\" content=\"Le pr\u00e9sident de la R\u00e9publique Macky Sall a pr\u00e9sent\u00e9 ses condol\u00e9ances au peuple s\u00e9n\u00e9galais, suite au tragique accident de la route survenu tr\u00e8s t\u00f4t ce matin \u00e0 Sakal, entre Louga et Saint-Louis, qui a fait 19 morts et plusieurs bless\u00e9s graves,\u00a0 Encore un autre accident mortel sur nos routes \u00e0 l\u2019entr\u00e9e de Ngeun Sarr. 19 vies humaines perdues et 24 bless\u00e9s. Cela met en \u00e9vidence la n\u00e9cessit\u00e9 de renforcer les mesures de s\u00e9curit\u00e9 routi\u00e8re. Mes condol\u00e9ances \u00e9mues aux familles \u00e9plor\u00e9es. Prompt r\u00e9tablissement aux bless\u00e9s. &mdash; Macky Sall (@Macky_Sall) January 16, 2023\" \/>\n<meta property=\"og:url\" content=\"https:\/\/www.public.sn\/index.php\/2023\/01\/16\/19-morts-dans-un-accident-a-sakal-les-condoleances-du-president-macky-sall\/\" \/>\n<meta property=\"og:site_name\" content=\"LE PUBLIC\" \/>\n<meta property=\"article:published_time\" content=\"2023-01-16T09:36:46+00:00\" \/>\n<meta property=\"article:modified_time\" content=\"2023-01-16T11:07:58+00:00\" \/>\n<meta property=\"og:image\" content=\"https:\/\/www.public.sn\/wp-content\/uploads\/2022\/10\/mackysall__14.jpg\" \/>\n\t<meta property=\"og:image:width\" content=\"696\" \/>\n\t<meta property=\"og:image:height\" content=\"451\" \/>\n\t<meta property=\"og:image:type\" content=\"image\/jpeg\" \/>\n<meta name=\"author\" content=\"LA REDACTION\" \/>\n<meta name=\"twitter:card\" content=\"summary_large_image\" \/>\n<meta name=\"twitter:label1\" content=\"\u00c9crit par\" \/>\n\t<meta name=\"twitter:data1\" content=\"LA REDACTION\" \/>\n\t<meta name=\"twitter:label2\" content=\"Dur\u00e9e de lecture estim\u00e9e\" \/>\n\t<meta name=\"twitter:data2\" content=\"1 minute\" \/>\n<script type=\"application\/ld+json\" class=\"yoast-schema-graph\">{\"@context\":\"https:\/\/schema.org\",\"@graph\":[{\"@type\":\"Article\",\"@id\":\"https:\/\/www.public.sn\/index.php\/2023\/01\/16\/19-morts-dans-un-accident-a-sakal-les-condoleances-du-president-macky-sall\/#article\",\"isPartOf\":{\"@id\":\"https:\/\/www.public.sn\/index.php\/2023\/01\/16\/19-morts-dans-un-accident-a-sakal-les-condoleances-du-president-macky-sall\/\"},\"author\":{\"name\":\"LA REDACTION\",\"@id\":\"https:\/\/www.public.sn\/#\/schema\/person\/e3f4a11b037d4203902db148f9bc8d5a\"},\"headline\":\"19 morts dans un accident \u00e0 Sakal : les condol\u00e9ances du pr\u00e9sident Macky Sall\",\"datePublished\":\"2023-01-16T09:36:46+00:00\",\"dateModified\":\"2023-01-16T11:07:58+00:00\",\"mainEntityOfPage\":{\"@id\":\"https:\/\/www.public.sn\/index.php\/2023\/01\/16\/19-morts-dans-un-accident-a-sakal-les-condoleances-du-president-macky-sall\/\"},\"wordCount\":74,\"commentCount\":0,\"publisher\":{\"@id\":\"https:\/\/www.public.sn\/#organization\"},\"image\":{\"@id\":\"https:\/\/www.public.sn\/index.php\/2023\/01\/16\/19-morts-dans-un-accident-a-sakal-les-condoleances-du-president-macky-sall\/#primaryimage\"},\"thumbnailUrl\":\"https:\/\/www.public.sn\/wp-content\/uploads\/2022\/10\/mackysall__14.jpg\",\"keywords\":[\"Accident\",\"Macky Sall\",\"Sakal\"],\"articleSection\":[\"ACTUALIT\u00c9S\",\"N\u00c9CROLOGIE\",\"POLITIQUE\",\"SOCIETE\",\"TRANSPORT\"],\"inLanguage\":\"fr-FR\",\"potentialAction\":[{\"@type\":\"CommentAction\",\"name\":\"Comment\",\"target\":[\"https:\/\/www.public.sn\/index.php\/2023\/01\/16\/19-morts-dans-un-accident-a-sakal-les-condoleances-du-president-macky-sall\/#respond\"]}]},{\"@type\":\"WebPage\",\"@id\":\"https:\/\/www.public.sn\/index.php\/2023\/01\/16\/19-morts-dans-un-accident-a-sakal-les-condoleances-du-president-macky-sall\/\",\"url\":\"https:\/\/www.public.sn\/index.php\/2023\/01\/16\/19-morts-dans-un-accident-a-sakal-les-condoleances-du-president-macky-sall\/\",\"name\":\"19 morts dans un accident \u00e0 Sakal : les condol\u00e9ances du pr\u00e9sident Macky Sall - LE PUBLIC\",\"isPartOf\":{\"@id\":\"https:\/\/www.public.sn\/#website\"},\"primaryImageOfPage\":{\"@id\":\"https:\/\/www.public.sn\/index.php\/2023\/01\/16\/19-morts-dans-un-accident-a-sakal-les-condoleances-du-president-macky-sall\/#primaryimage\"},\"image\":{\"@id\":\"https:\/\/www.public.sn\/index.php\/2023\/01\/16\/19-morts-dans-un-accident-a-sakal-les-condoleances-du-president-macky-sall\/#primaryimage\"},\"thumbnailUrl\":\"https:\/\/www.public.sn\/wp-content\/uploads\/2022\/10\/mackysall__14.jpg\",\"datePublished\":\"2023-01-16T09:36:46+00:00\",\"dateModified\":\"2023-01-16T11:07:58+00:00\",\"breadcrumb\":{\"@id\":\"https:\/\/www.public.sn\/index.php\/2023\/01\/16\/19-morts-dans-un-accident-a-sakal-les-condoleances-du-president-macky-sall\/#breadcrumb\"},\"inLanguage\":\"fr-FR\",\"potentialAction\":[{\"@type\":\"ReadAction\",\"target\":[\"https:\/\/www.public.sn\/index.php\/2023\/01\/16\/19-morts-dans-un-accident-a-sakal-les-condoleances-du-president-macky-sall\/\"]}]},{\"@type\":\"ImageObject\",\"inLanguage\":\"fr-FR\",\"@id\":\"https:\/\/www.public.sn\/index.php\/2023\/01\/16\/19-morts-dans-un-accident-a-sakal-les-condoleances-du-president-macky-sall\/#primaryimage\",\"url\":\"https:\/\/www.public.sn\/wp-content\/uploads\/2022\/10\/mackysall__14.jpg\",\"contentUrl\":\"https:\/\/www.public.sn\/wp-content\/uploads\/2022\/10\/mackysall__14.jpg\",\"width\":696,\"height\":451,\"caption\":\"public sn\"},{\"@type\":\"BreadcrumbList\",\"@id\":\"https:\/\/www.public.sn\/index.php\/2023\/01\/16\/19-morts-dans-un-accident-a-sakal-les-condoleances-du-president-macky-sall\/#breadcrumb\",\"itemListElement\":[{\"@type\":\"ListItem\",\"position\":1,\"name\":\"Accueil\",\"item\":\"https:\/\/www.public.sn\/\"},{\"@type\":\"ListItem\",\"position\":2,\"name\":\"19 morts dans un accident \u00e0 Sakal : les condol\u00e9ances du pr\u00e9sident Macky Sall\"}]},{\"@type\":\"WebSite\",\"@id\":\"https:\/\/www.public.sn\/#website\",\"url\":\"https:\/\/www.public.sn\/\",\"name\":\"LE PUBLIC\",\"description\":\"\",\"publisher\":{\"@id\":\"https:\/\/www.public.sn\/#organization\"},\"potentialAction\":[{\"@type\":\"SearchAction\",\"target\":{\"@type\":\"EntryPoint\",\"urlTemplate\":\"https:\/\/www.public.sn\/?s={search_term_string}\"},\"query-input\":{\"@type\":\"PropertyValueSpecification\",\"valueRequired\":true,\"valueName\":\"search_term_string\"}}],\"inLanguage\":\"fr-FR\"},{\"@type\":\"Organization\",\"@id\":\"https:\/\/www.public.sn\/#organization\",\"name\":\"LE PUBLIC\",\"url\":\"https:\/\/www.public.sn\/\",\"logo\":{\"@type\":\"ImageObject\",\"inLanguage\":\"fr-FR\",\"@id\":\"https:\/\/www.public.sn\/#\/schema\/logo\/image\/\",\"url\":\"https:\/\/www.public.sn\/wp-content\/uploads\/2024\/05\/cropped-LOGO-PUBLIC.SN_.png\",\"contentUrl\":\"https:\/\/www.public.sn\/wp-content\/uploads\/2024\/05\/cropped-LOGO-PUBLIC.SN_.png\",\"width\":682,\"height\":192,\"caption\":\"LE PUBLIC\"},\"image\":{\"@id\":\"https:\/\/www.public.sn\/#\/schema\/logo\/image\/\"}},{\"@type\":\"Person\",\"@id\":\"https:\/\/www.public.sn\/#\/schema\/person\/e3f4a11b037d4203902db148f9bc8d5a\",\"name\":\"LA REDACTION\",\"image\":{\"@type\":\"ImageObject\",\"inLanguage\":\"fr-FR\",\"@id\":\"https:\/\/www.public.sn\/#\/schema\/person\/image\/\",\"url\":\"https:\/\/secure.gravatar.com\/avatar\/d6c030db45db2883c075085c5d6c6258654a801a93766b49af0b82d4f454e2a5?s=96&d=mm&r=g\",\"contentUrl\":\"https:\/\/secure.gravatar.com\/avatar\/d6c030db45db2883c075085c5d6c6258654a801a93766b49af0b82d4f454e2a5?s=96&d=mm&r=g\",\"caption\":\"LA REDACTION\"},\"sameAs\":[\"http:\/\/www.public.sn\"],\"url\":\"https:\/\/www.public.sn\/index.php\/author\/admin7324\/\"}]}<\/script>\n<!-- \/ Yoast SEO plugin. -->","yoast_head_json":{"title":"19 morts dans un accident \u00e0 Sakal : les condol\u00e9ances du pr\u00e9sident Macky Sall - LE PUBLIC","robots":{"index":"index","follow":"follow","max-snippet":"max-snippet:-1","max-image-preview":"max-image-preview:large","max-video-preview":"max-video-preview:-1"},"canonical":"https:\/\/www.public.sn\/index.php\/2023\/01\/16\/19-morts-dans-un-accident-a-sakal-les-condoleances-du-president-macky-sall\/","og_locale":"fr_FR","og_type":"article","og_title":"19 morts dans un accident \u00e0 Sakal : les condol\u00e9ances du pr\u00e9sident Macky Sall - LE PUBLIC","og_description":"Le pr\u00e9sident de la R\u00e9publique Macky Sall a pr\u00e9sent\u00e9 ses condol\u00e9ances au peuple s\u00e9n\u00e9galais, suite au tragique accident de la route survenu tr\u00e8s t\u00f4t ce matin \u00e0 Sakal, entre Louga et Saint-Louis, qui a fait 19 morts et plusieurs bless\u00e9s graves,\u00a0 Encore un autre accident mortel sur nos routes \u00e0 l\u2019entr\u00e9e de Ngeun Sarr. 19 vies humaines perdues et 24 bless\u00e9s. Cela met en \u00e9vidence la n\u00e9cessit\u00e9 de renforcer les mesures de s\u00e9curit\u00e9 routi\u00e8re. Mes condol\u00e9ances \u00e9mues aux familles \u00e9plor\u00e9es. Prompt r\u00e9tablissement aux bless\u00e9s. &mdash; Macky Sall (@Macky_Sall) January 16, 2023","og_url":"https:\/\/www.public.sn\/index.php\/2023\/01\/16\/19-morts-dans-un-accident-a-sakal-les-condoleances-du-president-macky-sall\/","og_site_name":"LE PUBLIC","article_published_time":"2023-01-16T09:36:46+00:00","article_modified_time":"2023-01-16T11:07:58+00:00","og_image":[{"width":696,"height":451,"url":"https:\/\/www.public.sn\/wp-content\/uploads\/2022\/10\/mackysall__14.jpg","type":"image\/jpeg"}],"author":"LA REDACTION","twitter_card":"summary_large_image","twitter_misc":{"\u00c9crit par":"LA REDACTION","Dur\u00e9e de lecture estim\u00e9e":"1 minute"},"schema":{"@context":"https:\/\/schema.org","@graph":[{"@type":"Article","@id":"https:\/\/www.public.sn\/index.php\/2023\/01\/16\/19-morts-dans-un-accident-a-sakal-les-condoleances-du-president-macky-sall\/#article","isPartOf":{"@id":"https:\/\/www.public.sn\/index.php\/2023\/01\/16\/19-morts-dans-un-accident-a-sakal-les-condoleances-du-president-macky-sall\/"},"author":{"name":"LA REDACTION","@id":"https:\/\/www.public.sn\/#\/schema\/person\/e3f4a11b037d4203902db148f9bc8d5a"},"headline":"19 morts dans un accident \u00e0 Sakal : les condol\u00e9ances du pr\u00e9sident Macky Sall","datePublished":"2023-01-16T09:36:46+00:00","dateModified":"2023-01-16T11:07:58+00:00","mainEntityOfPage":{"@id":"https:\/\/www.public.sn\/index.php\/2023\/01\/16\/19-morts-dans-un-accident-a-sakal-les-condoleances-du-president-macky-sall\/"},"wordCount":74,"commentCount":0,"publisher":{"@id":"https:\/\/www.public.sn\/#organization"},"image":{"@id":"https:\/\/www.public.sn\/index.php\/2023\/01\/16\/19-morts-dans-un-accident-a-sakal-les-condoleances-du-president-macky-sall\/#primaryimage"},"thumbnailUrl":"https:\/\/www.public.sn\/wp-content\/uploads\/2022\/10\/mackysall__14.jpg","keywords":["Accident","Macky Sall","Sakal"],"articleSection":["ACTUALIT\u00c9S","N\u00c9CROLOGIE","POLITIQUE","SOCIETE","TRANSPORT"],"inLanguage":"fr-FR","potentialAction":[{"@type":"CommentAction","name":"Comment","target":["https:\/\/www.public.sn\/index.php\/2023\/01\/16\/19-morts-dans-un-accident-a-sakal-les-condoleances-du-president-macky-sall\/#respond"]}]},{"@type":"WebPage","@id":"https:\/\/www.public.sn\/index.php\/2023\/01\/16\/19-morts-dans-un-accident-a-sakal-les-condoleances-du-president-macky-sall\/","url":"https:\/\/www.public.sn\/index.php\/2023\/01\/16\/19-morts-dans-un-accident-a-sakal-les-condoleances-du-president-macky-sall\/","name":"19 morts dans un accident \u00e0 Sakal : les condol\u00e9ances du pr\u00e9sident Macky Sall - LE PUBLIC","isPartOf":{"@id":"https:\/\/www.public.sn\/#website"},"primaryImageOfPage":{"@id":"https:\/\/www.public.sn\/index.php\/2023\/01\/16\/19-morts-dans-un-accident-a-sakal-les-condoleances-du-president-macky-sall\/#primaryimage"},"image":{"@id":"https:\/\/www.public.sn\/index.php\/2023\/01\/16\/19-morts-dans-un-accident-a-sakal-les-condoleances-du-president-macky-sall\/#primaryimage"},"thumbnailUrl":"https:\/\/www.public.sn\/wp-content\/uploads\/2022\/10\/mackysall__14.jpg","datePublished":"2023-01-16T09:36:46+00:00","dateModified":"2023-01-16T11:07:58+00:00","breadcrumb":{"@id":"https:\/\/www.public.sn\/index.php\/2023\/01\/16\/19-morts-dans-un-accident-a-sakal-les-condoleances-du-president-macky-sall\/#breadcrumb"},"inLanguage":"fr-FR","potentialAction":[{"@type":"ReadAction","target":["https:\/\/www.public.sn\/index.php\/2023\/01\/16\/19-morts-dans-un-accident-a-sakal-les-condoleances-du-president-macky-sall\/"]}]},{"@type":"ImageObject","inLanguage":"fr-FR","@id":"https:\/\/www.public.sn\/index.php\/2023\/01\/16\/19-morts-dans-un-accident-a-sakal-les-condoleances-du-president-macky-sall\/#primaryimage","url":"https:\/\/www.public.sn\/wp-content\/uploads\/2022\/10\/mackysall__14.jpg","contentUrl":"https:\/\/www.public.sn\/wp-content\/uploads\/2022\/10\/mackysall__14.jpg","width":696,"height":451,"caption":"public sn"},{"@type":"BreadcrumbList","@id":"https:\/\/www.public.sn\/index.php\/2023\/01\/16\/19-morts-dans-un-accident-a-sakal-les-condoleances-du-president-macky-sall\/#breadcrumb","itemListElement":[{"@type":"ListItem","position":1,"name":"Accueil","item":"https:\/\/www.public.sn\/"},{"@type":"ListItem","position":2,"name":"19 morts dans un accident \u00e0 Sakal : les condol\u00e9ances du pr\u00e9sident Macky Sall"}]},{"@type":"WebSite","@id":"https:\/\/www.public.sn\/#website","url":"https:\/\/www.public.sn\/","name":"LE PUBLIC","description":"","publisher":{"@id":"https:\/\/www.public.sn\/#organization"},"potentialAction":[{"@type":"SearchAction","target":{"@type":"EntryPoint","urlTemplate":"https:\/\/www.public.sn\/?s={search_term_string}"},"query-input":{"@type":"PropertyValueSpecification","valueRequired":true,"valueName":"search_term_string"}}],"inLanguage":"fr-FR"},{"@type":"Organization","@id":"https:\/\/www.public.sn\/#organization","name":"LE PUBLIC","url":"https:\/\/www.public.sn\/","logo":{"@type":"ImageObject","inLanguage":"fr-FR","@id":"https:\/\/www.public.sn\/#\/schema\/logo\/image\/","url":"https:\/\/www.public.sn\/wp-content\/uploads\/2024\/05\/cropped-LOGO-PUBLIC.SN_.png","contentUrl":"https:\/\/www.public.sn\/wp-content\/uploads\/2024\/05\/cropped-LOGO-PUBLIC.SN_.png","width":682,"height":192,"caption":"LE PUBLIC"},"image":{"@id":"https:\/\/www.public.sn\/#\/schema\/logo\/image\/"}},{"@type":"Person","@id":"https:\/\/www.public.sn\/#\/schema\/person\/e3f4a11b037d4203902db148f9bc8d5a","name":"LA REDACTION","image":{"@type":"ImageObject","inLanguage":"fr-FR","@id":"https:\/\/www.public.sn\/#\/schema\/person\/image\/","url":"https:\/\/secure.gravatar.com\/avatar\/d6c030db45db2883c075085c5d6c6258654a801a93766b49af0b82d4f454e2a5?s=96&d=mm&r=g","contentUrl":"https:\/\/secure.gravatar.com\/avatar\/d6c030db45db2883c075085c5d6c6258654a801a93766b49af0b82d4f454e2a5?s=96&d=mm&r=g","caption":"LA REDACTION"},"sameAs":["http:\/\/www.public.sn"],"url":"https:\/\/www.public.sn\/index.php\/author\/admin7324\/"}]}},"jetpack_featured_media_url":"https:\/\/www.public.sn\/wp-content\/uploads\/2022\/10\/mackysall__14.jpg","jetpack_sharing_enabled":true,"_links":{"self":[{"href":"https:\/\/www.public.sn\/index.php\/wp-json\/wp\/v2\/posts\/13721","targetHints":{"allow":["GET"]}}],"collection":[{"href":"https:\/\/www.public.sn\/index.php\/wp-json\/wp\/v2\/posts"}],"about":[{"href":"https:\/\/www.public.sn\/index.php\/wp-json\/wp\/v2\/types\/post"}],"author":[{"embeddable":true,"href":"https:\/\/www.public.sn\/index.php\/wp-json\/wp\/v2\/users\/1"}],"replies":[{"embeddable":true,"href":"https:\/\/www.public.sn\/index.php\/wp-json\/wp\/v2\/comments?post=13721"}],"version-history":[{"count":2,"href":"https:\/\/www.public.sn\/index.php\/wp-json\/wp\/v2\/posts\/13721\/revisions"}],"predecessor-version":[{"id":13727,"href":"https:\/\/www.public.sn\/index.php\/wp-json\/wp\/v2\/posts\/13721\/revisions\/13727"}],"wp:featuredmedia":[{"embeddable":true,"href":"https:\/\/www.public.sn\/index.php\/wp-json\/wp\/v2\/media\/5146"}],"wp:attachment":[{"href":"https:\/\/www.public.sn\/index.php\/wp-json\/wp\/v2\/media?parent=13721"}],"wp:term":[{"taxonomy":"category","embeddable":true,"href":"https:\/\/www.public.sn\/index.php\/wp-json\/wp\/v2\/categories?post=13721"},{"taxonomy":"post_tag","embeddable":true,"href":"https:\/\/www.public.sn\/index.php\/wp-json\/wp\/v2\/tags?post=13721"}],"curies":[{"name":"wp","href":"https:\/\/api.w.org\/{rel}","templated":true}]}}