{"id":1373,"date":"2022-09-06T14:15:38","date_gmt":"2022-09-06T12:15:38","guid":{"rendered":"https:\/\/www.public.sn\/?p=1373"},"modified":"2022-09-06T14:15:39","modified_gmt":"2022-09-06T12:15:39","slug":"deces-dimam-alioune-badara-ndao-les-tristes-temoignages-de-guy-marius-sagna","status":"publish","type":"post","link":"https:\/\/www.public.sn\/index.php\/2022\/09\/06\/deces-dimam-alioune-badara-ndao-les-tristes-temoignages-de-guy-marius-sagna\/","title":{"rendered":"D\u00e9c\u00e8s d\u2019Imam Alioune Badara Ndao: Les tristes t\u00e9moignages de Guy Marius Sagna."},"content":{"rendered":"\n<p><strong>Les deux hommes se sont rencontr\u00e9s, la premi\u00e8re fois, \u00e0 la cave du tribunal de Dakar. Guy Marius Sagna qui raconte la sc\u00e8ne se souvient d\u2019avoir vu \u00ab un homme fort, courageux que r\u00e9sumait son sourire si chaleureux \u00bb.<\/strong><\/p><div class=\"publi-paragraphe1\" style=\"margin-top: 10px;margin-bottom: 10px;margin-left: auto;margin-right: auto;text-align: center;\" id=\"publi-2966417286\"><div class=\"publi-adlabel\">Publicit\u00e9<\/div><script async src=\"\/\/pagead2.googlesyndication.com\/pagead\/js\/adsbygoogle.js?client=ca-pub-4089586018074219\" crossorigin=\"anonymous\"><\/script><ins class=\"adsbygoogle\" style=\"display:block;\" data-ad-client=\"ca-pub-4089586018074219\" \ndata-ad-slot=\"2087940154\" \ndata-ad-format=\"auto\"><\/ins>\n<script> \n(adsbygoogle = window.adsbygoogle || []).push({}); \n<\/script>\n<\/div>\n\n\n\n<p>Ces traits de caract\u00e8re chez l\u2019homme, l\u2019activiste a pu s\u2019en rendre compte durant leur s\u00e9jour carc\u00e9ral. \u00ab Emprisonn\u00e9 au quartier de haute s\u00e9curit\u00e9 (QHS) de la prison du Camp p\u00e9nal, j\u2019ai encore pu voir de mes yeux le courage de Imam Ndao qui n\u2019y \u00e9tait plus et je me demandais : comment Imam Ndao a fait pour tenir si longtemps ? \u00bb se rappelle GMS.<\/p>\n\n\n\n<p>L\u2019activiste se rem\u00e9more la fois o\u00f9, \u00ab l\u2019imam lui racontait comment, en entrant \u00e0 la prison, il a cat\u00e9goriquement refus\u00e9 de se laisser d\u00e9shabiller totalement \u00bb.<\/p>\n\n\n\n<p>Guy Marus Sagna regrette la perte d\u2019un \u00ab imam anti-imp\u00e9rialiste, patriote panafricain \u00bb. Le secretaire g\u00e9n\u00e9ral du mouvement \u00ab Frapp France d\u00e9gage \u00bb consid\u00e8re que l\u2019imam Ndao \u00ab est de la trempe d\u2019un autre imam : Thierno Souleymane BAAL \u00bb.<\/p>\n<div class=\"publi-apres-le-contenu\" style=\"margin-top: 10px;margin-bottom: 10px;margin-left: auto;margin-right: auto;text-align: center;\" id=\"publi-1160498297\"><div class=\"publi-adlabel\">Publicit\u00e9<\/div><script async src=\"\/\/pagead2.googlesyndication.com\/pagead\/js\/adsbygoogle.js?client=ca-pub-4089586018074219\" crossorigin=\"anonymous\"><\/script><ins class=\"adsbygoogle\" style=\"display:block;\" data-ad-client=\"ca-pub-4089586018074219\" \ndata-ad-slot=\"2087940154\" \ndata-ad-format=\"auto\"><\/ins>\n<script> \n(adsbygoogle = window.adsbygoogle || []).push({}); \n<\/script>\n<\/div>","protected":false},"excerpt":{"rendered":"<p>Les deux hommes se sont rencontr\u00e9s, la premi\u00e8re fois, \u00e0 la cave du tribunal de Dakar. Guy Marius Sagna qui raconte la sc\u00e8ne se souvient d\u2019avoir vu \u00ab un homme fort, courageux que r\u00e9sumait son sourire si chaleureux \u00bb. Ces traits de caract\u00e8re chez l\u2019homme, l\u2019activiste a pu s\u2019en rendre compte durant leur s\u00e9jour carc\u00e9ral. \u00ab Emprisonn\u00e9 au quartier de haute s\u00e9curit\u00e9 (QHS) de la prison du Camp p\u00e9nal, j\u2019ai encore pu voir de mes yeux le courage de Imam Ndao qui n\u2019y \u00e9tait plus et je me demandais : comment Imam Ndao a fait pour tenir si longtemps ? \u00bb se rappelle GMS. L\u2019activiste se rem\u00e9more la fois o\u00f9, \u00ab l\u2019imam lui racontait comment, en entrant \u00e0 la prison, il a cat\u00e9goriquement refus\u00e9 de se laisser d\u00e9shabiller totalement \u00bb. Guy Marus Sagna regrette la perte d\u2019un \u00ab imam anti-imp\u00e9rialiste, patriote panafricain \u00bb. Le secretaire g\u00e9n\u00e9ral du mouvement \u00ab Frapp France d\u00e9gage \u00bb consid\u00e8re que l\u2019imam Ndao \u00ab est de la trempe d\u2019un autre imam : Thierno Souleymane BAAL \u00bb.<\/p>\n","protected":false},"author":1,"featured_media":1374,"comment_status":"open","ping_status":"open","sticky":false,"template":"","format":"standard","meta":{"_jetpack_memberships_contains_paid_content":false,"footnotes":""},"categories":[375,4],"tags":[593,112,592,33],"class_list":["post-1373","post","type-post","status-publish","format-standard","has-post-thumbnail","hentry","category-actualites","category-societe","tag-fann","tag-guy-marius-sagna","tag-imam-alioune-badara-ndao","tag-kaolack","entry","has-media","owp-thumbs-layout-horizontal","owp-btn-normal","owp-tabs-layout-horizontal","has-no-thumbnails","has-product-nav"],"yoast_head":"<!-- This site is optimized with the Yoast SEO plugin v25.5 - https:\/\/yoast.com\/wordpress\/plugins\/seo\/ -->\n<title>D\u00e9c\u00e8s d\u2019Imam Alioune Badara Ndao: Les tristes t\u00e9moignages de Guy Marius Sagna. - LE PUBLIC<\/title>\n<meta name=\"robots\" content=\"index, follow, max-snippet:-1, max-image-preview:large, max-video-preview:-1\" \/>\n<link rel=\"canonical\" href=\"https:\/\/www.public.sn\/index.php\/2022\/09\/06\/deces-dimam-alioune-badara-ndao-les-tristes-temoignages-de-guy-marius-sagna\/\" \/>\n<meta property=\"og:locale\" content=\"fr_FR\" \/>\n<meta property=\"og:type\" content=\"article\" \/>\n<meta property=\"og:title\" content=\"D\u00e9c\u00e8s d\u2019Imam Alioune Badara Ndao: Les tristes t\u00e9moignages de Guy Marius Sagna. - LE PUBLIC\" \/>\n<meta property=\"og:description\" content=\"Les deux hommes se sont rencontr\u00e9s, la premi\u00e8re fois, \u00e0 la cave du tribunal de Dakar. Guy Marius Sagna qui raconte la sc\u00e8ne se souvient d\u2019avoir vu \u00ab un homme fort, courageux que r\u00e9sumait son sourire si chaleureux \u00bb. Ces traits de caract\u00e8re chez l\u2019homme, l\u2019activiste a pu s\u2019en rendre compte durant leur s\u00e9jour carc\u00e9ral. \u00ab Emprisonn\u00e9 au quartier de haute s\u00e9curit\u00e9 (QHS) de la prison du Camp p\u00e9nal, j\u2019ai encore pu voir de mes yeux le courage de Imam Ndao qui n\u2019y \u00e9tait plus et je me demandais : comment Imam Ndao a fait pour tenir si longtemps ? \u00bb se rappelle GMS. L\u2019activiste se rem\u00e9more la fois o\u00f9, \u00ab l\u2019imam lui racontait comment, en entrant \u00e0 la prison, il a cat\u00e9goriquement refus\u00e9 de se laisser d\u00e9shabiller totalement \u00bb. Guy Marus Sagna regrette la perte d\u2019un \u00ab imam anti-imp\u00e9rialiste, patriote panafricain \u00bb. Le secretaire g\u00e9n\u00e9ral du mouvement \u00ab Frapp France d\u00e9gage \u00bb consid\u00e8re que l\u2019imam Ndao \u00ab est de la trempe d\u2019un autre imam : Thierno Souleymane BAAL \u00bb.\" \/>\n<meta property=\"og:url\" content=\"https:\/\/www.public.sn\/index.php\/2022\/09\/06\/deces-dimam-alioune-badara-ndao-les-tristes-temoignages-de-guy-marius-sagna\/\" \/>\n<meta property=\"og:site_name\" content=\"LE PUBLIC\" \/>\n<meta property=\"article:published_time\" content=\"2022-09-06T12:15:38+00:00\" \/>\n<meta property=\"article:modified_time\" content=\"2022-09-06T12:15:39+00:00\" \/>\n<meta property=\"og:image\" content=\"https:\/\/www.public.sn\/wp-content\/uploads\/2022\/09\/5F8C1427-556F-46EC-AD72-760BC6FA44D7.jpeg\" \/>\n\t<meta property=\"og:image:width\" content=\"769\" \/>\n\t<meta property=\"og:image:height\" content=\"427\" \/>\n\t<meta property=\"og:image:type\" content=\"image\/jpeg\" \/>\n<meta name=\"author\" content=\"LA REDACTION\" \/>\n<meta name=\"twitter:card\" content=\"summary_large_image\" \/>\n<meta name=\"twitter:label1\" content=\"\u00c9crit par\" \/>\n\t<meta name=\"twitter:data1\" content=\"LA REDACTION\" \/>\n\t<meta name=\"twitter:label2\" content=\"Dur\u00e9e de lecture estim\u00e9e\" \/>\n\t<meta name=\"twitter:data2\" content=\"1 minute\" \/>\n<script type=\"application\/ld+json\" class=\"yoast-schema-graph\">{\"@context\":\"https:\/\/schema.org\",\"@graph\":[{\"@type\":\"Article\",\"@id\":\"https:\/\/www.public.sn\/index.php\/2022\/09\/06\/deces-dimam-alioune-badara-ndao-les-tristes-temoignages-de-guy-marius-sagna\/#article\",\"isPartOf\":{\"@id\":\"https:\/\/www.public.sn\/index.php\/2022\/09\/06\/deces-dimam-alioune-badara-ndao-les-tristes-temoignages-de-guy-marius-sagna\/\"},\"author\":{\"name\":\"LA REDACTION\",\"@id\":\"https:\/\/www.public.sn\/#\/schema\/person\/e3f4a11b037d4203902db148f9bc8d5a\"},\"headline\":\"D\u00e9c\u00e8s d\u2019Imam Alioune Badara Ndao: Les tristes t\u00e9moignages de Guy Marius Sagna.\",\"datePublished\":\"2022-09-06T12:15:38+00:00\",\"dateModified\":\"2022-09-06T12:15:39+00:00\",\"mainEntityOfPage\":{\"@id\":\"https:\/\/www.public.sn\/index.php\/2022\/09\/06\/deces-dimam-alioune-badara-ndao-les-tristes-temoignages-de-guy-marius-sagna\/\"},\"wordCount\":197,\"commentCount\":0,\"publisher\":{\"@id\":\"https:\/\/www.public.sn\/#organization\"},\"image\":{\"@id\":\"https:\/\/www.public.sn\/index.php\/2022\/09\/06\/deces-dimam-alioune-badara-ndao-les-tristes-temoignages-de-guy-marius-sagna\/#primaryimage\"},\"thumbnailUrl\":\"https:\/\/www.public.sn\/wp-content\/uploads\/2022\/09\/5F8C1427-556F-46EC-AD72-760BC6FA44D7.jpeg\",\"keywords\":[\"Fann\",\"Guy Marius Sagna\",\"Imam Alioune Badara Ndao\",\"Kaolack\"],\"articleSection\":[\"ACTUALIT\u00c9S\",\"SOCIETE\"],\"inLanguage\":\"fr-FR\",\"potentialAction\":[{\"@type\":\"CommentAction\",\"name\":\"Comment\",\"target\":[\"https:\/\/www.public.sn\/index.php\/2022\/09\/06\/deces-dimam-alioune-badara-ndao-les-tristes-temoignages-de-guy-marius-sagna\/#respond\"]}]},{\"@type\":\"WebPage\",\"@id\":\"https:\/\/www.public.sn\/index.php\/2022\/09\/06\/deces-dimam-alioune-badara-ndao-les-tristes-temoignages-de-guy-marius-sagna\/\",\"url\":\"https:\/\/www.public.sn\/index.php\/2022\/09\/06\/deces-dimam-alioune-badara-ndao-les-tristes-temoignages-de-guy-marius-sagna\/\",\"name\":\"D\u00e9c\u00e8s d\u2019Imam Alioune Badara Ndao: Les tristes t\u00e9moignages de Guy Marius Sagna. - LE PUBLIC\",\"isPartOf\":{\"@id\":\"https:\/\/www.public.sn\/#website\"},\"primaryImageOfPage\":{\"@id\":\"https:\/\/www.public.sn\/index.php\/2022\/09\/06\/deces-dimam-alioune-badara-ndao-les-tristes-temoignages-de-guy-marius-sagna\/#primaryimage\"},\"image\":{\"@id\":\"https:\/\/www.public.sn\/index.php\/2022\/09\/06\/deces-dimam-alioune-badara-ndao-les-tristes-temoignages-de-guy-marius-sagna\/#primaryimage\"},\"thumbnailUrl\":\"https:\/\/www.public.sn\/wp-content\/uploads\/2022\/09\/5F8C1427-556F-46EC-AD72-760BC6FA44D7.jpeg\",\"datePublished\":\"2022-09-06T12:15:38+00:00\",\"dateModified\":\"2022-09-06T12:15:39+00:00\",\"breadcrumb\":{\"@id\":\"https:\/\/www.public.sn\/index.php\/2022\/09\/06\/deces-dimam-alioune-badara-ndao-les-tristes-temoignages-de-guy-marius-sagna\/#breadcrumb\"},\"inLanguage\":\"fr-FR\",\"potentialAction\":[{\"@type\":\"ReadAction\",\"target\":[\"https:\/\/www.public.sn\/index.php\/2022\/09\/06\/deces-dimam-alioune-badara-ndao-les-tristes-temoignages-de-guy-marius-sagna\/\"]}]},{\"@type\":\"ImageObject\",\"inLanguage\":\"fr-FR\",\"@id\":\"https:\/\/www.public.sn\/index.php\/2022\/09\/06\/deces-dimam-alioune-badara-ndao-les-tristes-temoignages-de-guy-marius-sagna\/#primaryimage\",\"url\":\"https:\/\/www.public.sn\/wp-content\/uploads\/2022\/09\/5F8C1427-556F-46EC-AD72-760BC6FA44D7.jpeg\",\"contentUrl\":\"https:\/\/www.public.sn\/wp-content\/uploads\/2022\/09\/5F8C1427-556F-46EC-AD72-760BC6FA44D7.jpeg\",\"width\":769,\"height\":427},{\"@type\":\"BreadcrumbList\",\"@id\":\"https:\/\/www.public.sn\/index.php\/2022\/09\/06\/deces-dimam-alioune-badara-ndao-les-tristes-temoignages-de-guy-marius-sagna\/#breadcrumb\",\"itemListElement\":[{\"@type\":\"ListItem\",\"position\":1,\"name\":\"Accueil\",\"item\":\"https:\/\/www.public.sn\/\"},{\"@type\":\"ListItem\",\"position\":2,\"name\":\"D\u00e9c\u00e8s d\u2019Imam Alioune Badara Ndao: Les tristes t\u00e9moignages de Guy Marius Sagna.\"}]},{\"@type\":\"WebSite\",\"@id\":\"https:\/\/www.public.sn\/#website\",\"url\":\"https:\/\/www.public.sn\/\",\"name\":\"LE PUBLIC\",\"description\":\"\",\"publisher\":{\"@id\":\"https:\/\/www.public.sn\/#organization\"},\"potentialAction\":[{\"@type\":\"SearchAction\",\"target\":{\"@type\":\"EntryPoint\",\"urlTemplate\":\"https:\/\/www.public.sn\/?s={search_term_string}\"},\"query-input\":{\"@type\":\"PropertyValueSpecification\",\"valueRequired\":true,\"valueName\":\"search_term_string\"}}],\"inLanguage\":\"fr-FR\"},{\"@type\":\"Organization\",\"@id\":\"https:\/\/www.public.sn\/#organization\",\"name\":\"LE PUBLIC\",\"url\":\"https:\/\/www.public.sn\/\",\"logo\":{\"@type\":\"ImageObject\",\"inLanguage\":\"fr-FR\",\"@id\":\"https:\/\/www.public.sn\/#\/schema\/logo\/image\/\",\"url\":\"https:\/\/www.public.sn\/wp-content\/uploads\/2024\/05\/cropped-LOGO-PUBLIC.SN_.png\",\"contentUrl\":\"https:\/\/www.public.sn\/wp-content\/uploads\/2024\/05\/cropped-LOGO-PUBLIC.SN_.png\",\"width\":682,\"height\":192,\"caption\":\"LE PUBLIC\"},\"image\":{\"@id\":\"https:\/\/www.public.sn\/#\/schema\/logo\/image\/\"}},{\"@type\":\"Person\",\"@id\":\"https:\/\/www.public.sn\/#\/schema\/person\/e3f4a11b037d4203902db148f9bc8d5a\",\"name\":\"LA REDACTION\",\"image\":{\"@type\":\"ImageObject\",\"inLanguage\":\"fr-FR\",\"@id\":\"https:\/\/www.public.sn\/#\/schema\/person\/image\/\",\"url\":\"https:\/\/secure.gravatar.com\/avatar\/d6c030db45db2883c075085c5d6c6258654a801a93766b49af0b82d4f454e2a5?s=96&d=mm&r=g\",\"contentUrl\":\"https:\/\/secure.gravatar.com\/avatar\/d6c030db45db2883c075085c5d6c6258654a801a93766b49af0b82d4f454e2a5?s=96&d=mm&r=g\",\"caption\":\"LA REDACTION\"},\"sameAs\":[\"http:\/\/www.public.sn\"],\"url\":\"https:\/\/www.public.sn\/index.php\/author\/admin7324\/\"}]}<\/script>\n<!-- \/ Yoast SEO plugin. -->","yoast_head_json":{"title":"D\u00e9c\u00e8s d\u2019Imam Alioune Badara Ndao: Les tristes t\u00e9moignages de Guy Marius Sagna. - LE PUBLIC","robots":{"index":"index","follow":"follow","max-snippet":"max-snippet:-1","max-image-preview":"max-image-preview:large","max-video-preview":"max-video-preview:-1"},"canonical":"https:\/\/www.public.sn\/index.php\/2022\/09\/06\/deces-dimam-alioune-badara-ndao-les-tristes-temoignages-de-guy-marius-sagna\/","og_locale":"fr_FR","og_type":"article","og_title":"D\u00e9c\u00e8s d\u2019Imam Alioune Badara Ndao: Les tristes t\u00e9moignages de Guy Marius Sagna. - LE PUBLIC","og_description":"Les deux hommes se sont rencontr\u00e9s, la premi\u00e8re fois, \u00e0 la cave du tribunal de Dakar. Guy Marius Sagna qui raconte la sc\u00e8ne se souvient d\u2019avoir vu \u00ab un homme fort, courageux que r\u00e9sumait son sourire si chaleureux \u00bb. Ces traits de caract\u00e8re chez l\u2019homme, l\u2019activiste a pu s\u2019en rendre compte durant leur s\u00e9jour carc\u00e9ral. \u00ab Emprisonn\u00e9 au quartier de haute s\u00e9curit\u00e9 (QHS) de la prison du Camp p\u00e9nal, j\u2019ai encore pu voir de mes yeux le courage de Imam Ndao qui n\u2019y \u00e9tait plus et je me demandais : comment Imam Ndao a fait pour tenir si longtemps ? \u00bb se rappelle GMS. L\u2019activiste se rem\u00e9more la fois o\u00f9, \u00ab l\u2019imam lui racontait comment, en entrant \u00e0 la prison, il a cat\u00e9goriquement refus\u00e9 de se laisser d\u00e9shabiller totalement \u00bb. Guy Marus Sagna regrette la perte d\u2019un \u00ab imam anti-imp\u00e9rialiste, patriote panafricain \u00bb. Le secretaire g\u00e9n\u00e9ral du mouvement \u00ab Frapp France d\u00e9gage \u00bb consid\u00e8re que l\u2019imam Ndao \u00ab est de la trempe d\u2019un autre imam : Thierno Souleymane BAAL \u00bb.","og_url":"https:\/\/www.public.sn\/index.php\/2022\/09\/06\/deces-dimam-alioune-badara-ndao-les-tristes-temoignages-de-guy-marius-sagna\/","og_site_name":"LE PUBLIC","article_published_time":"2022-09-06T12:15:38+00:00","article_modified_time":"2022-09-06T12:15:39+00:00","og_image":[{"width":769,"height":427,"url":"https:\/\/www.public.sn\/wp-content\/uploads\/2022\/09\/5F8C1427-556F-46EC-AD72-760BC6FA44D7.jpeg","type":"image\/jpeg"}],"author":"LA REDACTION","twitter_card":"summary_large_image","twitter_misc":{"\u00c9crit par":"LA REDACTION","Dur\u00e9e de lecture estim\u00e9e":"1 minute"},"schema":{"@context":"https:\/\/schema.org","@graph":[{"@type":"Article","@id":"https:\/\/www.public.sn\/index.php\/2022\/09\/06\/deces-dimam-alioune-badara-ndao-les-tristes-temoignages-de-guy-marius-sagna\/#article","isPartOf":{"@id":"https:\/\/www.public.sn\/index.php\/2022\/09\/06\/deces-dimam-alioune-badara-ndao-les-tristes-temoignages-de-guy-marius-sagna\/"},"author":{"name":"LA REDACTION","@id":"https:\/\/www.public.sn\/#\/schema\/person\/e3f4a11b037d4203902db148f9bc8d5a"},"headline":"D\u00e9c\u00e8s d\u2019Imam Alioune Badara Ndao: Les tristes t\u00e9moignages de Guy Marius Sagna.","datePublished":"2022-09-06T12:15:38+00:00","dateModified":"2022-09-06T12:15:39+00:00","mainEntityOfPage":{"@id":"https:\/\/www.public.sn\/index.php\/2022\/09\/06\/deces-dimam-alioune-badara-ndao-les-tristes-temoignages-de-guy-marius-sagna\/"},"wordCount":197,"commentCount":0,"publisher":{"@id":"https:\/\/www.public.sn\/#organization"},"image":{"@id":"https:\/\/www.public.sn\/index.php\/2022\/09\/06\/deces-dimam-alioune-badara-ndao-les-tristes-temoignages-de-guy-marius-sagna\/#primaryimage"},"thumbnailUrl":"https:\/\/www.public.sn\/wp-content\/uploads\/2022\/09\/5F8C1427-556F-46EC-AD72-760BC6FA44D7.jpeg","keywords":["Fann","Guy Marius Sagna","Imam Alioune Badara Ndao","Kaolack"],"articleSection":["ACTUALIT\u00c9S","SOCIETE"],"inLanguage":"fr-FR","potentialAction":[{"@type":"CommentAction","name":"Comment","target":["https:\/\/www.public.sn\/index.php\/2022\/09\/06\/deces-dimam-alioune-badara-ndao-les-tristes-temoignages-de-guy-marius-sagna\/#respond"]}]},{"@type":"WebPage","@id":"https:\/\/www.public.sn\/index.php\/2022\/09\/06\/deces-dimam-alioune-badara-ndao-les-tristes-temoignages-de-guy-marius-sagna\/","url":"https:\/\/www.public.sn\/index.php\/2022\/09\/06\/deces-dimam-alioune-badara-ndao-les-tristes-temoignages-de-guy-marius-sagna\/","name":"D\u00e9c\u00e8s d\u2019Imam Alioune Badara Ndao: Les tristes t\u00e9moignages de Guy Marius Sagna. - LE PUBLIC","isPartOf":{"@id":"https:\/\/www.public.sn\/#website"},"primaryImageOfPage":{"@id":"https:\/\/www.public.sn\/index.php\/2022\/09\/06\/deces-dimam-alioune-badara-ndao-les-tristes-temoignages-de-guy-marius-sagna\/#primaryimage"},"image":{"@id":"https:\/\/www.public.sn\/index.php\/2022\/09\/06\/deces-dimam-alioune-badara-ndao-les-tristes-temoignages-de-guy-marius-sagna\/#primaryimage"},"thumbnailUrl":"https:\/\/www.public.sn\/wp-content\/uploads\/2022\/09\/5F8C1427-556F-46EC-AD72-760BC6FA44D7.jpeg","datePublished":"2022-09-06T12:15:38+00:00","dateModified":"2022-09-06T12:15:39+00:00","breadcrumb":{"@id":"https:\/\/www.public.sn\/index.php\/2022\/09\/06\/deces-dimam-alioune-badara-ndao-les-tristes-temoignages-de-guy-marius-sagna\/#breadcrumb"},"inLanguage":"fr-FR","potentialAction":[{"@type":"ReadAction","target":["https:\/\/www.public.sn\/index.php\/2022\/09\/06\/deces-dimam-alioune-badara-ndao-les-tristes-temoignages-de-guy-marius-sagna\/"]}]},{"@type":"ImageObject","inLanguage":"fr-FR","@id":"https:\/\/www.public.sn\/index.php\/2022\/09\/06\/deces-dimam-alioune-badara-ndao-les-tristes-temoignages-de-guy-marius-sagna\/#primaryimage","url":"https:\/\/www.public.sn\/wp-content\/uploads\/2022\/09\/5F8C1427-556F-46EC-AD72-760BC6FA44D7.jpeg","contentUrl":"https:\/\/www.public.sn\/wp-content\/uploads\/2022\/09\/5F8C1427-556F-46EC-AD72-760BC6FA44D7.jpeg","width":769,"height":427},{"@type":"BreadcrumbList","@id":"https:\/\/www.public.sn\/index.php\/2022\/09\/06\/deces-dimam-alioune-badara-ndao-les-tristes-temoignages-de-guy-marius-sagna\/#breadcrumb","itemListElement":[{"@type":"ListItem","position":1,"name":"Accueil","item":"https:\/\/www.public.sn\/"},{"@type":"ListItem","position":2,"name":"D\u00e9c\u00e8s d\u2019Imam Alioune Badara Ndao: Les tristes t\u00e9moignages de Guy Marius Sagna."}]},{"@type":"WebSite","@id":"https:\/\/www.public.sn\/#website","url":"https:\/\/www.public.sn\/","name":"LE PUBLIC","description":"","publisher":{"@id":"https:\/\/www.public.sn\/#organization"},"potentialAction":[{"@type":"SearchAction","target":{"@type":"EntryPoint","urlTemplate":"https:\/\/www.public.sn\/?s={search_term_string}"},"query-input":{"@type":"PropertyValueSpecification","valueRequired":true,"valueName":"search_term_string"}}],"inLanguage":"fr-FR"},{"@type":"Organization","@id":"https:\/\/www.public.sn\/#organization","name":"LE PUBLIC","url":"https:\/\/www.public.sn\/","logo":{"@type":"ImageObject","inLanguage":"fr-FR","@id":"https:\/\/www.public.sn\/#\/schema\/logo\/image\/","url":"https:\/\/www.public.sn\/wp-content\/uploads\/2024\/05\/cropped-LOGO-PUBLIC.SN_.png","contentUrl":"https:\/\/www.public.sn\/wp-content\/uploads\/2024\/05\/cropped-LOGO-PUBLIC.SN_.png","width":682,"height":192,"caption":"LE PUBLIC"},"image":{"@id":"https:\/\/www.public.sn\/#\/schema\/logo\/image\/"}},{"@type":"Person","@id":"https:\/\/www.public.sn\/#\/schema\/person\/e3f4a11b037d4203902db148f9bc8d5a","name":"LA REDACTION","image":{"@type":"ImageObject","inLanguage":"fr-FR","@id":"https:\/\/www.public.sn\/#\/schema\/person\/image\/","url":"https:\/\/secure.gravatar.com\/avatar\/d6c030db45db2883c075085c5d6c6258654a801a93766b49af0b82d4f454e2a5?s=96&d=mm&r=g","contentUrl":"https:\/\/secure.gravatar.com\/avatar\/d6c030db45db2883c075085c5d6c6258654a801a93766b49af0b82d4f454e2a5?s=96&d=mm&r=g","caption":"LA REDACTION"},"sameAs":["http:\/\/www.public.sn"],"url":"https:\/\/www.public.sn\/index.php\/author\/admin7324\/"}]}},"jetpack_featured_media_url":"https:\/\/www.public.sn\/wp-content\/uploads\/2022\/09\/5F8C1427-556F-46EC-AD72-760BC6FA44D7.jpeg","jetpack_sharing_enabled":true,"_links":{"self":[{"href":"https:\/\/www.public.sn\/index.php\/wp-json\/wp\/v2\/posts\/1373","targetHints":{"allow":["GET"]}}],"collection":[{"href":"https:\/\/www.public.sn\/index.php\/wp-json\/wp\/v2\/posts"}],"about":[{"href":"https:\/\/www.public.sn\/index.php\/wp-json\/wp\/v2\/types\/post"}],"author":[{"embeddable":true,"href":"https:\/\/www.public.sn\/index.php\/wp-json\/wp\/v2\/users\/1"}],"replies":[{"embeddable":true,"href":"https:\/\/www.public.sn\/index.php\/wp-json\/wp\/v2\/comments?post=1373"}],"version-history":[{"count":1,"href":"https:\/\/www.public.sn\/index.php\/wp-json\/wp\/v2\/posts\/1373\/revisions"}],"predecessor-version":[{"id":1375,"href":"https:\/\/www.public.sn\/index.php\/wp-json\/wp\/v2\/posts\/1373\/revisions\/1375"}],"wp:featuredmedia":[{"embeddable":true,"href":"https:\/\/www.public.sn\/index.php\/wp-json\/wp\/v2\/media\/1374"}],"wp:attachment":[{"href":"https:\/\/www.public.sn\/index.php\/wp-json\/wp\/v2\/media?parent=1373"}],"wp:term":[{"taxonomy":"category","embeddable":true,"href":"https:\/\/www.public.sn\/index.php\/wp-json\/wp\/v2\/categories?post=1373"},{"taxonomy":"post_tag","embeddable":true,"href":"https:\/\/www.public.sn\/index.php\/wp-json\/wp\/v2\/tags?post=1373"}],"curies":[{"name":"wp","href":"https:\/\/api.w.org\/{rel}","templated":true}]}}